{"id":14156,"date":"2019-05-28T11:14:15","date_gmt":"2019-05-28T10:14:15","guid":{"rendered":"https:\/\/speyer24news.com\/?p=14156"},"modified":"2019-05-28T11:16:28","modified_gmt":"2019-05-28T10:16:28","slug":"musikalische-lesung-entfuehrt-in-eine-fabelhafte-welt","status":"publish","type":"post","link":"https:\/\/speyer24news.com\/?p=14156","title":{"rendered":"Musikalische Lesung entf\u00fchrt in eine \u201eFabelhafte Welt\u201c"},"content":{"rendered":"<style type=\"text\/css\">\r\n\t.ads_top_disp{}\r\n\t.ads_top_corner_disp{ float:left; margin:0px 10px 10px 0px; }\r\n\t.ads_first_p_disp{}\r\n\t.ads_bottom_disp{}\r\n\t<\/style>\n<div class=\"wp-block-image\"><figure class=\"aligncenter\"><img decoding=\"async\" loading=\"lazy\" width=\"800\" height=\"600\" src=\"https:\/\/speyer24news.com\/wp-content\/uploads\/2019\/05\/DSC02680-1.jpg\" alt=\"\" class=\"wp-image-14157\" srcset=\"https:\/\/speyer24news.com\/wp-content\/uploads\/2019\/05\/DSC02680-1.jpg 800w, https:\/\/speyer24news.com\/wp-content\/uploads\/2019\/05\/DSC02680-1-300x225.jpg 300w, https:\/\/speyer24news.com\/wp-content\/uploads\/2019\/05\/DSC02680-1-768x576.jpg 768w, https:\/\/speyer24news.com\/wp-content\/uploads\/2019\/05\/DSC02680-1-678x509.jpg 678w, https:\/\/speyer24news.com\/wp-content\/uploads\/2019\/05\/DSC02680-1-326x245.jpg 326w, https:\/\/speyer24news.com\/wp-content\/uploads\/2019\/05\/DSC02680-1-80x60.jpg 80w\" sizes=\"(max-width: 800px) 100vw, 800px\" \/><\/figure><\/div>\n\n\n\n<p><strong>Speyer \/ Adenauer Park &#8211; <\/strong>Am <strong>Mittwoch, dem 29. Mai 2019<\/strong> um 19.30 Uhr entf\u00fchren Matthias Folz (Sprecher), Norbert Gamm (Blockfl\u00f6te) und Andrea C. Bauer (Laute) in eine \u201e<strong>Fabelhafte Welt<\/strong>\u201c. Die perfekte Kulisse f\u00fcr die musikalische Lesung mit Fabeln von Jean de La Fontaine (1621-1695) und franz\u00f6sischer Barockmusik bietet die <strong>Gotische Kapelle im Adenauerpark<\/strong>.<\/p>\n\n\n\n<p>Im Jahr 1668, also vor 350 Jahren, ver\u00f6ffentlichte  der franz\u00f6sische Autor Jean de La Fontaine seinen ersten Band mit  Fabeln, dem im Laufe der Jahre noch 11 weitere B\u00e4nde folgen sollten. Mit  seinen Geschichten von der Grille und der Ameise  oder dem Raben und dem Fuchs wurde er zu einem der gro\u00dfen Klassiker der  franz\u00f6sischen Literatur. Dabei handelt es sich bei den Fabeln  keineswegs um Literatur f\u00fcr Kinder. In den in einem leichten, ironischen  Ton verfassten Texten spiegelt sich die Welt der  franz\u00f6sischen Gesellschaft zur Zeit Ludwigs XIV. Es spricht hier ein  gro\u00dfer Moralist, der menschliche Schw\u00e4chen auf humorvolle Weise mit den  Mitteln der Fabel aufzudecken wei\u00df.<\/p>\n\n\n\n<p>Musik spielte im Leben Ludwigs XIV eine  herausragende Rolle. Mit aller gebotenen Vorsicht im Urteil \u00fcber  M\u00e4chtige darf man ihm echte Leidenschaft f\u00fcr die K\u00fcnste und vor allem  f\u00fcr Musik und Tanz unterstellen, war er doch von fr\u00fcher Jugend  an ein begeisterter T\u00e4nzer. Jean Baptiste Lully, von Geburt \u00fcbrigens  Italiener, formte im Auftrag des K\u00f6nigs einen franz\u00f6sischen  Nationalstil, der die europ\u00e4ische Musikgeschichte bis weit ins 18.  Jahrhundert hinein nachhaltig beeinflusste.<\/p>\n\n\n\n<div class=\"wp-block-image\"><figure class=\"aligncenter\"><img decoding=\"async\" loading=\"lazy\" width=\"800\" height=\"600\" src=\"https:\/\/speyer24news.com\/wp-content\/uploads\/2019\/05\/DSC02689-1.jpg\" alt=\"\" class=\"wp-image-14158\" srcset=\"https:\/\/speyer24news.com\/wp-content\/uploads\/2019\/05\/DSC02689-1.jpg 800w, https:\/\/speyer24news.com\/wp-content\/uploads\/2019\/05\/DSC02689-1-300x225.jpg 300w, https:\/\/speyer24news.com\/wp-content\/uploads\/2019\/05\/DSC02689-1-768x576.jpg 768w, https:\/\/speyer24news.com\/wp-content\/uploads\/2019\/05\/DSC02689-1-678x509.jpg 678w, https:\/\/speyer24news.com\/wp-content\/uploads\/2019\/05\/DSC02689-1-326x245.jpg 326w, https:\/\/speyer24news.com\/wp-content\/uploads\/2019\/05\/DSC02689-1-80x60.jpg 80w\" sizes=\"(max-width: 800px) 100vw, 800px\" \/><\/figure><\/div>\n\n\n\n<p>F\u00fcr dieses Programm w\u00e4hlte das Ensemble  Instrumentalmusik aus Opern und Balletten, sowie aus den gegen Ende des  Jahrhunderts zahlreich erscheinenden Kammermusiksammlungen f\u00fcr Fl\u00f6te und  Basso continuo aus. Zu h\u00f6ren sind Werke von Lully,  Delalande, Philidor, Couperin u.a.<\/p>\n\n\n\n<p>Matthias Folz studierte Germanistik und P\u00e4dagogik \nan der Johannes Gutenberg-Universit\u00e4t in Mainz. Nach \u201eLehr- und \nWanderjahren\u201c als Schauspieler und Clown gr\u00fcndete er 1990 das Kinder- \nund Jugendtheater in Speyer. Seitdem konnte er als Leiter\n und Regisseur \u00fcber 100 Produktionen auf die B\u00fchne bringen. Als \nSprecher, Geschichtenerz\u00e4hler, Moderator, Schauspieler und Regisseur die\n Grenzen zwischen Theater, Musik und Literatur zu \u00fcberschreiten, ist von\n Anfang an eine Motivation seiner Arbeit.<\/p>\n\n\n\n<p>Norbert Gamm studierte Blockfl\u00f6te an der  Folkwang-Hochschule Essen\/Duisburg bei Prof. Gudrun Heyens. Weitere  wesentliche Impulse erhielt er durch Besuche von Meisterkursen, u.a. bei  Prof. Baldrick Deerenberg (Amsterdam). Neben seiner  Unterrichtst\u00e4tigkeit  an der Musik- und Kunstschule Bruchsal, \u00fcbt er eine regelm\u00e4\u00dfige  Konzertt\u00e4tigkeit in verschiedenen Ensembles f\u00fcr Alte Musik aus (Trio  Vinci, La petite Musique de Chambre u.a.).<\/p>\n\n\n\n<div class=\"wp-block-image\"><figure class=\"aligncenter\"><img decoding=\"async\" loading=\"lazy\" width=\"800\" height=\"533\" src=\"https:\/\/speyer24news.com\/wp-content\/uploads\/2019\/05\/Ensemble_Fabelhafte-Welt-\u00a9-Kai-Auffenfeld.jpg\" alt=\"\" class=\"wp-image-14159\" srcset=\"https:\/\/speyer24news.com\/wp-content\/uploads\/2019\/05\/Ensemble_Fabelhafte-Welt-\u00a9-Kai-Auffenfeld.jpg 800w, https:\/\/speyer24news.com\/wp-content\/uploads\/2019\/05\/Ensemble_Fabelhafte-Welt-\u00a9-Kai-Auffenfeld-300x200.jpg 300w, https:\/\/speyer24news.com\/wp-content\/uploads\/2019\/05\/Ensemble_Fabelhafte-Welt-\u00a9-Kai-Auffenfeld-768x512.jpg 768w\" sizes=\"(max-width: 800px) 100vw, 800px\" \/><figcaption>Ensemble Fabelhafte Welt \u00a9 Kai Auffenfeld<\/figcaption><\/figure><\/div>\n\n\n\n<p>Andrea C. Baur studierte Lauteninstrumente und \nBlockfl\u00f6te an der W\u00fcrzburger Musikhochschule, sowie am Institut f\u00fcr Alte\n Musik, Trossingen. Sie tritt europaweit in Konzerten und \nOpernproduktionen als Solistin und Begleiterin auf. Sie spielt\n in verschiedenen Kammermusikensembles und ist bei zahlreichen Rundfunk-\n und CD-Aufnahmen zu h\u00f6ren.<\/p>\n\n\n\n<p>Tickets zum Preis von 12 Euro (erm\u00e4\u00dfigt 8 Euro)  sind im Vorverkauf bei der Tourist-Information Speyer, Maximilianstra\u00dfe  13, Tel. 06232 \/ 14 2392, an allen anderen Reservix-Vorverkaufsstellen  sowie online unter <a rel=\"noreferrer noopener\" href=\"https:\/\/deref-web-02.de\/mail\/client\/mpV4lRMxscE\/dereferrer\/?redirectUrl=http%3A%2F%2Fwww.reservix.de\" target=\"_blank\">www.reservix.de<\/a> oder an der Abendkasse erh\u00e4ltlich. <\/p>\n\n\n\n<p><em>Text: Stadt Speyer \/ Kulturb\u00fcro Foto: &#8220; Ensemble Fabelhafte Welt&#8220; Kai Auffenfeld; &#8222;Adenauer Park Kapelle&#8220; Speyer 24\/7 News, dak<br>28.05.2019<\/em><\/p>\n","protected":false},"excerpt":{"rendered":"<div class=\"mh-excerpt\"><p>Speyer \/ Adenauer Park &#8211; Am Mittwoch, dem 29. Mai 2019 um 19.30 Uhr entf\u00fchren Matthias Folz (Sprecher), Norbert Gamm (Blockfl\u00f6te) und Andrea C. Bauer (Laute) in eine \u201eFabelhafte Welt\u201c. Die perfekte Kulisse f\u00fcr die <a class=\"mh-excerpt-more\" href=\"https:\/\/speyer24news.com\/?p=14156\" title=\"Musikalische Lesung entf\u00fchrt in eine \u201eFabelhafte Welt\u201c\">[&#8230;]<\/a><\/p>\n<\/div>","protected":false},"author":3,"featured_media":0,"comment_status":"open","ping_status":"open","sticky":false,"template":"","format":"standard","meta":{"_monsterinsights_skip_tracking":false,"_monsterinsights_sitenote_active":false,"_monsterinsights_sitenote_note":"","_monsterinsights_sitenote_category":0,"footnotes":""},"categories":[14],"tags":[1269,1274,1271,1272,1270,1273,6],"aioseo_notices":[],"amp_enabled":true,"_links":{"self":[{"href":"https:\/\/speyer24news.com\/index.php?rest_route=\/wp\/v2\/posts\/14156"}],"collection":[{"href":"https:\/\/speyer24news.com\/index.php?rest_route=\/wp\/v2\/posts"}],"about":[{"href":"https:\/\/speyer24news.com\/index.php?rest_route=\/wp\/v2\/types\/post"}],"author":[{"embeddable":true,"href":"https:\/\/speyer24news.com\/index.php?rest_route=\/wp\/v2\/users\/3"}],"replies":[{"embeddable":true,"href":"https:\/\/speyer24news.com\/index.php?rest_route=%2Fwp%2Fv2%2Fcomments&post=14156"}],"version-history":[{"count":2,"href":"https:\/\/speyer24news.com\/index.php?rest_route=\/wp\/v2\/posts\/14156\/revisions"}],"predecessor-version":[{"id":14161,"href":"https:\/\/speyer24news.com\/index.php?rest_route=\/wp\/v2\/posts\/14156\/revisions\/14161"}],"wp:attachment":[{"href":"https:\/\/speyer24news.com\/index.php?rest_route=%2Fwp%2Fv2%2Fmedia&parent=14156"}],"wp:term":[{"taxonomy":"category","embeddable":true,"href":"https:\/\/speyer24news.com\/index.php?rest_route=%2Fwp%2Fv2%2Fcategories&post=14156"},{"taxonomy":"post_tag","embeddable":true,"href":"https:\/\/speyer24news.com\/index.php?rest_route=%2Fwp%2Fv2%2Ftags&post=14156"}],"curies":[{"name":"wp","href":"https:\/\/api.w.org\/{rel}","templated":true}]}}