{"id":14162,"date":"2019-05-28T12:02:28","date_gmt":"2019-05-28T11:02:28","guid":{"rendered":"https:\/\/speyer24news.com\/?p=14162"},"modified":"2019-05-28T12:33:21","modified_gmt":"2019-05-28T11:33:21","slug":"city-beach-festival-landau-vom-27-juni-29-juni-2019","status":"publish","type":"post","link":"https:\/\/speyer24news.com\/?p=14162","title":{"rendered":"City Beach-Festival Landau &#8211; Vom 27.Juni &#8211; 29.Juni 2019"},"content":{"rendered":"<style type=\"text\/css\">\r\n\t.ads_top_disp{}\r\n\t.ads_top_corner_disp{ float:left; margin:0px 10px 10px 0px; }\r\n\t.ads_first_p_disp{}\r\n\t.ads_bottom_disp{}\r\n\t<\/style>\n<h2 class=\"wp-block-heading\">Mit Karibik-Feeling in den Feierabend bei der gr\u00f6\u00dften After Work Beach Party in der Pfalz<\/h2>\n\n\n\n<h3 class=\"wp-block-heading\">Mehrere hundert Tonnen Sand, zahlreiche Palmen und gem\u00fctliche Loungem\u00f6bel sorgen bei der gr\u00f6\u00dften After Work Beach Party f\u00fcr ein einzigartiges Ambiente im karibischen Stil. Die Besucher k\u00f6nnen mit den F\u00fc\u00dfen im Sand den Kl\u00e4ngen exklusiver, ausgew\u00e4hlter DJ\u2019s lauschen, verschiedene Cocktails genie\u00dfen und gemeinsam mit Freunden und Kollegen den Abend ausklingen lassen.<\/h3>\n\n\n\n<div class=\"wp-block-image\"><figure class=\"aligncenter\"><img decoding=\"async\" loading=\"lazy\" width=\"800\" height=\"533\" src=\"https:\/\/speyer24news.com\/wp-content\/uploads\/2019\/05\/Afterwork.jpg\" alt=\"\" class=\"wp-image-14167\" srcset=\"https:\/\/speyer24news.com\/wp-content\/uploads\/2019\/05\/Afterwork.jpg 800w, https:\/\/speyer24news.com\/wp-content\/uploads\/2019\/05\/Afterwork-300x200.jpg 300w, https:\/\/speyer24news.com\/wp-content\/uploads\/2019\/05\/Afterwork-768x512.jpg 768w\" sizes=\"(max-width: 800px) 100vw, 800px\" \/><\/figure><\/div>\n\n\n\n<p><strong>Landau &#8211; <\/strong>Mit der gr\u00f6\u00dften After Work Beach Party in der Pfalz f\u00e4llt am <strong>Donnerstag, 27. Juni 2019<\/strong>, der Startschuss f\u00fcr das dreit\u00e4gige City Beach-Festival in Landau. Die Besucher k\u00f6nnen ab 17 Uhr entspannt den Abend ausklingen lassen, netzwerken und die Abendsonne bei einem Cocktail genie\u00dfen. Wer m\u00f6chte, kann zur Musik von DJ Ronny tanzen. \u201eWir sehen die After Work Beach Party als tolle Erg\u00e4nzung zur Afterwork-Reihe der VR Bank S\u00fcdpfalz an der Vinothek PAR-TERRE\u201c, erkl\u00e4rt Timo Gerach, Gesch\u00e4ftsf\u00fchrer der Eventschmiede Gerach. \u201eDie Veranstaltungsreihe auf dem VR Bank S\u00fcdpfalz City Beach mit der After Work Beach Party als Auftaktveranstaltung ist in dieser Form einzigartig f\u00fcr Rheinland-Pfalz.\u201c Und wer nach der Arbeit hungrig ist, kann sich unter anderem frische Flammkuchen schmecken lassen. <\/p>\n\n\n\n<p><strong>Weitere Informationen unter: <\/strong><a href=\"http:\/\/www.eventschmiede-gerach.de\"><strong>www.eventschmiede-gerach.de<\/strong><\/a><\/p>\n\n\n\n<div class=\"wp-block-image\"><figure class=\"aligncenter\"><img decoding=\"async\" loading=\"lazy\" width=\"800\" height=\"439\" src=\"https:\/\/speyer24news.com\/wp-content\/uploads\/2019\/05\/After-Work-Beach-Party-LD.png\" alt=\"\" class=\"wp-image-14168\" srcset=\"https:\/\/speyer24news.com\/wp-content\/uploads\/2019\/05\/After-Work-Beach-Party-LD.png 800w, https:\/\/speyer24news.com\/wp-content\/uploads\/2019\/05\/After-Work-Beach-Party-LD-300x165.png 300w, https:\/\/speyer24news.com\/wp-content\/uploads\/2019\/05\/After-Work-Beach-Party-LD-768x421.png 768w\" sizes=\"(max-width: 800px) 100vw, 800px\" \/><\/figure><\/div>\n\n\n\n<h4 class=\"wp-block-heading\">\u00dcber das City Beach-Festival Landau <\/h4>\n\n\n\n<p>In diesem Jahr findet das City Beach-Festival zum ersten Mal statt. Den Auftakt bildet die <strong>After Work Beach Party<\/strong> am <strong>Donnerstag, 27. Juni<\/strong>. Beim <strong>Tropical Beach Festival<\/strong> am <strong>Freitag, 28. Juni<\/strong>, kommen Fans angesagter DJs auf Ihre Kosten. Neben bekannten nationalen K\u00fcnstlern sind auch internationale Topacts wie Alle Farben und Hugel vertreten. Mit dem La Fiesta-Festival endet die dreit\u00e4tige Veranstaltungsreihe mit absoluten Hochkar\u00e4tern der Schlagerparty-Szene. Mit dabei sind unter anderem Mickie Krause, Mia Julia und Peter Wackel. <\/p>\n\n\n\n<h2 class=\"wp-block-heading\">Pure Lebensfreunde und entspannte Leichtigkeit beim Tropical Beach Festival Landau<\/h2>\n\n\n\n<h3 class=\"wp-block-heading\">Das gr\u00f6\u00dfte House &amp; Electro Beach-Festival in der Pfalz kommt am Freitag, 28. Juni 2019, nach Landau auf den VR Bank S\u00fcdpfalz City Beach am Neuen Messplatz. Die mehr als 5.000 Besucher erwarten angesagte K\u00fcnstler der House &amp; Electro Szene bei einzigartigem Strandfeeling.<\/h3>\n\n\n\n<div class=\"wp-block-image\"><figure class=\"aligncenter\"><img decoding=\"async\" loading=\"lazy\" width=\"500\" height=\"575\" src=\"https:\/\/speyer24news.com\/wp-content\/uploads\/2019\/05\/Tropical-Beach.jpg\" alt=\"\" class=\"wp-image-14169\" srcset=\"https:\/\/speyer24news.com\/wp-content\/uploads\/2019\/05\/Tropical-Beach.jpg 500w, https:\/\/speyer24news.com\/wp-content\/uploads\/2019\/05\/Tropical-Beach-261x300.jpg 261w\" sizes=\"(max-width: 500px) 100vw, 500px\" \/><\/figure><\/div>\n\n\n\n<p><strong>Landau &#8211; <\/strong>Sonne, Strand und coole Kl\u00e4nge \u2013 unter diesem Motto steht das <strong>Tropical Beach Festival<\/strong> in Landau, das von der Eventschmiede Gerach GmbH organisiert wird. Die exklusive Veranstaltung findet am <strong>Freitag, 28. Juni 2019<\/strong>, ab 15 Uhr auf dem Neuen Messplatz statt. Mit dabei sind einige der angesagtesten deutschen DJs wie Gest\u00f6rt aber Geil, Luca Schreiner und Steve Norten, die den Feiernden einheizen. Als besonderes Highlight werden die internationalen Topacts Alle Farben, Hugel und EDX auflegen. F\u00fcr Urlaubsstimmung sorgen mehrere hundert Tonnen Sand, zahlreiche Palmen, gem\u00fctliche Loungem\u00f6bel und leckere Cocktails. \u201eIch freue mich, dass ich dieses Event hier in meine Heimat bringen darf und bin gespannt, wie die Landauer das Tropical Beach Festival annehmen\u201c, sagt Timo Gerach, Gesch\u00e4ftsf\u00fchrer der Eventschmiede Gerach. \u201eMein Ziel ist es immer, den Menschen ein Erlebnis zu bieten, dass es so bisher noch nie gab und an das sie sich immer gerne zur\u00fcckerinnern.\u201c Komplettiert wird die Veranstaltung von dem Pf\u00e4lzer K\u00fcnstler DJ Olde, der sich als geb\u00fcrtiger Schifferstadter der Region besonders verbunden f\u00fchlt. Zudem genie\u00dft er durch seine Arbeit bei bigFM unter Musik-Fans gro\u00dfe Bekannt- und Beliebtheit und wird die Feiernden als Moderator durch den Nachmittag und Abend f\u00fchren.<\/p>\n\n\n\n<div class=\"wp-block-image\"><figure class=\"aligncenter\"><img decoding=\"async\" loading=\"lazy\" width=\"800\" height=\"533\" src=\"https:\/\/speyer24news.com\/wp-content\/uploads\/2019\/05\/Foto_Pressekonferenz_Eventschmiede-Gerach_1-min.jpg\" alt=\"\" class=\"wp-image-14170\" srcset=\"https:\/\/speyer24news.com\/wp-content\/uploads\/2019\/05\/Foto_Pressekonferenz_Eventschmiede-Gerach_1-min.jpg 800w, https:\/\/speyer24news.com\/wp-content\/uploads\/2019\/05\/Foto_Pressekonferenz_Eventschmiede-Gerach_1-min-300x200.jpg 300w, https:\/\/speyer24news.com\/wp-content\/uploads\/2019\/05\/Foto_Pressekonferenz_Eventschmiede-Gerach_1-min-768x512.jpg 768w\" sizes=\"(max-width: 800px) 100vw, 800px\" \/><figcaption>v.l.:  Jannis Schreiner alias DJ Olde, Timo Gerach (Veranstalter), Franz M\u00fcller  (Gesch\u00e4ftsf\u00fchrer B\u00fcro f\u00fcr Tourismus Landau) sowie Partyschlager-S\u00e4nger Markus Becker bei der Pressekonferenz<\/figcaption><\/figure><\/div>\n\n\n\n<h4 class=\"wp-block-heading\">Hintergr\u00fcnde zu den Tropical Festivals<\/h4>\n\n\n\n<p>In diesem Jahr findet Anfang Juni das Tropical Mountain Festival bereits zum dritten Mal im Saarland statt. Organisiert wird die Veranstaltung von der Alm Event Gastro GmbH in Schiffweiler. Im Austausch zwischen Tom Schwarz, dem Gesch\u00e4ftsf\u00fchrer des Saarl\u00e4nder Veranstalters, und Timo Gerach wuchs die Idee, das Festival auch ins Rheinland-Pf\u00e4lzische Landau zu transportieren und hier als festes SommerEvent zu etablieren. <\/p>\n\n\n\n<p><strong>Weitere Informationen unter <\/strong><a href=\"http:\/\/www.tropical-festival.de\"><strong>www.tropical-festival.de<\/strong><\/a><strong>. <\/strong><\/p>\n\n\n\n<figure class=\"wp-block-embed-youtube wp-block-embed is-type-video is-provider-youtube wp-embed-aspect-16-9 wp-has-aspect-ratio\"><div class=\"wp-block-embed__wrapper\">\n<iframe loading=\"lazy\" title=\"Official Trailer Tropical Beach 2019 - Landau\" width=\"500\" height=\"281\" src=\"https:\/\/www.youtube.com\/embed\/X3jp0IMCjMQ?feature=oembed\" frameborder=\"0\" allow=\"accelerometer; autoplay; encrypted-media; gyroscope; picture-in-picture\" allowfullscreen><\/iframe>\n<\/div><\/figure>\n\n\n\n<h2 class=\"wp-block-heading\">Die Topstars der Partyschlagerszene feiern mit den Landauern den Sommer, die Musik und das Leben<\/h2>\n\n\n\n<h3 class=\"wp-block-heading\">Das beliebte Partyschlager-Pop-Festival in der Pfalz ist zur\u00fcck. Top Stars der Partyschlagerszene wie Mickie Krause, Peter Wackel und Mia Julia sorgen auf dem gr\u00f6\u00dften City Beach-Festival in Rheinland-Pfalz am Samstag, 29. Juni 2019, auf dem VR Bank S\u00fcdpfalz City Beach am Neuen Messplatz f\u00fcr gute Laune.<\/h3>\n\n\n\n<div class=\"wp-block-image\"><figure class=\"aligncenter\"><img decoding=\"async\" loading=\"lazy\" width=\"800\" height=\"533\" src=\"https:\/\/speyer24news.com\/wp-content\/uploads\/2019\/05\/Foto_Pressekonferenz_Eventschmiede-Gerach_2-min.jpg\" alt=\"\" class=\"wp-image-14171\" srcset=\"https:\/\/speyer24news.com\/wp-content\/uploads\/2019\/05\/Foto_Pressekonferenz_Eventschmiede-Gerach_2-min.jpg 800w, https:\/\/speyer24news.com\/wp-content\/uploads\/2019\/05\/Foto_Pressekonferenz_Eventschmiede-Gerach_2-min-300x200.jpg 300w, https:\/\/speyer24news.com\/wp-content\/uploads\/2019\/05\/Foto_Pressekonferenz_Eventschmiede-Gerach_2-min-768x512.jpg 768w\" sizes=\"(max-width: 800px) 100vw, 800px\" \/><figcaption> v.l.:  Jannis Schreiner alias DJ Olde, Timo Gerach (Veranstalter), Franz  M\u00fcller  (Gesch\u00e4ftsf\u00fchrer B\u00fcro f\u00fcr Tourismus Landau) sowie  Partyschlager-S\u00e4nger Markus Becker bei der Pressekonferenz<\/figcaption><\/figure><\/div>\n\n\n\n<p><strong>Landau &#8211; <\/strong>6.500 Besucher, elf Stunden und ein Gef\u00fchl von spanischer Insel stehen f\u00fcr das diesj\u00e4hrige \u201e<strong>La Fiesta \u2013 das Original in der Pfalz<\/strong>\u201c. Das Kult-Festival mit Beachfeeling findet am <strong>Samstag, 29. Juni 2019<\/strong>, im Rahmen des <strong>City Beach-Festivals<\/strong> in Landau auf dem VR Bank S\u00fcdpfalz City Beach statt, Einlass ist ab 12.30 Uhr. Die Partyschlagerstars Mickie Krause, Peter Wackel, Roberto Blanco, Mia Julia, Markus Becker, Marry, Die Atzen und Achim Petry heizen in diesem Jahr den Feiernden kr\u00e4ftig ein. F\u00fcr Urlaubsstimmung sorgen mehrere hundert Tonnen Sand, zahlreiche Palmen, gem\u00fctliche Loungem\u00f6bel und leckere Cocktails sowie Sangria. Organisiert wird das Partyschlager-Pop-Festival auch 2019 von der Eventschmiede Gerach. \u201eIch freue mich sehr, den Landauern in diesem Jahr noch mehr Schlagerprominenz der Partyszene zu pr\u00e4sentieren\u201c, so Timo Gerach, Gesch\u00e4ftsf\u00fchrer der Eventschmiede Gerach. \u201eOberstes Ziel ist es f\u00fcr mich, die Besucher von Jahr zu Jahr mit Neuem und Spektakul\u00e4rem zu \u00fcberraschen. Daf\u00fcr lasse ich mir immer wieder etwas Besonderes einfallen. So haben wir beispielsweise in diesem Jahr verschiedene Ticketarten eingef\u00fchrt, n\u00e4mlich Standard, Premium und VIP.\u201c Au\u00dferdem gibt es eine gro\u00dfe LED-Wall mit zus\u00e4tzlichen Screens sowie eine ausgefeilte Pyroshow.<\/p>\n\n\n\n<div class=\"wp-block-image\"><figure class=\"aligncenter\"><img decoding=\"async\" loading=\"lazy\" width=\"500\" height=\"582\" src=\"https:\/\/speyer24news.com\/wp-content\/uploads\/2019\/05\/La-Fiesta.jpg\" alt=\"\" class=\"wp-image-14172\" srcset=\"https:\/\/speyer24news.com\/wp-content\/uploads\/2019\/05\/La-Fiesta.jpg 500w, https:\/\/speyer24news.com\/wp-content\/uploads\/2019\/05\/La-Fiesta-258x300.jpg 258w\" sizes=\"(max-width: 500px) 100vw, 500px\" \/><\/figure><\/div>\n\n\n\n<h4 class=\"wp-block-heading\">\u201eLa Fiesta \u2013 das Original in der Pfalz\u201c \u2013 Schlagerstars im Herzen der S\u00fcdpfalz<\/h4>\n\n\n\n<p>Zum zweiten Mal findet 2019 das Partyschlager-Pop-Festival \u201eLa Fiesta\u201c in Landau statt. Bereits im vergangenen Jahr konnte die Eventschmiede Partyschlagerstars mit Kultfaktor f\u00fcr die Veranstaltung gewinnen. Dank der positiven Resonanz der Besucher ist das \u201eLa Fiesta \u2013 das Original in der Pfalz\u201c bereits jetzt ein Muss f\u00fcr alle Partyschlager- und Mallorcafans in der Region. <\/p>\n\n\n\n<p><strong>Weitere Informationen gibt es unter <a href=\"http:\/\/www.lafiesta-pfalz.de\">www.lafiesta-pfalz.de<\/a>. <\/strong><\/p>\n\n\n\n<figure class=\"wp-block-embed-youtube wp-block-embed is-type-video is-provider-youtube wp-embed-aspect-16-9 wp-has-aspect-ratio\"><div class=\"wp-block-embed__wrapper\">\n<iframe loading=\"lazy\" title=\"La Fiesta Festival Pfalz \/\/ Trailer 2019\" width=\"500\" height=\"281\" src=\"https:\/\/www.youtube.com\/embed\/vA5lrGSjXUM?feature=oembed\" frameborder=\"0\" allow=\"accelerometer; autoplay; encrypted-media; gyroscope; picture-in-picture\" allowfullscreen><\/iframe>\n<\/div><\/figure>\n\n\n\n<h4 class=\"wp-block-heading\">\u00dcber die Eventschmiede Gerach<\/h4>\n\n\n\n<p>Die Landauer Eventschmiede Gerach GmbH wurde von Timo Gerach 2017 gegr\u00fcndet. Das Unternehmen versteht sich haupts\u00e4chlich als Organisator von einzigartigen Veranstaltungen in der Region wie das gr\u00f6\u00dfte Public Viewing 2018, das Open-Air Benefizkonzert mit Wincent Weiss oder auch das gr\u00f6\u00dfte Beach-Festival in Rheinland-Pfalz 2019 sowie au\u00dfergew\u00f6hnliche Musik-Events. H\u00f6chste Qualit\u00e4t sowie absolute Exklusivit\u00e4t stehen bei jeder Veranstaltung im Fokus.<\/p>\n\n\n\n<div class=\"wp-block-image\"><figure class=\"aligncenter\"><img decoding=\"async\" loading=\"lazy\" width=\"800\" height=\"518\" src=\"https:\/\/speyer24news.com\/wp-content\/uploads\/2019\/05\/Vogelperspektive-2.jpg\" alt=\"\" class=\"wp-image-14174\" srcset=\"https:\/\/speyer24news.com\/wp-content\/uploads\/2019\/05\/Vogelperspektive-2.jpg 800w, https:\/\/speyer24news.com\/wp-content\/uploads\/2019\/05\/Vogelperspektive-2-300x194.jpg 300w, https:\/\/speyer24news.com\/wp-content\/uploads\/2019\/05\/Vogelperspektive-2-768x497.jpg 768w\" sizes=\"(max-width: 800px) 100vw, 800px\" \/><figcaption>Modell des Festgel\u00e4ndes<\/figcaption><\/figure><\/div>\n\n\n\n<p><em>Text: Eventschmiede Gerach GmbH Foto: Daniel Keil<br>28.05.2019<\/em><\/p>\n","protected":false},"excerpt":{"rendered":"<div class=\"mh-excerpt\"><p>Mit Karibik-Feeling in den Feierabend bei der gr\u00f6\u00dften After Work Beach Party in der Pfalz Mehrere hundert Tonnen Sand, zahlreiche Palmen und gem\u00fctliche Loungem\u00f6bel sorgen bei der gr\u00f6\u00dften After Work Beach Party f\u00fcr ein einzigartiges <a class=\"mh-excerpt-more\" href=\"https:\/\/speyer24news.com\/?p=14162\" title=\"City Beach-Festival Landau &#8211; Vom 27.Juni &#8211; 29.Juni 2019\">[&#8230;]<\/a><\/p>\n<\/div>","protected":false},"author":3,"featured_media":14166,"comment_status":"open","ping_status":"open","sticky":false,"template":"","format":"standard","meta":{"_monsterinsights_skip_tracking":false,"_monsterinsights_sitenote_active":false,"_monsterinsights_sitenote_note":"","_monsterinsights_sitenote_category":0,"footnotes":""},"categories":[13],"tags":[1277,1280,1275,1276,1282,58,1278,1279,1281],"aioseo_notices":[],"amp_enabled":true,"_links":{"self":[{"href":"https:\/\/speyer24news.com\/index.php?rest_route=\/wp\/v2\/posts\/14162"}],"collection":[{"href":"https:\/\/speyer24news.com\/index.php?rest_route=\/wp\/v2\/posts"}],"about":[{"href":"https:\/\/speyer24news.com\/index.php?rest_route=\/wp\/v2\/types\/post"}],"author":[{"embeddable":true,"href":"https:\/\/speyer24news.com\/index.php?rest_route=\/wp\/v2\/users\/3"}],"replies":[{"embeddable":true,"href":"https:\/\/speyer24news.com\/index.php?rest_route=%2Fwp%2Fv2%2Fcomments&post=14162"}],"version-history":[{"count":5,"href":"https:\/\/speyer24news.com\/index.php?rest_route=\/wp\/v2\/posts\/14162\/revisions"}],"predecessor-version":[{"id":14176,"href":"https:\/\/speyer24news.com\/index.php?rest_route=\/wp\/v2\/posts\/14162\/revisions\/14176"}],"wp:featuredmedia":[{"embeddable":true,"href":"https:\/\/speyer24news.com\/index.php?rest_route=\/wp\/v2\/media\/14166"}],"wp:attachment":[{"href":"https:\/\/speyer24news.com\/index.php?rest_route=%2Fwp%2Fv2%2Fmedia&parent=14162"}],"wp:term":[{"taxonomy":"category","embeddable":true,"href":"https:\/\/speyer24news.com\/index.php?rest_route=%2Fwp%2Fv2%2Fcategories&post=14162"},{"taxonomy":"post_tag","embeddable":true,"href":"https:\/\/speyer24news.com\/index.php?rest_route=%2Fwp%2Fv2%2Ftags&post=14162"}],"curies":[{"name":"wp","href":"https:\/\/api.w.org\/{rel}","templated":true}]}}