{"id":14241,"date":"2019-06-04T06:47:57","date_gmt":"2019-06-04T05:47:57","guid":{"rendered":"https:\/\/speyer24news.com\/?p=14241"},"modified":"2019-06-04T06:47:58","modified_gmt":"2019-06-04T05:47:58","slug":"geschwindigkeitskontrolle-blitzer-2","status":"publish","type":"post","link":"https:\/\/speyer24news.com\/?p=14241","title":{"rendered":"Geschwindigkeitskontrolle \/ Blitzer:"},"content":{"rendered":"<style type=\"text\/css\">\r\n\t.ads_top_disp{}\r\n\t.ads_top_corner_disp{ float:left; margin:0px 10px 10px 0px; }\r\n\t.ads_first_p_disp{}\r\n\t.ads_bottom_disp{}\r\n\t<\/style>\n<h1 class=\"wp-block-heading\">Radarkontrollen des Polizeipr\u00e4sidiums Rheinpfalz f\u00fcr Juni 2019<\/h1>\n\n\n\n<div class=\"wp-block-image\"><figure class=\"aligncenter\"><img decoding=\"async\" src=\"https:\/\/speyer24news.com\/wp-content\/uploads\/2019\/06\/Radarkontrolle_1.jpg\" alt=\"\" class=\"wp-image-14245\"\/><\/figure><\/div>\n\n\n\n<p>Im Bereich der <strong>Polizeidirektion Ludwigshafen<\/strong> finden wie folgt Kontrollen statt: <\/p>\n\n\n\n<ul><li>Freitag 07.06.2019 im Bereich Speyer<\/li><li>Donnerstag 13.06.2019 im Bereich Bobenheim-Roxheim<\/li><li>Mittwoch 19.06.2019 im Bereich Ludwigshafen<\/li><li>Dienstag 25.06.2019 im Bereich Frankenthal<\/li><\/ul>\n\n\n\n<p>Im Bereich der <strong>Polizeidirektion Landau<\/strong> finden wie folgt Kontrollen statt: <\/p>\n\n\n\n<ul><li>Dienstag 11.06.2019 im Bereich Albersweiler<\/li><li>Montag 17.06.2019 im Bereich Kandel<\/li><li>Freitag 28.06.2019 im Bereich Roschbach<\/li><\/ul>\n\n\n\n<p>Im Bereich der <strong>Polizeidirektion Neustadt<\/strong> finden wie folgt Kontrollen statt:<\/p>\n\n\n\n<ul><li>Mittwoch 05.06.2019 im Bereich Ha\u00dfloch<\/li><li>Donnerstag 06.06.2019 im Bereich Neuleinigen (BAB 6)<\/li><li>Mittwoch 12.06.2019 im Bereich Bad D\u00fcrkheim<\/li><li>Dienstag 26.06.2019 im Bereich Neustadt<\/li><\/ul>\n\n\n\n<p>Die Polizei weist ausdr\u00fccklich darauf hin, dass Kontrollen auch au\u00dferhalb der genannten Zeiten und \u00d6rtlichkeiten stattfinden. <\/p>\n\n\n\n<p><em>Polizeipr\u00e4sidium Rheinpfalz<br>04.06.2019<\/em><\/p>\n\n\n\n<h2 class=\"wp-block-heading\"><strong>Radarkontrollen f\u00fcr die Woche vom 3. Juni bis 9. Juni 2019<\/strong><\/h2>\n\n\n\n<figure class=\"wp-block-image\"><img decoding=\"async\" src=\"https:\/\/speyer24news.com\/wp-content\/uploads\/2019\/06\/Radar.jpg\" alt=\"\" class=\"wp-image-14244\"\/><\/figure>\n\n\n\n<p><strong>(Ludwigshafen) &#8211; <\/strong>Die Stadt Ludwigshafen nimmt in folgenden Stadtteilen Radarkontrollen vor.<\/p>\n\n\n\n<ul><li>Dienstag, 4. Juni: Gartenstadt, Pfingstweide und Edigheim<\/li><li>Mittwoch, 5. Juni: Oggersheim, Ruchheim und Maudach<\/li><li>Donnerstag, 6. Juni: Nord, Gartenstadt und Friesenheim<\/li><li>Freitag, 7. Juni: Mundenheim, Oggersheim und West<\/li><li>Samstag, 8. Juni: Mitte und S\u00fcd<\/li><\/ul>\n\n\n\n<p>Kurzfristige \u00c4nderungen beh\u00e4lt sich der Bereich Stra\u00dfenverkehr vor. Kontrollen k\u00f6nnen auch kurzfristig an anderen Stellen stattfinden.<\/p>\n\n\n\n<p><em>Stadt Ludwigshafen am Rhein<br>04.06.2019<\/em><\/p>\n\n\n\n<h2 class=\"wp-block-heading\">Geschwindigkeitskontrollen die Woche vom 3. bis 7. Juni<\/h2>\n\n\n\n<figure class=\"wp-block-image\"><img decoding=\"async\" src=\"https:\/\/speyer24news.com\/wp-content\/uploads\/2019\/06\/Kontrolle-BaW\u00fc.jpg\" alt=\"\" class=\"wp-image-14243\"\/><\/figure>\n\n\n\n<p><strong>(Mannheim) &#8211; <\/strong>Die Stadt Mannheim f\u00fchrt vom 3. bis 7. Juni in folgenden Stra\u00dfen Radarkontrollen durch:<\/p>\n\n\n\n<ul><li> Am Schelmenbuckel<\/li><li> Emil-Heckel-Stra\u00dfe<\/li><li> Eschenhof<\/li><li> Gontardstra\u00dfe<\/li><li> Heinrich-von-Stephan-Stra\u00dfe<\/li><li> Ilvesheimer Stra\u00dfe<\/li><li> Lampertheimer Stra\u00dfe<\/li><li> Meerwiesenstra\u00dfe<\/li><li> Mudauer Ring<\/li><li> Rheinaustra\u00dfe<\/li><li> Richard-Wagner-Ring<\/li><li> R\u00fcsselsheimer Stra\u00dfe<\/li><li> Scheffelstra\u00dfe<\/li><li> Schwanenstra\u00dfe<\/li><li> Schwetzinger Stra\u00dfe<\/li><li> Theodor-Heuss-Anlage<\/li><li> Tullastra\u00dfe<\/li><li> Wiesbadener Stra\u00dfe<\/li><li> Windeckstra\u00dfe<\/li><\/ul>\n\n\n\n<p>Kurzfristige \u00c4nderungen oder zus\u00e4tzliche Messstellen sind aus aktuellem Anlass m\u00f6glich.<\/p>\n\n\n\n<p><em>Stadt Mannheim<br>04.06.2019<\/em><\/p>\n","protected":false},"excerpt":{"rendered":"<div class=\"mh-excerpt\"><p>Radarkontrollen des Polizeipr\u00e4sidiums Rheinpfalz f\u00fcr Juni 2019 Im Bereich der Polizeidirektion Ludwigshafen finden wie folgt Kontrollen statt: Freitag 07.06.2019 im Bereich Speyer Donnerstag 13.06.2019 im Bereich Bobenheim-Roxheim Mittwoch 19.06.2019 im Bereich Ludwigshafen Dienstag 25.06.2019 im <a class=\"mh-excerpt-more\" href=\"https:\/\/speyer24news.com\/?p=14241\" title=\"Geschwindigkeitskontrolle \/ Blitzer:\">[&#8230;]<\/a><\/p>\n<\/div>","protected":false},"author":3,"featured_media":0,"comment_status":"open","ping_status":"open","sticky":false,"template":"","format":"standard","meta":{"_monsterinsights_skip_tracking":false,"_monsterinsights_sitenote_active":false,"_monsterinsights_sitenote_note":"","_monsterinsights_sitenote_category":0,"footnotes":""},"categories":[64],"tags":[18,19,947,58,779,153,56,59,1310],"aioseo_notices":[],"amp_enabled":true,"_links":{"self":[{"href":"https:\/\/speyer24news.com\/index.php?rest_route=\/wp\/v2\/posts\/14241"}],"collection":[{"href":"https:\/\/speyer24news.com\/index.php?rest_route=\/wp\/v2\/posts"}],"about":[{"href":"https:\/\/speyer24news.com\/index.php?rest_route=\/wp\/v2\/types\/post"}],"author":[{"embeddable":true,"href":"https:\/\/speyer24news.com\/index.php?rest_route=\/wp\/v2\/users\/3"}],"replies":[{"embeddable":true,"href":"https:\/\/speyer24news.com\/index.php?rest_route=%2Fwp%2Fv2%2Fcomments&post=14241"}],"version-history":[{"count":1,"href":"https:\/\/speyer24news.com\/index.php?rest_route=\/wp\/v2\/posts\/14241\/revisions"}],"predecessor-version":[{"id":14246,"href":"https:\/\/speyer24news.com\/index.php?rest_route=\/wp\/v2\/posts\/14241\/revisions\/14246"}],"wp:attachment":[{"href":"https:\/\/speyer24news.com\/index.php?rest_route=%2Fwp%2Fv2%2Fmedia&parent=14241"}],"wp:term":[{"taxonomy":"category","embeddable":true,"href":"https:\/\/speyer24news.com\/index.php?rest_route=%2Fwp%2Fv2%2Fcategories&post=14241"},{"taxonomy":"post_tag","embeddable":true,"href":"https:\/\/speyer24news.com\/index.php?rest_route=%2Fwp%2Fv2%2Ftags&post=14241"}],"curies":[{"name":"wp","href":"https:\/\/api.w.org\/{rel}","templated":true}]}}