{"id":14248,"date":"2019-06-04T07:39:14","date_gmt":"2019-06-04T06:39:14","guid":{"rendered":"https:\/\/speyer24news.com\/?p=14248"},"modified":"2019-06-04T07:41:26","modified_gmt":"2019-06-04T06:41:26","slug":"historisches-museum-der-pfalz-speyer-2","status":"publish","type":"post","link":"https:\/\/speyer24news.com\/?p=14248","title":{"rendered":"Historisches Museum der Pfalz Speyer"},"content":{"rendered":"<style type=\"text\/css\">\r\n\t.ads_top_disp{}\r\n\t.ads_top_corner_disp{ float:left; margin:0px 10px 10px 0px; }\r\n\t.ads_first_p_disp{}\r\n\t.ads_bottom_disp{}\r\n\t<\/style>\n<h2 class=\"wp-block-heading\">R\u00f6mischer Kaiser \u201eValentinian I.\u201c bleibt bis 15. M\u00e4rz 2020 in Speyer<\/h2>\n\n\n\n<h3 class=\"wp-block-heading\">Ausstellung \u201eValentinian I. und die Pfalz in der Sp\u00e4tantike\u201c im Historischen Museum der Pfalz verl\u00e4ngert<\/h3>\n\n\n\n<div class=\"wp-block-image\"><figure class=\"aligncenter\"><img decoding=\"async\" loading=\"lazy\" width=\"800\" height=\"600\" src=\"https:\/\/speyer24news.com\/wp-content\/uploads\/2019\/06\/DSC01838-1.jpg\" alt=\"\" class=\"wp-image-14256\" srcset=\"https:\/\/speyer24news.com\/wp-content\/uploads\/2019\/06\/DSC01838-1.jpg 800w, https:\/\/speyer24news.com\/wp-content\/uploads\/2019\/06\/DSC01838-1-300x225.jpg 300w, https:\/\/speyer24news.com\/wp-content\/uploads\/2019\/06\/DSC01838-1-768x576.jpg 768w, https:\/\/speyer24news.com\/wp-content\/uploads\/2019\/06\/DSC01838-1-678x509.jpg 678w, https:\/\/speyer24news.com\/wp-content\/uploads\/2019\/06\/DSC01838-1-326x245.jpg 326w, https:\/\/speyer24news.com\/wp-content\/uploads\/2019\/06\/DSC01838-1-80x60.jpg 80w\" sizes=\"(max-width: 800px) 100vw, 800px\" \/><\/figure><\/div>\n\n\n\n<p>Aufgrund des regen Besucherinteresses zur Ausstellung hat sich das Historische Museum der Pfalz Speyer entschieden, die Ausstellung <strong>\u201eValentinian I. und die Pfalz in der Sp\u00e4tantike\u201c bis zum 15. M\u00e4rz 2020<\/strong> zu verl\u00e4ngern.<\/p>\n\n\n\n<p>Museumsdirektor Alexander Schubert sagte: \u201eKaiser Valentinians Bekanntheit steigt mit der Ausstellung merklich. Bisher brachten die meisten Besucher Speyer mit den mittelalterlichen, im Dom bestatteten, Kaisern in Verbindung. Dass auch ein sp\u00e4tr\u00f6mischer Kaiser in Speyer und der Pfalz Geschichte geschrieben hat, ist deshalb f\u00fcr viele besonders spannend\u201c.<\/p>\n\n\n\n<div class=\"wp-block-image\"><figure class=\"aligncenter\"><img decoding=\"async\" loading=\"lazy\" width=\"800\" height=\"600\" src=\"https:\/\/speyer24news.com\/wp-content\/uploads\/2019\/06\/DSC01854.jpg\" alt=\"\" class=\"wp-image-14257\" srcset=\"https:\/\/speyer24news.com\/wp-content\/uploads\/2019\/06\/DSC01854.jpg 800w, https:\/\/speyer24news.com\/wp-content\/uploads\/2019\/06\/DSC01854-300x225.jpg 300w, https:\/\/speyer24news.com\/wp-content\/uploads\/2019\/06\/DSC01854-768x576.jpg 768w, https:\/\/speyer24news.com\/wp-content\/uploads\/2019\/06\/DSC01854-678x509.jpg 678w, https:\/\/speyer24news.com\/wp-content\/uploads\/2019\/06\/DSC01854-326x245.jpg 326w, https:\/\/speyer24news.com\/wp-content\/uploads\/2019\/06\/DSC01854-80x60.jpg 80w\" sizes=\"(max-width: 800px) 100vw, 800px\" \/><\/figure><\/div>\n\n\n\n<p>Mit der Ausstellung \u201eValentinian I. und die Pfalz in der Sp\u00e4tantike\u201c r\u00fcckt das Historische Museum der Pfalz einen Zeitabschnitt in den Fokus des Interesses, der in der Region viele Spuren hinterlassen hat. Aktuelle Forschungsergebnisse bezeugen in dem Gebiet der heutigen Pfalz eine dicht besiedelte Landschaft mit zahlreichen gr\u00f6\u00dferen und kleineren St\u00e4dten, befestigten Siedlungen und eindrucksvollen landwirtschaftlichen Betrieben. Die Pfalz erfuhr f\u00fcr kurze Zeit eine wirtschaftliche und kulturelle Bl\u00fcte. Doch nach dem Zusammenbruch der r\u00f6mischen Verwaltung im 5. Jahrhundert nach Christus fand auch diese allm\u00e4hlich ein Ende.<\/p>\n\n\n\n<div class=\"wp-block-image\"><figure class=\"aligncenter\"><img decoding=\"async\" loading=\"lazy\" width=\"800\" height=\"598\" src=\"https:\/\/speyer24news.com\/wp-content\/uploads\/2019\/06\/DSC01861.jpg\" alt=\"\" class=\"wp-image-14258\" srcset=\"https:\/\/speyer24news.com\/wp-content\/uploads\/2019\/06\/DSC01861.jpg 800w, https:\/\/speyer24news.com\/wp-content\/uploads\/2019\/06\/DSC01861-300x224.jpg 300w, https:\/\/speyer24news.com\/wp-content\/uploads\/2019\/06\/DSC01861-768x574.jpg 768w, https:\/\/speyer24news.com\/wp-content\/uploads\/2019\/06\/DSC01861-326x245.jpg 326w, https:\/\/speyer24news.com\/wp-content\/uploads\/2019\/06\/DSC01861-80x60.jpg 80w\" sizes=\"(max-width: 800px) 100vw, 800px\" \/><\/figure><\/div>\n\n\n\n<p>Die Ausstellung pr\u00e4sentiert auf 150 Quadratmetern rund 65 herausragende Fundkomplexe und Einzelexponate der Sp\u00e4tantike. Neben dem Brotstempel von Eisenberg \u2013 das \u00e4lteste Zeugnis des fr\u00fchen Christentums in der Pfalz und Teil der Sammlung des Historischen Museums der Pfalz \u2013 zeigt die Ausstellung noch bis einschlie\u00dflich 16. Juni den weltweit einzigartigen Prachtstuhl aus dem Schatzfund von R\u00fclzheim. Neueste Forschungsergebnisse haben gezeigt, dass der reich verzierte Klappstuhl einst f\u00fcr eine h\u00f6her gestellte weibliche Person angefertigt wurde. Zahlreiche arch\u00e4ologische Funde aus Gr\u00e4bern und milit\u00e4rischen und zivilen Siedlungen, umfangreiche Hortfunde sowie interaktive multimediale Elemente geben den Ausstellungsbesuchern einen tieferen Einblick in die Umbruchszeit des 4. und 5. Jahrhunderts nach Christus.<\/p>\n\n\n\n<div class=\"wp-block-image\"><figure class=\"aligncenter\"><img decoding=\"async\" loading=\"lazy\" width=\"800\" height=\"600\" src=\"https:\/\/speyer24news.com\/wp-content\/uploads\/2019\/06\/DSC04229.jpg\" alt=\"\" class=\"wp-image-14259\" srcset=\"https:\/\/speyer24news.com\/wp-content\/uploads\/2019\/06\/DSC04229.jpg 800w, https:\/\/speyer24news.com\/wp-content\/uploads\/2019\/06\/DSC04229-300x225.jpg 300w, https:\/\/speyer24news.com\/wp-content\/uploads\/2019\/06\/DSC04229-768x576.jpg 768w, https:\/\/speyer24news.com\/wp-content\/uploads\/2019\/06\/DSC04229-678x509.jpg 678w, https:\/\/speyer24news.com\/wp-content\/uploads\/2019\/06\/DSC04229-326x245.jpg 326w, https:\/\/speyer24news.com\/wp-content\/uploads\/2019\/06\/DSC04229-80x60.jpg 80w\" sizes=\"(max-width: 800px) 100vw, 800px\" \/><\/figure><\/div>\n\n\n\n<p>Die Ausstellung entstand in Kooperation mit der Generaldirektion Kulturelles Erbe Rheinland-Pfalz (GDKE), Direktion Landesarch\u00e4ologie, Au\u00dfenstelle Speyer und dem Heidelberg Center for Cultural Heritage der Ruprecht-Karls-Universit\u00e4t Heidelberg (HCCH). Die enge Zusammenarbeit der Partner erm\u00f6glichte die Einbindung neuester Forschungsresultate und aktueller Grabungsergebnisse, die zum Teil erstmalig \u00f6ffentlich pr\u00e4sentiert und in der Begleitpublikation vorgestellt werden.<\/p>\n\n\n\n<div class=\"wp-block-image\"><figure class=\"aligncenter\"><img decoding=\"async\" loading=\"lazy\" width=\"800\" height=\"600\" src=\"https:\/\/speyer24news.com\/wp-content\/uploads\/2019\/06\/DSC01848.jpg\" alt=\"\" class=\"wp-image-14260\" srcset=\"https:\/\/speyer24news.com\/wp-content\/uploads\/2019\/06\/DSC01848.jpg 800w, https:\/\/speyer24news.com\/wp-content\/uploads\/2019\/06\/DSC01848-300x225.jpg 300w, https:\/\/speyer24news.com\/wp-content\/uploads\/2019\/06\/DSC01848-768x576.jpg 768w, https:\/\/speyer24news.com\/wp-content\/uploads\/2019\/06\/DSC01848-678x509.jpg 678w, https:\/\/speyer24news.com\/wp-content\/uploads\/2019\/06\/DSC01848-326x245.jpg 326w, https:\/\/speyer24news.com\/wp-content\/uploads\/2019\/06\/DSC01848-80x60.jpg 80w\" sizes=\"(max-width: 800px) 100vw, 800px\" \/><\/figure><\/div>\n\n\n\n<p>Ab 24. Juni ist der Prachtstuhl gemeinsam mit dem Hortfund von R\u00fclzheim in der Ausstellung \u201evorZeiten \u2013 Arch\u00e4ologische Sch\u00e4tze an Rhein und Mosel\u201c im Landesmuseum Koblenz zu sehen.<\/p>\n\n\n\n<p>Das Historische Museum der Pfalz ist dienstags bis sonntags, an Feiertagen auch montags, von 10 bis 18 Uhr ge\u00f6ffnet.<\/p>\n\n\n\n<p><em>Text: Historisches Museum der Pfalz Speyer Foto: Speyer 24\/7 News, dak<br>04.06.2019<\/em><\/p>\n\n\n\n<h2 class=\"wp-block-heading\">Medicus-Ausstellungsteam pflanzt Heil- und Arzneikr\u00e4uter<\/h2>\n\n\n\n<h3 class=\"wp-block-heading\">Grynes Band vor dem Historischen Museum der Pfalz Speyer<\/h3>\n\n\n\n<div class=\"wp-block-image\"><figure class=\"aligncenter\"><img decoding=\"async\" loading=\"lazy\" width=\"800\" height=\"572\" src=\"https:\/\/speyer24news.com\/wp-content\/uploads\/2019\/06\/Medicus-und-das-Gryne-Band_1.jpg\" alt=\"\" class=\"wp-image-14253\" srcset=\"https:\/\/speyer24news.com\/wp-content\/uploads\/2019\/06\/Medicus-und-das-Gryne-Band_1.jpg 800w, https:\/\/speyer24news.com\/wp-content\/uploads\/2019\/06\/Medicus-und-das-Gryne-Band_1-300x215.jpg 300w, https:\/\/speyer24news.com\/wp-content\/uploads\/2019\/06\/Medicus-und-das-Gryne-Band_1-768x549.jpg 768w\" sizes=\"(max-width: 800px) 100vw, 800px\" \/><\/figure><\/div>\n\n\n\n<p>Im Rahmen des Projekts \u201eDas gryne Band\u201c stellt die Stadt Speyer dem Historischen Museum der Pfalz zwei Pflanzcontainer auf dem Speyerer Domplatz zur individuellen Begr\u00fcnung zur Verf\u00fcgung.<\/p>\n\n\n\n<p>Die Kuratoren des Ausstellungsteam \u201eMedicus\u201c bepflanzten die Blumenbeete im Hinblick auf die kommende Sonderausstellung \u201eMedicus \u2013 Die Macht des Wissens\u201c, die ab 8. Dezember zu sehen ist, mit verschiedenen Heil- und Arzneikr\u00e4utern sowie einem kleinen Apfelbaum und einer Lavendelstaude.<\/p>\n\n\n\n<div class=\"wp-block-image\"><figure class=\"aligncenter\"><img decoding=\"async\" loading=\"lazy\" width=\"800\" height=\"512\" src=\"https:\/\/speyer24news.com\/wp-content\/uploads\/2019\/06\/Medicus-und-das-Gryne-Band_5.jpg\" alt=\"\" class=\"wp-image-14254\" srcset=\"https:\/\/speyer24news.com\/wp-content\/uploads\/2019\/06\/Medicus-und-das-Gryne-Band_5.jpg 800w, https:\/\/speyer24news.com\/wp-content\/uploads\/2019\/06\/Medicus-und-das-Gryne-Band_5-300x192.jpg 300w, https:\/\/speyer24news.com\/wp-content\/uploads\/2019\/06\/Medicus-und-das-Gryne-Band_5-768x492.jpg 768w\" sizes=\"(max-width: 800px) 100vw, 800px\" \/><\/figure><\/div>\n\n\n\n<p>Die Pflanzenauswahl wurde inspiriert durch das mittelalterlich Buch \u00fcber den Gartenbau \u201eLiber de cultura hortorum\u201c des Benediktinerm\u00f6nchs Walahfrid Strabo. Der M\u00f6nch skizziert in seinem Werk aus dem 9. Jahrhundert in Versform einen beispielhaften Klostergarten mit 24 Pflanzen.<\/p>\n\n\n\n<p>Dieses auch als \u201eHortulus\u201c bekannte mittelalterliche Standardwerk zur Gartenkunde beschreibt unter anderem die Anpflanzung von Fenchel, Eberraute, Wermut, Muskateller-Salbei, Schafgarbe, Kleinem Odermennig und Katzenminze, die allesamt jetzt auch am Speyerer Domplatz wachsen. Dabei sind die ausgew\u00e4hlten Pflanzen nicht nur kleine Allesk\u00f6nner, was ihre Wirkung gegen Magen-, Darm-, Blasen-, Nieren-, Gallen-, Verdauungs- oder Leberbeschwerden betrifft: sie werden duftend und bunt in den kommenden Monaten auch mit einem reichen und vielf\u00e4ltigen Bl\u00fctenspektrum jede Menge  Bienen, Schmetterlinge und andere Insekten anlocken und so einen kleinen Beitrag zu einem funktionierenden \u00d6kosystem in Speyer leisten.<\/p>\n\n\n\n<div class=\"wp-block-image\"><figure class=\"aligncenter\"><img decoding=\"async\" loading=\"lazy\" width=\"1024\" height=\"243\" src=\"https:\/\/speyer24news.com\/wp-content\/uploads\/2019\/06\/Medicus-Ausstellung-Header-1024x243.jpg\" alt=\"\" class=\"wp-image-14255\" srcset=\"https:\/\/speyer24news.com\/wp-content\/uploads\/2019\/06\/Medicus-Ausstellung-Header-1024x243.jpg 1024w, https:\/\/speyer24news.com\/wp-content\/uploads\/2019\/06\/Medicus-Ausstellung-Header-300x71.jpg 300w, https:\/\/speyer24news.com\/wp-content\/uploads\/2019\/06\/Medicus-Ausstellung-Header-768x182.jpg 768w, https:\/\/speyer24news.com\/wp-content\/uploads\/2019\/06\/Medicus-Ausstellung-Header.jpg 1120w\" sizes=\"(max-width: 1024px) 100vw, 1024px\" \/><\/figure><\/div>\n\n\n\n<p>Die <strong>Ausstellung \u201eMedicus \u2013 Die Macht des Wissens\u201c ist ab 8. Dezember<\/strong> im Historischen Museum der Pfalz zu sehen. Weitere Informationen unter <a href=\"http:\/\/www.medicus-ausstellung.de\">www.medicus-ausstellung.de<\/a><\/p>\n\n\n\n<p><em>Historisches Museum der Pfalz Speyer<br>04.06.2019<\/em><\/p>\n\n\n\n<h2 class=\"wp-block-heading\">\u201eArch\u00e4ologie vor der Haust\u00fcr\u201c \u2013 Unerwartete Funde in Speyer<\/h2>\n\n\n\n<h3 class=\"wp-block-heading\">Vortrag im Historischen Museum der Pfalz Speyer<\/h3>\n\n\n\n<div class=\"wp-block-image\"><figure class=\"aligncenter\"><img decoding=\"async\" loading=\"lazy\" width=\"800\" height=\"384\" src=\"https:\/\/speyer24news.com\/wp-content\/uploads\/2019\/06\/Grab.jpg\" alt=\"\" class=\"wp-image-14250\" srcset=\"https:\/\/speyer24news.com\/wp-content\/uploads\/2019\/06\/Grab.jpg 800w, https:\/\/speyer24news.com\/wp-content\/uploads\/2019\/06\/Grab-300x144.jpg 300w, https:\/\/speyer24news.com\/wp-content\/uploads\/2019\/06\/Grab-768x369.jpg 768w\" sizes=\"(max-width: 800px) 100vw, 800px\" \/><figcaption> 2010 wurde in Speyer bei Grabungen am Diakonissenkrankenhaus die Bestattung eines sp\u00e4tr\u00f6mischen Offiziers freigelegt. Bildnachweis: Foto: Generaldirektion Kulturelles Erbe Rheinland-Pfalz , Landesarch\u00e4ologie Speyer.<\/figcaption><\/figure><\/div>\n\n\n\n<p>Spannendes und \u00dcberraschendes zu aktuellen und vergangenen Ausgrabungen in Speyer und der Arbeitsweise und den Methoden der Landesarch\u00e4ologie verspricht der Vortrag am <strong>Donnerstag, 6. Juni, um 19 Uhr<\/strong> im Historischen Museum der Pfalz Speyer. Ulrich Himmelmann, Leiter der Au\u00dfenstelle Speyer der Generaldirektion Kulturelles Erbe Rheinland-Pfalz, Direktion Landesarch\u00e4ologie, stellt zum einen die Ausgrabungen vor, die vor einigen Jahren am Diakonissenkrankenhaus in Speyer stattfanden. In einer Bauparzelle, die im Rahmen der Erweiterung des Geb\u00e4udes freigelegt wurde, konnte der beachtliche Fund von nahezu 300 Gr\u00e4bern mit sehr variantenreichen Bestattungsformen aus der Epoche der Sp\u00e4tantike gemacht werden. Zum anderen beleuchtet der Referent die aktuellen Grabungen in der Engelsgasse in unmittelbarer N\u00e4he des Historischen Museums der Pfalz. Die spannenden und unerwarteten Ergebnisse dieser Untersuchung werden am Vortragsabend erstmals pr\u00e4sentiert. Die Teilnahme ist kostenlos.<\/p>\n\n\n\n<div class=\"wp-block-image\"><figure class=\"aligncenter\"><img decoding=\"async\" loading=\"lazy\" width=\"800\" height=\"531\" src=\"https:\/\/speyer24news.com\/wp-content\/uploads\/2019\/06\/Graeberfeld.jpg\" alt=\"\" class=\"wp-image-14251\" srcset=\"https:\/\/speyer24news.com\/wp-content\/uploads\/2019\/06\/Graeberfeld.jpg 800w, https:\/\/speyer24news.com\/wp-content\/uploads\/2019\/06\/Graeberfeld-300x199.jpg 300w, https:\/\/speyer24news.com\/wp-content\/uploads\/2019\/06\/Graeberfeld-768x510.jpg 768w\" sizes=\"(max-width: 800px) 100vw, 800px\" \/><figcaption> Ausgrabungen am Gr\u00e4berfeld am Diakonissenkrankenhaus in Speyer. Bildnachweis: Foto: Generaldirektion Kulturelles Erbe Rheinland -Pfalz , Landesarch\u00e4ologie Speyer.<\/figcaption><\/figure><\/div>\n\n\n\n<p>Der Vortrag findet im Rahmen der Ausstellung \u201eValentinian I. und die Pfalz in der Sp\u00e4tantike\u201c statt, die noch bis zum 15.M\u00e4rz im Historischen Museum der Pfalz zu sehen ist. Eins der Diakonissengr\u00e4ber, n\u00e4mlich das Grab eines r\u00f6mischen Offiziers aus dem fr\u00fchen 5. Jahrhundert, wird dort gezeigt. Dar\u00fcber hinaus wird die arch\u00e4ologische Schau noch bis zum 16. Juni durch den r\u00f6mischen Prachtstuhl aus dem \u201eSchatzfund von R\u00fclzheim\u201c bereichert. Es handelt sich dabei um ein weltweites Unikat. Kein weiterer Stuhl dieser Art ist \u00fcberliefert und seine Existenz war bisher nur von antiken Abbildungen bekannt.  Neueste Forschungsergebnisse zeigen, dass das einzigartige Objekt vermutlich einer Dame der gesellschaftlichen Elite als exklusives, zusammenklappbares Reisem\u00f6bel diente.<\/p>\n\n\n\n<div class=\"wp-block-image\"><figure class=\"aligncenter\"><img decoding=\"async\" loading=\"lazy\" width=\"800\" height=\"600\" src=\"https:\/\/speyer24news.com\/wp-content\/uploads\/2019\/06\/DSC01838.jpg\" alt=\"\" class=\"wp-image-14252\" srcset=\"https:\/\/speyer24news.com\/wp-content\/uploads\/2019\/06\/DSC01838.jpg 800w, https:\/\/speyer24news.com\/wp-content\/uploads\/2019\/06\/DSC01838-300x225.jpg 300w, https:\/\/speyer24news.com\/wp-content\/uploads\/2019\/06\/DSC01838-768x576.jpg 768w, https:\/\/speyer24news.com\/wp-content\/uploads\/2019\/06\/DSC01838-678x509.jpg 678w, https:\/\/speyer24news.com\/wp-content\/uploads\/2019\/06\/DSC01838-326x245.jpg 326w, https:\/\/speyer24news.com\/wp-content\/uploads\/2019\/06\/DSC01838-80x60.jpg 80w\" sizes=\"(max-width: 800px) 100vw, 800px\" \/><\/figure><\/div>\n\n\n\n<p>Das Historische Museum der Pfalz hat dienstags bis sonntags, an Feiertagen auch montags von 10 bis 18 Uhr ge\u00f6ffnet. Weitere Informationen unter <a href=\"http:\/\/www.museum.speyer.de\">www.museum.speyer.de<\/a> <\/p>\n\n\n\n<p><em>Text: Historisches Museum der Pfalz Speyer Foto: Generaldirektion Kulturelles Erbe Rheinland -Pfalz, Landesarch\u00e4ologie Speyer.<br>04.06.2019<\/em><\/p>\n","protected":false},"excerpt":{"rendered":"<div class=\"mh-excerpt\"><p>R\u00f6mischer Kaiser \u201eValentinian I.\u201c bleibt bis 15. M\u00e4rz 2020 in Speyer Ausstellung \u201eValentinian I. und die Pfalz in der Sp\u00e4tantike\u201c im Historischen Museum der Pfalz verl\u00e4ngert Aufgrund des regen Besucherinteresses zur Ausstellung hat sich das <a class=\"mh-excerpt-more\" href=\"https:\/\/speyer24news.com\/?p=14248\" title=\"Historisches Museum der Pfalz Speyer\">[&#8230;]<\/a><\/p>\n<\/div>","protected":false},"author":3,"featured_media":14263,"comment_status":"open","ping_status":"open","sticky":false,"template":"","format":"standard","meta":{"_monsterinsights_skip_tracking":false,"_monsterinsights_sitenote_active":false,"_monsterinsights_sitenote_note":"","_monsterinsights_sitenote_category":0,"footnotes":""},"categories":[14],"tags":[926,52,1191,1312,1311,6,868],"aioseo_notices":[],"amp_enabled":true,"_links":{"self":[{"href":"https:\/\/speyer24news.com\/index.php?rest_route=\/wp\/v2\/posts\/14248"}],"collection":[{"href":"https:\/\/speyer24news.com\/index.php?rest_route=\/wp\/v2\/posts"}],"about":[{"href":"https:\/\/speyer24news.com\/index.php?rest_route=\/wp\/v2\/types\/post"}],"author":[{"embeddable":true,"href":"https:\/\/speyer24news.com\/index.php?rest_route=\/wp\/v2\/users\/3"}],"replies":[{"embeddable":true,"href":"https:\/\/speyer24news.com\/index.php?rest_route=%2Fwp%2Fv2%2Fcomments&post=14248"}],"version-history":[{"count":1,"href":"https:\/\/speyer24news.com\/index.php?rest_route=\/wp\/v2\/posts\/14248\/revisions"}],"predecessor-version":[{"id":14261,"href":"https:\/\/speyer24news.com\/index.php?rest_route=\/wp\/v2\/posts\/14248\/revisions\/14261"}],"wp:featuredmedia":[{"embeddable":true,"href":"https:\/\/speyer24news.com\/index.php?rest_route=\/wp\/v2\/media\/14263"}],"wp:attachment":[{"href":"https:\/\/speyer24news.com\/index.php?rest_route=%2Fwp%2Fv2%2Fmedia&parent=14248"}],"wp:term":[{"taxonomy":"category","embeddable":true,"href":"https:\/\/speyer24news.com\/index.php?rest_route=%2Fwp%2Fv2%2Fcategories&post=14248"},{"taxonomy":"post_tag","embeddable":true,"href":"https:\/\/speyer24news.com\/index.php?rest_route=%2Fwp%2Fv2%2Ftags&post=14248"}],"curies":[{"name":"wp","href":"https:\/\/api.w.org\/{rel}","templated":true}]}}