{"id":14264,"date":"2019-06-04T08:38:39","date_gmt":"2019-06-04T07:38:39","guid":{"rendered":"https:\/\/speyer24news.com\/?p=14264"},"modified":"2019-06-04T08:38:41","modified_gmt":"2019-06-04T07:38:41","slug":"wirtschaft-finanzen-6","status":"publish","type":"post","link":"https:\/\/speyer24news.com\/?p=14264","title":{"rendered":"Wirtschaft &#038; Finanzen:"},"content":{"rendered":"<style type=\"text\/css\">\r\n\t.ads_top_disp{}\r\n\t.ads_top_corner_disp{ float:left; margin:0px 10px 10px 0px; }\r\n\t.ads_first_p_disp{}\r\n\t.ads_bottom_disp{}\r\n\t<\/style>\n<h2 class=\"wp-block-heading\">Sparkasse Vorderpfalz:<\/h2>\n\n\n\n<div class=\"wp-block-image\"><figure class=\"aligncenter\"><img decoding=\"async\" src=\"https:\/\/speyer24news.com\/wp-content\/uploads\/2019\/06\/Sparkasse-Vorderpfalz-1024x768.jpg\" alt=\"\" class=\"wp-image-14265\"\/><\/figure><\/div>\n\n\n\n<h2 class=\"wp-block-heading\">LBS-Immobilienpreisspiegel f\u00fcr 1.000 St\u00e4dte jetzt online<\/h2>\n\n\n\n<h3 class=\"wp-block-heading\">Freie Recherche in umfangreicher Datenbank zum regionalen Wohnungsmarkt m\u00f6glich: <a href=\"http:\/\/www.lbs-markt-fuer-wohnimmobilien.de\">www.lbs-markt-fuer-wohnimmobilien.de<\/a><\/h3>\n\n\n\n<p><strong>Ludwigshafen \/ Schifferstadt \/ Speyer &#8211; <\/strong>Wie hoch sind die Baulandpreise in Ludwigshafen, Speyer, Schifferstadt oder Berlin? Was kosten gebrauchte Einfamilienh\u00e4user im Vergleich zu neuen? Bleibt der Wohnungsmarkt weiter angespannt oder beruhigen sich bald Mieten und Preise? Und wie haben sich die Finanzierungskonditionen entwickelt? Orientierung bei diesen und vielen weiteren Fragen bietet der neue LBS-Immobilienpreisspiegel, teilt die Sparkasse Vorderpfalz mit.<\/p>\n\n\n\n<p>Unter der Adresse <a href=\"http:\/\/www.lbs-markt-fuer-wohnimmobilien.de\">www.lbs-markt-fuer-wohnimmobilien.de<\/a> k\u00f6nnen typische Preise f\u00fcr Eigenheime, Eigentumswohnungen und Bauland in 1.000 St\u00e4dten und Gemeinden sowie in \u00fcber 100 Stadtteilen der 14 gr\u00f6\u00dften St\u00e4dte Deutschlands eingesehen werden. Such- und Filterfunktionen erm\u00f6glichen es, nach zahlreichen Kriterien im Preisspiegel zu recherchieren. Die Preisdaten werden jeweils im Fr\u00fchjahr bei den Immobilienmarktexperten von LBS und Sparkassen erhoben.<\/p>\n\n\n\n<p>Neben den Preisinformationen f\u00fcr neue und gebrauchte Objekte k\u00f6nnen Interessenten auch kurze Analysen zur Baut\u00e4tigkeit, zum Wohnungs- und Verm\u00f6gensbestand sowie zur Wohneigentumsbildung abrufen. Grafisch aufbereitet und mit kurzen Erl\u00e4uterungstexten versehen sind au\u00dferdem die relevanten gesamtwirtschaftlichen Einflussgr\u00f6\u00dfen, etwa die Entwicklung von Einkommen und Sparquote sowie Baupreisen und Mieten. Zahlreiche statistische \u00dcbersichten liegen als \u201elange Reihen\u201c vor und zeigen die Entwicklungen \u00fcber einen Zehn-Jahres-Zeitraum hinaus.<\/p>\n\n\n\n<p>Preis-Recherchen sind bequem \u00fcber eine Deutschlandkarte mit \u201eMouse-over- und Zoom-Funktion\u201c m\u00f6glich. Mit zus\u00e4tzlichen Such- und Filter-funktionen kann nach den preiswertesten St\u00e4dten in ganz Deutschland, in einzelnen Bundesl\u00e4ndern oder mittels eines individuellen St\u00e4dtevergleichs gesucht werden \u2013 jeweils selektierbar nach Grundst\u00fccken, Eigentumswohnungen oder Eigenheimen. Zudem k\u00f6nnen auch die Ver\u00e4nderungsraten zu den Vorjahren abgerufen werden. Auch diese Ergebnisse stehen zum Download zur Verf\u00fcgung. Texte und Grafiken k\u00f6nnen \u00fcber die g\u00e4ngigen Instrumente getweetet, gepostet oder geteilt werden.<\/p>\n\n\n\n<h3 class=\"wp-block-heading\" style=\"text-align:center\">Grafiken:<\/h3>\n\n\n\n<h4 class=\"wp-block-heading\">Ludwigshafen: Preisspiegel des Neu- und Gebrauchtwohnungsmarkt<\/h4>\n\n\n\n<div class=\"wp-block-image\"><figure class=\"aligncenter\"><img decoding=\"async\" loading=\"lazy\" width=\"800\" height=\"296\" src=\"https:\/\/speyer24news.com\/wp-content\/uploads\/2019\/06\/LBS_Ludwigshafen_1.jpg\" alt=\"\" class=\"wp-image-14268\" srcset=\"https:\/\/speyer24news.com\/wp-content\/uploads\/2019\/06\/LBS_Ludwigshafen_1.jpg 800w, https:\/\/speyer24news.com\/wp-content\/uploads\/2019\/06\/LBS_Ludwigshafen_1-300x111.jpg 300w, https:\/\/speyer24news.com\/wp-content\/uploads\/2019\/06\/LBS_Ludwigshafen_1-768x284.jpg 768w\" sizes=\"(max-width: 800px) 100vw, 800px\" \/><\/figure><\/div>\n\n\n\n<h4 class=\"wp-block-heading\">Ludwigshafen: Neu- und Gebrauchtwohnungsmarkt \/ Ver\u00e4nderungen zum Vorjahr<\/h4>\n\n\n\n<div class=\"wp-block-image\"><figure class=\"aligncenter\"><img decoding=\"async\" loading=\"lazy\" width=\"800\" height=\"293\" src=\"https:\/\/speyer24news.com\/wp-content\/uploads\/2019\/06\/LBS_Ludwigshafen_2.jpg\" alt=\"\" class=\"wp-image-14269\" srcset=\"https:\/\/speyer24news.com\/wp-content\/uploads\/2019\/06\/LBS_Ludwigshafen_2.jpg 800w, https:\/\/speyer24news.com\/wp-content\/uploads\/2019\/06\/LBS_Ludwigshafen_2-300x110.jpg 300w, https:\/\/speyer24news.com\/wp-content\/uploads\/2019\/06\/LBS_Ludwigshafen_2-768x281.jpg 768w\" sizes=\"(max-width: 800px) 100vw, 800px\" \/><\/figure><\/div>\n\n\n\n<h4 class=\"wp-block-heading\">Speyer: Preisspiegel des Neu- und Gebrauchtwohnungsmarkt<\/h4>\n\n\n\n<div class=\"wp-block-image\"><figure class=\"aligncenter\"><img decoding=\"async\" loading=\"lazy\" width=\"800\" height=\"297\" src=\"https:\/\/speyer24news.com\/wp-content\/uploads\/2019\/06\/LBS_Speyer_1.jpg\" alt=\"\" class=\"wp-image-14270\" srcset=\"https:\/\/speyer24news.com\/wp-content\/uploads\/2019\/06\/LBS_Speyer_1.jpg 800w, https:\/\/speyer24news.com\/wp-content\/uploads\/2019\/06\/LBS_Speyer_1-300x111.jpg 300w, https:\/\/speyer24news.com\/wp-content\/uploads\/2019\/06\/LBS_Speyer_1-768x285.jpg 768w\" sizes=\"(max-width: 800px) 100vw, 800px\" \/><\/figure><\/div>\n\n\n\n<h4 class=\"wp-block-heading\">Speyer: Neu- und Gebrauchtwohnungsmarkt \/ Ver\u00e4nderungen zum Vorjahr<\/h4>\n\n\n\n<div class=\"wp-block-image\"><figure class=\"aligncenter\"><img decoding=\"async\" loading=\"lazy\" width=\"800\" height=\"303\" src=\"https:\/\/speyer24news.com\/wp-content\/uploads\/2019\/06\/LBS_Speyer_2.jpg\" alt=\"\" class=\"wp-image-14271\" srcset=\"https:\/\/speyer24news.com\/wp-content\/uploads\/2019\/06\/LBS_Speyer_2.jpg 800w, https:\/\/speyer24news.com\/wp-content\/uploads\/2019\/06\/LBS_Speyer_2-300x114.jpg 300w, https:\/\/speyer24news.com\/wp-content\/uploads\/2019\/06\/LBS_Speyer_2-768x291.jpg 768w\" sizes=\"(max-width: 800px) 100vw, 800px\" \/><\/figure><\/div>\n\n\n\n<h4 class=\"wp-block-heading\">Schifferstadt: Preisspiegel des Neu- und Gebrauchtwohnungsmarkt<\/h4>\n\n\n\n<div class=\"wp-block-image\"><figure class=\"aligncenter\"><img decoding=\"async\" loading=\"lazy\" width=\"800\" height=\"295\" src=\"https:\/\/speyer24news.com\/wp-content\/uploads\/2019\/06\/LBS_Schifferstadt_1.jpg\" alt=\"\" class=\"wp-image-14272\" srcset=\"https:\/\/speyer24news.com\/wp-content\/uploads\/2019\/06\/LBS_Schifferstadt_1.jpg 800w, https:\/\/speyer24news.com\/wp-content\/uploads\/2019\/06\/LBS_Schifferstadt_1-300x111.jpg 300w, https:\/\/speyer24news.com\/wp-content\/uploads\/2019\/06\/LBS_Schifferstadt_1-768x283.jpg 768w\" sizes=\"(max-width: 800px) 100vw, 800px\" \/><\/figure><\/div>\n\n\n\n<h4 class=\"wp-block-heading\">Schifferstadt: Neu- und Gebrauchtwohnungsmarkt \/ Ver\u00e4nderungen zum Vorjahr<\/h4>\n\n\n\n<div class=\"wp-block-image\"><figure class=\"aligncenter\"><img decoding=\"async\" loading=\"lazy\" width=\"800\" height=\"295\" src=\"https:\/\/speyer24news.com\/wp-content\/uploads\/2019\/06\/LBS_Schifferstadt_2.jpg\" alt=\"\" class=\"wp-image-14273\" srcset=\"https:\/\/speyer24news.com\/wp-content\/uploads\/2019\/06\/LBS_Schifferstadt_2.jpg 800w, https:\/\/speyer24news.com\/wp-content\/uploads\/2019\/06\/LBS_Schifferstadt_2-300x111.jpg 300w, https:\/\/speyer24news.com\/wp-content\/uploads\/2019\/06\/LBS_Schifferstadt_2-768x283.jpg 768w\" sizes=\"(max-width: 800px) 100vw, 800px\" \/><\/figure><\/div>\n\n\n\n<p><em>Sparkasse Vorderpfalz<br>04.06.2019<\/em><\/p>\n\n\n\n<h2 class=\"wp-block-heading\"><strong>Sparkassenstiftungen unterst\u00fctzen Sport und Kultur im Rhein-Pfalz-Kreis<\/strong><\/h2>\n\n\n\n<div class=\"wp-block-image\"><figure class=\"aligncenter\"><img decoding=\"async\" loading=\"lazy\" width=\"800\" height=\"512\" src=\"https:\/\/speyer24news.com\/wp-content\/uploads\/2019\/06\/230519Sparkasse01.jpg\" alt=\"\" class=\"wp-image-14267\" srcset=\"https:\/\/speyer24news.com\/wp-content\/uploads\/2019\/06\/230519Sparkasse01.jpg 800w, https:\/\/speyer24news.com\/wp-content\/uploads\/2019\/06\/230519Sparkasse01-300x192.jpg 300w, https:\/\/speyer24news.com\/wp-content\/uploads\/2019\/06\/230519Sparkasse01-768x492.jpg 768w\" sizes=\"(max-width: 800px) 100vw, 800px\" \/><figcaption> Vereine, Initiativen und Sportlerinnen und Sportler aus dem Rhein-Pfalz-Kreis freuten sich \u00fcber die F\u00f6rdergelder der beiden Sparkassenstiftungen.<\/figcaption><\/figure><\/div>\n\n\n\n<p><strong>Rhein-Pfalz-Kreis &#8211; <\/strong>Zehn Vereine, Initiativen und Sportlerinnen und Sportler konnten sich \u00fcber Spenden in H\u00f6he von insgesamt 5.550 Euro freuen. Das Geld stammt von der Sportstiftung der ehemaligen Kreissparkasse Rhein-Pfalz und der Kulturstiftung der ehemaligen Kreissparkasse Rhein-Pfalz. <br><br>\u00dcber die finanzielle Unterst\u00fctzung der Sportstiftung der ehemaligen Kreissparkasse Rhein-Pfalz freuten sich Florian Haas (Goju-Ryu-Karate \/ 600 Euro), Eric Bingenheimer (Weitsprung \/ 300 Euro), Nuria Demessier (Diskuswurf \/ 400 Euro), Gwendolyn Fuchs (Speerwurf \/ 600 Euro), Victor Gainza (Gewichtheben \/ 600 Euro), Jason Heid (Gewichtheben \/ 600 Euro), Samira Blume (Gewichtheben \/ 600 Euro) und Lara Dancz (Gewichtheben \/ 600 Euro). <\/p>\n\n\n\n<p>Die Kulturstiftung der ehemaligen Kreissparkasse Rhein-Pfalz vergab F\u00f6rdergelder an den Verein f\u00fcr Geschichte und Kultur Maxdorf 2010 e.V. (Ausstellung \/ 750 Euro) und das Kulturforum Altrip (kulturelle Austausch \/ 500 Euro).<\/p>\n\n\n\n<h4 class=\"wp-block-heading\"><strong>Neue F\u00f6rderung m\u00f6glich: Kuratorium entscheidet<\/strong><\/h4>\n\n\n\n<p>Alle Vereine, Initiativen und Personen aus dem Rhein-Pfalz-Kreis haben erneut die Chance auf F\u00f6rderung ihrer Projekte. F\u00f6rderanfragen k\u00f6nnen auf der Homepage der Sparkasse unter <a rel=\"noreferrer noopener\" href=\"https:\/\/deref-web-02.de\/mail\/client\/YR0QrH9FM5o\/dereferrer\/?redirectUrl=http%3A%2F%2Fwww.sparkasse-vorderpfalz.de\" target=\"_blank\">www.sparkasse-vorderpfalz.de\/stiftungen<\/a> direkt gestellt werden. Das Kuratorium wird in seiner n\u00e4chsten Sitzung entscheiden, welche Projekte im Sinne der beiden Stiftungen gef\u00f6rdert werden. <\/p>\n\n\n\n<p><em>Text: Sparkasse Vorderpfalz Foto: Sparkasse Vorderpfalz \/ Klaus Venus<br>04.06.2019<\/em><\/p>\n\n\n\n<h2 class=\"wp-block-heading\"><strong>Sparkassenstiftung \u00fcbergibt F\u00f6rdergelder<\/strong><\/h2>\n\n\n\n<div class=\"wp-block-image\"><figure class=\"aligncenter\"><img decoding=\"async\" loading=\"lazy\" width=\"800\" height=\"532\" src=\"https:\/\/speyer24news.com\/wp-content\/uploads\/2019\/06\/RS216076_20190521_210519StiftungSpeyer02-lpr.jpg\" alt=\"\" class=\"wp-image-14266\" srcset=\"https:\/\/speyer24news.com\/wp-content\/uploads\/2019\/06\/RS216076_20190521_210519StiftungSpeyer02-lpr.jpg 800w, https:\/\/speyer24news.com\/wp-content\/uploads\/2019\/06\/RS216076_20190521_210519StiftungSpeyer02-lpr-300x200.jpg 300w, https:\/\/speyer24news.com\/wp-content\/uploads\/2019\/06\/RS216076_20190521_210519StiftungSpeyer02-lpr-768x511.jpg 768w\" sizes=\"(max-width: 800px) 100vw, 800px\" \/><figcaption> Die Vorsitzende des Kuratoriums, Oberb\u00fcrgermeisterin Stefanie Seiler (8.v.r.) und der Vorsitzende des Stiftungsvorstandes Oliver Kolb (3.v.l.) \u00fcbergaben Spenden der Stiftung der ehemaligen Kreis- und Stadtsparkasse Speyer an Vereine, Schulen und Initiativen aus Speyer und dem s\u00fcdlichen Rhein-Pfalz-Kreis.<\/figcaption><\/figure><\/div>\n\n\n\n<p><strong>Speyer \/ Rhein-Pfalz-Kreis &#8211; <\/strong>Die Stiftung der ehemaligen Kreis- und Stadtsparkasse Speyer f\u00f6rdert mit 13.450 Euro das b\u00fcrgerschaftliche Engagement in Speyer und dem s\u00fcdlichen Rhein-Pfalz-Kreis. Sie ist eine von f\u00fcnf selbst\u00e4ndigen Stiftungen der Sparkasse Vorderpfalz. Unterst\u00fctzt werden 11 Vereine, Schulen und Initiativen. Die F\u00f6rdergelder \u00fcbergaben die Vorsitzende des Kuratoriums, Oberb\u00fcrgermeistermeisterin Stefanie Seiler und der Vorsitzende des Stiftungsvorstandes Oliver Kolb an: NaturSpur e.V. Otterstadt (1.200 Euro), Arbeitskreis Asyl Speyer e.V. (2.000 Euro), F\u00f6rderverein der Kindertagesst\u00e4tte Pusteblume e.V. (2.000 Euro), PalatinaKlassik e.V. (1.500 Euro), F\u00f6rderverein der Realschule plus Siedlungsschule Speyer e.V. (1.300 Euro), Stadt- und Kreisbildstelle Speyer (2.000 Euro), Pf\u00e4lzische Landesbibliothek (1.000 Euro), MGV Concordia Waldsee (500 Euro), Volksbund Deutsche Kriegsgr\u00e4berf\u00fcrsorge Bezirksverband Speyer (500 Euro), Johanniter Unfall-Hilfe e.V., Ortsverband Speyer (450 Euro), \u00d6kumenische Sozialstation Speyer (1.000 Euro). <\/p>\n\n\n\n<h4 class=\"wp-block-heading\"><strong>Neue F\u00f6rderung m\u00f6glich: Kuratorium entscheidet<\/strong><\/h4>\n\n\n\n<p>Alle Vereine, Schulen und Institutionen aus Speyer und dem s\u00fcdlichen Rhein-Pfalz-Kreis haben erneut die Chance auf F\u00f6rderung ihrer Vorhaben und Projekte. F\u00f6rderanfragen k\u00f6nnen auf der Homepage der Sparkasse unter <a rel=\"noreferrer noopener\" href=\"https:\/\/deref-web-02.de\/mail\/client\/YR0QrH9FM5o\/dereferrer\/?redirectUrl=http%3A%2F%2Fwww.sparkasse-vorderpfalz.de\" target=\"_blank\">www.sparkasse-vorderpfalz.de<\/a> direkt gestellt werden. Das Kuratorium wird in seiner n\u00e4chsten Sitzung erneut entscheiden, welche Projekte im Sinne der Stiftung gef\u00f6rdert werden.<\/p>\n\n\n\n<h4 class=\"wp-block-heading\"><strong>Stiftungsmanagement der Sparkasse Vorderpfalz: Stiftung der ehemaligen Kreis- und Stadtsparkasse Speyer<\/strong><\/h4>\n\n\n\n<p>Die f\u00fcnf selbst\u00e4ndigen Stiftungen der Sparkasse Vorderpfalz unterst\u00fctzen auf vielseitige Art lokale und regionale Projekte. Eine der f\u00fcnf Stiftungen ist die Stiftung der ehemaligen Kreis- und Stadtsparkasse Speyer. Sie wurde 1995 gegr\u00fcndet, hat ein Stiftungskapital von 2 Mio. Euro und f\u00f6rdert Projekte in Speyer und dem s\u00fcdlichen Rhein-Pfalz-Kreis. Stiftungszweck ist die F\u00f6rderung der Jugend, der Kultur und des Sports. Das Kuratorium der Sparkassenstiftung besteht aus Oberb\u00fcrgermeisterin Stefanie Seiler, Landrat Clemens K\u00f6rner, Michael Wagner, Otto Reiland, Walter Feiniler sowie Thomas Traue, Vorstandsvorsitzender der Sparkasse Vorderpfalz. Dem Vorstand der Stiftung geh\u00f6ren Oliver Kolb, Stephan Scharl und Konrad Reichert an. Weitere Informationen zu den f\u00fcnf Stiftung der Sparkasse Vorderpfalz: <a rel=\"noreferrer noopener\" href=\"https:\/\/deref-web-02.de\/mail\/client\/Xfg9_psKzI0\/dereferrer\/?redirectUrl=http%3A%2F%2Fwww.sparkasse-vorderpfalz.de%2Fstiftungen\" target=\"_blank\">www.sparkasse-vorderpfalz.de\/stiftungen<\/a>. <\/p>\n\n\n\n<p><em>Text: Sparkasse Vorderpfalz Foto: Sparkasse Vorderpfalz \/ Klaus Venus<br>04.06.2019<\/em><\/p>\n\n\n\n<h2 class=\"wp-block-heading\">Stadtwerke Speyer:<\/h2>\n\n\n\n<div class=\"wp-block-image\"><figure class=\"aligncenter\"><img decoding=\"async\" loading=\"lazy\" width=\"640\" height=\"421\" src=\"https:\/\/speyer24news.com\/wp-content\/uploads\/2019\/06\/SWS-Kundenzentrum.jpg\" alt=\"\" class=\"wp-image-14274\" srcset=\"https:\/\/speyer24news.com\/wp-content\/uploads\/2019\/06\/SWS-Kundenzentrum.jpg 640w, https:\/\/speyer24news.com\/wp-content\/uploads\/2019\/06\/SWS-Kundenzentrum-300x197.jpg 300w\" sizes=\"(max-width: 640px) 100vw, 640px\" \/><\/figure><\/div>\n\n\n\n<h2 class=\"wp-block-heading\">Energiesprechstunde<\/h2>\n\n\n\n<p><strong>Speyer \/ Stadtwerke &#8211; <\/strong>Die Stadtwerke Speyer bieten am <strong>Donnerstag, den 13. Juni<\/strong> eine kostenlose Beratung zur energetischen Sanierung und zum Aufsp\u00fcren von Einsparpotentialen an.<\/p>\n\n\n\n<p>Von 16 bis 18 Uhr ist jeden zweiten Donnerstag im Monat ein Beratungsgespr\u00e4ch im Kundenzentrum der Stadtwerke in der Georg-Peter-S\u00fc\u00df-Stra\u00dfe 2 m\u00f6glich.<\/p>\n\n\n\n<p>Die SWS bitten um telefonische Anmeldung (Tel. 06232\/625-4560) oder um Anmeldung per Mail an <a href=\"office@stadtwerke-speyer.de\">office@stadtwerke-speyer.de<\/a>.<\/p>\n\n\n\n<p><em>Stadtwerke Speyer GmbH<br>04.06.2019<\/em><\/p>\n\n\n\n<h2 class=\"wp-block-heading\">Bundesagentur f\u00fcr Arbeit:<\/h2>\n\n\n\n<div class=\"wp-block-image\"><figure class=\"aligncenter\"><img decoding=\"async\" src=\"https:\/\/speyer24news.com\/wp-content\/uploads\/2019\/06\/Agentur-f\u00fcr-Arbeit.png\" alt=\"\" class=\"wp-image-14275\"\/><\/figure><\/div>\n\n\n\n<h2 class=\"wp-block-heading\">Der Arbeitsmarkt im Mai 2019<\/h2>\n\n\n\n<h3 class=\"wp-block-heading\">Konjunktur bremst Fr\u00fchjahrsbelebung<\/h3>\n\n\n\n<p>\u201eAuf dem Arbeitsmarkt zeigen sich erste Auswirkungen der zuletzt etwas schw\u00e4cheren konjunkturellen Entwicklung: Die Arbeitslosigkeit ist deswegen \u2013 aber auch infolge von Sonderfaktoren \u2013 im Mai gestiegen, die Nachfrage der Betriebe nach neuen Mitarbeitern schw\u00e4cht sich auf hohem Niveau merklich ab, die sozialversicherungspflichtige Besch\u00e4ftigung bleibt aber auf Wachstumskurs.\u201c, sagte der Vorstandsvorsitzende der Bundesagentur f\u00fcr Arbeit (BA), Detlef Scheele, heute anl\u00e4sslich der monatlichen Pressekonferenz in N\u00fcrnberg.<\/p>\n\n\n\n<ul><li>Arbeitslosenzahl im Mai: +7.000 auf 2.236.000<\/li><li>Arbeitslosenzahl im Vorjahresvergleich: -80.000<\/li><li>Arbeitslosenquote gegen\u00fcber Vormonat: unver\u00e4ndert bei 4,9 Prozent<\/li><\/ul>\n\n\n\n<h4 class=\"wp-block-heading\">Arbeitslosigkeit, Unterbesch\u00e4ftigung und Erwerbslosigkeit<\/h4>\n\n\n\n<p>Die Arbeitslosigkeit ist von April auf Mai um 7.000 auf 2.236.000 gestiegen. Bereinigt um die saisonalen Einfl\u00fcsse wird f\u00fcr den Mai eine deutliche Zunahme um 60.000 im Vergleich zum Vormonat errechnet. Dabei entf\u00e4llt der gr\u00f6\u00dfere Teil des Anstiegs auf einen Sondereffekt infolge von Pr\u00fcfaktivit\u00e4ten zum Arbeitsvermittlungsstatus von Arbeitslosengeld II-Berechtigten. Zus\u00e4tzlich zeigen sich aber auch erste Auswirkungen der sich abschw\u00e4chenden Konjunktur auf die Arbeitslosigkeit, insbesondere im Bereich der Arbeitslosenversicherung. Gegen\u00fcber dem Vorjahr waren 80.000 weniger Menschen arbeitslos gemeldet. Die Arbeitslosenquote betr\u00e4gt wie im April 4,9 Prozent. Im Vergleich zum Mai des vorigen Jahres hat sie sich um 0,3 Prozentpunkte verringert. Die nach dem ILO-Erwerbskonzept vom Statistischen Bundesamt ermittelte Erwerbslosenquote belief sich im April auf 3,2 Prozent.<\/p>\n\n\n\n<p>Die Unterbesch\u00e4ftigung, die auch Personen in entlastenden arbeitsmarktpolitischen Ma\u00dfnahmen und in kurzfristiger Arbeitsunf\u00e4higkeit ber\u00fccksichtigt, ist saisonbereinigt gegen\u00fcber dem Vormonat um 42.000 gestiegen. Insgesamt lag die Unterbesch\u00e4ftigung im Mai 2019 bei 3.190.000 Personen. Das waren 94.000 weniger als vor einem Jahr.<\/p>\n\n\n\n<h4 class=\"wp-block-heading\">Erwerbst\u00e4tigkeit und sozialversicherungspflichtige Besch\u00e4ftigung<\/h4>\n\n\n\n<p>Erwerbst\u00e4tigkeit und sozialversicherungspflichtige Besch\u00e4ftigung sind weiter gestiegen. Nach Angaben des Statistischen Bundesamtes ist die Zahl der Erwerbst\u00e4tigen (nach dem Inlandskonzept) im April saisonbereinigt gegen\u00fcber dem Vormonat um 32.000 erh\u00f6ht. Mit 45,11 Millionen Personen fiel sie im Vergleich zum Vorjahr um 484.000 h\u00f6her aus. Das Plus beruht weit \u00fcberwiegend auf dem Zuwachs bei der sozialversicherungspflichtigen Besch\u00e4ftigung. Diese ist im Vergleich zum Vorjahr um 646.000 gestiegen. Insgesamt waren im M\u00e4rz nach hochgerechneten Angaben der BA 33,31 Millionen Menschen sozialversicherungspflichtig besch\u00e4ftigt. Saisonbereinigt ergibt sich von Februar auf M\u00e4rz ein Anstieg um 27.000.<\/p>\n\n\n\n<h4 class=\"wp-block-heading\">Arbeitskr\u00e4ftenachfrage<\/h4>\n\n\n\n<p>Die Nachfrage nach neuen Mitarbeitern bewegt sich auf hohem Niveau, wird aber schw\u00e4cher. Im Mai waren 792.000 Arbeitsstellen bei der BA gemeldet, 1.000 weniger als vor einem Jahr. Saisonbereinigt hat sich der Bestand der bei der BA gemeldeten Arbeitsstellen um 6.000 Stellen verringert. Der Stellenindex der BA (BA-X) \u2013 ein Indikator f\u00fcr die Nachfrage nach Arbeitskr\u00e4ften in Deutschland \u2013 sank im Mai 2019 um 3 Punkte auf 248 Punkte. Er liegt damit -6 Punkte unter dem Vorjahreswert.<\/p>\n\n\n\n<h4 class=\"wp-block-heading\">Geldleistungen<\/h4>\n\n\n\n<p>691.000 Personen erhielten im Mai 2019 Arbeitslosengeld, 21.000 mehr als vor einem Jahr. Die Zahl der erwerbsf\u00e4higen Leistungsberechtigten in der Grundsicherung f\u00fcr Arbeitsuchende (SGB II) lag im Mai bei 3.979.000. Gegen\u00fcber Mai 2018 war dies ein R\u00fcckgang von 223.000 Personen. 7,3 Prozent der in Deutschland lebenden Personen im erwerbsf\u00e4higen Alter waren damit hilfebed\u00fcrftig.<\/p>\n\n\n\n<h4 class=\"wp-block-heading\">Ausbildungsmarkt<\/h4>\n\n\n\n<p>Von Oktober 2018 bis Mai 2019 meldeten sich bei den Agenturen f\u00fcr Arbeit und den Jobcentern 439.000 Bewerber f\u00fcr eine Ausbildungsstelle, 17.000 weniger als im Vorjahreszeitraum. Von diesen waren 200.000 im Mai noch auf der Suche. Gleichzeitig waren 512.000 Ausbildungsstellen gemeldet, 17.000 mehr als vor einem Jahr. Davon waren im Mai noch 266.000 Ausbildungsstellen unbesetzt. Am h\u00e4ufigsten wurden Ausbildungsstellen gemeldet f\u00fcr angehende Kaufleute im Einzelhandel, f\u00fcr Kaufleute f\u00fcr B\u00fcromanagement sowie f\u00fcr Verk\u00e4uferinnen und Verk\u00e4ufer. Wie in den Vorjahren zeigen sich auch 2018\/19 regionale, berufsfachliche und qualifikatorische Disparit\u00e4ten, die den Ausgleich von Angebot und Nachfrage erheblich erschweren.<\/p>\n\n\n\n<p>Den ausf\u00fchrlichen Monatsbericht finden Sie im Internet unter <a href=\"https:\/\/statistik.arbeitsagentur.de\">https:\/\/statistik.arbeitsagentur.de<\/a>.<\/p>\n\n\n\n<p><em>Bundesagentur f\u00fcr Arbeit<br>04.06.2019<\/em><\/p>\n","protected":false},"excerpt":{"rendered":"<div class=\"mh-excerpt\"><p>Sparkasse Vorderpfalz: LBS-Immobilienpreisspiegel f\u00fcr 1.000 St\u00e4dte jetzt online Freie Recherche in umfangreicher Datenbank zum regionalen Wohnungsmarkt m\u00f6glich: www.lbs-markt-fuer-wohnimmobilien.de Ludwigshafen \/ Schifferstadt \/ Speyer &#8211; Wie hoch sind die Baulandpreise in Ludwigshafen, Speyer, Schifferstadt oder Berlin? <a class=\"mh-excerpt-more\" href=\"https:\/\/speyer24news.com\/?p=14264\" title=\"Wirtschaft &#038; Finanzen:\">[&#8230;]<\/a><\/p>\n<\/div>","protected":false},"author":3,"featured_media":0,"comment_status":"open","ping_status":"open","sticky":false,"template":"","format":"standard","meta":{"_monsterinsights_skip_tracking":false,"_monsterinsights_sitenote_active":false,"_monsterinsights_sitenote_note":"","_monsterinsights_sitenote_category":0,"footnotes":""},"categories":[29],"tags":[553,1317,551,1316,1315,1314,577,1313,153,427,127,303,1092,6,193,31,33],"aioseo_notices":[],"amp_enabled":true,"_links":{"self":[{"href":"https:\/\/speyer24news.com\/index.php?rest_route=\/wp\/v2\/posts\/14264"}],"collection":[{"href":"https:\/\/speyer24news.com\/index.php?rest_route=\/wp\/v2\/posts"}],"about":[{"href":"https:\/\/speyer24news.com\/index.php?rest_route=\/wp\/v2\/types\/post"}],"author":[{"embeddable":true,"href":"https:\/\/speyer24news.com\/index.php?rest_route=\/wp\/v2\/users\/3"}],"replies":[{"embeddable":true,"href":"https:\/\/speyer24news.com\/index.php?rest_route=%2Fwp%2Fv2%2Fcomments&post=14264"}],"version-history":[{"count":1,"href":"https:\/\/speyer24news.com\/index.php?rest_route=\/wp\/v2\/posts\/14264\/revisions"}],"predecessor-version":[{"id":14276,"href":"https:\/\/speyer24news.com\/index.php?rest_route=\/wp\/v2\/posts\/14264\/revisions\/14276"}],"wp:attachment":[{"href":"https:\/\/speyer24news.com\/index.php?rest_route=%2Fwp%2Fv2%2Fmedia&parent=14264"}],"wp:term":[{"taxonomy":"category","embeddable":true,"href":"https:\/\/speyer24news.com\/index.php?rest_route=%2Fwp%2Fv2%2Fcategories&post=14264"},{"taxonomy":"post_tag","embeddable":true,"href":"https:\/\/speyer24news.com\/index.php?rest_route=%2Fwp%2Fv2%2Ftags&post=14264"}],"curies":[{"name":"wp","href":"https:\/\/api.w.org\/{rel}","templated":true}]}}