{"id":14277,"date":"2019-06-04T09:54:11","date_gmt":"2019-06-04T08:54:11","guid":{"rendered":"https:\/\/speyer24news.com\/?p=14277"},"modified":"2019-06-04T10:01:49","modified_gmt":"2019-06-04T09:01:49","slug":"polizeimeldungen-64","status":"publish","type":"post","link":"https:\/\/speyer24news.com\/?p=14277","title":{"rendered":"Polizeimeldungen"},"content":{"rendered":"<style type=\"text\/css\">\r\n\t.ads_top_disp{}\r\n\t.ads_top_corner_disp{ float:left; margin:0px 10px 10px 0px; }\r\n\t.ads_first_p_disp{}\r\n\t.ads_bottom_disp{}\r\n\t<\/style>\n<h2 class=\"wp-block-heading\">Polizeimeldungen vom Montag (03.06.2019)<\/h2>\n\n\n\n<div class=\"wp-block-image\"><figure class=\"aligncenter\"><img decoding=\"async\" src=\"https:\/\/speyer24news.com\/wp-content\/uploads\/2019\/05\/Aktuelles-Polizeilogo-3.jpg\" alt=\"\" class=\"wp-image-14074\"\/><\/figure><\/div>\n\n\n\n<h4 class=\"wp-block-heading\">(Speyer) &#8211; Brennender Pkw B 9 \/ Abfahrt Speyer-Nord<\/h4>\n\n\n\n<div class=\"wp-block-image\"><figure class=\"aligncenter\"><img decoding=\"async\" loading=\"lazy\" width=\"800\" height=\"600\" src=\"https:\/\/speyer24news.com\/wp-content\/uploads\/2019\/06\/03.06.19-SP-Brennender-PKW.jpg\" alt=\"\" class=\"wp-image-14278\" srcset=\"https:\/\/speyer24news.com\/wp-content\/uploads\/2019\/06\/03.06.19-SP-Brennender-PKW.jpg 800w, https:\/\/speyer24news.com\/wp-content\/uploads\/2019\/06\/03.06.19-SP-Brennender-PKW-300x225.jpg 300w, https:\/\/speyer24news.com\/wp-content\/uploads\/2019\/06\/03.06.19-SP-Brennender-PKW-768x576.jpg 768w, https:\/\/speyer24news.com\/wp-content\/uploads\/2019\/06\/03.06.19-SP-Brennender-PKW-678x509.jpg 678w, https:\/\/speyer24news.com\/wp-content\/uploads\/2019\/06\/03.06.19-SP-Brennender-PKW-326x245.jpg 326w, https:\/\/speyer24news.com\/wp-content\/uploads\/2019\/06\/03.06.19-SP-Brennender-PKW-80x60.jpg 80w\" sizes=\"(max-width: 800px) 100vw, 800px\" \/><\/figure><\/div>\n\n\n\n<p>Ein Renault Kangoo befuhr am Montagmorgen die B9 in Richtung Germersheim. Vermutlich aufgrund eines technischen Defekts entz\u00fcndete sich das Fahrzeug im Bereich der Abfahrt Speyer\/Nord im Motorraum und brannte im weiteren Verlauf v\u00f6llig aus. Es wurde durch die Feuerwehr Speyer abgel\u00f6scht und durch einen Abschleppdienst von der Brandstelle verbracht. Durch die enorme Hitzeentwicklung d\u00fcrfte laut Einsch\u00e4tzung der Stra\u00dfenmeisterei ebenfalls Schaden an der Fahrbahndecke der Abfahrt entstanden sein. Der Gesamtschaden an Pkw und Fahrbahndecke wird derzeit auf ca. 20.000 Euro gesch\u00e4tzt. Die beide Fahrzeuginsassen des in Brand geratenen Pkw konnten diesen noch rechtzeitig verlassen, wurden aber mit Verdacht auf eine Rauchgasintoxikation in ein \u00f6rtliches Krankenhaus verbracht. Weitere Verkehrsteilnehmer oder Einsatzkr\u00e4fte wurde durch das brennende Fahrzeug  nicht gesch\u00e4digt. Die Abfahrt musste jedoch f\u00fcr ca. 1 Stunde gesperrt werden, was teilweise zu deutlichem R\u00fcckstau des auf der B9 befindlichen Verkehrs f\u00fchrte. <\/p>\n\n\n\n<h4 class=\"wp-block-heading\">(Speyer) &#8211; Mofadiebstahl Steinh\u00e4userw\u00fchlsee<\/h4>\n\n\n\n<p>Der Gesch\u00e4digte stellte Freitagabend (22 &#8211; 00:10 Uhr) seinen Mofaroller Keeway f\u00fcr ca. 2 Stunden unabgeschlossen im Bereich Steinh\u00e4userw\u00fchlsee ab. Bei seiner R\u00fcckkehr an die Abstell\u00f6rtlichkeit, stellte er das Fehlen seines Zweirads fest. Die Schadensh\u00f6he betr\u00e4gt ca. 1500 Euro. Derzeit liegen keinerlei T\u00e4terhinweis vor. Zeugenhinweise nimmt die Polizei unter Tel.-Nr.  06232-1370 oder per Mail an <a href=\"mailto:pispeyer@polizei.rlp.de\">pispeyer@polizei.rlp.de<\/a> entgegen. <\/p>\n\n\n\n<h4 class=\"wp-block-heading\">(Speyer) &#8211; Sachbesch\u00e4digung durch Graffiti<\/h4>\n\n\n\n<p>Im Rahmen der Streife konnten am Freitagabend hinter der Stadthalle mehrere Jugendliche einer Personenkontrolle unterzogen werden. Hierbei fielen den kontrollierenden Polizeibeamten mehrere frische Graffitis an dortiger Wand auf. Zudem konnte eine schwarze Graffitidose an der  Kontroll\u00f6rtlichkeit aufgefunden werden. Die Jugendlichen bestritten wenig glaubhaft, etwas mit den Schmierereien zu tun zu haben.  Freundlicherweise befand sich unter den Graffiti-Schmierereien auch ein  frisches Graffiti mit den Initialen einer der kontrollieren Personen, die bereits zur\u00fcckliegend erheblich polizeilich in Erscheinung getreten ist. <\/p>\n\n\n\n<h4 class=\"wp-block-heading\">(Otterstadt) &#8211; K\u00f6rperverletzung am Badestrand Kollerinsel<\/h4>\n\n\n\n<p>Ein 59-J\u00e4hriger und ein 25-J\u00e4hriger gerieten am Sonntagnachmittag am Badestrand Kollerinsel  wegen des freilaufenden Dobermanns des 25-J\u00e4hrigen in Streit. Im Rahmen  des Streits schlug der Hundehalter den 59-J\u00e4hrigen Beschwerdef\u00fchrer mit  der Faust einmal ins Gesicht, dass dieser eine blutende Wunde im Bereich  der Stirn aufwies. Der Vorfall wurde durch mehrere weitere  Strandbesucher mitverfolgen. <\/p>\n\n\n\n<h4 class=\"wp-block-heading\">(R\u00f6merberg-Mechtersheim) &#8211; Unfallfl\u00fcchtiges Motorrad<\/h4>\n\n\n\n<p>Beim Befahren der Speyerer Stra\u00dfe in Mechtersheim touchierte am Sonntagnachmittag ein Motorradfahrer (Kennzeichen und Fahrzeugtyp nicht bekannt) den linken Au\u00dfenspiegel einer entgegengesetzt fahrenden Pkw-Fahrerin. Der Au\u00dfenspiegel des Renault Scenic wurde hierdurch besch\u00e4digt (ca. 150EUR  Sachschaden). Der Motorradfahrer solle sich noch umgeschaut, danach jedoch seine Fahrt fortgesetzt haben, ohne sich um den entstandenen Schaden zu k\u00fcmmern. Zeugenhinweise nimmt die Polizei unter Tel.-Nr. 06232-1370 oder per Mail an <a href=\"mailto:pispeyer@polizei.rlp.de\">pispeyer@polizei.rlp.de<\/a> entgegen. <\/p>\n\n\n\n<h4 class=\"wp-block-heading\">(R\u00fclzheim) &#8211; Gitterbox in Brand geraten<\/h4>\n\n\n\n<p>Zu einem gemeinsamen Einsatz von Feuerwehr und Polizei kam es am  Sonntagmittag gegen 15.30 Uhr im Industriegebiet in R\u00fclzheim. Eine  Gitterbox, in welcher Abfallreste lagerten, hatte sich vermutlich auf  Grund der Hitze selbst entz\u00fcndet. Die Feuerwehr konnte das Feuer  umgehend l\u00f6schen. Ein Hinweis auf Fremdeinwirkung lag nicht vor. Es  entstand lediglich Sachschaden. <\/p>\n\n\n\n<h4 class=\"wp-block-heading\">(R\u00fclzheim) &#8211; Medizinischer Notfall endet mit Drogenfund<\/h4>\n\n\n\n<p>Zu einem medizinischen Notfall wurden Polizeibeamte am Sonntagmorgen  gegen 7 Uhr ins Industriegebiet hinzugerufen. Ein 20 J\u00e4hriger und ein 25  J\u00e4hriger hatten zun\u00e4chst einen Krankenwagen angefordert, da der \u00c4ltere  pl\u00f6tzlich \u00fcber Kreislaufprobleme klagte. Vor Ort stellte sich heraus,  dass die beiden M\u00e4nner zuvor einen Joint geraucht hatten. Bei dem 20 &#8211;  J\u00e4hrigen konnte letztlich noch eine geringe Menge Cannabis fest-\/und  sichergestellt werden. Ein Verfahren wegen Versto\u00df gegen das  Bet\u00e4ubungsmittelgesetz wurde eingeleitet. Der 25 J\u00e4hrige wurde  medizinisch versorgt und kam zur weiteren Untersuchung in ein  Krankenhaus. <\/p>\n\n\n\n<h4 class=\"wp-block-heading\">(Kandel) &#8211; PKW f\u00e4ngt w\u00e4hrend der Fahrt an zu brennen<\/h4>\n\n\n\n<div class=\"wp-block-image\"><figure class=\"aligncenter\"><img decoding=\"async\" loading=\"lazy\" width=\"800\" height=\"579\" src=\"https:\/\/speyer24news.com\/wp-content\/uploads\/2019\/06\/03.06.19-Kandel-brennender-PKW.jpg\" alt=\"\" class=\"wp-image-14279\" srcset=\"https:\/\/speyer24news.com\/wp-content\/uploads\/2019\/06\/03.06.19-Kandel-brennender-PKW.jpg 800w, https:\/\/speyer24news.com\/wp-content\/uploads\/2019\/06\/03.06.19-Kandel-brennender-PKW-300x217.jpg 300w, https:\/\/speyer24news.com\/wp-content\/uploads\/2019\/06\/03.06.19-Kandel-brennender-PKW-768x556.jpg 768w\" sizes=\"(max-width: 800px) 100vw, 800px\" \/><\/figure><\/div>\n\n\n\n<p>Am 03.06.2019 wurde um 09:24 Uhr ein brennender PKW auf der BAB  65 in Fahrtrichtung Landau mitgeteilt. Beim Eintreffen der Einsatzkr\u00e4fte befand sich der Mercedes bereits im Vollbrand. Der Fahrer konnte sich unverletzt aus dem Fahrzeug befreien. Auf Grund des Brandausma\u00dfes musste die Strecke zwischen Kandel-Mitte und Nord in beiden Fahrtrichtungen kurzfristig komplett gesperrt werden. <\/p>\n\n\n\n<h4 class=\"wp-block-heading\">(Altdorf) &#8211; Schlange wird fl\u00fcgge<\/h4>\n\n\n\n<div class=\"wp-block-image\"><figure class=\"aligncenter\"><img decoding=\"async\" loading=\"lazy\" width=\"800\" height=\"532\" src=\"https:\/\/speyer24news.com\/wp-content\/uploads\/2019\/06\/03.06.19-Altdorf-Schlange2.jpg\" alt=\"\" class=\"wp-image-14280\" srcset=\"https:\/\/speyer24news.com\/wp-content\/uploads\/2019\/06\/03.06.19-Altdorf-Schlange2.jpg 800w, https:\/\/speyer24news.com\/wp-content\/uploads\/2019\/06\/03.06.19-Altdorf-Schlange2-300x200.jpg 300w, https:\/\/speyer24news.com\/wp-content\/uploads\/2019\/06\/03.06.19-Altdorf-Schlange2-768x511.jpg 768w\" sizes=\"(max-width: 800px) 100vw, 800px\" \/><\/figure><\/div>\n\n\n\n<p>Zu einem tierischen Einsatz wurden Beamte der Polizeiinspektion  Edenkoben am Montagnachmittag gegen 16:00 Uhr gerufen. Eine  Mitarbeiterin der B\u00e4ckereifiliale in der Ortsmitte wusste sich mit einer  orangenen, etwa zwei Meter gro\u00dfen Schlange nicht mehr zu helfen, welche  im Hof umherkroch. <\/p>\n\n\n\n<div class=\"wp-block-image\"><figure class=\"aligncenter\"><img decoding=\"async\" loading=\"lazy\" width=\"800\" height=\"600\" src=\"https:\/\/speyer24news.com\/wp-content\/uploads\/2019\/06\/03.06.19-Altdorf-Schlange.jpg\" alt=\"\" class=\"wp-image-14281\" srcset=\"https:\/\/speyer24news.com\/wp-content\/uploads\/2019\/06\/03.06.19-Altdorf-Schlange.jpg 800w, https:\/\/speyer24news.com\/wp-content\/uploads\/2019\/06\/03.06.19-Altdorf-Schlange-300x225.jpg 300w, https:\/\/speyer24news.com\/wp-content\/uploads\/2019\/06\/03.06.19-Altdorf-Schlange-768x576.jpg 768w, https:\/\/speyer24news.com\/wp-content\/uploads\/2019\/06\/03.06.19-Altdorf-Schlange-678x509.jpg 678w, https:\/\/speyer24news.com\/wp-content\/uploads\/2019\/06\/03.06.19-Altdorf-Schlange-326x245.jpg 326w, https:\/\/speyer24news.com\/wp-content\/uploads\/2019\/06\/03.06.19-Altdorf-Schlange-80x60.jpg 80w\" sizes=\"(max-width: 800px) 100vw, 800px\" \/><\/figure><\/div>\n\n\n\n<p>Da es sich augenscheinlich um kein heimisches Tier  handelte und nicht auszuschlie\u00dfen war, dass das Reptil giftig ist, wurde ein Spezialist aus Landau und die Freiwillige Feuerwehr Altdorf auf den Plan gerufen, durch welche das Tier schlie\u00dflich eingefangen werden konnte. Letztlich stellte sich heraus, dass es sich um eine harmlose s\u00fcdamerikanische Kornnatter handelte, die einer Familie aus der Nachbarschaft geh\u00f6rte. <\/p>\n\n\n\n<h4 class=\"wp-block-heading\">(Neustadt) &#8211; In Scheune eingebrochen und Maschinen gestohlen<\/h4>\n\n\n\n<p>Im Zeitraum von 25.05.2019 bis 01.06.2019 entwendeten bislang  Unbekannte aus einer Scheune im Harth\u00e4user Weg ein schweres  Schwei\u00dfger\u00e4t, eine Kettens\u00e4ge sowie ein Freischneider und eine  Astschere.  Zun\u00e4chst durchnitten sie den Maschendrahtzaun und hebelten  danach die Scheunen- und eine Werkstattt\u00fcr auf. Die Gesamtschadensh\u00f6he  wird mit ca. 3000 Euro angegeben. M\u00f6gliche Zeugen werden gebeten, sich  mit der Polizei Neustadt unter 06321 854-0 oder per E-Mail unter <a href=\"mailto:pineustadt@polizei.rlp.de\">pineustadt@polizei.rlp.de<\/a> in Verbindung zu setzen. <\/p>\n\n\n\n<h4 class=\"wp-block-heading\">(Neustadt) &#8211; Unter Drogeneinfluss im Stra\u00dfenverkehr unterwegs<\/h4>\n\n\n\n<p>Ein 27-j\u00e4hriger Mann aus Neustadt wurde am Freitag einer  Verkehrskontrolle unterzogen, da er mit seinem Pkw offensichtlich zu  schnell unterwegs war. Bei der Kontrolle bemerkten die Beamten, dass der  Fahrer augenscheinlich unter Drogeneinflu\u00df stand. Ein Drogenschnelltest  best\u00e4tigte den Verdacht auf Amphetamin und Opiate. Der 27-J\u00e4hrige  f\u00fchrte das Ergebnis auf die Einnahme eines Fitnessgetr\u00e4nks zur\u00fcck. Ihm  wurde eine Blutprobe entnommen. <\/p>\n\n\n\n<h4 class=\"wp-block-heading\">(Neustadt) &#8211; Hoher Schaden durch Sachbesch\u00e4digung an Rebst\u00f6cken<\/h4>\n\n\n\n<p>Bereits \u00fcber Christi Himmelfahrt wurden in einem Weinberg in der  Probstgasse Reben mit einem Kantholz besch\u00e4digt. Die Reben wurden  teilweise abgeschlagen, so dass ein Schaden in H\u00f6he von ca. 3000 Euro  entstand. M\u00f6gliche Zeugen werden gebeten, sich mit der Polizei Neustadt  unter 06321 854-0 oder per E-Mail unter <a href=\"mailto:pineustadt@polizei.rlp.de\">pineustadt@polizei.rlp.de<\/a> in Verbindung zu setzen. <\/p>\n\n\n\n<h4 class=\"wp-block-heading\">(Deidesheim) &#8211; Der Spanngurt h\u00e4lt&#8230;<\/h4>\n\n\n\n<div class=\"wp-block-image\"><figure class=\"aligncenter\"><img decoding=\"async\" loading=\"lazy\" width=\"800\" height=\"553\" src=\"https:\/\/speyer24news.com\/wp-content\/uploads\/2019\/06\/03.06.19-Deidesheim-Spanngurt2.jpg\" alt=\"\" class=\"wp-image-14282\" srcset=\"https:\/\/speyer24news.com\/wp-content\/uploads\/2019\/06\/03.06.19-Deidesheim-Spanngurt2.jpg 800w, https:\/\/speyer24news.com\/wp-content\/uploads\/2019\/06\/03.06.19-Deidesheim-Spanngurt2-300x207.jpg 300w, https:\/\/speyer24news.com\/wp-content\/uploads\/2019\/06\/03.06.19-Deidesheim-Spanngurt2-768x531.jpg 768w\" sizes=\"(max-width: 800px) 100vw, 800px\" \/><\/figure><\/div>\n\n\n\n<p>Einen Platz im Kabinett der Kuriosit\u00e4ten d\u00fcrfte einem Einsatz sicher sein, welcher sich am Montagnachmittag gegen 14:45 Uhr auf der A65 zwischen den Anschlussstellen Deidesheim und Neustadt-Nord ereignete. Gemeldet wurde durch Verkehrsteilnehmer zun\u00e4chst ein umherfliegender Spanngurt \u00fcber den Fahrbahnen in Richtung Karlsruhe. Als dieser jedoch von den Polizeibeamten entfernt werden sollten, staunten jene nicht schlecht. Der Haken war so verbogen und vermutlich durch dar\u00fcberfahrende LKW derart in den Asphalt gesto\u00dfen worden, dass er nur durch erh\u00f6hte Kraftanstrengung wieder herausgezogen werden konnte.<\/p>\n\n\n\n<div class=\"wp-block-image\"><figure class=\"aligncenter\"><img decoding=\"async\" loading=\"lazy\" width=\"800\" height=\"555\" src=\"https:\/\/speyer24news.com\/wp-content\/uploads\/2019\/06\/03.06.19-Deidesheim-Spanngurt.jpg\" alt=\"\" class=\"wp-image-14283\" srcset=\"https:\/\/speyer24news.com\/wp-content\/uploads\/2019\/06\/03.06.19-Deidesheim-Spanngurt.jpg 800w, https:\/\/speyer24news.com\/wp-content\/uploads\/2019\/06\/03.06.19-Deidesheim-Spanngurt-300x208.jpg 300w, https:\/\/speyer24news.com\/wp-content\/uploads\/2019\/06\/03.06.19-Deidesheim-Spanngurt-768x533.jpg 768w\" sizes=\"(max-width: 800px) 100vw, 800px\" \/><\/figure><\/div>\n\n\n\n<p>Hierdurch musste der rechte Fahrstreifen f\u00fcr eine kurze Zeit gesperrt werden. Die hinzugerufene Autobahnmeisterei konnte das Loch wieder flicken und gab die Fahrbahn im Anschluss wieder frei. Ein Verursacher ist nicht bekannt. <\/p>\n\n\n\n<h4 class=\"wp-block-heading\">(Bad D\u00fcrkheim) &#8211; Verkehrsunfall mit verletztem Rollerfahrer und verletzter Sozia<\/h4>\n\n\n\n<div class=\"wp-block-image\"><figure class=\"aligncenter\"><img decoding=\"async\" loading=\"lazy\" width=\"800\" height=\"518\" src=\"https:\/\/speyer24news.com\/wp-content\/uploads\/2019\/06\/02.06.19-D\u00dcW-Roller-VU.jpg\" alt=\"\" class=\"wp-image-14284\" srcset=\"https:\/\/speyer24news.com\/wp-content\/uploads\/2019\/06\/02.06.19-D\u00dcW-Roller-VU.jpg 800w, https:\/\/speyer24news.com\/wp-content\/uploads\/2019\/06\/02.06.19-D\u00dcW-Roller-VU-300x194.jpg 300w, https:\/\/speyer24news.com\/wp-content\/uploads\/2019\/06\/02.06.19-D\u00dcW-Roller-VU-768x497.jpg 768w\" sizes=\"(max-width: 800px) 100vw, 800px\" \/><\/figure><\/div>\n\n\n\n<p>Am 02.06.2019 kam es gegen 16:50 Uhr auf der B 37 zwischen Bad D\u00fcrkheim  und der Auffahrt zur BAB 650 zu einem Verkehrsunfall zwischen einem  Rollerfahrer und einem Pkw. Ein 41-J\u00e4hriger aus Bad D\u00fcrkheim befuhr  dabei mit seinem Pkw die B 37 aus Richtung Bad D\u00fcrkheim kommend in  Fahrtrichtung BAB 650. Trotz gro\u00dfen Verkehrsaufkommens wendete der  41-J\u00e4hrigen seinen Pkw um wieder zur\u00fcck nach Bad D\u00fcrkheim fahren zu  k\u00f6nnen. Bei dem Wendeman\u00f6ver untersch\u00e4tzte er jedoch die Geschwindigkeit  eines entgegenkommend Rollerfahrers, wodurch es zum Zusammensto\u00df beider  Fahrzeuge kam. Der 17-j\u00e4hrige Rollerfahrer aus Bad D\u00fcrkheim kam hierbei  zu Fall und verletzte sich leicht. Die 16-J\u00e4hrige Sozia des  Rollerfahrers wurde ebenfalls leicht verletzt und im Anschluss zwecks  weiterer Untersuchungen in ein nahegelegenes Krankenhaus verbracht. Der  nicht mehr fahrbereite Roller musste abgeschleppt werden. Die  Gesamtschadensh\u00f6he wird auf 3500,- Euro gesch\u00e4tzt. <\/p>\n\n\n\n<h4 class=\"wp-block-heading\">(Gemarkung Carlsberg) &#8211; Waldbrand  <\/h4>\n\n\n\n<p>Am 03.06.2019, gegen 12.19 Uhr, wurde ein Waldbrand, Gemarkung  Carlsberg, ca. 500 m vom Parkplatz &#8222;Wegweiser&#8220; entfernt durch die  Integrierte Leitstelle der Polizei Gr\u00fcnstadt gemeldet. Ca. 20 Mann der  Feuerwehren Carlsberg und Hettenleidelheim hatten den Brand, der sich  auf einer Fl\u00e4che von ca. 500 m2 ausgebreitet hatte, schnell unter  Kontrolle und konnten durch ihr schnelles Eingreifen eine gr\u00f6\u00dfere  Brandausbreitung vermeiden. Die Ermittlungen zur Brandursache dauern an.  Hinweise auf eine Brandstiftung liegen derzeit nicht vor, k\u00f6nnen aber  auch nicht ausgeschlossen werden. <\/p>\n\n\n\n<h4 class=\"wp-block-heading\">(Freinsheim) &#8211; Betrunken mit Transporter unterwegs<\/h4>\n\n\n\n<p>Am 02.06.2019 kurz vor 22:00 Uhr teilte eine Verkehrsteilnehmerin der  Polizeiinspektion Bad D\u00fcrkheim einen sehr langsam fahrenden Transporter  mit, welcher auf der Strecke von Weisenheim am Sand bis Freinsheim immer  wieder auf die Gegenfahrbahn geraten sei. Letztlich konnte die  Verkehrsteilnehmerin beobachten, wie der Fahrer des Transporters in ein  Weingut in Freinsheim einbog und mehr oder weniger fallend aus dem  Transporter ausstieg. Der Fahrer des Transporters konnte schlie\u00dflich  ausfindig gemacht werden. Es handelte sich hierbei um einen 35-j\u00e4hrigen  Saisonarbeiter. Ein durchgef\u00fchrter Atemalkoholtest ergab den stolzen  Wert von 2,90 Promille. Dem 35-J\u00e4hrigen wurde im Anschluss auf der  Dienststelle eine Blutprobe entnommen. Sein F\u00fchrerschein wurde  beschlagnahmt. Ein Strafverfahren wegen Trunkenheit im Verkehr wurde  eingeleitet. <\/p>\n\n\n\n<h4 class=\"wp-block-heading\">(Ludwigshafen) &#8211; Edelsteine\/Mineralsteine aus Gartenmauer gestohlen<\/h4>\n\n\n\n<p>In der Zeit zwischen dem 31.05.2019 gegen 22:00 Uhr und dem 02.06.2019  gegen 16:30 Uhr stahlen unbekannte T\u00e4ter von einer Gartenmauer eines  Anwesens in der Von-Sturmfeder-Stra\u00dfe, Edelsteine\/Mineralsteine, die  dort kurz zuvor angebracht worden waren, im Wert von mehreren hundert  Euro. Sachdienliche Hinweise bitte an die Polizeiinspektion Ludwigshafen  1, Telefonnummer 0621 963-2122 oder per e-Mail <a href=\"mailto:piludwigshafen1@polizei.rlp.de\">piludwigshafen1@polizei.rlp.de<\/a> . <\/p>\n\n\n\n<h4 class=\"wp-block-heading\">(Ludwigshafen) &#8211; F\u00fchrer- und Fahrzeugschein aus Auto gestohlen<\/h4>\n\n\n\n<p>In der Zeit zwischen dem 31.05.2019 gegen 20:30 Uhr und dem 02.06.2019  gegen 11.00 Uhr stahlen unbekannte T\u00e4ter aus einem Opel Astra, der in  der Kirchenstra\u00dfe geparkt war, F\u00fchrerschein und Fahrzeugschein.  Sachdienliche Hinweise bitte an die Polizeiinspektion Ludwigshafen 2   unter der Telefonnummer 0621 963-2222 oder per E-Mail <a href=\"mailto:piludwigshafen2@polizei.rlp.de\">piludwigshafen2@polizei.rlp.de<\/a>. <\/p>\n\n\n\n<h4 class=\"wp-block-heading\">(Ludwigshafen) &#8211; In Kellerabteile eingebrochen<\/h4>\n\n\n\n<p>In der Zeit zwischen dem 31.03.2019 gegen 08:30 Uhr und dem 02.06.2019  gegen 10:00 Uhr brachen unbekannte T\u00e4ter insgesamt neun Kellerabteile  eines Mehrfamilienhauses in der Schulstra\u00dfe auf. Sie stahlen ein blaues  Fahrrad sowie einen Werkzeugkasten mit Malerwerkzeug. Ob und was noch  gestohlen wurde, steht derzeit noch nicht fest. Sachdienliche Hinweise  bitte an die Polizeiinspektion Ludwigshafen 1, Telefonnummer 0621  963-2122 oder per e-Mail <a href=\"mailto:piludwigshafen1@polizei.rlp.de\">piludwigshafen1@polizei.rlp.de<\/a> . <\/p>\n\n\n\n<h4 class=\"wp-block-heading\">(Ludwigshafen) &#8211; Sexuelle Bel\u00e4stigung an der Unterf\u00fchrung Bahnhof Mitte<\/h4>\n\n\n\n<p>Am fr\u00fchen Sonntagmorgen (02.06.2019 gegen 04:30) Uhr waren eine 17-J\u00e4hrige und eine 19-J\u00e4hrige in Ludwigshafen unterwegs. Als sie an der  Unterf\u00fchrung zum Bahnhof Mitte waren, seien sie von einem unbekannten   <\/p>\n\n\n\n<ul><li>jungen Mann<\/li><li>etwa 1,70 m gro\u00df mit <\/li><li>kurzen schwarzen\/braunen Haaren<\/li><li>bekleidet mit einer dunkelblauen Jeans und einem grauen Sweatshirt<\/li><\/ul>\n\n\n\n<p>angesprochen worden. Danach habe der Unbekannte zun\u00e4chst der 17-J\u00e4hrigen und dann der 19-J\u00e4hrigen an die Brust gefasst. Als die beiden  Jugendlichen um Hilfe schrien, sei der Unbekannte in Richtung Yorckstra\u00dfe gefl\u00fcchtet. Bis dorthin h\u00e4tten die beiden Jugendlichen ihn verfolgt, dann sei er in Richtung Rheinufer gelaufen. Die verst\u00e4ndigten Polizeibeamten suchten die Umgebung ab, fanden aber niemanden. Sachdienliche Hinweise nimmt die Kriminalpolizei Ludwigshafen unter der Telefonnummer 0621\/963-2773 oder per Email <a href=\"mailto:kiludwigshafen@polizei.rlp.de\">kiludwigshafen@polizei.rlp.de<\/a> entgegen. <\/p>\n\n\n\n<h4 class=\"wp-block-heading\">(Ludwigshafen) &#8211; Versuchter Einbruch in Wohnung<\/h4>\n\n\n\n<p>In der Zeit zwischen dem 28.05.2019 gegen 15:00 Uhr und dem 01.06.2019  gegen 17:00 Uhr versuchten unbekannte T\u00e4ter in eine Wohnung in der  Christine-Teusch-Anlage einzubrechen. Es gelang ihnen jedoch nicht, die  Wohnungst\u00fcr aufzubrechen. Sachdienliche Hinweise nimmt die  Kriminalpolizei Ludwigshafen unter der Telefonnummer 0621\/963-2773 oder  per Email <a href=\"mailto:kiludwigshafen@polizei.rlp.de\">kiludwigshafen@polizei.rlp.de<\/a> entgegen. <\/p>\n\n\n\n<h4 class=\"wp-block-heading\">(Mannheim) &#8211; 32-J\u00e4hriger und 33-J\u00e4hriger wegen des dringenden Verdachts des unerlaubten Handeltreibens mit Bet\u00e4ubungsmitteln in nicht  geringer Menge auf Antrag der Staatsanwaltschaft Mannheim in U-Haft<\/h4>\n\n\n\n<p><strong>Gemeinsame Pressemitteilung der Staatsanwaltschaft und des Polizeipr\u00e4sidiums Mannheim <\/strong><\/p>\n\n\n\n<div class=\"wp-block-image\"><figure class=\"aligncenter\"><img decoding=\"async\" loading=\"lazy\" width=\"640\" height=\"480\" src=\"https:\/\/speyer24news.com\/wp-content\/uploads\/2019\/05\/Drogen-Beispielbild.jpg\" alt=\"\" class=\"wp-image-14107\" srcset=\"https:\/\/speyer24news.com\/wp-content\/uploads\/2019\/05\/Drogen-Beispielbild.jpg 640w, https:\/\/speyer24news.com\/wp-content\/uploads\/2019\/05\/Drogen-Beispielbild-300x225.jpg 300w, https:\/\/speyer24news.com\/wp-content\/uploads\/2019\/05\/Drogen-Beispielbild-326x245.jpg 326w, https:\/\/speyer24news.com\/wp-content\/uploads\/2019\/05\/Drogen-Beispielbild-80x60.jpg 80w\" sizes=\"(max-width: 640px) 100vw, 640px\" \/><figcaption>Beispielfoto einer Drogenbeschlagnahme in Mannheim<\/figcaption><\/figure><\/div>\n\n\n\n<p>Auf\n Antrag der Staatsanwaltschaft Mannheim erlie\u00df das Amtsgericht Mannheim \nzun\u00e4chst am 22.05.2019 Haftbefehle gegen einen 33-j\u00e4hrigen und einen \n34-j\u00e4hrigen Mann mit deutschen Staatsangeh\u00f6rigkeiten. Au\u00dferdem wurde am \n29.05.2019 ein weiterer Haftbefehl gegen einen 32-j\u00e4hrigen Deutschen \nerlassen. <\/p>\n\n\n\n<p>Nach derzeitigem Ermittlungsstand sollen sich die \nbeiden 32 und 33 Jahre alten M\u00e4nner dazu entschlossen haben im Bereich \nMannheim\/ Viernheim einen schwunghaften Handel mit Bet\u00e4ubungsmitteln zu \nbetreiben. Beide sollen aus der Wohnung des 33-J\u00e4hrigen in Viernheim \nheraus die Bet\u00e4ubungsmittel portioniert verkauft haben. <\/p>\n\n\n\n<p>Unter \nLeitung der Ermittlungsgruppe Rauschgift der Kriminalpolizeidirektion \nHeidelberg mit Unterst\u00fctzung von Polizeikr\u00e4ften des Polizeipr\u00e4sidiums \nEinsatz wurde am 21.05.2019 mehrere Wohnungen in Mannheim und Viernheim \ndurchsucht. <\/p>\n\n\n\n<p>Es wurden rund 7,6 Kilogramm Marihuana, 1 Kilogramm \nAmphetamin, 60 Gramm Kokain und Dealgeld von knapp 2.000 Euro \naufgefunden und beschlagnahmt. Neben den Bet\u00e4ubungsmitteln lagen eine \nSchreckschusswaffe mit Munition und zwei Messer, die ebenfalls \nbeschlagnahmt wurden. Der beschuldigte 33-J\u00e4hrige wurde vorl\u00e4ufig \nfestgenommen. <\/p>\n\n\n\n<p>Ein weiterer 34-j\u00e4hriger Mann steht in diesem \nZusammenhang im dringenden Verdacht von dem 32-j\u00e4hrigen Mann im Zeitraum\n Januar bis Mai 2019 in mehreren Chargen insgesamt 2,5 Kilogramm \nMarihuana und 500 Gramm Amphetamin in Mannheim und Viernheim gekauft zu \nhaben. Dieses habe er in Portionen von 50 Gramm teilweise \nweiterver\u00e4u\u00dfert. Bei der Durchsuchung seiner Wohnung wurden noch \u00fcber 2 \nKilogramm Marihuana, circa 175 Gramm Amphetamin und knapp 4.000 Euro \nDealgeld beschlagnahmt. <\/p>\n\n\n\n<p>Der 34-J\u00e4hrige wurde ebenfalls am 21.05.2019 vorl\u00e4ufig festgenommen. <\/p>\n\n\n\n<p>Der\n sich zun\u00e4chst noch auf der Flucht befindliche 32-j\u00e4hrige dringend \nTatverd\u00e4chtige konnte am 28.05.2019 ebenfalls widerstandslos in \nViernheim vorl\u00e4ufig festgenommen werden. <\/p>\n\n\n\n<p>Auf Antrag der \nStaatsanwaltschaft Mannheim wurden die beiden 33 und 34  Jahre alten \nM\u00e4nner am 22.05.2019 dem Ermittlungsrichter des Amtsgerichts Mannheim \nvorgef\u00fchrt. Dieser erlie\u00df gegen den 33-J\u00e4hrigen Beschuldigten Haftbefehl\n und setzte den Haftbefehl gegen den 34-J\u00e4hrigen gegen Auflagen au\u00dfer \nVollzug. Der 33-J\u00e4hrige wurde danach in eine Justizvollzuganstalt \neingeliefert. Gegen den 32-J\u00e4hrigen erlie\u00df der Ermittlungsrichter am \n29.05.2019 Haftbefehl, sodann wurde er ebenfalls in eine \nJustizvollzugsanstalt verbracht. <\/p>\n\n\n\n<p>Die Ermittlungen der Staatsanwaltschaft Mannheim und der Ermittlungsgruppe Rauschgift dauern an. <\/p>\n\n\n\n<h4 class=\"wp-block-heading\">(Mannheim-Innenstadt) &#8211; Radfahrer kollidiert auf Radweg mit Fu\u00dfg\u00e4nger und prallt gegen vorbeifahrenden Ford \/ Fu\u00dfg\u00e4nger gefl\u00fcchtet &#8211; Zeugen  gesucht!<\/h4>\n\n\n\n<p>Ein bislang unbekannter Fu\u00dfg\u00e4nger ist nach einem Zusammensto\u00df mit einem Radfahrer am Samstagmittag, kurz vor 14 Uhr, im Quadrat I2 gefl\u00fcchtet.  Der 24-j\u00e4hrige Radfahrer befuhr verbotswidrig in entgegengesetzter  Richtung den Radweg vom Marktplatz in Richtung Luisenring, als es in  H\u00f6he des I-Quadrats zum Zusammensto\u00df mit dem Mann kam, der vermutlich  die Stra\u00dfe \u00fcberqueren wollte. Der 24-J\u00e4hrige prallte nach der Kollision  mit seinem Fahrrad gegen einen vorbeifahrenden Ford, welcher besch\u00e4digt  wurde. Der Fu\u00dfg\u00e4nger teilte den Beteiligten mit, dass er sein Auto  schnell Umparken m\u00fcsse und entfernte sich einfach von der Unfallstelle.  Durch die Kollision zog sich der Radfahrer leichte Verletzungen zu, eine  Behandlung vor Ort war aber nicht notwendig. <\/p>\n\n\n\n<p>Die Beteiligten  beschrieben den Unbekannten wie folgt: <\/p>\n\n\n\n<ul><li>m\u00e4nnlich<\/li><li>ca. 60 Jahre alt<\/li><li>hatte keinen Bart<\/li><li>trug eine Brille<\/li><li>einen wei\u00df-grauen Hut und eine graue Jacke. <\/li><\/ul>\n\n\n\n<p>Am Zweirad sowie am Ford entstand Sachschaden in H\u00f6he von mehreren Tausend Euro. <\/p>\n\n\n\n<p>Die  Ermittler des Polizeireviers Mannheim-Innenstadt suchen nun Zeugen, die  den Unfall beobachtet haben und Hinweise zu dem Fu\u00dfg\u00e4nger geben k\u00f6nnen.  Diese werden gebeten, sich unter Tel.: 0621\/1258-0 zu melden. <\/p>\n\n\n\n<h4 class=\"wp-block-heading\">(Mannheim-Innenstadt) &#8211; Auf Heimweg von Randalierern angegangen, Polizei sucht nach Zeugen!<\/h4>\n\n\n\n<p>Wegen eines K\u00f6rperverletzungsdelikts zum Nachteil zweier M\u00e4nner  ermitteln derzeit die Beamten des Bezirksdienstes des Polizeireviers  Innenstadt. <\/p>\n\n\n\n<p>Am fr\u00fchen Samstagmorgen, gegen 03:45 Uhr waren die Gesch\u00e4digten, zwei junge Mannheimer, zu Fu\u00df in den Planken im Bereich der Quadrate O 3 \/ P 3 unterwegs, als sie auf eine achtk\u00f6pfige Personengruppe stie\u00dfen. Sofort seien sie aus dieser heraus mit Flaschen beworfen und auch mit Schl\u00e4gen traktiert worden. Anschlie\u00dfend h\u00e4tten die Unbekannten Steine in die Hand genommen und diese in Richtung der Gesch\u00e4digten geworfen. Hierbei seien nicht nur die Angegriffenen getroffen worden, auch die Schaufensterscheibe eines Bekleidungsgesch\u00e4fts wurde besch\u00e4digt. <\/p>\n\n\n\n<p>Im Rahmen der Fahndungsma\u00dfnahmen gelang es der Polizei zwei der Angreifer festzunehmen. Deren Komplizen konnten unerkannt vom Tatort fl\u00fcchten. Eine brauchbare Personenbeschreibung liegt der Polizei derzeit nicht vor. Sie bittet daher Personen, die zur fraglichen Zeit auf den Planken  unterwegs waren und Auff\u00e4lliges feststellen konnten um telefonische  Meldung unter 0621\/1258-0. <\/p>\n\n\n\n<p>Die Gesch\u00e4digten wurden  gl\u00fccklicherweise nur leicht verletzt, an der Schaufensterscheibe entstand Sachschaden in H\u00f6he von etwa 2.000 Euro. Die ersten Ermittlungen ergaben zudem, dass die beiden Beschuldigten unter dem Einfluss von Alkohol standen. <\/p>\n\n\n\n<h4 class=\"wp-block-heading\">(Mannheim-Wohlgelegen) &#8211; Von der Fahrbahn abgekommen, Leitplanke gestreift und gegen Verkehrszeichen geprallt<\/h4>\n\n\n\n<p>Am Sonntagvormittag, gegen 10:50 Uhr, verursachte ein 42-j\u00e4hriger  VW-Fahrer in der Friedrich-Ebert-Stra\u00dfe einen Verkehrsunfall und  entfernte sich zun\u00e4chst von der Unfallstelle. Ein Zeuge hatte den Unfall  beobachtet und der Polizei gemeldet. Der VW-Fahrer war in Richtung  Mannheim-Innenstadt unterwegs und kam in H\u00f6he der Stra\u00dfenbahnhaltestelle  &#8222;Exerzierplatz&#8220; von der Fahrbahn ab, schrammte mehrere Meter an der  Leitplanke entlang und prallte dann gegen ein Verkehrszeichen. Der  42-J\u00e4hrige hatte sich im Anschluss zun\u00e4chst aus dem Staub gemacht, er  konnte jedoch kurz darauf von den Beamten ausfindig gemacht werden. Da  es Anzeichen gab, dass der Mann unter dem Einfluss von Bet\u00e4ubungsmitteln  stand, wurde ihm eine Blutprobe entnommen. Weiterhin war er nicht im  Besitz einer g\u00fcltigen Fahrerlaubnis. Der 42-J\u00e4hrige muss nun mit  mehreren Anzeigen rechnen. Am VW sowie am besch\u00e4digten Verkehrszeichen  entstand Sachschaden in H\u00f6he von \u00fcber 10.000 Euro. <\/p>\n\n\n\n<h4 class=\"wp-block-heading\">(Mannheim-Neckarstadt) &#8211; Kollision zwischen Mercedes und Stra\u00dfenbahn \/ Unfallhergang noch unklar &#8211; Zeugen gesucht!<\/h4>\n\n\n\n<p>Am Samstag, kurz vor 16 Uhr, kam es in der Mittelstra\u00dfe, in H\u00f6he der  Draisstra\u00dfe, zum Zusammensto\u00df zwischen einem Mercedes und einer  Stra\u00dfenbahn der Linie 2. Nach derzeitigem Erkenntnisstand parkte der  Mercedes auf einem Parkstreifen am linken Fahrbahnrand, als die Fahrerin  der Stra\u00dfenbahn an diesem vorbeifahren wollte. Der bislang unbekannte  Fahrer im Mercedes rollte vermutlich in diesem Moment nach vorne, obwohl  die Bahn noch nicht komplett vorbeigefahren war und kollidierte  infolgedessen mit dem Fahrzeug. Verletzt wurde gl\u00fccklicherweise niemand,  es entstand jedoch Sachschaden in H\u00f6he von ca. 15.000 Euro. <\/p>\n\n\n\n<p>Da  der Unfallhergang nicht abschlie\u00dfend gekl\u00e4rt werden konnte und bislang  nicht eindeutig feststeht, wer den Mercedes zum Unfallzeitpunkt gefahren  hat, sucht die Polizei Zeugen. Diese werden gebeten, sich bei der  Verkehrsunfallaufnahme unter Tel.: 0621\/174-4045 zu melden. <\/p>\n\n\n\n<h4 class=\"wp-block-heading\">(Mannheim-Almenhof) &#8211; Mann verstirbt nach Verkehrsunfall<\/h4>\n\n\n\n<p>H\u00f6chstwahrscheinlich aufgrund eines medizinischen Notfalls ereignete  sich am sp\u00e4ten Montagvormittag in der Neckarauer Stra\u00dfe ein  Auffahrunfall. <\/p>\n\n\n\n<p>Gegen 11:20 Uhr befuhren ein 64-j\u00e4hriger Mann und eine 25-j\u00e4hrige Frau in ihren Autos die Neckarauer Stra\u00dfe stadteinw\u00e4rts. In H\u00f6he der Stra\u00dfenbahnhaltestelle &#8222;Lettestra\u00dfe&#8220; fuhr der BMW-Lenker dem VW Golf der vor ihm fahrenden Frau auf. Hierbei entstand lediglich geringer Sachschaden in H\u00f6he von rund 2.500 Euro. Bereits via Notruf war der Polizei mitgeteilt worden, dass der Unfallverursacher nicht mehr  ansprechbar sei. Bei Eintreffen der ersten Funkstreife war der aus  Mannheim stammende Mann zwar kurze Zeit wieder bei Bewusstsein, verfiel wenige Minuten sp\u00e4ter jedoch in einen reanimationspflichtigen Zustand. Unter not\u00e4rztlicher Begleitung wurde der Autofahrer in ein Mannheimer Krankenhaus gebracht, wo er gegen 13:25 Uhr trotz aller Bem\u00fchungen verstarb. <\/p>\n\n\n\n<p>Die abschlie\u00dfenden Ermittlungen zur Unfallursache hat die Verkehrsunfallaufnahme-West \u00fcbernommen. <\/p>\n\n\n\n<h4 class=\"wp-block-heading\">(Mannheim-Feudenheim) &#8211; Versuchter Einbruch in Tankstelle \/ Zeugen gesucht!<\/h4>\n\n\n\n<p>In der Nacht zum Montag, kurz vor 1 Uhr, versuchte ein bislang  Unbekannter in eine Tankstelle in der Feudenheimer Stra\u00dfe einzubrechen.  Der T\u00e4ter hatte durch Eintreten der Eingangst\u00fcr versucht in den  Verkaufsraum der Tankstelle zu gelangen, lie\u00df dann jedoch pl\u00f6tzlich von  seinem Vorhaben ab und fl\u00fcchtete. An der T\u00fcr entstand Sachschaden in  H\u00f6he von ca. 2.000 Euro. <\/p>\n\n\n\n<p>Zeugen, die verd\u00e4chtige Wahrnehmungen  gemacht haben, werden gebeten, sich beim Polizeirevier Mannheim-K\u00e4fertal  unter Tel.: 0621\/71849-0 zu melden. <\/p>\n\n\n\n<h4 class=\"wp-block-heading\">(Mannheim-K\u00e4fertal) &#8211; Audi A2 beim Vorbeifahren touchiert und gefl\u00fcchtet \/ Zeugen gesucht!<\/h4>\n\n\n\n<p>Ein bislang unbekannter Autofahrer touchierte am Sonntag in der  Rebenstra\u00dfe einen geparkten Audi A2 und machte sich im Anschluss aus dem  Staub. Die gesch\u00e4digte Autohalterin hatte ihren PKW gegen 12:30 Uhr an  der \u00d6rtlichkeit geparkt und stellte bei der R\u00fcckkehr gegen 16:30 Uhr  einen Schaden an der Beifahrert\u00fcr fest. Der gesch\u00e4tzte Sachschaden  bel\u00e4uft sich auf ca. 3.000 Euro. <\/p>\n\n\n\n<p>Zeugen, die den Unfall  beobachtet haben oder Hinweise zum Unfallverursacher geben k\u00f6nnen,  werden gebeten, sich mit dem Polizeirevier Mannheim-K\u00e4fertal unter Tel.:  0621\/71849-0 in Verbindung zu setzen. <\/p>\n\n\n\n<h4 class=\"wp-block-heading\">(Heidelberg) &#8211; Diebstahl von rund 35 Messinglaternen \/  Weitere Gesch\u00e4digte werden gebeten, sich zu melden<\/h4>\n\n\n\n<p>Auf die Messinglaternen von Urnengr\u00e4bern des Kirchheimer Friedhofs  hatten es \u00fcber die letzten Tage bislang unbekannte T\u00e4ter abgesehen und  diese gestohlen. Bei einer ersten Durchz\u00e4hlung kamen die Beamten auf  rund 35 Diebst\u00e4hle, in f\u00fcnf F\u00e4llen konnten auch die Gesch\u00e4digten bereits  kontaktiert werden. <\/p>\n\n\n\n<p>Die Urnengr\u00e4ber befinden sich in der N\u00e4he \ndes S\u00fcdeingangs. In welcher H\u00f6he Gesamtschaden entstand, ist derzeit \nnoch nicht abschlie\u00dfend gekl\u00e4rt. Die Diebst\u00e4hle m\u00fcssten sich zwischen \nDonnerstag und Samstag ereignet haben. <\/p>\n\n\n\n<p>Friedhofsbesucher, die  evtl. auf verd\u00e4chtige Personen aufmerksam wurden, sonstige Zeugen wie  ggfs. weitere Gesch\u00e4digte werden gebeten, sich beim Polizeirevier  Heidelberg-S\u00fcd, Tel.: 06221\/3418-0, zu melden. <\/p>\n\n\n\n<h4 class=\"wp-block-heading\">(Heidelberg) &#8211; Wohnungseinbruch und Fahrraddiebstahl in derselben Stra\u00dfe \/ Besteht Tatzusammenhang ? Polizei sucht Zeugen<\/h4>\n\n\n\n<p>In die Erdgeschosswohnung sowie in den Keller eines weiteren Anwesens  in der G\u00f6rresstra\u00dfe drangen Ende letzter Woche bislang unbekannte T\u00e4ter  ein. <\/p>\n\n\n\n<p>Aus dem Kellerabteil lie\u00dfen die Einbrecher ein Cube-Fahrrad \nim Wert von \u00fcber 500 Euro mitgehen. Wie die Unbekannten ins Innere &#8211; \nTatzeit war zwischen Donnerstag und Sonntag &#8211; gelangt sind, ist bislang \nnoch nicht klar. In die  Erdgeschosswohnung stiegen die T\u00e4ter durch das \nAufhebeln der Terrassent\u00fcre ein. Tatzeit war hier die Nacht zum Samstag.\n Der Gesch\u00e4digte, welcher in sich in den Schlafr\u00e4umen im 1. OG befand, \nnahm gegen 22 Uhr zwar Ger\u00e4usche wahr, dachte sich aber zun\u00e4chst nichts \nweiter dabei. Am n\u00e4chsten Morgen stellte er dann die aufgewuchtete \nTerrassent\u00fcre fest. Nach seinen Angaben wurde aber nichts entwendet. <\/p>\n\n\n\n<p>Zeugen,  die Beobachtungen gemacht haben und Hinweise geben k\u00f6nnen, werden  gebeten, sich beim Polizeirevier Heidelberg-S\u00fcd, Tel.: 06221\/3418-0, zu  melden. <\/p>\n\n\n\n<h4 class=\"wp-block-heading\">(Heidelberg) &#8211; Unbekannter bricht in landwirtschaftliche Lagerhalle ein \/ Zeugen gesucht!<\/h4>\n\n\n\n<p>Auf bislang nicht gekl\u00e4rte Art und Weise hatte sich ein bislang  unbekannter T\u00e4ter in der Zeit von Samstag, 19:30 Uhr bis Sonntag, 6 Uhr,  Zutritt zu einer landwirtschaftlichen Lagerhalle verschafft, die auf  einem Feldweg hinter der Haltestelle &#8222;Rohrbach-S\u00fcd&#8220; steht. Aus der  Lagerhalle wurden Fahrzeugschl\u00fcssel sowie ein Bohrschrauber von noch  unbekanntem Wert entwendet. Anschlie\u00dfend machte sich der Unbekannte mit  dem Diebesgut aus dem Staub. <\/p>\n\n\n\n<p>Zeugen, die verd\u00e4chtige \nWahrnehmungen gemacht haben, werden gebeten, sich beim Polizeirevier \nHeidelberg-S\u00fcd unter Tel.: 06221\/3418-0 zu melden. <\/p>\n\n\n\n<h4 class=\"wp-block-heading\">(Heidelberg) &#8211; Unfall im Kreuzungsbereich<\/h4>\n\n\n\n<p>Im Kreuzungsbereich Baumschulenweg\/Speyerer Stra\u00dfe stie\u00dfen am Samstag  gegen 13.40 Uhr zwei Fahrzeuge zusammen. Ein 18-j\u00e4hriger Audi Q7-Fahrer,  der vermutlich aufgrund versch\u00fctteter Getr\u00e4nke kurz unaufmerksam war,  kam von der Fahrbahn ab und krachte gegen den vor der roten Ampelanlage  stehenden VW Tiguan. <\/p>\n\n\n\n<p>Verletzt wurde zum Gl\u00fcck niemand; Gesamtschaden entstand in H\u00f6he von 18.000 Euro. <\/p>\n\n\n\n<h4 class=\"wp-block-heading\">(Heidelberg-Weststadt) &#8211; Rucksack aus Kinderwagen gestohlen \/ Wer hat etwas beobachtet?<\/h4>\n\n\n\n<p>Unbekannte T\u00e4ter entwendeten am Samstagnachmittag einen Rucksack aus  einem Kinderwagen. Ein 30-j\u00e4hriger Mann war zusammen mit seiner Familie,  kurz nach 17 Uhr an der Haltestelle F\u00fcrstendamm im Stadtteil  Ziegelhausen in einen Bus der Linie 33 gestiegen und nahmen auf der  Einstiegsseite Platz. Den mitgef\u00fchrten Kinderwagen stellte er schr\u00e4g  hinter sich und legte seinen Rucksack hinein. An der Haltestelle  &#8222;Hauptbahnhof&#8220; bemerkte er ein Murmeln unter den Fahrg\u00e4sten und drehte  sich zum Kinderwagen um. Dabei bemerkte er, dass der Rucksack aus dem  Kinderwagen entwendet worden war. Darin befanden sich neben seiner  Geldb\u00f6rse auch pers\u00f6nliche Ausweispapiere, EC- und Kreditkarten auch ein  Mobiltelefon der Marke Samsung und ein Schl\u00fcsselbund. <\/p>\n\n\n\n<p>Zeugen,  die verd\u00e4chtige Wahrnehmungen gemacht haben und sachdienliche Hinweise  geben k\u00f6nnen, werden gebeten, sich beim Polizeirevier Heidelberg-Mitte,  Tel.: 06221-99-1700 zu melden. <\/p>\n\n\n\n<h4 class=\"wp-block-heading\">(Schwetzingen \/ Rhein-Neckar-Kreis) &#8211; 3 verletzte Personen bei Verkehrsunfall<\/h4>\n\n\n\n<p>3 Personen wurden bei einem Verkehrsunfall am 03.06.2019 in  Schwetzingen auf der Br\u00fchler Landstra\u00dfe verletzt. Eine 28 j\u00e4hrige junge  Frau fuhr mit ihrem Pkw gegen 18:10 Uhr von Br\u00fchl auf der Br\u00fchler  Landstra\u00dfe in Richtung Schwetzingen. An der Abfahrt zur L 599 wollte sie  nach links abbiegen. Dabei \u00fcbersah sie das entgegenkommende Fahrzeug  einer jungen Frau und kollidierte mit diesem. Dabei wurden die  Unfallverursacherin und zwei Personen im anderen Fahrzeug leicht  verletzt und wurden zu ambulanten Behandlungen in Krankenh\u00e4user  eingeliefert. Insgesamt entstand ein Sachschaden von ca. 10.000 Euro.  Der Verkehr konnte an den verunfallten Fahrzeugen vorbeigeleitet werden.  <\/p>\n\n\n\n<h4 class=\"wp-block-heading\">(Schwetzingen \/ Rhein-Neckar-Kreis) &#8211; Radfahrer st\u00fcrzt zu Boden und zieht sich Verletzungen zu<\/h4>\n\n\n\n<p>In der Verschaffeltstra\u00dfe st\u00fcrzte am fr\u00fchen Montag, gegen 0:45 Uhr, ein  28-j\u00e4hriger Radfahrer zu Boden und zog sich dabei u.a. Verletzungen im  Gesicht zu. Aus welcher Ursache der Mann st\u00fcrzte ist bislang nicht  bekannt, Hinweise auf Alkoholeinfluss ergaben sich nicht. Der verletzte  Radfahrer wollte nach dem Unfall seinen Weg fortsetzen, wurde dabei aber  von einem Zeugen beobachtet, welcher einen Rettungswagen verst\u00e4ndigte.  Die Rettungssanit\u00e4ter versorgten den Mann. Bislang ist nicht  auszuschlie\u00dfen, dass er sich noch weitere Verletzungen zuzog. Durch den  Sturz wurde am Fahrbahnrand ein ordnungsgem\u00e4\u00df geparkter Mercedes  besch\u00e4digt, die H\u00f6he des Sachschadens steht derzeit noch nicht fest. <\/p>\n\n\n\n<h4 class=\"wp-block-heading\">(Schwetzingen \/ Rhein-Neckar-Kreis) &#8211; Zwei Autos mit Farbe bespr\u00fcht und zerkratzt, hoher Sachschaden, Zeugen gesucht!<\/h4>\n\n\n\n<p>Am Sonntag zwischen 06.15 Uhr und 09.45 Uhr besch\u00e4digten ein oder  mehrere bislang unbekannte T\u00e4ter in der Mozartstra\u00dfe Ecke  August-Neuhaus-Stra\u00dfe zwei hochwertige Fahrzeuge der Marke Aston Martin  und Daimler Benz. <\/p>\n\n\n\n<p>Der oder die Unbekannten bespr\u00fchten die \nFahrzeuge gro\u00dffl\u00e4chig mit gr\u00fcner Farbe, anschlie\u00dfend wurden mehrere \nlange Kratzer in die Fahrzeuge eingeritzt. <\/p>\n\n\n\n<p>Der Sachschaden bel\u00e4uft sich auf \u00fcber 10.000 Euro. <\/p>\n\n\n\n<p>Zeugen  des Vorfalls oder Personen, die Hinweise auf den oder die T\u00e4ter geben  k\u00f6nnen, werden gebeten, sich mit dem Polizeirevier Schwetzingen unter  06202 2880 in Verbindung zu setzen und ihre Wahrnehmungen mitzuteilen. <\/p>\n\n\n\n<h4 class=\"wp-block-heading\">(Hockenheim \/ Sinsheim \/ A 6 \/ Sandhausen \/ A 5 \/ Rhein-Neckar-Kreis) &#8211; Pr\u00e4ventive  Alkoholkontrollen \/ Jeder neunte LKW-Fahrer betrunken &#8211; &#8222;Spitzenreiter&#8220;  \u00fcber vier Promille<\/h4>\n\n\n\n<div class=\"wp-block-image\"><figure class=\"aligncenter\"><img decoding=\"async\" loading=\"lazy\" width=\"800\" height=\"450\" src=\"https:\/\/speyer24news.com\/wp-content\/uploads\/2019\/06\/03.06.19-Hockenheim-LKW-Kontrolle.jpg\" alt=\"\" class=\"wp-image-14285\" srcset=\"https:\/\/speyer24news.com\/wp-content\/uploads\/2019\/06\/03.06.19-Hockenheim-LKW-Kontrolle.jpg 800w, https:\/\/speyer24news.com\/wp-content\/uploads\/2019\/06\/03.06.19-Hockenheim-LKW-Kontrolle-300x169.jpg 300w, https:\/\/speyer24news.com\/wp-content\/uploads\/2019\/06\/03.06.19-Hockenheim-LKW-Kontrolle-768x432.jpg 768w, https:\/\/speyer24news.com\/wp-content\/uploads\/2019\/06\/03.06.19-Hockenheim-LKW-Kontrolle-678x381.jpg 678w\" sizes=\"(max-width: 800px) 100vw, 800px\" \/><figcaption>Lkw-Parkplatz A 6 &#8211; TuR Kraichgau-S\u00fcd<\/figcaption><\/figure><\/div>\n\n\n\n<p>Am Sonntagabend f\u00fchrte das Verkehrskommissariat Walldorf erneut eine  gro\u00dfangelegte Kontrollaktion auf den Tank- und Rastanlagen der Region  durch. Ziel der pr\u00e4ventiven Ma\u00dfnahme war die Verhinderung von  Trunkenheitsfahrten im Lastverkehr. <\/p>\n\n\n\n<p>Und die Kontrolle auf den \ninsgesamt f\u00fcnf Tank- und Rastanlagen im Zust\u00e4ndigkeitsbereich des \nPolizeipr\u00e4sidiums am Sonntag best\u00e4tigten leider einmal mehr die \npolizeiliche Annahme,  dass dem Sonntagsfahrverbot unterliegende \nLKW-Fahrer auf den Rasth\u00f6fen teilweise \u00fcberm\u00e4\u00dfig Alkohol konsumieren und\n hierdurch die Gefahr einer Trunkenheitsfahrt nach dem Wegfall des \nFahrverbots besteht.  20 Beamte kontrollierten f\u00fcnf Stunden lang \nrastende Lkw-Fahrer auf den Tank- und Rastanlagen Hardtwald-Ost und \n-West an der A 5 sowie Kraichgau-S\u00fcd und Hockenheimring-Ost und -West an\n der A 6. <\/p>\n\n\n\n<p>Kurz vor Ende des Sonntagsfahrverbots und vor Beginn  der Weiterfahrt wurden insgesamt 431 Fahrer \u00fcberpr\u00fcft &#8211; wieder mit  erschreckendem Ergebnis. Insgesamt standen 45 Fahrer noch unter  Alkoholeinfluss von mindestens 0,5 Promille, damit fast jeder neunte  kontrollierte Fahrer. Davon waren 26 Fahrer mit Alkoholwerten von \u00fcber  einem Promille deutlich alkoholisiert. Der unr\u00fchmliche &#8222;Spitzenreiter&#8220;,  ein Lkw Fahrer aus Polen,  brachte es auf der Rastanlage Kraichgau-S\u00fcd  auf 4,04 Promille in der Atemluft. Bis auf zwei Fahrer aus Deutschland  und Belgien kamen alle anderen Lkw-Fahrer aus Ost- bzw. S\u00fcdosteuropa. <\/p>\n\n\n\n<div class=\"wp-block-image\"><figure class=\"aligncenter\"><img decoding=\"async\" loading=\"lazy\" width=\"800\" height=\"450\" src=\"https:\/\/speyer24news.com\/wp-content\/uploads\/2019\/06\/03.06.19-Hockenheim-LKW-Kontrolle2.jpg\" alt=\"\" class=\"wp-image-14286\" srcset=\"https:\/\/speyer24news.com\/wp-content\/uploads\/2019\/06\/03.06.19-Hockenheim-LKW-Kontrolle2.jpg 800w, https:\/\/speyer24news.com\/wp-content\/uploads\/2019\/06\/03.06.19-Hockenheim-LKW-Kontrolle2-300x169.jpg 300w, https:\/\/speyer24news.com\/wp-content\/uploads\/2019\/06\/03.06.19-Hockenheim-LKW-Kontrolle2-768x432.jpg 768w, https:\/\/speyer24news.com\/wp-content\/uploads\/2019\/06\/03.06.19-Hockenheim-LKW-Kontrolle2-678x381.jpg 678w\" sizes=\"(max-width: 800px) 100vw, 800px\" \/><figcaption>Lkw-F\u00fchrerhaus &#8211; Whiskyflasche<\/figcaption><\/figure><\/div>\n\n\n\n<p>Allen\n alkoholisierten Fahrern wurde die Weiterfahrt untersagt und deren \nF\u00fchrerschein, Fahrzeugschein und die Frachtpapiere beschlagnahmt. <\/p>\n\n\n\n<p>Eine\n Nachkontrolle am Montagmorgen ergab noch bei acht dieser Fahrer \nPromillewerte, die eine weiter anhaltende Untersagung der Weiterfahrt \nerforderlich machten. Die beschlagnahmten Dokumente bleiben bis zur \nErlangung der N\u00fcchternheit der jeweiligen Betroffenen weiterhin in \npolizeilicher Verwahrung. Ein erneuter Alkoholtest bei dem \n&#8222;Spitzenreiter&#8220; ergab gegen 7.30 Uhr immer noch einen Wert von knapp 1,6\n Promille &#8211; seine Fahrt wird der Pole demnach voraussichtlich erst am \nAbend nach Erlangung der N\u00fcchternheit fortsetzen k\u00f6nnen. <\/p>\n\n\n\n<p>Die Kontrollma\u00dfnahmen werden durch das Polizeipr\u00e4sidium Mannheim weiter konsequent fortgesetzt. <\/p>\n\n\n\n<h4 class=\"wp-block-heading\">(Hockenheim \/ Rhein-Neckar-Kreis) &#8211; Unbekannter entwendet Ger\u00e4te aus Gartenschuppen \/ Polizei sucht Zeugen!<\/h4>\n\n\n\n<p>In der Zeit von Freitag, 20 Uhr bis Samstag, 11 Uhr, kletterte ein  bislang unbekannter T\u00e4ter in der Reilinger Stra\u00dfe \u00fcber den  Maschendrahtzaun eines Gartengrundst\u00fcckes, um an einen Ger\u00e4teschuppen zu  gelangen. Der T\u00e4ter hatte aus dem Schuppen einen elektrischen  Rasentrimmer, eine Motorsense und zwei Akkuschrauber gestohlen. Der Wert  des Diebesguts wird auf mehrere hundert Euro gesch\u00e4tzt. <\/p>\n\n\n\n<p>Zeugen,  die verd\u00e4chtige Beobachtungen gemacht haben, werden gebeten, sich mit  dem Polizeirevier Hockenheim unter Tel.: 06205\/2860-0 in Verbindung zu  setzen. <\/p>\n\n\n\n<h4 class=\"wp-block-heading\">(Altlu\u00dfheim \/ Rhein-Neckar-Kreis) &#8211; Einbrecher bei Einbruch in Firmengeb\u00e4ude erwischt \/ Zeugen gesucht<\/h4>\n\n\n\n<p>In das B\u00fcrogeb\u00e4ude einer Fachfirma f\u00fcr Trockeneisreinigung &#8222;Am  S\u00e4gewerk&#8220; brach ein bislang Unbekannter am Sonntag, gegen 20 Uhr, ein.  Der T\u00e4ter hatte mit Steinen ein B\u00fcrofenster besch\u00e4digt und war \u00fcber  dieses in die R\u00e4umlichkeiten gelangt. W\u00e4hrend er mehrere Schubladen und  Schr\u00e4nke durchw\u00fchlte, wurde er von einem Zeugen erwischt und auf sein  Vorhaben angesprochen. Als der Zeuge dann die Polizei kontaktieren  wollte, ergriff der Unbekannte sofort die Flucht, rannte in Richtung  REWE-Parkplatz und stieg dort vermutlich auf ein schwarzes Fahrrad,  evtl. Damenrad mit tiefem Einstieg, mit welchem er dann davonfuhr. Eine  eingeleitete Fahndung blieb ergebnislos. Der Einbrecher hatte bei seiner  Flucht ein Smartphone mitgehen lassen. <\/p>\n\n\n\n<p>Der Zeuge beschrieb den \nUnbekannten wie folgt: m\u00e4nnlich, ca. 14-15 Jahre alt, etwa 175 cm gro\u00df, \nschlank, dunkle kurze Haare, trug eine schwarze kurze Hose und ein \nwei\u00dfes \u00e4rmelloses T-Shirt mit Aufdruck. Er sprach akzentfrei Deutsch. <\/p>\n\n\n\n<p>Die H\u00f6he des Sachschadens kann derzeit noch nicht beziffert werden. <\/p>\n\n\n\n<p>Weitere\n Zeugen, die verd\u00e4chtige Wahrnehmungen gemacht haben und sachdienliche \nHinweise geben k\u00f6nnen, werden gebeten, sich beim Polizeirevier \nHockenheim unter Tel.: 06205\/2860-0 zu melden. <\/p>\n\n\n\n<h4 class=\"wp-block-heading\">(Altlu\u00dfheim \/ Rhein-Neckar-Kreis) &#8211; Zeugen zu Unfall in der Friedensstra\u00dfe gesucht!<\/h4>\n\n\n\n<p>Die Polizei sucht Zeugen eines Verkehrsunfalls, der sich am Sonntag,  gegen 12:40 Uhr, in der Friedensstra\u00dfe\/Ecke Zweite Industriestra\u00dfe  ereignet hat. Ein 51-j\u00e4hriger Mercedes-Fahrer war in der Friedensstra\u00dfe  in Richtung Rheinh\u00e4user Stra\u00dfe unterwegs, als er an der Einm\u00fcndung zur  Zweiten Industriestra\u00dfe mit dem von rechts kommenden,  vorfahrtsberechtigten Ford eines gleichaltrigen Mannes zusammenstie\u00df.  Der Mercedes-Fahrer gab gegen\u00fcber den Beamten an, den anfahrenden Ford  gesehen und bis zum Stillstand abgebremst zu haben, sodass der  Ford-Fahrer auf das stehende Fahrzeug gefahren sei. Da der Ford-Fahrer  allerdings gegenteilige Angaben machte und die Schuldfrage nicht  eindeutig gekl\u00e4rt werden konnte, sucht die Polizei nun Zeugen. Diese  werden gebeten, sich beim Polizeirevier Hockenheim unter Tel.:  06205\/2860-0 zu melden. <\/p>\n\n\n\n<h4 class=\"wp-block-heading\">(Walldorf \/ Rhein-Neckar-Kreis) &#8211; VW Passat \u00fcbersehen \/ Schaden mehrere tausend Euro<\/h4>\n\n\n\n<p>Eine Mercedes-Fahrerin war am Sonntagabend kurz vor 22 Uhr in der  Schulstra\u00dfe in Richtung Ringstra\u00dfe unterwegs und hatte &#8211; nach eigenen  Angaben &#8211; den von rechts aus der Luisenstra\u00dfe kommenden VW Passat-Fahrer  \u00fcbersehen. Es kam zum Zusammensto\u00df, wobei der Mercedes zun\u00e4chst gegen  eine Hausfassade und im weiteren Verlauf gegen einen abgestellten Audi  krachte. Den Gesamtschaden beziffert die Polizei auf mehrere tausend  Euro. Verletzt wurde bei dem Unfall zum Gl\u00fcck keiner der Beteiligten. <\/p>\n\n\n\n<h4 class=\"wp-block-heading\">(Walldorf \/ Rhein-Neckar-Kreis) &#8211; Radfahrer bei Sturz schwer verletzt<\/h4>\n\n\n\n<p>Ein aus Hockenheim stammender Rennradfahrer zog sich am Samstagmittag  bei einem Unfall schwere Verletzungen zu und musste nach der  Erstversorgung durch den Notarzt in ein Schwetzinger Krankenhaus  eingeliefert werden. Der 58-J\u00e4hrige verlor beim Abbiegen von der Stra\u00dfe  &#8222;Walzrute&#8220; in die Bgm.-Willinger-Stra\u00dfe vermutlich infolge eines  Bremsfehlers die Kontrolle \u00fcber sein Rad und st\u00fcrzte auf einen auf dem  Gehweg befindlichen Betonpoller. Ob bzw. in welcher H\u00f6he Schaden am  Rennrad entstand, ist bislang noch nicht gekl\u00e4rt. <\/p>\n\n\n\n<h4 class=\"wp-block-heading\">(Sandhausen \/ Rhein-Neckar-Kreis) &#8211; Rote Ampel missachtet \/ Crash fordert 8.000 Euro Schaden<\/h4>\n\n\n\n<p>Die Rotlicht zeigende Ampel auf der L 598\/K 4156 missachtete am Sonntag  gegen 18.30 Uhr ein 81-j\u00e4hriger Mitsubishi-Fahrer und krachte mit dem  Audi eines aus Nu\u00dfloch stammenden Mannes zusammen. Verletzt wurde zum  Gl\u00fcck keiner der Beteiligten. An den Autos entstand Schaden von  insgesamt 8.000 Euro. <\/p>\n\n\n\n<h4 class=\"wp-block-heading\">(Nu\u00dfloch \/ Rhein-Neckar-Kreis) &#8211; Mit dem Fahrrad Unfall gebaut und abgehauen \/ Polizei sucht Zeugen<\/h4>\n\n\n\n<div class=\"wp-block-image\"><figure class=\"aligncenter\"><img decoding=\"async\" loading=\"lazy\" width=\"800\" height=\"609\" src=\"https:\/\/speyer24news.com\/wp-content\/uploads\/2019\/06\/02.06.19-Nu\u00dfloch-VUF.jpg\" alt=\"\" class=\"wp-image-14287\" srcset=\"https:\/\/speyer24news.com\/wp-content\/uploads\/2019\/06\/02.06.19-Nu\u00dfloch-VUF.jpg 800w, https:\/\/speyer24news.com\/wp-content\/uploads\/2019\/06\/02.06.19-Nu\u00dfloch-VUF-300x228.jpg 300w, https:\/\/speyer24news.com\/wp-content\/uploads\/2019\/06\/02.06.19-Nu\u00dfloch-VUF-768x585.jpg 768w, https:\/\/speyer24news.com\/wp-content\/uploads\/2019\/06\/02.06.19-Nu\u00dfloch-VUF-80x60.jpg 80w\" sizes=\"(max-width: 800px) 100vw, 800px\" \/><\/figure><\/div>\n\n\n\n<p>Einen Verkehrsunfall verursachte ein unbekannter Fahrradfahrer in der  Zeit zwischen Samstag, 22 Uhr und Sonntag, 10 Uhr in Nu\u00dfloch. Der  Unbekannte war mit dem Fahrrad in der Kurpfalzstra\u00dfe in Richtung  Massengasse unterwegs. Dabei besch\u00e4digte er einen ordnungsgem\u00e4\u00df am  Fahrbahnrand geparkten Volvo. Anschlie\u00dfend fl\u00fcchtete er, unter  Zur\u00fccklassung seines Fahrrades, vermutlich zu Fu\u00df von der Unfallstelle.  Das Fahrrad konnte w\u00e4hrend der Sachverhaltsaufnahme wenige Meter vom  Unfallort entfernt festgestellt werden. Es war an eine Laterne gelehnt  und wies Besch\u00e4digungen auf. Teile des Rades wurden neben dem  besch\u00e4digten Volvo gefunden. Sowohl am Fahrrad als auch auf der Fahrbahn  und dem Gehweg konnten Blutspuren festgestellt werden, weshalb davon  ausgegangen werden muss, dass sich der unbekannte Radfahrer bei dem  Zusammenprall verletzt hatte. <\/p>\n\n\n\n<p>Da Fahrrad wurde sichergestellt. \nDie weiteren Unfallermittlungen durch die Spezialisten des \nVerkehrskommissariats Heidelberg dauern an. <\/p>\n\n\n\n<p>Zeugen, die auf den  Unfall aufmerksam geworden sind, bzw. die Hinweise zum Besitzer des  zur\u00fcckgelassenen Fahrrades geben k\u00f6nnen, werden gebeten, sich beim  Verkehrskommissariat Heidelberg, Tel.: 0621\/174-4140 zu melden. <\/p>\n\n\n\n<h4 class=\"wp-block-heading\">(Malsch \/ Rhein-Neckar-Kreis) &#8211; Unfall forderte \u00fcber 15.000 Euro Schaden sowie drei Verletzte<\/h4>\n\n\n\n<p>Drei Verletzte sind nach einem Verkehrsunfall am Sonntagabend kurz vor  19 Uhr auf der B 3\/L 546\/Uhlandsh\u00f6he zu beklagen. Zum Unfallzeitpunkt  war die Ampelanlage nicht in Betrieb. Ausgel\u00f6st hatte die Karambolage  eine 84-j\u00e4hrige VW Golf-Fahrerin, die beim Einfahren die Vorfahrt eines  Seniors aus Rheinland-Pfalz nicht beachtet hatte und mit dessen Mercedes  kollidierte. Der VW krachte noch gegen einen weiteren VW sowie Skoda,  so dass an allen vier beteiligten Autos Schaden entstand. Insgesamt  d\u00fcrfte sich dieser auf \u00fcber 15.000 Euro belaufen. Den VW Golf der  84-J\u00e4hrigen wie auch den Mercedes transportierte ein  Abschleppunternehmen von der Unfallstelle ab. Die Golf-Fahrerin, deren  Mitfahrerin wie auch der Mercedes-Fahrer wurden erstbehandelt und danach  in verschiedene Krankenh\u00e4user eingeliefert. Nach Abschluss der  Ermittlungen sieht die 84-J\u00e4hrige einer Anzeige entgegen. <\/p>\n\n\n\n<h4 class=\"wp-block-heading\">(Gem. Dielheim \/ Rhein-Neckar-Kreis) &#8211; Schwerer Lkw- Unfall auf A 6; Fahrer in F\u00fchrerhaus  eingeklemmt; zwei von drei Fahrstreifen blockiert<\/h4>\n\n\n\n<h4 class=\"wp-block-heading\" style=\"text-align:center\">Pressemitteilung Nr. 1<\/h4>\n\n\n\n<p>Am Montagmorgen, gegen 7.30 Uhr, kam es auf der A 6 bei Dielheim zu einem schweren Lkw- Unfall. <\/p>\n\n\n\n<p>Der\n Fahrer eines italienischen Sattelzuges, der Konserven geladen hatte, \nwar in Richtung Mannheim unterwegs, als er aus bislang unbekannten \nGr\u00fcnden die Herrschaft \u00fcber sein Fahrzeug verlor, nach rechts von der \nFahrbahn abkam und in die Leitplanken sowie die angrenzende \nL\u00e4rmschutzwand prallte. <\/p>\n\n\n\n<p>Der Mann wurde zun\u00e4chst in seinem \nF\u00fchrerhaus eingeklemmt, wurde nach seiner Bergung und seiner \nnot\u00e4rztlichen Behandlung mit einem Rettungswagen in eine Klinik \ngebracht. Ein zun\u00e4chst angeforderter Rettungshubschrauber kam nicht zum \nEinsatz und konnte wieder abdrehen. <\/p>\n\n\n\n<p>Derzeit sind zwei von drei Fahrstreifen blockiert. Es hat sich ein Stau von momentan rund drei Kilometern gebildet. <\/p>\n\n\n\n<p>Die Unfallaufnahme und die Bergungsarbeiten dauern noch unbestimmte Zeit an. <\/p>\n\n\n\n<h4 class=\"wp-block-heading\">(Gem. Dielheim \/ Rhein-Neckar-Kreis) &#8211; Schwerer Lkw- Unfall auf A 6 <\/h4>\n\n\n\n<h4 class=\"wp-block-heading\" style=\"text-align:center\">Pressemitteilung Nr. 2<\/h4>\n\n\n\n<p>Die Bergungsarbeiten des Sattelzuges, der am Montagmorgen, gegen 7.30  Uhr, von der Fahrbahn abkam und Leitplanken sowie eine L\u00e4rmschutzwand  besch\u00e4digte, dauern noch l\u00e4ngere Zeit an. Der rechte Fahrstreifen bleibt  deshalb bis auf weiteres gesperrt. <\/p>\n\n\n\n<p>Der R\u00fcckstau betr\u00e4gt derzeit ca. zwei Kilometer. <\/p>\n\n\n\n<p>In\n den Unfall verwickelt wurden auch zwei weitere Fahrzeuge. Durch \numherfliegende Tr\u00fcmmerteile wurden beide Autos leicht besch\u00e4digt. Deren \nInsassen blieben unverletzt. <\/p>\n\n\n\n<p>Nach derzeitigen Erkenntnissen entstand ein Gesamtschaden von \u00fcber 150.000.- Euro. <\/p>\n\n\n\n<h4 class=\"wp-block-heading\">(Gem. Dielheim \/ Rhein-Neckar-Kreis) &#8211; Schwerer Lkw- Unfall auf A 6; derzeit Vollsperrung wegen Bergungsarbeiten<\/h4>\n\n\n\n<h4 class=\"wp-block-heading\" style=\"text-align:center\">Pressemitteilung Nr. 3<\/h4>\n\n\n\n<p>Die Ladung des Sattlezuges ist mittlerweile auf einen anderen lastzug  umgeladen. Derzeit finden die Bergungsarbeiten der total besch\u00e4digten  Zugmaschine stat. Hierzu wurde die A 6 zwischen den Anschlussstellen  Sinsheim und Wiesloch\/Rauenberg um 15.10 Uhr voll gesperrt. <\/p>\n\n\n\n<p>\u00dcber die Dauer der Vollsperrung liegen noch keine Informationen vor. <\/p>\n\n\n\n<p>Mittlerweile hat sich ein Stau von mehreren Kilometern L\u00e4nge gebildet. <\/p>\n\n\n\n<h4 class=\"wp-block-heading\">(Gem. Dielheim \/ Rhein-Neckar-Kreis) &#8211; Schwerer Lkw- Unfall auf A 6<\/h4>\n\n\n\n<h4 class=\"wp-block-heading\" style=\"text-align:center\">Pressemitteilung Nr. 4<\/h4>\n\n\n\n<p>Die Bergung und Reinigungsarbeiten an der Unfallstelle sind seit 20:00  Uhr beendet. Lediglich der Seitenstreifen bleibt noch gesperrt. Der Stau  sollte sich rasch aufl\u00f6sen. <\/p>\n\n\n\n<h4 class=\"wp-block-heading\">(Angelbachtal \/ Rhein-Neckar-Kreis) &#8211; Defekt an Rettungshubschrauber&#8230; Motorradfahrer verletzt sich bei Unfall<\/h4>\n\n\n\n<p>Am Samstagabend war ein 35-j\u00e4hriger Suzuki-Fahrer auf der K 4271 von  Tairnbach in Richtung Balzfeld unterwegs, als sich ein gr\u00f6\u00dferes Insekt  in seinen Helm &#8222;verirrte&#8220;. Dadurch war der junge Mann derart abgelenkt,  dass er die B\u00f6schung hinunterfuhr, st\u00fcrzte und sich schwere Verletzungen  zugezogen hatte. <\/p>\n\n\n\n<p>Mittels eines angeforderten \nRettungshubschraubers sollte der Mann aus dem Landkreis Karlsruhe nach \nLudwigshafen geflogen werden. Aufgrund eines Defekts konnte dieser \nallerdings nicht starten, so dass der Verletzte letztlich mit einem \nRettungswagen in ein Heidelberger Krankenhaus transportiert wurde. <\/p>\n\n\n\n<p>Die  Feuerwehr Horrenberg war mit rund zw\u00f6lf Mann im Einsatz und verbrachte  die Ausstattung des Hubschraubers wieder nach Mannheim. Ein  Sicherheitsunternahmen &#8222;bewachte&#8220; den Hubschrauber. An der Suzuki, die  von einem Abschleppunternehmen abtransportiert wurde, d\u00fcrfte Sachschaden  von rund 1.000 Euro entstanden sein. <\/p>\n\n\n\n<h4 class=\"wp-block-heading\">(Neidenstein \/ Rhein-Neckar-Kreis) &#8211; Einbruch im Seerain \/ Wasser aufgedreht &#8211; Schadensh\u00f6he noch unklar<\/h4>\n\n\n\n<p>Am Samstag verst\u00e4ndigte ein Neidensteiner B\u00fcrger, der sich w\u00e4hrend der  Abwesenheit der Gesch\u00e4digten um das betreffende Haus im Seerain k\u00fcmmert,  die Polizei. \u00dcber die vergangenen Tage hatten sich bislang unbekannte  T\u00e4ter \u00fcber ein aufgebrochenes Fenster im Erdgeschoss Zutritt verschafft  und das Wasser im Bad des Dachgeschosses aufgedreht. Den Schaden am  Fenster beziffert die Polizei auf mehrere hundert Euro; der  Wasserschaden d\u00fcrfte allerdings wesentlich h\u00f6her ausfallen. <\/p>\n\n\n\n<p>Die  Ermittlungen der Polizei dauern noch an. Zeugen, die \u00fcber die letzten  Tage evtl. verd\u00e4chtige Beobachtungen gemacht haben, werden gebeten, sich  mit dem Polizeirevier Sinsheim, Tel.: 07261\/6900, in Verbindung zu  setzen. <\/p>\n\n\n\n<h4 class=\"wp-block-heading\">(Helmstadt-Bargen \/ Rhein-Neckar-Kreis) &#8211; Duo wollte Rasenm\u00e4her und -trimmer klauen \/ Flucht in wei\u00dfem Vito, Hinweise an die Polizei<\/h4>\n\n\n\n<p>Ein Anwohner wurde in der Nacht zum Montag auf ein Duo in der  Weinstra\u00dfe aufmerksam, das einen Rasenm\u00e4her und einen Rasentrimmer  stehlen wollte. Da die Weinstra\u00dfe gerade in der Nacht nicht stark  befahren ist, nahm er die Autoger\u00e4usche gegen 3 Uhr besonders und bei  einer Nachschau einen stehenden wei\u00dfen Vitro mit Litauer-Kennzeichen  wahr. Auf Ansprache lie\u00df das Duo die Arbeitsger\u00e4te fallen und entfernte  sich mit dem Fahrzeug. <\/p>\n\n\n\n<p>Beteiligt waren eine Frau wie ein Mann,  die wie folgt beschrieben werden: <\/p>\n\n\n\n<ul><li>Beide Mitte 20<\/li><li>ca. 165 &#8211; 170 cm gro\u00df<\/li><li>Die Frau hatte dunkelblonde Haare, die zu einem Pferdeschwanz gebunden  waren<\/li><li>Der Mann trug eine Jeansjacke und eine Basecap<\/li><\/ul>\n\n\n\n<p>Die Beamten des Polizeireviers Sinsheim ermitteln und nehmen unter Tel.: 07261\/6900 sachdienliche Hinweise entgegen. <\/p>\n\n\n\n<h4 class=\"wp-block-heading\">(Eberbach \/ Rhein-Neckar-Kreis) &#8211; Eberbacher Fr\u00fchlingsfest verl\u00e4uft \u00fcberwiegend friedlich und st\u00f6rungsfrei<\/h4>\n\n\n\n<p>Die Gesamtbilanz des Eberbacher Fr\u00fchlingsfests in Eberbach f\u00e4llt  positiv aus. Die Veranstaltung verlief weitgehend friedlich und ohne  gr\u00f6\u00dfere Ereignisse. <\/p>\n\n\n\n<p>Die Polizei hatte es \u00fcberwiegend mit \nVorf\u00e4llen im Zusammenhang mit \u00fcberm\u00e4\u00dfigem Alkoholkonsum zu tun. Mehrere \nJugendliche mussten aufgrund ihrer Alkoholisierung in Gewahrsam genommen\n und anschlie\u00dfend in die Obhut ihrer Eltern gegeben werden. <\/p>\n\n\n\n<p>Der \nEinsatzleiter der Polizei, EPHK Lipponer, zieht ein positives Fazit der \nVeranstaltung und zeigt sich mit dem \u00fcberwiegend friedlichen Verlauf \nzufrieden. Veranstalter, Security und Polizei arbeiteten erneut gut \nzusammen und sorgten f\u00fcr objektive Sicherheit und ein gutes subjektives \nSicherheitsgef\u00fchl bei den Festbesucherinnen und -besuchern. Die \nEberbacher Polizei zeigt sich mit der &#8222;Sicherheitsbilanz&#8220; zufrieden. <\/p>\n\n\n\n<p>Am\n Rande der Veranstaltung war fr\u00fchen Sonntagmorgen, kurz vor zwei Uhr, \nein 18-J\u00e4hriger mit seiner Freundin in Streit geraten und hatte \ndaraufhin aus Wut gegen die Fensterscheibe eines Anwesens am \nLeopoldsplatz geschlagen. Die \u00e4u\u00dfere Scheibe ging dabei zu Bruch und der\n 18-J\u00e4hrige zog sich eine Schnittverletzung an der Hand zu. Die \nVerletzung wurde durch die Polizeibeamten erstversorgt. Ein Alkoholtest \nbei ihm ergab einen Wert von \u00fcber 1 Promille. Er wurde in Gewahrsam \ngenommen und anschlie\u00dfend in die Obhut seines Vaters \u00fcberf\u00fchrt. <\/p>\n\n\n\n<p>Wenig\n sp\u00e4ter, kurz nach zwei Uhr, wurden Polizeibeamte auf einen 39-j\u00e4hrigen \nMann aufmerksam gemacht, der gegen ein Veranstaltungszelt uriniert \nhatte. Er erhielt daraufhin einen Platzverweis, den er erst sehr \nz\u00f6gerlich befolgte. Sp\u00e4ter versuchte er, Polizeibeamte weiter zu \nprovozieren, indem er Anstalten machte, weiterhin in der \u00d6ffentlichkeit \nzu urinieren. Zudem zog er von den Beamten und einer Beamtin die Hose \nherunter und entbl\u00f6\u00dfte seinen Intimbereich. Er wurde daraufhin in \nGewahrsam genommen und zum Polizeirevier Eberbach gebracht. Hier \nbeleidigte er die anwesenden Polizisten und trat fortlaufend gegen die \nT\u00fcr der Notarrestzelle. Nachdem er seinen Rausch ausgeschlafen hatte, \nwurde er wieder auf freien Fu\u00df entlassen. <\/p>\n\n\n\n<p>Zwischenzeitlich wurde  bekannt, dass er zu einem weiteren Vorfall in einem D\u00f6nerimbiss gekommen  sein soll. Hier soll der 39-J\u00e4hrige die Anwesenden provoziert haben. Ob  es hierbei zu strafrechtlich relevanten Handlungen durch ihn gekommen  war, ist derzeit nicht bekannt. Zeugen, die auf den Vorfall im Imbiss  aufmerksam geworden waren und sachdienliche Hinweise hierzu geben  k\u00f6nnen, werden gebeten, sich beim Polizeirevier Eberbach, Tel.:  06271\/9210-0 zu melden. <\/p>\n\n\n\n<h4 class=\"wp-block-heading\">(Eberbach \/ Rhein-Neckar-Kreis) &#8211; 29-J\u00e4hriger von Unbekannten zusammengeschlagen und schwer verletzt \/ Polizei sucht Zeugen<\/h4>\n\n\n\n<div class=\"wp-block-image\"><figure class=\"aligncenter\"><img decoding=\"async\" src=\"https:\/\/speyer24news.com\/wp-content\/uploads\/2019\/05\/Zeugen-gesucht-Neutral.jpg\" alt=\"\" class=\"wp-image-13939\"\/><\/figure><\/div>\n\n\n\n<p>Ein 29-j\u00e4hriger Mann wurde am Samstagabend in Eberbach von mehreren  M\u00e4nnern zusammengeschlagen. Der 29-J\u00e4hrige hielt sich gegen 22 Uhr mit  mehreren Freunden am Eberbacher Bahnhof auf. Pl\u00f6tzlich kam ein dunkles  Auto angefahren und mehrere junge M\u00e4nner stiegen aus. Diese gingen  anschlie\u00dfend zielstrebig auf den 29-j\u00e4hrigen Mann zu, schrien diesen an  und begannen, auf ihn einzuschlagen. Als dieser zu Boden gegangen war,  traten die Angreifer weiter auf den am Boden Liegenden ein. Eine  63-j\u00e4hrige Zeugin, die  dem 29-J\u00e4hrigen zu Hilfe eilen wollte, bekam  dabei auch einen Schlag gegen den Arm ab. Nachdem die Unbekannten von  ihrem Opfer abgelassen hatten, stiegen sie wieder in das Fahrzeug ein  und fuhren davon. Das Opfer wurde danach von seinen Begleitern nach  Hause gebracht, von wo diese dann den Rettungsdienst verst\u00e4ndigten. Der  29-J\u00e4hrige wurde anschlie\u00dfend mit Verdacht auf innere Verletzungen in  ein Krankenhaus eingeliefert. <\/p>\n\n\n\n<p>Die drei unbekannten M\u00e4nner werden wie folgt beschrieben: <\/p>\n\n\n\n<ul><li>Ca. 20 Jahre alt<\/li><li>S\u00fcd- oder s\u00fcdosteurop\u00e4isches Erscheinungsbild <\/li><\/ul>\n\n\n\n<p>Die Ermittlungen des Polizeireviers Eberbach nach den unbekannten Tatverd\u00e4chtigen und zu den Hintergr\u00fcnden der Tat dauern an. <\/p>\n\n\n\n<p>Zeugen,  die auf den Vorfall aufmerksam wurden und sachdienliche Hinweise geben  k\u00f6nnen, werden gebeten, sich mit dem Polizeirevier Eberbach, Tel.:  06271\/9210-0 zu melden. <\/p>\n\n\n\n<h4 class=\"wp-block-heading\">(Sch\u00f6nau \/ Rhein-Neckar-Kreis) &#8211; Pedelec-Fahrer st\u00fcrzt und verletzt sich<\/h4>\n\n\n\n<p>Aus bislang ungekl\u00e4rter Ursache kam am Samstagmorgen kurz vor 8 Uhr ein  50-j\u00e4hriger Pedelec-Fahrer bei seiner Fahrt in der Stra\u00dfe &#8222;In der Hohl&#8220;  zu Fall und zog sich schwere Verletzungen zu. Via Rettungshubschrauber  wurde der Mann nach der Erstbehandlung in ein Mannheimer Krankenhaus  eingeliefert. Lebensgefahr bestand jedoch nicht. <\/p>\n\n\n\n<h4 class=\"wp-block-heading\">(Eppelheim \/ Rhein-Neckar-Kreis) &#8211; Jugendzentrum in der Schwetzinger Stra\u00dfe von Unbekannten heimgesucht<\/h4>\n\n\n\n<p>Ein oder mehrere bislang unbekannte T\u00e4ter suchten im Zeitraum von  Mittwoch, 18 Uhr bis Sonntag, 21:30 Uhr, ein Jugendzentrum in der  Schwetzinger Stra\u00dfe heim. Die T\u00e4ter hatten sich gewaltsam an einem  Fenster zu schaffen gemacht und gelangten so in das Geb\u00e4ude, wo sie  mehrere T\u00fcren aufbrachen. Nach derzeitigem Kenntnisstand lie\u00dfen die  Einbrecher aus dem Jugendzentrum diverse Musikutensilien darunter  Turntables, ein Mischpult und diverse Mikrofone mitgehen. Der Wert des  Diebesguts bel\u00e4uft sich auf rund 2.000 Euro. Die H\u00f6he des Sachschadens  steht noch nicht fest. <\/p>\n\n\n\n<p>Zeugen, die verd\u00e4chtige Wahrnehmungen  gemacht haben, werden gebeten, sich mit dem Polizeirevier Heidelberg-S\u00fcd  unter Tel.: 06221\/3418-0 oder dem Polizeiposten Eppelheim unter Tel.:  06221\/766377 in Verbindung zu setzen. <\/p>\n\n\n\n<h4 class=\"wp-block-heading\">(Weinheim \/ Rhein-Neckar-Kreis) &#8211; Schwarzer Porsche gestohlen, Zeugenhinweise erbeten!<\/h4>\n\n\n\n<p>Ein schwarzer Porsche Panamera Turbo wurde Ende letzter Woche in Weinheim gestohlen. <\/p>\n\n\n\n<p>Der\n Besitzer des Wagens hatte sein Fahrzeug am Sonntag, den 26. Mai gegen \n16:00 Uhr in der Stettiner Stra\u00dfe abgestellt. Als er am Donnerstag, den \n30. Mai sein Gef\u00e4hrt wieder nutzen wollte, musste er feststellen, dass \ndieses zwischenzeitlich von Unbekannten gestohlen worden war. <\/p>\n\n\n\n<p>Seither\n ist der erstmals 2009 zugelassene Sportwagen mit dem Kennzeichen MA-XS \n23 verschwunden. Etwaige Zeugen des Pkw-Diebstahls oder Personen die \nHinweise zum Verbleib des Wagens geben k\u00f6nnen, werden gebeten, die \nKriminalpolizei unter 0621\/174-4444 anzurufen. <\/p>\n","protected":false},"excerpt":{"rendered":"<div class=\"mh-excerpt\"><p>Polizeimeldungen vom Montag (03.06.2019) (Speyer) &#8211; Brennender Pkw B 9 \/ Abfahrt Speyer-Nord Ein Renault Kangoo befuhr am Montagmorgen die B9 in Richtung Germersheim. Vermutlich aufgrund eines technischen Defekts entz\u00fcndete sich das Fahrzeug im Bereich <a class=\"mh-excerpt-more\" href=\"https:\/\/speyer24news.com\/?p=14277\" title=\"Polizeimeldungen\">[&#8230;]<\/a><\/p>\n<\/div>","protected":false},"author":3,"featured_media":0,"comment_status":"open","ping_status":"open","sticky":false,"template":"","format":"standard","meta":{"_monsterinsights_skip_tracking":false,"_monsterinsights_sitenote_active":false,"_monsterinsights_sitenote_note":"","_monsterinsights_sitenote_category":0,"footnotes":""},"categories":[12],"tags":[61,63,105,53,102,213,55,103,106,427,62,104,979],"aioseo_notices":[],"amp_enabled":true,"_links":{"self":[{"href":"https:\/\/speyer24news.com\/index.php?rest_route=\/wp\/v2\/posts\/14277"}],"collection":[{"href":"https:\/\/speyer24news.com\/index.php?rest_route=\/wp\/v2\/posts"}],"about":[{"href":"https:\/\/speyer24news.com\/index.php?rest_route=\/wp\/v2\/types\/post"}],"author":[{"embeddable":true,"href":"https:\/\/speyer24news.com\/index.php?rest_route=\/wp\/v2\/users\/3"}],"replies":[{"embeddable":true,"href":"https:\/\/speyer24news.com\/index.php?rest_route=%2Fwp%2Fv2%2Fcomments&post=14277"}],"version-history":[{"count":3,"href":"https:\/\/speyer24news.com\/index.php?rest_route=\/wp\/v2\/posts\/14277\/revisions"}],"predecessor-version":[{"id":14290,"href":"https:\/\/speyer24news.com\/index.php?rest_route=\/wp\/v2\/posts\/14277\/revisions\/14290"}],"wp:attachment":[{"href":"https:\/\/speyer24news.com\/index.php?rest_route=%2Fwp%2Fv2%2Fmedia&parent=14277"}],"wp:term":[{"taxonomy":"category","embeddable":true,"href":"https:\/\/speyer24news.com\/index.php?rest_route=%2Fwp%2Fv2%2Fcategories&post=14277"},{"taxonomy":"post_tag","embeddable":true,"href":"https:\/\/speyer24news.com\/index.php?rest_route=%2Fwp%2Fv2%2Ftags&post=14277"}],"curies":[{"name":"wp","href":"https:\/\/api.w.org\/{rel}","templated":true}]}}