{"id":14382,"date":"2019-06-04T15:31:32","date_gmt":"2019-06-04T14:31:32","guid":{"rendered":"https:\/\/speyer24news.com\/?p=14382"},"modified":"2019-06-04T15:31:34","modified_gmt":"2019-06-04T14:31:34","slug":"neustadt-an-der-weinstrasse","status":"publish","type":"post","link":"https:\/\/speyer24news.com\/?p=14382","title":{"rendered":"Neustadt an der Weinstra\u00dfe"},"content":{"rendered":"<style type=\"text\/css\">\r\n\t.ads_top_disp{}\r\n\t.ads_top_corner_disp{ float:left; margin:0px 10px 10px 0px; }\r\n\t.ads_first_p_disp{}\r\n\t.ads_bottom_disp{}\r\n\t<\/style>\n<h2 class=\"wp-block-heading\"><strong>\u201eLesesommer Rheinland-Pfalz\u201c vom 17. Juni bis 17. August 2019 in der Stadtb\u00fccherei<\/strong><\/h2>\n\n\n\n<h3 class=\"wp-block-heading\"><strong>Anmelden, lesen und Preise gewinnen \u2013 Ehrenamtliche gesucht!<\/strong><\/h3>\n\n\n\n<div class=\"wp-block-image\"><figure class=\"aligncenter\"><img decoding=\"async\" loading=\"lazy\" width=\"500\" height=\"633\" src=\"https:\/\/speyer24news.com\/wp-content\/uploads\/2019\/06\/Flash.jpg\" alt=\"\" class=\"wp-image-14395\" srcset=\"https:\/\/speyer24news.com\/wp-content\/uploads\/2019\/06\/Flash.jpg 500w, https:\/\/speyer24news.com\/wp-content\/uploads\/2019\/06\/Flash-237x300.jpg 237w\" sizes=\"(max-width: 500px) 100vw, 500px\" \/><\/figure><\/div>\n\n\n\n<p>Am 17.\nJuni 2019 startet der zw\u00f6lfte Lesesommer Rheinland-Pfalz unter dem Motto \u201eFlash\ndeine Eltern und lies ein Buch!\u201c. Beim diesj\u00e4hrigen Lesesommer bieten 200 kommunale und kirchliche Bibliotheken\nlandesweit den Lesesommer wieder f\u00fcr Kinder und Jugendliche von sechs bis 16\nJahren an, darunter auch die Stadtb\u00fccherei Neustadt.<\/p>\n\n\n\n<p>Wer sich\nzum Lesesommer anmeldet, kann exklusiv und kostenlos aktuelle Kinder- und\nJugendb\u00fccher ausleihen und lesen. Die Teilnehmerinnen und Teilnehmer geben zu\nden gelesenen B\u00fcchern ihre Bewertung entweder online in Form eines\n\u201eOnline-Buchtipps\u201c unter <a href=\"http:\/\/www.lesesommer.de\">www.lesesommer.de<\/a> ab oder\nbeantworten in ihrer Lesesommer-Bibliothek vor Ort Fragen zum Buch. <\/p>\n\n\n\n<p>Zu jedem\ngelesenen Buch gibt es einen Stempel auf der Clubkarte. Wer in den Sommerferien\nmindestens drei B\u00fccher liest, erh\u00e4lt eine Urkunde. Viele Schulen vermerken die erfolgreiche Teilnahme zudem positiv im\nn\u00e4chsten Zeugnis.<\/p>\n\n\n\n<p>F\u00fcr die Gespr\u00e4che \u00fcber die gelesenen B\u00fccher ist die Stadtb\u00fccherei\nNeustadt auf die Hilfe von Ehrenamtlichen angewiesen. \u00c4ltere Sch\u00fclerinnen und\nSch\u00fcler oder Erwachsene, die Lust haben, uns bei dieser T\u00e4tigkeit zu\nunterst\u00fctzen, k\u00f6nnen sich gern in der Stadtb\u00fccherei melden und sich\ninformieren. Die Termine und die Zeiten f\u00fcr die Unterst\u00fctzung sind flexibel und\nauf die Lesesommer-Zeit vom 17. Juni bis 17. August begrenzt.<\/p>\n\n\n\n<p>Wer zu\neinem gelesenen Buch auch eine Bewertungskarte in der Bibliothek ausf\u00fcllt und\nabgibt, nimmt an dem landesweiten Gewinnspiel teil. Je mehr man liest, desto\nh\u00f6her sind die Gewinnchancen. Der Hauptgewinn\nist ein Gutschein f\u00fcr einen zweit\u00e4gigen Aufenthalt f\u00fcr vier Personen im\nEuropapark Rust.<\/p>\n\n\n\n<p>Die B\u00fccherei Neustadt feiert den <strong>Abschluss des Lesesommers 2019 am 4. September 2019<\/strong>, 17 Uhr, im Saalbau. Das Puppentheater Dornerei spielt das Figurentheaterspektakel \u201eDer Zauberlehrling\u201c und in einer gro\u00dfen Tombola gibt es viele tolle Preise zu gewinnen.<\/p>\n\n\n\n<p>Der Lesesommer ist Teil der landesweiten Kampagne \u201eLeselust in Rheinland-Pfalz\u201c und wird j\u00e4hrlich mit \u00fcber 100.000 Euro vom Land unterst\u00fctzt. Die Lesef\u00f6rderaktion wird durch das Landesbibliothekszentrum Rheinland-Pfalz koordiniert. 2008 startete der Lesesommer mit 88 teilnehmenden Bibliotheken und ist heute nicht mehr aus dem Sommerprogramm 1.000er Kinder und Jugendlicher in Rheinland-Pfalz wegzudenken. 2019 wird der Lesesommer am 17. Juni in der Bibliothek im Schulzentrum in W\u00f6rrstadt offiziell er\u00f6ffnet.<\/p>\n\n\n\n<div class=\"wp-block-image\"><figure class=\"alignleft is-resized\"><img decoding=\"async\" loading=\"lazy\" src=\"https:\/\/speyer24news.com\/wp-content\/uploads\/2019\/06\/Neustadt-Stadtb\u00fccherei.png\" alt=\"\" class=\"wp-image-14396\" width=\"280\" height=\"189\" srcset=\"https:\/\/speyer24news.com\/wp-content\/uploads\/2019\/06\/Neustadt-Stadtb\u00fccherei.png 800w, https:\/\/speyer24news.com\/wp-content\/uploads\/2019\/06\/Neustadt-Stadtb\u00fccherei-300x204.png 300w, https:\/\/speyer24news.com\/wp-content\/uploads\/2019\/06\/Neustadt-Stadtb\u00fccherei-768x521.png 768w\" sizes=\"(max-width: 280px) 100vw, 280px\" \/><\/figure><\/div>\n\n\n\n<p>Weitere Infos gibt es unter <a href=\"http:\/\/www.lesesommer.de\">www.lesesommer.de<\/a> oder bei derStadtb\u00fccherei Neustadt an der Weinstra\u00dfe, Marstall 1, im Klemmhof, 67433 Neustadt am der Weinstra\u00dfe, Telefon 06321\/484130, <a href=\"mailto:stadtbuecherei@neustadt.eu\">stadtbuecherei@neustadt.eu<\/a>, <a href=\"http:\/\/www.neustadt.eu\/B\u00fcrger-Leben\/Bildung\/Stadtb\u00fccherei\">www.neustadt.eu\/B\u00fcrger-Leben\/Bildung\/Stadtb\u00fccherei<\/a> <\/p>\n\n\n\n<p><strong>\u00d6ffnungszeiten w\u00e4hrend des Lesesommers: <\/strong><\/p>\n\n\n\n<ul><li>Montag 15 bis 18 Uhr<\/li><li>Dienstag 10 bis 14 Uhr<\/li><li>Mittwoch geschlossen<\/li><li>Donnerstag 10 bis 19 Uhr<\/li><li>Freitag 15 bis 18 Uhr<\/li><li>Samstag: 10 bis 13 Uhr<\/li><\/ul>\n\n\n\n<p><em>Neustadt an der Weinstra\u00dfe<br>04.06.2019<\/em><\/p>\n\n\n\n<h2 class=\"wp-block-heading\"><strong>Kultursaison 2019\/2020: Vorhang auf f\u00fcr au\u00dfergew\u00f6hnliche Werke<\/strong><\/h2>\n\n\n\n<div class=\"wp-block-image\"><figure class=\"aligncenter\"><img decoding=\"async\" loading=\"lazy\" width=\"800\" height=\"658\" src=\"https:\/\/speyer24news.com\/wp-content\/uploads\/2019\/06\/2019.10.29-Stuttgarter-Philharmoniker.jpg.png\" alt=\"\" class=\"wp-image-14385\" srcset=\"https:\/\/speyer24news.com\/wp-content\/uploads\/2019\/06\/2019.10.29-Stuttgarter-Philharmoniker.jpg.png 800w, https:\/\/speyer24news.com\/wp-content\/uploads\/2019\/06\/2019.10.29-Stuttgarter-Philharmoniker.jpg-300x247.png 300w, https:\/\/speyer24news.com\/wp-content\/uploads\/2019\/06\/2019.10.29-Stuttgarter-Philharmoniker.jpg-768x632.png 768w\" sizes=\"(max-width: 800px) 100vw, 800px\" \/><figcaption>Stuttgarter Philharmoniker am 29.10.2019 <\/figcaption><\/figure><\/div>\n\n\n\n<p>Das Programm f\u00fcr die Saison 2019\/2020 steht,\npr\u00e4sentiert wurde es von Kulturb\u00fcrgermeister Ingo R\u00f6thlingsh\u00f6fer, der\nst\u00e4dtischen Kulturabteilung sowie Konzertberater Fritz Burkhardt und\nSchauspielberater Rainer Nosb\u00fcsch. <\/p>\n\n\n\n<p>\u201eDer Inhalt ist wunderbar, das neue Design wirkt sehr gut und es gibt Highlights in allen Sparten\u201c, fasste R\u00f6thlingsh\u00f6fer zusammen. \u201ePers\u00f6nlich sehr spannend finde ich die Chaplin-Produktion und als Krimifan die Weihnachtsproduktion von Dickens, und ich freue mich, dass wir zusammen mit der Lebenshilfe das Format Kultur hilft entwickeln konnten.\u201c <\/p>\n\n\n\n<div class=\"wp-block-image\"><figure class=\"aligncenter\"><img decoding=\"async\" loading=\"lazy\" width=\"600\" height=\"600\" src=\"https:\/\/speyer24news.com\/wp-content\/uploads\/2019\/06\/Kultur-Hilft.jpg.png\" alt=\"\" class=\"wp-image-14386\" srcset=\"https:\/\/speyer24news.com\/wp-content\/uploads\/2019\/06\/Kultur-Hilft.jpg.png 600w, https:\/\/speyer24news.com\/wp-content\/uploads\/2019\/06\/Kultur-Hilft.jpg-150x150.png 150w, https:\/\/speyer24news.com\/wp-content\/uploads\/2019\/06\/Kultur-Hilft.jpg-300x300.png 300w\" sizes=\"(max-width: 600px) 100vw, 600px\" \/><\/figure><\/div>\n\n\n\n<p>Das Programmheft wurde in modernem, \u00fcbersichtlichem\nFormat neu und mit weniger Werbung gestaltet. Es komplettiert nun neben den\nebenfalls neu gestalteten Plakaten, Werbeanzeigen und dem Online-Newsletter das\nneue Erscheinungsbild der Kulturabteilung Neustadt. Es ist ab sofort in der\nKulturabteilung Neustadt (Hetzelplatz 1), den Stadth\u00e4usern, sowie online unter <a href=\"http:\/\/www.neustadt.eu\">www.neustadt.eu<\/a> als Download-Version\nerh\u00e4ltlich.<\/p>\n\n\n\n<p>Die Stuttgarter Philharmoniker er\u00f6ffnen das ansprechende Saisonprogramm der \u201eKonzert\u201c-ABO-Reihe. Mit dem franz\u00f6sischen Trio Wanderer, der Deutschen Staatsphilharmonie Rheinland-Pfalz, dem Landesjugendorchester Rheinland-Pfalz und dem Staatsorchester Rheinische Philharmonie erwartet die G\u00e4ste gewohnt hochkar\u00e4tige Musikauff\u00fchrungen, die jeweils mit den interessanten, sehr beliebten Konzerteinf\u00fchrungen des Konzertberaters beginnen.<\/p>\n\n\n\n<div class=\"wp-block-image\"><figure class=\"aligncenter\"><img decoding=\"async\" loading=\"lazy\" width=\"800\" height=\"533\" src=\"https:\/\/speyer24news.com\/wp-content\/uploads\/2019\/06\/2019.10.17-1984.jpg.png\" alt=\"\" class=\"wp-image-14387\" srcset=\"https:\/\/speyer24news.com\/wp-content\/uploads\/2019\/06\/2019.10.17-1984.jpg.png 800w, https:\/\/speyer24news.com\/wp-content\/uploads\/2019\/06\/2019.10.17-1984.jpg-300x200.png 300w, https:\/\/speyer24news.com\/wp-content\/uploads\/2019\/06\/2019.10.17-1984.jpg-768x512.png 768w\" sizes=\"(max-width: 800px) 100vw, 800px\" \/><figcaption>&#8222;1984&#8220; am 17.10.2019<\/figcaption><\/figure><\/div>\n\n\n\n<p>Die ABOs \u201eSchauspiel\u201c und \u201eLeichte Muse\u201c\nbeeindrucken mit modernen und aktuellen Themen: So z.B. \u201e1984\u201c, George Orwells Vision einer\ntotalen \u00dcberwachung oder\n\u201eLehmann Brothers\u201c, dem Bankenskandal \u201eMade in USA\u201c. Mit den Kom\u00f6dien \u201eAdams\n\u00c4pfel\u201c, \u201eSchtonk\u201c \u201eEin K\u00e4fig voller Narren\u201c mit Lilo Wanders, dem Musical\n\u201eChaplin\u201c, sowie der Weihnachtsgeschichte von Charles Dickens`, \u201eMinna von\nBarnhelm\u201c, den \u201eStreichen des Scapin\u201c oder der Oper \u201cLa Traviata\u201c ist gute,\nanspruchsvolle Unterhaltung garantiert.<\/p>\n\n\n\n<p>Neben den ABO-Veranstaltungen setzen auch wieder etliche Sonderveranstaltungen kulturelle Highlights: Das renommierte \u201eHambacher Musikfest\u201c bietet im Juni ein h\u00f6chst abwechslungsreiches Kammermusik-Programm mit Musik von der Klassik bis zur Moderne.<\/p>\n\n\n\n<div class=\"wp-block-image\"><figure class=\"aligncenter\"><img decoding=\"async\" loading=\"lazy\" width=\"800\" height=\"452\" src=\"https:\/\/speyer24news.com\/wp-content\/uploads\/2019\/06\/2019.08.24-Kultur-Am-Bach-2.jpg.png\" alt=\"\" class=\"wp-image-14388\" srcset=\"https:\/\/speyer24news.com\/wp-content\/uploads\/2019\/06\/2019.08.24-Kultur-Am-Bach-2.jpg.png 800w, https:\/\/speyer24news.com\/wp-content\/uploads\/2019\/06\/2019.08.24-Kultur-Am-Bach-2.jpg-300x170.png 300w, https:\/\/speyer24news.com\/wp-content\/uploads\/2019\/06\/2019.08.24-Kultur-Am-Bach-2.jpg-768x434.png 768w\" sizes=\"(max-width: 800px) 100vw, 800px\" \/><\/figure><\/div>\n\n\n\n<p>Im Park der Villa B\u00f6hm l\u00e4dt\n\u201ePalatia Jazz\u201c am Samstag, 29. Juni 2019, zu\neinem Doppelkonzert mit dem \u201eBill Laurence Trio\u201c und \u201eShalosh\u201c ein. Das Familienfest \u201eKultur am Bach\u201c\nlockt am Samstag, 24. August 2019, mit einer beeindruckenden\nOpen-Air-Galerie Neustadter K\u00fcnstler, Bands, Tanzdarbietungen, Kinderspa\u00df und\nnat\u00fcrlich auch \u201eEssen &amp; Trinken in die Wallgasse.<\/p>\n\n\n\n<p>Im\nSeptember steht dann die Neuauflage des \u201eFestivals f\u00fcr alte Musik\u201c \u2013 eine\nVeranstaltungsreihe, die nun nach erfolgreicher Premiere 2017 im zweij\u00e4hrigen\nTurnus geplant ist, auf dem Programm.<\/p>\n\n\n\n<p>Die Benefizaktion \u201eKultur hilft\u201c zur Unterst\u00fctzung des Neubaus eines Wohnheims der Lebenshilfe Neustadt wird mit zwei Veranstaltungen promotet: Mit einer \u201epolitisch unkorrekten Comedy\u201c des behinderten Kabarettisten Martin Fromme im Cineplex-Kino (Freitag, 20. September 2019) und dem Kinderkonzert mit Lesung \u201eEmil &amp; die Detektive\u201c des Musikkorps der Bundeswehr im Saalbau Neustadt (Montag, 4. November 2019). Hierbei \u00fcbernimmt Oberb\u00fcrgermeister Marc Weigel die Rolle des Vorlesers.<\/p>\n\n\n\n<div class=\"wp-block-image\"><figure class=\"aligncenter\"><img decoding=\"async\" loading=\"lazy\" width=\"800\" height=\"457\" src=\"https:\/\/speyer24news.com\/wp-content\/uploads\/2019\/06\/2019.12.10-Jim-Knopf.jpg.png\" alt=\"\" class=\"wp-image-14389\" srcset=\"https:\/\/speyer24news.com\/wp-content\/uploads\/2019\/06\/2019.12.10-Jim-Knopf.jpg.png 800w, https:\/\/speyer24news.com\/wp-content\/uploads\/2019\/06\/2019.12.10-Jim-Knopf.jpg-300x171.png 300w, https:\/\/speyer24news.com\/wp-content\/uploads\/2019\/06\/2019.12.10-Jim-Knopf.jpg-768x439.png 768w\" sizes=\"(max-width: 800px) 100vw, 800px\" \/><\/figure><\/div>\n\n\n\n<p>Das Kinderprogramm beinhaltet das\nKinder-Musical \u201eJim Knopf\u201c, ein Kinderkonzert mit der Deutschen\nStaatsphilharmonie, sowie im Rahmen der Benefizaktion \u201eKultur hilft\u201c das Sonderkonzert\nmit Lesung \u201eEmil &amp; die Detektive\u201c.<\/p>\n\n\n\n<p>Die beliebten, sehr erfolgreichen\n\u201eKurpfalzkonzerte\u201c, eine Kooperation mit der Musikhochschule Mannheim, bieten\nauch in der neuen Saison Jahr wieder einen zus\u00e4tzlichen zweiten Ballettabend.<\/p>\n\n\n\n<p>Die \u201eTreppenhauskonzerte\u201c finden ab Oktober 2019 wieder jeweils am ersten Freitag des Monats in der Villa B\u00f6hm statt. Ausnahme bildet lediglich das Konzert im November, das wegen Allerheiligen auf Samstag, 2. November 2019, verlegt wird.<\/p>\n\n\n\n<div class=\"wp-block-image\"><figure class=\"aligncenter\"><img decoding=\"async\" loading=\"lazy\" width=\"600\" height=\"600\" src=\"https:\/\/speyer24news.com\/wp-content\/uploads\/2019\/06\/2020.01.03-Tom-Keller-Guest.jpg.png\" alt=\"\" class=\"wp-image-14390\" srcset=\"https:\/\/speyer24news.com\/wp-content\/uploads\/2019\/06\/2020.01.03-Tom-Keller-Guest.jpg.png 600w, https:\/\/speyer24news.com\/wp-content\/uploads\/2019\/06\/2020.01.03-Tom-Keller-Guest.jpg-150x150.png 150w, https:\/\/speyer24news.com\/wp-content\/uploads\/2019\/06\/2020.01.03-Tom-Keller-Guest.jpg-300x300.png 300w\" sizes=\"(max-width: 600px) 100vw, 600px\" \/><\/figure><\/div>\n\n\n\n<h3 class=\"wp-block-heading\"><strong>Ein ABO \u2013 Viele Vorteile<\/strong><\/h3>\n\n\n\n<p>Mit\neinem Abonnement profitiert man in vielf\u00e4ltiger Weise. Neben einer exklusiven\nSitzplatzreservierung f\u00fcr die gesamte Saison erhalten Besitzerinnen und\nBesitzer einen 30-prozentigen Preisvorteil gegen\u00fcber Einzelkarten, zwei\n10-prozentige Gutscheine f\u00fcr Freunde und Familie, ein Vorkaufsrecht f\u00fcr ausgew\u00e4hlte Veranstaltungen\nbereits vor Verkaufsstart, sowie eine zus\u00e4tzliche Erm\u00e4\u00dfigung beim\nSilvesterkonzert! Des Weiteren bietet es ein Umtauschrecht bei zeitlicher\nVerhinderung. Und im Premium-Abonnement (Buchung\naller drei ABO-Reihen) erhalten alle sogar noch einen weiteren Preisvorteil!<\/p>\n\n\n\n<p>Das Abonnement ist j\u00e4hrlich k\u00fcndbar.<\/p>\n\n\n\n<p><strong><em>\u00dcbrigens: <\/em><\/strong>Wer als Abonnent\/in einen neuen Abonnenten wirbt, erh\u00e4lt eine Freikarte seiner Wahl aus dem aktuellen Saison-Programm! <\/p>\n\n\n\n<div class=\"wp-block-image\"><figure class=\"aligncenter\"><img decoding=\"async\" loading=\"lazy\" width=\"600\" height=\"600\" src=\"https:\/\/speyer24news.com\/wp-content\/uploads\/2019\/06\/2020.03.06-Wollasch-Hautsch.jpg.png\" alt=\"\" class=\"wp-image-14391\" srcset=\"https:\/\/speyer24news.com\/wp-content\/uploads\/2019\/06\/2020.03.06-Wollasch-Hautsch.jpg.png 600w, https:\/\/speyer24news.com\/wp-content\/uploads\/2019\/06\/2020.03.06-Wollasch-Hautsch.jpg-150x150.png 150w, https:\/\/speyer24news.com\/wp-content\/uploads\/2019\/06\/2020.03.06-Wollasch-Hautsch.jpg-300x300.png 300w\" sizes=\"(max-width: 600px) 100vw, 600px\" \/><\/figure><\/div>\n\n\n\n<h3 class=\"wp-block-heading\"><strong>Programm\u00fcberblick:<\/strong><\/h3>\n\n\n\n<p>Internet: &nbsp;&nbsp;&nbsp;&nbsp;&nbsp;&nbsp;&nbsp; <a href=\"http:\/\/www.neustadt.eu\">www.neustadt.eu<\/a> <\/p>\n\n\n\n<p>Print:\u00a0\u00a0\u00a0\u00a0\u00a0\u00a0\u00a0\u00a0\u00a0\u00a0\u00a0\u00a0\u00a0 Erh\u00e4ltlich in Taschengr\u00f6\u00dfe in der Kulturabteilung, auf Wunsch wird das Programmheft auch kostenfrei zugesandt. <\/p>\n\n\n\n<h3 class=\"wp-block-heading\"><strong>Tageskartenverkauf\nstartet in K\u00fcrze<\/strong><\/h3>\n\n\n\n<p>Der offizielle Kartenvorverkauf f\u00fcr alle\nVeranstaltungen der kommenden Saison beginnt am Montag, 2. September 2019.<\/p>\n\n\n\n<h3 class=\"wp-block-heading\"><strong>Vorgezogener Verkaufsstart<\/strong><\/h3>\n\n\n\n<div class=\"wp-block-image\"><figure class=\"aligncenter\"><img decoding=\"async\" loading=\"lazy\" width=\"800\" height=\"533\" src=\"https:\/\/speyer24news.com\/wp-content\/uploads\/2019\/06\/2020.03.10-Lehman-Brothers.jpg.png\" alt=\"\" class=\"wp-image-14392\" srcset=\"https:\/\/speyer24news.com\/wp-content\/uploads\/2019\/06\/2020.03.10-Lehman-Brothers.jpg.png 800w, https:\/\/speyer24news.com\/wp-content\/uploads\/2019\/06\/2020.03.10-Lehman-Brothers.jpg-300x200.png 300w, https:\/\/speyer24news.com\/wp-content\/uploads\/2019\/06\/2020.03.10-Lehman-Brothers.jpg-768x512.png 768w\" sizes=\"(max-width: 800px) 100vw, 800px\" \/><figcaption>&#8222;Lehman Brothers&#8220; am 10.03.2020<\/figcaption><\/figure><\/div>\n\n\n\n<p>Karten f\u00fcr die Benefizaktion Kultur hilft, das Bundeswehrkonzert und Silvester sind <strong><em>bereits ab Montag, 15. Juli<\/em><\/strong>, erh\u00e4ltlich. <\/p>\n\n\n\n<p>Karten k\u00f6nnen ab den genannten Terminen bei der Kulturabteilung (Hetzelplatz 1, Neustadt an der Weinstra\u00dfe), Online unter <a href=\"http:\/\/www.ticket-regional.de\">www.ticket-regional.de<\/a> oder bei den Ticket-Regional Vorverkaufsstellen erworben werden.<\/p>\n\n\n\n<div class=\"wp-block-image\"><figure class=\"aligncenter\"><img decoding=\"async\" loading=\"lazy\" width=\"800\" height=\"514\" src=\"https:\/\/speyer24news.com\/wp-content\/uploads\/2019\/06\/2019.11.05-Neustadt-\u00a9Bundeswehr-Mandt.jpg.png\" alt=\"\" class=\"wp-image-14393\" srcset=\"https:\/\/speyer24news.com\/wp-content\/uploads\/2019\/06\/2019.11.05-Neustadt-\u00a9Bundeswehr-Mandt.jpg.png 800w, https:\/\/speyer24news.com\/wp-content\/uploads\/2019\/06\/2019.11.05-Neustadt-\u00a9Bundeswehr-Mandt.jpg-300x193.png 300w, https:\/\/speyer24news.com\/wp-content\/uploads\/2019\/06\/2019.11.05-Neustadt-\u00a9Bundeswehr-Mandt.jpg-768x493.png 768w\" sizes=\"(max-width: 800px) 100vw, 800px\" \/><\/figure><\/div>\n\n\n\n<h3 class=\"wp-block-heading\"><strong>\u00dcbersicht ABO-Programm 2019\/2020<\/strong><\/h3>\n\n\n\n<h4 class=\"wp-block-heading\"><strong>KONZERT<\/strong><\/h4>\n\n\n\n<ul><li><strong> <\/strong>Di, 29.10.2019\u00a0\u00a0\u00a0\u00a0\u00a0\u00a0\u00a0 Stuttgarter Philharmoniker<\/li><li> Do, 28.11.2019\u00a0\u00a0\u00a0\u00a0\u00a0  Trio Wanderer<\/li><li> Mi, 29.01.2020\u00a0\u00a0\u00a0\u00a0\u00a0\u00a0 Deutsche Staatsphilharmonie Rheinland-Pfalz<\/li><li> Do, 19.03.2020\u00a0\u00a0\u00a0\u00a0\u00a0\u00a0 Deutsche Staatsphilharmonie Rheinland-Pfalz<\/li><li> So, 19.04.2020\u00a0\u00a0\u00a0\u00a0\u00a0\u00a0\u00a0 Landesjugendorchester Rheinland-Pfalz, 17 Uhr<\/li><li> Di, 12.05.2020\u00a0\u00a0\u00a0\u00a0\u00a0\u00a0\u00a0 Staatsorchester Rheinische Philharmonie<\/li><\/ul>\n\n\n\n<p>Einf\u00fchrung zu\nden Konzerten durch Fritz Burkhardt jeweils eine Stunde vor Beginn.<\/p>\n\n\n\n<h4 class=\"wp-block-heading\"><strong> SCHAUSPIEL<\/strong><\/h4>\n\n\n\n<ul><li><strong> <\/strong>Do, 17.10.2019\u00a0\u00a0\u00a0\u00a0\u00a0\u00a0\u00a0 1984<\/li><li> So, 15.12.2019\u00a0\u00a0\u00a0\u00a0\u00a0\u00a0\u00a0 Charles Dickens \u2013 Weihnachtsgeschichte, 17 Uhr<\/li><li> Do, 23.01.2020\u00a0\u00a0\u00a0\u00a0\u00a0\u00a0\u00a0 Minna von Barnhelm<\/li><li> Di, 04.02.2020\u00a0\u00a0\u00a0\u00a0\u00a0\u00a0\u00a0\u00a0 La Traviata<\/li><li> Di, 10.03.2020\u00a0\u00a0\u00a0\u00a0\u00a0\u00a0\u00a0\u00a0 Lehman Brothers<\/li><li> Do, 23.04.2020\u00a0\u00a0\u00a0\u00a0\u00a0\u00a0\u00a0 Die Streiche des Scapin<\/li><\/ul>\n\n\n\n<p>Einf\u00fchrung zu den St\u00fccken jeweils eine Stunde vor Beginn.<\/p>\n\n\n\n<div class=\"wp-block-image\"><figure class=\"aligncenter\"><img decoding=\"async\" loading=\"lazy\" width=\"800\" height=\"370\" src=\"https:\/\/speyer24news.com\/wp-content\/uploads\/2019\/06\/2019.12.29-Silvester\u00a9Schreiner.jpg.png\" alt=\"\" class=\"wp-image-14394\" srcset=\"https:\/\/speyer24news.com\/wp-content\/uploads\/2019\/06\/2019.12.29-Silvester\u00a9Schreiner.jpg.png 800w, https:\/\/speyer24news.com\/wp-content\/uploads\/2019\/06\/2019.12.29-Silvester\u00a9Schreiner.jpg-300x139.png 300w, https:\/\/speyer24news.com\/wp-content\/uploads\/2019\/06\/2019.12.29-Silvester\u00a9Schreiner.jpg-768x355.png 768w\" sizes=\"(max-width: 800px) 100vw, 800px\" \/><\/figure><\/div>\n\n\n\n<p><strong>LEICHTE MUSE<\/strong><\/p>\n\n\n\n<ul><li>Di, 22.10.2019\u00a0\u00a0\u00a0\u00a0\u00a0\u00a0\u00a0\u00a0 Ein K\u00e4fig voller Narren<\/li><li>Di, 03.12.2019\u00a0\u00a0\u00a0\u00a0\u00a0\u00a0\u00a0\u00a0 Adams \u00c4pfel<\/li><li>Di, 17.03.2020\u00a0\u00a0\u00a0\u00a0\u00a0\u00a0\u00a0\u00a0 CHAPLIN \u2013 das Musical<\/li><li>Do, 14.05.2020\u00a0\u00a0\u00a0\u00a0\u00a0\u00a0\u00a0 SCHTONK!<\/li><\/ul>\n\n\n\n<p>F\u00fcr R\u00fcckfragen zu einem Abonnement oder Tageskarten erreichen Sie die Kulturabteilung unter der 06321-855-404 oder per Mail an <a href=\"mailto:kultur@neustadt.eu\">kultur@neustadt.eu<\/a>.<\/p>\n\n\n\n<p><strong>\u00d6ffnungszeiten der Kulturabteilung:<\/strong><br> Mo &#8211; Mi: \u00a0\u00a0\u00a0\u00a0\u00a0\u00a0 9.30 &#8211; 12.30 Uhr | 14 &#8211; 16 Uhr <br> Do: \u00a0\u00a0\u00a0\u00a0\u00a0\u00a0\u00a0\u00a0\u00a0\u00a0\u00a0\u00a0\u00a0\u00a0\u00a0 9.30 &#8211; 12.30 Uhr | 14 &#8211; 17 Uhr<br> Fr: \u00a0\u00a0\u00a0\u00a0\u00a0\u00a0\u00a0\u00a0\u00a0\u00a0\u00a0\u00a0\u00a0\u00a0\u00a0\u00a0 9.30 &#8211; 12.30 Uhr<\/p>\n\n\n\n<p><em>Neustadt an der Weinstra\u00dfe<br>04.06.2019<\/em><\/p>\n\n\n\n<h2 class=\"wp-block-heading\"><strong>MINT-Netzwerk trifft sich im Casimirianum<\/strong><\/h2>\n\n\n\n<div class=\"wp-block-image\"><figure class=\"aligncenter\"><img decoding=\"async\" loading=\"lazy\" width=\"800\" height=\"600\" src=\"https:\/\/speyer24news.com\/wp-content\/uploads\/2019\/06\/MINT_2.jpg\" alt=\"\" class=\"wp-image-14383\" srcset=\"https:\/\/speyer24news.com\/wp-content\/uploads\/2019\/06\/MINT_2.jpg 800w, https:\/\/speyer24news.com\/wp-content\/uploads\/2019\/06\/MINT_2-300x225.jpg 300w, https:\/\/speyer24news.com\/wp-content\/uploads\/2019\/06\/MINT_2-768x576.jpg 768w, https:\/\/speyer24news.com\/wp-content\/uploads\/2019\/06\/MINT_2-678x509.jpg 678w, https:\/\/speyer24news.com\/wp-content\/uploads\/2019\/06\/MINT_2-326x245.jpg 326w, https:\/\/speyer24news.com\/wp-content\/uploads\/2019\/06\/MINT_2-80x60.jpg 80w\" sizes=\"(max-width: 800px) 100vw, 800px\" \/><figcaption>v.l.: Christina Witte (MRN), Luise Forger, Stefanie Deutsch, Ann Kristin Langenbahn (alle vom Bildungsb\u00fcro der Stadt Neustadt) und Laura Arndt (P\u00e4dagogische Hochschule Heidelberg) <\/figcaption><\/figure><\/div>\n\n\n\n<p><strong>Neustadt \/ Casimirianum &#8211; <\/strong>Am 9. April 2019 fand die Auftaktveranstaltung des MINT-Netzwerks der MINT-Region Neustadt im Casimirianum, veranstaltet durch das \u00f6rtliche Bildungsb\u00fcro in Kooperation mit der Transferagentur Rheinland-Pfalz\/Saarland und der Metropolregion Rhein-Neckar GmbH, statt.<\/p>\n\n\n\n<p>Das Zielfindungsformat, die \u201eKooperationswerkstatt\u201c, hat in drei Arbeitsphasen die bunt gemischten Akteure aus Kitas, Schulen, Verwaltung, Unternehmen und Startups, P\u00e4dagogischem Landesinstitut, Universit\u00e4ten, Jugend forscht, Kreishandwerkerschaft, Agentur f\u00fcr Arbeit und Jobcenter untereinander bekannt gemacht sowie Projekte und aktuelle Sachst\u00e4nde inklusive der jeweiligen Zielgruppen ermittelt. Im Anschluss wurde gemeinsam eine Zukunftsvision f\u00fcr das Jahr 2024 erstellt, bei der die Akteure ihre W\u00fcnsche in Bezug auf die MINT-Region Neustadt \u00e4u\u00dfern konnten. <\/p>\n\n\n\n<div class=\"wp-block-image\"><figure class=\"aligncenter\"><img decoding=\"async\" loading=\"lazy\" width=\"800\" height=\"605\" src=\"https:\/\/speyer24news.com\/wp-content\/uploads\/2019\/06\/MINT_1.jpg\" alt=\"\" class=\"wp-image-14384\" srcset=\"https:\/\/speyer24news.com\/wp-content\/uploads\/2019\/06\/MINT_1.jpg 800w, https:\/\/speyer24news.com\/wp-content\/uploads\/2019\/06\/MINT_1-300x227.jpg 300w, https:\/\/speyer24news.com\/wp-content\/uploads\/2019\/06\/MINT_1-768x581.jpg 768w, https:\/\/speyer24news.com\/wp-content\/uploads\/2019\/06\/MINT_1-80x60.jpg 80w\" sizes=\"(max-width: 800px) 100vw, 800px\" \/><figcaption> F\u00fcr das Netzwerk werden noch Interessenten gesucht. <\/figcaption><\/figure><\/div>\n\n\n\n<p>Die den Traumvorstellungen entsprechenden n\u00e4chsten Praxisschritte zur Umsetzung der Vision bildeten den Abschluss der Veranstaltung. Es konnten schon an diesem Auftakt-Tag einige erste Verabredungen und vorl\u00e4ufige Kooperationen untereinander geschlossen werden, die vielversprechende Gewinne f\u00fcr Neustadt als MINT-Standort in Aussicht stellen. Das MINT-Netzwerk soll sich zuk\u00fcnftig wieder treffen und eine Kerngruppe, die Aktualisierungen und Umsetzungsm\u00f6glichkeiten im Blick beh\u00e4lt wird zeitnah installiert. Wer sich dem MINT-Netzwerk anschlie\u00dfen, oder in der Kerngruppe mit arbeiten will, kann sich gerne beim \u00f6rtlichen Bildungsb\u00fcro (<a href=\"bildungsbuero@neustadt.eu\">bildungsbuero@neustadt.eu<\/a>) melden.<\/p>\n\n\n\n<p><em>Neustadt an der Weinstra\u00dfe<br>04.06.2019<\/em><\/p>\n","protected":false},"excerpt":{"rendered":"<div class=\"mh-excerpt\"><p>\u201eLesesommer Rheinland-Pfalz\u201c vom 17. Juni bis 17. August 2019 in der Stadtb\u00fccherei Anmelden, lesen und Preise gewinnen \u2013 Ehrenamtliche gesucht! Am 17. Juni 2019 startet der zw\u00f6lfte Lesesommer Rheinland-Pfalz unter dem Motto \u201eFlash deine Eltern <a class=\"mh-excerpt-more\" href=\"https:\/\/speyer24news.com\/?p=14382\" title=\"Neustadt an der Weinstra\u00dfe\">[&#8230;]<\/a><\/p>\n<\/div>","protected":false},"author":3,"featured_media":14397,"comment_status":"open","ping_status":"open","sticky":false,"template":"","format":"standard","meta":{"_monsterinsights_skip_tracking":false,"_monsterinsights_sitenote_active":false,"_monsterinsights_sitenote_note":"","_monsterinsights_sitenote_category":0,"footnotes":""},"categories":[145],"tags":[1342,1340,1341,1343,1344,59,146],"aioseo_notices":[],"amp_enabled":true,"_links":{"self":[{"href":"https:\/\/speyer24news.com\/index.php?rest_route=\/wp\/v2\/posts\/14382"}],"collection":[{"href":"https:\/\/speyer24news.com\/index.php?rest_route=\/wp\/v2\/posts"}],"about":[{"href":"https:\/\/speyer24news.com\/index.php?rest_route=\/wp\/v2\/types\/post"}],"author":[{"embeddable":true,"href":"https:\/\/speyer24news.com\/index.php?rest_route=\/wp\/v2\/users\/3"}],"replies":[{"embeddable":true,"href":"https:\/\/speyer24news.com\/index.php?rest_route=%2Fwp%2Fv2%2Fcomments&post=14382"}],"version-history":[{"count":1,"href":"https:\/\/speyer24news.com\/index.php?rest_route=\/wp\/v2\/posts\/14382\/revisions"}],"predecessor-version":[{"id":14398,"href":"https:\/\/speyer24news.com\/index.php?rest_route=\/wp\/v2\/posts\/14382\/revisions\/14398"}],"wp:featuredmedia":[{"embeddable":true,"href":"https:\/\/speyer24news.com\/index.php?rest_route=\/wp\/v2\/media\/14397"}],"wp:attachment":[{"href":"https:\/\/speyer24news.com\/index.php?rest_route=%2Fwp%2Fv2%2Fmedia&parent=14382"}],"wp:term":[{"taxonomy":"category","embeddable":true,"href":"https:\/\/speyer24news.com\/index.php?rest_route=%2Fwp%2Fv2%2Fcategories&post=14382"},{"taxonomy":"post_tag","embeddable":true,"href":"https:\/\/speyer24news.com\/index.php?rest_route=%2Fwp%2Fv2%2Ftags&post=14382"}],"curies":[{"name":"wp","href":"https:\/\/api.w.org\/{rel}","templated":true}]}}