{"id":14436,"date":"2019-06-05T09:47:36","date_gmt":"2019-06-05T08:47:36","guid":{"rendered":"https:\/\/speyer24news.com\/?p=14436"},"modified":"2019-06-05T10:09:13","modified_gmt":"2019-06-05T09:09:13","slug":"kirche-8","status":"publish","type":"post","link":"https:\/\/speyer24news.com\/?p=14436","title":{"rendered":"Kirche:"},"content":{"rendered":"<style type=\"text\/css\">\r\n\t.ads_top_disp{}\r\n\t.ads_top_corner_disp{ float:left; margin:0px 10px 10px 0px; }\r\n\t.ads_first_p_disp{}\r\n\t.ads_bottom_disp{}\r\n\t<\/style>\n<h2 class=\"wp-block-heading\" style=\"text-align:center\">Terminkalender des Bistum Speyer im Juni 2019<\/h2>\n\n\n\n<div class=\"wp-block-image\"><figure class=\"aligncenter is-resized\"><img decoding=\"async\" loading=\"lazy\" src=\"https:\/\/speyer24news.com\/wp-content\/uploads\/2019\/06\/Bistum-Speyer.png\" alt=\"\" class=\"wp-image-14469\" width=\"357\" height=\"207\"\/><\/figure><\/div>\n\n\n\n<ul><li>6.6.    Gebetstage um geistliche Berufe <br>         19 Uhr Gottesdienst in der Kirche des Priesterseminars St.  German in Speyer.<\/li><li>6.6.    19 Uhr \u201eStammtisch f\u00fcr Entdecker*innen in Neustadt.<br>         \u00d6kumenische Austauschplattform f\u00fcr Haupt- und Ehrenamtliche aus den verschiedenen Regionen im Gebiet der beiden Kirchen. Veranstalter: \u201eSchon jetzt\u201c \u2013 eine \u00f6kumenische Initiative der Evangelischen Kirche der Pfalz (Prot. Landeskirche) und des Bistums Speyer.<\/li><li>7.6.    15 Uhr \u00dcbergabe des 9. \u201eWeinzehnten\u201c an Bischof Dr. Karl-Heinz Wiesemann und Weihbischof Otto Georgens durch Kirrweilerer Winzer in Speyer. <\/li><li>7.6.    18 Uhr Firmung durch Weihbischof Otto Georgens in der Kirche St. Maria in Kaiserslautern.<\/li><li>7.6.    16.15 Uhr, Technikmuseum: Familie Layer (Hermann Layer ist Pr\u00e4sident des Technikmuseums) wird erstes Dauermitglied des Dombauvereins<\/li><li>7.\u201310.6.Fest der Jugend in Salzburg \u2013 Pfingsten 2019<br>         Tour vom Bistum Speyer nach Salzburg. 4 Tage \u201eAbenteuer mit Gott und 8000 jungen Leuten rund um den Salzburger Dom\u201c. <\/li><li>8.6.    18 Uhr Firmung durch Weihbischof Otto Georgens in der Kirche St. Jakobus in Schifferstadt.<\/li><li>8.6.    18.30 Firmung durch Bischof Dr. Karl-Heinz Wiesemann in der Kirche St. Laurentius in Hochspeyer.<\/li><li>9.6.    Pfingstfest.<br>         10 Uhr Pontifikalamt mit Bischof Dr. Karl-Heinz Wiesemann im Speyerer Dom.<br>         16.30 Uhr Pontifikalvesper mit Bischof Dr. Karl-Heinz Wiesemann im Speyerer Dom.<\/li><li>10.6.    10 Uhr Pontifikalamt zum Pfingstmontag im Speyerer Dom mit Firmung durch Weihbischof Otto Georgens.<\/li><li>12.\u201316.6.Gro\u00dfes Wallfahrtsfest (Rosenberger Tage) auf Maria Rosenberg bei Waldfischbach-Burgalben.<br>         12.6.   19.30 Uhr Pontifikalamt mit Bischof Dr. Karl-Heinz Wiesemann mit Lichterprozession und Fest im Wallfahrtshof.<br>         16.6.   10 Uhr Pontifikalamt mit Weihbischof Otto Georgens.<\/li><li>14.6.    Kult(o)urnacht in Speyer<br>         Ab 16.30 Uhr Ohrenschmaus und Augenweide \u2013 musikalische Einblicke in und um den neuen Chorsaal im \u201eHaus der Kirchenmusik\u201c in Speyer; Angebote im Dom<\/li><li>14.\/15.6Di\u00f6zesanversammlung des Bundes der Deutschen Katholischen Jugend (BDKJ) in Bad D\u00fcrkheim; Wahl des neuen Di\u00f6zesanpr\u00e4ses des BDKJ.<\/li><li>14.6.    18 Uhr Firmung durch Weihbischof Otto Georgens in Bexbach.<\/li><li>15.6.    11 Uhr Gottesdienst an der Totenkopfh\u00fctte auf dem Totenkopf; in diesem Jahr Feier 50 Jahre Waldgottesdienste am Totenkopf (Saison dauert bis zum 18. August).<\/li><li>15.6.    18 Uhr Firmung durch Bischof Dr. Karl-Heinz Wiesemann in der Kirche St. Maria in Landau.<\/li><li>15.6.    18 Uhr Firmung durch Weihbischof Otto Georgens in der Kirche St. Josef in Ludwigshafen.<\/li><li>15.6.    19.30 Uhr \u201eTasten f\u00fcr Tasten\u201c \u2013 Benefizkonzert im Speyerer Dom zugunsten eines Tastmodells des Speyerer Doms f\u00fcr Blinde und Sehbehinderte.<br>         Domorganist Markus Eichenlaub spielt Werke von Bach, Vierne, Langlais, Litaize, Ravel.<br>         Eine Veranstaltung des Lions-Club Speyer in Zusammenarbeit mit der Dommusik Speyer.<\/li><li>16.6.    Di\u00f6zesanes Messdiener-Fu\u00dfballturnier unter dem Motto \u201eDas Tor zum Himmel \u2013 die Wahrheit liegt auf dem Platz\u201c in der Sportanlage in Klingenm\u00fcnster.<br>         9 Uhr Jugendgottesdienst auf dem Sportgel\u00e4nde.<\/li><li>16.6.    9.30 Uhr Pontifikalamt mit Bischof Dr. Karl-Heinz Wiesemann anl\u00e4sslich des 75-j\u00e4hrigen Bestehens der Anbetung in der Kirche St. Jakobus in Schifferstadt.<\/li><li>17.6.    Dies Pastoralis im Bisch\u00f6flichen Priesterseminar St. German in Speyer mit \u00dcberreichung der Zeugnisse. 18 Uhr Pontifikalvesper mit Bischof Dr. Karl-Heinz Wiesemann. <\/li><li>18.6.    15 Uhr bis 20 Uhr \u00d6kumenisches Gipfeltreffen der Kirchenleitungen des Bistums Speyer und der Evangelischen Landeskirche der Pfalz im Butenschoen-Haus in Landau.<\/li><li>19.6.    19.30 Uhr Orgelkonzert im Rahmen des Orgelzyklus 2019 im Speyerer Dom mit Willibald Guggenmos, St. Gallen\/Schweiz.<\/li><li>20.6.    Fronleichnamsfest.<br>         9 Uhr Pontifikalamt mit Bischof Dr. Karl-Heinz Wiesemann in der Speyerer Pfarrkirche St. Joseph, anschlie\u00dfend Prozession durch die Stadt. Abschluss im Dom zu Speyer mit Predigt von Weihbischof Otto Georgens.<\/li><li>21.6.    18 Uhr Firmung durch Weihbischof Otto Georgens in Essingen.<\/li><li>22.6.    \u201eTag der Firmlinge\u201c unter dem Motto \u201eAbout you. And me.\u201c<br>         Jugendgottesdienst mit Bischof Dr. Karl-Heinz Wiesemann im Speyerer Dom.<\/li><li>23.6.    10 Uhr Firmung durch Weihbischof Otto Georgens in der Kirche St. Martin in Kaiserslautern.<\/li><li>24.6.    19 Uhr \u201eStammtisch f\u00fcr Entdecker*innen in Kaiserslautern.<br>         \u00d6kumenische Austauschplattform f\u00fcr Haupt- und Ehrenamtliche aus den verschiedenen Regionen im Gebiet der beiden Gro\u00dfkirchen.<br>         Veranstalter: \u201eSchon jetzt\u201c \u2013 eine \u00f6kumenische Initiative der Evangelischen Kirche der Pfalz (Prot. Landeskirche) und des Bistums Speyer.<\/li><li>25.6.    Er\u00f6ffnung der Wallfahrten zum Annaberg bei Burrweiler.<br>         10 Uhr Gottesdienst mit Weihbischof Otto Georgens. Leitthema: \u201eGott beruft\u201c<\/li><li>28.6.    19 Uhr Pontifikalamt zum Herz-Jesu-Fest mit Weihbischof Otto Georgens im Kloster Neustadt.<\/li><li>28.\u201330.6.Rheinland-Pfalz-Tag 2019 in Annweiler am Trifels. <br>         29.6. 10 Uhr \u00d6kumenischer Gottesdienst mit Kirchenpr\u00e4sident Christian Schad und Bischof Dr. Karl-Heinz Wiesemann in der Prot. Stadtkirche in Annweiler. Verschiedene Angebote des Bistums Speyer, der kath. Pfarrei St. Elisabeth, des BDKJ, der Caritas und der St. Dominikus Stiftung Speyer<\/li><li>29.6.    16 Uhr Firmung durch Bischof Dr. Karl-Heinz Wiesemann in der Kirche St. Mauritius in Lautzkirchen.<\/li><li>29.6.    Fest Peter und Paul, 7.30 Uhr Kapitelsamt mit Laudes im Dom zu Speyer<\/li><li>29.6.    18 Uhr im Speyerer Dom Konzert &#8211; Cantate Domino: \u201eUnsere Quelle bist du \u2026!\u201c Auf dem Weg zum nationalen Chortreffen der Pueri Cantores in Paderborn vom 3. bis 7. Juli 2019; Chormusik von Heinrich Sch\u00fctz, Felix Mendelssohn Bartholdy, Christopher Tambling, John Rutter, u. a. Mitwirkende: M\u00e4dchenchor am Dom zu Speyer, Speyerer Domsingknaben, Adrian Brech, Orgel<\/li><li>30.6.    Todestag und Gedenktag des Hl. Otto von Bamberg (Otto-Portal und Darstellung auf dem Hauptportal (innen) am Dom zu Speyer)<\/li><li>30.6.    10 Uhr Firmung durch Bischof Dr. Karl-Heinz Wiesemann in der Kirche Hl. Bruder Konrad in Martinsh\u00f6he.<\/li><li>30.6.    10 Uhr Gottesdienst mit Weihbischof Otto Georgens anl\u00e4sslich der Nothelfer-Wallfahrt in Mainz-Gonsenheim.<\/li><\/ul>\n\n\n\n<p><em>Bistum Speyer<br>05.06.2019<\/em><\/p>\n\n\n\n<h2 class=\"wp-block-heading\">Bistum wirbt in mehreren St\u00e4dten f\u00fcr den Di\u00f6zesan-Katholikentag<\/h2>\n\n\n\n<h3 class=\"wp-block-heading\">Di\u00f6zesan-Katholikentag findet am 15. September auf dem Gel\u00e4nde der Landesgartenschau in Kaiserslautern statt \u2013 Im Vorfeld sind insgesamt acht Werbeaktionen in der Pfalz und im Saarpfalzkreis geplant<\/h3>\n\n\n\n<div class=\"wp-block-image\"><figure class=\"aligncenter\"><img decoding=\"async\" loading=\"lazy\" width=\"800\" height=\"500\" src=\"https:\/\/speyer24news.com\/wp-content\/uploads\/2019\/06\/190228-BISP-Web-Teaser-800x500-Katholikentag.jpg\" alt=\"\" class=\"wp-image-14484\" srcset=\"https:\/\/speyer24news.com\/wp-content\/uploads\/2019\/06\/190228-BISP-Web-Teaser-800x500-Katholikentag.jpg 800w, https:\/\/speyer24news.com\/wp-content\/uploads\/2019\/06\/190228-BISP-Web-Teaser-800x500-Katholikentag-300x188.jpg 300w, https:\/\/speyer24news.com\/wp-content\/uploads\/2019\/06\/190228-BISP-Web-Teaser-800x500-Katholikentag-768x480.jpg 768w\" sizes=\"(max-width: 800px) 100vw, 800px\" \/><\/figure><\/div>\n\n\n\n<p><strong>Speyer &#8211; <\/strong>\u201eWeite(r) denken\u201c lautet das Motto des Katholikentages, zu dem das Bistum Speyer am <strong>Sonntag, den 15. September<\/strong>, auf das Gel\u00e4nde der Landesgartenschau in Kaiserslautern einl\u00e4dt. Das Treffen richtet sich an alle Gl\u00e4ubigen und kirchlich Engagierten in der Pfalz und im Saarpfalzkreis. Zugleich l\u00e4dt das Bistum Speyer auch alle Interessierten ein.<\/p>\n\n\n\n<p>Mit Werbeaktionen an insgesamt acht Orten macht das Bistum Speyer auf den Di\u00f6zesan-Katholikentag aufmerksam. Am Samstagvormittag wird das Bistum in Fu\u00dfg\u00e4ngerzonen und auf zentralen Pl\u00e4tzen die Menschen zur Teilnahme am Di\u00f6zesan-Katholikentag einladen. F\u00fcr Aufmerksamkeit sorgen eine Showtanzgruppe des DJK-Sportverbandes Limburgerhof und das K\u00fcnstlerduo \u201eJomamak\u00fc\u201c aus Landau, das sein Publikum seit mehr als 20 Jahren erfolgreich mit Jonglage, Comedy und Stelzenakrobatik unterh\u00e4lt.<\/p>\n\n\n\n<p>Der Katholikentag wird am 15. September auf dem Gel\u00e4nde der Landesgartenschau in Kaiserslautern gefeiert. Das Leitwort \u201eWeite(r) denken\u201c soll deutlich machen, \u201edass wir uns den Fragen der Gegenwart mutig stellen und die Zukunft der Gesellschaft kreativ mitgestalten wollen\u201c, erkl\u00e4rt Bischof Dr. Karl-Heinz Wiesemann. \u201eWeite(r) denken\u201c hei\u00dfe, \u00fcber den gewohnten Horizont hinauszudenken und Ver\u00e4nderung nicht als Bedrohung, sondern als Chance zu begreifen.<\/p>\n\n\n\n<p>Er\u00f6ffnet wird der Katholikentag mit einem Gottesdienst, den Bischof Dr. Karl-Heinz Wiesemann zelebriert. Das St. Franziskus-Gymnasium und -Realschule aus Kaiserslautern f\u00fchrt dabei die &#8222;Missa 4 You(th)&#8220; auf. Parallel dazu wird ein Kinder-Gottesdienst angeboten. Anschlie\u00dfend bieten ein Markt der M\u00f6glichkeiten mit Beteiligung von kirchlichen Verb\u00e4nden, Initiativen und Einrichtungen sowie Mitmachangebote f\u00fcr Kinder und Jugendliche Gelegenheit, die verschiedenen Facetten von Kirche auf unterhaltsame Weise kennenzulernen. Den zentralen Themenimpuls des Tages setzt Monsignore Pirmin Spiegel, der aus dem Bistum Speyer stammt, mehrere Jahre in Brasilien gewirkt hat und seit 2012 als Hauptgesch\u00e4ftsf\u00fchrer des Bisch\u00f6flichen Hilfswerkes MISEREOR t\u00e4tig ist. Er stellt seine Vision von Kirche vor. Dabei wird er auch auf die Herausforderungen des Klimawandels aus internationaler Perspektive eingehen und die Chancen der \u00f6kumenischen Zusammenarbeit von Christinnen und Christen aller Konfessionen verdeutlichen. In Gespr\u00e4chsgruppen und Kreativworkshops werden seine Impulse vertieft und weitergef\u00fchrt.<\/p>\n\n\n\n<p>Am Nachmittag l\u00e4dt das Bistum zu einem offenen Singen mit Eugen Eckert und Horst Christill ein, bevor um 16 Uhr offiziell der Visionsprozess des Bistums Speyer gestartet wird. \u201eEr soll zu einer Antwort auf die Frage f\u00fchren, worin wir als Kirche von Speyer unsere Sendung und unseren Auftrag im Hier und Heute konkret erkennen und verwirklichen\u201c, macht Bischof Wiesemann deutlich. Das Bistum wolle diese Suche aktiv angehen, \u201eoffen und mit Beteiligung m\u00f6glichst vieler, denen die Botschaft des Evangeliums am Herzen liegt.\u201c<\/p>\n\n\n\n<h4 class=\"wp-block-heading\">Werbeaktionen im Vorfeld des Di\u00f6zesan-Katholikentages:<\/h4>\n\n\n\n<p><strong>Samstag, 24. August, 10 bis 12 Uhr<\/strong><\/p>\n\n\n\n<ul><li>St. Ingbert, Engelbertskirche <\/li><li>Ludwigshafen, Stadtplatz vor der Rheingalerie<\/li><\/ul>\n\n\n\n<p><strong>Sonntag, 25. August, 14 bis 16 Uhr<\/strong><\/p>\n\n\n\n<ul><li>Werbeaktion am Erlebnistag Deutsche Weinstra\u00dfe (Ort wird noch festgelegt)<\/li><\/ul>\n\n\n\n<p><strong>Samstag, 31. August, 10 bis 12 Uhr<\/strong><\/p>\n\n\n\n<ul><li>Pirmasens, Deutsch-franz\u00f6sischer Wochenmarkt auf dem Exerzierplatz <\/li><li>Neustadt, Am Kriegerdenkmal<\/li><\/ul>\n\n\n\n<p><strong>Samstag, 7. September, 10 bis 12 Uhr<\/strong><\/p>\n\n\n\n<ul><li>Landau, Rathausplatz <\/li><li>Speyer, Platz vor der \u201eAlten M\u00fcnze\u201c<\/li><\/ul>\n\n\n\n<p><strong>Samstag, 14. September, 10 bis 12 Uhr<\/strong><\/p>\n\n\n\n<ul><li>Kaiserslautern, Riesenstra\u00dfe<\/li><\/ul>\n\n\n\n<p><strong>Weitere Informationen zum Di\u00f6zesan-Katholikentag: <\/strong><\/p>\n\n\n\n<p><a href=\"https:\/\/www.bistum-speyer.de\/news\/nachrichten\/?no_cache=1&amp;tx_ttnews%5Btt_news%5D=9612&amp;cHash=1c570ffa4cdc497f475571af73ff1e84\">https:\/\/www.bistum-speyer.de\/news\/nachrichten\/?no_cache=1&amp;tx_ttnews%5Btt_news%5D=9612&amp;cHash=1c570ffa4cdc497f475571af73ff1e84<\/a><\/p>\n\n\n\n<p><em>Bistum Speyer<br>05.06.2019<\/em><\/p>\n\n\n\n<h2 class=\"wp-block-heading\">Rettungs\u00fcbung am Dom<\/h2>\n\n\n\n<h3 class=\"wp-block-heading\">Feuerwehr und THW proben am 6. Juni den Ernstfall<\/h3>\n\n\n\n<div class=\"wp-block-image\"><figure class=\"aligncenter\"><img decoding=\"async\" src=\"https:\/\/speyer24news.com\/wp-content\/uploads\/2019\/06\/Dom.jpg\" alt=\"\" class=\"wp-image-14479\"\/><\/figure><\/div>\n\n\n\n<p><strong>Speyer &#8211; <\/strong>Am <strong>Donnerstag, 6. Juni<\/strong>, ab 20 Uhr, werden die Feuerwehr und das Technische Hilfswerk am Dom den Ernstfall proben. Dabei steht die Rettung von Personen aus dem S\u00fcdwestturm im Mittelpunkt. Mit der \u00d6ffnung des Kaisersaals und der Aussichtsplattform f\u00fcr Besucher im Jahr 2012 wurde dazu ein Rettungskonzept erarbeitet, das seither immer wieder ge\u00fcbt und erprobt wird.<\/p>\n\n\n\n<div class=\"wp-block-image\"><figure class=\"aligncenter\"><img decoding=\"async\" src=\"https:\/\/speyer24news.com\/wp-content\/uploads\/2019\/06\/Feuerwehr-Speyer-2.jpg\" alt=\"\" class=\"wp-image-14480\"\/><\/figure><\/div>\n\n\n\n<p>Um sicher zu stellen, dass alle Einsatzkr\u00e4fte gut auf den Notfall vorbereitet sind, gibt es regelm\u00e4\u00dfig Begehungen und \u00dcbungen in kleinerem oder gr\u00f6\u00dferem Rahmen. Diese werden etwa dann durchgef\u00fchrt, wenn ein neuer Ausbildungsjahrgang die Rettung am Dom \u00fcbt oder wenn sich durch Bauz\u00e4une die Situation um den Dom herum \u00e4ndert. \u201eDie Bilder der brennenden Kathedrale von Notre Dame haben uns noch einmal verdeutlicht, wie wichtig eine gute Zusammenarbeit mit den Rettungsdiensten f\u00fcr uns ist\u201c, so Hedwig Drabik, seit M\u00e4rz Dombaumeisterin in Speyer. \u201eDank der \u00dcbungen von Feuerwehr und Technischem Hilfswerk k\u00f6nnen wir uns hier darauf verlassen, dass im Ernstfall engagiert und routiniert gehandelt wird und wir starke Partner an unserer Seite haben, wenn es um die Rettung von Menschen und dem Schutz des Geb\u00e4udes geht.\u201c <\/p>\n\n\n\n<p><em>Bistum Speyer<br>05.06.2019<\/em><\/p>\n\n\n\n<h2 class=\"wp-block-heading\">Pfingstgottesdienste im Speyerer Dom  <\/h2>\n\n\n\n<h3 class=\"wp-block-heading\">Weihbischof Georgens spendet am Pfingstmontag Jugendlichen Sakrament der Firmung<\/h3>\n\n\n\n<div class=\"wp-block-image\"><figure class=\"aligncenter\"><img decoding=\"async\" loading=\"lazy\" width=\"640\" height=\"500\" src=\"https:\/\/speyer24news.com\/wp-content\/uploads\/2019\/06\/weihbischofHP.jpg\" alt=\"\" class=\"wp-image-14477\" srcset=\"https:\/\/speyer24news.com\/wp-content\/uploads\/2019\/06\/weihbischofHP.jpg 640w, https:\/\/speyer24news.com\/wp-content\/uploads\/2019\/06\/weihbischofHP-300x234.jpg 300w\" sizes=\"(max-width: 640px) 100vw, 640px\" \/><\/figure><\/div>\n\n\n\n<p><strong>Speyer &#8211; <\/strong>Am <strong>Pfingstsonntag, 9. Juni<\/strong> (10 Uhr), feiert Bischof Dr. Karl-Heinz Wiesemann im Speyerer Dom das Pontifikalamt zum Pfingstfest. Die musikalische Gestaltung \u00fcbernehmen unter der Leitung von Domkapellmeister Markus Melchiori der M\u00e4dchenchor, der Domchor, Instrumentalisten sowie Domorganist Markus Eichenlaub. Zu Geh\u00f6r kommt unter anderem die \u201eMissa in D\u201c von Johann Georg Albrechtsberger. Die Pontifikalvesper mit Bischof Wiesemann am Pfingstsonntag beginnt um 16.30 Uhr. F\u00fcr die musikalische Gestaltung sorgt die Schola Cantorum Saliensis.<\/p>\n\n\n\n<p>Im Pontifikalamt am <strong>Pfingstmontag, 10. Juni<\/strong> (10 Uhr), spendet Weihbischof Otto Georgens 55 Jugendlichen aus der Pfarrei Pax Christi im Dom das Sakrament der Firmung. F\u00fcr die musikalische Gestaltung der Messe sorgen der Ferienchor der Dommusik und Domorganist Markus Eichenlaub.<\/p>\n\n\n\n<p>Weitere heilige Messen werden am Pfingstsonntag um 7.30 Uhr und 18 Uhr sowie am Pfingstmontag um 7 Uhr gefeiert.<\/p>\n\n\n\n<p>An Pfingsten feiern die Christen das Fest des Heiligen Geistes, der auf die Apostel herabkam, als diese in Jerusalem versammelt waren (Apostelgeschichte 2). Der Heilige Geist ist nach kirchlicher Lehre in die Welt gesandt, um Person, Wort und Werk Jesu Christi in der Geschichte lebendig zu erhalten. Das Fest wird 50 Tage nach Ostern begangen &#8211; von daher l\u00e4sst sich auch das Wort &#8222;Pfingsten&#8220; erkl\u00e4ren: Es leitet sich von &#8222;pentekoste&#8220; ab, dem griechischen Begriff f\u00fcr &#8222;f\u00fcnfzig&#8220;.<\/p>\n\n\n\n<p><em>Bistum Speyer<br>05.06.2019<\/em><\/p>\n\n\n\n<h2 class=\"wp-block-heading\">Bisch\u00f6fe nehmen Weinzehnt in Empfang<\/h2>\n\n\n\n<h3 class=\"wp-block-heading\">Lieferung aus Kirrweiler kommt am 7. Juni nach Speyer \u2013 Zug mit der Pferdekutsche von der Stadthalle zum Dom<\/h3>\n\n\n\n<div class=\"wp-block-image\"><figure class=\"aligncenter\"><img decoding=\"async\" loading=\"lazy\" width=\"640\" height=\"480\" src=\"https:\/\/speyer24news.com\/wp-content\/uploads\/2019\/06\/DSC02712.jpg\" alt=\"\" class=\"wp-image-14473\" srcset=\"https:\/\/speyer24news.com\/wp-content\/uploads\/2019\/06\/DSC02712.jpg 640w, https:\/\/speyer24news.com\/wp-content\/uploads\/2019\/06\/DSC02712-300x225.jpg 300w, https:\/\/speyer24news.com\/wp-content\/uploads\/2019\/06\/DSC02712-326x245.jpg 326w, https:\/\/speyer24news.com\/wp-content\/uploads\/2019\/06\/DSC02712-80x60.jpg 80w\" sizes=\"(max-width: 640px) 100vw, 640px\" \/><\/figure><\/div>\n\n\n\n<p><strong>Speyer \/ Kirrweiler &#8211; <\/strong>Zum neunten Mal in der Geschichte des vor gut 200 Jahren neugegr\u00fcndeten Bistums Speyer wird ein f\u00fcrstbisch\u00f6flicher \u201eWeinzehnt&#8220; den Weg von Kirrweiler nach Speyer nehmen \u2013 zuerst mit Traktor und Anh\u00e4nger, dann mit Pferden und Fuhrwerk. Bischof Dr. Karl-Heinz Wiesemann und Weihbischof Otto Georgens werden die Weinfuhre am Freitag, 7. Juni, gegen 15 Uhr vor dem Speyerer Dom in Empfang nehmen. Die Kutsche mit dem Wein wird begleitet von einer Delegation der Ortsgemeinde mit dem Kirrweiler B\u00fcrgermeister Rolf Metzger, Weinprinzessin Kerstin I. und Pfarrer Peter Nirmaier. Der Zug mit der Pferdekutsche wird von der Stadthalle in Speyer \u00fcber die Bahnhofstra\u00dfe zum Altp\u00f6rtel und dann \u00fcber die Maximilianstra\u00dfe zum Dom f\u00fchren.<\/p>\n\n\n\n<div class=\"wp-block-image\"><figure class=\"aligncenter\"><img decoding=\"async\" loading=\"lazy\" width=\"640\" height=\"480\" src=\"https:\/\/speyer24news.com\/wp-content\/uploads\/2019\/06\/DSC02738.jpg\" alt=\"\" class=\"wp-image-14474\" srcset=\"https:\/\/speyer24news.com\/wp-content\/uploads\/2019\/06\/DSC02738.jpg 640w, https:\/\/speyer24news.com\/wp-content\/uploads\/2019\/06\/DSC02738-300x225.jpg 300w, https:\/\/speyer24news.com\/wp-content\/uploads\/2019\/06\/DSC02738-326x245.jpg 326w, https:\/\/speyer24news.com\/wp-content\/uploads\/2019\/06\/DSC02738-80x60.jpg 80w\" sizes=\"(max-width: 640px) 100vw, 640px\" \/><\/figure><\/div>\n\n\n\n<p>Der Weinort Kirrweiler an der S\u00fcdlichen Weinstra\u00dfe war zu Feudalzeiten Oberamt und Sommerresidenz der F\u00fcrstbisch\u00f6fe des alten Bistums Speyer. Auf Anregung von B\u00fcrgermeister Metzger wurde 2011 &#8211; anl\u00e4sslich des 950-j\u00e4hrigen Domweihjubil\u00e4ums &#8211; an die alte Tradition des \u201eWeinzehnts\u201c neu angekn\u00fcpft, bei der dem bisch\u00f6flichen Landesherrn der \u201eZehnte\u201c des Weinertrages abgeliefert werden musste. Der Weinzehnt ist eine Naturalabgabe auf die Weinernte im bisch\u00f6flichen Weinberg in der Kirrweilerer Gemarkung \u201ein den Legel\u00e4ckern\u201c. In fr\u00fcheren Jahrhunderten wurde der Weinzehnt im f\u00fcrstbisch\u00f6flichen Zehntkeller in Kirrweiler entrichtet, dort ausgebaut und anschlie\u00dfend nach Speyer gebracht. Heutzutage bringen die Kirrweilerer den trinkfertigen Wein direkt zu den Bisch\u00f6fen nach Speyer.<\/p>\n\n\n\n<div class=\"wp-block-image\"><figure class=\"aligncenter\"><img decoding=\"async\" loading=\"lazy\" width=\"640\" height=\"480\" src=\"https:\/\/speyer24news.com\/wp-content\/uploads\/2019\/06\/DSC02799.jpg\" alt=\"\" class=\"wp-image-14475\" srcset=\"https:\/\/speyer24news.com\/wp-content\/uploads\/2019\/06\/DSC02799.jpg 640w, https:\/\/speyer24news.com\/wp-content\/uploads\/2019\/06\/DSC02799-300x225.jpg 300w, https:\/\/speyer24news.com\/wp-content\/uploads\/2019\/06\/DSC02799-326x245.jpg 326w, https:\/\/speyer24news.com\/wp-content\/uploads\/2019\/06\/DSC02799-80x60.jpg 80w\" sizes=\"(max-width: 640px) 100vw, 640px\" \/><\/figure><\/div>\n\n\n\n<p>In diesem Jahr stammt der \u201eZehnt-Wein\u201c, ein 2018er Grauburgunder trocken, welcher am 21.09.2018 mit dem Mostgewicht von 95 \u00b0 \u00d6chsle gelesen wurde, aus dem Kirrweiler Weingut \u201eSchl\u00f6ssel\u201c (Martin und Daniel Schwaab). Die zweimal 156 Flaschen werden als Geschenk der Gemeinde Kirrweiler an die Speyerer Bisch\u00f6fe \u00fcbergeben.<\/p>\n\n\n\n<div class=\"wp-block-image\"><figure class=\"aligncenter\"><img decoding=\"async\" loading=\"lazy\" width=\"640\" height=\"480\" src=\"https:\/\/speyer24news.com\/wp-content\/uploads\/2019\/06\/DSC02805.jpg\" alt=\"\" class=\"wp-image-14476\" srcset=\"https:\/\/speyer24news.com\/wp-content\/uploads\/2019\/06\/DSC02805.jpg 640w, https:\/\/speyer24news.com\/wp-content\/uploads\/2019\/06\/DSC02805-300x225.jpg 300w, https:\/\/speyer24news.com\/wp-content\/uploads\/2019\/06\/DSC02805-326x245.jpg 326w, https:\/\/speyer24news.com\/wp-content\/uploads\/2019\/06\/DSC02805-80x60.jpg 80w\" sizes=\"(max-width: 640px) 100vw, 640px\" \/><\/figure><\/div>\n\n\n\n<p><em>Bistum Speyer<br>05.06.2019<\/em><\/p>\n\n\n\n<h2 class=\"wp-block-heading\">Zuwachs f\u00fcr die Gemeinschaft: Diakonissen Speyer begehen Einsegnung neuer Diakonissen und Diakone mit Festgottesdienst \u2013 Langj\u00e4hrige Mitglieder geehrt<\/h2>\n\n\n\n<div class=\"wp-block-image\"><figure class=\"aligncenter\"><img decoding=\"async\" loading=\"lazy\" width=\"800\" height=\"534\" src=\"https:\/\/speyer24news.com\/wp-content\/uploads\/2019\/06\/2019.05.30_DiakonissenSpeyer-2.jpg\" alt=\"\" class=\"wp-image-14471\" srcset=\"https:\/\/speyer24news.com\/wp-content\/uploads\/2019\/06\/2019.05.30_DiakonissenSpeyer-2.jpg 800w, https:\/\/speyer24news.com\/wp-content\/uploads\/2019\/06\/2019.05.30_DiakonissenSpeyer-2-300x200.jpg 300w, https:\/\/speyer24news.com\/wp-content\/uploads\/2019\/06\/2019.05.30_DiakonissenSpeyer-2-768x513.jpg 768w\" sizes=\"(max-width: 800px) 100vw, 800px\" \/><figcaption> Einsegnung der 17 neuen Diakonissen und Diakone der Diakonissen Speyer in der Ged\u00e4chtniskirche<\/figcaption><\/figure><\/div>\n\n\n\n<p><strong>Speyer &#8211; <\/strong>Als historischen Tag, an dem die Gemeinschaft der Diakonissen erstmals seit den 1930-er Jahren wieder wachse, bezeichnete Kirchenpr\u00e4sident Dr. h.c. Christian Schad den heutigen Festtag (30.05.2019) in der Speyerer Ged\u00e4chtniskirche. 17 neue Diakonissen und Diakone der Diakonissen Speyer lie\u00dfen sich dort bei einem Festgottesdienst einsegnen und schlossen so auch offiziell ihre eineinhalbj\u00e4hrige Ausbildung f\u00fcr den ehrenamtlichen diakonischen Dienst in Einrichtungen und Gemeinden ab. Gleichzeitig feierten drei langj\u00e4hrige Diakonissen, vier Diakonische Schwestern sowie sechs Diakonische Br\u00fcder ihre Dienstjubil\u00e4en.        <\/p>\n\n\n\n<p>Die 14 neuen Diakonissen und drei neuen Diakone der Diakonissen Speyer setzen die Tradition der \u2013 ebenfalls 17 \u2013 hochbetagten Schwestern fort, von denen die meisten im Mutterhaus in der Speyerer Hilgardstra\u00dfe im Ruhestand leben. \u201eDass dies m\u00f6glich wurde, ist vor allem Oberin Sr. Isabelle Wien und ihrer Referentin Sr. Corinna Kloss zu verdanken\u201c, hob der Kirchenpr\u00e4sident hervor. Die beiden sind seit Pfingsten 2017 die ersten Diakonissen neuer Form und haben die Ausbildung der jetzt Eingesegneten in Zusammenarbeit mit dem Missionarisch-\u00d6kumenischen Dienst (M\u00d6D) intensiv begleitet. <\/p>\n\n\n\n<p>Sr. Isabelle Wien war 2017 bereits 25 Jahre Diakonisse bisheriger Form. Seit 2004 ist sie Oberin der Diakonissen Speyer im Vorstand des Unternehmens. Tradition und Innovation zu verbinden, die urspr\u00fcngliche Gemeinschaftsform zu erneuern und Menschen neu f\u00fcr Diakonie in Gemeinschaft zu begeistern, ist ihr Anliegen. \u201eBerufung ist ein Weg\u201c, so ihre \u00dcberzeugung. \u201eFormen wandeln sich.\u201c Zusammen mit der Pfarrerin und jungen Familienmutter Sr. Corinna Kloss gestaltete sie den Transformationsprozess und ging selbst voran. <\/p>\n\n\n\n<div class=\"wp-block-image\"><figure class=\"aligncenter\"><img decoding=\"async\" loading=\"lazy\" width=\"800\" height=\"534\" src=\"https:\/\/speyer24news.com\/wp-content\/uploads\/2019\/06\/2019.05.30_DiakonissenSpeyer-6.jpg\" alt=\"\" class=\"wp-image-14472\" srcset=\"https:\/\/speyer24news.com\/wp-content\/uploads\/2019\/06\/2019.05.30_DiakonissenSpeyer-6.jpg 800w, https:\/\/speyer24news.com\/wp-content\/uploads\/2019\/06\/2019.05.30_DiakonissenSpeyer-6-300x200.jpg 300w, https:\/\/speyer24news.com\/wp-content\/uploads\/2019\/06\/2019.05.30_DiakonissenSpeyer-6-768x513.jpg 768w\" sizes=\"(max-width: 800px) 100vw, 800px\" \/><figcaption>v.l.:  Oberin  Sr. Isabelle Wien, die neuen Diakonissen und Diakone der Diakonissen  Speyer Gabriele Dunkel-Hirmer, Michael Roch, Dr. Stefan  van Ganswijk, Elke Selinger, Elke Zippel, Doris Rockert, Silvia G\u00f6lter,  Heike Eikelmann, Susann Eickert, Sabine Seifert, Dr. Ute Gehrke,  Annette Becker-Annen, Ute Heinemann, Elisabeth Orschiedt, Ruth Faber,  Dr. Klaus Lander, K\u00e4te Roos sowie die Referentin  der Oberin Sr. Corinna Kloss.<\/figcaption><\/figure><\/div>\n\n\n\n<p>Oberkirchenrat Manfred Sutter betonte in seiner Predigt, Gott wohne \u00fcberall da, wo Menschen in seinem Sinne leben und handeln. Dr. G\u00fcnter Geisthardt, Theologischer Vorstand der Diakonissen Speyer, zeichnete die Diakonischen Schwestern B\u00e4rbel Schwarzw\u00e4lder und Barbara Strodl sowie die Diakonischen Br\u00fcder Dieter Kaiser und R\u00fcdiger Wei\u00df mit dem Kronenkreuz in Gold aus, das die Diakonie an langj\u00e4hrige Mitarbeiter vergibt. <\/p>\n\n\n\n<p>\u201e\u00dcber Jahrhunderte hat sich Diakonie durch unsere Diakonissen, Diakonischen Schwestern und Br\u00fcder verwirklicht\u201c, w\u00fcrdigte Dr. Geisthardt bei der anschlie\u00dfenden Feierstunde im Mutterhaus den Einsatz der Jubilare und ihrer Mitstreiter. Auch heute engagierten sich in der Diakonie viele Menschen verbindlich, ob im Beruf oder ehrenamtlich. \u201eMit der heutigen Einsegnung erleben wir den Aufbruch zu neuer Gemeinschaft, einen Meilenstein in der Entwicklung der Diakonie\u201c, unterstrich er.<\/p>\n\n\n\n<p>\u201eGeistliche Gemeinschaft zu suchen, das eigene Leben zu vertiefen, um dann den empfangenen Segen weiterzugeben, bleibt unser Anliegen\u201c, fasste Sr. Isabelle Wien zusammen.<\/p>\n\n\n\n<h4 class=\"wp-block-heading\">Neue Diakonissen und Diakone der Diakonissen Speyer<\/h4>\n\n\n\n<p>\u2022    Annette Becker-Annen<br>\n\u2022    Diakonische Schwester Gabriele Dunkel-Hirmer<br>\n\u2022    Susann Eickert<br>\n\u2022    Heike Eikelmann<br>\n\u2022    Ruth Faber<br>\n\u2022    Dr. Ute Gehrke<br>\n\u2022    Silvia G\u00f6lter<br>\n\u2022    Ute Heinemann<br>\n\u2022    Dr. Klaus Lander<br>\n\u2022    Diakonische Schwester Elisabeth Orschiedt<br>\n\u2022    Michael Roch<br>\n\u2022    Doris Rockert<br>\n\u2022    Diakonische Schwester K\u00e4te Roos<br>\n\u2022    Diakonische Schwester Sabine Seifert<br>\n\u2022    Elke Selinger<br>\n\u2022    Dr. Stefan van Ganswijk<br>\n\u2022    Diakonische Schwester Elke Zippel<\/p>\n\n\n\n<h4 class=\"wp-block-heading\">Jubilarinnen und Jubilare 2019<\/h4>\n\n\n\n<p><strong>70 Jahre:     <\/strong><\/p>\n\n\n\n<ul><li>Diakonisse Elsbeth Gabelmann<\/li><\/ul>\n\n\n\n<p><strong>65 Jahre:    <\/strong> <\/p>\n\n\n\n<ul><li>Diakonisse Helene Riebel<\/li><li>Diakonisse Waldtraud Welsch<\/li><\/ul>\n\n\n\n<p><strong>50 Jahre: <\/strong>   <\/p>\n\n\n\n<ul><li>Diakonische Schwester B\u00e4rbel Schwarzw\u00e4lder<\/li><li>Diakonische Schwester Barbara Strodl        <\/li><\/ul>\n\n\n\n<p><strong>40 Jahre:<\/strong>    <\/p>\n\n\n\n<ul><li>Diakonische Schwester Birgit Beh<\/li><\/ul>\n\n\n\n<p><strong>25 Jahre:    <\/strong><\/p>\n\n\n\n<ul><li>Diakonische Schwester Jutta Benninger-Osterholzer<\/li><li>Diakonischer Bruder G\u00fcnter Becher<\/li><li>Diakonischer Bruder Dieter Kaiser<\/li><li>Diakonischer Bruder Gerhard Kochenburger<\/li><li>Diakonischer Bruder Werner Kr\u00e4mer<\/li><li>Diakonischer Bruder Hans-J\u00fcrgen Kritzler<\/li><li>Diakonischer Bruder R\u00fcdiger Wei\u00df<\/li><\/ul>\n\n\n\n<p><em>Diakonissen Speyer<br>05.06.2019<\/em><\/p>\n\n\n\n<h2 class=\"wp-block-heading\">Gebet um Berufungen<\/h2>\n\n\n\n<h3 class=\"wp-block-heading\">Priesterseminar in Speyer l\u00e4dt zur Messfeier mit dem Schwerpunkt geistliche Berufungen ein<\/h3>\n\n\n\n<p><strong>Speyer &#8211; <\/strong>Am <strong>Donnerstag, 6. Juni<\/strong>, laden das Priesterseminar St. German in Speyer und die Stabsstelle Berufungspastoral im Bistum Speyer in der Kirche des Priesterseminars zu einem Gottesdienst ein. Im Mittelpunkt des spirituellen Angebotes, das an jedem ersten Donnerstag im Monat stattfindet, steht das Gebet um geistliche Berufe und Berufungen.<\/p>\n\n\n\n<p>\u201eWir wollen auf diese Weise eine Tradition wieder aufleben lassen, die in der Kirche zur Erinnerung an das letzte Abendmahl an jedem ersten Donnerstag im Monat begangen wurde: den Priesterdonnerstag\u201c, erkl\u00e4rt Regens Markus Magin. Urspr\u00fcnglich habe dieser Tag vor dem Herz-Jesu-Freitag dazu gedient, um Priesterberufungen zu beten. Aufgrund der Vielzahl weiterer kirchlicher Berufe wie Diakon oder Pastoralreferent sei er ausgeweitet worden und heute als Gebetstag f\u00fcr geistliche Berufe bekannt.<\/p>\n\n\n\n<p>Die Eucharistiefeier mit Pfarrer Ralf Feix am 6. Juni beginnt um 19 Uhr. Die Messe endet nach der eucharistischen Anbetung gegen 20.15 Uhr.<\/p>\n\n\n\n<p><em>Bistum Speyer<br>05.06.2019<\/em><\/p>\n\n\n\n<h2 class=\"wp-block-heading\">Wechsel an der Spitze der Stiftung Heilsbach<\/h2>\n\n\n\n<h3 class=\"wp-block-heading\">Professor Erich Schlick folgt auf Pfarrer Dr. Friedrich Mohr<\/h3>\n\n\n\n<div class=\"wp-block-image\"><figure class=\"aligncenter\"><img decoding=\"async\" loading=\"lazy\" width=\"800\" height=\"593\" src=\"https:\/\/speyer24news.com\/wp-content\/uploads\/2019\/06\/Professor-Erich-Schlick.jpg\" alt=\"\" class=\"wp-image-14470\" srcset=\"https:\/\/speyer24news.com\/wp-content\/uploads\/2019\/06\/Professor-Erich-Schlick.jpg 800w, https:\/\/speyer24news.com\/wp-content\/uploads\/2019\/06\/Professor-Erich-Schlick-300x222.jpg 300w, https:\/\/speyer24news.com\/wp-content\/uploads\/2019\/06\/Professor-Erich-Schlick-768x569.jpg 768w, https:\/\/speyer24news.com\/wp-content\/uploads\/2019\/06\/Professor-Erich-Schlick-80x60.jpg 80w\" sizes=\"(max-width: 800px) 100vw, 800px\" \/><\/figure><\/div>\n\n\n\n<p><strong>Sch\u00f6nau &#8211; <\/strong>Zum 1. Juni vollzieht sich ein Wechsel an der Spitze der Stiftung Heilsbach in Sch\u00f6nau. Zum neuen Vorsitzenden des Stiftungsrats wurde Professor Erich Schlick aus Otterstadt berufen. Generalvikar Andreas Sturm \u00fcberreichte ihm am 25. Mai in der Bildungs- und Freizeitst\u00e4tte Heilsbach in Sch\u00f6nau in der Westpfalz das Ernennungsschreiben von Bischof Dr. Karl-Heinz Wiesemann. Schlick geh\u00f6rt dem Stiftungsrat bereits seit Februar des vergangenen Jahres an. \u201eWir freuen uns, mit Professor Schlick einen engagierten und kompetenten Experten f\u00fcr die Aufgabe des Stiftungsratsvorsitzenden gefunden zu haben\u201c, erkl\u00e4rte Generalvikar Andreas Sturm. Der Mediziner ist Partner der Investmentgesellschaft \u201eWellington\u201c, die auf dem Gebiet der Bio- und Gesundheitswissenschaften zu den f\u00fchrenden Investmentgesellschaften in Europa z\u00e4hlt und Professor f\u00fcr Immunpharmakologie an der Universit\u00e4t Heidelberg<\/p>\n\n\n\n<p>Schlick folgt auf Pfarrer Dr. Friedrich Mohr, der die Stiftung Heilsbach seit dem Tod von Stiftungsgr\u00fcnder Pr\u00e4lat Johannes Urich im Jahr 2014 geleitet hatte. \u201eDas Bistum ist Dr. Friedrich Mohr f\u00fcr seinen Einsatz sehr dankbar. Nach dem Tod von Pr\u00e4lat Johannes Urich war f\u00fcr die Bildungs- und Freizeitst\u00e4tte Heilsbach eine nicht ganz einfache Situation entstanden. Dr. Friedrich Mohr hat die Einrichtung umsichtig durch diese Jahre gef\u00fchrt\u201c, w\u00fcrdigte Generalvikar Andreas Sturm den scheidenden Stiftungsvorsteher.<\/p>\n\n\n\n<p>Die Bildungs- und Freizeitst\u00e4tte Heilsbach wurde 1953 gegr\u00fcndet und verzeichnete zuletzt rund 15.000 \u00dcbernachtungen pro Jahr. Mit ihren Angeboten richtet sie sich an unterschiedliche Personengruppen, besonders an Familien und Menschen mit Behinderung aus dem Bistum Speyer und angrenzenden Regionen und Di\u00f6zesen. Zu der barrierefreien Einrichtung geh\u00f6ren ein Zeltplatz, ein Freibad und eine Mehrzweckhalle mit Platz f\u00fcr bis zu 500 Personen. Aktuell sind in der Heilsbach, die als selbst\u00e4ndige Stiftung gef\u00fchrt wird, rund 20 Mitarbeiterinnen und Mitarbeiter besch\u00e4ftigt.<\/p>\n\n\n\n<p><em>Bistum Speyer<br>05.06.2019<\/em><\/p>\n\n\n\n<h2 class=\"wp-block-heading\">\u201eDie Krise ist wahrscheinlich der beste Moment, die Frage nach der Vision zu stellen\u201c<\/h2>\n\n\n\n<h3 class=\"wp-block-heading\">Felix Goldinger berichtet \u00fcber die Vorbereitung eines Visionsprozesses des Bistums Speyer, der am Di\u00f6zesan-Katholikentag am 15. September offiziell gestartet wird<\/h3>\n\n\n\n<div class=\"wp-block-image\"><figure class=\"aligncenter\"><img decoding=\"async\" loading=\"lazy\" width=\"800\" height=\"533\" src=\"https:\/\/speyer24news.com\/wp-content\/uploads\/2019\/06\/Felix-Goldinger.jpg\" alt=\"\" class=\"wp-image-14468\" srcset=\"https:\/\/speyer24news.com\/wp-content\/uploads\/2019\/06\/Felix-Goldinger.jpg 800w, https:\/\/speyer24news.com\/wp-content\/uploads\/2019\/06\/Felix-Goldinger-300x200.jpg 300w, https:\/\/speyer24news.com\/wp-content\/uploads\/2019\/06\/Felix-Goldinger-768x512.jpg 768w\" sizes=\"(max-width: 800px) 100vw, 800px\" \/><\/figure><\/div>\n\n\n\n<p><strong>Speyer &#8211; <\/strong>Beim Di\u00f6zesan-Katholikentag am 15. September soll offiziell ein Visionsprozess gestartet werden. Viele erwarten diesen Tag mit Spannung, besonders Felix Goldinger. Er ist Referent f\u00fcr missionarische Pastoral im Bistum Speyer und seit April mit der Gesch\u00e4ftsf\u00fchrung f\u00fcr den Visionsprozess beauftragt.<\/p>\n\n\n\n<p><strong>Herr Goldinger, warum ist es im Leben wichtig, Visionen zu haben?<\/strong><\/p>\n\n\n\n<p><em>Eine Vision ist aus meiner Sicht das Bild einer guten Zukunft. Es l\u00e4sst mich ahnen, wohin sich mein Leben entwickelt und was mich st\u00e4rkt. Eine Vision ist das Ziel einer Sehnsucht, auf die ich mich zubewege. Sie gibt mir Kraft im Alltag und f\u00fchrt mich durch die H\u00f6hen und Tiefen des Lebens.<\/em><\/p>\n\n\n\n<p><em>\u201eVision\u201c klingt erstmal fremd. Aus christlicher Perspektiven sind Visionen aber etwas ganz nat\u00fcrliches. Wir Christinnen und Christen sind Vision\u00e4re. Denn wir haben eine Idee davon, wie die Welt eine friedliche und gute sein kann. Wir nennen das \u201eReich Gottes\u201c.<\/em><\/p>\n\n\n\n<p><strong>Wozu braucht das Bistum Speyer heute eine Vision?<\/strong><\/p>\n\n\n\n<p><em>Das Bistum Speyer braucht keine neue Vision. Es hat schon einen Auftrag. Denn jeder, der sich mit dem Bistum verbunden f\u00fchlt, hat eine Idee davon, warum es gut sich, sich daf\u00fcr einzusetzen. Wichtig ist jetzt, dass wir das miteinander machen. Wir wollen gemeinsam fragen, warum es sich lohnt, in der Kirche zu bleiben &#8211; auch wenn nicht alles gut ist &#8211; in dem Bewusstsein: Zusammen wollen wir Kirche besser machen. Wir haben ein gemeinsames Ziel, das uns Kraft gibt.<\/em><\/p>\n\n\n\n<p><em>Der Moment, in dem wir nach dieser Vision fragen, ist einerseits sehr schwierig. Denn uns kauft gerade niemand ab, dass wir als Kirche f\u00fcr das Gute stehen und f\u00fcr einen liebenden Gott. Gleichzeitig ist das wahrscheinlich der beste Moment, diese Frage zu stellen: Kirche muss sich jetzt neu definieren. Ich bin \u00fcberzeugt: Sie wird sich sehr ver\u00e4ndern. Ich will dazu beitragen, dass es eine Ver\u00e4nderung hin zum Guten wird.<\/em><\/p>\n\n\n\n<p><em>Das kann gelingen, wenn es mehr Austauschm\u00f6glichkeiten zwischen den Ebenen gibt, wenn Hierarchien flacher werden, wenn uns Kommunikation ein wichtiges Anliegen ist. Wer eine gute Idee hat, soll M\u00f6glichkeiten haben, sie umzusetzen. Auf das \u201egemeinsam\u201c kommt es an. Das lese ich aus der Bibel: Gott ist da, wo wir uns auf Augenh\u00f6he miteinander austauschen k\u00f6nnen und wo eine Atmosph\u00e4re des Wohlwollens herrscht.<\/em><\/p>\n\n\n\n<p><strong>Sie sagen einerseits \u201eDie Vision ist schon da\u201c und andererseits \u201eWir wollen sie erarbeiten\u201c. Wie passt das zusammen?<\/strong><\/p>\n\n\n\n<p><em>Die Vision, die uns schon l\u00e4ngst geschenkt wurde, ist sprichw\u00f6rtlich eine Frohe Botschaft: Gott will, dass es allen Menschen gut geht. Wir als Kirche haben den Auftrag, uns daf\u00fcr einzusetzen. Wo das nicht so ist, verfehlen wir eindeutig unser Ziel und unsere Vision.<\/em><\/p>\n\n\n\n<p><em>Und diese Frohe Botschaft muss im Jahr 2019 neu entdeckt werden. Was hei\u00dft sie hier in der Pfalz und der Saarpfalz, in unseren Orten und Gemeinden? Wie leben wir, was uns da geschenkt worden ist? Es geht darum, die Frohe Botschaft mit dem eigenen Leben zu verkn\u00fcpfen. Dann wird aus der gro\u00dfartigen Vision der Bibel eine, die uns stark macht.<\/em><\/p>\n\n\n\n<p><strong>Was ist diese Vision: Ein Satz, ein Text, ein Bild, eine Erfahrung?<\/strong><\/p>\n\n\n\n<p><em>Manche im Bistum haben die Bef\u00fcrchtung, wir schreiben ein neues Dokument. Ich kann beruhigen: Es wird ganz sicher keine mehrseitigen Dokumente geben, die eine Arbeitshilfe erforderlich machen und noch mehr Papier. Es geht nicht um einen Satz oder einen Text, sondern um ein Ein\u00fcben, wie wir uns gegenseitig davon erz\u00e4hlen, was unsere Zukunftsvisionen sind. Wir wollen M\u00f6glichkeiten schaffen, dass Menschen sich mit ihren Lebensgeschichten und Erfahrungen begegnen k\u00f6nnen und die Begegnung selbst zu einer guten Erfahrung wird. Wir wollen erm\u00f6glichen, sich ein bisschen \u201ewie im Paradies\u201c zu f\u00fchlen und diese Erfahrung dann wieder mit anderen zu teilen.<\/em><\/p>\n\n\n\n<p><strong>Wie soll das genau aussehen?<\/strong><\/p>\n\n\n\n<p><em>Beim Katholikentag auf dem Gel\u00e4nde der Landesgartenschau in Kaiserslautern am 15. September werden wir am Nachmittag eine Einladung aussprechen: Kommt mit uns und untereinander ins Gespr\u00e4ch. Lasst es euch dabei gut gehen, damit ihr zuhause frohe Botschaften erz\u00e4hlen k\u00f6nnt.<\/em><\/p>\n\n\n\n<p><em>Klar ist bereits, dass wir im kommenden Jahr an vier bis f\u00fcnf Orten in unserem Bistum Frauen und M\u00e4nner, Erwachsenen, Kinder und Jugendliche willkommen hei\u00dfen. Gleichzeitig soll es die M\u00f6glichkeit geben, in der eigenen Pfarrei oder Gemeinde, im Verband oder in der Gruppe, in der man sich zuhause f\u00fchlt, miteinander ins Gespr\u00e4ch kommen. Au\u00dferdem werden wir ein digitales Format anbieten f\u00fcr Menschen, die gern online unterwegs sind und auf diese Weise partizipieren wollen. Das soll in den kommenden zwei Jahren passieren.<\/em><\/p>\n\n\n\n<p><strong>Und was kommt dann? Ist mit der Vision dann Kirche im Bistum Speyer neu erfunden?<\/strong><\/p>\n\n\n\n<p><em>Nein, denn diese Vision ist nicht in Stein gemei\u00dfelt, sondern wir werden uns weiter fragen \u201ePasst sie noch?\u201c und wir werden sie immer wieder aktualisieren m\u00fcssen. Die Suche nach einer gemeinsamen Vision ist nichts, das wir einmal machen, um uns dann f\u00fcr immer darauf auszuruhen, sondern sie soll das Bistum immer daran erinnern, danach zu fragen, wozu wir da sind.<\/em><\/p>\n\n\n\n<p><strong>Klingt nach zwei herausfordernden Jahren, die vor dem Bistum und auch vor Ihnen liegen\u2026<\/strong><\/p>\n\n\n\n<p><em>Ich finde, wir haben da etwas sehr Sch\u00f6nes vor. Die n\u00e4chsten zwei Jahre geben uns die Chance, herauszufinden wie wir Kirche besser machen. Wie Menschen bei uns finden, was sie f\u00fcr ihr Leben brauchen. Wie wir selbst Gott in Kontexten finden, wo wir vorher gar nicht gesucht haben.<\/em><\/p>\n\n\n\n<p>Wer Fragen und Anregungen zum Visionsprozess des Bistums Speyer hat, ist schon jetzt herzlich eingeladen, mit Felix Goldinger Kontakt aufzunehmen.<\/p>\n\n\n\n<p><strong>Kontakt:<\/strong><br> Felix Goldinger<br> Bistum Speyer \/ Missionarische Pastoral<br> Telefon 06232 \/ 102-286<br> E-Mail: <a href=\"felix.goldinger@bistum-speyer.de\">felix.goldinger@bistum-speyer.de<\/a><\/p>\n\n\n\n<p><em>Bistum Speyer<br>05.06.2019<\/em><\/p>\n\n\n\n<h2 class=\"wp-block-heading\">39 Frauen und M\u00e4nner erhalten Missio canonica<\/h2>\n\n\n\n<h3 class=\"wp-block-heading\">Gottesdienst mit Bischof Wiesemann in Speyer<\/h3>\n\n\n\n<div class=\"wp-block-image\"><figure class=\"aligncenter\"><img decoding=\"async\" loading=\"lazy\" width=\"800\" height=\"533\" src=\"https:\/\/speyer24news.com\/wp-content\/uploads\/2019\/06\/missio-canonica-1.jpg\" alt=\"\" class=\"wp-image-14466\" srcset=\"https:\/\/speyer24news.com\/wp-content\/uploads\/2019\/06\/missio-canonica-1.jpg 800w, https:\/\/speyer24news.com\/wp-content\/uploads\/2019\/06\/missio-canonica-1-300x200.jpg 300w, https:\/\/speyer24news.com\/wp-content\/uploads\/2019\/06\/missio-canonica-1-768x512.jpg 768w\" sizes=\"(max-width: 800px) 100vw, 800px\" \/><figcaption> <em>39 Lehrerinnen und Lehrer erhielten dieses Jahr die Missio canonica \u2013 hier mit Bischof Karl-Heinz Wiesemann (Mitte), Domdekan Christoph Kohl (vorne ganz links) und Birgitta Greif, Studiendirektorin im Kirchendienst (rechts au\u00dfen).<\/em><\/figcaption><\/figure><\/div>\n\n\n\n<p><strong>Speyer &#8211; <\/strong>Wer das Fach katholische Religion unterrichten will, ben\u00f6tigt die offizielle Beauftragung des Bischofs, denn die Lehrkr\u00e4fte lehren im Auftrag der Kirche. Diese offizielle kirchliche Aussendung \u2013 die Missio canonica \u2013 haben 39 Frauen und M\u00e4nner am Freitag in einem Gottesdienst in der Kirche des Priesterseminars in Speyer aus den H\u00e4nden von Bischof Dr. Karl-Heinz Wiesemann erhalten.<\/p>\n\n\n\n<p>Der Bischof bedankte sich bei den Missio-Kandidaten, dass sie den Auftrag annehmen, Religion zu unterrichten. Er w\u00fcrdigte, dass die 39 Lehrer in Vorbereitung auf die Missio-Verleihung sich selbst mit ihrem Glauben auseinandergesetzt haben und dies k\u00fcnftig mit ihren Sch\u00fclern tun. \u201eDie Missio will Ihnen den R\u00fccken st\u00e4rken und danken, dass Sie da sind\u201c, sagte Wiesemann. Mit der Verleihung versichere die Kirche, dass sie hinter den Religionslehrern steht. Ebenso w\u00fcrden die Lehrerinnen und Lehrer bekr\u00e4ftigten, so der Bischof, dass sie den Auftrag annehmen und helfen, den Glauben an die n\u00e4chste Generation weiterzugeben.<\/p>\n\n\n\n<p>Im gemeinsamen Gebet und in ihren F\u00fcrbitten baten die Missio-Kandidaten Jesus Christus nicht nur um Kraft und Unterst\u00fctzung und um offene Herzen, um seine Botschaft immer wieder neu empfangen und weitergeben zu k\u00f6nnen. Sie baten ihn auch darum, immer offene Ohren und Augen f\u00fcr ihre Sch\u00fcler zu haben und f\u00fcr alles, was die jungen Menschen bewegt. Sie wollen f\u00fcr die M\u00e4dchen und Jungen authentische Gespr\u00e4chspartner sein.<\/p>\n\n\n\n<p>F\u00fcr Laura Leibrock nehmen Religionslehrer eine besondere Stellung ein: \u201eMan ist Ansprechpartner \u00fcber das Schulische hinaus. Man ist eine Art Seelsorger. Das finde ich am Fach Religion spannend\u201c, sagte die junge Frau am Rande des Gottesdienstes. Religionslehrern gelinge es ihr zufolge schneller, Vertrauen zu den Sch\u00fclern aufzubauen. Die Lehrerin, die derzeit an der Berufsbildenden Schule in Bad D\u00fcrkheim unterrichtet, ist seit ihrer Kindheit in der Kirche sehr aktiv. Ihren Sch\u00fclern m\u00f6chte sie vermitteln, dass Religion Halt gibt.<\/p>\n\n\n\n<p>Katharina Knoch unterrichtet an der Karl-Kreuter-Grundschule in Ludwigshafen. Sie erlebt, dass Kinder offener sind als im \u00fcbrigen Unterricht, weil das Fach Religion viele Themen aufgreift. \u201eEs ist sehr vielseitig, weil es sich oft mit Fragen des allt\u00e4glichen Lebens besch\u00e4ftigt.\u201c Als Beispiel nennt sie die christlichen Feste, die h\u00e4ufig mit Schulferien verbunden sind und damit auch das Jahr der Kinder strukturieren. Vor kurzem hat sie Osterbr\u00e4uche behandelt \u2013 und dabei auch ihre eigenen Erlebnisse geschildert. Wie Laura Leibrock m\u00f6chte auch Katharina Knoch das Fach Religion nutzen, um das Einf\u00fchlungsverm\u00f6gen ihrer Sch\u00fcler zu schulen.<\/p>\n\n\n\n<p>Till Butzinger kommt im Religionsunterricht mit den Sch\u00fclern viel st\u00e4rker ins Gespr\u00e4ch. Der Lehrer an der Integrierten Gesamtschule (IGS) Ernst Bloch in Ludwigshafen will die Jugendlichen in der Oberstufe zum Nachdenken anregen, etwa ob Glauben vern\u00fcnftig ist. In seinen Augen erfordert das Fach Religion vom Lehrer eine besondere Sensibilit\u00e4t, da Sch\u00fcler bei den Themen Tod, Sterben oder Leiden teilweise sehr emotional reagieren.<\/p>\n\n\n\n<div class=\"wp-block-image\"><figure class=\"aligncenter\"><img decoding=\"async\" loading=\"lazy\" width=\"800\" height=\"533\" src=\"https:\/\/speyer24news.com\/wp-content\/uploads\/2019\/06\/missio-canonica-3.jpg\" alt=\"\" class=\"wp-image-14467\" srcset=\"https:\/\/speyer24news.com\/wp-content\/uploads\/2019\/06\/missio-canonica-3.jpg 800w, https:\/\/speyer24news.com\/wp-content\/uploads\/2019\/06\/missio-canonica-3-300x200.jpg 300w, https:\/\/speyer24news.com\/wp-content\/uploads\/2019\/06\/missio-canonica-3-768x512.jpg 768w\" sizes=\"(max-width: 800px) 100vw, 800px\" \/><figcaption> <em>Bischof Karl-Heinz Wiesemann \u00fcberreicht einer Kandidatin die Missio canonica, neben ihm Birgitta Greif, Studiendirektorin  im Kirchendienst und im Bisch\u00f6flichen Ordinariat zust\u00e4ndig f\u00fcr die Ausbildung von Religionslehrern, sowie Domdekan Christoph Kohl. <\/em><\/figcaption><\/figure><\/div>\n\n\n\n<p>Auch Jesus war ein besonderer, ein \u201eunglaublicher P\u00e4dagoge\u201c, erkl\u00e4rte der Bischof in seiner Predigt. Er sei seinen J\u00fcngern auf Augenh\u00f6he begegnet, habe sie nicht Knechte, sondern Freunde genannt. Jesus habe niemandem den Glauben aufgezwungen, sondern andere darin best\u00e4rkt, indem er selbst von seinem Glauben Zeugnis ablegte. Wiesemann machte den Missio-Kandidaten Mut, sich f\u00fcr andere zu \u00f6ffnen \u2013 so, wie es Jesus tat. Man k\u00f6nne nur von Gottes Liebe berichten, wenn man selbst etwas von seinem Glauben und Leben preisgebe. Das mache Religionslehrer zu etwas Besonderem, so der Bischof.<\/p>\n\n\n\n<p>Im Religionsunterricht sieht er eine \u201eganzheitliche Dimension\u201c, weil dieses Fach nicht nur Fakten vermittelt. Es mache innere Quellen lebendig, pr\u00e4ge und forme das Leben der Sch\u00fcler, die wie alle anderen Menschen nach dem Sinn des Lebens suchten. Karl-Heinz Wiesemann: \u201eReligionsunterricht ist Bildung in besonderem Ma\u00dfe.\u201c<\/p>\n\n\n\n<p>Die Missio-Kandidaten verbrachten einen ganzen Tag in Speyer, unter anderem unternahmen sie eine Domf\u00fchrung. Gemeinsam mit ihren Angeh\u00f6rigen und Freunden feierten sie in der Kirche des Priesterseminars Gottesdienst. Nachdem sie das Glaubensbekenntnis abgelegt hatten, erhielten sie die Missio canonica.<\/p>\n\n\n\n<p>Unter den 39 Missio-Kandidaten unterrichten 24 an Grundschulen, acht an Gymnasien, f\u00fcnf an berufsbildenden Schulen sowie zwei an F\u00f6rderschulen. Um die Missio canonica zu erhalten, m\u00fcssen die Anw\u00e4rter das Fach Katholische Religion studiert haben. Studienbegleitend werden sie auf den Religionsunterricht vorbereitet. Voraussetzung f\u00fcr die Verleihung ist weiterhin das erfolgreich bestandene zweite Staatsexamen. Wer seinen Dienstort in ein anderes Bistum verlegt, kann einen Antrag auf Anerkennung der Missio canonica stellen. Die Missio canonica wird zeitlich unbefristet erteilt und gilt f\u00fcr das jeweilige Bistum.<\/p>\n\n\n\n<p><em>Text &amp; Foto: Yvette Wagner<br>05.06.2019<\/em><\/p>\n\n\n\n<h2 class=\"wp-block-heading\">Wallfahrt der muttersprachlichen Gemeinden zum Dom zu Speyer<\/h2>\n\n\n\n<h3 class=\"wp-block-heading\">Zeichen der Universalit\u00e4t der katholischen Kirche<\/h3>\n\n\n\n<div class=\"wp-block-image\"><figure class=\"aligncenter\"><img decoding=\"async\" loading=\"lazy\" width=\"800\" height=\"521\" src=\"https:\/\/speyer24news.com\/wp-content\/uploads\/2019\/06\/Muttersprachlicher-G-7.jpg\" alt=\"\" class=\"wp-image-14462\" srcset=\"https:\/\/speyer24news.com\/wp-content\/uploads\/2019\/06\/Muttersprachlicher-G-7.jpg 800w, https:\/\/speyer24news.com\/wp-content\/uploads\/2019\/06\/Muttersprachlicher-G-7-300x195.jpg 300w, https:\/\/speyer24news.com\/wp-content\/uploads\/2019\/06\/Muttersprachlicher-G-7-768x500.jpg 768w\" sizes=\"(max-width: 800px) 100vw, 800px\" \/><\/figure><\/div>\n\n\n\n<p><strong>Speyer &#8211; <\/strong>Gut gef\u00fcllt war der Dom zu Speyer bei der Wallfahrt der muttersprachlichen Gemeinden am 26. Mai. Neun Priester und Diakone aus diesen Gemeinden feierten zusammen mit Bischof Karl-Heinz Wiesemann ein vielsprachliches Pontifikalamt, bei dem Mitglieder der Gemeinden Lesungen und F\u00fcrbitten in ihrer Muttersprache vortrugen. Chor und Instrumentalisten der Kroatischen Gemeinde Ludwigshafen, viele in ihrer heimischen Tracht, wirkten unter ihrer Leiterin Carmen Bajan bei der musikalischen Gestaltung des Gottesdienstes mit.<\/p>\n\n\n\n<p>Neben den vielen unterschiedlichen Sprachen kam auch die lateinische Sprache im Gottesdienst zu ihrem Einsatz im urspr\u00fcnglichen Sinn, als \u201elingua franca\u201c, als allgemeines Verst\u00e4ndigungsmedium der Gl\u00e4ubigen. \u201eAllumfassend\u201c, \u201euniversal\u201c, kann das vom Griechischen kommende Wort \u201ekatholisch\u201c \u00fcbersetzt werden, und die Universalit\u00e4t der katholischen Kirche wurde bei diesem Gottesdienst deutlich sichtbar.<\/p>\n\n\n\n<div class=\"wp-block-image\"><figure class=\"aligncenter\"><img decoding=\"async\" loading=\"lazy\" width=\"800\" height=\"532\" src=\"https:\/\/speyer24news.com\/wp-content\/uploads\/2019\/06\/BischofWiesemannbeiderPredigtMuttersprachlicher-G-200.jpg\" alt=\"\" class=\"wp-image-14463\" srcset=\"https:\/\/speyer24news.com\/wp-content\/uploads\/2019\/06\/BischofWiesemannbeiderPredigtMuttersprachlicher-G-200.jpg 800w, https:\/\/speyer24news.com\/wp-content\/uploads\/2019\/06\/BischofWiesemannbeiderPredigtMuttersprachlicher-G-200-300x200.jpg 300w, https:\/\/speyer24news.com\/wp-content\/uploads\/2019\/06\/BischofWiesemannbeiderPredigtMuttersprachlicher-G-200-768x511.jpg 768w\" sizes=\"(max-width: 800px) 100vw, 800px\" \/><\/figure><\/div>\n\n\n\n<p>In seiner Predigt ging Bischof Karl Heinz Wiesemann auf diese Universalit\u00e4t der Kirche ein. \u201eWas war das eine Herausforderung f\u00fcr das fr\u00fche Christentum. Gottes Heil ist f\u00fcr alle bestimmt, macht nicht Halt an den Grenzen des Judentums, sondern steht allen, auch allen als heidnisch angesehenen V\u00f6lkern, offen\u201c, sagte der Bischof. Jesus selber habe sich anf\u00e4nglich noch gebunden gef\u00fchlt an das j\u00fcdische Volk, dann aber habe er den Aposteln gesagt: Gehet hinaus in alle Welt und verk\u00fcndet das Evangelium. Petrus habe zun\u00e4chst lernen m\u00fcssen, was das bedeutet, und Paulus habe es in aller Konsequenz vollzogen. Sich beziehend auf die Lesungen aus der Apostelgeschichte und aus der Offenbarung des Johannes \u00fcber das himmlische Jerusalem sagte der Bischof: \u201eEinen Tempel braucht dieses Jerusalem nicht mehr, denn wir sind selbst der Tempel. Das ist die Vision hinter unserem Gauben: Der weite Horizont, \u00fcber alle L\u00e4nder verbunden sein als Br\u00fcder und Schwestern. Eucharistie feiert man nie f\u00fcr sich selber, sondern stets in der Gemeinschaft mit allen anderen Christen. Wir grenzen uns nicht voneinander ab, sondern wir geben unsere eigenen Traditionen als Gabe hinein in die Gemeinschaft\u201c. Und weiter: \u201eDas ist der Friede, den die Welt nicht kennt. Wir sollen Gegengewicht sein zu den Spannungen und dem Unfrieden in der Welt.\u201c Der Bischof verwies dabei auch auf die Europa-Wahl am gleichen Tag.<\/p>\n\n\n\n<div class=\"wp-block-image\"><figure class=\"aligncenter\"><img decoding=\"async\" loading=\"lazy\" width=\"800\" height=\"532\" src=\"https:\/\/speyer24news.com\/wp-content\/uploads\/2019\/06\/GabenprozessionMuttersprachlicher-G-93.jpg\" alt=\"\" class=\"wp-image-14464\" srcset=\"https:\/\/speyer24news.com\/wp-content\/uploads\/2019\/06\/GabenprozessionMuttersprachlicher-G-93.jpg 800w, https:\/\/speyer24news.com\/wp-content\/uploads\/2019\/06\/GabenprozessionMuttersprachlicher-G-93-300x200.jpg 300w, https:\/\/speyer24news.com\/wp-content\/uploads\/2019\/06\/GabenprozessionMuttersprachlicher-G-93-768x511.jpg 768w\" sizes=\"(max-width: 800px) 100vw, 800px\" \/><\/figure><\/div>\n\n\n\n<p>Besonderer Anziehungspunkt f\u00fcr alle Gottesdienstbesucher war die getanzte Gabenprozession der afrikanischen Igbo-Gemeinde, einer Volks- und Sprachengemeinschaft aus Nigeria. In bunte afrikanische Gew\u00e4nder geh\u00fcllt \u2013 der Name ihrer Gemeinde war in viele Stoffe eingewebt \u2013 zogen sie singend, tanzend und trommelnd vor den Altar und brachten nicht nur Brot und Wein, sondern auch die exotischen Fr\u00fcchte ihrer Heimat mit. Auch ihre Kinder waren in der Prozession dabei, sogar Babys im Kinderwagen wurden mitgeschoben.<\/p>\n\n\n\n<div class=\"wp-block-image\"><figure class=\"aligncenter\"><img decoding=\"async\" loading=\"lazy\" width=\"800\" height=\"532\" src=\"https:\/\/speyer24news.com\/wp-content\/uploads\/2019\/06\/BischofWiesemannundMitgliederderkroatischenGemeindenachdemGottesdienst.jpg\" alt=\"\" class=\"wp-image-14465\" srcset=\"https:\/\/speyer24news.com\/wp-content\/uploads\/2019\/06\/BischofWiesemannundMitgliederderkroatischenGemeindenachdemGottesdienst.jpg 800w, https:\/\/speyer24news.com\/wp-content\/uploads\/2019\/06\/BischofWiesemannundMitgliederderkroatischenGemeindenachdemGottesdienst-300x200.jpg 300w, https:\/\/speyer24news.com\/wp-content\/uploads\/2019\/06\/BischofWiesemannundMitgliederderkroatischenGemeindenachdemGottesdienst-768x511.jpg 768w\" sizes=\"(max-width: 800px) 100vw, 800px\" \/><\/figure><\/div>\n\n\n\n<p>Nach dem Gottesdienst lud die kroatische Gemeinde Ludwigshafen zur Begegnung in den n\u00f6rdlichen Domgarten und auch die M\u00f6glichkeit, sich mit kroatischen Spezialit\u00e4ten leiblich zu st\u00e4rken, wurde gerne genutzt.<\/p>\n\n\n\n<p><em>Text: Andrea D\u00f6lle Foto: Klaus Landry<br>05.06.2019<\/em><\/p>\n\n\n\n<h2 class=\"wp-block-heading\">Aufruf zu \u201eChurches for Future\u201c<\/h2>\n\n\n\n<h3 class=\"wp-block-heading\">Das \u00d6kumenische Netzwerk Klimagerechtigkeit, zu dem auch das Bistum Speyer geh\u00f6rt, unterst\u00fctzt die Anliegen der \u201eFridays for Future\u201c- Bewegung<\/h3>\n\n\n\n<div class=\"wp-block-image\"><figure class=\"aligncenter\"><img decoding=\"async\" loading=\"lazy\" width=\"800\" height=\"533\" src=\"https:\/\/speyer24news.com\/wp-content\/uploads\/2019\/06\/Churches-for-Future.png\" alt=\"\" class=\"wp-image-14460\" srcset=\"https:\/\/speyer24news.com\/wp-content\/uploads\/2019\/06\/Churches-for-Future.png 800w, https:\/\/speyer24news.com\/wp-content\/uploads\/2019\/06\/Churches-for-Future-300x200.png 300w, https:\/\/speyer24news.com\/wp-content\/uploads\/2019\/06\/Churches-for-Future-768x512.png 768w\" sizes=\"(max-width: 800px) 100vw, 800px\" \/><\/figure><\/div>\n\n\n\n<p><strong>Speyer &#8211; <\/strong>Aus Solidarit\u00e4t mit der weltweiten \u201eFridays for Future\u201c- Bewegung haben Mitglieder des \u00d6kumenischen Netzwerks Klimagerechtigkeit, zu dem auch das Bistum Speyer geh\u00f6rt, den Aufruf \u201eChurches for Future\u201c initiiert. \u201eWir als Kirchen und kirchliche Organisationen zollen den Protestierenden gro\u00dfen Respekt und unterst\u00fctzen die Anliegen der jungen Generation. Wir bitten daher die Mitglieder unserer Kirchen und kirchlichen Organisationen, ihr Engagement f\u00fcr Klimagerechtigkeit sowohl im pers\u00f6nlichen als auch im kirchlichen und gesellschaftlichen Leben deutlich zu verst\u00e4rken. Werden Sie zu \u201eChurches for Future\u201c, hei\u00dft es in einem offenen Schreiben.<\/p>\n\n\n\n<p>Bislang unterst\u00fctzen 16 Landeskirchen, kirchliche Einrichtungen und Organisationen diesen Aufruf, darunter die Hilfswerke Adveniat, Brot f\u00fcr die Welt und Misereor, das Bistum Speyer, die Evangelische Kirche der Pfalz, der Bund der Deutschen Katholischen Jugend (BDKJ) und die Katholische Landvolkbewegung Deutschland (KLB).<\/p>\n\n\n\n<p>Neben F\u00fcrbitten f\u00fcr die Teilnehmenden der Demonstrationen regt das \u00d6kumenische Netzwerk auch an, regional den Kontakt mit den Initiatoren von \u201eFridays for Future\u201c zu suchen, um zu erfahren, ob und wenn ja welche Unterst\u00fctzung durch Kirchen, kirchliche Organisationen und Initiativen sie brauchen.<\/p>\n\n\n\n<div class=\"wp-block-image\"><figure class=\"aligncenter\"><img decoding=\"async\" loading=\"lazy\" width=\"800\" height=\"252\" src=\"https:\/\/speyer24news.com\/wp-content\/uploads\/2019\/06\/\u00d6kumenisches-Netzwerk-Klimagerechtigkeit.png\" alt=\"\" class=\"wp-image-14461\" srcset=\"https:\/\/speyer24news.com\/wp-content\/uploads\/2019\/06\/\u00d6kumenisches-Netzwerk-Klimagerechtigkeit.png 800w, https:\/\/speyer24news.com\/wp-content\/uploads\/2019\/06\/\u00d6kumenisches-Netzwerk-Klimagerechtigkeit-300x95.png 300w, https:\/\/speyer24news.com\/wp-content\/uploads\/2019\/06\/\u00d6kumenisches-Netzwerk-Klimagerechtigkeit-768x242.png 768w\" sizes=\"(max-width: 800px) 100vw, 800px\" \/><\/figure><\/div>\n\n\n\n<p>In dem 2018 gegr\u00fcndeten \u00d6kumenischen Netzwerk Klimagerechtigkeit (<a href=\"http:\/\/www.kirchen-fuer-klimagerechtigkeit.de\">www.kirchen-fuer-klimagerechtigkeit.de<\/a>\/) haben sich inzwischen 21 katholische Bist\u00fcmer, evangelische (Landes)Kirchen, kirchliche Organisationen und Initiativen sowie Entwicklungsorganisationen zusammengeschlossen.<\/p>\n\n\n\n<p>Informationen f\u00fcr weitere Unterst\u00fctzer des Anliegens bei Chris B\u00f6er und Monika Maria Schell, Koordinatoren des \u00d6kumenischen Netzwerks Klimagerechtigkeit; Mail: <a href=\"churchesforfuture@oenwkg.de\">churchesforfuture@oenwkg.de<\/a><\/p>\n\n\n\n<p><em>Bistum Speyer<br>05.06.2019<\/em><\/p>\n\n\n\n<h2 class=\"wp-block-heading\">Feier der Professjubil\u00e4en im Institut St. Dominikus<\/h2>\n\n\n\n<h3 class=\"wp-block-heading\">Gottesdienst mit Weihbischof Georgens \u2013 Dank f\u00fcr 70-j\u00e4hriges, 65-j\u00e4hriges, 60-j\u00e4hriges und 40-j\u00e4hriges Ordensleben<\/h3>\n\n\n\n<div class=\"wp-block-image\"><figure class=\"aligncenter\"><img decoding=\"async\" loading=\"lazy\" width=\"800\" height=\"536\" src=\"https:\/\/speyer24news.com\/wp-content\/uploads\/2019\/06\/Professjubilaeum2019gesamt-41.jpg\" alt=\"\" class=\"wp-image-14459\" srcset=\"https:\/\/speyer24news.com\/wp-content\/uploads\/2019\/06\/Professjubilaeum2019gesamt-41.jpg 800w, https:\/\/speyer24news.com\/wp-content\/uploads\/2019\/06\/Professjubilaeum2019gesamt-41-300x201.jpg 300w, https:\/\/speyer24news.com\/wp-content\/uploads\/2019\/06\/Professjubilaeum2019gesamt-41-768x515.jpg 768w\" sizes=\"(max-width: 800px) 100vw, 800px\" \/><figcaption> <em>Die Jubilarinnen mit Weihbischof Otto Georgens<\/em><\/figcaption><\/figure><\/div>\n\n\n\n<p><strong>Speyer &#8211;<\/strong> Am 19. Mai feierten 18 Dominikanerinnen im Kreise ihrer Mitschwestern ihr Professjubil\u00e4um im Institut St. Dominikus in Speyer. Um 9 Uhr fand das Festhochamt im Mutterhaus des Ordens als Dankamt mit Weihbischof Otto Georgens und Pater Werle CSSp statt.<\/p>\n\n\n\n<p>\u201eFeiern will ich dich, Herr, aus ganzem Herzen\u201c, mit diesem Kehrvers wurde der Gottesdienst er\u00f6ffnet. Weihbischof Otto Georgens sagte bei der Begr\u00fc\u00dfung: \u201eWir sind zusammen gekommen, um Gott zu danken f\u00fcr das Geschenk der Berufung und f\u00fcr 70, 65, 60, 40 Jahre Ordensleben der Schwestern, Dankbarkeit ist das Ged\u00e4chtnis des Herzens.\u201c In Gemeinschaft werde dieser Dank vervielf\u00e4ltigt und intensiviert. Das Tagesevangelium (Joh 13,31-33a, 34-35;) hebe hervor, worauf es in der Nachfolge Jesu ankommt: \u201eDaran werden alle erkennen, dass ihr meine J\u00fcnger seid, wenn ihr einander liebt.\u201c<\/p>\n\n\n\n<p>Liebe sei ein Geschenk zur Weitergabe, erkl\u00e4rte der Weihbischof in seiner Predigt. Weil die Menschen von Gott geliebt seien, k\u00f6nnten sie die Liebe weitergeben. \u201eWer Gottes Liebe f\u00fcr sich behalten will, verfehlt seine Berufung\u201c, bekr\u00e4ftigte Georgens. Die Weitergabe der Liebe sei die zentrale Aufgabe eines jeden Ordenslebens. Er dankte den Schwestern f\u00fcr ihren Einsatz und ihr Zeugnis gelebter Liebe.<\/p>\n\n\n\n<p>Nach dem festlichen Amt dankte Generalpriorin Schwester M. Gisela Bastian dem Weihbischof f\u00fcr seine klaren Worte und den Schwestern dankte sie f\u00fcr deren Einsatz in der Gemeinschaft, gleich in welchem Arbeitsfeld in der Heimat oder in Ghana. Nachdem alle Anwesenden die M\u00f6glichkeit hatten, den Jubilarinnen zu gratulieren, wurde das Fest mit festlichem Mahl fortgesetzt. Den Abschluss bildete die feierliche Vesper.<\/p>\n\n\n\n<h4 class=\"wp-block-heading\">Folgende Schwestern feierten im Mutterhaus in Speyer ihr Professjubil\u00e4um:<\/h4>\n\n\n\n<p><strong>70-j\u00e4hriges Jubil\u00e4um<\/strong><\/p>\n\n\n\n<ul><li>Sr. M. Klothilde Engbarth (Landstuhl)<\/li><\/ul>\n\n\n\n<p><strong>65-j\u00e4hriges Jubil\u00e4um<\/strong><\/p>\n\n\n\n<ul><li> Sr. M. Confirmata H\u00fcther (Mutterhaus Speyer)<\/li><li> Sr. M. Ingeberga Vautrin (Mutterhaus Speyer)<\/li><li> Sr. M. Bemhilda Damm (Mutterhaus Speyer)<\/li><li> Sr. M. Eleonore Fuchs (Mutterhaus Speyer)<\/li><li> Sr. M. Solamen Ott (Mutterhaus Speyer)<\/li><\/ul>\n\n\n\n<p><strong>60-j\u00e4hriges Jubil\u00e4um<\/strong><\/p>\n\n\n\n<ul><li> Sr. M. Astrid Grimm (St. Annastift Ludwigshafen)<\/li><li> Sr. M. Eleutheria Schwalie (Mutterhaus Speyer)<\/li><li> Sr. M. Enhildis Reisinger (St. Marienkrankenhaus Ludwigshafen)<\/li><li> Sr. M. Borrom\u00e4a Schwab (Kinderdorf Silz)<\/li><li> Sr. M. Angelia Gerdon (St. Marienkrankenhaus Ludwigshafen)<\/li><li> Sr. M. Ellengard Hoffmann (Mutterhaus Speyer)<\/li><li> Sr. M. Ingrid Filian (Auf der Me\u00df, St. Ingbert)<\/li><li> Sr. M. Ludwina Starck (Kinderdorf Silz)<\/li><li> Sr. M. Nikola L\u00f6ckelt (Mutterhaus Speyer)<\/li><li> Sr. M. Silvestra Donsbach (Mutterhaus Speyer)<\/li><\/ul>\n\n\n\n<p><strong>40-j\u00e4hriges Jubil\u00e4um<\/strong><\/p>\n\n\n\n<ul><li> Sr. M. Barbara B\u00e4uerlein (Mutterhaus Speyer)<\/li><li> Sr. M. Veronika Waschik (Mutterhaus Speyer)<\/li><\/ul>\n\n\n\n<p><em>Text: Bistum Speyer Foto: R\u00fcdiger Pfeiffer<br>05.06.2019<\/em><\/p>\n\n\n\n<h2 class=\"wp-block-heading\">Polizeimusikkorps erspielt Spende f\u00fcr den Dom<\/h2>\n\n\n\n<h3 class=\"wp-block-heading\">Nahezu 6.000 Euro Spenden beim Benefizkonzert \u201eBaden schaut \u00fcber den Rhein\u201c<\/h3>\n\n\n\n<div class=\"wp-block-image\"><figure class=\"aligncenter\"><img decoding=\"async\" loading=\"lazy\" width=\"800\" height=\"600\" src=\"https:\/\/speyer24news.com\/wp-content\/uploads\/2019\/06\/P1010606_m.jpg\" alt=\"\" class=\"wp-image-14456\" srcset=\"https:\/\/speyer24news.com\/wp-content\/uploads\/2019\/06\/P1010606_m.jpg 800w, https:\/\/speyer24news.com\/wp-content\/uploads\/2019\/06\/P1010606_m-300x225.jpg 300w, https:\/\/speyer24news.com\/wp-content\/uploads\/2019\/06\/P1010606_m-768x576.jpg 768w, https:\/\/speyer24news.com\/wp-content\/uploads\/2019\/06\/P1010606_m-678x509.jpg 678w, https:\/\/speyer24news.com\/wp-content\/uploads\/2019\/06\/P1010606_m-326x245.jpg 326w, https:\/\/speyer24news.com\/wp-content\/uploads\/2019\/06\/P1010606_m-80x60.jpg 80w\" sizes=\"(max-width: 800px) 100vw, 800px\" \/><\/figure><\/div>\n\n\n\n<p><strong>Speyer &#8211; <\/strong>5.924,47 Euro landeten beim diesj\u00e4hrigen Benefizkonzert des Dombauvereins in den Spendenk\u00f6rbchen. Das ist, nach Aussage der Veranstalter, der f\u00fcnfh\u00f6chste Erl\u00f6s seit Bestehen der Konzertreihe \u201eBaden schaut \u00fcber den Rhein\u201c und damit ein sehr gutes Ergebnis. Wie \u00fcblich reichten bei der traditionsreichen Veranstaltung die Sitzpl\u00e4tze des Doms nicht aus, so dass zahlreiche Besucher der Musik im Stehen lauschen. Das abwechslungsreiche Programm gestaltete in diesem Jahr das Karlsruher Polizeimusikkorps unter der Leitung von Mario Str\u00f6hm.<\/p>\n\n\n\n<p>Begr\u00fc\u00dft wurden die Anwesenden auch vom Vorstandsvorsitzenden des Dombauvereins Dr. Gottfried Jung. Er k\u00fcndigte ein \u201emusikalisches Ereignis an, das der W\u00fcrde des Doms in hervorragender Weise gerecht wird\u201c. Mit der Verpflichtung des Polizeimusikkorps hatte der baden-w\u00fcrttembergische Innenminister Thomas Strobl die Schirmherrschaft \u00fcbernommen. In seinem Gru\u00dfwort hob er den Wert der Kathedrale als sch\u00fctzenswertes Zeugnis der europ\u00e4ischen Wertegemeinschaft hervor. Der Initiator und Organisator des j\u00e4hrlichen Konzertereignisses, Udo Heidt, begr\u00fc\u00dfte die Konzertg\u00e4ste voller Vorfreude auf das Konzert und bat im Namen des Dombauvereins um eine Spende f\u00fcr den Erhalt des Speyerer Doms.<\/p>\n\n\n\n<div class=\"wp-block-image\"><figure class=\"aligncenter\"><img decoding=\"async\" loading=\"lazy\" width=\"500\" height=\"666\" src=\"https:\/\/speyer24news.com\/wp-content\/uploads\/2019\/06\/P1010511_m.jpg\" alt=\"\" class=\"wp-image-14457\" srcset=\"https:\/\/speyer24news.com\/wp-content\/uploads\/2019\/06\/P1010511_m.jpg 500w, https:\/\/speyer24news.com\/wp-content\/uploads\/2019\/06\/P1010511_m-225x300.jpg 225w\" sizes=\"(max-width: 500px) 100vw, 500px\" \/><\/figure><\/div>\n\n\n\n<p>Musikalisch wurde den Zuh\u00f6rern ein Potpourri aus bekannten St\u00fccken geboten. Darunter Klassiker wie das \u201eAve Verum\u201c von Wolfgang Amadeus Mozart aber auch moderne St\u00fccke wie beispielsweise \u201ePie Jesu\u201c von Andrew Llyod Webber. Beide St\u00fccke wurden \u00fcberzeugend interpretiert von Susanne Kunzweiler. Mit Claudia M\u00fcller, die ebenfalls stimmlich zu \u00fcberzeugen wusste, gestalteten die beiden S\u00e4ngerinnen aus den Reihen des Polizeimusikkorps zusammen einige Spirituals und Gospels wie \u201eOh Happy Day\u201c. Der m\u00e4nnliche Gesangsolist Alexander Huck brachte unter anderem eine Arie aus Mozarts Oper \u201eDie Zauberfl\u00f6te\u201c dar. Mit seinem Bassbariton wusste er mit \u201eIn diesen heiligen Hallen\u201c den Dom gut zu f\u00fcllen. Fr\u00e9d\u00e9ric Messner an der Trompete und Richard Minet am Altsaxophon, beide Solisten des Polizeimusikkorps, gestalteten gekonnt mit ihren instrumentalen Soli jeweils einzelne St\u00fccke. An der Chororgel sa\u00df, wie bei allen Konzerten der Reihe, der Organist Holger Becker. Er zeigte unter anderem mit der Toccata in d-moll von Johann Sebastian Bach sein K\u00f6nnen.<\/p>\n\n\n\n<div class=\"wp-block-image\"><figure class=\"aligncenter\"><img decoding=\"async\" loading=\"lazy\" width=\"800\" height=\"600\" src=\"https:\/\/speyer24news.com\/wp-content\/uploads\/2019\/06\/P1010569_m.jpg\" alt=\"\" class=\"wp-image-14458\" srcset=\"https:\/\/speyer24news.com\/wp-content\/uploads\/2019\/06\/P1010569_m.jpg 800w, https:\/\/speyer24news.com\/wp-content\/uploads\/2019\/06\/P1010569_m-300x225.jpg 300w, https:\/\/speyer24news.com\/wp-content\/uploads\/2019\/06\/P1010569_m-768x576.jpg 768w, https:\/\/speyer24news.com\/wp-content\/uploads\/2019\/06\/P1010569_m-678x509.jpg 678w, https:\/\/speyer24news.com\/wp-content\/uploads\/2019\/06\/P1010569_m-326x245.jpg 326w, https:\/\/speyer24news.com\/wp-content\/uploads\/2019\/06\/P1010569_m-80x60.jpg 80w\" sizes=\"(max-width: 800px) 100vw, 800px\" \/><\/figure><\/div>\n\n\n\n<p>Das Polizeimusikkorps und alle Solisten wurden mit dankbarem Applaus bedacht. \u00dcberzeugende Worte des Lobs fand Domdekan Dr. Christoph Kohl, der zum Schluss des Konzerts f\u00fcr das Domkapitel sprach und sich bei allen Anwesenden f\u00fcr die Unterst\u00fctzung bei der Erhaltung der romanischen Kathedrale bedankte. Er wies darauf hin, dass der Dom seine Schauseite Richtung Osten, also in Richtung der Badischen Nachbarschaft jenseits des Rheins habe. \u201eDer Dom l\u00e4chelt ihnen zu\u201c, versicherte er den G\u00e4sten von der anderen Rheinseite. Den traditionellen Schluss- und H\u00f6hepunkt bildete das gemeinsame Singen des Chorals \u201eGro\u00dfer Gott wir loben dich\u201c.<\/p>\n\n\n\n<p><em>Text: Bistum Speyer Foto: Domkapitel Speyer<br>05.06.2019<\/em><\/p>\n\n\n\n<h2 class=\"wp-block-heading\">Kolmerbergkapelle bei D\u00f6rrenbach wird instandgesetzt<\/h2>\n\n\n\n<h3 class=\"wp-block-heading\">Erste urkundliche Belege datieren auf das Jahr 1470 \u2013 Dachstuhl, Innenr\u00e4ume und Au\u00dfenfassade m\u00fcssen erneuert werden<\/h3>\n\n\n\n<div class=\"wp-block-image\"><figure class=\"aligncenter\"><img decoding=\"async\" loading=\"lazy\" width=\"800\" height=\"544\" src=\"https:\/\/speyer24news.com\/wp-content\/uploads\/2019\/06\/Kolmerbergkapellevonvorne.jpg\" alt=\"\" class=\"wp-image-14451\" srcset=\"https:\/\/speyer24news.com\/wp-content\/uploads\/2019\/06\/Kolmerbergkapellevonvorne.jpg 800w, https:\/\/speyer24news.com\/wp-content\/uploads\/2019\/06\/Kolmerbergkapellevonvorne-300x204.jpg 300w, https:\/\/speyer24news.com\/wp-content\/uploads\/2019\/06\/Kolmerbergkapellevonvorne-768x522.jpg 768w\" sizes=\"(max-width: 800px) 100vw, 800px\" \/><\/figure><\/div>\n\n\n\n<p><strong>Bad Bergzabern &#8211; <\/strong>Die Kapelle \u201eZu unserer Lieben Frau\u201c auf dem Kolmerberg bei D\u00f6rrenbach wird instandgesetzt. Erneuerungsbed\u00fcrftig sind insbesondere der Dachstuhl, die Dachdeckung, die Haustechnik, die Innenr\u00e4ume sowie die Au\u00dfenfassade.<\/p>\n\n\n\n<p>\u201eWir haben es mit Putzsch\u00e4den an den Wandfl\u00e4chen, mangelhaften F\u00fcllungen an der Klause und schadhaften Fachwerkh\u00f6lzern zu tun\u201c, erkl\u00e4rt Gebietsarchitektin Alexandra Ruffing vom Bisch\u00f6flichen Bauamt. Daher m\u00fcssen die Sch\u00e4den an der Fassade repariert und teilweise neu verputzt werden. F\u00fcllungen sollen entsprechend dem historischen Bestand ebenso ausgetauscht werden wie statisch bedenkliche Konstruktionsh\u00f6lzer im Fachwerk und beim \u00dcbergang von der Klause zum \u00d6lberg. Die Dachstuhlkonstruktion soll durch den Austausch defekter Konstruktionselemente ert\u00fcchtigt werden. Au\u00dferdem sind die Elektro- und Sanit\u00e4ranlagen zu erneuern.<\/p>\n\n\n\n<div class=\"wp-block-image\"><figure class=\"aligncenter\"><img decoding=\"async\" loading=\"lazy\" width=\"800\" height=\"533\" src=\"https:\/\/speyer24news.com\/wp-content\/uploads\/2019\/06\/DachstuhlKolmerbergkapelle.jpg\" alt=\"\" class=\"wp-image-14452\" srcset=\"https:\/\/speyer24news.com\/wp-content\/uploads\/2019\/06\/DachstuhlKolmerbergkapelle.jpg 800w, https:\/\/speyer24news.com\/wp-content\/uploads\/2019\/06\/DachstuhlKolmerbergkapelle-300x200.jpg 300w, https:\/\/speyer24news.com\/wp-content\/uploads\/2019\/06\/DachstuhlKolmerbergkapelle-768x512.jpg 768w\" sizes=\"(max-width: 800px) 100vw, 800px\" \/><\/figure><\/div>\n\n\n\n<p>Die denkmalgesch\u00fctzte Kapelle auf dem Kolmerberg stellt f\u00fcr die Region \u201eS\u00fcdliche Weinstra\u00dfe\u201c einen der wichtigsten Ziel- und Identifikationspunkte dar. Sie wird nicht nur als beliebtes Wanderziel gesch\u00e4tzt, sondern dient nach wie vor als Ort zur Feier der Liturgie und des gemeinschaftlichen Versammelns. \u201eDie Kapelle ist ein beliebtes Pilgerziel\u201c, betont Pfarrer Bernd H\u00f6ckelsberger von der Pfarrei Heilige Edith Stein, zu der die Gemeinde in D\u00f6rrenbach geh\u00f6rt. Es sei eine \u201el\u00e4ndliche Wallfahrt\u201c zu der an jedem Wallfahrtstag rund 150 Pilgerinnen und Pilger k\u00e4men. Ziel der Wallfahrten ist die in der Kapelle aufgestellte Skulptur des \u201eMutter-Gottes-Gnadenbildes\u201c aus dem 15. Jahrhundert.<\/p>\n\n\n\n<p>\u201eErste urkundliche Belege zur Existenz einer Kapelle auf dem n\u00f6rdlich an D\u00f6rrenbach anschlie\u00dfenden Kolmerberg, circa 100 Meter \u00fcber der Ortschaft liegend, datieren auf das Jahr 1470 und beschreiben eine mit einer Kaplanei ausgestatteten Kapelle namens \u201eCellborn\u201c, ein Hinweis zu einem Ausgangspunkt missionarischer T\u00e4tigkeit, gelegen an einer vermutlich fr\u00fcher heidnisch verehrten Quelle\u201c, erkl\u00e4rt Di\u00f6zesankonservator Wolfgang Franz. Um 1531 ging die Wallfahrtst\u00e4tigkeit zur\u00fcck und die Kapelle stand l\u00e4ngere Zeit unbenutzt. Gegen Ende des 16. Jahrhunderts erfuhr die Wallfahrtst\u00e4tigkeit einen neuen Aufschwung \u2013 jedes Jahr zu den Pfingstfeiertagen fanden Prozessionen zu der Kapelle statt. 1601 jedoch kehrte sich alles um: Die Gemeindeherren geboten, dass die Kapelle abzurei\u00dfen sei und \u201ediejenigen, so bishero dahin gelaufen waren, mit allen Ernst zu strafen seien\u201c, wie es in einer historischen Quelle hei\u00dft. Eine teilweise Umsetzung dieser Anweisung erfolgte, allein der Chor der Kapelle blieb stehen.<\/p>\n\n\n\n<div class=\"wp-block-image\"><figure class=\"aligncenter\"><img decoding=\"async\" loading=\"lazy\" width=\"800\" height=\"564\" src=\"https:\/\/speyer24news.com\/wp-content\/uploads\/2019\/06\/KolmerbergkapellevonhintenmitAnbau.jpg\" alt=\"\" class=\"wp-image-14453\" srcset=\"https:\/\/speyer24news.com\/wp-content\/uploads\/2019\/06\/KolmerbergkapellevonhintenmitAnbau.jpg 800w, https:\/\/speyer24news.com\/wp-content\/uploads\/2019\/06\/KolmerbergkapellevonhintenmitAnbau-300x212.jpg 300w, https:\/\/speyer24news.com\/wp-content\/uploads\/2019\/06\/KolmerbergkapellevonhintenmitAnbau-768x541.jpg 768w\" sizes=\"(max-width: 800px) 100vw, 800px\" \/><\/figure><\/div>\n\n\n\n<p>1632 erfolgte eine weitere Zerst\u00f6rung durch die Schweden im 30-j\u00e4hrigen Krieg. 1719 wurde die Kapelle wiederhergestellt, gar vergr\u00f6\u00dfert. Im Zuge der franz\u00f6sischen Revolution wiederum erfolgte Ende des 18. Jahrhunderts eine Besch\u00e4digung der Kapelle, die ab 1803 wieder instandgesetzt wurde. 1815 entstand im \u00f6stlichen Anschluss an Kapelle und Klause ein frei stehender \u00d6lberg. Auf diesen wurde ein weiteres Gescho\u00df aufgesetzt, welches durch einen Laufgang, der an der Nordseite der Klause au\u00dfen angef\u00fcgt wurde und auf Gescho\u00dfh\u00f6he den Zwischenraum zwischen Kapelle und \u00d6lberg \u00fcberspannt, erschlossen wird. Eine umfassende Instandsetzung erfolgte in den Jahren 1973 bis 1975, in deren Zuge die Nutzung der Klause als auch des \u00d6lbergobergeschosses zu einem \u00dcbernachtungsort f\u00fcr Jugendgruppen ge\u00e4ndert wurde.<\/p>\n\n\n\n<div class=\"wp-block-image\"><figure class=\"aligncenter\"><img decoding=\"async\" loading=\"lazy\" width=\"800\" height=\"533\" src=\"https:\/\/speyer24news.com\/wp-content\/uploads\/2019\/06\/BlickindieKapelle.jpg\" alt=\"\" class=\"wp-image-14454\" srcset=\"https:\/\/speyer24news.com\/wp-content\/uploads\/2019\/06\/BlickindieKapelle.jpg 800w, https:\/\/speyer24news.com\/wp-content\/uploads\/2019\/06\/BlickindieKapelle-300x200.jpg 300w, https:\/\/speyer24news.com\/wp-content\/uploads\/2019\/06\/BlickindieKapelle-768x512.jpg 768w\" sizes=\"(max-width: 800px) 100vw, 800px\" \/><\/figure><\/div>\n\n\n\n<p>Der mit den Instandsetzungsarbeiten beauftragte Architekt Rolf Estelmann erl\u00e4uterte bei der Vorstellung der Ma\u00dfnahmen an der Kapelle die Schritte, die nach der Entdeckung von Sch\u00e4den an der Decke und der daran anschlie\u00dfenden Schlie\u00dfung der Kapelle aus Sicherheitsgr\u00fcnden zu den jetzt begonnenen Arbeiten f\u00fchrten. Dazu geh\u00f6rt als erstes der jetzt erfolgte Abriss der Betondecke unterhalb des Dachstuhles aus Holz.<\/p>\n\n\n\n<p>Die Kosten f\u00fcr die Instandsetzung der Kolmerbergkapelle belaufen sich auf voraussichtlich 765.000 Euro. Davon werden 459.000 Euro vom Bistum Speyer \u00fcbernommen. Die Pfarrei und die Kirchenstiftung bringen 166.000 Euro ein. Die Deutsche Stiftung Denkmalschutz gibt 90.000 Euro zur Instandsetzung, die Generaldirektion Kulturelles Erbe 30.000 Euro. Der F\u00f6rderverein Kolmerberg beteiligt sich mit 20.000 Euro an den Kosten.<\/p>\n\n\n\n<div class=\"wp-block-image\"><figure class=\"aligncenter\"><img decoding=\"async\" loading=\"lazy\" width=\"800\" height=\"533\" src=\"https:\/\/speyer24news.com\/wp-content\/uploads\/2019\/06\/KolmerbergkapellemitBauger\u00fcsten1.jpg\" alt=\"\" class=\"wp-image-14455\" srcset=\"https:\/\/speyer24news.com\/wp-content\/uploads\/2019\/06\/KolmerbergkapellemitBauger\u00fcsten1.jpg 800w, https:\/\/speyer24news.com\/wp-content\/uploads\/2019\/06\/KolmerbergkapellemitBauger\u00fcsten1-300x200.jpg 300w, https:\/\/speyer24news.com\/wp-content\/uploads\/2019\/06\/KolmerbergkapellemitBauger\u00fcsten1-768x512.jpg 768w\" sizes=\"(max-width: 800px) 100vw, 800px\" \/><\/figure><\/div>\n\n\n\n<p>Roswitha Ch\u00e9ret, Ortskuratorin der Deutschen Stiftung Denkmalschutz, bekr\u00e4ftigte, dass es der Stiftung ein wichtiges Anliegen sei auch den Erhalt kleinere Denkm\u00e4ler zu unterst\u00fctzen. \u201eWir helfen wo wir k\u00f6nnen\u201c, erkl\u00e4rte sie und verwies darauf, dass die 1985 auf private Initiative hin gegr\u00fcndete Stiftung j\u00e4hrlich zwischen 15 bis 20 Millionen Euro f\u00fcr den Erhalt von Denkm\u00e4lern bereitstelle. Im vergangenen Jahr seien allein zehn Projekte in der Pfalz gef\u00f6rdert worden, darunter mehrere Kirchen. 60 Prozent der F\u00f6rdermittel steuere die Lotterie \u201eGl\u00fcckspirale\u201c bei. Hartmut Emrich, Vertreter von Lotto Rheinland-Pfalz, gab zu bedenken, dass ein nicht geringer Teil von dem Umsatz der Lotterie in die F\u00f6rderung von Aktionen und Projekte gehe. Die F\u00f6rderung der Instandsetzung der Kolmerbergkapelle sei eine \u201esinnvolle Investition\u201c. Als Vertreterin der Generaldirektion Kulturelles Erbe Rheinland-Pfalz verwies Dr. Ulrike Weber auf die sich erg\u00e4nzende Zusammenarbeit mit der kirchlichen Denkmalpflege. Die Kolmerbergkapelle sei ein Zeugnis der Volksfr\u00f6mmigkeit, das im Rahmen der zur Verf\u00fcgung stehenden Mittel gef\u00f6rdert werde.<\/p>\n\n\n\n<p>Die Instandsetzungsma\u00dfnahmen an der Kapelle haben im April dieses Jahres begonnen. Die Hauptarbeiten werden voraussichtlich bis Ende dieses Jahres abgeschlossen sein.<\/p>\n\n\n\n<p><em>Bistum Speyer<br>05.06.2019<\/em><\/p>\n\n\n\n<h2 class=\"wp-block-heading\">Qualifizierungskurs \u201eGeistliche Pilgerbegleitung\u201c<\/h2>\n\n\n\n<h3 class=\"wp-block-heading\">Angebot f\u00fcr ehrenamtliche Pilgerf\u00fchrer in drei Abschnitten in Thallichtenberg in der Pfalz<\/h3>\n\n\n\n<p><strong>Thallichtenberg &#8211; <\/strong>Die Bist\u00fcmer Trier und Speyer bieten in Thallichtenberg in der Westpfalz einen Qualifizierungskurs zur ehrenamtlichen geistlichen Leitung von Pilgergruppen an. Die Leitung haben Jakob Patuschka und Katja Kirsch. Der Kurs ist offen f\u00fcr alle Interessierten mit Pilgererfahrung. \u201eUnterwegssein hat eine lange christliche Tradition. Wir kennen ungez\u00e4hlte Wegbegebenheiten, nichtbiblische und biblische, unter anderem von Noah, Abraham und Christus selbst. Unterwegs zu sein war und ist zeitgem\u00e4\u00df\u201c, erkl\u00e4rt Domkapitular Franz Vogelgesang, Leiter der Hauptabteilung Seelsorger und Ansprechpartner f\u00fcr das Thema Pilgern und Wallfahrten. Die Kosten betragen 450 Euro inklusive Kursgeb\u00fchr, \u00dcbernachtung und Verpflegung.<\/p>\n\n\n\n<p><strong>Kontakt:<\/strong><br> Pilgerb\u00fcro Speyer,<br> Marianne Backenstrass,<br> Telefon 06232 \u2013 102 423,<br> E-Mail: <a href=\"info@pilgerreisen-speyer.de\">info@pilgerreisen-speyer.de<\/a><\/p>\n\n\n\n<h4 class=\"wp-block-heading\">Termine der drei Kursabschnitte: <\/h4>\n\n\n\n<ul><li>17. bis 19.1.2020<\/li><li>14. bis 16.2.2020<\/li><li>08. bis 10.5.2020<\/li><\/ul>\n\n\n\n<p><em>Bistum Speyer<br>05.06.2019<\/em><\/p>\n\n\n\n<h2 class=\"wp-block-heading\">Wider den Patriarchalismus<\/h2>\n\n\n\n<h3 class=\"wp-block-heading\">Im Pilgerverlag erschienen: Erinnerung an Weihbischof Ernst Gutting<\/h3>\n\n\n\n<div class=\"wp-block-image\"><figure class=\"aligncenter\"><img decoding=\"async\" loading=\"lazy\" width=\"800\" height=\"606\" src=\"https:\/\/speyer24news.com\/wp-content\/uploads\/2019\/06\/25_Buchuebergabe-by-Landry.jpg\" alt=\"\" class=\"wp-image-14450\" srcset=\"https:\/\/speyer24news.com\/wp-content\/uploads\/2019\/06\/25_Buchuebergabe-by-Landry.jpg 800w, https:\/\/speyer24news.com\/wp-content\/uploads\/2019\/06\/25_Buchuebergabe-by-Landry-300x227.jpg 300w, https:\/\/speyer24news.com\/wp-content\/uploads\/2019\/06\/25_Buchuebergabe-by-Landry-768x582.jpg 768w, https:\/\/speyer24news.com\/wp-content\/uploads\/2019\/06\/25_Buchuebergabe-by-Landry-80x60.jpg 80w\" sizes=\"(max-width: 800px) 100vw, 800px\" \/><figcaption> <em>Bei der Buchvorstellung (von links): Dr. Thomas Fandel, Weihbischof Otto Georgens, Klaus Haarlammert<\/em><\/figcaption><\/figure><\/div>\n\n\n\n<p><strong>Speyer &#8211; <\/strong>Der verstorbene Weihbischof Ernst Gutting, der am 30. Januar 2019 100 Jahre alt geworden w\u00e4re, ist nicht nur im Bistum Speyer unvergessen. Hier ehrte man  ihn zu Beginn des Jahres mit einem Gedenkgottesdienst und mehreren Veranstaltungen. Das war f\u00fcr das Speyerer Di\u00f6zesan-Archiv und den Pilgerverlag Anlass, Vortr\u00e4ge aus den Gedenkveranstaltungen zu sammeln und zusammen mit weiteren Beitr\u00e4gen zum Wirken Guttings als Buch herauszugeben. Jetzt wurde der Band, der in der Schriftenreihe des Di\u00f6zesan-Archivs erschienen ist, beim Pilgerverlag vorgestellt. Die Herausgeber, Dr. Thomas Fandel, Leiter des Di\u00f6zesanarchivs, und Diplomtheologe Klaus Haarlammert, langj\u00e4hriger Wegbegleiter Guttings, \u00fcbergaben das erste Exemplar an Weihbischof Otto Georgens, Nachfolger Guttings und derzeitiger Weihbischof in Speyer.<\/p>\n\n\n\n<p>Mit der Buchver\u00f6ffentlichung liege der letzte Stein im Mosaik des Gedenkens an Weihbischof Ernst Gutting vor, so die Herausgeber. Es gehe darum, wichtige Stationen des Lebens von Weihbischof Ernst Gutting zu dokumentieren und sein Wirken, sein theologisches und pastorales Denken, seine geistliche Haltung \u201eaufzubewahren\u201c, so Haarlammert. Doch solle dieses Buch mehr sein als eine \u201eArchivalie\u201c. Es werde vielmehr herausgegeben auf die Gegenwart und die Zukunft hin. \u201eErnst Gutting war ja in seinem Denken weit seiner Zeit voraus. Was er dachte und sagte, ist gerade heute h\u00f6chst aktuell &#8211; was die Frage nach der Rolle der Frauen in der Kirche angeht, die verantwortliche Mitverantwortung der Laien, die Absage an den Patriarchalismus und den Klerikalismus, \u00fcberhaupt die grundlegende Reform der Kirche\u201c, so Haarlammert. Und er erg\u00e4nzte: \u201e\u00dcber die Kirche hinaus ging es Ernst Gutting immer um eine menschlichere Welt, f\u00fcr die die Kirche Signal und Motor sein soll.\u201c<\/p>\n\n\n\n<p>Bereits bei der Begr\u00fc\u00dfung hatte Chefredakteur Norbert R\u00f6nn f\u00fcr den Pilgerverlag auf die Aktualit\u00e4t Guttings verwiesen und den Zusammenhang mit den aktuellen personellen Ver\u00e4nderungen im Bistum Speyer hergestellt, die dazu f\u00fchren, dass jetzt erstmals eine Frau Personalchefin im Bisch\u00f6flichen Ordinariat wird und in den Allgemeinen Geistlichen Rat einzieht. \u201eDas h\u00e4tte Weihbischof Gutting sicher sehr gefreut\u201c, so R\u00f6nn<\/p>\n\n\n\n<p>Das vorliegende Buch enth\u00e4lt im Wortlaut die Vortr\u00e4ge von Professor Dr. Franz Xaver Bischof, Professor Dr. Paul Michael Zulehner und Michaela Pilters bei einer Festakademie zu Ehren Weihbischof Guttings am 16. Februar. Nachzulesen sind auch die Predigt von Weihbischof Otto Georgens beim Pontifikalamt am 30. Januar und der Vortrag Klaus Haarlammerts beim anschlie\u00dfenden Empfang. Eingef\u00fchrt wird das Buch mit einem Geleitwort Bischof Dr. Karl-Heinz Wiesemanns, dessen Predigt beim Pontifikalrequiem 2013 ebenfalls aufgenommen wurde. Au\u00dferdem dokumentiert der Band zwei ausf\u00fchrliche Gespr\u00e4che  Haarlammerts mit Weihbischof Gutting, die Auskunft geben \u00fcber die theologischen und pastoralen Schwerpunkte seines Wirkens als Priester und Bischof.<\/p>\n\n\n\n<h4 class=\"wp-block-heading\"><em>Kleiner Bischof \u2013 Gro\u00dfes Herz. Zum 100. Geburtstag von Weihbischof Ernst Gutting. Schriftenreihe des Di\u00f6zesan-Archivs Speyer, Band 53, 112 Seiten, 12,80 Euro, ISBN 978-3-946777-11-3, Pilgerverlag, Speyer<\/em><\/h4>\n\n\n\n<p><em>Text: Bistum Speyer Foto: Klaus Landry<br>05.06.2019<\/em><\/p>\n\n\n\n<h2 class=\"wp-block-heading\">Ausbildungsangebot des Bisch\u00f6flichen Kirchenmusikalischen Institutes<\/h2>\n\n\n\n<h3 class=\"wp-block-heading\">Organist\/in und Chorleiter\/in werden \u2013 Informationsveranstaltungen in St. Ingbert, Landau, Kaiserslautern und Speyer<\/h3>\n\n\n\n<div class=\"wp-block-image\"><figure class=\"aligncenter\"><img decoding=\"async\" src=\"https:\/\/speyer24news.com\/wp-content\/uploads\/2019\/06\/Kirchenmusik-Bistum-Speyer.png\" alt=\"\" class=\"wp-image-14449\"\/><\/figure><\/div>\n\n\n\n<p><strong>Speyer &#8211; <\/strong>Das Bischo\u0308fliche Kirchenmusikalische Institut (BKI) des Bistums Speyer mit Unterrichtsorten in Speyer, Landau, Kaiserslautern und St. Ingbert bietet diverse musikalische Ausbildungskurse an, die neben Schule oder Beruf besucht werden k\u00f6nnen.<\/p>\n\n\n\n<p>Im Grundkurs kann das Klavier- und Orgelspiel im Einzelunterricht auch ohne Vorkenntnisse erlernt werden. Der Einstieg ab dem Alter von 12 Jahren ist ganzj\u00e4hrig mo\u0308glich.<\/p>\n\n\n\n<p>Der 2-j\u00e4hrige D-Kurs und der 3-j\u00e4hrige C-Kurs stehen Laien-Musikern ab 13 Jahren mit bereits soliden Klavierspielfa\u0308higkeiten offen und dienen der Ausbildung zur nebenamtlichen Organistin oder zum Organisten und\/oder zur Chorleiterin oder zum Chorleiter. Die Kurse beinhalten neben dem Einzelunterricht unter der Woche auch Fa\u0308cher wie Chorleitung und Musiktheorie, die samstagvormittags gelehrt werden.<\/p>\n\n\n\n<p><strong>Anmeldeschluss <\/strong>f\u00fcr die Aufnahmepr\u00fcfung des na\u0308chsten C- und D-Kurses ist der <strong>31.08.2019<\/strong>. Alle Kurse stehen auch Erwachsenen jeden Alters offen.<\/p>\n\n\n\n<p>Weitere Unterrichtsorte fu\u0308r den Orgel- und Klavierunterricht sind Neustadt, Weisenheim am Sand, LU-Rheingo\u0308nheim, Schifferstadt, Rheinzabern, Zweibru\u0308cken, Pirmasens und Blieskastel.<\/p>\n\n\n\n<h4 class=\"wp-block-heading\">Informationveranstaltungen zu den Ausbildungskursen<\/h4>\n\n\n\n<p><strong>Das BKI bietet zu dem Ausbildungsangebot an drei Orten Informationsveranstaltungen an:<\/strong><\/p>\n\n\n\n<ul><li><strong>Landau: 12. Juni 2019<\/strong>, um 16:00 Uhr, Pfarrheim St. Maria, Marienring 4<\/li><li><strong>Kaiserslautern: 15. Juni 2019<\/strong>, um 16:00 Uhr, Pfarrheim St. Maria, Marienplatz 22<\/li><li><strong>Speyer: 18. Juni 2019<\/strong>, um 17:30 Uhr, Haus der Kirchenmusik, Hasenpfuhlstra\u00dfe 33b<\/li><\/ul>\n\n\n\n<h4 class=\"wp-block-heading\">Weitere Ausku\u0308nfte bei:<\/h4>\n\n\n\n<p>Leiter des BKI: Manfred Degen, Tel. 06232\/10093-21<br>Sekretariat, Abteilung Kirchenmusik<br>Bu\u0308rozeiten: Montag bis Freitag 9.00-12.00 Uhr<br>Telefon: 06232\/10093-20<br>E-Mail: <a href=\"kirchenmusik@bistum-speyer.de\">kirchenmusik@bistum-speyer.de<\/a><br>Homepage: <a href=\"http:\/\/www.kirchenmusik-bistum-speyer.de\">www.kirchenmusik-bistum-speyer.de<\/a> <\/p>\n\n\n\n<p><em>Bistum Speyer<br>05.06.2019<\/em><\/p>\n\n\n\n<h2 class=\"wp-block-heading\">Freiburger Wissenschaftler prognostizieren weiteren Mitgliederr\u00fcckgang<\/h2>\n\n\n\n<h3 class=\"wp-block-heading\">Bistum Speyer k\u00f6nnte den Berechnungen zufolge im Jahr 2060 noch 245.000 Mitglieder haben \u2013 Generalvikar Andreas Sturm: \u201eStudie ist ein Signal, die Seelsorge noch st\u00e4rker missionarisch auszurichten\u201c<\/h3>\n\n\n\n<p><strong>Speyer &#8211; <\/strong>Das Forschungszentrum Generationenvertr\u00e4ge der Albert-Ludwig-Universit\u00e4t Freiburg hat eine Mitglieder- und Kirchensteuervorausberechnung f\u00fcr die katholische und evangelische Kirche in Deutschland erstellt. F\u00fcr die 20 evangelischen Landeskirchen und die 27 Bist\u00fcmer der katholischen Kirche wurde ermittelt, wie sich Kirchenmitgliederzahlen und Kirchensteueraufkommen bis zum Jahr 2060 voraussichtlich entwickeln werden. Die Studie der Freiburger Wissenschaftler ist am 2. Mai vom Forschungszentrum Generationenvertr\u00e4ge, der Deutschen Bischofskonferenz und der Evangelischen Kirche in Deutschland gemeinsam ver\u00f6ffentlicht worden.<\/p>\n\n\n\n<p>Den Berechnungen der Freiburger Wissenschaftler zufolge werden die Mitgliederzahlen beider Kirchen in Deutschland bis zum Jahr 2060 auf etwa die H\u00e4lfte zur\u00fcckgehen. Wenn man die Tauf-, Eintritts- und Austrittsquoten der vergangenen Jahre als repr\u00e4sentativ f\u00fcr die Zukunft annimmt, ergibt sich f\u00fcr das Bistum Speyer ein prognostizierter R\u00fcckgang von rund 528.000 Mitgliedern im Jahr 2017 auf rund 245.000 Mitglieder im Jahr 2060. Die sinkende Mitgliederzahl wird sich den Prognosen zufolge auch auf die Kirchenfinanzen auswirken. Die Wissenschaftler sagen voraus, dass die Einnahmen aus der Kirchensteuer im Bistum Speyer von rund 136 Millionen im Jahr 2017 auf rund 108 Millionen Euro im Jahr 2060 zur\u00fcckgehen werden. Dabei handelt es sich um nominale Werte, bei denen die Ver\u00e4nderung der Kaufkraft noch nicht ber\u00fccksichtigt ist. \u201eSchon heute ist klar vorherzusehen, dass die Ertragskraft der Kirchensteuer zur Finanzierung der Ausgaben in den n\u00e4chsten Jahrzehnten abnehmen wird\u201c, erkl\u00e4rt Di\u00f6zesan\u00f6konom Peter Schappert. Verglichen mit dem Jahr 2017 geht das Bistum von einem R\u00fcckgang der Ertragskraft aus der Kirchensteuer auf rund 41 Prozent im Jahr 2060 aus.<\/p>\n\n\n\n<p>\u201eDie Studie des Forschungszentrums Generationenvertr\u00e4ge f\u00fchrt uns den Wandel vor Augen, in dem sich unsere Gesellschaft und die Kirche seit Jahren befinden. Wir gehen einer neuen Gestalt von Kirche entgegen, die immer mehr auch in einer geringeren Zahl an Mitgliedern greifbar wird\u201c, unterstreicht Generalvikar Andreas Sturm. \u201eMit dem Prozess \u201aGemeindepastoral 2015\u2018 haben wir in unserem Bistum die Weichen f\u00fcr eine \u00d6ffnung und eine st\u00e4rker missionarische Ausrichtung der Seelsorge gestellt. Die Studie der Freiburger Wissenschaftler ist ein Signal, auf diesem Weg konsequent weiterzugehen\u201c, ist Andreas Sturm \u00fcberzeugt. \u201eWir wollen dem Evangelium auch in Zukunft eine starke Stimme geben. Selbst Fernstehende sollen etwas von der befreienden Kraft der christlichen Botschaft sp\u00fcren k\u00f6nnen.\u201c<\/p>\n\n\n\n<p>Die Studienergebnisse versteht der Generalvikar zugleich als Auftrag, die Angebote des Bistums und seiner Pfarreien den ver\u00e4nderten Anforderungen und M\u00f6glichkeiten anzupassen. \u201eNur so wird es uns gelingen, den Menschen an den entscheidenden Wendepunkten ihres Lebens auch in Zukunft nahe zu sein.\u201c Um die Kirche wieder attraktiver zu machen, wirbt er f\u00fcr \u201eeine Kultur der Offenheit und der Achtsamkeit, des Dialogs und der Partizipation\u201c.<\/p>\n\n\n\n<h4 class=\"wp-block-heading\">Weitere Informationen:<\/h4>\n\n\n\n<p>Die Studienergebnisse des Freiburger Forschungszentrums auf Bundesebene sind auf der Internetseite der Deutschen Bischofskonferenz unter <a href=\"http:\/\/www.dbk.de\">www.dbk.de<\/a> zusammenfassend dargestellt.<\/p>\n\n\n\n<p><em>Bistum Speyer<br>05.06.2019<\/em><\/p>\n\n\n\n<h2 class=\"wp-block-heading\">Blindentastmodell des Speyerer Doms angek\u00fcndigt<\/h2>\n\n\n\n<h3 class=\"wp-block-heading\">Aufstellung auf der S\u00fcdseite des Doms f\u00fcr das Fr\u00fchjahr 2020 geplant<\/h3>\n\n\n\n<div class=\"wp-block-image\"><figure class=\"aligncenter\"><img decoding=\"async\" loading=\"lazy\" width=\"500\" height=\"682\" src=\"https:\/\/speyer24news.com\/wp-content\/uploads\/2019\/06\/Tasten-f\u00fcr-Tasten.png\" alt=\"\" class=\"wp-image-14445\" srcset=\"https:\/\/speyer24news.com\/wp-content\/uploads\/2019\/06\/Tasten-f\u00fcr-Tasten.png 500w, https:\/\/speyer24news.com\/wp-content\/uploads\/2019\/06\/Tasten-f\u00fcr-Tasten-220x300.png 220w\" sizes=\"(max-width: 500px) 100vw, 500px\" \/><\/figure><\/div>\n\n\n\n<p><strong>Speyer &#8211; <\/strong>Das Speyerer Domkapitel plant f\u00fcr 2020 die Aufstellung eines Blindentastmodells des Doms. Das dreidimensionale Modell aus Bronze erm\u00f6glicht es Menschen mit Seheinschr\u00e4nkungen den Dom haptisch zu erkunden. Eine Beschriftung in der Blindenschrift Braille gibt zus\u00e4tzlich Auskunft. Die Pl\u00e4ne f\u00fcr die Umsetzung und Aufstellung des Tastmodells wurden im Rahmen eines Mediengespr\u00e4chs bekannt gegeben. Finanziert wird das Inklusionsprojekt vom Dombauverein Speyer, der dem Dom das Modell 2020 zu seinem 25-j\u00e4hrigen Vereinsjubil\u00e4um widmen wird. Unterst\u00fctzt wird der Verein insbesondere mit Spenden durch den Lions Club Speyer und Zuwendungen der Unternehmer Susanne Klatten und Stefan Quandt.<\/p>\n\n\n\n<p>Dombaumeisterin Hedwig Drabik, die mit der Realisierung des Projekts betraut ist, erl\u00e4uterte zun\u00e4chst das Herstellungsverfahren des Tastmodells. Beauftragt wurde der K\u00fcnstler Egbert Broerken, der zusammen mit seinem Sohn Felix seit geraumer Zeit Blindentastmodelle von Geb\u00e4uden und Stadtlandschaften herstellt. So stammen die Modelle der Dome in Mainz und Worms von Broerken. Als Grundlage f\u00fcr das Modell dienen Bauzeichnungen, fotogrammetrische Aufnahmen und Fotografien. Erstellt wird zun\u00e4chst ein Modell aus Styrodur. In mehreren Zwischenschritten entsteht dann ein Bronzeguss, der mit einem Wachs\u00fcberzug gegen Umwelteinfl\u00fcsse gesch\u00fctzt wird. Das fertige Modell soll dann im Fr\u00fchjahr 2020 auf der S\u00fcdseite des Doms nahe der Dom-Info auf einem Steinsockel aufgestellt werden. Eine Inschrift f\u00fcr Sehende und eine gleichlautende in der Blindenschrift Braille wird den Besuchern mit ein paar grundlegenden Informationen zum Speyerer Dom weitergegeben. Auf dieser Inschrift wird auch den Unterst\u00fctzern gedankt, welche die Realisierung des Modells erst m\u00f6glich gemacht haben, so Drabik. 40.000 Euro werden die Erstellung, die Fertigung und die Aufstellung des Modells insgesamt kosten.<\/p>\n\n\n\n<div class=\"wp-block-image\"><figure class=\"aligncenter\"><img decoding=\"async\" loading=\"lazy\" width=\"500\" height=\"705\" src=\"https:\/\/speyer24news.com\/wp-content\/uploads\/2019\/06\/Tasten-f\u00fcr-Tasten2.png\" alt=\"\" class=\"wp-image-14446\" srcset=\"https:\/\/speyer24news.com\/wp-content\/uploads\/2019\/06\/Tasten-f\u00fcr-Tasten2.png 500w, https:\/\/speyer24news.com\/wp-content\/uploads\/2019\/06\/Tasten-f\u00fcr-Tasten2-213x300.png 213w\" sizes=\"(max-width: 500px) 100vw, 500px\" \/><\/figure><\/div>\n\n\n\n<p>Der Vorstandsvorsitzende des Dombauvereins Dr. Gottfried Jung berichtete \u00fcber das Engagement des Dombauvereins f\u00fcr das Projekt Blindentastmodell. \u201eAnl\u00e4sslich des 25-j\u00e4hrigen Bestehens des Dombauvereins wollten wir dem Dom etwas Besonderes schenken, etwas, das ihm noch fehlt\u201c, sagte Jung. \u201eIm Gegensatz zu vielen anderen Kathedralen hat der Dom noch kein Blindentastmodell und so freuen wir uns, dass wir hier helfen k\u00f6nnen, eine L\u00fccke zu schlie\u00dfen\u201c. Unterst\u00fctzt wird der Dombauverein durch Susanne Klatten und Stefan Quandt, die aus ihrem Privatverm\u00f6gen einen Betrag von jeweils 10.000 Euro zur Verf\u00fcgung stellen. Eine Spende von 20.000 Euro hat der Lions Club Speyer in Aussicht gestellt, der sich \u00fcber den Dombauverein und \u00fcber die Europ\u00e4ische Stiftung Kaiserdom zu Speyer f\u00fcr den Dom engagiert. \u201eUnter dem Motto \u201aDie Welt vor Ort ein St\u00fcck besser machen\u2018 unterst\u00fctzt der Lions Club Projekte in Speyer\u201c, erkl\u00e4rte der Pr\u00e4sident des Service-Clubs Knut Mertens. \u201eIn diesem Fall unterst\u00fctzen wir den Dom in Form eines Benefiz-Konzertes mit Domorganist Markus Eichenlaub am Samstag, 15. Juni, 19.30 Uhr im Dom. Die Einnahmen aus dem Verkauf der Karten f\u00fcr 15 Euro, erm\u00e4\u00dfigt 10 Euro, kommen dabei direkt der Finanzierung des Blindentastmodells zu Gute. \u201eMit einem Benefizkonzert im Dom werden wir die Realisierung des Blindentastmodells unterst\u00fctzen und die zu erwartenden Einnahmen auf 20.000 Euro aufrunden\u201c, sagte Mertens. Karten sind bei der Dom-Info, der Tourist-Information der Stadt Speyer, bundesweit bei allen Reservix-Vorverkaufsstellen, sowie beim Rheinpfalz Ticket Service, Telefon 0631 3701-6618 erh\u00e4ltlich.<\/p>\n\n\n\n<p>Domorganist Markus Eichenlaub, selbst Mitglied im Lions Club Speyer, hat sich im Vorfeld des Konzerts besondere Gedanken um das Programm des Abends gemacht. Unter dem Titel \u201eTasten f\u00fcr Tasten\u201c spielt er nicht nur bekannte St\u00fccke der Orgelliteratur wie die Toccata und Fuge in d-moll von Johann Sebastian Bach und den \u201eBolero\u201c von Maurice Ravel, sondern auch Werke von Organisten, die selbst sehbehindert waren. In Bezug zum Benefizgedanken hat Domorganist Markus Eichenlaub mit Vierne, Langlais und Litaize drei Komponisten auf das Programm gesetzt, die von Geburt an blind waren oder es in jungen Jahren wurden, und allesamt an der weltweit ersten Blindenschule mit angeschlossenem Musikkonservatorium in Paris ausgebildet wurden. Heute z\u00e4hlen sie zu den wichtigsten franz\u00f6sischen Orgelkomponisten ihrer Zeit. Eichenlaub selbst will eine Improvisation mit verbundenen Augen spielen, um sich in die Welt dieser Organisten und aller Blinden etwas einf\u00fchlen zu k\u00f6nnen.<\/p>\n\n\n\n<div class=\"wp-block-image\"><figure class=\"aligncenter\"><img decoding=\"async\" loading=\"lazy\" width=\"500\" height=\"654\" src=\"https:\/\/speyer24news.com\/wp-content\/uploads\/2019\/06\/E5I0627_m.jpg\" alt=\"\" class=\"wp-image-14447\" srcset=\"https:\/\/speyer24news.com\/wp-content\/uploads\/2019\/06\/E5I0627_m.jpg 500w, https:\/\/speyer24news.com\/wp-content\/uploads\/2019\/06\/E5I0627_m-229x300.jpg 229w\" sizes=\"(max-width: 500px) 100vw, 500px\" \/><\/figure><\/div>\n\n\n\n<p>Dr. G\u00fcnter Kirchberg, Vorsitzender der Lions-Hilfe Speyer e.V. berichtete, dass der Lions Club von dem Vorschlag des Dombauvereins, die Spende der Umsetzung eines Tastmodells zu widmen, sofort gefolgt sei: \u201eDas ist eine sinnvolle Sache, etwas, das vor Ort noch fehlt, ein anschauliches, dreidimensionales Modell des Doms.\u201c Dr. Barbara Schmidt-Nechl, die stellvertretende Vorsitzende des Dombauvereins, welche die Idee zu dem Projekt in Verbindung mit dem Vereinsjubil\u00e4um hatte, wies erg\u00e4nzend darauf hin, dass das Modell an sich ein Kunstwerk sei und auch f\u00fcr alle sehenden Besucher einen Mehrwert biete.<\/p>\n\n\n\n<h4 class=\"wp-block-heading\">Barrierefreiheit am Dom<\/h4>\n\n\n\n<p>Als der Dom vor beinahe 1000 Jahren gebaut wurde, waren Inklusion und Barrierefreiheit noch kein Thema. In neuerer Zeit besch\u00e4ftigt sich das Domkapitel fortw\u00e4hrend mit der Frage, wie der Dom f\u00fcr Menschen mit Einschr\u00e4nkungen besser erschlossen werden kann. So wurde 2012 mit Unterst\u00fctzung des ehemaligen Vorstandsvorsitzenden der Europ\u00e4ischen Stiftung Kaiserdom zu Speyer, Dr. Manfred Fuchs, ein barrierefreies Portal auf der Dom-Nordseite eingerichtet. 2018 konnte dann, ebenfalls mit Unterst\u00fctzung der Europ\u00e4ischen Stiftung, eine Treppenraupe angeschafft werden, mit der Rollstuhlfahrer in die Krypta und das Querhaus gelangen k\u00f6nnen.<\/p>\n\n\n\n<div class=\"wp-block-image\"><figure class=\"aligncenter\"><img decoding=\"async\" loading=\"lazy\" width=\"800\" height=\"533\" src=\"https:\/\/speyer24news.com\/wp-content\/uploads\/2019\/06\/E5I9789_m.jpg\" alt=\"\" class=\"wp-image-14448\" srcset=\"https:\/\/speyer24news.com\/wp-content\/uploads\/2019\/06\/E5I9789_m.jpg 800w, https:\/\/speyer24news.com\/wp-content\/uploads\/2019\/06\/E5I9789_m-300x200.jpg 300w, https:\/\/speyer24news.com\/wp-content\/uploads\/2019\/06\/E5I9789_m-768x512.jpg 768w\" sizes=\"(max-width: 800px) 100vw, 800px\" \/><\/figure><\/div>\n\n\n\n<p>Barrierefreiheit ist f\u00fcr die Kirche ein wichtiges Anliegen. Bedingt durch den demographischen Wandel und die steigende Lebenserwartung sind immer mehr Menschen k\u00f6rperlich so eingeschr\u00e4nkt, dass sie spezielle Unterst\u00fctzung bei der Erkundung des Doms ben\u00f6tigen. Angebote, die Teilhabe und Inklusion erm\u00f6glichen, dienen aber allen Besucherinnen und Besuchern des Doms. Das Blindentastmodell dient zum einen Menschen mit Seheinschr\u00e4nkungen zum anderen ist es aber auch f\u00fcr sehende Besucher attraktiv.<\/p>\n\n\n\n<p>Das Domkapitel Speyer engagiert sich zusammen mit Partnern innerhalb der Kirchen, der Politik und mit Unterst\u00fctzung des Dombauvereins und der Europ\u00e4ischen Stiftung Kaiserdom zu Speyer f\u00fcr die Inklusion am Dom. Zug\u00e4nglichkeit, Service, Kommunikation und Sensorik werden im Hinblick auf m\u00f6gliche Erschlie\u00dfungsangebote st\u00e4ndig evaluiert und nach M\u00f6glichkeiten der Verbesserung gesucht.<\/p>\n\n\n\n<p><em>Text: Bistum Speyer Foto: Georg Knoll<br>05.06.2019<\/em><\/p>\n\n\n\n<h2 class=\"wp-block-heading\"><strong>Pfarrer im Ruhestand Erwin Bersch verstorben<\/strong><\/h2>\n\n\n\n<p>Am  30. April ist Pfarrer im Ruhestand Erwin Bersch auf einer Pilgerreise  nach Santiago de Compostela im Alter von 80 Jahren verstorben. Der aus  Kapsweyer stammende Geistliche wurde 1965 zum Priester geweiht. Er war  als Kaplan in Speyer, Hauenstein und Kirchheimbolanden t\u00e4tig. Seit 1971  leitete er die Pfarrei St. Konrad in Speyer. Von 1977 bis zum Jahr 2004  wirkte er zudem als Dekan des Dekanats Speyer. 1996 wurde ihm der Titel  Monsignore verliehen. Im August 2010 trat Pfarrer Erwin Bersch in den  Ruhestand. Bei seiner Verabschiedung in den Ruhestand wurde als einer  der \u201eangesehensten und bekanntesten Priester im Bistum Speyer\u201c  gew\u00fcrdigt.<\/p>\n\n\n\n<p><em>Bistum Speyer<br>05.06.2019<\/em><\/p>\n\n\n\n<h2 class=\"wp-block-heading\">Speyerer Domsingknaben besuchen Partnerstadt Ravenna<\/h2>\n\n\n\n<div class=\"wp-block-image\"><figure class=\"aligncenter\"><img decoding=\"async\" loading=\"lazy\" width=\"800\" height=\"584\" src=\"https:\/\/speyer24news.com\/wp-content\/uploads\/2019\/06\/Gruppenfoto_Birnau.jpg\" alt=\"\" class=\"wp-image-14441\" srcset=\"https:\/\/speyer24news.com\/wp-content\/uploads\/2019\/06\/Gruppenfoto_Birnau.jpg 800w, https:\/\/speyer24news.com\/wp-content\/uploads\/2019\/06\/Gruppenfoto_Birnau-300x219.jpg 300w, https:\/\/speyer24news.com\/wp-content\/uploads\/2019\/06\/Gruppenfoto_Birnau-768x561.jpg 768w\" sizes=\"(max-width: 800px) 100vw, 800px\" \/><\/figure><\/div>\n\n\n\n<p><strong>Ravenna (IT) \/ Speyer &#8211; <\/strong>In der vergangenen Woche besuchte eine Konzertbesetzung der Speyerer Domsingknaben die italienische Partnerstadt Ravenna aus Anlass des drei\u00dfigj\u00e4hrigen Jubil\u00e4ums der St\u00e4dtepartnerschaft. Am Ostermontag machte sich die 40-k\u00f6pfige Reisegruppe samt Domdekan Dr. Christoph Kohl auf den Weg zur ersten Station der Reise, die Basilika Birnau am Bodensee. <\/p>\n\n\n\n<div class=\"wp-block-image\"><figure class=\"aligncenter\"><img decoding=\"async\" loading=\"lazy\" width=\"800\" height=\"533\" src=\"https:\/\/speyer24news.com\/wp-content\/uploads\/2019\/06\/Chorreise_Ravenna-2.jpg\" alt=\"\" class=\"wp-image-14442\" srcset=\"https:\/\/speyer24news.com\/wp-content\/uploads\/2019\/06\/Chorreise_Ravenna-2.jpg 800w, https:\/\/speyer24news.com\/wp-content\/uploads\/2019\/06\/Chorreise_Ravenna-2-300x200.jpg 300w, https:\/\/speyer24news.com\/wp-content\/uploads\/2019\/06\/Chorreise_Ravenna-2-768x512.jpg 768w\" sizes=\"(max-width: 800px) 100vw, 800px\" \/><\/figure><\/div>\n\n\n\n<p>In der pr\u00e4chtigen barocken Basilika gestaltete der durch einige M\u00e4nner des Domchores Speyer verst\u00e4rkte Chor die feierliche Ostervesper und anschlie\u00dfend ein 30-min\u00fctiges Konzert. Unter der Leitung von Domkantor Joachim Weller erklangen Werke von Mendelssohn, Hassler, Carol, Hei\u00df, Vittoria und weiteren Komponisten. Begleitet wurden die jungen S\u00e4nger von Domkapellmeister Markus Melchiori an der Orgel.<\/p>\n\n\n\n<div class=\"wp-block-image\"><figure class=\"aligncenter\"><img decoding=\"async\" loading=\"lazy\" width=\"800\" height=\"572\" src=\"https:\/\/speyer24news.com\/wp-content\/uploads\/2019\/06\/Chorreise_Ravenna-3.jpg\" alt=\"\" class=\"wp-image-14443\" srcset=\"https:\/\/speyer24news.com\/wp-content\/uploads\/2019\/06\/Chorreise_Ravenna-3.jpg 800w, https:\/\/speyer24news.com\/wp-content\/uploads\/2019\/06\/Chorreise_Ravenna-3-300x215.jpg 300w, https:\/\/speyer24news.com\/wp-content\/uploads\/2019\/06\/Chorreise_Ravenna-3-768x549.jpg 768w\" sizes=\"(max-width: 800px) 100vw, 800px\" \/><\/figure><\/div>\n\n\n\n<p>Nach einer \u00dcbernachtung in der Jugendherberge \u00dcberlingen ging es am n\u00e4chsten Tag weiter nach Ravenna. Dort gestalteten die Domsingknaben am Mittwoch mit drei Fr\u00fchlingsliedern den offiziellen Empfang der deutschen Delegation des Freundeskreises Speyer-Ravenna im Rathaus der italienischen Partnerstadt. <\/p>\n\n\n\n<div class=\"wp-block-image\"><figure class=\"aligncenter\"><img decoding=\"async\" loading=\"lazy\" width=\"800\" height=\"531\" src=\"https:\/\/speyer24news.com\/wp-content\/uploads\/2019\/06\/Chorreise_Ravenna-4.jpg\" alt=\"\" class=\"wp-image-14444\" srcset=\"https:\/\/speyer24news.com\/wp-content\/uploads\/2019\/06\/Chorreise_Ravenna-4.jpg 800w, https:\/\/speyer24news.com\/wp-content\/uploads\/2019\/06\/Chorreise_Ravenna-4-300x199.jpg 300w, https:\/\/speyer24news.com\/wp-content\/uploads\/2019\/06\/Chorreise_Ravenna-4-768x510.jpg 768w\" sizes=\"(max-width: 800px) 100vw, 800px\" \/><\/figure><\/div>\n\n\n\n<p>W\u00e4hrend einer Stadtf\u00fchrung erkundete der Knabenchor die historisch bedeutenden St\u00e4tten und bewunderte die fr\u00fchchristlichen Mosaiken in den zum UNESCO-Welterbe z\u00e4hlenden Kirchen. Am Abend gestaltete der Chor die Abendmesse in der Kirche San Francesco und sang auch dort im Anschluss ein Kurzkonzert. Den letzten Tag verbrachten die jungen S\u00e4nger am Strand, bevor am Freitag die Heimreise angetreten wurde.<\/p>\n\n\n\n<p><em>Text: Bistum Speyer Foto: Domdekan\/Dommusik<br>05.06.2019<\/em><\/p>\n\n\n\n<h2 class=\"wp-block-heading\">Personelle Wechsel auf der oberen Leitungsebene des Bistums<\/h2>\n\n\n\n<h3 class=\"wp-block-heading\">Christine Lambrich folgt als Leiterin der Hauptabteilung Personal auf Domkapitular Josef Szuba \u2013 Domkapitel w\u00e4hlt Domdekan Dr. Christoph Kohl zum neuen Domkustos<\/h3>\n\n\n\n<div class=\"wp-block-image\"><figure class=\"aligncenter\"><img decoding=\"async\" loading=\"lazy\" width=\"800\" height=\"600\" src=\"https:\/\/speyer24news.com\/wp-content\/uploads\/2019\/06\/Dr.-Christoph-Kohl.jpg\" alt=\"\" class=\"wp-image-14439\" srcset=\"https:\/\/speyer24news.com\/wp-content\/uploads\/2019\/06\/Dr.-Christoph-Kohl.jpg 800w, https:\/\/speyer24news.com\/wp-content\/uploads\/2019\/06\/Dr.-Christoph-Kohl-300x225.jpg 300w, https:\/\/speyer24news.com\/wp-content\/uploads\/2019\/06\/Dr.-Christoph-Kohl-768x576.jpg 768w, https:\/\/speyer24news.com\/wp-content\/uploads\/2019\/06\/Dr.-Christoph-Kohl-678x509.jpg 678w, https:\/\/speyer24news.com\/wp-content\/uploads\/2019\/06\/Dr.-Christoph-Kohl-326x245.jpg 326w, https:\/\/speyer24news.com\/wp-content\/uploads\/2019\/06\/Dr.-Christoph-Kohl-80x60.jpg 80w\" sizes=\"(max-width: 800px) 100vw, 800px\" \/><figcaption> Dr. Christoph Kohl ist der neue Domkustos <\/figcaption><\/figure><\/div>\n\n\n\n<p><strong>Speyer &#8211; <\/strong>Im Bistum Speyer stehen mehrere personelle Wechsel auf der oberen Leitungsebene an. Domkapitular Josef Szuba, der die Hauptabteilung Personal des Bisch\u00f6flichen Ordinariats seit 2005 geleitet hat, hat Bischof Dr. Karl-Heinz Wiesemann gebeten, sein Amt abgeben zu d\u00fcrfen, um wieder als Pfarrer wirken zu k\u00f6nnen. Bischof Dr. Wiesemann hat dieser Bitte entsprochen. Er dankt Domkapitular Szuba f\u00fcr \u201edie lange Zeit seines hoch engagierten und pflichtbewussten Mitwirkens in der Leitung des Bistums zun\u00e4chst als Generalvikar und dann vierzehn Jahre lang als Verantwortlicher f\u00fcr das Personal.\u201c Nach einer Sabbatzeit von drei Monaten \u00fcbernimmt Josef Szuba am 1. Dezember die Leitung der Pfarrei Heilige Katharina von Siena in Ludwigshafen. Zugleich hat er seinen Verzicht auf seinen Sitz im Domkapitel erkl\u00e4rt, der vom Bischof angenommen wurde.<\/p>\n\n\n\n<p>Neue Leiterin der Hauptabteilung Personal wird zum 1. September Christine Lambrich, die bisher als Dozentin f\u00fcr Pastoraltheologie am Priesterseminar St. German in Speyer t\u00e4tig war. Christine Lambrich hat in Mainz und Fribourg (Schweiz) Theologie studiert. Als Pastoralreferentin wirkte sie in den Pfarreiengemeinschaften Waldmohr, Breitenbach, Dunzweiler und in Ha\u00dfloch und war von 2004 an im Bisch\u00f6flichen Ordinariat f\u00fcr das Arbeitsfeld Katechese verantwortlich. Als Referentin f\u00fcr missionarische Pastoral gestaltete sie 2015 das \u00f6kumenische Projekt \u201eHimmelgr\u00fcn \u2013 Kirche auf der Landesgartenschau in Landau\u201c. Zum Erneuerungsprozess \u201eGemeindepastoral 2015\u201c des Bistums Speyer hat sie als Moderatorin der di\u00f6zesanen Foren und Mitglied mehrerer Arbeitsgruppen ma\u00dfgeblich beigetragen. Christine Lambrich hat Weiterbildungen zu den Themen Moderation, systemisch-l\u00f6sungsorientiertes Coaching, Gemeindeberatung und Organisationsentwicklung absolviert. Parallel zu ihrer Dozentent\u00e4tigkeit am Priesterseminar war sie in den Pfarreien des Bistums Speyer als Gemeindeberaterin t\u00e4tig.<\/p>\n\n\n\n<div class=\"wp-block-image\"><figure class=\"aligncenter\"><img decoding=\"async\" loading=\"lazy\" width=\"800\" height=\"600\" src=\"https:\/\/speyer24news.com\/wp-content\/uploads\/2019\/06\/Christine-Lambrich.jpg\" alt=\"\" class=\"wp-image-14440\" srcset=\"https:\/\/speyer24news.com\/wp-content\/uploads\/2019\/06\/Christine-Lambrich.jpg 800w, https:\/\/speyer24news.com\/wp-content\/uploads\/2019\/06\/Christine-Lambrich-300x225.jpg 300w, https:\/\/speyer24news.com\/wp-content\/uploads\/2019\/06\/Christine-Lambrich-768x576.jpg 768w, https:\/\/speyer24news.com\/wp-content\/uploads\/2019\/06\/Christine-Lambrich-678x509.jpg 678w, https:\/\/speyer24news.com\/wp-content\/uploads\/2019\/06\/Christine-Lambrich-326x245.jpg 326w, https:\/\/speyer24news.com\/wp-content\/uploads\/2019\/06\/Christine-Lambrich-80x60.jpg 80w\" sizes=\"(max-width: 800px) 100vw, 800px\" \/><figcaption> Neue Leiterin der Hauptabteilung Personal wird zum 1. September Christine Lambrich<\/figcaption><\/figure><\/div>\n\n\n\n<p>Christine Lambrich \u00fcbernimmt von ihrem Vorg\u00e4nger auch die Personalverantwortung f\u00fcr die aktiven Priester. Die Betreuung der rund 130 Priester im Ruhestand wird k\u00fcnftig von Diakon Mathias Reitnauer wahrgenommen, zus\u00e4tzlich zu seiner T\u00e4tigkeit als Di\u00f6zesanreferent f\u00fcr die Berufsgruppe der Diakone. F\u00fcr Christine Lambrich ist die neue Aufgabe mit der Ernennung zur Ordinariatsdirektorin und zum stimmberechtigten Mitglied im Allgemeinen Geistlichen Rat verbunden. \u201eWir freuen uns, dass wir Christine Lambrich f\u00fcr diese verantwortungsvolle Position gewinnen konnten. Zugleich kommen wir damit dem Ziel n\u00e4her, in unserem Bistum mehr Frauen in F\u00fchrungspositionen zu bringen\u201c, erkl\u00e4rt Generalvikar Andreas Sturm. Christine Lambrich sei f\u00fcr die neue Aufgabe bestens qualifiziert. Ihr beruflicher Werdegang habe sie in Kontakt mit allen kirchlichen Berufsgruppen gebracht. \u201eDas wird ihr bei der Wahrnehmung der neuen Aufgabe sehr zugute kommen\u201c, so Andreas Sturm.<\/p>\n\n\n\n<p>Kanzleidirektor Wolfgang Jochim, bisher stellvertretender Leiter der Zentralstelle des Bisch\u00f6flichen Ordinariats, wird zum 1. September die Leitung der Zentralstelle \u00fcbernehmen. Die Zentralstelle hat im Bisch\u00f6flichen Ordinariat den Rang einer Hauptabteilung, in der die klassischen Verwaltungsaufgaben geb\u00fcndelt sind. Wolfgang Jochim, bisher beratendes Mitglied im Allgemeinen Geistlichen Rat, wird k\u00fcnftig als Hauptabteilungsleiter mit Stimmrecht an den Sitzungen des Allgemeinen Geistlichen Rats teilnehmen.<\/p>\n\n\n\n<p>Die Zentralstelle des Bisch\u00f6flichen Ordinariats war bisher von Generalvikar Andreas Sturm gef\u00fchrt worden. Er wird sich k\u00fcnftig verst\u00e4rkt in die Mitarbeitergespr\u00e4che und die Personalentwicklung der Priester des Bistums einbringen. Geplant ist zudem die Einstellung einer pers\u00f6nlichen Referentin oder eines Referenten, der dem Generalvikar und dem Kanzleidirektor zugeordnet ist.<\/p>\n\n\n\n<h4 class=\"wp-block-heading\">Personeller Wechsel auch im Domkapitel<\/h4>\n\n\n\n<p>Auch im Domkapitel steht ein personeller Wechsel an. Er betrifft das Amt des Domkustos, der f\u00fcr den baulichen Erhalt des Domes und die touristischen Angebote verantwortlich ist. Domkapitular Peter Schappert, seit 2009 Domkustos an der Speyerer Kathedrale, gibt sein Amt auf eigenen Wunsch zum 30. Juni ab, um sich auf die zunehmenden Anforderungen in der Leitung der Hauptabteilung Finanzen und Immobilien des Bisch\u00f6flichen Ordinariats zu konzentrieren. In seiner Amtszeit als Domkustos wurden unter anderem eine neue Hauptorgel eingebracht, der Kaisersaal mit der Ausstellung der Schraudolph-Fresken neu gestaltet sowie die Aussichtsplattform im S\u00fcdwestturm und die Dom-Info geschaffen. \u201ePeter Schappert hat einen wertvollen Beitrag dazu geleistet, den Dom mit seiner bald 1000-j\u00e4hrigen Geschichte der heutigen Generation nahezubringen und den Menschen die Botschaft und die Bedeutung des Domes auf eine moderne Weise zu erschlie\u00dfen\u201c, dankt Dompropst Weihbischof Otto Georgens dem scheidenden Domkustos f\u00fcr sein hohes Engagement.<\/p>\n\n\n\n<p>Zum Nachfolger von Peter Schappert w\u00e4hlte das Speyerer Domkapitel Domdekan Dr. Christoph Kohl. Er wird die \u00c4mter des Domdekans und des Domkustos ab dem 1. Juli in Personalunion aus\u00fcben. Dazu entpflichtet Bischof Dr. Wiesemann ihn von der Leitung der Hauptabteilung Schulen, Hochschulen und Bildung des Bisch\u00f6flichen Ordinariats und dankt ihm f\u00fcr \u201eseinen gro\u00dfen Einsatz insbesondere f\u00fcr die Schulen, die Hochschulpastoral und die Bildungseinrichtungen im Bistum Speyer.\u201c Diese Funktion hatte Kohl seit dem Jahr 2004 ausge\u00fcbt. Die Stelle der Hauptabteilungsleitung wird \u00f6ffentlich ausgeschrieben. Ab dem 1. Juli bis zur Neubesetzung der Hauptabteilungsleitung ist Oberschulr\u00e4tin Dr. Irina Kreusch kommissarische Leiterin der Hauptabteilung &#8222;Schulen, Hochschulen und Bildung\u201c.<\/p>\n\n\n\n<p>F\u00fcr Bischof Dr. Karl-Heinz Wiesemann stellen die personellen Ver\u00e4nderungen \u201eeine Wegmarke im Hinblick auf die Weiterentwicklung des Bistums\u201c dar. Er dankt allen Beteiligten f\u00fcr die bisher \u201emit Herzblut und Leidenschaft geleistete Arbeit wie auch f\u00fcr die Bereitschaft zur Ver\u00e4nderung und zur \u00dcbernahme neuer Aufgaben, damit das Bistum sich f\u00fcr die Herausforderungen der Zukunft bestm\u00f6glich aufstellen kann.\u201c<\/p>\n\n\n\n<p><em>Bistum Speyer<br>05.06.2019<\/em><\/p>\n\n\n\n<h2 class=\"wp-block-heading\">N\u00e4chste Stufe der Vorhallensanierung beginnt<\/h2>\n\n\n\n<h3 class=\"wp-block-heading\">Lasertechnik folgt auf Wasserdampf<\/h3>\n\n\n\n<div class=\"wp-block-image\"><figure class=\"aligncenter\"><img decoding=\"async\" loading=\"lazy\" width=\"500\" height=\"750\" src=\"https:\/\/speyer24news.com\/wp-content\/uploads\/2019\/06\/MontageFigurenVorhalle_neu1m.jpg\" alt=\"\" class=\"wp-image-14438\" srcset=\"https:\/\/speyer24news.com\/wp-content\/uploads\/2019\/06\/MontageFigurenVorhalle_neu1m.jpg 500w, https:\/\/speyer24news.com\/wp-content\/uploads\/2019\/06\/MontageFigurenVorhalle_neu1m-200x300.jpg 200w\" sizes=\"(max-width: 500px) 100vw, 500px\" \/><figcaption> <em>Foto: \u00a9 Domkapitel<\/em><\/figcaption><\/figure><\/div>\n\n\n\n<p><strong>Speyer &#8211; <\/strong>In den vergangenen Wochen roch es in der Vorhalle des Doms immer etwas feucht. Das hatte mit der Dampfreinigung zu tun, mit der die Steinfl\u00e4chen der Vorhalle mit Wasserdampf ges\u00e4ubert wurden. Diese Arbeiten konnten gem\u00e4\u00df Bauzeitenplan am 26. April abgeschlossen werden. Nun folgt der n\u00e4chste Sanierungsabschnitt.<\/p>\n\n\n\n<p>\u201eDie Reinigung mit Wasserdampf ist der erste Reinigungsschritt\u201c, sagt Dombaumeisterin Hedwig Drabik. \u201eMit der Abnahme der gr\u00f6bsten Verschmutzungen ist es nun m\u00f6glich, das Schadensbild genauer unter die Lupe zu nehmen und zu kartieren\u201c. An Hand der festgestellten Sch\u00e4den k\u00f6nnen dann die weiteren Sanierungsma\u00dfnahmen geplant werden. Einer n\u00e4heren Untersuchung, unter anderem mit einem Endoskop, bed\u00fcrfen die beiden gro\u00dfen Grabdenkmale in der Vorhalle. Dem Kenotaph f\u00fcr Adolf von Nassau macht insbesondere die Rostsprengung zu schaffen. Die Sanierung dieser beiden Objekte soll von der Europ\u00e4ischen Stiftung Kaiserdom zu Speyer finanziert werden, welche zu diesem Zweck Projektmittel von der Edith-Haberland-Wagner Stiftung erh\u00e4lt. Die Gesamtma\u00dfnahme wird finanziert mit Mitteln des Bundes aus dem Denkmalschutz Sonderprogramm VII, Mitteln des Landes Rheinland-Pfalz, Eigenmitteln des Domkapitels und Zuwendungen des Dombauvereins.<\/p>\n\n\n\n<p>Parallel dazu gehen die Reinigungsarbeiten an den Skulpturen und Reliefs in der Vorhalle weiter, nun allerdings mittels moderner Lasertechnik. Im April 2016 fand bereits eine Probereinigung der Skulptur Heinrich IV. mit Hilfe dieser Methode statt, die aus Sicht der Restauratoren sehr zufriedenstellend verlief. Dom- und Di\u00f6zesankonservator Wolfgang Franz erl\u00e4utert das Verfahren: \u201eBei der Technik des Laserabtragens d\u00fcnner Deckschichten handelt es sich um eine Oberfl\u00e4chenbearbeitung mit gepulster Laserstrahlung und vernachl\u00e4ssigbarer W\u00e4rmebelastung des Grundwerkstoffes. Die dunkle Schmutzschicht wird verbrannt, zur\u00fcck bleibt der helle Sandstein.\u201c Das Steinmaterial wird dabei, im Gegensatz zu traditionellen Techniken wie mechanischer oder chemischer Reinigung, nicht unmittelbar ber\u00fchrt oder gar gesch\u00e4digt. Zudem ist die Reinigung mit dieser Methode relativ schnell zu bewerkstelligen, so dass eine Figur innerhalb von etwas mehr als zwei Wochen gereinigt werden kann.<\/p>\n\n\n\n<p><em>Text: Bistum Speyer Foto: \u00a9 Domkapitel<br>05.06.2019<\/em><\/p>\n\n\n\n<h2 class=\"wp-block-heading\">Bistum Speyer wird Mitglied im \u00d6kumenischen Netzwerk Klimagerechtigkeit<\/h2>\n\n\n\n<h3 class=\"wp-block-heading\">Unterst\u00fctzung und Vernetzung im Einsatz f\u00fcr Klimagerechtigkeit und nachhaltige Entwicklung<\/h3>\n\n\n\n<div class=\"wp-block-image\"><figure class=\"aligncenter\"><img decoding=\"async\" loading=\"lazy\" width=\"800\" height=\"252\" src=\"https:\/\/speyer24news.com\/wp-content\/uploads\/2019\/06\/\u00d6kumenisches-Netzwerk-Klimagerechtigkeit.png\" alt=\"\" class=\"wp-image-14461\" srcset=\"https:\/\/speyer24news.com\/wp-content\/uploads\/2019\/06\/\u00d6kumenisches-Netzwerk-Klimagerechtigkeit.png 800w, https:\/\/speyer24news.com\/wp-content\/uploads\/2019\/06\/\u00d6kumenisches-Netzwerk-Klimagerechtigkeit-300x95.png 300w, https:\/\/speyer24news.com\/wp-content\/uploads\/2019\/06\/\u00d6kumenisches-Netzwerk-Klimagerechtigkeit-768x242.png 768w\" sizes=\"(max-width: 800px) 100vw, 800px\" \/><\/figure><\/div>\n\n\n\n<p><strong>Speyer &#8211; <\/strong>Das Bistum Speyer, vertreten durch das Referat Weltkirche, ist dem \u00d6kumenischen Netzwerk f\u00fcr Klimagerechtigkeit beigetreten. In dem seit etwa einem Jahr bestehenden B\u00fcndnis haben sich kirchliche Akteurinnen und Akteure zusammengeschlossen, um ihr Engagement f\u00fcr mehr Klimagerechtigkeit in Politik und Gesellschaft besser zu koordinieren und zu st\u00e4rken. Weitere Ziele sind der theologisch-spirituelle Austausch und eine bessere Qualifizierung der kirchlichen Akteurinnen und Akteure zum Thema Klimagerechtigkeit.<\/p>\n\n\n\n<p>\u201eDer Klimawandel betrifft alle Menschen auf unserer Erde. Doch \u00dcberschwemmungen, Versalzung des Trinkwassers und D\u00fcrren sowie viele andere Folgen treffen besonders die Menschen im globalen S\u00fcden\u201c, erkl\u00e4rt Christoph Fuhrbach, Referent f\u00fcr weltkirchliche Aufgaben im Bistum Speyer und Mitglied im Tr\u00e4gerkreis des Netzwerkes. Klimaschutzma\u00dfnahmen und Ma\u00dfnahmen zur Anpassung an die Folgen des Klimawandels geh\u00f6rten zusammen. Und Steffen Glombitza, Umweltbeauftragter im Bistum erg\u00e4nzt, dass dabei das Verursacherprinzip gelten m\u00fcsse: \u201eDie L\u00e4nder, die den Klimawandel beschleunigen, sollten f\u00fcr die Klimasch\u00e4den und die Anpassungskosten in den besonders betroffenen L\u00e4ndern aufkommen.\u201c<\/p>\n\n\n\n<p>Weihbischof Otto Georgens, Bischofsvikar f\u00fcr weltkirchliche Aufgaben im Bistum Speyer, wies darauf hin, dass die Verantwortung der Christen f\u00fcr die Zukunft der Erde sowohl in der Enzyklika von Papst Franziskus \u201eLaudato si\u201c, den Handlungsempfehlungen der deutschen Bisch\u00f6fe \u201eSch\u00f6pfungsverantwortung als kirchlicher Auftrag\u201c, den \u201eZehn Thesen zum Klimaschutz\u201c, herausgegeben von der Deutschen Bischofskonferenz, als auch in der EKD Denkschrift \u201eUmkehr zum Leben \u2013 Nachhaltige Entwicklung im Zeichen des Klimawandels\u201c bekr\u00e4ftigt werde.<\/p>\n\n\n\n<p>Tr\u00e4ger des Netzwerkes sind unter anderem 19 Landeskirchen und Bist\u00fcmer, die Beauftragten f\u00fcr den Kirchlichen Entwicklungsdienst, die evangelische und katholische Arbeitsgemeinschaft der Umweltbeauftragten, die katholischen Werke Misereor, Adveniat, Renovabis, Missio, Caritas International und das Kindermissionswerk sowie das Hilfswerk &#8222;Brot f\u00fcr die Welt&#8220;. <\/p>\n\n\n\n<p><em>Bistum Speyer<br>05.06.2019<\/em><\/p>\n","protected":false},"excerpt":{"rendered":"<div class=\"mh-excerpt\"><p>Terminkalender des Bistum Speyer im Juni 2019 6.6. Gebetstage um geistliche Berufe 19 Uhr Gottesdienst in der Kirche des Priesterseminars St. German in Speyer. 6.6. 19 Uhr \u201eStammtisch f\u00fcr Entdecker*innen in Neustadt. \u00d6kumenische Austauschplattform f\u00fcr <a class=\"mh-excerpt-more\" href=\"https:\/\/speyer24news.com\/?p=14436\" title=\"Kirche:\">[&#8230;]<\/a><\/p>\n<\/div>","protected":false},"author":3,"featured_media":14437,"comment_status":"open","ping_status":"open","sticky":false,"template":"","format":"standard","meta":{"_monsterinsights_skip_tracking":false,"_monsterinsights_sitenote_active":false,"_monsterinsights_sitenote_note":"","_monsterinsights_sitenote_category":0,"footnotes":""},"categories":[120],"tags":[1361,174,1369,1368,1373,1358,1189,1351,1372,1364,1374,507,1238,1365,1366,1367,1355,1363,1357,1359,1353,1362,123,1371,1352,6,1360,1356,1370,714,417,1354],"aioseo_notices":[],"amp_enabled":true,"_links":{"self":[{"href":"https:\/\/speyer24news.com\/index.php?rest_route=\/wp\/v2\/posts\/14436"}],"collection":[{"href":"https:\/\/speyer24news.com\/index.php?rest_route=\/wp\/v2\/posts"}],"about":[{"href":"https:\/\/speyer24news.com\/index.php?rest_route=\/wp\/v2\/types\/post"}],"author":[{"embeddable":true,"href":"https:\/\/speyer24news.com\/index.php?rest_route=\/wp\/v2\/users\/3"}],"replies":[{"embeddable":true,"href":"https:\/\/speyer24news.com\/index.php?rest_route=%2Fwp%2Fv2%2Fcomments&post=14436"}],"version-history":[{"count":3,"href":"https:\/\/speyer24news.com\/index.php?rest_route=\/wp\/v2\/posts\/14436\/revisions"}],"predecessor-version":[{"id":14487,"href":"https:\/\/speyer24news.com\/index.php?rest_route=\/wp\/v2\/posts\/14436\/revisions\/14487"}],"wp:featuredmedia":[{"embeddable":true,"href":"https:\/\/speyer24news.com\/index.php?rest_route=\/wp\/v2\/media\/14437"}],"wp:attachment":[{"href":"https:\/\/speyer24news.com\/index.php?rest_route=%2Fwp%2Fv2%2Fmedia&parent=14436"}],"wp:term":[{"taxonomy":"category","embeddable":true,"href":"https:\/\/speyer24news.com\/index.php?rest_route=%2Fwp%2Fv2%2Fcategories&post=14436"},{"taxonomy":"post_tag","embeddable":true,"href":"https:\/\/speyer24news.com\/index.php?rest_route=%2Fwp%2Fv2%2Ftags&post=14436"}],"curies":[{"name":"wp","href":"https:\/\/api.w.org\/{rel}","templated":true}]}}