{"id":14548,"date":"2019-06-07T07:57:45","date_gmt":"2019-06-07T06:57:45","guid":{"rendered":"https:\/\/speyer24news.com\/?p=14548"},"modified":"2019-06-07T07:57:46","modified_gmt":"2019-06-07T06:57:46","slug":"geschwindigkeitskontrollen","status":"publish","type":"post","link":"https:\/\/speyer24news.com\/?p=14548","title":{"rendered":"Geschwindigkeitskontrollen"},"content":{"rendered":"<style type=\"text\/css\">\r\n\t.ads_top_disp{}\r\n\t.ads_top_corner_disp{ float:left; margin:0px 10px 10px 0px; }\r\n\t.ads_first_p_disp{}\r\n\t.ads_bottom_disp{}\r\n\t<\/style>\n<h2 class=\"wp-block-heading\">Radarkontrollen f\u00fcr die Woche vom 10. Juni bis 16. Juni 2019<\/h2>\n\n\n\n<div class=\"wp-block-image\"><figure class=\"aligncenter\"><img decoding=\"async\" src=\"https:\/\/speyer24news.com\/wp-content\/uploads\/2019\/06\/Radarkontrolle_1-1.jpg\" alt=\"\" class=\"wp-image-14550\"\/><\/figure><\/div>\n\n\n\n<p><strong>(Ludwigshafen) &#8211; <\/strong>Die Stadt Ludwigshafen nimmt in folgenden Stadtteilen Radarkontrollen vor.<\/p>\n\n\n\n<ul><li> Dienstag, 11. Juni: Ruchheim, Oggersheim und Friesenheim<\/li><li> Mittwoch, 12. Juni: Nord, Mundenheim und Gartenstadt<\/li><li> Donnerstag, 13. Juni: Oppau, West und Edigheim<\/li><li> Freitag, 14. Juni: Oggersheim, S\u00fcd und Maudach. <\/li><\/ul>\n\n\n\n<p>Kurzfristige \u00c4nderungen beh\u00e4lt sich der Bereich Stra\u00dfenverkehr vor. Kontrollen k\u00f6nnen auch kurzfristig an anderen Stellen stattfinden.<\/p>\n\n\n\n<p><em>Stadt Ludwigshafen am Rhein<br>07.06.2019<\/em><\/p>\n\n\n\n<h2 class=\"wp-block-heading\">Geschwindigkeitskontrollen die Woche vom 11. bis 14. Juni<\/h2>\n\n\n\n<div class=\"wp-block-image\"><figure class=\"aligncenter\"><img decoding=\"async\" src=\"https:\/\/speyer24news.com\/wp-content\/uploads\/2019\/06\/Kontrolle-BaW\u00fc-1.jpg\" alt=\"\" class=\"wp-image-14551\"\/><\/figure><\/div>\n\n\n\n<p><strong>(Mannheim) &#8211; <\/strong>Die Stadt Mannheim f\u00fchrt vom 11. bis 14. Juni in folgenden Stra\u00dfen Radarkontrollen durch:<\/p>\n\n\n\n<ul><li> Aufeldstra\u00dfe<\/li><li> B\u00fcrgermeister-Fuchs-Stra\u00dfe<\/li><li> Dammstra\u00dfe<\/li><li> Ernst-Barlach-Allee<\/li><li> Feldbergstra\u00dfe<\/li><li> Flo\u00dfw\u00f6rthstra\u00dfe<\/li><li> Grete-Fleischmann-Stra\u00dfe<\/li><li> Gustav-Seitz-Stra\u00dfe<\/li><li> Hans-Thoma-Stra\u00dfe<\/li><li> Harrlachweg<\/li><li> Herzogenriedstra\u00dfe<\/li><li> Karlsternstra\u00dfe<\/li><li> Kirchwaldstra\u00dfe<\/li><li> Langstra\u00dfe (verkehrsberuhigter Bereich)<\/li><li> Lutherstra\u00dfe (verkehrsberuhigter Bereich)<\/li><li> Mallaustra\u00dfe<\/li><li> Mittelstra\u00dfe<\/li><li> M\u00f6nchw\u00f6rthstra\u00dfe<\/li><li> Rheingoldstra\u00dfe<\/li><li> Schindkautweg<\/li><li> Wingertstra\u00dfe<\/li><\/ul>\n\n\n\n<p>Kurzfristige \u00c4nderungen oder zus\u00e4tzliche Messstellen sind aus aktuellem Anlass m\u00f6glich.<\/p>\n\n\n\n<p><em>Stadt Mannheim<br>07.06.2019<\/em><\/p>\n","protected":false},"excerpt":{"rendered":"<div class=\"mh-excerpt\"><p>Radarkontrollen f\u00fcr die Woche vom 10. Juni bis 16. Juni 2019 (Ludwigshafen) &#8211; Die Stadt Ludwigshafen nimmt in folgenden Stadtteilen Radarkontrollen vor. Dienstag, 11. Juni: Ruchheim, Oggersheim und Friesenheim Mittwoch, 12. Juni: Nord, Mundenheim und <a class=\"mh-excerpt-more\" href=\"https:\/\/speyer24news.com\/?p=14548\" title=\"Geschwindigkeitskontrollen\">[&#8230;]<\/a><\/p>\n<\/div>","protected":false},"author":3,"featured_media":0,"comment_status":"open","ping_status":"open","sticky":false,"template":"","format":"standard","meta":{"_monsterinsights_skip_tracking":false,"_monsterinsights_sitenote_active":false,"_monsterinsights_sitenote_note":"","_monsterinsights_sitenote_category":0,"footnotes":""},"categories":[64],"tags":[18,19,947,28,779,227,17,949,1310,948],"aioseo_notices":[],"amp_enabled":true,"_links":{"self":[{"href":"https:\/\/speyer24news.com\/index.php?rest_route=\/wp\/v2\/posts\/14548"}],"collection":[{"href":"https:\/\/speyer24news.com\/index.php?rest_route=\/wp\/v2\/posts"}],"about":[{"href":"https:\/\/speyer24news.com\/index.php?rest_route=\/wp\/v2\/types\/post"}],"author":[{"embeddable":true,"href":"https:\/\/speyer24news.com\/index.php?rest_route=\/wp\/v2\/users\/3"}],"replies":[{"embeddable":true,"href":"https:\/\/speyer24news.com\/index.php?rest_route=%2Fwp%2Fv2%2Fcomments&post=14548"}],"version-history":[{"count":1,"href":"https:\/\/speyer24news.com\/index.php?rest_route=\/wp\/v2\/posts\/14548\/revisions"}],"predecessor-version":[{"id":14552,"href":"https:\/\/speyer24news.com\/index.php?rest_route=\/wp\/v2\/posts\/14548\/revisions\/14552"}],"wp:attachment":[{"href":"https:\/\/speyer24news.com\/index.php?rest_route=%2Fwp%2Fv2%2Fmedia&parent=14548"}],"wp:term":[{"taxonomy":"category","embeddable":true,"href":"https:\/\/speyer24news.com\/index.php?rest_route=%2Fwp%2Fv2%2Fcategories&post=14548"},{"taxonomy":"post_tag","embeddable":true,"href":"https:\/\/speyer24news.com\/index.php?rest_route=%2Fwp%2Fv2%2Ftags&post=14548"}],"curies":[{"name":"wp","href":"https:\/\/api.w.org\/{rel}","templated":true}]}}