{"id":14612,"date":"2019-06-08T09:24:07","date_gmt":"2019-06-08T08:24:07","guid":{"rendered":"https:\/\/speyer24news.com\/?p=14612"},"modified":"2019-06-08T09:24:09","modified_gmt":"2019-06-08T08:24:09","slug":"jugendstadtrat-speyer-laedt-ein-zum-lgbt-picknick","status":"publish","type":"post","link":"https:\/\/speyer24news.com\/?p=14612","title":{"rendered":"Jugendstadtrat Speyer l\u00e4dt ein zum LGBT+ Picknick"},"content":{"rendered":"<style type=\"text\/css\">\r\n\t.ads_top_disp{}\r\n\t.ads_top_corner_disp{ float:left; margin:0px 10px 10px 0px; }\r\n\t.ads_first_p_disp{}\r\n\t.ads_bottom_disp{}\r\n\t<\/style>\n<div class=\"wp-block-image\"><figure class=\"aligncenter\"><img decoding=\"async\" loading=\"lazy\" width=\"500\" height=\"708\" src=\"https:\/\/speyer24news.com\/wp-content\/uploads\/2019\/06\/Flyer.jpg\" alt=\"\" class=\"wp-image-14613\" srcset=\"https:\/\/speyer24news.com\/wp-content\/uploads\/2019\/06\/Flyer.jpg 500w, https:\/\/speyer24news.com\/wp-content\/uploads\/2019\/06\/Flyer-212x300.jpg 212w\" sizes=\"(max-width: 500px) 100vw, 500px\" \/><\/figure><\/div>\n\n\n\n<p><strong>Speyer \/ Untere Domwiese &#8211; <\/strong>Am <strong>Samstag, den 15.06.2019<\/strong> veranstalten wir von 14:00 bis 17:00 Uhr ein LGBT+ Picknick auf der unteren Domwiese.<\/p>\n\n\n\n<p>Wir wollen eine offene und entspannte Atmosph\u00e4re schaffen in der sich Gleichgesinnte \u00fcber ihre Erfahrungen, Gedanken und Gef\u00fchle austauschen k\u00f6nnen.<\/p>\n\n\n\n<p>Wenn du unter 25 Jahren alt bist und dir unsicher bist lesbisch, schwul oder trans* zu sein, vielleicht hattest du ja aber auch schon dein Coming-Out oder interessierst dich einfach f\u00fcr LGBT+ Themen, dann laden wir dich ganz herzlich zu unserem LGBT+ Picknick ein.<\/p>\n\n\n\n<p>Du kannst gerne eine Decke und etwas zu trinken mitbringen. Falls du f\u00fcr das Buffet etwas beisteuern m\u00f6chtest, freuen wir uns \u00fcber deinen Beitrag in Form von Fingerfood. Um viel M\u00fcll zu vermeiden, wollen wir auf Plastikgeschirr weitestgehend verzichten.<\/p>\n\n\n\n<p>Wir hoffen auf sch\u00f6nes Wetter und freuen uns auf ein interessantes und lockeres Treffen mit dir.<\/p>\n\n\n\n<div class=\"wp-block-image\"><figure class=\"aligncenter\"><img decoding=\"async\" loading=\"lazy\" width=\"960\" height=\"215\" src=\"https:\/\/speyer24news.com\/wp-content\/uploads\/2019\/06\/JSR-Header.jpg\" alt=\"\" class=\"wp-image-14614\" srcset=\"https:\/\/speyer24news.com\/wp-content\/uploads\/2019\/06\/JSR-Header.jpg 960w, https:\/\/speyer24news.com\/wp-content\/uploads\/2019\/06\/JSR-Header-300x67.jpg 300w, https:\/\/speyer24news.com\/wp-content\/uploads\/2019\/06\/JSR-Header-768x172.jpg 768w\" sizes=\"(max-width: 960px) 100vw, 960px\" \/><\/figure><\/div>\n\n\n\n<p>Wenn du noch Fragen hast schreib uns gerne auf <a href=\"https:\/\/www.facebook.com\/jugendstadtrat.speyer\/\">Facebook,<\/a> Instagram (jugendstadtratspeyer) oder per Mail an <a href=\"http:\/\/vorstand@jugendstadtrat-speyer\">vorstand@jugendstadtrat-speyer<\/a>.<\/p>\n\n\n\n<p><em>Stadtverwaltung Speyer \/ Jugendf\u00f6rderung, Gesch\u00e4ftsstelle Jugendstadtrat<br>08.06.2019<\/em><\/p>\n","protected":false},"excerpt":{"rendered":"<div class=\"mh-excerpt\"><p>Speyer \/ Untere Domwiese &#8211; Am Samstag, den 15.06.2019 veranstalten wir von 14:00 bis 17:00 Uhr ein LGBT+ Picknick auf der unteren Domwiese. Wir wollen eine offene und entspannte Atmosph\u00e4re schaffen in der sich Gleichgesinnte <a class=\"mh-excerpt-more\" href=\"https:\/\/speyer24news.com\/?p=14612\" title=\"Jugendstadtrat Speyer l\u00e4dt ein zum LGBT+ Picknick\">[&#8230;]<\/a><\/p>\n<\/div>","protected":false},"author":3,"featured_media":0,"comment_status":"open","ping_status":"open","sticky":false,"template":"","format":"standard","meta":{"_monsterinsights_skip_tracking":false,"_monsterinsights_sitenote_active":false,"_monsterinsights_sitenote_note":"","_monsterinsights_sitenote_category":0,"footnotes":""},"categories":[13],"tags":[1421,1420,1416,652,1419,1417,1418,1100,6,1422],"aioseo_notices":[],"amp_enabled":true,"_links":{"self":[{"href":"https:\/\/speyer24news.com\/index.php?rest_route=\/wp\/v2\/posts\/14612"}],"collection":[{"href":"https:\/\/speyer24news.com\/index.php?rest_route=\/wp\/v2\/posts"}],"about":[{"href":"https:\/\/speyer24news.com\/index.php?rest_route=\/wp\/v2\/types\/post"}],"author":[{"embeddable":true,"href":"https:\/\/speyer24news.com\/index.php?rest_route=\/wp\/v2\/users\/3"}],"replies":[{"embeddable":true,"href":"https:\/\/speyer24news.com\/index.php?rest_route=%2Fwp%2Fv2%2Fcomments&post=14612"}],"version-history":[{"count":1,"href":"https:\/\/speyer24news.com\/index.php?rest_route=\/wp\/v2\/posts\/14612\/revisions"}],"predecessor-version":[{"id":14616,"href":"https:\/\/speyer24news.com\/index.php?rest_route=\/wp\/v2\/posts\/14612\/revisions\/14616"}],"wp:attachment":[{"href":"https:\/\/speyer24news.com\/index.php?rest_route=%2Fwp%2Fv2%2Fmedia&parent=14612"}],"wp:term":[{"taxonomy":"category","embeddable":true,"href":"https:\/\/speyer24news.com\/index.php?rest_route=%2Fwp%2Fv2%2Fcategories&post=14612"},{"taxonomy":"post_tag","embeddable":true,"href":"https:\/\/speyer24news.com\/index.php?rest_route=%2Fwp%2Fv2%2Ftags&post=14612"}],"curies":[{"name":"wp","href":"https:\/\/api.w.org\/{rel}","templated":true}]}}