{"id":14636,"date":"2019-06-09T14:53:44","date_gmt":"2019-06-09T13:53:44","guid":{"rendered":"https:\/\/speyer24news.com\/?p=14636"},"modified":"2019-06-09T15:22:08","modified_gmt":"2019-06-09T14:22:08","slug":"speyerer-picknickkonzerte-laden-erneut-zur-gruenen-und-musikalischen-entdeckungsreise-ein","status":"publish","type":"post","link":"https:\/\/speyer24news.com\/?p=14636","title":{"rendered":"Speyerer Picknickkonzerte laden erneut zur gr\u00fcnen und musikalischen Entdeckungsreise ein"},"content":{"rendered":"<style type=\"text\/css\">\r\n\t.ads_top_disp{}\r\n\t.ads_top_corner_disp{ float:left; margin:0px 10px 10px 0px; }\r\n\t.ads_first_p_disp{}\r\n\t.ads_bottom_disp{}\r\n\t<\/style>\n<div class=\"wp-block-image\"><figure class=\"aligncenter\"><img decoding=\"async\" loading=\"lazy\" width=\"600\" height=\"620\" src=\"https:\/\/speyer24news.com\/wp-content\/uploads\/2019\/06\/Picknick-Konzerte.png\" alt=\"\" class=\"wp-image-14637\" srcset=\"https:\/\/speyer24news.com\/wp-content\/uploads\/2019\/06\/Picknick-Konzerte.png 600w, https:\/\/speyer24news.com\/wp-content\/uploads\/2019\/06\/Picknick-Konzerte-290x300.png 290w\" sizes=\"(max-width: 600px) 100vw, 600px\" \/><\/figure><\/div>\n\n\n\n<p>Unter dem Motto \u201eAlles wird gryn\u201c sollen in diesem Jahr nicht nur die Vision einer gr\u00fcnen Stadt aufgezeigt, sondern auch die bereits vorhandenen Gr\u00fcnfl\u00e4chen ins Zentrum der Aufmerksamkeit ger\u00fcckt werden. Diesen Aspekt verfolgen die Speyerer Picknickkonzerte nunmehr in der vierten Saison und bieten in den Sommermonaten erneut die Gelegenheit vier grundverschiedene Gr\u00fcnanlagen zu entdecken.<\/p>\n\n\n\n<p>Der Garten am Weidenberg, der Adenauerpark, die Landzunge am Alten Hafen und der Platz der Stadt Ravenna eignen sich hervorragend f\u00fcr ein gem\u00fctliches Picknick mit der Familie oder Freunden. Die jeweils passende musikalische Kulisse bieten die Speyerer Combo <strong>Krempl<\/strong>, Deutschlands beste Swing-Chanson Band <strong>Moi et les autres<\/strong>, die erste Berliner Russen-Kultband <strong>Apparatschik <\/strong>und die <strong>Zan Ganassa Band<\/strong> aus Speyers Partnerstadt Ravenna.<\/p>\n\n\n\n<div class=\"wp-block-image\"><figure class=\"alignleft\"><img decoding=\"async\" loading=\"lazy\" width=\"250\" height=\"212\" src=\"https:\/\/speyer24news.com\/wp-content\/uploads\/2019\/06\/Krempl-\u00a9Melanie-Ranzenberger-Simon.jpg\" alt=\"\" class=\"wp-image-14638\"\/><figcaption> <em>\u00a9 Melanie Ranzenberger-Simon (Krempl)<\/em><\/figcaption><\/figure><\/div>\n\n\n\n<p>Mit einem Heimspiel startet die Saison im Garten am Weidenberg: <strong>Krempl<\/strong>, sechs Musiker*innen aus Speyer, bietet eine au\u00dfergew\u00f6hnlichen Instrumenten-Kombination mit schwungvollem Sound und pr\u00e4sentiert ein stimmungsvolles Programm von Klezmer \u00fcber Irish Tune bis Evergreen.<\/p>\n\n\n\n<div class=\"wp-block-image\"><figure class=\"alignright\"><img decoding=\"async\" loading=\"lazy\" width=\"250\" height=\"189\" src=\"https:\/\/speyer24news.com\/wp-content\/uploads\/2019\/06\/MELA_Depart_Quer_klein-\u00a9-Timo-Volz.jpg\" alt=\"\" class=\"wp-image-14639\" srcset=\"https:\/\/speyer24news.com\/wp-content\/uploads\/2019\/06\/MELA_Depart_Quer_klein-\u00a9-Timo-Volz.jpg 250w, https:\/\/speyer24news.com\/wp-content\/uploads\/2019\/06\/MELA_Depart_Quer_klein-\u00a9-Timo-Volz-80x60.jpg 80w\" sizes=\"(max-width: 250px) 100vw, 250px\" \/><figcaption> <em>\u00a9 Timo Volz (Moi et les autres)<\/em> <\/figcaption><\/figure><\/div>\n\n\n\n<p>Die Formation <strong>Moi et les autres<\/strong> rund um die franz\u00f6sische S\u00e4ngerin Juliette Brousset hat neben ihrem neuen Album \u201eD\u00e9part\u201c auch ausgew\u00e4hlte St\u00fccke aus der zehnj\u00e4hrigen Bandgeschichte im Gep\u00e4ck. Der typische Sound des Quintetts mit einer Mischung aus Jazz und Chanson wird mit warmen Rhythmen der franz\u00f6sischen Antillen bis hin zum amerikanischen Elektroswing erg\u00e4nzt.<\/p>\n\n\n\n<div class=\"wp-block-image\"><figure class=\"alignleft\"><img decoding=\"async\" loading=\"lazy\" width=\"250\" height=\"167\" src=\"https:\/\/speyer24news.com\/wp-content\/uploads\/2019\/06\/APPARATSCHIK-\u00a9-Boris-Saposchnikow.jpg\" alt=\"\" class=\"wp-image-14640\"\/><figcaption> <em>\u00a9 Boris Saposchnikow (Apparatschik)<\/em> <\/figcaption><\/figure><\/div>\n\n\n\n<p>Die Berliner Kultband <strong>Apparatschik <\/strong>ist seit nunmehr 30 Jahren mit ihrem \u00fcberm\u00fctigen Mix aus russischer Volxmusik, Ska, Polka und Punk unterwegs. Wie ein sibirischer Steppensturm wirbelt sie ihre \u00f6stlichen Melodien \u00fcber das Publikum und pr\u00e4sentiert neben ihren legend\u00e4ren, unnachahmlichen Taiga Tunes &amp; Soviet Grooves auch ihr neues Album \u201eKurs Ost-West\u201c.<\/p>\n\n\n\n<div class=\"wp-block-image\"><figure class=\"alignright\"><img decoding=\"async\" loading=\"lazy\" width=\"250\" height=\"171\" src=\"https:\/\/speyer24news.com\/wp-content\/uploads\/2019\/06\/Zan-Ganassa-Band-Foto-von-Mattia-DOvidio_klein.jpg\" alt=\"\" class=\"wp-image-14641\"\/><figcaption> <em>\u00a9 Boris Saposchnikow (Apparatschik)<\/em><\/figcaption><\/figure><\/div>\n\n\n\n<p>Zum Abschluss der Saison entf\u00fchrt die <strong>Zan Ganassa Band<\/strong>, die aus einem Projekt des Teatro del Drago in Ravenna entstand, das Publikum mit farbenfrohen Melodien in andere Welten. Ihre Musik fu\u00dft auf der traditionellen Musik der Romagna wie beispielsweise den T\u00e4nzen des 19. und 20. Jahrhunderts. Das Ganze wird mit traditionellen europ\u00e4ischen und zeitgen\u00f6ssischen Musikstilen konfrontiert, stets auf der Suche nach dem, was alle europ\u00e4ischen Musikrichtungen verbindet.<\/p>\n\n\n\n<p>In entspannter Atmosph\u00e4re l\u00e4sst sich nicht nur die Musik, sondern auch das gemeinsame Picknick genie\u00dfen und so zaubern inzwischen die Besucher vielf\u00e4ltige kulinarische K\u00f6stlichkeiten aus ihren Picknickk\u00f6rben und pr\u00e4sentieren wahre Buffets auf ihren Picknickdecken. F\u00fcr die zus\u00e4tzliche Bewirtung sorgen jeweils bei einem Konzert Currysau und Schorlek\u00f6nig, das T1 Art Caf\u00e9, die Rudergesellschaft Speyer e.V. sowie Pestalozzi Schule, Freundeskreis Speyer-Ravenna und Stadtteilverein Speyer-S\u00fcd e.V.<\/p>\n\n\n\n<div class=\"wp-block-image\"><figure class=\"aligncenter\"><img decoding=\"async\" loading=\"lazy\" width=\"600\" height=\"620\" src=\"https:\/\/speyer24news.com\/wp-content\/uploads\/2019\/06\/Picknick-Konzerte-1.png\" alt=\"\" class=\"wp-image-14642\" srcset=\"https:\/\/speyer24news.com\/wp-content\/uploads\/2019\/06\/Picknick-Konzerte-1.png 600w, https:\/\/speyer24news.com\/wp-content\/uploads\/2019\/06\/Picknick-Konzerte-1-290x300.png 290w\" sizes=\"(max-width: 600px) 100vw, 600px\" \/><\/figure><\/div>\n\n\n\n<h3 class=\"wp-block-heading\">Die Konzerte im \u00dcberblick:<\/h3>\n\n\n\n<h4 class=\"wp-block-heading\">Krempl<\/h4>\n\n\n\n<ul><li>Sonntag, 30. Juni 2019, 11 Uhr<\/li><li>Garten am Weidenberg, St.-Guido-Stifts-Platz<\/li><li>Christa Bernardi (Querfl\u00f6te)<\/li><li>Katrin Vollmer-Kaas (Violine)<\/li><li>Georg Simon (Akkoredeon)<\/li><li>Andreas Pletsch (Posaune)<\/li><li>Bernhard Kaas (Kontrabass)<\/li><li>Sebastian Preuss (Cajon, Percussion)<\/li><\/ul>\n\n\n\n<h4 class=\"wp-block-heading\">Moi et les autres<\/h4>\n\n\n\n<ul><li>Sonntag, 21. Juli 2019, 11 Uhr<\/li><li>Adenauerpark, Bahnhofstra\u00dfe<\/li><li>Juliette Brousset (Gesang)<\/li><li>David Heintz (Gitarre)<\/li><li>Eric Dann (Akkordeon)<\/li><li>Andreas B\u00fcschelberger (Bass)<\/li><li>Tobias Stolz (Schlagzeug)<\/li><\/ul>\n\n\n\n<h4 class=\"wp-block-heading\">Apparatschik<\/h4>\n\n\n\n<ul><li>Sonntag, 4. August 2019, 11 Uhr<\/li><li>Bootshaus Alter Hafen, Im Hafenbecken 11<\/li><li>Olaf \u201eMatrosov\u201c Opitz (Leadvocals, Balalaika)<\/li><li>Michail \u201eMischa\u201c Saposchnikov (Bajan, Back-Vocals)<\/li><li>Paul \u201ePasha\u201c Milmeister (Kontrabass-Balalaika, Back-Vocals)<\/li><li>Alf \u201eUdarnik\u201c Schulze (Drums, Percussion, Back-Vocals)<\/li><\/ul>\n\n\n\n<h4 class=\"wp-block-heading\">Zan Ganassa Band<\/h4>\n\n\n\n<ul><li>Sonntag, 18. August 2019, 11 Uhr<\/li><li>Platz der Stadt Ravenna, Im Vogelgesang<\/li><li>Francesco Maestri (Mandoline, Banjo)<\/li><li>Gianluca Palma (Akkordeon)<\/li><li>Andrea Napolitano (Schlagzeug)<\/li><\/ul>\n\n\n\n<p><em><strong>Bei schlechtem Wetter wird kurzfristig ein Ausweichort bekannt gegeben.<\/strong><\/em><\/p>\n\n\n\n<h4 class=\"wp-block-heading\">Lesen Sie hier den Flyer als PDF:<\/h4>\n\n\n\n<div class=\"wp-block-file\"><a href=\"https:\/\/speyer24news.com\/wp-content\/uploads\/2019\/06\/RZ_web_SpeyerPicknick_flyer_2019.pdf\">Speyer Picknick Flyer 2019<\/a><a href=\"https:\/\/speyer24news.com\/wp-content\/uploads\/2019\/06\/RZ_web_SpeyerPicknick_flyer_2019.pdf\" class=\"wp-block-file__button\" download>Herunterladen<\/a><\/div>\n\n\n\n<p><em>Text: Stadt Speyer, Kulturb\u00fcro Fotos: \u00a9 Melanie Ranzenberger-Simon (Krempl), \u00a9 Timo Volz (Moi et les autres), \u00a9 Boris Saposchnikow (Apparatschik) und \u00a9 Mattia D\u2019Ovidio (Zan Ganassa Band)<br>09.06.2019<\/em><\/p>\n","protected":false},"excerpt":{"rendered":"<div class=\"mh-excerpt\"><p>Unter dem Motto \u201eAlles wird gryn\u201c sollen in diesem Jahr nicht nur die Vision einer gr\u00fcnen Stadt aufgezeigt, sondern auch die bereits vorhandenen Gr\u00fcnfl\u00e4chen ins Zentrum der Aufmerksamkeit ger\u00fcckt werden. Diesen Aspekt verfolgen die Speyerer <a class=\"mh-excerpt-more\" href=\"https:\/\/speyer24news.com\/?p=14636\" title=\"Speyerer Picknickkonzerte laden erneut zur gr\u00fcnen und musikalischen Entdeckungsreise ein\">[&#8230;]<\/a><\/p>\n<\/div>","protected":false},"author":3,"featured_media":0,"comment_status":"open","ping_status":"open","sticky":false,"template":"","format":"standard","meta":{"_monsterinsights_skip_tracking":false,"_monsterinsights_sitenote_active":false,"_monsterinsights_sitenote_note":"","_monsterinsights_sitenote_category":0,"footnotes":""},"categories":[14,13],"tags":[1430,1428,577,1429,1427,6,1431],"aioseo_notices":[],"amp_enabled":true,"_links":{"self":[{"href":"https:\/\/speyer24news.com\/index.php?rest_route=\/wp\/v2\/posts\/14636"}],"collection":[{"href":"https:\/\/speyer24news.com\/index.php?rest_route=\/wp\/v2\/posts"}],"about":[{"href":"https:\/\/speyer24news.com\/index.php?rest_route=\/wp\/v2\/types\/post"}],"author":[{"embeddable":true,"href":"https:\/\/speyer24news.com\/index.php?rest_route=\/wp\/v2\/users\/3"}],"replies":[{"embeddable":true,"href":"https:\/\/speyer24news.com\/index.php?rest_route=%2Fwp%2Fv2%2Fcomments&post=14636"}],"version-history":[{"count":2,"href":"https:\/\/speyer24news.com\/index.php?rest_route=\/wp\/v2\/posts\/14636\/revisions"}],"predecessor-version":[{"id":14646,"href":"https:\/\/speyer24news.com\/index.php?rest_route=\/wp\/v2\/posts\/14636\/revisions\/14646"}],"wp:attachment":[{"href":"https:\/\/speyer24news.com\/index.php?rest_route=%2Fwp%2Fv2%2Fmedia&parent=14636"}],"wp:term":[{"taxonomy":"category","embeddable":true,"href":"https:\/\/speyer24news.com\/index.php?rest_route=%2Fwp%2Fv2%2Fcategories&post=14636"},{"taxonomy":"post_tag","embeddable":true,"href":"https:\/\/speyer24news.com\/index.php?rest_route=%2Fwp%2Fv2%2Ftags&post=14636"}],"curies":[{"name":"wp","href":"https:\/\/api.w.org\/{rel}","templated":true}]}}