{"id":14672,"date":"2019-06-10T08:05:22","date_gmt":"2019-06-10T07:05:22","guid":{"rendered":"https:\/\/speyer24news.com\/?p=14672"},"modified":"2019-06-10T08:08:10","modified_gmt":"2019-06-10T07:08:10","slug":"schwetzingen-4","status":"publish","type":"post","link":"https:\/\/speyer24news.com\/?p=14672","title":{"rendered":"Schwetzingen"},"content":{"rendered":"<style type=\"text\/css\">\r\n\t.ads_top_disp{}\r\n\t.ads_top_corner_disp{ float:left; margin:0px 10px 10px 0px; }\r\n\t.ads_first_p_disp{}\r\n\t.ads_bottom_disp{}\r\n\t<\/style>\n<h2 class=\"wp-block-heading\">Aus dem Gemeinderat am 6. Juni 2019<\/h2>\n\n\n\n<p><strong>Erneuerung der Stra\u00dfenbeleuchtung in der Nordstadt und Markgrafenstra\u00dfe\n<\/strong><\/p>\n\n\n\n<p><em>Gedenkminute\n f\u00fcr Hans-Joachim F\u00f6rster \/ Susanne Bertrand-Baumann r\u00fcckt in den \nGemeinderat nach \/ Keine Zustimmung zur Ablehnung des \nGemeinderatsmandats durch Simone\n Ehrhardt<\/em><\/p>\n\n\n\n<p>Als\n Nachfolgerin f\u00fcr den im Mai verstorbenen Stadtrat Dr. Hans-Joachim \nF\u00f6rster tritt die bei der Gemeinderatswahl am 25. Mai 2014 festgestellte\n Ersatzbewerberin Susanne Bertrand-Baumann\n in den Gemeinderat ein. Nach einer Gedenkminute f\u00fcr das langj\u00e4hrige \nMitglied wurde sie von Oberb\u00fcrgermeister Dr. Ren\u00e9 P\u00f6ltl offiziell \nverpflichtet.<\/p>\n\n\n\n<p><strong>Simone Ehrhardt: Keine Zustimmung zur Ablehnung des Gemeinderatsmandats<\/strong><\/p>\n\n\n\n<p>Die\n bei den Wahlen am 26. Mai 2019 f\u00fcr \u201eDie Linke\u201c in den k\u00fcnftigen \nGemeinderat gew\u00e4hlte Kandidatin teilte der Verwaltung zuvor mit, dass \nSie die Annahme des Ehrenamtes wegen wichtiger\n beruflicher und famili\u00e4rer Gr\u00fcnde ablehnen m\u00fcsse. Der Gemeinderat war \ndamit mit deutlicher Mehrheit von 16 zu 1 Stimmen bei 4 Enthaltungen \nnicht einverstanden und lehnte die Gr\u00fcnde als nicht ausreichend ab. Wer \nsich aufstellen lasse, solle sein Amt auch antreten,\n so die Mehrheit der R\u00e4te. Oberb\u00fcrgermeister P\u00f6ltl k\u00fcndigte an, dass er \ngehalten sei, dieser m\u00f6glicherweise rechtswidrigen Entscheidung nach \u00a7 \n43 der Gemeindeordnung zu widersprechen. In diesem Fall m\u00fcsse der \njetzige Gemeinderat in K\u00fcrze erneut entscheiden.\n<\/p>\n\n\n\n<p>Nach den erfolgten \u00f6ffentlichen Ausschreibungen hatte der Gemeinderat noch drei anstehenden Vergaben zu beschlie\u00dfen.<\/p>\n\n\n\n<p><strong>Elektrische Hauptleitungen in den st\u00e4dtischen Wohnh\u00e4usern werden erneuert<\/strong><\/p>\n\n\n\n<p>Die\n Stadt erneuert die elektrischen Hauptleitungen in den st\u00e4dtischen \nWohnh\u00e4usern Berliner Stra\u00dfe 54-56. Die Planungs- und \nIngenieurgesellschaft mbH Effizienz Werkstatt aus Heddesheim\n wurde mit der Planung und Betreuung der Ma\u00dfnahme beauftragt. Den \nAuftrag erhielt die Firma Elektro Technik Werner M\u00fcnch GmbH aus Ketsch. \nDer Beginn der Arbeiten ist f\u00fcr September 2019 vorgesehen.\n<\/p>\n\n\n\n<p><strong>Erneuerung der Stra\u00dfenbeleuchtung in der Nordstadt und Markgrafenstra\u00dfe<\/strong><\/p>\n\n\n\n<p>Im\n gesamten Stadtgebiet werden sukzessive die Lampenaufs\u00e4tze der \nStra\u00dfenlaternen erneuert. In diesem Jahr werden die Lampen in der \nNordstadt und Markgrafenstra\u00dfe ausgetauscht. Mit den\n Arbeiten wird die Firma MVV Netze GmbH zum Angebotspreis in H\u00f6he von \n221.393,99 EUR beauftragt.\n<\/p>\n\n\n\n<p><strong>Reinigung der \u00f6ffentlichen WC-Anlagen wird vergeben<\/strong><\/p>\n\n\n\n<p>Zum\n j\u00e4hrlichen Angebotspreis von 4.944,88 EUR wird die Firma Gr\u00f6nert aus \nSchwetzingen \u2013 zun\u00e4chst mit einer Vertragslaufzeit von vier Jahren &#8211;&nbsp; \ndie \u00f6ffentlichen WC-Anlagen reinigen.\n Darunter fallen auch die WC\u2019s auf dem alla hopp Gel\u00e4nde und an der \nGrillh\u00fctte. \n<\/p>\n\n\n\n<p>Soweit  nicht anders beschrieben, erfolgten die Beschl\u00fcsse einstimmig. Die  komplette Sitzung sowie die Vorlagen und Beschl\u00fcsse sind auch im  Internet unter <a rel=\"noreferrer noopener\" href=\"https:\/\/deref-web-02.de\/mail\/client\/HCUZ2Fqnv0g\/dereferrer\/?redirectUrl=http%3A%2F%2Fratsinfo.schwetzingen.de\" target=\"_blank\">http:\/\/ratsinfo.schwetzingen.de<\/a> nachzulesen.<\/p>\n\n\n\n<p><em>Stadtverwaltung Schwetzingen<br>10.09.2019<\/em><\/p>\n\n\n\n<h2 class=\"wp-block-heading\"><strong>Strom \u201etanken\u201c im Stadtzentrum von Schwetzingen<\/strong><\/h2>\n\n\n\n<h3 class=\"wp-block-heading\"><em>Stadt und EnBW weihen vier Ladestationen f\u00fcr Elektrofahrzeuge ein<\/em><\/h3>\n\n\n\n<div class=\"wp-block-image\"><figure class=\"aligncenter\"><img decoding=\"async\" loading=\"lazy\" width=\"800\" height=\"600\" src=\"https:\/\/speyer24news.com\/wp-content\/uploads\/2019\/06\/E-Ladestation-Neuer-Messplatz.jpg\" alt=\"\" class=\"wp-image-14679\" srcset=\"https:\/\/speyer24news.com\/wp-content\/uploads\/2019\/06\/E-Ladestation-Neuer-Messplatz.jpg 800w, https:\/\/speyer24news.com\/wp-content\/uploads\/2019\/06\/E-Ladestation-Neuer-Messplatz-300x225.jpg 300w, https:\/\/speyer24news.com\/wp-content\/uploads\/2019\/06\/E-Ladestation-Neuer-Messplatz-768x576.jpg 768w, https:\/\/speyer24news.com\/wp-content\/uploads\/2019\/06\/E-Ladestation-Neuer-Messplatz-678x509.jpg 678w, https:\/\/speyer24news.com\/wp-content\/uploads\/2019\/06\/E-Ladestation-Neuer-Messplatz-326x245.jpg 326w, https:\/\/speyer24news.com\/wp-content\/uploads\/2019\/06\/E-Ladestation-Neuer-Messplatz-80x60.jpg 80w\" sizes=\"(max-width: 800px) 100vw, 800px\" \/><\/figure><\/div>\n\n\n\n<p>Im\n Stadtgebiet Schwetzingen gibt es jetzt vier neue Ladestationen f\u00fcr \nElektrofahrzeuge. Die Standorte sind die Parkpl\u00e4tze am Rathaus \n(Zeyherstra\u00dfe),\n am Bahnhof (Ecke Carl-Theodor-Stra\u00dfe), am Neuen Messplatz \n(Kolpingstra\u00dfe) und am Freizeitbad bellamar (Ecke \nOdenwaldring\/Bruchh\u00e4user Stra\u00dfe). Die EnBW hat die Elektro-Tankstellen \nf\u00fcr die Stadt errichtet und \u00fcbernimmt jetzt den Service und Betrieb.\n<\/p>\n\n\n\n<p>Am\n 6. Juni 2019 fand die offizielle Er\u00f6ffnung durch Oberb\u00fcrgermeister Dr. \nRen\u00e9 P\u00f6ltl (zweiter von rechts), EnBW-Kommunalberater Andreas\n Stampfer (zweiter von links) und Patrick Cisowski und Stefanie Dott von\n der Stabstelle Klimaschutz auf dem Neuen Messplatz statt.&nbsp;\n<\/p>\n\n\n\n<p>\u201eElektromobilit\u00e4t\n ist ein grundlegender Baustein f\u00fcr ein nachhaltiges Verkehrskonzept\u201c, \nerkl\u00e4rt Cisowski. \u201eMit den ausgew\u00e4hlten in der\n Stadt verteilten Standorten der Ladestationen m\u00f6chten wir Fahrerinnen \nund Fahrern von Elektroautos\neine\n benutzerfreundliche Infrastruktur bieten und gleichzeitig alle \nB\u00fcrgerinnen und B\u00fcrger dazu motivieren, auf Elektromobilit\u00e4t \numzusteigen.\u201c<\/p>\n\n\n\n<p>F\u00fcr\n das \u201eTanken\u201c von Strom stehen Elektro-PKW an jeder Lades\u00e4ule zwei so \ngenannte Typ 2-Steckdosen mit maximal 22 Kilowatt Leistung zur\n Verf\u00fcgung. Der Zugang sei am komfortabelsten \u00fcber die \u201aEnBW \nmobility+\u2018-App, wie Andreas Stampfer erl\u00e4utert: \u201eSo finden auch \nOrtsfremde per Smartphone die Lades\u00e4ulen, Nutzer k\u00f6nnen sich den \naktuellen Status anzeigen lassen und den Bezahlvorgang mit ihr \nabwickeln.\u201c\n<\/p>\n\n\n\n<p>Mit\n der App der EnBW ist das Laden an \u00fcber 28.000 Ladepunkten in \nDeutschland, \u00d6sterreich und Schweiz m\u00f6glich &#8211; mit einem fl\u00e4chendeckend\n g\u00fcltigen, einheitlichen Tarif. \u201eAls erster Anbieter hat die EnBW einen \nreinen Kilowattstunden-basierten Tarif eingef\u00fchrt\u201c, so Stampfer. \u201eDas \nhei\u00dft, es wird allein der Strom berechnet, der tats\u00e4chlich geladen \nwurde.\u201c\n<\/p>\n\n\n\n<p>Im\n Zuge der Er\u00f6ffnung sucht die Stadt Schwetzingen 10 Personen, die \nbereits ein Elektroauto fahren und bereit sind, ihre Erfahrungen\n mit Interessierten zu teilen. Im Herbst wird dazu ein entsprechendes \nForum stattfinden. Bei Interesse melden sich E-Autofahrer in der \nStabstelle f\u00fcr Klimaschutz, Energie und Umwelt unter\n<a href=\"mailto:klimaschutz@schwetzingen.de\" target=\"_blank\" rel=\"noreferrer noopener\">klimaschutz@schwetzingen.de<\/a>. Als Dankesch\u00f6n h\u00e4lt die Stadt Ladegutscheine im Wert von\n 25 Euro bereit.<\/p>\n\n\n\n<p>N\u00e4here Information zur EnBW mobility+-App und zu den Tarifen gibt es im Internet unter: <a rel=\"noreferrer noopener\" href=\"https:\/\/deref-web-02.de\/mail\/client\/l3kViAgHC2M\/dereferrer\/?redirectUrl=https%3A%2F%2Fwww.enbw.com%2Felektromobilitaet%2Fprodukte%2Fmobilityplus-app%2Fladen-und-bezahlen\" target=\"_blank\">https:\/\/www.enbw.com\/elektromobilitaet\/produkte\/mobilityplus-app\/laden-und-bezahlen<\/a><\/p>\n\n\n\n<p><em>Stadtverwaltung Schwetzingen<br>10.09.2019<\/em><\/p>\n\n\n\n<h2 class=\"wp-block-heading\"><strong>B\u00fcrgersprechstunde von Oberb\u00fcrgermeister Dr. Ren\u00e9 P\u00f6ltl im Juni\/ Juli<\/strong><\/h2>\n\n\n\n<div class=\"wp-block-image\"><figure class=\"aligncenter\"><img decoding=\"async\" loading=\"lazy\" width=\"640\" height=\"480\" src=\"https:\/\/speyer24news.com\/wp-content\/uploads\/2019\/06\/DSC09070.jpg\" alt=\"\" class=\"wp-image-14678\" srcset=\"https:\/\/speyer24news.com\/wp-content\/uploads\/2019\/06\/DSC09070.jpg 640w, https:\/\/speyer24news.com\/wp-content\/uploads\/2019\/06\/DSC09070-300x225.jpg 300w, https:\/\/speyer24news.com\/wp-content\/uploads\/2019\/06\/DSC09070-326x245.jpg 326w, https:\/\/speyer24news.com\/wp-content\/uploads\/2019\/06\/DSC09070-80x60.jpg 80w\" sizes=\"(max-width: 640px) 100vw, 640px\" \/><\/figure><\/div>\n\n\n\n<p>Am  <strong>Dienstag, 25. Juni 2019<\/strong>, &nbsp;wird Oberb\u00fcrgermeister Dr. Ren\u00e9 P\u00f6ltl seine  n\u00e4chste B\u00fcrgersprechstunde abhalten. Sie findet in der Zeit ab 17 Uhr im  Rathaus statt. F\u00fcr diesen  Termin sind noch Anmeldungen m\u00f6glich. <\/p>\n\n\n\n<p>Die  n\u00e4chste B\u00fcrgersprechstunde findet dann am Montag, 22. Juli 2019, statt.  F\u00fcr diesen Termin sind ebenfalls bereits Anmeldungen m\u00f6glich.  Interessierte B\u00fcrger\/innen k\u00f6nnen  sich an Sarah Erles, Tel. 87-201, &nbsp;zwecks Terminvereinbarung wenden.<\/p>\n\n\n\n<p><em>Stadtverwaltung Schwetzingen<br>10.09.2019<\/em><\/p>\n\n\n\n<h2 class=\"wp-block-heading\"><strong>Freiwilligenagentur bis einschlie\u00dflich 26. Juni geschlossen<\/strong><\/h2>\n\n\n\n<p>Aufgrund  der Feiertage und der Pfingstferien ist die Freiwilligenagentur ab  sofort bis einschlie\u00dflich 26. Juni 2019 geschlossen. Ab dem 27. Juni ist das B\u00fcro wieder donnerstags von  17.30 Uhr bis 19.30 Uhr &nbsp;ge\u00f6ffnet.<\/p>\n\n\n\n<p><em>Stadtverwaltung Schwetzingen<br>10.09.2019<\/em><\/p>\n\n\n\n<h2 class=\"wp-block-heading\"><strong>\u201e10 Jahre Generationenb\u00fcro \u2013 Rat und Tat in allen Lebenslagen<\/strong><\/h2>\n\n\n\n<div class=\"wp-block-image\"><figure class=\"aligncenter\"><img decoding=\"async\" loading=\"lazy\" width=\"600\" height=\"599\" src=\"https:\/\/speyer24news.com\/wp-content\/uploads\/2019\/06\/SZ_GenerationenBuero_3899.jpg\" alt=\"\" class=\"wp-image-14676\" srcset=\"https:\/\/speyer24news.com\/wp-content\/uploads\/2019\/06\/SZ_GenerationenBuero_3899.jpg 600w, https:\/\/speyer24news.com\/wp-content\/uploads\/2019\/06\/SZ_GenerationenBuero_3899-150x150.jpg 150w, https:\/\/speyer24news.com\/wp-content\/uploads\/2019\/06\/SZ_GenerationenBuero_3899-300x300.jpg 300w\" sizes=\"(max-width: 600px) 100vw, 600px\" \/><\/figure><\/div>\n\n\n\n<p>Seit\n nunmehr zehn Jahren gibt es das Generationenb\u00fcro am Schlossplatz 4 \nbereits. Er\u00f6ffnet am 19. Oktober 2009 betrat die Stadt Schwetzingen mit \ndiesem Angebot v\u00f6llig neue Wege.\n<\/p>\n\n\n\n<p>Oberb\u00fcrgermeister\n Dr. Ren\u00e9 P\u00f6ltl hatte im Wahlkampf stets betont, f\u00fcr alle Generationen \nin Schwetzingen gute Angebote und M\u00f6glichkeiten schaffen zu wollen.&nbsp; Da \nwar die Weiterentwicklung\n des ehemaligen Seniorenb\u00fcros hin zu einem Generationenb\u00fcro nur die \nfolgerichtige Konsequenz. Seither wird in den R\u00e4umen des \nRabaliatti-Hauses die Beratung und Information f\u00fcr die vielf\u00e4ltigen \nLebenslagen von Jung und Alt gro\u00df geschrieben.\n<\/p>\n\n\n\n<p>Am\n Anfang mit nur zwei Mitarbeiterinnen und der Sachgebietsleitung \nKinderg\u00e4rten und Schulen gestartet, k\u00fcmmern sich mittlerweile vier \nMitarbeiterinnen um die Anliegen der B\u00fcrger\/innen.\n Sie sind unter anderem zust\u00e4ndig f\u00fcr das zentrale Vormerkverfahren der \nKinderbetreuungseinrichtungen sowie der Au\u00dferschulischen Betreuung und \nder Schulen in Tr\u00e4gerschaft der Stadt. Auch die Inklusionsbeauftragte \nder Stadt Nicole Blem hat hier ihr B\u00fcro. Urspr\u00fcnglich\n hatte auch das Jugendb\u00fcro hier noch seinen Sitz, bevor es ins \nJugendhaus GoIN in der Kolpingstra\u00dfe 2 umzog.\n<\/p>\n\n\n\n<p><strong>Vielf\u00e4ltige Beratungsangebote und Veranstaltungen<\/strong><\/p>\n\n\n\n<div class=\"wp-block-image\"><figure class=\"aligncenter\"><img decoding=\"async\" loading=\"lazy\" width=\"500\" height=\"710\" src=\"https:\/\/speyer24news.com\/wp-content\/uploads\/2019\/06\/Generationenb\u00fcro-Schwetzingen.png\" alt=\"\" class=\"wp-image-14677\" srcset=\"https:\/\/speyer24news.com\/wp-content\/uploads\/2019\/06\/Generationenb\u00fcro-Schwetzingen.png 500w, https:\/\/speyer24news.com\/wp-content\/uploads\/2019\/06\/Generationenb\u00fcro-Schwetzingen-211x300.png 211w\" sizes=\"(max-width: 500px) 100vw, 500px\" \/><\/figure><\/div>\n\n\n\n<p>Die\n Angebote im Generationenb\u00fcro sind vielf\u00e4ltig. An jedem dritten Mittwoch\n im Monat findet durch eine Innenarchitektin eine Wohnberatung zum Thema\n altersgerecht und barrierefrei umbauen\n statt. Im Laufe der Zeit noch neu hinzugekommen sind der \nPflegest\u00fctzpunkt Schwetzingen (montags 10 bis 12 Uhr und 13 bis 15 Uhr),\n die Freiwilligenagentur (donnerstags von 17.30 bis 19.30 Uhr) sowie \nviertelj\u00e4hrlich die Beglaubigungssprechstunde.\n<\/p>\n\n\n\n<p>Aber\n die Mitarbeiterinnen des Generationenb\u00fcros sind auch ma\u00dfgeblich an der \nPlanung und Durchf\u00fchrung verschiedener st\u00e4dtischer Veranstaltungen \nbeteiligt. So zum Beispiel an der Ausbildungsb\u00f6rse,\n am Dreck-Weg-Tag, beim Sommertagszug und bei diversen \nKooperationsveranstaltungen wie dem Fr\u00fchst\u00fcck f\u00fcr Eltern mit \nNeugeborenen und dem Sommerfest der Ehrenamtlichen sowie bei diversen \nInfost\u00e4nden.<\/p>\n\n\n\n<p><strong>Aktualisierte Generationenbrosch\u00fcre erschienen<\/strong><\/p>\n\n\n\n<p>Zum  zehnj\u00e4hrigen Jubil\u00e4um&nbsp; ist auch die Generationenbrosch\u00fcre \u201eJung sein  und \u00e4lter werden in Schwetzingen\u201c mit finanzieller Unterst\u00fctzung der  Sparkasse, der Volksbank und der Stadtwerke  Schwetzingen in aktualisierter Form und im neuen \u00fcbersichtlichen DINA4  Format erschienen: Vollgepackt mit Informationen zu allen Lebenslagen  und quasi als Wegweiser mit allen Schwetzinger Angeboten vom S\u00e4ugling  bis zum Senior.&nbsp; Die vollst\u00e4ndig \u00fcberarbeitete  Brosch\u00fcre ist kostenlos im Generationenb\u00fcro und zum Download im  Internet unter <a rel=\"noreferrer noopener\" href=\"https:\/\/deref-web-02.de\/mail\/client\/ranEm4KFJTM\/dereferrer\/?redirectUrl=http%3A%2F%2Fwww.schwetzingen.de\" target=\"_blank\"> www.schwetzingen.de<\/a> auf der Unterseite Generationenb\u00fcro erh\u00e4ltlich.  Die Eltern Neugeborener mit Wohnort Schwetzingen erhalten die Brosch\u00fcre  zusammen mit einem Willkommenspaket per Post zugeschickt. Am 17. Oktober  2019 wird das Generationenb\u00fcro dann sein  zehnj\u00e4hriges Bestehen mit einigen Aktionen feiern.<\/p>\n\n\n\n<p><strong>Kontakt und \u00d6ffnungszeiten des Generationenb\u00fcros:<\/strong><br>Montag + Dienstag:  08.00 bis 12.00 Uhr<br>Donnerstag: 08.00 bis 12.00 Uhr &amp; 14.00 bis 18.00 Uhr<br>und nach Terminvereinbarung<br>Telefon: 06202 87-492, -493, -494, -495<br>E-Mail: generationenbuero@schwetzingen.de<\/p>\n\n\n\n<p><em>Text: Stadtverwaltung Schwetzingen Foto: Tobias Schwerdt Deckblatt: Design Agentur Nassner &amp; Geiss<br>10.09.2019<\/em><\/p>\n\n\n\n<h2 class=\"wp-block-heading\"><strong>Ferienprogramm 2019\nist gestartet! <\/strong><\/h2>\n\n\n\n<h3 class=\"wp-block-heading\"><em>Jetzt Angebote ausw\u00e4hlen und in den Sommerferien Spa\u00df haben<\/em><\/h3>\n\n\n\n<div class=\"wp-block-image\"><figure class=\"aligncenter\"><img decoding=\"async\" loading=\"lazy\" width=\"500\" height=\"568\" src=\"https:\/\/speyer24news.com\/wp-content\/uploads\/2019\/06\/schwetzi-1.jpg\" alt=\"\" class=\"wp-image-14675\" srcset=\"https:\/\/speyer24news.com\/wp-content\/uploads\/2019\/06\/schwetzi-1.jpg 500w, https:\/\/speyer24news.com\/wp-content\/uploads\/2019\/06\/schwetzi-1-264x300.jpg 264w\" sizes=\"(max-width: 500px) 100vw, 500px\" \/><\/figure><\/div>\n\n\n\n<p>Die Sommerferien kommen langsam n\u00e4her und\nihr habt noch nichts vor? Dann schaut schnell in das Programmheft vom Schwetzinger Ferienprogramm und sucht\neuch eure Lieblingsveranstaltungen raus.\n<\/p>\n\n\n\n<p>Warum\n nicht mal mit riesigen Funballs Spa\u00df haben, einen Imker besuchen oder \neine Kutschfahrt mitmachen? Aber auch das Naturkundemuseum in Karlsruhe,\n das Technoseum in Mannheim oder\n der Freizeitpark Lochm\u00fchle stehen auf dem Programm. Ihr k\u00f6nnt mit \nMeikel und Margot wieder malen und t\u00f6pfern, sogar eine Meisterklasse f\u00fcr\n Klavier besuchen, komponieren lernen oder an einem Rap-Workshop \nteilnehmen. Kennt Ihr schon das chinesische Papierschneiden\n oder die Blaue Schatzh\u00f6hle im Museum Blau? &nbsp;Es warten auf euch \nMinigolf, Tennis, Billard und Bowling und 80.000 Legosteine wollen \nzusammengebaut werden. Insgesamt werden 59 Veranstaltungen angeboten. \nF\u00fcr jeden ist etwas dabei. Einige Angebote laufen sogar\n \u00fcber mehrere Tage, damit der Spa\u00df nicht so schnell vorbei ist.&nbsp;Vereine,\n Unternehmen und andere Organisationen, die das Ferienprogramm \ngestalten, haben alle Vorbereitungen getroffen und freuen sich auf viele\n Kinder.<\/p>\n\n\n\n<p>Das Schwetzinger Ferienprogramm ist online unter\n<a href=\"https:\/\/deref-web-02.de\/mail\/client\/t3Q5KzVH7U0\/dereferrer\/?redirectUrl=http%3A%2F%2Fwww.unser-ferienprogramm.de%2Fschwetzingen\" target=\"_blank\" rel=\"noreferrer noopener\">www.unser-ferienprogramm.de\/schwetzingen<\/a> &nbsp;zu erreichen. Die\ngedruckten Hefte sind ab dem 5. Juni an der Rathauspforte, in der Touristinfo, im Generationenb\u00fcro,\nin der Stadtbibliothek,\n in der Volkshochschule und in den Jugendzentren erh\u00e4ltlich. Die \nAnmeldung kann schriftlich oder online erfolgen. Alle Informationen dazu\n gibt es im Heft oder im Internet.\n<\/p>\n\n\n\n<p>Wie im letzten Jahr kann jedes Kind an bis zu\nzehn Veranstaltungen teilnehmen. \nAusdr\u00fccklich zur Teilnahme eingeladen sind auch Kinder mit Behinderung. \nNach Anmeldeschluss werden die vorhandenen Pl\u00e4tze den Anmeldungen \nzugelost. So werden alle W\u00fcnsche so gut und gerecht wie\n m\u00f6glich ber\u00fccksichtigt. <\/p>\n\n\n\n<p><strong>Anmeldeschluss ist Sonntag, der 14. Juli 2019.<\/strong> Ab Mittwoch, &nbsp;dem 17. Juli k\u00f6nnen die Kinder im Internet sehen, welche\n Veranstaltungen sie erhalten haben. <\/p>\n\n\n\n<p>Die Ferienp\u00e4sse werden ab Donnerstag, 18. Juli, gegen Bezahlung der Teilnahmegeb\u00fchr\nan einer Ausgabestelle in der Eingangshalle des Rathauses oder\nan der Rathauspforte ausgegeben (Mo.-Mi. 8-12 und 14-16 Uhr, Do. 8-12 und 14-18 Uhr und Fr. 8-12 Uhr). Bitte auf die Hinweisschilder achten.\nF\u00fcr die Kostenbefreiung bringen Sie bitte Ihren g\u00fcltigen \nSchwetzinger Familienpass mit. Nicht g\u00fcltig ist der Landesfamilienpass. &nbsp;Es ist nur Barzahlung m\u00f6glich.\n&nbsp; <\/p>\n\n\n\n<p>Weitere  Fragen beantwortet gern Manfred Dams vom Amt f\u00fcr Familien, Senioren  &amp; Kultur, Sport unter 87-134&nbsp; (Mo.-Do. 13-17 und Fr. 8-12 Uhr) oder  unter <a rel=\"noreferrer noopener\" href=\"mailto:manfred.dams@schwetzingen.de\" target=\"_blank\">manfred.dams@schwetzingen.de<\/a>.<\/p>\n\n\n\n<p><em>Stadtverwaltung Schwetzingen<br>10.09.2019<\/em> <\/p>\n\n\n\n<h2 class=\"wp-block-heading\"><strong>Traditionelles Badisches Spargelessen f\u00fcr Hauptstadtkorrespondent\/innen<\/strong><\/h2>\n\n\n\n<div class=\"wp-block-image\"><figure class=\"aligncenter\"><img decoding=\"async\" loading=\"lazy\" width=\"800\" height=\"547\" src=\"https:\/\/speyer24news.com\/wp-content\/uploads\/2019\/06\/Spargelessen-2019.jpg\" alt=\"\" class=\"wp-image-14674\" srcset=\"https:\/\/speyer24news.com\/wp-content\/uploads\/2019\/06\/Spargelessen-2019.jpg 800w, https:\/\/speyer24news.com\/wp-content\/uploads\/2019\/06\/Spargelessen-2019-300x205.jpg 300w, https:\/\/speyer24news.com\/wp-content\/uploads\/2019\/06\/Spargelessen-2019-768x525.jpg 768w\" sizes=\"(max-width: 800px) 100vw, 800px\" \/><figcaption> Sie Freuten sich auf das gemeinsame Spargelessen: Kerstin Dausend  (Reporterin ARD-Morgenmagazin), Sonya Mayntz, Marcel Stadler  (Landesvertretung), Gregor Mayntz (Rheinische Post, Vorsitzender  Bundespressekonferenz),  Lisa Kullmann (Schwetzingen), Spargelprinzessin Anna Schumacher, Olav  Gutting MdB, Dr. Ren\u00e9 P\u00f6ltl (Oberb\u00fcrgermeister Schwetzingen), Hans Lehar  (OGA \/ OGV Nordbaden eG), Andreas Schulze (Dienststellenleiter  Landesvertretung), Nicole Todoroff (Landesvertretung),  Matthias Kamann (Welt), Gerd-Joachim von Fallois (Phoenix), Peter  Dausend (Die Zeit), Rolf Scheller, Anja K\u00f6hler (ARD, DW) (von links) <\/figcaption><\/figure><\/div>\n\n\n\n<p>Auch in diesem Jahr hat die Landesvertretung  Baden-W\u00fcrttemberg zum nunmehr 35. Mal die Hauptstadtkorrespondentinnen  und Hauptstadtkorrespondenten zum traditionellen Badischen Spargelessen  eingeladen. Die Veranstaltung am 8. Mai 2019  stand dabei unter dem diesj\u00e4hrigen Jahresmotto der Landesvertretung  &#8222;Macht!Europa&#8220;. Mit dabei war neben Oberb\u00fcrgermeister Dr. Ren\u00e9 P\u00f6ltl  auch erstmals die frisch gek\u00fcrte Schwetzinger Spargelprinzessin Anna I..  Eingeladen waren zudem die baden-w\u00fcrttembergischen  Mitglieder des Deutschen Bundestages. Der Spargel wird allj\u00e4hrlich von  der Obst- und Gem\u00fcseabsatzgenossenschaft Nordbaden e.G. zur Verf\u00fcgung  gestellt, der korrespondierende Wein von der Winzer von Baden e.G. (bzw.  Winzerkeller S\u00fcdliche Bergstra\u00dfe) in Wiesloch.  Das Programm des Abends beinhaltete zudem eine Darbietung des  Kabarettisten Thomas Schreckenberger. F\u00fcr Spannung sorgte au\u00dferdem der  Zauberer Claudio Gnann mit seinen Vorf\u00fchrungen.<\/p>\n\n\n\n<p><em>Stadtverwaltung Schwetzingen<br>10.09.2019<\/em><\/p>\n\n\n\n<h2 class=\"wp-block-heading\">Aus dem Gemeinderat am 2. Mai 2019<\/h2>\n\n\n\n<p><strong>Jugendachterrat: Begeisterung und Anerkennung f\u00fcr die Pr\u00e4sentation im Rat<\/strong><\/p>\n\n\n\n<p><em>Ge\u00e4nderte Planung Postareal abgesegnet\/Gr\u00fcndung der Schwetzinger Wohnbaugesellschaft auf den Weg gebracht<\/em><\/p>\n\n\n\n<p>In\n der letzten offiziellen Sitzung vor der Kommunalwahl hatte der \nGemeinderat noch ein \u201esportliches\u201c Programm zu absolvieren und brachte \neine Vielzahl von Themen auf den Weg.<\/p>\n\n\n\n<p><strong>Achterrat: Jugendliche pr\u00e4sentieren Stadt ihre W\u00fcnsche<\/strong><\/p>\n\n\n\n<p>Gro\u00dfer\n Bahnhof f\u00fcr die Jugendlichen in der \u00f6ffentlichen Sitzung des \nGemeinderates: 15 Sch\u00fclerinnen und Sch\u00fcler pr\u00e4sentierten den R\u00e4ten \ngestern in einer halben Stunde direkt die von\n ihnen erarbeiteten W\u00fcnsche und Ideen aus den unterschiedlichen \nThemenbereichen. OB P\u00f6ltl und die Fraktionen waren alle begeistert von \nso viel Engagement. Noch vor der Sommerpause m\u00f6chte der Gemeinderat nach\n erfolgter Pr\u00fcfung \u00fcber die M\u00f6glichkeiten der Realisierung\n einzelner Ma\u00dfnahmen und Projekte entscheiden und den Jugendlichen somit\n eine direkte R\u00fcckmeldung geben.<\/p>\n\n\n\n<p>Die\n Stadt Schwetzingen hat in diesem Schuljahr mit dem Achterrat erstmals \nein neues Beteiligungsformat f\u00fcr Jugendliche eingef\u00fchrt, wie dies auch \nin der Gemeindeordnung Baden-W\u00fcrttemberg\n vorgesehen ist. Dabei handelt es sich um ein schul\u00fcbergreifendes, in \nden Unterricht integriertes Beteiligungsprojekt f\u00fcr alle Achtkl\u00e4ssler. \nIn zwei Foren, einem Vororttermin und einem Treffen mit Experten aus der\n Verwaltung entstanden konkrete Vorschl\u00e4ge und\n W\u00fcnsche der Sch\u00fcler\/innen, die jetzt Eingang in den Gemeinderat fanden.\n Die Anregungen kamen aus den Arbeitsbereichen Infrastruktur\/ \nFreizeitangebote, Treffpunkte, Jugendzentrum, Jugendevents, Mobilit\u00e4t\/ \nSchulwege, Sicherheit, Digitalisierung, Schule sowie\n Politik und Beteiligung.<\/p>\n\n\n\n<p><strong>PFAUDLER-Areal: Erster Bauabschnitt soll kommen<\/strong><\/p>\n\n\n\n<p>Erste\n konkrete Schritte f\u00fcr die Entwicklung von Wohnraum auf dem bisherigen \nPfaudler-Areal: Der Gemeinderat stimmte jetzt der Entwicklung eines \nersten Bauabschnitts im n\u00f6rdlichen Teil\n des Gebietes zu. Diese soll nicht wie die eigentliche Industriefl\u00e4che \n\u00fcber einen Bebauungsplan, sondern nach \u00a7 34 Baugesetzbuch (Zul\u00e4ssigkeit \nvon Vorhaben innerhalb der im Zusammenhang bebauten Ortsteile) \ngehandhabt werden. Entstehen k\u00f6nnten in diesem 1. Abschnitt\n abh\u00e4ngig von der Detailplanung 150 bis 180 Wohnungen, davon sollen auch\n ca. 50 in die dringend ben\u00f6tigte Kategorie f\u00fcr g\u00fcnstigen Wohnraum \nentfallen, wie OB P\u00f6ltl betonte. Allerdings sind von Seiten des \nProjektentwicklers und Investors, die Fa. Epple aus Heidelberg,\n in Zusammenarbeit mit der Stadt zun\u00e4chst alle grunds\u00e4tzlichen \nFragestellungen zu kl\u00e4ren bzw. zu erarbeiten, die auch f\u00fcr die sp\u00e4tere \nGesamtentwicklung des Areals von Bedeutung sind. Diese sollen bevor es \nans Bauen geht in einem st\u00e4dtebaulichen Rahmenplan bzw.\n st\u00e4dtebaulichen Rahmenvertrag zusammengefasst werden, mit dem sich die \nStadt auch ihre Planungshoheit sichert. Dabei geht es um alle \nwesentlichen Fragen der Gestaltung, der Nutzung, der Verdichtung, der \nErschlie\u00dfung, des L\u00e4rms, der Umwelt und des Verkehrs.\n Insofern kommt dem 1. Bauabschnitt Modellcharakter f\u00fcr das \nGesamtvorhaben zu. In einem zweiten Schritt soll dann darauf aufbauend \nf\u00fcr das Gesamtareal ein Bebauungsplan entstehen.<\/p>\n\n\n\n<p><strong>Planung Postareal: Ge\u00e4nderte Planung gebilligt\n<\/strong><\/p>\n\n\n\n<p>Einhellige\n Zustimmung \u00fcber den ge\u00e4nderten Entwurf des vorhabenbezogenen \nBebauungsplans \u201ePostgel\u00e4nde\u201c: Nachdem der Gemeinderat im M\u00e4rz seine \nEntscheidung zur\u00fcckgestellt hatte, wurde\n von Seiten der Stadt nachverhandelt. Vor allem ging es um die \nVerdichtung und Bel\u00fcftungssituation im r\u00fcckw\u00e4rtigen Bereich hin zur \nNachbarschaft. Durch Reduzierungen in den Obergeschossen im n\u00f6rdlichen \nBereich des Hauptgeb\u00e4udes und einer geringf\u00fcgigen Erweiterung\n des Baufensters im s\u00fcdlichen Bereich wurde jetzt eine L\u00f6sung gefunden. \nEntsprechend dem Verfahrensstand geht die Planung jetzt weiter in die \nBeteiligung der \u00d6ffentlichkeit und der Beh\u00f6rden.<\/p>\n\n\n\n<p><strong>Schwetzinger Wohnbaugesellschaft (SWG) wird gegr\u00fcndet<\/strong><\/p>\n\n\n\n<p>Nach\n dem Grundsatzbeschluss vom Juli 2018 wird die Gr\u00fcndung einer \nSchwetzinger Wohnbaugesellschaft jetzt Realit\u00e4t. Dazu segnete der \nGemeinderat jetzt den erforderlichen Gesellschaftsvertrag\n in Form der GmbH &amp; Co.KG ab, in dem sich Stadt und Gemeinderat die \nerforderlichen Mitwirkungsrechte und Entscheidungsrechte zu \ngrunds\u00e4tzlichen Fragestellungen sichern. Die Gesellschaft verfolgt \nausschlie\u00dflich Zwecke der kommunalen Daseinsvorsorge.<\/p>\n\n\n\n<p>Organisatorisch\n soll es im Interesse kosteng\u00fcnstiger Strukturen eine enge \nZusammenarbeit mit den Stadtwerken Schwetzingen geben. Zum \nGesch\u00e4ftsf\u00fchrer wird laut Beschluss Patrick K\u00f6rner,\n bisher kaufm\u00e4nnischer Assistent der Gesch\u00e4ftsf\u00fchrung bei den \nStadtwerken, bestellt. Als Festkapital werden in die Gesellschaft \n500.000 EUR eingebracht. Ebenso bringt die Stadt Schwetzingen die so \ngenannten Thienhaus-H\u00e4user mit insgesamt 60 Wohnungen als \nImmobiliengrundstock\n mit in die Gesellschaft ein, die sich vorrangig um die Schaffung von \nbezahlbarem Wohnraum in Schwetzingen k\u00fcmmern soll. Erste Projekte sind \nvoraussichtlich der Neubau des Hauses Lindenstra\u00dfe 56 sowie ein \nEngagement im vorgesehenen 1. Bauabschnitt des Pfaudler-Areals.<\/p>\n\n\n\n<p><strong>Friedhof: Masterplan 2019-2024 verabschiedet<\/strong><\/p>\n\n\n\n<p>Gro\u00dfe Zustimmung f\u00fcrdenvorgestellten Masterplan f\u00fcr den Schwetzinger Friedhof. \nEr bildet k\u00fcnftig die Richtschnur f\u00fcr die dortige Entwicklung in den \nn\u00e4chsten Jahren. Hintergrund sind starke Ver\u00e4nderungen in der heutigen \nFriedhofs-und Bestattungskultur und die damit\n zusammenh\u00e4ngenden W\u00fcnsche und Anforderungen. So steigt z.B. aufgrund \nder zunehmenden Mobilit\u00e4t und Individualisierung der Gesellschaft die \nNachfrage nach pflegeleichten oder pflegefreien Bestattungsformen. Der \nWunsch nach traditioneller Erdbestattung geht\n zur\u00fcck, gleichzeitig steigen die Anforderungen an den Friedhof als \nKulturraum. Die Stadt beauftragte 2018 das Landschaftsarchitekturb\u00fcro \nPlanRat aus Kassel mit der Entwicklung eines Konzeptes, auf dessen Basis\n bis 2024 bauliche, gestalterische sowie organisatorische\n Punkte umgesetzt werden sollen. Dazu geh\u00f6rt u.a. die Aufwertung der \nTrauerhalle, die bereits erfolgte Errichtung eines barrierefreien \nBesucher WCs, Erneuerung der Friedhofsmauer und der Wegefl\u00e4chen, die \n\u00c4nderung der Bepflanzung und die Erneuerung des Baumbestandes,\n die langfristige Wandlung vom Friedhof zum Friedhofspark sowie eine \nNeuentdeckung des Friedhofes als Ort der Begegnung.\n<\/p>\n\n\n\n<p><strong>Spielpl\u00e4tze sollen attraktiver werden<\/strong><\/p>\n\n\n\n<p>Die\n Spielpl\u00e4tze in Schwetzingen sollen in den n\u00e4chsten Jahren zunehmend \nattraktiver werden und damit verst\u00e4rkt zur Familienfreundlichkeit \nSchwetzingens beitragen. Aufbauend auf einem\n Antrag-der SPD-Fraktion hat sich die Stadtverwaltung intensiv mit dem \nZustand der Einrichtungen in der Stadt befasst. Schon l\u00e4nger wird mit \neiner Spielplatzdatei die kontinuierliche Wartung und Sicherheitspr\u00fcfung\n der Spielger\u00e4te auf den 26 st\u00e4dtischen Spiel-\n und Bolzpl\u00e4tzen dokumentiert und gesteuert.<\/p>\n\n\n\n<p>Jeder\n Platz wurden jetzt nach Dringlichkeit f\u00fcr eine eventuell notwendige \nSanierung oder Umgestaltung eingestuft: Stufe 1 f\u00fcr dringenden \nSanierungsbedarf, Stufe 2 mit Bedarf f\u00fcr eine\n Teilsanierung und Stufe 3 f\u00fcr Pl\u00e4tze, wo vorerst kein Bedarf anliegt. \nIn den kommenden f\u00fcnf Jahren sollen die unter Stufe 1 fallenden Anlagen \n(Heckerplatz, Ostpreu\u00dfenring, Stadion, Sternallee) sowie der Spielplatz \nan der Nordstadtgrundschule unter Einbindung\n eines Fachb\u00fcros \u00fcberplant und saniert werden. Kinder und Jugendliche \nwerden hierbei in die Planung eingebunden. Ab 2020 sollen j\u00e4hrlich daf\u00fcr\n zus\u00e4tzlich zum Unterhaltungsbudget 50.000 EUR eingeplant werden.\n<\/p>\n\n\n\n<p><strong>Sauna im bellamar wird saniert und vergr\u00f6\u00dfert<\/strong><\/p>\n\n\n\n<p>Nach\n Oftersheim stimmt auch der Schwetzinger Gemeinderat jetzt der Sanierung\n und Erweiterung der Saunaanlage im Freizeitbad bellamar in der Variante\n 4 zu. Die Gesamtkosten f\u00fcr diese\n Variante betragen 1.823.850 EUR. Der Kostenansatz wird bei 1,5 Mio. EUR\n gedeckelt. Die Gemeinde Oftersheim \u00fcbernimmt davon ihren Anteil von \n500.000 EUR, die Stadt Schwetzingen zahlt 1 Mio. EUR. Die dar\u00fcber hinaus\n gehenden Kosten in H\u00f6he von 323.850 EUR \u00fcbernimmt\n einmalig und ausnahmsweise, wie alle Fraktionen betonten, die Stadt \nSchwetzingen als st\u00e4dtebaulichen Anteil. Die Variante 4 bietet im \nVergleich zu den anderen Varianten in Zukunft uneingeschr\u00e4nkte \nErweiterungsm\u00f6glichkeiten, ein gro\u00dfz\u00fcgiges Gastronomieangebot\n sowie eine st\u00e4dtebauliche Aufwertung entlang der Bruchh\u00e4user Stra\u00dfe. <\/p>\n\n\n\n<p><strong>Zus\u00e4tzliche Kosten aufgrund der Baustelle Salierbr\u00fccke und Finanzierung des Linienb\u00fcndels Schwetzingen-Hockenheim\n<\/strong><\/p>\n\n\n\n<p>Um\n die ausreichenden Verkehrsbedingungen im Linienb\u00fcndel \nSchwetzingen-Hockenheim auch w\u00e4hrend der Bauma\u00dfnahmen an der \n\u201aSalierbr\u00fccke\u2018 sicherzustellen, stimmt der Gemeinderat einer \nau\u00dferplanm\u00e4\u00dfigen\n Ausgabe im laufenden Haushaltsjahr von 51.100 Euro f\u00fcr die anteiligen \nMehrkosten des Baustellenverkehrs &#8211; Shuttle-Busse und Verl\u00e4ngerung der \nBuslinie 717 &#8211; zu. Bereits im September 2019 hatte der Gemeinderat der \nMa\u00dfnahme grunds\u00e4tzlich zugestimmt.<\/p>\n\n\n\n<p>Weiter\n stellt der Gemeinderat 325.000 EUR zur Finanzierung des Linienb\u00fcndels \nSchwetzingen-Hockenheim bereit. Hier handelt es aber nur um einen \ndurchlaufenden Posten im Haushalt zur\n anteiligen Vorfinanzierung des zu erwartenden Landeszuschusses an den \nVRN GmbH, der erst im 4. Quartal 2019 zur Verf\u00fcgung steht.<\/p>\n\n\n\n<p><strong>Wieder Schlittschuhbahn auf dem Schlossplatz<\/strong><\/p>\n\n\n\n<p>Vielfach\n gew\u00fcnscht und bald wieder Realit\u00e4t: Vom 4. November 2019 bis zum 31. \nJanuar 2020 soll es wieder eine Schlittschuhbahn auf dem s\u00fcdlichen \nSchlossplatz geben, so die Planung der\n Gastronomen Ali Ghawami und Markus Walz. Statt \u2013 wie fr\u00fcher &#8211; einer \nKunsteisfl\u00e4che kommen diesmal klimaschonende und energiekostensparende \nKunststoffplatten zum Einsatz. Die optische Gestaltung sowie das \nBeleuchtungskonzept der Schlittschuhbahn werden sich\n am Gestaltungskonzept des Kurf\u00fcrstlichen Weihnachtsmarkts orientieren. \nDie Stadt unterst\u00fctzt laut des mit 6 Gegenstimmen gefassten Beschlusses \ndie Betreiber der Schlittschuhbahn \u2013 zun\u00e4chst begrenzt auf 5 Jahre &#8211; mit\n einem j\u00e4hrlichen Sponsoring von 10.000 Euro\n und verzichtet auf Geb\u00fchren f\u00fcr die Nutzung des Platzes. <\/p>\n\n\n\n<p><strong>Generalsanierung Karlsruher Stra\u00dfe: Baubeginn Februar 2020<\/strong><\/p>\n\n\n\n<p>Der\n Gemeinderat informiert sich \u00fcber den aktuellen Stand zur Umgestaltung \nder Karlsruher Stra\u00dfe. Los gehen soll es im Februar 2020. Damit kann \nauch der Weihnachtsmarkt 2019 noch ungehindert\n ablaufen. Am 16. Juli 2019 findet zu den Details eine \u00f6ffentliche \nInformationsveranstaltung statt. Im Herbst folgt dann die Ausschreibung \nund Vergabe des gesch\u00e4tzt ca. 5,6 Mio. EUR (ohne Planungskosten) teuren \nProjekts.<\/p>\n\n\n\n<p><strong>STADTRADELN: Vom 18. Mai bis 7. Juni kr\u00e4ftig in die Pedale treten<\/strong><\/p>\n\n\n\n<p>Die\n Stadt Schwetzingen nimmt in diesem Jahr erstmals an der Kampagne \nSTADTRADELN des Klimab\u00fcndnisses teil. In dem dreiw\u00f6chigen \nAktionszeitraum vom 18. Mai bis zum 7. Mai treten Teams\n von B\u00fcrgern, Kommunalpolitik, Schulklassen, Vereinen und Unternehmen \nf\u00fcr den Klimaschutz in die Pedale. Au\u00dfer Schwetzingen nehmen noch \nzahlreiche weitere Kommunen aus dem Rhein-Neckar-Kreis am Stadtradeln \nteil.\n<\/p>\n\n\n\n<p>Soweit  nicht anders beschrieben, erfolgten die Beschl\u00fcsse einstimmig. Die  komplette Sitzung sowie die Vorlagen und Beschl\u00fcsse sind auch im  Internet unter <a rel=\"noreferrer noopener\" href=\"https:\/\/deref-web-02.de\/mail\/client\/HCUZ2Fqnv0g\/dereferrer\/?redirectUrl=http%3A%2F%2Fratsinfo.schwetzingen.de\" target=\"_blank\">http:\/\/ratsinfo.schwetzingen.de<\/a> nachzulesen.<\/p>\n\n\n\n<p><em>Stadtverwaltung Schwetzingen<br>10.09.2019<\/em><\/p>\n","protected":false},"excerpt":{"rendered":"<div class=\"mh-excerpt\"><p>Aus dem Gemeinderat am 6. Juni 2019 Erneuerung der Stra\u00dfenbeleuchtung in der Nordstadt und Markgrafenstra\u00dfe Gedenkminute f\u00fcr Hans-Joachim F\u00f6rster \/ Susanne Bertrand-Baumann r\u00fcckt in den Gemeinderat nach \/ Keine Zustimmung zur Ablehnung des Gemeinderatsmandats durch <a class=\"mh-excerpt-more\" href=\"https:\/\/speyer24news.com\/?p=14672\" title=\"Schwetzingen\">[&#8230;]<\/a><\/p>\n<\/div>","protected":false},"author":3,"featured_media":0,"comment_status":"open","ping_status":"open","sticky":false,"template":"","format":"standard","meta":{"_monsterinsights_skip_tracking":false,"_monsterinsights_sitenote_active":false,"_monsterinsights_sitenote_note":"","_monsterinsights_sitenote_category":0,"footnotes":""},"categories":[477],"tags":[1449,1446,1447,1451,1450,737,1448,154,1452],"aioseo_notices":[],"amp_enabled":true,"_links":{"self":[{"href":"https:\/\/speyer24news.com\/index.php?rest_route=\/wp\/v2\/posts\/14672"}],"collection":[{"href":"https:\/\/speyer24news.com\/index.php?rest_route=\/wp\/v2\/posts"}],"about":[{"href":"https:\/\/speyer24news.com\/index.php?rest_route=\/wp\/v2\/types\/post"}],"author":[{"embeddable":true,"href":"https:\/\/speyer24news.com\/index.php?rest_route=\/wp\/v2\/users\/3"}],"replies":[{"embeddable":true,"href":"https:\/\/speyer24news.com\/index.php?rest_route=%2Fwp%2Fv2%2Fcomments&post=14672"}],"version-history":[{"count":2,"href":"https:\/\/speyer24news.com\/index.php?rest_route=\/wp\/v2\/posts\/14672\/revisions"}],"predecessor-version":[{"id":14681,"href":"https:\/\/speyer24news.com\/index.php?rest_route=\/wp\/v2\/posts\/14672\/revisions\/14681"}],"wp:attachment":[{"href":"https:\/\/speyer24news.com\/index.php?rest_route=%2Fwp%2Fv2%2Fmedia&parent=14672"}],"wp:term":[{"taxonomy":"category","embeddable":true,"href":"https:\/\/speyer24news.com\/index.php?rest_route=%2Fwp%2Fv2%2Fcategories&post=14672"},{"taxonomy":"post_tag","embeddable":true,"href":"https:\/\/speyer24news.com\/index.php?rest_route=%2Fwp%2Fv2%2Ftags&post=14672"}],"curies":[{"name":"wp","href":"https:\/\/api.w.org\/{rel}","templated":true}]}}