{"id":14753,"date":"2019-06-10T14:57:43","date_gmt":"2019-06-10T13:57:43","guid":{"rendered":"https:\/\/speyer24news.com\/?p=14753"},"modified":"2019-06-10T14:57:44","modified_gmt":"2019-06-10T13:57:44","slug":"hockenheim-5","status":"publish","type":"post","link":"https:\/\/speyer24news.com\/?p=14753","title":{"rendered":"Hockenheim:"},"content":{"rendered":"<style type=\"text\/css\">\r\n\t.ads_top_disp{}\r\n\t.ads_top_corner_disp{ float:left; margin:0px 10px 10px 0px; }\r\n\t.ads_first_p_disp{}\r\n\t.ads_bottom_disp{}\r\n\t<\/style>\n<div class=\"wp-block-image\"><figure class=\"aligncenter\"><img decoding=\"async\" loading=\"lazy\" width=\"800\" height=\"559\" src=\"https:\/\/speyer24news.com\/wp-content\/uploads\/2019\/06\/1250-Jahre-Hockenheim.jpg\" alt=\"\" class=\"wp-image-14755\" srcset=\"https:\/\/speyer24news.com\/wp-content\/uploads\/2019\/06\/1250-Jahre-Hockenheim.jpg 800w, https:\/\/speyer24news.com\/wp-content\/uploads\/2019\/06\/1250-Jahre-Hockenheim-300x210.jpg 300w, https:\/\/speyer24news.com\/wp-content\/uploads\/2019\/06\/1250-Jahre-Hockenheim-768x537.jpg 768w\" sizes=\"(max-width: 800px) 100vw, 800px\" \/><\/figure><\/div>\n\n\n\n<h2 class=\"wp-block-heading\">Mobilit\u00e4t in allen Facetten erleben<\/h2>\n\n\n\n<div class=\"wp-block-image\"><figure class=\"aligncenter\"><img decoding=\"async\" loading=\"lazy\" width=\"800\" height=\"218\" src=\"https:\/\/speyer24news.com\/wp-content\/uploads\/2019\/06\/Solardrom.png\" alt=\"\" class=\"wp-image-14766\" srcset=\"https:\/\/speyer24news.com\/wp-content\/uploads\/2019\/06\/Solardrom.png 800w, https:\/\/speyer24news.com\/wp-content\/uploads\/2019\/06\/Solardrom-300x82.png 300w, https:\/\/speyer24news.com\/wp-content\/uploads\/2019\/06\/Solardrom-768x209.png 768w\" sizes=\"(max-width: 800px) 100vw, 800px\" \/><\/figure><\/div>\n\n\n\n<p>Freunde der Elektromobilit\u00e4t, egal ob Jung oder Alt, kommen am <strong>Samstag, dem 15. Juni 2019<\/strong>, ab 10 Uhr auf dem Zehntscheunenplatz voll auf ihre Kosten. Nach der offiziellen Begr\u00fc\u00dfung geben die Aktiven des Vereins Solardrom und der Lokalen Agenda-Gruppe \u201eBegegnung Jung bis Alt\u201c Einblick in die Themen, die sie besch\u00e4ftigen. Auf dem Platz werden E-Fahrzeuge vorgestellt; Experten stehen Rede und Antwort. Au\u00dferdem werden die Stadtwerke Hockenheim mit ihrem neuen E-Auto vertreten sein. Ab 11 Uhr bietet das Programm mit Kurzvortr\u00e4gen einen Blick in die Zukunft der Fortbewegung von morgen. Ab circa 11.30 Uhr erkl\u00e4rt die Gruppe Mobilit\u00e4tsstadt Hockenheim, was sich hinter dem Thema Mobilit\u00e4tspfad verbirgt, der auch auf der letzten Gemeinderatssitzung vorgestellt wurde. Au\u00dferdem wird \u00fcber Neues vom SION und dem E-GO berichtet. Die Agenda-Gruppe \u201eRadfahren\u201c gibt Einblicke in die Radentwicklung.<\/p>\n\n\n\n<p>Bei der Veranstaltung im Rahmen der \u201emeinsolar\u201c-Reihe informiert der Solardrom-Vorsitzende und Sprecher der Agenda Gruppe \u201eErneuerbare Energien\u201c, Michael Sch\u00f6llkopf, \u00fcber verschiedene Aspekte rund um das Thema Mobilit\u00e4t. Dabei ist dem Verein wichtig, dass die Teilnehmer \u00fcber ihre Erfahrungen berichten k\u00f6nnen. Au\u00dferdem k\u00f6nnen wieder E-Fahrzeuge, E-Bikes, E-Lastenr\u00e4der und E-Auto zum Anfassen erlebt werden. Probefahrten sind auf dem Platz leider nicht m\u00f6glich. Daf\u00fcr verlosen die Veranstalter Tagestickets f\u00fcr das e4 TESTIVAL, das zeitgleich auf dem Hockenheimring stattfinden wird.<\/p>\n\n\n\n<div class=\"wp-block-image\"><figure class=\"aligncenter\"><img decoding=\"async\" loading=\"lazy\" width=\"800\" height=\"600\" src=\"https:\/\/speyer24news.com\/wp-content\/uploads\/2019\/06\/2019-06-07-Lokale-Agenda_E-Mobilit\u00e4t.jpg\" alt=\"\" class=\"wp-image-14767\" srcset=\"https:\/\/speyer24news.com\/wp-content\/uploads\/2019\/06\/2019-06-07-Lokale-Agenda_E-Mobilit\u00e4t.jpg 800w, https:\/\/speyer24news.com\/wp-content\/uploads\/2019\/06\/2019-06-07-Lokale-Agenda_E-Mobilit\u00e4t-300x225.jpg 300w, https:\/\/speyer24news.com\/wp-content\/uploads\/2019\/06\/2019-06-07-Lokale-Agenda_E-Mobilit\u00e4t-768x576.jpg 768w, https:\/\/speyer24news.com\/wp-content\/uploads\/2019\/06\/2019-06-07-Lokale-Agenda_E-Mobilit\u00e4t-678x509.jpg 678w, https:\/\/speyer24news.com\/wp-content\/uploads\/2019\/06\/2019-06-07-Lokale-Agenda_E-Mobilit\u00e4t-326x245.jpg 326w, https:\/\/speyer24news.com\/wp-content\/uploads\/2019\/06\/2019-06-07-Lokale-Agenda_E-Mobilit\u00e4t-80x60.jpg 80w\" sizes=\"(max-width: 800px) 100vw, 800px\" \/><figcaption>.l.: Michael Sch\u00f6llkopf und Bruno Jahn pr\u00e4sentieren die selbstgebauten Autos zum Thema alternative Mobilit\u00e4t, die auch in diesem Jahr wieder gebastelt werden.<\/figcaption><\/figure><\/div>\n\n\n\n<p>Die Gruppe \u201eBegegnung Jung bis Alt\u201c bietet im Zeitraum von 10 bis 12 Uhr f\u00fcr die jungen Besucher ein Bastelangebot zum Thema alternative Mobilit\u00e4t an. Sie bauen mit den Kindern Autos mit Luftballon-Antrieb. Kinder ben\u00f6tigen dabei die Unterst\u00fctzung eines Erwachsenen. Die Aktion findet bei schlechtem Wetter in der Zehntscheune statt.<\/p>\n\n\n\n<p>Mehr Informationen auf der Internetseite unter <a href=\"http:\/\/www.solardrom.info\">http:\/\/www.solardrom.info<\/a>.<\/p>\n\n\n\n<p><em>Text: Stadtverwaltung Hockenheim Foto: Lokale Agenda 21 Hockenheim<br>10.06.2019<\/em><\/p>\n\n\n\n<h2 class=\"wp-block-heading\">Verkehrshinweise zum Ochinheimer Mittelaltermarkt<\/h2>\n\n\n\n<p>Am langen Fronleichnam-Wochenende (<strong>20. Juni bis 23. Juni 2019<\/strong>) zieht wieder das Mittelalter in Hockenheim ein. Der sechste \u201eOchinheimer Mittelaltermarkt\u201c begeistert die Besucher im Gartenschaupark Hockenheim dann mit spektakul\u00e4ren Reitershows, vielen mittelalterlichen Lagergruppen sowie einem gro\u00dfen Kinder- und Familienprogramm. Die Vorbereitungen des unterhaltsamen Spektakulums gehen daf\u00fcr ab Montag, dem 17. Juni 2019, in die hei\u00dfe Phase.<\/p>\n\n\n\n<p>Der Bereich von der \u00dcberf\u00fchrungsbr\u00fccke in Richtung Bahnhof ist bis auf H\u00f6he des V\u00f6lkerkreuzes von Montag, 17. Juni 2019, bis einschlie\u00dflich Dienstag, 25. Juni 2019, \u00f6ffentlich nicht zug\u00e4nglich. Der Br\u00fcckenzu- und Abgang der Spindelbr\u00fccke ist gesperrt. Die Ma\u00dfnahmen dienen der Verkehrssicherheit und dem reibungslosen Ablauf der Veranstaltung.<\/p>\n\n\n\n<p>Der Kinderspielplatz im Gartenschaupark ist w\u00e4hrend der Park\u00f6ffnungszeiten ohne Einschr\u00e4nkung erreichbar. Der Weg von der \u00dcberf\u00fchrungsbr\u00fccke in den Park ist ebenfalls frei. Eltern, die ihre Kinder zum Parkkindergarten bringen, k\u00f6nnen den Haupteingang an der Dresdner Stra\u00dfe benutzen.<\/p>\n\n\n\n<p>Die Dresdner Stra\u00dfe ist von Donnerstag, 20. Juni 2019, bis Sonntag, 23. Juni 2019, ausschlie\u00dflich f\u00fcr Anlieger frei gegeben. Besucher des Mittelaltermarkts werden gebeten, ihr Fahrzeug am Bahnhof abzustellen. Das Veranstaltungsgel\u00e4nde ist vom Parkplatz aus zu Fu\u00df in etwa f\u00fcnf Minuten zu erreichen. Durch das am Freitag und Samstag stattfindende Festival auf dem Hockenheimring kann es zu Verkehrsbehinderungen kommen. W\u00e4hrend des Marktes ist der Zutritt zum gesperrten Bereich mit Eintrittskarte m\u00f6glich.<\/p>\n\n\n\n<p><em>Stadtverwaltung Hockenheim<br>10.06.2019<\/em><\/p>\n\n\n\n<h2 class=\"wp-block-heading\">Sperrung Arndtstra\u00dfe 25<\/h2>\n\n\n\n<div class=\"wp-block-image\"><figure class=\"aligncenter\"><img decoding=\"async\" src=\"https:\/\/speyer24news.com\/wp-content\/uploads\/2019\/06\/Vollsperrung.jpg\" alt=\"\" class=\"wp-image-14628\"\/><\/figure><\/div>\n\n\n\n<p>Die Arndtstra\u00dfe ist in H\u00f6he der Hausnummer 25 <strong>am Freitag, 14. Juni 2019, von 8 Uhr bis voraussichtlich 12 Uhr<\/strong> f\u00fcr den Verkehr vollst\u00e4ndig gesperrt. Die Umleitung erfolgt in dieser Zeit \u00fcber die Wasserturmallee, Hansjakobstra\u00dfe und Haydnstra\u00dfe sowie umgekehrt. Der Anliegerverkehr ist bis zur Baustelle zugelassen. Aufgrund der Baustelle entf\u00e4llt die Haltestelle \u201eArndtstra\u00dfe\u201c des RingJets an diesem Tag von 8 bis 13 Uhr. Danach verkehrt der Stadtbus wieder wie \u00fcblich.<\/p>\n\n\n\n<p><em>Text: Stadtverwaltung Hockenheim Foto: Speyer 24\/7 News,dak<br>10.06.2019<\/em><\/p>\n\n\n\n<h2 class=\"wp-block-heading\">Vier Dekaden im \u00f6ffentlichen Dienst<\/h2>\n\n\n\n<div class=\"wp-block-image\"><figure class=\"aligncenter\"><img decoding=\"async\" loading=\"lazy\" width=\"800\" height=\"590\" src=\"https:\/\/speyer24news.com\/wp-content\/uploads\/2019\/06\/2019-06-06-Verwaltung_Ehrung-Scherer.jpg\" alt=\"\" class=\"wp-image-14765\" srcset=\"https:\/\/speyer24news.com\/wp-content\/uploads\/2019\/06\/2019-06-06-Verwaltung_Ehrung-Scherer.jpg 800w, https:\/\/speyer24news.com\/wp-content\/uploads\/2019\/06\/2019-06-06-Verwaltung_Ehrung-Scherer-300x221.jpg 300w, https:\/\/speyer24news.com\/wp-content\/uploads\/2019\/06\/2019-06-06-Verwaltung_Ehrung-Scherer-768x566.jpg 768w, https:\/\/speyer24news.com\/wp-content\/uploads\/2019\/06\/2019-06-06-Verwaltung_Ehrung-Scherer-80x60.jpg 80w\" sizes=\"(max-width: 800px) 100vw, 800px\" \/><figcaption>Mit einem sommerlich bunten Blumenstrau\u00df bedankten sich OB Dieter Gummer, Martina Schleicher (Stadtwerke Hockenheim), Johannes Lienstromberg (Personalrat) und Erhardt Metzler (Stadtwerke Hockenheim) bei Jubilarin Angelika Scherer (im Vordergrund).<\/figcaption><\/figure><\/div>\n\n\n\n<p>Eine Schreibprobe \u2013 diese legte Angelika Scherer bei ihrem Bewerbungsverfahren bei den Stadtwerken Hockenheim im April 1987 ab. \u201eDie Probe ist, wie es sich f\u00fcr eine ordentliche Verwaltung geh\u00f6rt, feins\u00e4uberlich in der Personalakte vermerkt\u201c, f\u00fcgt Oberb\u00fcrgermeister Gummer mit einem Augenzwinkern hinzu. \u201eEs gibt nicht so viele Besch\u00e4ftigte, die so oft ein Jubil\u00e4um im \u00f6ffentlichen Dienst feiern d\u00fcrfen wie Sie\u201c, betonte er bei einer kleinen Feierstunde anl\u00e4sslich des 40-j\u00e4hrigen Dienstjubil\u00e4ums im \u00f6ffentlichen Dienst von Angelika Scherer. \u201eDas 25. Dienstjubil\u00e4um im \u00f6ffentlichen Dienst, als auch das 20- und 30-j\u00e4hrige Dienstjubil\u00e4um bei der Stadt Hockenheim durften wir ebenfalls schon gemeinsam mit Ihnen begehen\u201c. An dieser Feierlichkeit nahmen auch Werkleiterin Martina Schleicher und Werkleiter Erhard Metzler von den Stadtwerken sowie Personalrat Johannes Lienstromberg teil.<\/p>\n\n\n\n<p>Angelika Scherer wurde am 5. M\u00e4rz 1958 in Hockenheim geboren. Nach Schulabschluss und Ausbildung zur Gro\u00df- und Au\u00dfenhandelskauffrau in einem Mannheimer Pharmaziegro\u00dfhandel begann ihre Anstellung im \u00f6ffentlichen Dienst 1979 bei der Stadt Filderstadt im Hoch- und Tiefbauamt, anschlie\u00dfend f\u00fchrte sie das Berufsleben ins Personalamt zur Stadt Mannheim. Am 15. April 1987 nahm sie ihre T\u00e4tigkeit im Sekretariat bei den Stadtwerken Hockenheim auf.<\/p>\n\n\n\n<p>Oberb\u00fcrgermeister Gummer hob die Bereitschaft zur kontinuierlichen Weiterbildung hervor, die Angelika Scherer seit ihrem Dienstantritt bei den Stadtwerken auszeichnet. \u201eIch nehme regelm\u00e4\u00dfig Englischunterricht, damit meine Sprachkenntnisse nicht einrosten, das ist mir sehr wichtig\u201c, betont die Jubilarin. In den letzten Jahren ist sie zudem Team-Kapit\u00e4n der gemeinsamen L\u00e4ufermannschaft der Stadtwerke Hockenheim und der Stadtverwaltung Hockenheim beim BASF Firmencup und k\u00fcmmert sich dort um die Belange der Sportler.<\/p>\n\n\n\n<p><em>Stadtwerke Hockenheim<br>10.09.2019<\/em><\/p>\n\n\n\n<h2 class=\"wp-block-heading\">Neue Freibadzeiten unter der Woche<\/h2>\n\n\n\n<div class=\"wp-block-image\"><figure class=\"aligncenter\"><img decoding=\"async\" src=\"https:\/\/speyer24news.com\/wp-content\/uploads\/2019\/06\/Aquadrom-Hockenheim-Logo-alt.png\" alt=\"\" class=\"wp-image-14764\"\/><\/figure><\/div>\n\n\n\n<p>Der Freibadbereich im Aquadrom Hockenheim ist <strong><em>ab Dienstag, 11. Juni 2019, bis zum Ende der Sommersaison<\/em><\/strong> unter der Woche von 10 bis 22 Uhr ge\u00f6ffnet. An den Wochenenden \u00f6ffnet der Freibadbereich wie bisher bereits um 8.30 Uhr. Er hat dann ebenfalls bis 22 Uhr ge\u00f6ffnet.<\/p>\n\n\n\n<p><em>Stadtverwaltung Hockenheim \/ Stadtwerke Hockenheim<br>10.06.2019<\/em><\/p>\n\n\n\n<h2 class=\"wp-block-heading\">Kinder entdecken Religionen der Welt<\/h2>\n\n\n\n<div class=\"wp-block-image\"><figure class=\"aligncenter\"><img decoding=\"async\" loading=\"lazy\" width=\"800\" height=\"600\" src=\"https:\/\/speyer24news.com\/wp-content\/uploads\/2019\/06\/2019-06-06-Kinderg\u00e4rten_Religionsprojekt_Bild-1.jpg\" alt=\"\" class=\"wp-image-14762\" srcset=\"https:\/\/speyer24news.com\/wp-content\/uploads\/2019\/06\/2019-06-06-Kinderg\u00e4rten_Religionsprojekt_Bild-1.jpg 800w, https:\/\/speyer24news.com\/wp-content\/uploads\/2019\/06\/2019-06-06-Kinderg\u00e4rten_Religionsprojekt_Bild-1-300x225.jpg 300w, https:\/\/speyer24news.com\/wp-content\/uploads\/2019\/06\/2019-06-06-Kinderg\u00e4rten_Religionsprojekt_Bild-1-768x576.jpg 768w, https:\/\/speyer24news.com\/wp-content\/uploads\/2019\/06\/2019-06-06-Kinderg\u00e4rten_Religionsprojekt_Bild-1-678x509.jpg 678w, https:\/\/speyer24news.com\/wp-content\/uploads\/2019\/06\/2019-06-06-Kinderg\u00e4rten_Religionsprojekt_Bild-1-326x245.jpg 326w, https:\/\/speyer24news.com\/wp-content\/uploads\/2019\/06\/2019-06-06-Kinderg\u00e4rten_Religionsprojekt_Bild-1-80x60.jpg 80w\" sizes=\"(max-width: 800px) 100vw, 800px\" \/><figcaption>Die Kinder aus dem S\u00fcdstadtkindergarten messen im Rahmen des Religionsprojekts die L\u00e4nge der Katholischen Kirche in Hockenheim aus.<\/figcaption><\/figure><\/div>\n\n\n\n<p>Ein Gro\u00dfteil der Kinder des S\u00fcdstadtkindergartens Hockenheim hat einen Migrationshintergrund. Deshalb sind auch die Glaubensrichtungen der Kinder vielf\u00e4ltig. Die Erzieherinnen des Kindergartens haben aus diesem Grund ein mehrw\u00f6chiges Religionsprojekt durchgef\u00fchrt. Es soll den Kindern helfen zu erfahren, welcher Religion ihr Freund und ihre Freundin angeh\u00f6ren. Bestandteil dieses Projektes waren mehrere Treffen im S\u00fcdstadtkindergarten, bei denen die Kinder auf die Besuche der verschiedenen Gottesh\u00e4user vorbereitet wurden.<\/p>\n\n\n\n<p>Die Erzieherinnen haben mit den Kindern zuerst die Moschee besucht. Ilkes Karaman hat sie dort begr\u00fc\u00dft und ihnen viel gezeigt. Er hat die verschiedenen Rituale des Islams erkl\u00e4rt. Er \u00fcbersetzte auch die Fragen der Kinder an den Imam Mustafa \u00d6zcerah. Beim Besuch des Tempels half Lina Schmidt dabei, die vielen Fragen der Kinder in laotischer Sprache zu formulieren. Der M\u00f6nch Ajahn Outhai Dhammiko stand auf diesem Weg den Kindern Rede und Antwort. Die Kinder waren interessiert und wollten vieles wissen, beispielsweise warum der M\u00f6nch keine Haare hat, ob alle seine Kleider orange sind und ob alle Buddhas auf dem Altar aus echtem Gold sind.<\/p>\n\n\n\n<div class=\"wp-block-image\"><figure class=\"aligncenter\"><img decoding=\"async\" loading=\"lazy\" width=\"800\" height=\"600\" src=\"https:\/\/speyer24news.com\/wp-content\/uploads\/2019\/06\/2019-06-06-Kinderg\u00e4rten_Religionsprojekt_Bild-2.jpg\" alt=\"\" class=\"wp-image-14763\" srcset=\"https:\/\/speyer24news.com\/wp-content\/uploads\/2019\/06\/2019-06-06-Kinderg\u00e4rten_Religionsprojekt_Bild-2.jpg 800w, https:\/\/speyer24news.com\/wp-content\/uploads\/2019\/06\/2019-06-06-Kinderg\u00e4rten_Religionsprojekt_Bild-2-300x225.jpg 300w, https:\/\/speyer24news.com\/wp-content\/uploads\/2019\/06\/2019-06-06-Kinderg\u00e4rten_Religionsprojekt_Bild-2-768x576.jpg 768w, https:\/\/speyer24news.com\/wp-content\/uploads\/2019\/06\/2019-06-06-Kinderg\u00e4rten_Religionsprojekt_Bild-2-678x509.jpg 678w, https:\/\/speyer24news.com\/wp-content\/uploads\/2019\/06\/2019-06-06-Kinderg\u00e4rten_Religionsprojekt_Bild-2-326x245.jpg 326w, https:\/\/speyer24news.com\/wp-content\/uploads\/2019\/06\/2019-06-06-Kinderg\u00e4rten_Religionsprojekt_Bild-2-80x60.jpg 80w\" sizes=\"(max-width: 800px) 100vw, 800px\" \/><figcaption>M\u00f6nch Ajahn Outhai Dhammiko freute sich \u00fcber das Obst- und Gem\u00fcsegeschenk der Kinder im Rahmen der Religionswoche.<\/figcaption><\/figure><\/div>\n\n\n\n<p>Danach besuchten die Kinder die katholische Kirche. Thorsten Gut erz\u00e4hlte ihnen dort unter anderem die Geschichte vom heiligen Georg, der der Namensgeber der Kirche ist. Daf\u00fcr brachte er ein Holzbild mit, bei dem die Kinder mit geschlossenen Augen den Drachen und den Ritter Georg erf\u00fchlen konnten. Um danach in der Kirche alles genau zu erkennen und zu erforschen, bekam jedes Kind ein Fernglas von ihm. Die Kinder entdeckten dabei vieles. Deshalb hatten sie auch Fragen an Thorsten Gut, die dieser geduldig und kindgerecht beantwortete.<\/p>\n\n\n\n<p>Auch den Gedenkstein und die Stolpersteine in Erinnerung an das j\u00fcdische Leben in Hockenheim haben die Kinder aus dem S\u00fcdstadtkindergarten angesehen. Dabei erfuhren sie kindgerecht deren Bedeutung und geschichtliches Wissen \u00fcber die Zerst\u00f6rung der Synagoge. Die Kinder interessierten sich daf\u00fcr, wo die Synagoge in Hockenheim stand und wie diese aussah. Mit Hilfe von Bildern konnten diese Fragen beantwortet werden. Der Platz der ehemaligen Synagoge war der Ort, wo heute das Rathaus steht.<\/p>\n\n\n\n<p>Als Abschluss des Projektes wurden den Kindern viele Bilder der verschiedenen Besuche mit einer Power Point und einem Beamer im Stil von \u201eDalli-Klick\u201c gezeigt. Alle Erzieherinnen, die dieses Projekt begleitet haben, waren erstaunt und begeistert, mit wie viel Eifer und Wissen sich die Kinder an die einzelnen Aktivit\u00e4ten erinnern und dar\u00fcber berichten konnten. Viele Kinder haben strahlend gesagt: \u201eDas hat mir Spa\u00df gemacht\u201c, war ihr Fazit. Und genauso empfanden das auch die Erzieherinnen des S\u00fcdstadtkindergartens.<\/p>\n\n\n\n<p><em>Text: Stadtverwaltung Hockenheim Foto: S\u00fcdstadtkindergarten Hockenheim<br>10.06.2019<\/em><\/p>\n\n\n\n<h2 class=\"wp-block-heading\">Ein Herz f\u00fcr die Nachhaltigkeit<\/h2>\n\n\n\n<div class=\"wp-block-image\"><figure class=\"aligncenter\"><img decoding=\"async\" loading=\"lazy\" width=\"800\" height=\"733\" src=\"https:\/\/speyer24news.com\/wp-content\/uploads\/2019\/06\/2019-06-03-Lokale-Agenda_Fairtrade-Town.jpg\" alt=\"\" class=\"wp-image-14761\" srcset=\"https:\/\/speyer24news.com\/wp-content\/uploads\/2019\/06\/2019-06-03-Lokale-Agenda_Fairtrade-Town.jpg 800w, https:\/\/speyer24news.com\/wp-content\/uploads\/2019\/06\/2019-06-03-Lokale-Agenda_Fairtrade-Town-300x275.jpg 300w, https:\/\/speyer24news.com\/wp-content\/uploads\/2019\/06\/2019-06-03-Lokale-Agenda_Fairtrade-Town-768x704.jpg 768w\" sizes=\"(max-width: 800px) 100vw, 800px\" \/><figcaption>v.l.: Christian Stalf (in Vertretung f\u00fcr Aquadrom-B\u00e4derleiter Gregor Ries), Rainer Weiglein von der Stadthalle Hockenheim, Frank Bohrmann vom \u201eEtcetera\u201c und Rosario Bonafede (Bonafede Privatr\u00f6sterei) stehen aus voller \u00dcberzeugung hinter ihren fair gehandelten Produkten.<\/figcaption><\/figure><\/div>\n\n\n\n<p>Nachdem im April die offizielle Bewerbung der Stadt Hockenheim zur Fair-trade-Town-Zertifizierung abgegeben wurde, freut sich die Steuerungsgruppe, bestehend aus Lokale Agenda, Arche Weltladen, Hockenheimer Marketing Verein und B\u00fcrgern, nun vier Hockenheimer Gastronomen mit an Bord begr\u00fc\u00dfen zu d\u00fcrfen. Damit ist die letzte Voraussetzung f\u00fcr die Zertifizierung der Stadt erf\u00fcllt. <\/p>\n\n\n\n<p>Das Angebot haben sich Frank Bohrmann vom Caf\u00e9 \u201eEt Cetera\u201c in der Karlsruher Stra\u00dfe 25A, Rosario Bonafede von der Privatr\u00f6sterei Bonafede in der Gleisstra\u00dfe 2, das Restaurant \u201eRondeau\u201c in der Stadthalle sowie die Gastronomie im Aquadrom nicht entgehen lassen. Sie alle halten f\u00fcr ihre Kunden ab sofort eine Auswahl fair gehandelter Produkte bereit.<\/p>\n\n\n\n<p>\u201eIch biete meinen Kunden die Fairtrade-Produkte aus \u00dcberzeugung an\u201c, so Rosario Bonafede, der in seinem Caf\u00e9 unter anderem auch Fairtrade Tee und nachhaltig gehandelte Trinkschokolade anbietet. Reiner Weiglein, Gesch\u00e4ftsf\u00fchrer der Stadthalle schlie\u00dft sich seinem Gastronomie-Kollegen an: \u201eDas Restaurant Rondeau m\u00f6chte ein Zeichen setzen, dass auch bei weiteren Gastronomen zum Umdenken anregt, mehr nachhaltige und fair gehandelte Produkte im Sortiment aufzunehmen.\u201c Im Rondeau bietet Weiglein seinen G\u00e4sten fair gehandelten Wein, Trinkschokolade und f\u00fcr die S\u00fc\u00dfschn\u00e4bel einen wechselnden Dessert aus fair gehandelten Zutaten an.<\/p>\n\n\n\n<p>Das Team des Caf\u00e9 \u201eEt Cetera\u201c um Frank Bohrmann bietet seinen Kunden bereits seit einem halben Jahr Trinkschokolade und Zucker aus fairem Anbau und fairem Handel an. Auch das Aquadrom um B\u00e4derleiter Gregor Ries hat schon seit l\u00e4ngerem den Weg der Nachhaltigkeit eingeschlagen: \u201eWir bieten unseren G\u00e4sten im Restaurant Lagune und auch im Kiosk und im Bistro Fairtrade-Kaffee und \u2013Kekse, Tee und Schokolade an. Dar\u00fcber hinaus m\u00f6chten wir auch in anderen Bereichen so Nachhaltig wie m\u00f6glich agieren. So setzen wir auf nachhaltige Verbrauchsmaterialien in der Gastronomie, wie Holzspie\u00dfe etwa zu den Pommes Frites, Mehrwegflaschen anstatt Einweg, verwenden nachhaltig produzierte Reinigungsmittel und haben energiesparende LED-Beleuchtung im gesamten Bad installiert.\u201c Als Betrieb der Stadtwerke Hockenheim legt das Aquadrom besonderen Wert auf Umweltschutz und Nachhaltigkeit. \u201eAuch den Strom beziehen wir \u00fcber das hauseigene Blockheizkraftwerk. Wir betreiben das Freizeitbad zudem mit einem Anteil Solarstrom und haben eine Elektro-Tankstelle vor dem Haus. Wir sehen es als unsere Pflicht, vorbildlich mit den uns zur Verf\u00fcgung gestellten Ressourcen aus der Natur zu wirtschaften, die Umweltbelastung zu verringern und unseren Bad- und Saunabetrieb weiter nachhaltig zu optimieren\u201c f\u00fcgt Christian Stalf vom Marketing des Aquadrom hinzu.<\/p>\n\n\n\n<p>\u201eVielen Konsumenten ist nicht bewusst, wie die Lebensmittel hergestellt werden und welchen Weg ein Produkt bis zu seinem Verzehr geht. Wir m\u00f6chten das Bewusstsein daf\u00fcr sch\u00e4rfen, unter welchen Bedingungen Produkte produziert werden und freuen uns, dass die Gastronomen ebenfalls darauf aufmerksam machen m\u00f6chten\u201c, berichtet Elke Schollenberger, Agenda-Beauftragte, die die Zertifizierung angestrebt hat. <\/p>\n\n\n\n<p>Die Zertifikatsvergabe wird voraussichtlich am 3. August, am \u201eTag der Umwelt\u201c, stattfinden. Mehr Informationen zur Zertifizierung der Stadt Hockenheim finden sie unter http:\/\/www.hockenheim.de\/fairtrade-town.<\/p>\n\n\n\n<p><em>Text: Stadtverwaltung Hockenheim Foto: Stadtverwaltung Hockenheim (Fotograf: N. Lenhardt)<br>10.09.2019<\/em><\/p>\n\n\n\n<h2 class=\"wp-block-heading\">Gro\u00dfer Artenvielfalt auf der Spur<\/h2>\n\n\n\n<div class=\"wp-block-image\"><figure class=\"aligncenter\"><img decoding=\"async\" src=\"https:\/\/speyer24news.com\/wp-content\/uploads\/2019\/06\/Lokale-Agenda21-Hockenheim-Logo.png\" alt=\"\" class=\"wp-image-14757\"\/><\/figure><\/div>\n\n\n\n<p>Der Aufforderung, Natur vor der Haust\u00fcr zu erleben, sind am vergangenen Wochenende beim <strong>16. \u201eHockenheimer Tag der Natur\u201c <\/strong>zahlreiche Besucher nachgekommen. Das Hauptziel der Gruppe \u201eTag der Natur\u201c, die Arten in Hockenheim zu erfassen und somit die Artenlisten zu aktualisieren, wurde erf\u00fcllt.<\/p>\n\n\n\n<p>Der Angelsport-Verein (ASV) empfing zu Beginn in einer nicht \u00f6ffentlichen Aktion die Sch\u00fclerinnen und Sch\u00fcler einer f\u00fcnften Klasse des Carl-Friedrich-Gau\u00df-Gymnasiums am Baggersee. Der Verein ist seit einigen Jahren ein wichtiger Kooperationspartner des \u201eTags der Natur\u201c. Die Vereinsvertreter f\u00fchrten die Kinder mit zus\u00e4tzlichen Experten in die Biologie des Sees. Dabei wurden Tiere und Pflanzen im und am und im Gew\u00e4sser erkundet und die Wasserqualit\u00e4t wurde untersucht. Die Untersuchungen stie\u00dfen bei den Kindern auf gro\u00dfes Interesse und die Freude \u00fcber einen kleinen Imbiss zum Ende der Veranstaltung, gesponsert vom ASV, fand gro\u00dfen Anklang.<\/p>\n\n\n\n<div class=\"wp-block-image\"><figure class=\"aligncenter\"><img decoding=\"async\" loading=\"lazy\" width=\"800\" height=\"600\" src=\"https:\/\/speyer24news.com\/wp-content\/uploads\/2019\/06\/2019-05-28-Lokale-Agenda_Bericht-Tag-der-Natur_Bild-1.jpg\" alt=\"\" class=\"wp-image-14758\" srcset=\"https:\/\/speyer24news.com\/wp-content\/uploads\/2019\/06\/2019-05-28-Lokale-Agenda_Bericht-Tag-der-Natur_Bild-1.jpg 800w, https:\/\/speyer24news.com\/wp-content\/uploads\/2019\/06\/2019-05-28-Lokale-Agenda_Bericht-Tag-der-Natur_Bild-1-300x225.jpg 300w, https:\/\/speyer24news.com\/wp-content\/uploads\/2019\/06\/2019-05-28-Lokale-Agenda_Bericht-Tag-der-Natur_Bild-1-768x576.jpg 768w, https:\/\/speyer24news.com\/wp-content\/uploads\/2019\/06\/2019-05-28-Lokale-Agenda_Bericht-Tag-der-Natur_Bild-1-678x509.jpg 678w, https:\/\/speyer24news.com\/wp-content\/uploads\/2019\/06\/2019-05-28-Lokale-Agenda_Bericht-Tag-der-Natur_Bild-1-326x245.jpg 326w, https:\/\/speyer24news.com\/wp-content\/uploads\/2019\/06\/2019-05-28-Lokale-Agenda_Bericht-Tag-der-Natur_Bild-1-80x60.jpg 80w\" sizes=\"(max-width: 800px) 100vw, 800px\" \/><figcaption>Die Mitglieder der Gruppe \u201eTag der Natur\u201c und des Angelsport-Vereins bei der Baggersee-Aktion mit einer f\u00fcnften Klasse des Gau\u00df-Gymnasiums.<\/figcaption><\/figure><\/div>\n\n\n\n<p>Zeitgleich konnten mehrere neunte Klassen im \u00d6komobil des Regierungspr\u00e4sidiums Karlsruhe, das sich vor dem Gau\u00df-Gymnasium positionierte, schon einmal Tiere kennenlernen, die sich im neu gestalteten Kraichbach ansiedeln werden. Das \u00d6komobil war dann am Nachmittag f\u00fcr die Bev\u00f6lkerung zug\u00e4nglich.<\/p>\n\n\n\n<p><strong>Nachtfalter-Leuchtabend<\/strong><br>Zum Auftakt f\u00fcr die interessierte \u00d6ffentlichkeit galt es, beim Nachtfalter Leuchtabend mit Dr. Rolf M\u00f6rtter am Freitagabend zahlreiche Nachtschmetterlinge anzulocken und zu bestimmen. Noch etwas zu k\u00fchl f\u00fcr Ende Mai und vor allem der allgemeine R\u00fcckgang der Insekten waren in diesem Jahr zu sp\u00fcren. Die Leuchtfalle, ein mit speziellem Licht ausgestattete, netz\u00fcberspannte \u201eR\u00f6hre\u201c, zog einige Schw\u00e4rmer, Spinner und Spanner in der Dunkelheit an. Zum ersten Mal zeigte sich zu sp\u00e4ter Stunde zum Erstaunen aller eine Hornisse.<\/p>\n\n\n\n<p>Der Samstag begann mit einer Kinderwanderung, die von der Diplom-Biologin Claudia Wein und dem Hockenheimer Natur-Experten Horst Eichhorn durchgef\u00fchrt wurde. Eine Besonderheit f\u00fcr die Kinder war vor allem eine kleine Ringelnatter, die ganz zu Beginn der Wanderung entdeckt wurde. <\/p>\n\n\n\n<div class=\"wp-block-image\"><figure class=\"aligncenter\"><img decoding=\"async\" loading=\"lazy\" width=\"800\" height=\"600\" src=\"https:\/\/speyer24news.com\/wp-content\/uploads\/2019\/06\/2019-05-28-Lokale-Agenda_Bericht-Tag-der-Natur_Bild-2.jpg\" alt=\"\" class=\"wp-image-14759\" srcset=\"https:\/\/speyer24news.com\/wp-content\/uploads\/2019\/06\/2019-05-28-Lokale-Agenda_Bericht-Tag-der-Natur_Bild-2.jpg 800w, https:\/\/speyer24news.com\/wp-content\/uploads\/2019\/06\/2019-05-28-Lokale-Agenda_Bericht-Tag-der-Natur_Bild-2-300x225.jpg 300w, https:\/\/speyer24news.com\/wp-content\/uploads\/2019\/06\/2019-05-28-Lokale-Agenda_Bericht-Tag-der-Natur_Bild-2-768x576.jpg 768w, https:\/\/speyer24news.com\/wp-content\/uploads\/2019\/06\/2019-05-28-Lokale-Agenda_Bericht-Tag-der-Natur_Bild-2-678x509.jpg 678w, https:\/\/speyer24news.com\/wp-content\/uploads\/2019\/06\/2019-05-28-Lokale-Agenda_Bericht-Tag-der-Natur_Bild-2-326x245.jpg 326w, https:\/\/speyer24news.com\/wp-content\/uploads\/2019\/06\/2019-05-28-Lokale-Agenda_Bericht-Tag-der-Natur_Bild-2-80x60.jpg 80w\" sizes=\"(max-width: 800px) 100vw, 800px\" \/><figcaption>Thomas Kuppinger (1.v.l.) und Uwe Heidenreich (2.v.l.) bei der Fahrrad-Exkursion im Rahmen des Tags der Natur.<\/figcaption><\/figure><\/div>\n\n\n\n<p><strong>\u201eMit dem Drahtesel auf den Spuren des Rheins\u2026\u201c <\/strong><br>Der Aufforderung \u201eMit dem Drahtesel auf den Spuren des Rheins\u2026\u201c sind am Samstagnachmittag zahlreiche interessierte Mitradler gefolgt, um mit dem Diplombiologen Uwe Heidenreich und dem Diplom-Geografen Thomas Kuppinger in einer Fahrrad- Exkursion die \u201eNatur und Kultur im Hockenheimer Rheinbogen\u201c kennenzulernen. In weitem Bogen wurde das Gebiet zwischen Hockenheim und Rhein untersucht und die Radler zeigten sich h\u00f6chst interessiert an den spannenden und vielf\u00e4ltigen Ausf\u00fchrungen der beiden Experten.<\/p>\n\n\n\n<p>Am Abend stand die Exkursion \u201eF\u00fcr Langschl\u00e4fer und Nachteulen\u201c mit Wolfgang Reinhardt auf dem Programm. In einem kurzweiligen Vortrag lernten zahlreiche Besucher allerlei Wissenswertes \u00fcber die Nachttiere kennen. Leider lie\u00dfen sich in der anschlie\u00dfenden Exkursion Eulen und Flederm\u00e4use nicht blicken.<\/p>\n\n\n\n<div class=\"wp-block-image\"><figure class=\"aligncenter\"><img decoding=\"async\" loading=\"lazy\" width=\"800\" height=\"600\" src=\"https:\/\/speyer24news.com\/wp-content\/uploads\/2019\/06\/2019-05-28-Lokale-Agenda_Bericht-Tag-der-Natur_Bild-3.jpg\" alt=\"\" class=\"wp-image-14760\" srcset=\"https:\/\/speyer24news.com\/wp-content\/uploads\/2019\/06\/2019-05-28-Lokale-Agenda_Bericht-Tag-der-Natur_Bild-3.jpg 800w, https:\/\/speyer24news.com\/wp-content\/uploads\/2019\/06\/2019-05-28-Lokale-Agenda_Bericht-Tag-der-Natur_Bild-3-300x225.jpg 300w, https:\/\/speyer24news.com\/wp-content\/uploads\/2019\/06\/2019-05-28-Lokale-Agenda_Bericht-Tag-der-Natur_Bild-3-768x576.jpg 768w, https:\/\/speyer24news.com\/wp-content\/uploads\/2019\/06\/2019-05-28-Lokale-Agenda_Bericht-Tag-der-Natur_Bild-3-678x509.jpg 678w, https:\/\/speyer24news.com\/wp-content\/uploads\/2019\/06\/2019-05-28-Lokale-Agenda_Bericht-Tag-der-Natur_Bild-3-326x245.jpg 326w, https:\/\/speyer24news.com\/wp-content\/uploads\/2019\/06\/2019-05-28-Lokale-Agenda_Bericht-Tag-der-Natur_Bild-3-80x60.jpg 80w\" sizes=\"(max-width: 800px) 100vw, 800px\" \/><figcaption>Thomas Kuppinger (blaues Hemd) erl\u00e4utert den Radfahrern bei einem Halt am Insultheimer Hof die vielf\u00e4ltige Artenwelt.<\/figcaption><\/figure><\/div>\n\n\n\n<p><strong>Was singt und ruft zu fr\u00fcher Stund?\u201c<\/strong><br>Ein Konzert der besonderen Art bekamen mutige Fr\u00fchaufsteher beim vogelkundlichen Spaziergang am Sonntagmorgen mit der erfahrenen Gabi Picke vom NABU geboten. Fast 30 verschiedene Vogelarten lie\u00dfen sich an diesem Morgen sehen oder h\u00f6ren. Auff\u00e4llig war in diesem Jahr eine besonders gro\u00dfe Anzahl an Nachtigallen.<\/p>\n\n\n\n<p><strong>Inventur im M\u00f6rsch &#8211; wissbegierige Besucher treffen Experten<\/strong><br>Bei strahlendem Sonnenschein machten sich vier Biologiekurse des Gau\u00df-Gymnasiums mit ihrem Fachlehrer auf zum St\u00fctzpunkt, um gemeinsam mit dem Expertenteam in der N\u00e4he des Regen-R\u00fcckhaltebeckens Arten zu suchen, zu finden und zu bestimmen. Mit Dr. Karl-Friedrich Raqu\u00e9, Dr. Dieter N\u00e4hrig, Dr. Rolf Borlinghaus und Diplom-Biologen Franz Auer stand der Gruppe ein hochkar\u00e4tiges Experten-Team zur Seite. Ameisenexperte Dr. Karl-Friedrich Raqu\u00e9 bezeichnet die Fl\u00e4che \u00f6kologisch gesehen als ein sehr wertvolles Gebiet mit hoher Artenvielfalt auf kleinem Raum. F\u00fcr ihn war der Nachweis mehrerer gef\u00e4hrdeter baumbewohnender Vierpunktameisenv\u00f6lker auf den gro\u00dfkronigen alten Birnb\u00e4umen besonders interessant.<\/p>\n\n\n\n<p>Neun Monate lang hatte sich die Agenda-Gruppe \u201eTag der Natur\u201c einmal monatlich getroffen, um diese Veranstaltung mit gro\u00dfem Experten-Aufgebot zu planen und vorzubereiten. Agenda-Beauftragte Elke Schollenberger zeigte sich begeistert vom Engagement der Ehrenamtlichen. \u201eEine dreit\u00e4gige Veranstaltung mit acht Einzelaktionen zu durchzuf\u00fchren ist sehr aufw\u00e4ndig. Wir haben ein gro\u00dfes Team, und alle denken mit und packen mit an. Es macht wirklich Freude zu erleben, wie alle mithelfen und unterst\u00fctzen\u201c, findet Elke Schollenberger.<\/p>\n\n\n\n<p>Die Listen der erfassten Tier- und Pflanzenarten werden in den n\u00e4chsten Wochen zusammengestellt. Sie werden dann im GEO-Portal \u201eNaturgucker\u201c und im Artenerfassungsprogramm der Landesanstalt f\u00fcr Umwelt Baden-W\u00fcrttemberg eingegeben. Die Gruppe ist gespannt darauf, wie viele Arten insgesamt erfasst wurden und welche Besonderheiten auffallen werden.<\/p>\n\n\n\n<p><em>Text: Stadtverwaltung Hockenheim Foto: Lokale Agenda 21 Hockenheim<br>10.06.2019<\/em><\/p>\n\n\n\n<h2 class=\"wp-block-heading\">Engel sagen M\u00fcll den Kampf an<\/h2>\n\n\n\n<div class=\"wp-block-image\"><figure class=\"aligncenter\"><img decoding=\"async\" loading=\"lazy\" width=\"800\" height=\"534\" src=\"https:\/\/speyer24news.com\/wp-content\/uploads\/2019\/06\/2019-05-21-Lokale-Agenda_Treffen-Gr\u00fcne-Engel.jpg\" alt=\"\" class=\"wp-image-14756\" srcset=\"https:\/\/speyer24news.com\/wp-content\/uploads\/2019\/06\/2019-05-21-Lokale-Agenda_Treffen-Gr\u00fcne-Engel.jpg 800w, https:\/\/speyer24news.com\/wp-content\/uploads\/2019\/06\/2019-05-21-Lokale-Agenda_Treffen-Gr\u00fcne-Engel-300x200.jpg 300w, https:\/\/speyer24news.com\/wp-content\/uploads\/2019\/06\/2019-05-21-Lokale-Agenda_Treffen-Gr\u00fcne-Engel-768x513.jpg 768w\" sizes=\"(max-width: 800px) 100vw, 800px\" \/><figcaption>v.l.: Bereit, um dem M\u00fcll in Hockenheim den Kampf anzusagen: Agenda-Beauftragte Elke Schollenberger mit den gr\u00fcnen Engeln Maria Kunert, Gisela Deffert, Ingrid Hassert, Diethelm Christen, Felicitas Offenloch-Brandenburger und Renate Rottmayer.<\/figcaption><\/figure><\/div>\n\n\n\n<p>Seit einigen Wochen k\u00f6nnen Hockenheimer den \u201eGr\u00fcnen Engeln\u201c im Stadt-gebiet begegnen. Ihr Anliegen ist aber trotz des himmlischen Namens irdischer Natur: Mehr Sauberkeit in Hockenheim. Die Initiative hat sich unter dem Dach der Lokalen Agenda 21 Hockenheim gebildet und wird vom Hockenheimer Marketing Verein (HMV) unterst\u00fctzt. Die noch junge Gruppe sucht weiterhin neue Mitstreiter. Interessenten haben die Gelegenheit, die \u201eEngel\u201c bei ihrer n\u00e4chsten Zusammenkunft am <strong>Mittwoch, 12. Juni 2019<\/strong>, 10 Uhr, kennenzulernen. Treffpunkt ist am Haupteingang des Rathaus-Neubaus. Die zuk\u00fcnftigen Treffen finden dann jeweils am zweiten Mittwoch eines jeden Monats statt. <\/p>\n\n\n\n<p>Die \u201eGr\u00fcnen Engel\u201c sagen dem gedanken- und r\u00fccksichtslosen Wegwerfen von M\u00fcll den Kampf an. Nicht nur aus \u00e4sthetischen Gr\u00fcnden ist den Engeln der M\u00fcll ein Dorn im Auge. Erst vor kurzem haben Bilder \u00fcber einen Igel \u00f6ffentliche Aufmerksamkeit erregt. Das Tier hatte sich in achtlos entsorgtem Draht verfangen und h\u00e4tte ohne eine rettende Hand sicherlich sein Leben verloren. \u201eEs geht uns auch um Artenschutz, denn viele Tierarten sind durch die riesigen M\u00fcllmengen stark gef\u00e4hrdet\u201c, erl\u00e4utert Ingrid Hassert ihre Motivation. Sie ist zusammen mit Renate Rottmayer eine der Initiatorinnen der Gruppe. Hassert weiter: \u201eUnd das Problem beginnt nicht in den Meeren, die bei diesem Thema oft im Vordergrund stehen, sondern vor Ort. Hier in Hockenheim, mit jeder achtlos weggeworfenen Zigarettenkippe und jedem nachl\u00e4ssig entsorgten Bonbonpapier\u201c.<\/p>\n\n\n\n<p>Mittlerweile haben sich schon einige Gleichgesinnte gefunden. Sie sind in unregelm\u00e4\u00dfigen Abst\u00e4nden auf den Weg, Hockenheim vom M\u00fcll zu befreien. Sie werden dabei von den hilfsbereiten Mitarbeitern der Stadtverwaltung Hockenheim unterst\u00fctzt, die den gesammelten M\u00fcll an den deponierten Orten abholen. \u201eEin Anruf gen\u00fcgt und es klappt immer\u201c, freut sich Diethelm Christen, einer der gr\u00fcnen Engel. Dabei trafen sie schon so manche \u00dcberraschung an. \u201eBei unserer letzten Tour haben wir eine Hantelbank im Wald gefunden\u201c, berichtet Renate Rottmayer.<\/p>\n\n\n\n<p>Viel positive R\u00fcckmeldung aus der Bev\u00f6lkerung motiviert die Gr\u00fcnen Engel. \u201eWir w\u00fcnschen uns, dass unser Engagement ganz Hockenheim erfasst\u201c, so Renate Rottmayer. Und genau aus diesem Grund entwickelten sie eine Idee, die ab sofort von der gesamten Bev\u00f6lkerung genutzt werden kann. Am Empfang des Rathauses Hockenheim und beim HMV sind zwei M\u00fcllsammel-Stationen entstanden. Dort k\u00f6nnen alle, die dem M\u00fcll den Kampf ansagen wollen, Greifzangen ausleihen und M\u00fcllt\u00fcten besorgen. Eine kleine Informationsschrift nennt Ansprechpersonen, die sich darum k\u00fcmmern, dass der M\u00fcll dann ordnungsgem\u00e4\u00df entsorgt wird.<\/p>\n\n\n\n<div class=\"wp-block-image\"><figure class=\"alignleft is-resized\"><img decoding=\"async\" loading=\"lazy\" src=\"https:\/\/speyer24news.com\/wp-content\/uploads\/2019\/06\/Lokale-Agenda21-Hockenheim-Logo.png\" alt=\"\" class=\"wp-image-14757\" width=\"314\" height=\"159\"\/><\/figure><\/div>\n\n\n\n<p><strong>Lust am Mitmachen?<\/strong><br>Mehr Informationen \u00fcber die neue Agenda-Gruppe \u201eGr\u00fcne Engel\u201c sind auf der Internetseite <a href=\"http:\/\/www.agenda-hockenheim.de\">http:\/\/www.agenda-hockenheim.de<\/a> zu finden. Au\u00dferdem steht f\u00fcr Fragen Renate Rottmayer von der Gruppe unter Telefonnummer 06205 7753 zur Verf\u00fcgung.    <\/p>\n\n\n\n<p><em>Text: Stadtverwaltung Hockenheim Foto: Lokale Agenda 21 Hockenheim \/ Fotografen Dorothea und Norbert Lenhardt<br>10.06.2019<\/em><\/p>\n","protected":false},"excerpt":{"rendered":"<div class=\"mh-excerpt\"><p>Mobilit\u00e4t in allen Facetten erleben Freunde der Elektromobilit\u00e4t, egal ob Jung oder Alt, kommen am Samstag, dem 15. Juni 2019, ab 10 Uhr auf dem Zehntscheunenplatz voll auf ihre Kosten. Nach der offiziellen Begr\u00fc\u00dfung geben <a class=\"mh-excerpt-more\" href=\"https:\/\/speyer24news.com\/?p=14753\" title=\"Hockenheim:\">[&#8230;]<\/a><\/p>\n<\/div>","protected":false},"author":3,"featured_media":14754,"comment_status":"open","ping_status":"open","sticky":false,"template":"","format":"standard","meta":{"_monsterinsights_skip_tracking":false,"_monsterinsights_sitenote_active":false,"_monsterinsights_sitenote_note":"","_monsterinsights_sitenote_category":0,"footnotes":""},"categories":[489],"tags":[889,1508,1507,893,1506,1510,108,1504,1505,1503,891,1509],"aioseo_notices":[],"amp_enabled":true,"_links":{"self":[{"href":"https:\/\/speyer24news.com\/index.php?rest_route=\/wp\/v2\/posts\/14753"}],"collection":[{"href":"https:\/\/speyer24news.com\/index.php?rest_route=\/wp\/v2\/posts"}],"about":[{"href":"https:\/\/speyer24news.com\/index.php?rest_route=\/wp\/v2\/types\/post"}],"author":[{"embeddable":true,"href":"https:\/\/speyer24news.com\/index.php?rest_route=\/wp\/v2\/users\/3"}],"replies":[{"embeddable":true,"href":"https:\/\/speyer24news.com\/index.php?rest_route=%2Fwp%2Fv2%2Fcomments&post=14753"}],"version-history":[{"count":1,"href":"https:\/\/speyer24news.com\/index.php?rest_route=\/wp\/v2\/posts\/14753\/revisions"}],"predecessor-version":[{"id":14768,"href":"https:\/\/speyer24news.com\/index.php?rest_route=\/wp\/v2\/posts\/14753\/revisions\/14768"}],"wp:featuredmedia":[{"embeddable":true,"href":"https:\/\/speyer24news.com\/index.php?rest_route=\/wp\/v2\/media\/14754"}],"wp:attachment":[{"href":"https:\/\/speyer24news.com\/index.php?rest_route=%2Fwp%2Fv2%2Fmedia&parent=14753"}],"wp:term":[{"taxonomy":"category","embeddable":true,"href":"https:\/\/speyer24news.com\/index.php?rest_route=%2Fwp%2Fv2%2Fcategories&post=14753"},{"taxonomy":"post_tag","embeddable":true,"href":"https:\/\/speyer24news.com\/index.php?rest_route=%2Fwp%2Fv2%2Ftags&post=14753"}],"curies":[{"name":"wp","href":"https:\/\/api.w.org\/{rel}","templated":true}]}}