{"id":14769,"date":"2019-06-10T16:15:04","date_gmt":"2019-06-10T15:15:04","guid":{"rendered":"https:\/\/speyer24news.com\/?p=14769"},"modified":"2019-06-10T16:15:05","modified_gmt":"2019-06-10T15:15:05","slug":"hassloch-5","status":"publish","type":"post","link":"https:\/\/speyer24news.com\/?p=14769","title":{"rendered":"Ha\u00dfloch:"},"content":{"rendered":"<style type=\"text\/css\">\r\n\t.ads_top_disp{}\r\n\t.ads_top_corner_disp{ float:left; margin:0px 10px 10px 0px; }\r\n\t.ads_first_p_disp{}\r\n\t.ads_bottom_disp{}\r\n\t<\/style>\n<h2 class=\"wp-block-heading\">Der Lesesommer 2019 steht in den Startl\u00f6chern<\/h2>\n\n\n\n<div class=\"wp-block-image\"><figure class=\"aligncenter\"><img decoding=\"async\" loading=\"lazy\" width=\"500\" height=\"633\" src=\"https:\/\/speyer24news.com\/wp-content\/uploads\/2019\/06\/Flash.jpg\" alt=\"\" class=\"wp-image-14395\" srcset=\"https:\/\/speyer24news.com\/wp-content\/uploads\/2019\/06\/Flash.jpg 500w, https:\/\/speyer24news.com\/wp-content\/uploads\/2019\/06\/Flash-237x300.jpg 237w\" sizes=\"(max-width: 500px) 100vw, 500px\" \/><figcaption><strong>12. Lesesommer vom 17. Juni und 17. August <\/strong><\/figcaption><\/figure><\/div>\n\n\n\n<p>Auch in diesem Jahr beteiligt sich die Gemeindeb\u00fccherei Ha\u00dfloch am Lesesommer. Die landesweite Lesef\u00f6rderaktion findet <strong><em>zwischen dem 17. Juni und 17. August<\/em><\/strong> in ihrer inzwischen 12. Auflage statt und richtet sich erneut an Kinder und Jugendliche im Alter von 6 bis 16 Jahren. Der Lesesommer steht in diesem Jahr unter dem Motto \u201eFlash deine Eltern und lies ein Buch\u201c. W\u00e4hrend des Aktionszeitraumes k\u00f6nnen eigens f\u00fcr den Lesesommer angeschaffte B\u00fccher ausgeliehen und gelesen werden. Die Themenfelder sind dabei ganz unterschiedlich: Von Fantasy und Abenteuergeschichten bis hin zu B\u00fcchern \u00fcber Freundschaft, Tiere und Sport, so B\u00fcchereileiterin Gabi Pfadt.<\/p>\n\n\n\n<p>Alles was man zur Teilnahme braucht, ist eine Lesesommer-Clubkarte, die kostenlos in der B\u00fccherei erh\u00e4ltlich ist. Entsprechende Anmeldekarten liegen in der B\u00fccherei sowie auch an den Schulen aus. Aus datenschutzrechtlichen Gr\u00fcnden m\u00fcssen in diesem Jahr die Anmeldekarten allerdings von einem Erziehungsberechtigten unterschrieben werden, bevor die B\u00fccherei eine Clubkarte ausstellen kann. Ein B\u00fcchereiausweis ist f\u00fcr die Teilnahme am Lesesommer nicht erforderlich.<\/p>\n\n\n\n<p>F\u00fcr alle Ha\u00dflocher Teilnehmer wird die Gemeindeb\u00fccherei unabh\u00e4ngig von der landesweiten Verlosung wieder eine Ha\u00dflocher Verlosung im Rahmen des Lesesommer-Abschlussfestes durchf\u00fchren. Hierbei werden erneut tolle Preise vergeben, unter anderem in den Kategorien \u201eMeistgelesene B\u00fccher\u201c sowie \u201eMeistgelesene Seiten\u201c.<\/p>\n\n\n\n<p>Der Erste Beigeordnete und zust\u00e4ndige Dezernent Tobias Meyer freut sich auf den Lesesommer 2019, denn die Lesef\u00f6rderaktion sei eines der Highlights im B\u00fcchereijahr. Gleichzeitig sei der Lesesommer auch eine Kampagne zur Nachwuchsgewinnung, denn schlie\u00dflich erreiche man Kinder, die vorher keine Ber\u00fchrungspunkte mit der B\u00fccherei hatten, so Meyer weiter. Im vergangenen Jahr hatten sich 226 Kinder und Jugendliche am Lesesommer in der Ha\u00dflocher Gemeindeb\u00fccherei beteiligt. Diese haben 1575 B\u00fccher mit insgesamt 227.317 Seiten gelesen.<\/p>\n\n\n\n<p><em>Gemeindeverwaltung Ha\u00dfloch<br>10.06.2019<\/em><\/p>\n\n\n\n<h2 class=\"wp-block-heading\">Kinder der KiTa \u201eBuntspechte\u201c s\u00e4ubern den Rathausbrunnen<\/h2>\n\n\n\n<div class=\"wp-block-image\"><figure class=\"aligncenter\"><img decoding=\"async\" loading=\"lazy\" width=\"800\" height=\"600\" src=\"https:\/\/speyer24news.com\/wp-content\/uploads\/2019\/06\/Bild-2.jpg\" alt=\"\" class=\"wp-image-14777\" srcset=\"https:\/\/speyer24news.com\/wp-content\/uploads\/2019\/06\/Bild-2.jpg 800w, https:\/\/speyer24news.com\/wp-content\/uploads\/2019\/06\/Bild-2-300x225.jpg 300w, https:\/\/speyer24news.com\/wp-content\/uploads\/2019\/06\/Bild-2-768x576.jpg 768w, https:\/\/speyer24news.com\/wp-content\/uploads\/2019\/06\/Bild-2-678x509.jpg 678w, https:\/\/speyer24news.com\/wp-content\/uploads\/2019\/06\/Bild-2-326x245.jpg 326w, https:\/\/speyer24news.com\/wp-content\/uploads\/2019\/06\/Bild-2-80x60.jpg 80w\" sizes=\"(max-width: 800px) 100vw, 800px\" \/><figcaption> Die Kinder der Gruppen \u201eLibellen\u201c und \u201eGrash\u00fcpfer\u201c der integrativen Kindertagesst\u00e4tte \u201eBuntspechte\u201c beim Brunneneinsatz <\/figcaption><\/figure><\/div>\n\n\n\n<p>Kinder der integrativen Kindertagesst\u00e4tte \u201eBuntspechte\u201c in Ha\u00dfloch haben jetzt gemeinsam mit dem Bauhof den Brunnenlauf am Rathausplatz gereinigt. Das Wasser wurde abgelassen, die Kinder mit Greifer, Besen und Eimer ausgestattet \u2013 und schon ging es ans S\u00e4ubern des Wasserlaufs. Es wurde geschrubbt, M\u00fcll aufgelesen und der Wasserlauf anschlie\u00dfend sauber gespritzt. Dabei zeigte sich schnell, dass die Arbeit nicht so einfach ist, wie sie zun\u00e4chst vielleicht aussieht. Der M\u00fcll ist sehr kleinteilig: vom kleinen Plastikl\u00f6ffel aus einem Eisbecher \u00fcber Serviettenreste bis hin zu Zigarettenstummeln ist einiges zu finden. Alles muss mit der Greifzange aufgesammelt und entsorgt werden.<\/p>\n\n\n\n<p>Die Kinder sind mit Leidenschaft dabei, sch\u00fctteln zwischendrin aber auch den Kopf und fragen sich, warum der M\u00fcll im Brunnenlauf landet, wenn drum herum doch M\u00fclleimer stehen. Die Reinigung ist jedenfalls recht anspruchsvoll und kostet Zeit. Umso gl\u00fccklicher und zufriedener sind die Kinder, als sie die Greifzangen und Eimer zur Seite legen und mit Stolz auf den ges\u00e4uberten Brunnenlauf blicken k\u00f6nnen.<\/p>\n\n\n\n<p>Die Idee zur Reinigungsaktion hatten die Kinder selbst. Bei einem Spaziergang wunderten sie sich \u00fcber den M\u00fcll im Wasser und fragten ihre Erzieher, ob man da nicht helfen und mitanpacken k\u00f6nnte. Dementsprechend schnell stand der Kontakt zum Bauhof und nur wenige Tage sp\u00e4ter folgte der Arbeitseinsatz. \u201eAls Gemeinde unterst\u00fctzen wir solche Aktionen gerne und statten interessierte Kindergartengruppen, Schulklassen oder Vereine bei Bedarf mit entsprechenden Hilfsmaterialen, wie Greifzangen, Handschuhe oder M\u00fclls\u00e4cke aus\u201c, so B\u00fcrgermeister Lothar Lorch. Auch die KiTa \u201eBuntspechte\u201c ist nicht abgeneigt, einen weiteren Arbeitseinsatz durchzuf\u00fchren. Beim n\u00e4chsten Mal vielleicht auf einem Spielplatz oder im Park.<\/p>\n\n\n\n<p>Die Reinigung der Brunnenanlage am Rathausplatz findet in einem Rhythmus von 6 Wochen statt und wird durch den Bauhof durchgef\u00fchrt. Gerade in den Sommermonaten landet viel M\u00fcll im Brunnenlauf und schnell sieht die kleine Wasserlandschaft nicht mehr ansehnlich aus. Daher der Appell an alle Besucher des Rathausplatzes, anfallenden M\u00fcll in den angrenzenden M\u00fclleimern zu entsorgen \u2013 eine Bitte, die sicherlich auch die Kinder der KiTa \u201eBuntspechte\u201c unterschreiben w\u00fcrden.<\/p>\n\n\n\n<p><em>Gemeindeverwaltung Ha\u00dfloch<br>10.06.2019<\/em><\/p>\n\n\n\n<h2 class=\"wp-block-heading\">Skat: Mannschaftsmeisterschaften Rheinland-Pfalz\/Saarland<\/h2>\n\n\n\n<h3 class=\"wp-block-heading\">1.Skatclub Ha\u00dfloch ausgeschieden<\/h3>\n\n\n\n<p>Der 1. Skatclub Ha\u00dfloch belegte bei den Mannschaftsmeisterschaften des Skatverbandes Rheinland-Pfalz\/Saarland in Osthofen als Zwischenrunde zu den Deutschen Meisterschaften unter 39 Startern nur den 23. Platz und ist damit ausgeschieden. F\u00fcr die 49. DMM im Oktober in Magdeburg haben sich nur die ersten sieben der Rangliste qualifiziert. Die Ha\u00dflocher Mannschaft mit Alexander Sch\u00f6n (6.225 Spielpunkte), Dieter Pieperz (6.086 Sp), Herbert Kaiser (5.989 Sp) und Joachim Fuhrmann (3.416 Sp) holte insgesamt 21.716 Spielpunkte.<\/p>\n\n\n\n<p><em>1.Skatclub Ha\u00dfloch, J\u00fcrgen Hurrle<br>10.06.2019<\/em><\/p>\n\n\n\n<h2 class=\"wp-block-heading\">Aufstellung der Fundsachen im Mai 2019<\/h2>\n\n\n\n<p>Im Monat Mai 2019 wurden nachstehende Fundsachen im Fundb\u00fcro der Gemeinde Ha\u00dfloch (B\u00fcrgerb\u00fcro, Langgasse 64) abgegeben: <\/p>\n\n\n\n<h4 class=\"wp-block-heading\">Fahrr\u00e4der: <\/h4>\n\n\n\n<ul><li>Ein Damenrad der Marke \u201eHera Technics\u201c in der Farbe braun mit silberner Schrift<\/li><li>Ein Herrenrad der Marke \u201eMC Kancy Remisa\u201c in schwarz-wei\u00df mit gr\u00fcner Schrift<\/li><li>Ein Jugendrad der Marke \u201ePortosa\u201c in bunt<\/li><\/ul>\n\n\n\n<h4 class=\"wp-block-heading\">Weitere Fundsachen:<\/h4>\n\n\n\n<ul><li>Ein Handy, Samsung Galaxy J 36 in schwarz mit Powerbank<\/li><li>Ein Handy, LG K9 in schwarz<\/li><li>Ein Gebiss<\/li><li>Sportschuhe der Marke \u201eNike\u201c in dunkelblau, Gr\u00f6\u00dfe 38,5<\/li><\/ul>\n\n\n\n<p>Bei Fragen zu den Fundsachen k\u00f6nnen sich B\u00fcrgerinnen und B\u00fcrger an das B\u00fcrgerb\u00fcro in der Langgasse 64 wenden. Dieses ist zu den \u00fcblichen \u00d6ffnungszeiten unter der Telefonnummer 06324\/935-200 erreichbar. <\/p>\n\n\n\n<p><em>Gemeindeverwaltung Ha\u00dfloch<br>10.06.2019<\/em><\/p>\n\n\n\n<h2 class=\"wp-block-heading\">Die KiTa \u201eHaus Kunterbunt\u201c wird 25 und l\u00e4dt zum gro\u00dfen Sommerfest<\/h2>\n\n\n\n<p>Das Sommerfest der kommunalen Kindertagesst\u00e4tte \u201eHaus Kunterbunt\u201c steht in diesem Jahr im Zeichen des 25. Geburtstages der Einrichtung und soll am <strong>15. Jun<\/strong>i mit Kindern, Eltern und der interessierten \u00d6ffentlichkeit gefeiert werden. An dem Tag \u00f6ffnet die KiTa zwischen 10:00 und 15:00 Uhr ihre Pforten und l\u00e4dt zum Vorbeikommen ein. Als Bewegungskita wird das Sommerfest unter dem Motto \u201eBewegung\u201c stehen und verschiedene Mitmachstationen, wie beispielsweise Partner-Skilauf oder Slackline-Laufen, bieten. Auch die Kooperationspartner des \u201eHauses Kunterbunt\u201c werden dabei sein. Die Tanzschule Wolfer-Leibfried hat ein regelm\u00e4\u00dfiges Tanzangebot in der KiTa. Die dort erlernten Tanzschritte wird man beim Sommerfest zeigen. Zudem hat sich die Ballschule des VfB Ha\u00dfloch angek\u00fcndigt, die die Kinder ebenfalls aus dem KiTa-Alltag kennen.<\/p>\n\n\n\n<p>Dar\u00fcber hinaus sind f\u00fcr das Sommerfest kleine Show-Einlagen geplant. Neben der Tanzvorf\u00fchrung mit der Tanzschule Wolfer-Leibfried wird es Gesang und kleine Theatervorf\u00fchrungen geben. Der Elternausschuss \u00fcbernimmt derweil die Bewirtung des Festes und bietet allen G\u00e4sten eine breite Palette an Speisen und Getr\u00e4nken. Es gibt W\u00fcrstchen, Br\u00f6tchen, eine Vielzahl an Kuchen sowie Melonen und weitere sommerliche Erfrischungen.<\/p>\n\n\n\n<p>Das Sommerfest ist f\u00fcr die gesamte Familie gedacht und soll auch Kinder und Eltern ansprechen, die nicht die KiTa besuchen. \u201eBei Interesse bieten wir auch eine kleine F\u00fchrung durch unsere R\u00e4umlichkeiten an\u201c, so Einrichtungsleiter Simon Schmidt, der zur Er\u00f6ffnung vor 25 Jahren mit zu den ersten Kindern geh\u00f6rten, die im \u201eHaus Kunterbunt\u201c betreut wurden. Heute leitet er die KiTa, die derzeit von 105 Kindern, aufgeteilt auf vier Gruppen, besucht wird.<\/p>\n\n\n\n<p>Das \u201eHaus Kunterbunt\u201c ist eine Bewegungskita. Das hei\u00dft, das Thema \u201eBewegung\u201c ist konzeptionell verankert und damit ein wesentlicher Schwerpunkt in der p\u00e4dagogischen Arbeit. Eine entsprechende Zertifizierung als \u201eBewegungskita Rheinland-Pfalz\u201c wird noch in diesem Jahr erfolgen. W\u00e4hrend der Schlie\u00dfzeit in den Sommerferien werden im \u201eHaus Kunterbunt\u201c au\u00dferdem weitere Bauarbeiten durchgef\u00fchrt. Nachdem durch den Wasserschaden in 2017 bereits zwei Gruppenr\u00e4ume sowie der Mehrzweckraum einen neuen Boden bekommen haben, sollen nun auch die anderen R\u00e4umlichkeiten entsprechend hergerichtet werden. \u201eEs tut sich viel in unserer KiTa\u201c, so Schmidt \u2013 und auch das m\u00f6chte man den Besuchern des Sommerfestes zeigen. Ein gro\u00dfer Dank gilt dem gesamten KiTaTeam sowie dem Elternausschuss, die nicht nur bei der Realisierung des Sommerfestes, sondern auch im KiTa-Alltag viel Engagement und Herzblut zeigen.<\/p>\n\n\n\n<p><em>Gemeindeverwaltung Ha\u00dfloch<br>10.06.2019<\/em><\/p>\n\n\n\n<h2 class=\"wp-block-heading\">Erneuerung Adam-Stegerwald-Stra\u00dfe und Westrandstra\u00dfe \u2013 die n\u00e4chsten Arbeitsschritte<\/h2>\n\n\n\n<p>Seit dem 29. Mai konnte die Adam-Stegerwald-Stra\u00dfe in Fahrtrichtung Neustadter Kreisel sowie in Fahrtrichtung Badepark Kreisel wieder f\u00fcr den gesamten Verkehr freigegeben werden. Die Adam-Stegerwald-Stra\u00dfe ist dann im Bereich zwischen dem Kreisel am Badepark und der Einfahrt zur Firma Hildebrand komplett fertiggestellt. Die noch ausstehenden Arbeiten im weiteren Streckenverlauf von der Firma Hildebrand bis zum Neustadter Kreisel werden dann voraussichtlich im Laufe des Monats August in Angriff genommen. Zuvor machen die Bauarbeiten einen Sprung und verlagern sich in die Westrandstra\u00dfe n\u00f6rdlich des Neustadter Kreisels.<\/p>\n\n\n\n<p>Dort wird seit dem 3. Juni der Fahrbahnbereich zwischen dem Neustadter Kreisel und der Rampe zum Bahnbr\u00fcckenbauwerk erneuert. Die Arbeiten in diesem Streckenabschnitt k\u00f6nnen nur unter Vollsperrung erfolgen. Der Verkehr wird daher \u00fcber die Neustadter Stra\u00dfe \u2013 Richard-Wagner-Stra\u00dfe \u2013 Gottlieb-Duttenh\u00f6fer-Stra\u00dfe umgeleitet. Auch ein Befahren der Westrandstra\u00dfe \u00fcber die Moltkestra\u00dfe ist w\u00e4hrend der Arbeiten nicht m\u00f6glich. Die Zufahrt zu den Vereinen am Sandbuckel (Siegfried-Perrey-Stra\u00dfe) und dem dortigen Restaurant \u201eAkropolis\u201c erfolgt \u00fcber die Gottlieb-Duttenh\u00f6fer-Stra\u00dfe. Dort f\u00e4hrt man \u00fcber die Westrandstra\u00dfe bis zur Baustelle und wird dann \u00fcber ein Provisorium zur Siegfried-PerreyStra\u00dfe geleitet. Auch f\u00fcr Fu\u00dfg\u00e4nger und Radfahrer wird w\u00e4hrend der Bauzeit ein Provisorium geschaffen. Radfahrer werden gebeten, in diesem Teilabschnitt ihr Rad zu schieben.<\/p>\n\n\n\n<p>Auch der Neustadter Kreisel wird im Zuge der Bauma\u00dfnahme erneuert und voraussichtlich ab dem 17. Juni zu 75 Prozent gesperrt. Ab diesem Zeitpunkt wird es nur noch m\u00f6glich sein, von Mu\u00dfbach kommend nach S\u00fcden in die Westrandstra\u00dfe einzubiegen sowie vom Badepark Kreisel kommend nach Westen in Richtung Mu\u00dfbach zu fahren. Da im Kreisel kein Begegnungsverkehr m\u00f6glich ist, wird die Verkehrsf\u00fchrung mit einer Baustellenampel geregelt. Autofahrer aus der Ha\u00dflocher Ortsmitte in Richtung Mu\u00dfbach oder Badepark werden \u00fcber die Brahmsstra\u00dfe \u2013 Pestalozzistra\u00dfe \u2013 Waldstra\u00dfe \u2013 Lachener Weg umgeleitet. Die voraussichtliche Bauzeit f\u00fcr beide Bauabschnitte (Kreisel und Bereich zwischen Kreisel und Bahnbr\u00fcckenbauwerk) betr\u00e4gt rund sechs Wochen.<\/p>\n\n\n\n<p>Neben der Kompletterneuerung des Asphalts werden in diesen Abschnitten die ungebundenen Tragschichten unterhalb des Asphalts mit einem Spezialverfahren verfestigt. Damit werden die Tragf\u00e4higkeit und die Frostf\u00e4higkeit des Materials wesentlich verbessert.<\/p>\n\n\n\n<p><em>Gemeindeverwaltung Ha\u00dfloch<br>10.06.2019<\/em><\/p>\n\n\n\n<h2 class=\"wp-block-heading\">Wegpflegeger\u00e4t nach Winterpause wieder im Einsatz<\/h2>\n\n\n\n<div class=\"wp-block-image\"><figure class=\"aligncenter\"><img decoding=\"async\" loading=\"lazy\" width=\"800\" height=\"600\" src=\"https:\/\/speyer24news.com\/wp-content\/uploads\/2019\/06\/Bild-Das-neue-Wegpflegeger\u00e4t-im-Einsatz-\u2013-hier-im-Bereich-des-Neum\u00fchlwegs-mit-Bauhofmitarbeiter-Gerd-Dambach-und-Umweltdezernent-Dieter-Schuhmacher..jpg\" alt=\"\" class=\"wp-image-14776\" srcset=\"https:\/\/speyer24news.com\/wp-content\/uploads\/2019\/06\/Bild-Das-neue-Wegpflegeger\u00e4t-im-Einsatz-\u2013-hier-im-Bereich-des-Neum\u00fchlwegs-mit-Bauhofmitarbeiter-Gerd-Dambach-und-Umweltdezernent-Dieter-Schuhmacher..jpg 800w, https:\/\/speyer24news.com\/wp-content\/uploads\/2019\/06\/Bild-Das-neue-Wegpflegeger\u00e4t-im-Einsatz-\u2013-hier-im-Bereich-des-Neum\u00fchlwegs-mit-Bauhofmitarbeiter-Gerd-Dambach-und-Umweltdezernent-Dieter-Schuhmacher.-300x225.jpg 300w, https:\/\/speyer24news.com\/wp-content\/uploads\/2019\/06\/Bild-Das-neue-Wegpflegeger\u00e4t-im-Einsatz-\u2013-hier-im-Bereich-des-Neum\u00fchlwegs-mit-Bauhofmitarbeiter-Gerd-Dambach-und-Umweltdezernent-Dieter-Schuhmacher.-768x576.jpg 768w, https:\/\/speyer24news.com\/wp-content\/uploads\/2019\/06\/Bild-Das-neue-Wegpflegeger\u00e4t-im-Einsatz-\u2013-hier-im-Bereich-des-Neum\u00fchlwegs-mit-Bauhofmitarbeiter-Gerd-Dambach-und-Umweltdezernent-Dieter-Schuhmacher.-678x509.jpg 678w, https:\/\/speyer24news.com\/wp-content\/uploads\/2019\/06\/Bild-Das-neue-Wegpflegeger\u00e4t-im-Einsatz-\u2013-hier-im-Bereich-des-Neum\u00fchlwegs-mit-Bauhofmitarbeiter-Gerd-Dambach-und-Umweltdezernent-Dieter-Schuhmacher.-326x245.jpg 326w, https:\/\/speyer24news.com\/wp-content\/uploads\/2019\/06\/Bild-Das-neue-Wegpflegeger\u00e4t-im-Einsatz-\u2013-hier-im-Bereich-des-Neum\u00fchlwegs-mit-Bauhofmitarbeiter-Gerd-Dambach-und-Umweltdezernent-Dieter-Schuhmacher.-80x60.jpg 80w\" sizes=\"(max-width: 800px) 100vw, 800px\" \/><figcaption>Das neue Wegpflegeger\u00e4t im Einsatz \u2013 hier im Bereich des Neum\u00fchlwegs mit Bauhofmitarbeiter Gerd Dambach und Umweltdezernent Dieter Schuhmacher.<\/figcaption><\/figure><\/div>\n\n\n\n<p>Nachdem das Wegpflegeger\u00e4t bis in den M\u00e4rz hinein ruhen musste, da s\u00e4mtliche Zugmaschinen des Bauhofes f\u00fcr den Winterdienst umger\u00fcstet waren, ist das Ger\u00e4t seit einigen Wochen nun wieder im Einsatz und sagt Schlagl\u00f6chern auf Ha\u00dflocher Feld-, Wald- und Wirtschaftswegen den Kampf an. Derzeit ist das Wegpflegeger\u00e4t im Neum\u00fchlweg zwischen Landwehr und Rehbach im Einsatz, der Bereich zwischen Rehbach und Wald wurde bereits fertiggestellt. Ebenfalls in der Mache befindet sich der Weg zwischen Mu\u00dfbacher Landstra\u00dfe und Tennisclub. Au\u00dferdem folgen weitere Arbeiten im Querweg zwischen der verl\u00e4ngerten F\u00fcllergasse und der L532.<\/p>\n\n\n\n<p>F\u00fcr das erste Halbjahr 2019 sind insgesamt 20 Wege mit einer Gesamtl\u00e4nge von rund 14 Kilometern f\u00fcr die Bearbeitung mit dem Wegpflegeger\u00e4t vorgesehen. Zehn Wegabschnitte konnten bereits fertiggestellt werden, darunter auch der Bereich zwischen Tierheim und Pfalzm\u00fchle, der mit einer Vielzahl von L\u00f6chern versehen war. Auch der Mu\u00dfbacher Weg sowie der Spielweg stehen erneut auf der Agenda des Wegpflegeger\u00e4tes.<\/p>\n\n\n\n<p>Bei dem Wegpflegeger\u00e4t handelt es sich um eine Maschine, die an einen Unimog angeschlossen wird, mit dem dann der zu bearbeitende Weg befahren wird. In der Regel erfolgt die Wegbearbeitung in drei Arbeitsschritten. Zun\u00e4chst wird der vorhandene Weg in einem ersten Schritt aufgefr\u00e4st und der Boden auf einer Tiefe von etwa 15 bis 25cm gelockert und gel\u00f6st. Anschlie\u00dfend f\u00e4hrt die Maschine erneut \u00fcber den zu bearbeitenden Weg und verdichtet mit einem Druck von bis zu 3,5 Tonnen das aufgefr\u00e4ste Bodenmaterial. Bei anschlie\u00dfender Bew\u00e4sserung der Wegoberfl\u00e4che und einer erneuten \u00dcberfahrt mit der Maschine entsteht ein schlaglochfreier Boden.<\/p>\n\n\n\n<p>In Ha\u00dfloch gibt es ein mehr als 100 Kilometer langes Wegenetz an Feld-, Wald- und Wirtschaftswegen. Die Bearbeitung ist mit dem Wegpflegeger\u00e4t sp\u00fcrbar komfortabler geworden und erm\u00f6glicht die Pflege und Instandsetzung von deutlich mehr Wegekilometern als bisher, so Umweltdezernent Dieter Schuhmacher.<\/p>\n\n\n\n<p><em>Gemeindeverwaltung Ha\u00dfloch<br>10.06.2019<\/em><\/p>\n\n\n\n<h2 class=\"wp-block-heading\">Startschuss f\u00fcr das Kartoffelprojekt an der Schillerschule<\/h2>\n\n\n\n<div class=\"wp-block-image\"><figure class=\"aligncenter\"><img decoding=\"async\" loading=\"lazy\" width=\"800\" height=\"485\" src=\"https:\/\/speyer24news.com\/wp-content\/uploads\/2019\/06\/Bild-Startschuss-Kartoffelprojekt-der-Schillerschule.jpg\" alt=\"\" class=\"wp-image-14775\" srcset=\"https:\/\/speyer24news.com\/wp-content\/uploads\/2019\/06\/Bild-Startschuss-Kartoffelprojekt-der-Schillerschule.jpg 800w, https:\/\/speyer24news.com\/wp-content\/uploads\/2019\/06\/Bild-Startschuss-Kartoffelprojekt-der-Schillerschule-300x182.jpg 300w, https:\/\/speyer24news.com\/wp-content\/uploads\/2019\/06\/Bild-Startschuss-Kartoffelprojekt-der-Schillerschule-768x466.jpg 768w\" sizes=\"(max-width: 800px) 100vw, 800px\" \/><\/figure><\/div>\n\n\n\n<p>Bei den Sch\u00fclerinnen und Sch\u00fclern der zweiten Klassen an der Schillerschule steht derzeit wieder praxisnahes Lernen auf dem Stundenplan. Im Schulgarten hinterm Kulturviereck haben die Kinder jetzt unter Anleitung von Umweltsachbearbeiterin Melanie Mangold und Bauhofg\u00e4rtnerin Katharina Warga Kartoffeln gesetzt. Dort hat jede Klasse ihren eigenen Pflanzabschnitt, um den es sich zu k\u00fcmmern gilt. Angefangen beim Auspflanzen der Setzlinge \u00fcber die Pflege und Ernte bis hin zur Verarbeitung in der K\u00fcche ist die Kartoffel bis ins n\u00e4chste Schuljahr hinein immer wieder Teil des Unterrichts. Ziel ist die Vermittlung von Basiswissen rund um die Themen Lebensmittel und gesunde Ern\u00e4hrung. \u201eGerade dadurch, dass die Kinder ihre im Fr\u00fchjahr selbst gesetzten Kartoffeln \u00fcber Wochen hinweg begleiten und im Sp\u00e4tsommer ernten, entsteht ein ganz neues Bewusstsein in Bezug auf Lebensmittel\u201c, so Schulleiterin Gila Serr. Auch Schul- und Sozialdezernent Ralf Tr\u00f6sch begr\u00fc\u00dft die Aktion, die an der Schillerschule inzwischen Tradition hat und jedes Jahr auf dem Stundenplan der Zweitkl\u00e4ssler steht.<\/p>\n\n\n\n<p>Die Kartoffelsetzlinge werden \u00fcber das landesweite Schulgartenprojekt \u201eKids an die Knolle\u201c bezogen und der Schule kostenlos zur Verf\u00fcgung gestellt. Die Pflanzaktion findet jedes Jahr im Bereich hinter dem Kulturviereck statt \u2013 in diesem Jahr erstmals im neu angelegten Schulgarten am Rande der dortigen Streuobstwiese. In den Jahren davor hatte man stets gemeinsam mit dem Obst- und Gartenbauverein die Aktion durchgef\u00fchrt und die Kartoffeln auch in dem Garten des Vereins gepflanzt. Federf\u00fchrender Ansprechpartner f\u00fcr die Sch\u00fclerinnen und Sch\u00fcler war jahrelang Hermann Freytag, der das Projekt nun aber auf eigenen Wunsch abgegeben hat. Daher wurde das Anlegen eines neuen Schulgartens erforderlich, was die Gemeinde mit Unterst\u00fctzung des BUND im Fr\u00fchjahr dieses Jahres angegangen ist, so Umweltdezernent Dieter Schuhmacher.<\/p>\n\n\n\n<p>P\u00fcnktlich f\u00fcr die Kartoffelaktion ist der 40 Quadratmeter gro\u00dfe Schulgarten fertig geworden, um nun gemeinsam mit den zweiten Klassen die Kartoffeln auszubringen. Auch Hermann Freytag lie\u00df es sich nicht nehmen, als Gast den Sch\u00fclerinnen und Sch\u00fclern \u00fcber die Schulter zu blicken \u2013 eine Gelegenheit, die Umweltdezernent Dieter Schuhmacher nutzte, um ihm noch einmal f\u00fcr seinen Einsatz und sein Engagement w\u00e4hrend der zur\u00fcckliegenden Jahre zu danken.  <\/p>\n\n\n\n<p><em>Gemeindeverwaltung Ha\u00dfloch<br>10.06.2019<\/em><\/p>\n\n\n\n<h2 class=\"wp-block-heading\">\u201eKunst im Treppenhaus\u201c zeigt die Gewinnermotive des Malwettbewerbs f\u00fcr Kinder<\/h2>\n\n\n\n<div class=\"wp-block-image\"><figure class=\"aligncenter\"><img decoding=\"async\" loading=\"lazy\" width=\"800\" height=\"600\" src=\"https:\/\/speyer24news.com\/wp-content\/uploads\/2019\/06\/Bild.jpg\" alt=\"\" class=\"wp-image-14774\" srcset=\"https:\/\/speyer24news.com\/wp-content\/uploads\/2019\/06\/Bild.jpg 800w, https:\/\/speyer24news.com\/wp-content\/uploads\/2019\/06\/Bild-300x225.jpg 300w, https:\/\/speyer24news.com\/wp-content\/uploads\/2019\/06\/Bild-768x576.jpg 768w, https:\/\/speyer24news.com\/wp-content\/uploads\/2019\/06\/Bild-678x509.jpg 678w, https:\/\/speyer24news.com\/wp-content\/uploads\/2019\/06\/Bild-326x245.jpg 326w, https:\/\/speyer24news.com\/wp-content\/uploads\/2019\/06\/Bild-80x60.jpg 80w\" sizes=\"(max-width: 800px) 100vw, 800px\" \/><figcaption> Die jungen Nachwuchsk\u00fcnstlerinnen und -k\u00fcnstler im Treppenhaus der B\u00fccherei <\/figcaption><\/figure><\/div>\n\n\n\n<p>Beim \u201eTag der offenen T\u00fcr\u201c anl\u00e4sslich des 30-j\u00e4hrigen Bestehens der Ha\u00dflocher Gemeindeb\u00fccherei gab es Ende M\u00e4rz einen Malwettbewerb, an dem sich \u00fcber 30 Kinder beteiligt haben. Herausgekommen ist eine Vielzahl von Bildern, die alle unter dem Motto des Malwettbewerbes \u201eKomm mit in die B\u00fccherei\u201c stehen. Das Team der B\u00fccherei hat nach dem \u201eTag der offenen T\u00fcr\u201c alle Bilder gesichtet und die 18 besten ausgew\u00e4hlt, um diese im Rahmen der Reihe \u201eKunst im Treppenhaus\u201c auszustellen. Die Ausstellung wurde gemeinsam mit den Kindern jetzt offiziell er\u00f6ffnet und wird bis Ende Juni im Treppenhaus der B\u00fccherei zu sehen sein.<\/p>\n\n\n\n<p>Die Kinder haben dabei ganz unterschiedliche Motive aus dem B\u00fcchereileben aufs Papier gebracht: Einige Bilder zeigen die Ausleihsituation in der B\u00fccherei, auf anderen Motiven wurden B\u00fccherregale und die unterschiedlichen Genre dargestellt, auch Figuren aus den Lieblingsb\u00fcchern der Kinder sind gemalt worden, ebenso wurden einige Bilder mit Schriftz\u00fcgen und Sprechblasen versehen, in denen es beispielsweise hei\u00dft, dass die B\u00fccherei ein Ort der Ruhe ist, an dem man seine Lieblingsb\u00fccher findet.<\/p>\n\n\n\n<p>Zur offiziellen Er\u00f6ffnung der Ausstellung bedankte sich B\u00fcchereileiterin Gabi Pfadt noch einmal recht herzlich f\u00fcr die Teilnahme am Wettbewerb und die kreativen Bilder. Unter allen Anwesenden wurden daher als kleine Anerkennung drei Gutscheine f\u00fcr den Ha\u00dflocher Chaoskeller verlost. Zudem gab es f\u00fcr alle Kinder ein Notizbuch inklusive B\u00fcchereibleistift f\u00fcr k\u00fcnftige kreative Ideen und Einf\u00e4lle. Dar\u00fcber hinaus wird ein Teil der Bilder nach dem Ende der Ausstellung ins Rathaus umzuziehen. Der Erste Beigeordnete Tobias Meyer m\u00f6chte damit den Flur der Sozialverwaltung noch etwas bunter und farbenfroher gestalten. Daher freut auch er sich \u00fcber die gelungenen Bilder, die derzeit das Treppenhaus der B\u00fccherei optisch aufwerten und ab Juli dann sicherlich auch ein Hingucker im Rathaus sein werden.<\/p>\n\n\n\n<p>Dar\u00fcber hinaus wurden bei der Ausstellungser\u00f6ffnung auch die Gewinnerinnen und Gewinner des Jubil\u00e4umsr\u00e4tsels geehrt, das die B\u00fccherei im Rahmen der Jubil\u00e4umsfeierlichkeiten organisiert hatte. Insgesamt vier Jungs und M\u00e4dchen erhielten einen Gutschein vom Schreibwaren- und Buchgesch\u00e4ft Papier Schneider. Mit der Gewinnerehrung und der Ausstellungser\u00f6ffnung hat die B\u00fccherei ihren Feierlichkeiten zum 30-j\u00e4hrigen Bestehen nun einen runden Abschluss verpasst.<\/p>\n\n\n\n<p><em>Gemeindeverwaltung Ha\u00dfloch<br>10.06.2019<\/em><\/p>\n\n\n\n<h2 class=\"wp-block-heading\">Teile des Ha\u00dflocher Waldes aufgrund der Ru\u00dfrindenkrankheit gesperrt<\/h2>\n\n\n\n<div class=\"wp-block-image\"><figure class=\"aligncenter\"><img decoding=\"async\" loading=\"lazy\" width=\"500\" height=\"721\" src=\"https:\/\/speyer24news.com\/wp-content\/uploads\/2019\/06\/Bild-Erkrankter-Baum-im-Ha\u00dflocher-Wald-Ru\u00dfrindenkrankheit.jpg\" alt=\"\" class=\"wp-image-14773\" srcset=\"https:\/\/speyer24news.com\/wp-content\/uploads\/2019\/06\/Bild-Erkrankter-Baum-im-Ha\u00dflocher-Wald-Ru\u00dfrindenkrankheit.jpg 500w, https:\/\/speyer24news.com\/wp-content\/uploads\/2019\/06\/Bild-Erkrankter-Baum-im-Ha\u00dflocher-Wald-Ru\u00dfrindenkrankheit-208x300.jpg 208w\" sizes=\"(max-width: 500px) 100vw, 500px\" \/><\/figure><\/div>\n\n\n\n<p>Im Ha\u00dflocher Wald sind 200 Ahornb\u00e4ume an der Ru\u00dfrindenkrankheit erkrankt. Die Krankheit wird durch den Pilz \u201eCryptostroma corticale\u201c ausgel\u00f6st und f\u00fchrt zum Absterben der befallenen B\u00e4ume. Der Name kommt daher, dass die tiefschwarzen Sporen im Endstadium durch die Rinde brechen, sodass die B\u00e4ume ru\u00dfig aussehen. Die schwarzen Sporen des Pilzes k\u00f6nnen durch Einatmen bei Menschen zu Atemwegserkrankungen f\u00fchren. Personen mit chronischen und allergischen Erkrankungen sind besonders betroffen. <\/p>\n\n\n\n<p>Aus diesem Grund haben die Gemeinde und der Forstzweckverband den betroffenen Bereich im Ha\u00dflocher Wald abgesperrt. Konkret betroffen ist eine Fl\u00e4che von 0,2 Hektar im Bereich zwischen Naturfreundehaus und August-Sch\u00f6n-Weg. Der Bereich ist mit Absperrz\u00e4unen, Flatterband und Hinweisschildern entsprechend markiert. Das Naturfreundehaus ist daher nur noch \u00fcber die Stra\u00dfe \u201eAn der Fohlenweide\u201c zu erreichen. Der Spielplatz am Naturfreundehaus wurde vorsorglich gesperrt. Der betroffene Bereich ist ein viel frequentiertes Areal von Freizeitsportlern, Spazierg\u00e4ngern und Radfahrern \u2013 aus diesem Grund ist es bedauerlich gerade jetzt zum Start in die warme Jahreszeit den Bereich sperren zu m\u00fcssen, doch Sicherheit hat Vorrang, so Revierleiter Armin Kupper und Umweltdezernent Dieter Schuhmacher.<\/p>\n\n\n\n<p>Im Auftrag von Sozialdezernent Ralf Tr\u00f6sch haben Mitarbeiter des Forstes auch Ahornb\u00e4ume an Kinderg\u00e4rten und Spielpl\u00e4tzen im gesamten Ort kontrolliert, dort allerdings keine Erkrankung mit der Ru\u00dfrindenkrankheit festgestellt. Derzeit betroffen sind tats\u00e4chlich \u201enur\u201c die 200 Ahornb\u00e4ume im Bereich zwischen Naturfreundehaus und August-Sch\u00f6n-Weg, so Revierleiter Armin Kupper. Damit hat man im Vergleich zu anderen St\u00e4dten und Gemeinden noch Gl\u00fcck. In Lich im Kreis Gie\u00dfen (Hessen) sind im Februar dieses Jahres mehr als 30.000 B\u00e4ume betroffen gewesen, aber auch umliegende Ortschaften in der Pfalz kennen das Problem der Ru\u00dfrindenkrankheit, die eine weitere Folge des extrem hei\u00dfen und trockenen Sommers des vergangenen Jahres ist. Die Trockenheit und die Hitze haben nicht nur zahlreiche B\u00e4ume belastet, sondern gleichzeitig das Pilzwachstum vielerorts beg\u00fcnstigt.<\/p>\n\n\n\n<p>F\u00fcr die 200 betroffenen Ahornb\u00e4ume im Ha\u00dflocher Wald wird es unterdessen keine Rettung geben. Ist der Pilz einmal ausgebrochen, kommt nur noch eine F\u00e4llung der erkrankten B\u00e4ume in Frage. Derzeit stehen Gemeindeverwaltung und Forstzweckverband mit der Kreisverwaltung Bad D\u00fcrkheim und der Zentralstelle der Forstverwaltung in Kontakt, um die Frage der Beseitigung und Entsorgung der B\u00e4ume zu kl\u00e4ren. Erst wenn diese Fragen gekl\u00e4rt sind, l\u00e4sst sich sagen, wie lange der betroffene Bereich gesperrt bleiben wird.<\/p>\n\n\n\n<p>Waldbesucher werden bis dahin gebeten, den gesperrten Bereich zum Schutz der eigenen Gesundheit zu meiden.<\/p>\n\n\n\n<p><em>Gemeindeverwaltung Ha\u00dfloch<br>10.06.2019<\/em><\/p>\n\n\n\n<h2 class=\"wp-block-heading\">M\u00fcllentsorgung im Wald ist kein Kavaliersdelikt<\/h2>\n\n\n\n<div class=\"wp-block-image\"><figure class=\"aligncenter\"><img decoding=\"async\" loading=\"lazy\" width=\"500\" height=\"713\" src=\"https:\/\/speyer24news.com\/wp-content\/uploads\/2019\/06\/Illegale-M\u00fcllentsorgung-im-Wald-Richtung-Geinsheim.jpg\" alt=\"\" class=\"wp-image-14772\" srcset=\"https:\/\/speyer24news.com\/wp-content\/uploads\/2019\/06\/Illegale-M\u00fcllentsorgung-im-Wald-Richtung-Geinsheim.jpg 500w, https:\/\/speyer24news.com\/wp-content\/uploads\/2019\/06\/Illegale-M\u00fcllentsorgung-im-Wald-Richtung-Geinsheim-210x300.jpg 210w\" sizes=\"(max-width: 500px) 100vw, 500px\" \/><\/figure><\/div>\n\n\n\n<p>Mit den ersten Sonnenstrahlen und Fr\u00fchlingstemperaturen sind viele Gartenbesitzer inzwischen in die Gartensaison gestartet und richten ihre G\u00e4rten f\u00fcr die warme Jahreszeit her. Der Start der Gartensaison ist oftmals aber auch die Zeit, in der Forstleute Berge von Gr\u00fcnabf\u00e4llen im Wald finden. Zweige, Bl\u00e4tter und Rasenschnitt t\u00fcrmen sich am Waldrand und an Wegen. Ein Problem, das auch der Forstzweckverband Ha\u00dfloch\/B\u00f6hl-Iggelheim kennt. Die Annahme, dass die Entsorgung von Gr\u00fcnschnitt der Natur keinen Schaden zuf\u00fcge, da es sich ja um nat\u00fcrlich abbaubares Material handelt, ist falsch. Gr\u00fcnschnitt, Gras und Laub gelten als Abfall und d\u00fcrfen nicht in den Wald gekippt werden, so der Ha\u00dflocher Revierleiter Armin Kupper. <\/p>\n\n\n\n<p>Was viele nicht wissen: Mit den Gartenabf\u00e4llen landen mehr N\u00e4hrstoffe im Wald und das sensible Gleichgewicht ger\u00e4t durcheinander. Als Folge vermehren sich Stickstoff liebende Pflanzen wie die Brennnessel oder Brombeerstr\u00e4ucher und verdr\u00e4ngen die standorttypischen speziell angepassten Arten wie Veilchen oder viele Wald- und Wiesenblumen. Hinzu kommt, dass sich Wildschweine ganz besonders wohl f\u00fchlen, wenn sie regelm\u00e4\u00dfig mit Gartenabf\u00e4llen versorgt werden. Gartenabf\u00e4lle sind f\u00fcr sie wie Fast Food, hei\u00dft es von Seiten der Zentralstelle der Forstverwaltung, Landesforsten Rheinland-Pfalz. <\/p>\n\n\n\n<p>Gemeinsam mit dem Ha\u00dflocher Umweltdezernenten Dieter Schuhmacher appelliert Revierleiter Armin Kupper daher an den gesunden Menschenverstand. Es gibt auch in Ha\u00dfloch gen\u00fcgend M\u00f6glichkeiten, Gartenabf\u00e4lle kostenlos zu entsorgen. Neben der Eigenkompostierung im Garten k\u00f6nnen bis zu einer gewissen Gr\u00f6\u00dfe und Menge Gr\u00fcnabf\u00e4lle auch \u00fcber die Biotonne entsorgt werden. Dar\u00fcber hinaus gibt es die Gr\u00fcnabfallsammelstelle im Wei\u00dfdornweg, bei der Anlieferungen von bis zu 2m\u00b3 Gr\u00fcnabfall kostenlos entgegengenommen werden. Es sind aber nicht nur Gr\u00fcnabf\u00e4lle, die derzeit unerlaubt im Wald entsorgt werden. Auch Bauschutt und Sperrm\u00fcll wurden in der j\u00fcngsten Vergangenheit mehrfach im Ha\u00dflocher Wald abgeladen. Daher werden die Feld- und Umweltsch\u00fctzen sowie Mitarbeiter des Forstes noch st\u00e4rker ein Auge auf jeden M\u00fcllfrevel werfen, potentielle Ablagestellen beobachten und kontrollieren sowie jeden Fall von illegaler M\u00fcllentsorgung zur Anzeige bringen. Es k\u00f6nne nicht sein, dass Bauhof und Forst nur noch damit besch\u00e4ftigt sind, anderer Leute M\u00fcll zu entsorgen, so Schuhmacher und Kupper. Auch f\u00fcr Sperrm\u00fcll gibt es mit dem Wertstoffhof in der Westrandstra\u00dfe 1 eine kostenlose Abgabem\u00f6glichkeit in direkter Umgebung. Dar\u00fcber hinaus sollte sich jeder bewusst sein, dass die illegale Entsorgung von Gr\u00fcnabfall, Bauschutt oder Sperrm\u00fcll kein Kavaliersdelikt ist. <\/p>\n\n\n\n<p><em>Gemeindeverwaltung Ha\u00dfloch<br>10.06.2019<\/em><\/p>\n\n\n\n<h2 class=\"wp-block-heading\">Kreisverkehrswacht \u00fcbergibt eine \u201eMove it\u201c-Box an die KiTa Haselm\u00e4use<\/h2>\n\n\n\n<div class=\"wp-block-image\"><figure class=\"aligncenter\"><img decoding=\"async\" loading=\"lazy\" width=\"800\" height=\"602\" src=\"https:\/\/speyer24news.com\/wp-content\/uploads\/2019\/06\/Bild-Kreisverkehrswacht-\u00fcbergibt-Move-it-Box.jpg\" alt=\"\" class=\"wp-image-14771\" srcset=\"https:\/\/speyer24news.com\/wp-content\/uploads\/2019\/06\/Bild-Kreisverkehrswacht-\u00fcbergibt-Move-it-Box.jpg 800w, https:\/\/speyer24news.com\/wp-content\/uploads\/2019\/06\/Bild-Kreisverkehrswacht-\u00fcbergibt-Move-it-Box-300x226.jpg 300w, https:\/\/speyer24news.com\/wp-content\/uploads\/2019\/06\/Bild-Kreisverkehrswacht-\u00fcbergibt-Move-it-Box-768x578.jpg 768w, https:\/\/speyer24news.com\/wp-content\/uploads\/2019\/06\/Bild-Kreisverkehrswacht-\u00fcbergibt-Move-it-Box-678x509.jpg 678w, https:\/\/speyer24news.com\/wp-content\/uploads\/2019\/06\/Bild-Kreisverkehrswacht-\u00fcbergibt-Move-it-Box-326x245.jpg 326w, https:\/\/speyer24news.com\/wp-content\/uploads\/2019\/06\/Bild-Kreisverkehrswacht-\u00fcbergibt-Move-it-Box-80x60.jpg 80w\" sizes=\"(max-width: 800px) 100vw, 800px\" \/><\/figure><\/div>\n\n\n\n<p>Die Kinder der Ha\u00dflocher Kindertagesst\u00e4tte \u201eHaselm\u00e4use\u201c hatten am vergangenen Freitag Besuch von Vertretern der Kreisverkehrswacht Bad D\u00fcrkheim-S\u00fcd. Beatrix Ostmann und Hugo Ritter hatten eine \u201eMove it\u201c-Box sowie Warn- und Sicherheitswesten und Sturzhelme im Gep\u00e4ck, die sie den Kindern und ihren Erzieherinnen \u00fcberreicht haben. \u201eMove it\u201c ist eine bundesweite Aktion der Deutschen Verkehrswacht und soll Kinder durch gezielte motorische F\u00f6rderung fit f\u00fcr die Anforderungen im Stra\u00dfenverkehr machen. Hintergrund ist der zunehmende Bewegungsmangel im Kindesalter. \u201eDas beeintr\u00e4chtigt die Bewegungssicherheit und damit auch die Verkehrssicherheit der Kinder\u201c, so die beiden Vertreter der Kreisverkehrswacht Bad D\u00fcrkheim-S\u00fcd.<\/p>\n\n\n\n<p>In der Box befinden sich Schwungt\u00fccher und -seile, Soft-Frisbees, Jongliert\u00fccher, Buschwusch-B\u00e4lle und vieles mehr, was sich f\u00fcr unterschiedlichste Bewegungsspiele verwenden l\u00e4sst. Spielbeschreibungen und Anleitungen f\u00fcr das KiTa-Personal sind in der Box enthalten. Bei regelm\u00e4\u00dfiger Nutzung der \u201eMove it&#8220;-Bewegungsspiele tragen diese nicht nur zur Motorikf\u00f6rderung bei, sondern wirken sich auch positiv auf sozialen Zusammenhalt, emotionale Entwicklung und Konzentrationsf\u00e4higkeit aus. Dies haben Experten in mehreren Untersuchungen an Kinderg\u00e4rten und Grundschulen nachgewiesen. Auch die unfallverh\u00fctende Wirksamkeit der Spiele wurde festgestellt, so die Deutsche Verkehrswacht auf ihrer Homepage.<\/p>\n\n\n\n<p>KiTa-Leiterin Elfi L\u00fctzel bedankte sich f\u00fcr die Box, die ihr nicht fremd ist. Schon in ihrer fr\u00fcheren Einrichtung hatte man eine solche Box zur Verf\u00fcgung und gerne mit ihr gearbeitet. \u201eSchlie\u00dflich f\u00e4ngt Verkehrserziehung nicht erst in der Grundschule an\u201c, so L\u00fctzel.<\/p>\n\n\n\n<p>Die Kosten in H\u00f6he von rund 300 Euro \u00fcbernimmt zu 80 Prozent die Deutsche Verkehrswacht, 20 Prozent sind Eigenanteil. \u201eDiesen Anteil \u00fcbernimmt die Gemeinde gerne\u201c,so Sozialdezernent Ralf Tr\u00f6sch, \u201edenn mit wenig Mitteln l\u00e4sst sich mit der \u201eMove it\u201c-Box viel bewirken\u201c. Die Box ist dank der Kreisverkehrswacht Bad D\u00fcrkheim-S\u00fcd in vielen Ha\u00dflocher Kindertagesst\u00e4tten im Einsatz. Mit der KiTa Haselm\u00e4use ist nun eine weitere Einrichtung hinzugekommen.<\/p>\n\n\n\n<p><em>Gemeindeverwaltung Ha\u00dfloch<br>10.06.2019<\/em><\/p>\n\n\n\n<h2 class=\"wp-block-heading\">Skat Landesliga Rheinland-Pfalz\/Saarland<\/h2>\n\n\n\n<h3 class=\"wp-block-heading\">Ha\u00dflocher Skatclub zur\u00fcckgefallen<\/h3>\n\n\n\n<p>Der 1. Skatclub Ha\u00dfloch, der am ersten Spieltag der Landesliga Rheinland-Pfalz\/Saarland so erfolgreich gestartet war, holte ausgerechnet zuhause am 2. Spieltag nur zwei Wertungspunkte (Wp) und fiel damit mit nun 9:9 Wp vom 3. Platz auf den 8. Rang zur\u00fcck. Die 1. Mannschaft mit Alexander Sch\u00f6n (3.738 Spielpunkte), Roland Fecht (1.852 Sp), Herbert Kaiser (1.314 Sp) und Joachim Fuhrmann (2.268 Sp) holte insgesamt nur 9.172 Sp.  Gegner waren die Teams von Herz Bube Bitburg III, Herz 7 M\u00f6rsch und Eppelsheimer Buben.<\/p>\n\n\n\n<p>Die 2. Mannschaft, die in der Verbandsliga Rheinhessen\/Nahe spielt, holte am 2. Spieltag elf Wp und liegt nun mit insgesamt 22 Wp und 19.008 Sp auf dem 4. Platz.<\/p>\n\n\n\n<p><em>1.Skatclub Ha\u00dfloch, J\u00fcrgen Hurrle<br>10.06.2019<\/em><\/p>\n","protected":false},"excerpt":{"rendered":"<div class=\"mh-excerpt\"><p>Der Lesesommer 2019 steht in den Startl\u00f6chern Auch in diesem Jahr beteiligt sich die Gemeindeb\u00fccherei Ha\u00dfloch am Lesesommer. Die landesweite Lesef\u00f6rderaktion findet zwischen dem 17. Juni und 17. August in ihrer inzwischen 12. Auflage statt <a class=\"mh-excerpt-more\" href=\"https:\/\/speyer24news.com\/?p=14769\" title=\"Ha\u00dfloch:\">[&#8230;]<\/a><\/p>\n<\/div>","protected":false},"author":3,"featured_media":14770,"comment_status":"open","ping_status":"open","sticky":false,"template":"","format":"standard","meta":{"_monsterinsights_skip_tracking":false,"_monsterinsights_sitenote_active":false,"_monsterinsights_sitenote_note":"","_monsterinsights_sitenote_category":0,"footnotes":""},"categories":[235],"tags":[1006,180,1513,1515,1511,1518,1512,1519,327,1340,1341,1517,1516,1514],"aioseo_notices":[],"amp_enabled":true,"_links":{"self":[{"href":"https:\/\/speyer24news.com\/index.php?rest_route=\/wp\/v2\/posts\/14769"}],"collection":[{"href":"https:\/\/speyer24news.com\/index.php?rest_route=\/wp\/v2\/posts"}],"about":[{"href":"https:\/\/speyer24news.com\/index.php?rest_route=\/wp\/v2\/types\/post"}],"author":[{"embeddable":true,"href":"https:\/\/speyer24news.com\/index.php?rest_route=\/wp\/v2\/users\/3"}],"replies":[{"embeddable":true,"href":"https:\/\/speyer24news.com\/index.php?rest_route=%2Fwp%2Fv2%2Fcomments&post=14769"}],"version-history":[{"count":1,"href":"https:\/\/speyer24news.com\/index.php?rest_route=\/wp\/v2\/posts\/14769\/revisions"}],"predecessor-version":[{"id":14779,"href":"https:\/\/speyer24news.com\/index.php?rest_route=\/wp\/v2\/posts\/14769\/revisions\/14779"}],"wp:featuredmedia":[{"embeddable":true,"href":"https:\/\/speyer24news.com\/index.php?rest_route=\/wp\/v2\/media\/14770"}],"wp:attachment":[{"href":"https:\/\/speyer24news.com\/index.php?rest_route=%2Fwp%2Fv2%2Fmedia&parent=14769"}],"wp:term":[{"taxonomy":"category","embeddable":true,"href":"https:\/\/speyer24news.com\/index.php?rest_route=%2Fwp%2Fv2%2Fcategories&post=14769"},{"taxonomy":"post_tag","embeddable":true,"href":"https:\/\/speyer24news.com\/index.php?rest_route=%2Fwp%2Fv2%2Ftags&post=14769"}],"curies":[{"name":"wp","href":"https:\/\/api.w.org\/{rel}","templated":true}]}}