{"id":14780,"date":"2019-06-12T07:10:39","date_gmt":"2019-06-12T06:10:39","guid":{"rendered":"https:\/\/speyer24news.com\/?p=14780"},"modified":"2019-06-12T07:10:39","modified_gmt":"2019-06-12T06:10:39","slug":"schifferstadt-4","status":"publish","type":"post","link":"https:\/\/speyer24news.com\/?p=14780","title":{"rendered":"Schifferstadt:"},"content":{"rendered":"<style type=\"text\/css\">\r\n\t.ads_top_disp{}\r\n\t.ads_top_corner_disp{ float:left; margin:0px 10px 10px 0px; }\r\n\t.ads_first_p_disp{}\r\n\t.ads_bottom_disp{}\r\n\t<\/style>\n<h2 class=\"wp-block-heading\" style=\"text-align:center\">Termine im Juni in Schifferstadt <\/h2>\n\n\n\n<ul><li>Freitag       14.06. Ab 19:00 Dem Uncle Sam sinn mir gedreih Altes Rathaus Marktplatz 1<\/li><li> Samstag       15.06. 16:00    Waldfest MGV Concordia MGV Concordia Waldfesthalle, Am Waldfestplatz<\/li><li> Samstag       15.06.  18:00    Grillfest der Stadtkapelle Stadtkapelle Schifferstadt Am Waldfestplatz 13<\/li><li> Sonntag       16.06. 11:00    Fr\u00fchschoppen Stadtkapelle Schifferstadt Am Waldfestplatz 13<\/li><li> Sonntag       16.06.  Ab 11:00 Manfred H. Kr\u00e4mer: Die Marathonne Schreiwer-Hais\u00b4l cjm Lillengasse 5<\/li><li> Donnerstag 20.06.  Reunion des Pfarrverbandes Pfarrei Heilige Edith Stein Waldfesthalle, Am Waldfestplatz<\/li><li> Samstag       22.06. 16:00    Waldfest \u2013 10 Jahre Moderner Chor    MGV Klein-Schifferstadt,    Waldfesthalle, Am Waldfestplatz<\/li><li> Sonntag       23.06. Ab 11:00 Arnim T\u00f6pel: \u201e Mord beim M\u00e4nnerballett?\u201c Schreiwer-Hais\u00b4l cjm Lillengasse 5 <\/li><li> Montag       24.06.          Fussballturnier der Vereine FSV 13\/23 FSV-Clubhaus, Portheide<\/li><li> Freitag       28.06. 18:00    Grillfest MGV Eintracht MGV Eintracht Am Waldfestplatz 4<\/li><li>Sonntag       30.06. 10:00 \u2013 18:00 Tag der offenen T\u00fcr F\u00f6rderverein Feuerwehr Feuerwehrger\u00e4tehaus, Amselweg 61<\/li><li>Sonntag       30.06. 11:00 \u2013 19:00 Jazz im Gr\u00fcnen Musikverein 1974 e.V. Schifferstadt Herzog-Otto-Stra\u00dfe 82, Vereinsgel\u00e4nde<\/li><\/ul>\n\n\n\n<p><em>Stadtverwaltung Schifferstadt<br>12.06.2019<\/em><\/p>\n\n\n\n<h2 class=\"wp-block-heading\">Volkshochschulkurse \/ (VHS)- Kurse:<\/h2>\n\n\n\n<div class=\"wp-block-image\"><figure class=\"aligncenter\"><img decoding=\"async\" loading=\"lazy\" width=\"800\" height=\"230\" src=\"https:\/\/speyer24news.com\/wp-content\/uploads\/2019\/06\/VHS-2019-1-Halbjahresprogramm.png\" alt=\"\" class=\"wp-image-14787\" srcset=\"https:\/\/speyer24news.com\/wp-content\/uploads\/2019\/06\/VHS-2019-1-Halbjahresprogramm.png 800w, https:\/\/speyer24news.com\/wp-content\/uploads\/2019\/06\/VHS-2019-1-Halbjahresprogramm-300x86.png 300w, https:\/\/speyer24news.com\/wp-content\/uploads\/2019\/06\/VHS-2019-1-Halbjahresprogramm-768x221.png 768w\" sizes=\"(max-width: 800px) 100vw, 800px\" \/><\/figure><\/div>\n\n\n\n<h3 class=\"wp-block-heading\">Wochenendworkshop: Jonglieren f\u00fcr Jung und Alt<\/h3>\n\n\n\n<p>Am <strong>Samstag, 15. Juni 2019<\/strong> beginnt um 10 Uhr der Wochenendworkshop \u201eJ<strong>onglieren f\u00fcr Jung und Alt<\/strong>\u201c im Schifferstadter vhs-Bildungszentrum, Neust\u00fcckweg 2. <\/p>\n\n\n\n<p>Jonglieren tr\u00e4gt zur Verbesserung der Motorik und der Geschicklichkeit bei; es trainiert Muskulatur und Gehirn gleichzeitig. In diesem Kurs erlernen Sie mit Spa\u00df und Leichtigkeit die Kunst des Jonglierens. Willkommen sind nicht nur Erwachsene, sondern auch Kinder ab acht Jahren. Gearbeitet wird mit zahlreichen Requisiten wie B\u00e4llen, Ringen, T\u00fcchern, Keilen etc. sowie verschiedenen Zirkustechniken wie Balance, Rola Bola oder Diabolospiel. Zum Schluss sollten alle Teilnehmenden das Jonglieren so beherrschen, dass es zu einem Teil ihrer Freizeitgestaltung werden kann.<\/p>\n\n\n\n<p>Informationen und Anmeldungen erhalten Interessierte bei der Stadtverwaltung Schifferstadt unter den Telefonnummer 06235 \/ 44 302 oder 44 305.<\/p>\n\n\n\n<h3 class=\"wp-block-heading\">Die \u201erichtige\u201c Kamera!? <\/h3>\n\n\n\n<p>Am <strong>Dienstag, 18. Juni 2019<\/strong> beginnt um 18 Uhr der Kurs \u201e<strong>Die \u201erichtige\u201c Kamera!?<\/strong>\u201c im Schifferstadter vhs-Bildungszentrum, Neust\u00fcckweg 2. <\/p>\n\n\n\n<p>In der digitalen Fotografie gibt es mittlerweile eine fast un\u00fcberschaubare Menge an unterschiedlichen Kameras und Systemen. Beim Kauf einer neuen Kamera steht man als K\u00e4ufer h\u00e4ufig alleine da. Auf welche Kriterien sollte man beim Kauf achten und welche Kamera passt am besten zu mir? Dieser Kurs stellt verschiedene Kameratypen vor, zeigt die unterschiedlichen Merkmale auf und ist Ihnen bei der Suche nach der perfekten Kamera behilflich.<\/p>\n\n\n\n<p>Informationen und Anmeldungen erhalten Interessierte bei der Stadtverwaltung Schifferstadt unter den Telefonnummern 06235 \/ 44 302 oder 44 305.<\/p>\n\n\n\n<h3 class=\"wp-block-heading\">EXCEL-Aufbaukurs<\/h3>\n\n\n\n<p>Am <strong>Montag, 24. Juni 2019<\/strong> beginnt um 17:30 Uhr der <strong>Aufbaukurs f\u00fcr MS EXCEL<\/strong> im Schifferstadter vhs-Bildungszentrum, Neust\u00fcckweg 2. <\/p>\n\n\n\n<p>Spezielle Funktionen einsetzen, professionelle Diagramme erstellen, komplexe Auswertungen mithilfe von Pivot-Tabellen und vieles mehr: In diesem Seminar erlernen und vertiefen Sie die professionellen Arbeitstechniken im Umgang mit Microsoft Excel und lernen, wie Sie Ihre Daten schnell und professionell analysieren und visualisieren k\u00f6nnen. <\/p>\n\n\n\n<p>Inhalte: Listenfunktion und Filter, weiterf\u00fchrende Funktionen, Daten konsolidieren, Pivot-Tabellen, Datentabelle, Zielwertsuche, Szenarien erstellen, spezielle Diagramme.<\/p>\n\n\n\n<p>Informationen und Anmeldungen erhalten Interessierte bei der Stadtverwaltung Schifferstadt unter den Telefonnummern 06235 \/ 44 302 oder 44305<\/p>\n\n\n\n<p><em>Stadtverwaltung Schifferstadt<br>12.06.2019<\/em><\/p>\n\n\n\n<h2 class=\"wp-block-heading\">Deckelsammlung endet am Freitag<\/h2>\n\n\n\n<p>Am <strong>Freitag, 14. Juni<\/strong> k\u00f6nnen Sie im Rathaus letztmalig f\u00fcr die Aktion \u201e<strong>500 Deckel f\u00fcr ein Leben ohne Kinderl\u00e4hmung<\/strong>\u201c spenden. Leider stellt der Verein \u201eDeckel drauf e.V.\u201c seine Bem\u00fchungen zum 30. Juni 2019 ein. <\/p>\n\n\n\n<p>Die Gr\u00fcnde f\u00fcr das Ende der Aktion sind vielf\u00e4ltig: Die Preise auf dem Markt f\u00fcr Sekund\u00e4rrohstoffe sind zuletzt deutlich gesunken. Es kann daher nicht sichergestellt werden, dass auch in Zukunft die Erl\u00f6se erzielt werden, die erforderlich sind, um das Motto der Sammlung zu erf\u00fcllen. Hintergrund dieser Preisentwicklung sind Marktverschiebungen, die durch das chinesische Importverbot f\u00fcr Kunststoffabf\u00e4lle ausgel\u00f6st wurden. Es ist eine so gro\u00dfe Menge auf dem Markt, dass auch die gute Qualit\u00e4t der Deckel auf dem deutschen Markt nur schlechte Preise erzielt. Au\u00dferdem hat die EU in ihrer Kunststoffstrategie festgelegt, dass die Deckel k\u00fcnftig fest mit den Flaschen verbunden sein m\u00fcssen. Es geht also mittelfristig das Sammelmaterial aus.<\/p>\n\n\n\n<p>Der Verein wurde vom Erfolg \u00fcberrollt. Die ehrenamtlichen Mitarbeiterinnen und Mitarbeiter sind bereits seit langer Zeit dauerhaft im Einsatz, egal ob tags\u00fcber in den Pausen, nach Feierabend, an den Wochenenden, Feiertagen oder auch im Urlaub. Leider ist nun der Punkt erreicht, an dem sie es einfach nicht mehr schaffen. <\/p>\n\n\n\n<p>Gemeinsam mit vielen Sammlern und Unterst\u00fctzern wurden 1.105 Tonnen Deckel erfasst, transportiert und verwertet. Die Erl\u00f6se in H\u00f6he von 270.000 Euro haben gereicht, um rund 3.315.000 Impfungen weltweit zu finanzieren.<\/p>\n\n\n\n<p>Der Verein bedankt sich bei allen, die sich in Schifferstadt an dieser Aktion beteiligt haben. Auch hier war sie ein voller Erfolg: \u00fcber 1.000.000 Deckel haben die B\u00fcrgerinnen und B\u00fcrger gesammelt. Dadurch wird vor allem eins deutlich: Es muss nicht immer ein hoher Geldbetrag oder eine schwei\u00dftreibende T\u00e4tigkeit sein \u2013 auch mit kleinen Gesten kann man viel erreichen.<\/p>\n\n\n\n<p><em>Stadtverwaltung Schifferstadt<br>12.06.2019<\/em><\/p>\n\n\n\n<h2 class=\"wp-block-heading\">Kochduell auf dem Wochenmarkt<\/h2>\n\n\n\n<h3 class=\"wp-block-heading\">SWR Fernsehen dreht \u201eMarktFrisch\u201c auf dem Schillerplatz<\/h3>\n\n\n\n<div class=\"wp-block-image\"><figure class=\"aligncenter\"><img decoding=\"async\" loading=\"lazy\" width=\"800\" height=\"534\" src=\"https:\/\/speyer24news.com\/wp-content\/uploads\/2019\/06\/2_MarktFrisch_2016-1.jpg\" alt=\"\" class=\"wp-image-14792\" srcset=\"https:\/\/speyer24news.com\/wp-content\/uploads\/2019\/06\/2_MarktFrisch_2016-1.jpg 800w, https:\/\/speyer24news.com\/wp-content\/uploads\/2019\/06\/2_MarktFrisch_2016-1-300x200.jpg 300w, https:\/\/speyer24news.com\/wp-content\/uploads\/2019\/06\/2_MarktFrisch_2016-1-768x513.jpg 768w\" sizes=\"(max-width: 800px) 100vw, 800px\" \/><figcaption>\u00dcberredungsk\u00fcnstler Jens H\u00fcbschen (re.) und Gourmet-Koch Frank Brunswig (li.) besuchen die Wochenm\u00e4rkte im S\u00fcdwesten. Ihr Ziel: frische Ware kaufen, frisch zubereiten und frisch genie\u00dfen. \u00a9 SWR\/Ben Pakalski <\/figcaption><\/figure><\/div>\n\n\n\n<p>Der Schillerplatz in Schifferstadt wird zum Drehort: Das SWR Fernsehen zeichnet am <strong>Freitag, 14. Juni, ab 10:30 Uhr<\/strong> auf dem Wochenmarkt eine neue Folge der Sendung \u201eMarktFrisch\u201c auf. Verschiedene Zutaten frisch zubereiten und das auch noch gegen einen Profikoch \u2013 SWR-Moderator Jens H\u00fcbschen stellt sich gemeinsam mit einem freiwilligen Helfer bzw. einer Helferin aus Schifferstadt der Herausforderung und tritt im Kochduell gegen Frank Brunswig an. Verwenden d\u00fcrfen sie dabei nur Zutaten, die sie marktfrisch kaufen. Zuschauer und Testesser sind bei der Aktion herzlich willkommen. <\/p>\n\n\n\n<p>Am Drehtag baut das SWR-Team vormittags eine K\u00fcche auf dem Wochenmarkt auf. Gourmetkoch Brunswig schaut sich anschlie\u00dfend das Angebot der Standbetreiber an und entscheidet sich f\u00fcr \u201esein\u201c Rezept. H\u00fcbschen hat erst einmal andere Sorgen: Er kann n\u00e4mlich gar nicht richtig kochen und ist deshalb unter den Besuchern des Wochenmarkts auf der Suche nach jemandem, der ihn beim Duell mit dem Profi unterst\u00fctzt. Wer kocht mit ihm? <\/p>\n\n\n\n<p>Findet er einen freiwilligen Koch oder eine K\u00f6chin, kann der Wettkampf um etwa elf Uhr beginnen. Vor den Besuchern des Wochenmarkts bereiten die drei ihre Gerichte zu. Am Ende m\u00fcssen sie die Jury, die vor Ort aus Zuschauern gebildet wird, von ihrer Kochkunst \u00fcberzeugen. Die Punkte werden in Form von \u00c4pfeln verteilt. Wer hat am Ende die meisten in seinem Korb \u2013 Team H\u00fcbschen oder doch der Profi Brunswig? Wer den Markt als Sieger verl\u00e4sst, zeigt das SWR Fernsehen am Donnerstag, 20. Juni, 18:15 Uhr. <\/p>\n\n\n\n<p><em>Text: Stadtverwaltung Schifferstadt Foto: SWR \/ Ben Pakalski&#8220; <br>12.06.2019<\/em><\/p>\n\n\n\n<h2 class=\"wp-block-heading\">\u00dcbriggebliebene Gelbe S\u00e4cke<\/h2>\n\n\n\n<div class=\"wp-block-image\"><figure class=\"aligncenter\"><img decoding=\"async\" loading=\"lazy\" width=\"330\" height=\"241\" src=\"https:\/\/speyer24news.com\/wp-content\/uploads\/2019\/06\/Gelber-Sack.jpg\" alt=\"\" class=\"wp-image-14791\" srcset=\"https:\/\/speyer24news.com\/wp-content\/uploads\/2019\/06\/Gelber-Sack.jpg 330w, https:\/\/speyer24news.com\/wp-content\/uploads\/2019\/06\/Gelber-Sack-300x219.jpg 300w\" sizes=\"(max-width: 330px) 100vw, 330px\" \/><\/figure><\/div>\n\n\n\n<p>Die Stadtverwaltung weist darauf hin, dass Wertstoffs\u00e4cke nur abgeholt werden, wenn der M\u00fcll zuvor richtig getrennt wurde. Bei der Abholung am Freitag blieben einige S\u00e4cke liegen. Die S\u00e4cke k\u00f6nnen nach erneutem Sortieren bei der n\u00e4chsten Abholung wieder bereitgestellt werden. Informationen zur Sortierung finden Sie auf der Internetseite des Rhein-Pfalz-Kreises www.rhein-pfalz-kreis.de unter dem Stichwort Wertstoffs\u00e4cke.<\/p>\n\n\n\n<p><em>Stadtverwaltung Schifferstadt<br>12.06.2019<\/em><\/p>\n\n\n\n<h2 class=\"wp-block-heading\">Von der Biene bis zum Nachtfalter \u2013 Artenschutz in Schifferstadt<\/h2>\n\n\n\n<h3 class=\"wp-block-heading\">F\u00fchrungen zum GEO-Tag der Natur 2019<\/h3>\n\n\n\n<div class=\"wp-block-image\"><figure class=\"aligncenter\"><img decoding=\"async\" loading=\"lazy\" width=\"800\" height=\"598\" src=\"https:\/\/speyer24news.com\/wp-content\/uploads\/2019\/06\/Blick-auf-die-Bauschuttdeponie_Photo_Kai-Repp.png\" alt=\"\" class=\"wp-image-14788\" srcset=\"https:\/\/speyer24news.com\/wp-content\/uploads\/2019\/06\/Blick-auf-die-Bauschuttdeponie_Photo_Kai-Repp.png 800w, https:\/\/speyer24news.com\/wp-content\/uploads\/2019\/06\/Blick-auf-die-Bauschuttdeponie_Photo_Kai-Repp-300x224.png 300w, https:\/\/speyer24news.com\/wp-content\/uploads\/2019\/06\/Blick-auf-die-Bauschuttdeponie_Photo_Kai-Repp-768x574.png 768w, https:\/\/speyer24news.com\/wp-content\/uploads\/2019\/06\/Blick-auf-die-Bauschuttdeponie_Photo_Kai-Repp-326x245.png 326w, https:\/\/speyer24news.com\/wp-content\/uploads\/2019\/06\/Blick-auf-die-Bauschuttdeponie_Photo_Kai-Repp-80x60.png 80w\" sizes=\"(max-width: 800px) 100vw, 800px\" \/><figcaption>Blick auf die Bauschuttdeponie<\/figcaption><\/figure><\/div>\n\n\n\n<p>Am <strong>Samstag, 15. Juni<\/strong> um 10 Uhr laden die Umweltbeauftragten zu einer F\u00fchrung durch die renaturierte Fl\u00e4che auf der Kreis-Bauschuttdeponie ein. Biologen Siegfried Filus beantwortet dabei alle Fragen rund um Artenschutz und Erhalt der biologischen Vielfalt. Weitere Experten f\u00fcr Wildbienen und V\u00f6gel sind angefragt. Interessierte k\u00f6nnen um 10 Uhr vor die Kreisbauschuttdeponie Schifferstadt an der L454 (ehem. K30 \/ Verl\u00e4ngerung Neustadter Stra\u00dfe) kommen.  Anlass ist der \u201eGEO-Tag der Natur\u201c, den die Umweltbeauftragten nun bereits zum f\u00fcnften \u2013 im wahrsten Sinne des Wortes \u2013 begehen. <\/p>\n\n\n\n<div class=\"wp-block-image\"><figure class=\"aligncenter\"><img decoding=\"async\" loading=\"lazy\" width=\"800\" height=\"562\" src=\"https:\/\/speyer24news.com\/wp-content\/uploads\/2019\/06\/Blick-\u00fcber-die-renaturierte-Fl\u00e4che-auf-der-Bauschuttdeponie_Photo_Kai-Repp.png\" alt=\"\" class=\"wp-image-14789\" srcset=\"https:\/\/speyer24news.com\/wp-content\/uploads\/2019\/06\/Blick-\u00fcber-die-renaturierte-Fl\u00e4che-auf-der-Bauschuttdeponie_Photo_Kai-Repp.png 800w, https:\/\/speyer24news.com\/wp-content\/uploads\/2019\/06\/Blick-\u00fcber-die-renaturierte-Fl\u00e4che-auf-der-Bauschuttdeponie_Photo_Kai-Repp-300x211.png 300w, https:\/\/speyer24news.com\/wp-content\/uploads\/2019\/06\/Blick-\u00fcber-die-renaturierte-Fl\u00e4che-auf-der-Bauschuttdeponie_Photo_Kai-Repp-768x540.png 768w\" sizes=\"(max-width: 800px) 100vw, 800px\" \/><figcaption>Blick \u00fcber die renaturierte Fl\u00e4che der  Bauschuttdeponie<\/figcaption><\/figure><\/div>\n\n\n\n<p>Zus\u00e4tzlich bieten die Umweltbeauftragten am <strong>Freitag, 14. Juni <\/strong>um 22 Uhr eine abendliche Nachtfalter-Leuchtaktion in der Gr\u00fcnen Lunge nahe des Bienenhotels an. Interessierte k\u00f6nnen gemeinsam mit Filus die Nachtfalterpopulationen im Landschaftsschutzgebiet erforschen. Bei st\u00e4rkerem Wind oder Regen entf\u00e4llt die Aktion, da die Nachtfalter bei dieser Witterung nicht unterwegs sind. Ein Ersatztermin ist f\u00fcr die darauffolgende Nacht vorgesehen. F\u00fcr all diejenigen, die nicht stundenlang auf Nachtinsekten warten wollen, aber dennoch Nachtschw\u00e4rmer sind, empfiehlt sich das Vorbeischauen um Mitternacht. <\/p>\n\n\n\n<div class=\"wp-block-image\"><figure class=\"aligncenter\"><img decoding=\"async\" loading=\"lazy\" width=\"800\" height=\"600\" src=\"https:\/\/speyer24news.com\/wp-content\/uploads\/2019\/06\/IMG_20190607_104142.jpg\" alt=\"\" class=\"wp-image-14790\" srcset=\"https:\/\/speyer24news.com\/wp-content\/uploads\/2019\/06\/IMG_20190607_104142.jpg 800w, https:\/\/speyer24news.com\/wp-content\/uploads\/2019\/06\/IMG_20190607_104142-300x225.jpg 300w, https:\/\/speyer24news.com\/wp-content\/uploads\/2019\/06\/IMG_20190607_104142-768x576.jpg 768w, https:\/\/speyer24news.com\/wp-content\/uploads\/2019\/06\/IMG_20190607_104142-678x509.jpg 678w, https:\/\/speyer24news.com\/wp-content\/uploads\/2019\/06\/IMG_20190607_104142-326x245.jpg 326w, https:\/\/speyer24news.com\/wp-content\/uploads\/2019\/06\/IMG_20190607_104142-80x60.jpg 80w\" sizes=\"(max-width: 800px) 100vw, 800px\" \/><\/figure><\/div>\n\n\n\n<p>Beim Tag der Natur geht es darum herauszufinden, was so alles in unserer Umgebung fliegt, krabbelt, w\u00e4chst und gedeiht. Das Interesse an der Natur soll geweckt und die Kenntnis \u00fcber Tiere und Pflanzen vermittelt werden. In diesem Jahr dreht sich alles um das Thema \u201eEssen, was sch\u00fctzt\u201c. Dabei geht es um die Aspekte des nachhaltigen Konsums, speziell um die Erzeugung sowie den Umgang mit unseren Nahrungsmitteln und den Auswirkungen daraus auf die Natur. Weitere Infos finden Sie unter: https:\/\/geo-tagdernatur.de<\/p>\n\n\n\n<p>Alle Interessierten sind herzlich willkommen!<\/p>\n\n\n\n<p><em>Text: Stadtverwaltung Schifferstadt Foto: Kai Repp<br>12.06.2019<\/em><\/p>\n\n\n\n<h2 class=\"wp-block-heading\">\u201eHiwwe wie Driwwe\u201c mit der NEW PALTZ-Band: Wunderbar together<\/h2>\n\n\n\n<div class=\"wp-block-image\"><figure class=\"aligncenter\"><img decoding=\"async\" loading=\"lazy\" width=\"800\" height=\"604\" src=\"https:\/\/speyer24news.com\/wp-content\/uploads\/2019\/06\/NEW-PALTZ-Pressefoto.jpg\" alt=\"\" class=\"wp-image-14786\" srcset=\"https:\/\/speyer24news.com\/wp-content\/uploads\/2019\/06\/NEW-PALTZ-Pressefoto.jpg 800w, https:\/\/speyer24news.com\/wp-content\/uploads\/2019\/06\/NEW-PALTZ-Pressefoto-300x227.jpg 300w, https:\/\/speyer24news.com\/wp-content\/uploads\/2019\/06\/NEW-PALTZ-Pressefoto-768x580.jpg 768w, https:\/\/speyer24news.com\/wp-content\/uploads\/2019\/06\/NEW-PALTZ-Pressefoto-326x245.jpg 326w, https:\/\/speyer24news.com\/wp-content\/uploads\/2019\/06\/NEW-PALTZ-Pressefoto-80x60.jpg 80w\" sizes=\"(max-width: 800px) 100vw, 800px\" \/><\/figure><\/div>\n\n\n\n<p>\u00dcber Pf\u00e4lzer in Amerika, ihre Geschichte und ihre Musik erz\u00e4hlt, singt und musiziert die NEW PALTZ-Band am <strong>Freitag, 14. Juni 2019<\/strong> um 19 Uhr im Alten Rathaus in Schifferstadt, Marktplatz 1. Der Eintritt ist frei. <\/p>\n\n\n\n<p>Zwischen 1683 und 1776 verlie\u00dfen zehntausende Pf\u00e4lzer ihre Heimat, um in der \u201eNeuen Welt\u201c ihr Gl\u00fcck zu suchen. Aus dem Land trieben sie Missernten, Angst vor Kriegen, religi\u00f6se Verfolgung oder schlicht wirtschaftliche Not. Kurz vor Beginn des Amerikanischen Unabh\u00e4ngigkeitskriegs lebten \u00fcber 100.000 Deutsche in Pennsylvania. Sie stellten ein Drittel der Gesamtbev\u00f6lkerung dieses Staates. In einer Region westlich von Philadelphia blieben sie sogar weitgehend unter sich und pr\u00e4gen die Gegend bis heute nachhaltig.<\/p>\n\n\n\n<p>NEW PALTZ erz\u00e4hlt eine Migrationsgeschichte, wie wir sie noch nicht kennen: Wie kamen die Pf\u00e4lzer nach Pennsylvanien und wie leben sie heute dort? In pennsylvanisch-deitscher Mundart, mit viel Musik \u201euff p\u00e4lzisch\u201c und einer Menge Informationen versprechen die Texte und Lieder zur Auswanderung in die \u201eNeue Welt\u201c Erkenntnisse dar\u00fcber, was Pennsylvaniadeutsche und Pf\u00e4lzer noch heute verbindet \u2013 \u201ehiwwe wie driwwe\u201c. Es ist mehr, als man zun\u00e4chst denken mag.<\/p>\n\n\n\n<p>Aktuellen Bezug erh\u00e4lt der Abend wegen der Konzertreise der NEW PALTZ-Band nach Pennsylvania Anfang Juli. Mit Unterst\u00fctzung des Au\u00dfenministeriums und des Goetheinstituts tritt die Band im Rahmen eines kulturellen Austauschprogramms unter dem Titel \u201eWunderbar together \u2013 Germany and the U.S.\u201c t\u00e4glich zum Teil mehrmals auf dem \u00e4ltesten amerikanischen Folkfestival in Kutztown\/ Pennsylvania und in der Umgebung auf. Au\u00dferdem ist ein Auftritt in Schifferstadts Partnerstadt Frederick geplant, das knapp 250 km von Kutztown entfernt liegt.<\/p>\n\n\n\n<p>Als Premiere des Programms, das die Band f\u00fcr Pennsylvania ganz neu einstudiert hat, ist in Schifferstadt viel mehr Musik zu h\u00f6ren als bisher, erg\u00e4nzt mit Erl\u00e4uterungen \u00fcber die pennsylvanisch-deitsch-amerikanische Kultur durch Dr. Michael Werner. Er z\u00e4hlt heute zu den ganz wenigen Experten f\u00fcr diese besondere Sprach- und Kulturgruppe in Deutschland.<\/p>\n\n\n\n<p>Mit dem Konzert der Band wird auch an die Gr\u00fcndung des Schifferstadter \u201eFreundeskreises Frederick\u201c vor 35 Jahren erinnert. Der Freundeskreis unter Leitung der Vorsitzenden Ursula Heberger k\u00fcmmert sich seither um Kontakte und kulturellen Austausch mit Schifferstadts Partnerstadt in den USA.<\/p>\n\n\n\n<p><em>Stadtverwaltung Schifferstadt<br>12.06.2019<\/em><\/p>\n\n\n\n<h2 class=\"wp-block-heading\">Entlastung der Stadtspitze<\/h2>\n\n\n\n<p>Die Stadtverwaltung Schifferstadt teilt mit, dass in der Stadtratssitzung am 23. Mai 2019 B\u00fcrgermeisterin Ilona Volk, dem Ersten Beigeordneten Peter Kubina sowie der Beigeordneten Marion Schleicher-Frank f\u00fcr das Haushaltsjahr 2017 die Entlastung erteilt wurde. Das Haushaltsjahr 2017 ist damit ordnungsgem\u00e4\u00df abgeschlossen.<\/p>\n\n\n\n<p>Interessierte k\u00f6nnen die Jahresrechnung 2017 der Stadt Schifferstadt in der Zeit von Dienstag, 11. Juni 2019 bis einschlie\u00dflich Mittwoch, 19. Juni 2019 zu den \u00fcblichen \u00d6ffnungszeiten in Zimmer 225 des Rathauses, Marktplatz 2, einsehen.<\/p>\n\n\n\n<p><em>Stadtverwaltung Schifferstadt<br>12.06.2019<\/em><\/p>\n\n\n\n<h2 class=\"wp-block-heading\">B\u00fcrgerbus: Jubil\u00e4um und dreitausendster Fahrgast<\/h2>\n\n\n\n<div class=\"wp-block-image\"><figure class=\"aligncenter\"><img decoding=\"async\" loading=\"lazy\" width=\"800\" height=\"600\" src=\"https:\/\/speyer24news.com\/wp-content\/uploads\/2019\/06\/B\u00fcrgerbus-Jubil\u00e4um-2.jpg\" alt=\"\" class=\"wp-image-14784\" srcset=\"https:\/\/speyer24news.com\/wp-content\/uploads\/2019\/06\/B\u00fcrgerbus-Jubil\u00e4um-2.jpg 800w, https:\/\/speyer24news.com\/wp-content\/uploads\/2019\/06\/B\u00fcrgerbus-Jubil\u00e4um-2-300x225.jpg 300w, https:\/\/speyer24news.com\/wp-content\/uploads\/2019\/06\/B\u00fcrgerbus-Jubil\u00e4um-2-768x576.jpg 768w, https:\/\/speyer24news.com\/wp-content\/uploads\/2019\/06\/B\u00fcrgerbus-Jubil\u00e4um-2-678x509.jpg 678w, https:\/\/speyer24news.com\/wp-content\/uploads\/2019\/06\/B\u00fcrgerbus-Jubil\u00e4um-2-326x245.jpg 326w, https:\/\/speyer24news.com\/wp-content\/uploads\/2019\/06\/B\u00fcrgerbus-Jubil\u00e4um-2-80x60.jpg 80w\" sizes=\"(max-width: 800px) 100vw, 800px\" \/><\/figure><\/div>\n\n\n\n<p>Zufrieden blinzeln sie in die Sonne. Das TEAMobil hat die Seniorinnen und Senioren gerade daheim abgeholt und mit dem B\u00fcrgerbus zum Altentreff in die Adlerstube gebracht. Davor wird noch schnell f\u00fcr ein Foto posiert \u2013 schlie\u00dflich gibt es was zu Feiern: Der B\u00fcrgerbus wird ein Jahr alt und als w\u00e4re das noch nicht genug, durfte heute auch der dreitausendste Fahrgast Platz nehmen. <\/p>\n\n\n\n<p>Dank des Einsatzes des Seniorenbeirats und vielen freiwilligen Fahrern und Fahrbegleitern konnten die Einsatzzeiten des B\u00fcrgerbusses sogar erweitert werden: Zus\u00e4tzlich zu Dienstag und Donnerstag ist das TEAMobil auch am Freitag-Vormittag unterwegs. \u201eIn der Verwaltung haben wir mit Ute Frisch und den Mitarbeitern der Datenverarbeitung in der Stadtverwaltung zuverl\u00e4ssige Partner\u201c, sagt Bernd Wittich vom Seniorenbeirat. Der Fahrdienst mit einem durch Sponsoren finanzierten Fahrzeug des DRK Ortsverein Schifferstadt habe sich als Mobilit\u00e4tsangebot zur Unterst\u00fctzung von Teilhabe am gesellschaftlichen Leben in Schifferstadt etabliert, so Wittich. <\/p>\n\n\n\n<p>Die Stadt finanziert die Kosten f\u00fcr den laufenden Betrieb und notwendige Reparaturen. Au\u00dferdem sind bisher \u00fcber 6.000 Euro eingegangen, die das TEAMobil zweimal j\u00e4hrlich f\u00fcr gesellige Teamtreffen, aktuelle Werbema\u00dfnahmen und die Verbesserungen des Fahrzeuges einsetzt.<\/p>\n\n\n\n<div class=\"wp-block-image\"><figure class=\"aligncenter\"><img decoding=\"async\" loading=\"lazy\" width=\"800\" height=\"600\" src=\"https:\/\/speyer24news.com\/wp-content\/uploads\/2019\/06\/B\u00fcrgerbus-Jubil\u00e4um-1.jpg\" alt=\"\" class=\"wp-image-14785\" srcset=\"https:\/\/speyer24news.com\/wp-content\/uploads\/2019\/06\/B\u00fcrgerbus-Jubil\u00e4um-1.jpg 800w, https:\/\/speyer24news.com\/wp-content\/uploads\/2019\/06\/B\u00fcrgerbus-Jubil\u00e4um-1-300x225.jpg 300w, https:\/\/speyer24news.com\/wp-content\/uploads\/2019\/06\/B\u00fcrgerbus-Jubil\u00e4um-1-768x576.jpg 768w, https:\/\/speyer24news.com\/wp-content\/uploads\/2019\/06\/B\u00fcrgerbus-Jubil\u00e4um-1-678x509.jpg 678w, https:\/\/speyer24news.com\/wp-content\/uploads\/2019\/06\/B\u00fcrgerbus-Jubil\u00e4um-1-326x245.jpg 326w, https:\/\/speyer24news.com\/wp-content\/uploads\/2019\/06\/B\u00fcrgerbus-Jubil\u00e4um-1-80x60.jpg 80w\" sizes=\"(max-width: 800px) 100vw, 800px\" \/><\/figure><\/div>\n\n\n\n<p>Optisch macht das TEAMobil jetzt auch mithilfe von Grafikerin Gabriele Riefling-Repp auf sein Angebot aufmerksam: Flyer in den Arztpraxen und Gesch\u00e4ften und ein Spot im Rex-Kino-Center informieren aktiv \u00fcber den B\u00fcrgerbus.<\/p>\n\n\n\n<p>Sie sind selbst in Ihrer Mobilit\u00e4t eingeschr\u00e4nkt oder kennen jemanden, der das ist? Dann trauen Sie sich, wenden Sie sich ans TEAMobil und sagen Sie es weiter. Auch ehrenamtliche Helfer, zum Beispiel im Telefondienst, sind immer gern gesehen. Das TEAMobil freut sich au\u00dferdem \u00fcber Ihre Erfahrungsberichte zum B\u00fcrgerbus: Schreiben Sie gerne an info@buergerbus-schifferstadt.de<\/p>\n\n\n\n<p>Der Schifferstadter B\u00fcrgerbus ist immer dienstags und donnerstags und freitagsvormittags unterwegs. Fahrten k\u00f6nnen montags und mittwochs zwischen 14 und 16 Uhr telefonisch \u00fcber 06235 4555883 gebucht werden.  <\/p>\n\n\n\n<p><em>Stadtverwaltung Schifferstadt<br>12.06.2019<\/em><\/p>\n\n\n\n<h2 class=\"wp-block-heading\">Ein Baum f\u00fcr den Klimaschutz<\/h2>\n\n\n\n<h3 class=\"wp-block-heading\">Sch\u00fclerinnen und Sch\u00fcler der Grundschule Nord pflanzen Flatterulme<\/h3>\n\n\n\n<div class=\"wp-block-image\"><figure class=\"aligncenter\"><img decoding=\"async\" loading=\"lazy\" width=\"800\" height=\"532\" src=\"https:\/\/speyer24news.com\/wp-content\/uploads\/2019\/06\/GS-Nord-Flatterulme-pflanzen.jpg.png\" alt=\"\" class=\"wp-image-14783\" srcset=\"https:\/\/speyer24news.com\/wp-content\/uploads\/2019\/06\/GS-Nord-Flatterulme-pflanzen.jpg.png 800w, https:\/\/speyer24news.com\/wp-content\/uploads\/2019\/06\/GS-Nord-Flatterulme-pflanzen.jpg-300x200.png 300w, https:\/\/speyer24news.com\/wp-content\/uploads\/2019\/06\/GS-Nord-Flatterulme-pflanzen.jpg-768x511.png 768w\" sizes=\"(max-width: 800px) 100vw, 800px\" \/><figcaption> Der Herr im Bild mit Bart ist Schulleiter Merten Eichert; rechts neben ihm mit blau-wei\u00dfem Schal B\u00fcrgermeisterin Ilona Volk <\/figcaption><\/figure><\/div>\n\n\n\n<p>Am Mittwoch, 22. Mai haben die Kinder der Klassen 3e und 1e der Grundschule-Nord zum Spaten gegriffen. Gemeinsam mit ihren Lehrerinnen Frau Distler und Frau van den Bruck pflanzten sie unter Anleitung von Volker Westermann, Leiter der Rucksackschule des Forstamtes Pf\u00e4lzer Rheinauen, einen Baum auf dem Schulgel\u00e4nde. <\/p>\n\n\n\n<p>Den \u201eBaum des Jahres 2019\u201c, die Flatterulme, spendete der F\u00f6rderverein der Rucksackschule. Auch B\u00fcrgermeisterin Frau Ilona Volk und Schulleiter Merten Eichert packten mit an. Nachdem die Sch\u00fclerinnen und Sch\u00fcler bereits am 7. Mai bei den Waldjugendspielen in Speyer einen Preis gewonnen hatten, wollten sie gerne noch mehr f\u00fcr Umwelt und Klima tun. Umso stolzer sind sie jetzt auf \u201eihren\u201c Baum.<\/p>\n\n\n\n<p>Ziel der Aktion der Rucksackschule des Forstamts Pf\u00e4lzer Rheinauen zusammen mit dem F\u00f6rderverein der Rucksackschule ist es, dass Kinder eine pers\u00f6nliche Beziehung zu einem Baum aufbauen. Nach dem Einpflanzen ist \u00fcbrigens noch lange nicht Schluss \u2013 die Kinder sollen lernen Verantwortung f\u00fcr den Baum zu \u00fcbernehmen, indem sie ihn z.B. in Trockenzeiten gie\u00dfen. <\/p>\n\n\n\n<p>Als Schreibanlass, f\u00fcr Sch\u00e4tz- und Sachaufgaben oder zu Recherchezwecken begleitet der Baum die Sch\u00fclerinnen und Sch\u00fcler durch das Schuljahr. Ob im Mathe-, Musik- oder Ethikunterricht \u2013 der eigene Baum als f\u00e4cherverbindendes Moment kindgem\u00e4\u00dfen Lernens steht im Zentrum des Schuljahres.<\/p>\n\n\n\n<p><strong>Info:<\/strong><br>Sie m\u00f6chten an Ihrer Schule ebenfalls einen Baum pflanzen, der die Kinder durch das Schuljahr begleitet? Dann wenden Sie sich gerne per Mail an das Team der Rucksackschule: <br>E-Mail: <a href=\"rucksackschule.speyer@ald-rlp.de\">rucksackschule.speyer@ald-rlp.de<\/a> <br>Fax: 07272 9278 22<\/p>\n\n\n\n<p>S<em>tadtverwaltung Schifferstadt<br>10.06.2019<\/em><\/p>\n\n\n\n<h2 class=\"wp-block-heading\">Sch\u00f6nere Spielpl\u00e4tze f\u00fcr Schifferstadt<\/h2>\n\n\n\n<div class=\"wp-block-image\"><figure class=\"aligncenter\"><img decoding=\"async\" loading=\"lazy\" width=\"800\" height=\"717\" src=\"https:\/\/speyer24news.com\/wp-content\/uploads\/2019\/06\/Spielplatz-Schifferstadt.jpg\" alt=\"\" class=\"wp-image-14782\" srcset=\"https:\/\/speyer24news.com\/wp-content\/uploads\/2019\/06\/Spielplatz-Schifferstadt.jpg 800w, https:\/\/speyer24news.com\/wp-content\/uploads\/2019\/06\/Spielplatz-Schifferstadt-300x269.jpg 300w, https:\/\/speyer24news.com\/wp-content\/uploads\/2019\/06\/Spielplatz-Schifferstadt-768x688.jpg 768w\" sizes=\"(max-width: 800px) 100vw, 800px\" \/><\/figure><\/div>\n\n\n\n<p>Toller Spielplatz voraus! Seit Anfang Mai ziert ein Piratenturm aus bunten Kletterseilen den Spielplatz am Bahnweiher. Au\u00dferdem erneuerte die Stadtverwaltung den Sitz und den Fallschutz der Seilbahn. Mitte Juni soll noch eine neue Rutsche dazukommen. Aber nicht nur am Bahnweiher macht Spielen bald noch mehr Spa\u00df. <\/p>\n\n\n\n<p>Auf dem Waldfestplatz stellt die Stadtverwaltung Mitte Juni einen neuen Kletterturm mit Rutsche auf. Au\u00dferdem sind ein Sandkasten und eine Vogelnestschaukel geplant. Auch der Spielplatz am Vogelpark wird bald um eine neue Spielkombination mit Rutsche reicher. <\/p>\n\n\n\n<p>Bereits was passiert ist auf dem Spielplatz in der M\u00fcllergasse: Die Tischtennisplatte und die Vogelnestschaukel erstrahlen in neuem Glanz. <\/p>\n\n\n\n<p>\u201eIn Schifferstadt haben wir rund 25 \u00f6ffentliche Spielpl\u00e4tze. Dazu kommen noch Boule-Bahnen und Bolzpl\u00e4tze\u201c, sagt Katrin Ebli vom Fachbereich Bauen und Umwelt. \u201eDamit neben der Quantit\u00e4t auch die Qualit\u00e4t stimmt, werten wir die Pl\u00e4tze nach und nach auf und hoffen, dass wir damit vor allem die kleinen Schifferstadter gl\u00fccklich machen.\u201c<\/p>\n\n\n\n<p>S<em>tadtverwaltung Schifferstadt<br>10.06.2019<\/em><\/p>\n","protected":false},"excerpt":{"rendered":"<div class=\"mh-excerpt\"><p>Termine im Juni in Schifferstadt Freitag 14.06. Ab 19:00 Dem Uncle Sam sinn mir gedreih Altes Rathaus Marktplatz 1 Samstag 15.06. 16:00 Waldfest MGV Concordia MGV Concordia Waldfesthalle, Am Waldfestplatz Samstag 15.06. 18:00 Grillfest der <a class=\"mh-excerpt-more\" href=\"https:\/\/speyer24news.com\/?p=14780\" title=\"Schifferstadt:\">[&#8230;]<\/a><\/p>\n<\/div>","protected":false},"author":3,"featured_media":0,"comment_status":"open","ping_status":"open","sticky":false,"template":"","format":"standard","meta":{"_monsterinsights_skip_tracking":false,"_monsterinsights_sitenote_active":false,"_monsterinsights_sitenote_note":"","_monsterinsights_sitenote_category":0,"footnotes":""},"categories":[126],"tags":[1180,1528,1175,1174,1525,1526,182,1522,1524,1527,127,1523,1520,1521,459],"aioseo_notices":[],"amp_enabled":true,"_links":{"self":[{"href":"https:\/\/speyer24news.com\/index.php?rest_route=\/wp\/v2\/posts\/14780"}],"collection":[{"href":"https:\/\/speyer24news.com\/index.php?rest_route=\/wp\/v2\/posts"}],"about":[{"href":"https:\/\/speyer24news.com\/index.php?rest_route=\/wp\/v2\/types\/post"}],"author":[{"embeddable":true,"href":"https:\/\/speyer24news.com\/index.php?rest_route=\/wp\/v2\/users\/3"}],"replies":[{"embeddable":true,"href":"https:\/\/speyer24news.com\/index.php?rest_route=%2Fwp%2Fv2%2Fcomments&post=14780"}],"version-history":[{"count":1,"href":"https:\/\/speyer24news.com\/index.php?rest_route=\/wp\/v2\/posts\/14780\/revisions"}],"predecessor-version":[{"id":14793,"href":"https:\/\/speyer24news.com\/index.php?rest_route=\/wp\/v2\/posts\/14780\/revisions\/14793"}],"wp:attachment":[{"href":"https:\/\/speyer24news.com\/index.php?rest_route=%2Fwp%2Fv2%2Fmedia&parent=14780"}],"wp:term":[{"taxonomy":"category","embeddable":true,"href":"https:\/\/speyer24news.com\/index.php?rest_route=%2Fwp%2Fv2%2Fcategories&post=14780"},{"taxonomy":"post_tag","embeddable":true,"href":"https:\/\/speyer24news.com\/index.php?rest_route=%2Fwp%2Fv2%2Ftags&post=14780"}],"curies":[{"name":"wp","href":"https:\/\/api.w.org\/{rel}","templated":true}]}}