{"id":14795,"date":"2019-06-12T08:34:30","date_gmt":"2019-06-12T07:34:30","guid":{"rendered":"https:\/\/speyer24news.com\/?p=14795"},"modified":"2019-06-12T08:38:34","modified_gmt":"2019-06-12T07:38:34","slug":"polizeimeldungen-72","status":"publish","type":"post","link":"https:\/\/speyer24news.com\/?p=14795","title":{"rendered":"Polizeimeldungen"},"content":{"rendered":"<style type=\"text\/css\">\r\n\t.ads_top_disp{}\r\n\t.ads_top_corner_disp{ float:left; margin:0px 10px 10px 0px; }\r\n\t.ads_first_p_disp{}\r\n\t.ads_bottom_disp{}\r\n\t<\/style>\n<h2 class=\"wp-block-heading\">Polizeimeldungen vom Dienstag (11.06.2019)<\/h2>\n\n\n\n<div class=\"wp-block-image\"><figure class=\"aligncenter\"><img decoding=\"async\" src=\"https:\/\/speyer24news.com\/wp-content\/uploads\/2019\/06\/Aktuelles-Polizeilogo.jpg\" alt=\"\" class=\"wp-image-14544\"\/><\/figure><\/div>\n\n\n\n<h4 class=\"wp-block-heading\">(Speyer) &#8211; Pedelec Aktionstag der Polizei Speyer<\/h4>\n\n\n\n<p>Am Mittwoch den 19.06.2019 findet vor der Polizeiinspektion Speyer der  gro\u00dfe Pedelec Aktionstag, zusammen mit der Stadt Speyer und unter  Unterst\u00fctzung der Firma Fahrrad Weindel, statt. Beginnend ab 09:30 Uhr  k\u00f6nnen dort Interessierte die attraktiven Angebote nutzen. Zentrales  Element der Veranstaltung ist ein Pedelec Fahrerlehrgang bei dem die  Teilnehmer bez\u00fcglich der angepassten Fahrweise mit diesem neuen  Verkehrsmittel geschult werden. Aber auch jeder andere kann sich an dem  ausgestellten &#8222;Pedelec Truck&#8220; einen \u00dcberblick \u00fcber das derzeitige  Angebot bei diesen Fahrzeugen verschaffen und auch selbst seine  F\u00e4higkeiten in dem dort aufgebauten Parcours verbessern. Eine  Aufpumpstation verhilft den Besuchern mit eigenem FZG zu einem  schnelleren und sichereren Fahrverhalten. Sie k\u00f6nnen sich weiterhin auch  Informationen \u00fcber Helme und Schutzsysteme in der abgegliederten  Ausstellung verschaffen. Ein weiteres Angebot wird ein Parcours sein, an  dem anhand von Verzerrungsbrillen Rauschzust\u00e4nde simuliert und der  Auswirkungen auf die Verkehrssicherheit demonstriert werden. <\/p>\n\n\n\n<p>Die Anmeldung f\u00fcr den Fahrerlehrgang erfolgt \u00fcber das Seniorenb\u00fcro Speyer, Maulbronner Hof 1 A, 06232\/142661. Die Teilnehmerzahl ist auf 25  limitiert. Die Teilnahme ist kostenlos. <\/p>\n\n\n\n<h4 class=\"wp-block-heading\">(Speyer) &#8211; Fahrer nach Unfallflucht ermittelt<\/h4>\n\n\n\n<p>Ein 28-j\u00e4hriger aufmerksamer Zeuge stellte am Montagabend einen Unfallschaden an einem Verkehrsschild des Kreisels Speyer\/Waldsee\/Otterstadt fest. Durch den Unfall war offensichtlich die \u00d6lwanne des verursachenden Fahrzeugs besch\u00e4digt worden sein. Der Zeuge war der \u00d6lspur bis an eine Bushaltestelle in der Spaldinger Stra\u00dfe gefolgt und hatte den Sachverhalt anschlie\u00dfend der Polizei gemeldet. Die Beamten trafen an der Bushaltestelle einen entsprechend besch\u00e4digten PKW VW Lupo und dessen Fahrer an, der angab, ca 100 m zur\u00fcck \u00fcber einen Stein gefahren zu sein. Erst nach eindringlicher Belehrung r\u00e4umte der 21-j\u00e4hrige Fahrer ein, dass er von Otterstadt kommend in den Kreisverkehr eingefahren sei, in diesem die Kontrolle \u00fcber den PKW verloren habe und anschlie\u00dfend \u00fcber die Verkehrsinsel gerutscht sei. Des Weiteren konnten die Beamten eine ungen\u00fcgende Profiltiefe bei einem der Vorderr\u00e4der feststellen. Der VW war nicht mehr fahrbereit und wurde abgeschleppt. Neben den entstandenen Sachsch\u00e4den liefen zudem Reinigungskosten der Fahrbahn in H\u00f6he von mehreren Tausend Euro auf. <\/p>\n\n\n\n<h4 class=\"wp-block-heading\">(Gommersheim) &#8211; Kartoffelbrei zum Fr\u00fchst\u00fcck<\/h4>\n\n\n\n<div class=\"wp-block-image\"><figure class=\"aligncenter\"><img decoding=\"async\" loading=\"lazy\" width=\"800\" height=\"598\" src=\"https:\/\/speyer24news.com\/wp-content\/uploads\/2019\/06\/11.06.19-Gommersheim-Kartoffeln.jpg\" alt=\"\" class=\"wp-image-14796\" srcset=\"https:\/\/speyer24news.com\/wp-content\/uploads\/2019\/06\/11.06.19-Gommersheim-Kartoffeln.jpg 800w, https:\/\/speyer24news.com\/wp-content\/uploads\/2019\/06\/11.06.19-Gommersheim-Kartoffeln-300x224.jpg 300w, https:\/\/speyer24news.com\/wp-content\/uploads\/2019\/06\/11.06.19-Gommersheim-Kartoffeln-768x574.jpg 768w, https:\/\/speyer24news.com\/wp-content\/uploads\/2019\/06\/11.06.19-Gommersheim-Kartoffeln-326x245.jpg 326w, https:\/\/speyer24news.com\/wp-content\/uploads\/2019\/06\/11.06.19-Gommersheim-Kartoffeln-80x60.jpg 80w\" sizes=\"(max-width: 800px) 100vw, 800px\" \/><\/figure><\/div>\n\n\n\n<p>Nicht schlecht staunten die Beamten am Dienstagmorgen gegen 07:30 Uhr.  Urspr\u00fcnglich wurde eine Gefahrenstelle auf der L 530 zwischen  Gommersheim und Geinsheim gemeldet. Letztlich mussten die eingesetzten  Polizisten der Dienststellen Edenkoben und Neustadt eine etwa 100 Meter  lange Fahrbahn absichern, auf welcher ausschlie\u00dflich festgefahrene  Kartoffeln lagen. Durch die Stra\u00dfenmeisterei Speyer wurde die Fahrbahn  gegen 08:30 Uhr vollst\u00e4ndig gereinigt und wieder freigegeben. Dem sp\u00e4ter  ermittelten Verursacher droht nun ein Bu\u00dfgeld wegen mangelnder  Ladungssicherung. Weiterhin muss gepr\u00fcft werden, ob er die Kosten des  Polizeieinsatzes tragen muss. <\/p>\n\n\n\n<h4 class=\"wp-block-heading\">(Rheinzabern) &#8211; Betrunkener Autofahrer fl\u00fcchtet nach Verkehrsunfall<\/h4>\n\n\n\n<p>Am Pfingstmontag um 18.00 Uhr wendete ein 41-j\u00e4hriger, rum\u00e4nischer  Staatsb\u00fcrger mit seinem Auto in der Hauptstra\u00dfe und stie\u00df leicht gegen  das Heck eines gegen\u00fcber geparkten Autos, an dem Sachschaden von etwa  1000 Euro entstand. Ein Zeuge, der den Zusammensto\u00df beobachtet hatte  folgte dem fl\u00fcchtenden Unfallverur- sacher in die M\u00fchlgasse, wo er ihn  in der N\u00e4he des Bahnhofs zum An- halten bewegen konnte. Beim Eintreffen  der Polizei wurde festge- stellt, dass der 41-J\u00e4hrige unter  Alkoholeinfluss stand. Ein Alkohol- test ergab 2,05 Promille, weshalb  sein F\u00fchrerschein einbehalten wurde. Ein Strafverfahren wegen  Unerlaubtem Entfernen vom Unfallort und Trunkenheit im Verkehr wurde  eingeleitet. <\/p>\n\n\n\n<h4 class=\"wp-block-heading\">(Hagenbach) &#8211; Diebst\u00e4hle aus Autos<\/h4>\n\n\n\n<p>Unbekannte entwendeten vermutlich in der Nacht von Pfingstsonntag auf  Pfingstmontag in der Birkenstra\u00dfe aus einem unverschlossen Auto zwei  Mobiltelefone im Gesamtwert von etwa 400 Euro. Derzeit gibt es keine  T\u00e4terhinweise. <\/p>\n\n\n\n<p>Bereits im Zeitraum vom Donnerstag, dem  30.05.2019, 17:00 Uhr, bis Samstag, dem 01.06.2019, 10.30 Uhr, hebelten  Unbekannte an einem verschlossen in der Birkenstra\u00dfe abgestellten Auto  die Fondt\u00fcr der linken Fahrzeugseite auf und entwendeten vier Fl\u00e4schchen  Parf\u00fcm im Wert von etwa 250 Euro. Aufgrund der sich wiederholenden  Tat\u00f6rtlichkeit ist von einem Tatzusammenhang auszugehen. <\/p>\n\n\n\n<h4 class=\"wp-block-heading\">(Billigheim-Ingenheim) &#8211; Verkehrsunfall mit leicht verletzter Person<\/h4>\n\n\n\n<p>Zu einem Verkehrsunfall mit leicht verletzter Person ist es am  8.6.2019, gegen 17.45 auf der B38, zwischen Ingenheim und Impflingen  gekommen. Ein Pkw musste verkehrsbedingt anhalten, um in einen  landwirtschaftlichen Weg einzubiegen. Ein nachfolgender Pkw erkannte  dies und hielt ebenfalls an. Die 52-j\u00e4hrige Pkw-Fahrerin des  zweiten  nachfolgenden Pkw erkannte dies zu sp\u00e4t und fuhr auf die beiden bereits  stehenden Pkw auf. Der Fahrer des ersten Pkw erlitt leichte  Verletzungen. An allen Pkw entstand ein Sachschaden von ca. 34000.&#8211;EUR.<\/p>\n\n\n\n<h4 class=\"wp-block-heading\">(Landau) &#8211; Sachbesch\u00e4digung<\/h4>\n\n\n\n<p>Zu einer wiederholten Sachbesch\u00e4digung an der installierten Schranke im  Nu\u00dfdorfer Weg in Landau ist es am 10.6.2019 gekommen. Bisher unbekannte  T\u00e4ter schnitten die Schranke mittels eines Werkzeuges ab. Die Schranke  soll die Benutzung des Wirtschaftsweges durch Kraftfahrzeuge verhindern,  deren Fahrer\/-innen den &#8222;kurzen Weg&#8220; zwischen Landau und dem Ortsteil  Nu\u00dfdorf w\u00e4hlen. Durch den Br\u00fcckenabriss der L512 ist die direkte  Verbindung des Stadtteils zur Innenstadt f\u00fcr l\u00e4ngere Zeit nicht  befahrbar. Zeugen werden gebeten, sich unter der Tel. Nr. 06341\/2870  oder per Email <a href=\"mailto:pilandau@polizei.rlp.de\">pilandau@polizei.rlp.de<\/a> bei der Polizei Landau zu melden. <\/p>\n\n\n\n<h4 class=\"wp-block-heading\">(Landau) &#8211; Fahren unter Einflu\u00df von Bet\u00e4ubungsmittel<\/h4>\n\n\n\n<p>Bei einer Verkehrskontrolle am Morgen des 9.6.2019 in Landau,  Lina-K\u00f6\u00dfler-Stra\u00dfe wurde bei einem 47-j\u00e4hrigen Pkw-Fahrer deutlicher  Einfluss von Bet\u00e4ubungsmittel festgestellt. Zudem  ergab der  Atemalkoholtest beim Fahrer 0,31 Promille. Die Folge war eine  Blutentnahme, Sicherstellung des F\u00fchrerscheins und der  Fahrzeugschl\u00fcssel, sowie das Einleiten eines Ermittlungsverfahrens. <\/p>\n\n\n\n<h4 class=\"wp-block-heading\">(Landau) &#8211; Diebstahl<\/h4>\n\n\n\n<p>Zu einem Diebstahl kam es am 8.6.2019, 23.20 Uhr in einer Tankstelle in  Landau in der Damm\u00fchlstra\u00dfe. Ein amtsbekannter 36-j\u00e4hriger entwendete  aus den Auslagen einer Tankstelle mehrere P\u00e4ckchen Zigarillos. Da die  Person bereits Hausverbot hatte,  wird er wegen Diebstahls und  Hausfriedensbruchs angezeigt. <\/p>\n\n\n\n<h4 class=\"wp-block-heading\">(Edesheim) &#8211; Fahrzeugbatterie ger\u00e4t in Brand<\/h4>\n\n\n\n<p>Vermutlich eine \u00fcberhitzte Autobatterie ist die Ursache f\u00fcr einen  Garagenbrand Montagmittag in der Eisenbahnstra\u00dfe. Mit einem Ladeger\u00e4t  sollte die Batterie aufgeladen werden, wobei diese Feuer fing. Durch den  entstandenen Rauch entstand u.a. Sachschaden an den Hausfassaden. Die  hinzugezogene Feuerwehr hatte den Brand schnell unter Kontrolle. <\/p>\n\n\n\n<h4 class=\"wp-block-heading\">(Kirrweiler) &#8211; Rebst\u00f6cke besch\u00e4digt<\/h4>\n\n\n\n<p>In einem Weinberg zwischen Kirrweiler und Venningen haben gestern  (10.06.2019, 15 Uhr) ca. 15 &#8211; 20 Personen einen Weinberg besch\u00e4digt. Die  Unbekannten wurden beobachtet, als sie an frisch gespritzten Rebst\u00f6cken  frische Triebe abrissen. Die Schadensh\u00f6he steht derzeit nicht fest. Von  den Personen ist bislang nichts bekannt. Laut Zeugenangaben sollen die  Unbekannten mit Fahrzeugen mit KA &#8211; Kennzeichen unterwegs gewesen sein.  Hinweise nimmt die Polizei Edenkoben unter der Tel. 06323 9550 entgegen.  <\/p>\n\n\n\n<h4 class=\"wp-block-heading\">(Neustadt) &#8211; Verkehrsunfallflucht<\/h4>\n\n\n\n<p>Am Montag, 10.06.19, ereignete sich in der Zeit zwischen 15:30 Uhr und  17:00 Uhr, eine Verkehrsunfallflucht in der Pfalzgrafenstra\u00dfe in  Neustadt. Dort wurde ein ordnungsgem\u00e4\u00df in L\u00e4ngsaufstellung abgestelltes  Fahrzeug, vermutlich bei einem Parkvorgang, durch einen bisher  unbekannten Fahrzeugf\u00fchrer im Heckbereich besch\u00e4digt. Bei dem  Verursacher k\u00f6nnte es sich laut Zeugenangaben um einen schwarzen BMW  handeln, welcher zuvor hinter dem Audi geparkt war. Zeugen werden  gebeten, sich mit der Polizei Neustadt in Verbindung zu setzen. <\/p>\n\n\n\n<h4 class=\"wp-block-heading\">(Neustadt) &#8211; Verkehrsunfall mit Flucht<\/h4>\n\n\n\n<p>Am Sonntag, 09.06.19, ereignete sich zwischen 06:00 Uhr und 08:00 Uhr  eine Verkehrsunfallflucht im Mandelring in Neustadt, H\u00f6he der Hausnummer  226. Aufgrund einer beengenden Parksituation fuhr ein bislang  unbekannter Fahrzeugf\u00fchrer gegen eine dortige Sandsteinmauer und  entfernte sich im Anschluss von der Unfall\u00f6rtlichkeit, ohne sich um den  entstandenen Schaden an der Mauer zu k\u00fcmmern. Aufgrund der H\u00f6he der  Ansto\u00dfstelle liegt es nahe, dass es sich bei dem Verursacherfahrzeug um  ein gr\u00f6\u00dferes Fahrzeug, evtl. einen Bus, handelt. Zeugen werden gebeten,  sich mit der Polizei Neustadt in Verbindung zu setzen. <\/p>\n\n\n\n<h4 class=\"wp-block-heading\">(Wachenheim) &#8211; Radfahrer bei Unfall schwer verletzt<\/h4>\n\n\n\n<p>Am 10.06.19, gegen 09:30 Uhr, befuhr ein 81-j\u00e4hriger Mann den Radweg  vom Friedelsheim kommend i.R. Wachenheim. Vor der Br\u00fccke \u00fcber die B 271  verlie\u00df er den Radweg, um auf der L 525 \u00fcber die Br\u00fccke nach Wachenheim  zu gelangen. Hierbei \u00fcbersah er eine auf der L 525 fahrende 74-  Pkw-Fahrerin und prallte an die Beifahrerseite des Pkw. Hierbei zog er  sich schwere Verletzungen zu. Er wurde mit einem Hubschrauber in ein  Krankenhaus in Ludwigshafen eingeliefert. Dort stellte sich heraus, dass  die Verletzungen gl\u00fccklicherweise nicht lebensgef\u00e4hrlich waren. Der  entstandene Sachschaden bel\u00e4uft sich auf ca. 1.700 Euro. <\/p>\n\n\n\n<h4 class=\"wp-block-heading\">(Ellerstadt) &#8211; Vorfahrt missachtet \/ Unfallbeteiligte leicht verletzt<\/h4>\n\n\n\n<p>Am 11.06.19, gegen 08:30 Uhr, befuhr ein 64-j\u00e4hriger VW-Fahrer die L  526 von Erpolzheim kommend i.R. der sog. Feuerbergkreuzung. An der  Kreuzung wollte er geradeaus i.R. Ellerstadt weiterfahren. Hierbei  missachtete er die Vorfahrt einer 61-j\u00e4hrigen Opel-Fahrerin, die auf der  L 527 aus Maxdorf kommend i.R. Anschlussstelle der A 650 unterwegs war  und es kam zum Unfall. Der Unfallverursacher und die 61-j\u00e4hrige Frau  wurden gl\u00fccklicherweise nur leicht verletzt. Beide Fahrzeuge waren nicht  mehr fahrbereit und mussten abgeschleppt werden. Der entstandene  Gesamtschaden bel\u00e4uft sich auf ca. 20.000,- Euro. <\/p>\n\n\n\n<h4 class=\"wp-block-heading\">(Maxdorf) &#8211; Verkehrsunfall mit leichtverletztem Motorradfahrer<\/h4>\n\n\n\n<p>Am 10.06.2019, gegen 17.35 Uhr, bef\u00e4hrt ein 16-J\u00e4hriger aus  Dannstadt-Schauernheim mit seinem Leichtkraftrad den Kreisel an der  L527\/ L454. Ein 21-j\u00e4hriger Mann aus Fu\u00dfg\u00f6nheim missachtet die Vorfahrt  des sich im Kreisel befindlichen 16-j\u00e4hrigen und f\u00e4hrt mit seinem Pkw  Audi ebenfalls ein. Hierbei kommt es zum Zusammensto\u00df beider Fahrzeuge.  Hierbei verletzt sich der Leichtkraftradfahrer leicht und wird vom  hinzugerufenen Rettungsdienst versorgt. An beiden Fahrzeugen entsteht  ein gesch\u00e4tzter Gesamtschaden von etwa 1000 Euro. <\/p>\n\n\n\n<p>Wer \nsachdienliche Hinweise zu dem genannten Fall geben kann, wird gebeten \nsich mit der Polizeiinspektion Frankenthal unter der Rufnummer \n06233\/313-0 oder der Polizeiwache Maxdorf unter der Rufnummer \n06237\/934-1100 in Verbindung zu setzen. Hinweise k\u00f6nnen auch per E-Mail \nunter <a href=\"mailto:pifrankenthal@polizei.rlp.de\">pifrankenthal@polizei.rlp.de<\/a> an die Polizei \u00fcbermittelt werden. <\/p>\n\n\n\n<h4 class=\"wp-block-heading\">(Weisenheim am Sand) &#8211; Cabrio-Verdeck aufgeschlitzt<\/h4>\n\n\n\n<p>Bisher unbekannte T\u00e4ter schlitzten in der Zeit vom 08.06. &#8211; 10.06.19 an  einem im Westring abgestellten Cabrio das Verdeck auf, \u00f6ffneten danach  die Fahrzeugt\u00fcren, gelangten in das Fahrzeuginnere und entwendeten ein  Navigationsger\u00e4t, Autoradio und Verst\u00e4rker. Der entstandene Schaden  steht noch nicht fest. <\/p>\n\n\n\n<p>Hinweise bitte an die Polizeiinspektion Bad D\u00fcrkheim, Tel. 06322\/963-0, oder <a href=\"mailto:pibadduerkheim@polizei.rlp.de\">pibadduerkheim@polizei.rlp.de<\/a> <\/p>\n\n\n\n<h4 class=\"wp-block-heading\">(Gro\u00dfniedesheim) &#8211; Einbruch in Ger\u00fcstbaufirma<\/h4>\n\n\n\n<p>In der Zeit von 08.06.2019, 17.00 Uhr, bis 10.06.2019, 11.00 Uhr,  dringen bislang unbekannte T\u00e4ter in das Gel\u00e4nde einer Ger\u00fcstbaufirma in  der Hauptstra\u00dfe ein. Dort entwenden sie eine gro\u00dfe Menge von  Ger\u00fcstbauteilen. Der Gesamtschaden wird auf etwa 18.000 Euro gesch\u00e4tzt. <\/p>\n\n\n\n<p>Wer  sachdienliche Hinweise zu dem genannten Fall geben kann, wird gebeten  sich mit der Polizeiinspektion Frankenthal unter der Rufnummer  06233\/313-0 oder der Polizeiwache Maxdorf unter der Rufnummer  06237\/934-1100 in Verbindung zu setzen. Hinweise k\u00f6nnen auch per E-Mail  unter <a href=\"mailto:pifrankenthal@polizei.rlp.de\">pifrankenthal@polizei.rlp.de<\/a> an die Polizei \u00fcbermittelt werden. <\/p>\n\n\n\n<h4 class=\"wp-block-heading\">(Ludwigshafen) &#8211; Sachbesch\u00e4digung an einer Haust\u00fcr<\/h4>\n\n\n\n<h4 class=\"wp-block-heading\" style=\"text-align:center\">Nachtragsmeldung<\/h4>\n\n\n\n<p>Im  Falle der Sachbesch\u00e4digung einer Haust\u00fcr in der Ungsteiner Stra\u00dfe liegt  der Polizei eine T\u00e4terbeschreibung vor. Beim mutma\u00dflichen T\u00e4ter handelt  es sich um:<\/p>\n\n\n\n<ul><li>einen 30-35 Jahre alten Mann<\/li><li>der etwa 1,75 m gro\u00df ist<\/li><li>Zum Tatzeitpunkt trug er eine kurze Hose und ein Hemd. <\/li><\/ul>\n\n\n\n<p>Sachdienliche Hinweise bitte an die Polizeiinspektion Ludwigshafen 1, Telefonnummer 0621 963-2122 oder per e-Mail <a href=\"mailto:piludwigshafen1@polizei.rlp.de\">piludwigshafen1@polizei.rlp.de<\/a> . <\/p>\n\n\n\n<h4 class=\"wp-block-heading\">(Ludwigshafen) &#8211; Versuchter Einbruch in Imbiss<\/h4>\n\n\n\n<p>Unbekannte versuchten am Dienstag (11.06.2019), gegen 1.30 Uhr in einen  Imbiss in der Edigheimer Stra\u00dfe einzubrechen. Der\/die Einbrecher  wurde\/n vermutlich durch Licht abgeschreckt, das durch einen  Bewegungsmelder ausgel\u00f6st wurde. Es entstand lediglich ein geringer  Sachschaden. Zeugen, die den Vorfall beobachtet haben, werden gebeten,  sich bei der Polizeiinspektion Ludwigshafen 2  unter der Telefonnummer  0621 963-2222 oder per E-Mail <a href=\"mailto:piludwigshafen2@polizei.rlp.de\">piludwigshafen2@polizei.rlp.de<\/a> zu melden. <\/p>\n\n\n\n<h4 class=\"wp-block-heading\">(Ludwigshafen) &#8211; Verkehrsunfall mit mehreren Verletzten<\/h4>\n\n\n\n<p>Am Montagnachmittag, den 10.06.2019 gegen 16:00 Uhr, kam es in  Ludwigshafen an der Kreuzung Wollstra\u00dfe Ecke Bliesstra\u00dfe zu einem  Verkehrsunfall mit mehreren Fahrzeugen. F\u00fcr die Dauer der  Verkehrsunfallaufnahme musste die Kreuzung komplett gesperrt werden.  Aufgrund der Missachtung eines STOP-Schildes kollidierten zwei Autos in  Mitten der Kreuzung. Ein drittes Fahrzeug wurde im Rahmen eines  Ausweichman\u00f6vers besch\u00e4digt. Insgesamt d\u00fcrfte sich der Sachschaden auf  etwa 10.000EUR belaufen. Zwei der Insassen wurden durch den Zusammensto\u00df  leicht verletzt und in ein nahegelegenes Krankenhaus verbracht. <\/p>\n\n\n\n<h4 class=\"wp-block-heading\">(Ludwigshafen) &#8211; Mehrere Flugobjekte \u00fcber Ludwigshafen<\/h4>\n\n\n\n<div class=\"wp-block-image\"><figure class=\"aligncenter\"><img decoding=\"async\" loading=\"lazy\" width=\"800\" height=\"600\" src=\"https:\/\/speyer24news.com\/wp-content\/uploads\/2019\/06\/10.06.19-LU-Drohne.jpg\" alt=\"\" class=\"wp-image-14797\" srcset=\"https:\/\/speyer24news.com\/wp-content\/uploads\/2019\/06\/10.06.19-LU-Drohne.jpg 800w, https:\/\/speyer24news.com\/wp-content\/uploads\/2019\/06\/10.06.19-LU-Drohne-300x225.jpg 300w, https:\/\/speyer24news.com\/wp-content\/uploads\/2019\/06\/10.06.19-LU-Drohne-768x576.jpg 768w, https:\/\/speyer24news.com\/wp-content\/uploads\/2019\/06\/10.06.19-LU-Drohne-678x509.jpg 678w, https:\/\/speyer24news.com\/wp-content\/uploads\/2019\/06\/10.06.19-LU-Drohne-326x245.jpg 326w, https:\/\/speyer24news.com\/wp-content\/uploads\/2019\/06\/10.06.19-LU-Drohne-80x60.jpg 80w\" sizes=\"(max-width: 800px) 100vw, 800px\" \/><figcaption>Drohne<\/figcaption><\/figure><\/div>\n\n\n\n<p>Am 10.06.2019, gegen 11:30 Uhr, wurde durch einen aufmerksamen Anwohner gemeldet, dass eine Drohne \u00fcber den Stadtteil Edigheim fliegen w\u00fcrde. Durch die Polizei konnte direkt der Verantwortliche ermittelt werden. Er sicherte zu, dass die Drohne zuk\u00fcnftig am Boden bleibt. Unabh\u00e4ngig davon erwartet ihn nun jedoch eine Ordnungswidrigkeitenanzeige. <\/p>\n\n\n\n<div class=\"wp-block-image\"><figure class=\"aligncenter\"><img decoding=\"async\" loading=\"lazy\" width=\"500\" height=\"667\" src=\"https:\/\/speyer24news.com\/wp-content\/uploads\/2019\/06\/10.06.19-LU-Stockente.jpg\" alt=\"\" class=\"wp-image-14798\" srcset=\"https:\/\/speyer24news.com\/wp-content\/uploads\/2019\/06\/10.06.19-LU-Stockente.jpg 500w, https:\/\/speyer24news.com\/wp-content\/uploads\/2019\/06\/10.06.19-LU-Stockente-225x300.jpg 225w\" sizes=\"(max-width: 500px) 100vw, 500px\" \/><figcaption>gl\u00fcckliche Entenfamilie<\/figcaption><\/figure><\/div>\n\n\n\n<p>Gegen 12:00 Uhr wurde weiterhin gemeldet, dass eine Stockente im Stadtteil Hemshof zum Landeanflug angesetzt h\u00e4tte und nun mit ihrer sechsk\u00f6pfigen Familie \u00fcber die Dessauer Stra\u00dfe spazieren w\u00fcrde. Durch die verst\u00e4ndigte Tierrettung wurde die Entenfamilie in einem nahegelegen See ausgesetzt.  <\/p>\n\n\n\n<h4 class=\"wp-block-heading\">(Ludwigshafen) &#8211; 34-J\u00e4hriger randaliert<\/h4>\n\n\n\n<p>Gegen ein 34-J\u00e4hrigen musste am Montag (10.06.2019) der Taser  eingesetzt werden, nachdem er in einer Wohnung randalierte. Bei der  Polizei ging gegen 11.15 Uhr die Meldung ein, dass ein junge Mann in  einer Wohnung in der Otto-Stabel-Stra\u00dfe randalieren w\u00fcrde. Als die  Polizeibeamten eintrafen, trafen sie den 34-J\u00e4hrigen wild um sich  schlagend an. Bei dem Versuch ihn festzunehmen trat dieser um sich und  in Richtung der Polizeikr\u00e4fte. Die Polizeibeamten setzten daraufhin den  Taser ein. Der Mann konnte schlie\u00dflich fixiert werden und kam  anschlie\u00dfend in ein Krankenhaus. Bei dem Einsatz wurden drei  Polizeibeamten leicht verletzt. <\/p>\n\n\n\n<h4 class=\"wp-block-heading\">(Ludwigshafen) &#8211; Hochwertiges GPS-Ger\u00e4t entwendet<\/h4>\n\n\n\n<p>Unbekannte entwendeten in der Nacht von Sonntag (09.06.2019) auf Montag  (10.06.2019) ein hochwertiges GPS-Vermessungsger\u00e4t im Gesamtwert von 18  000 Euro. Das Vermessungsger\u00e4t war in einem gr\u00fcnen Traktor verbaut, der  im Tatzeitraum im Bereich des Kreuzgrabens stand. Sachdienliche  Hinweise nimmt die Polizeiwache Oggersheim unter Tel. 0621 963 &#8211; 2403  oder per Mail <a href=\"mailto:pwoggersheim@polizei.rlp.de\">pwoggersheim@polizei.rlp.de<\/a> entgegen. <\/p>\n\n\n\n<h4 class=\"wp-block-heading\">(Ludwigshafen) &#8211; Tuning-Treffen verlief ruhig<\/h4>\n\n\n\n<div class=\"wp-block-image\"><figure class=\"aligncenter\"><img decoding=\"async\" loading=\"lazy\" width=\"800\" height=\"668\" src=\"https:\/\/speyer24news.com\/wp-content\/uploads\/2019\/06\/09.06.19-LU-Tuningtreffen.jpg\" alt=\"\" class=\"wp-image-14800\" srcset=\"https:\/\/speyer24news.com\/wp-content\/uploads\/2019\/06\/09.06.19-LU-Tuningtreffen.jpg 800w, https:\/\/speyer24news.com\/wp-content\/uploads\/2019\/06\/09.06.19-LU-Tuningtreffen-300x251.jpg 300w, https:\/\/speyer24news.com\/wp-content\/uploads\/2019\/06\/09.06.19-LU-Tuningtreffen-768x641.jpg 768w\" sizes=\"(max-width: 800px) 100vw, 800px\" \/><figcaption>Kontrolle beim Tuning-Treffen in Ludwigshafen.<\/figcaption><\/figure><\/div>\n\n\n\n<p>Das Tuning-Treffen vom 09.06.2019 verlief aus polizeilicher Sicht  weitestgehend ruhig. Bei sch\u00f6nem Wetter war die Veranstaltung gut  besucht. Es nahmen rund 1.600 Fahrzeuge und 5.000 Personen teil. <\/p>\n\n\n\n<p>W\u00e4hrend der Veranstaltung wurden Kontrollen durchgef\u00fchrt. Dabei  wurden folgende Ma\u00dfnahmen durchgef\u00fchrt: <\/p>\n\n\n\n<ul><li>97x Erl\u00f6schen Betriebserlaubnis; davon 49x Untersagung der Weiterfahrt<\/li><li>  4x Versto\u00df Pflichtversicherungsgesetz<\/li><li>  4x Versto\u00df Kraftfahrsteuergesetz<\/li><li>  2x Anzeige wegen Beleidigung<\/li><li>  1x Kennzeichenmissbrauch<\/li><li> 14x sonstige Verwarnungen<\/li><li>  1x Fundanzeige<\/li><\/ul>\n\n\n\n<h4 class=\"wp-block-heading\">(Mannheim) &#8211; Auto kontra Linienbus; Zeugen gesucht<\/h4>\n\n\n\n<h4 class=\"wp-block-heading\" style=\"text-align:center\">Pressemitteilung Nr. 1<\/h4>\n\n\n\n<p>Am Dienstagmorgen, gegen 5.45 Uhr, kollidierte ein Autofahrer in der  Diffenestra\u00dfe an der Haltestelle Luzenberg mit einem Linienbus. <\/p>\n\n\n\n<p>Die Ursache hierf\u00fcr ist noch unklar. <\/p>\n\n\n\n<p>Nach\n dem derzeitigen Kenntnisstand wurde der Autofahrer dabei schwer \nverletzt. Er wurde mit einem Rettungswagen in eine Klinik gebracht. Sein\n Fahrzeug ist Totalschaden. Ob weitere Personen verletzt sind, ist noch \nunklar. <\/p>\n\n\n\n<p>Im Bereich der Unfallstelle gibt es erhebliche Verkehrsbehinderungen. <\/p>\n\n\n\n<p>Zeugen,  die Hinweise zur Unfallursache geben k\u00f6nnen, werden gebeten, sich mit  der Verkehrspolizei Mannheim, Tel.: 0621\/174-4045 in Verbindung zu  setzen. <\/p>\n\n\n\n<h4 class=\"wp-block-heading\">(Mannheim) &#8211; Auto kontra Linienbus<\/h4>\n\n\n\n<h4 class=\"wp-block-heading\" style=\"text-align:center\">Pressemitteilung Nr. 2<\/h4>\n\n\n\n<p>Bei dem Unfall am Dienstagmorgen, gegen 5.45 Uhr, bei dem in der  Hafenbahnstra\u00dfe\/Diffenestra\u00dfe eine 27-j\u00e4hrige VW-Fahrerin mit einem  Linienbus kollidierte, wurde lediglich die 27-J\u00e4hrige verletzt und das,  entgegen einer ersten Meldung, zum Gl\u00fcck nur leicht. Sie wurde in einer  Klinik untersucht. Ihr Fahrzeug wurde total besch\u00e4digt und musste  abgeschleppt werden. <\/p>\n\n\n\n<p>Nach dem derzeitigen Stand der Ermittlungen \nwar die Frau auf der Hafenbahnstra\u00dfe in Richtung Diffenestra\u00dfe \nunterwegs, als sie offenbar eine rote Ampel \u00fcbersah. Dies hatte zur \nFolge, dass sie mit einem Linienbus zusammenstie\u00df, der ihr entgegen kam \nund der bei Gr\u00fcn nach links in Richtung Luzenbergschule abbiegen wollte.\n Im Bus wurde niemand verletzt. <\/p>\n\n\n\n<p>Der Sachschaden betr\u00e4gt insgesamt rund 15.000.- Euro. <\/p>\n\n\n\n<p>Im\n Fr\u00fchverkehr kam es in der unmittelbaren Umgebung der Unfallstelle zu \nerheblichen Verkehrsbehinderungen. Polizeibeamte regelten den Verkehr. <\/p>\n\n\n\n<p>Rund zwei Stunden nach dem Unfall, gegen 7.45 Uhr waren die Hafenbahn- und die Diffenestra\u00dfe wieder frei befahrbar. <\/p>\n\n\n\n<h4 class=\"wp-block-heading\">(Mannheim-Innenstadt) &#8211; Verbale Streitigkeiten eskalieren \/ Polizei sucht Zeugen<\/h4>\n\n\n\n<p> Am fr\u00fchen Sonntagmorgen eskalierten zun\u00e4chst verbale Streitigkeiten in  einer Discothek in der Mannheimer Innenstadt. Eine Gruppe von rund 10  Personen war gegen 5.30 Uhr in der Discothek im Quadrat O 7 in Streit  geraten. Die zun\u00e4chst verbale Auseinandersetzung verlagerte sich  schlie\u00dflich auf die Stra\u00dfe, wo es dann zu Handgreiflichkeiten kam.  Schlie\u00dflich schlugen und traten mehrere Personen auf einen am Boden  liegenden 25-J\u00e4hrigen ein. Beim Eintreffen mehrerer Polizeistreifen vor  der Disco versuchte ein Beteiligter zu fl\u00fcchten, konnte jedoch von einem  Polizeibeamten nach kurzer Flucht zu Fu\u00df eingeholt und festgenommen  werden. Am Tatort wurden weitere 4 M\u00e4nner im Alter von 20 bis 22 Jahren  festgestellt, die offenbar an den T\u00e4tlichkeiten beteiligt waren. Gegen  die f\u00fcnf M\u00e4nner wird nun wegen des Verdachts der gef\u00e4hrlichen  K\u00f6rperverletzung ermittelt. <\/p>\n\n\n\n<p>Zeugen, die den Vorfall beobachtet  haben und sachdienliche Hinweise geben k\u00f6nnen, werden gebeten, sich beim  Polizeirevier Mannheim-Innenstadt, Tel.: 0621\/1258-0 zu melden. <\/p>\n\n\n\n<h4 class=\"wp-block-heading\">(Mannheim-Innenstadt) &#8211; Unbekannter Mann besch\u00e4digt an geparkten  Fahrzeugen die Kennzeichen \/ Weitere Gesch\u00e4digte und Zeugen gesucht<\/h4>\n\n\n\n<p>Eine Passantin meldete am fr\u00fchen Sonntag, kurz vor 5 Uhr, der Polizei,  dass ein bislang unbekannter Mann im Bereich der Quadrate G6\/G7 an  mehreren geparkten PKW die Kennzeichen abgetreten bzw. entwendet habe.  Vor Ort konnten die Beamten insgesamt acht betroffene Fahrzeuge  feststellen. Bei der weiteren Absuche fanden sie zwei Kennzeichen auf,  die derweil an die Halter wieder ausgeh\u00e4ndigt werden konnten. Eine  Beschreibung des T\u00e4ters liegt der Polizei bislang nicht vor. <\/p>\n\n\n\n<p>Weitere  Gesch\u00e4digte und Zeugen, die sachdienliche Hinweise geben k\u00f6nnen, werden  gebeten, sich mit dem Polizeirevier Mannheim-Innenstadt unter Tel.:  0621\/1258-0 in Verbindung zu setzen. <\/p>\n\n\n\n<h4 class=\"wp-block-heading\">(Mannheim-Jungbusch) &#8211; Unbekannter besch\u00e4digt Reifen an vier PKW \/ Zeugen gesucht!<\/h4>\n\n\n\n<p>Im Zeitraum von Sonntag, 22 Uhr bis Montag, 11 Uhr, besch\u00e4digte ein  bislang Unbekannter in der Beilstra\u00dfe an vier geparkten PKW jeweils den  linken Hinterreifen, sodass aus diesen die gesamte Luft entwich. Wie der  Unbekannte die Reifen besch\u00e4digte, ist bislang unklar. Auch der  Gesamtschaden kann noch nicht beziffert werden. <\/p>\n\n\n\n<p>Die Beamten des  Polizeireviers Mannheim-Innenstadt suchen Zeugen, die verd\u00e4chtige  Wahrnehmungen gemacht haben. Diese werden gebeten, sich unter Tel.:  0621\/1258-0 zu melden. <\/p>\n\n\n\n<h4 class=\"wp-block-heading\">(Mannheim-Waldhof) &#8211; Autofahrer besch\u00e4digt Mitsubishi und fl\u00fcchtet \/ Zeugen gesucht!<\/h4>\n\n\n\n<p>Im Alsenweg wurde am Sonntag ein Mitsubishi besch\u00e4digt. Der Gesch\u00e4digte  stellte seinen PKW gegen 5 Uhr gegen\u00fcber einem Parkplatz ab und musste  bei seiner R\u00fcckkehr gegen 17 Uhr einen Schaden an der hinteren  Beifahrert\u00fcr feststellen. Der Verursacher hatte sich einfach aus dem  Staub gemacht. Der Sachschaden wird auf ca. 4.000 Euro gesch\u00e4tzt. <\/p>\n\n\n\n<p>Zeugen,  die den Unfall beobachtet haben oder Hinweise zum Verursacher geben  k\u00f6nnen, werden gebeten, sich beim Polizeirevier Mannheim-K\u00e4fertal unter  Tel.: 0621\/71849-0 zu melden. <\/p>\n\n\n\n<h4 class=\"wp-block-heading\">(Mannheim-Neuostheim) &#8211; Ford aufgebrochen und Wertgegenst\u00e4nde gestohlen \/ Zeugen gesucht!<\/h4>\n\n\n\n<p>Auf dem Parkplatz &#8222;P6&#8220; an der SAP Arena in der Xaver-Fuhr-Stra\u00dfe brach  ein bislang unbekannter T\u00e4ter am Samstag, zwischen 19:15 Uhr und 23:10  Uhr, einen Ford Fiesta auf. Wie der T\u00e4ter das Auto entriegeln konnte,  ist bislang unklar. Aus dem PKW hatte er eine wei\u00dfe Damenhandtasche  entwendet, in dem sich u.a. eine Geldb\u00f6rse mit Bargeld, pers\u00f6nlichen  Dokumenten und eine EC-Karte befanden. Zudem stahl er ein Handy, eine  Lesebrille, ein Gitarrenstimmger\u00e4t und diverse pers\u00f6nliche Gegenst\u00e4nde.  Der Wert des Diebesguts wird auf mehrere hundert Euro gesch\u00e4tzt. <\/p>\n\n\n\n<p>Zeugen,  die verd\u00e4chtige Wahrnehmungen gemacht haben, werden gebeten, sich mit  dem Polizeirevier Mannheim-Oststadt unter Tel.: 0621\/174-3310 in  Verbindung zu setzen. <\/p>\n\n\n\n<h4 class=\"wp-block-heading\">(Mannheim-Feudenheim) &#8211; Einbrecher wird von Bewohnerin \u00fcberrascht und fl\u00fcchtet \/ Zeugen gesucht!<\/h4>\n\n\n\n<p>W\u00e4hrend die Bewohnerin schlief, drang ein bislang unbekannter T\u00e4ter am  Samstag, gegen 7:25 Uhr, in deren Anwesen in der K\u00f6rnerstra\u00dfe ein. Der  Unbekannte hatte die Terrassent\u00fcr des Wohnhauses aufgehebelt und war so  ins Innere gelangt. Er suchte zun\u00e4chst die Kellerr\u00e4ume auf und ging  anschlie\u00dfend in das 1. OG, um sich dort vermutlich auf die Suche nach  Diebesgut zu machen. Doch die Bewohnerin wurde durch Ger\u00e4usche aus dem  Schlaf gerissen und traf auf den Unbekannten, welcher sofort \u00fcber die  Terrassent\u00fcr die Flucht ergriff. Entwendet hatte er nach derzeitigem  Kenntnisstand nichts. Eine sofort eingeleitete Fahndung blieb  ergebnislos. <\/p>\n\n\n\n<p>Die Gesch\u00e4digte beschrieb den T\u00e4ter wie folgt:  <\/p>\n\n\n\n<ul><li>m\u00e4nnlich<\/li><li>jung<\/li><li>ca. 180 cm gro\u00df<\/li><li>sehr schlank und durchtrainiert<\/li><li>bekleidet mit einem blau-gelb gemustertem Kurzarmhemd und einer dunklen Hose. Er trug zum Tatzeitpunkt eine schwarze Haube \u00fcber dem Kopf. <\/li><\/ul>\n\n\n\n<p>Zeugen,  die verd\u00e4chtige Beobachtungen gemacht haben oder Hinweise zu der  beschriebenen Person geben k\u00f6nnen, werden gebeten, sich beim  Polizeirevier Mannheim-K\u00e4fertal unter Tel.: 0621\/71849-0 zu melden. <\/p>\n\n\n\n<h4 class=\"wp-block-heading\">(Mannheim-Neckarau) &#8211; Autofahrer baut unter Alkoholeinfluss Unfall \/ Radfahrer st\u00fcrzt und wird schwer verletzt<\/h4>\n\n\n\n<p>Ein 32-j\u00e4hriger Mercedes-Fahrer baute am Samstagmittag unter  Alkoholeinfluss in der Neckarauer Stra\u00dfe\/Ecke Katharinenstra\u00dfe einen  Verkehrsunfall, bei dem ein Radfahrer schwer verletzt wurde. Der Mann  war gegen 15:50 Uhr mit seinem Mercedes in der Katharinenstra\u00dfe  unterwegs und wollte nach rechts in die Neckarauer Stra\u00dfe abbiegen. Beim  Abbiegen kollidierte er mit dem von rechts kommenden 67-j\u00e4hrigen  Radfahrer, der verbotswidrig den Radweg in entgegengesetzte Richtung  befuhr. Der Mann st\u00fcrzte zu Boden und zog sich eine Fraktur des  Sprunggelenks zu. Er musste mit einem Rettungswagen in eine Klinik  gebracht werden, wo er station\u00e4r aufgenommen wurde. W\u00e4hrend am Mercedes  kein Schaden entstand, wurde das Zweirad des 67-J\u00e4hrigen leicht  besch\u00e4digt. Die Beamten f\u00fchrten bei der Unfallaufnahme mit dem  Mercedes-Fahrer einen Alkoholtest durch, der einen Wert von \u00fcber 1  Promille ergab. Der 32-J\u00e4hrige musste daraufhin die Beamten zu einer  Blutprobe mit aufs Polizeirevier begleiten. Er muss nun mit einer  Anzeige rechnen. <\/p>\n\n\n\n<h4 class=\"wp-block-heading\">(Heidelberg-Neuenheim) &#8211; Exhibitionist zeigt sich 37-j\u00e4hriger Frau \/ Zeugen gesucht<\/h4>\n\n\n\n<p>Ein Exhibitionist zeigte sich am Samstagabend im Stadtteil Neuenheim  einer 37-j\u00e4hrigen Frau in unsittlicher Weise. Die Frau war kurz vor 21  Uhr auf dem Leinpfad unterhalb der Neuenheimer Landstra\u00dfe in Richtung  Karl-Theodor-Br\u00fccke unterwegs. Dabei fiel ihr ein Mann auf, der  schnellen Schrittes an ihr vorbeilief. Wenig sp\u00e4ter bemerkte sie Mann  erneut, der nun nahe eines Baukranes am Neckarufer, seitlich dem Neckar  zugewandt, dastand. Als die 37-J\u00e4hrige den Mann passiert hatte, sah sie,  dass er sein erigiertes Geschlechtsteil in der Hand hielt und daran  herumspielte. Nachdem die Frau ihn darauf angesprochen hatte, fl\u00fcchtete  der Mann in Richtung Br\u00fcckenkopfstra\u00dfe. <\/p>\n\n\n\n<p>Der unbekannte Mann wurde von der Gesch\u00e4digten wie folgt beschrieben: <\/p>\n\n\n\n<ul><li>Ca. 45 Jahre alt<\/li><li>Ca. 175 cm gro\u00df<\/li><li>Osteurop\u00e4isches Erscheinungsbild<\/li><li>Dunklere Hautfarbe<\/li><li>Bart<\/li><li>Kurze dunkelbraune, leicht lockige Haare<\/li><li>Gro\u00dfe Nase<\/li><li>Waagrechte Stirnfalten, hohe Stirn<\/li><li>Ausgpr\u00e4gte Geheimratsecken<\/li><li>Leichter Bauchansatz<\/li><li>Trug ein wei\u00dfen T-Shirt mit azurblauem Viereck-Motiv sowie khakifarbene Shorts <\/li><\/ul>\n\n\n\n<p>Zeugen, denen die beschriebene Person aufgefallen ist, bzw. die  sachdienlichen Hinweise geben k\u00f6nnen, werden gebeten, sich beim  Kriminaldauerdienst der Kriminalpolizeidirektion Heidelberg, Tel.:  0621\/174-4444 zu melden. <\/p>\n\n\n\n<h4 class=\"wp-block-heading\">(Heidelberg-Emmertsgrund) &#8211; M\u00fclltonnen in Brand geraten \/ Polizei sucht Zeugen<\/h4>\n\n\n\n<p>Sachschaden in H\u00f6he von rund 1.000 Euro entstanden bei einem Brand von  drei M\u00fclltonnen in der Nacht von Samstag auf Sonntag im Stadtteil  Emmertsgrund. Vermutlich setzte ein unbekannter T\u00e4ter zwischen Samstag,  18 Uhr und Sonntag, 8 Uhr eine M\u00fclltonne, die vor einem Trafoh\u00e4uschen in  der Jaspersstra\u00dfe abgestellt war, in Brand. Die Flammen schlugen rasch  auf zwei weitere M\u00fclltonnen und einen davor abgestellten Blumenk\u00fcbel  \u00fcber. Die M\u00fclltonnen und der Blumenk\u00fcbel brannten vollst\u00e4ndig ab. Der  Putz des Trafoh\u00e4uschens wurde durch Ru\u00df besch\u00e4digt. Hinweise zu einem  m\u00f6glichen Verursacher liegen derzeit nicht vor. <\/p>\n\n\n\n<p>Zeugen, die auf  den Brand aufmerksam wurden und sachdienliche Hinweise geben k\u00f6nnen,  werden gebeten, sich beim Polizeirevier Heidelberg-S\u00fcd, Tel.:  06221\/3418-0 zu melden. <\/p>\n\n\n\n<h4 class=\"wp-block-heading\">(Heidelberg-Kirchheim) &#8211; Autoau\u00dfenspiegel zerst\u00f6rt und Verkehrszeichen aus Verankerung gerissen \/ Polizei sucht weitere Zeugen<\/h4>\n\n\n\n<p>Zwei Tatverd\u00e4chtige im Alter von 20 und 26 Jahren sollen am  Sonntagmorgen gegen 4 Uhr in der Sch\u00e4fergasse die Au\u00dfenspiegel von drei  Autos besch\u00e4digt bzw. zerst\u00f6rt haben. Weiterhin stehen sie in dringendem  Verdacht, ein Verkehrszeichen aus der Verankerung gerissen und auf die  Stra\u00dfe gelegt zu haben. Eine aufmerksame Zeugin hatte die Polizei  verst\u00e4ndigte und war dem Duo bis zum Eintreffen der Polizei gefolgt, die  die beiden Tatverd\u00e4chtigen daraufhin an der Ecke Schwetzinger  Stra\u00dfe\/T\u00fcrmergasse festnehmen konnte. Beide Tatverd\u00e4chtige standen  erheblich unter Alkoholeinwirkung,  Alkoholtests ergaben Werte von knapp  1,4 und 1,9 Promille. Nach ihrer erkennungsdienstlichen Behandlung  wurden die Tatverd\u00e4chtigen wieder auf freien Fu\u00df gesetzt. Die  Ermittlungen der Polizei wegen Sachbesch\u00e4digung und gef\u00e4hrlichem  Eingriff in den Stra\u00dfenverkehr dauern an. Weitere Zeugen bzw.  Gesch\u00e4digte werden gebeten, sich unter Telefon 06221\/34180 beim  Polizeirevier Heidelberg-S\u00fcd zu melden. <\/p>\n\n\n\n<h4 class=\"wp-block-heading\">(Plankstadt \/ Rhein-Neckar-Kreis) &#8211; Versuchter Einbruch in Einkaufsmarkt \/ Zeugen gesucht!<\/h4>\n\n\n\n<p>Ein bislang unbekannter T\u00e4ter versuchte in der Zeit von Sonntag, 17:30  Uhr bis Montag, 5:30 Uhr, in einen Einkaufmarkt in der Oftersheimer  Landstra\u00dfe einzubrechen. Der T\u00e4ter hatte sich zun\u00e4chst an der  Eingangst\u00fcr einer B\u00e4ckerei zu schaffen gemacht, um \u00fcber diese ins Innere  zu gelangen. Da dies allerdings scheiterte, versuchte er anschlie\u00dfend  ein danebenliegendes Fenster aufzuhebeln, welches sich jedoch auch nicht  \u00f6ffnen lie\u00df. Nach derzeitigem Kenntnisstand gelangte der T\u00e4ter nicht in  den Einkaufsmarkt. Auch aus der B\u00e4ckerei wurde nichts gestohlen. Bei  den Hebelversuchen besch\u00e4digte der Unbekannte einen Teil des Mauerwerks,  sodass sich der Gesamtschaden auf ca. 1.000 Euro bel\u00e4uft. <\/p>\n\n\n\n<p>Zeugen,  die verd\u00e4chtige Beobachtungen gemacht haben, werde gebeten, sich mit  dem Polizeirevier Schwetzingen unter Tel.: 06202\/288-0 in Verbindung zu  setzen. <\/p>\n\n\n\n<h4 class=\"wp-block-heading\">(Schwetzingen \/ Rhein-Neckar-Kreis) &#8211; Audi-Fahrer kommt von Fahrbahn ab und streift Leitplanke<\/h4>\n\n\n\n<p>Auf der B535 kam am Montag, gegen 19:45 Uhr, ein 22-j\u00e4hriger  Audi-Fahrer aus noch ungekl\u00e4rter Ursache von der Fahrbahn ab. Der junge  Autofahrer war aus Mannheim kommend in Richtung Heidelberg unterwegs,  als er kurz vor der Abfahrt zur Oftersheimer Landstra\u00dfe in H\u00f6he der  Tunnelwarnampel nach links abkam und die Leitplanke streifte. Der  22-J\u00e4hrige verst\u00e4ndigte die Polizei, die an der Leitplanke dunkle  Lackantragungen feststellen konnten. Der PKW des Verursachers wurde auf  der gesamten Fahrerseite zerkratzt, sodass Sachschaden in H\u00f6he von ca.  8.000 Euro entstand. <\/p>\n\n\n\n<h4 class=\"wp-block-heading\">(Hockenheim \/ Rhein-Neckar-Kreis) &#8211; Mit \u00fcber 3 Promille und ohne F\u00fchrerschein mit dem Auto unterwegs<\/h4>\n\n\n\n<p>Reichlich Alkohol intus hatte ein 36-j\u00e4hriger Seat-Fahrer, den die  Polizei am Sonntagabend, gegen 18:20 Uhr, im Hub\u00e4ckerring\/Ecke  Heinrich-B\u00f6ll-Stra\u00dfe stoppte. Die Beamten hielten den Seat-Fahrer zu  einer Verkehrskontrolle an, wobei ihnen w\u00e4hrend des Gespr\u00e4chs  Alkoholgeruch entgegenkam. Bei einem freiwillig durchgef\u00fchrten  Alkoholtest pustete der Mann einen Wert von \u00fcber 3 Promille, weshalb er  sein Auto stehen lassen und die Beamten zu einer Blutentnahme mit aufs  Polizeirevier begleiten musste. Weiterhin konnte festgestellt werden,  dass der 36-J\u00e4hrige nicht im Besitz einer g\u00fcltigen Fahrerlaubnis ist. Er  muss nun mit einer Anzeige rechnen. <\/p>\n\n\n\n<h4 class=\"wp-block-heading\">(Leimen \/ Rhein-Neckar-Kreis) &#8211; Jugendlicher von Kampfhunden angefallen und schwer verletzt \/Zeugen gesucht<\/h4>\n\n\n\n<figure class=\"wp-block-image\"><img decoding=\"async\" src=\"https:\/\/speyer24news.com\/wp-content\/uploads\/2019\/06\/Zeugen-gesucht-Neutral.jpg\" alt=\"\" class=\"wp-image-14560\"\/><\/figure>\n\n\n\n<p>Am Montagabend gegen 20.00 Uhr fuhr der 15-j\u00e4hrige mit zwei weiteren  Jugendlichen auf Fahrr\u00e4dern die Karlsruher Stra\u00dfe entlang, als sie einen  Hundef\u00fchrer passierten, der w\u00e4hrenddessen seine beiden nicht  angeleinten Hunde (American Stafford Mix) am Halsband festhielt und sie  erst wieder loslie\u00df als die Fahrradgruppe vorbei war. Allerdings rannten  die beiden Tiere der Gruppe sofort hinterher und attackierten gemeinsam  den 15-j\u00e4hrigen. Der Hundef\u00fchrer schaffte es schlie\u00dflich nur unter  Einsatz von k\u00f6rperlicher Gewalt, die Tiere von ihrem Opfer zu trennen.  Allerdings erlitt der Junge so schwere Bei\u00dfverletzungen im Gesicht und  am K\u00f6rper, dass er station\u00e4r in ein Krankenhaus aufgenommen werden  musste. Gegen den 16-j\u00e4hrigen Hundef\u00fchrer wird nun wegen fahrl\u00e4ssiger  K\u00f6rperverletzung ermittelt. Die Hunde, die seinem Bruder geh\u00f6ren, wurden  beschlagnahmt. Die Polizeihundestaffel Mannheim hat die Ermittlungen  aufgenommen und bittet Zeugen des Vorfalls sich unter der Tel.-Nr.  0621\/714970 zu melden. <\/p>\n\n\n\n<h4 class=\"wp-block-heading\">(Walldorf \/ Rhein-Neckar-Kreis) &#8211; An der Ampel auf Motorrad aufgefahren<\/h4>\n\n\n\n<p>Bei einem Auffahrunfall am Sonntagnachmittag wurde ein 71-j\u00e4hriger  Motorradfahrer schwer verletzt. Der 71-J\u00e4hrige war kurz nach 14 Uhr mit  seinem Motorrad auf der Wieslocher Stra\u00dfe in Richtung Wiesloch  unterwegs. An der Einm\u00fcndung zur Zufahrt zur L 723 musste er an der  roten Ampel anhalten. Die hinter ihm stehende 29-j\u00e4hrige Ford-Fahrerin  rutschte beim Umschalten der Ampel auf Gr\u00fcnlicht von der Kupplung ab,  wodurch ihr Fahrzeug einen Satz nach vorne machte. Dabei stie\u00df der Ford  mit dem Motorradfahrer zusammen. Dieser st\u00fcrzte auf die Fahrbahn und zog  sich schwere Verletzungen in Form von Knochenbr\u00fcchen zu. Er wurde in  eine Klinik eingeliefert, wo er nach ambulanter Behandlung wieder  entlassen wurde. Es entstand Sachschaden in H\u00f6he von rund 5.000 Euro. <\/p>\n\n\n\n<h4 class=\"wp-block-heading\">(A 6 \/ Dielheim \/ Rhein-Neckar-Kreis) &#8211; Unfall mit einer leichtverletzten Person und \u00fcber 15.000 Euro Sachschaden<\/h4>\n\n\n\n<p>Auf der BAB6, zwischen den Anschlussstellen Wiesloch\/Rauenberg und  Sinsheim, kam es am Montagabend, kurz vor 21 Uhr, zu einem  Verkehrsunfall, bei dem eine Person leicht verletzt wurde. Ein  52-j\u00e4hriger VW-Fahrer befuhr den mittleren Fahrstreifen der BAB6 von  Mannheim kommend in Richtung Heilbronn. Er wechselte auf die linke  Fahrspur, um einen vorausfahrenden Mercedes zu \u00fcberholen. Im selben  Moment fuhr jedoch der 25-j\u00e4hrige Fahrer des Mercedes ohne zu Blinken  ebenfalls auf die linke Fahrspur, sodass es zur Kollision der beiden  kam. Der VW wurde durch den Zusammensto\u00df nach links gegen die  Schutzplanke abgedr\u00e4ngt. Der Fahrer des Wagens zog sich leichte  Verletzungen zu. Beide Fahrzeuge wurden nicht unerheblich besch\u00e4digt,  sie blieben aber noch fahrbereit. Der Gesamtschaden wird auf \u00fcber 15.000  Euro gesch\u00e4tzt. <\/p>\n\n\n\n<h4 class=\"wp-block-heading\">(Helmstadt-Bargen \/ Rhein-Neckar-Kreis) &#8211; Pedal am Fahrrad abgebrochen und gest\u00fcrzt<\/h4>\n\n\n\n<p>Weil an seinem Fahrrad das Pedal abbrach, st\u00fcrzte am Samstagabend ein  16-J\u00e4hriger vom Fahrrad und zog sich schwere Verletzungen zu. Der Junge  war kurz vor 20 Uhr mit seinem Mountainbike in der Asbacher Stra\u00dfe vom  Burggartenweg in Richtung Rabanstra\u00dfe unterwegs, als pl\u00f6tzlich das linke  Pedal abbrach und der Junge ins Leere trat. Dadurch geriet er zun\u00e4chst  ins Schlingern und st\u00fcrzte schlie\u00dflich auf die Fahrbahn. Der 16-J\u00e4hrige  zog sich bei dem Sturz schwere Verletzungen in Form von Rippenbr\u00fcchen,  Frakturen am Ellenbogen und weiteren Prellungen zu. Er wurde nach  not\u00e4rztlicher Erstversorgung in ein Krankenhaus eingeliefert. <\/p>\n\n\n\n<h4 class=\"wp-block-heading\">(Eberbach \/ Rhein-Neckar-Kreis) &#8211; Nach Sachbesch\u00e4digung T\u00e4ter festgenommen \/ Weitere Zeugen gesucht<\/h4>\n\n\n\n<p>Am fr\u00fchen Sonntagabend besch\u00e4digte ein 23-J\u00e4hriger mehrere Autos in der  Br\u00fchlstra\u00dfe und Hallgasse &#8211; er hatte \u00fcber 2 Promille Alkohol in der  Atemluft. Der Mann besch\u00e4digte gegen 18:25 Uhr zun\u00e4chst einen Pkw in der  Br\u00fchlstra\u00dfe bevor er anschlie\u00dfend in Richtung Obere Badstra\u00dfe ging.  Hierbei soll er mehrere Passanten angep\u00f6belt und einen Mann angegangen  haben, um diesem eine Einkaufstasche wegzunehmen. Als dem T\u00e4ter das  aufgrund der Gegenwehr nicht gelang, ging er weiter und besch\u00e4digte um  19:15 Uhr noch einen Pkw in der Hallgasse. Bei der Festnahme hatte der  23-J\u00e4hrige mehr als zwei Promille in der Atemluft. Das Polizeirevier  Eberbach sucht in diesem Zusammenhang nach weiteren Betroffenen und  insbesondere nach dem Mann, dem der T\u00e4ter die Einkaufstasche wegnehmen  wollte. Die Zeugen, werden gebeten, sich unter 06271 92100 an die  Ermittler zu wenden. <\/p>\n\n\n\n<h4 class=\"wp-block-heading\">(Heiligkreuzsteinach \/ Rhein-Neckar-Kreis) &#8211; Wildunfall mit hohem Sachschaden<\/h4>\n\n\n\n<p>Am Montag, kurz vor Mitternacht, ereignete sich auf der L535 ein  Wildunfall, bei dem Sachschaden in H\u00f6he von ca. 8.000 Euro entstand. Ein  23-J\u00e4hriger war mit seinem Seat aus Unter-Abtsteinach in Richtung  Heiligkreuzsteinach unterwegs, als in H\u00f6he der Heubacher Stra\u00dfe ein  Wildtier von rechts die Fahrbahn kreuzte. Der Autofahrer versuchte dem  Tier noch auszuweichen und riss sein Lenkrad rum, konnte eine Kollision  allerdings nicht mehr vermeiden. Er verlor nach dem Zusammensto\u00df die  Kontrolle \u00fcber sein Fahrzeug und kam \u00fcber einen Gr\u00fcnstreifen auf einen  Parkplatz ab, wo er schlie\u00dflich zum Stehen kam. Der Seat wurde stark  besch\u00e4digt, der 23-J\u00e4hrige blieb aber gl\u00fccklicherweise unverletzt. Das  vermeintlich verletzte Wildtier fl\u00fcchtete sich in den angrenzenden Wald.  Der zust\u00e4ndige Jagdp\u00e4chter wurde verst\u00e4ndigt. <\/p>\n\n\n\n<h4 class=\"wp-block-heading\">(Weinheim \/ Rhein-Neckar-Kreis) &#8211; Mercedes auf Parkplatz besch\u00e4digt \/ Kommt BMW-Fahrer als Verursacher in Frage? Zeugen gesucht<\/h4>\n\n\n\n<p>Auf dem Parkplatz einer Sporthalle in der Mannheimer Stra\u00dfe, in H\u00f6he  der Weststra\u00dfe, besch\u00e4digte am Samstagmittag, zwischen 13:40 Uhr und  14:35 Uhr, ein bislang unbekannter Autofahrer einen Mercedes und machte  sich dann aus dem Staub. Der Unbekannte hatte vermutlich beim  R\u00fcckw\u00e4rtsausparken die Sto\u00dfstange des Mercedes touchiert. An der  Unfallstelle konnte der Reflektor eines BMWs aufgefunden werden, welcher  vom Verursacher stammen k\u00f6nnte. Der Sachschaden wird auf ca. 4.000 Euro  gesch\u00e4tzt. <\/p>\n\n\n\n<p>Zeugen, die den Unfall beobachtet haben oder Hinweise\n zum Verursacher geben k\u00f6nnen, werden gebeten, sich beim Polizeirevier \nWeinheim unter Tel.: 06201\/1003-0 zu melden. <\/p>\n\n\n\n<h4 class=\"wp-block-heading\">(Weinheim \/ Rhein-Neckar-Kreis) &#8211; Garten mutwillig zerst\u00f6rt \/ Zeugen gesucht<\/h4>\n\n\n\n<p>Bereits zum f\u00fcnften Mal machten sich vermutlich mehrere T\u00e4ter im Garten  eines Kleing\u00e4rtners am Hubberweg zu schaffen. Die T\u00e4ter verschafften sich am vergangenen Wochenende Zutritt auf das Grundst\u00fcck, indem sie das  Schloss des Gartentores aufbrachen. Schon auf dem Weg zum Tor wurde ein h\u00f6lzernes Treppengel\u00e4nder aus dem Boden gerissen. Im Garten wurden dann nicht nur diverse Pflanzen mutwillig niedergetreten, sondern auch ein Baum massiv besch\u00e4digt, ein Ast abges\u00e4gt und zu guter Letzt noch die Gartenm\u00f6bel mit ca. 100 Kg Holz auf zwei Feuerstellen verteilt und angez\u00fcndet. In das Feuer warfen die Unbekannten dann Teile des Baums,  Pflanzenreste und diverse Gartenwerkzeuge. Anschlie\u00dfend wurde das Feuer abgel\u00f6scht oder zumindest kontrolliert niedergebrannt, sodass dieses  nicht weiter \u00fcbergreifen konnte. Es entstand ein Sachschaden von  mindestens 1.500 EUR. Bei dem Gartengrundst\u00fcck im Gewann Hubberg, war dies bereits der insgesamt f\u00fcnfte Vorfall dieser Art. Das Polizeirevier  Weinheim setzt die Ermittlungen fort und sucht in diesem Zusammenhang  nach Zeugen, die verd\u00e4chtige Wahrnehmungen im Zeitraum von Samstag, 17 Uhr bis Montag, 11 Uhr gemacht haben. Diese werden gebeten, sich unter 06201 10030 an die Beamten zu wenden. <\/p>\n","protected":false},"excerpt":{"rendered":"<div class=\"mh-excerpt\"><p>Polizeimeldungen vom Dienstag (11.06.2019) (Speyer) &#8211; Pedelec Aktionstag der Polizei Speyer Am Mittwoch den 19.06.2019 findet vor der Polizeiinspektion Speyer der gro\u00dfe Pedelec Aktionstag, zusammen mit der Stadt Speyer und unter Unterst\u00fctzung der Firma Fahrrad <a class=\"mh-excerpt-more\" href=\"https:\/\/speyer24news.com\/?p=14795\" title=\"Polizeimeldungen\">[&#8230;]<\/a><\/p>\n<\/div>","protected":false},"author":3,"featured_media":0,"comment_status":"open","ping_status":"open","sticky":false,"template":"","format":"standard","meta":{"_monsterinsights_skip_tracking":false,"_monsterinsights_sitenote_active":false,"_monsterinsights_sitenote_note":"","_monsterinsights_sitenote_category":0,"footnotes":""},"categories":[12],"tags":[61,63,105,53,102,213,55,103,106,427,62,104,979],"aioseo_notices":[],"amp_enabled":true,"_links":{"self":[{"href":"https:\/\/speyer24news.com\/index.php?rest_route=\/wp\/v2\/posts\/14795"}],"collection":[{"href":"https:\/\/speyer24news.com\/index.php?rest_route=\/wp\/v2\/posts"}],"about":[{"href":"https:\/\/speyer24news.com\/index.php?rest_route=\/wp\/v2\/types\/post"}],"author":[{"embeddable":true,"href":"https:\/\/speyer24news.com\/index.php?rest_route=\/wp\/v2\/users\/3"}],"replies":[{"embeddable":true,"href":"https:\/\/speyer24news.com\/index.php?rest_route=%2Fwp%2Fv2%2Fcomments&post=14795"}],"version-history":[{"count":2,"href":"https:\/\/speyer24news.com\/index.php?rest_route=\/wp\/v2\/posts\/14795\/revisions"}],"predecessor-version":[{"id":14801,"href":"https:\/\/speyer24news.com\/index.php?rest_route=\/wp\/v2\/posts\/14795\/revisions\/14801"}],"wp:attachment":[{"href":"https:\/\/speyer24news.com\/index.php?rest_route=%2Fwp%2Fv2%2Fmedia&parent=14795"}],"wp:term":[{"taxonomy":"category","embeddable":true,"href":"https:\/\/speyer24news.com\/index.php?rest_route=%2Fwp%2Fv2%2Fcategories&post=14795"},{"taxonomy":"post_tag","embeddable":true,"href":"https:\/\/speyer24news.com\/index.php?rest_route=%2Fwp%2Fv2%2Ftags&post=14795"}],"curies":[{"name":"wp","href":"https:\/\/api.w.org\/{rel}","templated":true}]}}