{"id":14825,"date":"2019-06-13T09:12:07","date_gmt":"2019-06-13T08:12:07","guid":{"rendered":"https:\/\/speyer24news.com\/?p=14825"},"modified":"2019-06-13T09:12:09","modified_gmt":"2019-06-13T08:12:09","slug":"verkehrssicherheitsaktionstag-der-polizei-speyer-zum-thema-fahrrad-und-pedelec-am-mittwoch-19-06-2019-ab-09-30-uhr-in-der-maximilianstrasse-speyer","status":"publish","type":"post","link":"https:\/\/speyer24news.com\/?p=14825","title":{"rendered":"Verkehrssicherheitsaktionstag der Polizei Speyer zum Thema Fahrrad und Pedelec am Mittwoch, 19.06.2019, ab 09.30 Uhr in der Maximilianstra\u00dfe Speyer."},"content":{"rendered":"<style type=\"text\/css\">\r\n\t.ads_top_disp{}\r\n\t.ads_top_corner_disp{ float:left; margin:0px 10px 10px 0px; }\r\n\t.ads_first_p_disp{}\r\n\t.ads_bottom_disp{}\r\n\t<\/style>\n<div class=\"wp-block-image\"><figure class=\"aligncenter\"><img decoding=\"async\" loading=\"lazy\" width=\"800\" height=\"569\" src=\"https:\/\/speyer24news.com\/wp-content\/uploads\/2019\/06\/19.06.2019-Pedelec.jpg\" alt=\"\" class=\"wp-image-14819\" srcset=\"https:\/\/speyer24news.com\/wp-content\/uploads\/2019\/06\/19.06.2019-Pedelec.jpg 800w, https:\/\/speyer24news.com\/wp-content\/uploads\/2019\/06\/19.06.2019-Pedelec-300x213.jpg 300w, https:\/\/speyer24news.com\/wp-content\/uploads\/2019\/06\/19.06.2019-Pedelec-768x546.jpg 768w\" sizes=\"(max-width: 800px) 100vw, 800px\" \/><figcaption>Verkehrssicherheitsaktionstag<\/figcaption><\/figure><\/div>\n\n\n\n<p><strong>(Speyer) \u2013 <\/strong>Die Polizei Speyer f\u00fchrt in Kooperation mit dem Seniorenb\u00fcro der Stadt Speyer und der Deutschen Verkehrswacht Speyer sowie freundlicher Unterst\u00fctzung durch die Firma Fahrrad Weindel am 19.06.2019 einen Verkehrssicherheitstag zum Thema Fahrrad und Pedelec durch. Im Rahmen der Veranstaltung wird ein Fahrerlehrgang speziell f\u00fcr Pedelecs  angeboten. <\/p>\n\n\n\n<p>Dieser beinhaltet neben einem Theorieteil auch einen praktischen Fahrkurs auf der Maximilianstra\u00dfe. Ziel ist das Erlernen des sicheren Umgangs mit dem Verkehrsmittel Pedelec. Das Angebot richtet sich neben der Zielgruppe Seniorinnen und Senioren auch an alle anderen Interessierten. Die Teilnehmerzahl f\u00fcr den kostenlosen Fahrerlehrgang ist auf 25 Personen limitiert. Daher wird um vorherige eine Anmeldung \u00fcber das Seniorenb\u00fcro Speyer, Maulbronner Hof 1 A, 06232\/142661 gebeten.   <\/p>\n\n\n\n<p>Zus\u00e4tzlich werden in einem sog. Pedelec Truck aktuelle Pedelec,   Fahrradhelme und Sicherungssysteme ausgestellt. Diese k\u00f6nnen vor Ort   auch getestet werden. Das Angebot wird abgerundet durch einen   Rauschbrillenparcours, eine Aufpumpstation und weitere Informationen zum Thema Fahrrad. Die Verkehrssicherheitsberater der Polizei Speyer  stehenw\u00e4hrend der Veranstaltung f\u00fcr pers\u00f6nliche Beratungsgespr\u00e4che zur   Verf\u00fcgung. F\u00fcr R\u00fcckfragen Tel.: 06232\/137-246 oder Tel.:  0151\/56626546.<\/p>\n\n\n\n<p><em>Polizeidirektion Ludwigshafen, Polizeiinspektion Speyer<br>13.06.2019<\/em><\/p>\n","protected":false},"excerpt":{"rendered":"<div class=\"mh-excerpt\"><p>(Speyer) \u2013 Die Polizei Speyer f\u00fchrt in Kooperation mit dem Seniorenb\u00fcro der Stadt Speyer und der Deutschen Verkehrswacht Speyer sowie freundlicher Unterst\u00fctzung durch die Firma Fahrrad Weindel am 19.06.2019 einen Verkehrssicherheitstag zum Thema Fahrrad und <a class=\"mh-excerpt-more\" href=\"https:\/\/speyer24news.com\/?p=14825\" title=\"Verkehrssicherheitsaktionstag der Polizei Speyer zum Thema Fahrrad und Pedelec am Mittwoch, 19.06.2019, ab 09.30 Uhr in der Maximilianstra\u00dfe Speyer.\">[&#8230;]<\/a><\/p>\n<\/div>","protected":false},"author":3,"featured_media":0,"comment_status":"open","ping_status":"open","sticky":false,"template":"","format":"standard","meta":{"_monsterinsights_skip_tracking":false,"_monsterinsights_sitenote_active":false,"_monsterinsights_sitenote_note":"","_monsterinsights_sitenote_category":0,"footnotes":""},"categories":[13],"tags":[1549,1548,358,1550,6,1547],"aioseo_notices":[],"amp_enabled":true,"_links":{"self":[{"href":"https:\/\/speyer24news.com\/index.php?rest_route=\/wp\/v2\/posts\/14825"}],"collection":[{"href":"https:\/\/speyer24news.com\/index.php?rest_route=\/wp\/v2\/posts"}],"about":[{"href":"https:\/\/speyer24news.com\/index.php?rest_route=\/wp\/v2\/types\/post"}],"author":[{"embeddable":true,"href":"https:\/\/speyer24news.com\/index.php?rest_route=\/wp\/v2\/users\/3"}],"replies":[{"embeddable":true,"href":"https:\/\/speyer24news.com\/index.php?rest_route=%2Fwp%2Fv2%2Fcomments&post=14825"}],"version-history":[{"count":1,"href":"https:\/\/speyer24news.com\/index.php?rest_route=\/wp\/v2\/posts\/14825\/revisions"}],"predecessor-version":[{"id":14826,"href":"https:\/\/speyer24news.com\/index.php?rest_route=\/wp\/v2\/posts\/14825\/revisions\/14826"}],"wp:attachment":[{"href":"https:\/\/speyer24news.com\/index.php?rest_route=%2Fwp%2Fv2%2Fmedia&parent=14825"}],"wp:term":[{"taxonomy":"category","embeddable":true,"href":"https:\/\/speyer24news.com\/index.php?rest_route=%2Fwp%2Fv2%2Fcategories&post=14825"},{"taxonomy":"post_tag","embeddable":true,"href":"https:\/\/speyer24news.com\/index.php?rest_route=%2Fwp%2Fv2%2Ftags&post=14825"}],"curies":[{"name":"wp","href":"https:\/\/api.w.org\/{rel}","templated":true}]}}