{"id":14831,"date":"2019-06-13T11:06:19","date_gmt":"2019-06-13T10:06:19","guid":{"rendered":"https:\/\/speyer24news.com\/?p=14831"},"modified":"2019-06-13T11:13:33","modified_gmt":"2019-06-13T10:13:33","slug":"germersheim","status":"publish","type":"post","link":"https:\/\/speyer24news.com\/?p=14831","title":{"rendered":"Germersheim:"},"content":{"rendered":"<style type=\"text\/css\">\r\n\t.ads_top_disp{}\r\n\t.ads_top_corner_disp{ float:left; margin:0px 10px 10px 0px; }\r\n\t.ads_first_p_disp{}\r\n\t.ads_bottom_disp{}\r\n\t<\/style>\n<h2 class=\"wp-block-heading\"><strong>Veranstaltungen der Kreisvolkshochschule Germersheim<\/strong><\/h2>\n\n\n\n<div class=\"wp-block-image\"><figure class=\"aligncenter\"><img decoding=\"async\" loading=\"lazy\" width=\"800\" height=\"230\" src=\"https:\/\/speyer24news.com\/wp-content\/uploads\/2019\/06\/VHS-2019-1-Halbjahresprogramm.png\" alt=\"\" class=\"wp-image-14787\" srcset=\"https:\/\/speyer24news.com\/wp-content\/uploads\/2019\/06\/VHS-2019-1-Halbjahresprogramm.png 800w, https:\/\/speyer24news.com\/wp-content\/uploads\/2019\/06\/VHS-2019-1-Halbjahresprogramm-300x86.png 300w, https:\/\/speyer24news.com\/wp-content\/uploads\/2019\/06\/VHS-2019-1-Halbjahresprogramm-768x221.png 768w\" sizes=\"(max-width: 800px) 100vw, 800px\" \/><\/figure><\/div>\n\n\n\n<p>Es wird darauf hingewiesen, dass zu\nallen nachstehend aufgef\u00fchrten Kursen und Vortr\u00e4gen eine<strong> Anmeldung unbedingt erforderlich <\/strong>ist. Kontaktadressen sind\nam Ende des Textes zu finden.<\/p>\n\n\n\n<p><strong>2019kv013<\/strong><strong><\/strong><\/p>\n\n\n\n<p><strong>\u201e<\/strong><strong>Alphabetisierung &#8211; Lesen und Schreiben f\u00fcr Deutsche &#8211;\n(Einf\u00fchrung I) Strang I<\/strong><strong>\u201c\n&#8211; <\/strong>Kurs mit<strong>Rosemarie Bachtler<\/strong><strong>:<\/strong> Germersheim, Hans-Sachs-Str.\n11, Therapiezentrum, immer dienstags von 18:00 &#8211; 19:30 Uhr. Einstieg jederzeit m\u00f6glich.\nKurs ist kostenfrei.<\/p>\n\n\n\n<p><strong>2019kv160<\/strong><strong><\/strong><\/p>\n\n\n\n<p><strong>\u201e<\/strong><strong>Lerncaf\u00e9 &#8211; offenes Grundbildungsangebot<\/strong><strong>\u201c\n&#8211; <\/strong>Kurs mit<strong>Rosemarie Bachtler<\/strong><strong>:<\/strong> Germersheim, Ritter-von-Schmau\u00df-Str.\/Ecke\nParadeplatz, EDV-Raum\nin der KVHS Gesch\u00e4ftsstelle. Jeden Donnerstag von 16:00 &#8211; 17:30 Uhr. Haben Sie Probleme beim Lesen\nund Schreiben? Bei uns gibt es <strong>kostenlose<\/strong>\nHilfe. Einfach vorbei kommen.<\/p>\n\n\n\n<p><strong>\u201eSalsa\nCubana &#8211; f\u00fcr Einsteiger*innen &#8211; Kurs B\u201c &#8211; <\/strong>Kurs mit<strong> Leo Martini:<\/strong> Germersheim, Ritter-von-Schmau\u00df-Str.\/Ecke\nParadeplatz, Seiteneingang der\nBerufsbildende Schule, EG, Saal E 06. Beginn: Sonntag, 30.06.2019, 15:00 &#8211; 19:15\nUhr. Dauer: 1 Termin, Kosten: 25 Euro\/Person.<\/p>\n\n\n\n<p><strong>2019kv081<\/strong><\/p>\n\n\n\n<p>Eine <strong>Anmeldung<\/strong>\nist zu allen Veranstaltungen zwingend <strong>erforderlich<\/strong>\nbei der Gesch\u00e4ftsstelle der Kreis-volkshochschule Germersheim, Telefon\n07274-53334 oder -53382, E-Mail: <a href=\"mailto:vhs@kreis-germersheim.de\">vhs@kreis-germersheim.de<\/a> oder online \u00fcber ein Buchungsformular auf der Homepage\nunter www.kreis-germersheim.de\/kvhs.<\/p>\n\n\n\n<p><strong>Bitte beachten Sie unsere\n\u00d6ffnungszeiten:<\/strong><\/p>\n\n\n\n<p>Montag\nbis Freitag: 08:30 bis 12:00 Uhr, Dienstag: 13:30 bis 16:00 Uhr, Donnerstag:\n13:30 bis 18:00 Uhr, <\/p>\n\n\n\n<p>Annahmeschluss: jeweils&nbsp;15 Minuten vor Ende der \u00d6ffnungszeiten.<\/p>\n\n\n\n<p><em>Kreisverwaltung Germersheim<br>13.06.2019<\/em><\/p>\n\n\n\n<h3 class=\"wp-block-heading\">\u201eErwerb der Sekundarstufe I\u201c (Realschulabschluss) &#8211; Vorbereitungskurs 2019 bis 2021&nbsp;&nbsp;&nbsp;&nbsp; <\/h3>\n\n\n\n<p>Die\nKVHS Germersheim bietet einen Vorbereitungskurs zum nachtr\u00e4glichen Erwerb des\nRealschulabschlusses (Sekundarstufe I) an.<\/p>\n\n\n\n<p>Mit\neinem staatlichen Realschulabschluss verbessern die Absolventen ihre\nberuflichen Ausbildungsm\u00f6glichkeiten und haben auch die M\u00f6glichkeit, das\n(Fach-)Abitur als weiteres Ausbildungsziel in Angriff zu nehmen. Der\nVorbereitungslehrgang zum Realschulabschluss dauert etwa zwei Jahre. Der\nUnterricht findet montags bis freitags, jeweils von 18 bis 21.15 Uhr statt.\nFolgende F\u00e4cher werden unterrichtet: Deutsch, Englisch, Mathematik, Geschichte,\nSozialkunde, Erdkunde, Biologie, Physik und Chemie.<\/p>\n\n\n\n<p><strong>Grundlagen des Vorbereitungskurses:<\/strong><\/p>\n\n\n\n<p>Organisation\nund Unterricht des Vorbereitungskurses der Volkshochschule werden von der\nLandesverordnung \u201ePr\u00fcfung f\u00fcr Nichtsch\u00fclerinnen und Nichtsch\u00fcler zum\nnachtr\u00e4glichen Erwerb des qualifizierten Sekundarabschlusses I&#8220; und dem \u201eLehrplan\nf\u00fcr die Realschule Rheinland-Pfalz&#8220; in der jeweils g\u00fcltigen Fassung\nbestimmt.<\/p>\n\n\n\n<p><strong>Mindestteilnehmerzahl: <\/strong>15 Personen<\/p>\n\n\n\n<p><strong>Anmeldung:<\/strong><\/p>\n\n\n\n<p>Pers\u00f6nlich\nbei der Gesch\u00e4ftsstelle der Kreisvolkshochschule, Ritter-von-Schmau\u00df-Str. \/\nEcke Paradeplatz, 76726 Germersheim.<\/p>\n\n\n\n<p><strong>Mitzubringen sind:<\/strong> Personalausweis, ggf.\nHeiratsurkunde, letztes Abschlusszeugnis, ggf. Berufsausbildungsnachweis,\ntabellarischer Lebenslauf, Anmeldegeb\u00fchr<\/p>\n\n\n\n<p><strong>Info-Abend:&nbsp;&nbsp;&nbsp;&nbsp;&nbsp;&nbsp;&nbsp; Mittwoch, 14. August 2019, 18 \u2013 19.30\nUhr <\/strong>(kostenfrei)<\/p>\n\n\n\n<p>Ort:&nbsp;&nbsp;&nbsp;&nbsp;&nbsp;&nbsp;&nbsp;&nbsp;&nbsp;&nbsp;&nbsp;&nbsp;&nbsp;&nbsp;&nbsp;&nbsp;&nbsp;&nbsp;&nbsp;&nbsp; Germersheim, August-Keiler-Str. 34,\nGoethe-Gymnasium, Ostbau, EG, Saal 081<\/p>\n\n\n\n<p><strong>Kursbeginn:&nbsp;&nbsp;&nbsp;&nbsp;&nbsp;&nbsp;&nbsp; Montag, 19. August 2019, 18 \u2013 21.15 Uhr<\/strong><\/p>\n\n\n\n<p>Unterrichtszeiten: Montag bis\nFreitag (t\u00e4glich 4 Unterrichtsstunden), samstags nach Planung<\/p>\n\n\n\n<p>Ende:&nbsp;&nbsp;&nbsp;&nbsp;&nbsp;&nbsp;&nbsp;&nbsp;&nbsp;&nbsp;&nbsp;&nbsp;&nbsp;&nbsp;&nbsp;&nbsp;&nbsp; voraussichtlich Sommer 2021<\/p>\n\n\n\n<p>Anmeldegeb\u00fchr:&nbsp; 50 Euro<\/p>\n\n\n\n<p>Geb\u00fchr:&nbsp;&nbsp;&nbsp;&nbsp;&nbsp;&nbsp;&nbsp;&nbsp;&nbsp;&nbsp;&nbsp;&nbsp;&nbsp;&nbsp; 1.500 Euro (Ratenzahlung m\u00f6glich) zzgl. Arbeitsb\u00fccher,\nca. 325 Termine, 1.300 Ustd.<\/p>\n\n\n\n<p>Ort:&nbsp;&nbsp;&nbsp;&nbsp;&nbsp;&nbsp;&nbsp;&nbsp;&nbsp;&nbsp;&nbsp;&nbsp;&nbsp;&nbsp;&nbsp;&nbsp;&nbsp;&nbsp;&nbsp;&nbsp; Germersheim, August-Keiler-Str. 34,\nGoethe-Gymnasium, Ostbau, EG, Saal 081<\/p>\n\n\n\n<p><strong>Anmeldeschluss: Freitag, 16. August 2019, Infotelefon: 07274-53334<\/strong><\/p>\n\n\n\n<p><em>Kreisverwaltung Germersheim<br>13.06.2019<\/em><\/p>\n\n\n\n<h2 class=\"wp-block-heading\"><strong>Einb\u00fcrgerungstests im 2. Halbjahr 2019 <\/strong><\/h2>\n\n\n\n<p>Ab 1. September 2008 erfordert das\nStaatsangeh\u00f6rigkeitsgesetz vom 19.08.07 bundesweit, dass die\nEinb\u00fcrgerungswilligen Kenntnisse der Rechts- und Gesellschaftsordnung und der\nLebensverh\u00e4ltnisse in Deutschland besitzen. Dies muss durch einen so genannten\nEinb\u00fcrgerungstest nachgewiesen werden. Hierbei handelt es sich um einen\nMultiple-Choice-Test. Jeder Test besteht aus 33 Fragen, von denen 17 richtig\nbeantwortet werden m\u00fcssen. <\/p>\n\n\n\n<p>Die Kreisvolkshochschule\nGermersheim bietet hierzu mehrere Termine an. Dazu bitte pers\u00f6nlich bei der\nKVHS Gesch\u00e4ftsstelle, Ritter-von-Schmau\u00df-Stra\u00dfe \/ Ecke Paradeplatz, anmelden.\nInformationen unter Tel. 07274-53334 und -53382. Bei der Anmeldung ist die\nPr\u00fcfungsgeb\u00fchr in H\u00f6he von 25 Euro in bar zu bezahlen und ein Lichtbildausweis\nist vorzulegen. <\/p>\n\n\n\n<p><strong>Pr\u00fcfungstermin 13:<\/strong>\nMontag, 19. August 2019, 10 &#8211; 11 Uhr<\/p>\n\n\n\n<p><strong>Pr\u00fcfungstermin 14: <\/strong>Montag,\n19. August 2019, 15 &#8211; 16 Uhr<\/p>\n\n\n\n<p><strong>Anmeldeschluss<\/strong> f\u00fcr Termin 13 und 14: Freitag, 19.\nJuli 2019<\/p>\n\n\n\n<p><strong>Pr\u00fcfungstermin 15:<\/strong>\nMontag, 23. September 2019, 10 &#8211; 11 Uhr<\/p>\n\n\n\n<p><strong>Pr\u00fcfungstermin 16:<\/strong>\nMontag, 23. September 2019, 15 &#8211; 16 Uhr<\/p>\n\n\n\n<p><strong>Anmeldeschluss<\/strong> f\u00fcr Termin 15 und 16: Freitag, 23.\nAugust 2019<\/p>\n\n\n\n<p><strong>Pr\u00fcfungstermin 17:<\/strong>\nMontag, 21. Oktober 2019, 10 &#8211; 11 Uhr<\/p>\n\n\n\n<p><strong>Pr\u00fcfungstermin 18:<\/strong>\nMontag, 21. Oktober 2019, 15 &#8211; 16 Uhr<\/p>\n\n\n\n<p><strong>Anmeldeschluss<\/strong> f\u00fcr Termin 17 und 18: Freitag, 20.\nSeptember 2019<\/p>\n\n\n\n<p><strong>Pr\u00fcfungstermin 19:<\/strong>\nMontag, 18. November 2019, 10 &#8211; 11 Uhr&nbsp;&nbsp; <\/p>\n\n\n\n<p><strong>Pr\u00fcfungstermin 20:<\/strong>\nMontag, 18. November 2019, 15 &#8211; 16 Uhr&nbsp;&nbsp; <\/p>\n\n\n\n<p><strong>Anmeldeschluss<\/strong> f\u00fcr Termin 19 und 20: Freitag, 18.\nOktober 2019<\/p>\n\n\n\n<p><strong>Pr\u00fcfungstermin 21:<\/strong>\nMontag, 16. Dezember 2019, 10 &#8211; 11 Uhr<\/p>\n\n\n\n<p><strong>Pr\u00fcfungstermin 22:<\/strong>\nMontag, 16. Dezember 2019, 15 &#8211; 16 Uhr<\/p>\n\n\n\n<p><strong>Anmeldeschluss<\/strong> f\u00fcr Termin 21 und 22: Freitag, 15.\nNovember 2019<\/p>\n\n\n\n<p><em>Kreisverwaltung Germersheim<br>13.06.2019<\/em><\/p>\n\n\n\n<h2 class=\"wp-block-heading\">________________________________________<\/h2>\n\n\n\n<h2 class=\"wp-block-heading\">Tagespflege im Landkreis Germersheim<\/h2>\n\n\n\n<h3 class=\"wp-block-heading\">Angebot im Kreis seit 2009 verf\u00fcnffacht \u2013 Umfassende Infos unter <a href=\"http:\/\/www.kreis-germersheim.de\">www.kreis-germersheim.de<\/a>, Bereich \u201eSenioren-Altenhilfe\u201c<\/h3>\n\n\n\n<p>In den n\u00e4chsten Jahren wird die Zahl der Menschen, die auf umf\u00e4ngliche Hilfe bei Pflege und Betreuung angewiesen sind, auch im Landkreis Germersheim weiter ansteigen. \u201eDeshalb arbeiten wir weiterhin verst\u00e4rkt mit allen Akteuren im Pflegebereich daran, wohnortnahe und bedarfsgerechte Versorgungs-, Betreuungs- und Pflegeangebote f\u00fcr auf Hilfe angewiesene Menschen und ihre Familien auszubauen. Es ist uns wichtig, m\u00f6glichst vielen Menschen den Verbleib in ihrem gewohnten Lebensumfeld zu erm\u00f6glichen\u201c, so Landrat Dr. Fritz Brechtel.<\/p>\n\n\n\n<p>Aktuell lebt der \u00fcberwiegende Teil der Pflegebed\u00fcrftigen zu Hause, versorgt und betreut durch Familienangeh\u00f6rige, Freunde oder Nachbarn, teilweise mit Unterst\u00fctzung durch professionelle Dienste. Tagespflegeeinrichtungen sind hierbei ein wichtiger Bestandteil der Pflegeinfrastruktur im Kreis. \u201eWenn eine sichere Versorgung zu Hause an Grenzen kommt, der Alltag nicht mehr selbstst\u00e4ndig bew\u00e4ltigt werden kann und man tags\u00fcber auf sich alleine gestellt ist, kann Tagespflege die h\u00e4usliche Pflegesituation stabilisieren\u201c, betont Sozialdezernent Christoph Buttweiler und erg\u00e4nzt: \u201eDas Tagespflegeangebot im Landkreis Germersheim hat sich seit 2009 verf\u00fcnffacht. Die vier Einrichtungen im Landkreis, die Seniorentagesst\u00e4tte Sonnenschein in Bellheim, die Tagespflege Bellheimer Herz, die Tagesst\u00e4tte Hatzenb\u00fchl und die Seniorentagespflege Niederweisen in W\u00f6rth stellen heute insgesamt 102 Ganztagspl\u00e4tze f\u00fcr Tagesg\u00e4ste zur Verf\u00fcgung.\u201c<\/p>\n\n\n\n<p>Tagespflege kann t\u00e4glich oder nur an einzelnen Tagen in Anspruch genommen werden. In den Tagespflegeeinrichtungen im Landkreis \u201eteilen\u201c sich aktuell bis zu drei Tagesg\u00e4ste einen Ganztagespflegeplatz. Die Fahrdienste der Einrichtungen holen bei Bedarf die Tagesg\u00e4ste morgens ab und bringen diese abends wieder nach Hause. Valkana Krstev von der Gesch\u00e4ftsstelle Regionale Pflegekonferenz der Kreisverwaltung: \u201eTagespflege ist ein wichtiges Bindeglied zwischen dem \u201ezu Haus verbleiben wollen\u201c und dem \u201ezu Hause bleiben k\u00f6nnen\u201c. Insbesondere f\u00fcr Menschen mit demenziellen Erkrankungen kann die Tagespflege eine gute Alternative zum Heim sein.\u201c Pflegende Angeh\u00f6rige k\u00f6nnen weiterhin berufst\u00e4tig bleiben und Beruf, Familie und Pflege vereinbaren, wenn sie ihr pflegebed\u00fcrftiges Familienmitglied in guten H\u00e4nden wissen. Als G\u00e4ste einer Tagespflege sind pflegebed\u00fcrftige Menschen gut versorgt und vor allem nicht einsam, da sie tags\u00fcber unter Gleichgesinnten sind und die bedarfsgerechten und aktivierenden Angebote der Einrichtung nutzen k\u00f6nnen.<\/p>\n\n\n\n<p>Die Kosten f\u00fcr die zeitweise Betreuung in einer teilstation\u00e4ren Pflegeeinrichtung (Tagespflege) setzen sich aus Kosten f\u00fcr die Betreuung und Pflege, Fahrtkosten und Kosten f\u00fcr Essen und Unterkunft zusammen. Pflegebed\u00fcrftige der Pflegegrade 2 bis 5 erhalten auf Antrag von ihrer Pflegekasse ein zus\u00e4tzliches, vom Pflegegrad abh\u00e4ngiges monatliches Budget f\u00fcr Tagespflege. Es findet keine Verrechnung mit dem Pflegegeld oder Pflegesachleistungen statt. Seit 2017 kann auch der sogenannte Entlastungsbeitrag in H\u00f6he von 125 Euro monatlich f\u00fcr die Tagespflege verwendet werden.<\/p>\n\n\n\n<p>Informationen rund um die Pflege zu Hause gibt es auf der Homepage der Kreisverwaltung, <a href=\"http:\/\/www.kreis-germersheim.de\">www.kreis-germersheim.de<\/a>, Bereich \u201eSenioren-Altenhilfe\u201c. Unter \u201eInfo Tagespflege im Landkreis Germersheim\u201c sind Kontaktdaten, \u00d6ffnungszeiten, Platzkapazit\u00e4t und per Link auf den Pflegenavigator der AOK die Tagespfleges\u00e4tze und Fahrtkosten der Einrichtungen ver\u00f6ffentlicht. Eine Liste mit den regelm\u00e4\u00dfig von den Tagespflegeeinrichtungen gemeldeten verf\u00fcgbaren Pl\u00e4tzen steht zum Abruf bereit. <br> Hilfe und Unterst\u00fctzung bei der Wahl und Finanzierung von Betreuungsangebote gibt es kostenlos bei den Fachkr\u00e4ften der Pflegest\u00fctzpunkten und der Kreisverwaltung. Die Kontaktdaten gibt es ebenfalls unter <a href=\"http:\/\/www.kreis-germersheim.de\">www.kreis-germersheim.de<\/a>, Stichwort \u201ePflege zu Hause\u201c. Hier steht auch das Infoblatt \u201ePflege zu Hause\u201c der Kreisverwaltung zum Download bereit, ebenso das Faltblatt \u201eTagespflege kompakt\u201c des Landespflegeausschusses Rheinland-Pfalz, das die h\u00e4ufigsten Fragen zum Thema Tagespflege beantwortet. Diese Informationsbl\u00e4tter liegen auch bei den Pflegest\u00fctzpunkten, in der Au\u00dfenstelle der Kreisverwaltung, Fachbereich Soziale Hilfen, in der Waldstra\u00dfe 13a und in den Tagespflegeeinrichtungen im Landkreis bereit.<\/p>\n\n\n\n<p><em>Kreisverwaltung Germersheim<br>13.06.2019<\/em><\/p>\n\n\n\n<h2 class=\"wp-block-heading\">Zehn Jahre Leistelle f\u00fcr Integration \u2013 Vielf\u00e4ltige Angebote<\/h2>\n\n\n\n<h4 class=\"wp-block-heading\">Landrat Brechtel: \u201eIntegration geht uns alle an!\u201c<\/h4>\n\n\n\n<p>\u201eIntegration ist f\u00fcr ein gutes Miteinander der Menschen aus verschiedenen L\u00e4ndern oder aus unterschiedlichen Kulturkreisen der zentrale Begriff\u201c, so Landrat Dr. Fritz Brechtel, \u201eDabei ist Integration keine Einbahnstra\u00dfe, sondern erfordert Bereitschaft und Toleranz von allen Seiten. Mit der Leitstelle f\u00fcr Integration fordern und f\u00f6rdern wir schon seit zehn Jahren zielgerichtet die Integrationsarbeit im Landkreis Germersheim.\u201c 2009, l\u00e4ngst vor der sog. \u201eFl\u00fcchtlingswelle\u201c, richtete der Landkreis Germersheim die Leitstelle f\u00fcr Integration ein. \u201eDie origin\u00e4re Aufgabe der Mitarbeiterinnen der Leitstelle ist es, die Integrationsarbeit im Landkreis Germersheim weiter voranzutreiben. Sie sind nah dran an den Menschen und Themen und haben die Angebotspalette in den letzten Jahren stets den Gegebenheiten und Bed\u00fcrfnissen angepasst\u201c, berichtet der Erste Kreisbeigeordnete Christoph Buttweiler.<\/p>\n\n\n\n<p>Zu den Aufgaben der Leitstelle Integration z\u00e4hlen u.a. die Netzwerkarbeit und Organisation von Kooperationsveranstaltungen mit relevanten Akteuren und Multiplikatoren, Angebote f\u00fcr verschiedene Altersgruppen zu schaffen und zu unterschiedlichen Themen zu beraten. Nicht zu vergessen seien dabei die zahlreichen Menschen, die im Ehrenamt oder ganz privat bei der Integration unterst\u00fctzen und helfen. Bei Ihnen bedanken sich Brechtel und Buttweiler ebenso herzlich wie bei allen hauptamtlich T\u00e4tigen. Die Leitstelle Integration bietet ein breit gef\u00e4chertes Angebot. Dazu geh\u00f6ren beispielsweise die psychosoziale Beratung, die F\u00f6rderung von Grundwerten und das Projekt \u201eInProcedere \u2013 Bleiberecht durch Arbeit\u201c.<\/p>\n\n\n\n<h4 class=\"wp-block-heading\">Psychosoziale Beratung<\/h4>\n\n\n\n<p>Seit 2017 gibt es als Teil des Integrationskonzeptes eine psychosoziale Beratungsstelle f\u00fcr gefl\u00fcchtete Menschen im Landkreis Germersheim. Diese Beratung bietet f\u00fcr den Landkreis das Psychosoziale Zentrum Pfalz des Diakonischen Werkes Pfalz an. Das Angebot richtet sich an besonders schutzbed\u00fcrftige oder traumatisierte Menschen mit ungekl\u00e4rtem Aufenthaltsstatus. Kontakt: Psychosoziales Zentrum Pfalz, Au\u00dfenstelle Germersheim\/Kandel, Termine nach Vereinbarung, Tel. 0621\/49077740, E-Mail <a href=\"Ina.Eggert@diakonie-pfalz.de\">Ina.Eggert@diakonie-pfalz.de<\/a>.<\/p>\n\n\n\n<h4 class=\"wp-block-heading\">Projekt-F\u00f6rderung zur Vermittlung von demokratischen Grundwerten an Jugendliche<\/h4>\n\n\n\n<p>\u201eDamit das Miteinander unabh\u00e4ngig von Herkunftskultur, Geschlecht, Religion oder politischer Gesinnung gelingen kann, ist das gemeinsame Bekenntnis zu unserer demokratischen Grundordnung eine Voraussetzung. Besonders auf dem Weg zum Erwachsenwerden sind Jugendliche und junge Erwachsene auf \u201eWegweiser\u201c angewiesen\u201c, betont Sozialdezernent Christoph Buttweiler. Daher f\u00f6rdert die Leitstelle f\u00fcr Integration Projekte, die Jugendlichen demokratische Grundwerte nahebringen. Einen Flyer mit Informationen und Hinweisen gibt es unter <a href=\"http:\/\/www.kreis-germersheim.de\">www.kreis-germersheim.de<\/a>, Stichwort Leitstelle f\u00fcr Integration.<\/p>\n\n\n\n<h4 class=\"wp-block-heading\">Arbeitsmarktintegration von Gefl\u00fcchteten<\/h4>\n\n\n\n<p>Das Projekt \u201eInProcedere \u2013 Bleiberecht durch Arbeit 2.0\u201c tr\u00e4gt dazu bei, den Zugang zu Ausbildung und Besch\u00e4ftigung von Fl\u00fcchtlingen mit einer Arbeitserlaubnis zu erleichtern. Um dieses Ziel im Landkreis Germersheim zu erreichen, arbeiten die Kreisverwaltung, das Jobcenter und ProfeS \u2013 Gesellschaft f\u00fcr Bildung und Kommunikation mbH intensiv zusammen. In einem pers\u00f6nlichen Beratungsgespr\u00e4ch werden die Chancen der Teilnehmenden f\u00fcr den Zugang zum deutschen Arbeitsmarkt er\u00f6rtert und auf F\u00f6rderm\u00f6glichkeiten im Umkreis, z.B. Sprachkurse, Berufsqualifikationsfeststellung oder Berufsberatung, hingewiesen.<\/p>\n\n\n\n<h4 class=\"wp-block-heading\">Erstes Neujahrsforum Netzwerk Integration<\/h4>\n\n\n\n<p>Mit ca. 80 Teilnehmenden u.a. aus Schulsozialarbeit, Migrationsfachdienst, Vereine, Arbeitsvermittlung, Sozial\u00e4mter, freie Tr\u00e4ger und Verwaltungen wurde das erste Neujahrsforum der Leitstelle Integration Anfang des Jahres gut angenommen. \u201eBis 2017 wurden die Integreat-Messen als Plattform f\u00fcr einen intensiven Austausch innerhalb des Netzwerks Integration gerne genutzt. Mehrfach wurde der Wunsch ge\u00e4u\u00dfert, auch in den kommenden Jahren einen Austausch zu gew\u00e4hrleisten. Diesen W\u00fcnschen sind wir mit dem Neujahrsforum Netzwerk Integration nachgekommen\u201c, so Christoph Buttweiler. Auch in den kommenden Jahren soll f\u00fcr die Akteure des Netzwerks Integration ein Neujahrsforum organisiert werden.<\/p>\n\n\n\n<h4 class=\"wp-block-heading\">3. Kreisweite Interkulturelle Woche vom 22. bis 29. September 2019<\/h4>\n\n\n\n<p>Auch in diesem Jahr f\u00f6rdert die Kreisverwaltung Germersheim im Rahmen der bundesweiten Interkulturellen Woche Projekte, die das konstruktive Zusammenleben in Vielfalt unterst\u00fctzen und eine Begegnungsst\u00e4tte f\u00fcr Menschen aus den verschiedensten Kulturkreisen schaffen mit bis zu 500 Euro. Hierf\u00fcr m\u00fcssen die Projektideen mit Titel, kurzer Beschreibung, Kontaktdaten und Kostenplan mit dem entsprechenden Formular bis sp\u00e4testens 31. Juli 2019 per E-Mail an s.oezmen@kreis-germersheim.de gesandt werden. Bei der Leitstelle f\u00fcr Integration ist auch das Formular erh\u00e4ltlich. Die Bewilligung der Kostenzusch\u00fcsse wird den Einreichern nach Pr\u00fcfung bis 15.08.2019 zugehen. In Ausnahmef\u00e4llen ist auch eine fr\u00fchere Bewilligung m\u00f6glich. Die Angebote und Aktionen werden in einem kleinen Programmheft ver\u00f6ffentlicht.<\/p>\n\n\n\n<h4 class=\"wp-block-heading\">Lernpatenprojekt<\/h4>\n\n\n\n<p>Gef\u00f6rdert wird in diesem Jahr auch das \u201eLernpatenprojekt \u2013 keiner darf verloren gehen\u201c. Mit einer Lernpatengruppe in Germersheim und zwei Lernpatengruppen in W\u00f6rth am Rhein unterst\u00fctzt das Projekt Kinder bei der Teilhabe an Bildung und der Partizipation an der Gesellschaft. Das Lernpatenprojekt hat das Ziel, die Bildungschancen von Kindern aus sozial schwachen Familien zu verbessern. N\u00e4here Informationen zum Projekt gibt es unter <a href=\"http:\/\/www.buergerstiftung-pfalz.de\/buergerstiftung\/projekte\/lernpaten.html\">www.buergerstiftung-pfalz.de\/buergerstiftung\/projekte\/lernpaten.html<\/a>.<\/p>\n\n\n\n<p>Ansprechpartnerin in der Leitstelle f\u00fcr Integration der Kreisverwaltung Germersheim sind<br> S\u00fcmeyye \u00d6zmen, Tel. 07274\/53-487, E-Mail: <a href=\"s.oezmen@kreis-germersheim.de\">s.oezmen@kreis-germersheim.de<\/a><br> Sabrina Schuster, Tel. 07274\/53-379, E-Mail: <a href=\"s.schuster@kreis-germersheim.de\">s.schuster@kreis-germersheim.de<\/a><br> Melanie Dietz, Tel. 07274\/53-379, E-Mail: <a href=\"m.dietz@kreis-germersheim.de\">m.dietz@kreis-germersheim.de<\/a><\/p>\n\n\n\n<p>Weitere Informationen zur Leitstelle Integration und zu den Projekten gibt es unter <a href=\"http:\/\/www.kreis-germersheim\">www.kreis-germersheim<\/a>, Stichwort \u201eLeitstelle f\u00fcr Integration\u201c.<\/p>\n\n\n\n<p><em>Kreisverwaltung Germersheim<br>13.06.2019<\/em><\/p>\n\n\n\n<h2 class=\"wp-block-heading\">Hugo, Hoppel und der M\u00fcll<\/h2>\n\n\n\n<h3 class=\"wp-block-heading\">500 Vorschulkinder lernen Abfalltrennung<\/h3>\n\n\n\n<div class=\"wp-block-image\"><figure class=\"aligncenter\"><img decoding=\"async\" loading=\"lazy\" width=\"800\" height=\"600\" src=\"https:\/\/speyer24news.com\/wp-content\/uploads\/2019\/06\/Umweltpuppentheater-2019.jpg\" alt=\"\" class=\"wp-image-14846\" srcset=\"https:\/\/speyer24news.com\/wp-content\/uploads\/2019\/06\/Umweltpuppentheater-2019.jpg 800w, https:\/\/speyer24news.com\/wp-content\/uploads\/2019\/06\/Umweltpuppentheater-2019-300x225.jpg 300w, https:\/\/speyer24news.com\/wp-content\/uploads\/2019\/06\/Umweltpuppentheater-2019-768x576.jpg 768w, https:\/\/speyer24news.com\/wp-content\/uploads\/2019\/06\/Umweltpuppentheater-2019-678x509.jpg 678w, https:\/\/speyer24news.com\/wp-content\/uploads\/2019\/06\/Umweltpuppentheater-2019-326x245.jpg 326w, https:\/\/speyer24news.com\/wp-content\/uploads\/2019\/06\/Umweltpuppentheater-2019-80x60.jpg 80w\" sizes=\"(max-width: 800px) 100vw, 800px\" \/><figcaption>Frau Hoffmann vom Puppentheater Knab lie\u00df Hugo, Hoppel und Sonja lebendig werden. <\/figcaption><\/figure><\/div>\n\n\n\n<p>In den katholischen Pfarrheimen von Sondernheim und W\u00f6rth ging es am 5. und 6. Juni wieder einmal hoch her.<br>\nAuf Einladung der Abfallwirtschaft des Landkreises gastierte dort das Umwelt-Puppentheater Knab aus Pfinztal mit dem St\u00fcck \u201eSonjas neue Wohnung\u201c und hat vor den rund 500 Vorschulkindern tolle Geschichten zum Thema Abfall lebendig werden lassen. <\/p>\n\n\n\n<p>Die j\u00e4hrlichen Auff\u00fchrungen des Puppentheaters Knab haben bereits Tradition. Schon zum sechsten Mal kommt das Puppentheater Knab in den Landkreis Germersheim, der auch die Kosten daf\u00fcr \u00fcbernimmt. <br>\nWieder dabei waren die Sympathietr\u00e4ger Rabe Hugo und sein Hasen-Freund Hoppel sowie die kleine Eule Sonja. Die drei begeisterten die Kinder und durchlebten aufregende Geschichten rund um das Thema illegale M\u00fcllablagerungen, bei denen die Kinder zum Mitdenken animiert wurden.<\/p>\n\n\n\n<p>Der Besuch des Theaterst\u00fccks ist f\u00fcr die Kindergartenkinder kostenlos. Allerdings sollte im betreffenden Kindergarten bereits das Aktionsprogramm Umwelterziehung stattgefunden haben, das durch die Abfallwirtschaft des Landkreises durchgef\u00fchrt wird. <\/p>\n\n\n\n<p>Seit dem Start der Aktion vor sechs Jahren besuchen regelm\u00e4\u00dfig zwei Mitarbeiterinnen der Kreisverwaltung Germersheim jedes Jahr nahezu alle Kinderg\u00e4rten im Landkreis, um bereits die Vorschulkinder mit dem Thema Abfall vertraut zu machen. <br>\nKinderg\u00e4rten, die einen Termin mit der Umwelterziehung buchen m\u00f6chten, k\u00f6nnen unter der Telefonnummer 07274\/53 377 (Frau Neubert) oder 07274\/53 142 (Frau Stern) Kontakt aufnehmen. <\/p>\n\n\n\n<p><em>Kreisverwaltung Germersheim<br>13.06.2019<\/em><\/p>\n\n\n\n<h2 class=\"wp-block-heading\">Spatenstich f\u00fcr den Ersatzneubau der IGS Kandel<\/h2>\n\n\n\n<h3 class=\"wp-block-heading\">Landrat: Moderne Fach- und Klassenr\u00e4ume entstehen f\u00fcr optimale Lernbedingungen<\/h3>\n\n\n\n<div class=\"wp-block-image\"><figure class=\"aligncenter\"><img decoding=\"async\" loading=\"lazy\" width=\"800\" height=\"535\" src=\"https:\/\/speyer24news.com\/wp-content\/uploads\/2019\/06\/Spatenstich.jpg\" alt=\"\" class=\"wp-image-14845\" srcset=\"https:\/\/speyer24news.com\/wp-content\/uploads\/2019\/06\/Spatenstich.jpg 800w, https:\/\/speyer24news.com\/wp-content\/uploads\/2019\/06\/Spatenstich-300x201.jpg 300w, https:\/\/speyer24news.com\/wp-content\/uploads\/2019\/06\/Spatenstich-768x514.jpg 768w\" sizes=\"(max-width: 800px) 100vw, 800px\" \/><figcaption>v.l.: G\u00fcnther Tieleb\u00f6rger, Jutta Wegmann, Christoph Buttweiler, Volker Po\u00df, Dr. Thomas Gebhart, Dr. Fritz Brechtel, Mario Brandenburger, Wolfgang Pogge<\/figcaption><\/figure><\/div>\n\n\n\n<p>Nach zwei Jahren Planungszeit geht es jetzt an die Umsetzung des Ersatzneubaus der IGS Kandel. Der alte Nordfl\u00fcgel in der Schubertstra\u00dfe wurde in den vergangenen Monaten abgebrochen und r\u00fcckgebaut. Nun ist das Baufeld freiger\u00e4umt, womit Platz f\u00fcr die nun anstehende Leitungsverlegung geschaffen wurde. Die Pfalzwerke haben einen neuen Trafo errichtet. Nach dem Trafoumschluss kann der alte Trafo abgebrochen und die Fundamente mit Bodenplatte k\u00f6nnen f\u00fcr den Neubau errichtet werden. <br>\nLandrat Dr. Fritz Brechtel, der Erste Kreisbeigeordnete Christoph Buttweiler, Kreisbeigeordnete Jutta Wegmann, Andreas Bommer von der Aufsichts- und Dienstleistungsdirektion (ADD), Verbandsb\u00fcrgermeister Volker Po\u00df, Stadtb\u00fcrgermeister G\u00fcnther Tieleb\u00f6rger, die Bundestagsabgeordneten Dr. Thomas Gebhart und Mario Brandenburger sowie Schulleiter Wolfgang Poggel haben jetzt gemeinsam mit Sch\u00fclern und G\u00e4sten den symbolischen Spatenstich gefeiert. Mit darstellendem Spiel und fetzigen Kl\u00e4ngen der Schulband der IGS Kandel wurde der Festakt bereichert.<\/p>\n\n\n\n<p>Der dreigeschossige Neubau der IGS Kandel ist vom Architekturb\u00fcro \u201eDrei Architekten\u201c aus Stuttgart ist als klar strukturierten Bauk\u00f6rper konzipiert. \u201eEs ist uns ein besonderes Anliegen den Sch\u00fclerinnen und Sch\u00fclern m\u00f6glichst optimale Lernbedingungen zu bieten und der etwa 70 Meter lange, 23 Meter breite und fast 12 Meter hohe Neubau bietet dazu beste Voraussetzungen\u201c, so Landrat Dr. Fritz Brechtel. <br>\nDie Geschosse mit einer Nutzfl\u00e4che von insgesamt knapp 3.000 m\u00b2 Hauptnutzfl\u00e4che werden \u00fcber eine gro\u00dfz\u00fcgige, von oben mit Tageslicht durchflutete zentrale Halle durch Treppen und einen Aufzug erschlossen, die durch Luftr\u00e4ume Sichtbeziehungen und Orientierung bietet und Raum gibt f\u00fcr Begegnungen und Aktivit\u00e4ten. <\/p>\n\n\n\n<p>Daf\u00fcr investiert der Kreis Germersheim als Schultr\u00e4ger gemeinsam mit der Verbandsgemeinde Kandel viel Geld. Die Kosten sind bisher mit 19,3 Mio. Euro veranschlagt. Das Bildungsministerium hat vor kurzem die Genehmigung zum vorzeitigen Ma\u00dfnahmenbeginn erteilt, der F\u00f6rderbescheid aus Mainz liegt leider noch nicht vor. Abh\u00e4ngig von der Landesf\u00f6rderung wird die Verbandsgemeinde Kandel einen Anteil von 2,5 bis 4,1 Mio. Euro \u00fcbernehmen. <\/p>\n\n\n\n<p>Im Erdgeschoss des neuen Geb\u00e4udes befindet sich zuk\u00fcnftig der Verwaltungsbereich der Schule, daneben entstehen die Fachklassen Chemie-Physik-Biologie sowie Werken und die Lehrk\u00fcche. In den Obergeschossen sind die Klassenr\u00e4ume f\u00fcr die Jahrgangsstufe 10 und f\u00fcr die Oberstufen (Klassen 11-13) mit Kursr\u00e4umen und Lehrerst\u00fctzpunkten und Lernzonen untergebracht. <\/p>\n\n\n\n<p>\u201eDie \u00dcbergabe und Fertigstellung des Neubaus an die Schulgemeinschaft zur Nutzung ist f\u00fcr das Sp\u00e4tjahr 2021 geplant. Erst danach kann der marode Altbau aus dem Jahr 1972 abgebrochen werden. Auf dieser Abbruchfl\u00e4che entsteht dann ein neuer Pausenhof\u201c, so Brechtel.<\/p>\n\n\n\n<p><em>Kreisverwaltung Germersheim<br>13.06.2019<\/em><\/p>\n\n\n\n<h2 class=\"wp-block-heading\">Zweite Abschlagszahlung f\u00fcr M\u00fcllgeb\u00fchren f\u00e4llig<\/h2>\n\n\n\n<p>Am 1. Juli ist im Kreis Germersheim die zweite Abschlagszahlung der M\u00fcllgeb\u00fchren f\u00fcr das Jahr 2019 f\u00e4llig.<\/p>\n\n\n\n<p>Die Abfallwirtschaft der Kreisverwaltung Germersheim erinnert die betroffenen Grundst\u00fcckseigent\u00fcmer an die rechtzeitige Zahlung.<\/p>\n\n\n\n<p>Der Geb\u00fchrenbescheid wird immer zu Beginn des aktuellen Kalenderjahres verschickt. Er weist die H\u00f6he sowie die F\u00e4lligkeitstermine der zu zahlenden Abschlagsbetr\u00e4ge aus.<\/p>\n\n\n\n<p>Gehen die M\u00fcllgeb\u00fchren nicht fristgerecht ein m\u00fcssen zus\u00e4tzlich Verwaltungsgeb\u00fchren erhoben werden. Wer eine Einzugserm\u00e4chtigung\/SEPA-Lastschriftmandat erteilt hat erh\u00e4lt die Garantie, dass die Abfallgeb\u00fchren immer fristgerecht abgebucht werden.<\/p>\n\n\n\n<p>Das Formular hierf\u00fcr kann beim Fachbereich Abfallwirtschaft unter der Telefonnummer 07274\/53 256 angefordert werden. Es ist ebenso im Internet unter <a href=\"http:\/\/www.kreis-germersheim.de\/abfallwirtschaft\">www.kreis-germersheim.de\/abfallwirtschaft<\/a> unter der Rubrik Formulare abrufbar und muss unterschrieben an die Kreisverwaltung geschickt  bzw. gefaxt werden.<\/p>\n\n\n\n<p>Die Beh\u00f6rde bittet darum, bei Zahlungen unbedingt die Eigent\u00fcmernummer auf den \u00dcberweisungstr\u00e4gern anzugeben. Ohne diese Angabe k\u00f6nnen die eingehenden Betr\u00e4ge nicht zugeordnet werden.<\/p>\n\n\n\n<p><em>Kreisverwaltung Germersheim<br>13.06.2019<\/em><\/p>\n\n\n\n<h2 class=\"wp-block-heading\">Landrat Brechtel: Genussvoll den Blick f\u00fcr Wertsch\u00f6pfung, regionale Produkte und Umweltschutz sensibilisieren<\/h2>\n\n\n\n<h3 class=\"wp-block-heading\">Streuobstsaft-Spende an weiterf\u00fchrenden Schulen im Kreis<\/h3>\n\n\n\n<div class=\"wp-block-image\"><figure class=\"aligncenter\"><img decoding=\"async\" loading=\"lazy\" width=\"800\" height=\"535\" src=\"https:\/\/speyer24news.com\/wp-content\/uploads\/2019\/06\/190604_Saftspende-an-Schulen_-hier-RvW-RSplus-GER1.jpg\" alt=\"\" class=\"wp-image-14842\" srcset=\"https:\/\/speyer24news.com\/wp-content\/uploads\/2019\/06\/190604_Saftspende-an-Schulen_-hier-RvW-RSplus-GER1.jpg 800w, https:\/\/speyer24news.com\/wp-content\/uploads\/2019\/06\/190604_Saftspende-an-Schulen_-hier-RvW-RSplus-GER1-300x201.jpg 300w, https:\/\/speyer24news.com\/wp-content\/uploads\/2019\/06\/190604_Saftspende-an-Schulen_-hier-RvW-RSplus-GER1-768x514.jpg 768w\" sizes=\"(max-width: 800px) 100vw, 800px\" \/><\/figure><\/div>\n\n\n\n<p>3.900 Liter Apfelsaft in insgesamt 780 5-Liter-Boxen wurden in dieser Woche an alle weiterf\u00fchrenden Schulen im Landkreis Germersheim verteilt. Gespendet wurde der leckere Saft von Fr\u00fcchten aus heimischen Streuobstwiesen vom Verein zur F\u00f6rderung von Umweltbildung und r\u00f6mischer Geschichte. \u201eMit dieser Aktion wollen wir auf das Thema regionale Produkte und gesunde Ern\u00e4hrung, vor allem aber auf die Bedeutung von Streuobstwiesen aufmerksam machen. Die Kinder und Jugendlichen m\u00fcssen wissen: Leckeres und gesundes Obst w\u00e4chst nicht im Supermarkt, sondern tats\u00e4chlich auf Wiesen direkt vor der eigenen Haust\u00fcr\u201c, so der Vorsitzende des Vereins, Landrat Dr. Fritz Brechtel.<\/p>\n\n\n\n<div class=\"wp-block-image\"><figure class=\"aligncenter\"><img decoding=\"async\" loading=\"lazy\" width=\"500\" height=\"686\" src=\"https:\/\/speyer24news.com\/wp-content\/uploads\/2019\/06\/190604_Saftspende-an-Schulen_-hier-RvW-RSplus-GER3.jpg\" alt=\"\" class=\"wp-image-14843\" srcset=\"https:\/\/speyer24news.com\/wp-content\/uploads\/2019\/06\/190604_Saftspende-an-Schulen_-hier-RvW-RSplus-GER3.jpg 500w, https:\/\/speyer24news.com\/wp-content\/uploads\/2019\/06\/190604_Saftspende-an-Schulen_-hier-RvW-RSplus-GER3-219x300.jpg 219w\" sizes=\"(max-width: 500px) 100vw, 500px\" \/><\/figure><\/div>\n\n\n\n<p>Daher soll den Sch\u00fclerinnen und Sch\u00fclern der Saft nicht nur schmecken. Wunsch der Vereinsmitglieder ist es, dass m\u00f6glichst viele Schulen diese Aspekte aktiv in den Klassen aufgreifen, z. B. durch Exkursionen zu Streuobstwiesen oder Baumpatenschaften, durch Pflanz- und Ernteaktionen an Obstb\u00e4ume im \u00f6ffentlichen Raum, die gedeihen und Fr\u00fcchte tragen und oft gar keine Beachtung finden, oder durch die Verarbeitung von zuvor selbst geerntetem Obst zu Saft, Marmelade oder Kompott. <\/p>\n\n\n\n<div class=\"wp-block-image\"><figure class=\"aligncenter\"><img decoding=\"async\" loading=\"lazy\" width=\"800\" height=\"535\" src=\"https:\/\/speyer24news.com\/wp-content\/uploads\/2019\/06\/190604_Saftspende-an-Schulen_-hier-RvW-RSplus-GER5.jpg\" alt=\"\" class=\"wp-image-14844\" srcset=\"https:\/\/speyer24news.com\/wp-content\/uploads\/2019\/06\/190604_Saftspende-an-Schulen_-hier-RvW-RSplus-GER5.jpg 800w, https:\/\/speyer24news.com\/wp-content\/uploads\/2019\/06\/190604_Saftspende-an-Schulen_-hier-RvW-RSplus-GER5-300x201.jpg 300w, https:\/\/speyer24news.com\/wp-content\/uploads\/2019\/06\/190604_Saftspende-an-Schulen_-hier-RvW-RSplus-GER5-768x514.jpg 768w\" sizes=\"(max-width: 800px) 100vw, 800px\" \/><\/figure><\/div>\n\n\n\n<p>Dankenswerterweise hat das Technische Hilfswerk Germersheim (THW) die Verteilung der vielen Saftboxen \u00fcbernommen. Noch in dieser Woche werden alle weiterf\u00fchrenden Schulen ihren Anteil bekommen haben. Finanziell unterst\u00fctzt wurde die Aktion durch die Sparkassenstiftung und LEADER B\u00fcrgerprojekte. Symbolisch \u00fcbergeben haben Vereinsmitglieder den Saft an Sch\u00fcler und Lehrer der Richard-von-Weizs\u00e4cker-Realschule plus in Germersheim und an den Schuldezernenten Christoph Buttweiler. Hier wurde der Saft im schuleigenen Garten auch gleich gekostet.<\/p>\n\n\n\n<p><em>Kreisverwaltung Germersheim<br>13.06.2019<\/em><\/p>\n\n\n\n<h2 class=\"wp-block-heading\">Neue Kurzfilme \u00fcber den Landkreis Germersheim<\/h2>\n\n\n\n<div class=\"wp-block-image\"><figure class=\"aligncenter\"><img decoding=\"async\" loading=\"lazy\" width=\"800\" height=\"435\" src=\"https:\/\/speyer24news.com\/wp-content\/uploads\/2019\/06\/natur-tn.jpg\" alt=\"\" class=\"wp-image-14839\" srcset=\"https:\/\/speyer24news.com\/wp-content\/uploads\/2019\/06\/natur-tn.jpg 800w, https:\/\/speyer24news.com\/wp-content\/uploads\/2019\/06\/natur-tn-300x163.jpg 300w, https:\/\/speyer24news.com\/wp-content\/uploads\/2019\/06\/natur-tn-768x418.jpg 768w\" sizes=\"(max-width: 800px) 100vw, 800px\" \/><\/figure><\/div>\n\n\n\n<p>Der Landkreis Germersheim \u2013 f\u00fcnf neuen Kreisfilme zeigen, was unsere Region ausmacht, fr\u00fcher und heute, seine vielen Facetten, seine Besonderheiten und Sch\u00f6nheiten. \u201eEntdecken Sie in jeweils ca. drei Minuten Natur, Wirtschaft, Geschichte, Sport sowie Land- und Forstwirtschaft im Landkreis Germersheim\u201c, l\u00e4dt Landrat Dr. Fritz Bechtel ein, digital bekannte und weniger bekannte Pl\u00e4tze und Perspektiven aus dem Landkreis zu genie\u00dfen. <\/p>\n\n\n\n<div class=\"wp-block-image\"><figure class=\"aligncenter\"><img decoding=\"async\" loading=\"lazy\" width=\"800\" height=\"418\" src=\"https:\/\/speyer24news.com\/wp-content\/uploads\/2019\/06\/landwirtschaft-tn.jpg\" alt=\"\" class=\"wp-image-14840\" srcset=\"https:\/\/speyer24news.com\/wp-content\/uploads\/2019\/06\/landwirtschaft-tn.jpg 800w, https:\/\/speyer24news.com\/wp-content\/uploads\/2019\/06\/landwirtschaft-tn-300x157.jpg 300w, https:\/\/speyer24news.com\/wp-content\/uploads\/2019\/06\/landwirtschaft-tn-768x401.jpg 768w\" sizes=\"(max-width: 800px) 100vw, 800px\" \/><\/figure><\/div>\n\n\n\n<p>\u201eMal leise, mal laut und immer mit ganz viel Gef\u00fchl nehmen Bild und Wort den Betrachter mit auf kleine Entdeckungsreisen und laden ein, die Region weiter zu entdecken\u201c, so der Kreischef weiter. Ihre Premiere feierten die Filme beim diesj\u00e4hrigen Germersheimer Stadtwalk Ende Mai. In den Festungsg\u00e4ngen waren sie als Zusammenschnitte an einer Station zu sehen.<\/p>\n\n\n\n<div class=\"wp-block-image\"><figure class=\"aligncenter\"><img decoding=\"async\" loading=\"lazy\" width=\"800\" height=\"449\" src=\"https:\/\/speyer24news.com\/wp-content\/uploads\/2019\/06\/Stadtwalk1a.jpg\" alt=\"\" class=\"wp-image-14841\" srcset=\"https:\/\/speyer24news.com\/wp-content\/uploads\/2019\/06\/Stadtwalk1a.jpg 800w, https:\/\/speyer24news.com\/wp-content\/uploads\/2019\/06\/Stadtwalk1a-300x168.jpg 300w, https:\/\/speyer24news.com\/wp-content\/uploads\/2019\/06\/Stadtwalk1a-768x431.jpg 768w, https:\/\/speyer24news.com\/wp-content\/uploads\/2019\/06\/Stadtwalk1a-678x381.jpg 678w\" sizes=\"(max-width: 800px) 100vw, 800px\" \/><\/figure><\/div>\n\n\n\n<p>Zus\u00e4tzlich zu den f\u00fcnf Themen-Filmen gibt es eine Imagefilme \u00fcber den Landkreis \u2013 auch in englischer Sprache. Alle Kreisfilme sind online abrufbar unter <a href=\"http:\/\/www.kreis-germersheim.de\/kreisfilme\">www.kreis-germersheim.de\/kreisfilme<\/a>.<\/p>\n\n\n\n<p><em>Kreisverwaltung Germersheim<br>13.06.2019<\/em><\/p>\n\n\n\n<h2 class=\"wp-block-heading\">S 52: seit 11. Juni 2019 zus\u00e4tzlicher Halt in Rheinzabern<\/h2>\n\n\n\n<h3 class=\"wp-block-heading\">Landrat: Verbesserung f\u00fcr Sch\u00fclerinnen und Sch\u00fcler nach der 6. Schulstunde<\/h3>\n\n\n\n<p>Der S 52-Eilzug ab W\u00f6rth Bahnhof um 13:18 Uhr in Richtung Germersheim bekommt ab dem 11.06.2019 an einen zus\u00e4tzlichen Halt an der Station Rheinzabern Alte R\u00f6merstra\u00dfe (13:25 Uhr). Dies ist eine Verbesserung f\u00fcr Sch\u00fclerinnen und Sch\u00fcler der IGS Rheinzabern nach der 6. Schulstunde, aber auch f\u00fcr Sch\u00fclerinnen und Sch\u00fcler, die die W\u00f6rther Schulen besuchen und in Rheinzabern im Neubaugebiet wohnen.<\/p>\n\n\n\n<p>Eine Abfrage der Kreisverwaltung beim Schulzentrum Rheinzabern und an den W\u00f6rther Schulen hat ergeben, dass hierf\u00fcr ein Bedarf besteht. Auch B\u00fcrgerinnen und B\u00fcrger aus Rheinzabern haben sich f\u00fcr diesen Halt eingesetzt. Zusammen mit der AVG ist es nun der Kreisverwaltung Germersheim gelungen dem Wunsch nachzukommen. Ab dem Sommer-Fahrplanwechsel wird der Haltepunkt angefahren. Um einen Anschlussverlust in Germersheim auf die S-Bahn Rhein-Neckar zu vermeiden, muss daf\u00fcr jedoch der zeitparalle Halt Germersheim S\u00fcd (bisher 13:41 Uhr), der ohnehin nur sehr gering genutzt wird, entfallen. <\/p>\n\n\n\n<p><em>Kreisverwaltung Germersheim<br>13.06.2019<\/em><\/p>\n\n\n\n<h2 class=\"wp-block-heading\">Datenschutz und Ehrenamt<\/h2>\n\n\n\n<h3 class=\"wp-block-heading\">Kostenlose Informationsveranstaltung f\u00fcr Vereine<\/h3>\n\n\n\n<p>\u201eWas ist aufgrund der neuen Datenschutz-Grundverordnung bez\u00fcglich pers\u00f6nlicher Daten im Verein und Ehrenamt zu beachten? Was hat sich aus rechtlicher Sicht ge\u00e4ndert? Diese Fragen werden in einer gemeinsamen Informationsveranstaltung des Kreisjugendrings Germersheim e.V. und des Jugendamts der Kreisverwaltung Germersheim am <strong>Montag, 17. Juni 2019 um 19 Uhr im Gasthof \u201eZur Pfalz\u201c, Hauptstr. 34 in Neupotz<\/strong> er\u00f6rtert\u201c, so der Erste Kreisbeigeordnete und Jugenddezernent Christoph Buttweiler. <\/p>\n\n\n\n<p>Die Rechtsanw\u00e4ltin und ehrenamtlich engagierte Sandra J\u00e4ger aus Herxheim bietet in ihrem Fachvortrag kompetente Beratung und anwendungsrelevante Informationen zu den Rechten und Pflichten in Bezug zur neu erlassenen und bereits seit letztem Jahr wirksam gewordenen Datenschutz-Grundverordnung. Die Infoveranstaltung ist kostenfrei.<\/p>\n\n\n\n<p><strong><em>Anmeldungen nimmt bis zum 14. Juni 2019<\/em><\/strong> Jeanette Zikko-Giessen entgegen, per E-Mail an <a href=\"j.zikko@kreis-germersheim.de\">j.zikko@kreis-germersheim.de<\/a> oder telefonisch unter 07274\/53-372.<\/p>\n\n\n\n<p><em>Kreisverwaltung Germersheim<br>13.06.2019<\/em><\/p>\n\n\n\n<h2 class=\"wp-block-heading\">Fachtag \u201eKinder sch\u00fctzen \u2013 aber klar\u201c am 26. Juni<\/h2>\n\n\n\n<p>Das \u201eLokale Netzwerk Kinderschutz und Kindergesundheit\u201c des Kreisjugendamtes l\u00e4dt interessierte Fachleute zu einem interdisziplin\u00e4ren Fachtag am <strong>Mittwoch, 26. Juni 2019<\/strong>, 13.30 bis 17.30 Uhr, zum Thema \u201eKinder sch\u00fctzen \u2013 aber klar\u201c ein. Die Veranstaltung findet im B\u00fcrgerhaus Kulturzentrum in Hagenbach, Am Stadtrand 1A, 76767 Hagenbach statt. Angesprochen sind alle, die im professionellen Zusammenhang mit Kindern, Jugendlichen und Familien arbeiten (LehrerInnen, \u00c4rztInnen, ErzieherInnen, Hebammen, BeraterInnen, MitarbeiterInnen von Freien Tr\u00e4gern etc).<\/p>\n\n\n\n<p>Inhalte des Fachtags sind: Kindeswohlgef\u00e4hrdung erkennen und in Kooperation mit anderen (Institutionen) handeln. Der Kinderschutzdienst seine Arbeit und die Abl\u00e4ufe einer (anonymen) Beratung nach \u00a7 8a\/b vorstellen, das Jugendamt erl\u00e4utert das Vorgehen bei Kindeswohlgef\u00e4hrdung.<\/p>\n\n\n\n<p>Die Teilnahme ist kostenfrei.<\/p>\n\n\n\n<p>F\u00fcr <strong><em>Anmeldungen (bis 18. Juni 2019)<\/em><\/strong> und R\u00fcckfragen steht in der Kreisverwaltung Germersheim, Fachbereich Jugendhilfe, Annette Heck, 17er-Str. 1, 76726 Germersheim, Tel. 07274\/53-373, Fax 07274\/53-15597, E-Mail: <a href=\"a.heck@kreis-germersheim.de\">a.heck@kreis-germersheim.de<\/a>, zur Verf\u00fcgung.<\/p>\n\n\n\n<p><em>Kreisverwaltung Germersheim<br>13.06.2019<\/em><\/p>\n\n\n\n<h2 class=\"wp-block-heading\">Stechm\u00fcckenplage droht &#8211; Landrat Brechtel bittet Landesregierung um Unterst\u00fctzung<\/h2>\n\n\n\n<div class=\"wp-block-image\"><figure class=\"aligncenter\"><img decoding=\"async\" loading=\"lazy\" width=\"800\" height=\"569\" src=\"https:\/\/speyer24news.com\/wp-content\/uploads\/2019\/06\/Stechm\u00fccke.jpg\" alt=\"\" class=\"wp-image-14837\" srcset=\"https:\/\/speyer24news.com\/wp-content\/uploads\/2019\/06\/Stechm\u00fccke.jpg 800w, https:\/\/speyer24news.com\/wp-content\/uploads\/2019\/06\/Stechm\u00fccke-300x213.jpg 300w, https:\/\/speyer24news.com\/wp-content\/uploads\/2019\/06\/Stechm\u00fccke-768x546.jpg 768w\" sizes=\"(max-width: 800px) 100vw, 800px\" \/><\/figure><\/div>\n\n\n\n<p>\u201eDer Ausfall der beiden Hubschrauber, die zur Stechm\u00fcckenbek\u00e4mpfung eingesetzt werden, muss alle Menschen entlang des Oberrheins aufschrecken. Wird kein rascher Ersatz gefunden, dann m\u00fcssen wir in n\u00e4chster Zeit leider mit enormen Bel\u00e4stigungen durch Stechm\u00fccken rechnen\u201c, so Landrat Dr. Fritz Brechtel. \u201eDie Lebensqualit\u00e4t der Menschen auch bei uns im Landkreis Germersheim wird darunter leiden, dass die KABS ihre f\u00fcr alle so wertvolle Arbeit nicht in der effektiven Form, wie wir alle es seit vielen Jahren gewohnt sind, fortf\u00fchren kann!\u201c Brechtel appelliert an die Landesregierung, die KABS zu unterst\u00fctzen und sich f\u00fcr eine schnelle L\u00f6sung des Problems einzusetzen.<br>\n\u201e80 Prozent der Stechm\u00fccken-Brutgebiete sind nur durch Hubschrauber erreichbar. Deshalb werden m\u00f6glichst rasch Ersatzhubschrauber ben\u00f6tigt, ansonsten droht aufgrund der F\u00e4higkeit der Stechm\u00fccken zu einer raschen Massenvermehrung eine ganz gro\u00dfe M\u00fcckenplagen.\u201c In einem Schreiben an das Land formuliert der Kreischef die Dringlichkeit des Themas und erinnert daran, wie die Stechm\u00fcckensituation vor einer fl\u00e4chendeckenden Bek\u00e4mpfung der Larven durch die Kabs e.V. war. \u201eWer diese M\u00fcckenschw\u00e4rme noch kennt, wei\u00df, dass die Bek\u00e4mpfung schnellstm\u00f6glich, ohne gro\u00dfe Unterbrechung fortgesetzt werden muss\u201c, so Landrat Brechtel.<\/p>\n\n\n\n<p>In seinem Schreiben an die Landesregierung f\u00fchrt Landrat Brechtel folgendes aus\u2026 (siehe PDF)<\/p>\n\n\n\n<div class=\"wp-block-file\"><a href=\"https:\/\/speyer24news.com\/wp-content\/uploads\/2019\/06\/190529_Schreiben-an-Frau-MP-Dreyer_Schnakenbek\u00e4mpfung.pdf\">Schreiben-an-Frau-MP-Dreyer_Schnakenbek\u00e4mpfung<\/a><a href=\"https:\/\/speyer24news.com\/wp-content\/uploads\/2019\/06\/190529_Schreiben-an-Frau-MP-Dreyer_Schnakenbek\u00e4mpfung.pdf\" class=\"wp-block-file__button\" download>Herunterladen<\/a><\/div>\n\n\n\n<p>Kreisverwaltung Germersheim<br>\n13.06.2019<\/p>\n\n\n\n<h2 class=\"wp-block-heading\"><strong>Zusammen leben, zusammen wachsen. Dritte kreisweite Interkulturelle Woche im Landkreis Germersheim \u2013 Aktionen bitte melden<\/strong><\/h2>\n\n\n\n<div class=\"wp-block-image\"><figure class=\"aligncenter\"><img decoding=\"async\" loading=\"lazy\" width=\"800\" height=\"568\" src=\"https:\/\/speyer24news.com\/wp-content\/uploads\/2019\/06\/Interkulturelle-Woche.png\" alt=\"\" class=\"wp-image-14836\" srcset=\"https:\/\/speyer24news.com\/wp-content\/uploads\/2019\/06\/Interkulturelle-Woche.png 800w, https:\/\/speyer24news.com\/wp-content\/uploads\/2019\/06\/Interkulturelle-Woche-300x213.png 300w, https:\/\/speyer24news.com\/wp-content\/uploads\/2019\/06\/Interkulturelle-Woche-768x545.png 768w\" sizes=\"(max-width: 800px) 100vw, 800px\" \/><\/figure><\/div>\n\n\n\n<p>\u201eZusammen leben, zusammen wachsen\u201c lautet das\ndiesj\u00e4hrige Motto der bundesweiten Interkulturellen Woche (IKW), an der sich\nder Landkreis Germersheim zum dritten Mal beteiligt. Die Interkulturelle Woche findet\ndieses Jahr <strong>vom 22. bis 29. September<\/strong>\nstatt. <\/p>\n\n\n\n<p>Alle Vereine, Tr\u00e4ger, Initiativen, Schulen, Ehrenamtliche, Privatpersonen und sonstige Akteure im Landkreis Germersheim sind herzlich eingeladen, sich mit Aktionen f\u00fcr Kinder, Jugendliche, Erwachsene und Familien daran zu beteiligen. Ideen dazu k\u00f6nnen sie sich auf der Homepage <a href=\"http:\/\/www.interkulturellewoche.de\">www.interkulturellewoche.de<\/a> einholen. <\/p>\n\n\n\n<p>Die\nKreisverwaltung Germersheim unterst\u00fctzt die Aktionen mit einem jeweiligen\nZuschuss von bis zu 500 Euro. Hierf\u00fcr m\u00fcssen die Projektideen mit Titel, kurzer\nBeschreibung, Kontaktdaten und Kostenplan mit dem entsprechenden Formular bis\nsp\u00e4testens <strong>31.07.2019<\/strong> per E-Mail\nan s.oezmen@kreis-germersheim.de bei der Leitstelle f\u00fcr Integration eingereicht\nwerden. Dort ist auch das Formular erh\u00e4ltlich. Die Bewilligung der\nKostenzusch\u00fcsse wird den Einreichern nach Pr\u00fcfung bis 15.08.2019 zugehen. In\nAusnahmef\u00e4llen ist auch eine fr\u00fchere Bewilligung m\u00f6glich.<\/p>\n\n\n\n<p>Die Angebote und Aktionen werden in einem\nkleinen Programmheft ver\u00f6ffentlicht.<\/p>\n\n\n\n<p>N\u00e4here Infos zur Aktion im Landkreis Germersheim gibt es bei der Leitstelle f\u00fcr Integration unter Tel. 07274\/53-487, weitere Infos zur bundesweiten Interkulturellen Woche unter  <a href=\"http:\/\/www.interkulturellewoche.de\">www.interkulturellewoche.de<\/a>.<\/p>\n\n\n\n<p><em>Kreisverwaltung Germersheim<br>13.06.2019<\/em><\/p>\n\n\n\n<h2 class=\"wp-block-heading\">Kreisverwaltung geschlossen<\/h2>\n\n\n\n<p>Aufgrund ihres Betriebsausfluges bleibt die Kreisverwaltung Germersheim mit allen Au\u00dfenstellen am Freitag, 14. Juni 2019, geschlossen.<\/p>\n\n\n\n<p><em>Kreisverwaltung Germersheim<br>13.06.2019<\/em><\/p>\n\n\n\n<h2 class=\"wp-block-heading\">RescueWave \u2013 ein neues lebensrettendes System f\u00fcr die Menschen im Landkreis Germersheim<\/h2>\n\n\n\n<h3 class=\"wp-block-heading\">Gro\u00dfes Interesse bei Schau-\u00dcbung an der IGS Rheinzabern<\/h3>\n\n\n\n<div class=\"wp-block-image\"><figure class=\"aligncenter\"><img decoding=\"async\" loading=\"lazy\" width=\"800\" height=\"534\" src=\"https:\/\/speyer24news.com\/wp-content\/uploads\/2019\/06\/RescueWave-11a.jpg\" alt=\"\" class=\"wp-image-14832\" srcset=\"https:\/\/speyer24news.com\/wp-content\/uploads\/2019\/06\/RescueWave-11a.jpg 800w, https:\/\/speyer24news.com\/wp-content\/uploads\/2019\/06\/RescueWave-11a-300x200.jpg 300w, https:\/\/speyer24news.com\/wp-content\/uploads\/2019\/06\/RescueWave-11a-768x513.jpg 768w\" sizes=\"(max-width: 800px) 100vw, 800px\" \/><\/figure><\/div>\n\n\n\n<p>In einem beeindruckenden Miteinander zeigten die Einheiten des Katastrophenschutzes bei einer Schau-\u00dcbung auf dem Pausenhof der IGS Rheinzabern, was das neue System RescueWave kann, wie es funktioniert und weshalb vor allem die Leitenden Not\u00e4rzte besonders froh \u00fcber die Anschaffung sind. <br>\nRescueWave ist ein neues, bisher einzigartiges System, durch dessen Einsatz vor allem Not\u00e4rzte bei einem Massenanfall von Verletzten schneller und umfassender Informationen erhalten und dadurch gezielter entscheiden und handeln k\u00f6nnen. \u201eDer Kreisausschuss des Landkreises Germersheim hat sich einstimmig f\u00fcr die Anschaffung des Systems entschieden\u201c, so Landrat Dr. Fritz Brechtel, \u201eDamit \u00fcbernimmt der Landkreis eine Vorreiterrolle, der Katastrophenschutz kommt auch in diesem Bereich in der digitalisierten Welt an.\u201c<\/p>\n\n\n\n<p>Der Katastrophenschutz und die Sicherheit der Menschen in unserem Landkreis liegen Landrat Brechtel besonders am Herzen: \u201eDazu geh\u00f6rt zum einen nat\u00fcrlich eine technisch gute Ausstattung\u201c, so der Kreischef, \u201eWas sich aber nicht mit Geld aufwiegen l\u00e4sst, sind die vielen Ehrenamtlichen, die sich mit viel Zeit und Herzblut im Katastrophenschutz engagieren. Ihnen gilt mein Respekt und mein Dank.\u201c Rund 120 Ehrenamtliche der Feuerwehren, des Deutschen Roten Kreuzes, der Malteser, der Deutschen Lebensrettungsgesellschaft, der Rettungsdienste und der Leitende Not\u00e4rzte haben sich an der \u00dcbung am 20. Mai beteiligt.<\/p>\n\n\n\n<div class=\"wp-block-image\"><figure class=\"aligncenter\"><img decoding=\"async\" loading=\"lazy\" width=\"800\" height=\"535\" src=\"https:\/\/speyer24news.com\/wp-content\/uploads\/2019\/06\/RescueWave-18.jpg\" alt=\"\" class=\"wp-image-14833\" srcset=\"https:\/\/speyer24news.com\/wp-content\/uploads\/2019\/06\/RescueWave-18.jpg 800w, https:\/\/speyer24news.com\/wp-content\/uploads\/2019\/06\/RescueWave-18-300x201.jpg 300w, https:\/\/speyer24news.com\/wp-content\/uploads\/2019\/06\/RescueWave-18-768x514.jpg 768w\" sizes=\"(max-width: 800px) 100vw, 800px\" \/><\/figure><\/div>\n\n\n\n<p>Simuliert wurde ein Massenanfall von Verletzen. Daf\u00fcr wurde eigens ein Unfall-Szenario aufgebaut, Autowracks und geschminkte Mimen, Rettungswagen und Not\u00e4rzte lie\u00dfen die Situation wie einen Echtfall aussehen. Nah dran konnten die Zuschauer verfolgen, was geschieht, wenn die ersten Rettungskr\u00e4fte eintreffen, wie die Sichtung erfolgt und welchen Zeitvorteil das neue System bei der Rettung von Menschen bringt. Auf Bildschirmen wurde f\u00fcr alle Interessierten nachvollziehbar die digitale Verarbeitung aller eingehenden Daten dargestellt, sodass der Mehrwert des Systems anschaulich nachvollziehbar war. Landrat Dr. Fritz Brechtel dankte allen, die zum Gelingen der \u00dcbung beitragen, darunter Schulleiter Axel Weinstein, der sofort bereit war, die \u00dcbung auf dem Schulgel\u00e4nde zu unterst\u00fctzen, den Lehrern und Sch\u00fclern sowie besonders dem Hausmeister der Integrierten Gesamtschule Rheinzabern.<\/p>\n\n\n\n<p>Auf Vermittlung von Landrat Brechtel waren Einsatzkr\u00e4fte der Katastrophenschutzeinheiten des Landkreises Germersheim, insbesondere die Leitenden Not\u00e4rzte Dr. Matthias W\u00f6lfel, Dr. Thomas Bleck und der Organisatorische Leiter J\u00fcrgen See, in die Entwicklung des neuen Systems aktiv eingebunden. Sie erkl\u00e4ren: \u201eDie Sichtungskarten in Papierform haben sich \u00fcber Jahrzehnte zwar als Dokumentationsmittel bew\u00e4hrt. Die enormen Datenmengen, die \u00fcber die Verletzten gesammelt wurden, mussten analog, d.h. \u00fcber Funk und Telefon, \u00fcbermittelt und dann manuell zu einem Gesamtbild der Lage zusammengef\u00fcgt werden. Das unter extremem Zeitdruck und im Angesicht von lebensbedrohten Verletzten! Der Leitende Notarzt muss in dieser Situation die Patienten differenziert und ressourcenschonend mittels der vorhandenen Rettungsmittel auf die geeigneten Kliniken verteilen. RescueWave ist das erste und einzige System, das den gesamten Kernprozess im MANV (Massenanfall von Verletzten) strukturiert und effizient abbildet sowie die Daten\u00fcbermittlung automatisiert. F\u00fcr uns ist es ein gro\u00dfer Schritt f\u00fcr den sensiblen Bereich des medizinischen Katastrophenschutzes.\u201c<\/p>\n\n\n\n<div class=\"wp-block-image\"><figure class=\"aligncenter\"><img decoding=\"async\" loading=\"lazy\" width=\"800\" height=\"450\" src=\"https:\/\/speyer24news.com\/wp-content\/uploads\/2019\/06\/RescueWave_Lagebild_Verletzte.jpg\" alt=\"\" class=\"wp-image-14834\" srcset=\"https:\/\/speyer24news.com\/wp-content\/uploads\/2019\/06\/RescueWave_Lagebild_Verletzte.jpg 800w, https:\/\/speyer24news.com\/wp-content\/uploads\/2019\/06\/RescueWave_Lagebild_Verletzte-300x169.jpg 300w, https:\/\/speyer24news.com\/wp-content\/uploads\/2019\/06\/RescueWave_Lagebild_Verletzte-768x432.jpg 768w, https:\/\/speyer24news.com\/wp-content\/uploads\/2019\/06\/RescueWave_Lagebild_Verletzte-678x381.jpg 678w\" sizes=\"(max-width: 800px) 100vw, 800px\" \/><\/figure><\/div>\n\n\n\n<p>Das digitale System RescueWave, ein Produkt der Firma ITK Engineering GmbH, der Vomatec Innovations GmbH und der antwortING Beratende Ingenieure PartGmbB, wurde zwei Jahren lang in der Entwicklung von Leitenden Not\u00e4rzten, Organisatorischen Leitern sowie der Schnelleinsatzgruppe aus dem Landkreis Germersheim begleitet. \u201eSomit ist RescueWave auch das Ergebnis einer beispielhaften Zusammenarbeit regionaler Firmen mit regionalem Ehrenamt. Unsere Rettungskr\u00e4fte sind vom neuen System begeistert\u201c, so Landrat Brechtel.<\/p>\n\n\n\n<p><em>Kreisverwaltung Germersheim<br>13.06.2019<\/em><\/p>\n","protected":false},"excerpt":{"rendered":"<div class=\"mh-excerpt\"><p>Veranstaltungen der Kreisvolkshochschule Germersheim Es wird darauf hingewiesen, dass zu allen nachstehend aufgef\u00fchrten Kursen und Vortr\u00e4gen eine Anmeldung unbedingt erforderlich ist. Kontaktadressen sind am Ende des Textes zu finden. 2019kv013 \u201eAlphabetisierung &#8211; Lesen und Schreiben <a class=\"mh-excerpt-more\" href=\"https:\/\/speyer24news.com\/?p=14831\" title=\"Germersheim:\">[&#8230;]<\/a><\/p>\n<\/div>","protected":false},"author":3,"featured_media":0,"comment_status":"open","ping_status":"open","sticky":false,"template":"","format":"standard","meta":{"_monsterinsights_skip_tracking":false,"_monsterinsights_sitenote_active":false,"_monsterinsights_sitenote_note":"","_monsterinsights_sitenote_category":0,"footnotes":""},"categories":[449],"tags":[1207,1556,1557,1560,452,210,1554,1553,1208,211,1561,1558,1555,1563,1559,1562,1552,458,459],"aioseo_notices":[],"amp_enabled":true,"_links":{"self":[{"href":"https:\/\/speyer24news.com\/index.php?rest_route=\/wp\/v2\/posts\/14831"}],"collection":[{"href":"https:\/\/speyer24news.com\/index.php?rest_route=\/wp\/v2\/posts"}],"about":[{"href":"https:\/\/speyer24news.com\/index.php?rest_route=\/wp\/v2\/types\/post"}],"author":[{"embeddable":true,"href":"https:\/\/speyer24news.com\/index.php?rest_route=\/wp\/v2\/users\/3"}],"replies":[{"embeddable":true,"href":"https:\/\/speyer24news.com\/index.php?rest_route=%2Fwp%2Fv2%2Fcomments&post=14831"}],"version-history":[{"count":2,"href":"https:\/\/speyer24news.com\/index.php?rest_route=\/wp\/v2\/posts\/14831\/revisions"}],"predecessor-version":[{"id":14848,"href":"https:\/\/speyer24news.com\/index.php?rest_route=\/wp\/v2\/posts\/14831\/revisions\/14848"}],"wp:attachment":[{"href":"https:\/\/speyer24news.com\/index.php?rest_route=%2Fwp%2Fv2%2Fmedia&parent=14831"}],"wp:term":[{"taxonomy":"category","embeddable":true,"href":"https:\/\/speyer24news.com\/index.php?rest_route=%2Fwp%2Fv2%2Fcategories&post=14831"},{"taxonomy":"post_tag","embeddable":true,"href":"https:\/\/speyer24news.com\/index.php?rest_route=%2Fwp%2Fv2%2Ftags&post=14831"}],"curies":[{"name":"wp","href":"https:\/\/api.w.org\/{rel}","templated":true}]}}