{"id":14946,"date":"2019-06-17T09:10:24","date_gmt":"2019-06-17T08:10:24","guid":{"rendered":"https:\/\/speyer24news.com\/?p=14946"},"modified":"2019-06-17T09:14:37","modified_gmt":"2019-06-17T08:14:37","slug":"polizeimeldungen-76","status":"publish","type":"post","link":"https:\/\/speyer24news.com\/?p=14946","title":{"rendered":"Polizeimeldungen"},"content":{"rendered":"<style type=\"text\/css\">\r\n\t.ads_top_disp{}\r\n\t.ads_top_corner_disp{ float:left; margin:0px 10px 10px 0px; }\r\n\t.ads_first_p_disp{}\r\n\t.ads_bottom_disp{}\r\n\t<\/style>\n<h2 class=\"wp-block-heading\">Polizeimeldungen vom Wochenende (15.06. &#8211; 16-06-2019)<\/h2>\n\n\n\n<div class=\"wp-block-image\"><figure class=\"aligncenter\"><img decoding=\"async\" src=\"https:\/\/speyer24news.com\/wp-content\/uploads\/2019\/06\/Aktuelles-Polizeilogo-2.jpg\" alt=\"\" class=\"wp-image-14941\"\/><\/figure><\/div>\n\n\n\n<h4 class=\"wp-block-heading\">(Speyer) &#8211; Bei Kontrolle Bet\u00e4ubungsmittel aufgefunden<\/h4>\n\n\n\n<p>Am fr\u00fchen Morgen des 16.06.2019 wurden in der Innenstadt 3 junge  M\u00e4nner einer Personenkontrolle unterzogen. Bei zwei der M\u00e4nner  konnten hierbei in der Kleidung Bet\u00e4ubungsmittel in einer Gesamtmenge von 18 g sowie ein mittlerer dreistelliger Bargeldbetrag festgestellt werden. Das Marihuana und das Bargeld wurden sichergestellt.  Gegen die 19- und 20- j\u00e4hrigen M\u00e4nner wurde ein Strafverfahren wegen  Versto\u00df gegen das Bet\u00e4ubungsmittelgesetz eingeleitet.<\/p>\n\n\n\n<h4 class=\"wp-block-heading\">(Speyer) &#8211; Nach Ladendiebstahl weiteres Diebesgut aufgefunden<\/h4>\n\n\n\n<p>Am 15.06.2019 gegen 16:20 Uhr kam es zu einem r\u00e4uberischen Diebstahl \nin einem Drogeriemarkt in der Wormser Landstra\u00dfe. Zun\u00e4chst \nentwendeten drei rum\u00e4nische Staatsangeh\u00f6rige ein Parf\u00fcm und \nversuchten anschlie\u00dfend aus dem Gesch\u00e4ft zu fl\u00fcchten. Hierbei wurden \nsie jedoch durch eine Angestellte festgehalten, wogegen sie sich \nversuchten zu wehren. Der Angestellten gelang es jedoch die T\u00e4ter bis\nzum Eintreffen der Polizei festzuhalten. \nIm Nahbereich des Drogeriemarktes konnte das Fahrzeug der T\u00e4ter \ngesichtet werden. Hierin konnten nochmals Kosmetika im Wert von 2500 \nEuro aufgefunden werden. \nNachdem sich der Verdacht des gewerbsm\u00e4\u00dfigen Diebstahls ergab, wurde \ndurch die zust\u00e4ndige Staatsanw\u00e4ltin eine Durchsuchung der Wohnung im \nRaum Mainz der drei T\u00e4ter angeordnet. In der Wohnung wurden wiederum \noffensichtlich entwendete Kleidung sowie Kosmetika aufgefunden. \nDas gesamte Diebesgut wurde sichergestellt. Nach derzeitigem Stand \nbel\u00e4uft sich der Wert der entwendeten Waren auf ca. 7500EUR.   <\/p>\n\n\n\n<h4 class=\"wp-block-heading\">(Speyer) &#8211; Diebstahl von Kfz und Laptops<\/h4>\n\n\n\n<h4 class=\"wp-block-heading\" style=\"text-align:center\">Nachtrag<\/h4>\n\n\n\n<p>Am 14.06.2019 wurde durch unbekannte T\u00e4ter ein nicht zugelassener VW \nGolf 2 aus der Kfz-Lehrwerkstatt der Johann-Joachim-Becher-Schule \nentwendet. Am 15.06.2019 wurde nun dieser Pkw in der Josef-Schmitt- \nStra\u00dfe in Speyer am Fahrbahnrand geparkt aufgefunden. Durch einen \nAnwohner konnte beobachtet werden, dass dieser Pkw Tage zuvor von 5 \njungen M\u00e4nnern dort abgestellt wurde. Bei den T\u00e4tern soll es sich um \nM\u00e4nner zwischen 15-20 Jahre mit s\u00fcdl\u00e4ndischem Aussehen gehandelt \nhaben.\nZeugenhinweise nimmt die Polizei unter Tel.-Nr. 06232-1370 oder per \nMail an <a href=\"mailto:pispeyer@polizei.rlp.de\">pispeyer@polizei.rlp.de<\/a> entgegen.\n\t <\/p>\n\n\n\n<h4 class=\"wp-block-heading\">(Speyer) &#8211; &#8222;Durchgedreht&#8220; gegen Streifenwagen getreten<\/h4>\n\n\n\n<p>Am Freitagabend gingen mehrere Notrufe auf der PI Speyer ein, in \ndenen berichtet wurde, dass auf einem Supermarktparkplatz in der \nSt.-German-Stra\u00dfe eine m\u00e4nnliche Person herumschreien, Leute anp\u00f6beln\nund v\u00f6llig durchdrehen w\u00fcrde.\nDie eingesetzten Beamten konnten die Situation wie beschrieben \nvorfinden. Da sich der 41-j\u00e4hrige Speyerer offenbar unter dem \nEinfluss einer akuten Psychose befand, sollte er in eine \npsychiatrische Klinik verbracht werden. Als der Mann dies erfuhr \nschlug er wild um sich und trat auch gegen den Funkstreifenwagen, \nwelcher hierdurch am Kotfl\u00fcgel besch\u00e4digt wurde. Er konnte in der \nFolge zu Boden gebracht, fixiert und der Klinik zugef\u00fchrt werden. <\/p>\n\n\n\n<h4 class=\"wp-block-heading\">(Speyer) &#8211; Verkehrsunfall mit verletzter Radfahrerin<\/h4>\n\n\n\n<p>Zu einem Verkehrsunfall mit einer verletzten 56-j\u00e4hrigen Radfahrerin  kam es am Freitagnachmittag, als ein 47-j\u00e4hriger Taxifahrer aus  dem Busbahnhof nach rechts in Richtung Innenstadt abbiegen wollte. Er \u00fcbersah hierbei die von rechts kommende Radfahrerin, wodurch es  zum Zusammensto\u00df kam und die Dame zu Boden st\u00fcrzte. Sie zog sich hierbei eine Sch\u00fcrfwunde am Knie zu. Zum Unfall beigetragen haben d\u00fcrfte der Umstand, dass die  Fahrradfahrerin den vorhandenen Radweg in nicht zul\u00e4ssiger Richtung  befuhr, was eine der h\u00e4ufigsten Verkehrsunfallursachen darstellt,  wenn Radfahrer beteiligt sind. <\/p>\n\n\n\n<h4 class=\"wp-block-heading\">(Speyer ) &#8211; Verkehrsunfall mit Personenschaden \/ Zeugen gesucht<\/h4>\n\n\n\n<p>Am Freitagmorgen gegen 09.20 Uhr kam es im Kreuzungsbereich  Iggelheimer Stra\u00dfe und Landwehrstra\u00dfe zu einem Verkehrsunfall, als  einer der Beteiligten geradeaus in Richtung Innenstadt und die andere Beteiligte entgegengesetzt nach links in die Kurt-Schumacher-Stra\u00dfe  abbiegen wollte. Beide Parteien gaben an, dass sie aufgrund ihrer Ampelschaltung  berechtigt gewesen seien zu fahren, was aber nach derzeitigem  Ermittlungsstand nicht m\u00f6glich sein d\u00fcrfte. Etwaige Verkehrsunfallzeugen werden daher gebeten sich mit der  Polizei Speyer in Verbindung zu setzen (06232 \/ 137-0, bzw.  <a href=\"mailto:pispeyer@polizei.rlp.de\">pispeyer@polizei.rlp.de<\/a>). Durch den Zusammensto\u00df entstand ein Gesamtschaden in H\u00f6he von ca.  5500 Euro. Zwei Fahrzeuginsassen wurden leicht verletzt und begaben  sich vorsorglich in umliegende Krankenh\u00e4user. <\/p>\n\n\n\n<h4 class=\"wp-block-heading\">(Schifferstadt) &#8211; Mehrere Trunkenheitsfahrten am Wochenende<\/h4>\n\n\n\n<p>Im Verlauf des Wochenendes kam es im Dienstgebiet der Polizeiinspektion  Schifferstadt zu mehreren Fahrten unter Alkoholeinfluss. <\/p>\n\n\n\n<p>Am \nFreitagabend wurde gegen 23.00 Uhr durch einen Zeugen ein PKW gemeldet, \nwelcher in Dannstadt-Schauernheim unterwegs war und deutliche \nSchlangenlinien fuhr. Durch die Polizeistreife konnte der PKW in der \nGermanstra\u00dfe angetroffen und kontrolliert werden. Hierbei ergab ein \nAtemalkoholtest bei dem 38-j\u00e4hrigen Fahrer einen Wert von 1,59 Promille.\n Zudem war er nicht im Besitz eines F\u00fchrerscheins. Es wurde eine \nBlutprobe entnommen und ein Strafverfahren wegen Trunkenheit im Verkehr \nund Fahren ohne Fahrerlaubnis eingeleitet. <\/p>\n\n\n\n<p>In Schifferstadt kam \nam Samstag, gegen 19.45 Uhr, ein 38-j\u00e4hriger Fahrradfahrer in der \nHerzog-Otto-Stra\u00dfe infolge Alkoholgenusses von der Fahrbahn ab und stie\u00df\n gegen ein Verkehrsschild, welches allerdings nicht besch\u00e4digt wurde. \nBeim anschlie\u00dfenden Sturz verletzte sich der Mann leicht. Bei einem \nAtemalkoholtest wurden 1,96 Promille festgestellt, weshalb dem Mann eine\n Blutprobe entnommen und ein Strafverfahren eingeleitet wurde. <\/p>\n\n\n\n<p>In\n Waldsee fiel einer Funkstreife am fr\u00fchen Sonntagmorgen, gegen 01.10 \nUhr, ein Fahrradfahrer in der Altriper Stra\u00dfe auf, der ohne Beleuchtung \nunterwegs war. Bei der Kontrolle des 20-j\u00e4hrigen konnten 2,14 Promille \nin der Atemluft festgestellt werden, weshalb auch ihm eine Blutprobe \nentnommen wurde. <\/p>\n\n\n\n<h4 class=\"wp-block-heading\">(Schifferstadt) &#8211; Mercedesstern abgebrochen und entwendet<\/h4>\n\n\n\n<p>Im Zeitraum vom 14.06.19, 06.00 Uhr, bis 15.06.19, 10.45 Uhr, wurde  an  einem in der J\u00e4gerstra\u00dfe geparkten Pkw der Marke Mercedes-Benz, der  Mercedesstern abgebrochen und entwendet. Zeugen werden gesucht und  gebeten, sich mit der Polizeiinspektion Schifferstadt unter der  06235-4950 oder per Email unter <a href=\"mailto:pischifferstadt@polizei.rlp.de\">pischifferstadt@polizei.rlp.de<\/a> in Verbindung zu setzen. <\/p>\n\n\n\n<h4 class=\"wp-block-heading\">(B 272 \/ Lustadt) &#8211; Verkehrsunfallflucht<\/h4>\n\n\n\n<p>Zu zwei verletzten Personen und ca. 15.000 Euro Sachschaden kam es  durch eine Verkehrsunfallflucht am Freitagabend gegen 23:10 Uhr auf der  B272 H\u00f6he Lustadt. Demnach fuhr ein bislang unbekannter  Verkehrsteilnehmer mit seinem Pkw in H\u00f6he Lustadt von der K1 kommend auf  die B272 in Richtung Landau auf. Beim Einf\u00e4deln von der  Beschleunigungsspur auf die Fahrspur der B272 \u00fcbersah er den dort  fahrenden Pkw des Gesch\u00e4digten und touchierte diesen derart, dass dieser  gegen ein Baum stie\u00df. Der Fahrer des unfallverursachenden Pkw entfernte  sich unerlaubt von der Unfallstelle. Fahrer und Beifahrer erlitten  leichte Verletzungen im Bereich des Oberk\u00f6rpers, am Fahrzeug entstand  Totalschaden. <\/p>\n\n\n\n<p>Zeugenhinweise an die Polizei Germersheim unter 07274-9580 oder per Mail an <a href=\"mailto:pigermersheim@polizei.rlp.de\">pigermersheim@polizei.rlp.de<\/a> <\/p>\n\n\n\n<h4 class=\"wp-block-heading\">(B 9 \/ R\u00fclzheim) &#8211; Gr\u00fcnstreifen im Brand geraten<\/h4>\n\n\n\n<p>Zu einem gemeinsamen Einsatz von Feuerwehr und Polizei kam es am  Samstagmittag gegen 15.00 Uhr auf der B9 in Fahrtrichtung Germersheim,  H\u00f6he der Abfahrt R\u00fclzheim-S\u00fcd. Dort hatte sich vermutlich auf Grund der  Hitze eine Rasenfl\u00e4che selbst entz\u00fcndet. Die rechte Fahrspur wurde  zeitweise gesperrt. Die Feuerwehr konnte das Feuer zeitnah l\u00f6schen. Ein  Hinweis auf Fremdeinwirkung lag nicht vor. Es entstand lediglich  Sachschaden. <\/p>\n\n\n\n<h4 class=\"wp-block-heading\">(Kandel) &#8211; Betrunkener Autofahrer verursacht einen Verkehrsunfall auf der A65<\/h4>\n\n\n\n<p>Am 15.06.2019 bef\u00e4hrt ein 35-j\u00e4hriger Handwerker die A 65 in  Fahrtrichtung Landau. Um 08:32 Uhr kommt der Autofahrer aus Polen aus  zun\u00e4chst ungekl\u00e4rter Ursache von der Fahrbahn ab und streift zwei  Warnbaken H\u00f6he Kandel Mitte. Ohne sich um den entstanden Schaden zu  k\u00fcmmern f\u00e4hrt der Autofahrer mit seinem in Polen zugelassen Auto weiter.  Der Vorfall wird von einem Unfallzeugen bemerkt und per Notruf hiesiger  Dienststelle gemeldet. Aufgrund telefonischer Standortmeldungen konnte  die Verfolgung des unfallfl\u00fcchtigen Autofahrers durch mehrere Streifen  zielgerichtet aufgenommen werden. Das Auto fuhr trotz besch\u00e4digtem,  rechten Vorderreifen auf der Felge weiter bis  vor die Anschlussstelle  Edenkoben. Dort konnte das Auto einer Kontrolle unterzogen werden. Beim  Autofahrer aus Polen wurde Alkoholgeruch festgestellt. Ein Alkotest  ergab einen Wert von mehr als 1,4 Promille. Es wurde ein Strafverfahren  eingeleitet, eine Blutprobe angeordnet und der F\u00fchrerschein  beschlagnahmt. Das nicht mehr fahrbereite Auto wurde von einem  Abschleppdienst von der Autobahn geholt. Das Strafverfahren wird bei der  Staatsanwaltschaft Landau vorgelegt. Nur Aufgrund des Zufalles kam es  auf der ansonsten stark frequentierten A 65 zu keiner Gef\u00e4hrdung anderer  Verkehrsteilnehmer. <\/p>\n\n\n\n<h4 class=\"wp-block-heading\">(Scheibenhardt) &#8211; Betrunkener Autofahrer reist in die Bundesrepublik ein<\/h4>\n\n\n\n<p>Am 14.06.2019 f\u00e4hrt um 10:00 Uhr ein 51-j\u00e4hriger Autofahrer von  Frankreich nach Deutschland. Kurz nach dem Grenz\u00fcbertritt am  Grenz\u00fcbergang Scheibenhardt (Bienwald B9) wird der Kraftfahrer einer  Verkehrskontrolle unterzogen. Hierbei konnte festgestellt werden, dass  der Autofahrer alkoholisiert war. Ein freiwilliger Alkotest vor Ort  ergab einen Wert von deutlich mehr als 1 Promille. Im Auto konnten  mehrere leere Bierflaschen gefunden werden. Da der Autofahrer sein Auto  offensichtlich alkoholisiert gef\u00fchrt hatte, wurde die Weiterfahrt  untersagt, ein Strafverfahren er\u00f6ffnet und eine Blutprobe angeordnet.  Der F\u00fchrerschein des 51 j\u00e4hrigen, deutschen Staatsb\u00fcrgers, wurde  beschlagnahmt. Das Auto konnte an den Grenz\u00fcbergang zur\u00fcck gebracht und  dort geparkt werden. <\/p>\n\n\n\n<h4 class=\"wp-block-heading\">(Bad Bergzabern) &#8211; Entenk\u00fcken aus Schacht gerettet<\/h4>\n\n\n\n<p>Am 16.09.19, um 15.38 Uhr, teilte ein Passant mit, dass im Schacht des  freigelegten Bachs in der K\u00f6nigstra\u00dfe in Bad Bergzabern mehrere  Entenk\u00fcken in der Str\u00f6mung treiben w\u00fcrden und diese aus eigener Kraft  den Schachtbereich nicht mehr verlassen k\u00f6nnten. Eine Streife fuhr die  \u00d6rtlichkeit an. Insgesamt befanden sich sechs Entenk\u00fcken in dem Schacht  des freigelegten Bachs. Da diese weder von den eingesetzten Beamten noch  den zahlreichen Passanten vor Ort sicher und tiergerecht geborgen  werden konnten, wurde die Feuerwehr Bad Bergzabern angefordert.  Ebenfalls erschien die aktive Tierhilfe vor Ort. Nachdem die Feuerwehr  die Entenk\u00fcken wohlbehalten bergen konnte, wurden diese zur weiteren  Pflege in die Obhut der Tierhilfe \u00fcbergeben. <\/p>\n\n\n\n<h4 class=\"wp-block-heading\">(Landau) &#8211; Ladung nicht gesichert<\/h4>\n\n\n\n<p>Durch Verkehrsteilnehmer wurde am 14.06.2019 gegen 12:35 Uhr ein  polnischer Transporter auf der B10 Fahrtrichtung A65 gemeldet, welcher  durch eine unsichere Fahrweise auffallen w\u00fcrde. Im Rahmen der Fahndung  konnte der polnische Kleitransporter festgestellt und kontrolliert  werden. Dabei konnte festgestellt werden, dass die Fahrt\u00fcchtigkeit des  Fahrers nicht beeintr\u00e4chtigt war. Im Verlauf der weiteren Kontrolle  konnte jedoch erkannt werden, dass die Ladung nicht ordnungsgem\u00e4\u00df  gesichert war. Der Fahrer transportierte Paletten mit Kartons, die  lediglich mit Folie umwickelt waren. Die oberste Reihe der Kartons war  lose aufgestapelt und nicht umwickelt. Hierdurch h\u00e4tte die Ladung  verrutschen k\u00f6nnen. Dem Fahrer wurde die Weiterfahrt in diesem Zustand  untersagt. Noch vor Ort wurde die Ladung nachgesichert. Ein  entsprechendes Bu\u00dfgeldverfahren wurde eingeleitet und eine  Sicherheitsleistung einbehalten. <\/p>\n\n\n\n<h4 class=\"wp-block-heading\">(Frankweiler) &#8211; Mit Sattelzug Dachrinne besch\u00e4digt<\/h4>\n\n\n\n<p>Der Fahrer eines Sattelzuges befuhr am Donnerstagvormittag mit seinem Gespann die  Dorfbornstra\u00dfe in Frankweiler. Hierbei fuhr er zu nahe an einem  Wohnanwesen vorbei, sodass durch den Auflieger des Sattelzuges das  Fallrohr der Dachrinne abgerissen wurde. Der Schaden bel\u00e4uft sich auf  circa 500 Euro. <\/p>\n\n\n\n<h4 class=\"wp-block-heading\">(Kn\u00f6ringen) &#8211; Beweis missgl\u00fcckt<\/h4>\n\n\n\n<p>Der 18-j\u00e4hrige BMW-Fahrer befuhr am 14.06.2019 gegen 14:38 Uhr die A65  in Fahrtrichtung Karlsruhe. Zwischen der Rastst\u00e4tte Pf\u00e4lzer Weinstra\u00dfe  West und der Anschlussstelle Landau-Nord musste die vor ihm fahrende  26-j\u00e4hrige Audi-Fahrerin verkehrsbedingt bremsen. Der 18-j\u00e4hrige  erkannte dies zu sp\u00e4t und fuhr auf die 26-j\u00e4hrige Audi-Fahrerin auf. Es  entstand Sachschaden in H\u00f6he von insgesamt 5000 Euro. Bei der  Unfallaufnahme konnte festgestellt werden, dass der 18-j\u00e4hrige nicht im  Besitz einer g\u00fcltigen Fahrerlaubnis ist. Dieser besucht zurzeit die  Fahrschule und wollte seiner auf dem Beifahrersitz befindlichen Freundin  beweisen, dass er schon Auto fahren kann. Die Beweisf\u00fchrung missgl\u00fcckte  hierbei offensichtlich. Der 18-j\u00e4hrige muss sich nun in einem  Strafverfahren wegen Fahren ohne Fahrerlaubnis verantworten. Weiterhin  wird die zust\u00e4ndige F\u00fchrescheinstelle \u00fcber den Vorfall informiert,  sodass die zuk\u00fcnftige Erteilung der Fahrerlaubnis f\u00fcr den 18-j\u00e4hrigen  BMW-Fahrer noch ein bisschen auf sich warten lassen d\u00fcrfte. <\/p>\n\n\n\n<h4 class=\"wp-block-heading\">(Edesheim) &#8211; Trunkenheit im Verkehr<\/h4>\n\n\n\n<p>Ein aufmerksamer Mitb\u00fcrger meldet eine weibliche Person, welche am  14.06.2019 gegen 23:45 Uhr in Edenkoben in der Tanzstra\u00dfe torkelnd zu  ihrem PKW Dacia lief und wegfuhr. Hierbei h\u00e4tte die weibliche Person  noch mehrfach gehupt. Im Rahmen einer Fahndung konnte der durch den  Zeugen genannte PKW in Edesheim in der Staatsstra\u00dfe einer  Verkehrskontrolle unterzogen werden. Durch die Beamten konnte  Alkoholgeruch festgestellt werden, ein durchgef\u00fchrter Alco-Test ergab  einen Wert von 1,7 Promille. Die 48-j\u00e4hrige PKW-Fahrerin wurde auf die  Dienststelle verbracht wo ihr eine Blutprobe entnommen wurde. Gegen die  unter Alkoholeinfluss stehende Fahrzeugf\u00fchrerin wurde ein  Ermittlungsverfahren wegen Trunkenheit im Verkehr eingeleitet. Der  F\u00fchrerschein wurde sichergestellt und gegen sie kann eine  Freiheitsstrafe bis zu einem Jahr oder eine Geldstrafe verh\u00e4ngt werden. <\/p>\n\n\n\n<h4 class=\"wp-block-heading\">(Edenkoben) &#8211; Abermals Geldb\u00f6rse beim Einkaufen entwendet<\/h4>\n\n\n\n<div class=\"wp-block-image\"><figure class=\"aligncenter\"><img decoding=\"async\" src=\"https:\/\/speyer24news.com\/wp-content\/uploads\/2019\/06\/Taschendiebstahl.jpg\" alt=\"\" class=\"wp-image-14947\"\/><\/figure><\/div>\n\n\n\n<p>Wie schon am Mittwoch wurde am 15.06.2019 gegen 10 Uhr in einem  Einkaufsmarkt in Edenkoben durch unbekannte T\u00e4ter abermals eine  Geldb\u00f6rse entwendet. Diese befand sich in der Einkaufstasche der  Gesch\u00e4digten. In der Geldb\u00f6rse befanden sich diverse Karten sowie ein  geringer Bargeldbetrag. Zeugen werden gebeten sich mit der  Polizeiinspektion Edenkoben unter 06323-9550 oder <a href=\"mailto:piedenkoben@polizei.rlp.de\">piedenkoben@polizei.rlp.de<\/a>  in Verbindung zu setzen. In Einkaufsm\u00e4rkten kommt es immer wieder zu  Diebst\u00e4hlen von Geldb\u00f6rsen. Legen Sie daher Geldb\u00f6rsen nicht oben in  Einkaufstasche, Einkaufskorb oder Einkaufswagen, sondern tragen Sie sie  m\u00f6glichst k\u00f6rpernah. <\/p>\n\n\n\n<h4 class=\"wp-block-heading\">(Edenkoben) &#8211; Einbruch in zwei Firmen<\/h4>\n\n\n\n<p>In der Nacht vom 13.06. auf den 14.06.2019 wurden durch unbekannte  T\u00e4ter zwei Firmen in der Venninger Stra\u00dfe in Edenkoben angegangen. Es  wurde sich Zutritt zu dem jeweiligen Gel\u00e4nde verschafft, indem der  Drahtzaun aufgeschnitten wurde. Bei der einen Firma wurde ein Container  aufgebrochen, jedoch nichts entwendet. Bei der anderen Firma wurde  lediglich eine landwirtschaftliche Fr\u00e4se senkrecht aufgestellt. Da diese  jedoch circa 300 Kilo wiegt wurde sie offenbar von den T\u00e4tern am Tatort  zur\u00fcckgelassen. Zeugen werden gebeten sich mit der Polizeiinspektion  Edenkoben unter 06323-9550 oder <a href=\"mailto:piedenkoben@polizei.rlp.de\">piedenkoben@polizei.rlp.de<\/a> in Verbindung zu setzen. <\/p>\n\n\n\n<h4 class=\"wp-block-heading\">(Edenkoben) &#8211; Geldb\u00f6rse beim Einkaufen entwendet<\/h4>\n\n\n\n<p>Am 13.06.2019, zwischen 12 Uhr und 12:30 Uhr, war die 67-j\u00e4hrige  Gesch\u00e4digte in einem Einkaufsmarkt in der Staatsstra\u00dfe in Edenkoben  einkaufen. Ihre mitgef\u00fchrte Geldb\u00f6rse legte die Gesch\u00e4digte auf ihren  Einkaufskorb. Diese wurde durch unbekannte T\u00e4ter entwendet. In der  Geldb\u00f6rse befand sich eine EC-Karte sowie ein geringer Bargeldbetrag.  Zeugen werden gebeten sich mit der Polizeiinspektion Edenkoben unter  06323-9550 oder <a href=\"mailto:piedenkoben@polizei.rlp.de\">piedenkoben@polizei.rlp.de<\/a>  in Verbindung zu setzen. In Einkaufsm\u00e4rkten kommt es immer wieder zu  Diebst\u00e4hlen von Geldb\u00f6rsen. Legen Sie Geldb\u00f6rsen daher nicht oben in  Einkaufstasche, Einkaufskorb oder Einkaufswagen, sondern tragen Sie sie  m\u00f6glichst k\u00f6rpernah. <\/p>\n\n\n\n<h4 class=\"wp-block-heading\">(Neustadt) &#8211; Zwei Unf\u00e4lle mit Personenschaden \/ Verletzter Rad-, sowie Rollerfahrer die Konsequenz<\/h4>\n\n\n\n<p>Am fr\u00fchen Samstagmittag kam es gegen 12:25 Uhr in der  Freiheitstra\u00dfe zu einer Kollision. Ein 59-j\u00e4hriger Radfahrer befuhr die  Stra\u00dfe vom Hambacher Schloss aus kommend. Beim Ausparken des am rechten  Fahrbahnrand geparkten PKWs, \u00fcbersah dessen Fahrer den von hinten  kommenden Radfahrer.  Der 59 J\u00e4hrige kam zu Fall, verletzte sich leicht  am Kopf und klagte \u00fcber Schmerzen in der Schulter. Zur medizinischen  Versorgung wurde dieser in ein Krankenhaus gebracht. Am Nachmittag gegen  17:00 Uhr war ein verletzter Rollerfahrer die Folge eines  Zusammensto\u00dfes zwischen PKW und Zweirad. Beim Einfahren in den Kreisel  Nachtweide\/Louis-Escande-Stra\u00dfe wurde der sich bereits im Kreisverkehr  befindliche Rollerfahrer durch die 51-j\u00e4hrige PKW-Fahrerin \u00fcbersehen.  Der 16-j\u00e4hrige Neustadter verletzte sich hierbei leicht am Knie, das  Zweirad war nicht mehr fahrbereit. <\/p>\n\n\n\n<h4 class=\"wp-block-heading\">(Neustadt) &#8211; Bei Streifenfahrt &#8222;Tuningauto&#8220; entdeckt<\/h4>\n\n\n\n<div class=\"wp-block-image\"><figure class=\"aligncenter\"><img decoding=\"async\" loading=\"lazy\" width=\"800\" height=\"450\" src=\"https:\/\/speyer24news.com\/wp-content\/uploads\/2019\/06\/15.06.19-NW-Tuningauto.jpg\" alt=\"\" class=\"wp-image-14949\" srcset=\"https:\/\/speyer24news.com\/wp-content\/uploads\/2019\/06\/15.06.19-NW-Tuningauto.jpg 800w, https:\/\/speyer24news.com\/wp-content\/uploads\/2019\/06\/15.06.19-NW-Tuningauto-300x169.jpg 300w, https:\/\/speyer24news.com\/wp-content\/uploads\/2019\/06\/15.06.19-NW-Tuningauto-768x432.jpg 768w, https:\/\/speyer24news.com\/wp-content\/uploads\/2019\/06\/15.06.19-NW-Tuningauto-678x381.jpg 678w\" sizes=\"(max-width: 800px) 100vw, 800px\" \/><\/figure><\/div>\n\n\n\n<p>Am Samstagmorgen gegen 09:15 Uhr wurde eine Streifenwagenbesatzung  auf einen PKW aufmerksam. An der Eselshaut war dieses Auto am  Stra\u00dfenrand abgeparkt. Die Polizisten stellten auf den ersten Blick  fest, dass an diesem Fahrzeug Ver\u00e4nderungen vorgenommen wurden. Der  obere Teil des Hinterreifens war gar nicht mehr zu sehen, lediglich die  Felge. Das Fahrwerk war in jedem Fall zu tief, da bereits Besch\u00e4digungen  am Reifen zu erkennen waren. Die Konsequenz war das Erl\u00f6schen der  Betriebserlaubnis. Gegen den 41-j\u00e4hrigen Fahrzeughalter wurde ein  Bu\u00dfgeldverfahren eingeleitet, die Kennzeichen wurden sichergestellt. <\/p>\n\n\n\n<h4 class=\"wp-block-heading\">(Neustadt) &#8211; Verkehrskontrollen \/ Einige Verst\u00f6\u00dfe<\/h4>\n\n\n\n<p>Freitagmorgen wurden in der Amalienstra\u00dfe in der Zeit von 08:00 Uhr  bis 09:00 Uhr Verkehrskontrollen durchgef\u00fchrt. Das Resultat waren  insgesamt vier Gurtverst\u00f6\u00dfe, sowie sechs Mal das verbotswidrige Benutzen  eines Mobiltelefons. Ordnungswidrigkeitenanzeigen wurden eingeleitet,  die Betroffenen m\u00fcssen mit einem Bu\u00df- bzw. Verwarnungsgeld rechnen. <\/p>\n\n\n\n<h4 class=\"wp-block-heading\">(Neustadt) &#8211; Nach Verkehrsunfall Flucht ergriffen \/ Gesamtschaden ca. 1500EUR<\/h4>\n\n\n\n<div class=\"wp-block-image\"><figure class=\"aligncenter\"><img decoding=\"async\" loading=\"lazy\" width=\"800\" height=\"600\" src=\"https:\/\/speyer24news.com\/wp-content\/uploads\/2019\/06\/13.06.19-NW-VUF.jpg\" alt=\"\" class=\"wp-image-14948\" srcset=\"https:\/\/speyer24news.com\/wp-content\/uploads\/2019\/06\/13.06.19-NW-VUF.jpg 800w, https:\/\/speyer24news.com\/wp-content\/uploads\/2019\/06\/13.06.19-NW-VUF-300x225.jpg 300w, https:\/\/speyer24news.com\/wp-content\/uploads\/2019\/06\/13.06.19-NW-VUF-768x576.jpg 768w, https:\/\/speyer24news.com\/wp-content\/uploads\/2019\/06\/13.06.19-NW-VUF-678x509.jpg 678w, https:\/\/speyer24news.com\/wp-content\/uploads\/2019\/06\/13.06.19-NW-VUF-326x245.jpg 326w, https:\/\/speyer24news.com\/wp-content\/uploads\/2019\/06\/13.06.19-NW-VUF-80x60.jpg 80w\" sizes=\"(max-width: 800px) 100vw, 800px\" \/><\/figure><\/div>\n\n\n\n<p>Eine Verkehrsunfallflucht ereignete sich am vergangenen Donnerstag  zwischen 07:30 Uhr und 17:00 Uhr in der Matthias-Erzberger-Stra\u00dfe in  Lambrecht. Zum Nachteil eines 54-j\u00e4hrigen Lambrechters streifte ein PKW  dessen geparktes Fahrzeug und verursachte so einen Schaden in H\u00f6he von  ca. 1500EUR. T\u00e4terhinweise bitte an die Polizeiinspektion  Neustadt\/Weinstra\u00dfe. Telefonnummer: 06321-8540 E-Mail: <a href=\"mailto:pineustadt@polizei.rlp.de\">pineustadt@polizei.rlp.de<\/a> <\/p>\n\n\n\n<h4 class=\"wp-block-heading\">(Wachenheim) &#8211; Mit Schoppenglas geworfen und Person verletzt<\/h4>\n\n\n\n<p>Bereits am Samstag, 15.06.2019, um 00.15 Uhr kam es in Wachenheim auf  dem Weinsfest zu einer gef\u00e4hrlichen K\u00f6rperverletzung. Der Vorfall wurde  jedoch erst gegen 13.30 Uhr bei der Polizei beanzeigt. Ein angetrunkener  23-j\u00e4hriger Mannheimer wurde aufgrund seines Alkoholkonsums immer  aggressiver. Ein 20-j\u00e4hriger Niederkirchner versuchte den Mann zu  beruhigen. Hierauf schlug der Mannheimer dem Niederkirchner mit der  flachen Hand ins Gesicht. Als der 23-j\u00e4hrige Bruder des Gesch\u00e4digten  dazwischen gehen wollte, warf der Beschuldigte ein Schoppenglas ins  dessen Gesicht. Dieser erlitt hierdurch Schnittwunden an der linken  Gesichtsh\u00e4lfte. Der Beschuldigte entfernte sich vom Tatort. Den beiden  Gesch\u00e4digten ist der Beschuldigte jedoch bekannt. <\/p>\n\n\n\n<h4 class=\"wp-block-heading\">(Bad D\u00fcrkheim) &#8211; Unfall auf Parkplatz \/ Verursacher entfernt sich unerlaubt<\/h4>\n\n\n\n<p>Ein bislang unbekannter Verkehrsteilnehmer verursachte am 14.06.2019 in  der Zeit von 15:30 Uhr bis 16:00 Uhr einen Verkehrsunfall auf dem  Parkplatz eines Einkaufsmarktes im Hausener Weg in Bad D\u00fcrkheim. Der  Unfallverursacher besch\u00e4digte den ordnungsgem\u00e4\u00df geparkten Opel Astra  eines 60-j\u00e4hrigen Bad D\u00fcrkheimers. Die H\u00f6he des Sachschadens betr\u00e4gt ca.  600 Euro. Jedoch ohne sich um die Schadensregulierung zu k\u00fcmmern,  verlie\u00df der Unfallverursacher unerlaubt die Unfallstelle. Zeugen, die  Hinweise zum Unfallverursacher geben k\u00f6nnen, werden gebeten, sich bei  der Polizeiinspektion Bad D\u00fcrkheim zu melden. <\/p>\n\n\n\n<h4 class=\"wp-block-heading\">(Kirchheim an der Weinstra\u00dfe) &#8211; Verkehrsunfall mit mehreren verletzten Personen<\/h4>\n\n\n\n<p>Am Sonntag, 16.06.2019 gegen 17:00 Uhr ereignete sich auf der B271 in  H\u00f6he der Abfahrt Kirchheim West ein folgenschwerer Verkehrsunfall.  Ersten Ermittlungen zufolge fuhr eine 21-j\u00e4hrige Pkw-Fahrerin auf die  Einf\u00e4delspur der B271 in Fahrtrichtung Gr\u00fcnstadt. Laut Zeugen fuhr die  junge Frau auf die B271 auf und \u00fcbersah dabei eine 81-j\u00e4hrige Fahrerin  eines VW Golf aus dem Raum Worms, welche ebenfalls in Richtung Gr\u00fcnstadt  unterwegs war. Die Fahrerin des Golf wich daraufhin nach links aus,  geriet auf die Gegenspur und kollidierte dort frontal mit einem  entgegenkommenden Transporter. Die Fahrerin des Golf sowie ihre  78-j\u00e4hrige Beifahrerin erlitten diverse Frakturen und Prellungen und  wurden in umliegende Krankenh\u00e4user eingeliefert. Der 65-j\u00e4hrige Fahrer  des Transporters erlitt gl\u00fccklicherweise nur leichte Verletzungen. Der  enstandene Schaden an den nicht mehr fahrbereiten Fahrzeugen wird auf  mindestens 10 000 EUR gesch\u00e4tzt. Neben zahlreichen Rettungskr\u00e4ften  befanden sich auch die Feuerwehren der Verbandsgemeinde Leininger Land  und der Stadt Gr\u00fcnstadt mit insgesamt 48 Mann und 11 Fahrzeugen im  Einsatz. Die B271 war f\u00fcr die Dauer der Unfallaufnahme f\u00fcr etwa 1,5  Stunden in diesem Bereich voll gesperrt. Zur weiteren Kl\u00e4rung des  Unfallhergangs wurde ein Gutachter hinzugezogenen. M\u00f6gliche weitere  Unfallzeugen werden gebeten, sich mit der Polizei Gr\u00fcnstadt in  Verbindung zu setzen. <\/p>\n\n\n\n<h4 class=\"wp-block-heading\">(Maxdorf) &#8211; Versuchte gef\u00e4hrliche K\u00f6rperverletzung<\/h4>\n\n\n\n<p>Am 14.06.2019, gegen 17:06 Uhr, p\u00f6belt ein deutlich alkoholisierter  Mann an einer Haltestelle einen Passanten mit seinem Kind an. Im  weiteren Verlauf bedroht er den Passanten mit einer Glasflasche. Durch  das Eingreifen eines hinzukommenden Zeugen kann Schlimmeres verhindert  werden. Der Mann wird durch die hinzugerufenen Polizeibeamten  Ingewahrsam genommen. <\/p>\n\n\n\n<h4 class=\"wp-block-heading\">(Maxdorf) &#8211; Schlangeneinsatz<\/h4>\n\n\n\n<p>Am 14.06.2019, gegen 14:40 Uhr, stellt eine Hausbesitzerin vor ihrem  Anwesen eine Schlange fest. Bei Eintreffen der Polizeibeamten vor Ort  versteckt sich die ca. 20 cm lange heimische, ungiftige Ringelnatter  unter der Fu\u00dfmatte. Diese wird von den eingesetzten Beamten eingefangen  und an einem Weiher in die Freiheit entlassen. <\/p>\n\n\n\n<h4 class=\"wp-block-heading\">(Frankenthal) &#8211; K\u00f6rperverletzung<\/h4>\n\n\n\n<p>Am Samstag den 15.06.2019 gegen 18:30 Uhr l\u00e4uft der 15 j\u00e4hrige  Gesch\u00e4digte mit seinem gleichaltrigen Bekannten die Beindersheimer  Stra\u00dfe in Frankenthal entlang. Die beiden unterhalten sich, als ein  unbekannter T\u00e4ter von hinten an die beiden Jugendlichen herantritt und  diese verbal provoziert. Unvermittelt schl\u00e4gt der unbekannte T\u00e4ter mit  der geballten Faust einen der beiden Jugendlichen ins Gesicht. Durch  diesen Gewaltakt zieht sich der Gesch\u00e4digte eine Verletzung in Form  einer aufgeplatzten Lippe zu. Anschlie\u00dfend fl\u00fcchtete der Beschuldigte  von der \u00d6rtlichkeit. Zu der Motivation des T\u00e4ters kann der Gesch\u00e4digte  keine Angaben machen. Wenn Sie die Tat beobachtet haben, etwas  mitbekommen oder sonstige Hinweise bez\u00fcglich der T\u00e4teridentifizierung  geben k\u00f6nnen, dann melden Sie sich bitte unverz\u00fcglich bei der Polizei in  Frankenthal unter der Rufnummer 06233\/313-0. <\/p>\n\n\n\n<h4 class=\"wp-block-heading\">(Frankenthal) &#8211; Schl\u00e4gerei zwischen mehreren Personen<\/h4>\n\n\n\n<p>Am Samstag den 15.06.2019 um 03:48 Uhr kommt es in der Schmiedgasse vor  einer dortigen Kneipe zu einer Meinungsverschiedenheit zwischen zwei  Personengruppen. Die Auseinandersetzung schaukelte sich hoch und es kam  zu K\u00f6rperverletzungsdelikten auf beiden Seiten, in deren Verlauf drei  Beschuldigte auf einen Gesch\u00e4digten einschlugen. Die Polizei ermittelt  nun u.a. wegen gef\u00e4hrlicher K\u00f6rperverletzung. <\/p>\n\n\n\n<h4 class=\"wp-block-heading\">(Frankenthal) &#8211; Trunkenheitsfahrt<\/h4>\n\n\n\n<p>Am Freitag den 14.06.2019 gegen 23:30 Uhr f\u00e4llt der Polizei ein  Verkehrsteilnehmer durch seine unsichere Fahrweise auf. Der Autofahrer  wird daher einer Verkehrskontrolle unterzogen. Die Beamten stellen beim  Fahrzeugf\u00fchrer Atemalkoholgeruch und deutliche Ausfallerscheinungen  fest. Vor Ort kann der Fahrzeugf\u00fchrer einen ihm angebotenen  Atemalkoholtest aufgrund seiner Alkoholisierung nicht durchf\u00fchren. Der  Fahrer wurde zur Dienststelle verbracht, wo ihm eine Blutprobe entnommen  wurde. Den Fahrer erwartet eine Geld-, oder Freiheitsstrafe bis zu  einem Jahr. Des Weiteren wird sowohl der Fahrzeugschl\u00fcssel als auch der  F\u00fchrerschein sichergestellt. <\/p>\n\n\n\n<h4 class=\"wp-block-heading\">(Frankenthal) &#8211; Verkehrsunfallflucht<\/h4>\n\n\n\n<p>Am Freitag den 14.06.2019 gegen 17:40 Uhr touchiert im Meergartenweg  ein bislang unbekannter Fahrer eines schwarzen VW Golf in Folge des  Ausparkvorgangs einen geparkten grauen Toyota Aygo und entfernt sich  anschlie\u00dfend unerlaubt vom Unfallort. Am gesch\u00e4digten PKW entsteht  Sachschaden in Form von Kratzern an der Hecksto\u00dfstange. Der entstandene  Schaden bel\u00e4uft sich auf ca. 1000 Euro. Die Polizei weist darauf hin,  dass unerlaubtes Entfernen vom Unfallort kein Kavaliersdelikt ist! Der  fl\u00fcchtige Fahrer muss mit einer Geld- oder Freiheitsstrafe bis zu 3  Jahren und evtl. mit einem F\u00fchrerscheinentzug rechnen. Au\u00dferdem kann der  Fl\u00fcchtige den Kaskoschutz seiner Kfz-Versicherung verlieren und von  seiner Versicherung an der Begleichung des Fremdschadens beteiligt  werden. Die Polizei r\u00e4t deshalb jeden Unfall zu melden. <\/p>\n\n\n\n<h4 class=\"wp-block-heading\">(Frankenthal) &#8211; Ladendiebstahl<\/h4>\n\n\n\n<p>Am Freitag den 14.06.2019 gegen 13:00 Uhr betritt ein 13-J\u00e4hriger die  Rewe-Markt Filiale und wird durch die Kamera\u00fcberwachung dabei gefilmt,  wie er eine Flasche Wodka unter seinem T-Shirt versteckt. Anschlie\u00dfend  m\u00f6chte er den Supermarkt verlassen. Durch den Ladendetektiv wird der  T\u00e4ter am Verlassen der Filiale gehindert und festgesetzt bis die Polizei  vor Ort erscheint. Bei der Personendurchsuchung wird durch die Polizei  eine weitere Flasche Wodka aufgefunden. Als Versteck nutzte der junge  T\u00e4ter seine Unterhose. Die Eltern des Jungen werden verst\u00e4ndigt, welche  ihren Sohn abholen. <\/p>\n\n\n\n<h4 class=\"wp-block-heading\">(Birkenheide) &#8211; Verkehrsunfall mit Flucht<\/h4>\n\n\n\n<p>In dem Zeitraum vom 12.06.2019, 20:00 Uhr, bis zum 13.06.2019, 07:30  Uhr, touchiert in der Schlesier Stra\u00dfe ein bislang unbekannter Fahrer  einen ordnungsgem\u00e4\u00df geparkten PKW Ford Fokus und entfernt sich  anschlie\u00dfend von der Unfall\u00f6rtlichkeit. An dem geparkten PKW wird dabei  der linke Au\u00dfenspiegel abgerissen. Die Polizei weist daraufhin, dass  Unerlaubtes Entfernen von Unfallort kein Kavaliersdelikt ist! Der  fl\u00fcchtige Fahrer muss mit einer Geld- oder Freiheitsstrafe bis zu 3  Jahren und evtl. mit einem F\u00fchrerscheinentzug rechnen. Au\u00dferdem kann der  Fl\u00fcchtige den Kaskoschutz seiner Kfz-Versicherung verlieren und von  seiner Versicherung an der Beteiligung des Fremdschadens beteiligt  werden. Die Polizei r\u00e4t deshalb jeden Unfall bei der Polizei zu melden. <\/p>\n\n\n\n<h4 class=\"wp-block-heading\">(Ludwigshafen-Rheing\u00f6nheim) &#8211; Unberechtigte l\u00f6sen Polizei- und Feuerwehreinsatz aus<\/h4>\n\n\n\n<p>Bislang unbekannte T\u00e4ter verschafften sich am sp\u00e4ten Samstagabend,  15.06.2019, gegen 22:00 Uhr, Zutritt zu einer Lagerhalle in der  Erbachstra\u00dfe in Ludwigshafen, l\u00f6sten in der Folge einen Brandmeldealarm  und damit sowohl einen Polizei- als auch Feuerwehreinsatz aus. Nebst der  Besch\u00e4digung einiger Gegenst\u00e4nde entfernten die unbekannten T\u00e4ter einen  Feuerl\u00f6scher von der Wand und aktivierten diesen, wodurch es zur  Rauchentwicklung und schlie\u00dflich dem Ausl\u00f6sen der Brandmeldeanlage kam.  Die Gesamtschadensh\u00f6he bel\u00e4uft sich auf ca. 500 Euro. <\/p>\n\n\n\n<p>Sachdienliche Hinweise bitte an die Polizeiinspektion Ludwigshafen 1, Telefonnummer 0621 963-2122 oder per e-Mail <a href=\"mailto:piludwigshafen1@polizei.rlp.de\">piludwigshafen1@polizei.rlp.de<\/a> <\/p>\n\n\n\n<h4 class=\"wp-block-heading\">(Ludwigshafen) &#8211; Totalschaden nach Verkehrsunfall<\/h4>\n\n\n\n<p>Am fr\u00fchen Freitagabend, den 14.06.2019, gegen 18:00 Uhr, kam es auf der  B37 im Bereich der Hochstra\u00dfe S\u00fcd zu einem Verkehrsunfall unter  Beteiligung eines einzelnen PKW. Augenscheinlich in Folge nicht  angepasster Geschwindigkeit verlor die 20-j\u00e4hrige Fahrerin eines  silbernen BMW auf dem Weg in Richtung Bad D\u00fcrkheim die Kontrolle \u00fcber  ihr Fahrzeug, geriet in Schleudern und kollidierte mit der Schutzplanke.  Am PKW der 20-J\u00e4hrigen entstand Totalschaden in H\u00f6he von ca. 3000 Euro.  Verletzt wurde sie gl\u00fccklicherweise nicht. F\u00fcr die Dauer der  Unfallaufnahme musste die rechte Fahrspur der B37 im Bereich der  Unfallstelle tempor\u00e4r gesperrt werden. <\/p>\n\n\n\n<h4 class=\"wp-block-heading\">(Ludwigshafen) &#8211; Trunkenheit im Stra\u00dfenverkehr<\/h4>\n\n\n\n<p>Einem aufmerksamen Zeugen ist es zu verdanken, dass am fr\u00fchen  Freitagabend, 14.06.2019, gegen 17:30 Uhr, die Weiterfahrt eines  alkoholisierten Mofafahrers verhindert werden konnte. Der aufmerksame  Beobachter konnte kurz zuvor den 54-j\u00e4hrigen Mofafahrer dabei  beobachten, wie dieser mit seinem Fahrzeug auf den Parkplatz eines  Discounters in der Hoheloogstra\u00dfe auffuhr. Beim anschlie\u00dfenden Versuch  von seinem fahrbaren Untersatz abzusteigen, kam der Fahrer beinahe zu  Fall und ben\u00f6tigte eine nicht unerhebliche Zeit, sein Mofa ordnungsgem\u00e4\u00df  abzustellen, bevor er den Discounter betrat. Die umgehend durch den  Zeugen verst\u00e4ndigten eingesetzten Beamten, konnten den Mofafahrer vor  Ort antreffen und einer Kontrolle unterziehen. Sofort war deutlicher  Atemalkoholgeruch wahrnehmbar, ein Atemalkoholtest wurde durchgef\u00fchrt.  Nach erfolgter Blutentnahme und Sicherstellung der Mofaschl\u00fcssel  erwartet den Mofafahrer nun ein Strafverfahren wegen Trunkenheit im  Stra\u00dfenverkehr. <\/p>\n\n\n\n<h4 class=\"wp-block-heading\">(Ludwigshafen) &#8211; Einbruch in eine Arztpraxis<\/h4>\n\n\n\n<p>In der Nacht auf Freitag, den 14.06.2019, verschafften sich bislang  unbekannte T\u00e4ter Zutritt zu einer Arztpraxis in der Leininger Stra\u00dfe und  durchsuchten diese nach Diebesgut. Die Schadensh\u00f6he ist bislang noch  nicht gekl\u00e4rt. Die Ermittlungen zu den entwendeten Gegenst\u00e4nden dauern  an. <\/p>\n\n\n\n<h4 class=\"wp-block-heading\">(Ludwigshafen-Edigheim) &#8211; K\u00f6rperverletzung durch Radfahrer<\/h4>\n\n\n\n<p>Bereits am Donnerstag, d. 13.06.2019, kam es zu einem Vorfall in der  Bgm.-Fries-Stra\u00dfe in Ludwigshafen, bei dem ein PKW-Fahrer von einem  Radfahrer w\u00e4hrend des \u00dcberholvorgangs zun\u00e4chst beleidigt wurde. Kurze  Zeit sp\u00e4ter musste der PKW-Fahrer verkehrsbedingt anhalten, was der  Radfahrer nutzte, um den PKW-Fahrer durch die ge\u00f6ffnete Seitenscheibe  anzugreifen. Es folgte eine k\u00f6rperliche Auseinandersetzung zwischen  beiden Beteiligten, bis der Radfahrer von der \u00d6rtlichkeit fl\u00fcchtete. Der  Gesch\u00e4digte meldete den Vorfall erst am 14.06.2019 der Polizei. Die  Ermittlungen wurden aufgenommen, jedoch ist der Radfahrer bislang  unbekannt, weshalb Zeugen des Vorfalls gebeten werden, sich bei der  Polizei unter der 0621\/963-2222 zu melden. <\/p>\n\n\n\n<h4 class=\"wp-block-heading\">(Mannheim) &#8211; Gerissene Oberleitung legt Stra\u00dfenbahn lahm<\/h4>\n\n\n\n<p>Einen ganz sch\u00f6nen Schreck bekam die F\u00fchrerin einer Stra\u00dfenbahn, als  sie am 16.06.2019 gegen 01:20 Uhr, mit ihrer Bahn die Baustelle in der  Goethestra\u00dfe passierte und einen lauten Knall h\u00f6rte. Die Stra\u00dfenbahn war  nicht mehr fahrbereit und beim Aussteigen stelle sie fest, dass sich  aus noch unbekannter Ursache eine Oberleitung aus der Verankerung gel\u00f6st  hatte und auf die Frontseite der Bahn gefallen war. Die RNV konnte den  Schaden jedoch schnell beheben, so dass nach ca. 30 Minuten der  Fahrbetrieb fortgesetzt werden konnte. An der Oberleitung entstand ein  Sachschaden von ca. 2.000 Euro. Ob die dort durchgef\u00fchrten Bauma\u00dfnahmen  urs\u00e4chlich f\u00fcr den Oberleitungsschaden waren bedarf weiterer  Ermittlungen. <\/p>\n\n\n\n<h4 class=\"wp-block-heading\">(Mannheim \/ A 6) &#8211; Spurwechsel f\u00fchrt zu folgenschwerem Unfall<\/h4>\n\n\n\n<p>Aufgrund eines r\u00fccksichtslosen Spurwechsels kam es auf der Autobahn 6  am fr\u00fchen Freitagmorgen zu einem folgenschweren Unfall &#8211; der Verursacher  fl\u00fcchtete. Ein bislang Unbekannter fuhr um kurz vor 7 Uhr zwischen dem  Autobahnkreuz Viernheim und dem Autobahnkreuz Mannheim auf der mittleren  Spur, wobei dieser pl\u00f6tzlich und ohne zu blinken, auf die linke Spure  wechselte. Ein ebenfalls in Richtung Mannheim fahrender 29-J\u00e4hriger  musste daraufhin stark abbremsen. Beim Ausweichman\u00f6ver kam er allerdings  mit seinem BMW ins Schleudern, drehte sich zweimal und stie\u00df letztlich  mit dem Citroen eines 40-J\u00e4hrigen zusammen. Der unbekannte  Unfallverursacher fuhr mit seinem blauen Peugeot mit Mannheimer  Zulassung davon. Gl\u00fccklicherweise wurde bei dem Unfall niemand verletzt.  Es entstand ein Sachschaden von mehr als 6.000 EUR. Die Beamten des  Autobahnpolizeireviers Mannheim haben die Ermittlungen aufgenommen und  suchen in diesem Zusammenhang nach Zeugen. Diese werden gebeten, sich  unter 0621 470930 an die Ermittler zu wenden. <\/p>\n\n\n\n<h4 class=\"wp-block-heading\">(Mannheim-Gartenstadt) &#8211; Schwerer Unfall in der Gartenstadt<\/h4>\n\n\n\n<p>Wie es zu dem Unfall am Freitagmorgen in der Lampertheimer Stra\u00dfe kam,  kann bislang nur vermutet werden: Eine 40-J\u00e4hrige fuhr demnach um kurz  nach 10 Uhr mit ihrem BMW in Richtung Langer Schlag. Dabei fuhr sie  zuerst einem vor ihr fahrenden Lkw auf, wobei der 48 Jahre alte Fahrer  leicht verletzt wurde. Nach dem Zusammensto\u00df fuhr die  Unfallverursacherin nach ca. 200 Meter auf den Gehweg und kollidierte  dabei mit einem Stra\u00dfenschild, einem Baum und der Parkbank einer  Bushaltestelle bis sie zum Stehen kam. Neben dem Sachschaden von mehr  als 10.000 Euro, wurde die 40-J\u00e4hrige ebenfalls leicht verletzt und  musste in einem Krankenhaus behandelt werden. Die Ermittler der  Verkehrspolizei gehen bislang von einem medizinischen Notfall als  Unfallursache aus. Nachdem der BMW abgeschleppt, das verbogene  Stra\u00dfenschild abmontiert und die Fahrbahn gereinigt wurde, konnte die  Stra\u00dfe wieder freigegeben werden. <\/p>\n\n\n\n<h4 class=\"wp-block-heading\">(Heidelberg \/ A 656) &#8211; Fahrzeugf\u00fchrer erliegt medizinischem Notfall<\/h4>\n\n\n\n<p>Am Samstagnachmittag sackte ein 70-J\u00e4hriger hinter dem Steuer zusammen,  als er mit seinem Gespann in Richtung Mannheim unterwegs war. Gegen  13.50 Uhr gleitete der Sprinter mit Anh\u00e4nger zun\u00e4chst nach links gegen  eine Betonleitwand, um danach ungelenkt langsam nach rechts \u00fcber die  Fahrbahn zu driften. Dort streifte er zun\u00e4chst einen auf dem  Standstreifen stehenden Audi, bevor er nach zirka 250 Meter zum Stehen  kam. Ersthelfer versuchten noch den 70 Jahre alten Mann zu reanimieren.  Der sofort hinzugerufen Notarzt konnte dem Mann aber auch nicht mehr  helfen. Ein im Audi sitzendes Kind wurde leicht verletzt. Bis die  Unfallstelle um 17.30 Uhr komplett ger\u00e4umt war, konnte der Verkehr  einspurig die Stelle passieren. Der Schaden an den Fahrzeugen wird auf  15.000 Euro beziffert.<\/p>\n\n\n\n<h4 class=\"wp-block-heading\">(Heidelberg) &#8211; Randalierender angetrunkener Partygast verbrachte die Nacht im Gewahrsam<\/h4>\n\n\n\n<p>Am 15.06.2019, kam es kurz vor Mitternacht zu einer Auseinandersetzung  in der Unteren Neckarstra\u00dfe. Nachdem ein 35-J\u00e4hriger aus Eppelheim  bereits auf einem Partyschiff seine 39-j\u00e4hrige Freundin k\u00f6rperlich  anging, gab dieser auch nach Verlassen des Schiffes keine Ruhe. Als die  Partyg\u00e4ste von Bord gegangen waren, gingen die Streitigkeiten zwischen  den angetrunkenen Personen weiter. Der 35-J\u00e4hrige ohrfeigte zun\u00e4chst  einen 53-j\u00e4hrigen Mann aus Dexheim. Als eine 37-j\u00e4hrige Frau aus  Ludwigshafen den Streit schlichten wollte, wurde auch sie durch den  Eppelheimer leicht verletzt. Die eingesetzten Polizeibeamten versuchten  zun\u00e4chst die Situation zu beruhigen, was bei dem 35-J\u00e4hrigen aber  erfolglos war. Er war \u00e4u\u00dferst aggressiv und schrie herum, so dass er  schlie\u00dflich an den H\u00e4nden geschlossen werden musste. Danach beleidigte  er die Beamten mit \u00fcbelsten Worten und bedrohte einen der Beamten. Auch  w\u00e4hrend des Transports zum Polizeirevier wurden die Beamten st\u00e4ndig  beleidigt. Einen Alcotest verweigerte der Beschuldigte, er durfte die  restliche Nacht in einer Zelle verbringen. Zudem gelangt er wegen  K\u00f6rperverletzung, Beleidigung, Bedrohung und Widerstand gegen  Vollstreckungsbeamte zur Anzeige. <\/p>\n\n\n\n<h4 class=\"wp-block-heading\">(Heidelberg) &#8211; Radfahrer beim Abbiegen \u00fcbersehen \/ Radfahrer leichtverletzt<\/h4>\n\n\n\n<p>Ein 22-j\u00e4hriger Fahrradfahrer aus Heidelberg wurde am 15.06.2019 gegen  19 Uhr leichtverletzt, als er die Mittermaierstra\u00dfe in Richtung  Hauptbahnhof befuhr und von einem 21-j\u00e4hrigen OPEL Fahrer aus Ladenburg  erfasst wurde. Der Pkw Fahrer bog verbotswidrig von der  Mittermaierstra\u00dfe nach links in die Alte Eppelheimer Stra\u00dfe ab und  \u00fcbersah hierbei den Fahrradfahrer. Der Radfahrer zog sich Sch\u00fcrfwunden  am Bein zu und klagte \u00fcber R\u00fcckenschmerzen. Er wurde in ein Krankenhaus  in Heidelberg verbracht. An seinem Fahrrad entstand ein Sachschaden von  ca. 300 Euro. Der Schaden am OPEL wurde auf 800 Euro gesch\u00e4tzt. <\/p>\n\n\n\n<h4 class=\"wp-block-heading\">(Heidelberg-Emmertsgrund) &#8211; Brandstiftung oder Unachtsamkeit?<\/h4>\n\n\n\n<p>Nach einem Brand im Eingangsbereich eines Mehrfamilienhauses hat das  Polizeirevier Heidelberg-S\u00fcd die Ermittlungen aufgenommen. Am fr\u00fchen  Donnerstagabend wurde der Berufsfeuerwehr Heidelberg ein Wohnungsbrand  in der Emmertsgrundpassage gemeldet. Vor Ort stellte sich heraus, dass  dies gl\u00fccklicherweise nicht der Fall war: es hatte lediglich eine  M\u00fclltonne gebrannt. Einem aufmerksamen Bewohner gelang es den Brand zu  l\u00f6schen. Verletzt wurde gl\u00fccklicherweise niemand. Wie die mit Papier  gef\u00fcllte Tonne in Brand geriet und ob dies vors\u00e4tzlich geschah,  ermitteln nun die Beamten. <\/p>\n\n\n\n<h4 class=\"wp-block-heading\">(Heidelberg-Schlierbach) &#8211; Fahrgast rastet aus und leistet Widerstand gegen Polizei<\/h4>\n\n\n\n<p>In der Nacht von Freitag auf Samstag rastete der Fahrgast eines Busses  aus, sodass die Fahrerin die Polizei alarmieren musste. Der 33-J\u00e4hrige  stieg zun\u00e4chst an der Haltestelle Bismarckplatz in den Bus ein. Kurz  darauf lie\u00df dieser einen Plastikbecher fallen, woraufhin die Busfahrerin  ihn bat diesen aufzuheben. Dass erz\u00fcrnte den Mann so sehr, dass dieser  v\u00f6llig ausrastet und dabei laut herumschrie. Die Fahrerin stoppte den  Bus an der Haltestelle im Hausackerweg und verwies den Mann, was ihm  ebenfalls nicht passte. Als die alarmierten Beamten des Polizeireviers  Heidelberg-Mitte den 33-J\u00e4hrigen dann aufforderten den Bus zu verlassen,  richtete sich die Aggression gegen die Uniformierten. Im anschlie\u00dfenden  Gerangel konnten dem Mann Handschellen angelegt und anschlie\u00dfend in das  Polizeirevier gebracht werden. Nachdem der, mit 1,16 Promille,  Alkoholisierte sich beruhigt hatte, wurde er auf freien Fu\u00df gesetzt. Er  muss sich nun wegen Widerstands gegen Vollstreckungsbeamte und  Hausfriedensbruch strafrechtlich verantworten. <\/p>\n\n\n\n<h4 class=\"wp-block-heading\">(Oftersheim \/ Rhein-Neckar-Kreis) &#8211; Nach Unfallflucht vor Schule Zeugen gesucht<\/h4>\n\n\n\n<p>Nach einer Unfallflucht, bei der mehr als 3.000 Euro Sachschaden  entstand, sucht das Polizeirevier Schwetzingen nach Zeugen. Eine  63-J\u00e4hrige parkte ihren VW Polo am Freitagnachmittag in der  Eichendorffstra\u00dfe vor der dortigen Schule. Als diese wieder an ihr Auto  kam, stellte sie eine massive Besch\u00e4digung der hinteren linken T\u00fcre  fest. Der bislang unbekannte Unfallverursacher stie\u00df wahrscheinlich im  Zeitraum von 15:00 Uhr bis 18:00 Uhr beim Ein- oder Ausparken mit seinem  Fahrzeug mit dem geparkten VW zusammen und fl\u00fcchtete anschlie\u00dfend.  Zeugen, die den Unfall beobachtet haben oder Hinweise geben k\u00f6nnen,  werden gebeten, sich unter 06202 2880 an die Ermittler zu wenden. <\/p>\n\n\n\n<h4 class=\"wp-block-heading\">(Hockenheim \/ Rhein-Neckar-Kreis) &#8211; Rotlichtfahrt f\u00fchrt zu Verkehrsunfall mit drei leichtverletzten Personen<\/h4>\n\n\n\n<p>Drei leichtverletzte Personen und zwei nicht mehr fahrbereite Fahrzeuge  waren die Folge einer Rotlichtfahrt im Bereich der Talhauskreuzung am  Samstagmorgen gegen 08:50 Uhr. Nach bisherigen Erkenntnissen missachtete  ein 55-j\u00e4hriger Citroen Fahrer aus Mauer das Rotlicht der  Lichtzeichenanlage, als er die Talhausstra\u00dfe in Richtung Speyer befuhr.  Im Kreuzungsbereich kollidierte er mit einem 58-j\u00e4hrigen KIA Fahrer aus  Hockenheim, der die Talhausstra\u00dfe von Hockenheim kommend in Richtung  Ketsch befuhr. Der Unfallverursacher zog sich hierbei Nasenbluten zu und  seine 17-j\u00e4hrige Beifahrerin eine Schnittwunde an der Hand. Der KIA  Fahrer erlitt beim Zusammensto\u00df Nackenverletzungen. An seinem KIA  entstand ein Sachschaden von ca. 9.000 Euro. Am Citroen wurde der  Schaden auf ca. 10.000 Euro gesch\u00e4tzt. Keiner der Beteiligten musste in  ein Krankenhaus gebracht werden. <\/p>\n\n\n\n<h4 class=\"wp-block-heading\">(Wiesloch \/ Rhein-Neckar-Kreis) &#8211; Schwer verletzter Rollerfahrer \/ Zeugen gesucht!<\/h4>\n\n\n\n<p>Am Sonntagmorgen gegen 09.45 Uhr kam es auf der L 723, H\u00f6he  Wiesloch-Frauenweiler, zum Sturz eines Rollerfahrers. Der 56-j\u00e4hrige  Fahrer eines 250ccm Rollers befuhr die L 723 in westlicher Richtung,  wobei er aus bislang unbekannter Ursache nach rechts in den angrenzenden  Gr\u00fcnstreifen geriet. Aufgrund dessen verlor er in der Folge die  Kontrolle \u00fcber seinen Roller und kam zu Fall. Der Roller rutschte, auf  noch leicht feuchter Fahrbahn, noch ca. 35m weiter, ehe er zum  Stillstand kam. Der Fahrer wurde bei dem Sturz schwer verletzt. An  seinem Roller entstand ein Sachschaden in H\u00f6he von ca. 1000,- Euro. Nach  Erstversorgung durch eine Not\u00e4rztin vor Ort wurde der Mann mit einem  Rettungswagen in ein umliegendes Krankenhaus verbracht. Lebensgefahr  besteht zum Berichtszeitpunkt nicht. Der nicht mehr fahrbereite Roller  musste im Anschluss durch ein Abschleppunternehmen abgeschleppt werden. <\/p>\n\n\n\n<p>Zeugen,  welche den Unfall beobachtet haben oder Hinweise hierzu geben k\u00f6nnen,  werden gebeten sich unter 0621 \/ 174-4140 mit der Verkehrsunfallaufnahme  OST des Polizeipr\u00e4sidiums Mannheim in Verbindung zu setzen. <\/p>\n\n\n\n<h4 class=\"wp-block-heading\">(Rettigheim \/ Rhein-Neckar-Kreis) &#8211; Aufmerksame Zeugin meldet betrunkenen Autofahrer<\/h4>\n\n\n\n<p>Am sp\u00e4ten Freitagabend wurde eine Zeugin auf einen betrunkenen  Autofahrer aufmerksam, nachdem dieser mehrfach \u00fcber die Mittellinie fuhr  und andere gef\u00e4hrdete. Die Autofahrerin fuhr auf der \u00d6stringer Stra\u00dfe  in Richtung Rettigheim. Dabei befand sich ein Mercedes-Fahrer vor ihr,  der ihr durch seine unsichere Fahrweise auffiel. In Rettigheim kam  dieser dann mehrfach auf die Gegenfahrbahn, sodass entgegenfahrende  Fahrzeuge diesem ausweichen mussten. Mindestens ein Fahrer wich sogar  auf den Gehweg aus, um einen Zusammensto\u00df zu vermeiden, woraufhin die  Zeugin die Polizei alarmierte. Mithilfe der Angaben suchten die Beamten  des Polizeireviers Schwetzingen sofort die Wohnanschrift des  vermeintlichen Fahrers auf. Dieser verweigerte zun\u00e4chst jegliche  Zusammenarbeit, zeigte sich dann aber kooperativ. Ein vorl\u00e4ufiger  Alkoholtest ergab 1,72 Promille in der Atemluft des 54-j\u00e4hrigen Fahrers.  Nach der Blutentnahme wurde der F\u00fchrerschein des Mannes beschlagnahmt.  Er muss sich nun wegen Trunkenheit im Stra\u00dfenverkehr verantworten.  Zeugen, die gef\u00e4hrdet wurden, werden gebeten, sich unter 06222 57090 an  die Beamten zu wenden. <\/p>\n\n\n\n<h4 class=\"wp-block-heading\">(Angelbachtal \/ Rhein-Neckar-Kreis) &#8211; L\u00f6tarbeiten l\u00f6sen Brand aus<\/h4>\n\n\n\n<p>Am Samstagmittag, um 13.30 Uhr, meldeten Anwohner in Angebachtal einen  Dachstuhlbrand in der Friedrich Hecker-Stra\u00dfe. Beim Eintreffen der  Rettungskr\u00e4fte und der Polizei stand der Dachstuhl eines 300 Jahre alten  freistehenden Wohnhauses in Flammen. Die freiwilligen Feuerwehren  Angelbachtal, Waldangelloch und Sinsheim, die mit insgesamt 45 Mann vor  waren, konnten den Brand eind\u00e4mmen und l\u00f6schen. Personen wurden nicht  verletzt. Jedoch wurde ein vor dem Brandobjekt geparkter Transporter der  Marke Toyota, durch herabfallende Dachziegel, besch\u00e4digte. Der  Sachschaden wird auf ca. 150 000,- Euro gesch\u00e4tzt. Ausl\u00f6ser des Brandes  waren L\u00f6tarbeiten an einer Wasserleitung. Hierbei fing ein Holbalken  Feuer, welches der 58j\u00e4hrige Verursacher nicht mehr selbst\u00e4ndig l\u00f6schen  konnte. Das Polizeirevier Sinsheim hat die Ermittlungen aufgenommen. <\/p>\n\n\n\n<h4 class=\"wp-block-heading\">(Gaiberg \/ Rhein-Neckar-Kreis) &#8211; Radfahrer von Pkw erfasst \/ Radfahrer leichtverletzt<\/h4>\n\n\n\n<p>Gl\u00fcck im Ungl\u00fcck hatte ein 53-j\u00e4hriger Fahrradfahrer aus Bad Sch\u00f6nborn,  als er am Samstagvormittag gegen 11:30 Uhr, im sogenannten  &#8222;Lautenschl\u00e4gerkreisel&#8220; auf der L600 \/ K4161 bei Gaiberg von einem  60-j\u00e4hrigen Renault Fahrer \u00fcbersehen und angefahren wurde. Der  Radfahrer, welcher den Kreisverkehr befuhr, wurde von dem aus Leimen  kommenden einfahrenden Pkw erfasst und zu Boden geschleudert. Hierbei  zog er sich Prellungen und Sch\u00fcrfwunden zu. Er kam mit einem  Rettungswagen in ein Heidelberger Krankenhaus und am gleichen Tag noch  entlassen. An dem Fahrrad und dem Pkw entstand nur geringer Sachschaden.  <\/p>\n\n\n\n<h4 class=\"wp-block-heading\">(Neckargem\u00fcnd \/ Rhein-Neckar-Kreis) &#8211; Nur leicht verletzt trotz des Einklemmens zwischen zwei Pkw<\/h4>\n\n\n\n<p>Eine 71-j\u00e4hrige Frau wollte am 15.06.2019, um 11.18 Uhr, mit ihrem  VW-Bus r\u00fcckw\u00e4rts vom Grundst\u00fcck auf die Gartenstra\u00dfe fahren. Hierbei  \u00fcbersah sie, dass kurz vorher ein 33-J\u00e4hriger aus Griesheim seinen  Hyundai auf der Gartenstra\u00dfe gegen\u00fcber dem Grundst\u00fcck geparkt hatte, um  einen Anwohner zu besuchen. Als der Mann gerade ausgestiegen war, wurde  er von der hinteren Sto\u00dfstange des VW-Busses gegen die hintere linke  T\u00fcre seines Hyundai gedr\u00fcckt und eingeklemmt. Hierbei zersplitterte die  Seitenscheibe und die T\u00fcre wurde stark eingedr\u00fcckt. Der Griesheimer  wurde zun\u00e4chst mit Verdacht auf schweren Verletzungen durch einen RTW in  ein Heidelberger Krankenhaus verbracht. Dort konnte Entwarnung gegeben  werden. Der 33-J\u00e4hrige erlitt lediglich Prellungen im Oberk\u00f6rper- und  Beinbereich. Er konnte das Krankenhaus mittlerweile wieder verlassen. Am  VW entstand ein Schaden von ca. 1.000 Euro, der Schaden am Hyundai  wurde auf 2.000 Euro gesch\u00e4tzt. <\/p>\n","protected":false},"excerpt":{"rendered":"<div class=\"mh-excerpt\"><p>Polizeimeldungen vom Wochenende (15.06. &#8211; 16-06-2019) (Speyer) &#8211; Bei Kontrolle Bet\u00e4ubungsmittel aufgefunden Am fr\u00fchen Morgen des 16.06.2019 wurden in der Innenstadt 3 junge M\u00e4nner einer Personenkontrolle unterzogen. Bei zwei der M\u00e4nner konnten hierbei in der <a class=\"mh-excerpt-more\" href=\"https:\/\/speyer24news.com\/?p=14946\" title=\"Polizeimeldungen\">[&#8230;]<\/a><\/p>\n<\/div>","protected":false},"author":3,"featured_media":0,"comment_status":"open","ping_status":"open","sticky":false,"template":"","format":"standard","meta":{"_monsterinsights_skip_tracking":false,"_monsterinsights_sitenote_active":false,"_monsterinsights_sitenote_note":"","_monsterinsights_sitenote_category":0,"footnotes":""},"categories":[12],"tags":[61,63,105,53,102,213,55,103,106,427,104,979,1565],"aioseo_notices":[],"amp_enabled":true,"_links":{"self":[{"href":"https:\/\/speyer24news.com\/index.php?rest_route=\/wp\/v2\/posts\/14946"}],"collection":[{"href":"https:\/\/speyer24news.com\/index.php?rest_route=\/wp\/v2\/posts"}],"about":[{"href":"https:\/\/speyer24news.com\/index.php?rest_route=\/wp\/v2\/types\/post"}],"author":[{"embeddable":true,"href":"https:\/\/speyer24news.com\/index.php?rest_route=\/wp\/v2\/users\/3"}],"replies":[{"embeddable":true,"href":"https:\/\/speyer24news.com\/index.php?rest_route=%2Fwp%2Fv2%2Fcomments&post=14946"}],"version-history":[{"count":2,"href":"https:\/\/speyer24news.com\/index.php?rest_route=\/wp\/v2\/posts\/14946\/revisions"}],"predecessor-version":[{"id":14951,"href":"https:\/\/speyer24news.com\/index.php?rest_route=\/wp\/v2\/posts\/14946\/revisions\/14951"}],"wp:attachment":[{"href":"https:\/\/speyer24news.com\/index.php?rest_route=%2Fwp%2Fv2%2Fmedia&parent=14946"}],"wp:term":[{"taxonomy":"category","embeddable":true,"href":"https:\/\/speyer24news.com\/index.php?rest_route=%2Fwp%2Fv2%2Fcategories&post=14946"},{"taxonomy":"post_tag","embeddable":true,"href":"https:\/\/speyer24news.com\/index.php?rest_route=%2Fwp%2Fv2%2Ftags&post=14946"}],"curies":[{"name":"wp","href":"https:\/\/api.w.org\/{rel}","templated":true}]}}