{"id":14974,"date":"2019-06-18T08:04:08","date_gmt":"2019-06-18T07:04:08","guid":{"rendered":"https:\/\/speyer24news.com\/?p=14974"},"modified":"2019-06-18T08:04:09","modified_gmt":"2019-06-18T07:04:09","slug":"polizeimeldungen-77","status":"publish","type":"post","link":"https:\/\/speyer24news.com\/?p=14974","title":{"rendered":"Polizeimeldungen"},"content":{"rendered":"<style type=\"text\/css\">\r\n\t.ads_top_disp{}\r\n\t.ads_top_corner_disp{ float:left; margin:0px 10px 10px 0px; }\r\n\t.ads_first_p_disp{}\r\n\t.ads_bottom_disp{}\r\n\t<\/style>\n<h2 class=\"wp-block-heading\">Polizeimeldungen vom Montag (17.06.2019)<\/h2>\n\n\n\n<div class=\"wp-block-image\"><figure class=\"aligncenter\"><img decoding=\"async\" src=\"https:\/\/speyer24news.com\/wp-content\/uploads\/2019\/06\/Aktuelles-Polizeilogo-1.jpg\" alt=\"\" class=\"wp-image-14555\"\/><\/figure><\/div>\n\n\n\n<h4 class=\"wp-block-heading\">(Speyer) &#8211; Sachbesch\u00e4digung an Schnellimbissrestaurant<\/h4>\n\n\n\n<p>Unbekannte  T\u00e4ter besch\u00e4digten zw.  15.06 &#8211; 16.06.2019, 16:00 &#8211; 20:00 Uhr  durch Steinwurf zwei gro\u00dffl\u00e4chige Fensterscheiben  des hauseigenen Lagers eines Schnellimbissrestaurants in der Wormser  Landstra\u00dfe. Hierdurch entstand ein Sachschaden in H\u00f6he von ca. 3000EUR.  Zeugenhinweise nimmt die Polizei unter Tel.-Nr. 06232-1370 oder per Mail  an <a href=\"mailto:pispeyer@polizei.rlp.de\">pispeyer@polizei.rlp.de<\/a> entgegen. <\/p>\n\n\n\n<h4 class=\"wp-block-heading\">(B\u00f6hl-Iggelheim) &#8211; K\u00f6rperverletzung auf B\u00f6hl-Iggelheimer Jubil\u00e4umsfest<\/h4>\n\n\n\n<p>Gegen Mitternacht in der Nacht zu Samstag ist die Polizeiinspektion  Schifferstadt zum Kerweplatz Iggelheim in die Langgasse gerufen worden.  Dort habe sich eine Schl\u00e4gerei mit mehreren Personen zugetragen. Die  Anruferin versuchte zu schlichten und sei dabei selbst verletzt worden.  Nach bisherigem Ermittlungsstand ist ein 31-j\u00e4hriger Mann aus  B\u00f6hl-Iggelheim von mehreren ihm unbekannten Personen im Bereich der  B\u00fchne angegriffen worden. Er habe einen Schlag ins Gesicht bekommen und  sei dadurch zu Boden gegangen. Die T\u00e4ter h\u00e4tten aber weiter auf ihn  eingetreten. Er hat dadurch Verletzungen im Gesicht und am Arm  davongetragen. Durch das Gerangel sei auch ein zur Absperrung  eingesetzter Bauzaun umgefallen, der einem 30-j\u00e4hrigen Mann aus Neustadt  in den R\u00fccken fiel und ihn verletzte. Bei Eintreffen der  Polizeistreifen waren die T\u00e4ter bereits fort. Eine weitere Zeugin  \u00e4u\u00dferte der Polizei gegen\u00fcber einen T\u00e4terhinweis. Die Polizei hat ein  Strafverfahren wegen einer gef\u00e4hrlichen K\u00f6rperverletzung eingeleitet.  Die Ermittlungen konzentrieren sich nun vor allem darauf, den  Sachverhalt und die Hintergr\u00fcnde der Tat aufzukl\u00e4ren. Zeugen, die  weitere Angaben zur Tat oder den T\u00e4tern machen k\u00f6nnen, werden gebeten,  sich mit der Polizeiinspektion Schifferstadt unter 06235 495-0 oder <a href=\"mailto:pischifferstadt@polizei.rlp.de\">pischifferstadt@polizei.rlp.de<\/a> in Verbindung zu setzen. <\/p>\n\n\n\n<h4 class=\"wp-block-heading\">(R\u00f6merberg \/ Heiligenstein) &#8211; Tageswohnungseinbruch<\/h4>\n\n\n\n<p>Durch  das gesch\u00e4digte Paar wurde die Polizei Speyer \u00fcber einen Einbruch am Sonntag  in  ihr Einfamilienhaus verst\u00e4ndigt. W\u00e4hrend deren Abwesenheit (Sonntagmorgen bis Abend) schlugen unbekannte T\u00e4ter die Glaseinfassung der verschlossenen Eingangst\u00fcr des  Wohnhauses ein und verschafften sich so unberechtigten Zutritt. Im  Anschluss wurde das gesamte Haus durchsucht und Bargeld und Schmuck im  Gesamtwert von ca. 11.000EUR als auch ein Geldbeutel mit EC-Karte  entwendet. Hinweise auf den\/die T\u00e4ter liegen derzeit nicht vor. Sollte  es Zeugenhinweise geben, welche der Polizei bei ihren Ermittlungen  weiterhelfen, nimmt diese solche unter Tel.-Nr. 06232-1370 oder per Mail  an <a href=\"mailto:pispeyer@polizei.rlp.de\">pispeyer@polizei.rlp.de<\/a> entgegen. <\/p>\n\n\n\n<h4 class=\"wp-block-heading\">(Ingenheim) &#8211; Brand eines Wohnmobils<\/h4>\n\n\n\n<p>Am 16.6.2019, gegen 12.15 Uhr wurde ein brennendes Wohnmobil in  Ingenheim in der Firststra\u00dfe gemeldet. Der Brand wurde durch die  alarmierte Feuerwehr gel\u00f6scht. Ermittlungen ergaben, dass das Feuer  aufgrund hei\u00df gelaufener Bremsen entstanden ist. <\/p>\n\n\n\n<h4 class=\"wp-block-heading\">(G\u00f6cklingen) &#8211; Verkehrsunfall mit verletztem Rollerfahrer<\/h4>\n\n\n\n<p>Am 14.6.2019, gegen 13.10 Uhr musste ein 47-j\u00e4hriger Rollerfahrer in  der Hauptstra\u00dfe in G\u00f6cklingen so stark abbremsen, dass er auf die Stra\u00dfe  st\u00fcrzte. Hierbei verletzte er sich im Becken- und Schulterbereich. Er  musste durch den Rettungsdienst in ein Krankenhaus transportiert werden.  Grund f\u00fcr seine Vollbremsung war ein entgegenkommender Traktor. Dessen  49-j\u00e4hriger Fahrer zum Abbiegevorgang nach links ansetzte, beim  Erblicken des entgegenkommenden Rollerfahrers aber wieder nach rechts  lenkte. Zu einer Kollision der beiden Fahrzeuge kam es nicht. Zeugen  werden gebeten, sich unter Tel. Nr. 06341\/2870 oder per Email <a href=\"mailto:pilandau@polizei.rlp.de\">pilandau@polizei.rlp.de<\/a> zu melden. <\/p>\n\n\n\n<h4 class=\"wp-block-heading\">(Landau) &#8211; K\u00f6rperverletzung<\/h4>\n\n\n\n<p>Mehrere Personen gerieten in Streit. Drei Personen schlugen am  15.6.2019, gegen 05.30 Uhr in der Landauer K\u00f6nigstra\u00dfe  auf einen  32-j\u00e4hrigen Gesch\u00e4digten ein. Dieser musste mit Kopfverletzungen in ein  Krankenhaus zur weiteren Versorgung durch den Rettungsdienst  transportiert werden. Bei den Tatverd\u00e4chtigen wurde 2,37 und 1,33  Promille per Atemalkoholtestger\u00e4t ermittelt. Nach Feststellung der  Personalien wurde  Platzverweise erteilt. Weitere Ermittlungen stehen  noch aus. <\/p>\n\n\n\n<h4 class=\"wp-block-heading\">(Landau) &#8211; Brand einer M\u00fclltonne<\/h4>\n\n\n\n<p>Am 15.6.2019, gegen 20.00 Uhr, wurde auf dem Gel\u00e4nde der  Thomas-Nast-Grundschule in Landau eine brennende M\u00fclltonne gemeldet. Die  Feuerwehr l\u00f6schte die M\u00fclltonne. Hinweise auf die Verursachung des  Brandes konnten anhand der ausgebrannten M\u00fclltonne samt Inhalt keine  erlangt werden. Sachdienliche Hinweise nimmt die Polizei Landau unter  Tel. Nr. 06341\/2870 oder per Email <a href=\"mailto:pilandau@polizei.rlp.de\">pilandau@polizei.rlp.de<\/a> entgegen. <\/p>\n\n\n\n<h4 class=\"wp-block-heading\">(Landau) &#8211; K\u00f6rperverletzung<\/h4>\n\n\n\n<p>Zu einer Schl\u00e4gerei zwischen mehreren Personen kam es am 16.6.2019,  gegen 03.15 Uhr in Landau im S\u00fcdring. Hierbei wurde einer Person in das  Gesicht geschlagen und leicht an der Nase verletzt, sowie sein T-Shirt  zerrissen. Nach Kl\u00e4rung der Sachlage und Strafantragsverzicht des  Gesch\u00e4digten wurden Platzverweise an die Beteiligten der Schl\u00e4gerei  ausgesprochen. <\/p>\n\n\n\n<h4 class=\"wp-block-heading\">(Annweiler \/ Rinnthal \/ Ramberg) &#8211; Verkehrskontrolle<\/h4>\n\n\n\n<p>Am Nachmittag des 16.06.2019 wurden auf der B 48 bei Rinnthal, im  Wellbachtal, am Parkplatz &#8222;Langenb\u00e4chel&#8220; sowie auf der L 506 bei Ramberg  am Parkplatz &#8222;Drei Buchen&#8220; Verkehrskontrollen mit Schwerpunkt  &#8222;Zweir\u00e4der&#8220; durchgef\u00fchrt. Insgesamt wurden 41 Motorfahrer angehalten und  kontrolliert. Es wurden lediglich 3 Beanstandungen wegen des  Nichtmitf\u00fchrens der F\u00fchrerscheine bzw. der Zulassungsbescheinigungen  ausgesprochen. Insoweit war den zahlreichen &#8222;Zweiradausfl\u00fcglern&#8220; eine  gute Verkehrsmoral zu bescheinigen. <\/p>\n\n\n\n<h4 class=\"wp-block-heading\">(Hainfeld) &#8211; Fahrerwechsel<\/h4>\n\n\n\n<p>In der Weinstra\u00dfe musste Sonntagabend (21.15 Uhr) eine 73-j\u00e4hrige  Smartfahrerin das Steuer ihrem 74-j\u00e4hrigen Beifahrer \u00fcbergeben, da ein  Alko-Test bei ihr 0,62 Promille ergab. Der 74-J\u00e4hrige darf seine  Begleiterin nun f\u00fcr einen weiteren Monat chauffieren, da die Frau ein  einmonatiges Fahrverbot mit 500 Euro Geldbu\u00dfe sowie zwei Punkte in  Flensburg erh\u00e4lt. <\/p>\n\n\n\n<h4 class=\"wp-block-heading\">(Edenkoben) &#8211; Zu viel Alkohol intus<\/h4>\n\n\n\n<p>Auf dem Parkplatz eines Lebensmitteldiscounters neben der  Polizeidienststelle wurde Sonntagnacht ein 29-j\u00e4hriger Autofahrer  kontrolliert. Da ein Alko-Test 1,67 Promille ergab, war f\u00fcr ihn die  Weiterfahrt erledigt. Stattdessen musste er mit zur Dienststelle, wo ihm  eine Blutprobe entnommen wurde. Seine Fahrerlaubnis wurde beschlagnahmt  und der Fahrzeugschl\u00fcssel einkassiert. <\/p>\n\n\n\n<h4 class=\"wp-block-heading\">(Kirrweiler) &#8211; Weinschorle mit Bl\u00fcten bezahlt<\/h4>\n\n\n\n<p>Eine Strafanzeige wegen &#8222;Inverkehrbringen von Falschgeld&#8220; hat sich am  Samstagabend ein 20-j\u00e4hriger Mann aus dem Raum Neustadt eingehandelt.   Auf dem Weinfest hatte er seine Getr\u00e4nke mit einem falschen 50iger  bezahlt, weshalb die Polizei gerufen wurde. Bei der Durchschau seines  Portemonnaies konnten zwei weitere 500.- Euro Scheine aufgefunden  werden, die den Anschein von Echtgeld erweckten. Die &#8222;Bl\u00fcten&#8220; wurden  sichergestellt. <\/p>\n\n\n\n<h4 class=\"wp-block-heading\">(Neustadt) &#8211; Verkehrskontrollen<\/h4>\n\n\n\n<p>Am 17.06.19 wurden zwischen 11:25 Uhr und 12:45 Uhr, in der  Amalienstra\u00dfe, sowie in der Speyerdorfer Stra\u00dfe, station\u00e4re  Verkehrskontrollen durchgef\u00fchrt. Hierbei wurden insgesamt sechs  Fahrzeugf\u00fchrer festgestellt, welche keinen Sicherheitsgurt angelegt  hatten. Alle erwartet nun ein Bu\u00dfgeld in H\u00f6he von 30 Euro. <\/p>\n\n\n\n<h4 class=\"wp-block-heading\">(Neustadt) &#8211; Diebstahl von Solarlampen<\/h4>\n\n\n\n<p>In der Zeit von 13.06.19, ca. 18:00 Uhr und 14.06.19, 06:00 Uhr, wurde  durch bisher unbekannte T\u00e4ter aus einem Garten in der  Richard-Wagner-Stra\u00dfe in Neustadt mehrere Solarlampen entwendet. Der  Gesamtwert der entwendeten Solarlampen wird auf 45 Euro beziffert.  Zeugen werden gebeten, sich bei der Polizei Neustadt zu melden. <\/p>\n\n\n\n<h4 class=\"wp-block-heading\">(Bad D\u00fcrkheim) &#8211; Wiederholte Fahrt unter Drogeneinfluss \/ Bet\u00e4ubungsmittel sichergestellt<\/h4>\n\n\n\n<p>Am 17.06.2019 gegen 02:30 Uhr kontrollierte eine Streifenwagenbesatzung  der Polizeiinspektion Bad D\u00fcrkheim einen 40-J\u00e4hrigen Pkw-Fahrer aus  Altleiningen im Bereich des Stadtplatzes in Bad D\u00fcrkheim. Im Rahmen der  allgemeinen Verkehrskontrolle konnten bei dem 40-J\u00e4hrigen drogenbedingte  Auff\u00e4lligkeiten festgestellt werden. Eine \u00dcberpr\u00fcfung des Mannes ergab  weiterhin, dass er bereits Ende M\u00e4rz diesen Jahres ein Kraftfahrzeug  unter dem Einfluss von Bet\u00e4ubungsmitteln f\u00fchrte. Zudem konnte bei der  Durchsuchung des Pkw-Fahrers und dessen Fahrzeugs, bei welcher auch ein  Diensthund eingesetzt wurde, eine geringe Menge Amfetamin aufgefunden  werden, welches beschlagnahmt wurde. Ihm wurde daraufhin auf der  Dienststelle eine Blutprobe entnommen. Den 40-J\u00e4hrigen erwarten nun eine  Ordnungswidrigkeitenanzeige wegen Trunkenheit im Verkehr sowie eine  Strafanzeige wegen des Besitzes von Bet\u00e4ubungsmitteln. Sein  Fahrzeugschl\u00fcssel wurde vorerst pr\u00e4ventiv sichergestellt. <\/p>\n\n\n\n<h4 class=\"wp-block-heading\">(Ellerstadt) &#8211; Vers. Einbruch \/ T\u00fcr besch\u00e4digt<\/h4>\n\n\n\n<p>Bisher unbekannte T\u00e4ter gelangten vermutlich im Zeitraum von 15.06.19,  20:00 Uhr  &#8211; 16.06.19, 16.00 Uhr durch die hintere Eingangst\u00fcr in ein  Mehrfamilienhaus in der Ratstra\u00dfe und versuchten gewaltsam in eine  Wohnung einzudringen, was ihnen aber nicht gelang. An der T\u00fcr wurde ein  Riss im Bereich der T\u00fcrklinke festgestellt. Die H\u00f6he des entstandenen  Schadens konnte noch nicht beziffert werden. Hinweise bitte an die  Polizeiinspektion Bad D\u00fcrkheim, Tel. 06322\/963-0, oder <a href=\"mailto:pibadduerkheim@polizei.rlp.de\">pibadduerkheim@polizei.rlp.de<\/a> <\/p>\n\n\n\n<h4 class=\"wp-block-heading\">(Ludwigshafen) &#8211; Falschfahrer mit 2,65 Promille<\/h4>\n\n\n\n<p>Gegen 01:15 Uhr wurde am 17.06.2019 in der Rheinallee ein Falschfahrer  gesichtet und einer Verkehrskontrolle unterzogen. Sofort fiel der  41-j\u00e4hrige Fahrer durch seinen schwankenden Gang und deutlichen  Alkoholgeruch auf. Ein freiwillig durchgef\u00fchrter Atemalkoholtest ergab  einen Wert von 2,65 Promille. Der 41-J\u00e4hrige wurde zur Entnahme einer  Blutprobe auf die Dienststelle verbracht. Sein F\u00fchrerschein wurde  einbehalten. <\/p>\n\n\n\n<h4 class=\"wp-block-heading\">(Ludwigshafen) &#8211; Handgemenge zwischen sieben Personen<\/h4>\n\n\n\n<p>In der Bismarckstra\u00dfe kam es am 17.06.2019 gegen 00:20 Uhr nach  Unstimmigkeiten zu verbalen Streitigkeiten und einem Handgemenge. <\/p>\n\n\n\n<p>Ein  45-J\u00e4hriger war zu diesem Zeitpunkt an der Ampel mit seinem Auto von  der Wredestra\u00dfe in die Bismarckstra\u00dfe abgebogen. Ein 26-J\u00e4hriger und  seine 25-j\u00e4hrige Ehefrau, die gerade dabei waren, die Stra\u00dfe an der  Ampel zu \u00fcberqueren, f\u00fchlten sich davon gef\u00e4hrdet. Es kam zu verbalen  Streitigkeiten, die darin gipfelten, dass das Ehepaar dem Autofahrer  durch die ge\u00f6ffnete Scheibe ins Gesicht schlug. Vier unbeteiligte Zeugen  eilten herbei und es kam auch zwischen ihnen und den Eheleuten zu  verbalen und k\u00f6rperlichen Auseinandersetzungen. <\/p>\n\n\n\n<h4 class=\"wp-block-heading\">(Ludwigshafen) &#8211; Zeugenaufruf \/ Couragierte Verk\u00e4uferin nimmt Verfolgung auf<\/h4>\n\n\n\n<p>Am Sonntag, 16.06.2019, gegen 13:30 Uhr, entwendete eine bisher  unbekannte m\u00e4nnliche Person Tabakwaren und Getr\u00e4nke im Wert eines  mittleren zweistelligen Betrages. Als er an der Kasse des Kiosks im  Ludwigshafener Hauptbahnhof seine Eink\u00e4ufe zahlen wollte, stellte die  Kassiererin fest, dass eine Zahlung mit seiner Kreditkarte nicht m\u00f6glich  war. Daraufhin fl\u00fcchtete der T\u00e4ter aus dem Kiosk. Die mutige  Kassiererin nahm die Verfolgung auf und konnte den Rucksack der Person  greifen. Dieser \u00f6ffnete sich und die zuvor eingepackten Waren fielen  heraus. Der Mann konnte fl\u00fcchten. <\/p>\n\n\n\n<p>Beschreibung des T\u00e4ters: <\/p>\n\n\n\n<ul><li>ca. 175 cm gro\u00df<\/li><li>kurze schwarze Haare<\/li><li>trug ein schwarzes Top und eine kurze Hose <\/li><\/ul>\n\n\n\n<p>Wer kann Hinweise zu diesem Vorfall geben? <\/p>\n\n\n\n<p>Die Polizei bittet um Zeugenhinweise: Polizeiinspektion Ludwigshafen 1, Telefonnummer 0621 963-2122 oder E-Mail <a href=\"mailto:piludwigshafen1@polizei.rlp.de\">piludwigshafen1@polizei.rlp.de<\/a>. <\/p>\n\n\n\n<h4 class=\"wp-block-heading\">(Ludwigshafen) &#8211; Autoscheibe eingeschlagen<\/h4>\n\n\n\n<p>Im Zeitraum zwischen dem 15.06.2019 (23 Uhr) und dem 16.06.2019 (11:30  Uhr) schlugen Unbekannte in der Roonstra\u00dfe die Fensterscheibe eines  Autos ein. Sie stahlen aus dem Innenraum des Fahrzeugs wenige Euro. <\/p>\n\n\n\n<p>Sachdienliche Hinweise bitte an die Polizeiinspektion Ludwigshafen 1, Telefonnummer 0621 963-2122 oder per e-Mail <a href=\"mailto:piludwigshafen1@polizei.rlp.de\">piludwigshafen1@polizei.rlp.de<\/a> . <\/p>\n\n\n\n<h4 class=\"wp-block-heading\">(Ludwigshafen) &#8211; Zeugenaufruf \/ Verkehrsunfall mit verletztem Fahrradfahrer<\/h4>\n\n\n\n<p>Schwere Verletzungen, erlitt ein 44-j\u00e4hriger Fahrradfahrer, der am  Sonntag, 16.06.2019  gegen 01:00 Uhr die Friesenheimer Stra\u00dfe in  Richtung Brunckstra\u00dfe befuhr. Aus bisher noch ungekl\u00e4rter Ursache kam es  zwischen dem Radfahrer und dem entgegenkommenden PKW zu einem  Zusammensto\u00df. Der Fahrradfahrer prallte in Folge dessen gegen die  Motorhaube und die Windschutzscheibe des Autos. Bei beiden  Unfallbeteiligten konnte Alkoholgeruch festgestellt werden. Beiden wurde  eine Blutprobe entnommen. Der Fahrradfahrer wurde in ein Krankenhaus   eingeliefert. <\/p>\n\n\n\n<p>Zeugen, die den Vorfall beobachtet haben, werden  gebeten, sich bei der Polizeiinspektion Ludwigshafen 2  unter der  Telefonnummer 0621 963-2222 oder per E-Mail <a href=\"mailto:piludwigshafen2@polizei.rlp.de\">piludwigshafen2@polizei.rlp.de<\/a> zu melden. <\/p>\n\n\n\n<h4 class=\"wp-block-heading\">(Mannheim) &#8211; BMW-Fahrer verletzt Fu\u00dfg\u00e4nger beim Abbiegen <\/h4>\n\n\n\n<h4 class=\"wp-block-heading\" style=\"text-align:center\">Pressemeldung Nr.1<\/h4>\n\n\n\n<p>Am Montagabend befuhr ein 25-j\u00e4hriger BMW-Fahrer aus Mannheim die  Kunststra\u00dfe. Beim Losfahren gegen 18.50 Uhr, um nach links auf den  Kaiserring abzubiegen, gab er zu viel Gas. Hierauf kam er vor der  Wasserturmanlage nach rechts auf den Gehweg und erfasste einen  Fu\u00dfg\u00e4nger. Zun\u00e4chst gemeldete Polizeinotrufe, dass er in eine  Menschenmenge gefahren sei, best\u00e4tigten sich gl\u00fccklicherweise nicht.  Eine Frau, die das Unheil auf sich zukommen sah, konnte sich mit einem  Sprung unverletzt in die dortigen Blumenrabatte in Sicherheit bringen.  Der 31-j\u00e4hrige Fu\u00dfg\u00e4nger erlitt bei dem Zusammensto\u00df eine Beinfraktur  und musste in ein Krankenhaus eingeliefert werden. W\u00e4hrend der  Unfallaufnahme musste der Verkehr \u00fcber den Friedrichsplatz umgeleitet  werden. Am BMW wird der Sachschaden auf zirka 12.000 Euro gesch\u00e4tzt. Die  Verkehrsunfallaufnahme Mannheim sucht weitere Zeugen, die Angaben zum  ausgepr\u00e4gten Fahrverhalten des schwarzen BMW 330xd mit \u00d6HR-Kennzeichen,  auch vor dem Unfall, machen k\u00f6nnen. Diese werden gebeten sich unter  0621\/174-4045 bei den Ermittlern zu melden.<\/p>\n\n\n\n<h4 class=\"wp-block-heading\">(Mannheim) &#8211;  22-J\u00e4hriger wegen des dringenden Verdachts des versuchten  Mordes u.a. auf Antrag der Staatsanwaltschaft Mannheim in  Untersuchungshaft (vgl. PM vom 05.Juni 2019, 11.46 Uhr)<\/h4>\n\n\n\n<p><strong>Gemeinsame Pressemitteilung der Staatsanwaltschaft und des Polizeipr\u00e4sidiums Mannheim<\/strong><\/p>\n\n\n\n<div class=\"wp-block-image\"><figure class=\"aligncenter\"><img decoding=\"async\" src=\"https:\/\/speyer24news.com\/wp-content\/uploads\/2019\/06\/Festnahme.jpg\" alt=\"\" class=\"wp-image-14554\"\/><\/figure><\/div>\n\n\n\n<p>Auf\n Antrag der Staatsanwaltschaft Mannheim erlie\u00df das Amtsgericht Mannheim \nbereits am 06.06.2019 Haftbefehl gegen einen 22-j\u00e4hrigen Mann mit \nt\u00fcrkischer Staatsangeh\u00f6rigkeit. <\/p>\n\n\n\n<p>Nach derzeitigem Ermittlungsstand\n soll der Beschuldigte am 05.Juni 2019 gegen 05.15 Uhr in einer Wohnung \nim Quadrat U 5 auf einen schlafenden 24-j\u00e4hrigen Mann mindestens zehnmal\n heftig eingestochen haben. Hierbei soll er zumindest billigend in Kauf \ngenommen haben, dass der 24-J\u00e4hrige zu Tode kommt. <\/p>\n\n\n\n<p>Auch soll er die Arg- und Wehrlosigkeit des schlafenden 24-J\u00e4hrigen ausgenutzt haben. <\/p>\n\n\n\n<p>Der 24-J\u00e4hrige erlitt lebensgef\u00e4hrliche Verletzungen und konnte aufgrund einer sofortigen Notoperation gerettet werden. <\/p>\n\n\n\n<p>Der\n 22-j\u00e4hrige dringend Tatverd\u00e4chtige konnte am Tattag in einem \nKrankenhaus in Mannheim vorl\u00e4ufig festgenommen werden, dort war er wegen\n einer Stichverletzung im Unterarm vorstellig geworden. <\/p>\n\n\n\n<p>Aufgrund \nder umfangreichen und akribischen Ermittlungsarbeit des \nKriminalkommissariats Mannheim der Kriminalpolizeidirektion Heidelberg \nwurde auf Antrag der Staatsanwaltschaft Mannheim dem Beschuldigten am \n06.06.2019 der Haftbefehl wegen versuchten Mordes und gef\u00e4hrlicher \nK\u00f6rperverletzung im Krankenhaus von der Ermittlungsrichterin des \nAmtsgerichts Mannheim er\u00f6ffnet. Nach seiner Heilbehandlung wurde der \nBeschuldigte in eine Justizvollzugsanstalt verbracht. <\/p>\n\n\n\n<p>Die Ermittlungen der Staatsanwaltschaft und des Kriminalkommissariats Mannheim dauern an. <\/p>\n\n\n\n<h4 class=\"wp-block-heading\">(Mannheim) &#8211; Stra\u00dfenbahn kollidiert mit Bauzaun \/ Mehrere Verletzte<\/h4>\n\n\n\n<p>Am sp\u00e4ten Sonntagabend kollidierte eine Stra\u00dfenbahn mit einem Bauzaun, dabei wurden mehrere Personen verletzt. <\/p>\n\n\n\n<p>Um\n 23:29 Uhr fuhr ein 44-j\u00e4hriger Stra\u00dfenbahnf\u00fchrer der Linie 5 zwischen \nden Haltestellen Lessingstra\u00dfe und Fernmeldeturm. Dabei prallte die Bahn\n w\u00e4hrend der Fahrt gegen einen Bauzaun, der in den Gleisbereich ragte. \nDas Zaunelement besch\u00e4digte zun\u00e4chst die Frontscheibe der Bahn, wurde \ninfolge dessen nach rechts weggeschleudert und zerschlug zwei \nSeitenscheiben. Durch das geborstene Glas wurden insgesamt neun \nFahrg\u00e4ste leicht verletzt. Der Bahnf\u00fchrer fuhr noch wenige Meter bis zur\n nahegelegenen Haltestelle &#8222;Fernmeldeturm&#8220;. An der Bahn entstand ein \nSchaden von 20.000 Euro. Die Verletzten im Alter von 20 bis 57 Jahren \nwurden von alarmierten Rettungskr\u00e4ften vor Ort ambulant behandelt. Der \nBauzaun, der infolge des Zusammensto\u00dfes im Gr\u00fcnbereich zwischen Gleisen \nund Fahrradweg liegen blieb, wurde polizeilich sichergestellt. <\/p>\n\n\n\n<p>Die  Ermittlungen wegen des gef\u00e4hrlichen Eingriffs in den Bahnverkehr wurden  von den Beamten der Verkehrspolizei Mannheim aufgenommen. Nach  momentanem Sachstand wird davon ausgegangen, dass der Bauzaun von der  nahegelegenen Baustelle einer Bahnunterf\u00fchrung so platziert wurde, dass  dieser in den Gleisbereich ragte. Der Tatverdacht richtet sich derzeit  gegen einen m\u00e4nnlichen Verd\u00e4chtigen. <\/p>\n\n\n\n<h4 class=\"wp-block-heading\">(Mannheim-Innenstadt) &#8211; Verkehrsunfall mit drei verletzten Personen \/ Hoher Sachschaden<\/h4>\n\n\n\n<p>Drei verletzte Personen und erheblicher Sachschaden sind das Ergebnis  eines Verkehrsunfalls am Montagvormittag in den Mannheimer  Innenstadtquadraten. Ein 18-j\u00e4hriger Mann war gegen 10.30 Uhr mit einem  Peugeot Kleinbus auf der Stra\u00dfe zwischen den Quadraten M 3 und M 4 in  Richtung Kunststra\u00dfe unterwegs. An der Kreuzung M 3\/N 4 missachtete er  die Vorfahrt eines von rechts kommenden 54-j\u00e4hrigen Golf-Fahrers und  stie\u00df mit ihm zusammen. Dabei zog sich der 18-J\u00e4hrige schwere  Verletzungen zu. Der Fahrer des Golf sowie der 38-j\u00e4hrige Beifahrer im  Peugeot erlitten leichte Verletzungen. Alle drei Verletzten wurden zur  Behandlung in Krankenh\u00e4user eingeliefert. <\/p>\n\n\n\n<p>Die beiden Autos waren \nso stark besch\u00e4digt, dass sie abgeschleppt werden mussten. Der \nSachschaden wird auf rund 10.000 Euro gesch\u00e4tzt. <\/p>\n\n\n\n<p>Zur Unterst\u00fctzung der Polizeikr\u00e4fte war ein technischer Zug der Feuerwehr Mannheim an der Unfallstelle eingesetzt. <\/p>\n\n\n\n<h4 class=\"wp-block-heading\">(Mannheim-Neckarstadt) &#8211; Unter Alkohol- und Drogeneinfluss Unfall verursacht und von Unfallort entfernt<\/h4>\n\n\n\n<p>Am Sonntagmorgen, gegen 7 Uhr, verursachte ein 28-j\u00e4hriger  Renault-Fahrer in der Ludwig-Jolly-Stra\u00dfe unter Alkohol- und  Drogeneinfluss einen Verkehrsunfall und fl\u00fcchtete danach von der  Unfallstelle. Der Autofahrer wollte vom Fahrbahnrand anfahren und  kollidierte dabei auf der rechten Fahrspur mit dem Nissan eines  55-J\u00e4hrigen, der von der Jungbuschbr\u00fccke in Richtung Unterm\u00fchlaustra\u00dfe  unterwegs war. Beamte des Polizeireviers Mannheim-Neckarstadt wurden  w\u00e4hrend der Streifenfahrt auf den Renault aufmerksam und wollten diesen  kontrollieren. Sie mussten hierzu zun\u00e4chst einige Meter weiter wenden  und stellten dann fest, dass der Fahrer des Renaults bereits in Richtung  Jungbuschbr\u00fccke weggefahren war. Sie nahmen die Verfolgung auf und  sahen neben dem Renault den Nissan, welcher ebenfalls dem Renault  gefolgt war. Die Beamten versuchten durch Sonderzeichen den Renault zu  stoppen, doch der Fahrer fuhr unbeirrt weiter. Nachdem sie diesen  \u00fcberholt hatten, konnte er schlie\u00dflich angehalten werden. Der  Nissan-Fahrer hielt ebenfalls an und teilte den Beamten mit, dass der  Renault-Fahrer mit seinem PKW kollidiert und dann gefl\u00fcchtet sei. Bei  der anschlie\u00dfenden Kontrolle wurden bei dem 28-J\u00e4hrigen glasige Augen  und starker Alkoholgeruch festgestellt. Ein freiwilliger Alkoholtest  ergab einen Wert von ca. 0,8 Promille. Der Mann musste seinen PKW stehen  lassen und die Beamten mit zum Polizeirevier begleiten. Nachdem ein  durchgef\u00fchrter Urintest positiv auf Kokain verlief, wurde dem  28-J\u00e4hrigen noch eine Blutprobe entnommen. Dessen F\u00fchrerschein wurde  beschlagnahmt. Er muss nun mit mehreren Anzeigen rechnen. An den beiden  Autos entstand Sachschaden von jeweils ca. 2.000 Euro. <\/p>\n\n\n\n<h4 class=\"wp-block-heading\">(Mannheim-Neckarstadt) &#8211; Bargeld und Zigaretten bei Einbruch in Kiosk gestohlen \/ Zeugen gesucht!<\/h4>\n\n\n\n<p>In der Zeit von Samstag, 17:30 Uhr bis Sonntag, 2:45 Uhr, wurde in der  Langen R\u00f6tterstra\u00dfe, in H\u00f6he der Kleiststra\u00dfe, in einen Kiosk  eingebrochen. Ein bislang unbekannter T\u00e4ter hatte gewaltsam die  Eingangst\u00fcr ge\u00f6ffnet und war so ins Innere gelangt. Er stahl aus einer  Kasse Bargeld in H\u00f6he von mehreren hundert Euro und lie\u00df bei der Flucht  noch eine geringe Anzahl an Zigaretten mitgehen. In welcher H\u00f6he  Sachschaden entstand, steht noch nicht fest. <\/p>\n\n\n\n<p>Zeugen, die  verd\u00e4chtige Beobachtungen gemacht haben, werden gebeten, sich mit dem  Polizeirevier Mannheim-Neckarstadt unter Tel.: 0621\/3301-0 in Verbindung  zu setzen. <\/p>\n\n\n\n<h4 class=\"wp-block-heading\">(Mannheim-Herzogenried) &#8211; Versuchter Einbruch in Lehr- und Versuchsanstalt \/ Zeugen gesucht!<\/h4>\n\n\n\n<p>In eine Schwei\u00dftechnische Lehr- und Versuchsanstalt in der  K\u00e4the-Kollwitz-Stra\u00dfe versuchte ein bislang Unbekannter am Samstag, kurz  vor 18 Uhr, einzubrechen. Der T\u00e4ter schlug auf der Geb\u00e4uder\u00fcckseite die  Scheibe einer Nebeneingangst\u00fcr ein und konnte so die T\u00fcr entriegeln.  Dabei l\u00f6ste allerdings die Alarmanlage aus, wodurch der Unbekannte  vermutlich von einer weiteren Tathandlung ablie\u00df und die Flucht ergriff.  Die H\u00f6he des Sachschadens kann derzeit noch nicht beziffert werden. <\/p>\n\n\n\n<p>Zeugen,\n die verd\u00e4chtige Beobachtungen gemacht haben, werden gebeten, sich beim \nPolizeirevier Mannheim-Neckarstadt unter Tel.: 0621\/3301-0 zu melden. <\/p>\n\n\n\n<h4 class=\"wp-block-heading\">(Mannheim-Herzogenried) &#8211; Polizei nimmt 18-J\u00e4hrigen nach Fahrraddiebstahl fest<\/h4>\n\n\n\n<p>Am Samstag, kurz vor 12 Uhr, nahm die Polizei einen 18-J\u00e4hrigen fest,  der in N\u00e4he der Parkanlage des Herzogenriedbades in der  Max-Joseph-Stra\u00dfe\/Ecke August-Kuhn-Stra\u00dfe ein E-Bike gestohlen hatte.  Eine Zeugin hatte den jungen Mann dabei beobachtet, wie er sich am  Schloss des Fahrrads zu schaffen machte und verst\u00e4ndigte die Polizei.  Die Beamten konnten den Verd\u00e4chtigen im Bereich der Parkanlage auf dem  Fahrrad feststellen und diesen anhalten. Da der Mann keinen  Besitznachweis erbringen konnte, wurde er mit zum Polizeirevier  genommen. W\u00e4hrenddessen meldete sich der Eigent\u00fcmer des gestohlenen  E-Bikes bei der Polizei, welchem das Rad wieder ausgeh\u00e4ndigt werden  konnte. Der 18-J\u00e4hrige durfte nach den polizeilichen Ma\u00dfnahmen das  Revier wieder verlassen. Er muss nun mit einer Anzeige rechnen. Die  weiteren Ermittlungen hat das Polizeirevier Mannheim-Neckarstadt  \u00fcbernommen. <\/p>\n\n\n\n<h4 class=\"wp-block-heading\">(Mannheim-Gartenstadt) &#8211; Einbruch in Schule \/ Wer hat etwas beobachtet?<\/h4>\n\n\n\n<p>Unbekannte T\u00e4ter brachen am fr\u00fchen Sonntagmorgen in das Geb\u00e4ude einer  Schule im Stadtteil Gartenstadt ein. Die Einbrecher schlugen gegen 1.30  Uhr eine Fensterscheibe in der Aula des Schulgeb\u00e4udes in der Waldpforte  ein, wodurch die Alarmanlage ausl\u00f6ste. Zeugen konnten anschlie\u00dfend drei  m\u00e4nnliche Jugendliche beobachten, die \u00fcber den Zaun des Schulgel\u00e4ndes  kletterten und sich in Richtung Werthmannweg entfernten. Ob die T\u00e4ter in  das Schuldgeb\u00e4ude eingedrungen waren, ist derzeit nicht bekannt. <\/p>\n\n\n\n<p>Zeugen,  die verd\u00e4chtige Wahrnehmungen gemacht haben und sachdienliche Hinweise  geben k\u00f6nnen, werden gebeten, sich beim Polizeirevier  Mannheim-Sandhofen, Tel.: 0621\/77769-0 zu melden. <\/p>\n\n\n\n<h4 class=\"wp-block-heading\">(Mannheim-Neckarau) &#8211; Mercedes auf Parkplatz eines Friedhofes  besch\u00e4digt \/ Kommt Fahrer eines hellen Fiats als Verursacher in Frage?  Zeugen gesucht!<\/h4>\n\n\n\n<p>Auf einem Parkplatz neben dem Neckarauer Friedhof in der  Donaustra\u00dfe\/Ecke Lechtstra\u00dfe wurde am Sonntagabend ein Mercedes-Benz  besch\u00e4digt. Die gesch\u00e4digte Autohalterin stellte ihren PKW auf dem  Parkplatz ab und nahm bei ihrer R\u00fcckkehr gegen 18:45 Uhr einen lauten  Knall wahr. Sie sah daraufhin einen hellen Kleinwagen, vermutlich ein  Fiat, vom Parkplatz wegfahren und musste kurz darauf feststellen, dass  ihr Fahrzeug besch\u00e4digt worden war. An dem Mercedes konnten wei\u00dfe  Lackspuren festgestellt werden. Die H\u00f6he des Sachschadens wird auf \u00fcber  2.000 Euro gesch\u00e4tzt. <\/p>\n\n\n\n<p>Zeugen des Unfalls oder Personen, die  Hinweise zu dem wei\u00dfen Kleinwagen geben k\u00f6nnen, werden gebeten, sich mit  dem Polizeirevier Mannheim-Neckarau unter Tel.: 0621\/83397-0 in  Verbindung zu setzen. <\/p>\n\n\n\n<h4 class=\"wp-block-heading\">(Mannheim-Sandhofen) &#8211; Unbekannte brechen in Freibad ein und verursachen hohen Schaden \/ Polizei sucht Zeugen!<\/h4>\n\n\n\n<p>Der Polizei wurde am fr\u00fchen Sonntagmorgen, gegen 5 Uhr, ein Einbruch in  das Freibad Sandhofen in der Kalthorststra\u00dfe gemeldet. Ein oder mehrere  bislang unbekannte T\u00e4ter hebelten einen Seiteneingang auf und gelangten  so auf das Gel\u00e4nde. Sie machten sich an der Eingangst\u00fcr zum Kassenraum  zu schaffen und entnahmen hieraus einen Tresor, den sie auf einen  Holzwagen aufladen wollten. Da ihnen dies allerdings nicht gelang,  lie\u00dfen sie den Tresor vor Ort zur\u00fcck und hebelten im Bereich der  Umkleider\u00e4ume zwei weitere T\u00fcren auf. Nachdem sie mehrere Spinde  gewaltsam ge\u00f6ffnet und durchw\u00fchlt hatten, schlugen sie an dem  &#8222;Filterhaus&#8220; eine Scheibe ein und drangen in das Geb\u00e4ude ein. Die T\u00e4ter  besch\u00e4digten dort ein Chlorgaswarnger\u00e4t, machten sich dann an einem  Sicherungskasten zu schaffen und suchten noch den Heizungsraum auf. Im  Anschluss fl\u00fcchteten sie in unbekannte Richtung. Ob die Einbrecher etwas  gestohlen hatten ist bislang unklar. Der entstandene Sachschaden  schl\u00e4gt mit ca. 15.000 Euro zu Buche. Ein genauer Tatzeitraum kann  derzeit nicht eingegrenzt werden. <\/p>\n\n\n\n<p>Zeugen, die verd\u00e4chtige  Beobachtungen gemacht haben, werden gebeten, sich mit dem Polizeirevier  Mannheim-Sandhofen unter Tel.: 0621\/77769-0 in Verbindung zu setzen. <\/p>\n\n\n\n<h4 class=\"wp-block-heading\">(Heidelberg) &#8211; Handschuhsheimer Kerwe: diverse K\u00f6pfe von Fahrgesch\u00e4ft gestohlen \/ Wer hat Beobachtungen gemacht ? Hinweise an die Polizei<\/h4>\n\n\n\n<p>Einen &#8222;Schweinekopf&#8220; sowie einen &#8222;Clownskopf&#8220; stahlen in der Nacht zum  Sonntag bislang Unbekannte von einem Karussell, welches auf dem Vorplatz  der Tiefburg in der Dossenheimer Landstra\u00dfe im Rahmen der Kerwe  platziert ist. Tatzeit m\u00fcsste zwischen Samstagabend, ca. 23 Uhr und  Sonntagvormittag, ca. 11 Uhr gewesen sein. Ein Mitarbeiter eines  weiteren Fahrgesch\u00e4fts nahm einen Jugendlichen mit dem Clowskopf wahr  und nahm ihm diesen auch ab. <\/p>\n\n\n\n<p>Er beschrieb den Jugendlichen wie  folgt: <\/p>\n\n\n\n<ul><li>Etwa 17 &#8211; 20 Jahre alt<\/li><li>170-175 cm gro\u00df<\/li><li>schlank<\/li><li>blondes, kurzes  Haar<\/li><li>bekleidet mit Bluejeans und wei\u00dfem T-Shirt<\/li><\/ul>\n\n\n\n<p>Angaben zur \nSchadensh\u00f6he sind bislang noch nicht bekannt. Die Ermittlungen der \nPolizei dauern an. Besucher der Kerwe oder sonstige Zeugen, die auf den \nDiebstahl aufmerksam geworden sind, werden gebeten, sich beim \nPolizeirevier Heidelberg-Nord, Tel.: 06221\/4569-0, zu melden. <\/p>\n\n\n\n<h4 class=\"wp-block-heading\">(Heidelberg) &#8211; Auffahrunfall auf der Czernybr\u00fccke<\/h4>\n\n\n\n<p>Eine Leichtverletzte und Sachschaden von 15.000 Euro forderte ein  Auffahrunfall am Samstag kurz nach 12 Uhr auf der Czernybr\u00fccke.  Verursacht hatte den Unfall ein 52-j\u00e4hriger Ford Transit-Fahrer, der  infolge Unachtsamkeit auf den auf der Abbiegespur in Richtung Speyerer  Stra\u00dfe stehenden VW Golf aufgefahren war. Der VW krachte wiederum auf  einen weiteren VW Golf, so dass an allen drei beteiligten Autos  Sachschaden entstand. <\/p>\n\n\n\n<p>Eine Beteiligte zog sich durch die  Aufprallwucht leichte Verletzungen zu und wollte sich ggfs.  selbstst\u00e4ndig in \u00e4rztliche Behandlung begeben. <\/p>\n\n\n\n<h4 class=\"wp-block-heading\">(Heidelberg-Handschuhsheim) &#8211; Betrunkener Radfahrer st\u00fcrzt und verletzt sich \/ Polizei sucht Zeugen<\/h4>\n\n\n\n<p>Ein betrunkener 30-j\u00e4hriger Mann st\u00fcrzte am Samstagnachmittag im  Stadtteil Handschuhsheim und zog sich dabei Verletzungen zu. Der Mann  war gegen 17 Uhr mit seinem Fahrrad in der Grahamstra\u00dfe in Richtung  Pfarrgasse unterwegs. Aus bislang unklarer Ursache kam er zu Fall und  zog sich eine Platzwunde am Kopf zu. Er wurde vorsorglich zur  Untersuchung und Behandlung in ein Krankenhaus eingeliefert. Ein  Alkoholtest ergab einen Wert von \u00fcber 3 Promille. Ihm wurde eine  Blutprobe entnommen. <\/p>\n\n\n\n<p>Da der Fahrradfahrer unterschiedliche  Schilderungen des Vorfalls zum Besten gab, sucht die Polizei Zeugen, die  den Sturz des Mannes beobachtet haben und sachdienliche Hinweise zu  dessen Hergang geben k\u00f6nnen. Diese werden gebeten, sich beim  Polizeirevier Heidelberg-Nord, Tel.: 06221\/4569-0 zu melden. <\/p>\n\n\n\n<h4 class=\"wp-block-heading\">(Heidelberg-Bergheim) &#8211; Fahrraddieb festgenommen \/  Wem geh\u00f6rt das Fahrrad?<\/h4>\n\n\n\n<div class=\"wp-block-image\"><figure class=\"aligncenter\"><img decoding=\"async\" loading=\"lazy\" width=\"800\" height=\"600\" src=\"https:\/\/speyer24news.com\/wp-content\/uploads\/2019\/06\/17.06.19-HD-Fahrrad.jpg\" alt=\"\" class=\"wp-image-14975\" srcset=\"https:\/\/speyer24news.com\/wp-content\/uploads\/2019\/06\/17.06.19-HD-Fahrrad.jpg 800w, https:\/\/speyer24news.com\/wp-content\/uploads\/2019\/06\/17.06.19-HD-Fahrrad-300x225.jpg 300w, https:\/\/speyer24news.com\/wp-content\/uploads\/2019\/06\/17.06.19-HD-Fahrrad-768x576.jpg 768w, https:\/\/speyer24news.com\/wp-content\/uploads\/2019\/06\/17.06.19-HD-Fahrrad-678x509.jpg 678w, https:\/\/speyer24news.com\/wp-content\/uploads\/2019\/06\/17.06.19-HD-Fahrrad-326x245.jpg 326w, https:\/\/speyer24news.com\/wp-content\/uploads\/2019\/06\/17.06.19-HD-Fahrrad-80x60.jpg 80w\" sizes=\"(max-width: 800px) 100vw, 800px\" \/><\/figure><\/div>\n\n\n\n<p>In der Nacht von Sonntag auf Montag nahmen die Beamten des  Polizeireviers Heidelberg-Mitte einen Fahrraddieb fest. Die Ermittlungen  sind aber noch nicht abgeschlossen: wem geh\u00f6rt das Fahrrad? <\/p>\n\n\n\n<p>Ein  aufmerksamer Zeuge alarmierte um kurz nach Mitternacht die Polizei,  nachdem er einen Mann dabei beobachtet hatte, wie dieser versuchte mit  einer S\u00e4ge ein Fahrradschloss zu \u00f6ffnen. Offensichtlich gelang ihm das  nicht, sodass er das Rad kurzerhand mit Schloss wegtrug. Auf dem  Fahrradweg der Rohrbacher Stra\u00dfe stellten die Uniformierten den Dieb.  Dabei warf er eine S\u00e4ge in ein Geb\u00fcsch. In seinem Rucksack fanden die  Beamten neben einer Zange noch weitere Aufbruchswerkzeuge und stellten  diese mit dem Fahrrad sicher. Der 56-J\u00e4hrige muss sich nun wegen  besonders schweren Falls des Diebstahls verantworten. Zwar scheint der  Fall gekl\u00e4rt, doch fehlt bislang jede hei\u00dfe Spur zum Besitzer des  Fahrrads. Dieser wird gebeten, sich unter 06221 99-1700 an die Ermittler  zu wenden und am besten den passenden Schl\u00fcssel mitzubringen. <\/p>\n\n\n\n<h4 class=\"wp-block-heading\">(Heidelberg-Kirchheim) &#8211; Junge Frau auf Nachhauseweg von Unbekanntem begrapscht, Zeugen gesucht!<\/h4>\n\n\n\n<div class=\"wp-block-image\"><figure class=\"aligncenter\"><img decoding=\"async\" src=\"https:\/\/speyer24news.com\/wp-content\/uploads\/2019\/06\/Zeugen-gesucht-Neutral-1.jpg\" alt=\"\" class=\"wp-image-14821\"\/><\/figure><\/div>\n\n\n\n<p>Opfer eines sogenannten Grapschers wurde am sp\u00e4ten Sonntagabend eine junge Frau im Stadtteil Kirchheim. <\/p>\n\n\n\n<p>Die\n 20-J\u00e4hrige befand sich gegen 23:45 Uhr auf dem Nachhauseweg; von der \nHaltestelle Kirchheim\/Rathaus kommend in die Konradgasse. Als die \nGesch\u00e4digte ihre Haust\u00fcr aufschlie\u00dfen wollte, bemerkte sie, dass ihr ein\n Unbekannter gefolgt war. Dreist griff ihr der Mann unter den Rock und \nbetatschte sie am Ges\u00e4\u00df. <\/p>\n\n\n\n<p>Anschlie\u00dfend fl\u00fcchtete er vom Tatort. Folgende T\u00e4terbeschreibung konnte erlangt werden: <\/p>\n\n\n\n<ul><li>Nordafrikanischer Ph\u00e4notyp<\/li><li>Anfang 20<\/li><li>ca. 1,75m bis 1,80m  gro\u00df<\/li><li>Kinnbart<\/li><li>dichtes kurz-gelocktes schwarzes Haar<\/li><li>sprach Deutsch mit ausl\u00e4ndischem Akzent<\/li><li>war mit einer Jeans und einem  schwarzen T-Shirt bekleidet <\/li><\/ul>\n\n\n\n<p>Zeugen des Vorfalls oder Personen  die anhand der \u00fcbermittelten Personenbeschreibung Hinweise zur Identit\u00e4t  des Gesuchten geben k\u00f6nnen, werden gebeten, das wegen einer  Sexualstraftat ermittelnde Fachdezernat der Kriminalpolizeidirektion  Heidelberg unter 0621\/174-4444 anzurufen. <\/p>\n\n\n\n<h4 class=\"wp-block-heading\">(Schwetzingen \/ Rhein-Neckar-Kreis) &#8211; Mercedes besch\u00e4digt \/ Polizei sucht Zeugen<\/h4>\n\n\n\n<p>Schaden von rund 3.000 Euro richtete ein bislang unbekannter Autofahrer  am Sonntag an einem in der Collinistra\u00dfe in H\u00f6he des Anwesens Nr. 4  abgestellten Mercedes an. Der Gesch\u00e4digte stellte seinen Wagen in der  Nacht zum Sonntag gegen 2 Uhr ab.  Als er am Nachmittag gegen 15 Uhr zu  seinem Auto zur\u00fcckgekehrte, musste er die Besch\u00e4digungen feststellen. Er  erstattete umgehend Anzeige bei der Polizei. Die Beamten ermitteln nun  wegen Unfallflucht und nehmen unter Tel.: 06202\/2880 sachdienliche  Hinweise zum Fl\u00fcchtigen entgegen. <\/p>\n\n\n\n<h4 class=\"wp-block-heading\">(Ketsch \/ Rhein-Neckar-Kreis) &#8211; Vorfahrtsverletzung \/ Unfall in der Schwetzinger Stra\u00dfe\/II. Rheinstra\u00dfe<\/h4>\n\n\n\n<p>Am Sonntagabend gegen 20 Uhr kam es in der Schwetzinger Stra\u00dfe\/II.  Rheinstra\u00dfe zu einem Verkehrsunfall, der Sachschaden von fast 10.000  Euro forderte. Ausgel\u00f6st hatte den Crash ein 33-j\u00e4hriger Opel  Corsa-Fahrer, der die Vorfahrt seines Kontrahenten, einem 25-j\u00e4hrigen  Kia-Fahrer, nicht beachtet hatte. Beide Autos wurden stark besch\u00e4digt.  Der 25-J\u00e4hrige klagte zudem \u00fcber leichte Verletzungen und wollte sich  selbstst\u00e4ndig in medizinische Behandlung begeben. Da Betriebsstoffe  ausgelaufen waren, war der Einsatz der Freiwilligen Feuerwehr Ketsch  sowie einer Spezialfirma erforderlich. Der Verursacher sieht einer  Anzeige entgegen. <\/p>\n\n\n\n<h4 class=\"wp-block-heading\">(Walldorf \/ A 6 \/ Rhein-Neckar-Kreis) &#8211; 500 Liter Diesel aus Lkw-Tank gestohlen \/ Wer hat verd\u00e4chtige Wahrnehmungen gemacht?<\/h4>\n\n\n\n<p>Unbekannte T\u00e4ter stahlen in am Sonntagmorgen, zwischen 6 Uhr und 8 Uhr  auf einem Parkplatz an der A 6 aus dem Tank einer Sattelzugmaschine eine  gr\u00f6\u00dfere Menge Treibstoff. Vermutlich w\u00e4hrend der Fahrer auf einem  Parkplatz zwischen dem Autobahnkreuz Walldorf und dem Autobahndreieck  Hockenheim, Fahrtrichtung Mannheim in seiner Zugmaschine schlief,  entwendeten die Unbekannten rund 500 Liter Diesel aus dem linken  Kraftstofftank des Fahrzeugs. Anschlie\u00dfend entfernten sie sich unerkannt  vom Tatort. <\/p>\n\n\n\n<p>Zeugen, die verd\u00e4chtige Wahrnehmungen gemacht haben,  werden gebeten, sich beim Verkehrskommissariat Walldorf, Tel.:  06227\/35826-0 zu melden. <\/p>\n\n\n\n<h4 class=\"wp-block-heading\">(A 6, Gemarkung Dielheim \/ Rhein-Neckar-Kreis) &#8211;  Umgest\u00fcrzter Anh\u00e4nger blockiert die Autobahn<\/h4>\n\n\n\n<p>Wegen eines umgest\u00fcrzten Lkw-Anh\u00e4ngers kam es bereits am Montagmorgen  zu erheblichen Verkehrsbehinderungen auf der BAB 6, Fahrtrichtung  Mannheim. <\/p>\n\n\n\n<p>Gegen 09:45 Uhr wurde der Polizei ein verunfalltes \nSchwerfahrzeug auf der stark befahrenen Fernstra\u00dfe gemeldet. In H\u00f6he \nDielheim war -beim derzeitigen Stand der Ermittlungen- der 55-j\u00e4hrige \nFahrer eines Gliederzugs aus Bayern zun\u00e4chst langsam nach rechts von der\n Fahrbahn abgekommen, dann gegen die Schutzplanken geprallt, bis sich \ndann beim Gegenlenken der leere Anh\u00e4nger aufschaukelte und umkippte. Ein\n am Heck des Anh\u00e4ngers mitgef\u00fchrter Gabelstapler l\u00f6ste sich und kam auf \ndem linken Fahrstreifen zum Liegen, der Anh\u00e4nger blockierte den rechten \nund den mittleren Fahrstreifen, sodass alle Fahrbahnen Richtung Mannheim\n blockiert waren. <\/p>\n\n\n\n<p>Gegen 11:05 Uhr wurde zun\u00e4chst ein Fahrstreifen, ab 13:15 Uhr ein Zweiter wieder ge\u00f6ffnet und f\u00fcr den Verkehr freigegeben. <\/p>\n\n\n\n<p>Den  Sachschaden an Stra\u00dfe, Leitplanke und Lkw-Anh\u00e4nger beziffert das  ermittelnde Verkehrskommissariat in Walldorf auf mindestens 10.000 Euro.  Zum Berichtszeitpunkt dauern die Aufr\u00e4umarbeiten an.  Der Verkehr  staute sich zeitweise auf bis zu 10 Kilometern L\u00e4nge. Verletzt wurde bei  dem Unfall niemand. <\/p>\n\n\n\n<h4 class=\"wp-block-heading\">(A 6, Gemarkung Dielheim \/ Rhein-Neckar-Kreis) &#8211; Umgest\u00fcrzter Anh\u00e4nger geborgen!<\/h4>\n\n\n\n<h4 class=\"wp-block-heading\" style=\"text-align:center\">Pressemeldung Nr. 2<\/h4>\n\n\n\n<p>Die Bergungsma\u00dfnahmen des auf der BAB 6 umgest\u00fcrzten Anh\u00e4ngers sind  mittlerweile abgeschlossen. Die Richtungsfahrbahn Heilbronn\/Mannheim ist  wieder frei befahrbar. <\/p>\n\n\n\n<h4 class=\"wp-block-heading\">(Dielheim \/ Rhein-Neckar-Kreis) &#8211; Mehrere Bauger\u00e4te gestohlen \/ Zeugen gesucht<\/h4>\n\n\n\n<p>Im Zeitraum von Freitag, den 14.06.2019 bis zum heutigen Morgen  verschafften sich ein oder mehrere T\u00e4ter unerlaubt Zutritt auf eine  Baustelle in der Baiertaler Stra\u00dfe und entwendeten mehrere Bauger\u00e4te.  Neben einem Diebstahlsschaden mehr als 8.000 EUR entstand mindestens 500  EUR Sachschaden aufgrund einer eingeschlagenen Scheibe an einem  Radlader. Diesen nutzten die Diebe vermutlich unerlaubt um die schweren  Ger\u00e4te auf einen Anh\u00e4nger oder Lkw zu laden. Neben einer R\u00fcttelplatte  mit einem Gewicht von knapp 250 Kg, wurden auch ein Handstampfer und ein  Asphaltschneideger\u00e4t entwendet. Zeugen die verd\u00e4chtige Wahrnehmungen  gemacht haben oder Hinweise geben k\u00f6nnen, werden gebeten, sich unter  06222 57090 an die Ermittler des Polizeireviers Wiesloch zu wenden. <\/p>\n\n\n\n<h4 class=\"wp-block-heading\">(Sinsheim \/ A 6 \/ Rhein-Neckar-Kreis) &#8211; Mit verkehrsunsicherem Auto-Anh\u00e4nger-Gespann unterwegs, Kinder ungesichert im Fahrzeug<\/h4>\n\n\n\n<p>Ein 21-j\u00e4hriger Mann aus Rum\u00e4nien war am Samstagabend mit seinem  Anh\u00e4nger-Gespann auf der A 6 in Richtung Heilbronn unterwegs. Das  Fahrzeug fiel einer Streife des Verkehrskommissariats Walldorf gegen 19  Uhr zwischen den Anschlussstellen Rauenberg und Sinsheim auf und wurden  zur Kontrolle an der Tank- und Rastanlagen Kraichgau-S\u00fcd gestoppt. Das  8-sitzige Fahrzeug war mit f\u00fcnf Erwachsenen, zwei Kleinkindern und einem  S\u00e4ugling besetzt. Die Kinder sa\u00dfen ohne jede Sicherung im Auto.  Geeignete Kindersitze waren nicht vorhanden. <\/p>\n\n\n\n<p>Bei einer \neingehenden \u00dcberpr\u00fcfung des Gespanns fiel auf, dass der Anh\u00e4nger \naufgrund eines geladenen VW Passat, der zudem noch mit Gep\u00e4ck und \nweiteren Gegenst\u00e4nden beladen war, v\u00f6llig \u00fcberladen war. Zudem war die \nAuflaufbremse vollkommen ohne Funktion. Zur weiteren \u00dcberpr\u00fcfung wird \nder Anh\u00e4nger einem Sachverst\u00e4ndigen zur eingehenden Begutachtung \nvorgef\u00fchrt. <\/p>\n\n\n\n<p>Dem 21-J\u00e4hrigen wurde die Weiterfahrt untersagt. Die weiteren Ermittlungen des Verkehrskommissariats Walldorf dauern an. <\/p>\n\n\n\n<h4 class=\"wp-block-heading\">(Eberbach \/ Rhein-Neckar-Kreis) &#8211; Brand in einer Wohnung eines Mehrfamilienhauses, hoher Brandschaden<\/h4>\n\n\n\n<p>Am Montag gegen 10 Uhr wurden Feuerwehr und Polizei zu einem Brand in einem Mehrfamilienhaus in der Odenwaldstra\u00dfe gerufen. <\/p>\n\n\n\n<p>Nach derzeitigem Kenntnisstand brannte es in einer Wohnung im Erdgeschoss. <\/p>\n\n\n\n<p>Personen\n befanden sich nicht mehr in der Wohnung. Ein Hund konnte aus der \nWohnung befreit werden, dieser biss einem Feuerwehrmann in die Hand. Der\n Golden Retriever Mix erfreute sich bester Gesundheit. <\/p>\n\n\n\n<p>W\u00e4hrend \nder L\u00f6scharbeiten der Feuerwehr wurde die Odenwaldstra\u00dfe teilweise \ngesperrt. Es kam zu Verkehrsbehinderungen. Die Sperrung wurde gegen 11 \nUhr wieder aufgehoben. <\/p>\n\n\n\n<p>Am Geb\u00e4ude entstand durch den Vollbrand \nein Schaden von 15.000 Euro. Das Inventar der Wohnung wurde ebenfalls in\n noch nicht bezifferbarer H\u00f6he besch\u00e4digt, bzw. zerst\u00f6rt. Die Wohnung \nist derzeit nicht bewohnbar. <\/p>\n\n\n\n<p>Ob ein Defekt eines elektrischen  K\u00fcchenger\u00e4ts den Brand verursachte, ist u.a. Gegenstand der Ermittlungen  des Polizeireviers Eberbach. <\/p>\n\n\n\n<h4 class=\"wp-block-heading\">(Edingen-Neckarhausen \/ Rhein-Neckar-Kreis) &#8211; Opel Kadett Baujahr 1987 entwendet \/ Zeugen gesucht<\/h4>\n\n\n\n<p>Bislang unbekannte T\u00e4ter haben in der Nacht von Samstag auf Sonntag in  der Schlo\u00dfstra\u00dfe einen Opel Kadett, Baujahr 1987, entwendet. Der Halter  hatte den roten Opel mit dem amtlichen Kennzeichen HD &#8211; NE 569 H am  Samstag gegen 17 Uhr in einer Parkbucht abgestellt, am Sonntag gegen 10  Uhr bemerkte er den Diebstahl und verst\u00e4ndigte die Polizei. Die Fahndung  nach dem Auto verlief bislang ohne Ergebnis. Zeugen, die im fraglichen  Zeitraum verd\u00e4chtige Beobachtungen gemacht haben werden gebeten, sich  unter Telefon 06203\/93050 beim Polizeirevier Ladenburg zu melden. <\/p>\n\n\n\n<h4 class=\"wp-block-heading\">(Altenbach \/ Schriesheim \/ Rhein-Neckar-Kreis) &#8211; Mehrere Verletzte nach  Unfall auf der Landesstra\u00dfe 596a, Rettungshubschrauber im Einsatz<\/h4>\n\n\n\n<h4 class=\"wp-block-heading\" style=\"text-align:center\">Erstmeldung<\/h4>\n\n\n\n<p>Zu einem Verkehrsunfall auf der L 596a kam es am Montagnachmittag. <\/p>\n\n\n\n<p>Gegen\n 16:20 Uhr geriet der Fahrer eines Audi, der von Altenbach kommend \nRichtung Schriesheim unterwegs war, unweit des Abzweigs Richtung \nUrsenbach in den Gegenverkehr und prallte dort gegen mehrere \nentgegenkommende Autos. <\/p>\n\n\n\n<p>Derzeit ist bekannt, dass mindestens drei  Personen verletzt wurden und mehrere Rettungswagen sowie der  Rettungshubschrauber im Einsatz sind. Die L 596a ist derzeit voll  gesperrt. <\/p>\n\n\n\n<h4 class=\"wp-block-heading\">(Altenbach \/ Schriesheim \/ Rhein-Neckar-Kreis) &#8211; Drei Verletzte nach Unfall auf der Landesstra\u00dfe 596a, Abschlussmeldung<\/h4>\n\n\n\n<p>Bei dem Verkehrsunfall, der sich am Montagnachmittag auf der L 596a  zwischen Altenbach und Schriesheim ereignete, wurden drei Menschen  verletzt. <\/p>\n\n\n\n<p>Beim derzeitigen Stand der Ermittlungen wollte ein \n29-j\u00e4hriger Audi-Fahrer einen in gleicher Richtung fahrenden Radfahrer \n\u00fcberholen. Beim Wiedereinscheren fuhr der Mann mit seinem Audi A 6 auf \ndie Bankette, geriet ins Schleudern, verlor vollends die Herrschaft \u00fcber\n sein Auto, kam in den Gegenverkehr und stie\u00df dort mit zwei Autos \nzusammen. Dabei wurden eine 19-j\u00e4hrige Mini-Fahrerin und ein 59-j\u00e4hriger\n Renault-Fahrer so schwer verletzt, dass sie in ein Heidelberger \nKrankenhaus eingeliefert werden mussten. Auch der Unfallverursacher kam \nin eine Klinik. \u00dcber Art und Schwere der Verletzungen liegen der Polizei\n aber keine Informationen vor. An allen drei Pkw entstand Totalschaden. \nAuch ein St\u00fcck Leitplanke wurde in Mitleidenschaft gezogen. Der \nSachschaden wird auf mindestens 15.000 Euro gesch\u00e4tzt. Neben dem \nRettungshubschrauber waren noch zwei weitere Not\u00e4rzte sowie insgesamt \ndrei Rettungswagen im Einsatz. <\/p>\n\n\n\n<p>W\u00e4hrend der Unfallaufnahme und der Bergung der besch\u00e4digten Fahrzeuge war die Landesstra\u00dfe von und nach Altenbach gesperrt. <\/p>\n\n\n\n<p>Die Ermittlungen zur Unfallursache hat die Verkehrsunfallaufnahme-West \u00fcbernommen. <\/p>\n\n\n\n<h4 class=\"wp-block-heading\">(Laudenbach \/ Rhein-Neckar-Kreis) &#8211; Beim Ausparken Auto besch\u00e4digt und abgehauen<\/h4>\n\n\n\n<p>Beim Ausparken besch\u00e4digte am Sonntagmorgen in Laudenbach ein  57-j\u00e4hriger Autofahrer einen geparkten Jaguar und fl\u00fcchtete anschlie\u00dfend  von der Unfallstelle. Es entstand Sachschaden in H\u00f6he von rund 4.000  Euro. Ein Zeuge hatte kurz vor 10 Uhr den Vorfall in der  Carl-Benz-Stra\u00dfe beobachtet und ihn der Polizei gemeldet. Anschlie\u00dfend  verfolgte er das Fahrzeug und teilte der Polizei anschlie\u00dfend den  Abstellort des unfallverursachenden Mercedes mit. Beim Eintreffen am  Abstellort kam der 57-J\u00e4hrige Fahrer des Mercedes auf die Polizeibeamten  zu und hielt ihnen ein Mobiltelefon entgegen. Am Telefon war der  Arbeitgeber des Mannes und schilderte, was vorgefallen war. Der  57-j\u00e4hrige aus Polen stammende Mann ist der deutschen Sprache nicht  m\u00e4chtig, weshalb er sich der Hilfe seines Chefs bediente. <\/p>\n\n\n\n<p>Gegen den 57-J\u00e4hrigen wird nun wegen Unfallflucht ermittelt. Sein F\u00fchrerschein wurde einbehalten. <\/p>\n","protected":false},"excerpt":{"rendered":"<div class=\"mh-excerpt\"><p>Polizeimeldungen vom Montag (17.06.2019) (Speyer) &#8211; Sachbesch\u00e4digung an Schnellimbissrestaurant Unbekannte T\u00e4ter besch\u00e4digten zw. 15.06 &#8211; 16.06.2019, 16:00 &#8211; 20:00 Uhr durch Steinwurf zwei gro\u00dffl\u00e4chige Fensterscheiben des hauseigenen Lagers eines Schnellimbissrestaurants in der Wormser Landstra\u00dfe. Hierdurch <a class=\"mh-excerpt-more\" href=\"https:\/\/speyer24news.com\/?p=14974\" title=\"Polizeimeldungen\">[&#8230;]<\/a><\/p>\n<\/div>","protected":false},"author":3,"featured_media":0,"comment_status":"open","ping_status":"open","sticky":false,"template":"","format":"standard","meta":{"_monsterinsights_skip_tracking":false,"_monsterinsights_sitenote_active":false,"_monsterinsights_sitenote_note":"","_monsterinsights_sitenote_category":0,"footnotes":""},"categories":[12],"tags":[61,63,105,53,102,213,55,103,106,427,104,979,1565],"aioseo_notices":[],"amp_enabled":true,"_links":{"self":[{"href":"https:\/\/speyer24news.com\/index.php?rest_route=\/wp\/v2\/posts\/14974"}],"collection":[{"href":"https:\/\/speyer24news.com\/index.php?rest_route=\/wp\/v2\/posts"}],"about":[{"href":"https:\/\/speyer24news.com\/index.php?rest_route=\/wp\/v2\/types\/post"}],"author":[{"embeddable":true,"href":"https:\/\/speyer24news.com\/index.php?rest_route=\/wp\/v2\/users\/3"}],"replies":[{"embeddable":true,"href":"https:\/\/speyer24news.com\/index.php?rest_route=%2Fwp%2Fv2%2Fcomments&post=14974"}],"version-history":[{"count":1,"href":"https:\/\/speyer24news.com\/index.php?rest_route=\/wp\/v2\/posts\/14974\/revisions"}],"predecessor-version":[{"id":14976,"href":"https:\/\/speyer24news.com\/index.php?rest_route=\/wp\/v2\/posts\/14974\/revisions\/14976"}],"wp:attachment":[{"href":"https:\/\/speyer24news.com\/index.php?rest_route=%2Fwp%2Fv2%2Fmedia&parent=14974"}],"wp:term":[{"taxonomy":"category","embeddable":true,"href":"https:\/\/speyer24news.com\/index.php?rest_route=%2Fwp%2Fv2%2Fcategories&post=14974"},{"taxonomy":"post_tag","embeddable":true,"href":"https:\/\/speyer24news.com\/index.php?rest_route=%2Fwp%2Fv2%2Ftags&post=14974"}],"curies":[{"name":"wp","href":"https:\/\/api.w.org\/{rel}","templated":true}]}}