{"id":15032,"date":"2019-06-19T10:38:31","date_gmt":"2019-06-19T09:38:31","guid":{"rendered":"https:\/\/speyer24news.com\/?p=15032"},"modified":"2019-06-19T10:38:32","modified_gmt":"2019-06-19T09:38:32","slug":"suedliche-weinstrasse-3","status":"publish","type":"post","link":"https:\/\/speyer24news.com\/?p=15032","title":{"rendered":"S\u00fcdliche Weinstra\u00dfe:"},"content":{"rendered":"<style type=\"text\/css\">\r\n\t.ads_top_disp{}\r\n\t.ads_top_corner_disp{ float:left; margin:0px 10px 10px 0px; }\r\n\t.ads_first_p_disp{}\r\n\t.ads_bottom_disp{}\r\n\t<\/style>\n<h2 class=\"wp-block-heading\">\u201eWie schmeckt die S\u00fcdpfalz?\u201c \u2013 Kreative Gastronomen sind bereit f\u00fcr Genusswettbewerb.<\/h2>\n\n\n\n<div class=\"wp-block-image\"><figure class=\"alignleft is-resized\"><img decoding=\"async\" loading=\"lazy\" src=\"https:\/\/speyer24news.com\/wp-content\/uploads\/2019\/06\/S\u00fcdliche_Weinstrasse_RS8796_RZ_Logo_2019_Grumbeere_weiss_hinterlegt_2019-scr.jpg\" alt=\"\" class=\"wp-image-15038\" width=\"289\" height=\"289\" srcset=\"https:\/\/speyer24news.com\/wp-content\/uploads\/2019\/06\/S\u00fcdliche_Weinstrasse_RS8796_RZ_Logo_2019_Grumbeere_weiss_hinterlegt_2019-scr.jpg 500w, https:\/\/speyer24news.com\/wp-content\/uploads\/2019\/06\/S\u00fcdliche_Weinstrasse_RS8796_RZ_Logo_2019_Grumbeere_weiss_hinterlegt_2019-scr-150x150.jpg 150w, https:\/\/speyer24news.com\/wp-content\/uploads\/2019\/06\/S\u00fcdliche_Weinstrasse_RS8796_RZ_Logo_2019_Grumbeere_weiss_hinterlegt_2019-scr-300x300.jpg 300w\" sizes=\"(max-width: 289px) 100vw, 289px\" \/><\/figure><\/div>\n\n\n\n<h3 class=\"wp-block-heading\">Buttrig, erdig oder nussig im Geschmack: Aufregend und raffiniert wird es, wenn Pf\u00e4lzer GRUMBEERE auf die Teller kommen. <\/h3>\n\n\n\n<h4 class=\"wp-block-heading\">Bald geht es los: Wettbewerb \u201eSo schmeckt die S\u00fcdpfalz 2019\u201c startet am 1. Juli mit dem Thema \u201ePf\u00e4lzer Grumbeere\u201c<\/h4>\n\n\n\n<div class=\"wp-block-image\"><figure class=\"aligncenter\"><img decoding=\"async\" loading=\"lazy\" width=\"800\" height=\"534\" src=\"https:\/\/speyer24news.com\/wp-content\/uploads\/2019\/06\/8887scr.jpg\" alt=\"\" class=\"wp-image-15039\" srcset=\"https:\/\/speyer24news.com\/wp-content\/uploads\/2019\/06\/8887scr.jpg 800w, https:\/\/speyer24news.com\/wp-content\/uploads\/2019\/06\/8887scr-300x200.jpg 300w, https:\/\/speyer24news.com\/wp-content\/uploads\/2019\/06\/8887scr-768x513.jpg 768w\" sizes=\"(max-width: 800px) 100vw, 800px\" \/><\/figure><\/div>\n\n\n\n<p>H<strong>erxheim \/ S\u00fcdpfalz &#8211; <\/strong>Ein Ortstermin auf dem Kartoffelhof Kuntz in Herxheim stimmt die 16 Teilnehmer des Wettbewerbs \u201eSo schmeckt die S\u00fcdpfalz\u201c auf das diesj\u00e4hrige Genuss-Thema \u201ePf\u00e4lzer Grumbeere\u201c ein. Kartoffelbauer Volker Kuntz, der den Familienbetrieb mit Hofladen zusammen mit seiner Frau und den beiden S\u00f6hnen betreibt, zeigt den wissbegierigen Gastronomen direkt auf dem Acker, welche Kartoffelsorten hier angebaut und wie die ersten Fr\u00fchkartoffeln geerntet werden.<\/p>\n\n\n\n<div class=\"wp-block-image\"><figure class=\"aligncenter\"><img decoding=\"async\" loading=\"lazy\" width=\"800\" height=\"534\" src=\"https:\/\/speyer24news.com\/wp-content\/uploads\/2019\/06\/8885scr.jpg\" alt=\"\" class=\"wp-image-15040\" srcset=\"https:\/\/speyer24news.com\/wp-content\/uploads\/2019\/06\/8885scr.jpg 800w, https:\/\/speyer24news.com\/wp-content\/uploads\/2019\/06\/8885scr-300x200.jpg 300w, https:\/\/speyer24news.com\/wp-content\/uploads\/2019\/06\/8885scr-768x513.jpg 768w\" sizes=\"(max-width: 800px) 100vw, 800px\" \/><\/figure><\/div>\n\n\n\n<p>\u201eDieses Zusammentreffen von Gastronomen und landwirtschaftlichen Erzeugern ist genau das, was sich unsere Tourismusvereine S\u00fcdliche Weinstrasse e.V. und S\u00fcdpfalz Tourismus Landkreis Germersheim e.V.  als Veranstalter des Genuss-Wettbewerbs w\u00fcnschen; zeigt es doch, wie kurz die Wege f\u00fcr regionale Produkte in der S\u00fcdpfalz sind und welchen Wettbewerbsvorteil unsere Region vor anderen Destinationen hat, wo das Thema Genuss nicht so glaubw\u00fcrdig gespielt werden kann\u201c, erl\u00e4utert Landrat Dietmar Seefeldt die Zielsetzung des Wettbewerbs \u201eSo schmeckt die S\u00fcdpfalz\u201c. <\/p>\n\n\n\n<p>\u201eIn diesem Jahr nimmt zwar leider kein Gastronomiebetrieb aus dem Landkreis Germersheim am Wettbewerb teil. Als Begr\u00fcndung wurde insbesondere der Fachkr\u00e4ftemangel genannt. Dennoch beteiligt sich der Landkreis Germersheim weiterhin am Wettbewerb, da dieser die engen Beziehungen der regionalen Erzeuger und der Gastronomen f\u00f6rdert und die gesamte S\u00fcdpfalz als Genussregion vermarktet wird\u201c,    unterstreicht Landrat Dr. Fritz Brechtel. \u201eSie sind Indiz f\u00fcr unsere gute Nachbarschaft und die enge Zusammenarbeit auf den Gebieten Landwirtschaft, Weinbau und Tourismus.\u201c <\/p>\n\n\n\n<div class=\"wp-block-image\"><figure class=\"aligncenter\"><img decoding=\"async\" loading=\"lazy\" width=\"500\" height=\"886\" src=\"https:\/\/speyer24news.com\/wp-content\/uploads\/2019\/06\/S\u00fcdliche_Weinstrasse_RS8797_Postkarte_So-schmeckt-2019-scr.jpg\" alt=\"\" class=\"wp-image-15041\" srcset=\"https:\/\/speyer24news.com\/wp-content\/uploads\/2019\/06\/S\u00fcdliche_Weinstrasse_RS8797_Postkarte_So-schmeckt-2019-scr.jpg 500w, https:\/\/speyer24news.com\/wp-content\/uploads\/2019\/06\/S\u00fcdliche_Weinstrasse_RS8797_Postkarte_So-schmeckt-2019-scr-169x300.jpg 169w\" sizes=\"(max-width: 500px) 100vw, 500px\" \/><\/figure><\/div>\n\n\n\n<p>Der Landauer Oberb\u00fcrgermeister Thomas Hirsch freut sich als Kopf der gr\u00f6\u00dften Weinbau treibenden Stadt Deutschlands nicht nur dar\u00fcber, dass mit dem Hotel Kurpfalz und V\u00f6geli\u2019s Weinnest zwei Landauer Gastronomen beim Wettbewerb dabei sind, sondern auch, dass der Wein bei \u201eSo schmeckt die S\u00fcdpfalz\u201c eine wichtige Rolle spielt. Er weist auf die in der zum Wettbewerb erschienenen Brosch\u00fcre genannte Weinempfehlung von Marion Neutmann aus der Vinothek Par Terre in Landau hin: \u201eMeist passend zu Kartoffelgerichten sind Wei\u00dfweine aus der Burgunderfamilie. Bei kr\u00e4ftigen Schmorgerichten empfiehlt sich ein kr\u00e4ftiger Wein \u2013 gerne Cabernet Sauvignon, Merlot oder eine Rotwein-Cuv\u00e9e. Zu leichten Fleisch- oder Grillgerichten kann eine leichtere Variante serviert werden, zum Beispiel aus der Reihe der Sp\u00e4tburgunder.\u201c <\/p>\n\n\n\n<p>Partner f\u00fcr den Wettbewerb, der 2019 in die vierte Runde geht, ist die Erzeugergemeinschaft Pf\u00e4lzer Grumbeere mit ihren 300 Kartoffel-Erzeugern. Nach den Themen Tomate, Apfel und Kraut &amp; R\u00fcben h\u00e4lt damit das pf\u00e4lzischste aller Feldprodukte Einzug in die K\u00fcchen der S\u00fcdpfalz und steht im Mittelpunkt der fantasievollen 3-G\u00e4nge-Men\u00fcs. \u201eDie kreativen Gerichte der S\u00fcdpf\u00e4lzer Gastronomen beweisen, was diese k\u00f6nnen und dass Grumbeere viel mehr sind als eine Beilage\u201c, erkl\u00e4rt Hartmut Magin, Vorsitzender der Erzeugergemeinschaft Pf\u00e4lzer Grumbeere, die in diesem Jahr den Preis f\u00fcr den Geheimtipp vergibt. <\/p>\n\n\n\n<p>\u201eWas man aus Kartoffeln, einem Pf\u00e4lzer Kulturgut, alles machen kann, verr\u00e4t ein Blick auf die Liste der Men\u00fcs, die auch bei der Jury hohe Erwartungen und Neugier auf die bevorstehenden Test-Essen weckt\u201c, erkl\u00e4rt Dieter Luther, ehemaliger Sterne-Koch und von Beginn an Mitglied der 7-k\u00f6pfigen Jury, die alle Restaurants unangek\u00fcndigt testen und bewerten wird. \u201eIm Fokus der Bewertung stehen auch f\u00fcr uns Regionalit\u00e4t und Saisonalit\u00e4t der eingesetzten Produkte. Dar\u00fcber hinaus legen wir nat\u00fcrlich Wert auf die Kreativit\u00e4t der K\u00f6che und die Qualit\u00e4t und den Geschmack der zu bewertenden Men\u00fcs.\u201c<\/p>\n\n\n\n<div class=\"wp-block-image\"><figure class=\"aligncenter\"><img decoding=\"async\" loading=\"lazy\" width=\"500\" height=\"750\" src=\"https:\/\/speyer24news.com\/wp-content\/uploads\/2019\/06\/S\u00fcdliche_Weinstrasse_RS8798_das_esszimmer_pfalz_byernst_69A9252-scr.jpg\" alt=\"\" class=\"wp-image-15042\" srcset=\"https:\/\/speyer24news.com\/wp-content\/uploads\/2019\/06\/S\u00fcdliche_Weinstrasse_RS8798_das_esszimmer_pfalz_byernst_69A9252-scr.jpg 500w, https:\/\/speyer24news.com\/wp-content\/uploads\/2019\/06\/S\u00fcdliche_Weinstrasse_RS8798_das_esszimmer_pfalz_byernst_69A9252-scr-200x300.jpg 200w\" sizes=\"(max-width: 500px) 100vw, 500px\" \/><\/figure><\/div>\n\n\n\n<p>Und die klingen vielversprechend: So gibt es zur Vorspeise z.B. Carpaccio von der Pf\u00e4lzer Grumbeere mit Pfifferlingen &amp; Kr\u00e4utersalaten. Zum Hauptgang wird es u.a. Kartoffelwaffeln von der Marabel mit Ratatouille und Rucola garniert mit Via Aurelia oder Kotelett vom Landschwein an Bohnen-Tomaten-Sugo und gebuttertem Kartoffel-Baumkuchen sowie buntem Sommergem\u00fcse geben. Und die Desserts klingen besonders spannend: z.B. Ravioli von Pf\u00e4lzer Grumbeere und Pfirsich mit Weinschaum und Sommerbeeren, Sunita Kartoffelschupfnudeln mit Blaumohn und Apfel-Schmand-Eis oder gebackener Kartoffel-Quark-Kn\u00f6del auf Schokoladen-Erde mit Holunder-Espuma, Brombeeren und Heidelbeeren-Salz-Karamell und Honig-Buttercreme. <\/p>\n\n\n\n<div class=\"wp-block-image\"><figure class=\"aligncenter\"><img decoding=\"async\" loading=\"lazy\" width=\"500\" height=\"500\" src=\"https:\/\/speyer24news.com\/wp-content\/uploads\/2019\/06\/S\u00fcdliche_Weinstrasse_RS8796_RZ_Logo_2019_Grumbeere_weiss_hinterlegt_2019-scr.jpg\" alt=\"\" class=\"wp-image-15038\" srcset=\"https:\/\/speyer24news.com\/wp-content\/uploads\/2019\/06\/S\u00fcdliche_Weinstrasse_RS8796_RZ_Logo_2019_Grumbeere_weiss_hinterlegt_2019-scr.jpg 500w, https:\/\/speyer24news.com\/wp-content\/uploads\/2019\/06\/S\u00fcdliche_Weinstrasse_RS8796_RZ_Logo_2019_Grumbeere_weiss_hinterlegt_2019-scr-150x150.jpg 150w, https:\/\/speyer24news.com\/wp-content\/uploads\/2019\/06\/S\u00fcdliche_Weinstrasse_RS8796_RZ_Logo_2019_Grumbeere_weiss_hinterlegt_2019-scr-300x300.jpg 300w\" sizes=\"(max-width: 500px) 100vw, 500px\" \/><\/figure><\/div>\n\n\n\n<p>Wer auf den Geschmack gekommen ist: Neben dem Preis der Jury wird auch ein Publikumspreis ausgelobt. Teilnehmen k\u00f6nnen alle G\u00e4ste, die im Aktionszeitraum <strong><em>vom 1. Juli bis 25. August 2019<\/em><\/strong> in den nominierten Restaurants ein Grumbeere-Men\u00fc probieren. Sie k\u00f6nnen anschlie\u00dfend auf Bewertungsk\u00e4rtchen direkt im Restaurant abstimmen. Zu gewinnen gibt es je ein Men\u00fc f\u00fcr zwei Personen in einem der nominierten Betriebe. Die <strong>Preisverleihung <\/strong>findet <strong>am 23. September 2019<\/strong> statt.<\/p>\n\n\n\n<p>Noch ein Tipp: wer sich in den S\u00fcdpf\u00e4lzer Restaurants Anregungen geholt hat und lieber selbst zum Kochl\u00f6ffel greift, kann in den SBK-M\u00e4rkten der S\u00fcdpfalz, die in diesem Jahr ebenso wie Gem\u00fcse Theis den Wettbewerb \u201eSo schmeckt die S\u00fcdpfalz\u201c unterst\u00fctzen, Pf\u00e4lzer Grumbeere einkaufen und eigene Kartoffel-Gerichte kreieren. In allen M\u00e4rkten wird es spezielle Grumbeere-Stationen geben.  <\/p>\n\n\n\n<p><strong>Nominierte des Wettbewerbs sind:<\/strong><\/p>\n\n\n\n<ul><li> Kurhaus Trifels, Annweiler <\/li><li> s\u2019Reiwerle, Annweiler <\/li><li> Spelzenhof, Altdorf <\/li><li> Ritterhof zur Rose, Burrweiler <\/li><li> Birkenthaler Hof, Eu\u00dferthal <\/li><li> Klosterst\u00fcbl, Eu\u00dferthal<\/li><li> Muskatellerhof, Gleiszellen <\/li><li> Weinstube Brennofen, Ilbesheim<\/li><li> Stiftsgut Keyserm\u00fchle, Klingenm\u00fcnster <\/li><li> Hotel Restaurant Kurpfalz, Landau <\/li><li> V\u00f6geli\u2019s Weinnest, Landau &#8211; Wollmesheim<\/li><li> Hotel Castell, Leinsweiler<\/li><li> WeinRestaurant Fritz Walter, Niederhorbach<\/li><li> Landhotel Hauer, Pleisweiler-Oberhofen <\/li><li> Hotel Restaurant zum Bahnhof 1894, Rohrbach<\/li><li> Gasthaus Sesel in der Alten Rebschule, Rhodt unter Rietburg <\/li><\/ul>\n\n\n\n<p>Weitere Infos zum Wettbewerb gibt es unter <a href=\"http:\/\/www.soschmecktdiesuedpfalz.de\">www.soschmecktdiesuedpfalz.de<\/a><\/p>\n\n\n\n<p><em>Text: S\u00fcdliche Weinstrasse e.V. Foto: Bildarchiv S\u00fcdliche Weinstrasse e.V.; Christian Ernst<br>19.06.2019<\/em><\/p>\n\n\n\n<h2 class=\"wp-block-heading\">35. Weinfest der S\u00fcdlichen Weinstrasse auf Schloss Blutenburg in M\u00fcnchen<\/h2>\n\n\n\n<div class=\"wp-block-image\"><figure class=\"aligncenter\"><img decoding=\"async\" loading=\"lazy\" width=\"800\" height=\"600\" src=\"https:\/\/speyer24news.com\/wp-content\/uploads\/2019\/06\/Weinfest.png\" alt=\"\" class=\"wp-image-15034\" srcset=\"https:\/\/speyer24news.com\/wp-content\/uploads\/2019\/06\/Weinfest.png 800w, https:\/\/speyer24news.com\/wp-content\/uploads\/2019\/06\/Weinfest-300x225.png 300w, https:\/\/speyer24news.com\/wp-content\/uploads\/2019\/06\/Weinfest-768x576.png 768w, https:\/\/speyer24news.com\/wp-content\/uploads\/2019\/06\/Weinfest-678x509.png 678w, https:\/\/speyer24news.com\/wp-content\/uploads\/2019\/06\/Weinfest-326x245.png 326w, https:\/\/speyer24news.com\/wp-content\/uploads\/2019\/06\/Weinfest-80x60.png 80w\" sizes=\"(max-width: 800px) 100vw, 800px\" \/><\/figure><\/div>\n\n\n\n<p><strong>M\u00fcnchen &#8211; <\/strong>Mit vereinten Kr\u00e4ften waren rund 50 S\u00fcdpf\u00e4lzer am Christi-Himmelfahrt-Wochenende in M\u00fcnchen im Einsatz, um das 35. Weinfest der S\u00fcdlichen Weinstrasse auf Schloss Blutenburg in M\u00fcnchen-Obermenzing zu veranstalten. Eine gro\u00dfe logistische Leistung, die die Mitarbeiter und Helfer des S\u00fcdliche Weinstrasse e.V., der vier beteiligten Weing\u00fcter \u2013 Weingut Bourdy Edesheim, Weingut Gut von Beiden Kleinfischlingen, Weinhaus Franz Hahn Albersweiler und Weingut Schreieck Sankt Martin \u2013 und der Gaumenfreunde Edenkoben 5 Tage lang zu bringen hatten, um Tausende Besucher von 29. Mai bis 2. Juni im Innenhof des romantischen Wasserschlosses zu bewirten. <\/p>\n\n\n\n<div class=\"wp-block-image\"><figure class=\"aligncenter\"><img decoding=\"async\" loading=\"lazy\" width=\"800\" height=\"536\" src=\"https:\/\/speyer24news.com\/wp-content\/uploads\/2019\/06\/S\u00fcdliche_Weinstrasse_RS8883_DSC_0293-scr.jpg\" alt=\"\" class=\"wp-image-15035\" srcset=\"https:\/\/speyer24news.com\/wp-content\/uploads\/2019\/06\/S\u00fcdliche_Weinstrasse_RS8883_DSC_0293-scr.jpg 800w, https:\/\/speyer24news.com\/wp-content\/uploads\/2019\/06\/S\u00fcdliche_Weinstrasse_RS8883_DSC_0293-scr-300x201.jpg 300w, https:\/\/speyer24news.com\/wp-content\/uploads\/2019\/06\/S\u00fcdliche_Weinstrasse_RS8883_DSC_0293-scr-768x515.jpg 768w\" sizes=\"(max-width: 800px) 100vw, 800px\" \/><\/figure><\/div>\n\n\n\n<p>Neben einer gro\u00dfen Auswahl von Weinen im Stielglas am Weinprobierstand durfte der Pf\u00e4lzer Schoppen nat\u00fcrlich nicht fehlen. Zudem wurden verschiedene Edelbr\u00e4nde und fruchtige Lik\u00f6re sowie Streunerschorlen von den Streuobstwiesen der S\u00fcdpfalz angeboten. Dazu gab es Flammkuchen und z\u00fcnftige Pf\u00e4lzer Spezialit\u00e4ten des eigens aus der Pfalz angereisten Teams von Gaumenfreunde Catering aus Edenkoben. <\/p>\n\n\n\n<div class=\"wp-block-image\"><figure class=\"aligncenter\"><img decoding=\"async\" loading=\"lazy\" width=\"800\" height=\"536\" src=\"https:\/\/speyer24news.com\/wp-content\/uploads\/2019\/06\/S\u00fcdliche_Weinstrasse_RS8882_DSC_0282-scr.jpg\" alt=\"\" class=\"wp-image-15036\" srcset=\"https:\/\/speyer24news.com\/wp-content\/uploads\/2019\/06\/S\u00fcdliche_Weinstrasse_RS8882_DSC_0282-scr.jpg 800w, https:\/\/speyer24news.com\/wp-content\/uploads\/2019\/06\/S\u00fcdliche_Weinstrasse_RS8882_DSC_0282-scr-300x201.jpg 300w, https:\/\/speyer24news.com\/wp-content\/uploads\/2019\/06\/S\u00fcdliche_Weinstrasse_RS8882_DSC_0282-scr-768x515.jpg 768w\" sizes=\"(max-width: 800px) 100vw, 800px\" \/><\/figure><\/div>\n\n\n\n<p>Das Fest auf Schloss Blutenburg hat eine lange Tradition und lockt jedes Jahr Weinkenner, Feinschmecker und alle Freunde von Schloss Blutenburg zum Genie\u00dfen an. Das mittelalterliche Schloss mit seinem idyllischen Innenhof, wo man unter Schatten spendenden Apfelb\u00e4umen sitzen kann, bietet den perfekten Rahmen f\u00fcr das stimmungsvolle Weinfest, auf dem die Verbundenheit von Bayern und Pfalz gefeiert wird. Das dr\u00fcckt sich sogar in der Musik aus, wo der Auftakt von der ortsans\u00e4ssigen Stadtkapelle Germering gespielt wurde, gefolgt von den P\u00e4lzer Buwe, den Reblausmusikanten und den pf\u00e4lzischen Alleinunterhaltern Franz Roth und Markus Albert.<\/p>\n\n\n\n<div class=\"wp-block-image\"><figure class=\"aligncenter\"><img decoding=\"async\" loading=\"lazy\" width=\"800\" height=\"536\" src=\"https:\/\/speyer24news.com\/wp-content\/uploads\/2019\/06\/S\u00fcdliche_Weinstrasse_RS8884_DSC_0319-scr.jpg\" alt=\"\" class=\"wp-image-15037\" srcset=\"https:\/\/speyer24news.com\/wp-content\/uploads\/2019\/06\/S\u00fcdliche_Weinstrasse_RS8884_DSC_0319-scr.jpg 800w, https:\/\/speyer24news.com\/wp-content\/uploads\/2019\/06\/S\u00fcdliche_Weinstrasse_RS8884_DSC_0319-scr-300x201.jpg 300w, https:\/\/speyer24news.com\/wp-content\/uploads\/2019\/06\/S\u00fcdliche_Weinstrasse_RS8884_DSC_0319-scr-768x515.jpg 768w\" sizes=\"(max-width: 800px) 100vw, 800px\" \/><\/figure><\/div>\n\n\n\n<p>Gerade f\u00fcr den Vatertagsausflug zu Fu\u00df oder mit dem Fahrrad ist das Fest bei vielen M\u00fcnchnern eine feste Institution und brach in diesem Jahr bei strahlendem Sonnenschein alle Rekorde. \u00dcber 10.000 Besucher genossen bei bestem Wetter die Pf\u00e4lzer Gastlichkeit. Mehr als 15.000 Flaschen Wein gingen dabei \u00fcber die Theke. Die beiden Veranstalter \u2013 S\u00fcdliche Weinstrasse e.V. in Kooperation mit dem Verein der Freunde Schloss Blutenburg e.V. \u2013 freuten sich dar\u00fcber, dass es ein friedliches Fest blieb, bei dem die Menschen in bester Weinfestlaune zusammen zu feiern wussten. <\/p>\n\n\n\n<p><strong> Weitere Informationen <\/strong><br> S\u00fcdliche Weinstrasse e.V.<br> An der Kreuzm\u00fchle 2<br> 76829 Landau<br> Tel.: 06341 940 407<br> <a href=\"http:\/\/www.suedlicheweinstrasse.de\">www.suedlicheweinstrasse.de<\/a><\/p>\n\n\n\n<p><em>Text: S\u00fcdliche Weinstrasse e.V., Uta Holz Foto: Cristina Witte-Parra, Bildarchiv S\u00fcdliche Weinstra\u00dfe e.V.<br>19.06.2019<\/em><\/p>\n","protected":false},"excerpt":{"rendered":"<div class=\"mh-excerpt\"><p>\u201eWie schmeckt die S\u00fcdpfalz?\u201c \u2013 Kreative Gastronomen sind bereit f\u00fcr Genusswettbewerb. Buttrig, erdig oder nussig im Geschmack: Aufregend und raffiniert wird es, wenn Pf\u00e4lzer GRUMBEERE auf die Teller kommen. Bald geht es los: Wettbewerb \u201eSo <a class=\"mh-excerpt-more\" href=\"https:\/\/speyer24news.com\/?p=15032\" title=\"S\u00fcdliche Weinstra\u00dfe:\">[&#8230;]<\/a><\/p>\n<\/div>","protected":false},"author":3,"featured_media":15033,"comment_status":"open","ping_status":"open","sticky":false,"template":"","format":"standard","meta":{"_monsterinsights_skip_tracking":false,"_monsterinsights_sitenote_active":false,"_monsterinsights_sitenote_note":"","_monsterinsights_sitenote_category":0,"footnotes":""},"categories":[1622],"tags":[1623,1626,377,1625,359,361,1624,373],"aioseo_notices":[],"amp_enabled":true,"_links":{"self":[{"href":"https:\/\/speyer24news.com\/index.php?rest_route=\/wp\/v2\/posts\/15032"}],"collection":[{"href":"https:\/\/speyer24news.com\/index.php?rest_route=\/wp\/v2\/posts"}],"about":[{"href":"https:\/\/speyer24news.com\/index.php?rest_route=\/wp\/v2\/types\/post"}],"author":[{"embeddable":true,"href":"https:\/\/speyer24news.com\/index.php?rest_route=\/wp\/v2\/users\/3"}],"replies":[{"embeddable":true,"href":"https:\/\/speyer24news.com\/index.php?rest_route=%2Fwp%2Fv2%2Fcomments&post=15032"}],"version-history":[{"count":1,"href":"https:\/\/speyer24news.com\/index.php?rest_route=\/wp\/v2\/posts\/15032\/revisions"}],"predecessor-version":[{"id":15043,"href":"https:\/\/speyer24news.com\/index.php?rest_route=\/wp\/v2\/posts\/15032\/revisions\/15043"}],"wp:featuredmedia":[{"embeddable":true,"href":"https:\/\/speyer24news.com\/index.php?rest_route=\/wp\/v2\/media\/15033"}],"wp:attachment":[{"href":"https:\/\/speyer24news.com\/index.php?rest_route=%2Fwp%2Fv2%2Fmedia&parent=15032"}],"wp:term":[{"taxonomy":"category","embeddable":true,"href":"https:\/\/speyer24news.com\/index.php?rest_route=%2Fwp%2Fv2%2Fcategories&post=15032"},{"taxonomy":"post_tag","embeddable":true,"href":"https:\/\/speyer24news.com\/index.php?rest_route=%2Fwp%2Fv2%2Ftags&post=15032"}],"curies":[{"name":"wp","href":"https:\/\/api.w.org\/{rel}","templated":true}]}}