{"id":15051,"date":"2019-06-19T15:46:32","date_gmt":"2019-06-19T14:46:32","guid":{"rendered":"https:\/\/speyer24news.com\/?p=15051"},"modified":"2019-06-19T15:46:33","modified_gmt":"2019-06-19T14:46:33","slug":"schwetzingen-5","status":"publish","type":"post","link":"https:\/\/speyer24news.com\/?p=15051","title":{"rendered":"Schwetzingen:"},"content":{"rendered":"<style type=\"text\/css\">\r\n\t.ads_top_disp{}\r\n\t.ads_top_corner_disp{ float:left; margin:0px 10px 10px 0px; }\r\n\t.ads_first_p_disp{}\r\n\t.ads_bottom_disp{}\r\n\t<\/style>\n<h2 class=\"wp-block-heading\">Stadt Schwetzingen: \u00d6ffentl. Gemeinderatssitzung am 24.06.2019<\/h2>\n\n\n\n<p>Am Montag, 24.06.2019, 18:30 Uhr, findet im Rathaus Schwetzingen, gro\u00dfer Sitzungssaal, eine \u00f6ffentliche Sitzung des Gemeinderates statt, zu der wir hiermit einladen.<\/p>\n\n\n\n<p style=\"text-align:center\"><strong>Tagesordnung:<\/strong><\/p>\n\n\n\n<ol><li>Ablehnung der ehrenamtlichen T\u00e4tigkeit durch Frau Simone Ehrhardt hier: Erneuter Beschluss nach \u00a7 43 Abs. 2 Gemeindeordnung (GemO)<\/li><\/ol>\n\n\n\n<p><em>Stadtverwaltung Schwetzingen<br>19.06.2019<\/em><\/p>\n\n\n\n<h2 class=\"wp-block-heading\">Kindergarten Spatzennest feierte sein Fr\u00fchlingsfest<\/h2>\n\n\n\n<div class=\"wp-block-image\"><figure class=\"aligncenter\"><img decoding=\"async\" loading=\"lazy\" width=\"800\" height=\"532\" src=\"https:\/\/speyer24news.com\/wp-content\/uploads\/2019\/06\/Fr\u00fchlingsfest-Kiga-Spatzennest-1.jpg\" alt=\"\" class=\"wp-image-15055\" srcset=\"https:\/\/speyer24news.com\/wp-content\/uploads\/2019\/06\/Fr\u00fchlingsfest-Kiga-Spatzennest-1.jpg 800w, https:\/\/speyer24news.com\/wp-content\/uploads\/2019\/06\/Fr\u00fchlingsfest-Kiga-Spatzennest-1-300x200.jpg 300w, https:\/\/speyer24news.com\/wp-content\/uploads\/2019\/06\/Fr\u00fchlingsfest-Kiga-Spatzennest-1-768x511.jpg 768w\" sizes=\"(max-width: 800px) 100vw, 800px\" \/><\/figure><\/div>\n\n\n\n<p>\u201aIn Schwetzingen ist im M\u00e4useland der Hofknicks an der Reih, man knickst sich da ganz h\u00f6flich zu und sagt ganz freundlich Hi!\u2018 <\/p>\n\n\n\n<div class=\"wp-block-image\"><figure class=\"alignleft is-resized\"><img decoding=\"async\" loading=\"lazy\" src=\"https:\/\/speyer24news.com\/wp-content\/uploads\/2019\/06\/Fr\u00fchlingsfest-Kiga-Spatzennest-2.jpg\" alt=\"\" class=\"wp-image-15056\" width=\"352\" height=\"464\" srcset=\"https:\/\/speyer24news.com\/wp-content\/uploads\/2019\/06\/Fr\u00fchlingsfest-Kiga-Spatzennest-2.jpg 500w, https:\/\/speyer24news.com\/wp-content\/uploads\/2019\/06\/Fr\u00fchlingsfest-Kiga-Spatzennest-2-228x300.jpg 228w\" sizes=\"(max-width: 352px) 100vw, 352px\" \/><\/figure><\/div>\n\n\n\n<p>Mit dynamischen Liedern und Tanzeinlagen begr\u00fc\u00dften die Spatzennestkinder ihre Eltern und G\u00e4ste zum diesj\u00e4hrigen M\u00e4use-Fr\u00fchlingsfest.<\/p>\n\n\n\n<p>Vielf\u00e4ltige Aktivit\u00e4ten sorgten f\u00fcr Unterhaltung von Gro\u00df und Klein. Die Kinder erwarben an den einzelnen Aktionsst\u00e4nden L\u00f6cher f\u00fcr ihre K\u00e4selaufkarte, unter anderem beim Riesenkegeln und Entenangeln. Im K\u00e4sef\u00fchlkasten versteckte sich allerlei Spannendes und beim sportlichen Hau Hi-Ballwurf und beim Schaumflaschen-Pusten gab es viel Spa\u00df und Bewegung. Mit nach Hause nehmen durften alle kreative Kinder ihre gebastelten \u201eFang die Maus-Becher\u201c und die M\u00e4usetombola f\u00fcllte mit den Gewinnen so manche Taschen. Das M\u00e4usesch\u00e4tzglas sorgte nicht nur f\u00fcr Kopfzerbrechen und mathematische Hochrechnungen, sondern ebenso f\u00fcr kleine Gewinne. W\u00e4hrend der Kinderkino-Vorstellungen gab es eine spannende M\u00e4usegeschichte zu sehen. An dem von den Eltern ausgerichteten vielf\u00e4ltigen und sehr leckeren Buffet wurde wirklich jeder satt.<\/p>\n\n\n\n<div class=\"wp-block-image\"><figure class=\"aligncenter\"><img decoding=\"async\" loading=\"lazy\" width=\"800\" height=\"587\" src=\"https:\/\/speyer24news.com\/wp-content\/uploads\/2019\/06\/Fr\u00fchlingsfest-Kiga-Spatzennest-3.jpg\" alt=\"\" class=\"wp-image-15057\" srcset=\"https:\/\/speyer24news.com\/wp-content\/uploads\/2019\/06\/Fr\u00fchlingsfest-Kiga-Spatzennest-3.jpg 800w, https:\/\/speyer24news.com\/wp-content\/uploads\/2019\/06\/Fr\u00fchlingsfest-Kiga-Spatzennest-3-300x220.jpg 300w, https:\/\/speyer24news.com\/wp-content\/uploads\/2019\/06\/Fr\u00fchlingsfest-Kiga-Spatzennest-3-768x564.jpg 768w, https:\/\/speyer24news.com\/wp-content\/uploads\/2019\/06\/Fr\u00fchlingsfest-Kiga-Spatzennest-3-80x60.jpg 80w\" sizes=\"(max-width: 800px) 100vw, 800px\" \/><\/figure><\/div>\n\n\n\n<p><em>Stadtverwaltung Schwetzingen<br>19.06.2019<\/em><\/p>\n\n\n\n<h2 class=\"wp-block-heading\">29. Juni: Verlegung des Wochenmarktes auf den Schlossplatz<\/h2>\n\n\n\n<p>Am Samstag, 29. Juni 2019,  findet der Wochenmarkt auf dem n\u00f6rdlichen Schlossplatz statt. Grund ist der Franz\u00f6sische Markt auf den Kleinen Planken.<\/p>\n\n\n\n<p><em>Stadtverwaltung Schwetzingen<br>19.06.2019<\/em><\/p>\n\n\n\n<h2 class=\"wp-block-heading\">Don Giovanni, Mozarts Streichquartette &amp; ganz viel \u201eBella Musica\u201c<\/h2>\n\n\n\n<h3 class=\"wp-block-heading\">Der Vorverkauf f\u00fcr das 44. Schwetzinger Mozartfest hat begonnen<\/h3>\n\n\n\n<div class=\"wp-block-image\"><figure class=\"aligncenter\"><img decoding=\"async\" loading=\"lazy\" width=\"500\" height=\"688\" src=\"https:\/\/speyer24news.com\/wp-content\/uploads\/2019\/06\/44-Schwetzinger-Mozartfest.png\" alt=\"\" class=\"wp-image-15053\" srcset=\"https:\/\/speyer24news.com\/wp-content\/uploads\/2019\/06\/44-Schwetzinger-Mozartfest.png 500w, https:\/\/speyer24news.com\/wp-content\/uploads\/2019\/06\/44-Schwetzinger-Mozartfest-218x300.png 218w\" sizes=\"(max-width: 500px) 100vw, 500px\" \/><\/figure><\/div>\n\n\n\n<p>Im Jubil\u00e4umsjahr der Schwetzinger Mozartgesellschaft bekommen die Zuschauer ein Mozartfest mit vielf\u00e4ltigen Highlights geschenkt. Zur Er\u00f6ffnung huldigen die Botschafter der Europ\u00e4ischen Mozartwege \u201eBella Musica\u201c \u2013 junge Musiker der Universit\u00e4t Mozarteum Salzburg \u2013 Leopold Mozart zum 300. Geburtstag. Tags drauf geht es spannend weiter: Das Theater Koblenz feiert fern der Heimatb\u00fchne die Premiere seiner Neu-Inszenierung \u201eDon Giovanni\u201c in der Regie von Intendant Markus Dietze. Am zweiten Festival-Wochenende gibt es abermals viel Neues zu entdecken: drei Stipendiaten der J\u00fcrgen-Ponto-Stiftung gestalten gemeinsam mit den Heidelberger Philharmonikern ein Konzert mit Werken der Mannheimer Schule und das Minguet-Quartett pr\u00e4sentiert zusammen mit Klarinettist Nikolaus Friedrich eine Urauff\u00fchrung des Komponisten York H\u00f6ller, dem letzten Meistersch\u00fcler von Alois Zimmermann. Komplettiert werden diese beiden Wochenenden durch eine Konzert-Matinee des Van Baerle Trios und ein Klavierrecital rund um die Wiener Klassik mit der Pianistin Lisa Smirnova, die allesamt bereits in den vergangenen Jahren umjubelte G\u00e4ste in Schwetzingen waren. Das Finale des Festes wird eingel\u00e4utet durch Gambe und Cembalo: Jakob David Rattinger und Ralf Waldner erkunden mit ihren Instrumenten die Musik, die den jungen Mozart beeinflusst und gepr\u00e4gt hat. Und zu guter Letzt ein besonderes Bonbon, sozusagen ein Festival im Festival: In drei aufeinander folgenden Konzerten bringen das Schumann Quartett und das Amaryllis Quartett die zehn gro\u00dfen Streichquartette Mozarts in chronologischer Reihenfolge zu Geh\u00f6r.<\/p>\n\n\n\n<p>Die Vorstellungen des <strong>44. Schwetzinger Mozartfestes<\/strong> sind ab sofort im Vorverkauf, ebenso das <strong>Kinderkonzert \u201eKarneval der Tiere\u201c<\/strong> am <strong>ersten Adventswochenende<\/strong> und das <em>Neujahrskonzert am 1. Januar 2020<\/em>. Tickets sind erh\u00e4ltlich bei der Schwetzinger Zeitung sowie bei allen bekannten VVK-Stellen und online unter <a href=\"http:\/\/www.reservix.de\">www.reservix.de<\/a>.<\/p>\n\n\n\n<p>Weitere Informationen unter <a href=\"http:\/\/www.mozartgesellschaft-schwetzingen.de\">www.mozartgesellschaft-schwetzingen.de<\/a>.<\/p>\n\n\n\n<p style=\"text-align:center\"><strong>Lesen Sie auch hier den Flyer zu den Veranstaltungen des 44. Mozartfestes<\/strong>:<\/p>\n\n\n\n<div class=\"wp-block-file\"><a href=\"https:\/\/speyer24news.com\/wp-content\/uploads\/2019\/06\/44.-Schwetzinger-Mozartfest_Flyer_final.pdf\">44. Schwetzinger Mozartfest<\/a><a href=\"https:\/\/speyer24news.com\/wp-content\/uploads\/2019\/06\/44.-Schwetzinger-Mozartfest_Flyer_final.pdf\" class=\"wp-block-file__button\" download>Herunterladen<\/a><\/div>\n\n\n\n<p><em>Mozartgesellschaft Schwetzingen e.V.<br>19.06.2019<\/em><\/p>\n","protected":false},"excerpt":{"rendered":"<div class=\"mh-excerpt\"><p>Stadt Schwetzingen: \u00d6ffentl. Gemeinderatssitzung am 24.06.2019 Am Montag, 24.06.2019, 18:30 Uhr, findet im Rathaus Schwetzingen, gro\u00dfer Sitzungssaal, eine \u00f6ffentliche Sitzung des Gemeinderates statt, zu der wir hiermit einladen. Tagesordnung: Ablehnung der ehrenamtlichen T\u00e4tigkeit durch Frau <a class=\"mh-excerpt-more\" href=\"https:\/\/speyer24news.com\/?p=15051\" title=\"Schwetzingen:\">[&#8230;]<\/a><\/p>\n<\/div>","protected":false},"author":3,"featured_media":0,"comment_status":"open","ping_status":"open","sticky":false,"template":"","format":"standard","meta":{"_monsterinsights_skip_tracking":false,"_monsterinsights_sitenote_active":false,"_monsterinsights_sitenote_note":"","_monsterinsights_sitenote_category":0,"footnotes":""},"categories":[477],"tags":[1629,115,1628,154,1627,44],"aioseo_notices":[],"amp_enabled":true,"_links":{"self":[{"href":"https:\/\/speyer24news.com\/index.php?rest_route=\/wp\/v2\/posts\/15051"}],"collection":[{"href":"https:\/\/speyer24news.com\/index.php?rest_route=\/wp\/v2\/posts"}],"about":[{"href":"https:\/\/speyer24news.com\/index.php?rest_route=\/wp\/v2\/types\/post"}],"author":[{"embeddable":true,"href":"https:\/\/speyer24news.com\/index.php?rest_route=\/wp\/v2\/users\/3"}],"replies":[{"embeddable":true,"href":"https:\/\/speyer24news.com\/index.php?rest_route=%2Fwp%2Fv2%2Fcomments&post=15051"}],"version-history":[{"count":1,"href":"https:\/\/speyer24news.com\/index.php?rest_route=\/wp\/v2\/posts\/15051\/revisions"}],"predecessor-version":[{"id":15058,"href":"https:\/\/speyer24news.com\/index.php?rest_route=\/wp\/v2\/posts\/15051\/revisions\/15058"}],"wp:attachment":[{"href":"https:\/\/speyer24news.com\/index.php?rest_route=%2Fwp%2Fv2%2Fmedia&parent=15051"}],"wp:term":[{"taxonomy":"category","embeddable":true,"href":"https:\/\/speyer24news.com\/index.php?rest_route=%2Fwp%2Fv2%2Fcategories&post=15051"},{"taxonomy":"post_tag","embeddable":true,"href":"https:\/\/speyer24news.com\/index.php?rest_route=%2Fwp%2Fv2%2Ftags&post=15051"}],"curies":[{"name":"wp","href":"https:\/\/api.w.org\/{rel}","templated":true}]}}