{"id":15060,"date":"2019-06-19T15:48:28","date_gmt":"2019-06-19T14:48:28","guid":{"rendered":"https:\/\/speyer24news.com\/?p=15060"},"modified":"2019-06-19T15:48:29","modified_gmt":"2019-06-19T14:48:29","slug":"44-schwetzinger-mozartfest","status":"publish","type":"post","link":"https:\/\/speyer24news.com\/?p=15060","title":{"rendered":"44. Schwetzinger Mozartfest"},"content":{"rendered":"<style type=\"text\/css\">\r\n\t.ads_top_disp{}\r\n\t.ads_top_corner_disp{ float:left; margin:0px 10px 10px 0px; }\r\n\t.ads_first_p_disp{}\r\n\t.ads_bottom_disp{}\r\n\t<\/style>\n<h2 class=\"wp-block-heading\">Don Giovanni, Mozarts Streichquartette &amp; ganz viel \u201eBella Musica\u201c<\/h2>\n\n\n\n<h3 class=\"wp-block-heading\">Der Vorverkauf f\u00fcr das 44. Schwetzinger Mozartfest hat begonnen<\/h3>\n\n\n\n<div class=\"wp-block-image\"><figure class=\"aligncenter\"><img decoding=\"async\" loading=\"lazy\" width=\"500\" height=\"688\" src=\"https:\/\/speyer24news.com\/wp-content\/uploads\/2019\/06\/44-Schwetzinger-Mozartfest.png\" alt=\"\" class=\"wp-image-15053\" srcset=\"https:\/\/speyer24news.com\/wp-content\/uploads\/2019\/06\/44-Schwetzinger-Mozartfest.png 500w, https:\/\/speyer24news.com\/wp-content\/uploads\/2019\/06\/44-Schwetzinger-Mozartfest-218x300.png 218w\" sizes=\"(max-width: 500px) 100vw, 500px\" \/><\/figure><\/div>\n\n\n\n<p>Im Jubil\u00e4umsjahr der Schwetzinger Mozartgesellschaft bekommen die \nZuschauer ein Mozartfest mit vielf\u00e4ltigen Highlights geschenkt. Zur \nEr\u00f6ffnung huldigen die Botschafter der Europ\u00e4ischen Mozartwege \u201eBella \nMusica\u201c \u2013 junge Musiker der Universit\u00e4t Mozarteum Salzburg \u2013 Leopold \nMozart zum 300. Geburtstag. Tags drauf geht es spannend weiter: Das \nTheater Koblenz feiert fern der Heimatb\u00fchne die Premiere seiner \nNeu-Inszenierung \u201eDon Giovanni\u201c in der Regie von Intendant Markus \nDietze. Am zweiten Festival-Wochenende gibt es abermals viel Neues zu \nentdecken: drei Stipendiaten der J\u00fcrgen-Ponto-Stiftung gestalten \ngemeinsam mit den Heidelberger Philharmonikern ein Konzert mit Werken \nder Mannheimer Schule und das Minguet-Quartett pr\u00e4sentiert zusammen mit \nKlarinettist Nikolaus Friedrich eine Urauff\u00fchrung des Komponisten York \nH\u00f6ller, dem letzten Meistersch\u00fcler von Alois Zimmermann. Komplettiert \nwerden diese beiden Wochenenden durch eine Konzert-Matinee des Van \nBaerle Trios und ein Klavierrecital rund um die Wiener Klassik mit der \nPianistin Lisa Smirnova, die allesamt bereits in den vergangenen Jahren \numjubelte G\u00e4ste in Schwetzingen waren. Das Finale des Festes wird \neingel\u00e4utet durch Gambe und Cembalo: Jakob David Rattinger und Ralf \nWaldner erkunden mit ihren Instrumenten die Musik, die den jungen Mozart\n beeinflusst und gepr\u00e4gt hat. Und zu guter Letzt ein besonderes Bonbon, \nsozusagen ein Festival im Festival: In drei aufeinander folgenden \nKonzerten bringen das Schumann Quartett und das Amaryllis Quartett die \nzehn gro\u00dfen Streichquartette Mozarts in chronologischer Reihenfolge zu \nGeh\u00f6r.<\/p>\n\n\n\n<p>Die Vorstellungen des <strong>44. Schwetzinger Mozartfestes<\/strong> sind ab sofort im Vorverkauf, ebenso das <strong>Kinderkonzert \u201eKarneval der Tiere\u201c<\/strong> am <strong>ersten Adventswochenende<\/strong> und das <em>Neujahrskonzert am 1. Januar 2020<\/em>. Tickets sind erh\u00e4ltlich bei der Schwetzinger Zeitung sowie bei allen bekannten VVK-Stellen und online unter <a href=\"http:\/\/www.reservix.de\">www.reservix.de<\/a>.<\/p>\n\n\n\n<p>Weitere Informationen unter <a href=\"http:\/\/www.mozartgesellschaft-schwetzingen.de\">www.mozartgesellschaft-schwetzingen.de<\/a>.<\/p>\n\n\n\n<p><strong>Lesen Sie auch hier den Flyer zu den Veranstaltungen des 44. Mozartfestes<\/strong>: <a href=\"https:\/\/speyer24news.com\/wp-content\/uploads\/2019\/06\/44.-Schwetzinger-Mozartfest_Flyer_final.pdf\">44. Schwetzinger MozartfestHerunterladen<\/a><\/p>\n\n\n\n<p><em>Mozartgesellschaft Schwetzingen e.V.<br>19.06.2019<\/em><\/p>\n","protected":false},"excerpt":{"rendered":"<div class=\"mh-excerpt\"><p>Don Giovanni, Mozarts Streichquartette &amp; ganz viel \u201eBella Musica\u201c Der Vorverkauf f\u00fcr das 44. Schwetzinger Mozartfest hat begonnen Im Jubil\u00e4umsjahr der Schwetzinger Mozartgesellschaft bekommen die Zuschauer ein Mozartfest mit vielf\u00e4ltigen Highlights geschenkt. Zur Er\u00f6ffnung huldigen <a class=\"mh-excerpt-more\" href=\"https:\/\/speyer24news.com\/?p=15060\" title=\"44. Schwetzinger Mozartfest\">[&#8230;]<\/a><\/p>\n<\/div>","protected":false},"author":3,"featured_media":0,"comment_status":"open","ping_status":"open","sticky":false,"template":"","format":"standard","meta":{"_monsterinsights_skip_tracking":false,"_monsterinsights_sitenote_active":false,"_monsterinsights_sitenote_note":"","_monsterinsights_sitenote_category":0,"footnotes":""},"categories":[14,13],"tags":[1628,1630,154],"aioseo_notices":[],"amp_enabled":true,"_links":{"self":[{"href":"https:\/\/speyer24news.com\/index.php?rest_route=\/wp\/v2\/posts\/15060"}],"collection":[{"href":"https:\/\/speyer24news.com\/index.php?rest_route=\/wp\/v2\/posts"}],"about":[{"href":"https:\/\/speyer24news.com\/index.php?rest_route=\/wp\/v2\/types\/post"}],"author":[{"embeddable":true,"href":"https:\/\/speyer24news.com\/index.php?rest_route=\/wp\/v2\/users\/3"}],"replies":[{"embeddable":true,"href":"https:\/\/speyer24news.com\/index.php?rest_route=%2Fwp%2Fv2%2Fcomments&post=15060"}],"version-history":[{"count":1,"href":"https:\/\/speyer24news.com\/index.php?rest_route=\/wp\/v2\/posts\/15060\/revisions"}],"predecessor-version":[{"id":15061,"href":"https:\/\/speyer24news.com\/index.php?rest_route=\/wp\/v2\/posts\/15060\/revisions\/15061"}],"wp:attachment":[{"href":"https:\/\/speyer24news.com\/index.php?rest_route=%2Fwp%2Fv2%2Fmedia&parent=15060"}],"wp:term":[{"taxonomy":"category","embeddable":true,"href":"https:\/\/speyer24news.com\/index.php?rest_route=%2Fwp%2Fv2%2Fcategories&post=15060"},{"taxonomy":"post_tag","embeddable":true,"href":"https:\/\/speyer24news.com\/index.php?rest_route=%2Fwp%2Fv2%2Ftags&post=15060"}],"curies":[{"name":"wp","href":"https:\/\/api.w.org\/{rel}","templated":true}]}}