{"id":15129,"date":"2019-06-22T08:30:11","date_gmt":"2019-06-22T07:30:11","guid":{"rendered":"https:\/\/speyer24news.com\/?p=15129"},"modified":"2019-06-22T09:15:55","modified_gmt":"2019-06-22T08:15:55","slug":"germersheim-und-landkreis-germersheim-2","status":"publish","type":"post","link":"https:\/\/speyer24news.com\/?p=15129","title":{"rendered":"Germersheim und Landkreis Germersheim:"},"content":{"rendered":"<style type=\"text\/css\">\r\n\t.ads_top_disp{}\r\n\t.ads_top_corner_disp{ float:left; margin:0px 10px 10px 0px; }\r\n\t.ads_first_p_disp{}\r\n\t.ads_bottom_disp{}\r\n\t<\/style>\n<h2 class=\"wp-block-heading\">J\u00e4gerpr\u00fcfung erfolgreich abgelegt<\/h2>\n\n\n\n<h3 class=\"wp-block-heading\">Zehn Jungj\u00e4gerinnen und Jungj\u00e4ger haben im Landkreis Germersheim die J\u00e4gerpr\u00fcfung erfolgreich abgelegt und ihren ersten Jagdschein erhalten. <\/h3>\n\n\n\n<div class=\"wp-block-image\"><figure class=\"aligncenter\"><img decoding=\"async\" loading=\"lazy\" width=\"800\" height=\"600\" src=\"https:\/\/speyer24news.com\/wp-content\/uploads\/2019\/06\/Jaegerpruefung-2019-v.jpg\" alt=\"\" class=\"wp-image-15135\" srcset=\"https:\/\/speyer24news.com\/wp-content\/uploads\/2019\/06\/Jaegerpruefung-2019-v.jpg 800w, https:\/\/speyer24news.com\/wp-content\/uploads\/2019\/06\/Jaegerpruefung-2019-v-300x225.jpg 300w, https:\/\/speyer24news.com\/wp-content\/uploads\/2019\/06\/Jaegerpruefung-2019-v-768x576.jpg 768w, https:\/\/speyer24news.com\/wp-content\/uploads\/2019\/06\/Jaegerpruefung-2019-v-678x509.jpg 678w, https:\/\/speyer24news.com\/wp-content\/uploads\/2019\/06\/Jaegerpruefung-2019-v-326x245.jpg 326w, https:\/\/speyer24news.com\/wp-content\/uploads\/2019\/06\/Jaegerpruefung-2019-v-80x60.jpg 80w\" sizes=\"(max-width: 800px) 100vw, 800px\" \/><\/figure><\/div>\n\n\n\n<p><strong>Landkreis Germersheim &#8211; <\/strong>Seit vergangenem September haben ehrenamtliche Ausbilder der Kreisgruppe Germersheim Landesjagdverband Rheinland-Pfalz die angehenden J\u00e4ger\/innen an vielen Lehrgangstagen sowie Schie\u00dfstandterminen auf die Pr\u00fcfung vorbereitet. Die frischgebackenen J\u00e4ger\/innen lobten die vielseitige und interessant gestaltete Ausbildung der Kreisgruppe und die Kompetenz der Ausbilder.<\/p>\n\n\n\n<p>Im ersten Teil der J\u00e4gerpr\u00fcfung mussten die Jungj\u00e4ger\/innen ihr K\u00f6nnen im Schie\u00dfen mit Schrot, Kugel und Kurzwaffe auf stehende und bewegliche Ziele zeigen. Danach stand die landeseinheitliche schriftliche Pr\u00fcfung an. Hierbei sind in jedem von sechs Sachgebieten jeweils 20 Fragen zu beantworten. Nach bestandener schriftlicher Pr\u00fcfung folgte wenige Tage danach die m\u00fcndlich-praktische Pr\u00fcfung im Forsthof Schaidt. Dieser letzte Pr\u00fcfungsteil beinhaltet neben Sachwissen auch das praktische K\u00f6nnen, wie beispielsweise der Umgang mit der Waffe auf der Jagd, das Aufbrechen von Wild sowie Kenntnisse \u00fcber Pflanzen, Tiere und Wildkrankheiten.<\/p>\n\n\n\n<p>Die Pr\u00fcfung wurde von einer Kommission aus sechs ehrenamtlich berufenen Pr\u00fcfern unter dem Vorsitz des Kreisjagdmeisters Jochen Geeck durchgef\u00fchrt. Dieser begl\u00fcckw\u00fcnschte die sichtlich erleichterten Pr\u00fcflinge zur bestandenen Pr\u00fcfung. <\/p>\n\n\n\n<p>Auch der bei der Kreisverwaltung Germersheim f\u00fcr das Jagdwesen zust\u00e4ndige Kreisbeigeordnete Michael Braun gratulierte den Jungj\u00e4gerinnen und -j\u00e4gern und lobte die hochqualifizierte Ausbildung. \u201eDie vielf\u00e4ltigen Aufgaben bei der Aus\u00fcbung der Jagd erfordern ein hohes Ma\u00df an Verantwortung gegen\u00fcber Mensch und Umwelt. Obwohl die J\u00e4gerschaft einen wertvollen Beitrag zum Erhalt und Schutz unserer Kulturlandschaft beitr\u00e4gt, steht sie mehr und mehr im kritischen Blick der \u00d6ffentlichkeit\u201c, so Kreisbeigeordneter Braun: \u201eF\u00fcr die n\u00e4chste J\u00e4gerpr\u00fcfung 2020 befinden sich bereits neun neue Pr\u00fcflinge in Ausbildung. Dar\u00fcber freuen wir uns, denn dies spricht f\u00fcr eine gute Ausbildung und ist wohl das gr\u00f6\u00dfte Lob f\u00fcr die Ausbilder der Kreisgruppe Germersheim.\u201c<\/p>\n\n\n\n<p><em>Kreisverwaltung Germersheim<br>22.06.2019<\/em><\/p>\n\n\n\n<h2 class=\"wp-block-heading\">Erstmalige Grenzwert\u00fcberschreitung im Gew\u00e4sser Obere Altrheinwiesen in Neupotz<\/h2>\n\n\n\n<p><strong>Neupotz \/ Altrheinwiesen &#8211; <\/strong>Die Kreisverwaltung weist daraufhin, dass am Gew\u00e4sser Obere Altrheinwiesen in Neupotz eine \u00dcberschreitung der Indikatorkeime f\u00fcr Badegew\u00e4sser festgestellt worden ist. Die w\u00e4hrend der Badesaison regelm\u00e4\u00dfigen Messungen des Gesundheitsamtes haben ergeben, dass die Werte oberhalb der Schwellenwerte liegen, die durch die rheinland-pf\u00e4lzische Badegew\u00e4sserverordnung vorgegeben werden. <\/p>\n\n\n\n<p>Die untere Wasserbeh\u00f6rde der Kreisverwaltung hat die Gemeinde informiert, dass im vorliegenden Fall entsprechende Warnschilder aufzustellen sind. Das Baden ist an diesem Gew\u00e4sser aus Vorsicht zurzeit verboten. <\/p>\n\n\n\n<p>Am 24.06. wird eine Nachuntersuchung des Gew\u00e4ssers erfolgen. \u00dcber das Ergebnis dieser Untersuchung wird die Kreisverwaltung zeitnah informieren.<\/p>\n\n\n\n<p><em>Kreisverwaltung Germersheim<br>22.06.2019<\/em><\/p>\n\n\n\n<h2 class=\"wp-block-heading\">Langj\u00e4hrige Referentinnen und Referenten der Kreisvolkshochschule Germersheim mit der Ehrennadel des VHS-Verbandes Rheinland-Pfalz e.V. ausgezeichnet<\/h2>\n\n\n\n<div class=\"wp-block-image\"><figure class=\"aligncenter\"><img decoding=\"async\" loading=\"lazy\" width=\"800\" height=\"533\" src=\"https:\/\/speyer24news.com\/wp-content\/uploads\/2019\/06\/KVHS-Ehrung-Referenten-a.jpg\" alt=\"\" class=\"wp-image-15133\" srcset=\"https:\/\/speyer24news.com\/wp-content\/uploads\/2019\/06\/KVHS-Ehrung-Referenten-a.jpg 800w, https:\/\/speyer24news.com\/wp-content\/uploads\/2019\/06\/KVHS-Ehrung-Referenten-a-300x200.jpg 300w, https:\/\/speyer24news.com\/wp-content\/uploads\/2019\/06\/KVHS-Ehrung-Referenten-a-768x512.jpg 768w\" sizes=\"(max-width: 800px) 100vw, 800px\" \/><\/figure><\/div>\n\n\n\n<p><strong>Germersheim \/ KVHS &#8211;<\/strong> Im Rahmen einer kleinen Feier wurden am Mittwoch, 12. Juni, insgesamt 27 Referentinnen und Referenten, die zehn und mehr Jahre f\u00fcr die KVHS Germersheim und ihre \u00f6rtliche Au\u00dfenstellen t\u00e4tig sind, f\u00fcr ihren treuen Einsatz ausgezeichnet. Die Ehrennadel und Ehrenurkunde des rheinland-pf\u00e4lzischen Volkshochschulverbandes erhielten zum ersten Mal sechs Referentinnen und Referenten. Karin Tr\u00e4ber, Leiterin der KVHS Germersheim, \u00fcberbrachte die Gl\u00fcckw\u00fcnsche und Gr\u00fc\u00dfe von Landrat Dr. Fritz Brechtel und \u00fcberreichte den langj\u00e4hrigen Referentinnen und Referenten die Ehrennadeln sowie die Ehrenurkunde. <\/p>\n\n\n\n<p>In ihrer Rede hob Tr\u00e4ber hervor, dass die diesj\u00e4hrige Ehrung etwas Besonderes sei, denn die Volkshochschulfamilie feiert 2019 das Jubil\u00e4um des Deutschen Volkshochschulverbandes \u201e100 Jahre Volkshochschule\u201c. Ausl\u00f6ser hierzu war die Weimarer Verfassung, die erstmals Weiterbildung in \u00f6ffentlicher Verantwortung als Teil des staatlichen Bildungswesens benannte und dies explizit mit den Volkshochschulen verkn\u00fcpfte. Karin Tr\u00e4ber dankte allen Geehrten mit einem Blumenstrau\u00df und einem kleinen Pr\u00e4sent: \u201eOhne die Arbeit der Referentinnen und Referenten, ohne ihr Engagement, ihre Flexibilit\u00e4t und Ausdauer, w\u00e4ren die Volkshochschulen nicht so erfolgreich. Sie sind die tragenden S\u00e4ulen einer Bildungseinrichtung.\u201c Au\u00dferdem bedankte sie sich auch bei den Leiterinnen sowie den Mitarbeiterinnen der Au\u00dfenstellen und der Gesch\u00e4ftsstelle der KVHS f\u00fcr die gute Zusammenarbeit. <\/p>\n\n\n\n<p><em>Kreisverwaltung Germersheim<br>22.06.2019<\/em><\/p>\n\n\n\n<h2 class=\"wp-block-heading\">Jetzt F\u00f6rderung f\u00fcr Bienenh\u00fcgel beantragen<\/h2>\n\n\n\n<div class=\"wp-block-image\"><figure class=\"aligncenter\"><img decoding=\"async\" loading=\"lazy\" width=\"800\" height=\"320\" src=\"https:\/\/speyer24news.com\/wp-content\/uploads\/2019\/06\/Streuobst-Erlenbachniederung_6765.jpg\" alt=\"\" class=\"wp-image-15132\" srcset=\"https:\/\/speyer24news.com\/wp-content\/uploads\/2019\/06\/Streuobst-Erlenbachniederung_6765.jpg 800w, https:\/\/speyer24news.com\/wp-content\/uploads\/2019\/06\/Streuobst-Erlenbachniederung_6765-300x120.jpg 300w, https:\/\/speyer24news.com\/wp-content\/uploads\/2019\/06\/Streuobst-Erlenbachniederung_6765-768x307.jpg 768w\" sizes=\"(max-width: 800px) 100vw, 800px\" \/><\/figure><\/div>\n\n\n\n<p><strong>Landkreis Germersheim &#8211; <\/strong>Die Kreisverwaltung Germersheim als Untere Naturschutzbeh\u00f6rde bietet zusammen mit der Aktion S\u00fcdpfalz-Biotope Ma\u00dfnahmen zum Schutz und zur F\u00f6rderung der heimischen Wildbienen an. Nun hat Landrat Dr. Fritz Brechtel alle B\u00fcrgermeister, Ortsb\u00fcrgermeister und Ortsvorsteher im Kreis angeschrieben und das Angebot vorgestellt.<\/p>\n\n\n\n<p>Da die Mehrzahl der einheimischen Wildbienenarten im Erdboden nistet, sind die klassischen und bekannten Nisthilfen f\u00fcr diese Arten wertlos. Konkret sollen deshalb aus geeignetem Bodenmaterial erhabene terrassierte Nisth\u00fcgel errichtet werden, um eine optimale Besonnung und Durchw\u00e4rmung der Nistb\u00f6den zu gew\u00e4hrleisten. <\/p>\n\n\n\n<p>Die Ma\u00dfnahmen werden \u00fcber die Kreisverwaltung Germersheim unter Verwendung von Ersatzzahlungsmittel beantragt und von der Aktion S\u00fcdpfalz-Biotope entwickelt, durchgef\u00fchrt und betreut. Durch die F\u00f6rderung zu 100 % \u00fcber die Kreis-Ersatzzahlungsgelder entstehen den Grundst\u00fcckseigent\u00fcmern keine Kosten f\u00fcr die Planung und Errichtung. Die Pflege umfasst insbesondere die Offenhaltung und funktionsf\u00e4hige Pflege der Bienenh\u00fcgel sowie eine fachgutachterliche Beobachtung der Entwicklung der Wildbienenpopulation und wird durch die F\u00f6rderung ebenso unterst\u00fctzt. Standortkriterien sind u.a. ein ausreichendes Angebot an Nektarpflanzen in der Umgebung, ganzt\u00e4gige Sonneneinstrahlung, trockener Standort sowie eine Anfahrtsm\u00f6glichkeit f\u00fcr Lkw. So eignen sich dazu z.B. Ausgleichsfl\u00e4chen mit ausreichend Nektarpflanzen wie beispielsweise Streuobstwiesen, aber auch gr\u00f6\u00dfere und kleine Gr\u00fcnlandfl\u00e4chen.<\/p>\n\n\n\n<p>Kommunen, die daran Interesse haben, sollten sich <strong><em>bis sp\u00e4testens 1. Juli 2019<\/em><\/strong> direkt bei der Aktion S\u00fcdpfalz-Biotope, S\u00fcdpfalz Biotopzentrale, Niedergasse 5, 67483 Kleinfischlingen, Telefon 06347-4738878, zwecks Pr\u00fcfung der Fl\u00e4chen auf Eignung melden. <\/p>\n\n\n\n<p>Weitere Infos auch unter: <a href=\"https:\/\/www.nvs-natur-stiftung.de\/aktion-suedpfalz-biotope\/\">https:\/\/www.nvs-natur-stiftung.de\/aktion-suedpfalz-biotope\/<\/a><\/p>\n\n\n\n<p><em>Kreisverwaltung Germersheim<br>22.06.2019<\/em><\/p>\n\n\n\n<h2 class=\"wp-block-heading\">Haueisenpreis: Vorjury hat entschieden<\/h2>\n\n\n\n<h3 class=\"wp-block-heading\">Preisverleihung am 8. September im Zehnthaus in Jockgrim<\/h3>\n\n\n\n<div class=\"wp-block-image\"><figure class=\"aligncenter\"><img decoding=\"async\" loading=\"lazy\" width=\"800\" height=\"600\" src=\"https:\/\/speyer24news.com\/wp-content\/uploads\/2019\/06\/2019-Vorjury-Haueisen-Preis.jpg\" alt=\"\" class=\"wp-image-15134\" srcset=\"https:\/\/speyer24news.com\/wp-content\/uploads\/2019\/06\/2019-Vorjury-Haueisen-Preis.jpg 800w, https:\/\/speyer24news.com\/wp-content\/uploads\/2019\/06\/2019-Vorjury-Haueisen-Preis-300x225.jpg 300w, https:\/\/speyer24news.com\/wp-content\/uploads\/2019\/06\/2019-Vorjury-Haueisen-Preis-768x576.jpg 768w, https:\/\/speyer24news.com\/wp-content\/uploads\/2019\/06\/2019-Vorjury-Haueisen-Preis-678x509.jpg 678w, https:\/\/speyer24news.com\/wp-content\/uploads\/2019\/06\/2019-Vorjury-Haueisen-Preis-326x245.jpg 326w, https:\/\/speyer24news.com\/wp-content\/uploads\/2019\/06\/2019-Vorjury-Haueisen-Preis-80x60.jpg 80w\" sizes=\"(max-width: 800px) 100vw, 800px\" \/><\/figure><\/div>\n\n\n\n<p><strong>Regionen Elsass, Baden- W\u00fcrttemberg und Rheinland-Pfalz \/ Jockgrim &#8211; <\/strong>306 K\u00fcnstler aus den teilnahmeberechtigten Regionen Elsass, Baden- W\u00fcrttemberg und Rheinland-Pfalz haben sich f\u00fcr den diesj\u00e4hrigen Haueisen-Kunstpreis beworben. Vor kurzem tagte nun die von Landrat Dr. Fritz Brechtel benannte f\u00fcnfk\u00f6pfige Jury, die in einem Vorauswahlverfahren in der Kreisaula in Germersheim die eingereichten Arbeiten sichtete. <\/p>\n\n\n\n<p>122 Frauen und 184 M\u00e4nner stellten sich der Fachjury, bestehend aus Sabine Heilig, Kunsthistorikerin, Brigitte Sommer, K\u00fcnstlerin, Simone Dietz, Kunsthistorikerin, Dr. Heinz H\u00f6fchen, Pfalzgalerie Kaiserslautern und Erwin Heyn, K\u00fcnstler aus dem Elsass.<\/p>\n\n\n\n<p>Jetzt hie\u00df es Begutachtung und Diskussion. Nicht immer lag die Entscheidung auf der Hand und die Ansichten gingen teilweise auch kontrovers auseinander. Um den Werken der K\u00fcnstler aus den verschiedenen Kunstrichtungen gerecht zu werden, wurde immer wieder diskutiert. Letztlich konnten 28 Bewerberinnen und Bewerber nominiert werden. 15 Frauen und 13 M\u00e4nner schafften den Sprung in den Entscheid. Der j\u00fcngste der verbliebenen Bewerber ist Jahrgang 1989, die \u00e4ltesten sind Jahrgang 1944.<\/p>\n\n\n\n<p>Vorbereitet wurde die Vorjury von den Mitarbeiterinnen der Kreisvolkshochschule. \u201eDie Zahl der Bewerbungen ist im Vergleich zu 2017 gestiegen, auch 112 neue K\u00fcnstler und K\u00fcnstlerinnen haben sich beworben\u201c, so Karin Tr\u00e4ber, zust\u00e4ndig f\u00fcr die Organisation des Kunstpreises. Die Endjury tagt am 28. August 2019. <\/p>\n\n\n\n<p>Die Verleihung der Preise ist am Sonntag, 8. September 2019 um 11 Uhr im Zehnthaus Jockgrim. Gleichzeitig er\u00f6ffnet dort Landrat Dr. Fritz Brechtel die Ausstellung. Die Exponate werden vom 8. September bis 6. Oktober im Zehnthaus zu sehen sein.<\/p>\n\n\n\n<p><em>Kreisverwaltung Germersheim<br>22.06.2019<\/em><\/p>\n\n\n\n<h2 class=\"wp-block-heading\">Ausbildungsstellen 2020 bei der Kreisverwaltung Germersheim<\/h2>\n\n\n\n<p><strong>Bachelor of Arts (B.A.),<br>Studiengang \u201eVerwaltung\u201c \u2013 Handlungsfeld: Allgemeine Verwaltung, Einstellungstermin 1. Juli 2020<\/strong><br>Das 3-j\u00e4hrige duale Studium ist modular aufgebaut und erfolgt in einem Beamten- oder Besch\u00e4ftigtenverh\u00e4ltnis. Die theoretische Ausbildung erfolgt an der Fachhochschule f\u00fcr \u00f6ffentliche Verwaltung in Mayen. Die Fachhochschule f\u00fcr \u00f6ffentliche Verwaltung Rheinland-Pfalz bietet umfassende Informationen (z.B. Studienablauf, Studiengebiete, Leistungsnachweise und Differenzierung zwischen den Studieng\u00e4ngen\/Handlungsfeldern) unter <a href=\"http:\/\/www.hoev-rlp.de\">www.hoev-rlp.de<\/a>.<\/p>\n\n\n\n<p><strong>Bachelor of Arts (B.A.)<br>Studiengang \u201eSoziale Arbeit\u201d \u2013 Studienrichtung: Soziale Dienste in der Jugend-, Familien- und Sozialhilfe, Einstellungstermin 1. Oktober 2020<\/strong><br>In dem 3-j\u00e4hrigen dualen Studium wechseln sich die Theorie- und Praxisphasen im dreimonatigen Intervall regelm\u00e4\u00dfig ab. Die theoretische Ausbildung wird an der Dualen Hochschule Baden-W\u00fcrttemberg (DHBW) in Stuttgart absolviert. Die DHBW bietet umfassende Informationen unter <a href=\"http:\/\/www.dhbw-stuttgart.de\">www.dhbw-stuttgart.de<\/a>. <\/p>\n\n\n\n<p><strong>Verwaltungsfachangestellte\/r, Einstellungstermin 1. August 2020<\/strong><br>Die praktische Ausbildung wird in verschiedenen Zentral-\/Fachbereichen der Kreisverwaltung vermittelt. Parallel hierzu findet die theoretisch Ausbildung in der Berufsschule Landau sowie beim Kommunalen Studieninstitut in Ludwigshafen statt.<\/p>\n\n\n\n<p><strong>Verwaltungswirt\/Verwaltungswirtin, Einstellungstermin 1. Juli 2020<\/strong><br>Die Einstellung erfolgt unter Berufung in das Beamtenverh\u00e4ltnis auf Widerruf. Der Vorbereitungsdienst f\u00fcr den Zugang zum zweiten Einstiegsamt dauert 2 Jahre. Die Praxisphasen (13 Monate) bei der Kreisverwaltung Germersheim wechseln sich mit den Theoriephasen (insgesamt 11 Monate) an der Zentralen Verwaltungsschule Rheinland-Pfalz in Mayen ab. Umfassende Informationen ( z.B. Unterrichtsf\u00e4cher, Stoffplan und Laufbahnpr\u00fcfung ) finden Interessierte unter <a href=\"http:\/\/www.fhoev-rlp.de\">www.fhoev-rlp.de<\/a>.<\/p>\n\n\n\n<h4 class=\"wp-block-heading\"><em>Bewerbungsende f\u00fcr alle genannten Ausbildungsstellen: 18. August 2019.<\/em><\/h4>\n\n\n\n<p>Weitere Informationen und die Einstellungskriterien zu den jeweiligen Ausbildungsberufen finden Sie unter <a href=\"http:\/\/www.kreis-germersheim.de\/ausbildung\">www.kreis-germersheim.de\/ausbildung<\/a>.<\/p>\n\n\n\n<p><em>Kreisverwaltung Germersheim<br>22.06.2019<\/em><\/p>\n\n\n\n<h2 class=\"wp-block-heading\">Sitzung des Kreistages<\/h2>\n\n\n\n<p><strong>Germersheim &#8211; <\/strong>Die \u00f6ffentliche konstituierende Sitzung des Kreistages findet am <strong>Montag, 24. Juni 2019<\/strong>, 16 Uhr, in der Kreisaula an der BBS Germersheim, Ritter-von-Schmau\u00df-Stra\u00dfe 1, 76726 Germersheim, statt.<\/p>\n\n\n\n<p>Auf der Tagesordnung stehen im \u00f6ffentlichen Teil:<\/p>\n\n\n\n<ol><li>Konstituierung des neu gew\u00e4hlten Kreistags und Verpflichtung der Mitglieder<\/li><li>Beratung und Beschlussfassung \u00fcber die Neufassung der Hauptsatzung des Landkreises Germersheim<\/li><li>Beratung und Beschlussfassung \u00fcber die Gesch\u00e4ftsordnung des Kreistages<\/li><li>Wahl der ehrenamtlichen Kreisbeigeordneten<\/li><li>Ernennung, Vereidigung und Einf\u00fchrung in das Amt der Kreisbeigeordneten<\/li><li>Beschluss \u00fcber die Bildung von Gesch\u00e4ftsbereichen und deren \u00dcbertragung auf die Kreisbeigeordneten und die leitende staatliche Beamtin<\/li><li>Annahme von Spenden, Schenkungen und Sponsoringleistungen<\/li><li>Einwohnerfragestunde<\/li><li>Mitteilungen und Anfragen<\/li><\/ol>\n\n\n\n<p><em>Kreisverwaltung Germersheim<br>22.06.2019<\/em><\/p>\n\n\n\n<h2 class=\"wp-block-heading\">\u201eWie schmeckt die S\u00fcdpfalz?\u201c \u2013 Kreative Gastronomen sind bereit f\u00fcr Genusswettbewerb.<\/h2>\n\n\n\n<div class=\"wp-block-image\"><figure class=\"aligncenter\"><img decoding=\"async\" loading=\"lazy\" width=\"500\" height=\"500\" src=\"https:\/\/speyer24news.com\/wp-content\/uploads\/2019\/06\/S\u00fcdliche_Weinstrasse_RS8796_RZ_Logo_2019_Grumbeere_weiss_hinterlegt_2019-scr.jpg\" alt=\"\" class=\"wp-image-15038\" srcset=\"https:\/\/speyer24news.com\/wp-content\/uploads\/2019\/06\/S\u00fcdliche_Weinstrasse_RS8796_RZ_Logo_2019_Grumbeere_weiss_hinterlegt_2019-scr.jpg 500w, https:\/\/speyer24news.com\/wp-content\/uploads\/2019\/06\/S\u00fcdliche_Weinstrasse_RS8796_RZ_Logo_2019_Grumbeere_weiss_hinterlegt_2019-scr-150x150.jpg 150w, https:\/\/speyer24news.com\/wp-content\/uploads\/2019\/06\/S\u00fcdliche_Weinstrasse_RS8796_RZ_Logo_2019_Grumbeere_weiss_hinterlegt_2019-scr-300x300.jpg 300w\" sizes=\"(max-width: 500px) 100vw, 500px\" \/><\/figure><\/div>\n\n\n\n<h3 class=\"wp-block-heading\">Buttrig, erdig oder nussig im Geschmack: Aufregend und raffiniert wird es, wenn Pf\u00e4lzer GRUMBEERE auf die Teller kommen. <\/h3>\n\n\n\n<h4 class=\"wp-block-heading\">Bald geht es los: Wettbewerb \u201eSo schmeckt die S\u00fcdpfalz 2019\u201c startet am 1. Juli mit dem Thema \u201ePf\u00e4lzer Grumbeere\u201c<\/h4>\n\n\n\n<figure class=\"wp-block-image\"><img decoding=\"async\" loading=\"lazy\" width=\"800\" height=\"534\" src=\"https:\/\/speyer24news.com\/wp-content\/uploads\/2019\/06\/8887scr.jpg\" alt=\"\" class=\"wp-image-15039\" srcset=\"https:\/\/speyer24news.com\/wp-content\/uploads\/2019\/06\/8887scr.jpg 800w, https:\/\/speyer24news.com\/wp-content\/uploads\/2019\/06\/8887scr-300x200.jpg 300w, https:\/\/speyer24news.com\/wp-content\/uploads\/2019\/06\/8887scr-768x513.jpg 768w\" sizes=\"(max-width: 800px) 100vw, 800px\" \/><\/figure>\n\n\n\n<p><strong>Herxheim \/ S\u00fcdpfalz \u2013 <\/strong>Ein Ortstermin auf dem  Kartoffelhof Kuntz in Herxheim stimmt die 16 Teilnehmer des Wettbewerbs  \u201eSo schmeckt die S\u00fcdpfalz\u201c auf das diesj\u00e4hrige Genuss-Thema \u201ePf\u00e4lzer  Grumbeere\u201c ein. Kartoffelbauer Volker Kuntz, der den Familienbetrieb mit  Hofladen zusammen mit seiner Frau und den beiden S\u00f6hnen betreibt, zeigt  den wissbegierigen Gastronomen direkt auf dem Acker, welche  Kartoffelsorten hier angebaut und wie die ersten Fr\u00fchkartoffeln geerntet  werden.<\/p>\n\n\n\n<figure class=\"wp-block-image\"><img decoding=\"async\" loading=\"lazy\" width=\"800\" height=\"534\" src=\"https:\/\/speyer24news.com\/wp-content\/uploads\/2019\/06\/8885scr.jpg\" alt=\"\" class=\"wp-image-15040\" srcset=\"https:\/\/speyer24news.com\/wp-content\/uploads\/2019\/06\/8885scr.jpg 800w, https:\/\/speyer24news.com\/wp-content\/uploads\/2019\/06\/8885scr-300x200.jpg 300w, https:\/\/speyer24news.com\/wp-content\/uploads\/2019\/06\/8885scr-768x513.jpg 768w\" sizes=\"(max-width: 800px) 100vw, 800px\" \/><\/figure>\n\n\n\n<p>\u201eDieses Zusammentreffen von Gastronomen und landwirtschaftlichen \nErzeugern ist genau das, was sich unsere Tourismusvereine S\u00fcdliche \nWeinstrasse e.V. und S\u00fcdpfalz Tourismus Landkreis Germersheim e.V.  als \nVeranstalter des Genuss-Wettbewerbs w\u00fcnschen; zeigt es doch, wie kurz \ndie Wege f\u00fcr regionale Produkte in der S\u00fcdpfalz sind und welchen \nWettbewerbsvorteil unsere Region vor anderen Destinationen hat, wo das \nThema Genuss nicht so glaubw\u00fcrdig gespielt werden kann\u201c, erl\u00e4utert \nLandrat Dietmar Seefeldt die Zielsetzung des Wettbewerbs \u201eSo schmeckt \ndie S\u00fcdpfalz\u201c. <\/p>\n\n\n\n<p>\u201eIn diesem Jahr nimmt zwar leider kein Gastronomiebetrieb aus dem \nLandkreis Germersheim am Wettbewerb teil. Als Begr\u00fcndung wurde \ninsbesondere der Fachkr\u00e4ftemangel genannt. Dennoch beteiligt sich der \nLandkreis Germersheim weiterhin am Wettbewerb, da dieser die engen \nBeziehungen der regionalen Erzeuger und der Gastronomen f\u00f6rdert und die \ngesamte S\u00fcdpfalz als Genussregion vermarktet wird\u201c,    unterstreicht \nLandrat Dr. Fritz Brechtel. \u201eSie sind Indiz f\u00fcr unsere gute \nNachbarschaft und die enge Zusammenarbeit auf den Gebieten \nLandwirtschaft, Weinbau und Tourismus.\u201c <\/p>\n\n\n\n<div class=\"wp-block-image\"><figure class=\"aligncenter\"><img decoding=\"async\" loading=\"lazy\" width=\"500\" height=\"886\" src=\"https:\/\/speyer24news.com\/wp-content\/uploads\/2019\/06\/S\u00fcdliche_Weinstrasse_RS8797_Postkarte_So-schmeckt-2019-scr.jpg\" alt=\"\" class=\"wp-image-15041\" srcset=\"https:\/\/speyer24news.com\/wp-content\/uploads\/2019\/06\/S\u00fcdliche_Weinstrasse_RS8797_Postkarte_So-schmeckt-2019-scr.jpg 500w, https:\/\/speyer24news.com\/wp-content\/uploads\/2019\/06\/S\u00fcdliche_Weinstrasse_RS8797_Postkarte_So-schmeckt-2019-scr-169x300.jpg 169w\" sizes=\"(max-width: 500px) 100vw, 500px\" \/><\/figure><\/div>\n\n\n\n<p>Der Landauer Oberb\u00fcrgermeister Thomas Hirsch freut sich als Kopf der \ngr\u00f6\u00dften Weinbau treibenden Stadt Deutschlands nicht nur dar\u00fcber, dass \nmit dem Hotel Kurpfalz und V\u00f6geli\u2019s Weinnest zwei Landauer Gastronomen \nbeim Wettbewerb dabei sind, sondern auch, dass der Wein bei \u201eSo schmeckt\n die S\u00fcdpfalz\u201c eine wichtige Rolle spielt. Er weist auf die in der zum \nWettbewerb erschienenen Brosch\u00fcre genannte Weinempfehlung von Marion \nNeutmann aus der Vinothek Par Terre in Landau hin: \u201eMeist passend zu \nKartoffelgerichten sind Wei\u00dfweine aus der Burgunderfamilie. Bei \nkr\u00e4ftigen Schmorgerichten empfiehlt sich ein kr\u00e4ftiger Wein \u2013 gerne \nCabernet Sauvignon, Merlot oder eine Rotwein-Cuv\u00e9e. Zu leichten Fleisch-\n oder Grillgerichten kann eine leichtere Variante serviert werden, zum \nBeispiel aus der Reihe der Sp\u00e4tburgunder.\u201c <\/p>\n\n\n\n<p>Partner f\u00fcr den Wettbewerb, der 2019 in die vierte Runde geht, ist \ndie Erzeugergemeinschaft Pf\u00e4lzer Grumbeere mit ihren 300 \nKartoffel-Erzeugern. Nach den Themen Tomate, Apfel und Kraut &amp; R\u00fcben\n h\u00e4lt damit das pf\u00e4lzischste aller Feldprodukte Einzug in die K\u00fcchen der\n S\u00fcdpfalz und steht im Mittelpunkt der fantasievollen 3-G\u00e4nge-Men\u00fcs. \n\u201eDie kreativen Gerichte der S\u00fcdpf\u00e4lzer Gastronomen beweisen, was diese \nk\u00f6nnen und dass Grumbeere viel mehr sind als eine Beilage\u201c, erkl\u00e4rt \nHartmut Magin, Vorsitzender der Erzeugergemeinschaft Pf\u00e4lzer Grumbeere, \ndie in diesem Jahr den Preis f\u00fcr den Geheimtipp vergibt. <\/p>\n\n\n\n<p>\u201eWas man aus Kartoffeln, einem Pf\u00e4lzer Kulturgut, alles machen kann, \nverr\u00e4t ein Blick auf die Liste der Men\u00fcs, die auch bei der Jury hohe \nErwartungen und Neugier auf die bevorstehenden Test-Essen weckt\u201c, \nerkl\u00e4rt Dieter Luther, ehemaliger Sterne-Koch und von Beginn an Mitglied\n der 7-k\u00f6pfigen Jury, die alle Restaurants unangek\u00fcndigt testen und \nbewerten wird. \u201eIm Fokus der Bewertung stehen auch f\u00fcr uns Regionalit\u00e4t \nund Saisonalit\u00e4t der eingesetzten Produkte. Dar\u00fcber hinaus legen wir \nnat\u00fcrlich Wert auf die Kreativit\u00e4t der K\u00f6che und die Qualit\u00e4t und den \nGeschmack der zu bewertenden Men\u00fcs.\u201c<\/p>\n\n\n\n<div class=\"wp-block-image\"><figure class=\"aligncenter\"><img decoding=\"async\" loading=\"lazy\" width=\"500\" height=\"750\" src=\"https:\/\/speyer24news.com\/wp-content\/uploads\/2019\/06\/S\u00fcdliche_Weinstrasse_RS8798_das_esszimmer_pfalz_byernst_69A9252-scr.jpg\" alt=\"\" class=\"wp-image-15042\" srcset=\"https:\/\/speyer24news.com\/wp-content\/uploads\/2019\/06\/S\u00fcdliche_Weinstrasse_RS8798_das_esszimmer_pfalz_byernst_69A9252-scr.jpg 500w, https:\/\/speyer24news.com\/wp-content\/uploads\/2019\/06\/S\u00fcdliche_Weinstrasse_RS8798_das_esszimmer_pfalz_byernst_69A9252-scr-200x300.jpg 200w\" sizes=\"(max-width: 500px) 100vw, 500px\" \/><\/figure><\/div>\n\n\n\n<p>Und die klingen vielversprechend: So gibt es zur Vorspeise z.B. \nCarpaccio von der Pf\u00e4lzer Grumbeere mit Pfifferlingen &amp; \nKr\u00e4utersalaten. Zum Hauptgang wird es u.a. Kartoffelwaffeln von der \nMarabel mit Ratatouille und Rucola garniert mit Via Aurelia oder \nKotelett vom Landschwein an Bohnen-Tomaten-Sugo und gebuttertem \nKartoffel-Baumkuchen sowie buntem Sommergem\u00fcse geben. Und die Desserts \nklingen besonders spannend: z.B. Ravioli von Pf\u00e4lzer Grumbeere und \nPfirsich mit Weinschaum und Sommerbeeren, Sunita Kartoffelschupfnudeln \nmit Blaumohn und Apfel-Schmand-Eis oder gebackener \nKartoffel-Quark-Kn\u00f6del auf Schokoladen-Erde mit Holunder-Espuma, \nBrombeeren und Heidelbeeren-Salz-Karamell und Honig-Buttercreme. <\/p>\n\n\n\n<div class=\"wp-block-image\"><figure class=\"aligncenter\"><img decoding=\"async\" loading=\"lazy\" width=\"500\" height=\"500\" src=\"https:\/\/speyer24news.com\/wp-content\/uploads\/2019\/06\/S\u00fcdliche_Weinstrasse_RS8796_RZ_Logo_2019_Grumbeere_weiss_hinterlegt_2019-scr.jpg\" alt=\"\" class=\"wp-image-15038\" srcset=\"https:\/\/speyer24news.com\/wp-content\/uploads\/2019\/06\/S\u00fcdliche_Weinstrasse_RS8796_RZ_Logo_2019_Grumbeere_weiss_hinterlegt_2019-scr.jpg 500w, https:\/\/speyer24news.com\/wp-content\/uploads\/2019\/06\/S\u00fcdliche_Weinstrasse_RS8796_RZ_Logo_2019_Grumbeere_weiss_hinterlegt_2019-scr-150x150.jpg 150w, https:\/\/speyer24news.com\/wp-content\/uploads\/2019\/06\/S\u00fcdliche_Weinstrasse_RS8796_RZ_Logo_2019_Grumbeere_weiss_hinterlegt_2019-scr-300x300.jpg 300w\" sizes=\"(max-width: 500px) 100vw, 500px\" \/><\/figure><\/div>\n\n\n\n<p>Wer auf den Geschmack gekommen ist: Neben dem Preis der Jury wird \nauch ein Publikumspreis ausgelobt. Teilnehmen k\u00f6nnen alle G\u00e4ste, die im \nAktionszeitraum <strong><em>vom 1. Juli bis 25. August 2019<\/em><\/strong>\n in den nominierten Restaurants ein Grumbeere-Men\u00fc probieren. Sie k\u00f6nnen\n anschlie\u00dfend auf Bewertungsk\u00e4rtchen direkt im Restaurant abstimmen. Zu \ngewinnen gibt es je ein Men\u00fc f\u00fcr zwei Personen in einem der nominierten \nBetriebe. Die <strong>Preisverleihung <\/strong>findet <strong>am 23. September 2019<\/strong> statt.<\/p>\n\n\n\n<p>Noch ein Tipp: wer sich in den S\u00fcdpf\u00e4lzer Restaurants Anregungen \ngeholt hat und lieber selbst zum Kochl\u00f6ffel greift, kann in den \nSBK-M\u00e4rkten der S\u00fcdpfalz, die in diesem Jahr ebenso wie Gem\u00fcse Theis den\n Wettbewerb \u201eSo schmeckt die S\u00fcdpfalz\u201c unterst\u00fctzen, Pf\u00e4lzer Grumbeere \neinkaufen und eigene Kartoffel-Gerichte kreieren. In allen M\u00e4rkten wird \nes spezielle Grumbeere-Stationen geben.  <\/p>\n\n\n\n<p><strong>Nominierte des Wettbewerbs sind:<\/strong><\/p>\n\n\n\n<ul><li> Kurhaus Trifels, Annweiler <\/li><li> s\u2019Reiwerle, Annweiler <\/li><li> Spelzenhof, Altdorf <\/li><li> Ritterhof zur Rose, Burrweiler <\/li><li> Birkenthaler Hof, Eu\u00dferthal <\/li><li> Klosterst\u00fcbl, Eu\u00dferthal<\/li><li> Muskatellerhof, Gleiszellen <\/li><li> Weinstube Brennofen, Ilbesheim<\/li><li> Stiftsgut Keyserm\u00fchle, Klingenm\u00fcnster <\/li><li> Hotel Restaurant Kurpfalz, Landau <\/li><li> V\u00f6geli\u2019s Weinnest, Landau \u2013 Wollmesheim<\/li><li> Hotel Castell, Leinsweiler<\/li><li> WeinRestaurant Fritz Walter, Niederhorbach<\/li><li> Landhotel Hauer, Pleisweiler-Oberhofen <\/li><li> Hotel Restaurant zum Bahnhof 1894, Rohrbach<\/li><li> Gasthaus Sesel in der Alten Rebschule, Rhodt unter Rietburg <\/li><\/ul>\n\n\n\n<p>Weitere Infos zum Wettbewerb gibt es unter <a href=\"http:\/\/www.soschmecktdiesuedpfalz.de\">www.soschmecktdiesuedpfalz.de<\/a><\/p>\n\n\n\n<p><em>Text: S\u00fcdliche Weinstrasse e.V. Foto: Bildarchiv S\u00fcdliche Weinstrasse e.V.; Christian Ernst<br>19.06.2019<\/em><\/p>\n\n\n\n<h2 class=\"wp-block-heading\">Kreisvolkshochschule Germersheim beim Kinderfest vertreten<\/h2>\n\n\n\n<div class=\"wp-block-image\"><figure class=\"aligncenter\"><img decoding=\"async\" src=\"https:\/\/speyer24news.com\/wp-content\/uploads\/2019\/06\/VHS.png\" alt=\"\" class=\"wp-image-15131\"\/><\/figure><\/div>\n\n\n\n<p><strong>Germersheim &#8211; <\/strong>Die KVHS Germersheim pr\u00e4sentiert ihr vielseitiges Bildungsangebot auch dieses Jahr wieder beim Kinderfest der Stadt Germersheim, am <strong>Samstag, 29 Juni<\/strong> von 11 bis 18 Uhr im Stadtpark \u201eFronte Lamotte\u201c. Die Mitarbeiterinnen freuen uns darauf am Stand Nr. 22 \u00fcber das KVHS-Angebot zu informieren.<\/p>\n\n\n\n<p>F\u00fcr Fragen und weitere  Informationen stehen die Mitarbeiterinnen der Gesch\u00e4ftsstelle der KVHS, Ritter-von-Schmau\u00df-Str.\/Ecke Paradeplatz (Seiteneingang der BBS), Tel. Tel. 07274-53334 oder -53382 zur Verf\u00fcgung. \u00d6ffnungszeiten: Montag bis Freitag, 8.30 bis 12 Uhr, Dienstag, 13.30 bis 16 Uhr, Donnerstag, 13.30 bis 18 Uhr. <\/p>\n\n\n\n<p><em>Kreisverwaltung Germersheim<br>22.06.2019<\/em><\/p>\n\n\n\n<h2 class=\"wp-block-heading\">Rheinland-Pfalz-Tag 2019  &#8211;  Die S\u00fcdpfalz ist wieder dabei<\/h2>\n\n\n\n<div class=\"wp-block-image\"><figure class=\"aligncenter\"><img decoding=\"async\" loading=\"lazy\" width=\"450\" height=\"407\" src=\"https:\/\/speyer24news.com\/wp-content\/uploads\/2019\/06\/RLP-Tag-2019-Logo.jpg\" alt=\"\" class=\"wp-image-14805\" srcset=\"https:\/\/speyer24news.com\/wp-content\/uploads\/2019\/06\/RLP-Tag-2019-Logo.jpg 450w, https:\/\/speyer24news.com\/wp-content\/uploads\/2019\/06\/RLP-Tag-2019-Logo-300x271.jpg 300w\" sizes=\"(max-width: 450px) 100vw, 450px\" \/><\/figure><\/div>\n\n\n\n<p><strong>Annweiler &#8211; <\/strong>Der Landkreis Germersheim pr\u00e4sentiert sich beim n\u00e4chsten Rheinland-Pfalz-Tag in Annweiler<strong> vom 28.06. \u2013 30.06.2019<\/strong> wieder mit einem Informationsstand. Der Verein S\u00fcdpfalz-Tourismus Landkreis Germersheim e.V. informiert die G\u00e4ste \u00fcber die zahlreichen attraktiven Ausflugs- und Freizeitm\u00f6glichkeiten in der Region und verteilt z.B. die neuesten Rad- und Wanderbrosch\u00fcren. Mit am Stand dabei sind diesmal auch zwei Museen aus der S\u00fcdpfalz &#8211; das Haus Leben am Strom aus Neupotz sowie das Terra-Sigillata-Museum aus Rheinzabern. Am Samstag zeigt eine r\u00f6misch gekleidete Brettchen-Weberin vor Ort ihr Handwerk. Das \u201eBrettchen-Weben\u201c hat noch vor der R\u00f6merzeit seinen Ursprung und wurde bis ins sp\u00e4te Mittelalter benutzt, um z.B. G\u00fcrtel oder Trageriemen herzustellen. <\/p>\n\n\n\n<p>Aus dem Landkreis Germersheim wird in diesem Jahr auch der S\u00fcdpfalz Tourismus Kandel e.V. mit einem eigenen Stand auf dem Rheinland-Pfalz-Tag vertreten sein, gemeinsam mit dem AbenteuerPark Kandel und den Naturf\u00fchrern Pfalz e.V.<\/p>\n\n\n\n<p>Ein H\u00f6hepunkt beim Rheinland-Pfalz-Tag ist wie jedes Jahr der gro\u00dfe Festzug am Sonntag, 30.06.2019, ab 12.30 Uhr. Der Landkreis Germersheim wird unter der Startnummer 59 vertreten sein: mit einem von einem roten Porsche-Schlepper der Oldtimerfreunde Ottersheim e.V. gezogenen Gesellschaftswagen mit den S\u00fcdpfalz-Hoheiten, Zeiskamer Zwiebelk\u00f6nigin Sandra, Zwiebelprinzessin Leonie, Tabakk\u00f6nigin Ann-Kathrin, Rosenprinzessin Marlene, Bellheimer Lord Peter, Knittelsheimer K\u00e4tzel Laura, Druslachelfe Ola sowie dem Ottersheimer B\u00e4renk\u00f6nigspaar Christine und Markus. Nach dem Umzug werden die Hoheiten am Stand des S\u00fcdpfalz-Tourismus f\u00fcr Autogrammw\u00fcnsche oder Gespr\u00e4che zur Verf\u00fcgung stehen. Der Festzug wird au\u00dferdem am 30.06. ab 15 Uhr im SWR bei \u201eFeste feiern\u201c \u00fcbertragen.<\/p>\n\n\n\n<p>Programmhefte zum Rheinland-Pfalz-Tag liegen in der Kreisverwaltung Germersheim aus.<\/p>\n\n\n\n<p>Weitere Informationen zum Rheinland-Pfalz-Tag und dessen Programm sind im Internet unter <a href=\"https:\/\/www.rlp.de\/de\/unser-land\/rheinland-pfalz-tag\/programm\/\">https:\/\/www.rlp.de\/de\/unser-land\/rheinland-pfalz-tag\/programm\/<\/a> bzw. <a href=\"https:\/\/www.annweiler.de\/de\/rheinland-pfalz-tag.php\">https:\/\/www.annweiler.de\/de\/rheinland-pfalz-tag.php<\/a> erh\u00e4ltlich.<\/p>\n\n\n\n<p><em>Kreisverwaltung Germersheim<br>22.06.2019<\/em><\/p>\n\n\n\n<h2 class=\"wp-block-heading\">Jede Menge Spa\u00df und Action beim Ferienprogramm <\/h2>\n\n\n\n<h3 class=\"wp-block-heading\">Freie Pl\u00e4tze bei Ferienaktionswochen f\u00fcr Kinder und Jugendliche<\/h3>\n\n\n\n<div class=\"wp-block-image\"><figure class=\"aligncenter\"><img decoding=\"async\" loading=\"lazy\" width=\"800\" height=\"145\" src=\"https:\/\/speyer24news.com\/wp-content\/uploads\/2019\/06\/Freizeit-und-Ferien-LK-GER.jpg\" alt=\"\" class=\"wp-image-15130\" srcset=\"https:\/\/speyer24news.com\/wp-content\/uploads\/2019\/06\/Freizeit-und-Ferien-LK-GER.jpg 800w, https:\/\/speyer24news.com\/wp-content\/uploads\/2019\/06\/Freizeit-und-Ferien-LK-GER-300x54.jpg 300w, https:\/\/speyer24news.com\/wp-content\/uploads\/2019\/06\/Freizeit-und-Ferien-LK-GER-768x139.jpg 768w\" sizes=\"(max-width: 800px) 100vw, 800px\" \/><\/figure><\/div>\n\n\n\n<p><strong>Landkreis Germersheim &#8211;<\/strong> Die Veranstalter aus dem Landkreis Germersheim bieten in den Sommerferien zahlreiche ganzt\u00e4gige Betreuungspl\u00e4tze f\u00fcr Kinder und Jugendliche an. \u201eDas Angebot ist vielf\u00e4ltig und hat sich in den letzten Jahren kontinuierlich dem Bedarf der Eltern auch im Hinblick auf die Vereinbarkeit von Familie und Beruf angepasst\u201c, so Jugenddezernent und Erster Kreisbeigeordnete Christoph Buttweiler. <\/p>\n\n\n\n<p>Der Ferienkalender des Kreisjugendamts Germersheim beinhaltet eine umfangreiche \u00dcbersicht von Kinder- bzw. Jugendfreizeit- und Ferienaktivit\u00e4ten. Viele nichtkommerzielle Organisationen und Vereine bieten Freizeiten, Kurse und Tagesaktivit\u00e4ten f\u00fcr Kinder und Jugendliche an.<br>Eltern und Kinder, welche kurzfristig noch eine ganzt\u00e4gige Ferienbetreuung suchen, k\u00f6nnen sich mit den Veranstaltern im Ferienkalender in Verbindung setzten, um eventuell noch freie Pl\u00e4tze zu erhalten.<br>Der Ferienkalender ist online unter <a href=\"https:\/\/www.kreis-germersheim.de\/ferienkalender\">https:\/\/www.kreis-germersheim.de\/ferienkalender<\/a> einzusehen.<\/p>\n\n\n\n<p>Dar\u00fcber hinaus wurden dem Kreisjugendamt bei folgenden Veranstaltern noch freie Pl\u00e4tze gemeldet:<\/p>\n\n\n\n<p>Jugendpflege Bellheim, vom 01.07. bis 05.07.2019 <strong>\u201ekreativ und sportlich&#8220;<\/strong><br> Von 6 bis 12 Jahren, Tel. 07272-91115 oder 0151-18108644 <br> E-Mail: <a href=\"bellheim.jugendfreizeit@yahoo.de\">bellheim.jugendfreizeit@yahoo.de<\/a><\/p>\n\n\n\n<p>IB S\u00fcdwest gGmbH in Germersheim, <strong>Kinderstadt K\u00e4tschapaso<\/strong> Woche 1, 22.07. bis 26.07.2019, <br> Simulations- und Rollenspiel<br> Von 6 bis 12 Jahren, Kontakt: IB S\u00fcdwest gGmbH, Tel. 07271-8622 <br> E-Mail: <a href=\"kinderstadt-germersheim@ib.de\">kinderstadt-germersheim@ib.de<\/a><\/p>\n\n\n\n<p>IB S\u00fcdwest gGmbH in Germersheim, <strong>Kinderstadt K\u00e4tschapaso<\/strong> Woche 2, 29.07. bis 02.08.2019, <br> Simulations- und Rollenspiel<br> Von 6 bis 12 Jahren, Kontakt: IB S\u00fcdwest gGmbH, Tel. 07271-8622 <br> E-Mail: <a href=\"kinderstadt-germersheim@ib.de\">kinderstadt-germersheim@ib.de<\/a><\/p>\n\n\n\n<p>IB S\u00fcdwest gGmbH in Germersheim, <strong>Kinderstadt K\u00e4tschapaso<\/strong> Woche 3, 05.08. bis 09.08.2019, <br> Simulations- und Rollenspiel<br> Von 6 bis 12 Jahren, Kontakt: IB S\u00fcdwest gGmbH, Tel. 07271-8622 <br> E-Mail: <a href=\"kinderstadt-germersheim@ib.de\">kinderstadt-germersheim@ib.de<\/a><\/p>\n\n\n\n<p>Jugendpflege Lingenfeld, vom 08.07. bis 12.07.2019, <strong>\u201eManege frei \u2013 der Zirkus kommt\u201c<\/strong><br> Von 6 bis 13 Jahren, Anmeldungen auf der Homepage der VG Lingenfeld, Rubrik: \u2013 B\u00fcrgerservice \u2013 Jugendpflege \u2013 Ferienprogramme.<\/p>\n\n\n\n<p>Jugendpflege Lingenfeld, vom 20.07. bis 27.07.2019,<strong> Jugendfreizeit nach D\u00e4nemark<\/strong><br> Ab 12 Jahren, Anmeldungen auf der Homepage der VG Lingenfeld, Rubrik: \u2013 B\u00fcrgerservice \u2013 Jugendpflege \u2013 Ferienprogramme.<\/p>\n\n\n\n<p>Katholische Jugend der Pfarrei Heilige Vierzehn Nothelfer Kandel, 05.08. bis 09.08.19, <br> Kinderferienwoche <strong>\u201eMittelalter 2.0 &#8211; umgeben von Rittern und Burgfr\u00e4uleins\u201c<\/strong><br> Ort: Katholisches Pfarrzentrum in Steinweiler und Umgebung<br> (9-17 Uhr, Ausnahme: freiwillige \u00dcbernachtung von 08.08. auf 09.08.)<br> ab 2. Klasse (Schuljahr 2019\/20) bis 13 Jahre, Tel. 07275-1239 (katholisches Pfarramt), <br> E-Mail: <a href=\"markus.mueller@bistum-speyer.de\">markus.mueller@bistum-speyer.de<\/a><\/p>\n\n\n\n<p>Sollte es Familien auf Grund ihrer aktuellen finanziellen Situation nicht m\u00f6glich sein, die Teilnahmegeb\u00fchren f\u00fcr die Ferienaktion aufzubringen, empfiehlt das Kreisjugendamt den jeweiligen Anbieter auf die eigene Lage anzusprechen. In vielen F\u00e4llen kennt dieser Unterst\u00fctzungs- und F\u00f6rderm\u00f6glichkeiten, die Ihrem Kind eine Teilnahme erm\u00f6glichen k\u00f6nnten.<\/p>\n\n\n\n<p><em>Kreisverwaltung Germersheim<br>22.06.2019<\/em><\/p>\n","protected":false},"excerpt":{"rendered":"<div class=\"mh-excerpt\"><p>J\u00e4gerpr\u00fcfung erfolgreich abgelegt Zehn Jungj\u00e4gerinnen und Jungj\u00e4ger haben im Landkreis Germersheim die J\u00e4gerpr\u00fcfung erfolgreich abgelegt und ihren ersten Jagdschein erhalten. Landkreis Germersheim &#8211; Seit vergangenem September haben ehrenamtliche Ausbilder der Kreisgruppe Germersheim Landesjagdverband Rheinland-Pfalz die <a class=\"mh-excerpt-more\" href=\"https:\/\/speyer24news.com\/?p=15129\" title=\"Germersheim und Landkreis Germersheim:\">[&#8230;]<\/a><\/p>\n<\/div>","protected":false},"author":3,"featured_media":0,"comment_status":"open","ping_status":"open","sticky":false,"template":"","format":"standard","meta":{"_monsterinsights_skip_tracking":false,"_monsterinsights_sitenote_active":false,"_monsterinsights_sitenote_note":"","_monsterinsights_sitenote_category":0,"footnotes":""},"categories":[449],"tags":[1544,1669,1663,1666,1451,1660,1667,473,1668,1671,1670,1664,1665,1661,1662,377,1543,373],"aioseo_notices":[],"amp_enabled":true,"_links":{"self":[{"href":"https:\/\/speyer24news.com\/index.php?rest_route=\/wp\/v2\/posts\/15129"}],"collection":[{"href":"https:\/\/speyer24news.com\/index.php?rest_route=\/wp\/v2\/posts"}],"about":[{"href":"https:\/\/speyer24news.com\/index.php?rest_route=\/wp\/v2\/types\/post"}],"author":[{"embeddable":true,"href":"https:\/\/speyer24news.com\/index.php?rest_route=\/wp\/v2\/users\/3"}],"replies":[{"embeddable":true,"href":"https:\/\/speyer24news.com\/index.php?rest_route=%2Fwp%2Fv2%2Fcomments&post=15129"}],"version-history":[{"count":2,"href":"https:\/\/speyer24news.com\/index.php?rest_route=\/wp\/v2\/posts\/15129\/revisions"}],"predecessor-version":[{"id":15137,"href":"https:\/\/speyer24news.com\/index.php?rest_route=\/wp\/v2\/posts\/15129\/revisions\/15137"}],"wp:attachment":[{"href":"https:\/\/speyer24news.com\/index.php?rest_route=%2Fwp%2Fv2%2Fmedia&parent=15129"}],"wp:term":[{"taxonomy":"category","embeddable":true,"href":"https:\/\/speyer24news.com\/index.php?rest_route=%2Fwp%2Fv2%2Fcategories&post=15129"},{"taxonomy":"post_tag","embeddable":true,"href":"https:\/\/speyer24news.com\/index.php?rest_route=%2Fwp%2Fv2%2Ftags&post=15129"}],"curies":[{"name":"wp","href":"https:\/\/api.w.org\/{rel}","templated":true}]}}