{"id":15166,"date":"2019-06-22T11:00:24","date_gmt":"2019-06-22T10:00:24","guid":{"rendered":"https:\/\/speyer24news.com\/?p=15166"},"modified":"2019-06-22T11:00:26","modified_gmt":"2019-06-22T10:00:26","slug":"speyerer-vereine","status":"publish","type":"post","link":"https:\/\/speyer24news.com\/?p=15166","title":{"rendered":"Speyerer Vereine:"},"content":{"rendered":"<style type=\"text\/css\">\r\n\t.ads_top_disp{}\r\n\t.ads_top_corner_disp{ float:left; margin:0px 10px 10px 0px; }\r\n\t.ads_first_p_disp{}\r\n\t.ads_bottom_disp{}\r\n\t<\/style>\n<h2 class=\"wp-block-heading\">Jahreshauptversammlung der Speyerer Karnevalgesellschaft e.V.  (SKG)<\/h2>\n\n\n\n<div class=\"wp-block-image\"><figure class=\"aligncenter\"><img decoding=\"async\" loading=\"lazy\" width=\"500\" height=\"677\" src=\"https:\/\/speyer24news.com\/wp-content\/uploads\/2019\/06\/Foto-\u00a9-SKG-Speyer.jpg\" alt=\"\" class=\"wp-image-15168\" srcset=\"https:\/\/speyer24news.com\/wp-content\/uploads\/2019\/06\/Foto-\u00a9-SKG-Speyer.jpg 500w, https:\/\/speyer24news.com\/wp-content\/uploads\/2019\/06\/Foto-\u00a9-SKG-Speyer-222x300.jpg 222w\" sizes=\"(max-width: 500px) 100vw, 500px\" \/><figcaption><strong>Eva W\u00f6hlert, die neue Pr\u00e4sident der SKG<\/strong><\/figcaption><\/figure><\/div>\n\n\n\n<p>An der Jahreshauptversammlung der Speyerer Karnevalgesellschaft e.V. in den R\u00e4umlichkeiten der Volksbank Kur- und Rheinpfalz Speyer am Mittwoch, den 12.06.2019 wurde mit einer gro\u00dfen Mehrheit ein neues Pr\u00e4sidium gew\u00e4hlt. Daoud Hattab wurde nach seiner 8-j\u00e4hrigen Amtszeit als Pr\u00e4sident von <strong>Eva W\u00f6hlert<\/strong> abgel\u00f6st. Die Versammlung beschloss einstimmig den Antrag Daoud Hattab als Ehrenpr\u00e4sident zu ernennen. Die Ernennung wurde durch die neue Pr\u00e4sidentin Eva W\u00f6hlert, als erste Amtshandlung, vorgenommen.<\/p>\n\n\n\n<p>Als 1. Vizepr\u00e4sident wurde <strong>Marco Neskudla<\/strong> gew\u00e4hlt, der k\u00fcnftig f\u00fcr die \u00d6ffentlichkeitspr\u00e4senz zust\u00e4ndig ist. Zur Unterst\u00fctzung unserer Prinzessinnen und als 2. Vizepr\u00e4sidentin steht <strong>Anne-Susann Sperling<\/strong> zur Verf\u00fcgung. Den Posten der Schriftf\u00fchrerin \u00fcbernimmt <strong>Martina Groeger<\/strong> als langj\u00e4hriges Pr\u00e4sidiumsmitglied. Als Schatzmeisterin macht <strong>Annette Karaus<\/strong> den gesch\u00e4ftsf\u00fchrenden Vorstand zuk\u00fcnftig komplett.<\/p>\n\n\n\n<p>In beratender Funktion steht <strong>Thomas Neubeck<\/strong> als Beisitzer dem Pr\u00e4sidium weiterhin zur Verf\u00fcgung. Als Sitzungspr\u00e4sident der Herrensitzung besetzt <strong>Horst Kapp<\/strong> ebenfalls einen Platz. Seine Tochter <strong>Sandra M\u00fcller<\/strong> \u00fcbernimmt zuk\u00fcnftig die Damensitzungen und wird somit von Margitta Hoffmann als Sitzungspr\u00e4sidentin und Beisitzerin beerbt. Die Aktivenvertretung und besonders die des Damenelferrates \u00fcbernimmt <strong>Traudel Mornhinweg<\/strong>. Der Wirtschaftsausschuss, welcher f\u00fcr den Verein finanziell besonders wichtig ist, wird k\u00fcnftig von <strong>Markus Leipert<\/strong> gef\u00fchrt. <\/p>\n\n\n\n<p>Das neue Pr\u00e4sidium ist motiviert und hat sich u.a. Neumitgliedergewinnung, Nachwuchsf\u00f6rderung, Veranstaltungsoptimierung, Aktivenpflege, verbesserte \u00d6ffentlichkeitspr\u00e4senz und die Pflege der Vereinsfreundschaften auf ihre Agenda f\u00fcr die kommenden zwei Jahre geschrieben. <\/p>\n\n\n\n<p>Unter dem Motto \u201egute und traditionellen Dinge fortsetzen, aber auch offen sein f\u00fcr einen zeitgem\u00e4\u00dfen Verein\u201c hat Pr\u00e4sidentin Eva W\u00f6hlert mit ihrem Vorstandsteam den Blick in Richtung Zukunft der SKG gerichtet.<\/p>\n\n\n\n<p><em>Speyerer Karnevalgesellschaft e. V.<br>22.06.2019<\/em><\/p>\n","protected":false},"excerpt":{"rendered":"<div class=\"mh-excerpt\"><p>Jahreshauptversammlung der Speyerer Karnevalgesellschaft e.V. (SKG) An der Jahreshauptversammlung der Speyerer Karnevalgesellschaft e.V. in den R\u00e4umlichkeiten der Volksbank Kur- und Rheinpfalz Speyer am Mittwoch, den 12.06.2019 wurde mit einer gro\u00dfen Mehrheit ein neues Pr\u00e4sidium gew\u00e4hlt. <a class=\"mh-excerpt-more\" href=\"https:\/\/speyer24news.com\/?p=15166\" title=\"Speyerer Vereine:\">[&#8230;]<\/a><\/p>\n<\/div>","protected":false},"author":3,"featured_media":15167,"comment_status":"open","ping_status":"open","sticky":false,"template":"","format":"standard","meta":{"_monsterinsights_skip_tracking":false,"_monsterinsights_sitenote_active":false,"_monsterinsights_sitenote_note":"","_monsterinsights_sitenote_category":0,"footnotes":""},"categories":[1453],"tags":[1690,1692,1688,1694,1689,1696,1691,739,6,740,1693,1695],"aioseo_notices":[],"amp_enabled":true,"_links":{"self":[{"href":"https:\/\/speyer24news.com\/index.php?rest_route=\/wp\/v2\/posts\/15166"}],"collection":[{"href":"https:\/\/speyer24news.com\/index.php?rest_route=\/wp\/v2\/posts"}],"about":[{"href":"https:\/\/speyer24news.com\/index.php?rest_route=\/wp\/v2\/types\/post"}],"author":[{"embeddable":true,"href":"https:\/\/speyer24news.com\/index.php?rest_route=\/wp\/v2\/users\/3"}],"replies":[{"embeddable":true,"href":"https:\/\/speyer24news.com\/index.php?rest_route=%2Fwp%2Fv2%2Fcomments&post=15166"}],"version-history":[{"count":1,"href":"https:\/\/speyer24news.com\/index.php?rest_route=\/wp\/v2\/posts\/15166\/revisions"}],"predecessor-version":[{"id":15169,"href":"https:\/\/speyer24news.com\/index.php?rest_route=\/wp\/v2\/posts\/15166\/revisions\/15169"}],"wp:featuredmedia":[{"embeddable":true,"href":"https:\/\/speyer24news.com\/index.php?rest_route=\/wp\/v2\/media\/15167"}],"wp:attachment":[{"href":"https:\/\/speyer24news.com\/index.php?rest_route=%2Fwp%2Fv2%2Fmedia&parent=15166"}],"wp:term":[{"taxonomy":"category","embeddable":true,"href":"https:\/\/speyer24news.com\/index.php?rest_route=%2Fwp%2Fv2%2Fcategories&post=15166"},{"taxonomy":"post_tag","embeddable":true,"href":"https:\/\/speyer24news.com\/index.php?rest_route=%2Fwp%2Fv2%2Ftags&post=15166"}],"curies":[{"name":"wp","href":"https:\/\/api.w.org\/{rel}","templated":true}]}}