{"id":15272,"date":"2019-06-23T13:31:25","date_gmt":"2019-06-23T12:31:25","guid":{"rendered":"https:\/\/speyer24news.com\/?p=15272"},"modified":"2019-06-23T13:34:31","modified_gmt":"2019-06-23T12:34:31","slug":"kirche-11","status":"publish","type":"post","link":"https:\/\/speyer24news.com\/?p=15272","title":{"rendered":"Kirche:"},"content":{"rendered":"<style type=\"text\/css\">\r\n\t.ads_top_disp{}\r\n\t.ads_top_corner_disp{ float:left; margin:0px 10px 10px 0px; }\r\n\t.ads_first_p_disp{}\r\n\t.ads_bottom_disp{}\r\n\t<\/style>\n<h2 class=\"wp-block-heading\">\u201eMithelfen am Bau der Einen Welt\u201c<\/h2>\n\n\n\n<h3 class=\"wp-block-heading\">Dorothea Fuchs wird neue Leiterin des P\u00e4pstlichen Missionswerkes der Frauen im Bistum Speyer.<\/h3>\n\n\n\n<div class=\"wp-block-image\"><figure class=\"aligncenter\"><img decoding=\"async\" loading=\"lazy\" width=\"800\" height=\"533\" src=\"https:\/\/speyer24news.com\/wp-content\/uploads\/2019\/06\/PMW_2019.jpg\" alt=\"\" class=\"wp-image-15281\" srcset=\"https:\/\/speyer24news.com\/wp-content\/uploads\/2019\/06\/PMW_2019.jpg 800w, https:\/\/speyer24news.com\/wp-content\/uploads\/2019\/06\/PMW_2019-300x200.jpg 300w, https:\/\/speyer24news.com\/wp-content\/uploads\/2019\/06\/PMW_2019-768x512.jpg 768w\" sizes=\"(max-width: 800px) 100vw, 800px\" \/><\/figure><\/div>\n\n\n\n<p><strong>Speyer &#8211; <\/strong>Am 1. Juli  2019 \u00fcbernimmt Dorothea Fuchs aus Kaiserslautern die Leitung des P\u00e4pstlichen Missionswerkes der Frauen im Bistum Speyer. Am 30. Juni endet zuvor offiziell die Amtszeit von Christine Weitzel aus Ramstein, die seit dem 14. September 1993 das Frauenmissionswerk leitet. Sie bat auf eigenen Wunsch um Entpflichtung von dieser Aufgabe. Ziel des Werkes ist es, dass Hilfe von Frauen f\u00fcr Frauen geleistet wird, die unter Menschenrechtsverletzungen wie beispielsweise Zwangsabtreibung, Zwangsprostitution und Zwangsmigration leiden.<\/p>\n\n\n\n<p>\u201eMein Herz schl\u00e4gt f\u00fcr die Weltkirche. Mein Leitsatz war immer: Mithelfen am Bau der Einen Welt. Diesen Satz habe ich verinnerlicht, seit ich 1988 nach Kaiserslautern gekommen bin und mich in der Weltkirche engagiert habe. Es ist mir ein gro\u00dfes Anliegen \u00fcber den Tellerrand zu blicken und Menschen eine Stimme zu geben, damit deren Lebensbedingungen nachhaltig verbessert werden k\u00f6nnen\u201c, beschreibt Dorothea Fuchs ihre Einstellung. Weihbischof Otto Georgens \u00fcberreichte ihr am 21. Juni ihre Ernennungsurkunde und verabschiedete zugleich Christine Weitzel.<\/p>\n\n\n\n<p>In den letzten 25 Jahren wurden unter der Leitung von Weitzel weltweit zahlreiche Projekte unterst\u00fctzt: Ikat-Weberinnen der Inseln Flores und Sumba in Indonesien, eine Internatsschule der Dominikanerinnen in Cuzo in Peru, N\u00e4hstuben und Kleinprojekte im Sudan, in Kenia, Kongo, Tanzania, Indien, Frauenh\u00e4user in Owerri und Orie Ntigha in Nigeria, in Indien, Uganda sowie San Ignacio in Bolivien und ein Haus f\u00fcr minderj\u00e4hrige M\u00fctter in La Paz, ebenfalls in Bolivien. Insgesamt wurden die Frauenprojekte mit rund 100.000 Euro gef\u00f6rdert, die \u00fcber Mitgliedsbeitr\u00e4ge, Einzelspenden, Spenden aus Ehrungen, Jubil\u00e4en, bei Pfarrfesten und weiteren Anl\u00e4ssen gesammelt wurden.<\/p>\n\n\n\n<p>\u201eDie Begegnung mit Missionaren und Menschen der Weltkirche war bereichernd, das m\u00f6chte ich nicht missen. Das Leben beginnt da wo der Himmel ist. Eine Kirche ist offen f\u00fcr alle egal, ob arm oder reich. Liturgie allein ist nur der Anfang vom Himmel\u201c, blickt Weitzel zur\u00fcck. In unerm\u00fcdlicher Handarbeit fertigte das Frauenmissionswerk in den letzten 25 Jahren 905 Messgew\u00e4nder, 940 Priesterstolen, 54 Diakonenstolen sowie dutzende Mantelcaseln und \u2013 alben, Chorr\u00f6cke, Segensvelen, Rauchm\u00e4ntel, Ziboriumsvelen, Alben, Schultert\u00fccher, Kelchw\u00e4sche, Pallen, Zingulen, Altardecken und vieles mehr. Die ehrenamtliche Arbeit kam und kommt der F\u00f6rderung der weltkirchlichen Projekte zugute. Weitzel dankte bei ihrem Abschied insbesondere Toni Knoth und seiner Familie, dessen einzigartige Batik entscheidend f\u00fcr die Produktion von \u00fcber 2000 liturgischen Gewandungen und Gegenst\u00e4nden war.<\/p>\n\n\n\n<p><strong><em>Hintergrundinformationen:<\/em><\/strong><\/p>\n\n\n\n<p>Das P\u00e4pstliche Missionswerk der Frauen in Deutschland besteht seit 125 Jahren und hat nach eigenen Angaben 5000 Mitglieder. Im Bistum Speyer ist das Werk seit 1911 aktiv. Derzeit besteht es aus 120 Mitgliedern, 74 davon aus Kindsbach. Es untersteht als p\u00e4pstliches Werk der Kongregation f\u00fcr die Evangelisierung der V\u00f6lker in Rom und der Deutschen Bischofskonferenz. Es versteht sich als weltweite Gebetsgemeinschaft und setzt sich f\u00fcr die Rechte von Frauen und f\u00fcr die katholische Kirche weltweit ein. Die Mitglieder engagieren sich alle ehrenamtlich. Pr\u00e4sidentin Margret Dieckmann-Nardmann nennt als \u201eS\u00e4ulen\u201c des Werkes die drei Bereiche \u201eSpiritualit\u00e4t\u201c, \u201eProjektarbeit von Frauen f\u00fcr Frauen\u201c und die \u201eUnterst\u00fctzung der Feier der Eucharistie\u201c. Schwerpunkt bei der Projektarbeit ist derzeit die Unterst\u00fctzung von Frauen, die unter Menschenrechtsverletzungen leiden, unter anderem in Nigeria, Ruanda, Bolivien, Indonesien.<\/p>\n\n\n\n<p><em>Text &amp; Foto: is<br>23.06.2019<\/em><\/p>\n\n\n\n<h2 class=\"wp-block-heading\">\u201eDer Friede Christi \u2013 Gabe und Aufgabe\u201c<\/h2>\n\n\n\n<p><em>Das Fronleichnamsfest in Speyer war wieder Magnet f\u00fcr mehrere hunderte Gl\u00e4ubige. Sie waren der Einladung der Pfarrei Pax Christi gefolgt, versammelten sich zun\u00e4chst in St. Joseph, schlossen sich dann der Prozession \u00fcber die Gilgen- und Maximilianstra\u00dfe an hin zum Dom, wo das Fest endete. Es stand in diesem Jahr unter dem Leitwort \u201eDer Friede Christi \u2013 Gabe und Aufgabe\u201c. <\/em><\/p>\n\n\n\n<div class=\"wp-block-image\"><figure class=\"aligncenter\"><img decoding=\"async\" loading=\"lazy\" width=\"800\" height=\"533\" src=\"https:\/\/speyer24news.com\/wp-content\/uploads\/2019\/06\/fronleichnam-3.jpg\" alt=\"\" class=\"wp-image-15279\" srcset=\"https:\/\/speyer24news.com\/wp-content\/uploads\/2019\/06\/fronleichnam-3.jpg 800w, https:\/\/speyer24news.com\/wp-content\/uploads\/2019\/06\/fronleichnam-3-300x200.jpg 300w, https:\/\/speyer24news.com\/wp-content\/uploads\/2019\/06\/fronleichnam-3-768x512.jpg 768w\" sizes=\"(max-width: 800px) 100vw, 800px\" \/><figcaption>Bischof Dr. Karl-Heinz Wiesemann tr\u00e4gt die Monstranz bei der Fronleichnamsprozession<\/figcaption><\/figure><\/div>\n\n\n\n<p><strong>Speyer &#8211; <\/strong>Bischof Dr. Karl-Heinz Wiesemann leitete die Eucharistie-Feier zum Fronleichnamfest in der voll besetzten Kirche St. Joseph. Als Konzelebranten standen ihm Weihbischof Otto Georgens und Speyerer Seelsorger zur Seite. Vor St. Joseph formierte sich der Zug, der das Allerheiligste, die geweihte Hostie, in einer goldenen Monstranz durch die Stra\u00dfen begleitet. Bischof Wiesemann trug das Allerheiligste in der Mitte des Zuges unter dem Baldachin zum Dom. Die Gestaltung der Prozession hatte dieses Mal der Liturgieausschuss der Dompfarrei Pax Christi \u00fcbernommen. Er hatte passend zum Leitwort Bibel- und theologische Texte sowie Gebete ausgew\u00e4hlt. Die Dombl\u00e4ser spielen auf dem 900 Meter langen Weg Lieder aus dem Gotteslob. <\/p>\n\n\n\n<p>Vor dem Dom versammelte sich die Festgemeinde rund um den pr\u00e4chtigen, bunten Blumenteppich, der ebenfalls das Leitwort \u201eFriede Christi \u2013 Gabe und Aufgabe\u201c aufgriff und darstellte. Bei der Statio trugen Kommunionkinder aus den einzelnen Speyerer Gemeinden Meditationstexte vor. <br>Bei der Abschlussfeier im Dom dachte Weihbischof Otto Georgens in seiner Predigt \u00fcber Gabe und Aufgabe nach. Er legte dar, was es bedeutet, wenn Katholiken die Kirche verlassen. Er meinte dies in zweierlei Hinsicht: Zun\u00e4chst fragte er danach, wie die Kirche mit Kritik und Austritten umgeht und stellte fest: \u201eWer die Kirche kritisiert, dem ist sie offensichtlich noch ein Anliegen.\u201c Zum anderen deutete er \u201edie Kirche verlassen\u201c positiv, im Sinne vom Hinausgehen auf die Stra\u00dfe zu den Menschen: \u201eEinmal im Jahr tun wir das sogar sehr feierlich \u2013 bei der Fronleichnamsprozession.\u201c <\/p>\n\n\n\n<div class=\"wp-block-image\"><figure class=\"aligncenter\"><img decoding=\"async\" loading=\"lazy\" width=\"800\" height=\"533\" src=\"https:\/\/speyer24news.com\/wp-content\/uploads\/2019\/06\/fronleichnam-1.jpg\" alt=\"\" class=\"wp-image-15278\" srcset=\"https:\/\/speyer24news.com\/wp-content\/uploads\/2019\/06\/fronleichnam-1.jpg 800w, https:\/\/speyer24news.com\/wp-content\/uploads\/2019\/06\/fronleichnam-1-300x200.jpg 300w, https:\/\/speyer24news.com\/wp-content\/uploads\/2019\/06\/fronleichnam-1-768x512.jpg 768w\" sizes=\"(max-width: 800px) 100vw, 800px\" \/><figcaption>  Pr\u00e4chtiger Blumenteppich vor dem Dom, der ebenfalls das Leitwort \u201eFriede Christi \u2013 Gabe und Aufgabe\u201c aufgriff.<\/figcaption><\/figure><\/div>\n\n\n\n<p>In dem Hinausgehen sieht Georgens die eigentliche Aufgabe der Christen. Es d\u00fcrfe nicht gefragt werden, wer in die Kirche kommen und Christus empfangen k\u00f6nne, sondern: \u201eWohin sollen wir gehen? Zu wem sollen wir Christus tragen?\u201c Wenn Katholiken auf die Stra\u00dfe gehen, sei Christus stets bei ihnen und es komme Bewegung in die Kirche. \u201eWir kreisen nicht mehr st\u00e4ndig um uns selbst. Wir leben immer mehr, was Jesus vorgelebt hat. Wir bezeugen mit unserem Leben, was wir verk\u00fcnden. Wir nehmen die Menschen in Not wahr\u201c, sagt der Weihbischof.  <\/p>\n\n\n\n<p>Zuschauer in Stra\u00dfencaf\u00e9s und am Wegesrand, die die Prozession beobachtet und fotografiert haben, seien den Gl\u00e4ubigen nicht unfreundlich begegnet, sondern \u201evielleicht interessiert, vielleicht distanziert, vielleicht gleichg\u00fcltig oder mit dem Gedanken: Zu denen habe ich auch einmal geh\u00f6rt. Oder: Mit denen m\u00f6chte ich auch gehen\u201c. Er schloss eine Predigt mit dem Gedanken, wenn Katholiken die Kirche verlassen, lasse sich wunderbar beten und Menschen ins Gebet nehmen. <\/p>\n\n\n\n<div class=\"wp-block-image\"><figure class=\"aligncenter\"><img decoding=\"async\" loading=\"lazy\" width=\"800\" height=\"533\" src=\"https:\/\/speyer24news.com\/wp-content\/uploads\/2019\/06\/fronleichnam-10.jpg\" alt=\"\" class=\"wp-image-15280\" srcset=\"https:\/\/speyer24news.com\/wp-content\/uploads\/2019\/06\/fronleichnam-10.jpg 800w, https:\/\/speyer24news.com\/wp-content\/uploads\/2019\/06\/fronleichnam-10-300x200.jpg 300w, https:\/\/speyer24news.com\/wp-content\/uploads\/2019\/06\/fronleichnam-10-768x512.jpg 768w\" sizes=\"(max-width: 800px) 100vw, 800px\" \/><figcaption> Weihbischof Otto Georgens bei der Predigt im Dom<\/figcaption><\/figure><\/div>\n\n\n\n<p>F\u00fcr die musikalische Gestaltung des Gottesdienstes sorgten der Chor der Domgemeinde und der Kirchenchor St. Konrad unter der Leitung von Monika Keggenhoff. Sie sangen die Missa Antiqua f\u00fcr Chor und Bl\u00e4ser von Wolfram Menschick. An der Orgel spielte Christoph Keggenhoff, Kantorinnen waren Sabine Diven und Monika Keggenhoff. Im Dom erklang das \u201eTantum Ergo\u201c von Anton Bruckner. Im Anschluss an die Feier im Dom trafen sich die Gl\u00e4ubigen zur Reunion in der Gemeinde St. Joseph.<\/p>\n\n\n\n<p>An Fronleichnam feiert die katholische Kirche in besonderer Weise die Gegenwart Jesu Christi im Sakrament der Eucharistie. Als sichtbares Zeichen f\u00fcr diesen Glauben wird das eucharistische Brot, die Hostie, in einer Monstranz durch die Stra\u00dfen getragen. Damit kommt zum Ausdruck, dass Jesus Christus in seiner Kirche anwesend und mit ihr als dem Volk Gottes unterwegs ist. Das Wort &#8222;Fronleichnam&#8220; stammt aus dem Mittelhochdeutschen: &#8222;fron&#8220; bedeutet &#8222;des Herren&#8220;, &#8222;lichnam&#8220; bezeichnet den lebendigen Leib.<\/p>\n\n\n\n<p><em>Text &amp; Foto: Yvette Wagner<br>23.06.2019<\/em><\/p>\n\n\n\n<h2 class=\"wp-block-heading\">Katholiken im Bistum Speyer spenden 165.000 Euro f\u00fcr die Diaspora<\/h2>\n\n\n\n<h3 class=\"wp-block-heading\">Bonifatiuswerk ver\u00f6ffentlicht Jahresbericht 2018 \u2013 15,4 Millionen Euro Unterst\u00fctzung f\u00fcr Katholiken in der Minderheit<\/h3>\n\n\n\n<div class=\"wp-block-image\"><figure class=\"aligncenter\"><img decoding=\"async\" loading=\"lazy\" width=\"800\" height=\"521\" src=\"https:\/\/speyer24news.com\/wp-content\/uploads\/2019\/06\/Bonifatiuswerk_2_Bilanz-PK_Foto_Kleibold.jpg\" alt=\"\" class=\"wp-image-15276\" srcset=\"https:\/\/speyer24news.com\/wp-content\/uploads\/2019\/06\/Bonifatiuswerk_2_Bilanz-PK_Foto_Kleibold.jpg 800w, https:\/\/speyer24news.com\/wp-content\/uploads\/2019\/06\/Bonifatiuswerk_2_Bilanz-PK_Foto_Kleibold-300x195.jpg 300w, https:\/\/speyer24news.com\/wp-content\/uploads\/2019\/06\/Bonifatiuswerk_2_Bilanz-PK_Foto_Kleibold-768x500.jpg 768w\" sizes=\"(max-width: 800px) 100vw, 800px\" \/><figcaption> Das  Bonifatiuswerk hat im Bistum Fulda den Jahresbericht 2018  ver\u00f6ffentlicht. Von links: Barbara Finger (Pfarrei Antonius Kassel),  Ordinariatsrat Thomas Renze, Martin Guntermann (Gesch\u00e4ftsf\u00fchrer  Bonifatiuswerk), Monsignore Georg Austen (Generalsekret\u00e4r des  Bonifatiuswerkes), Bischof Michael Gerber, Adelheid von Soden, Heinz  Paus (Pr\u00e4sident des Bonifatiuswerkes) und Alfred von Soden. Foto:  Patrick Kleibold <\/figcaption><\/figure><\/div>\n\n\n\n<p>Mit 15,4 Millionen Euro hat das Bonifatiuswerk im vergangenen Jahr 1.254 Projekte in der Diaspora Deutschlands, Nordeuropas und des Baltikums gef\u00f6rdert. Die Ein- und Ausgabensituation ist im Vergleich zum Vorjahr stabil geblieben, teilte das \u201eHilfswerk f\u00fcr den Glauben\u201c w\u00e4hrend seiner Bilanzpressekonferenz im Priesterseminar Fulda mit. In Anbetracht des wahrnehmbaren gesellschaftlichen und kirchlichen Wandels, stellt sich das Hilfswerk konkret die Frage, welche Gestalt von Kirche es k\u00fcnftig f\u00f6rdern k\u00f6nne und wolle und wie es m\u00f6glich ist, kirchenfernen Menschen andere und neue Zug\u00e4nge zur Kirche zu erm\u00f6glichen.<\/p>\n\n\n\n<p>Die katholischen Christen aus dem Bistum Speyer haben 165.000 Euro in Kollekten und Einzelspenden f\u00fcr die Diasporahilfe gespendet. Bei der traditionellen Kollekte zum Diaspora-Sonntag wurden im Bistum Speyer 43.000 Euro und bundesweit 2,195 Millionen Euro gesammelt. Erstkommunionkinder und Firmbewerber sammelten 62.000 Euro und 23.000 Euro f\u00fcr Kinder und Jugendliche in der Diaspora. Im Bistum Speyer unterst\u00fctzte das Bonifatiuswerk missionarische Projekte der Glaubenshilfe mit 4.000 Euro und die Anschaffung eines neuen BONI-Busses mit 20.700 Euro.<\/p>\n\n\n\n<p>\u201eWir geben uns nicht damit zufrieden, dass in Teilen unserer entchristlichten Gesellschaft der pers\u00f6nliche Glaube nur noch eine Randerscheinung ist. Vor diesem Hintergrund arbeiten wir daran, die Erfordernisse heutiger Diasporaseelsorge in ihren Handlungsfeldern zu reflektieren, um daraus die Aufgaben und Schwerpunkte unserer Arbeit abzuleiten\u201c, sagte der Pr\u00e4sident des Bonifatiuswerkes, Heinz Paus. Insbesondere die Kinder- und Jugendf\u00f6rderung habe einen hohen Stellenwert in der t\u00e4glichen Arbeit, durch die in etwa 12.000 Kinder in den ostdeutschen Di\u00f6zesen einen katholischen Kindergarten besuchen und viele Tausend Kinder j\u00e4hrlich an den Religi\u00f6sen Kinderwochen teilnehmen k\u00f6nnen.<\/p>\n\n\n\n<p>In den Diasporagebieten Deutschlands, Nordeuropas und in den baltischen Staaten Estland und Lettland wurden 74 Bauprojekte mit 3,3 Millionen Euro, 1.067 Projekte der Kinder- und Jugendhilfe mit 1,8 Millionen Euro und 74 Projekte der Glaubenshilfe mit 816.000 Euro unterst\u00fctzt. Durch die Verkehrshilfe konnten 39 BONI-Busse mit 716.000 Euro f\u00fcr die Gemeindearbeit gef\u00f6rdert werden. In missionarische Initiativen zur Neuevangelisierung sowie in die religi\u00f6se Bildungsarbeit flossen \u00fcber zwei Millionen Euro, in die Projektbegleitung 417.000 Euro, in die Unterst\u00fctzung der Seelsorge 150.000 Euro und in die zweckgebundene F\u00f6rderung 743.000 Euro. Aus zweckgebundenen Mitteln des Diaspora-Kommissariats wurden 5,4 Millionen Euro an Projekte in Nordeuropa weitergeleitet.<\/p>\n\n\n\n<p>\u201eDie christliche Botschaft ist Kern und zentraler Inhalt unseres Handelns. Dem Bonifatiuswerk mit allen seinen Spendern und F\u00f6rderern, die uns dabei unterst\u00fctzen, das Evangelium in unsere Zeit zu \u00fcbersetzen und helfen, unsere Werte zu leben, danke ich von Herzen\u201c, sagte der Bischof von Fulda, Dr. Michael Gerber, w\u00e4hrend des Pressegespr\u00e4chs.<\/p>\n\n\n\n<div class=\"wp-block-image\"><figure class=\"aligncenter\"><img decoding=\"async\" loading=\"lazy\" width=\"800\" height=\"541\" src=\"https:\/\/speyer24news.com\/wp-content\/uploads\/2019\/06\/Bonifatiuswerk_Bilanz-PK_Foto_Kleibold.jpg\" alt=\"\" class=\"wp-image-15277\" srcset=\"https:\/\/speyer24news.com\/wp-content\/uploads\/2019\/06\/Bonifatiuswerk_Bilanz-PK_Foto_Kleibold.jpg 800w, https:\/\/speyer24news.com\/wp-content\/uploads\/2019\/06\/Bonifatiuswerk_Bilanz-PK_Foto_Kleibold-300x203.jpg 300w, https:\/\/speyer24news.com\/wp-content\/uploads\/2019\/06\/Bonifatiuswerk_Bilanz-PK_Foto_Kleibold-768x519.jpg 768w\" sizes=\"(max-width: 800px) 100vw, 800px\" \/><figcaption> Martin  Guntermann (v.l.), Heinz Paus und Monsignore Georg Austen pr\u00e4sentieren  den Jahresbericht 2018 des Bonifatiuswerkes. Foto: Patrick Kleibold<\/figcaption><\/figure><\/div>\n\n\n\n<p>Die F\u00f6rderung der Projekte finanziert das Bonifatiuswerk durch Einnahmen aus Kollekten (4,9 Millionen Euro), Spenden\/Beitr\u00e4gen\/Verm\u00e4chtnissen und Schenkungen (5,7 Millionen Euro) und aus Mitteln des Diaspora-Kommissariates (5,5 Millionen Euro). Die Kollekten sind im Vergleich zum Vorjahr um 89.400 Euro (+ 1,86 Prozent) gestiegen. Die Kollekte zum Diaspora-Sonntag erbrachte 2,19 Millionen Euro. Die Erstkommunionkinder gaben 1,89 Millionen Euro und die Firmbewerber 732.000 Euro f\u00fcr Kinder- und Jugendhilfe-Projekte.<\/p>\n\n\n\n<p>\u201eWir w\u00fcnschen uns eine Kirche, in der die Menschen sp\u00fcren, dass der Glaube f\u00fcr sie pers\u00f6nlich und f\u00fcr die verbindende Gemeinschaft ein Segen ist. Und das geht nur, wenn er von Menschen bezeugt wird, die authentisch leben, was sie glauben: durch ihr Reden, Handeln und Beten. Wenn wir genau hinsehen, finden wir vielerorts Glaubensbr\u00fcder und -schwestern, die aus der Zuversicht des Glaubens leben und handeln. Diese Menschen zu entdecken und sie zu ermutigen, neue missionarische Initiativen anzugehen \u2013 um auch Menschen anzusprechen, denen der Glaube fremd ist oder fremdgeworden ist\u2013, ist f\u00fcr uns ein zentrales Ziel\u201c, sagte Generalsekret\u00e4r Monsignore Georg Austen.<\/p>\n\n\n\n<p>Paus, Austen und auch Gesch\u00e4ftsf\u00fchrer Martin Guntermann wiesen zudem auf den 170. Geburtstag des Bonifatiuswerkes in diesem Jahr hin. Gegr\u00fcndet wurde das Hilfswerk am 4. Oktober 1849 auf dem dritten Katholikentag in Regensburg. \u201eDie seit dem geleistete Hilfe ist immer abh\u00e4ngig vom Vertrauen unser Spenderinnen und Spender. Transparenz ist f\u00fcr uns daher ein zentraler Anspruch an uns selbst &#8211; an unser Handeln, Wirken und an unsere Kommunikation\u201c, sagte Guntermann. Das Bonifatiuswerk ist mit dem Spendenzertifikat des Deutschen Spendenrates ausgezeichnet. Mit dem Zertifikat wird dem Hilfswerk durch unabh\u00e4ngige Wirtschaftspr\u00fcfer ein zweckgerichteter, wirtschaftlicher und transparenter Umgang mit Spendenmitteln und F\u00f6rdergeldern bescheinigt.<\/p>\n\n\n\n<p>Den Jahresbericht 2018 finden Sie auf der Internetseite des Bonifatiuswerkes im Downloadbereich unter: <a href=\"https:\/\/www.bonifatiuswerk.de\/fileadmin\/user_upload\/bonifatiuswerk\/dokumente\/werk\/Finanzbericht_Diapora-Jahrheft_20182019.pdf\">https:\/\/www.bonifatiuswerk.de\/fileadmin\/user_upload\/bonifatiuswerk\/dokumente\/werk\/Finanzbericht_Diapora-Jahrheft_20182019.pdf<\/a><\/p>\n\n\n\n<p><em>Text: Bonifatius Werk Foto: Bonifatius Werk \/ Patrick Kleibold<br>23.06.2019<\/em><\/p>\n\n\n\n<h2 class=\"wp-block-heading\">Besinnlich, kreativ und informativ<\/h2>\n\n\n\n<h3 class=\"wp-block-heading\">Angebote der Katholischen Kirche auf dem Rheinland-Pfalz Tag in Annweiler &#8211; \u00d6kumenischer Gottesdienst mit Kirchenpr\u00e4sident und Bischof<\/h3>\n\n\n\n<div class=\"wp-block-image\"><figure class=\"aligncenter\"><img decoding=\"async\" loading=\"lazy\" width=\"450\" height=\"407\" src=\"https:\/\/speyer24news.com\/wp-content\/uploads\/2019\/06\/RLP-Tag-2019-Logo.jpg\" alt=\"\" class=\"wp-image-14805\" srcset=\"https:\/\/speyer24news.com\/wp-content\/uploads\/2019\/06\/RLP-Tag-2019-Logo.jpg 450w, https:\/\/speyer24news.com\/wp-content\/uploads\/2019\/06\/RLP-Tag-2019-Logo-300x271.jpg 300w\" sizes=\"(max-width: 450px) 100vw, 450px\" \/><\/figure><\/div>\n\n\n\n<p><strong>Annweiler &#8211; <\/strong>Zentral an der Festmeile des Rheinland-Pfalz Tages liegt die katholische Pfarrkirche St. Josef. Rund um das Gotteshaus laden die Pfarrei Heilige Elisabeth Annweiler, das Bistum Speyer und der Bund der Deutschen Katholischen Jugend (BDKJ) in den Festtagen <strong>vom 28. bis 30. Juni<\/strong> zur Teilnahme an ihren Angeboten ein. Mit einem Stand vertreten sind dort auch die St. Dominikus Stiftung Speyer und das Caritaszentrum Landau.<\/p>\n\n\n\n<p>Unter dem Motto \u201eGottes bunte Stadt\u201c findet am Samstag, 29. Juni, 10 Uhr, in der Stadtkirche ein \u00f6kumenischer Gottesdienst statt. Prediger sind Bischof Dr. Karl-Heinz Wiesemann und Kirchenpr\u00e4sident Christian Schad. Zu den Mitwirkenden geh\u00f6ren au\u00dferdem Pastor Dr. Jochen Wagner, Vorsitzender der Arbeitsgemeinschaft Christlicher Kirchen (ACK) Region S\u00fcdwest, sowie die Vertreter der Kirchen vor Ort Pastoralreferentin Christina Wendel und Pfarrer J\u00fcrgen Reinhardt. Mitglieder aus acht Ch\u00f6ren der Region werden mit einem \u00f6kumenischen Projektchor den Gottesdienst gemeinsam mit mehreren Instrumentalisten und Gesangssolisten musikalisch gestalten. Die Gesamtleitung liegt in H\u00e4nden von Dekanatskantor Horst Christill.<\/p>\n\n\n\n<p>Im Kirchenraum von St. Josef warten ein besinnliches Programm und beschwingte Kl\u00e4nge auf die Besucherinnen und Besucher. Angeboten werden \u201eZeiten der Ruhe\u201c, \u201eSpirituelle Kirchenrundg\u00e4nge\u201c, Abendgebete, ein \u201eOffenen Singen\u201c mit Dekanatskantor Christill (29.6.; 13.30 Uhr) und ein Orgelprojekt f\u00fcr Kinder mit dem Heidelberger Professor Dr. Michael Gerhard Kaufmann (30.6.; 11 Uhr). Rund um die Kirche gibt es unter dem Motto \u201eZeit f\u00fcr mich \u2013 Zeit f\u00fcr andere \u2013 Zeit f\u00fcr Gott\u201c ein vielseitiges, kreatives Rundumprogramm f\u00fcr Klein und Gro\u00df. Beginn ist am Freitag (28.6.) um 15 Uhr, Ende um 19 Uhr. Am Samstag und Sonntag startet das Programm um 11 Uhr und endet um 19 Uhr Uhr (Samstag)\/ 18 Uhr (Sonntag). Die Mobile Kinder- und Jugendkirche (MoKi) und \u201ePolli\u201c, das Oltimer-Wohnmobil des BDKJ sind vor Ort und laden besonders Kinder und Jugendliche zum Mitmachen ein. Auf dem Programm stehen Kreativangebote f\u00fcr Kinder und Spiele mit jugendpolitischem Schwerpunkt f\u00fcr Jugendliche.<\/p>\n\n\n\n<p>Das Bistum Speyer ist mit einer Pr\u00e4sentation zum 200. Jubil\u00e4um seiner Neugr\u00fcndung vertreten. Die Ausstellung am Bistumsstand bietet einen Streifzug durch die Geschichte des Bistums ab 1817 bis heute, informiert \u00fcber zeitgeschichtliche Hintergr\u00fcnde, zentrale Ereignisse und Schwerpunkte im kirchlichen Leben sowie \u00fcber den Dom als \u201eMutterkirche\u201c des Bistums. Durstigen bietet das Standteam ein Gl\u00e4schen Wein oder Wasser an.<\/p>\n\n\n\n<p>Weitere aktuelle Programminformationen sind auf der Webseite der Pfarrei Heilige Elisabeth Annweiler zu finden: <a href=\"https:\/\/www.heilige-elisabeth-annweiler.de\/\">https:\/\/www.heilige-elisabeth-annweiler.de\/<\/a><\/p>\n\n\n\n<p><em>Bistum Speyer<br>23.06.2019<\/em><\/p>\n\n\n\n<h2 class=\"wp-block-heading\">Wallfahrten zum Annaberg beginnen am 25. Juni<\/h2>\n\n\n\n<h3 class=\"wp-block-heading\">Gottesdienst zur Er\u00f6ffnung mit Weihbischof Otto Georgens<\/h3>\n\n\n\n<div class=\"wp-block-image\"><figure class=\"aligncenter\"><img decoding=\"async\" loading=\"lazy\" width=\"640\" height=\"427\" src=\"https:\/\/speyer24news.com\/wp-content\/uploads\/2019\/06\/01-Auf-dem-Kreuzweg-zum-Annaberg.jpg\" alt=\"\" class=\"wp-image-15273\" srcset=\"https:\/\/speyer24news.com\/wp-content\/uploads\/2019\/06\/01-Auf-dem-Kreuzweg-zum-Annaberg.jpg 640w, https:\/\/speyer24news.com\/wp-content\/uploads\/2019\/06\/01-Auf-dem-Kreuzweg-zum-Annaberg-300x200.jpg 300w\" sizes=\"(max-width: 640px) 100vw, 640px\" \/><\/figure><\/div>\n\n\n\n<p><strong>Burrweiler &#8211; <\/strong>Weihbischof Otto Georgens er\u00f6ffnet am Dienstag, 25. Juni, die Reihe der diesj\u00e4hrigen Wallfahrten zum Annaberg bei Burrweiler. Der Wallfahrtsgottesdienst um 10.30 Uhr steht unter dem Thema: \u201eDer Herr ist mit Euch\u201c. Die Messe wird mitgestaltet von Menschen mit Behinderungen.<\/p>\n\n\n\n<p>Die Annakapelle geh\u00f6rt zu den meistbesuchten Wallfahrtsorten im Bistum Speyer. Zu den Wallfahrtstagen &#8211; jeweils dienstags von Juni bis August &#8211; kommen regelm\u00e4\u00dfig bis zu 1 000 Wallfahrerinnen und Wallfahrer mit ihren Anliegen zur Heiligen Mutter Anna.<\/p>\n\n\n\n<div class=\"wp-block-image\"><figure class=\"aligncenter\"><img decoding=\"async\" loading=\"lazy\" width=\"640\" height=\"427\" src=\"https:\/\/speyer24news.com\/wp-content\/uploads\/2019\/06\/05-Gottesdienst-von-der-St.-Anna-Kapelle.jpg\" alt=\"\" class=\"wp-image-15274\" srcset=\"https:\/\/speyer24news.com\/wp-content\/uploads\/2019\/06\/05-Gottesdienst-von-der-St.-Anna-Kapelle.jpg 640w, https:\/\/speyer24news.com\/wp-content\/uploads\/2019\/06\/05-Gottesdienst-von-der-St.-Anna-Kapelle-300x200.jpg 300w\" sizes=\"(max-width: 640px) 100vw, 640px\" \/><\/figure><\/div>\n\n\n\n<p>In diesem Jahr widmen sich die Wallfahrten dem Thema \u201eGott beruft\u201c. So predigt unter anderem Generalvikar Andreas Sturm aus Speyer am 9. Juli zu \u201eGott ist Liebe, und wer in der Liebe bleibt, bleibt in Gott und Gott bleibt in ihm\u201c und Prodekan Arno Vogt aus Herxheim beim Wallfahrtstag am 30. Juli \u00fcber \u201eFreut euch: Wir sind Gottes Volk, erw\u00e4hlt durch seine Gnade\u201c. Der Frauenwallfahrtstag findet am 2. Juli statt und wird in diesem Jahr von dem Di\u00f6zesanverband der Katholischen Frauengemeinschaft Deutschlands (kfd) vorbereitet und mitgestaltet. Am 16. Juli findet unter dem Leitwort \u201eMeine St\u00e4rke und mein Lied ist der Herr. Er ist f\u00fcr mich zum Retter geworden\u201c die Ministrantenwallfahrt mit Pfarrer Andreas Jacob, Edenkoben, statt. Am Sonntag, 21. Juli, steht die traditionelle Wallfahrt der Oberschlesier auf dem Programm. Der Gottesdienst zum Abschluss der Wallfahrten am 20. August mit Bischof Dr. Karl-Heinz Wiesemann steht unter dem Leitwort &#8222;Kommt alle zu mir, die ihr m\u00fchselig und beladen seid. Ich will euch Ruhe verschaffen; denn ich bin g\u00fctig und von Herzen dem\u00fctig\u201c. Gleichzeitig findet an diesem Tag eine Sch\u00fclerwallfahrt zum Annaberg statt.<\/p>\n\n\n\n<div class=\"wp-block-image\"><figure class=\"aligncenter\"><img decoding=\"async\" loading=\"lazy\" width=\"400\" height=\"267\" src=\"https:\/\/speyer24news.com\/wp-content\/uploads\/2019\/06\/AnnaKapelle-Burrweiler.jpg\" alt=\"\" class=\"wp-image-15275\" srcset=\"https:\/\/speyer24news.com\/wp-content\/uploads\/2019\/06\/AnnaKapelle-Burrweiler.jpg 400w, https:\/\/speyer24news.com\/wp-content\/uploads\/2019\/06\/AnnaKapelle-Burrweiler-300x200.jpg 300w\" sizes=\"(max-width: 400px) 100vw, 400px\" \/><\/figure><\/div>\n\n\n\n<p>An jedem Wallfahrtstag werden um 6.30 Uhr und 8 Uhr weitere Heilige Messen in der Annakapelle gefeiert. Ab 8 Uhr kann man das Bu\u00dfsakrament empfangen. Um 8.45 Uhr wird der Rosenkranz gebetet. Ebenfalls jeweils um 8 Uhr ist f\u00fcr den Kreuzweg zum Annaberg Treffpunkt an der Kirche Mari\u00e4 Heimsuchung in Burrweiler. Ab 7.30 Uhr fahren an den Wallfahrtstagen Pendelbusse von Burrweiler aus zur Kapelle und zur\u00fcck. Neu ist der Abfahrtsort der Busse, ein Startpunkt ist der PKW-Parkplatz \u201ePfarrwingert P1\u201c, ein weiterer der PKW-Parkplatz \u201eFesthalle Burrweiler P3\u201c.<\/p>\n\n\n\n<h4 class=\"wp-block-heading\">\u00dcberblick \u00fcber die Wallfahrtstermine<\/h4>\n\n\n\n<ul><li><strong>1. Wallfahrtstag \u201eDer Herr ist mit Euch\u201c<\/strong><\/li><\/ul>\n\n\n\n<p>25. Juni, 10.30 Uhr, Wallfahrtsamt mit Weihbischof Otto Georgens, Speyer<\/p>\n\n\n\n<ul><li><strong>2. Wallfahrtstag \u201eIch bin, weil Du bist\u201c<\/strong><\/li><\/ul>\n\n\n\n<p>2. Juli, Frauenwallfahrtstag, vorbereitet von der kfd, 10 Uhr, Wallfahrtsamt mit dem Di\u00f6zesanpr\u00e4ses der kfd, Pfarrer i.R. Norbert Kaiser, Hettenleidelheim<br> 6 Uhr, Morgenlob vor der Annakapelle mit Daniela Lutz-Ohlinger, geistl. Leiterin der kfd im Teildekanat Landau-Nord<br> 8 Uhr, meditativer Berufungsweg ab Friedhof Burrweiler mit der kfd Edesheim<\/p>\n\n\n\n<ul><li><strong>3. Wallfahrtstag \u201eGott ist die Liebe, und wer in der Liebe bleibt, bleibt in Gott und Gott bleibt in ihm\u201c<\/strong><\/li><\/ul>\n\n\n\n<p>9. Juli, 10 Uhr, Wallfahrtsamt mit Generalvikar Andreas Sturm, Speyer<\/p>\n\n\n\n<ul><li><strong>4. Wallfahrtstag \u201eMeine St\u00e4rke und mein Lied ist der Herr. Er ist f\u00fcr mich zum Retter geworden\u201c<\/strong><\/li><\/ul>\n\n\n\n<p>16. Juli, Ministrantenwallfahrt, 10 Uhr, Wallfahrtsamt mit Pfarrer Andreas Jacob, Edenkoben<\/p>\n\n\n\n<ul><li><strong>Wallfahrt der Oberschlesier \u2013 \u201eDie Liebe Gottes ruft und f\u00fchrt uns\u201c<\/strong><\/li><\/ul>\n\n\n\n<p>Sonntag, 21. Juli, ab 9.30 Beichtgelegenheit<br>\n10.30 Uhr, Wallfahrtsgottesdienst mit Pfarrer i.R. Johannes Klaka, Landau<br>\n13.30 Uhr, feierliche Vesper mit Prozession.<\/p>\n\n\n\n<ul><li><strong>5. Wallfahrtstag \u201eMein Herr und mein Gott\u201c<\/strong><\/li><\/ul>\n\n\n\n<p>23. Juli, 10 Uhr, Wallfahrtsamt mit Pfarrer Thomas Buchert, Bellheim<\/p>\n\n\n\n<ul><li><strong>6. Wallfahrtstag \u201eFreut euch: Wir sind Gottes Volk, erw\u00e4hlt durch seine Gnade.\u201c<\/strong><\/li><\/ul>\n\n\n\n<p>30. Juli, Wallfahrt des Dekanates Landau, 10 Uhr, Wallfahrtsamt mit Prodekan Arno Vogt, Herxheim; 8 Uhr, Meditativer Berufungsweg ab Friedhof Burrweiler mit den Gemeindereferenten B\u00e4rbel Grimm, Landau, und Claudia Fischer, Maikammer, und Kaplan Christoph Herr, Landau<\/p>\n\n\n\n<ul><li><strong>7. Wallfahrtstag \u201eDas Wort ist Fleisch geworden und hat unter uns gewohnt\u201c<\/strong><\/li><\/ul>\n\n\n\n<p>6. August, 10 Uhr, Wallfahrtsamt mit Pfarrer Dr. Joachim Reger, OStR i.K., Frankenthal<\/p>\n\n\n\n<ul><li><strong>8. Wallfahrtstag \u201eChristus will ich erkennen und die Macht seiner Auferstehung und die Gemeinschaft mit seinen Leiden\u201c<\/strong><\/li><\/ul>\n\n\n\n<p>13. August, 10 Uhr, Wallfahrtsamt mit Pfarrer Johannes M\u00fcller, Contwig<\/p>\n\n\n\n<ul><li><strong>9. Wallfahrtstag \u201eKommt alle zu mir, die ihr m\u00fchselig und beladen seid. Ich will euch Ruhe verschaffen; denn ich bin g\u00fctig und von Herzen dem\u00fctig\u201c<\/strong><\/li><\/ul>\n\n\n\n<p>20. August, 10 Uhr, Wallfahrtsamt mit Di\u00f6zesanbischof Dr. Karl-Heinz Wiesemann, Speyer. Segnung der Erntegaben; Sch\u00fclerwallfahrt.<\/p>\n\n\n\n<p>Weitere Informationen: <a href=\"http:\/\/www.annakapelle.de\">www.annakapelle.de<\/a> oder <a href=\"http:\/\/www.pfarrei-edenkoben.de\">www.pfarrei-edenkoben.de<\/a><\/p>\n\n\n\n<p><em>Bistum Speyer<br>23.06.2019<\/em><\/p>\n","protected":false},"excerpt":{"rendered":"<div class=\"mh-excerpt\"><p>\u201eMithelfen am Bau der Einen Welt\u201c Dorothea Fuchs wird neue Leiterin des P\u00e4pstlichen Missionswerkes der Frauen im Bistum Speyer. Speyer &#8211; Am 1. Juli 2019 \u00fcbernimmt Dorothea Fuchs aus Kaiserslautern die Leitung des P\u00e4pstlichen Missionswerkes <a class=\"mh-excerpt-more\" href=\"https:\/\/speyer24news.com\/?p=15272\" title=\"Kirche:\">[&#8230;]<\/a><\/p>\n<\/div>","protected":false},"author":3,"featured_media":14437,"comment_status":"open","ping_status":"open","sticky":false,"template":"","format":"standard","meta":{"_monsterinsights_skip_tracking":false,"_monsterinsights_sitenote_active":false,"_monsterinsights_sitenote_note":"","_monsterinsights_sitenote_category":0,"footnotes":""},"categories":[120],"tags":[1737,1409,174,1735,1734,1733,1604,1605,121,1732,1543,6,1736,1410],"aioseo_notices":[],"amp_enabled":true,"_links":{"self":[{"href":"https:\/\/speyer24news.com\/index.php?rest_route=\/wp\/v2\/posts\/15272"}],"collection":[{"href":"https:\/\/speyer24news.com\/index.php?rest_route=\/wp\/v2\/posts"}],"about":[{"href":"https:\/\/speyer24news.com\/index.php?rest_route=\/wp\/v2\/types\/post"}],"author":[{"embeddable":true,"href":"https:\/\/speyer24news.com\/index.php?rest_route=\/wp\/v2\/users\/3"}],"replies":[{"embeddable":true,"href":"https:\/\/speyer24news.com\/index.php?rest_route=%2Fwp%2Fv2%2Fcomments&post=15272"}],"version-history":[{"count":2,"href":"https:\/\/speyer24news.com\/index.php?rest_route=\/wp\/v2\/posts\/15272\/revisions"}],"predecessor-version":[{"id":15283,"href":"https:\/\/speyer24news.com\/index.php?rest_route=\/wp\/v2\/posts\/15272\/revisions\/15283"}],"wp:featuredmedia":[{"embeddable":true,"href":"https:\/\/speyer24news.com\/index.php?rest_route=\/wp\/v2\/media\/14437"}],"wp:attachment":[{"href":"https:\/\/speyer24news.com\/index.php?rest_route=%2Fwp%2Fv2%2Fmedia&parent=15272"}],"wp:term":[{"taxonomy":"category","embeddable":true,"href":"https:\/\/speyer24news.com\/index.php?rest_route=%2Fwp%2Fv2%2Fcategories&post=15272"},{"taxonomy":"post_tag","embeddable":true,"href":"https:\/\/speyer24news.com\/index.php?rest_route=%2Fwp%2Fv2%2Ftags&post=15272"}],"curies":[{"name":"wp","href":"https:\/\/api.w.org\/{rel}","templated":true}]}}