{"id":15284,"date":"2019-06-23T14:30:51","date_gmt":"2019-06-23T13:30:51","guid":{"rendered":"https:\/\/speyer24news.com\/?p=15284"},"modified":"2019-06-23T14:30:53","modified_gmt":"2019-06-23T13:30:53","slug":"rhein-pfalz-kreis-5","status":"publish","type":"post","link":"https:\/\/speyer24news.com\/?p=15284","title":{"rendered":"Rhein-Pfalz-Kreis"},"content":{"rendered":"<style type=\"text\/css\">\r\n\t.ads_top_disp{}\r\n\t.ads_top_corner_disp{ float:left; margin:0px 10px 10px 0px; }\r\n\t.ads_first_p_disp{}\r\n\t.ads_bottom_disp{}\r\n\t<\/style>\n<h2 class=\"wp-block-heading\">Rhein-Pfalz-Kreis bildet Tagesm\u00fctter und Tagesv\u00e4ter aus<\/h2>\n\n\n\n<p><strong>Dannstadt-Schauernheim \/  Kurpfalzschule &#8211;<\/strong> In allen Orten des Rhein-Pfalz-Kreises gibt es immer Bedarf an engagierten und kompetenten Kindertagespflegepersonen, die Kinder im eigenen Haushalt oder in anderen geeigneten R\u00e4umen betreuen m\u00f6chten. Vor allem in Schifferstadt ist der Bedarf an Personen f\u00fcr die Kindertagespflege sehr hoch.<\/p>\n\n\n\n<p>Die Betreuung von Kindern bei Tagesm\u00fcttern oder Tagesv\u00e4tern (Kindertagespflegepersonen) ist eine individuelle, familiennahe und flexible Betreuungsform, die vom Jugendamt gef\u00f6rdert wird. Die Kreisverwaltung bietet <strong>ab dem 22. August 2019<\/strong> einen Qualifizierungskurs f\u00fcr Kindertagespflegepersonen an, zu dem man sich jetzt anmelden kann. <\/p>\n\n\n\n<p>In 300 Unterrichtsstunden wird ein Grundwissen \u00fcber Kindesentwicklung, Bildung und Erziehung sowie Informationen zu den organisatorischen Bedingungen der Kindertagespflege vermittelt. In enger Theorie- und Praxisverzahnung werden eigene Kompetenzen weiterentwickelt. Der Kurs wird mit Mitteln des Landes Rheinland-Pfalz gef\u00f6rdert, die Teilnahmegeb\u00fchr betr\u00e4gt daher nur 250 Euro. Unterrichtet wird dienstags und donnerstags von 18 &#8211; 21:15 Uhr und samstags von 9 bis 14:15 bzw. 16 Uhr in der Kurpfalzschule in Dannstadt-Schauernheim.<\/p>\n\n\n\n<p>Alle wichtigen Informationen zur Kindertagespflege und zur Qualifizierung erhalten Interessierte bei Sabine Asal-Frey (0621 5909 1340), Katja Marksteiner (-1341) oder Kerstin Graber (-1070) im Kreisjugendamt oder auf der Internetseite des Rhein-Pfalz-Kreises unter <a href=\"http:\/\/www.rhein-pfalz-kreis.de\">www.rhein-pfalz-kreis.de<\/a> .<\/p>\n\n\n\n<p><em>Kreisverwaltung Rhein-Pfalz-Kreis<br>23.06.2019<\/em><\/p>\n\n\n\n<h2 class=\"wp-block-heading\">Mehr Klimaschutz in Kreisschulen<\/h2>\n\n\n\n<div class=\"wp-block-image\"><figure class=\"aligncenter\"><img decoding=\"async\" loading=\"lazy\" width=\"800\" height=\"553\" src=\"https:\/\/speyer24news.com\/wp-content\/uploads\/2019\/06\/Landrat-Clemens-K\u00f6rner-mit-den-Vertretern-der-teilnehmenden-Schulen-im-RPK.jpg\" alt=\"\" class=\"wp-image-15289\" srcset=\"https:\/\/speyer24news.com\/wp-content\/uploads\/2019\/06\/Landrat-Clemens-K\u00f6rner-mit-den-Vertretern-der-teilnehmenden-Schulen-im-RPK.jpg 800w, https:\/\/speyer24news.com\/wp-content\/uploads\/2019\/06\/Landrat-Clemens-K\u00f6rner-mit-den-Vertretern-der-teilnehmenden-Schulen-im-RPK-300x207.jpg 300w, https:\/\/speyer24news.com\/wp-content\/uploads\/2019\/06\/Landrat-Clemens-K\u00f6rner-mit-den-Vertretern-der-teilnehmenden-Schulen-im-RPK-768x531.jpg 768w\" sizes=\"(max-width: 800px) 100vw, 800px\" \/><figcaption>Landrat Clemens K\u00f6rner mit den Vertretern der teilnehmenden Schulen im RPK<\/figcaption><\/figure><\/div>\n\n\n\n<p><strong>Ludwigshafen \/ Rhein-Pfalz-Kreis &#8211;<\/strong> Zum neuen Schuljahr 2019\/2020 startet der Rhein-Pfalz-Kreis das so genannte Energieeinsparmodell \u201eKlimaschutz Aktiv-Schulen\u201c mit den weiterf\u00fchrenden Schulen im Landkreis. Energiesparen ist aktiver Klimaschutz und Schulen als gro\u00dfe \u00f6ffentliche Einrichtungen bergen ein enormes Energieeinsparpotential. <\/p>\n\n\n\n<p>Werden Schulen daher aktiv und sparen durch verbessertes Nutzerverhalten Energie ein, bekommt die Schule neben der \u201eEhre f\u00fcr die gute Tat\u201c auch eine finanzielle Belohnung f\u00fcr ihre Bem\u00fchungen. 50% der eingesparten Kosten bekommt die Schule zur freien Verf\u00fcgung zur\u00fcck &#8211; eine klassische win-win-Situation. Aber nicht nur finanziell, denn neben der Energie- und damit CO2-Einsparung, lernen die Sch\u00fclerinnen und Sch\u00fcler etwas \u00fcber aktiven Klimaschutz und treten als Multiplikatorinnen und Multiplikatoren sowohl in der Schule als auch im au\u00dferschulischen Bereich auf.<\/p>\n\n\n\n<p>\u201eNeben dem Energieeinsparen sollen die Kinder aber auch die M\u00f6glichkeit haben eigene Ideen f\u00fcr den Klimaschutz zu entwickeln und in die Tat umzusetzen. Ob Fahrrad AG oder Schulgarten, was konkret vor Ort an der Schule passiert, entscheiden stets die Sch\u00fcler und Sch\u00fclerinnen zusammen mit den Lehrkr\u00e4ften und der Schulleitung. Wir als Landkreis versuchen dann unser Bestes die Schulen dabei zu unterst\u00fctzen, die Ideen auch zu realisieren\u201c, so Sebastian Felixberger, Klimaschutzmanager des Rhein-Pfalz-Kreises.<\/p>\n\n\n\n<div class=\"wp-block-image\"><figure class=\"alignleft is-resized\"><img decoding=\"async\" loading=\"lazy\" src=\"https:\/\/speyer24news.com\/wp-content\/uploads\/2019\/06\/Klimaschutz-Aktiv-Schule.png\" alt=\"\" class=\"wp-image-15290\" width=\"287\" height=\"318\" srcset=\"https:\/\/speyer24news.com\/wp-content\/uploads\/2019\/06\/Klimaschutz-Aktiv-Schule.png 400w, https:\/\/speyer24news.com\/wp-content\/uploads\/2019\/06\/Klimaschutz-Aktiv-Schule-270x300.png 270w\" sizes=\"(max-width: 287px) 100vw, 287px\" \/><\/figure><\/div>\n\n\n\n<p>Insgesamt nehmen 6 der 9 weiterf\u00fchrenden Schulen im Rhein-Pfalz-Kreis an dem Projekt \u201eKlimaschutz Aktiv-Schulen\u201c teil. Vor dem offiziellen Start des Projektes im neuen Schuljahr versammelten sich am 14. Juni 2019 eine Schulleiterin und die Schulleiter der teilnehmenden Schulen zur offiziellen Unterzeichnung der Kooperationsvereinbarung im Kreishaus. Teilnehmende Schulen sind die Realschulen plus Dudenhofen-R\u00f6merberg, Limburgerhof, Maxdorf und Schifferstadt sowie die Integrierte Gesamtschule Mutterstadt und das Gymnasium in Schifferstadt.<\/p>\n\n\n\n<p>F\u00fcr weitere Informationen steht Sebastian Felixberger, Klimaschutzmanager des Rhein-Pfalz-Kreises unter 0621 5909- 4050 oder unter <a href=\"Sebastian.Felixberger@kv-rpk.de\">Sebastian.Felixberger@kv-rpk.de<\/a> zur Verf\u00fcgung. Auch auf der Homepage des Kreises unter <a href=\"http:\/\/www.klimaschutz-rpk.de\">www.klimaschutz-rpk.de<\/a> sind n\u00e4here Informationen zu erhalten.<\/p>\n\n\n\n<p><em>Kreisverwaltung Rhein-Pfalz-Kreis<br>23.06.2019<\/em><\/p>\n\n\n\n<h2 class=\"wp-block-heading\">Lou Albert-Lasard &#8211; Pariser Leben!<\/h2>\n\n\n\n<h3 class=\"wp-block-heading\">K\u00f6pfe der Kunstszene der 1920\/30er JahreAusstellung des Rhein-Pfalz-Kreises im Schloss Kleinniedesheim<\/h3>\n\n\n\n<div class=\"wp-block-image\"><figure class=\"aligncenter\"><img decoding=\"async\" loading=\"lazy\" width=\"500\" height=\"668\" src=\"https:\/\/speyer24news.com\/wp-content\/uploads\/2019\/06\/Selbstportr\u00e4t.png\" alt=\"\" class=\"wp-image-15287\" srcset=\"https:\/\/speyer24news.com\/wp-content\/uploads\/2019\/06\/Selbstportr\u00e4t.png 500w, https:\/\/speyer24news.com\/wp-content\/uploads\/2019\/06\/Selbstportr\u00e4t-225x300.png 225w\" sizes=\"(max-width: 500px) 100vw, 500px\" \/><figcaption> Lou Albert-Lasard: Selbstportr\u00e4t. Aquarell. Foto Bentz\/Slg. Bentz<\/figcaption><\/figure><\/div>\n\n\n\n<p><strong>Kleinniedesheim \/ Schloss &#8211; <\/strong>Wo immer sie im ersten Drittel des 20. Jahrhunderts in den Kunstzirkeln der europ\u00e4ischen Metropolen wie M\u00fcnchen, Berlin oder Paris auch auftauchte, war sie stets bald der Mittelpunkt der Szene: Die im Auftreten exzentrische und schillernde K\u00fcnstlerin Lou Albert-Lasard (1885-1969), die nicht nur als hervorragende Malerin und Graphikerin sondern auch als Muse bedeutender K\u00fcnstlerkollegen wie Rainer Maria Rilke ihren Platz in der Kulturgeschichte einnimmt. <\/p>\n\n\n\n<p>1928 lie\u00df sie sich in Paris nieder und wurde Teil der K\u00fcnstlergemeinschaft des Montparnasse. In Graphik und Malerei hielt sie das Pariser Leben in den Vergn\u00fcgungsetablissements und Szenelokalen fest und bannte die Konterfeis vieler Vertreter des pulsierenden Kunstbetriebes der Hauptstadt in Zeichnung und Druckgraphik aufs Papier. <\/p>\n\n\n\n<div class=\"wp-block-image\"><figure class=\"aligncenter\"><img decoding=\"async\" loading=\"lazy\" width=\"500\" height=\"619\" src=\"https:\/\/speyer24news.com\/wp-content\/uploads\/2019\/06\/Chagall-Foto-Bentz-Slg.-Bentz.png\" alt=\"\" class=\"wp-image-15288\" srcset=\"https:\/\/speyer24news.com\/wp-content\/uploads\/2019\/06\/Chagall-Foto-Bentz-Slg.-Bentz.png 500w, https:\/\/speyer24news.com\/wp-content\/uploads\/2019\/06\/Chagall-Foto-Bentz-Slg.-Bentz-242x300.png 242w\" sizes=\"(max-width: 500px) 100vw, 500px\" \/><figcaption> Lou Albert-Lasard: Portr\u00e4t Marc Chagall. Lithographie. Foto Bentz\/Slg. Bentz<\/figcaption><\/figure><\/div>\n\n\n\n<p>Vor 50 Jahren, am 21. Juli 1969, starb Lou Albert-Lasard in Paris. Aus Anlass des 50. Todestages pr\u00e4sentiert die Ausstellung \u201eLou Albert-Lasard &#8211; Pariser Leben! K\u00f6pfe der Kunstszene der 1920\/30er Jahre aus dieser Zeit. Zu sehen sind Milieuschilderungen Albert-Lasards aus dem Pariser K\u00fcnstlerleben ebenso wie ihre Portr\u00e4ts etwa von Marc Chagall, Fernand Leger, Paul Valery oder Paul Claudel. <\/p>\n\n\n\n<ul><li>Er\u00f6ffnung: Sonntag, 21. Juli 2019, 11.00 Uhr, Schloss Kleinniedesheim, <\/li><li>Dauer bis 04. August 2019<\/li><li>\u00d6ffnungszeiten jeweils sonntags von 13.00-17.00 Uhr.<\/li><\/ul>\n\n\n\n<p><em>Text: Kreisverwaltung Rhein-Pfalz-Kreis  Foto: Bentz\/Slg. Bentz <br>23.06.2019<\/em><\/p>\n\n\n\n<h2 class=\"wp-block-heading\">Die sch\u00f6nsten Wanderwege in der Pfalz<\/h2>\n\n\n\n<h3 class=\"wp-block-heading\">Pfalz.Touristik stellt neue Wanderkarte vor<\/h3>\n\n\n\n<figure class=\"wp-block-image\"><img decoding=\"async\" loading=\"lazy\" width=\"800\" height=\"600\" src=\"https:\/\/speyer24news.com\/wp-content\/uploads\/2019\/06\/Premiumwandern-im-Wandermen\u00fc-Pfalz_Pfalz.Touristik-e.V.-Foto-Dominik-Ket....jpg\" alt=\"\" class=\"wp-image-15285\" srcset=\"https:\/\/speyer24news.com\/wp-content\/uploads\/2019\/06\/Premiumwandern-im-Wandermen\u00fc-Pfalz_Pfalz.Touristik-e.V.-Foto-Dominik-Ket....jpg 800w, https:\/\/speyer24news.com\/wp-content\/uploads\/2019\/06\/Premiumwandern-im-Wandermen\u00fc-Pfalz_Pfalz.Touristik-e.V.-Foto-Dominik-Ket...-300x225.jpg 300w, https:\/\/speyer24news.com\/wp-content\/uploads\/2019\/06\/Premiumwandern-im-Wandermen\u00fc-Pfalz_Pfalz.Touristik-e.V.-Foto-Dominik-Ket...-768x576.jpg 768w, https:\/\/speyer24news.com\/wp-content\/uploads\/2019\/06\/Premiumwandern-im-Wandermen\u00fc-Pfalz_Pfalz.Touristik-e.V.-Foto-Dominik-Ket...-678x509.jpg 678w, https:\/\/speyer24news.com\/wp-content\/uploads\/2019\/06\/Premiumwandern-im-Wandermen\u00fc-Pfalz_Pfalz.Touristik-e.V.-Foto-Dominik-Ket...-326x245.jpg 326w, https:\/\/speyer24news.com\/wp-content\/uploads\/2019\/06\/Premiumwandern-im-Wandermen\u00fc-Pfalz_Pfalz.Touristik-e.V.-Foto-Dominik-Ket...-80x60.jpg 80w\" sizes=\"(max-width: 800px) 100vw, 800px\" \/><\/figure>\n\n\n\n<div class=\"wp-block-image\"><figure class=\"alignleft is-resized\"><img decoding=\"async\" loading=\"lazy\" src=\"https:\/\/speyer24news.com\/wp-content\/uploads\/2019\/06\/Titel-Wanderkarte-Pfalz-463x1024.jpg\" alt=\"\" class=\"wp-image-15286\" width=\"296\" height=\"655\" srcset=\"https:\/\/speyer24news.com\/wp-content\/uploads\/2019\/06\/Titel-Wanderkarte-Pfalz-463x1024.jpg 463w, https:\/\/speyer24news.com\/wp-content\/uploads\/2019\/06\/Titel-Wanderkarte-Pfalz-136x300.jpg 136w, https:\/\/speyer24news.com\/wp-content\/uploads\/2019\/06\/Titel-Wanderkarte-Pfalz.jpg 500w\" sizes=\"(max-width: 296px) 100vw, 296px\" \/><\/figure><\/div>\n\n\n\n<p><strong>Neustadt \/ Pfalz &#8211; <\/strong>Die sch\u00f6nsten Wanderwege in der Pfalz auf einen Blick zeigt die \u00bbWanderkarte Pfalz\u00ab der Pfalz.Touristik, die zur Sommersaison neu aufgelegt wurde. In der \u00dcbersichtskarte im verbesserten Ma\u00dfstab von 1:150.000 sind alle 46 Pr\u00e4dikatswanderwege aus dem \u00bbWandermen\u00fc Pfalz\u00ab dargestellt. Die drei Fernwanderwege \u00bbPf\u00e4lzer H\u00f6henweg\u00ab, \u00bbPf\u00e4lzer Waldpfad\u00ab und \u00bbPf\u00e4lzer Weinsteig\u00ab sowie 8 Mehrtagestouren, 24 Tagestouren und 11 Halbtagestouren laden zum Genuss von Natur und regionaler K\u00fcche ein. Neu aufgenommen in die Karte wurde der rund 17-Kilometer lange \u00bbAdolf-von-Nassau-Weg\u00ab bei Eisenberg und G\u00f6llheim. Neben den Wanderwegen, zeigt die Karte auch alle H\u00fctten des Pf\u00e4lzerwald-Vereins und der Naturfreunde, die 39 Qualit\u00e4tsgastgeber Wanderbares Deutschland, die Wanderbahnh\u00f6fe in der Pfalz und \u00fcber 250 Sehensw\u00fcrdigkeiten entlang der Wegstrecken. Zu jeder Tour gibt es auf der R\u00fcckseite eine Kurzbeschreibung mit Angaben zu L\u00e4nge und H\u00f6henmetern sowie Tipps zu Einkehr und Anreise mit dem \u00d6PNV. \u00dcber <br> einen QR-Code gelangen Wanderfreunde direkt zur ausf\u00fchrlichen Streckenbeschreibung im \u00bbTourenplaner Rheinland-Pfalz\u00ab. Daneben informiert die Karte \u00fcber Markierung und Wegweisung sowie die Qualit\u00e4tsstandards an den Pr\u00e4dikatswanderwegen. <\/p>\n\n\n\n<p>Die \u00bbWanderkarte Pfalz\u00ab erscheint in einer Auflage von 100.000 St\u00fcck und ist bei vielen Tourist-Informationen in der Region und der Pfalz.Touristik erh\u00e4ltlich oder unter <a href=\"http:\/\/www.pfalz.de\">www.pfalz.de<\/a> zum Download verf\u00fcgbar.<\/p>\n\n\n\n<p>Weitere Informationen zu den Pf\u00e4lzer Wanderwegen erhalten Sie unter <a href=\"http:\/\/www.wandermenue-pfalz.de\">www.wandermenue-pfalz.de<\/a> sowie bei der Pfalz.Touristik e.V., Johanna Franz, Tel. 06321 3916-923, <a href=\"franz@pfalz.de\">franz@pfalz.de<\/a>.<\/p>\n\n\n\n<p><em>Pfalz.Touristik e.V.<br>23.06.2019<\/em><\/p>\n","protected":false},"excerpt":{"rendered":"<div class=\"mh-excerpt\"><p>Rhein-Pfalz-Kreis bildet Tagesm\u00fctter und Tagesv\u00e4ter aus Dannstadt-Schauernheim \/ Kurpfalzschule &#8211; In allen Orten des Rhein-Pfalz-Kreises gibt es immer Bedarf an engagierten und kompetenten Kindertagespflegepersonen, die Kinder im eigenen Haushalt oder in anderen geeigneten R\u00e4umen betreuen <a class=\"mh-excerpt-more\" href=\"https:\/\/speyer24news.com\/?p=15284\" title=\"Rhein-Pfalz-Kreis\">[&#8230;]<\/a><\/p>\n<\/div>","protected":false},"author":3,"featured_media":0,"comment_status":"open","ping_status":"open","sticky":false,"template":"","format":"standard","meta":{"_monsterinsights_skip_tracking":false,"_monsterinsights_sitenote_active":false,"_monsterinsights_sitenote_note":"","_monsterinsights_sitenote_category":0,"footnotes":""},"categories":[1564],"tags":[1220,182,1741,1740,1742,61,63,105,438,427,1565,1743,1738,1739,1746,1744,1745],"aioseo_notices":[],"amp_enabled":true,"_links":{"self":[{"href":"https:\/\/speyer24news.com\/index.php?rest_route=\/wp\/v2\/posts\/15284"}],"collection":[{"href":"https:\/\/speyer24news.com\/index.php?rest_route=\/wp\/v2\/posts"}],"about":[{"href":"https:\/\/speyer24news.com\/index.php?rest_route=\/wp\/v2\/types\/post"}],"author":[{"embeddable":true,"href":"https:\/\/speyer24news.com\/index.php?rest_route=\/wp\/v2\/users\/3"}],"replies":[{"embeddable":true,"href":"https:\/\/speyer24news.com\/index.php?rest_route=%2Fwp%2Fv2%2Fcomments&post=15284"}],"version-history":[{"count":1,"href":"https:\/\/speyer24news.com\/index.php?rest_route=\/wp\/v2\/posts\/15284\/revisions"}],"predecessor-version":[{"id":15292,"href":"https:\/\/speyer24news.com\/index.php?rest_route=\/wp\/v2\/posts\/15284\/revisions\/15292"}],"wp:attachment":[{"href":"https:\/\/speyer24news.com\/index.php?rest_route=%2Fwp%2Fv2%2Fmedia&parent=15284"}],"wp:term":[{"taxonomy":"category","embeddable":true,"href":"https:\/\/speyer24news.com\/index.php?rest_route=%2Fwp%2Fv2%2Fcategories&post=15284"},{"taxonomy":"post_tag","embeddable":true,"href":"https:\/\/speyer24news.com\/index.php?rest_route=%2Fwp%2Fv2%2Ftags&post=15284"}],"curies":[{"name":"wp","href":"https:\/\/api.w.org\/{rel}","templated":true}]}}