{"id":15316,"date":"2019-06-25T12:25:41","date_gmt":"2019-06-25T11:25:41","guid":{"rendered":"https:\/\/speyer24news.com\/?p=15316"},"modified":"2019-06-25T12:25:43","modified_gmt":"2019-06-25T11:25:43","slug":"schifferstadt-5","status":"publish","type":"post","link":"https:\/\/speyer24news.com\/?p=15316","title":{"rendered":"Schifferstadt:"},"content":{"rendered":"<style type=\"text\/css\">\r\n\t.ads_top_disp{}\r\n\t.ads_top_corner_disp{ float:left; margin:0px 10px 10px 0px; }\r\n\t.ads_first_p_disp{}\r\n\t.ads_bottom_disp{}\r\n\t<\/style>\n<h2 class=\"wp-block-heading\">Deckel drauf \u2013 Sammelaktion endet<\/h2>\n\n\n\n<div class=\"wp-block-image\"><figure class=\"aligncenter\"><img decoding=\"async\" loading=\"lazy\" width=\"800\" height=\"600\" src=\"https:\/\/speyer24news.com\/wp-content\/uploads\/2019\/06\/Deckel-gegen-Polio-Bild.jpg\" alt=\"\" class=\"wp-image-15322\" srcset=\"https:\/\/speyer24news.com\/wp-content\/uploads\/2019\/06\/Deckel-gegen-Polio-Bild.jpg 800w, https:\/\/speyer24news.com\/wp-content\/uploads\/2019\/06\/Deckel-gegen-Polio-Bild-300x225.jpg 300w, https:\/\/speyer24news.com\/wp-content\/uploads\/2019\/06\/Deckel-gegen-Polio-Bild-768x576.jpg 768w, https:\/\/speyer24news.com\/wp-content\/uploads\/2019\/06\/Deckel-gegen-Polio-Bild-678x509.jpg 678w, https:\/\/speyer24news.com\/wp-content\/uploads\/2019\/06\/Deckel-gegen-Polio-Bild-326x245.jpg 326w, https:\/\/speyer24news.com\/wp-content\/uploads\/2019\/06\/Deckel-gegen-Polio-Bild-80x60.jpg 80w\" sizes=\"(max-width: 800px) 100vw, 800px\" \/><figcaption> 1.205.550 Deckel \u2013 das entspricht etwa 2.411 kg und damit ebenso vielen Impfungen gegen Polio, wurden in Schifferstadt gesammelt.<\/figcaption><\/figure><\/div>\n\n\n\n<p>\u201eEs ist geschafft\u201c, sagt Simone Zeiser-Schlichter \u2013 mit einem weinenden und einem lachenden Auge, so scheint es. Sie hat sich in Schifferstadt und Umgebung federf\u00fchrend um die Aktion \u201e500 Deckel f\u00fcr ein Leben ohne Kinderl\u00e4hmung\u201c gek\u00fcmmert. Zum 30. Juni stellt der Verein \u201eDeckel drauf e.V.\u201c seine Bem\u00fchungen ein. <\/p>\n\n\n\n<h4 class=\"wp-block-heading\">Ein weinendes\u2026<\/h4>\n\n\n\n<p>Die Gr\u00fcnde f\u00fcr das Ende der Aktion sind vielf\u00e4ltig: Die EU hat in ihrer Kunststoffstrategie festgelegt, dass die Deckel k\u00fcnftig fest mit den Flaschen verbunden sein m\u00fcssen. Es geht also mittelfristig das Sammelmaterial aus. Hinzu kommt, dass die Preise auf dem Markt f\u00fcr Sekund\u00e4rrohstoffe zuletzt deutlich gesunken sind. Damit kann nicht mehr sichergestellt werden, dass weiterhin 500 Kunststoffdeckel dem Wert einer lebensrettenden Impfdosis entsprechen. <\/p>\n\n\n\n<h4 class=\"wp-block-heading\">\u2026und ein lachendes Auge<\/h4>\n\n\n\n<p>1.205.550 Deckel \u2013 das entspricht etwa 2.411 kg und damit ebenso vielen Impfungen gegen Polio. Die Sammelleidenschaft der Schifferstadter war bis zuletzt ungebrochen. Mit 446.050 Deckeln und somit 892 Impfungen ist das Rathaus der Spitzenreiter bei den Abgabeorten. Platz zwei mit 192.000 Deckeln, also 384 Impfungen, ersammelte sich die Grundschule Nord. 149.000 Deckel bzw. 298 Impfungen kamen in der Kita Rappelkiste zusammen. <\/p>\n\n\n\n<p>Von der Apotheke bis zur Pfarrgemeinde \u2013 an insgesamt 16 Orten in Schifferstadt konnten B\u00fcrgerinnen und B\u00fcrger ihre gesammelten Deckel loswerden. Zuletzt so viele, dass die Stadtwerke als Lagerstelle einspringen mussten. Zuvor hatte das die Firma Becker \u00fcbernommen. Doch nicht einmal die Ehrenamtlichen vom \u201eDeckel drauf\u201c-Verein haben mit einem solch gro\u00dfen Erfolg gerechnet. Das sei \u2013 so positiv es auch klingen mag \u2013 leider auch ein Grund daf\u00fcr, weshalb die Menge an Arbeit nun nicht mehr zu stemmen sei, wei\u00df Zeiser-Schlichter. <\/p>\n\n\n\n<h4 class=\"wp-block-heading\">Mit kleinen Gesten Gro\u00dfes bewegen<\/h4>\n\n\n\n<p>\u201eWir bedauern zutiefst, dass die Aktion nun ein Ende hat\u201c, sagt B\u00fcrgermeisterin Ilona Volk. \u201eZusammen und vor allem mit der Unterst\u00fctzung von Frau Zeiser-Schlichter haben wir so viel erreicht und das mit kleinen Plastikdeckeln \u2013 da sieht man, dass es nicht immer ein hoher Geldbetrag oder eine schwei\u00dftreibende T\u00e4tigkeit sein muss. Auch mit scheinbar kleinen Gesten k\u00f6nnen wir Gro\u00dfes bewegen.\u201c <\/p>\n\n\n\n<p><em>Stadtverwaltung Schifferstadt<br>25.06.2019<\/em><\/p>\n\n\n\n<h2 class=\"wp-block-heading\">MS Office-Einzelunterricht<\/h2>\n\n\n\n<div class=\"wp-block-image\"><figure class=\"aligncenter\"><img decoding=\"async\" src=\"https:\/\/speyer24news.com\/wp-content\/uploads\/2019\/06\/VHS-1.png\" alt=\"\" class=\"wp-image-15321\"\/><\/figure><\/div>\n\n\n\n<p>Am <strong>Montag, 1. Juli 2019<\/strong> beginnt um 17:30 Uhr Ihr pers\u00f6nlicher MS Office-Einzelunterricht im Schifferstadter vhs-Bildungszentrum, Neust\u00fcckweg 2. <\/p>\n\n\n\n<p>Sie m\u00f6chten einen MS-Office-Kurs, der speziell auf Ihre Bed\u00fcrfnisse abgestimmt ist? Sie haben eine spezielle Frage, ein Problem oder Anliegen zu einem bestimmten Office-Programm? Im MS Office-Einzelunterricht erhalten Sie individuelle Hilfe. Sie k\u00f6nnen zwei bis vier Unterrichtseinheiten (\u00e0 45 min) buchen. Gerne k\u00f6nnen Sie Ihren eigenen Laptop verwenden. Eine Unterrichtseinheit kostet 35 Euro. <\/p>\n\n\n\n<p>Informationen und Anmeldung erhalten Interessierte bei der Stadtverwaltung Schifferstadt unter Telefonnummer 06235 44305 oder unter 44302. <\/p>\n\n\n\n<p><em>Stadtverwaltung Schifferstadt<br>25.06.2019<\/em><\/p>\n\n\n\n<h2 class=\"wp-block-heading\">Gl\u00fccksfee zieht Rettichfestr\u00e4tsel-Gewinner<\/h2>\n\n\n\n<div class=\"wp-block-image\"><figure class=\"aligncenter\"><img decoding=\"async\" loading=\"lazy\" width=\"800\" height=\"600\" src=\"https:\/\/speyer24news.com\/wp-content\/uploads\/2019\/06\/Gl\u00fccksfee-Rettichfestr\u00e4tsel.jpg\" alt=\"\" class=\"wp-image-15320\" srcset=\"https:\/\/speyer24news.com\/wp-content\/uploads\/2019\/06\/Gl\u00fccksfee-Rettichfestr\u00e4tsel.jpg 800w, https:\/\/speyer24news.com\/wp-content\/uploads\/2019\/06\/Gl\u00fccksfee-Rettichfestr\u00e4tsel-300x225.jpg 300w, https:\/\/speyer24news.com\/wp-content\/uploads\/2019\/06\/Gl\u00fccksfee-Rettichfestr\u00e4tsel-768x576.jpg 768w, https:\/\/speyer24news.com\/wp-content\/uploads\/2019\/06\/Gl\u00fccksfee-Rettichfestr\u00e4tsel-678x509.jpg 678w, https:\/\/speyer24news.com\/wp-content\/uploads\/2019\/06\/Gl\u00fccksfee-Rettichfestr\u00e4tsel-326x245.jpg 326w, https:\/\/speyer24news.com\/wp-content\/uploads\/2019\/06\/Gl\u00fccksfee-Rettichfestr\u00e4tsel-80x60.jpg 80w\" sizes=\"(max-width: 800px) 100vw, 800px\" \/><figcaption>OLYMPUS DIGITAL CAMERA<\/figcaption><\/figure><\/div>\n\n\n\n<p>Drei der \u00fcber 300 Teilnehmern am Rettichfestr\u00e4tsel d\u00fcrfen sich \u00fcber tolle Gewinne freuen. Weil Rettichk\u00f6nig Tobias I erkrankt war, \u00fcbernahm eine Mitarbeiterin des Stadtmarketings seine Aufgabe als Gl\u00fccksfee.<\/p>\n\n\n\n<p>Der erste Platz darf sich \u00fcber Schmagges-Gutscheine im Wert von 50 Euro freuen. Auf den zweiten Platzplatzierten wartet ein Kinogutschein im Wert von 25 Euro. Ein Schifferstadter Schorlepaket geht an den Gewinner auf Platz drei. F\u00fcr echte Rettichfest-Insider d\u00fcrften die Antworten auf die elf Kreuzwortr\u00e4tsel-Fragen kein Problem gewesen sein \u2013 das L\u00f6sungswort war \u201eRettichb\u00fcndel\u201c.<\/p>\n\n\n\n<p>Die Gewinner werden telefonisch vom Stadtmarketings informiert und k\u00f6nnen ihre Gewinne dann im Rathaus abholen.<\/p>\n\n\n\n<p><em>Stadtverwaltung Schifferstadt<br>25.06.2019<\/em><\/p>\n\n\n\n<h2 class=\"wp-block-heading\">L 528: Sanierung der Stra\u00dfen\u00fcberf\u00fchrung am Bahnhof B\u00f6hl-Iggelheim<\/h2>\n\n\n\n<div class=\"wp-block-image\"><figure class=\"aligncenter\"><img decoding=\"async\" loading=\"lazy\" width=\"800\" height=\"567\" src=\"https:\/\/speyer24news.com\/wp-content\/uploads\/2019\/06\/Umleitung-B\u00f6hl-Iggelheim.png\" alt=\"\" class=\"wp-image-15319\" srcset=\"https:\/\/speyer24news.com\/wp-content\/uploads\/2019\/06\/Umleitung-B\u00f6hl-Iggelheim.png 800w, https:\/\/speyer24news.com\/wp-content\/uploads\/2019\/06\/Umleitung-B\u00f6hl-Iggelheim-300x213.png 300w, https:\/\/speyer24news.com\/wp-content\/uploads\/2019\/06\/Umleitung-B\u00f6hl-Iggelheim-768x544.png 768w\" sizes=\"(max-width: 800px) 100vw, 800px\" \/><\/figure><\/div>\n\n\n\n<p>Auf Grund von Sanierungsma\u00dfnahmen an der Stra\u00dfen\u00fcberf\u00fchrung der L528 bei B\u00f6hl-Iggelheim \u00fcber die Bahnstrecke Neustadt-Ludwigshafen m\u00fcssen<strong><em> voraussichtlich ab dem 1. Juli 2019<\/em><\/strong> Einschr\u00e4nkungen im Verkehr vorgenommen werden. Das teilt der LandesBetrieb Mobilit\u00e4t Speyer mit und bittet die Verkehrsteilnehmer um Verst\u00e4ndnis f\u00fcr diese dringend erforderlichen Sanierungsarbeiten.<\/p>\n\n\n\n<p>Ab dem o.g. Zeitpunkt wird u.a. der Fahrbahnbelag auf dem Bauwerk erneuert. Zudem werden die Setzungen vor und hinter dem Bauwerk durch einen komplett neuen Stra\u00dfenaufbau ausgeglichen. Hierf\u00fcr ist es erforderlich, dass w\u00e4hrend der Sommerferien das Br\u00fcckenbauwerk f\u00fcr den Verkehr komplett gesperrt wird. Die Umleitung des Verkehrs von Speyer aus kommend erfolgt \u00fcber die L 532, die Eisenbahnstra\u00dfe und \u00fcber die Langgasse in Richtung Hassloch, dann auf die L 529 in Richtung Meckenheim \/ A65 und \u00fcber die K12 in Richtung B\u00f6hl. Aus entgegengesetzter Richtung kommend erfolgt die Umleitung in umgekehrter Reihenfolge. Die Umleitung wird ausgeschildert.<\/p>\n\n\n\n<p>Weitere Arbeiten an der Bauwerksunterseite f\u00fchren zu keiner weiteren Verkehrseinschr\u00e4nkung.<\/p>\n\n\n\n<p><em>Stadtverwaltung Schifferstadt<br>25.06.2019<\/em><\/p>\n\n\n\n<h2 class=\"wp-block-heading\">Bonsai-Ausstellung im Rathaus-Foyer<\/h2>\n\n\n\n<div class=\"wp-block-image\"><figure class=\"aligncenter\"><img decoding=\"async\" loading=\"lazy\" width=\"500\" height=\"663\" src=\"https:\/\/speyer24news.com\/wp-content\/uploads\/2019\/06\/Bonsai-Ausstellung-Bild.jpg\" alt=\"\" class=\"wp-image-15318\" srcset=\"https:\/\/speyer24news.com\/wp-content\/uploads\/2019\/06\/Bonsai-Ausstellung-Bild.jpg 500w, https:\/\/speyer24news.com\/wp-content\/uploads\/2019\/06\/Bonsai-Ausstellung-Bild-226x300.jpg 226w\" sizes=\"(max-width: 500px) 100vw, 500px\" \/><\/figure><\/div>\n\n\n\n<p>Kleine B\u00e4ume ganz gro\u00df \u2013 hei\u00dft es <strong>von Montag, 24. Juni bis einschlie\u00dflich Freitag, 5. Juli<\/strong> im Foyer des Schifferstadter Rathauses. Emmerich Zentner vom Bonsai-Gartencenter stellt dort zwei Wochen lang seine sch\u00f6nsten Bonsais aus. Vom Mirabellen-Baum bis zum Bl\u00fctenmeer der Azalee \u2013 Informationen rund um die Miniaturgew\u00e4chse gibt\u00b4s in Form von B\u00fcchern und Plakaten. <\/p>\n\n\n\n<p>Aus dem alten China stammend ist die Kunst des Bonsai heute vor allem durch den japanischen Stil gepr\u00e4gt. Str\u00e4ucher und B\u00e4ume werden daf\u00fcr in kleinen Gef\u00e4\u00dfen oder auch im Freiland gezogen und \u00e4sthetisch durchgeformt, sodass die Illusion eines ausgewachsenen Baumriesen entsteht. Ziel dabei ist stets die Harmonie zwischen den Naturelementen herzustellen und zu erhalten.<\/p>\n\n\n\n<p><em>Stadtverwaltung Schifferstadt<br>25.06.2019<\/em><\/p>\n\n\n\n<h2 class=\"wp-block-heading\">Der N\u00e4chste, bitte! \u2013 B\u00fcrgerb\u00fcro mit neuem Aufrufsystem <\/h2>\n\n\n\n<p>Einen verbesserten Kundenservice f\u00fcr das B\u00fcrgerb\u00fcro verspricht sich die Stadtverwaltung Schifferstadt von dem neuen Aufrufsystem, das jetzt im Foyer des Rathauses installiert wurde. B\u00fcrgerinnen und B\u00fcrger k\u00f6nnen jetzt direkt am Eingang zum B\u00fcrgerb\u00fcro (Zimmer 10) eine Nummer ziehen, die dann \u2013 begleitet von einem Klingeln \u2013 auf einem Bildschirm angezeigt wird, sobald ein Serviceplatz frei geworden ist. Damit sollen Diskussion dar\u00fcber, wer als erster in der Warteschlange stand, der Vergangenheit angeh\u00f6ren. Wer lange Wartezeiten vermeiden will, dem r\u00e4t die Stadtverwaltung fr\u00fch morgens ins B\u00fcrgerb\u00fcro zu kommen. <\/p>\n\n\n\n<h4 class=\"wp-block-heading\">Vor der Reise nicht vergessen<\/h4>\n\n\n\n<p>Unn\u00f6tiger Stress vor dem wohlverdienten Urlaub, weil der Reisepass oder Personalausweis nicht mehr g\u00fcltig ist? Im B\u00fcrgerb\u00fcro k\u00f6nnen Sie sich fr\u00fchzeitig um g\u00fcltige Reisedokumente k\u00fcmmern.<\/p>\n\n\n\n<h4 class=\"wp-block-heading\">So erreichen Sie den B\u00fcrgerservice<\/h4>\n\n\n\n<p>Die \u00d6ffnungszeiten des B\u00fcrgerb\u00fcros sind montags bis donnerstags von 7:30 Uhr bis 12 Uhr und zus\u00e4tzlich dienstags und donnerstags von 14 bis 18 Uhr. Freitags ist geschlossen. Telefonisch ist das B\u00fcrgerb\u00fcro unter der Telefonnummer 06235 44-333 erreichbar sowie per E-Mail an <a href=\"buergerservice@schifferstadt.de\">buergerservice@schifferstadt.de<\/a><\/p>\n\n\n\n<p><em>Stadtverwaltung Schifferstadt<br>25.06.2019<\/em><\/p>\n","protected":false},"excerpt":{"rendered":"<div class=\"mh-excerpt\"><p>Deckel drauf \u2013 Sammelaktion endet \u201eEs ist geschafft\u201c, sagt Simone Zeiser-Schlichter \u2013 mit einem weinenden und einem lachenden Auge, so scheint es. Sie hat sich in Schifferstadt und Umgebung federf\u00fchrend um die Aktion \u201e500 Deckel <a class=\"mh-excerpt-more\" href=\"https:\/\/speyer24news.com\/?p=15316\" title=\"Schifferstadt:\">[&#8230;]<\/a><\/p>\n<\/div>","protected":false},"author":3,"featured_media":0,"comment_status":"open","ping_status":"open","sticky":false,"template":"","format":"standard","meta":{"_monsterinsights_skip_tracking":false,"_monsterinsights_sitenote_active":false,"_monsterinsights_sitenote_note":"","_monsterinsights_sitenote_category":0,"footnotes":""},"categories":[126],"tags":[220,1759,638,1175,1174,1755,1754,1757,1756,127,1758,458,1521],"aioseo_notices":[],"amp_enabled":true,"_links":{"self":[{"href":"https:\/\/speyer24news.com\/index.php?rest_route=\/wp\/v2\/posts\/15316"}],"collection":[{"href":"https:\/\/speyer24news.com\/index.php?rest_route=\/wp\/v2\/posts"}],"about":[{"href":"https:\/\/speyer24news.com\/index.php?rest_route=\/wp\/v2\/types\/post"}],"author":[{"embeddable":true,"href":"https:\/\/speyer24news.com\/index.php?rest_route=\/wp\/v2\/users\/3"}],"replies":[{"embeddable":true,"href":"https:\/\/speyer24news.com\/index.php?rest_route=%2Fwp%2Fv2%2Fcomments&post=15316"}],"version-history":[{"count":1,"href":"https:\/\/speyer24news.com\/index.php?rest_route=\/wp\/v2\/posts\/15316\/revisions"}],"predecessor-version":[{"id":15323,"href":"https:\/\/speyer24news.com\/index.php?rest_route=\/wp\/v2\/posts\/15316\/revisions\/15323"}],"wp:attachment":[{"href":"https:\/\/speyer24news.com\/index.php?rest_route=%2Fwp%2Fv2%2Fmedia&parent=15316"}],"wp:term":[{"taxonomy":"category","embeddable":true,"href":"https:\/\/speyer24news.com\/index.php?rest_route=%2Fwp%2Fv2%2Fcategories&post=15316"},{"taxonomy":"post_tag","embeddable":true,"href":"https:\/\/speyer24news.com\/index.php?rest_route=%2Fwp%2Fv2%2Ftags&post=15316"}],"curies":[{"name":"wp","href":"https:\/\/api.w.org\/{rel}","templated":true}]}}