{"id":15342,"date":"2019-06-25T14:30:22","date_gmt":"2019-06-25T13:30:22","guid":{"rendered":"https:\/\/speyer24news.com\/?p=15342"},"modified":"2019-06-25T14:30:23","modified_gmt":"2019-06-25T13:30:23","slug":"bad-duerkheim","status":"publish","type":"post","link":"https:\/\/speyer24news.com\/?p=15342","title":{"rendered":"Bad D\u00fcrkheim:"},"content":{"rendered":"<style type=\"text\/css\">\r\n\t.ads_top_disp{}\r\n\t.ads_top_corner_disp{ float:left; margin:0px 10px 10px 0px; }\r\n\t.ads_first_p_disp{}\r\n\t.ads_bottom_disp{}\r\n\t<\/style>\n<h2 class=\"wp-block-heading\">\u201estop &amp; listen\u201c am R\u00f6merplatz<\/h2>\n\n\n\n<h3 class=\"wp-block-heading\">Vier Live-Musik-Abende in der Innenstadt \u2013 Start am 27. Juni<\/h3>\n\n\n\n<div class=\"wp-block-image\"><figure class=\"aligncenter\"><img decoding=\"async\" loading=\"lazy\" width=\"800\" height=\"450\" src=\"https:\/\/speyer24news.com\/wp-content\/uploads\/2019\/06\/Funkey-Monkey.jpg\" alt=\"\" class=\"wp-image-15344\" srcset=\"https:\/\/speyer24news.com\/wp-content\/uploads\/2019\/06\/Funkey-Monkey.jpg 800w, https:\/\/speyer24news.com\/wp-content\/uploads\/2019\/06\/Funkey-Monkey-300x169.jpg 300w, https:\/\/speyer24news.com\/wp-content\/uploads\/2019\/06\/Funkey-Monkey-768x432.jpg 768w, https:\/\/speyer24news.com\/wp-content\/uploads\/2019\/06\/Funkey-Monkey-678x381.jpg 678w\" sizes=\"(max-width: 800px) 100vw, 800px\" \/><figcaption> Donnerstag, 27. Juni \u2013 Funky Monkey  ab 19 Uhr<\/figcaption><\/figure><\/div>\n\n\n\n<p>Bereits zum vierzehnten Mal l\u00e4dt die Stadt Bad D\u00fcrkheim in Kooperation mit der VR Bank Mittelhaardt eG und den Gastronomen am R\u00f6merplatz zu \u201estop &amp; listen\u201c in die Bad D\u00fcrkheimer Innenstadt. <\/p>\n\n\n\n<p>\u201estop &amp; listen ist aus dem Bad D\u00fcrkheimer Veranstaltungskalender nicht mehr wegzudenken. Das abwechslungsreiche Musikprogramm und die kulinarischen Angebote werden auch in diesem Jahr an allen vier Donnerstagen f\u00fcr gute Stimmung auf einem bestens besuchten R\u00f6merplatz sorgen\u201c, freut sich B\u00fcrgermeister Christoph Glogger auf die Veranstaltungsreihe.<\/p>\n\n\n\n<p>Den Auftakt beim musikalischen Programm macht \u201eFunky Monkey\u201c am Donnerstag, 27. Juni ab 19 Uhr. Die komplett neue Bandformation unter Leitung von Jens Huthoff pr\u00e4sentiert eine abwechslungsreiche Mischung aus Funk, Soul und Disco. <\/p>\n\n\n\n<div class=\"wp-block-image\"><figure class=\"aligncenter\"><img decoding=\"async\" loading=\"lazy\" width=\"800\" height=\"302\" src=\"https:\/\/speyer24news.com\/wp-content\/uploads\/2019\/06\/FOUR.jpg\" alt=\"\" class=\"wp-image-15345\" srcset=\"https:\/\/speyer24news.com\/wp-content\/uploads\/2019\/06\/FOUR.jpg 800w, https:\/\/speyer24news.com\/wp-content\/uploads\/2019\/06\/FOUR-300x113.jpg 300w, https:\/\/speyer24news.com\/wp-content\/uploads\/2019\/06\/FOUR-768x290.jpg 768w\" sizes=\"(max-width: 800px) 100vw, 800px\" \/><figcaption> Donnerstag, 11. Juli \u2013 FOUR ab 19 Uhr<\/figcaption><\/figure><\/div>\n\n\n\n<p>Die zweite Auflage am Donnerstag, 11. Juli gestaltet die Frankfurter Band \u201eFOUR\u201c. Die Groove-, Electro- und Funk-Formation aus Frankfurt ist in der Rhein-Main Region schon lange keine Unbekannte mehr und wird bei \u201estop &amp; listen\u201c zum ersten Mal in Bad D\u00fcrkheim zu h\u00f6ren sein.<\/p>\n\n\n\n<div class=\"wp-block-image\"><figure class=\"aligncenter\"><img decoding=\"async\" loading=\"lazy\" width=\"800\" height=\"534\" src=\"https:\/\/speyer24news.com\/wp-content\/uploads\/2019\/06\/Nora-Brandenburger.jpg\" alt=\"\" class=\"wp-image-15346\" srcset=\"https:\/\/speyer24news.com\/wp-content\/uploads\/2019\/06\/Nora-Brandenburger.jpg 800w, https:\/\/speyer24news.com\/wp-content\/uploads\/2019\/06\/Nora-Brandenburger-300x200.jpg 300w, https:\/\/speyer24news.com\/wp-content\/uploads\/2019\/06\/Nora-Brandenburger-768x513.jpg 768w\" sizes=\"(max-width: 800px) 100vw, 800px\" \/><figcaption> Donnerstag, 25. Juli \u2013 Nora Brandenburger ab 19 Uhr<\/figcaption><\/figure><\/div>\n\n\n\n<p>Ein besonderes Highlight der diesj\u00e4hrigen Ausgabe verspricht Nora Brandenburger, vielen bekannt als Finalistin von \u201eThe Voice of Germany\u201c. Die K\u00fcnstlerin und ihre Band touren derzeit quer durch die gesamte Republik und machen am Donnerstag, 25. Juli Halt in Bad D\u00fcrkheim.<\/p>\n\n\n\n<div class=\"wp-block-image\"><figure class=\"aligncenter\"><img decoding=\"async\" loading=\"lazy\" width=\"800\" height=\"533\" src=\"https:\/\/speyer24news.com\/wp-content\/uploads\/2019\/06\/Frankfort-Special.jpg\" alt=\"\" class=\"wp-image-15347\" srcset=\"https:\/\/speyer24news.com\/wp-content\/uploads\/2019\/06\/Frankfort-Special.jpg 800w, https:\/\/speyer24news.com\/wp-content\/uploads\/2019\/06\/Frankfort-Special-300x200.jpg 300w, https:\/\/speyer24news.com\/wp-content\/uploads\/2019\/06\/Frankfort-Special-768x512.jpg 768w\" sizes=\"(max-width: 800px) 100vw, 800px\" \/><figcaption> Donnerstag, 08. August \u2013 Frankfort Special ab 19 Uhr<\/figcaption><\/figure><\/div>\n\n\n\n<p>Das gro\u00dfe Finale und den geb\u00fchrenden Saisonabschluss 2019 pr\u00e4sentiert \u201eFrankfort Special\u201c am Donnerstag, 8. August. Die Band ist keine Unbekannte auf den Bad D\u00fcrkheimer B\u00fchnen und hat schon so manches Mal mit ihrem Rockabilly Sound begeistert.<\/p>\n\n\n\n<p>Die Veranstalter freuen sich auf tolle Konzertabende bei ausgelassener Stimmung und leckeren Weinen in der Bad D\u00fcrkheimer Innenstadt; immer donnerstags, immer ab 19.00 Uhr.<\/p>\n\n\n\n<ul><li>Donnerstag, 27. Juni \u2013 Funky Monkey <\/li><li>Donnerstag, 11. Juli \u2013 FOUR<\/li><li>Donnerstag, 25. Juli \u2013 Nora Brandenburger<\/li><li>Donnerstag, 08. August \u2013 Frankfort Special<\/li><\/ul>\n\n\n\n<p>Informationen rund um \u201estop &amp; listen\u201c gibt es \u00fcber die Internet-Seite <a href=\"http:\/\/www.bad-duerkheim.com\">www.bad-duerkheim.com<\/a> und \u00fcber <a href=\"http:\/\/www.facebook.com\/badduerkheim.de\">www.facebook.com\/badduerkheim.de<\/a>. <\/p>\n\n\n\n<p><em>Stadtverwaltung Bad D\u00fcrkheim<br>25.06.2019<\/em><\/p>\n","protected":false},"excerpt":{"rendered":"<div class=\"mh-excerpt\"><p>\u201estop &amp; listen\u201c am R\u00f6merplatz Vier Live-Musik-Abende in der Innenstadt \u2013 Start am 27. Juni Bereits zum vierzehnten Mal l\u00e4dt die Stadt Bad D\u00fcrkheim in Kooperation mit der VR Bank Mittelhaardt eG und den Gastronomen <a class=\"mh-excerpt-more\" href=\"https:\/\/speyer24news.com\/?p=15342\" title=\"Bad D\u00fcrkheim:\">[&#8230;]<\/a><\/p>\n<\/div>","protected":false},"author":3,"featured_media":15343,"comment_status":"open","ping_status":"open","sticky":false,"template":"","format":"standard","meta":{"_monsterinsights_skip_tracking":false,"_monsterinsights_sitenote_active":false,"_monsterinsights_sitenote_note":"","_monsterinsights_sitenote_category":0,"footnotes":""},"categories":[10],"tags":[984,1770,1772,1769,1771,1768,1767],"aioseo_notices":[],"amp_enabled":true,"_links":{"self":[{"href":"https:\/\/speyer24news.com\/index.php?rest_route=\/wp\/v2\/posts\/15342"}],"collection":[{"href":"https:\/\/speyer24news.com\/index.php?rest_route=\/wp\/v2\/posts"}],"about":[{"href":"https:\/\/speyer24news.com\/index.php?rest_route=\/wp\/v2\/types\/post"}],"author":[{"embeddable":true,"href":"https:\/\/speyer24news.com\/index.php?rest_route=\/wp\/v2\/users\/3"}],"replies":[{"embeddable":true,"href":"https:\/\/speyer24news.com\/index.php?rest_route=%2Fwp%2Fv2%2Fcomments&post=15342"}],"version-history":[{"count":1,"href":"https:\/\/speyer24news.com\/index.php?rest_route=\/wp\/v2\/posts\/15342\/revisions"}],"predecessor-version":[{"id":15348,"href":"https:\/\/speyer24news.com\/index.php?rest_route=\/wp\/v2\/posts\/15342\/revisions\/15348"}],"wp:featuredmedia":[{"embeddable":true,"href":"https:\/\/speyer24news.com\/index.php?rest_route=\/wp\/v2\/media\/15343"}],"wp:attachment":[{"href":"https:\/\/speyer24news.com\/index.php?rest_route=%2Fwp%2Fv2%2Fmedia&parent=15342"}],"wp:term":[{"taxonomy":"category","embeddable":true,"href":"https:\/\/speyer24news.com\/index.php?rest_route=%2Fwp%2Fv2%2Fcategories&post=15342"},{"taxonomy":"post_tag","embeddable":true,"href":"https:\/\/speyer24news.com\/index.php?rest_route=%2Fwp%2Fv2%2Ftags&post=15342"}],"curies":[{"name":"wp","href":"https:\/\/api.w.org\/{rel}","templated":true}]}}