{"id":15421,"date":"2019-06-28T11:47:18","date_gmt":"2019-06-28T10:47:18","guid":{"rendered":"https:\/\/speyer24news.com\/?p=15421"},"modified":"2019-06-28T11:47:20","modified_gmt":"2019-06-28T10:47:20","slug":"hockenheim-7","status":"publish","type":"post","link":"https:\/\/speyer24news.com\/?p=15421","title":{"rendered":"Hockenheim:"},"content":{"rendered":"<style type=\"text\/css\">\r\n\t.ads_top_disp{}\r\n\t.ads_top_corner_disp{ float:left; margin:0px 10px 10px 0px; }\r\n\t.ads_first_p_disp{}\r\n\t.ads_bottom_disp{}\r\n\t<\/style>\n<figure class=\"wp-block-image\"><img decoding=\"async\" loading=\"lazy\" width=\"800\" height=\"559\" src=\"https:\/\/speyer24news.com\/wp-content\/uploads\/2019\/06\/1250-Jahre-Hockenheim-1.jpg\" alt=\"\" class=\"wp-image-15088\" srcset=\"https:\/\/speyer24news.com\/wp-content\/uploads\/2019\/06\/1250-Jahre-Hockenheim-1.jpg 800w, https:\/\/speyer24news.com\/wp-content\/uploads\/2019\/06\/1250-Jahre-Hockenheim-1-300x210.jpg 300w, https:\/\/speyer24news.com\/wp-content\/uploads\/2019\/06\/1250-Jahre-Hockenheim-1-768x537.jpg 768w\" sizes=\"(max-width: 800px) 100vw, 800px\" \/><\/figure>\n\n\n\n<h2 class=\"wp-block-heading\">B\u00fcrgerb\u00fcro am 5. Und 6. Juli zus\u00e4tzlich ge\u00f6ffnet<\/h2>\n\n\n\n<p>Das B\u00fcrgerb\u00fcro der Stadtverwaltung Hockenheim hat f\u00fcr die Durchf\u00fchrung der Briefwahl am Freitag, den 5. Juli 2019 von 14 bis 18 Uhr zus\u00e4tzlich ge\u00f6ffnet.<\/p>\n\n\n\n<p>Am Samstag, den 6. Juli ist das B\u00fcrgerb\u00fcro ebenso von 9 bis 12 Uhr ge\u00f6ffnet. An diesem Tag kann die Briefwahl durchgef\u00fchrt, sowie die \u00fcblichen Leistungen des B\u00fcrgerb\u00fcros in Anspruch genommen werden<\/p>\n\n\n\n<p><em>Stadtverwaltung Hockenheim<br>28.06.2019<\/em><\/p>\n\n\n\n<h2 class=\"wp-block-heading\">Ausschuss f\u00fcr Soziales, Jugend, Kultur und Sport tagt am 4. Juli 2019 <\/h2>\n\n\n\n<p>Der Ausschuss Soziales, Jugend, Kultur und Sport des Gemeinderates Hockenheim tagt am Donnerstag, 4. Juli 2019, 17 Uhr, im B\u00fcrgersaal des Rathauses Hockenheim wieder \u00f6ffentlich. Auf der Tagesordnung stehen folgende Punkte: <\/p>\n\n\n\n<ol><li>Digitalpakt f\u00fcr Schulen \u2013 Vorstellung, Vorlage: 40\/2019\/310<\/li><li>Seniorenb\u00fcro \u2013 Vorstellung einer Stellenbeschreibung, Vorlage: 40\/2019\/307<\/li><li>Raumsituation der Volkshochschule\/Musikschule Hockenheim, Vorlage: 40\/2019\/311<\/li><li>Vereinsf\u00f6rderung: Antrag auf Bezuschussung der Sanierung von Kunststoffbahn und Tennisplatz der DJK Hockenheim e.V., Vorlage 40\/2019\/313<\/li><li>Vereinsf\u00f6rderung: Bezuschussung Erneuerung alter Rasenplatz des FV 08 Hockenheim e.V., Vorlage: 40\/2019\/309<\/li><li>Vereinsf\u00f6rderung: Antrag auf Bezuschussung der Installation einer Beregnungsanlage f\u00fcr den FV 08 Hockenheim e.V., Vorlage: 40\/2019\/302<\/li><li>Mitteilungen der Verwaltung<\/li><li>Anfragen aus der Mitte des Gremiums<\/li><li>Anfragen aus dem Kreis der Zuh\u00f6rerinnen und Zuh\u00f6rer<\/li><\/ol>\n\n\n\n<p>Alle B\u00fcrger sind zur Sitzung herzlich eingeladen.<\/p>\n\n\n\n<p><em>Stadtverwaltung Hockenheim<br>28.06.2019<\/em><\/p>\n\n\n\n<h2 class=\"wp-block-heading\">Symphonic Rock on Fire auf dem Marktplatz<\/h2>\n\n\n\n<p>Am kommenden <strong>Samstag, den 29. Juni 2019<\/strong> wird auf dem Marktplatz \u201eSymphonic Rock on Fire\u201c stattfinden. Das Konzert beginnt um 19:30 Uhr und wird mit einer Kombination aus sinfonischer Blasmusik und Rockband ein weiteres Highlight des Jubil\u00e4umsjahres anl\u00e4sslich der Ersterw\u00e4hnung Hockenheims vor 1250 Jahren werden.  <\/p>\n\n\n\n<p>Vor der Kulisse des Marktplatzes mit Open Air-Flair z\u00fcndet die Stadtkapelle Hockenheim gemeinsam mit der Freiwilligen Feuerwehr und den S\u00e4ngern Vanessa Kraft, Rainer Kraft und Cornelius Wurth ein musikalisches Feuerwerk. F\u00fcr die Veranstaltung, die im Sommer 2017 erstmalig, damals noch unter der alleinigen Federf\u00fchrung der Stadtkapelle ins Leben gerufen wurde, m\u00fcssen nat\u00fcrlich Vorbereitungen getroffen werden.<\/p>\n\n\n\n<p>Um einen Aufbau der B\u00fchne zu erm\u00f6glichen wird der Marktplatz von Mittwoch, den 26. Juni ab 6 Uhr bis einschlie\u00dflich Montag, den 01. Juli 18 Uhr gesperrt. F\u00fcr die Konzertbesucher werden an dem Abend entsprechende Parkm\u00f6glichkeiten in der N\u00e4he des Marktplatzes ausgewiesen. <\/p>\n\n\n\n<p>F\u00fcr das leibliche Wohl wird nat\u00fcrlich auch gesorgt sein. Der Eintritt ist frei.<\/p>\n\n\n\n<p><em>Stadtverwaltung Hockenheim<br>28.06.2019<\/em><\/p>\n\n\n\n<h2 class=\"wp-block-heading\">Ed Sheeran im Goldenen Buch der Stadt Hockenheim<\/h2>\n\n\n\n<div class=\"wp-block-image\"><figure class=\"aligncenter\"><img decoding=\"async\" loading=\"lazy\" width=\"800\" height=\"533\" src=\"https:\/\/speyer24news.com\/wp-content\/uploads\/2019\/06\/2019-06-24-Verwaltung_Goldenes-Buch-Ed-Sheeran.jpg\" alt=\"\" class=\"wp-image-15426\" srcset=\"https:\/\/speyer24news.com\/wp-content\/uploads\/2019\/06\/2019-06-24-Verwaltung_Goldenes-Buch-Ed-Sheeran.jpg 800w, https:\/\/speyer24news.com\/wp-content\/uploads\/2019\/06\/2019-06-24-Verwaltung_Goldenes-Buch-Ed-Sheeran-300x200.jpg 300w, https:\/\/speyer24news.com\/wp-content\/uploads\/2019\/06\/2019-06-24-Verwaltung_Goldenes-Buch-Ed-Sheeran-768x512.jpg 768w\" sizes=\"(max-width: 800px) 100vw, 800px\" \/><figcaption>Ed Sheeran (Mitte) trug sich vor seinem zweiten Konzert auf dem Hockenheimring in Anwesenheit von OB Dieter Gummer (l.), Ring-Gesch\u00e4ftsf\u00fchrer Georg Seiler (im Hintergrund) und Sabrina Schleyer (Stadtverwaltung Hockenheim, r.) in das Goldene Buch ein. (Quelle: Franz Hoffmann)<\/figcaption><\/figure><\/div>\n\n\n\n<p>Der weltber\u00fchmte S\u00e4nger Ed Sheeran trug sich am Sonntag (23. Juni 2019) vor seinem zweiten Konzert auf dem Hockenheimring in das Goldene Buch der Stadt Hockenheim ein. Er nutzte vor seinem Auftritt die Gelegenheit, seine Gef\u00fchle in dem Buch zu verewigen. \u201eDas gr\u00f6\u00dfte Konzert meiner Laufbahn\u201c, schrieb er gut gelaunt und begeistert hinein. Im Rahmen der Begegnung berichtete ihm Oberb\u00fcrgermeister Dieter Gummer \u00fcber das Jubil\u00e4umsjahr der Stadt und \u00fcber die zahlreichen Aktivit\u00e4ten. Der S\u00e4nger war erstaunt, dass Hockenheim mit 1.250 Jahren bereits \u201eso alt\u201c ist. Der Eintrag in das Goldene Buch war f\u00fcr Ed Sheeran eine Ehre. \u201eWir bewahren diese Liebe in einem Foto auf. Wir machen diese Erinnerungen f\u00fcr uns selbst\u201c, singt er dazu passend in seinem Lied \u201ePhotograph\u201c.<\/p>\n\n\n\n<p><em>Text: Stadtverwaltung Hockenheim Foto: Franz Hoffmann<br>28.06.2019<\/em><\/p>\n\n\n\n<h2 class=\"wp-block-heading\">Kanalbauarbeiten in der Oberen M\u00fchlstra\u00dfe<\/h2>\n\n\n\n<div class=\"wp-block-image\"><figure class=\"aligncenter\"><img decoding=\"async\" src=\"https:\/\/speyer24news.com\/wp-content\/uploads\/2019\/06\/Vollsperrung-2.jpg\" alt=\"\" class=\"wp-image-15425\"\/><\/figure><\/div>\n\n\n\n<p>Die Stadtverwaltung Hockenheim f\u00fchrt <strong>ab Montag, 1. Juli 2019, bis voraussichtlich Ende August 2019<\/strong> Kanalbauarbeiten in der Oberen M\u00fchlstra\u00dfe ab der Kraichbachbr\u00fccke bis zum Wendehammer durch. Deshalb wird die Stra\u00dfe ab Haus Nummer 12 bis 14 bis einschlie\u00dflich Wendehammer f\u00fcr den Verkehr vollst\u00e4ndig gesperrt. Ersatzparkpl\u00e4tze stehen in der Oberen Hauptstra\u00dfe zwischen Haus Nr. 48 und Haus Nr. 54 zur Verf\u00fcgung. Die Stadtverwaltung hat die Anwohner mit einem Schreiben \u00fcber die bevorstehenden Arbeiten informiert.<\/p>\n\n\n\n<p><em>Text: Stadtverwaltung Hockenheim Foto: S24N,dak<br>28.06.2019<\/em><\/p>\n\n\n\n<h2 class=\"wp-block-heading\">Neue Ferienangebote im Programm<\/h2>\n\n\n\n<div class=\"wp-block-image\"><figure class=\"aligncenter\"><img decoding=\"async\" loading=\"lazy\" width=\"800\" height=\"532\" src=\"https:\/\/speyer24news.com\/wp-content\/uploads\/2019\/06\/2019-06-24-Pumpwerk_freie-Ferienangebote.jpg\" alt=\"\" class=\"wp-image-15423\" srcset=\"https:\/\/speyer24news.com\/wp-content\/uploads\/2019\/06\/2019-06-24-Pumpwerk_freie-Ferienangebote.jpg 800w, https:\/\/speyer24news.com\/wp-content\/uploads\/2019\/06\/2019-06-24-Pumpwerk_freie-Ferienangebote-300x200.jpg 300w, https:\/\/speyer24news.com\/wp-content\/uploads\/2019\/06\/2019-06-24-Pumpwerk_freie-Ferienangebote-768x511.jpg 768w\" sizes=\"(max-width: 800px) 100vw, 800px\" \/><figcaption>v.l.: Bei der letztj\u00e4hrigen Theaterwoche haben sich Henri Baumann und Mika St\u00e4cker als Odin und Thor auf Zeitreise begeben. In diesem Jahr ist eine Fortsetzung m\u00f6glich (Kinder- und Jugendb\u00fcro Pumpwerk Hockenheim).<\/figcaption><\/figure><\/div>\n\n\n\n<p>Die Verteilung des diesj\u00e4hrigen Ferienprogramms des Kinder- und Jugendb\u00fcros Pumpwerk Hockenheim ist in den letzten Tagen erfolgt. Die Brosch\u00fcre richtet sich an alle Kinder im Alter von sechs bis zw\u00f6lf Jahren. Neben den einzelnen Aktionen dieses Programmes besteht auch die M\u00f6glichkeit, eine ganze Ferienwoche im Pumpwerk zu verbringen.<\/p>\n\n\n\n<h3 class=\"wp-block-heading\">Noch Pl\u00e4tze frei<\/h3>\n\n\n\n<p>Die Teilnehmer k\u00f6nnen unter dem Motto \u201eFerien in Fantasia\u201c mit der Schauspielschule Imagine aus Karlsruhe Theaterluft schnuppern. Der Workshop l\u00e4dt ein auf eine Reise ins Land der Fantasie, bei der alles m\u00f6glich ist. Gemeinsam gilt es, die Bretter, die die Welt bedeuten, zu erobern und am Ende zu zeigen, was man so alles auf der Reise erlebt hat. Der Workshop richtet sich an Kinder von sechs bis 14 Jahren und findet von Montag, 29. Juli bis Freitag, 2. August 2019, immer von 9 bis 14 Uhr statt. Wer m\u00f6chte, kann ab 8.30 Uhr Fr\u00fchst\u00fcck dazu buchen.<\/p>\n\n\n\n<p>Sportlich geht es dann in der Woche von Montag, 5. August, bis Donnerstag, 8. August 2019, zu. Auf dem Programm stehen dann zusammen mit dem Team von Geofun verschiedene Fun Sportarten wie Bubble Balls, Truggy Race, Biathlon oder Geocaching. Au\u00dferdem geht es gemeinsam ins Aquadrom und auf einen Ausflug in den Luisenpark. Das Angebot ist f\u00fcr Kinder von acht bis 14 Jahren und findet immer von neun bis 14 Uhr statt. Fr\u00fchst\u00fcck kann ebenfalls wieder ab 8.30 Uhr dazu gebucht werden.<\/p>\n\n\n\n<h3 class=\"wp-block-heading\">Neues Spielmobil im Einsatz<\/h3>\n\n\n\n<p>Wer das neue Spielmobil des Kinder- und Jugendb\u00fcro Pumpwerk kennenlernen m\u00f6chte, hat in diesem Sommer ausgiebig Zeit daf\u00fcr. Von Dienstag, 16. Juli, bis Donnerstag, 18. Juli 2019, steht es jeweils von 9 bis 16 Uhr den Sch\u00fclern der Hub\u00e4cker Schule zur Verf\u00fcgung. Am Montag,29. Juli und Dienstag 23. Juli 2019 haben die Sch\u00fcler der Pestalozzischule jeweils von 9 bis 16 Uhr die Gelegenheit, die Attraktionen des Spielmobils zu nutzen. Die Sch\u00fcler der Hartman Baumann-Schule kommen zur gleichen Uhrzeit am Mittwoch, 24. und Donnerstag, 25. Juli 2019, auf ihre Kosten.<\/p>\n\n\n\n<p>Das neue, gelbe Spielmobil pr\u00e4sentiert sich mit all seinen M\u00f6glichkeiten von Montag, 29. Juli, bis Freitag, 2. August 2019, 15 bis 18 Uhr, auf der Wiese neben dem gro\u00dfen Spielplatz beim Landesgartenschaupark. Au\u00dferdem k\u00f6nnen alle Wasserfreunde beim Sommerspa\u00df im Aquadrom von Montag, 5. August, bis Freitag, 9. August 2019, auch jeweils von 15 bis 18 Uhr die vielen Angebote der Bewegungsbaustelle des Spielmobils nutzen.<\/p>\n\n\n\n<h3 class=\"wp-block-heading\">Ausblick auf das Herbstprogramm<\/h3>\n\n\n\n<p>Das Kinder- und Jugendb\u00fcro Pumpwerk gibt auch schon einen kleinen Ausblick auf zwei besondere Highlights des neuen Herbstprogrammes. Aufgrund der gro\u00dfen Nachfrage und auf vielfachen Wunsch gibt es auch in diesem Jahr wieder eine Herbstfreizeit. Von Sonntag, 27. bis Donnerstag 31. Oktober 2019 geht es wieder nach Trippstadt bei Kaiserslautern. Dort erobern die Teilnehmer gemeinsam den herbstlichen Wald. Das bew\u00e4hrte Pumpwerkteam hat dabei zahlreiche Spiel und Bastelangebote im Gep\u00e4ck und freut sich auf viele Mitreisende.<\/p>\n\n\n\n<p>Ein weiteres Highlight ist der neue Kunstworkshop f\u00fcr Kinder. Er startet am Donnerstag, 12. September 2019. Die Kinder k\u00f6nnen dann bis zum 12. Dezember 2019 immer donnerstags von 16 bis 18 Uhr in insgesamt zw\u00f6lf Terminen verschiedene Facetten von Kunst kennenlernen und sich darin ausprobieren.<\/p>\n\n\n\n<div class=\"wp-block-image\"><figure class=\"aligncenter\"><img decoding=\"async\" loading=\"lazy\" width=\"800\" height=\"600\" src=\"https:\/\/speyer24news.com\/wp-content\/uploads\/2019\/06\/Pumpwerk-Hockenheim.jpg\" alt=\"\" class=\"wp-image-15424\" srcset=\"https:\/\/speyer24news.com\/wp-content\/uploads\/2019\/06\/Pumpwerk-Hockenheim.jpg 800w, https:\/\/speyer24news.com\/wp-content\/uploads\/2019\/06\/Pumpwerk-Hockenheim-300x225.jpg 300w, https:\/\/speyer24news.com\/wp-content\/uploads\/2019\/06\/Pumpwerk-Hockenheim-768x576.jpg 768w, https:\/\/speyer24news.com\/wp-content\/uploads\/2019\/06\/Pumpwerk-Hockenheim-678x509.jpg 678w, https:\/\/speyer24news.com\/wp-content\/uploads\/2019\/06\/Pumpwerk-Hockenheim-326x245.jpg 326w, https:\/\/speyer24news.com\/wp-content\/uploads\/2019\/06\/Pumpwerk-Hockenheim-80x60.jpg 80w\" sizes=\"(max-width: 800px) 100vw, 800px\" \/><\/figure><\/div>\n\n\n\n<p>Alle Angebote des Kinder- und Jugendb\u00fcros Pumpwerk sind auf der Internetseite <a href=\"http:\/\/www.hockenheim.feripro.de\">http:\/\/www.hockenheim.feripro.de<\/a> zu finden. Eine Anmeldung ist sofort m\u00f6glich. F\u00fcr die Aktionen des Spielmobils bedarf es keiner Anmeldung. Wer noch Fragen dazu hat, kann sich gerne an die Mitarbeiter des Kinder- und Jugendb\u00fcros Pumpwerk Hockenheim wenden. Sie stehen telefonisch unter 06205 100062 oder per E-Mail <a href=\"kjbuero@pumpwerk-hockenheim.de\">kjbuero@pumpwerk-hockenheim.de<\/a> f\u00fcr Fragen gerne zur Verf\u00fcgung. Wer sich n\u00e4her \u00fcber das Kinder- und Jugendb\u00fcro Pumpwerk der Stadt Hockenheim informieren m\u00f6chte, kann dies auf <a href=\"http:\/\/www.pumpwerk-kjb-hockenheim.de\">http:\/\/www.pumpwerk-kjb-hockenheim.de<\/a> tun.<\/p>\n\n\n\n<p><em>Text: Stadtverwaltung Hockenheim Foto: Kinder- und Jugendb\u00fcro Pumpwerk Hockenheim<br>28.06.2019<\/em><\/p>\n\n\n\n<h2 class=\"wp-block-heading\">N\u00e4chster Ausschuss f\u00fcr Technik, Umwelt und Verkehr am 1. Juli 2019<\/h2>\n\n\n\n<p>Am Montag, dem 1. Juli 2019, 17 Uhr, findet im B\u00fcrgersaal des Rathauses eine Sitzung des Ausschusses f\u00fcr Technik, Umwelt und Verkehr statt. Auf der Tagesordnung stehen folgende Punkte:<\/p>\n\n\n\n<ol><li>Lieferung und Montage der Fahrradanlehnb\u00fcgel beim Gau\u00df-Gymnasium, Auftragsvergabe, Vorlage: 60.2\/2019\/042<\/li><li>Friedhof Hockenheim Wegebau achter Bauabschnitt 2019, Vorlage: 60.5\/2019\/038<\/li><li>Mitteilungen der Verwaltung    <\/li><li>Anfragen aus der Mitte des Gremiums<\/li><li>Anfragen aus dem Kreis der Zuh\u00f6rerinnen und Zuh\u00f6rer<\/li><\/ol>\n\n\n\n<p>Alle interessierten B\u00fcrger sind zur Sitzung herzlich eingeladen.<\/p>\n\n\n\n<p><em>Stadtverwaltung Hockenheim<br>28.06.2019<\/em><\/p>\n","protected":false},"excerpt":{"rendered":"<div class=\"mh-excerpt\"><p>B\u00fcrgerb\u00fcro am 5. Und 6. Juli zus\u00e4tzlich ge\u00f6ffnet Das B\u00fcrgerb\u00fcro der Stadtverwaltung Hockenheim hat f\u00fcr die Durchf\u00fchrung der Briefwahl am Freitag, den 5. Juli 2019 von 14 bis 18 Uhr zus\u00e4tzlich ge\u00f6ffnet. Am Samstag, den <a class=\"mh-excerpt-more\" href=\"https:\/\/speyer24news.com\/?p=15421\" title=\"Hockenheim:\">[&#8230;]<\/a><\/p>\n<\/div>","protected":false},"author":3,"featured_media":15087,"comment_status":"open","ping_status":"open","sticky":false,"template":"","format":"standard","meta":{"_monsterinsights_skip_tracking":false,"_monsterinsights_sitenote_active":false,"_monsterinsights_sitenote_note":"","_monsterinsights_sitenote_category":0,"footnotes":""},"categories":[489],"tags":[638,1816,263,1451,1818,108,1819,1287,196,1815],"aioseo_notices":[],"amp_enabled":true,"_links":{"self":[{"href":"https:\/\/speyer24news.com\/index.php?rest_route=\/wp\/v2\/posts\/15421"}],"collection":[{"href":"https:\/\/speyer24news.com\/index.php?rest_route=\/wp\/v2\/posts"}],"about":[{"href":"https:\/\/speyer24news.com\/index.php?rest_route=\/wp\/v2\/types\/post"}],"author":[{"embeddable":true,"href":"https:\/\/speyer24news.com\/index.php?rest_route=\/wp\/v2\/users\/3"}],"replies":[{"embeddable":true,"href":"https:\/\/speyer24news.com\/index.php?rest_route=%2Fwp%2Fv2%2Fcomments&post=15421"}],"version-history":[{"count":1,"href":"https:\/\/speyer24news.com\/index.php?rest_route=\/wp\/v2\/posts\/15421\/revisions"}],"predecessor-version":[{"id":15427,"href":"https:\/\/speyer24news.com\/index.php?rest_route=\/wp\/v2\/posts\/15421\/revisions\/15427"}],"wp:featuredmedia":[{"embeddable":true,"href":"https:\/\/speyer24news.com\/index.php?rest_route=\/wp\/v2\/media\/15087"}],"wp:attachment":[{"href":"https:\/\/speyer24news.com\/index.php?rest_route=%2Fwp%2Fv2%2Fmedia&parent=15421"}],"wp:term":[{"taxonomy":"category","embeddable":true,"href":"https:\/\/speyer24news.com\/index.php?rest_route=%2Fwp%2Fv2%2Fcategories&post=15421"},{"taxonomy":"post_tag","embeddable":true,"href":"https:\/\/speyer24news.com\/index.php?rest_route=%2Fwp%2Fv2%2Ftags&post=15421"}],"curies":[{"name":"wp","href":"https:\/\/api.w.org\/{rel}","templated":true}]}}