{"id":15428,"date":"2019-06-28T12:09:08","date_gmt":"2019-06-28T11:09:08","guid":{"rendered":"https:\/\/speyer24news.com\/?p=15428"},"modified":"2019-06-28T12:09:10","modified_gmt":"2019-06-28T11:09:10","slug":"sport-10","status":"publish","type":"post","link":"https:\/\/speyer24news.com\/?p=15428","title":{"rendered":"Sport:"},"content":{"rendered":"<style type=\"text\/css\">\r\n\t.ads_top_disp{}\r\n\t.ads_top_corner_disp{ float:left; margin:0px 10px 10px 0px; }\r\n\t.ads_first_p_disp{}\r\n\t.ads_bottom_disp{}\r\n\t<\/style>\n<h1 class=\"wp-block-heading\">TSV &#8211; Speyer<\/h1>\n\n\n\n<div class=\"wp-block-image\"><figure class=\"aligncenter\"><img decoding=\"async\" loading=\"lazy\" width=\"640\" height=\"271\" src=\"https:\/\/speyer24news.com\/wp-content\/uploads\/2019\/06\/TSV-Speyer.jpg\" alt=\"\" class=\"wp-image-15432\" srcset=\"https:\/\/speyer24news.com\/wp-content\/uploads\/2019\/06\/TSV-Speyer.jpg 640w, https:\/\/speyer24news.com\/wp-content\/uploads\/2019\/06\/TSV-Speyer-300x127.jpg 300w\" sizes=\"(max-width: 640px) 100vw, 640px\" \/><\/figure><\/div>\n\n\n\n<h2 class=\"wp-block-heading\">Senioren-Ausflug des TSV Speyer am Montag, 24. Juni 2019<\/h2>\n\n\n\n<div class=\"wp-block-image\"><figure class=\"aligncenter\"><img decoding=\"async\" loading=\"lazy\" width=\"800\" height=\"450\" src=\"https:\/\/speyer24news.com\/wp-content\/uploads\/2019\/06\/P1080860.jpg\" alt=\"\" class=\"wp-image-15433\" srcset=\"https:\/\/speyer24news.com\/wp-content\/uploads\/2019\/06\/P1080860.jpg 800w, https:\/\/speyer24news.com\/wp-content\/uploads\/2019\/06\/P1080860-300x169.jpg 300w, https:\/\/speyer24news.com\/wp-content\/uploads\/2019\/06\/P1080860-768x432.jpg 768w, https:\/\/speyer24news.com\/wp-content\/uploads\/2019\/06\/P1080860-678x381.jpg 678w\" sizes=\"(max-width: 800px) 100vw, 800px\" \/><\/figure><\/div>\n\n\n\n<p>Eine herrliche Fahrt an einem herrlichen Tag, so k\u00f6nnte das Fazit der diesj\u00e4hrigen Senioren-Fahrt am Montag, 24. Juni 2019, lauten. Vorsitzende Angelika W\u00f6hlert und die Vorstandsmitglieder Herbert Kotter, Klaus Lochner und Gerhard Wei\u00dfmann konnten zur morgendlichen Abfahrt um 8.30 Uhr rund 50 verdiente langj\u00e4hrige Vereinsmitglieder am Kolb-Schulzentrum Speyer willkommen hei\u00dfen. Das Ziel hie\u00df Westpfalz, genauer Hauenstein, mit dem Schuh-Museum und dem Sport-Museum. Aber erst gab es die \u00fcbliche St\u00e4rkung mit dem obligatorischen Fr\u00fchst\u00fcck mit Speyerer Brezeln und Fl\u00fcssigem. Kai-Asmus Kaufmann, Leiter Marketing des Sportbundes Pfalz, |lie\u00df es sich nicht nehmen, die F\u00fchrung in &#8222;seinem Sportmuseum&#8220; f\u00fcr die Speyerer G\u00e4ste pers\u00f6nlich zu \u00fcbernehmen. Sowohl im Sport-Museum als auch im Schuh-Museum konnten hoch interessante Exponate, viele von erfolgreichen Pf\u00e4lzer Athleten, bestaunt werden. Die Ausstellung zu Horst Eckel war ein Muss.<\/p>\n\n\n\n<p>Danach ging die Bus-Reise weiter durch den Pf\u00e4lzer Wald zu einem beschaulichen Aufenthalt beim Fischbach-Saarbachhammer. Ein herrlicher kleiner See, k\u00f6stlicher Kuchen und ein am Ruhetag f\u00fcr die TSV-G\u00e4ste ge\u00f6ffnetes Restaurant erwarteten die Reiselustigen. Es fehlte nichts auf der Fahrt, die dann um 17 Uhr in Speyer endete. Das TSV-Vereinsheim &#8222;Dionnysos&#8220; mit seiner griechischen K\u00fcche rundete eine Senioren-Fahrt ab, die Lust auf mehr im Jahr 2020 macht.<\/p>\n\n\n\n<p><em>Text und Foto: Herbert Kotter<br>28.06.2019<\/em><\/p>\n\n\n\n<h1 class=\"wp-block-heading\">Tanzen \/ Gr\u00fcn-Gold Speyer e.V.<\/h1>\n\n\n\n<div class=\"wp-block-image\"><figure class=\"aligncenter\"><img decoding=\"async\" loading=\"lazy\" width=\"479\" height=\"500\" src=\"https:\/\/speyer24news.com\/wp-content\/uploads\/2019\/06\/Gr\u00fcnGold-Speyer-eV-1.jpg\" alt=\"\" class=\"wp-image-15431\" srcset=\"https:\/\/speyer24news.com\/wp-content\/uploads\/2019\/06\/Gr\u00fcnGold-Speyer-eV-1.jpg 479w, https:\/\/speyer24news.com\/wp-content\/uploads\/2019\/06\/Gr\u00fcnGold-Speyer-eV-1-287x300.jpg 287w\" sizes=\"(max-width: 479px) 100vw, 479px\" \/><\/figure><\/div>\n\n\n\n<h2 class=\"wp-block-heading\">Final- und Semifinalpl\u00e4tze f\u00fcr Speyerer Paare<\/h2>\n\n\n\n<div class=\"wp-block-image\"><figure class=\"aligncenter\"><img decoding=\"async\" loading=\"lazy\" width=\"800\" height=\"493\" src=\"https:\/\/speyer24news.com\/wp-content\/uploads\/2019\/06\/Gallos-auf-Platz-2-Bild-Melanie-Lindner.jpg\" alt=\"\" class=\"wp-image-15429\" srcset=\"https:\/\/speyer24news.com\/wp-content\/uploads\/2019\/06\/Gallos-auf-Platz-2-Bild-Melanie-Lindner.jpg 800w, https:\/\/speyer24news.com\/wp-content\/uploads\/2019\/06\/Gallos-auf-Platz-2-Bild-Melanie-Lindner-300x185.jpg 300w, https:\/\/speyer24news.com\/wp-content\/uploads\/2019\/06\/Gallos-auf-Platz-2-Bild-Melanie-Lindner-768x473.jpg 768w\" sizes=\"(max-width: 800px) 100vw, 800px\" \/><figcaption> <strong>Astrid <\/strong>und <strong>Hans-J\u00fcrgen Gallo<\/strong> erreichen beim Turnier der Senioren III S Platz 2 (Foto: Melanie Lindner)<\/figcaption><\/figure><\/div>\n\n\n\n<p>Am Samstag (22.06.2019) fand in Ingelheim das traditionelle Spargelturnier des TSC Ingelheim f\u00fcr Standardpaare der Hauptgruppe und der Senioren statt.<\/p>\n\n\n\n<p>Im Feld der Senioren III B Standard gingen <strong>Beate <\/strong>und<strong> Theo Hannen <\/strong>mit 12 weiteren Paaren an den Start. Da das Turnier dieses Jahr als 2-Fl\u00e4chen-Turnier veranstaltet wurde, war die Tanzfl\u00e4che etwas klein und in den Vorrunden mit jeweils 7 Paaren auf der Fl\u00e4che kamen sich die Teilnehmer manchmal n\u00e4her als ihnen lieb war. Beate und Theo konnten trotzdem \u00fcberzeugen und zogen in die Zwischenrunde ein.<br> Die beiden Speyerer gaben in der Zwischenrunde noch einmal alles und beendeten das Turnier auf dem 8. Platz als Anschlusspaar aufs 7-paarige Finale.<\/p>\n\n\n\n<p><strong>Astrid <\/strong>und <strong>Hans-J\u00fcrgen Gallo<\/strong> starteten beim Turnier der Senioren III S. Das Starterfeld war auf 8 Paare zusammengeschmolzen. Nach einer Vorrunde durften sich Gallos \u00fcber den Einzug in das Finale freuen. Dort ging es beim Kampf um die Pl\u00e4tze teilweise hei\u00df her. Am Ende ertanzten sich Astrid und Hans-J\u00fcrgen einen erfreulichen zweiten Platz und mussten sich nur dem deutschen Vizemeister \u00fcber zehn T\u00e4nze geschlagen geben.<\/p>\n\n\n\n<div class=\"wp-block-image\"><figure class=\"aligncenter\"><img decoding=\"async\" loading=\"lazy\" width=\"800\" height=\"600\" src=\"https:\/\/speyer24news.com\/wp-content\/uploads\/2019\/06\/B\u00fchlers-in-der-Mitte-wei\u00dfes-Kleid.jpg\" alt=\"\" class=\"wp-image-15430\" srcset=\"https:\/\/speyer24news.com\/wp-content\/uploads\/2019\/06\/B\u00fchlers-in-der-Mitte-wei\u00dfes-Kleid.jpg 800w, https:\/\/speyer24news.com\/wp-content\/uploads\/2019\/06\/B\u00fchlers-in-der-Mitte-wei\u00dfes-Kleid-300x225.jpg 300w, https:\/\/speyer24news.com\/wp-content\/uploads\/2019\/06\/B\u00fchlers-in-der-Mitte-wei\u00dfes-Kleid-768x576.jpg 768w, https:\/\/speyer24news.com\/wp-content\/uploads\/2019\/06\/B\u00fchlers-in-der-Mitte-wei\u00dfes-Kleid-678x509.jpg 678w, https:\/\/speyer24news.com\/wp-content\/uploads\/2019\/06\/B\u00fchlers-in-der-Mitte-wei\u00dfes-Kleid-326x245.jpg 326w, https:\/\/speyer24news.com\/wp-content\/uploads\/2019\/06\/B\u00fchlers-in-der-Mitte-wei\u00dfes-Kleid-80x60.jpg 80w\" sizes=\"(max-width: 800px) 100vw, 800px\" \/><figcaption> <strong>Kristina <\/strong>und <strong>Felix B\u00fchler<\/strong> geinnen im kombinierten A\/S-Turnier der Senioren II  den Saarlouiser Rubinpokal <\/figcaption><\/figure><\/div>\n\n\n\n<p>Beim zeitgleichen Turnier um den Saarlouiser Rubinpokal konnten sich <strong>Kristina <\/strong>und <strong>Felix B\u00fchler<\/strong> im kombinierten A\/S-Turnier der Senioren II behaupten. Trotz der geringen Teilnehmerzahl reichte die Motivation aus, die Konkurrenz ihrer Klasse hinter sich zu lassen und zudem noch ein Paar der Sonderklasse zu schlagen.<\/p>\n\n\n\n<p>Text: Gr\u00fcn-Gold Speyer e.V.Foto: Melanie Lindner<br>\n28.06.2019<\/p>\n","protected":false},"excerpt":{"rendered":"<div class=\"mh-excerpt\"><p>TSV &#8211; Speyer Senioren-Ausflug des TSV Speyer am Montag, 24. Juni 2019 Eine herrliche Fahrt an einem herrlichen Tag, so k\u00f6nnte das Fazit der diesj\u00e4hrigen Senioren-Fahrt am Montag, 24. Juni 2019, lauten. Vorsitzende Angelika W\u00f6hlert <a class=\"mh-excerpt-more\" href=\"https:\/\/speyer24news.com\/?p=15428\" title=\"Sport:\">[&#8230;]<\/a><\/p>\n<\/div>","protected":false},"author":3,"featured_media":0,"comment_status":"open","ping_status":"open","sticky":false,"template":"","format":"standard","meta":{"_monsterinsights_skip_tracking":false,"_monsterinsights_sitenote_active":false,"_monsterinsights_sitenote_note":"","_monsterinsights_sitenote_category":0,"footnotes":""},"categories":[339],"tags":[346,340,1249,247,1820],"aioseo_notices":[],"amp_enabled":true,"_links":{"self":[{"href":"https:\/\/speyer24news.com\/index.php?rest_route=\/wp\/v2\/posts\/15428"}],"collection":[{"href":"https:\/\/speyer24news.com\/index.php?rest_route=\/wp\/v2\/posts"}],"about":[{"href":"https:\/\/speyer24news.com\/index.php?rest_route=\/wp\/v2\/types\/post"}],"author":[{"embeddable":true,"href":"https:\/\/speyer24news.com\/index.php?rest_route=\/wp\/v2\/users\/3"}],"replies":[{"embeddable":true,"href":"https:\/\/speyer24news.com\/index.php?rest_route=%2Fwp%2Fv2%2Fcomments&post=15428"}],"version-history":[{"count":1,"href":"https:\/\/speyer24news.com\/index.php?rest_route=\/wp\/v2\/posts\/15428\/revisions"}],"predecessor-version":[{"id":15434,"href":"https:\/\/speyer24news.com\/index.php?rest_route=\/wp\/v2\/posts\/15428\/revisions\/15434"}],"wp:attachment":[{"href":"https:\/\/speyer24news.com\/index.php?rest_route=%2Fwp%2Fv2%2Fmedia&parent=15428"}],"wp:term":[{"taxonomy":"category","embeddable":true,"href":"https:\/\/speyer24news.com\/index.php?rest_route=%2Fwp%2Fv2%2Fcategories&post=15428"},{"taxonomy":"post_tag","embeddable":true,"href":"https:\/\/speyer24news.com\/index.php?rest_route=%2Fwp%2Fv2%2Ftags&post=15428"}],"curies":[{"name":"wp","href":"https:\/\/api.w.org\/{rel}","templated":true}]}}