{"id":15438,"date":"2019-06-28T13:08:41","date_gmt":"2019-06-28T12:08:41","guid":{"rendered":"https:\/\/speyer24news.com\/?p=15438"},"modified":"2019-06-28T13:11:01","modified_gmt":"2019-06-28T12:11:01","slug":"geschwindigkeitskontrollen-radarmessungen","status":"publish","type":"post","link":"https:\/\/speyer24news.com\/?p=15438","title":{"rendered":"Geschwindigkeitskontrollen \/ Radarmessungen:"},"content":{"rendered":"<style type=\"text\/css\">\r\n\t.ads_top_disp{}\r\n\t.ads_top_corner_disp{ float:left; margin:0px 10px 10px 0px; }\r\n\t.ads_first_p_disp{}\r\n\t.ads_bottom_disp{}\r\n\t<\/style>\n<h2 class=\"wp-block-heading\">(Rhein-Pfalz-Kreis) &#8211;  Geschwindigkeitskontrollen f\u00fcr den Monat Juli 2019<\/h2>\n\n\n\n<div class=\"wp-block-image\"><figure class=\"aligncenter\"><img decoding=\"async\" src=\"https:\/\/speyer24news.com\/wp-content\/uploads\/2019\/06\/Radarkontrolle_1-1.jpg\" alt=\"\" class=\"wp-image-14550\"\/><\/figure><\/div>\n\n\n\n<p>Im Bereich der <strong>Polizeidirektion Ludwigshafen<\/strong> finden wie folgt  Kontrollen statt: <\/p>\n\n\n\n<ul><li>Montag 01.07.2019 im Bereich Altrip<\/li><li>Mittwoch 10.07.2019 im Bereich Frankenthal<\/li><li>Donnerstag 18.07.2019 im Bereich Speyer<\/li><li>Dienstag 23.07.2019 im Bereich B\u00f6hl-Iggelheim<\/li><\/ul>\n\n\n\n<p>Im Bereich der <strong>Polizeidirektion Landau<\/strong> finden wie folgt Kontrollen statt:<\/p>\n\n\n\n<ul><li>Montag 08.07.2019 im Bereich Germersheim<\/li><li>Dienstag 09.07.2019 im Bereich Kandel<\/li><li>Mittwoch 17.07.2019 im Bereich Landau<\/li><li>Montag 29.07.2019 im Bereich Kandel<\/li><\/ul>\n\n\n\n<p>Im Bereich der <strong>Polizeidirektion Neustadt<\/strong> finden wie folgt Kontrollen statt:<\/p>\n\n\n\n<ul><li>Dienstag 02.07.2019 im Bereich Neustadt<\/li><li>Donnerstag 11.07.2019 im Bereich Ha\u00dfloch<\/li><li>Montag 15.07.2019 im Bereich Bad D\u00fcrkheim<\/li><li>Dienstag 20.07.2019 im Bereich Neuleiningen<\/li><\/ul>\n\n\n\n<p>Die Polizei weist ausdr\u00fccklich darauf hin, dass Kontrollen auch au\u00dferhalb der genannten Zeiten und \u00d6rtlichkeiten stattfinden.<\/p>\n\n\n\n<p><em>Polizeipr\u00e4sidium Rheinpfalz<br>28.06.2019<\/em><\/p>\n\n\n\n<h2 class=\"wp-block-heading\">Radarkontrollen f\u00fcr die Woche vom 1. Juli bis 7. Juli 2019<\/h2>\n\n\n\n<figure class=\"wp-block-image\"><img decoding=\"async\" src=\"https:\/\/speyer24news.com\/wp-content\/uploads\/2019\/06\/Radar-1.jpg\" alt=\"\" class=\"wp-image-15442\"\/><\/figure>\n\n\n\n<p><strong>(Ludwigshafen) &#8211; <\/strong>Die Stadt Ludwigshafen nimmt in folgenden Stadtteilen Radarkontrollen vor.<\/p>\n\n\n\n<ul><li>Montag, 1. Juli: Oggersheim, West und S\u00fcd<\/li><li>Dienstag, 2. Juli: Pfingstweide, Nord und Friesenheim<\/li><li>Mittwoch, 3. Juli: Rheing\u00f6nheim, Gartenstadt und Mitte<\/li><li>Donnerstag, 4. Juli: Edigheim, Oppau und S\u00fcd<\/li><li>Freitag, 5. Juli: Maudach, Mundenheim und Friesenheim<\/li><li>Samstag, 6. Juli: Gartenstadt und Ruchheim<\/li><\/ul>\n\n\n\n<p>Kurzfristige \u00c4nderungen beh\u00e4lt sich der Bereich Stra\u00dfenverkehr vor. Kontrollen k\u00f6nnen auch kurzfristig an anderen Stellen statt-finden.<\/p>\n\n\n\n<p><em>Stadt Ludwigshafen am Rhein<br>28.06.2019<\/em><\/p>\n\n\n\n<h2 class=\"wp-block-heading\">Geschwindigkeitskontrollen f\u00fcr die Woche vom 1. bis 5. Juli<\/h2>\n\n\n\n<div class=\"wp-block-image\"><figure class=\"aligncenter\"><img decoding=\"async\" src=\"https:\/\/speyer24news.com\/wp-content\/uploads\/2019\/06\/Kontrolle-BaW\u00fc-1.jpg\" alt=\"\" class=\"wp-image-14551\"\/><\/figure><\/div>\n\n\n\n<p><strong>(Mannheim) &#8211; <\/strong>Die Stadt Mannheim f\u00fchrt vom 1. bis 5. Juli in folgenden Stra\u00dfen Radarkontrollen durch:<\/p>\n\n\n\n<ul><li> Am Stich<\/li><li> Braunschweiger Allee<\/li><li> C-Quadrate<\/li><li> D-Quadrate<\/li><li> Domstiftstra\u00dfe<\/li><li> Fressgasse<\/li><li> G-Quadrate<\/li><li> Hafenstra\u00dfe<\/li><li> Im Lohr<\/li><li> Jakob-Baumann-Stra\u00dfe<\/li><li> K-Quadrate<\/li><li> Memeler Stra\u00dfe<\/li><li> Neckarvorlandstra\u00dfe<\/li><li> Oppauer Kreuzweg<\/li><li> Rastenburger Stra\u00dfe<\/li><li> Scharhofer Stra\u00dfe<\/li><li> Sonderburger Stra\u00dfe<\/li><li> Spinnereistra\u00dfe<\/li><li> S-Quadrate<\/li><li> T-Quadrate<\/li><li> U-Quadrate<\/li><li> Viernheimer Weg<\/li><li> Werner-Nagel-Ring<\/li><li> Zwerchgasse<\/li><\/ul>\n\n\n\n<p>Kurzfristige \u00c4nderungen oder zus\u00e4tzliche Messstellen sind aus aktuellem Anlass m\u00f6glich.<\/p>\n\n\n\n<p><em>Stadt Mannheim<br>28.06.2019<\/em><\/p>\n","protected":false},"excerpt":{"rendered":"<div class=\"mh-excerpt\"><p>(Rhein-Pfalz-Kreis) &#8211; Geschwindigkeitskontrollen f\u00fcr den Monat Juli 2019 Im Bereich der Polizeidirektion Ludwigshafen finden wie folgt Kontrollen statt: Montag 01.07.2019 im Bereich Altrip Mittwoch 10.07.2019 im Bereich Frankenthal Donnerstag 18.07.2019 im Bereich Speyer Dienstag 23.07.2019 <a class=\"mh-excerpt-more\" href=\"https:\/\/speyer24news.com\/?p=15438\" title=\"Geschwindigkeitskontrollen \/ Radarmessungen:\">[&#8230;]<\/a><\/p>\n<\/div>","protected":false},"author":3,"featured_media":0,"comment_status":"open","ping_status":"open","sticky":false,"template":"","format":"standard","meta":{"_monsterinsights_skip_tracking":false,"_monsterinsights_sitenote_active":false,"_monsterinsights_sitenote_note":"","_monsterinsights_sitenote_category":0,"footnotes":""},"categories":[64],"tags":[19,947,28,779,227,17,949,1310,948],"aioseo_notices":[],"amp_enabled":true,"_links":{"self":[{"href":"https:\/\/speyer24news.com\/index.php?rest_route=\/wp\/v2\/posts\/15438"}],"collection":[{"href":"https:\/\/speyer24news.com\/index.php?rest_route=\/wp\/v2\/posts"}],"about":[{"href":"https:\/\/speyer24news.com\/index.php?rest_route=\/wp\/v2\/types\/post"}],"author":[{"embeddable":true,"href":"https:\/\/speyer24news.com\/index.php?rest_route=\/wp\/v2\/users\/3"}],"replies":[{"embeddable":true,"href":"https:\/\/speyer24news.com\/index.php?rest_route=%2Fwp%2Fv2%2Fcomments&post=15438"}],"version-history":[{"count":3,"href":"https:\/\/speyer24news.com\/index.php?rest_route=\/wp\/v2\/posts\/15438\/revisions"}],"predecessor-version":[{"id":15443,"href":"https:\/\/speyer24news.com\/index.php?rest_route=\/wp\/v2\/posts\/15438\/revisions\/15443"}],"wp:attachment":[{"href":"https:\/\/speyer24news.com\/index.php?rest_route=%2Fwp%2Fv2%2Fmedia&parent=15438"}],"wp:term":[{"taxonomy":"category","embeddable":true,"href":"https:\/\/speyer24news.com\/index.php?rest_route=%2Fwp%2Fv2%2Fcategories&post=15438"},{"taxonomy":"post_tag","embeddable":true,"href":"https:\/\/speyer24news.com\/index.php?rest_route=%2Fwp%2Fv2%2Ftags&post=15438"}],"curies":[{"name":"wp","href":"https:\/\/api.w.org\/{rel}","templated":true}]}}