{"id":15444,"date":"2019-07-01T08:26:23","date_gmt":"2019-07-01T07:26:23","guid":{"rendered":"https:\/\/speyer24news.com\/?p=15444"},"modified":"2019-07-01T08:32:18","modified_gmt":"2019-07-01T07:32:18","slug":"polizei-2","status":"publish","type":"post","link":"https:\/\/speyer24news.com\/?p=15444","title":{"rendered":"Polizei"},"content":{"rendered":"<style type=\"text\/css\">\r\n\t.ads_top_disp{}\r\n\t.ads_top_corner_disp{ float:left; margin:0px 10px 10px 0px; }\r\n\t.ads_first_p_disp{}\r\n\t.ads_bottom_disp{}\r\n\t<\/style>\n<h2 class=\"wp-block-heading\">Polizeimeldungen vom Wochenende (29.06. &amp; 30.06.2019)<\/h2>\n\n\n\n<div class=\"wp-block-image\"><figure class=\"aligncenter\"><img decoding=\"async\" src=\"https:\/\/speyer24news.com\/wp-content\/uploads\/2019\/06\/Aktuelles-Polizeilogo-3.jpg\" alt=\"\" class=\"wp-image-15371\"\/><\/figure><\/div>\n\n\n\n<h4 class=\"wp-block-heading\">(Speyer) &#8211; Drogen, Alkohol, kein F\u00fchrerschein<\/h4>\n\n\n\n<p>Der 26j\u00e4hriger Fahrer eines PKW wurde am Samstag kurz vor Mitternacht in der Stra\u00dfe Im Erlich einer Verkehrskontrolle unterzogen. Hier stellte sich heraus, dass der Fahrer  unter dem Einfluss von Alkohol und Cannabis stand und ihm der  F\u00fchrerschein schon vor l\u00e4ngerer Zeit wegen \u00e4hnlicher Delikte entzogen  worden war. <\/p>\n\n\n\n<p>Ihn erwarten nun entsprechende weitere Strafverfahren. <\/p>\n\n\n\n<h4 class=\"wp-block-heading\">(Speyer) &#8211; Verkehrsunfall mit schwerverletztem Motorradfahrer<\/h4>\n\n\n\n<p>Ein 26j\u00e4hriger Motorradfahrer verlor am Samstagnachmittag am Autobahnkreuz Speyer auf der  Autobahnabfahrt in Richtung B9\/Ludwigshafen die Kontrolle \u00fcber sein  Fahrzeug, st\u00fcrzte und prallte gegen ein vorausfahrendes Wohnmobil. <\/p>\n\n\n\n<p>Der\n Motorradfahrer erlitt schwere, aber nicht lebensbedrohliche \nVerletzungen und wurde mit dem Rettungshubschrauber in eine Klinik \ngebracht. <\/p>\n\n\n\n<p>Die Sachschadensh\u00f6he betr\u00e4gt ca. 4000 Euro. <\/p>\n\n\n\n<h4 class=\"wp-block-heading\">(Speyer) &#8211; Fahren unter Drogeneinfluss und ohne Fahrerlaubnis<\/h4>\n\n\n\n<p>Ein 21j\u00e4hriger Fahrer eines Kleinkraftrades wurde am Freitagnachmittag in der Landwehrstra\u00dfe kontrolliert. Hierbei stellte sich heraus, dass der Motorroller durch technische Ver\u00e4nderungen eine H\u00f6chstgeschwindigkeit von 70km\/h erreichen  konnte, weshalb die Betriebserlaubnis erloschen war. Weiterhin bestand  kein g\u00fcltiger Versicherungsschutz f\u00fcr das Fahrzeug. <\/p>\n\n\n\n<p>Der Fahrer \nwar zudem nicht im Besitz der notwendigen Fahrerlaubnis und stand \nnachweislich eines Urintests unter dem Einfluss von Cannabis und \nAmfetamin. <\/p>\n\n\n\n<p>Ihn erwarten nun diverse Strafanzeigen. <\/p>\n\n\n\n<h4 class=\"wp-block-heading\">(Schifferstadt) &#8211; 49-j\u00e4hriger Motorradfahrer t\u00f6dlich verungl\u00fcckt<\/h4>\n\n\n\n<p>Am Sonntag, 30.06.2019, gegen 00:30 Uhr, ereignete sich ein t\u00f6dlicher  Verkehrsunfall auf der L532. Der 49-j\u00e4hrige Motorradfahrer war aus  Richtung Waldsee in Fahrtrichtung B\u00f6hl-Iggelheim gefahren und aus  bislang ungekl\u00e4rter Ursache von der Fahrbahn abgekommen und dadurch  gest\u00fcrzt. Durch den Sturz erlitt der Motoradfahrer t\u00f6dliche Verletzungen  und verstarb noch an der Unfallstelle. <\/p>\n\n\n\n<p>Ein namentlich bekannter \nZeuge konnte im n\u00e4heren Umfeld zur Unfall\u00f6rtlichkeit einen schwarzen \nDacia (vermutlich SUV) erkennen, welcher noch vor Eintreffen der \nRettungskr\u00e4fte und Polizei die Unfall\u00f6rtlichkeit verlassen hatte. <\/p>\n\n\n\n<p>Zeugen,  welche Angaben zum Unfallhergang oder zu dem schwarzen Dacia machen  k\u00f6nnen, werden gebeten sich umgehend mit der Polizeiinspektion  Schifferstadt unter 06235 \/ 495-0 in Verbindung zu setzen. <\/p>\n\n\n\n<h4 class=\"wp-block-heading\">(Schifferstadt) &#8211; Sachbesch\u00e4digung am Schulzentrum in Schifferstadt<\/h4>\n\n\n\n<p>In der Nacht zum Samstag, den 29.06.2019 besch\u00e4digten bislang  unbekannte T\u00e4ter auf dem Gel\u00e4nde des Schulzentrums mutwillig ein  Verkehrszeichen, sowie einen M\u00fclleimer. Zudem wurden in unmittelbarer  Umgebung mehrere Bauz\u00e4une umgeworfen. Ein entsprechendes Strafverfahren  wegen Sachbesch\u00e4digung wurde eingeleitet. Hinweise werden erbeten an die  Polizeiinspektion Schifferstadt Telefon: 06235-495-209 (oder -0)  E-Mail: <a href=\"mailto:pischifferstadt@polizei.rlp.de\">pischifferstadt@polizei.rlp.de<\/a> <a rel=\"noreferrer noopener\" target=\"_blank\" href=\"https:\/\/www.polizei.rlp.de\">https:\/\/www.polizei.rlp.de<\/a> <\/p>\n\n\n\n<h4 class=\"wp-block-heading\">(Schifferstadt) &#8211; Aufgebrochene Bau-\/Aufenthaltscontainer in Schifferstadt<\/h4>\n\n\n\n<p>In der Zeit von 27.06.2019 &#8211; 28.06.2019 wurden in der Verl\u00e4ngerung der  Ziegeleistra\u00dfe, durch bislang unbekannte T\u00e4ter, ein Bau- sowie ein  Aufenthaltscontainer der Deutschen Bahn aufgebrochen und aus diesem  mehrere Kabel entwendet. Bei m\u00f6glichen Hinweisen wenden sie sich bitte  an die Polizeiinspektion Schifferstadt Telefon: 06235-495-209 (oder -0)  E-Mail: <a href=\"mailto:pischifferstadt@polizei.rlp.de\">pischifferstadt@polizei.rlp.de<\/a> <a rel=\"noreferrer noopener\" target=\"_blank\" href=\"https:\/\/www.polizei.rlp.de\">https:\/\/www.polizei.rlp.de<\/a> <\/p>\n\n\n\n<h4 class=\"wp-block-heading\">(Neuhofen) &#8211; Verkehrsunfall w\u00e4hrend der Fahrstunde<\/h4>\n\n\n\n<p>Am Abend des 28.06.2019 kam es im Bereich zwischen Neuhofen und  Limburgerhof zu einem Verkehrsunfall zwischen dem Fahrzeug einer  Fahrschule und einem Fahrradfahrer, welcher nicht den vorhandenen Radweg  nutzte. Auf Grund der tiefstehenden Sonne \u00fcbersah vermutlich die  Fahrsch\u00fclerin, als auch der Fahrlehrer, einen auf der Landstra\u00dfe vor  ihnen fahrenden Fahrradfahrer, auf welchen sie auffuhren. Dieser kam auf  Grund des Zusammensto\u00dfes zu Sturz und verletzte sich, sodass er im  Nachgang im Krankenhaus weiter versorgt werden musste. <\/p>\n\n\n\n<h4 class=\"wp-block-heading\">(Altrip) &#8211; Einbruchsdiebstahl in Wohnwagen in Altrip<\/h4>\n\n\n\n<p>Im Campinggebiet auf der Au wurde in der Nacht zum 27.06.2019, durch  bislang unbekannte T\u00e4ter in einen Wohnwagen eingebrochen. Erbeutet  wurden aus diesem eine Geldkassette, sowie eine Wasserpumpe aus dem  Au\u00dfenbereich. Der oder die unbekannten T\u00e4ter bedienten sich zudem an  einer Bierflasche, welche sie zur H\u00e4lfte austranken und zur\u00fcck lie\u00dfen.  Diese wurde entsprechend sichergestellt. Bei m\u00f6glichen Hinweisen wenden  sie sich bitte an die Polizeiinspektion Schifferstadt Telefon:  06235-495-209 (oder -0) E-Mail: <a href=\"mailto:pischifferstadt@polizei.rlp.de\">pischifferstadt@polizei.rlp.de<\/a> <a rel=\"noreferrer noopener\" target=\"_blank\" href=\"https:\/\/www.polizei.rlp.de\">https:\/\/www.polizei.rlp.de<\/a> <\/p>\n\n\n\n<h4 class=\"wp-block-heading\">(Germersheim) &#8211; Brand einer Scheune mit verletzter Person<\/h4>\n\n\n\n<p>Am Sonntagvormittag, um 10:30 Uhr, kam es in 76761 R\u00fclzheim, Neue  M\u00fchlgasse, zu einem Brand einer Scheune. In der Scheune befand sich ein  \u00e4lterer Pkw. Offensichtlich wurden vom Gesch\u00e4digten Reparaturarbeiten am  Pkw durchgef\u00fchrt. Im Rahmen dieser Arbeiten kam es zu einer Verpuffung  und der Pkw sowie die Scheune gerieten in Brand. Der 55-j\u00e4hrige  Gesch\u00e4digte erlitt starke Brandverletzungen und musste mit dem  Rettungshubschrauber in eine Fachklinik verbracht werden. Die Scheune  brannte komplett ab, die genaue H\u00f6he des Schadens ist noch nicht  bekannt.<\/p>\n\n\n\n<h4 class=\"wp-block-heading\">(Leimersheim) &#8211; Junger Mann ertrunken<\/h4>\n\n\n\n<h4 class=\"wp-block-heading\">Gemeinsame Pressemitteilung der Staatsanwaltschaft Landau und der Kriminalinspektion Landau vom 28.06.2019: <\/h4>\n\n\n\n<p>Am Donnerstag, den 27.06.2019 gegen 21.09 Uhr ging bei der  Rettungsleitstelle ein Notruf ein, dass eine Person im Baggersee am  Weihersteg in Leimersheim ertrunken sei. <\/p>\n\n\n\n<p>Nach dem bisherigen \nStand der Ermittlungen hatte sich ein 26-j\u00e4hriger polnischer \nStaatsangeh\u00f6riger mit 2 Bekannten an den See begeben und ging dort \nschwimmen. Vom Ufer haben die beiden Begleiter beobachtet, dass der \njunge Mann pl\u00f6tzlich unterging. Ein Begleiter soll sofort ins Wasser \ngesprungen sein, konnte jedoch seinen Bekannten nicht mehr finden. \nAndere Zeugen sollen sofort die Leitstelle informiert haben. Die \nFeuerwehr, das DLRG, sowie Rettungstaucher haben sofort die Suchma\u00dfnahme\n aufgenommen. <\/p>\n\n\n\n<p>Erst in der Nacht haben Rettungstaucher den jungen Mann nur noch tot bergen k\u00f6nnen. <\/p>\n\n\n\n<p>Die\n Kriminalinspektion Landau hat die Ermittlungen aufgenommen. Auf Antrag \nder Staatsanwaltschaft Landau wird eine Obduktion des Ertrunkenen \ndurchgef\u00fchrt. <\/p>\n\n\n\n<p>Weitere Zeugen, die Hinweise zu dem Ungl\u00fccksfall  geben k\u00f6nnen, werden gebeten sich mit der Kriminalpolizei Landau unter  der Telefonnummer 06341-287-0 in Verbindung zu setzen. <\/p>\n\n\n\n<h4 class=\"wp-block-heading\">(Steinweiler) &#8211; Verkehrsunfallflucht beobachtet und Polizei eingeschaltet<\/h4>\n\n\n\n<p>Am 29.06.2019 um 19:25 Uhr fuhr ein 70-j\u00e4hriger Mann aus dem Kreis  S\u00fcdliche Weinstra\u00dfe mit seinem PKW von Kandel kommend in Fahrtrichtung  Steinweiler. Am Ortseingang Steinweiler streifte er einen geparkten PKW  am Stra\u00dfenrand. Trotz der Tatsache, dass die Scheibe seiner  Beifahrerseite brach, fuhr er ohne anzuhalten weiter. Ein aufmerksamer  Verkehrsteilnehmer nahm den Zusammensto\u00df wahr, verst\u00e4ndigte die Polizei  und folgte dem Unfallverursacher bis zu dessen Wohnanschrift. Dort  stellte sich anschlie\u00dfend auch der vermutliche Grund f\u00fcr den  Verkehrsunfall mit anschlie\u00dfender Flucht heraus, denn die Polizeibeamten  konnten bei dem Unfallfl\u00fcchtigen Alkoholgeruch feststellen. <\/p>\n\n\n\n<p>Dem  PKW-F\u00fchrer wurde eine Blutprobe entnommen. Neben der vorl\u00e4ufigen  Beschlagnahme des F\u00fchrerscheines wurde ein entsprechendes Strafverfahren  eingeleitet. <\/p>\n\n\n\n<h4 class=\"wp-block-heading\">(Berg) &#8211; Dachstuhlbrand in Mehrfamilienhaus<\/h4>\n\n\n\n<p>Am 30.06.2019 um 04:00 Uhr kam es in Berg in der Kandeler Stra\u00dfe zu dem Brand eines Mehrfamilienhauses. <\/p>\n\n\n\n<p>Nachdem\n ein Bewohner Rauchentwicklungen im Dachbereich feststellte, \nverst\u00e4ndigte er die Feuerwehr. Beim Eintreffen der Einsatzkr\u00e4fte konnte \nein Brand im Dachstuhl best\u00e4tigt werden. Das Wohnhaus wurde rechtzeitig \nevakuiert, sodass niemand verletzt wurde. Die L\u00f6scharbeiten dauerten bis\n ca. 13:00 Uhr an. <\/p>\n\n\n\n<p>Die H\u00f6he des Sachschadens ist derzeit noch \nnicht bekannt. Auch die Brandursache ist noch nicht eindeutig gekl\u00e4rt, \nweshalb die weiteren Ermittlungen  durch den Kriminaldauerdienst \n\u00fcbernommen wurden und im Laufe der n\u00e4chsten Woche durch das zust\u00e4ndige \nFachkommissariat fortgef\u00fchrt werden. <\/p>\n\n\n\n<h4 class=\"wp-block-heading\">(Bad Bergzabern) &#8211; Nach Unfall gefl\u00fcchtet<\/h4>\n\n\n\n<p>Ein PKW-Fahrer stellte am 29.06.19, gg. 15:00 Uhr, seinen PKW, Daimler  Benz, schwarz, Cabriolet, SLK 200, mit S\u00dcW-Kennzeichen auf dem Parkplatz  des SBK ab. Innerhalb der n\u00e4chsten halben Stunde wurde hierbei durch  ein anderes Fahrzeug beim Ein-\/Ausparken besch\u00e4digt. Dabei wurde die  rechte hintere Seite versch\u00fcrft. Der Schaden d\u00fcrfte ca. 800-1000 EUR  betragen. Bei dem Verursacher Fahrzeug d\u00fcrfte es sich um ein helles  Fahrzeug handeln. <\/p>\n\n\n\n<h4 class=\"wp-block-heading\">(Bad Bergzabern) &#8211; Verletzte Radfahrerin<\/h4>\n\n\n\n<p>Am 29.06.19., gg. 13:30 Uhr, befuhr ein 64 Jahre alter PKW-Fahrer die  Weinstra\u00dfe in Rtg. Sparkasse. An dem Zebrastreifen vor dem Ludwigsplatz  hielt er ordnungsgem\u00e4\u00df an, da Fu\u00dfg\u00e4nger die Fahrbahn \u00fcberquerten. Gerade  als er wieder anfahren wollte, erschien eine 49 Jahre alte Radfahrerin,  welche ebenfalls \u00fcber den Fu\u00dfg\u00e4ngerweg wollte. Es kam zur seitlichen  Ber\u00fchrung. Die Radfahrerin zog sich hierbei Sch\u00fcrfungen am Bein zu und  wurde vorsorglich ins Krankenhaus verbracht. Der Sachschaden betr\u00e4gt ca.  200.- EUR. <\/p>\n\n\n\n<h4 class=\"wp-block-heading\">(Pleisweiler-Oberhofen) &#8211; Kradfahrer leicht verletzt<\/h4>\n\n\n\n<p>Am 28.6., morgens gg. 07:45 Uhr, kam es an der Kreuzung Hauptstra\u00dfe und  Nonnensuselstra\u00dfe zu einem Verkehrsunfall. Hierbei missachtete eine 58  Jahre alte PKW-Fahrerin die Vorfahrt eines 17 Jahre alten  Leichtkraftrad-Fahrers. Dessen Fahrzeug wurde leicht besch\u00e4digt &#8211; ca.  200.- EUR -,  er selbst erlitt leichte Verletzungen an Bein und Hand und  wurde vorsorglich ins Krankenhaus verbracht. <\/p>\n\n\n\n<h4 class=\"wp-block-heading\">(Landau) &#8211; Sachbesch\u00e4digung an PKW<\/h4>\n\n\n\n<p>In der Nacht vom 29.06.2019 auf den 30.06.2019 besch\u00e4digten Unbekannte  einen geparkten PKW der im Prie\u00dfnitzweg, am Parkplatz der ehemaligen  Rundsporthalle in 76829 Landau in der Pfalz abgestellt war. Es wurden  die Heckscheibe sowie zwei Seitenscheiben eingeschlagen und mehrere  Dellen in die Karosserie geschlagen. <\/p>\n\n\n\n<p>Hinweise an die Polizei in Landau unter 06341-2870 oder <a href=\"mailto:pilandau@polizei.rlp.de\">pilandau@polizei.rlp.de<\/a> <\/p>\n\n\n\n<h4 class=\"wp-block-heading\">(Landau) &#8211; Trunkenheitsfahrt<\/h4>\n\n\n\n<p>Am sp\u00e4ten Abend des 29.06.2019 fiel der Polizei im Landauer Stadtgebiet  ein PKW mit unsicherer Fahrweise auf. Bei der anschlie\u00dfenden Kontrolle  konnte bei dem 22-j\u00e4hrigen Fahrzeugf\u00fchrer aus dem Kreis S\u00fcdliche  Weinstra\u00dfe deutlicher Atemalkoholgeruch festgestellt werden. Ein  Atemalkoholtest ergab einen Wert von 1,54 Promille. Der Fahrer wurde zur  Entnahme einer Blutprobe zur Dienststelle verbracht. Gegen ihn wurde  ein Ermittlungsverfahren wegen Trunkenheit im Stra\u00dfenverkehr  eingeleitet. Der F\u00fchrerschein wurde einbehalten. <\/p>\n\n\n\n<h4 class=\"wp-block-heading\">(Landau) &#8211; Verkehrsunfall mit Personenschaden<\/h4>\n\n\n\n<p>Am Abend des 29.06.2019 kam es im Kreuzungsbereich Marie-Curie-Stra\u00dfe \/  Max-Planck-Stra\u00dfe in 76829 Landau in der Pfalz zu einem Verkehrsunfall  zwischen zwei PKW. Hierbei missachtete eine 23-j\u00e4hrige Fahrzeugf\u00fchrerin  die Vorfahrt. Die Unfallverursacherin und deren Beifahrerin wurden  leicht verletzt. Die 22-j\u00e4hrige Unfallgegnerin wurde ebenfalls verletzt  und musste station\u00e4r im Krankenhaus aufgenommen werden. An beiden PKW  entstand wirtschaftlicher Totalschaden. <\/p>\n\n\n\n<h4 class=\"wp-block-heading\">(A 65 \/ Landau) &#8211; Lkw-Fahrer parkt auf dem Standstreifen<\/h4>\n\n\n\n<p>Eine Sicherheitsleistung in H\u00f6he von 100 EUR wurde von einem lettischen  Lkw-Fahrer am Freitag, 28.09.2019 gegen 23:00 Uhr einbehalten. Der  Fahrer hatte mit seinem Gespann auf dem Standstreifen der A65 in  Fahrtrichtung Ludwigshafen bei Landau-Nord  angehalten, um seine  Lenkzeit nicht zu \u00fcberschreiten. Das Halten oder Parken auf dem  Standstreifen einer Autobahn stellt eine hohe Gefahr sowohl f\u00fcr den  flie\u00dfenden Verkehr als auch f\u00fcr den Haltenden dar und ist deshalb  verboten. Der Lkw-Fahrer wurde nach der Kontrolle zur 2 km entfernten  Rastanlage weiter geschickt. <\/p>\n\n\n\n<h4 class=\"wp-block-heading\">(Landau) &#8211; Einbruchsdiebstahl in ein Ferienhaus<\/h4>\n\n\n\n<p>Unbekannte(r) T\u00e4ter verschafften sich im Zeitraum vom 23.06.2019 bis  zum 26.06.2019 durch das Aufhebeln eines Fensters Zutritt in ein  Ferienhaus in der B\u00f6chinger Stra\u00dfe in Landau-Godramstein. Aus dem  Inneren des Hauses wurde eine geringe Menge Bargeld entwendet. Vor Ort  hinterlie\u00dfen der\/die T\u00e4ter augenscheinlich mehrere leere  Getr\u00e4nkeflaschen, welche zur Spurensicherung sichergestellt wurden. <\/p>\n\n\n\n<p>Hinweise an die Polizei in Landau unter 06341-2870 oder <a href=\"mailto:pilandau@polizei.rlp.de\">pilandau@polizei.rlp.de<\/a> <\/p>\n\n\n\n<h4 class=\"wp-block-heading\">(Edesheim) &#8211; Gurtkontrollen an der Leonhard-Eckel-Siedlung<\/h4>\n\n\n\n<p>Am Samstag, 29.06.2019 f\u00fchrte die Polizei Edenkoben von 15:00 &#8211; 16:00  Uhr Verkehrskontrollen an der Leonhard-Eckel-Siedlung in Edesheim durch.  Hauptaugenmerk lag dabei auf der Sicherung von Personen in Fahrzeugen.  Trotz des hei\u00dfen Wetters waren bei 34 kontrollierten Fahrzeugen die  Insassen richtig gegurtet. Lediglich eine Fahrzeugf\u00fchrerin hatte ihr  Kind zwar angeschnallt, aber nicht den vorgeschriebenen Kindersitz. Sie  wurde geb\u00fchrenpflichtig verwarnt. <\/p>\n\n\n\n<h4 class=\"wp-block-heading\">(Edesheim) &#8211; Verkehrsunfallflucht auf dem Parkplatz des Nah und Gut<\/h4>\n\n\n\n<p>Am 29.06.2019 gegen 09:15 Uhr kam es auf dem Parkplatz des Nah und Gut  in Edesheim zu einer Verkehrsunfallflucht. Die 62-j\u00e4hrige Gesch\u00e4digte  konnte selbst beobachten, wie ein Audi-Fahrer beim Ausparken ihren PKW  touchierte. Dieser sei anschlie\u00dfend einfach weiter gefahren, ohne sich  um den entstandenen Sachschaden zu k\u00fcmmern. Es gelang ihr, das  Kennzeichen des Audis abzulesen, welches sie anschlie\u00dfend der Polizei  mitteilte. Gegen den Fahrer wurde ein Strafverfahren wegen  Verkehrsunfallflucht eingeleitet. <\/p>\n\n\n\n<p>Weitere Zeugen des Vorfalls werden gebeten, sich mit der Polizei Edenkoben unter 06323-9550 in Verbindung zu setzen. <\/p>\n\n\n\n<h4 class=\"wp-block-heading\">(Edenkoben) &#8211; Pedelecfahrer durch Sturz schwerverletzt<\/h4>\n\n\n\n<p>Aus bislang ungekl\u00e4rter Ursache verlor ein 69 j\u00e4hriger Pedelecfahrer am  Samstag, 29.06.2019 gegen 22:15 Uhr auf dem Verbindungsweg zwischen  Klosterstra\u00dfe und Villastra\u00dfe in Edenkoben die Kontrolle \u00fcber sein Rad.  Der Mann st\u00fcrzte und musste mit schweren Verletzungen im Kopf und  Gesichtsbereich in ein Krankenhaus eingeliefert werden. Auch am Pedelec  entstand erheblicher Sachschaden. <\/p>\n\n\n\n<h4 class=\"wp-block-heading\">(A 65 \/ Edenkoben) &#8211; Mehrere Gefahrenstellen auf der Autobahn<\/h4>\n\n\n\n<p>Gleich mehrere Eins\u00e4tze hatte die Polizei Edenkoben am Freitag,  28.06.2019 auf der Autobahn A65. Um 09.20 Uhr wurde ein herrenloser  Schlafsack in H\u00f6he der AS Neustadt-S\u00fcd in FR Karlsruhe gemeldet. Dieser  wurde von der Streife wegger\u00e4umt. An der AS Landau-Nord in Fahrtrichtung  Ludwigshafen hatte ein Verkehrsteilnehmer gegen 13:33 Uhr einen Besen  verloren, den die Streife von der Fahrbahn beseitigen musste. Gegen  18:28 Uhr wurde ein ungesicherter Pannen-Pkw auf dem  Verz\u00f6gerungsstreifen der AS Neustadt-S\u00fcd an  der A65 in Fahrtrichtung  Karlsruhe gemeldet. Da sich der Fahrer nicht mehr vor Ort befand, musste  der Pkw bis zum Eintreffen eines Abschleppdienstes abgesichert werden. <\/p>\n\n\n\n<h4 class=\"wp-block-heading\">(Edenkoben) &#8211; Radfahrer bei Sturz verletzt<\/h4>\n\n\n\n<p>Am Freitag, 28.06.2019 st\u00fcrzte ein 74-j\u00e4hriger Mann mit seinem Fahrrad  in der Klosterstra\u00dfe in Edenkoben. Der Mann wurde bei dem Sturz verletzt  und wurde zur Behandlung in ein Krankenhaus gebracht. <\/p>\n\n\n\n<p>Rund 80% \nder schweren Hirnverletzungen beim Radfahren k\u00f6nnten sich durch das \nTragen eines Helms vermeiden lassen. Die Polizei empfiehlt daher immer \nmit Fahrradhelm zu fahren. Mehr Informationen zum Thema erhalten Sie \nunter <a target=\"_blank\" href=\"http:\/\/www.ich-trag-helm.de\" rel=\"noreferrer noopener\">www.ich-trag-helm.de<\/a>. <\/p>\n\n\n\n<p>Wir wollen, dass Sie sicher Leben &#8211; ihre Polizei Edenkoben. <\/p>\n\n\n\n<h4 class=\"wp-block-heading\">(Neustadt) &#8211; Betrunken Fahrrad gefahren<\/h4>\n\n\n\n<p>Am fr\u00fchen Morgen des 30.06.2019, fiel einer Streife in  der Ludwigstra\u00dfe, in Neustadt, um 00.40 Uhr, eine junge Radfahrerin  auf, da diese ohne Licht und in starken Schlangenlinien fuhr. Bei der  sich anschlie\u00dfenden Verkehrskontrolle konnte bei der 22-j\u00e4hrigen  Neust\u00e4dterin starker Alkoholgeruch festgestellt werden. Ein  Atemalkoholtest ergab bei der jungen Dame einen Wert von 2,3 Promille.  Dies hatte die Mitnahme zur Dienststelle mit anschlie\u00dfender Blutentnahme  zur Folge. Gegen die junge Frau wurde ein Ermittlungsverfahren wegen  Trunkenheit im Verkehr eingeleitet. <\/p>\n\n\n\n<h4 class=\"wp-block-heading\">(Neustadt) &#8211; Brandstiftung an Personenkraftwagen \/ Zeugenaufruf<\/h4>\n\n\n\n<p>Bislang unbekannte T\u00e4ter setzten am 29.06.2019, um  23.21 Uhr, auf dem Mitfahrerparkplatz im Bereich der BAB 65 Anschlussstelle Neustadt-S\u00fcd, einen hochwertigen Audi A 7 in Brand. Die  Hintergr\u00fcnde der Tat sind zum gegenw\u00e4rtigen Zeitpunkt noch v\u00f6llig  unklar. Die Kriminalpolizei hat die Ermittlungen aufgenommen und wird  zeitnah die Inaugenscheinnahme des Tatobjekts durch einen  Sachverst\u00e4ndigen veranlassen, um dadurch weitere Ermittlungsans\u00e4tze zu  gewinnen. Zur L\u00f6schung des Brandes waren insgesamt 25 Kr\u00e4fte der  umliegenden Feuerwehren im Einsatz. Der entstandene Sachschaden wird  derzeit auf etwa 65.000 EUR gesch\u00e4tzt. Wer sachdienliche Hinweise,  insbesondere zu dem\/den T\u00e4ter\/n geben kann, wird gebeten, sich mit der  Kriminalinspektion Neustadt in Verbindung zu setzen. <\/p>\n\n\n\n<h4 class=\"wp-block-heading\">(Neustadt) &#8211; Verkehrskontrolle<\/h4>\n\n\n\n<p>Am 28.06.2019, zwischen 10.45 Uhr und 11.15 Uhr, wurde in der  Adolf-Kolping-Stra\u00dfe, in Neustadt, H\u00f6he Globus-Baumarkt, eine station\u00e4re  Verkehrskontrolle durchgef\u00fchrt. Innerhalb des kurzen Zeitraums konnten 4  Fahrzeugf\u00fchrer festgestellt werden, nicht angegurtet waren. 2 weitere  Fahrer nutzten verbotswidrig w\u00e4hrend der Fahrt ihr Mobiltelefon. In  einem weiteren Fahrzeug befanden sich 3 Kinder, welche allesamt den  Sicherheitsgurt nicht angelegt hatten. Die betroffenen Fahrzeugf\u00fchrer  wurden verwarnt bzw. der Bu\u00dfgeldstelle gemeldet. Insbesondere der  letztgenannte Verkehrsteilnehmer wurde eindringliche auf seine  Verantwortung gegen\u00fcber der minderj\u00e4hrigen Mitfahrer hingewiesen. <\/p>\n\n\n\n<h4 class=\"wp-block-heading\">(Neustadt) &#8211; Ermittlungserfolg \/ Fahren ohne Fahrerlaubnis und ohne Versicherungsschutz<\/h4>\n\n\n\n<p>Bereits am 23.06.2019, um 20.35 Uhr, sollte ein  Rollerfahrer in der Konrad-Adenauer-Stra\u00dfe, in Neustadt, einer  Verkehrskontrolle unterzogen werden, da der junge Mann ohne Schutzhelm  unterwegs war. Entgegen der Anweisung setzte der Fahrer die Fahrt in  rasanter Weise in Richtung Festwiese fort und fuhr schlie\u00dflich \u00fcber den  Fu\u00dfweg in Richtung Winzinger Stra\u00dfe weiter. Auf der Festwiese wurde die  Verfolgung des Kleinkraftrades aufgrund gefahrenabwehrrechtlicher  Komponeten abgebrochen. Im Nachgang konnte die Identit\u00e4t des Fahrers  durch umfangreiche Recherchema\u00dfnahmen ermittelt werden. Es stellte sich  heraus, dass der Roller zum Tatzeitpunkt von einem 19-j\u00e4hrigen Ha\u00dflocher  gef\u00fchrt wurde, der nicht im Besitz einer g\u00fcltigen Fahrerlaubnis ist. Da  das Fahrzeug zudem letztmalig im Jahr 2016 versichert war, wurde  erg\u00e4nzend ein Ermittlungsverfahren wegen des Fahrens ohne  Versicherungsschutz eingeleitet. Neben den strafrechtlichen Konsequenzen  wird aufgrund gesetzlicher Vorschriften die zust\u00e4ndige  Fahrerlaubnisbeh\u00f6rde \u00fcber die Ereignisse in Kenntnis gesetzt werden, die  in eigener Zust\u00e4ndigkeit Ma\u00dfnahmen nach den einschl\u00e4gigen  Verwaltungsvorschriften pr\u00fcfen wird.<\/p>\n\n\n\n<h4 class=\"wp-block-heading\">(Lachen-Speyerdorf) &#8211; Motorradfahrer schwer gest\u00fcrzt<\/h4>\n\n\n\n<div class=\"wp-block-image\"><figure class=\"aligncenter\"><img decoding=\"async\" loading=\"lazy\" width=\"800\" height=\"450\" src=\"https:\/\/speyer24news.com\/wp-content\/uploads\/2019\/07\/29.06.19-NW-Motorrad-VU.jpg\" alt=\"\" class=\"wp-image-15445\" srcset=\"https:\/\/speyer24news.com\/wp-content\/uploads\/2019\/07\/29.06.19-NW-Motorrad-VU.jpg 800w, https:\/\/speyer24news.com\/wp-content\/uploads\/2019\/07\/29.06.19-NW-Motorrad-VU-300x169.jpg 300w, https:\/\/speyer24news.com\/wp-content\/uploads\/2019\/07\/29.06.19-NW-Motorrad-VU-768x432.jpg 768w, https:\/\/speyer24news.com\/wp-content\/uploads\/2019\/07\/29.06.19-NW-Motorrad-VU-678x381.jpg 678w\" sizes=\"(max-width: 800px) 100vw, 800px\" \/><\/figure><\/div>\n\n\n\n<p>Gl\u00fcck im Ungl\u00fcck hatte am Morgen des 29.06.2019 ein  29-j\u00e4hriger Motorradfahrer aus Neustadt, der um 07.05 Uhr die K 7, vom  Kreisverkehr der Anschlussstelle BAB 65, NW-S\u00fcd, in Richtung Ortseingang  Lachen-Speyerdorf fuhr. In einer leichten Rechtskurve setzte der  Motorradfahrer zum \u00dcberholen eines vor ihm fahrenden Fahrzeugs an.  Hierbei riss der Fahrer eigenen Angaben zufolge zu stark am Gashahn  seines hochmotorisierten Zweirades, wodurch das Vorderrad den Kontakt  zur Stra\u00dfe verlor. Infolgedessen gelang es dem Motorradfahrer nicht  mehr, dem Kurvenverlauf zu folgen, weshalb er nach links von der  Fahrbahn abkam und in den angrenzenden Acker fuhr. Aufgrund der hohen  Geschwindigkeit kam das Motorrad erst nach ca. 100 Metern v\u00f6llig  demoliert zum Liegen. <\/p>\n\n\n\n<div class=\"wp-block-image\"><figure class=\"aligncenter\"><img decoding=\"async\" loading=\"lazy\" width=\"800\" height=\"450\" src=\"https:\/\/speyer24news.com\/wp-content\/uploads\/2019\/07\/29.06.19-NW-Motorrad-VU2.jpg\" alt=\"\" class=\"wp-image-15446\" srcset=\"https:\/\/speyer24news.com\/wp-content\/uploads\/2019\/07\/29.06.19-NW-Motorrad-VU2.jpg 800w, https:\/\/speyer24news.com\/wp-content\/uploads\/2019\/07\/29.06.19-NW-Motorrad-VU2-300x169.jpg 300w, https:\/\/speyer24news.com\/wp-content\/uploads\/2019\/07\/29.06.19-NW-Motorrad-VU2-768x432.jpg 768w, https:\/\/speyer24news.com\/wp-content\/uploads\/2019\/07\/29.06.19-NW-Motorrad-VU2-678x381.jpg 678w\" sizes=\"(max-width: 800px) 100vw, 800px\" \/><\/figure><\/div>\n\n\n\n<p>Abgesehen vom obligatorischen Schutzhelm, trug der  Fahrer selbst, entgegen aller Empfehlungen, keinerlei Schutzkleidung.  In Anbetracht dieser Umst\u00e4nde kam der Fahrer mit einigen Prellungen,  Absch\u00fcrfungen, sowie einer Kopfplatzwunde noch recht glimpflich davon.  Zwecks weiterer Abkl\u00e4rungen und zur \u00dcberwachung wurde er dennoch vom DRK  in ein Krankenhaus gebracht. Bei dem \u00fcberholten Fahrzeug soll es sich  nach Angaben des verunfallten Fahrers um einen wei\u00dfen Kleinbus mit  polnischer Zulassung gehandelt haben. Das Fahrzeug hielt zwar an und die  Insassen k\u00fcmmerten sich bis zum Eintreffen eines weiteren  Verkehrsteilnehmers um den Motorradfahrer, danach setzte das Fahrzeug  jedoch die Fahrt fort, ohne Personalien zu hinterlassen, oder das  Eintreffen der Polizeistreife abgewartet zu haben. Da nicht g\u00e4nzlich  ausgeschlossen werden kann, dass der Kleinbus etwas zum Unfallgeschehen  beigetragen hat, wurde gegen den Fahrer ein Ermittlungsverfahren wegen  des Anfangsverdachts einer Verkehrsunfallflucht eingeleitet. Zeugen, die  Hinwiese bzgl. des wei\u00dfen Kleinbusses bzw. zu dessen Insassen machen  k\u00f6nnen, werden gebeten, sich bei der Polizeiinspektion Neustadt\/Wstr. zu  melden. <\/p>\n\n\n\n<h4 class=\"wp-block-heading\">(Weisenheim am Sand) &#8211; M\u00fcllarbeiter angefahren<\/h4>\n\n\n\n<p>In Weisenheim am Sand, in der Schulstra\u00dfe, wurde am Freitag,  28.06.2019, um 13:22 Uhr, ein 21-J\u00e4hriger aus Landau leicht verletzt. Er  war als Arbeiter mit der M\u00fcllentsorgung an einem M\u00fcllwagen besch\u00e4ftigt,  als ein 72-j\u00e4hriger Pkw-Fahrer aus Ludwigshafen an ihm vorbeifahren  wollte. Hierbei fuhr ihm der 72-J\u00e4hrige \u00fcber den Fu\u00df und gegen die Hand  und verletzte ihn leicht. Der 21-J\u00e4hrige begab sich anschlie\u00dfend in  \u00e4rztliche Behandlung und war nicht mehr arbeitsf\u00e4hig. Am Pkw entstand  bei dem Unfall augenscheinlich kein Schaden. <\/p>\n\n\n\n<h4 class=\"wp-block-heading\">(Bad D\u00fcrkheim) &#8211; Alleinunfall unter Alkoholeinfluss mit Fahrrad<\/h4>\n\n\n\n<p>Am Sonntag, den 30.06.2019 gegen 03:10 Uhr befuhr ein 18-j\u00e4hriger aus  Bad D\u00fcrkheim mit seinem Fahrrad einen asphaltierten Feldweg zwischen Bad  D\u00fcrkheim und Ungstein. Beim \u00dcberfahren einer Bodenwelle st\u00fcrzte er ohne  Fremdeinwirkung zu Boden und verletzte sich leicht. Ein freiwillig  durchgef\u00fchrter Atemalkoholtest bei dem Radfahrer ergab einen Wert von  1,25 Promille. Der Mann wurde ins Krankenhaus Bad D\u00fcrkheim verbracht, wo  ihm unter anderem eine Blutprobe entnommen wurde. Ihn erwartet eine  Strafanzeige. <\/p>\n\n\n\n<h4 class=\"wp-block-heading\">(Bad D\u00fcrkheim) &#8211; Unter Drogeneinfluss mit dem Auto unterwegs<\/h4>\n\n\n\n<p>Am Samstag, den 29.06.2019 um 23:05 Uhr wurde auf der Weinstra\u00dfe Nord  in Bad D\u00fcrkheim ein 3er BMW einer allgemeinen Verkehrskontrolle  unterzogen. Im Rahmen der Kontrolle konnten bei dem 18-j\u00e4hrigen Fahrer  aus Bad D\u00fcrkheim drogentypische Auffallerscheinungen festgestellt  werden. Dem Mann wurde eine Blutprobe entnommen. F\u00fchrerschein und  Fahrzeugschl\u00fcssel wurden sichergestellt. <\/p>\n\n\n\n<h4 class=\"wp-block-heading\">(Bad D\u00fcrkheim) &#8211; Betrunkene Autofahrerin auf der B 271<\/h4>\n\n\n\n<p>Am Samstag, 29.06.2019, um 01:35 Uhr, wurde eine 20-J\u00e4hrige aus Worms  mit ihrem Pkw Land Rover, auf der B 271 im Bereich der Abfahrt zur  Mannheimer Stra\u00dfe von der Polizei kontrolliert. Zuvor hatten andere  Verkehrsteilnehmer mitgeteilt, dass der Pkw auf der B 271 quer gestanden  habe, es nur durch gl\u00fcckliche Umst\u00e4nde und rechtzeitige Reaktionen  anderer Pkw-Fahrer nicht zu einem Unfall gekommen und der Pkw  anschlie\u00dfend in Schlangenlinien weitergefahren sei. Bei der Kontrolle  ergab ein Atemalkoholtest bei der jungen Frau einen Wert von 1,63  Promille. Ihr musste deshalb eine Blutprobe entnommen werden, ihr  F\u00fchrerschein wurde sichergestellt. Ein Strafverfahren wegen Gef\u00e4hrdung  des Stra\u00dfenverkehrs wurde eingeleitet. <\/p>\n\n\n\n<h4 class=\"wp-block-heading\">(Gr\u00fcnstadt) &#8211; Fahrt unter Alkoholeinfluss<\/h4>\n\n\n\n<p>In der Nacht zum Sonntag wurde durch Verkehrsteilnehmer ein PKW auf der  Landstra\u00dfe in Richtung Tiefenthal gemeldet, der ohne Licht und in  unsicherer Fahrweise unterwegs sei. Die Beamten der Polizei Gr\u00fcnstadt  konnten den PKW antreffen und einer Verkehrskontrolle unterziehen.  Hierbei fiel bei dem 37-j\u00e4hrigen Fahrer aus dem Kreis Kirchheimbolanden  Alkoholgeruch in der Atemluft auf. Ein entsprechender Atemalkoholtest  best\u00e4tigte den Verdacht der Trunkenheitsfahrt. Den Fahrer erwartet ein  Bu\u00dfgeldverfahren und Fahrverbot. <\/p>\n\n\n\n<h4 class=\"wp-block-heading\">(Gr\u00fcnstadt) &#8211; Verdacht auf Drogen am Steuer<\/h4>\n\n\n\n<p>Im Rahmen einer allgemeinen Verkehrskontrolle am sp\u00e4ten Samstag Abend  in Dirmstein wurden bei einem 31-j\u00e4hrigen Ludwigshafener Anzeichen auf  m\u00f6glichen Drogeneinfluss festgestellt. Nachdem ein Drogenvortest durch  den Fahrer zuerst nicht durchgef\u00fchrt werden konnte, und sp\u00e4ter  T\u00e4uschungsversuche bei erneuten weiteren Tests auffielen, wurde eine  Blutprobe entnommen. Sollte sich der Verdacht auf Drogenbeeinflussung  best\u00e4tigen, erwartet den Fahrer ein Straf- und Bu\u00dfgeldverfahren sowie  ein Fahrverbot. <\/p>\n\n\n\n<h4 class=\"wp-block-heading\">(Ruchheim) &#8211; Verkehrsunsicheres Sattelzuggespann aus dem Verkehr gezogen<\/h4>\n\n\n\n<div class=\"wp-block-image\"><figure class=\"aligncenter\"><img decoding=\"async\" loading=\"lazy\" width=\"800\" height=\"533\" src=\"https:\/\/speyer24news.com\/wp-content\/uploads\/2019\/07\/26.06.19-Ruchheim-defekter-LKW3.jpg\" alt=\"\" class=\"wp-image-15448\" srcset=\"https:\/\/speyer24news.com\/wp-content\/uploads\/2019\/07\/26.06.19-Ruchheim-defekter-LKW3.jpg 800w, https:\/\/speyer24news.com\/wp-content\/uploads\/2019\/07\/26.06.19-Ruchheim-defekter-LKW3-300x200.jpg 300w, https:\/\/speyer24news.com\/wp-content\/uploads\/2019\/07\/26.06.19-Ruchheim-defekter-LKW3-768x512.jpg 768w\" sizes=\"(max-width: 800px) 100vw, 800px\" \/><\/figure><\/div>\n\n\n\n<p>Am 26.06.2019 wurde auf dem Gel\u00e4nde der Tank- und Rastanlage  Dannstadt-West an der Bundesautobahn 61 ein Sattelzuggespann durch die  Beamten der Polizeiautobahnstation Ruchheim einer allgemeinen  Verkehrskontrolle unterzogen. Bereits zu Beginn der Kontrolle war ein  deutlicher Mangel zu erkennen. <\/p>\n\n\n\n<div class=\"wp-block-image\"><figure class=\"aligncenter\"><img decoding=\"async\" loading=\"lazy\" width=\"800\" height=\"533\" src=\"https:\/\/speyer24news.com\/wp-content\/uploads\/2019\/07\/26.06.19-Ruchheim-defekter-LKW4.jpg\" alt=\"\" class=\"wp-image-15447\" srcset=\"https:\/\/speyer24news.com\/wp-content\/uploads\/2019\/07\/26.06.19-Ruchheim-defekter-LKW4.jpg 800w, https:\/\/speyer24news.com\/wp-content\/uploads\/2019\/07\/26.06.19-Ruchheim-defekter-LKW4-300x200.jpg 300w, https:\/\/speyer24news.com\/wp-content\/uploads\/2019\/07\/26.06.19-Ruchheim-defekter-LKW4-768x512.jpg 768w\" sizes=\"(max-width: 800px) 100vw, 800px\" \/><\/figure><\/div>\n\n\n\n<p>Da die Sattelzugmaschine zwei Tage zuvor  an einem Verkehrsunfall beteiligt gewesen ist, lag eine Besch\u00e4digung im  Bereich der Frontsch\u00fcrze vor. Bei genauerer Nachschau konnte  festgestellt werden, dass diese komplett von den Verschraubungen mit der  Fahrzeugkarosserie abgebrochen war und lediglich mittels  handels\u00fcblichen Kabelbindern am Fahrzeug befestigt wurde.  <\/p>\n\n\n\n<div class=\"wp-block-image\"><figure class=\"aligncenter\"><img decoding=\"async\" loading=\"lazy\" width=\"800\" height=\"533\" src=\"https:\/\/speyer24news.com\/wp-content\/uploads\/2019\/07\/26.06.19-Ruchheim-defekter-LKW.jpg\" alt=\"\" class=\"wp-image-15449\" srcset=\"https:\/\/speyer24news.com\/wp-content\/uploads\/2019\/07\/26.06.19-Ruchheim-defekter-LKW.jpg 800w, https:\/\/speyer24news.com\/wp-content\/uploads\/2019\/07\/26.06.19-Ruchheim-defekter-LKW-300x200.jpg 300w, https:\/\/speyer24news.com\/wp-content\/uploads\/2019\/07\/26.06.19-Ruchheim-defekter-LKW-768x512.jpg 768w\" sizes=\"(max-width: 800px) 100vw, 800px\" \/><\/figure><\/div>\n\n\n\n<p>Beleuchtungselemente fehlten teilweise komplett und\/oder waren ohne  Funktion. Bei der weiteren \u00dcberpr\u00fcfung wurde ebenfalls festgestellt,  dass ein Reifen an dem Sattelanh\u00e4nger deutlich unter der  Mindestprofiltiefe von 1,6 Millimeter lag. Das Fahrzeug wurde durch die  vorgenommene Pr\u00fcfung als verkehrsunsicher eingestuft. <\/p>\n\n\n\n<div class=\"wp-block-image\"><figure class=\"aligncenter\"><img decoding=\"async\" loading=\"lazy\" width=\"800\" height=\"533\" src=\"https:\/\/speyer24news.com\/wp-content\/uploads\/2019\/07\/26.06.19-Ruchheim-defekter-LKW6.jpg\" alt=\"\" class=\"wp-image-15450\" srcset=\"https:\/\/speyer24news.com\/wp-content\/uploads\/2019\/07\/26.06.19-Ruchheim-defekter-LKW6.jpg 800w, https:\/\/speyer24news.com\/wp-content\/uploads\/2019\/07\/26.06.19-Ruchheim-defekter-LKW6-300x200.jpg 300w, https:\/\/speyer24news.com\/wp-content\/uploads\/2019\/07\/26.06.19-Ruchheim-defekter-LKW6-768x512.jpg 768w\" sizes=\"(max-width: 800px) 100vw, 800px\" \/><\/figure><\/div>\n\n\n\n<p>Die Weiterfahrt  wurde untersagt. Ein Ordnungswidrigkeitenverfahren wurde eingeleitet und  eine Sicherheitsleistung i.H.v. 500EUR erhoben. Leider sind bei den  Kontrollen von Lastkraftwagen immer wieder die gleichen Muster zu  erkennen: Die Fahrzeuge befinden sich in einem technisch desolaten  Zustand, die Ladung wurde nicht verkehrssicher verladen oder die Fahrer  stehen unter dem Einfluss von Alkohol oder Bet\u00e4ubungsmitteln. Aus  Kostengr\u00fcnden werden hier Risiken und Gefahren billigend in Kauf  genommen und dies gilt nicht nur f\u00fcr andere Verkehrsteilnehmer, sondern  auch f\u00fcr den Fahrer des Fahrzeuges selbst. Die Polizei wird daher  weiterhin konsequent solche &#8222;tickenden Zeitbomben&#8220; aus dem Verkehr  ziehen. <\/p>\n\n\n\n<h4 class=\"wp-block-heading\">(Frankenthal) &#8211; Trunkenheit im Verkehr<\/h4>\n\n\n\n<p>Ein Zeuge meldete am 30.06.2019, um 01:38 Uhr, einen silberfarbenen 3er  BMW auf dem Jakobsplatz in Frankenthal, welcher Donuts dreht. Die  eingesetzten Beamten k\u00f6nnen an genannter \u00d6rtlichkeit den PKW  feststellen, welcher unverschlossen und mit hei\u00dfen Reifen in einer  Parkl\u00fccke steht. Bei Ankunft der Beamten fl\u00fcchtet eine m\u00e4nnliche Person  durch die ehemalige Einkaufspassage und kann nicht verfolgt werden. Der  Halter des PKW, ein 25-j\u00e4hriger Frankenthaler, kann an seiner  Wohnanschrift angetroffen werden. Ein Atemalkoholtest reagierte positiv,  weshalb der junge Mann zwecks Blutprobe auf hiesige Polizeiinspektion  verbracht wird. Die vom Zeugen get\u00e4tigte Personenbeschreibung passt auf  den 25-j\u00e4hrigen, dieser streitet die Tat ab. Die Fahrerlaubnis des  Fahrers wurde sichergestellt <\/p>\n\n\n\n<h4 class=\"wp-block-heading\">(Frankenthal) &#8211; Verkehrsunfall unter Alkoholeinfluss<\/h4>\n\n\n\n<p>Am 29.06.2019, um 22:52 Uhr, bef\u00e4hrt ein 26-j\u00e4hriger Wormser die  Elisabethstra\u00dfe. Um drei Fahrradfahrern das \u00dcberqueren der Stra\u00dfe zu  gew\u00e4hrleisten, bremst der Wormser seinen PKW ab, der nachfolgende  Unfallbeteiligte 39-j\u00e4hrige kann bremsen und hinter dem Wormser halten,  der dritte nachfolgende 40-j\u00e4hrige Frankenthaler reagiert versp\u00e4tet und  f\u00e4hrt dem 39-j\u00e4hrigen auf, welcher auf den zu forderst Fahrenden  aufgeschoben wird. Im Rahmen der Unfallaufnahme konnte Alkoholgeruch  beim zuletzt Fahrenden festgestellt werden, weshalb eine Blutprobe  entnommen wurde. Durch den Aufprall wurden der 40-j\u00e4hrige Frankenthaler  und dessen Beifahrer leicht verletzt, es entstand Sachschaden an allen  Fahrzeugen. <\/p>\n\n\n\n<p>Der Einfluss von Alkohol oder anderen berauschenden \nMitteln stellt eine Hauptun-fallursache dar. Wer berauscht f\u00e4hrt, \ngef\u00e4hrdet nicht nur sich, sondern auch Andere. Gegen den unter \nAlkoholeinfluss stehenden Unfallverursacher wurde ein \nErmittlungsverfahren wegen des Verdachtes der Stra\u00dfenverkehrsgef\u00e4hrdung \neingeleitet. Der F\u00fchrerschein wurde sichergestellt und gegen ihn kann \neine Freiheitsstrafe bis zu f\u00fcnf Jahren oder eine Geldstrafe verh\u00e4ngt \nwerden. <\/p>\n\n\n\n<h4 class=\"wp-block-heading\">(Frankenthal) &#8211; Verkehrsunfallflucht mit verletzter Person<\/h4>\n\n\n\n<p>Am 29.06.2019, gegen 12:15 Uhr, passiert die 14-j\u00e4hrige gesch\u00e4digte  Radfahrerin bei Gr\u00fcnlicht die Kreuzung M\u00f6rscher Stra\u00dfe Ecke Ostring. Im  gleichen Moment biegt der unfallbeteiligte PKW Fahrer in die M\u00f6rscher  Stra\u00dfe ein und touchiert den Hinterreifen des Fahrrads, sodass die  14-j\u00e4hrige st\u00fcrzt und sich schwer verletzt. Anstelle zu Halten und erste  Hilfe zu leisten beschleunigt der PKW Fahrer und entfernt sich  unerlaubt vom Unfallort. Bei dem PKW soll es sich um einen silbernen  Kleinwagen handeln. Die Polizei weist darauf hin, dass Unerlaubtes  Entfernen vom Unfallort kein Kavaliersdelikt ist! Der fl\u00fcchtige Fahrer  muss mit einer Geld- oder Freiheitsstrafe bis zu 3 Jahren und evtl. mit  einem F\u00fchrerscheinentzug rechnen. Au\u00dferdem kann der Fl\u00fcchtige den  Kaskoschutz seiner Kfz-Versicherung verlieren und von seiner  Versicherung an der Begleichung des Fremdschadens beteiligt werden. Die  Polizei r\u00e4t deshalb jeden Unfall zu melden. <\/p>\n\n\n\n<p>Wir wollen, dass Sie sicher Leben &#8211; ihre Polizei Frankenthal. <\/p>\n\n\n\n<h4 class=\"wp-block-heading\">(Frankenthal) &#8211; Verkehrsunfallflucht<\/h4>\n\n\n\n<p>Am 28.06.2019, gegen 14:15 Uhr bef\u00e4hrt ein 24-j\u00e4hriger Ludwigshafener  mit seinem Audi A5 die Mahlastra\u00dfe in Frankenthal. An der Einm\u00fcndung zur  Hanns-Fay-Stra\u00dfe muss der 24-J\u00e4hrige aufgrund der dortigen  Fu\u00dfg\u00e4ngerampel anhalten. Ein VW-Golf Fahrer, welcher sich unmittelbar  dahinter befindet, f\u00e4hrt dem Audi-Fahrer auf. An der Sto\u00dfstange kann der  Gesch\u00e4digte leichte Kratzer feststellen. Der Beschuldigte fl\u00fcchtet  unerlaubt von der Unfallstelle. Der Schaden bel\u00e4uft sich auf ca. 500EUR <\/p>\n\n\n\n<p>Die\n Polizei weist darauf hin, dass Unerlaubtes Entfernen vom Unfallort kein\n Kavaliersdelikt ist! Der fl\u00fcchtige Fahrer muss mit einer Geld- oder \nFreiheitsstrafe bis zu 3 Jahren und evtl. mit einem F\u00fchrerscheinentzug \nrechnen. Au\u00dferdem kann der Fl\u00fcchtige den Kaskoschutz seiner \nKfz-Versicherung verlieren und von seiner Versicherung an der \nBegleichung des Fremdschadens beteiligt werden. Die Polizei r\u00e4t deshalb \njeden Unfall zu melden. <\/p>\n\n\n\n<p>Wir wollen, dass Sie sicher Leben &#8211; ihre Polizei Frankenthal. <\/p>\n\n\n\n<p>Wer\n sachdienliche Hinweise zu dem genannten Fall geben kann, wird gebeten \nsich mit der Polizeiinspektion Frankenthal unter der Rufnummer \n06233\/313-0 oder der Polizeiwache Maxdorf unter der Rufnummer \n06237\/934-1100 in Verbindung zu setzen. Hinweise k\u00f6nnen auch per E-Mail \nunter <a href=\"mailto:pifrankenthal@polizei.rlp.de\">pifrankenthal@polizei.rlp.de<\/a> an die Polizei \u00fcbermittelt werden. <\/p>\n\n\n\n<h4 class=\"wp-block-heading\">(Frankenthal) &#8211; Diebstahl<\/h4>\n\n\n\n<p>Am 28.06.2019 gegen 10:30 Uhr legt eine 39-j\u00e4hrige Frankenthalerin ihre  Sporttasche in einen Einkaufswagen und betritt damit den Supermarkt in  der Schraderstra\u00dfe in Frankenthal. In einem unbeaufsichtigten Moment,  entwendet ein bisher unbekannter T\u00e4ter den Geldbeutel der Frau, welcher  sich in der Sporttasche befindet. Die Gesch\u00e4digte kann eine verd\u00e4chtige  m\u00e4nnliche Person mit schwarzen Haaren, s\u00fcdl\u00e4ndischem Erscheinungsbild  und dunklem Teint feststellen. Au\u00dferdem soll der Mann ca. 38-40 Jahre  alt sein. Der Schaden bel\u00e4uft sich auf ca. 200EUR. <\/p>\n\n\n\n<p>Die Polizei r\u00e4t: Lassen Sie Ihre Wertsachen nie unbeaufsichtigt! Weitere Tipps erhalten Sie unter <a target=\"_blank\" href=\"http:\/\/www.polizei-beratung.de\" rel=\"noreferrer noopener\">www.polizei-beratung.de<\/a>. <\/p>\n\n\n\n<p>Wir wollen, dass Sie sicher Leben &#8211; ihre Polizei Frankenthal. <\/p>\n\n\n\n<p>Wer\n sachdienliche Hinweise zu dem genannten Fall geben kann, wird gebeten \nsich mit der Polizeiinspektion Frankenthal unter der Rufnummer \n06233\/313-0 oder der Polizeiwache Maxdorf unter der Rufnummer \n06237\/934-1100 in Verbindung zu setzen. Hinweise k\u00f6nnen auch per E-Mail \nunter <a href=\"mailto:pifrankenthal@polizei.rlp.de\">pifrankenthal@polizei.rlp.de<\/a> an die Polizei \u00fcbermittelt werden. <\/p>\n\n\n\n<h4 class=\"wp-block-heading\">(Frankenthal) &#8211; Einbruchsdiebstahl<\/h4>\n\n\n\n<p>In der Zeit vom 27.06.2019, 17:00 Uhr bis 28.06.2019, 07:00 Uhr hebelt  ein bisher unbekannter T\u00e4ter eine Eingangst\u00fcr im r\u00fcckwertigen Bereich  der Kindertagesst\u00e4tte am Strandbad in Frankenthal auf. S\u00e4mtliche  R\u00e4umlichkeiten werden durch den T\u00e4ter betreten. Die dortigen Schr\u00e4nke  werden gewaltsam ge\u00f6ffnet und durchw\u00fchlt. Der Schaden an den T\u00fcren  betr\u00e4gt ca. 1000EUR. Der T\u00e4ter erbeutet Bargeld in bisher unbekannter  H\u00f6he. <\/p>\n\n\n\n<h4 class=\"wp-block-heading\">(Ludwigshafen-S\u00fcd) &#8211; Sachbesch\u00e4digung an mehreren PKWs<\/h4>\n\n\n\n<p>Am Sonntagmorgen, gegen 04:00h randalierten drei junge M\u00e4nner im Alter  von 17 bis 23 Jahren in der Halbergstra\u00dfe und traten gegen Fahrzeuge.  Dank einer aufmerksamen Zeugin konnten die drei Ludwigshafener durch die  Polizei festgestellt und einer Kontrolle unterzogen werden. Bisher  wurden an zwei Fahrzeugen abgerissene Au\u00dfenspiegel festgestellt, weshalb  die Drei ein Strafverfahren wegen Sachbesch\u00e4digungen erwartet. Zeugen  der Tat sowie weitere Gesch\u00e4digte werden gebeten sich mit der  Polizeiinspektion Ludwigshafen 1 per Telefon 0621\/963-2122 bzw. per  Email an <a href=\"mailto:piludwigshafen1@polizei.rlp.de\">piludwigshafen1@polizei.rlp.de<\/a> in Verbindung zu setzen. <\/p>\n\n\n\n<h4 class=\"wp-block-heading\">(Ludwigshafen) &#8211; Wohnungsbrand in einem Mehrfamilienhaus<\/h4>\n\n\n\n<p>Am 28.06.2019, gegen 12.55 Uhr, kam es in der Burgundenstra\u00dfe in  Ludwigshafen am Rhein zu einem Brand in einem Mehrparteienhaus. Der  Brand brach in einer Wohnung im 2. Obergeschoss aus. Alle Bewohner  konnten durch die Feuerwehr aus dem Anwesen evakuiert werden. Sechs der  im Objekt gemeldeten Personen wurden aufgrund einer Rauchgasintoxikation  in die umliegenden Krankenh\u00e4user verbracht. Der Geb\u00e4udeschaden in der  Brandwohnung wird auf etwa 20.000 Euro gesch\u00e4tzt. Den ersten  Ermittlungen zur Folge k\u00f6nnte angebranntes Essen urs\u00e4chlich f\u00fcr den  Brand gewesen sein. Die Ermittlungen dauern an. <\/p>\n\n\n\n<h4 class=\"wp-block-heading\">(Ludwigshafen) &#8211; Einsatzbilanz Stadtfest Ludwigshafen  (Samstag, 29.06.2019)<\/h4>\n\n\n\n<p>Bei strahlendem Sonnenschein \u00fcber Tag und hohem Besucheraufkommen am  Abend nahm auch der zweite Tag des 27. Ludwigshafener Stadtfestes aus  Sicht der Polizei Ludwigshafen einen sehr friedlichen Verlauf. Neben  insgesamt drei K\u00f6rperverletzungsdelikten und einem Versto\u00df gegen das  Bet\u00e4ubungsmittelgesetz wurden durch die Polizei zwei Personen in  Gewahrsam genommen. Einer Person wurde der Aufenthalt f\u00fcr den  Stadtfestsamstag g\u00e4nzlich untersagt. <\/p>\n\n\n\n<p>Der Stadtlauf am Nachmittag verlief st\u00f6rungsfrei und ohne jegliche Vorkommnisse. <\/p>\n\n\n\n<p>Nach\n Sch\u00e4tzungen des Veranstalters besuchten insgesamt ca. 13.000 Personen \ndie Konzerte auf der Hauptb\u00fchne, viele weitere statteten den \nmusikalischen Akteuren der weiteren Schaupl\u00e4tze im Innenstadtbereich \neinen Besuch ab. <\/p>\n\n\n\n<p>Bei der Abreise kam es zu Verkehrsproblemen bei  der Ausfahrt aus dem Parkhaus Walzm\u00fchlcenter, so dass mit  Verkehrsreglungsma\u00dfnahmen reagiert werden musste. Urs\u00e4chlich f\u00fcr diese  Stausituation war ein Verkehrsunfall mit Vollsperrung der  Kurt-Schumacher-Br\u00fccke auf der anderen Rheinseite. <\/p>\n\n\n\n<h4 class=\"wp-block-heading\">(Ludwigshafen-Gartenstadt) &#8211; Verbotenes PKW-Rennen auf der Bruchwiesenstra\u00dfe<\/h4>\n\n\n\n<p>Durch einen Autofahrer wurde beobachtet wie zwei hochwertige,  dunkelfarbene PKWs der Marke Audi und BMW am Samstagabend gegen ca.  21.13 Uhr ein nicht erlaubtes Rennen fuhren. Die Fahrzeuge waren hierbei  auf der Bruchwiesenstra\u00dfe in Richtung Maudacher Stra\u00dfe unterwegs. An  der Kreuzung Raschigstra\u00dfe hielten die Fahrzeuge aufgrund der roten  Ampel nebeneinander. Als die Ampel auf Gr\u00fcn wechselte z\u00e4hlte einer der  Fahrer mit seiner Hand herunter und die beiden Fahrzeuge beschleunigten  stark und fuhren mit \u00fcberh\u00f6hter Geschwindigkeit los. W\u00e4hrend der Audi  dann nach links auf den Sch\u00e4nzeldamm abbog, fuhr der BMW auf der  Bruchwiesenstra\u00dfe weiter. Zuvor \u00fcberholten die beiden Fahrzeuge den  Zeugen mit seinem PKW unerlaubterweise rechts. Der Audi solle ein  Ludwigshafener Kennzeichen gehabt haben, der BMW hatte eine Mannheimer  Zulassung. Ein Strafverfahren wegen dem Abhalten eines verbotenen  Kraftfahrzeugrennens wurde eingeleitet. <\/p>\n\n\n\n<p>Zeugen werden gebeten sich mit der Polizeiinspektion 1 unter der Telefonnummer 0621 963-2122 bzw. per Email <a href=\"mailto:piludwigshafen1@polizei.rlp.de\">piludwigshafen1@polizei.rlp.de<\/a> in Verbindung zu setzen. <\/p>\n\n\n\n<h4 class=\"wp-block-heading\">(Ludwigshafen) &#8211; Brand eines Werkstattschuppens<\/h4>\n\n\n\n<p>In der Nacht des 29.06.2019 gegen 02:18 Uhr stellten Bewohner des \nWohnhauses in der Ludwigshafener B\u00fcrgermeister-Trupp-Stra\u00dfe, in dem \nsich auch eine Gastst\u00e4tte befindet, den Brand in einem angebauten \nSchuppen fest.\nDie Bewohner verst\u00e4ndigten die Feuerwehr und konnten das Geb\u00e4ude \nunverletzt verlassen.\nDer Schuppen, in dem unter anderem auch ein K\u00fchlschrank aufgestellt \nwar, brannte vollst\u00e4ndig nieder. Durch die Flammen wurden auch ein \nTeil des Wohnhauses sowie eine \u00dcberdachung in Mitleidenschaft \ngezogen.\nDie Brandursache ist bislang noch nicht bekannt. Hinweise auf \nBrandstiftung ergaben sich jedoch nicht. <\/p>\n\n\n\n<h4 class=\"wp-block-heading\">(Ludwigshafen-Friesenheim) &#8211; SEK-Einsatz nach Messerattacke auf Ehefrau<\/h4>\n\n\n\n<div class=\"wp-block-image\"><figure class=\"aligncenter\"><img decoding=\"async\" src=\"https:\/\/speyer24news.com\/wp-content\/uploads\/2019\/07\/Taser-PI-LU.jpg\" alt=\"\" class=\"wp-image-15451\"\/><\/figure><\/div>\n\n\n\n<p>Am Morgen des 29.06.19, gegen 01:00h musste ein Spezialeinsatzkommando  der Polizei in die Weiherhofstra\u00dfe in Friesenheim ausr\u00fccken, um einen  bewaffneten Ehemann festzunehmen. <\/p>\n\n\n\n<p>Der mit einem Messer bewaffnete\n 41-j\u00e4hrige Ehemann hatte zuvor seine 52-j\u00e4hrige Ehefrau durch mehrere \nSchnitte schwer verletzt. Unter Einsatz des Taser`s konnte der Mann im \nHaus festgenommen werden. Er blieb dabei unverletzt. Da er unter dem \nEinfluss von Alkohol und Bet\u00e4ubungsmittel stand wurde ihm eine Blutprobe\n entnommen. <\/p>\n\n\n\n<p>F\u00fcr die Ehefrau bestand keine Lebensgefahr, sie wurde durch den Rettungsdienst in ein Krankenhaus eingeliefert. <\/p>\n\n\n\n<h4 class=\"wp-block-heading\">(Ludwigshafen) &#8211; Einsatzbilanz Stadtfest Ludwigshafen (Freitag, 28.06.2019)<\/h4>\n\n\n\n<p>Einige wenige K\u00f6rperverletzungsdelikte verzeichnete die Polizei am  ersten Tag des 27. Ludwigshafener Stadtfestes und bilanziert damit eine  sehr ruhige Veranstaltung. 7 Personen mussten Platzverweise erteilt,  zwei Besucher in Gewahrsam genommen werden. Nach Sch\u00e4tzungen von Polizei  und Veranstalter LuKom verfolgten alleine etwa 7000 Zuh\u00f6rer die  Darbietungen an der Hauptb\u00fchne auf dem Berliner Platz, zahlreiche  weitere nahmen die Angebote auf der Festmeile und auf den anderen B\u00fchnen  wahr. <\/p>\n\n\n\n<p>Zeugenaufruf Gegen 00.20 Uhr ereignete sich in der  Kaiser-Wilhelm-Stra\u00dfe, Kreuzung Bismarckstra\u00dfe ein Diebstahl aus einem  Kleinwagen. Sachdienliche Hinweise nimmt die Polizeiinspektion  Ludwigshafen 1 entgegen. <\/p>\n\n\n\n<h4 class=\"wp-block-heading\">(Mannheim) &#8211; 32-J\u00e4hriger f\u00e4hrt Sportwagen zu Schrott<br>Zeugen gesucht!<\/h4>\n\n\n\n<p>Am Samstagabend, gegen 22.30 Uhr, befuhr ein 32-J\u00e4hriger Fahrer mit  seinem  schwarzen Nissan GT-R die Kurt-Schumacher Br\u00fccke in Richtung  Mannheim. Hierbei \u00fcberforderte der \u00fcber 500-PS starke Sportwagen  offensichtlich die fahrerischen F\u00e4higkeiten. In der leichten Rechtskurve  streifte der Fahrer zun\u00e4chst den Bordstein und geriet anschlie\u00dfend ins  Schleudern. Danach prallte er gegen die seitlichen Fahrbahnbegrenzungen  aus Beton, bevor er nach rund 170 Meter mit dem v\u00f6llig demolierten Pkw  zum Stillstand kam. Der Fahrer sowie sein Beifahrer blieben unverletzt.  Das Spurenbild l\u00e4sst auf eine deutlich \u00fcberh\u00f6hte Geschwindigkeit als  Unfallursache schlie\u00dfen. Zeugen wollen zum Unfallzeitpunkt ein wei\u00dfer  Pkw beobachtet haben, der ebenfalls mit hoher Geschwindigkeit in  Richtung Mannheim gefahren sein soll. Zeugen, die Hinweise zur Fahrweise  des schwarzen Nissan GT-R, sowie zu dem wei\u00dfen Fahrzeug machen k\u00f6nnen,  werden gebeten, sich beim Polizeirevier Mannheim-Innenstadt zu melden,  Tel. 0621 &#8211; 12580. Die Kurt-Schumacher Br\u00fccke war in Fahrtrichtung  Mannheim bis 02.00 Uhr gesperrt. <\/p>\n\n\n\n<h4 class=\"wp-block-heading\">(Mannheim) &#8211; R\u00fccksichtslose Go-Kart Fahrer in den Quadraten \/ Zeugen gesucht!<\/h4>\n\n\n\n<p>Nicht auf dem Hockenheimring, sondern auf dem Kaiserring in Mannheim  wurden am Samstagabend, gegen 20.45 Uhr, drei r\u00fccksichtslose Go-Kart  Fahrer beobachtet. Zun\u00e4chst fielen sie in der Bismarckstra\u00dfe auf, als  sie vom Schloss kommend in Richtung Wasserturm fuhren und sich an  keinerlei Verkehrsregeln hielten. Sie benutzten den Radweg, um sich  gegenseitig und andere Verkehrsteilnehmer zu \u00fcberholen. An der Kreuzung  Kaiserring hielten sie kurz an, bevor sie mit einem Kavalierstart wieder  losfuhren und sp\u00e4ter vermutlich in den Friedrichsring abbogen. Das  Polizeirevier  Mannheim-Oststadt und die Spezialisten der  Verkehrs\u00fcberwachung haben die Ermittlungen aufgenommen. Zeugen, die  Hinweise zur Fahrweise, bzw. den Fahrern machen k\u00f6nnen, werden gebeten  sich unter 0621\/174-3010 zu melden. <\/p>\n\n\n\n<h4 class=\"wp-block-heading\">(Mannheim-Neckarstadt) &#8211; Familienstreit im Herzogenriedbad mit 5 Verletzten<\/h4>\n\n\n\n<p>Am Samstagnachmittag kam es im Herzogenriedbad zu einem Angriff mit  Pfefferspray, wobei f\u00fcnf Personen (darunter zwei Kinder) leicht verletzt  wurden. Vorausgegangen waren wohl Ehestreitigkeiten zwischen dem  38-J\u00e4hrigen T\u00e4ter und seiner Frau. Die Ehefrau befand sich mit  Verwandten und deren Kindern im Herzogenriedbad, als der Ehemann  pl\u00f6tzlich das Schwimmbad betrat, auf die Personengruppe zuging und  unvermittelt Pfefferspray in Richtung der Br\u00fcder der Ehefrau spr\u00fchte. Es  kam zu einem lautstarken Wortgefecht, woraufhin der T\u00e4ter das Bad in  unbekannte Richtung verlie\u00df. Die Br\u00fcder sowie die beiden  danebenstehenden Kinder wurden durch den Pfefferangriff leicht verletzt  und durch die DLRG des Herzogenriedbads erstversorgt. Dem Ehemann droht  nun eine Anzeige wegen gef\u00e4hrlicher K\u00f6rperverletzung. Die Ermittluingen  werden durch das Polizeirevier Mannheim-Neckarstadt gef\u00fchrt. <\/p>\n\n\n\n<h4 class=\"wp-block-heading\">(Mannheim-Lindenhof) &#8211; Einbruch in Lindenhofkiosk \/ T\u00e4terfestnahme<\/h4>\n\n\n\n<p>Zwei T\u00e4ter brachen am 30.06.2019 gegen 02.30 Uhr den Leergutlagerraum  des Lindenhofkiosks auf und wurden hierbei durch einen Zeugen  beobachtet, welcher die Polizei \u00fcber Notruf verst\u00e4ndigte. Ein 41j\u00e4hriger  T\u00e4ter konnte durch eine Polizeistreife festgenommen werden, seinem  Komplizen gelang die Flucht. Die M\u00e4nner haben versucht, drei leere  Bierkisten und einen Sack mit Leergut im Wert von ca. 60 Euro, zu  stehlen. Hierf\u00fcr haben sie ein Gitter gewaltsam zur Seite gebogen und  eine Metallt\u00fcr aufgehebelt. Sie wollten vermutlich auch in den Kiosk  eindringen und hatten sich schon an dem Rolladen zu schaffen gemacht,  als sie vermutlich auf den Zeugen aufmerksam wurden und anschlie\u00dfen  lediglich mit dem Leergut als Beute die Flucht antraten. Der  festgenommene T\u00e4ter muss sich nun wegen besonders schwerem Fall des  Diebstahls verantworten. Die Ermittlungen nach der Identit\u00e4t seines  Komplizen werden beim Polizeirevier Neckarau gef\u00fchrt. <\/p>\n\n\n\n<h4 class=\"wp-block-heading\">(Mannheim-Waldhof) &#8211; Gegen geparktes Auto gefahren und dann abgehauen; Zeugenaufruf<\/h4>\n\n\n\n<p>Ein Verkehrsunfall mit anschlie\u00dfender Unfallflucht ereignete sich von Donnerstag auf Freitag. <\/p>\n\n\n\n<p>In\n der Zeit zwischen Donnerstagabend, 20:30 Uhr und Freitagfr\u00fch 05:40 Uhr \nhatte ein 46-j\u00e4hriger Mann seinen Audi Q 3 im Bereich Walk\u00fcrenstra\u00dfe\/ \nHaselweg abgestellt. Als er am Freitagmorgen zu seinem Wagen \nzur\u00fcckkehrte, musste er feststellen, dass dieser einen Unfallschaden \naufwies. <\/p>\n\n\n\n<p>Ohne sich um den entstandenen Schaden von mindestens \n3.500 Euro  gek\u00fcmmert zu haben, hatte sich der Unfallverursacher einfach\n aus dem Staub gemacht. <\/p>\n\n\n\n<p>Die Polizei bittet daher eventuelle Zeugen des Unfalls um telefonische Meldung unter 0621\/76254-0. <\/p>\n\n\n\n<h4 class=\"wp-block-heading\">(Mannheim-Neckarau) &#8211; Betrunkener verursacht Unfall \/ Gaffer f\u00e4hrt hinten drauf<\/h4>\n\n\n\n<p>Ein 49-J\u00e4hriger Opelfahrer war in der Nacht auf Sonntag im Neckarauer  Waldweg  aufgrund seiner Alkoholisierung  nicht mehr in der Lage sein  Fahrzeug zu f\u00fchren, was zur Folge hatte, dass er zun\u00e4chst ein geparktes  Fahrzeug streifte und im Anschluss ein Verkehrsschild \u00fcberf\u00fchr. Da er  zudem nicht angeschnallt war, verletzte er sich bei dem Unfall leicht.  Ein weiterer Verkehrsteilnehmer war von der Situation so irritiert, dass  er ebenfalls auf den geparkten Pkw auffuhr. Die Polizei stellte bei der  Aufnahme der beiden Unf\u00e4lle fest, dass der 49-J\u00e4hrige Opelfahrer knapp  1,3 Promille intus hatte. Ihm wurde der F\u00fchrerschein entzogen. Der  zweite Unfallverursacher muss mit einem Bu\u00dfgeld der Stadt Mannheim  rechnen. <\/p>\n\n\n\n<h4 class=\"wp-block-heading\">(Mannheim-K\u00e4fertal) &#8211; Gassi-Geherin von herabst\u00fcrzendem Ast getroffen und verletzt<\/h4>\n\n\n\n<p>Am Freitagnachmittag gegen 16.15 Uhr, wurde eine Frau beim Gassi-Gehen  im K\u00e4fertaler Wald unweit des Karlstern von einem herabst\u00fcrzenden Ast am  Kopf getroffen und verletzt. Der ca. 10 Meter lange und 15 cm dicke Ast  war von einem Laubbaum abgebrochen und auf die Frau gefallen. Sie wurde  nach not\u00e4rztlicher Versorgung in ein Krankenhaus eingeliefert. <\/p>\n\n\n\n<h4 class=\"wp-block-heading\">(Heidelberg) &#8211; Erneut Anrufe falscher Polizeibeamter<\/h4>\n\n\n\n<p>Die Serie versuchter Betrugsstraftaten \u00fcberwiegend zum Nachteil lebens\u00e4lterer Mitb\u00fcrger rei\u00dft nicht ab. <\/p>\n\n\n\n<p>Auch\n am Freitag kam es wieder zu einer Reihe von Anrufen falscher \nPolizeibeamter im Stadtgebiet. Der oder die Unbekannten meldeten sich \ntelefonisch und gaben sich als Kriminalbeamte aus. <\/p>\n\n\n\n<p>In allen \nbekanntgewordenen F\u00e4llen reagierten die Kontaktierten richtig und gaben \nkeine Informationen preis. Die Kriminalpolizeidirektion Heidelberg hat \ndie weitere Ermittlungsarbeit \u00fcbernommen. <\/p>\n\n\n\n<p><strong><em>Die Polizei bittet die nachfolgend angef\u00fchrten Tipps dringend zu beherzigen: <\/em><\/strong><\/p>\n\n\n\n<ul><li>Die Polizei wird Sie niemals um Geldbetr\u00e4ge oder Wertsachen bitten. <\/li><li>Die Polizei ruft Sie auch niemals unter der Polizeinotruf-Nummer 110 an. Das tun nur Betr\u00fcger ! <\/li><li>Sind  Sie sich unsicher, w\u00e4hlen Sie die Nummer 110. Benutzen Sie dabei aber  nicht die R\u00fcckruftaste, da Sie sonst wieder bei den Betr\u00fcgern landen. <\/li><li>Sie k\u00f6nnen sich aber auch an das \u00f6rtliche Polizeirevier wenden. Erz\u00e4hlen Sie den Beamten von den Anrufen. <\/li><li>Am  besten ist es, wenn Sie die Nummer Ihrer \u00f6rtlichen Polizeibeh\u00f6rde sowie  die Notrufnummer 110 griffbereit am Telefon haben, damit Sie diese im  Zweifelsfall selber w\u00e4hlen k\u00f6nnen. <\/li><li>Sprechen Sie am Telefon nie \u00fcber Ihre pers\u00f6nlichen und finanziellen Verh\u00e4ltnisse. <\/li><li>Lassen  Sie sich am Telefon nicht unter Druck setzen. Geben Sie Betr\u00fcgern keine  Chance, legen Sie einfach den H\u00f6rer auf. Nur so werden Sie Betr\u00fcger  los. Das ist keinesfalls unh\u00f6flich! <\/li><\/ul>\n\n\n\n<p><strong><em>Auflegen sollten Sie deshalb, wenn: <\/em><\/strong><\/p>\n\n\n\n<ul><li>Sie nicht sicher sind, wer anruft. <\/li><li>Sie  der Anrufer nach pers\u00f6nlichen Daten und Ihren finanziellen  Verh\u00e4ltnissen fragt, z.B. ob Sie Bargeld, Schmuck oder andere  Wertgegenst\u00e4nde im Haus haben. <\/li><li>Sie der Anrufer auffordert,  Bargeld, Schmuck oder andere Wertgegenst\u00e4nde herauszugeben, bzw. Geld zu  \u00fcberweisen, insbesondere ins Ausland. <\/li><li>Sie der Anrufer unter Druck setzt. <\/li><li>Der  Anrufer Sie dazu auffordert, zu Fremden Kontakt aufzunehmen, z.B. zu  einem Boten, der Ihr Geld und Ihre Wertsachen mitnehmen soll. <\/li><\/ul>\n\n\n\n<h4 class=\"wp-block-heading\">(Heidelberg-Bahnstadt) &#8211; Schl\u00e4gerei im Zollhofgarten<\/h4>\n\n\n\n<p>Ein zun\u00e4chst verbal ausgetragener und vermeintlich beigelegter Streit eskalierte in der Nacht zum Samstag im Zollhofgarten. <\/p>\n\n\n\n<p>Gegen\n 02:50 Uhr gerieten auf dem dortigen Basketballplatz mehrere junge \nM\u00e4nner aneinander. Beim derzeitigen Stand der Ermittlungen sollen \nzun\u00e4chst ein 22-J\u00e4hriger und ein 25-J\u00e4hriger auf einen 23-J\u00e4hrigen \neingeschlagen und eingetreten haben. Einen 22-J\u00e4hrigen, der seinem \nKumpel zu Hilfe eilen wollte, schubsten die beiden Angreifer zur Seite, \nbevor sie weiter auf den am Boden Liegenden einpr\u00fcgelten und -traten. \nNahezu zeitgleich gingen weitere Angeh\u00f6rige der 10 Personen z\u00e4hlenden \n&#8222;Angreifergruppe&#8220; auf einen anderen 22-J\u00e4hrigen los und schlugen und \ntraten diesen zu Boden. <\/p>\n\n\n\n<p>Irgendwie gelang es den Angegangenen zu \nfl\u00fcchten und die Polizei zu rufen, bevor sie in der Kosselstra\u00dfe erneut \nangegriffen wurden. W\u00e4hrenddessen betrat die Polizei die \nun\u00fcbersichtliche Szenerie. <\/p>\n\n\n\n<p>Schlussendlich waren f\u00fcnf \nFunkwagenbesatzungen n\u00f6tig, um die Situation -auch unter Anwendung von \nPfefferspray- unter Kontrolle zu bringen. Zwei M\u00e4nner aus der Gruppe der\n Angreifer mussten mit zur Polizeiwache kommen. <\/p>\n\n\n\n<p>Der zuerst Niedergeschlagene kam zur Versorgung seiner Verletzungen in ein Heidelberger Krankenhaus. <\/p>\n\n\n\n<p>Die  abschlie\u00dfenden Ermittlungen wegen des Verdachts der gef\u00e4hrlichen  K\u00f6rperverletzung wird der Bezirksdienst des Polizeireviers  Heidelberg-Mitte \u00fcbernehmen. <\/p>\n\n\n\n<h4 class=\"wp-block-heading\">(Heidelberg-Kirchheim) &#8211; BAB5 \/ Fahrzeugf\u00fchrer verliert Kontrolle &#8211; Pkw \u00fcberschl\u00e4gt sich<\/h4>\n\n\n\n<p>In der Nacht von Samstag auf Sonntag kam es auf der BAB 5 bei  Heidelberg\/ Schwetzingen zu einem Verkehrsunfall, bei welchem eine  Person leicht verletzt wurde. Der 52-j\u00e4hrige Fahrzeugf\u00fchrer eines Smart  befuhr gegen 00.15 Uhr den Beschleunigungsstreifen der AS Heidelberg\/  Schwetzingen in Fahrtrichtung Karlsruhe. Hierbei verlor er aus  unbekannter Ursache die Kontrolle \u00fcber sein Fahrzeug. Im weiteren  Verlauf kam er mit seinem Smart nach rechts von der Fahrbahn ab und  wurde mit Beginn der Leitplankenelemente auf diese aufgeladen. Sein  Fahrzeug \u00fcberschlug sich und kam auf dem Dach der rechten Fahrspur zum  Stillstand. Die infolge des Unfalles angehaltenen Verkehrsteilnehmer  kamen dem Verunfallten Pkw-F\u00fchrer sofort zur Hilfe. Gemeinsam drehten  sie den Smart wieder in aufrechte Position und schoben ihn auf den  Seitenstreifen. Der 52-J\u00e4hrige, welcher sich alleine in seinem Fahrzeug  befand, konnte diesen zuvor \u00fcber die zerborstenen Seitenscheiben  verlassen. Er wurde bei dem Unfall leicht verletzt und trug mehrere  Sch\u00fcrfwunden davon. An seinem Pkw entstand Totalschaden. Der Smart  musste im Anschluss an die Unfallaufnahme durch ein Abschleppunternehmen  abgeschleppt werden. Bei dem Einsatz waren u.a. die Berufsfeuerwehr  Heidelberg mit 12 Mann und drei Einsatzfahrzeugen, sowie ein  Rettungswagen und ein Notarzt vor Ort. Zur Unfallaufnahme und Reinigung  der Fahrbahn musste der rechte Fahrstreifen bis ca. 01.20 Uhr gesperrt  werden. <\/p>\n\n\n\n<h4 class=\"wp-block-heading\">(Heidelberg-Handschuhsheim) &#8211; Rollerdiebe festgenommen<\/h4>\n\n\n\n<p>Dank eines aufmerksamen Zeugen konnte die Heidelberger Polizei in der  Nacht zum Samstag drei mutma\u00dfliche Rollerdiebe festnehmen. <\/p>\n\n\n\n<p>Der \nPolizei wurde gegen 02:20 Uhr mitgeteilt, dass mehrere Jugendliche ohne \nHelm mit einem Motorroller in der Zeppelinstra\u00dfe auf und ab fahren \nw\u00fcrden. Im Zuge der Fahndung konnten die Beamten drei zu Fu\u00df Fl\u00fcchtende \nfestnehmen. Zudem stellten sie den aufgebrochenen Roller sicher. <\/p>\n\n\n\n<p>Die  Festgenommenen im Alter zwischen 15 und 18 Jahren werden sich wegen des  Verdachts des besonders schweren Fall des Diebstahls verantworten  m\u00fcssen. Der Jugendsachbearbeiter des Reviers Nord wird die weiteren  Ermittlungen \u00fcbernehmen. <\/p>\n\n\n\n<h4 class=\"wp-block-heading\">(Schwetzingen \/ Rhein-Neckar-Kreis) &#8211; Verkehrsunfall mit Fahrrad \/ Zeugen gesucht<\/h4>\n\n\n\n<p>Am 29.06.2019 gegen 18.50 Uhr ereignete sich in der Ketscher Landstra\u00dfe  11 in Schwetzingen ein Unfall mit einem Fahrradfahrer. Ersten  Ermittlungen zufolge befuhr der 60-J\u00e4hrige Mann mit seinem Fahrrad die  Anliegerstra\u00dfe parallel  zur K 4250 in Richtung Ketsch.  In der dortigen  Linkskurve fuhr der Radfahrer  aus bislang  unbekannter Ursache gerade  aus, st\u00fcrzte mit seinem Fahrrad und verstarb in der Folge. Zeugen, die  den Unfall beobachtet haben, werden gebeten sich mit  Verkehrsunfallaufnahme West unter der Tel.: 0621-1744045 in Verbindung  zu setzen. <\/p>\n\n\n\n<h4 class=\"wp-block-heading\">(Hockenheim \/ Speyer \/ Sinsheim \/ Rhein-Neckar-Kreis) &#8211; Gro\u00dfkontrolle auf A 61; 39  Ermittlungsverfahren eingeleitet; Verfolgungsfahrt kurz vor Sinsheimer  Innenstadt abgebrochen; Zeugen gesucht<\/h4>\n\n\n\n<div class=\"wp-block-image\"><figure class=\"aligncenter\"><img decoding=\"async\" loading=\"lazy\" width=\"800\" height=\"457\" src=\"https:\/\/speyer24news.com\/wp-content\/uploads\/2019\/07\/29.06.19-Sinsheim-Drogenkontrolle2.jpg\" alt=\"\" class=\"wp-image-15452\" srcset=\"https:\/\/speyer24news.com\/wp-content\/uploads\/2019\/07\/29.06.19-Sinsheim-Drogenkontrolle2.jpg 800w, https:\/\/speyer24news.com\/wp-content\/uploads\/2019\/07\/29.06.19-Sinsheim-Drogenkontrolle2-300x171.jpg 300w, https:\/\/speyer24news.com\/wp-content\/uploads\/2019\/07\/29.06.19-Sinsheim-Drogenkontrolle2-768x439.jpg 768w\" sizes=\"(max-width: 800px) 100vw, 800px\" \/><\/figure><\/div>\n\n\n\n<p>In der Nacht von Samstag auf Sonntag, 22-05 Uhr, wurde auf dem  Rastplatz &#8222;Wilhelmswiesen&#8220;, an der A 61, zwischen der Anschlussstelle  Hockenheim\/Speyer und dem Autobahndreieck Hockenheim eine Gro\u00dfkontrolle  durchgef\u00fchrt. <\/p>\n\n\n\n<p>In den Einsatz eingebunden waren insgesamt rund 70 \nBeamte. Neben dem Verkehrskommissariat Walldorf, dem Einsatzzug \nHeidelberg, der Kriminalpolizeidirektion Heidelberg; den Polizeirevieren\n Wiesloch, Ladenburg, Mannheim-Neckarau und Mannheim-Innenstadt, waren \nauch Beamte des Hauptzollamts Karlsruhe u.a. mit zwei Drogensp\u00fcrhunden, \nBeamte des Polizeipr\u00e4sidiums Stuttgart und im Rahmen der \nSicherheitskooperation auch Beamte der Polizeipr\u00e4sidien S\u00fcdhessen und \nRheinpfalz im Einsatz. <\/p>\n\n\n\n<p>Dar\u00fcber hinaus wurde der Einsatz durch 15 \nAngeh\u00f6rige des Technischen Hilfswerks (THW) Wiesloch\/Walldorf logistisch\n und technisch, u.a. durch Ausleuchten des Rastplatzes unterst\u00fctzt. <\/p>\n\n\n\n<p>Hauptthemenpunkte\n des Einsatzes waren die Bek\u00e4mpfung der l\u00e4nder\u00fcbergreifenden \nEigentumskriminalit\u00e4t, die Informationsgewinnung zu reisenden, \ninternational agierenden T\u00e4tergruppierungen und die Bek\u00e4mpfung der \nDrogenkriminalit\u00e4t. <\/p>\n\n\n\n<p>Insgesamt wurden 255 Personen und 125  Fahrzeuge kontrolliert. Es wurden 39 Ermittlungsverfahren eingeleitet.  Fast die H\u00e4lfte (17) wegen des Verdachts, gegen das  Bet\u00e4ubungsmittelgesetz versto\u00dfen zu haben. Verschiedene Drogen,  haupts\u00e4chlich Cannabis, im zweistelligen Grammbereich wurden  beschlagnahmt. Sieben Personen waren unter Drogen- und\/oder  Alkoholeinfluss gefahren. Wegen des Verdachts des Diebstahls wird gegen  zwei Personen ermittelt. In diesem Zusammenhang wurden auch 20  Markenbekleidungsartikel sichergesellt. Woher sie stammen, ist noch  Gegenstand der Ermittlungen. <\/p>\n\n\n\n<div class=\"wp-block-image\"><figure class=\"aligncenter\"><img decoding=\"async\" src=\"https:\/\/speyer24news.com\/wp-content\/uploads\/2019\/07\/29.06.19-Sinsheim-Drogenkontrolle.jpg\" alt=\"\" class=\"wp-image-15453\"\/><figcaption>Drogensp\u00fcrhund &#8222;Ike&#8220; beim Einsatz<\/figcaption><\/figure><\/div>\n\n\n\n<p>Weitere Ermittlungsverfahren wegen \nVerst\u00f6\u00dfe gegen das Waffengesetz, gegen das Tabaksteuergesetz -Einfuhr \nvon 4,5 Kilogramm unversteuerten Tabaks- sind anh\u00e4ngig. Auch wegen des \nVerdachts der Urkundenf\u00e4lschung wird in zwei F\u00e4llen ermittelt. Insgesamt\n wurden Kautionen von weit \u00fcber 2.000.- Euro erhoben. <\/p>\n\n\n\n<p>Um die \nGro\u00dfkontrolle durchzuf\u00fchren, war es notwendig, auf der A 61, ab der \nAnschlussstelle Hockenheim\/Speyer verkehrslenkende Ma\u00dfnahmen zu treffen.\n Zun\u00e4chst wurde ein sogenannter Geschwindigkeitstrichter \n-Herunterregelung der zul\u00e4ssigen H\u00f6chstgeschwindigkeit- eingerichtet. \nZudem wurde anschlie\u00dfend die zweispurige Autobahn auf eine Spur verengt.\n Durch Vorkontrollen wurden verd\u00e4chtige Fahrzeuge und Personen \nherausgefiltert und an der Sperrstelle am Autobahnparkplatz ausgeleitet.\n <\/p>\n\n\n\n<p>Gegen 23 Uhr durchbrach der Fahrer eines hochmotorisierten VW \nGolf die diese Sperrstelle an der Parkplatzzufahrt -verletzt wurde zum \nGl\u00fcck niemand- und fl\u00fcchtete auf der Autobahn weiter \u00fcber die A 6 in \nRichtung Heilbronn. Ein Verfolgungsfahrzeug des Verkehrskommissariats \nWalldorf heftete sich an die Fersen des mit zwei Insassen besetzten \nFahrzeuges. Mit Geschwindigkeiten bis zu 260 km\/h versuchte der \nunbekannte Fahrer, die Zivilfahnder abzusch\u00fctteln. Unterwegs wurden \nmehrere &#8222;P\u00e4ckchen&#8220; aus dem Seitenfenster des VW geworfen. Nachdem das \nverfolgte Fahrzeug an der Anschlussstelle Sinsheim die Autobahn verlie\u00df,\n Richtung Innenstadt fuhr und am Ortseingang mit hoher Geschwindigkeit \nrote Ampeln \u00fcberfuhr, wurde die Verfolgung abgebrochen. Die Insassen des\n VW Golf konnten unerkannt entkommen. Wie sich schlie\u00dflich \nherausstellte, war die Sinsheimer Innenstadt kurz nach 23 Uhr noch sehr \nbelebt. Eine weitere Verfolgung des Fahrtzeuges h\u00e4tte ein enormes \nGef\u00e4hrdungspotential Unbeteiligter mit ungeahnten Folgen nach sich \nziehen k\u00f6nnen. Die Ermittlungen zu dem unbekannten Fahrzeug und dessen \nInsassen sind aufgenommen. <\/p>\n\n\n\n<p>Wie vergangene Kontrollen, auch im \nZusammenhang mit dem 2. Sicherheitstag des Polizeipr\u00e4sidiums Mannheim am\n 29. M\u00e4rz 2019 verdeutlichten, sind die Autobahnen A 61, A 6 und A 5 im \nZust\u00e4ndigkeitsbereich des Polizeipr\u00e4sidiums Mannheim, die \nHauptverkehrsrouten grenz- und l\u00e4nder\u00fcbergreifender Kriminalit\u00e4t. Dabei \nwerden die Fernstra\u00dfen insbesondere auch von Drogenkurieren genutzt, die\n ihre &#8222;Waren&#8220; in die s\u00fcdlichen Bundesl\u00e4nder oder in die Schweiz \ntransportieren. <\/p>\n\n\n\n<p>Aufgrund der immer wieder getroffenen \nFeststellungen beabsichtigt das Polizeipr\u00e4sidium Mannheim, insbesondere \ndas Verkehrskommissariat Walldorf, auch im Rahmen der \nSicherheitskooperation mit Hessen und Rheinland-Pfalz, solche \nGro\u00dfkontrollen fortzusetzen. <\/p>\n\n\n\n<p>Im Zusammenhang mit der Verfolgung \ndes fl\u00fcchtenden VW Golf suchen die Ermittler Zeugen, denen das Fahrzeug \naufgefallen ist, bzw. die auf der Fahrt \u00fcber die A 61 und die A 6 von \nHockenheim nach Sinsheim sowie in der Sinsheimer Innenstadt \nm\u00f6glicherweise durch dessen Fahrverhalten gef\u00e4hrdet wurden. <\/p>\n\n\n\n<p>Hinweise  bitte an das Verkehrskommissariat Walldorf, Tel.: 06227\/35826-0, das  Polizeirevier Sinsheim, Tel.: 07261\/690-0 oder an jede andere  Polizeidienstelle. <\/p>\n\n\n\n<h4 class=\"wp-block-heading\">(Neulu\u00dfheim \/ Rhein-Neckar-Kreis) &#8211; Gauner scheitern gleich zweimal an aufmerksamen Seniorinnen<\/h4>\n\n\n\n<p>Gleich wegen zwei F\u00e4llen des versuchten Enkeltrickbetrugs ermitteln derzeit die Beamten der Kriminalpolizei in Heidelberg. <\/p>\n\n\n\n<p>Am\n Freitagnachmittag, um 14:30 Uhr klingelte bei einer 94-j\u00e4hrigen Frau \ndas Telefon. Eine angebliche Enkelin teilte mit, dass sie 40.000 Euro \nf\u00fcr einen Wohnungskauf ben\u00f6tige. Das vermeintlich leichte Opfer \nentlarvte ihre &#8222;Anverwandte&#8220; mit wenigen Fragen und beendete schlie\u00dflich\n das Gespr\u00e4ch. <\/p>\n\n\n\n<p>Nur wenige Minuten zuvor hatte der Fernsprecher \nbei einer 82-j\u00e4hrigen Neulu\u00dfheimerin gel\u00e4utet. Auch in diesem Fall hatte\n sich eine angebliche Enkelin gemeldet und 30.000 Euro Bargeld \n&#8222;gefordert&#8220;. Die Angerufene hatte ebenfalls von sich aus das Gespr\u00e4ch \nbeendet und war nicht auf die Forderungen eingegangen. <\/p>\n\n\n\n<p>Die  Polizei warnt ausdr\u00fccklich vor Anrufen angeblich in Not befindlicher  Anverwandter. \u00dcbergeben Sie in gar keinem Fall Bargeld oder sonstige  Wertgegenst\u00e4nde an Fremde! <\/p>\n\n\n\n<h4 class=\"wp-block-heading\">(Walldorf \/ Rhein-Neckar-Kreis) &#8211; Unfallflucht, Zeugenhinweise erbeten!<\/h4>\n\n\n\n<p>Ein geparktes Auto wurde am Freitagabend von einem bislang Unbekannten in Walldorf besch\u00e4digt. <\/p>\n\n\n\n<p>Die\n Gesch\u00e4digte hatte ihren Nissan X-Trail mit HD-Kennzeichen in der Zeit \nzwischen 19:30 Uhr und 20:00 Uhr im Eichenweg abgestellt. Bei ihrer \nR\u00fcckkehr musste sie einen Unfallschaden hinten links feststellen. In den\n 30 Minuten ihrer Abwesenheit war ein bislang unbekannter Fahrzeugf\u00fchrer\n mit seinem Auto gegen den Nissan gefahren und hatte dann einfach das \nWeite gesucht. <\/p>\n\n\n\n<p>Eventuelle Zeugen des Unfalls werden gebeten, die Polizei unter 06222\/5709-0 anzurufen. <\/p>\n\n\n\n<h4 class=\"wp-block-heading\">(Wiesloch-Rauenberg \/ Rhein-Neckar-Kreis) &#8211; Mutwillige Zerst\u00f6rung einer Grillh\u00fctte<\/h4>\n\n\n\n<p>In der Nacht auf Sonntag haben zwei junge M\u00e4nner die Malschenberger  Grillh\u00fctte zerst\u00f6rt. Nach Zeugenangaben haben die 19- und 20-j\u00e4hrigen  M\u00e4nner zun\u00e4chst mit Hammer und Baseballschl\u00e4ger den M\u00fclleimer traktiert.  Danach machten sie sich an der Grillh\u00fctte zu schaffen. Es seien auch  Sch\u00fcsse gefallen. Die Beamten des Revier Wiesloch konnten die beiden  T\u00e4ter noch an der Grillh\u00fctte festnehmen. Sie waren in Besitz diverser  Waffen und Werkzeuge. Einer der Beschuldigte f\u00fchrte ein Messer und eine  Schreckschusspistole mit sich. Au\u00dferdem befanden sich 2 H\u00e4mmer, ein  weiteres Messer, eine kleine Axt sowie ein Teleskopschlagstock unter der  Sitzbank eines Mofas. Die Gegenst\u00e4nde wurde beschlagnahmt und die  M\u00e4nner nach erfolgter Personalienfeststellung wieder entlassen. Warum  die M\u00e4nner bis zu den Z\u00e4hnen bewaffnet waren ist nun Gegenstand der  Ermittlungen, welche durch den Polizeiposten M\u00fchlhausen gef\u00fchrt werden. <\/p>\n\n\n\n<h4 class=\"wp-block-heading\">(Nu\u00dfloch \/ Rhein-Neckar-Kreis) &#8211; Unfallflucht, Zeugen gesucht!<\/h4>\n\n\n\n<p>Zeugen f\u00fcr eine Verkehrsunfallflucht, die sich am Freitagvormittag in  der Massengasse in Nu\u00dfloch ereignet hat, suchen derzeit die Beamten des  Polizeipostens Leimen. <\/p>\n\n\n\n<p>Gegen 10:30 Uhr befuhr ein bislang \nUnbekannter mit seinem Auto die Massengasse und blieb in H\u00f6he des \nAnwesens 93 an einem geparkten Peugeot 207CC h\u00e4ngen. Hierbei wurde der \nlinke Au\u00dfenspiegel des Cabrios besch\u00e4digt. Der Unfallverursacher \nentfernte sich, ohne sich um die Schadensregulierung zu k\u00fcmmern. <\/p>\n\n\n\n<p>Den Schaden sch\u00e4tzt die Polizei auf rund 500 Euro. <\/p>\n\n\n\n<p>Zeugen des Unfalls werden gebeten, die Polizei unter 06202\/5709-0 oder 06224\/1749-0 anzurufen. <\/p>\n\n\n\n<h4 class=\"wp-block-heading\">(Sinsheim \/ Mannheim \/ Heidelberg \/ Rhein-Neckar-Kreis) &#8211; Shisha-Bar-Kontrollen in Sinsheim;  70 Kilogramm unversteuerter Tabak sichergestellt; erhebliche  baurechtliche Verst\u00f6\u00dfe; Kontrollen werden fortgesetzt<\/h4>\n\n\n\n<div class=\"wp-block-image\"><figure class=\"aligncenter\"><img decoding=\"async\" loading=\"lazy\" width=\"800\" height=\"450\" src=\"https:\/\/speyer24news.com\/wp-content\/uploads\/2019\/07\/28.06.19-Sinsheim-Shishabarkontrolle2.jpg\" alt=\"\" class=\"wp-image-15454\" srcset=\"https:\/\/speyer24news.com\/wp-content\/uploads\/2019\/07\/28.06.19-Sinsheim-Shishabarkontrolle2.jpg 800w, https:\/\/speyer24news.com\/wp-content\/uploads\/2019\/07\/28.06.19-Sinsheim-Shishabarkontrolle2-300x169.jpg 300w, https:\/\/speyer24news.com\/wp-content\/uploads\/2019\/07\/28.06.19-Sinsheim-Shishabarkontrolle2-768x432.jpg 768w, https:\/\/speyer24news.com\/wp-content\/uploads\/2019\/07\/28.06.19-Sinsheim-Shishabarkontrolle2-678x381.jpg 678w\" sizes=\"(max-width: 800px) 100vw, 800px\" \/><\/figure><\/div>\n\n\n\n<p>Am Freitagabend wurden in der Sinsheimer Innenstadt und im Gewerbegebiet insgesamt drei Shisha-Bars ganzheitlich kontrolliert. <\/p>\n\n\n\n<p>In\n den Einsatz (19-23 Uhr) waren insgesamt rund 40 Beamte eingebunden. \nNeben dem Polizeirevier Sinsheim, dem Einsatzzug Heidelberg auch Beamte \ndes Hauptzollamts Karlsruhe, sachverst\u00e4ndige Dokumentenpr\u00fcfer des \nLandeskriminalamts Stuttgart und des Gewerbeamts der Stadt Sinsheim \nsowie dessen Stadtbrandmeister der Feuerwehr, der gleichzeitig auch \nBrandschutzbeauftragter der gro\u00dfen Kreisstadt ist. <\/p>\n\n\n\n<p>Zielrichtung \ndes Einsatzes war die \u00dcberpr\u00fcfung der Einhaltung der Steuergesetze, des \nJugendschutzes, des Gewerbe- und Gastst\u00e4ttenrechts, des Baurechts und \ndes Brandschutzes. <\/p>\n\n\n\n<p>Schnell stellte sich heraus, dass sich der \nSchwerpunkt auf die illegale Einfuhr\/Verkauf von Tabak, sowie Verst\u00f6\u00dfe \ngegen Brandschutz- und Baurechtsauflagen sowie gegen die \nAllgemeinverf\u00fcgung der Stadt Sinsheim zum Umgang mit Wasserpfeifen \n(Shishas) in Gewerber\u00e4umen konzentriert. <\/p>\n\n\n\n<p>Insgesamt 70 Kilogramm \nunversteuerter Tabak wurden von den Beamten des Hauptzollamts \nbeschlagnahmt, wobei die \u00fcberwiegende Menge zwei Shisha-Bars zuzuordnen \nist. Ermittlungsverfahren wegen des Verdachts des Versto\u00dfes gegen das \nTabaksteuergesetz sind eingeleitet. Zusammen mit den Steuernachzahlungen\n erwartet die verantwortlichen Betreiber eine Geldstrafe in H\u00f6he von \nmehreren tausend Euro. <\/p>\n\n\n\n<p>Dar\u00fcber hinaus stellten die Beamten der  Stadt Sinsheim und deren Brandschutzexperte, die zus\u00e4tzlich eine weitere  Shisha-Bar in der Innenstadt \u00fcberpr\u00fcften, teilweise eklatante M\u00e4ngel  hinsichtlich der vorgeschriebenen Rettungswege fest. Entweder waren sie  verschlossen oder gar mit Waren und Gastst\u00e4ttenequipment verstellt. <\/p>\n\n\n\n<div class=\"wp-block-image\"><figure class=\"aligncenter\"><img decoding=\"async\" loading=\"lazy\" width=\"800\" height=\"600\" src=\"https:\/\/speyer24news.com\/wp-content\/uploads\/2019\/07\/28.06.19-Sinsheim-Shishabarkontrolle.jpg\" alt=\"\" class=\"wp-image-15455\" srcset=\"https:\/\/speyer24news.com\/wp-content\/uploads\/2019\/07\/28.06.19-Sinsheim-Shishabarkontrolle.jpg 800w, https:\/\/speyer24news.com\/wp-content\/uploads\/2019\/07\/28.06.19-Sinsheim-Shishabarkontrolle-300x225.jpg 300w, https:\/\/speyer24news.com\/wp-content\/uploads\/2019\/07\/28.06.19-Sinsheim-Shishabarkontrolle-768x576.jpg 768w, https:\/\/speyer24news.com\/wp-content\/uploads\/2019\/07\/28.06.19-Sinsheim-Shishabarkontrolle-678x509.jpg 678w, https:\/\/speyer24news.com\/wp-content\/uploads\/2019\/07\/28.06.19-Sinsheim-Shishabarkontrolle-326x245.jpg 326w, https:\/\/speyer24news.com\/wp-content\/uploads\/2019\/07\/28.06.19-Sinsheim-Shishabarkontrolle-80x60.jpg 80w\" sizes=\"(max-width: 800px) 100vw, 800px\" \/><\/figure><\/div>\n\n\n\n<p>Auch\n sogenannte CO-Melder (Warnmeldesysteme \u00fcber die \nKohlenmonoxid-Konzentration in geschlossenen R\u00e4umen) waren gr\u00f6\u00dftenteils \nnicht vorhanden. <\/p>\n\n\n\n<p>Die seit Jahresbeginn 2019 in Kraft getretene \nAllgemeinverf\u00fcgung der Stadt Sinsheim zum Umgang mit Wasserpfeifen \n(Shishas) in Gewerber\u00e4umen wurde offenbar in wesentlichen Teilen bislang\n nicht umgesetzt. <\/p>\n\n\n\n<p>\u00dcber die Verh\u00e4ngung eventueller Bu\u00dfgelder und \nweitere gewerbe-, bau- und gastst\u00e4ttenrechtliche entscheidet die \nStadtverwaltung Sinsheim. <\/p>\n\n\n\n<p>Nicht nur deutschlandweit, sondern auch\n in Mannheim, Heidelberg und dem Rhein-Neckar-Kreis boomt der \nShisha-Markt. Shisha-Bars schie\u00dfen f\u00f6rmlich wie Pilze aus dem Boden. \nVergangene Kontrollen, auch im Zusammenhang mit dem 2. Sicherheitstag \ndes Polizeipr\u00e4sidiums Mannheim am 29. M\u00e4rz 2019 verdeutlichten, dass \nseitens der Ermittlungsbeh\u00f6rden Handlungsbedarf besteht. <\/p>\n\n\n\n<p>Beim \nGro\u00dfeinsatz des zitierten Sicherheitstages wurden insgesamt neun \nShisha-Bars in Mannheim (4), Heidelberg (3) und Schwetzingen (2) mit \nUnterst\u00fctzung des Hauptzollamts Karlsruhe, der \u00f6rtlichen Ordnungs\u00e4mter \nund den lokalen Feuerwehren kontrolliert. Dabei wurden insgesamt 25 \nVerst\u00f6\u00dfe festgestellt. In allen F\u00e4llen wurde gegen das Tabaksteuergesetz\n versto\u00dfen. Die entsprechenden Tabakmengen wurden beschlagnahmt und der \nweitere Verkauf untersagt. Weitere Verst\u00f6\u00dfe gegen die Gastst\u00e4tten- und \ndie Brandschutzverordnung wurden ebenfalls verfolgt. <\/p>\n\n\n\n<p>In drei \nShisha-Bars in Mannheim wurde zudem das Rauchen unter Androhung von \nZwangsgeld untersagt, nachdem die Feuerwehr erh\u00f6hte Kohlenmonoxid-Werte \nsowie Verst\u00f6\u00dfen gegen die Brandschutzverordnung festgestellt hatte. <\/p>\n\n\n\n<p>Aufgrund  der bislang getroffenen Feststellungen beabsichtigt das  Polizeipr\u00e4sidium Mannheim, Shisha-Bar-Kontrollen unter Beteiligung der  Partnerdienststellen fortzuf\u00fchren. <\/p>\n\n\n\n<h4 class=\"wp-block-heading\">(Eppelheim \/ A 5 \/ Rhein-Neckar-Kreis) &#8211; Betrunkener Pkw Lenker verursacht mehrere Verkehrsunf\u00e4lle und fl\u00fcchtet<\/h4>\n\n\n\n<p>Am Freitagabend, gegen 22.21 Uhr, wurde die Polizei durch einen  Verkehrsteilnehmer verst\u00e4ndigt, der beobachtete wie ein 53j\u00e4hriger Rover  Fahrer auf der BAB 5 in Fahrtrichtung Nord, zwischen der  Anschlussstelle Schwetzingen und dem Autobahnkreuz Heidelberg, nach  rechts von der Fahrbahn abkam und in die Leitplanken krachte. Danach  setzte der Unfallverursacher, zur \u00dcberraschung des Zeugen, seine Fahrt  mit seinem stark besch\u00e4digten Fahrzeug fort, wobei er seine  Frontsto\u00dfstange samt Kennzeichen zur\u00fcck lie\u00df. Er folgte der BAB 5 weiter  in Richtung Norden, bog am Autobahnkreuz Heidelberg auf die BAB 656 in  Richtung Heidelberg ab und nutzt von hier aus die Anschlussstelle   Wieblingen, um in das Heidelberger Stadtgebiet zu fahren. Auf seinem  weiteren Fahrtweg besch\u00e4digte der Rover Fahrer noch im Bereich des  Wieblinger Weges zwei weitere Pkw. Im Verlauf der sofort eingeleiteten  Fahndung konnte der Fl\u00fcchtige, durch eine Streife des Polizeirevier  Heidelberg-Mitte, im Bereich der Bl\u00fccherstra\u00dfe gesichtet und  festgenommen werden. Diese staunten nicht schlecht. Der 53 J\u00e4hrige wies  nach einem Atemalkoholtest eine AAK von 1,76 Promille auf, so dass man  schnell eine Erkl\u00e4rung f\u00fcr sein Verhalten hatte. Er muss sich nun wegen  Stra\u00dfenverkehrsgef\u00e4hrdung und dem unerlaubten Entfernen von der  Unfallstelle verantworten. Ihm wurde eine Blutprobe entnommen und sein  F\u00fchrerschein wurde einbehalten. Verletzte waren zum Gl\u00fcck nicht zu  verzeichnen. Der Schaden an den Leitplanken bel\u00e4uft sich auf ca. 1500,-  Euro, am Fahrzeug des Unfallverursachers auf ca. 2000,- Euro und an den  beiden geparkten Pkw auf ca. 10 000,- Euro. Das Autobahnpolizeirevier  Mannheim hat die Ermittlungen \u00fcbernommen. <\/p>\n\n\n\n<h4 class=\"wp-block-heading\">(Schriesheim \/ Rhein-Neckar-Kreis) &#8211; Nach Diebstahl aus Pkw; Polizei nimmt Mann fest<\/h4>\n\n\n\n<p>Einen 28-j\u00e4hrigen Weinheimer nahmen in der Nacht zum Samstag Beamte des Polizeireviers Weinheim in Schriesheim fest. <\/p>\n\n\n\n<p>Der\n Mann steht im dringenden Verdacht, mehrere Autos auf ihren \nSchlie\u00dfzustand hin \u00fcberpr\u00fcft zu haben. Dabei hatte er es insbesondere \nauf die Autoradios, mobile Navigationsger\u00e4te und Bargeld abgesehen. Als \ner sich in der Friedrichstra\u00dfe kurz vor 02:00 Uhr an einem geparkten VW \nPolo zu schaffen machte und er in den Innenraum des Autos vordrang, \nsetzte sich der Wagen auf absch\u00fcssiger Strecke in Bewegung. Beim Versuch\n auszusteigen, blieb der Beschuldigte bei ge\u00f6ffneter Fahrert\u00fcr an einer \nHausfassade h\u00e4ngen und besch\u00e4digte diese. Mitten auf einer Kreuzung \ngelang es dem verhinderten Dieb schlie\u00dflich, das Auto anzuhalten. Da war\n es allerdings bereits zu sp\u00e4t, da ein Zeuge auf den Vorfall aufmerksam \ngeworden war. Zwar suchte der 28-J\u00e4hrige sein Heil in der Flucht, wurde \nallerdings mit Hilfe eines zweiten Zeugen vor dem Polizeiposten \nSchriesheim gestellt. <\/p>\n\n\n\n<p>Die daraufhin verst\u00e4ndigte Polizei kam vor \nOrt, nahm den Mann vorl\u00e4ufig fest und fand bei der Durchsuchung weiteres\n vermutetes Diebesgut. <\/p>\n\n\n\n<p>Die abschlie\u00dfende Ermittlungsarbeit wird dem Polizeiposten Schriesheim obliegen. <\/p>\n\n\n\n<h4 class=\"wp-block-heading\">(Ladenburg \/ Rhein-Neckar-Kreis) &#8211; M\u00e4dchen bei Verkehrsunfall verletzt<\/h4>\n\n\n\n<p>Ein 5-j\u00e4hriges M\u00e4dchen wurde am Freitagmorgen bei einem Verkehrsunfall in Ladenburg verletzt. <\/p>\n\n\n\n<p>Gegen\n 08:15 Uhr befuhr eine 51-j\u00e4hrige Autofahrerin mit ihrem Renault Megane \ndie Schwarzkreuzstra\u00dfe\/Luisenstra\u00dfe in Richtung Weinheimer Stra\u00dfe. \nVermutlich \u00fcbersah die Frau ein auf dem Fu\u00dfg\u00e4nger\u00fcberweg in H\u00f6he \nZehntsra\u00dfe die Fahrbahn querendes M\u00e4dchen. Es kam zum Zusammensto\u00df mit \ndem Roller des Kindes. Die 5-J\u00e4hrige kam schlie\u00dflich auf der Fahrbahn \nzum Liegen und zog sich in Folge des Unfalls Verletzungen in Form von \nPrellungen und Sch\u00fcrfwunden zu. Zudem besteht der Verdacht einer \nGehirnersch\u00fctterung. Vorsorglich wurde das Kind zur Untersuchung in ein \nMannheimer Krankenhaus gebracht. <\/p>\n\n\n\n<p>Am Wagen der Unfallverursacherin  entstand Sachschaden in H\u00f6he von rund 1.000 Euro. Gegen die Frau wird  wegen fahrl\u00e4ssiger K\u00f6rperverletzung ermittelt. <\/p>\n\n\n\n<h4 class=\"wp-block-heading\">(Weinheim \/ Rhein-Neckar-Kreis) &#8211; Polizei nimmt mutma\u00dfliche Spiegelabtreter fest<\/h4>\n\n\n\n<p>Gegen vier mutma\u00dfliche Spiegelabtreter ermittelt derzeit der Bezirksdienst des Polizeireviers Weinheim. <\/p>\n\n\n\n<p>In\n der Nacht zum Samstag, kurz nach 03:30 Uhr meldete ein Zeuge \u00fcber \nNotruf, dass in der Theodor-Heuss-Stra\u00dfe Spiegelabtreter unterwegs \nseien. Die Gruppe sei Richtung Waidsee unterwegs; der Anrufer habe sich \nan deren Fersen geheftet. So war es f\u00fcr die Polizei ein Leichtes kurze \nZeit sp\u00e4ter vier junge M\u00e4nner dingfest zu machen. Die Beschuldigten im \nAlter von 16, 17 und 18 Jahren stritten jegliche Tatbeteiligung ab. <\/p>\n\n\n\n<p>Bislang konnten die Beamten insgesamt drei besch\u00e4digte Autos ausmachen (1 BMW, 1 Mercedes und 1 Dacia). <\/p>\n\n\n\n<p>Weitere  Gesch\u00e4digte, aber auch Zeugen werden gebeten, beim Polizeirevier  Weinheim unter 06201\/1003-0 anzurufen und ihre Wahrnehmungen  mitzuteilen. <\/p>\n","protected":false},"excerpt":{"rendered":"<div class=\"mh-excerpt\"><p>Polizeimeldungen vom Wochenende (29.06. &amp; 30.06.2019) (Speyer) &#8211; Drogen, Alkohol, kein F\u00fchrerschein Der 26j\u00e4hriger Fahrer eines PKW wurde am Samstag kurz vor Mitternacht in der Stra\u00dfe Im Erlich einer Verkehrskontrolle unterzogen. Hier stellte sich heraus, <a class=\"mh-excerpt-more\" href=\"https:\/\/speyer24news.com\/?p=15444\" title=\"Polizei\">[&#8230;]<\/a><\/p>\n<\/div>","protected":false},"author":3,"featured_media":0,"comment_status":"open","ping_status":"open","sticky":false,"template":"","format":"standard","meta":{"_monsterinsights_skip_tracking":false,"_monsterinsights_sitenote_active":false,"_monsterinsights_sitenote_note":"","_monsterinsights_sitenote_category":0,"footnotes":""},"categories":[12],"tags":[61,63,105,53,102,213,55,103,106,427,62,104,979,1565],"aioseo_notices":[],"amp_enabled":true,"_links":{"self":[{"href":"https:\/\/speyer24news.com\/index.php?rest_route=\/wp\/v2\/posts\/15444"}],"collection":[{"href":"https:\/\/speyer24news.com\/index.php?rest_route=\/wp\/v2\/posts"}],"about":[{"href":"https:\/\/speyer24news.com\/index.php?rest_route=\/wp\/v2\/types\/post"}],"author":[{"embeddable":true,"href":"https:\/\/speyer24news.com\/index.php?rest_route=\/wp\/v2\/users\/3"}],"replies":[{"embeddable":true,"href":"https:\/\/speyer24news.com\/index.php?rest_route=%2Fwp%2Fv2%2Fcomments&post=15444"}],"version-history":[{"count":4,"href":"https:\/\/speyer24news.com\/index.php?rest_route=\/wp\/v2\/posts\/15444\/revisions"}],"predecessor-version":[{"id":15459,"href":"https:\/\/speyer24news.com\/index.php?rest_route=\/wp\/v2\/posts\/15444\/revisions\/15459"}],"wp:attachment":[{"href":"https:\/\/speyer24news.com\/index.php?rest_route=%2Fwp%2Fv2%2Fmedia&parent=15444"}],"wp:term":[{"taxonomy":"category","embeddable":true,"href":"https:\/\/speyer24news.com\/index.php?rest_route=%2Fwp%2Fv2%2Fcategories&post=15444"},{"taxonomy":"post_tag","embeddable":true,"href":"https:\/\/speyer24news.com\/index.php?rest_route=%2Fwp%2Fv2%2Ftags&post=15444"}],"curies":[{"name":"wp","href":"https:\/\/api.w.org\/{rel}","templated":true}]}}