{"id":15460,"date":"2019-07-01T11:11:52","date_gmt":"2019-07-01T10:11:52","guid":{"rendered":"https:\/\/speyer24news.com\/?p=15460"},"modified":"2019-07-01T11:11:53","modified_gmt":"2019-07-01T10:11:53","slug":"kirche-12","status":"publish","type":"post","link":"https:\/\/speyer24news.com\/?p=15460","title":{"rendered":"Kirche:"},"content":{"rendered":"<style type=\"text\/css\">\r\n\t.ads_top_disp{}\r\n\t.ads_top_corner_disp{ float:left; margin:0px 10px 10px 0px; }\r\n\t.ads_first_p_disp{}\r\n\t.ads_bottom_disp{}\r\n\t<\/style>\n<h2 class=\"wp-block-heading\">Terminkalender des Bistum Speyer im Juli 2019<\/h2>\n\n\n\n<div class=\"wp-block-image\"><figure class=\"aligncenter\"><img decoding=\"async\" src=\"https:\/\/speyer24news.com\/wp-content\/uploads\/2019\/07\/Dom.jpg\" alt=\"\" class=\"wp-image-15469\"\/><\/figure><\/div>\n\n\n\n<p>1.7.    1999 Besuch von Bundespr\u00e4sident Prof. Dr. Roman Herzog im Dom zu Speyer (vor 20 Jahren)<\/p>\n\n\n\n<p>2.7.     100. Todestag von Jakob Friedrich Bussereau<br>2.7.    9.30 Uhr Pontifikalamt mit Bischof Dr. Karl-Heinz Wiesemann mit Krankensalbung im Rahmen des Wallfahrtsprogrammes der Wallfahrt zum Hl. Blut in Walld\u00fcrn (16.06. bis 14.07.2019)<br>2.7.    2. Wallfahrtstag zum Annaberg bei Burrweiler; Frauenwallfahrtstag, vorbereitet von der Katholischen Frauengemeinschaft Deutschlands (kfd) <br>         6 Uhr, Morgenlob vor der Annakapelle <br>         8 Uhr, meditativer Berufungsweg ab Friedhof Burrweiler mit der kfd Edesheim<br>         10 Uhr, Wallfahrtsamt mit dem Di\u00f6zesanpr\u00e4ses der kfd, Pfarrer i.R. Norbert Kaiser, Hettenleidelheim<\/p>\n\n\n\n<p>3.7.\u2013 7.7.    8. Deutsches Chorfestival Pueri Cantores 2019 in Paderborn. Teilnahme von M\u00e4dchenchor und Domsingknaben am Dom zu Speyer.<\/p>\n\n\n\n<p>5.7.    18 Uhr Firmung von Studentinnen und Studenten durch Weihbischof Otto Georgens im Kloster Esthal.<\/p>\n\n\n\n<p>7.7.    2. Jahrestag der Verabschiedung des Atomwaffenverbotsvertrages durch 122 Staaten. Der Di\u00f6zesanverband Speyer der katholischen Friedensbewegung pax christi ruft gemeinsam mit anderen kirchlichen und nicht-kirchlichen Organisationen zu einem Aktionstag am Fliegerhorst B\u00fcchel in der Eifel auf<br>     11 Uhr Er\u00f6ffnung und Kulturprogramm<br>     14 Uhr \u00f6kumenischer Gottesdienst mit Predigt von Dr. Margot K\u00e4\u00dfmann, Landesbisch\u00f6fin i. R.<br>     15 Uhr gemeinsame Symbolhandlung und Verabschiedung<\/p>\n\n\n\n<p>8.7.    Gedenktag von Disibod, Einsiedler an der Nahe<\/p>\n\n\n\n<p>9.7.    3. Wallfahrtstag zum Annaberg bei Burrweiler<br>     8 Uhr Kreuzweg ab der Pfarrkirche Burrweiler mit der kfd Edesheim<br>     10 Uhr Wallfahrtsamt<br>     Prediger: Generalvikar Andreas Sturm<\/p>\n\n\n\n<p>13.7.    Nightfever \u2013 Special im Dom zu Speyer.<br>     18 Uhr Heilige Messe, anschlie\u00dfend Gebet, Gesang, Gespr\u00e4ch<br> 22.30 Uhr Nachtgebet (Komplet)<\/p>\n\n\n\n<p>15.7.    Gedenktag von Bernhard, Markgraf von Baden<\/p>\n\n\n\n<p>16.7.    4. Wallfahrtstag zum Annaberg bei Burrweiler; Ministrantenwallfahrt <br>     10 Uhr, Wallfahrtsamt mit Pfarrer Andreas Jacob, Edenkoben<\/p>\n\n\n\n<p>21.7.    Wallfahrt der Oberschlesier zum Annaberg bei Burrweiler <br>     ab 9.30 Beichtgelegenheit<br>     10.30 Uhr, Wallfahrtsgottesdienst mit Pfarrer i.R. Johannes Klaka, Landau <br>     13.30 Uhr, feierliche Vesper mit Prozession.<\/p>\n\n\n\n<p>22.7.    Weltpilgertag<\/p>\n\n\n\n<p>23.7.    5. Wallfahrtstag zum Annaberg bei Burrweiler <br>     10 Uhr, Wallfahrtsamt mit Pfarrer Thomas Buchert, Bellheim<\/p>\n\n\n\n<p>27.7.    Gedenktag und Todestag des Hl. Benno von Osnabr\u00fcck (Benno-Portal und Darstellung auf dem Hauptportal innen)<\/p>\n\n\n\n<p>27.7.    19.30 Uhr Orgelkonzert im Rahmen des Orgelzyklus 2019 im Speyerer Dom mit Christoph Keggenhoff, Speyer.<\/p>\n\n\n\n<p>30.7.    6. Wallfahrtstag zum Annaberg bei Burrweiler; Wallfahrt des Dekanates Landau<br>     8 Uhr, Meditativer Berufungsweg ab Friedhof Burrweiler <br>     10 Uhr, Wallfahrtsamt mit Prodekan Arno Vogt, Herxheim<\/p>\n\n\n\n<p><em>Bistum Speyer<br>01.07.2019<\/em><\/p>\n\n\n\n<p>Ein Zeichen f\u00fcr den Abzug und das Verbot von Atomwaffen<\/p>\n\n\n\n<h3 class=\"wp-block-heading\">Di\u00f6zesanverband pax christi ruft zu Aktionstag am Fliegerhorst B\u00fcchel in der Eifel am 7. Juli ein<\/h3>\n\n\n\n<div class=\"wp-block-image\"><figure class=\"aligncenter\"><img decoding=\"async\" loading=\"lazy\" width=\"800\" height=\"537\" src=\"https:\/\/speyer24news.com\/wp-content\/uploads\/2019\/07\/B-61-Kernwaffen-USA-gemeinfrei.jpg\" alt=\"\" class=\"wp-image-15468\" srcset=\"https:\/\/speyer24news.com\/wp-content\/uploads\/2019\/07\/B-61-Kernwaffen-USA-gemeinfrei.jpg 800w, https:\/\/speyer24news.com\/wp-content\/uploads\/2019\/07\/B-61-Kernwaffen-USA-gemeinfrei-300x201.jpg 300w, https:\/\/speyer24news.com\/wp-content\/uploads\/2019\/07\/B-61-Kernwaffen-USA-gemeinfrei-768x516.jpg 768w\" sizes=\"(max-width: 800px) 100vw, 800px\" \/><figcaption>B 61 -Freifall Kernwaffen im arsenal der US Streitkr\u00e4fte Foto: DefenseLINK Multimedia Gallery <\/figcaption><\/figure><\/div>\n\n\n\n<p><strong>Speyer &#8211; <\/strong>Der Di\u00f6zesanverband Speyer der katholischen Friedensbewegung pax christi ruft gemeinsam mit anderen kirchlichen und nicht-kirchlichen Organisationen zu einem Aktionstag am Fliegerhorst B\u00fcchel in der Eifel am <strong>Sonntag, den 7. Juli<\/strong>, auf. \u201eWir laden alle Menschen ein, die f\u00fcr den Abzug und ein Verbot der Atomwaffen sind, vor dem Fliegerhorst \u00f6ffentlich und gewaltfrei daf\u00fcr einzutreten und den Umstieg auf eine friedenslogische Au\u00dfen- und Sicherheitspolitik zu fordern\u201c, erkl\u00e4rt Michael Strake, Gesch\u00e4ftsf\u00fchrer des Speyerer Di\u00f6zesanverbandes von pax christi. \u201eGlauben, Gewissen und politische Vernunft bewegen uns, Massenvernichtungswaffen abzulehnen.\u201c Am Fliegerhorst B\u00fcchel lagern US-amerikanische Atomwaffen.<\/p>\n\n\n\n<p>Pax christi weist auf den \u00f6kumenischen Rat der Kirchen hin, der 2013 zu einem Pilgerweg der Gerechtigkeit und des Friedens aufgerufen hat. Der Aktionstag in der Eifel sei ein Schritt auf diesem Weg. \u201eWir freuen uns, wenn m\u00f6glichst viele Mitglieder kirchlicher Gemeinden und Gleichgesinnte von au\u00dferhalb der Kirchen an dem Aktionstag teilnehmen und angesichts zunehmender Kriegsgefahren ein deutliches Zeichen f\u00fcr eine friedlichere Zukunft setzen\u201c, so Michael Strake.<\/p>\n\n\n\n<p>Der Aktionstag wird um 11 Uhr mit einem Kulturprogramm er\u00f6ffnet. Interviews und kurze Ansprache wechseln sich ab mit Lyrik und Musik der Gruppe \u201eRostlos\u201c. Um 14 Uhr ist ein \u00f6kumenischer Gottesdienst geplant. Die Predigt h\u00e4lt die ehemalige Landesbisch\u00f6fin und Ratsvorsitzende der Evangelischen Kirche in Deutschland Dr. Margot K\u00e4\u00dfmann. Die Evangelische Kirche der Pfalz bietet f\u00fcr die Teilnehmerinnen und Teilnehmer eine gemeinsame Anreise mit dem Bus an.<\/p>\n\n\n\n<p>Anmeldung:<\/p>\n\n\n\n<p>Arbeitsstelle Frieden und Umwelt<br>Gro\u00dfe Himmelsgasse 3<br>67346 Speyer<br><a href=\"detlev.besier@evkirchepfalz.de\">detlev.besier@evkirchepfalz.de<\/a><\/p>\n\n\n\n<p><em>Text: Bistum Speyer Foto: DefenseLINK Multimedia Gallery<br>01.07.2019<\/em><\/p>\n\n\n\n<h2 class=\"wp-block-heading\">\u201eIm Herzen des christlichen Europa\u201c<\/h2>\n\n\n\n<h3 class=\"wp-block-heading\">Dom-Besuch von Roman Herzog am Ende seiner Amtszeit j\u00e4hrt sich zum 30. Mal<\/h3>\n\n\n\n<div class=\"wp-block-image\"><figure class=\"aligncenter\"><img decoding=\"async\" loading=\"lazy\" width=\"800\" height=\"551\" src=\"https:\/\/speyer24news.com\/wp-content\/uploads\/2019\/07\/1999-01-07-Roman-Herzog-Goldenes-Buch-Speyer_m.jpg\" alt=\"\" class=\"wp-image-15467\" srcset=\"https:\/\/speyer24news.com\/wp-content\/uploads\/2019\/07\/1999-01-07-Roman-Herzog-Goldenes-Buch-Speyer_m.jpg 800w, https:\/\/speyer24news.com\/wp-content\/uploads\/2019\/07\/1999-01-07-Roman-Herzog-Goldenes-Buch-Speyer_m-300x207.jpg 300w, https:\/\/speyer24news.com\/wp-content\/uploads\/2019\/07\/1999-01-07-Roman-Herzog-Goldenes-Buch-Speyer_m-768x529.jpg 768w\" sizes=\"(max-width: 800px) 100vw, 800px\" \/><figcaption> <em>Eintrag von Roman Herzog in das Goldene Buch des Doms zu Speyer am 1. Juni 1999. Foto \u00a9 Domkapitel Speyer<\/em><\/figcaption><\/figure><\/div>\n\n\n\n<p><strong>Speyer &#8211; <\/strong>Der Speyerer Dom hatte f\u00fcr Roman Herzog eine gro\u00dfe pers\u00f6nliche Bedeutung. Davon zeugen jedoch nicht die offiziellen sondern ein sehr pers\u00f6nlicher, inoffizieller Besuch, der auf den 1. Juli 1999 datiert. Dies war der erste Tag, an dem Herzog nicht mehr amtierender Bundespr\u00e4sident der Bundesrepublik Deutschland war. Altbischof Dr. Anton Schlembach erinnert sich noch gut an die damalige Begegnung mit Roman Herzog. Dieser habe ihn angerufen und darum gebeten, dass der Bischof zusammen mit ihm und seiner Frau Christiane in den Dom gehen m\u00f6ge. Bewusst sei dieser Besuch Herzogs inoffiziell gewesen, das hei\u00dft ohne Protokoll und ohne \u00f6ffentliche Aufmerksamkeit. Herzog habe geraume Zeit in stillem Gebet verbracht. Zu Bischof Schlembach sagte er: \u201eIch habe viel zu danken in meinem Leben\u201c und deshalb sei es ihm ein Anliegen gewesen, zu diesem Zeitpunkt in den Dom zu kommen. Ein Bed\u00fcrfnis war es Roman Herzog augenscheinlich auch, sich trotz des inoffiziellen Charakters des Besuchs in das Goldene Buch des Doms einzutragen. Er tat dies mit den Worten: \u201eMeine Amtszeit als Bundespr\u00e4sident habe ich hier beendet &#8211; im Herzen des christlichen Europa. Ich bin unendlich dankbar.\u201c<\/p>\n\n\n\n<p>\u201eRoman Herzog war eine pr\u00e4gende Pers\u00f6nlichkeit und ein \u00fcberzeugender Bundespr\u00e4sident, der seine Werte aus dem christlichen Glauben gesch\u00f6pft hat. Als engagierter und couragierter Christ hat er dem Land und den Menschen Orientierung und Zuversicht vermittelt. Mit Speyer und seinem Dom verband ihn eine enge Beziehung, die in mehreren offiziellen wie auch zahlreichen privaten Besuchen ihren Ausdruck fand. Das Bistum Speyer ist ihm und seiner Familie im Gebet verbunden und wird ihm ein ehrendes und dankbares Andenken bewahren.\u201c Mit diesen Worten w\u00fcrdigte der Speyerer Bischof Dr. Karl-Heinz Wiesemann den Altbundespr\u00e4sidenten und vormaligen Pr\u00e4sidenten den Bundverfassungsgerichts Prof. Dr. Roman Herzog anl\u00e4sslich seines Todes im Jahr 2017.<\/p>\n\n\n\n<p>Dreimal besuchte Herzog den Dom im Rahmen offizieller Anl\u00e4sse. Am 23. November 1993 trug er sich als Pr\u00e4sident des Bundesverfassungsgerichts in das Goldene Buch des Doms ein. In derselben Funktion stattete er der romanischen Kathedrale am 15. April 1994 erneut einen Besuch ab. Diesmal zusammen mit dem \u00d6sterreichischen Verfassungsgerichtshof. Ein drittes Mal besuchte Herzog am 17. Oktober 1998 den Dom zu Speyer. Anlass war der Staatsbesuch von Bundeskanzler Helmut Kohl anl\u00e4sslich seiner Verabschiedung durch die Bundeswehr.<\/p>\n\n\n\n<p>Domsakristan Markus Belz erinnert sich daran, dass Roman Herzog den Dom mehrmals \u201einkognito\u201c und ohne Vorank\u00fcndigung besuchte. Sowohl w\u00e4hrend der Amtszeit als Bundespr\u00e4sident als auch danach suchte er den Dom am fr\u00fchen Samstagmorgen auf, zu einer Zeit, wenn meist noch wenig Besucher in der Kathedrale unterwegs sind. Teils sei Herzog alleine gewesen, teils habe er G\u00e4ste herum gef\u00fchrt, so Belz. Den Personenschutz habe er drau\u00dfen warten lassen.<\/p>\n\n\n\n<p><em>Text: Bistum Speyer Foto: Domkapitel Speyer<br>01.07.2019<\/em><\/p>\n\n\n\n<h2 class=\"wp-block-heading\">Bistum Speyer startet \u201eArbeitsschutz mit System\u201c<\/h2>\n\n\n\n<div class=\"wp-block-image\"><figure class=\"aligncenter\"><img decoding=\"async\" loading=\"lazy\" width=\"800\" height=\"605\" src=\"https:\/\/speyer24news.com\/wp-content\/uploads\/2019\/07\/Arbeitsschutz-1.jpg\" alt=\"\" class=\"wp-image-15463\" srcset=\"https:\/\/speyer24news.com\/wp-content\/uploads\/2019\/07\/Arbeitsschutz-1.jpg 800w, https:\/\/speyer24news.com\/wp-content\/uploads\/2019\/07\/Arbeitsschutz-1-300x227.jpg 300w, https:\/\/speyer24news.com\/wp-content\/uploads\/2019\/07\/Arbeitsschutz-1-768x581.jpg 768w, https:\/\/speyer24news.com\/wp-content\/uploads\/2019\/07\/Arbeitsschutz-1-80x60.jpg 80w\" sizes=\"(max-width: 800px) 100vw, 800px\" \/><\/figure><\/div>\n\n\n\n<p><strong>Speyer &#8211; <\/strong>In den Kirchen in Deutschland ereignen sich jedes Jahr rund 5.000 Arbeitsunf\u00e4lle. In rund 130 F\u00e4llen sind die Verletzungen so gravierend, dass die Erwerbsf\u00e4higkeit der Mitarbeitenden dauerhaft eingeschr\u00e4nkt ist oder sogar ganz verloren geht. Das Bistum Speyer ist entschlossen, gegen diese Entwicklung anzugehen, und hat daher gemeinsam mit der Verwaltungsberufsgenossenschaft das Projekt \u201eArbeitsschutz mit System\u201c (AMS) gestartet. Einer der ersten Schritte war ein zweit\u00e4giges Seminar f\u00fcr die F\u00fchrungskr\u00e4fte des Bisch\u00f6flichen Ordinariats zu den Themen Arbeitssicherheit und Gesundheitsschutz. \u201eWir setzen damit ein starkes Zeichen, dass wir Arbeitssicherheit und Gesundheitsschutz zu unserer Sache machen\u201c, erkl\u00e4rte Generalvikar Andreas Sturm zum Auftakt der Veranstaltung im Geistlichen Zentrum Maria Rosenberg.<\/p>\n\n\n\n<div class=\"wp-block-image\"><figure class=\"aligncenter\"><img decoding=\"async\" loading=\"lazy\" width=\"800\" height=\"528\" src=\"https:\/\/speyer24news.com\/wp-content\/uploads\/2019\/07\/Arbeitsschutz-2.jpg\" alt=\"\" class=\"wp-image-15464\" srcset=\"https:\/\/speyer24news.com\/wp-content\/uploads\/2019\/07\/Arbeitsschutz-2.jpg 800w, https:\/\/speyer24news.com\/wp-content\/uploads\/2019\/07\/Arbeitsschutz-2-300x198.jpg 300w, https:\/\/speyer24news.com\/wp-content\/uploads\/2019\/07\/Arbeitsschutz-2-768x507.jpg 768w\" sizes=\"(max-width: 800px) 100vw, 800px\" \/><\/figure><\/div>\n\n\n\n<p>Joachim Papst und Georg Kr\u00e4mer von der Verwaltungsberufsgenossenschaft sowie Stefanie Mohr, die Leiterin des Referats Arbeitssicherheit und Gesundheitsschutz im Bisch\u00f6flichen Ordinariat, sch\u00e4rften die Aufmerksamkeit der Teilnehmerinnen und Teilnehmer f\u00fcr Gef\u00e4hrdungen im beruflichen Alltag und vermitteln den F\u00fchrungskr\u00e4ften methodisches Know-How, um die Risiken zu minimieren. Dazu wurden Gef\u00e4hrdungsfaktoren identifiziert und der technische, organisatorische und personenbezogene Handlungsbedarf ermittelt und beurteilt. Eine wichtige Rolle spielten dabei das Arbeiten am Bildschirm sowie Ma\u00dfnahmen f\u00fcr Erste Hilfe und zum Brandschutz. \u201eAuch psychische Belastungen kommen in den vergangenen Jahren in der beruflichen Praxis geh\u00e4uft vor\u201c, machten die Referenten deutlich. Sie k\u00f6nnen zu Motivationsverlust, Aggression, R\u00fcckzug oder Krankheit f\u00fchren. Eine Kl\u00e4rung der Arbeitsaufgabe und der Arbeitsorganisation sind vielfach ein Schl\u00fcssel, um die \u00dcberforderung entgegenzuwirken. \u201eArbeitssicherheit ist ein kontinuierlicher Verbesserungsprozess. Wir werden die 100 Prozent nie erreichen, k\u00f6nnen uns diesem Ziel aber immer mehr ann\u00e4hern\u201c, pl\u00e4dierte das Referententeam f\u00fcr realistische Erwartungen und eine effiziente Herangehensweise. Ihre Empfehlungen zielten darauf, eine Pr\u00e4ventionskultur im Bistum Speyer zu f\u00f6rdern. \u201eDazu m\u00fcssen F\u00fchrungskr\u00e4fte selbst Vorbilder sein und ihre Mitarbeiterinnen und Mitarbeiter gezielt unterst\u00fctzen\u201c, betonten die Experten der Berufsgenossenschaft.<\/p>\n\n\n\n<div class=\"wp-block-image\"><figure class=\"aligncenter\"><img decoding=\"async\" loading=\"lazy\" width=\"800\" height=\"591\" src=\"https:\/\/speyer24news.com\/wp-content\/uploads\/2019\/07\/Arbeitsschutz-3.jpg\" alt=\"\" class=\"wp-image-15465\" srcset=\"https:\/\/speyer24news.com\/wp-content\/uploads\/2019\/07\/Arbeitsschutz-3.jpg 800w, https:\/\/speyer24news.com\/wp-content\/uploads\/2019\/07\/Arbeitsschutz-3-300x222.jpg 300w, https:\/\/speyer24news.com\/wp-content\/uploads\/2019\/07\/Arbeitsschutz-3-768x567.jpg 768w, https:\/\/speyer24news.com\/wp-content\/uploads\/2019\/07\/Arbeitsschutz-3-80x60.jpg 80w\" sizes=\"(max-width: 800px) 100vw, 800px\" \/><\/figure><\/div>\n\n\n\n<p>Das Bistum Speyer hat f\u00fcr die F\u00f6rderung der Arbeitssicherheit einen Lenkungskreis und ein Projektteam installiert. In einem ersten Schritt sollen jetzt geeignete Ma\u00dfnahmen entwickelt und im Bisch\u00f6flichen Ordinariat und seinen Au\u00dfenstellen erprobt werden. Anschlie\u00dfend wird das Arbeitsschutzmanagement auch in den Pfarreien und in den Kindertagesst\u00e4tten des Bistums Anwendung finden.<\/p>\n\n\n\n<div class=\"wp-block-image\"><figure class=\"aligncenter\"><img decoding=\"async\" loading=\"lazy\" width=\"800\" height=\"600\" src=\"https:\/\/speyer24news.com\/wp-content\/uploads\/2019\/07\/Arbeitsschutz.jpg\" alt=\"\" class=\"wp-image-15466\" srcset=\"https:\/\/speyer24news.com\/wp-content\/uploads\/2019\/07\/Arbeitsschutz.jpg 800w, https:\/\/speyer24news.com\/wp-content\/uploads\/2019\/07\/Arbeitsschutz-300x225.jpg 300w, https:\/\/speyer24news.com\/wp-content\/uploads\/2019\/07\/Arbeitsschutz-768x576.jpg 768w, https:\/\/speyer24news.com\/wp-content\/uploads\/2019\/07\/Arbeitsschutz-678x509.jpg 678w, https:\/\/speyer24news.com\/wp-content\/uploads\/2019\/07\/Arbeitsschutz-326x245.jpg 326w, https:\/\/speyer24news.com\/wp-content\/uploads\/2019\/07\/Arbeitsschutz-80x60.jpg 80w\" sizes=\"(max-width: 800px) 100vw, 800px\" \/><\/figure><\/div>\n\n\n\n<p><strong>Kontakt:<\/strong><\/p>\n\n\n\n<p> Bistum Speyer<br> Referat Arbeitssicherheit und Gesundheitsschutz<br> Sicherheitsingenieurin Stefanie Mohr<br> Tel: 06232 102 414<br> E-Mail: <a href=\"arbeitssicherheit@bistum-speyer.de\">arbeitssicherheit@bistum-speyer.de<\/a><\/p>\n\n\n\n<p>Weitere Informationen: <a href=\"https:\/\/www.bistum-speyer.de\/bistum\/aufbau-und-organisation\/verwaltung\/zentralstelle\/kanzlei\/arbeitssicherheitgesundheitsschutz\/\">https:\/\/www.bistum-speyer.de\/bistum\/aufbau-und-organisation\/verwaltung\/zentralstelle\/kanzlei\/arbeitssicherheitgesundheitsschutz\/<\/a><\/p>\n\n\n\n<p><em>Bistum Speyer<br>01.07.2019<\/em><\/p>\n\n\n\n<h2 class=\"wp-block-heading\">Barrieren real und in den K\u00f6pfen abbauen<\/h2>\n\n\n\n<h3 class=\"wp-block-heading\">Im Bistum Speyer gibt es neue Inklusionskisten<\/h3>\n\n\n\n<div class=\"wp-block-image\"><figure class=\"aligncenter\"><img decoding=\"async\" loading=\"lazy\" width=\"800\" height=\"533\" src=\"https:\/\/speyer24news.com\/wp-content\/uploads\/2019\/07\/inklusionskisten-1.jpg\" alt=\"\" class=\"wp-image-15461\" srcset=\"https:\/\/speyer24news.com\/wp-content\/uploads\/2019\/07\/inklusionskisten-1.jpg 800w, https:\/\/speyer24news.com\/wp-content\/uploads\/2019\/07\/inklusionskisten-1-300x200.jpg 300w, https:\/\/speyer24news.com\/wp-content\/uploads\/2019\/07\/inklusionskisten-1-768x512.jpg 768w\" sizes=\"(max-width: 800px) 100vw, 800px\" \/><figcaption>Inklusives Spiel: Beim Tast-Memory k\u00f6nnen sehbeeintr\u00e4chtigte Menschen mit gut Sehenden gemeinsam spielen.<\/figcaption><\/figure><\/div>\n\n\n\n<p><strong>Speyer &#8211; <\/strong>Inklusion einfach machen \u2013 ganz praktisch und ohne gro\u00dfe Vorbereitung. Barrieren real und in den K\u00f6pfen abbauen: Diese Ziele verfolgen die neuen Inklusionskisten, die die Abteilung Seelsorge f\u00fcr Menschen mit Behinderung jetzt im Bistum Speyer anbietet.<\/p>\n\n\n\n<p>\u201eDie Kisten beinhalten Bausteine f\u00fcr mehr Inklusion, die man unkompliziert und ohne gro\u00dfen Aufwand anwenden kann\u201c, erl\u00e4utert Projektleiterin Katharina Kintz. Insgesamt stehen f\u00fcnf Kisten zur Verf\u00fcgung. Jede Kiste umfasst zehn Bausteine. Die Kiste \u201eInklusion und Liturgie\u201c gibt Anst\u00f6\u00dfe, wie Gottesdienste, Katechesen und liturgische Feiern inklusiv gestaltet und erlebt werden. \u201eInklusion und Bildung\u201c regt zum Austausch \u00fcber Behinderung und Inklusion an, informiert \u00fcber Teilhabe und zeigt, wie man mit beeintr\u00e4chtigten Menschen respektvoll umgeht. In der Kiste finden sich auch Hinweise zu barrierefreien Bildungsangeboten. In der Kiste \u201eInklusion und Verwaltung\u201c stecken Infos zur Barrierefreiheit von Geb\u00e4uden samt Finanzierungstipps.<\/p>\n\n\n\n<p>\u201eInklusion und \u00d6ffentlichkeitsarbeit\u201c macht unter anderem deutlich, wie barrierearme Pfarrbriefe, Webseiten und Pfarrfeste aussehen. \u201eInklusion und Erleben\u201c bietet inklusive Spiele wie ein Tast-Memory und gibt Menschen ohne Handicap die Chance, sich in beeintr\u00e4chtigte Menschen einzuf\u00fchlen und zu denken. M\u00f6glich wird das mit speziellen Brillen, die Sehbeeintr\u00e4chtigungen simulieren. Am Beispiel aus Landau schildert ein Kisten-Baustein, wie eine inklusive Sternsingeraktion funktioniert.<\/p>\n\n\n\n<p>Alle Bausteine sind direkt umsetzbar. Sie wollen zeigen, dass auch an kleinen Stellschrauben gedreht werden kann, um mehr Inklusion zu erreichen. Sie wollen Unsicherheiten gegen\u00fcber Menschen mit Behinderungen begegnen und das Bewusstsein f\u00fcr ein Miteinander sch\u00e4rfen. Katharina Kintz ist \u00fcberzeugt, dass viele Akteure bereits unbewusst inklusiv handeln. Frageb\u00f6gen und Selbsttests in den Inklusionskisten dienen dazu, dieses Handeln bewusst zu machen. Die Projektleiterin hofft au\u00dferdem, dass die Inklusionskisten zum Austausch zwischen Pfarreien anregen.<\/p>\n\n\n\n<div class=\"wp-block-image\"><figure class=\"aligncenter\"><img decoding=\"async\" loading=\"lazy\" width=\"800\" height=\"533\" src=\"https:\/\/speyer24news.com\/wp-content\/uploads\/2019\/07\/inklusionskisten-2.jpg\" alt=\"\" class=\"wp-image-15462\" srcset=\"https:\/\/speyer24news.com\/wp-content\/uploads\/2019\/07\/inklusionskisten-2.jpg 800w, https:\/\/speyer24news.com\/wp-content\/uploads\/2019\/07\/inklusionskisten-2-300x200.jpg 300w, https:\/\/speyer24news.com\/wp-content\/uploads\/2019\/07\/inklusionskisten-2-768x512.jpg 768w\" sizes=\"(max-width: 800px) 100vw, 800px\" \/><figcaption>Das Team der Seelsorge f\u00fcr Menschen mit Behinderung ist stolz auf sein neues Angebot: f\u00fcnf Inklusionskisten zu verschiedenen Themen.<\/figcaption><\/figure><\/div>\n\n\n\n<p>Die Seelsorge f\u00fcr Menschen mit Behinderung verleiht die Kisten bistumsweit an Pfarreien, Institutionen und Verb\u00e4nde und alle anderen Interessierten. \u201eDas Angebot ist offen f\u00fcr alle\u201c, betont Projektleiterin Kintz. Viele Bausteine seien im Hinblick auf Barrierefreiheit und Teilhabe in Kirche erstellt worden, aber es gebe ebenso viele allgemeine Anregungen.<\/p>\n\n\n\n<p>Neugierigen stellt sie die Inhalte der Kisten gerne pers\u00f6nlich vor. Beim Katholikentag am 15. September pr\u00e4sentiert das Team an seinem Stand das Projekt. \u201eJeder kann in die Kisten hineinschauen und Dinge ausprobieren\u201c, verspricht Katharina Kintz.<\/p>\n\n\n\n<p>Sie brachte die Idee \u201eInklusionskisten\u201c aus dem Bistum Limburg mit. Mit ihren Teamkollegen passte sie die Inhalte f\u00fcr das Bistum Speyer an, unter anderem das Vaterunser in der so genannten lautsprachbegleitenden Geb\u00e4rdensprache, bei der gleichzeitig geb\u00e4rdet und gesprochen wird. So k\u00f6nnen H\u00f6rende und Nichth\u00f6rende gemeinsam beten. Die Besonderheit dieses Vaterunsers im Bistum Speyer: Die Geb\u00e4rden reihen sich flie\u00dfend aneinander, sind poetisch, wie ein Gedicht, das mit den H\u00e4nden gesprochen wird. Entwickelt hat dies die Geh\u00f6rlosengruppe in Homburg. In der Kiste \u201eLiturgie und Inklusion\u201c liegt dieses Vaterunser auf einer CD bei.<\/p>\n\n\n\n<p>Die Inhalte sollen sich immer weiter entwickeln, denn auch das Thema Inklusion ist stark in Bewegung. Vorschl\u00e4ge und Anregungen erhofft sich die Seelsorge f\u00fcr Menschen mit Behinderung von allen, die die Kisten nutzen. In jeder findet sich ein R\u00fcckmeldebogen, auf dem das Team um Bewertung und Ideen bittet.<\/p>\n\n\n\n<p><strong>Informationen:<\/strong><\/p>\n\n\n\n<p>Was sich in jeder Kiste verbirgt, ist in Kurzform abrufbar unter: <a href=\"http:\/\/www.bistum-speyer.de\/seelsorge\/menschen-mit-behinderung\/inklusion\">www.bistum-speyer.de\/seelsorge\/menschen-mit-behinderung\/inklusion<\/a><\/p>\n\n\n\n<p>Ansprechpartnerin: <br>Katharina Kintz<br>Webergasse 11<br>67346 Speyer<br>Tel: 06232 102 179<br>Fax: 06232 102 176<br>E-Mail: <a href=\"katharina.kintz@bistum-speyer.de\">katharina.kintz@bistum-speyer.de<\/a><\/p>\n\n\n\n<p><em>Text &amp; Foto: Yvette Wagner<br>01.07.2019<\/em><\/p>\n","protected":false},"excerpt":{"rendered":"<div class=\"mh-excerpt\"><p>Terminkalender des Bistum Speyer im Juli 2019 1.7. 1999 Besuch von Bundespr\u00e4sident Prof. Dr. Roman Herzog im Dom zu Speyer (vor 20 Jahren) 2.7. 100. Todestag von Jakob Friedrich Bussereau2.7. 9.30 Uhr Pontifikalamt mit Bischof <a class=\"mh-excerpt-more\" href=\"https:\/\/speyer24news.com\/?p=15460\" title=\"Kirche:\">[&#8230;]<\/a><\/p>\n<\/div>","protected":false},"author":3,"featured_media":14437,"comment_status":"open","ping_status":"open","sticky":false,"template":"","format":"standard","meta":{"_monsterinsights_skip_tracking":false,"_monsterinsights_sitenote_active":false,"_monsterinsights_sitenote_note":"","_monsterinsights_sitenote_category":0,"footnotes":""},"categories":[120],"tags":[1823,174,1821,1824,1825,121,1822],"aioseo_notices":[],"amp_enabled":true,"_links":{"self":[{"href":"https:\/\/speyer24news.com\/index.php?rest_route=\/wp\/v2\/posts\/15460"}],"collection":[{"href":"https:\/\/speyer24news.com\/index.php?rest_route=\/wp\/v2\/posts"}],"about":[{"href":"https:\/\/speyer24news.com\/index.php?rest_route=\/wp\/v2\/types\/post"}],"author":[{"embeddable":true,"href":"https:\/\/speyer24news.com\/index.php?rest_route=\/wp\/v2\/users\/3"}],"replies":[{"embeddable":true,"href":"https:\/\/speyer24news.com\/index.php?rest_route=%2Fwp%2Fv2%2Fcomments&post=15460"}],"version-history":[{"count":1,"href":"https:\/\/speyer24news.com\/index.php?rest_route=\/wp\/v2\/posts\/15460\/revisions"}],"predecessor-version":[{"id":15470,"href":"https:\/\/speyer24news.com\/index.php?rest_route=\/wp\/v2\/posts\/15460\/revisions\/15470"}],"wp:featuredmedia":[{"embeddable":true,"href":"https:\/\/speyer24news.com\/index.php?rest_route=\/wp\/v2\/media\/14437"}],"wp:attachment":[{"href":"https:\/\/speyer24news.com\/index.php?rest_route=%2Fwp%2Fv2%2Fmedia&parent=15460"}],"wp:term":[{"taxonomy":"category","embeddable":true,"href":"https:\/\/speyer24news.com\/index.php?rest_route=%2Fwp%2Fv2%2Fcategories&post=15460"},{"taxonomy":"post_tag","embeddable":true,"href":"https:\/\/speyer24news.com\/index.php?rest_route=%2Fwp%2Fv2%2Ftags&post=15460"}],"curies":[{"name":"wp","href":"https:\/\/api.w.org\/{rel}","templated":true}]}}