{"id":15490,"date":"2019-07-01T15:11:14","date_gmt":"2019-07-01T14:11:14","guid":{"rendered":"https:\/\/speyer24news.com\/?p=15490"},"modified":"2019-07-01T15:56:42","modified_gmt":"2019-07-01T14:56:42","slug":"stadtnotizen-verkehrsnotizen-aus-speyer","status":"publish","type":"post","link":"https:\/\/speyer24news.com\/?p=15490","title":{"rendered":"Stadtnotizen &#038; Verkehrsnotizen aus Speyer:"},"content":{"rendered":"<style type=\"text\/css\">\r\n\t.ads_top_disp{}\r\n\t.ads_top_corner_disp{ float:left; margin:0px 10px 10px 0px; }\r\n\t.ads_first_p_disp{}\r\n\t.ads_bottom_disp{}\r\n\t<\/style>\n<h1 class=\"wp-block-heading\" style=\"text-align:center\">Stadtnotizen:<\/h1>\n\n\n\n<div class=\"wp-block-image\"><figure class=\"aligncenter\"><img decoding=\"async\" src=\"https:\/\/speyer24news.com\/wp-content\/uploads\/2019\/06\/Speyer-Stadtnachrichten-2-1.jpg\" alt=\"\" class=\"wp-image-15164\"\/><\/figure><\/div>\n\n\n\n<h2 class=\"wp-block-heading\">Stadtumbauprozess \u201eKernstadt Nord\u201c: B\u00fcrger*innen im Dialog zum Thema Mobilit\u00e4tspunkt Hauptbahnhof<\/h2>\n\n\n\n<div class=\"wp-block-image\"><figure class=\"aligncenter\"><img decoding=\"async\" loading=\"lazy\" width=\"800\" height=\"567\" src=\"https:\/\/speyer24news.com\/wp-content\/uploads\/2019\/06\/HBF.png\" alt=\"\" class=\"wp-image-15154\" srcset=\"https:\/\/speyer24news.com\/wp-content\/uploads\/2019\/06\/HBF.png 800w, https:\/\/speyer24news.com\/wp-content\/uploads\/2019\/06\/HBF-300x213.png 300w, https:\/\/speyer24news.com\/wp-content\/uploads\/2019\/06\/HBF-768x544.png 768w\" sizes=\"(max-width: 800px) 100vw, 800px\" \/><\/figure><\/div>\n\n\n\n<p>Der Workshop am am 26.06.2019 rund um die Mobilit\u00e4t und Gestaltung des Bahnhofsumfeldes in Speyer war trotz gro\u00dfer Hitze gut besucht. Im Schatten des Bahnhofsgeb\u00e4udes und der aufgebauten Pavillons sind viele B\u00fcrger<em>innen und Pendler<\/em>innen mit Oberb\u00fcrgermeisterin Stefanie Seiler, den Ansprechpartner<em>innen der Stadtverwaltung, den Planungsb\u00fcros und den weiteren Aktionsteilnehmer<\/em>innen ins Gespr\u00e4ch gekommen. Thematisch ging es insbesondere um die Verbesserung der Mobilit\u00e4tsangebote (E-Mobilit\u00e4t, Fahrradverkehr), Barrierefreiheit und Sicherheit sowie Service- bzw. Gestaltungsverbesserungen. Mit dabei waren die Stadtwerke, der ADFC und das Stadtmobil, die jeweils einen Informationsstand aufgebaut hatten. Auch Bahnhofsmanager der Deutschen Bahn, Ulrich Demmer, und ein Vertreter der Polizei standen den B\u00fcrger*innen Rede und Antwort.<\/p>\n\n\n\n<p>\u201eDie gro\u00dfe Resonanz auf diesen Nachmittag und die vielen positiven R\u00fcckmeldungen zur Beteiligungsaktion zeigen, dass die Menschen unserer Stadt an den pr\u00e4sentierten Themen sehr interessiert sind und dass der Weg der aktiven B\u00fcrgerbeteiligung genau richtig gew\u00e4hlt war. Das eingeholte Feedback wird nun in die weiteren Planungsschritte des Stadtumbauprozesses \u201eKernstadt Nord\u201c miteinbezogen\u201c, versichert Oberb\u00fcrgermeisterin Stefanie Seiler.<\/p>\n\n\n\n<p>Die Organisator<em>innen hatten auf mehreren Plakatw\u00e4nden verschiedene Themenbl\u00f6cke rund um den Mobilit\u00e4tspunkt Hauptbahnhof angepinnt. Die B\u00fcrger<\/em>innen konnten diese durch das Anbringen von Klebepunkten auf einer Skala von \u201esehr gut\u201c bis \u201esehr schlecht\u201c bewerten und anschlie\u00dfend auf Post-Its ihre pers\u00f6nlichen Einsch\u00e4tzungen, Anregungen, Vorschl\u00e4ge oder Kritik anbringen.<\/p>\n\n\n\n<div class=\"wp-block-image\"><figure class=\"aligncenter\"><img decoding=\"async\" loading=\"lazy\" width=\"800\" height=\"600\" src=\"https:\/\/speyer24news.com\/wp-content\/uploads\/2019\/07\/Mobilit\u00e4t-@-Stadtwerke-Speyer-Bademaxx.jpg\" alt=\"\" class=\"wp-image-15497\" srcset=\"https:\/\/speyer24news.com\/wp-content\/uploads\/2019\/07\/Mobilit\u00e4t-@-Stadtwerke-Speyer-Bademaxx.jpg 800w, https:\/\/speyer24news.com\/wp-content\/uploads\/2019\/07\/Mobilit\u00e4t-@-Stadtwerke-Speyer-Bademaxx-300x225.jpg 300w, https:\/\/speyer24news.com\/wp-content\/uploads\/2019\/07\/Mobilit\u00e4t-@-Stadtwerke-Speyer-Bademaxx-768x576.jpg 768w, https:\/\/speyer24news.com\/wp-content\/uploads\/2019\/07\/Mobilit\u00e4t-@-Stadtwerke-Speyer-Bademaxx-678x509.jpg 678w, https:\/\/speyer24news.com\/wp-content\/uploads\/2019\/07\/Mobilit\u00e4t-@-Stadtwerke-Speyer-Bademaxx-326x245.jpg 326w, https:\/\/speyer24news.com\/wp-content\/uploads\/2019\/07\/Mobilit\u00e4t-@-Stadtwerke-Speyer-Bademaxx-80x60.jpg 80w\" sizes=\"(max-width: 800px) 100vw, 800px\" \/><figcaption>Stand der Stadtwerke Speyer (SWS) GmbH (Foto: Stadtwerke Speyer)<\/figcaption><\/figure><\/div>\n\n\n\n<p>Die meisten Beitr\u00e4ge entfielen auf den Bereich der Service- und Gestaltverbesserung. Haupts\u00e4chlich w\u00fcnschten sich die B\u00fcrger*innen mehr Sitzm\u00f6glichkeiten und saubere WCs, aber auch eine Verbesserung des Kleinklimas, z.B. durch Begr\u00fcnungsma\u00dfnahmen, Verschattungen, Spr\u00fchbrunnenanlagen und Trinkbrunnen. Kritisiert wurden funktionale M\u00e4ngel, wie defekte T\u00fcren und D\u00e4cher auf den Bahnsteigen sowie der verbesserungsw\u00fcrdige Standort des Briefkastens in einer Ecke. Ebenfalls als wichtig erachtet wurden eine barrierefreie und jederzeit zug\u00e4ngliche WC-Anlage sowie ein kleiner Supermarkt, Bankautomaten, Paketstationen, Schlie\u00dff\u00e4cher und Lastenfahrr\u00e4der.<\/p>\n\n\n\n<p>In die Kritik geriet vor allem die Barrierefreiheit am Bahnhof. Als Verbesserungsma\u00dfnahmen wurden beispielsweise Rampenanlagen zur \u00dcberwindung der Eingangstreppe vorgeschlagen &#8211; nicht nur f\u00fcr Rollst\u00fchle, sondern auch f\u00fcr Kinderw\u00e4gen, Rollatoren und rollende Gep\u00e4ckst\u00fccke. Bem\u00e4ngelt wurde weiterhin der fehlende Notruf am Lift und allgemein die Zug\u00e4nglichkeit der Bahnsteige.<\/p>\n\n\n\n<p>Beim Thema Mobilit\u00e4t\/Fahrradinfrastruktur sprachen sich die Anwesenden f\u00fcr einen zweiten Zugang zum Bahnhof, mehr sichere Radabstellm\u00f6glichkeiten, einen Fahrradreparaturservice und breitere Radwege und \u00dcberg\u00e4nge am Bahnhof aus.<\/p>\n\n\n\n<p>Weitgehend gut bewertet wurde das Thema Sicherheit. Zu beanstanden ist aus Sicht der B\u00fcrger*innen allerdings die Anzahl an Fahrraddiebst\u00e4hlen und der Vandalismus an Fahrr\u00e4dern. Um dem entgegenzuwirken wurden eine Verbesserung der Beleuchtung und h\u00e4ufigere Kontrollen &#8211; gegebenenfalls auch durch Video\u00fcberwachung &#8211; angeregt.<\/p>\n\n\n\n<p>Im offenen Dialograum wurden auch weiterf\u00fchrende stadtr\u00e4umliche Themen angesprochen wie z.B. Taktzeiten von Bus und Bahn, Ampelschaltungen, Forderung nach weniger Autoverkehr, mehr Werbung f\u00fcr das Parkhaus, Tempo 30 in der Bahnhofstra\u00dfe und eine Einbahnstra\u00dfenregelung.<\/p>\n\n\n\n<p>Der n\u00e4chste Planungsworkshop im Rahmen des Stadtumbauprozesses <strong>\u201eKernstadt-Nord\u201c <\/strong>zum Thema \u201e<strong>Postplatz<\/strong>\u201c findet am <strong>21. Oktober 2019 um 16 Uhr am Postplatz<\/strong> statt.<\/p>\n\n\n\n<p><em>Text: Stadt Speyer Foto: Stadtwerke Speyer (SWS) GmbH<br>01.07.2019<\/em><\/p>\n\n\n\n<h2 class=\"wp-block-heading\">Oberb\u00fcrgermeisterin Stefanie Seiler reagiert auf die angespannte Personalsituation in der Verwaltung<\/h2>\n\n\n\n<div class=\"wp-block-image\"><figure class=\"aligncenter\"><img decoding=\"async\" loading=\"lazy\" width=\"500\" height=\"647\" src=\"https:\/\/speyer24news.com\/wp-content\/uploads\/2019\/07\/Speyer-Wappen-ganz-alt.jpg\" alt=\"\" class=\"wp-image-15502\" srcset=\"https:\/\/speyer24news.com\/wp-content\/uploads\/2019\/07\/Speyer-Wappen-ganz-alt.jpg 500w, https:\/\/speyer24news.com\/wp-content\/uploads\/2019\/07\/Speyer-Wappen-ganz-alt-232x300.jpg 232w\" sizes=\"(max-width: 500px) 100vw, 500px\" \/><\/figure><\/div>\n\n\n\n<p>Mit einer Aufhebung der 6-monatigen Sperre f\u00fcr die Wiederbesetzung frei werdender Stellen hat Oberb\u00fcrgermeisterin Stefanie Seiler auf die angespannte Personalsituation in der Stadtverwaltung reagiert. Mit Blick auf die starke Arbeitsbelastung in den Abteilungen und Stabsstellen k\u00f6nnen frei werdende Stellen bei der Stadtverwaltung k\u00fcnftig grunds\u00e4tzlich zeitnah nachbesetzt werden. 2012 hatte Seilers Amtsvorg\u00e4nger Hansj\u00f6rg Eger eine derartige Wiederbesetzungssperre verf\u00fcgt. \u201eAls dienstleistungsorientierte Verwaltung m\u00fcssen wir ein Interesse daran haben, unsere Aufgaben ohne lange Wartezeiten zu erf\u00fcllen,\u201c so die Oberb\u00fcrgermeisterin. Eine Wiederbesetzungssperre sei aus ihrer Sicht kein geeignetes Instrument der Kosteneinsparung. Auch bei der Vertretung von Mutterschutzfristen soll k\u00fcnftig nach Bedarf und nicht mit einer Sperre entschieden werden.<\/p>\n\n\n\n<p><em>Stadt Speyer<br>01.07.2019<\/em><\/p>\n\n\n\n<h2 class=\"wp-block-heading\">Oberb\u00fcrgermeisterin Seiler und B\u00fcrgermeisterin Kabs hei\u00dfen neue Bachelor-Studierende willkommen<\/h2>\n\n\n\n<div class=\"wp-block-image\"><figure class=\"aligncenter\"><img decoding=\"async\" loading=\"lazy\" width=\"800\" height=\"533\" src=\"https:\/\/speyer24news.com\/wp-content\/uploads\/2019\/07\/Bachelorstudium-Stadt-SP.jpg\" alt=\"\" class=\"wp-image-15496\" srcset=\"https:\/\/speyer24news.com\/wp-content\/uploads\/2019\/07\/Bachelorstudium-Stadt-SP.jpg 800w, https:\/\/speyer24news.com\/wp-content\/uploads\/2019\/07\/Bachelorstudium-Stadt-SP-300x200.jpg 300w, https:\/\/speyer24news.com\/wp-content\/uploads\/2019\/07\/Bachelorstudium-Stadt-SP-768x512.jpg 768w\" sizes=\"(max-width: 800px) 100vw, 800px\" \/><figcaption>v.l.:  Lara Rudingsdorfer, Lara Bauchhen\u00df, Melissa Meyer, Klaus Oechsler (Leiter der Personalabteilung), Sebastian Ernst, Alexandra  Bayer (Ausbildungsleiterin), Stefanie Seiler, Helmut Fritzmann (Personalrat), Monika Kabs, Julia Slouma und Patrick Kraft<\/figcaption><\/figure><\/div>\n\n\n\n<p>Am Dienstagmorgen (25.06.2019) hie\u00dfen Oberb\u00fcrgermeisterin Stefanie Seiler und B\u00fcrgermeisterin Monika Kabs vier neue Bachelor-Studierende bei der Stadtverwaltung Speyer willkommen. Lara Bauchhen\u00df, Melissa Meyer, Lara Rudingsdorfer und Sebastian Ernst werden ab dem 01.07.2019 ihr duales Studium \u201eBachelor of Arts \u2013 Verwaltung\u201c beginnen und wurden heute zu Beamt*innen auf Widerruf ernannt. In drei Bl\u00f6cken werden sie insgesamt 21 Monate an der Hochschule f\u00fcr \u00f6ffentliche Verwaltung Rheinland-Pfalz in Mayen ihre theoretische Ausbildung absolvieren und diese mit einer Bachelor-Thesis abschlie\u00dfen. In der Praxisphase, die zwischen den Studienbl\u00f6cken bei der Stadtverwaltung Speyer stattfindet, werden sie verschiedene Fachabteilungen durchlaufen, um f\u00fcr ihre sp\u00e4tere T\u00e4tigkeit in der \u00f6ffentlichen Verwaltung m\u00f6glichst breit aufgestellt zu sein.<\/p>\n\n\n\n<p>Gleichzeitig wurden Julia Slouma und Patrick Kraft, die ihr Studium in diesem Jahr erfolgreich abgeschlossen haben, mit Wirkung zum 01.07.2019 zur Beamtin\/zum Beamten auf Probe ernannt. Julia Slouma, die ihr duales Studium bei der Stadt Speyer absolviert hat, wird beim Standesamt eingesetzt werden. Patrick Kraft, der bei einer anderen Verwaltung zum Bachelor of Arts ausgebildet wurde, wird k\u00fcnftig die Hauptabteilung personell verst\u00e4rken.<\/p>\n\n\n\n<p><em>Stadt Speyer<br>01.07.2019<\/em><\/p>\n\n\n\n<h2 class=\"wp-block-heading\">Oberb\u00fcrgermeisterin informiert sich auf Feldrundfahrt beim Fuhr- und Ackerbauverein Speyer e.V.<\/h2>\n\n\n\n<div class=\"wp-block-image\"><figure class=\"aligncenter\"><img decoding=\"async\" loading=\"lazy\" width=\"800\" height=\"598\" src=\"https:\/\/speyer24news.com\/wp-content\/uploads\/2019\/07\/Feldrundfahrt-1.jpg\" alt=\"\" class=\"wp-image-15494\" srcset=\"https:\/\/speyer24news.com\/wp-content\/uploads\/2019\/07\/Feldrundfahrt-1.jpg 800w, https:\/\/speyer24news.com\/wp-content\/uploads\/2019\/07\/Feldrundfahrt-1-300x224.jpg 300w, https:\/\/speyer24news.com\/wp-content\/uploads\/2019\/07\/Feldrundfahrt-1-768x574.jpg 768w, https:\/\/speyer24news.com\/wp-content\/uploads\/2019\/07\/Feldrundfahrt-1-326x245.jpg 326w, https:\/\/speyer24news.com\/wp-content\/uploads\/2019\/07\/Feldrundfahrt-1-80x60.jpg 80w\" sizes=\"(max-width: 800px) 100vw, 800px\" \/><\/figure><\/div>\n\n\n\n<p>Im Rahmen einer Feldrundfahrt informierte sich Oberb\u00fcrgermeisterin Stefanie Seiler am Freitag, 21. Juni 2019, \u00fcber die Arbeit der im Fuhr- und Ackerbauverein Speyer e.V. vertretenen Landwirte. Mit dem Ziel, einen Einblick in die praktische Landwirtschaft rund um Speyer zu erhalten, hatte der Vorsitzende des Vereins Wolfgang Sohn die Feldrundfahrt organisiert. Dem zuvor gegangen war ein Gespr\u00e4ch im Januar dieses Jahres im Stadthaus.<\/p>\n\n\n\n<p>\u201eNicht \u00fcbereinander, sondern miteinander reden\u201c, so fasste Oberb\u00fcrgermeisterin Stefanie Seiler das Motto der gemeinsamen Feldrundfahrt zusammen, an der neben Wolfgang Sohn zw\u00f6lf weitere Mitglieder des Fuhr- und Ackerbauvereins teilnahmen. Der Verein, der 1878 gegr\u00fcndet wurde, blickt auf eine lange Geschichte. Von den einst 150 aktiven Mitgliedern sind heute allerdings nur noch f\u00fcnf haupt- und f\u00fcnf nebenberuflich als Landwirte t\u00e4tig. Diese haben neben gro\u00dfen Nachwuchssorgen auch mit dem Strukturwandel, Finanzproblemen und Fl\u00e4chenverlusten zu k\u00e4mpfen. Der Fokus der Feldrundfahrt lag allerdings auf den Themen Klimawandel und den daraus resultierenden Folgen f\u00fcr Ackerb\u00f6den sowie Pflanzenschutz. Einen wissenschaftlichen Input lieferte die Landwirtschaftliche Untersuchungs- und Forschungsanstalt Speyer, worauf unter anderem am Rinkenbergerhof, am Binsfeld und um das Gut Thomashof Ackerfl\u00e4chen besichtigt und das F\u00fcr und Wider von Bodenbearbeitung und D\u00fcngung er\u00f6rtert wurde.<\/p>\n\n\n\n<div class=\"wp-block-image\"><figure class=\"aligncenter\"><img decoding=\"async\" loading=\"lazy\" width=\"800\" height=\"598\" src=\"https:\/\/speyer24news.com\/wp-content\/uploads\/2019\/07\/Feldrundfahrt-2.jpg\" alt=\"\" class=\"wp-image-15495\" srcset=\"https:\/\/speyer24news.com\/wp-content\/uploads\/2019\/07\/Feldrundfahrt-2.jpg 800w, https:\/\/speyer24news.com\/wp-content\/uploads\/2019\/07\/Feldrundfahrt-2-300x224.jpg 300w, https:\/\/speyer24news.com\/wp-content\/uploads\/2019\/07\/Feldrundfahrt-2-768x574.jpg 768w, https:\/\/speyer24news.com\/wp-content\/uploads\/2019\/07\/Feldrundfahrt-2-326x245.jpg 326w, https:\/\/speyer24news.com\/wp-content\/uploads\/2019\/07\/Feldrundfahrt-2-80x60.jpg 80w\" sizes=\"(max-width: 800px) 100vw, 800px\" \/><\/figure><\/div>\n\n\n\n<p>Nach einem interessanten Vormittag zog die Oberb\u00fcrgermeisterin ihr Fazit: \u201eBodenst\u00e4ndige Landwirte wie die Mitglieder des Fuhr- und Ackerbauvereins Speyer sind die besten Natursch\u00fctzer. Sie kennen ihr Land und wissen, damit umzugehen. Denn Pflanzenschutz sichert den Bauern die Ernte, sorgt f\u00fcr ausreichend Ertr\u00e4ge und gute sowie gesunde Nahrung.\u201c Vereinbarte wurde, dass eine Feldrundfahrt ebenso wie ein turnusm\u00e4\u00dfiges Gespr\u00e4ch einmal pro Jahr etabliert werden soll. Auch den k\u00fcnftigen Ausschuss f\u00fcr Stadtklima, Umwelt und Nachhaltigkeit will der Fuhr- und Ackerbauverein zum Dialog und Vor-Ort-Terminen einladen.<\/p>\n\n\n\n<p><em>Stadt Speyer<br>01.07.2019<\/em><\/p>\n\n\n\n<h2 class=\"wp-block-heading\">B\u00fcrgermeisterin Kabs nimmt Baumspende der Ahmadiyya-Gemeinde entgegen<\/h2>\n\n\n\n<div class=\"wp-block-image\"><figure class=\"aligncenter\"><img decoding=\"async\" loading=\"lazy\" width=\"800\" height=\"600\" src=\"https:\/\/speyer24news.com\/wp-content\/uploads\/2019\/07\/Baumspende.jpg\" alt=\"\" class=\"wp-image-15493\" srcset=\"https:\/\/speyer24news.com\/wp-content\/uploads\/2019\/07\/Baumspende.jpg 800w, https:\/\/speyer24news.com\/wp-content\/uploads\/2019\/07\/Baumspende-300x225.jpg 300w, https:\/\/speyer24news.com\/wp-content\/uploads\/2019\/07\/Baumspende-768x576.jpg 768w, https:\/\/speyer24news.com\/wp-content\/uploads\/2019\/07\/Baumspende-678x509.jpg 678w, https:\/\/speyer24news.com\/wp-content\/uploads\/2019\/07\/Baumspende-326x245.jpg 326w, https:\/\/speyer24news.com\/wp-content\/uploads\/2019\/07\/Baumspende-80x60.jpg 80w\" sizes=\"(max-width: 800px) 100vw, 800px\" \/><\/figure><\/div>\n\n\n\n<p>Am Dienstag (25.06.2019) hat B\u00fcrgermeisterin Monika Kabs am Durchgang des M\u00fchlturmp\u00e4rkchens (Karl-Philipp-Spitzer-Weg) auf H\u00f6he des Altenheims St. Martha eine Baumspende der muslimischen Ahmadiyya-Gemeinde entgegengenommen. Das ist bereits die 3. Spende der Gemeinde in Speyer, diesmal eine dornenlose Gleditsie. Der Standort wurde ausgesucht, um die Freifl\u00e4che der dortigen Kita-Gruppe zuk\u00fcnftig zu beschatten, nachdem in dieser Gartenanlage ein Baum entfernt werden musste.<\/p>\n\n\n\n<p>Neben Vertretern der Ahmadiyya-Gemeinde waren auch Kinder der Kita-Gruppe St. Josef und Bewohner*innen des Altenheims dabei.<\/p>\n\n\n\n<p><em>Stadt Speyer<br>01.07.2019<\/em><\/p>\n\n\n\n<h2 class=\"wp-block-heading\">Weihnachtsb\u00e4ume f\u00fcr Domplatz, Postplatz, Berliner Platz und Heinrich-Lang-Platz gesucht<\/h2>\n\n\n\n<div class=\"wp-block-image\"><figure class=\"aligncenter\"><img decoding=\"async\" loading=\"lazy\" width=\"500\" height=\"624\" src=\"https:\/\/speyer24news.com\/wp-content\/uploads\/2019\/07\/DSC05190.jpg\" alt=\"\" class=\"wp-image-15491\" srcset=\"https:\/\/speyer24news.com\/wp-content\/uploads\/2019\/07\/DSC05190.jpg 500w, https:\/\/speyer24news.com\/wp-content\/uploads\/2019\/07\/DSC05190-240x300.jpg 240w\" sizes=\"(max-width: 500px) 100vw, 500px\" \/><\/figure><\/div>\n\n\n\n<p>Den sommerlichen Temperaturen zum Trotz sucht die Stadtverwaltung auch in diesem Jahr schon fr\u00fchzeitig nach Spender*innen f\u00fcr vier gro\u00dfe Weihnachtsb\u00e4ume, die auf dem Domplatz, dem Postplatz, dem Berliner Platz und dem Heinrich-Lang-Platz aufgestellt werden sollen. Die Stadtg\u00e4rtnerei ist dabei besonders an B\u00e4umen interessiert, die f\u00fcr den heimischen Garten zu gro\u00df geworden sind und sich zur Zierde von \u00f6ffentlichen Pl\u00e4tzen in der Weihnachtszeit eignen. Die B\u00e4ume sollten eine Gr\u00f6\u00dfe von 10 -12 m haben und gut zu erreichen sein (z.B. im Vorgarten). Als Baumarten eignen sich Rotfichten, Nordmannstannen oder Coloradotannen.<\/p>\n\n\n\n<div class=\"wp-block-image\"><figure class=\"aligncenter\"><img decoding=\"async\" loading=\"lazy\" width=\"500\" height=\"666\" src=\"https:\/\/speyer24news.com\/wp-content\/uploads\/2019\/07\/DSC05188.jpg\" alt=\"\" class=\"wp-image-15492\" srcset=\"https:\/\/speyer24news.com\/wp-content\/uploads\/2019\/07\/DSC05188.jpg 500w, https:\/\/speyer24news.com\/wp-content\/uploads\/2019\/07\/DSC05188-225x300.jpg 225w\" sizes=\"(max-width: 500px) 100vw, 500px\" \/><\/figure><\/div>\n\n\n\n<p>Angebote k\u00f6nnen direkt an Volker Claus, Mitarbeiter der Abteilung Stadtgr\u00fcn, gerichtet werden (Tel. 142611 oder 142613). Dar\u00fcber hinaus werden Nadelb\u00e4ume gesucht, um Kinderg\u00e4rten und Schulen im Advent Schnittgr\u00fcn bereitstellen zu k\u00f6nnen. Zu gegebener Zeit holt die Stadtg\u00e4rtnerei die B\u00e4ume auf Wunsch am jeweiligen Standort kostenlos ab.<\/p>\n\n\n\n<p><em>Text: Stadt Speyer Foto: Speyer 24\/7 News, dak<br>01.07.2019<\/em><\/p>\n\n\n\n<h1 class=\"wp-block-heading\" style=\"text-align:center\">Verkehrsnotizen:<\/h1>\n\n\n\n<h2 class=\"wp-block-heading\">Sperrung der Parkpl\u00e4tze Festplatz und Naturfreundehaus sowie der Klipfelsau anl\u00e4sslich des Brezelfestes<\/h2>\n\n\n\n<div class=\"wp-block-image\"><figure class=\"aligncenter\"><img decoding=\"async\" loading=\"lazy\" width=\"640\" height=\"419\" src=\"https:\/\/speyer24news.com\/wp-content\/uploads\/2019\/07\/DSC02645.jpg\" alt=\"\" class=\"wp-image-15499\" srcset=\"https:\/\/speyer24news.com\/wp-content\/uploads\/2019\/07\/DSC02645.jpg 640w, https:\/\/speyer24news.com\/wp-content\/uploads\/2019\/07\/DSC02645-300x196.jpg 300w\" sizes=\"(max-width: 640px) 100vw, 640px\" \/><\/figure><\/div>\n\n\n\n<p>Am <strong>Montag, 8. Juli 2019 <\/strong>beginnen die Aufbauarbeiten f\u00fcr das diesj\u00e4hrige Brezelfest. Aus diesem Grund werden die Parkpl\u00e4tze Festplatz und Naturfreundehaus ab diesem Zeitpunkt f\u00fcr den Individualverkehr gesperrt. Der Parkplatz Festplatz bleibt <strong><em>bis einschlie\u00dflich Donnerstag, 18. Juli 2019<\/em><\/strong> gesperrt, w\u00e4hrend der Parkplatz Naturfreundehaus ab diesem Tag bereits wieder zur Verf\u00fcgung steht.<\/p>\n\n\n\n<p>Die Zufahrt zum Parkplatz Festplatz \u00fcber die Klipfelsau wird ebenfalls ab Montag, 08. Juli 2019 wegen Aufbauten auf der Fahrbahn bis einschlie\u00dflich Donnerstag, 18. Juli 2019 gesperrt sein.<\/p>\n\n\n\n<p>F\u00fcr R\u00fcckfragen steht Ihnen die Stra\u00dfenverkehrsbeh\u00f6rde der Stadt Speyer zur Verf\u00fcgung.<\/p>\n\n\n\n<p>Text: Stadt Speyer Foto: S24N,dak<br>\n01.07.2019<\/p>\n\n\n\n<h2 class=\"wp-block-heading\">Geisselstra\u00dfe gesperrt<\/h2>\n\n\n\n<div class=\"wp-block-image\"><figure class=\"aligncenter\"><img decoding=\"async\" src=\"https:\/\/speyer24news.com\/wp-content\/uploads\/2019\/06\/Vollsperrung-2.jpg\" alt=\"\" class=\"wp-image-15425\"\/><\/figure><\/div>\n\n\n\n<p>Aufgrund von Kanalarbeiten der EBS Speyer wird die Geisselstra\u00dfe zwischen Holzstra\u00dfe und Bushaltestelle <strong><em>ab dem 01.07. bis voraussichtlich 20.07.2019<\/em><\/strong> f\u00fcr den Durchgangsverkehr gesperrt.<\/p>\n\n\n\n<p>Eine Umleitung wird ausgewiesen. F\u00fcr R\u00fcckfragen steht die Stra\u00dfenverkehrsbeh\u00f6rde unter den Telefonnummern 14-2492, -2682 und -2739 zur Verf\u00fcgung.<\/p>\n\n\n\n<p><em>Text: Stadt Speyer Foto: S24N,dak<br>01.07.2019<\/em><\/p>\n\n\n\n<h2 class=\"wp-block-heading\">Lauergasse gesperrt<\/h2>\n\n\n\n<div class=\"wp-block-image\"><figure class=\"aligncenter\"><img decoding=\"async\" src=\"https:\/\/speyer24news.com\/wp-content\/uploads\/2019\/06\/Vollsperrung-2.jpg\" alt=\"\" class=\"wp-image-15425\"\/><\/figure><\/div>\n\n\n\n<p>Aufgrund von Asphaltarbeiten im Auftrag der EBS Speyer wird die Lauergasse zwischen Pfaugasse und Mehlgasse <strong><em>ab dem 01.07. bis voraussichtlich 15.08.2019<\/em><\/strong> f\u00fcr den Durchgangsverkehr gesperrt.<\/p>\n\n\n\n<p>F\u00fcr R\u00fcckfragen steht die Stra\u00dfenverkehrsbeh\u00f6rde unter den Telefonnummern 14-2492, -2682 und -2739 zur Verf\u00fcgung.<\/p>\n\n\n\n<p><em>Text: Stadt Speyer Foto: S24N,dak<br>01.07.2019<\/em><\/p>\n\n\n\n<h2 class=\"wp-block-heading\">Parkplatz Festplatz gesperrt<\/h2>\n\n\n\n<div class=\"wp-block-image\"><figure class=\"aligncenter\"><img decoding=\"async\" src=\"https:\/\/speyer24news.com\/wp-content\/uploads\/2019\/06\/Vollsperrung-2.jpg\" alt=\"\" class=\"wp-image-15425\"\/><\/figure><\/div>\n\n\n\n<p>Am <strong><em>Dienstag, 02.07.2019<\/em><\/strong>, kann der Festplatz wegen der Einzeichnung der Stellfl\u00e4chen f\u00fcr das Brezelfest 2019 nicht als Parkplatz genutzt werden. Die Sperrung wird nach Beendigung der Markierungsarbeiten aufgehoben. Wetterbedingt k\u00f6nnte sich die <strong><em>Sperrung auch auf Mittwoch, 03.07.2019<\/em><\/strong>, verschieben.<\/p>\n\n\n\n<p>Parkplatzsuchende werden gebeten auf den Parkplatz Naturfreundehaus auszuweichen. Dieser steht auch f\u00fcr Monats- und Jahresparkscheininhaber*innen zur Verf\u00fcgung.<\/p>\n\n\n\n<p><em>Text: Stadt Speyer Foto: S24N, dak<br>01.07.2019<\/em><\/p>\n","protected":false},"excerpt":{"rendered":"<div class=\"mh-excerpt\"><p>Stadtnotizen: Stadtumbauprozess \u201eKernstadt Nord\u201c: B\u00fcrger*innen im Dialog zum Thema Mobilit\u00e4tspunkt Hauptbahnhof Der Workshop am am 26.06.2019 rund um die Mobilit\u00e4t und Gestaltung des Bahnhofsumfeldes in Speyer war trotz gro\u00dfer Hitze gut besucht. Im Schatten des <a class=\"mh-excerpt-more\" href=\"https:\/\/speyer24news.com\/?p=15490\" title=\"Stadtnotizen &#038; Verkehrsnotizen aus Speyer:\">[&#8230;]<\/a><\/p>\n<\/div>","protected":false},"author":3,"featured_media":0,"comment_status":"open","ping_status":"open","sticky":false,"template":"","format":"standard","meta":{"_monsterinsights_skip_tracking":false,"_monsterinsights_sitenote_active":false,"_monsterinsights_sitenote_note":"","_monsterinsights_sitenote_category":0,"footnotes":""},"categories":[47],"tags":[1846,1847,1848,1844,1067,1849,1069,1843,1845,1841,520,699,657,1296,1842,206,658,1114],"aioseo_notices":[],"amp_enabled":true,"_links":{"self":[{"href":"https:\/\/speyer24news.com\/index.php?rest_route=\/wp\/v2\/posts\/15490"}],"collection":[{"href":"https:\/\/speyer24news.com\/index.php?rest_route=\/wp\/v2\/posts"}],"about":[{"href":"https:\/\/speyer24news.com\/index.php?rest_route=\/wp\/v2\/types\/post"}],"author":[{"embeddable":true,"href":"https:\/\/speyer24news.com\/index.php?rest_route=\/wp\/v2\/users\/3"}],"replies":[{"embeddable":true,"href":"https:\/\/speyer24news.com\/index.php?rest_route=%2Fwp%2Fv2%2Fcomments&post=15490"}],"version-history":[{"count":3,"href":"https:\/\/speyer24news.com\/index.php?rest_route=\/wp\/v2\/posts\/15490\/revisions"}],"predecessor-version":[{"id":15503,"href":"https:\/\/speyer24news.com\/index.php?rest_route=\/wp\/v2\/posts\/15490\/revisions\/15503"}],"wp:attachment":[{"href":"https:\/\/speyer24news.com\/index.php?rest_route=%2Fwp%2Fv2%2Fmedia&parent=15490"}],"wp:term":[{"taxonomy":"category","embeddable":true,"href":"https:\/\/speyer24news.com\/index.php?rest_route=%2Fwp%2Fv2%2Fcategories&post=15490"},{"taxonomy":"post_tag","embeddable":true,"href":"https:\/\/speyer24news.com\/index.php?rest_route=%2Fwp%2Fv2%2Ftags&post=15490"}],"curies":[{"name":"wp","href":"https:\/\/api.w.org\/{rel}","templated":true}]}}