{"id":15509,"date":"2019-07-01T16:51:50","date_gmt":"2019-07-01T15:51:50","guid":{"rendered":"https:\/\/speyer24news.com\/?p=15509"},"modified":"2019-07-01T16:51:51","modified_gmt":"2019-07-01T15:51:51","slug":"schifferstadt-6","status":"publish","type":"post","link":"https:\/\/speyer24news.com\/?p=15509","title":{"rendered":"Schifferstadt:"},"content":{"rendered":"<style type=\"text\/css\">\r\n\t.ads_top_disp{}\r\n\t.ads_top_corner_disp{ float:left; margin:0px 10px 10px 0px; }\r\n\t.ads_first_p_disp{}\r\n\t.ads_bottom_disp{}\r\n\t<\/style>\n<h2 class=\"wp-block-heading\">Bonsai-Ausstellung im Rathaus-Foyer<\/h2>\n\n\n\n<div class=\"wp-block-image\"><figure class=\"aligncenter\"><img decoding=\"async\" loading=\"lazy\" width=\"800\" height=\"600\" src=\"https:\/\/speyer24news.com\/wp-content\/uploads\/2019\/07\/Bonsai-Ausstellung-1.jpg\" alt=\"\" class=\"wp-image-15511\" srcset=\"https:\/\/speyer24news.com\/wp-content\/uploads\/2019\/07\/Bonsai-Ausstellung-1.jpg 800w, https:\/\/speyer24news.com\/wp-content\/uploads\/2019\/07\/Bonsai-Ausstellung-1-300x225.jpg 300w, https:\/\/speyer24news.com\/wp-content\/uploads\/2019\/07\/Bonsai-Ausstellung-1-768x576.jpg 768w, https:\/\/speyer24news.com\/wp-content\/uploads\/2019\/07\/Bonsai-Ausstellung-1-678x509.jpg 678w, https:\/\/speyer24news.com\/wp-content\/uploads\/2019\/07\/Bonsai-Ausstellung-1-326x245.jpg 326w, https:\/\/speyer24news.com\/wp-content\/uploads\/2019\/07\/Bonsai-Ausstellung-1-80x60.jpg 80w\" sizes=\"(max-width: 800px) 100vw, 800px\" \/><\/figure><\/div>\n\n\n\n<p>Kleine B\u00e4ume ganz gro\u00df \u2013 hei\u00dft es <strong>von Montag, 24. Juni bis einschlie\u00dflich Freitag, 5. Juli<\/strong> im Foyer des Schifferstadter Rathauses. Emmerich Zentner vom Bonsai-Gartencenter stellt dort zwei Wochen lang seine sch\u00f6nsten Bonsais aus. Vom Mirabellen-Baum bis zum Bl\u00fctenmeer der Azalee \u2013 Informationen rund um die Miniaturgew\u00e4chse gibt\u00b4s in Form von B\u00fcchern und Info-Flyern. <\/p>\n\n\n\n<div class=\"wp-block-image\"><figure class=\"aligncenter\"><img decoding=\"async\" loading=\"lazy\" width=\"500\" height=\"652\" src=\"https:\/\/speyer24news.com\/wp-content\/uploads\/2019\/07\/Bonsai-Ausstellung-3.JPG.jpeg\" alt=\"\" class=\"wp-image-15512\" srcset=\"https:\/\/speyer24news.com\/wp-content\/uploads\/2019\/07\/Bonsai-Ausstellung-3.JPG.jpeg 500w, https:\/\/speyer24news.com\/wp-content\/uploads\/2019\/07\/Bonsai-Ausstellung-3.JPG-230x300.jpeg 230w\" sizes=\"(max-width: 500px) 100vw, 500px\" \/><\/figure><\/div>\n\n\n\n<p>Aus dem alten China stammend ist die Kunst des Bonsai heute vor allem durch den japanischen Stil gepr\u00e4gt. Str\u00e4ucher und B\u00e4ume werden daf\u00fcr in kleinen Gef\u00e4\u00dfen oder auch im Freiland gezogen und \u00e4sthetisch durchgeformt, sodass die Illusion eines ausgewachsenen Baumriesen entsteht. Ziel dabei ist stets die Harmonie zwischen den Naturelementen herzustellen und zu erhalten.<\/p>\n\n\n\n<div class=\"wp-block-image\"><figure class=\"aligncenter\"><img decoding=\"async\" loading=\"lazy\" width=\"500\" height=\"663\" src=\"https:\/\/speyer24news.com\/wp-content\/uploads\/2019\/07\/Bonsai-Ausstellung-2.JPG.jpeg\" alt=\"\" class=\"wp-image-15513\" srcset=\"https:\/\/speyer24news.com\/wp-content\/uploads\/2019\/07\/Bonsai-Ausstellung-2.JPG.jpeg 500w, https:\/\/speyer24news.com\/wp-content\/uploads\/2019\/07\/Bonsai-Ausstellung-2.JPG-226x300.jpeg 226w\" sizes=\"(max-width: 500px) 100vw, 500px\" \/><\/figure><\/div>\n\n\n\n<p><em>Stadtverwaltung Schifferstadt<br>01.07.2019<\/em><\/p>\n\n\n\n<h2 class=\"wp-block-heading\">Bewegung mit Musik im Sitzen \u2013 aktiv im Alter<\/h2>\n\n\n\n<p>Am <strong>Montag, 8. Juli 2019<\/strong>, beginnt um 14:30 Uhr der Kurs \u201eBewegung mit Musik im Sitzen \u2013 aktiv im Alter\u201c in der Schifferstadter Adlerstube, Kirchenstra\u00dfe 17.<\/p>\n\n\n\n<p>Informationen und Anmeldung erhalten Interessierte bei der Kursleiterin Gerda Elmer direkt vor Ort. Der Kurs l\u00e4uft \u00fcber zehn Nachmittage.<\/p>\n\n\n\n<p><em>Stadtverwaltung Schifferstadt<br>01.07.2019<\/em><\/p>\n\n\n\n<h2 class=\"wp-block-heading\">SommerLeseZeit in der Stadtb\u00fccherei<\/h2>\n\n\n\n<h3 class=\"wp-block-heading\">Ge\u00e4nderte \u00d6ffnungszeiten w\u00e4hrend der Sommerferien<\/h3>\n\n\n\n<div class=\"wp-block-image\"><figure class=\"aligncenter\"><img decoding=\"async\" loading=\"lazy\" width=\"640\" height=\"334\" src=\"https:\/\/speyer24news.com\/wp-content\/uploads\/2019\/07\/Lesesommer-Logo.jpg\" alt=\"\" class=\"wp-image-15510\" srcset=\"https:\/\/speyer24news.com\/wp-content\/uploads\/2019\/07\/Lesesommer-Logo.jpg 640w, https:\/\/speyer24news.com\/wp-content\/uploads\/2019\/07\/Lesesommer-Logo-300x157.jpg 300w\" sizes=\"(max-width: 640px) 100vw, 640px\" \/><\/figure><\/div>\n\n\n\n<p>Sommerzeit, Urlaubszeit, Lesezeit \u2013 p\u00fcnktlich zu Beginn der Sommerferien am Montag startet die Stadtb\u00fccherei Schifferstadt ihre SommerLeseZeit. <strong>Vom 1. Juli bis zum 9. August<\/strong> sind die Mitarbeiterinnen vormittags h\u00e4ufiger f\u00fcr Sie da, n\u00e4mlich Montag, Mittwoch und Freitag von 9 bis 13 Uhr, Dienstag von 14 bis 19 Uhr und Donnerstag von 14 bis 18 Uhr.<\/p>\n\n\n\n<p>Ferien \u2013 endlich mal wieder Zeit, um in Ruhe Zeit zu Schm\u00f6kern! Wie passend, dass die Stadtb\u00fccherei gerade reichhaltigen Lesenachschub erhalten hat. Bis zur Entspannung am Strand steht noch eine lange Autofahrt an? Mit einem spannenden H\u00f6rbuch vergeht die Zeit wie im Flug. Au\u00dferdem f\u00fcllen viele neue Reisef\u00fchrer zu den unterschiedlichsten L\u00e4ndern die Regale. Und wer das Ganze lieber digital auf seinem E-Book-Reader oder Tablet m\u00f6chte, der findet ein entsprechendes Angebot auf <a href=\"http:\/\/www.onleihe-rlp.de\">www.onleihe-rlp.de<\/a>.<\/p>\n\n\n\n<p><em>Stadtverwaltung Schifferstadt<br>01.07.2019<\/em><\/p>\n","protected":false},"excerpt":{"rendered":"<div class=\"mh-excerpt\"><p>Bonsai-Ausstellung im Rathaus-Foyer Kleine B\u00e4ume ganz gro\u00df \u2013 hei\u00dft es von Montag, 24. Juni bis einschlie\u00dflich Freitag, 5. Juli im Foyer des Schifferstadter Rathauses. Emmerich Zentner vom Bonsai-Gartencenter stellt dort zwei Wochen lang seine sch\u00f6nsten <a class=\"mh-excerpt-more\" href=\"https:\/\/speyer24news.com\/?p=15509\" title=\"Schifferstadt:\">[&#8230;]<\/a><\/p>\n<\/div>","protected":false},"author":3,"featured_media":0,"comment_status":"open","ping_status":"open","sticky":false,"template":"","format":"standard","meta":{"_monsterinsights_skip_tracking":false,"_monsterinsights_sitenote_active":false,"_monsterinsights_sitenote_note":"","_monsterinsights_sitenote_category":0,"footnotes":""},"categories":[126],"tags":[1853,1854,1759,1852,1340,127,1855],"aioseo_notices":[],"amp_enabled":true,"_links":{"self":[{"href":"https:\/\/speyer24news.com\/index.php?rest_route=\/wp\/v2\/posts\/15509"}],"collection":[{"href":"https:\/\/speyer24news.com\/index.php?rest_route=\/wp\/v2\/posts"}],"about":[{"href":"https:\/\/speyer24news.com\/index.php?rest_route=\/wp\/v2\/types\/post"}],"author":[{"embeddable":true,"href":"https:\/\/speyer24news.com\/index.php?rest_route=\/wp\/v2\/users\/3"}],"replies":[{"embeddable":true,"href":"https:\/\/speyer24news.com\/index.php?rest_route=%2Fwp%2Fv2%2Fcomments&post=15509"}],"version-history":[{"count":1,"href":"https:\/\/speyer24news.com\/index.php?rest_route=\/wp\/v2\/posts\/15509\/revisions"}],"predecessor-version":[{"id":15514,"href":"https:\/\/speyer24news.com\/index.php?rest_route=\/wp\/v2\/posts\/15509\/revisions\/15514"}],"wp:attachment":[{"href":"https:\/\/speyer24news.com\/index.php?rest_route=%2Fwp%2Fv2%2Fmedia&parent=15509"}],"wp:term":[{"taxonomy":"category","embeddable":true,"href":"https:\/\/speyer24news.com\/index.php?rest_route=%2Fwp%2Fv2%2Fcategories&post=15509"},{"taxonomy":"post_tag","embeddable":true,"href":"https:\/\/speyer24news.com\/index.php?rest_route=%2Fwp%2Fv2%2Ftags&post=15509"}],"curies":[{"name":"wp","href":"https:\/\/api.w.org\/{rel}","templated":true}]}}