{"id":15626,"date":"2019-07-02T15:14:52","date_gmt":"2019-07-02T14:14:52","guid":{"rendered":"https:\/\/speyer24news.com\/?p=15626"},"modified":"2019-07-03T11:54:24","modified_gmt":"2019-07-03T10:54:24","slug":"kirche-13","status":"publish","type":"post","link":"https:\/\/speyer24news.com\/?p=15626","title":{"rendered":"Kirche:"},"content":{"rendered":"<style type=\"text\/css\">\r\n\t.ads_top_disp{}\r\n\t.ads_top_corner_disp{ float:left; margin:0px 10px 10px 0px; }\r\n\t.ads_first_p_disp{}\r\n\t.ads_bottom_disp{}\r\n\t<\/style>\n<div class=\"wp-block-image\"><figure class=\"aligncenter\"><img decoding=\"async\" src=\"https:\/\/speyer24news.com\/wp-content\/uploads\/2019\/07\/Dom.jpg\" alt=\"\" class=\"wp-image-15469\"\/><\/figure><\/div>\n\n\n\n<h2 class=\"wp-block-heading\">Nightfever im Dom zu Speyer<\/h2>\n\n\n\n<h3 class=\"wp-block-heading\">Den Glauben miteinander teilen bei Gottesdienst, Gebet, Gesang und Gespr\u00e4chen<\/h3>\n\n\n\n<div class=\"wp-block-image\"><figure class=\"aligncenter\"><img decoding=\"async\" loading=\"lazy\" width=\"800\" height=\"598\" src=\"https:\/\/speyer24news.com\/wp-content\/uploads\/2019\/07\/Nightfever.jpg\" alt=\"\" class=\"wp-image-15627\" srcset=\"https:\/\/speyer24news.com\/wp-content\/uploads\/2019\/07\/Nightfever.jpg 800w, https:\/\/speyer24news.com\/wp-content\/uploads\/2019\/07\/Nightfever-300x224.jpg 300w, https:\/\/speyer24news.com\/wp-content\/uploads\/2019\/07\/Nightfever-768x574.jpg 768w, https:\/\/speyer24news.com\/wp-content\/uploads\/2019\/07\/Nightfever-326x245.jpg 326w, https:\/\/speyer24news.com\/wp-content\/uploads\/2019\/07\/Nightfever-80x60.jpg 80w\" sizes=\"(max-width: 800px) 100vw, 800px\" \/><\/figure><\/div>\n\n\n\n<p><strong>Speyer &#8211; <\/strong>Am <strong>Samstag, den 13. Juli<\/strong>, findet im Dom zu Speyer ein Nightfever-Gottesdienst statt. Nach der Er\u00f6ffnung mit der Heiligen Messe um 18 Uhr startet der Nightfever-Abend mit Gebet, Gesang der Jugendbands, vielen Lichtern und Angeboten wie Segnung, Beichte und Gespr\u00e4ch. Bereits in den vergangenen Jahren folgten tausende Menschen der Einladung und waren begeistert von der Atmosph\u00e4re im Dom, vom Kerzenlicht und der Musik. Der Abend endet mit einer Komplet, die um 22.30 Uhr beginnt.<\/p>\n\n\n\n<p>Nightfever ist eine Initiative junger Christen, die die Freude und das Erlebnis des Weltjugendtages 2005 in K\u00f6ln mit gro\u00dfer Begeisterung in die Gemeinden tragen. Das Motto \u201eWir sind gekommen, ihn anzubeten\u201d, soll weitergehen. Nach dem Weltjugendtag in K\u00f6ln fanden sich engagierte Menschen zusammen, die sich f\u00fcr die Idee begeisterten, weiter zu machen und die Kirchen daf\u00fcr zu \u00f6ffnen.<\/p>\n\n\n\n<div class=\"wp-block-image\"><figure class=\"aligncenter\"><img decoding=\"async\" loading=\"lazy\" width=\"500\" height=\"707\" src=\"https:\/\/speyer24news.com\/wp-content\/uploads\/2019\/07\/Nightfever-2019.jpg\" alt=\"\" class=\"wp-image-15691\" srcset=\"https:\/\/speyer24news.com\/wp-content\/uploads\/2019\/07\/Nightfever-2019.jpg 500w, https:\/\/speyer24news.com\/wp-content\/uploads\/2019\/07\/Nightfever-2019-212x300.jpg 212w\" sizes=\"(max-width: 500px) 100vw, 500px\" \/><\/figure><\/div>\n\n\n\n<p>Diese Abende finden in zahlreichen St\u00e4dten weltweit statt, allein in Deutschland mittlerweile in mehr als 70 St\u00e4dten, und seit 2011 auch im Bistum Speyer. An den Abenden sind die T\u00fcren des Domes weit ge\u00f6ffnet. Junge Menschen gehen mit Kerzen auf die Stra\u00dfe und laden Passanten ein in den Dom zu kommen, eine Kerze zu entz\u00fcnden, der Musik zu lauschen, eine Bibelstelle zu ziehen, Jesus in der Anbetung zu begegnen, einen Segen zu empfangen, das Angebot zum Gespr\u00e4ch wahr zu nehmen oder zu beichten. Viele nehmen diese Einladung an, manche bleiben eine Viertelstunde, andere den ganzen Abend. Der Abend endet um 23 Uhr mit der Komplet, dem Nachtgebet der Kirche.<\/p>\n\n\n\n<p>Auch wenn der Ablauf sich in jeder Stadt gleicht, so kann man bei Nightfever doch eine gro\u00dfe Vielfalt entdecken. Ganz unterschiedliche Gruppen, Gemeinschaften und Gemeinden vor Ort bringen sich mit ihren Liedern und Gebeten ein, ebenso wie die Jugendlichen selbst Nightfever mit ganz unterschiedlichen Talenten bereichern, sei es in der Musik, in der Technik oder in der Verpflegung. Ihr Engagement ist dabei ganz ehrenamtlich. Sie tun das, weil sie selbst begeistert sind von ihrem Glauben und diesen mit anderen teilen m\u00f6chten.<\/p>\n\n\n\n<p><em>Bistum Speyer<br>02.07.2019<\/em><\/p>\n\n\n\n<h2 class=\"wp-block-heading\">Dr. Georg M\u00fcller als Offizial des Bistums Speyer eingef\u00fchrt<\/h2>\n\n\n\n<h3 class=\"wp-block-heading\">Dr. Karl-Heinz Wiesemann zelebriert Gottesdienst im Kloster St. Magdalena in Speyer und betont die enge Verbindung zwischen Kirchenrecht und Seelsorge<\/h3>\n\n\n\n<div class=\"wp-block-image\"><figure class=\"aligncenter\"><img decoding=\"async\" loading=\"lazy\" width=\"800\" height=\"564\" src=\"https:\/\/speyer24news.com\/wp-content\/uploads\/2019\/07\/Gottesdienst.jpg\" alt=\"\" class=\"wp-image-15628\" srcset=\"https:\/\/speyer24news.com\/wp-content\/uploads\/2019\/07\/Gottesdienst.jpg 800w, https:\/\/speyer24news.com\/wp-content\/uploads\/2019\/07\/Gottesdienst-300x212.jpg 300w, https:\/\/speyer24news.com\/wp-content\/uploads\/2019\/07\/Gottesdienst-768x541.jpg 768w\" sizes=\"(max-width: 800px) 100vw, 800px\" \/><figcaption>Die Zelebranten des Gottesdienstes (von links) Generalvikar Andreas Sturm, Dr. Georg M\u00fcller, Bischof Dr. Karl-Heinz Wiesemann und Dr. Norbert Weis.<\/figcaption><\/figure><\/div>\n\n\n\n<p><strong>Speyer &#8211; <\/strong>Im Rahmen eines Gottesdienstes mit Bischof Dr. Karl-Heinz Wiesemann wurde Dr. Georg M\u00fcller heute offiziell in sein neues Amt als Leiter des Offizialats eingef\u00fchrt. Das Offizialat ist das Kirchengericht im Bistum Speyer. An dem Gottesdienst in der Klosterkirche St. Magdalena nahmen unter anderem zahlreiche Mitglieder des Domkapitels, Mitarbeitende des Offizialats und des Ordinariats, Angeh\u00f6rige und pers\u00f6nliche Wegbegleiter sowie Gl\u00e4ubige aus der Pfarrei Heilige Edith Stein in Schifferstadt teil.<\/p>\n\n\n\n<p>Bischof Dr. Karl-Heinz Wiesemann betonte in seiner Predigt die enge Verbindung des Kirchenrechts zur Seelsorge: \u201eDas Recht in der Kirche steht nicht f\u00fcr sich selbst, sondern dient dazu, dass das Evangelium verk\u00fcndigt werden kann.\u201c Indem das Kirchenrecht den Menschen helfe, Perspektiven f\u00fcr ihr Leben zu finden, habe es Anteil am seelsorglichen Auftrag der Kirche. \u201eDer gro\u00dfe Bogen der Verhei\u00dfung Gottes und die verl\u00e4ssliche Begleitung und Unterscheidung im pers\u00f6nlichen Miteinander geh\u00f6ren zusammen.\u201c Die Verhei\u00dfung Gottes k\u00f6nne den Menschen in ihren Bann ziehen, mache ihm aber auch seine Schw\u00e4che und Kleinheit bewusst. Ziel der Kirche sei es, f\u00fcr die Vision vom Reich Gottes ein leuchtendes Instrument zu sein. In lateinischer Sprache bekundete Georg M\u00fcller seine Treue zur Kirche. Bischof Wiesemann dankte M\u00fcllers Vorg\u00e4nger Dr. Norbert Weis f\u00fcr seinen \u201etreuen und verl\u00e4sslichen Dienst \u00fcber fast ein Vierteljahrhundert\u201c. Weis \u00fcbernimmt bis zu seinem Ruhestand, der im kommenden Jahr beginnt, das Amt des Vizeoffizials. Musikalisch gestaltet wurde der Gottesdienst von der Schola Gregoriana der Dommusik und Dekanatskantor Georg Treuheit.<\/p>\n\n\n\n<p>Georg M\u00fcller wurde im Jahr 2000 im Rom zum Priester geweiht. Er war als Kaplan in Ludwigshafen-Mundenheim und am Speyerer Dom t\u00e4tig. In Trier promovierte er mit einer Arbeit \u00fcber den englischen Kardinal und Theologen John Henry Newman. Seit 2008 wirkte er als theologischer Referent und pers\u00f6nlicher Sekret\u00e4r des Bischofs. 2012 wurde er zun\u00e4chst Administrator und dann Pfarrer in Ludwigshafen-Oppau. 2016 wurde er zum leitenden Pfarrer der Pfarrei Heilige Edith Stein in Schifferstadt berufen. Diese Aufgabe wird Georg M\u00fcller auch als Offizial weiterf\u00fchren.<\/p>\n\n\n\n<p>Erg\u00e4nzend zu seinem Studium der Theologie in M\u00fcnchen und Rom hat Georg M\u00fcller ein Studium des Kirchenrechts in M\u00fcnster absolviert. Seit 2012 wirkte er am Kirchengericht in verschiedenen Funktionen mit, seit 2017 als Vizeoffizial. Als Offizial wird Georg M\u00fcller zudem stimmberechtiges Mitglied des Allgemeinen Geistlichen Rates.<\/p>\n\n\n\n<p>Weitere Informationen zum Offizialat des Bistums Speyer:<\/p>\n\n\n\n<p><a href=\"https:\/\/www.bistum-speyer.de\/bistum-speyer\/kirchliches-ehegericht\/\">https:\/\/www.bistum-speyer.de\/bistum-speyer\/kirchliches-ehegericht\/<\/a><\/p>\n\n\n\n<p><em>Bistum Speyer<br>02.07.2019<\/em><\/p>\n","protected":false},"excerpt":{"rendered":"<div class=\"mh-excerpt\"><p>Nightfever im Dom zu Speyer Den Glauben miteinander teilen bei Gottesdienst, Gebet, Gesang und Gespr\u00e4chen Speyer &#8211; Am Samstag, den 13. Juli, findet im Dom zu Speyer ein Nightfever-Gottesdienst statt. Nach der Er\u00f6ffnung mit der <a class=\"mh-excerpt-more\" href=\"https:\/\/speyer24news.com\/?p=15626\" title=\"Kirche:\">[&#8230;]<\/a><\/p>\n<\/div>","protected":false},"author":3,"featured_media":14437,"comment_status":"open","ping_status":"open","sticky":false,"template":"","format":"standard","meta":{"_monsterinsights_skip_tracking":false,"_monsterinsights_sitenote_active":false,"_monsterinsights_sitenote_note":"","_monsterinsights_sitenote_category":0,"footnotes":""},"categories":[120],"tags":[174,1895,121,1896,1893,1894],"aioseo_notices":[],"amp_enabled":true,"_links":{"self":[{"href":"https:\/\/speyer24news.com\/index.php?rest_route=\/wp\/v2\/posts\/15626"}],"collection":[{"href":"https:\/\/speyer24news.com\/index.php?rest_route=\/wp\/v2\/posts"}],"about":[{"href":"https:\/\/speyer24news.com\/index.php?rest_route=\/wp\/v2\/types\/post"}],"author":[{"embeddable":true,"href":"https:\/\/speyer24news.com\/index.php?rest_route=\/wp\/v2\/users\/3"}],"replies":[{"embeddable":true,"href":"https:\/\/speyer24news.com\/index.php?rest_route=%2Fwp%2Fv2%2Fcomments&post=15626"}],"version-history":[{"count":2,"href":"https:\/\/speyer24news.com\/index.php?rest_route=\/wp\/v2\/posts\/15626\/revisions"}],"predecessor-version":[{"id":15692,"href":"https:\/\/speyer24news.com\/index.php?rest_route=\/wp\/v2\/posts\/15626\/revisions\/15692"}],"wp:featuredmedia":[{"embeddable":true,"href":"https:\/\/speyer24news.com\/index.php?rest_route=\/wp\/v2\/media\/14437"}],"wp:attachment":[{"href":"https:\/\/speyer24news.com\/index.php?rest_route=%2Fwp%2Fv2%2Fmedia&parent=15626"}],"wp:term":[{"taxonomy":"category","embeddable":true,"href":"https:\/\/speyer24news.com\/index.php?rest_route=%2Fwp%2Fv2%2Fcategories&post=15626"},{"taxonomy":"post_tag","embeddable":true,"href":"https:\/\/speyer24news.com\/index.php?rest_route=%2Fwp%2Fv2%2Ftags&post=15626"}],"curies":[{"name":"wp","href":"https:\/\/api.w.org\/{rel}","templated":true}]}}