{"id":15686,"date":"2019-07-03T11:46:53","date_gmt":"2019-07-03T10:46:53","guid":{"rendered":"https:\/\/speyer24news.com\/?p=15686"},"modified":"2019-07-03T11:46:55","modified_gmt":"2019-07-03T10:46:55","slug":"polizei-5","status":"publish","type":"post","link":"https:\/\/speyer24news.com\/?p=15686","title":{"rendered":"Polizei:"},"content":{"rendered":"<style type=\"text\/css\">\r\n\t.ads_top_disp{}\r\n\t.ads_top_corner_disp{ float:left; margin:0px 10px 10px 0px; }\r\n\t.ads_first_p_disp{}\r\n\t.ads_bottom_disp{}\r\n\t<\/style>\n<h2 class=\"wp-block-heading\">Polizeimeldungen vom Mittwoch (03.07.2019)<\/h2>\n\n\n\n<div class=\"wp-block-image\"><figure class=\"aligncenter\"><img decoding=\"async\" src=\"https:\/\/speyer24news.com\/wp-content\/uploads\/2019\/06\/Aktuelles-Polizeilogo-3.jpg\" alt=\"\" class=\"wp-image-15371\"\/><\/figure><\/div>\n\n\n\n<h4 class=\"wp-block-heading\">(Speyer) &#8211; K\u00f6rperliche Auseinandersetzung in Gastst\u00e4tte<\/h4>\n\n\n\n<p>Zwischen  einem 47J\u00e4hrigen und einem 51J\u00e4hrigen kam es am Dienstagnachmittag in einer Gastst\u00e4tte in der  Schlesingerstra\u00dfe zu einem Streitgespr\u00e4ch, in dessen Verlauf der  51J\u00e4hrige den 47J\u00e4hrigen ins Gesicht geschlagen haben soll.  Augenscheinliche Verletzungen waren beim Anzeigenerstatter bei der  Sachverhaltsaufnahme nicht feststellbar.  Der Beschuldigte wollte sich  nach erfolgter Belehrung nicht zur Sache \u00e4u\u00dfern. Beide Parteien waren  augenscheinlich stark alkoholisiert. <\/p>\n\n\n\n<h4 class=\"wp-block-heading\">(Dudenhofen) &#8211; K\u00f6rperverletzung durch Hundebiss<\/h4>\n\n\n\n<p>Ein  65J\u00e4hriger aus Dudenhofen wurde am Dienstagabend auf einem  Wirtschaftsweg entlang des Speyerbachs von einem angeleinten Hund im  Vorbeigehen in den Arm gebissen. Der Hundef\u00fchrer, welcher gegen\u00fcber dem  Gesch\u00e4digten angab, dass es sich bei dem Hund &#8222;Boris&#8220; um das Tier eines  Bekannten handle, wollte danach seinen Namen gegen\u00fcber dem Gesch\u00e4digten  nicht preisgeben und verlie\u00df den Ort des Geschehens noch vor dem  Eintreffen der vom Gesch\u00e4digten telefonisch verst\u00e4ndigten Polizei. Da  der Hundef\u00fchrer auch im Nahbereich nicht mehr angetroffen werden konnte,  ergeht an diesen bzw. den Hundehalter die Aufforderung, sich mit der  Polizei unter der Tel.-Nr. 06232-1370 oder per Mail an <a href=\"mailto:pispeyer@polizei.rlp.de\">pispeyer@polizei.rlp.de<\/a> in Verbindung zu setzen. <\/p>\n\n\n\n<h4 class=\"wp-block-heading\">(R\u00f6merberg) &#8211; Geldbeuteldiebstahl in Einkaufsmarkt<\/h4>\n\n\n\n<p>Unbekannte\/r  T\u00e4ter entwendete\/n am Dienstagnachmittasg unbemerkt den Geldbeutel einer 53j\u00e4hrigen, w\u00e4hrend  diese sich zum Einkauf in einem Lebensmitteldiscounter in R\u00f6merberg  aufhielt. In dem schwarzen Kunstledergeldbeutel der Gesch\u00e4digten  befanden sich neben Ausweisdokumenten und EC-Karte ein 3stelliger  Bargeldbetrag. Die Polizei sucht nach Zeugen, die sachdienliche Hinweise  zu dem\/den T\u00e4ter\/n geben k\u00f6nnen. Zeugenhinweise nimmt die Polizei unter  Tel.-Nr. 06232-1370 oder per Mail an <a href=\"mailto:pispeyer@polizei.rlp.de\">pispeyer@polizei.rlp.de<\/a> entgegen. <\/p>\n\n\n\n<h4 class=\"wp-block-heading\">(Schwegenheim) &#8211; Neben B 9 mit B\u00e4umen kollidiert<\/h4>\n\n\n\n<p>Am Dienstagmittag gegen 14:20 Uhr ereignete sich auf der B9  Fahrtrichtung Speyer H\u00f6he Schwegenheim ein Verkehrsunfall, bei dem eine  74-j\u00e4hrige Frau schwer verletzt wurde. Ermittlungen zu Folge kam die  Fahrerin aus unbekannten Gr\u00fcnden nach rechts von der Fahrbahn ab und  kollidierte dort mit mehreren B\u00e4umen. Anschlie\u00dfend lenkte diese zur\u00fcck  auf die Fahrbahn, wo ihr PKW auf der Seite zum Liegen kam. Die Fahrerin  wurde durch unbeteiligte Verkehrsteilnehmer aus ihrem Fahrzeug gerettet  und mit dem Hubschrauber in ein Krankenhaus geflogen. Die B9 musste zur  Unfallaufnahme kurzzeitig voll gesperrt werden. Die Reinigung der  Fahrbahn \u00fcbernahm die Stra\u00dfenmeisterei. Der Schaden wird auf zirka 10000  Euro gesch\u00e4tzt. <\/p>\n\n\n\n<h4 class=\"wp-block-heading\">(Hochstadt) &#8211; Diebstahl eines Radladers Typ Cat 908<\/h4>\n\n\n\n<div class=\"wp-block-image\"><figure class=\"aligncenter\"><img decoding=\"async\" loading=\"lazy\" width=\"800\" height=\"600\" src=\"https:\/\/speyer24news.com\/wp-content\/uploads\/2019\/07\/03.07.19-Hochstadt-ED.jpg\" alt=\"\" class=\"wp-image-15687\" srcset=\"https:\/\/speyer24news.com\/wp-content\/uploads\/2019\/07\/03.07.19-Hochstadt-ED.jpg 800w, https:\/\/speyer24news.com\/wp-content\/uploads\/2019\/07\/03.07.19-Hochstadt-ED-300x225.jpg 300w, https:\/\/speyer24news.com\/wp-content\/uploads\/2019\/07\/03.07.19-Hochstadt-ED-768x576.jpg 768w, https:\/\/speyer24news.com\/wp-content\/uploads\/2019\/07\/03.07.19-Hochstadt-ED-678x509.jpg 678w, https:\/\/speyer24news.com\/wp-content\/uploads\/2019\/07\/03.07.19-Hochstadt-ED-326x245.jpg 326w, https:\/\/speyer24news.com\/wp-content\/uploads\/2019\/07\/03.07.19-Hochstadt-ED-80x60.jpg 80w\" sizes=\"(max-width: 800px) 100vw, 800px\" \/><figcaption>entwendeter Radlader Cat 908<\/figcaption><\/figure><\/div>\n\n\n\n<p>In der Nacht vom 2.\/3.7.2019 entwendeten bislang unbekannte T\u00e4ter ein  auf der Baustelle B272\/L540 (Neubau Kreisverkehr) in Hochstadt   abgestellten Radlader der Marke Cat 908. Zeugen des Vorfalles bzw.  Hinweise auf den Verbleib des Radladers erbittet  die Polizei Landau  unter Tel. Nr. 06341\/2870 oder per Email <a href=\"mailto:pilandau@polizei.rlp.de\">pilandau@polizei.rlp.de<\/a>. <\/p>\n\n\n\n<h4 class=\"wp-block-heading\">(Herxheim) &#8211; Verkehrsunfallflucht<\/h4>\n\n\n\n<p>Eine Pkw-Besitzerin stellte bei der R\u00fcckkehr zu ihrem auf dem Parkplatz  bei der Villa Wieser in Herxheim abgestellten Pkw am Montagnachmittag  gegen 18.00 Uhr einen frischen Unfallschaden am Heck links ihres Pkw  fest. Vermutlich stie\u00df anderes Fahrzeug in der Zeit zwischen 16.30 und  18.00 Uhr beim Aus- oder Einparken gegen den Pkw des Gesch\u00e4digten und  entfernte sich unerlaubt von der Unfallstelle. Zeugen des  Verkehrsunfalles werden gebeten, sich bei der Polizei Landau unter  06341\/2870 oder per Email  <a href=\"mailto:pilandau@polizei.rlp.de\">pilandau@polizei.rlp.de<\/a>  zu melden. <\/p>\n\n\n\n<h4 class=\"wp-block-heading\">(Schweigen \/ B 38) &#8211; Unfall mit leichtverletztem Radfahrer<\/h4>\n\n\n\n<p>Am  2.7.19, gegen 16 Uhr, befuhr ein 71-j\u00e4hriger Mann, mit seinem  E-Bike, den Radweg von Schweigen in Richtung Wissembourg. Durch einen  Fahrfehler st\u00fcrzte er und fiel auf das Gesicht. Er zog sich nur leichte  Absch\u00fcrfungen und ein &#8222;blaues Auge&#8220; zu, was er vermutlich auch dem  getragenem Fahrradhelm zu verdanken hatte. <\/p>\n\n\n\n<h4 class=\"wp-block-heading\">(Bad Bergzabern) &#8211; Verkehrsunfall mit Flucht<\/h4>\n\n\n\n<p>Zwischen dem 1.7.19, 17 Uhr -2.7.19, 15.15 Uhr, hatte ein  Verkehrsteilnehmer sein Motorrad, vor dem Eingangsbereich eines Anwesens  in der Madenburgstra\u00dfe in Bad Bergzabern, abgestellt. Vermutlich stie\u00df  ein Verkehrsteilnehmer mit seinem Fahrzeug beim R\u00fcckw\u00e4rtsfahren gegen  das Motorrad und besch\u00e4digte dieses an der Verkleidung und am  Kennzeichen.  Es konnten gelbe Lackspuren gefunden werden. Der  Verursacher entfernte sich, ohne sich um die Schadensregulierung zu  k\u00fcmmern. <\/p>\n\n\n\n<p>Zeugen bitte bei der Polizei in Bad Bergzabern melden. <\/p>\n\n\n\n<h4 class=\"wp-block-heading\">(Bad Bergzabern) &#8211; Verkehrsunfall mit hohem Sachschaden<\/h4>\n\n\n\n<p>Am 2.7.19, gegen 10.40 Uhr, befuhren 3 Verkehrsteilnehmer die  Kurtalstra\u00dfe in Bad Bergzabern, in Richtung Stadtmitte. An der  Einm\u00fcndung zur Bismarckstra\u00dfe hatte sich ein R\u00fcckstau gebildet, weshalb  das erste und zweite Fahrzeug abbremsen mussten. Die Fahrerin des  dritten PKW, eine 87-j\u00e4hrige Frau, erkannte die Situation zu sp\u00e4t und  fuhr auf das zweite, stehende Fahrzeug auf. Durch die Wucht des Ansto\u00dfes  wurde dieser PKW nach vorne auf den ersten PKW geschoben und total  besch\u00e4digt. An den beiden anderen PKW entstand erheblicher Sachschaden.  Verletzt wurde zum Gl\u00fcck niemand. <\/p>\n\n\n\n<h4 class=\"wp-block-heading\">(Landau \/ L 509) &#8211; Insekt verursacht Verkehrsunfall<\/h4>\n\n\n\n<p>Ein 31-j\u00e4hriger Pkw-Fahrer fuhr Dienstagabend in Landau von der Queichheimer Br\u00fccke  in Richtung Autobahn. Nach eigenen Angaben flog ihm kurz vor dem  Kreisverkehr  bei ge\u00f6ffneter Seitenscheibe eine Wespe oder Biene ins  Auto und traf ihn im Gesicht. Er erschrak, kam nach rechts auf den  unbefestigten Seitenstreifen, stie\u00df gegen den Mast eines  Verkehrszeichens und kam im Stra\u00dfengraben zum Stehen. Das  Verkehrszeichen wurde besch\u00e4digt. Am Fahrzeug war die vordere Sto\u00dfstange  abgerissen. Der Gesamtschaden wird auf ca. 800EUR gesch\u00e4tzt. <\/p>\n\n\n\n<h4 class=\"wp-block-heading\">(Landau) &#8211; Verkehrsunfall mit leicht verletztem Radfahrer<\/h4>\n\n\n\n<p>Zu einem Verkehrsunfall mit einem leicht verletzten 83-j\u00e4hrigen  Radfahrer kam es am Dienstagnachmittag an der Kreuzung  Martin-Luther-\/Wei\u00dfquartierstra\u00dfe in Landau. Der Radfahrer befuhr die  bevorrechtige Wei\u00dfquartierstra\u00dfe  in Richtung. Eine aus der  untergeordneten  Martin-Luther-Stra\u00dfe und in westlicher Richtung  fahrende 26-j\u00e4hrige Pkw-Fahrerin \u00fcbersah den Radfahrer. Das Rad wurde am  Hinterreifen erfasst. Der Radfahrer st\u00fcrzte auf die Fahrbahn und  verletzte sich hierbei am linken Arm. Der Rettungsdienst versorgte den  Radfahrer und verbrachte ihn in ein Krankenhaus. Am Rad und Pkw entstand  Sachschaden in H\u00f6he von 500EUR <\/p>\n\n\n\n<h4 class=\"wp-block-heading\">(Landau) &#8211; Verkehrsunfallflucht<\/h4>\n\n\n\n<p>Zu einem Verkehrsunfall kam es am Dienstagnachmittag gegen 15.15 Uhr in  Landau in der Waffenstra\u00dfe an der Queichbr\u00fccke. Ein 44-j\u00e4hriger  Pkw-Fahrer fuhr in s\u00fcdlicher Richtung an drei ordnungsgem\u00e4\u00df geparkten  Pkw vorbei. Als er sich in H\u00f6he des letzten geparkten Pkw befand fuhr  ein  schwarzer Pkw in die Engstelle. Um eine Kollision zu vermeiden  lenkte der 44-j\u00e4hrige seinen Pkw nach rechts und besch\u00e4digte den linken  Au\u00dfenspiegel des geparkten Pkw. Der schwarze Pkw fuhr ohne anzuhalten  weiter. Zeugen des Verkehrsunfalles werden gebeten, sich bei der Polizei  Landau unter 06341\/2870 oder per Email  <a href=\"mailto:pilandau@polizei.rlp.de\">pilandau@polizei.rlp.de<\/a>  zu melden. <\/p>\n\n\n\n<h4 class=\"wp-block-heading\">(Landau) &#8211; Verkehrsunfall; gesch\u00e4digter Pkw gesucht<\/h4>\n\n\n\n<p>Eine79-j\u00e4hrige Pkw-Fahrerin verursachte nach eigenen Angaben an der  Kreuzung Horststra\u00dfe\/Hainbachstra\u00dfe in Landau am 2.7.2019, gegen 14.30  Uhr  einen Verkehrsunfall. Beim Anfahren an der Ampel Richtung  Horstbr\u00fccke vernahm sie ein Ger\u00e4usch, welches sie den lose im Kofferraum  transportierten Flaschen zuordnete. Sp\u00e4ter stellte sie an ihrem Pkw  einen Streifschaden auf der Beifahrerseite ihres Pkw fest, begab sich  zur Polizei und zeigte den Verkehrsunfall an. Zu einem m\u00f6glich  beteiligten Pkw oder einem anderen beteiligten Gegenstand konnte die  Pkw-Fahrerin keine Angaben machen. Zeugen bzw. m\u00f6gliche Gesch\u00e4digte des  Verkehrsunfalles werden gebeten, sich bei der Polizei Landau unter  06341\/2870 oder per Email  <a href=\"mailto:pilandau@polizei.rlp.de\">pilandau@polizei.rlp.de<\/a>  zu melden. <\/p>\n\n\n\n<h4 class=\"wp-block-heading\">(Landau) &#8211; Bauarbeiter schwer verletzt<\/h4>\n\n\n\n<p>Ein Betriebsunfall ereignete sich am Dienstagvormittag in Landau,  Emma-Geenen-Stra\u00dfe. Ein 53-j\u00e4hriger Arbeiter arbeitete auf dem Dachboden  eines Anwesens und st\u00fcrzte mangels Sicherung auf den Betonboden des 2.  OG. Mit schweren Wirbels\u00e4ulenverletzungen wurde der Mann nach  not\u00e4rztlicher Versorgung per Rettungshubschrauber in eine Klinik nach  Ludwigshafen verbracht. <\/p>\n\n\n\n<h4 class=\"wp-block-heading\">(Dernbach) &#8211; Radfahrer bei Unfall schwer verletzt<\/h4>\n\n\n\n<p>Ein 76-j\u00e4hriger Radfahrer befuhr am Dienstag, den 02.07.2019, am fr\u00fchen  Morgen die Stra\u00dfe &#8222;Im Bruch&#8220; und fuhr ohne auf den bevorrechtigten  Verkehr auf der L 506 zu achten in den Einm\u00fcndungsbereich ein. Dort  stie\u00df der Zweiradfahrer, welcher mit einem verkehrst\u00fcchtigen und  ordnungsgem\u00e4\u00df funktionierenden Fahrrad unterwegs war, infolge seiner  Vorfahrtsmissachtung an einen Bus und kam zu Fall. Hierbei zog sich der  Radfahrer, welcher keinen Fahrradhelm trug, schwere Kopfverletzungen zu  und wurde anschlie\u00dfend vorsorglich mit Rettungshubschrauber \u00e4rztlicher  Versorgung zugef\u00fchrt. <\/p>\n\n\n\n<h4 class=\"wp-block-heading\">(Edenkoben) &#8211; Verkehrskontrollen<\/h4>\n\n\n\n<p>21 Autofahrer waren gestern in der Luitpoldstra\u00dfe zu schnell unterwegs  und mussten geb\u00fchrenpflichtig verwarnt werden. Sechs Gurtmuffel  erhielten eine geb\u00fchrenpflichtige Verwarnung in H\u00f6he von 30 Euro, weil  sie den vorgeschriebenen Sicherheitsgurt nicht angelegt hatten. Ein  Autofahrer musste ein Bu\u00dfgeld in H\u00f6he von 60 Euro bezahlen, weil er sein  Kind ohne jegliche Sicherung in seinem Auto mitnahm. Laut  Unfallforschung k\u00f6nnen j\u00e4hrlich rund 200 Verkehrstote und 1.500  Schwerverletzte vermieden werden, wenn sich alle Autoinsassen immer  korrekt anschnallen w\u00fcrden. Untersuchungen zeigen, dass bereits bei  einem Aufprall mit einer Geschwindigkeit von 20 km\/h die Arme eines 75  Kilogramm schweren Menschen ein Gewicht von 1.800 Kilogramm abst\u00fctzen  m\u00fcssen. <\/p>\n\n\n\n<h4 class=\"wp-block-heading\">(Neustadt) &#8211; Mit \u00fcber zwei Promille auf Drahtesel unterwegs<\/h4>\n\n\n\n<p>Bei einer Verkehrskontrolle am fr\u00fchen Mittwochmorgen in der Landauer Stra\u00dfe  fuhr ein 16-J\u00e4hriger mit einem Fahrrad ohne Beleuchtung den  kontrollierenden Beamten in die Arme. Der Jugendliche stand sichtlich  stark unter Alkoholeinflu\u00df. Ein Atemalkoholtest ergab eine Konzentration  von 2,21 Promille. Dem Jungen wurde eine Blutprobe entnommen,  anschlie\u00dfend wurde er seinen Eltern \u00fcbergeben. <\/p>\n\n\n\n<h4 class=\"wp-block-heading\">(Neustadt) &#8211; Jugendliche mit Alkohol und Drogen<\/h4>\n\n\n\n<p>Durch einen Zeugen wurde am Dienstagabend mitgeteilt, dass Jugendliche auf  dem Schulhof der Grundschule in der Pestalozzistra\u00dfe in  Lachen-Speyerdorf Alkohol konsumieren und laute Musik h\u00f6ren w\u00fcrden. Vor  Ort machten sich einige Jugendliche aus dem Staub, ein 17-J\u00e4hriger wurde  angetroffen. Im Aufenthaltsbereich des Jugendlichen wurde eine kleine  Menge Marihuana und Zubeh\u00f6r aufgefunden. Eine Jacke, eine Musikbox und  eine M\u00fctze konnten keiner Person zugeordnet werden und wurden deshalb  sichergestellt. Der Jugendliche wurde nach R\u00fccksprache mit den Eltern  nach Hause entlassen. <\/p>\n\n\n\n<h4 class=\"wp-block-heading\">(Neustadt) &#8211; Aussenspiegel besch\u00e4digt und abgehauen<\/h4>\n\n\n\n<p>Bereits von Montag auf Dienstag kam es in Geinsheim in der G\u00e4ustra\u00dfe zu  einer Unfallflucht. Ein unbekannter Fahrzeugf\u00fchrer besch\u00e4digte den  Aussenspiegel eines geparkten schwarzen Madza vermutlich im  Vorbeifahren. Die Schadensh\u00f6he betr\u00e4gt ca. 100 Euro. <\/p>\n\n\n\n<h4 class=\"wp-block-heading\">(Gr\u00fcnstadt) &#8211; Ferienprogramm der Polizei Gr\u00fcnstadt und der Kreisverkehrswacht<\/h4>\n\n\n\n<p>Polizeiinspektion Gr\u00fcnstadt und Kreisverkehrswacht Bad D\u00fcrkheim-Nord  bieten in Kooperation mit dem Tr\u00e4gerverein Offene Jugendarbeit Leininger  Land auch dieses Jahr wieder ein Ferienprogramm an. <\/p>\n\n\n\n<ul><li><strong>Wo? <\/strong>An der  Dekan-Ernst-Schule in Gr\u00fcnstadt (S\u00fcdring 7) <\/li><li><strong>Was? <\/strong> Fahrrad &#8211;  Geschicklichkeits-Parcours f\u00fcr alle Radler jung und alt (z.B. H\u00fctchen \/  Linie \/ Kreis fahren, Schr\u00e4gbrett, Zielbremsung) <\/li><li><strong>Wann? <\/strong>Mittwoch,  03.07.2019, 10.00 Uhr <\/li><li><strong>Was? <\/strong> Fahrrad Reparatur-Workshop f\u00fcr alle Radler  <\/li><li><strong>Wann? <\/strong>Freitag, 05.07.2019, 10.00 Uhr <\/li><\/ul>\n\n\n\n<p>Wir bitten darum, dass teilnehmende  Sch\u00fclerinnen und Sch\u00fcler von Erziehungsberechtigten begleitet werden. <\/p>\n\n\n\n<p>Info&#8217;s erhalten Sie auch auf der Homepage der Kreisverkehrswacht <a rel=\"noreferrer noopener\" target=\"_blank\" href=\"http:\/\/www.k-v-w.de\">www.k-v-w.de<\/a>.  Dort kann auch die Einverst\u00e4ndniserkl\u00e4rung runter geladen werden.  Ansprechpartner ist PHK J\u00fcrgen Kemp, Tel. Tel. 0152 \/ 28854238 oder  06359 \/ 85305. <\/p>\n\n\n\n<h4 class=\"wp-block-heading\">(Gr\u00fcnstadt) &#8211; Busfahrer von Jugendlichen attackiert<\/h4>\n\n\n\n<p>Ein Busfahrer musste sich Dienstagabend in eine Seniorenresidenz in Gr\u00fcnstadt  fl\u00fcchten, nachdem ihn zwei Fahrg\u00e4ste, die er in Carlsberg aufgenommen  hatte, attackierten. Der 51-j\u00e4hrige Gesch\u00e4digte hatte einen 17 und einen  18-J\u00e4hrigen angesprochen, weil sie die F\u00fc\u00dfe auf eine Sitzbank vor sich  stellten. Bei der Fahrscheinkontrolle schlugen die beiden Jugendlichen  unvermittelt auf den Busfahrer ein. Der Busfahrer wurde am Kopf und im  Gesicht erheblich verletzt, weshalb er mit Verdacht auf  Gehirnersch\u00fctterung ins Krankenhaus verbracht und station\u00e4r aufgenommen  wurde. Die jugendlichen T\u00e4ter standen offensichtlich unter  Drogeneinfluss (THC). Sie wurden sp\u00e4ter von ihren Eltern bei der Polizei  abgeholt. <\/p>\n\n\n\n<h4 class=\"wp-block-heading\">(Gr\u00fcnstadt) &#8211; Polizei untersagt 74-J\u00e4hriger die Weiterfahrt mit PKW<\/h4>\n\n\n\n<p>Verkehrsteilnehmer informierten am Dienstagmorgen die PI Gr\u00fcnstadt \u00fcber einen Pkw, der  auf der L 520 von Altleiningen nach Gr\u00fcnstadt  mehrfach \u00fcber die  Mittellinie auf die Gegenfahrbahn geriet. Das Fahrzeug konnte im  Stadtgebiet von Gr\u00fcnstadt kontrolliert werden. Fahrerin war eine  74-J\u00e4hrige aus Altleiningen, die zuerst ihr H\u00f6rger\u00e4t anlegte, um die  Beamten zu verstehen. Die Beamten stellten weitere k\u00f6rperliche  Einschr\u00e4nkungen fest, die eine Weiterfahrt nicht zulie\u00dfen. Das Auto  wurde sichergestellt. F\u00fchrerscheinstelle und die Familie wurden  informiert. <\/p>\n\n\n\n<h4 class=\"wp-block-heading\">(Gr\u00fcnstadt) &#8211; Ruhest\u00f6rung \/ Musikboxen sichergestellt<\/h4>\n\n\n\n<p>Ein 21-J\u00e4hriger feierte Montagnacht in seiner Wohnung eine Party und verursachte  mit seiner Musikanlage Ruhest\u00f6rung. Nachdem er mehreren polizeilichen  Aufforderungen, die Musik abzustellen und sich leiser zu verhalten nicht  nachkam, wurden die Musikboxen sichergestellt. Beim polizeilichen  Einsatz beleidigte er eine Nachbarin mit \u00fcblen Ausdr\u00fccken. Entsprechende  Anzeigen wegen Ruhest\u00f6rung und Beleidigung wurden erfasst. <\/p>\n\n\n\n<h4 class=\"wp-block-heading\">(Frankenthal) &#8211; Alleinunfall mit leichtverletzter Person<\/h4>\n\n\n\n<p>Am 03.07.2019, gegen 04.15 Uhr, bef\u00e4hrt ein 35-j\u00e4hriger Mann aus Speyer  die Beindersheimer Stra\u00dfe mit seinem Pkw Skoda Fabia. In H\u00f6he der  Hausnummer 59 kommt er nach rechts von der Fahrbahn ab und kollidiert  mit einem sich dort befindlichen Baum. Vor Ort kann durch die  eingesetzten Beamten bei dem Fahrzeugf\u00fchrer kein Einfluss von Alkohol  oder Drogen festgestellt werden. Er selbst gibt an, dass er  m\u00f6glicherweise einem Sekundenschlaf erlegen ist. Der Pkw ist nicht mehr  fahrbereit und muss abgeschleppt werden. Der Mann wird gl\u00fccklicherweise  nur leicht verletzt. Der abgebrochene Baum wird durch die hinzugerufene  Feuerwehr entfernt. Der Sachschaden wird auf etwa 5000 Euro gesch\u00e4tzt. <\/p>\n\n\n\n<p>Sekundenschlaf\n gef\u00e4hrdet nicht nur Sie sondern auch andere. Machen sie rechtzeitig und\n gen\u00fcgend Pausen, um solche Situationen zu vermeiden. Wir weisen zudem \ndaraufhin, dass bei einem Verkehrsunfall durch Sekundenschlaf der \nTatbestand der Gef\u00e4hrdung des Stra\u00dfenverkehrs erf\u00fcllt sein kann. Hier \ndroht eine Freiheitsstrafe bis zu 5 Jahren oder eine Geldstrafe. <\/p>\n\n\n\n<p>Wer\n sachdienliche Hinweise zu dem genannten Fall geben kann, wird gebeten \nsich mit der Polizeiinspektion Frankenthal unter der Rufnummer \n06233\/313-0 oder der Polizeiwache Maxdorf unter der Rufnummer \n06237\/934-1100 in Verbindung zu setzen. Hinweise k\u00f6nnen auch per E-Mail \nunter <a href=\"mailto:pifrankenthal@polizei.rlp.de\">pifrankenthal@polizei.rlp.de<\/a> an die Polizei \u00fcbermittelt werden. <\/p>\n\n\n\n<h4 class=\"wp-block-heading\">(Frankenthal) &#8211; Verkehrsunfall mit verletztem Fahrradfahrer<\/h4>\n\n\n\n<p>Am 02.07.2019, gegen 10.20 Uhr, bef\u00e4hrt ein 54-j\u00e4hriger Mann aus  Frankenthal mit seinem Pkw Audi die Frankenstra\u00dfe in Richtung Am  Strandbad. An der Kreuzung Frankenstra\u00dfe \/ Benderstra\u00dfe will er nach  links in die Benderstra\u00dfe abbiegen. Hierbei \u00fcbersieht er einen  entgegenkommenden 85-j\u00e4hrigen Fahrradfahrer aus Frankenthal und  kollidiert mit diesem. Der Fahrradfahrer wird hierbei leicht verletzt  und wird vom Rettungsdienst zu einem Arzt verbracht. Sachschaden ist  augenscheinlich nicht entstanden. <\/p>\n\n\n\n<p>Wer sachdienliche Hinweise zu \ndem genannten Fall geben kann, wird gebeten sich mit der \nPolizeiinspektion Frankenthal unter der Rufnummer 06233\/313-0 oder der \nPolizeiwache Maxdorf unter der Rufnummer 06237\/934-1100 in Verbindung zu\n setzen. Hinweise k\u00f6nnen auch per E-Mail unter <a href=\"mailto:pifrankenthal@polizei.rlp.de\">pifrankenthal@polizei.rlp.de<\/a> an die Polizei \u00fcbermittelt werden. <\/p>\n\n\n\n<h4 class=\"wp-block-heading\">(Frankenthal) &#8211; Verkehrsunfallflucht I<\/h4>\n\n\n\n<p>Der Gesch\u00e4digte parkt seinen Pkw BMW 1er in der Zeit von 01.07.2019,  21.00 Uhr, bis 02.07.2019, 08.30 Uhr, in der Petersau, H\u00f6he Hausnummer  7, ab. Als er wieder zu seinem Fahrzeug kommt, muss er feststellen, dass  ein bislang unbekannter Fahrzeugf\u00fchrer, vom Schadensbild her  m\u00f6glicherweise ein Lkw, diesen an der rechten Seite massiv besch\u00e4digt  hat. Der Schaden wird auf etwa 3500 Euro gesch\u00e4tzt. <\/p>\n\n\n\n<p>Wer  sachdienliche Hinweise zu dem genannten Fall geben kann, wird gebeten  sich mit der Polizeiinspektion Frankenthal unter der Rufnummer  06233\/313-0 oder der Polizeiwache Maxdorf unter der Rufnummer  06237\/934-1100 in Verbindung zu setzen. Hinweise k\u00f6nnen auch per E-Mail  unter <a href=\"mailto:pifrankenthal@polizei.rlp.de\">pifrankenthal@polizei.rlp.de<\/a> an die Polizei \u00fcbermittelt werden. <\/p>\n\n\n\n<h4 class=\"wp-block-heading\">(Frankenthal) &#8211; Verkehrsunfallflucht II<\/h4>\n\n\n\n<p>Der Gesch\u00e4digte stellt seinen Pkw VW Tiguan in der Zeit von 30.06.2019,  20.00 Uhr, bis 01.07.2019, 09.00 Uhr, im Carl-Bosch-Ring, H\u00f6he  Hausnummer 43, ab. Als er wieder zu seinem Fahrzeug kommt, muss er  feststellen, dass dieses durch einen bislang unbekannten Fahrzeugf\u00fchrer  an der Sto\u00dfstange vorne links besch\u00e4digt wurde. Der Schaden wird auf  etwa 600 Euro gesch\u00e4tzt. <\/p>\n\n\n\n<p>Wer sachdienliche Hinweise zu dem  genannten Fall geben kann, wird gebeten sich mit der Polizeiinspektion  Frankenthal unter der Rufnummer 06233\/313-0 oder der Polizeiwache  Maxdorf unter der Rufnummer 06237\/934-1100 in Verbindung zu setzen.  Hinweise k\u00f6nnen auch per E-Mail unter <a href=\"mailto:pifrankenthal@polizei.rlp.de\">pifrankenthal@polizei.rlp.de<\/a> an die Polizei \u00fcbermittelt werden. <\/p>\n\n\n\n<h4 class=\"wp-block-heading\">(Beindersheim) &#8211; Kennzeichendiebstahl<\/h4>\n\n\n\n<p>In der Zeit von 29.06.2019, 19.00 Uhr, bis 02.07.2019, 10.00 Uhr,  entwenden bislang unbekannte T\u00e4ter das vordere amtliche Kennzeichen  eines Pkw Mini Cooper, welcher in der Lindenstra\u00dfe abgestellt war. <\/p>\n\n\n\n<p>Wer  sachdienliche Hinweise zu dem genannten Fall geben kann, wird gebeten  sich mit der Polizeiinspektion Frankenthal unter der Rufnummer  06233\/313-0 oder der Polizeiwache Maxdorf unter der Rufnummer  06237\/934-1100 in Verbindung zu setzen. Hinweise k\u00f6nnen auch per E-Mail  unter <a href=\"mailto:pifrankenthal@polizei.rlp.de\">pifrankenthal@polizei.rlp.de<\/a> an die Polizei \u00fcbermittelt werden. <\/p>\n\n\n\n<h4 class=\"wp-block-heading\">(Ludwigshafen) &#8211; Fahrraddieb gefasst \/ Besitzer gesucht<\/h4>\n\n\n\n<div class=\"wp-block-image\"><figure class=\"aligncenter\"><img decoding=\"async\" loading=\"lazy\" width=\"800\" height=\"600\" src=\"https:\/\/speyer24news.com\/wp-content\/uploads\/2019\/07\/03.07.19-LU-Fahrraddieb-geschnappt.jpg\" alt=\"\" class=\"wp-image-15688\" srcset=\"https:\/\/speyer24news.com\/wp-content\/uploads\/2019\/07\/03.07.19-LU-Fahrraddieb-geschnappt.jpg 800w, https:\/\/speyer24news.com\/wp-content\/uploads\/2019\/07\/03.07.19-LU-Fahrraddieb-geschnappt-300x225.jpg 300w, https:\/\/speyer24news.com\/wp-content\/uploads\/2019\/07\/03.07.19-LU-Fahrraddieb-geschnappt-768x576.jpg 768w, https:\/\/speyer24news.com\/wp-content\/uploads\/2019\/07\/03.07.19-LU-Fahrraddieb-geschnappt-678x509.jpg 678w, https:\/\/speyer24news.com\/wp-content\/uploads\/2019\/07\/03.07.19-LU-Fahrraddieb-geschnappt-326x245.jpg 326w, https:\/\/speyer24news.com\/wp-content\/uploads\/2019\/07\/03.07.19-LU-Fahrraddieb-geschnappt-80x60.jpg 80w\" sizes=\"(max-width: 800px) 100vw, 800px\" \/><figcaption>Gestohlenes Fahrrad &#8211; Besitzer gesucht<\/figcaption><\/figure><\/div>\n\n\n\n<p>Am 03.07.2019 gegen 02:25 Uhr wurde ein 29-J\u00e4hriger im Rahmen einer  Streife von Polizeibeamten in der Bahnhofstra\u00dfe kontrolliert. Der  29-J\u00e4hrige f\u00fchrte ein relativ neuwertiges Fahrrad mit sich. Auf  Nachfrage gab er an, dass er einen Bolzenschneider in der Tasche habe.  Daraufhin durchsuchten die Polizeibeamten den Mann und fanden neben dem  Bolzenschneider auch ein durchgeschnittenes Spiralschloss bei ihm.  Daraufhin gab der 29-J\u00e4hrige zu, dass er das Fahrrad im Hemshof kurz  zuvor gestohlen habe. Nun sucht die Polizei den Besitzer des Fahrrads.  Es handelt sich um ein BTWIN Trekkingrad. Es wurde sichergestellt und  der rechtm\u00e4\u00dfige Besitzer kann es bei der Polizeiinspektion Ludwigshafen  1, Beethovenstra\u00dfe 36, 67061 Ludwigshafen abholen. <\/p>\n\n\n\n<h4 class=\"wp-block-heading\">(Ludwigshafen) &#8211; Angelger\u00e4te aus Garage gestohlen<\/h4>\n\n\n\n<p>In der Zeit zwischen dem 16.06.2019 gegen 15:00 Uhr und dem 02.07.2019  gegen 18:30 Uhr stahlen unbekannte T\u00e4ter aus einer Garage im Fliederweg  eine Angelausr\u00fcstung und Getr\u00e4nke. Der Gesamtwert der gestohlenen  Gegenst\u00e4nde bel\u00e4uft sich auf etwa 1.000 Euro. Die Polizeiinspektion  Ludwigshafen 1 bittet um sachdienliche Hinweise unter der Telefonnummer  0621 963-2122 oder per e-Mail <a href=\"mailto:piludwigshafen1@polizei.rlp.de\">piludwigshafen1@polizei.rlp.de<\/a> . <\/p>\n\n\n\n<h4 class=\"wp-block-heading\">(Ludwigshafen) &#8211; Anruf von falschem Polizeibeamten<\/h4>\n\n\n\n<p>Am 02.07.2019, gegen 11:00 Uhr, rief bei einer 78-j\u00e4hrigen  Ludwigshafenerin ein unbekannter Mann an und gab sich als Polizeibeamter  aus. Er informierte sie \u00fcber einen Raub\u00fcberfall und erkl\u00e4rte, dass man  im Rahmen der Ermittlungen ein Notizbuch gefunden habe, in dem der Name  der Angerufenen stand. Als der Anrufer die 78-J\u00e4hrige dann \u00fcber ihren  Kontostand ausfragte, beendete sie das Telefonat. <\/p>\n\n\n\n<h4 class=\"wp-block-heading\">(Ludwigshafen) &#8211; Anruf von falschem Kriminalbeamten<\/h4>\n\n\n\n<p>Am 02.07.2019, gegen 10:45 Uhr, rief bei einem 79-j\u00e4hrigen  Ludwigshafener ein unbekannter Mann an und gab sich als Kriminalbeamter  der Kriminalpolizei Ludwigshafen aus. Als Grund des Anrufs erkl\u00e4rte er,  dass vor kurzem in Ludwigshafen ein Einbruch stattgefunden habe und die  T\u00e4ter festgenommen worden seien. Bei den festgenommenen T\u00e4tern habe man  die Adresse des Angerufenen gefunden. Als der 79-J\u00e4hrige dem Anrufer  mitteilte, dass er an der Glaubw\u00fcrdigkeit zweifle, beendete der Anrufer  das Gespr\u00e4ch. <\/p>\n\n\n\n<h4 class=\"wp-block-heading\">(Ludwigshafen) &#8211; Handy und Geld aus LKW gestohlen<\/h4>\n\n\n\n<p>Am 02.07.2019, gegen 06:30 Uhr, stellte ein LKW-Fahrer seinen LKW in  der Bahnhofstra\u00dfe ab. Da er nur kurz Waren auslieferte, lie\u00df er das  Fahrerfenster ge\u00f6ffnet und schloss den LKW auch nicht ab. Als er gegen  06:50 Uhr wieder zur\u00fcck kam, musste er feststellen, dass sein Handy  sowie Bargeld von unbekannten T\u00e4tern gestohlen worden waren. Die  Polizeiinspektion Ludwigshafen 1 bittet um sachdienliche Hinweise unter  der Telefonnummer 0621 963-2122 oder per e-Mail <a href=\"mailto:piludwigshafen1@polizei.rlp.de\">piludwigshafen1@polizei.rlp.de<\/a> . <\/p>\n\n\n\n<h4 class=\"wp-block-heading\">(Ludwigshafen) &#8211; Unbekannte \u00fcberfallen 80-J\u00e4hrigen<\/h4>\n\n\n\n<div class=\"wp-block-image\"><figure class=\"aligncenter\"><img decoding=\"async\" src=\"https:\/\/speyer24news.com\/wp-content\/uploads\/2019\/06\/Zeugen-gesucht-Neutral-3.jpg\" alt=\"\" class=\"wp-image-15310\"\/><\/figure><\/div>\n\n\n\n<p>Am 02.07.2019, in der Zeit zwischen 05:00 Uhr und 07:00 Uhr, war ein  80-J\u00e4hriger in der Edigheimerstra\u00dfe unterwegs, hielt sich dort kurz vor  der Bank auf, t\u00e4tigte aber keine Bargeldabhebung und lief dann nach  Hause. Als er dort angekommen war und seinen Briefkasten \u00f6ffnete, wurde  er pl\u00f6tzlich von hinten angegriffen. Ein unbekannter T\u00e4ter schlug ihm  auf den Kopf, so dass er zu Boden st\u00fcrzte, ein zweiter unbekannter T\u00e4ter  schlug ihm daraufhin noch sein H\u00f6rger\u00e4t aus dem Ohr. Dann nahmen die  beiden das Handy aus seiner Hemdtasche und seine Uhr von seinem  Handgelenk. Das Handy lie\u00dfen sie letztendlich vor Ort zur\u00fcck, mit der Uhr entfernten sie sich in unbekannte Richtung. Der 80-J\u00e4hrige kam ins  Krankenhaus. Von den unbekannten T\u00e4tern ist nur bekannt, dass der eine  etwa 1,90 m und der andere etwa 1,60 m gro\u00df war. Sachdienliche Hinweise  bitte an die Polizeiinspektion Ludwigshafen 2  unter der Telefonnummer  0621 963-2222 oder per E-Mail <a href=\"mailto:piludwigshafen2@polizei.rlp.de\">piludwigshafen2@polizei.rlp.de<\/a>. <\/p>\n\n\n\n<h4 class=\"wp-block-heading\">(Mannheim) &#8211; Polizei sucht nach 64-j\u00e4hrigen Vermissten \/ Fahndungsr\u00fccknahme<\/h4>\n\n\n\n<p>Der seit Dienstag, den 25.06.2019, vermisste Claus S aus Mannheim wurde  am Dienstagabend tot auf einem Feld nahe Schriesheim aufgefunden.  Hinweise auf Fremdverschulden bzw. einen Ungl\u00fccksfall liegen nicht vor. <\/p>\n\n\n\n<h4 class=\"wp-block-heading\">(Mannheim-Oststadt) &#8211; Unbekannter versucht, 39-J\u00e4hrige zu vergewaltigen \/ Polizei sucht Zeugen<\/h4>\n\n\n\n<div class=\"wp-block-image\"><figure class=\"aligncenter\"><img decoding=\"async\" src=\"https:\/\/speyer24news.com\/wp-content\/uploads\/2019\/06\/Zeugen-gesucht-Neutral-3.jpg\" alt=\"\" class=\"wp-image-15310\"\/><\/figure><\/div>\n\n\n\n<p>Ein unbekannter Mann versuchte am fr\u00fchen Sonntagmorgen im Stadtteil Oststadt eine 39-j\u00e4hrige Frau zu vergewaltigen. Die Frau befand sich kurz nach 3 Uhr auf dem Nachhauseweg. Dabei wurde sie offenbar schon von einem unbekannten Mann verfolgt. Direkt vor dem Hauseingang in der Werderstra\u00dfe riss der Unbekannte die 39-J\u00e4hrige von hinten zu Boden , hielt ihr mit der Hand den Mund zu und kniete sich auf sie. Dabei sagte er &#8222;Be silent&#8220; und versuchte, ihr die Kleidung vom K\u00f6rper zu rei\u00dfen. Durch die lauten Hilferufe der Gesch\u00e4digten wurden Anwohner auf den Vorfall aufmerksam und riefen, dass sie die Polizei verst\u00e4ndigen w\u00fcrden. Hierdurch wie auch durch die k\u00f6rperliche Gegenwehr des Opfers lie\u00df der T\u00e4ter von der Frau ab, \u00fcberquerte die Fahrbahn und fl\u00fcchtete in Richtung Augustaanlage.<\/p>\n\n\n\n<p>Die 39-J\u00e4hrige erlitt durch den Sturz diverse Sch\u00fcrf- und Platzwunden im Gesicht sowie an der Schulter. Sie wurde ambulant im Krankenhaus behandelt.<\/p>\n\n\n\n<p>Ein Anwohner soll dem T\u00e4ter anschlie\u00dfend noch zu Fu\u00df gefolgt sein, konnte ihn jedoch nicht mehr einholen.<\/p>\n\n\n\n<p>Eine sofort eingeleitete Fahndung mit starken Polizeikr\u00e4ften nach dem T\u00e4ter verlief ebenfalls ergebnislos.<\/p>\n\n\n\n<p>Der unbekannte m\u00e4nnliche T\u00e4ter wird wie folgt beschrieben:<\/p>\n\n\n\n<ul><li> ca. 170 cm gro\u00df<\/li><li> um die 30 Jahre alt<\/li><li> Statur: Oberk\u00f6rper muskul\u00f6s, st\u00e4mmige Statur<\/li><li> gebr\u00e4unte Haut<\/li><li> indisch-s\u00fcdasiatisches Aussehen<\/li><li> dunkle Haare, moderne Frisur, mit Seitenscheitel, volumin\u00f6ser nach oben, an den Schl\u00e4fen k\u00fcrzer<\/li><li> tiefsitzende Hose, helle Jeans gescheckt, oben weiterer Schnitt nach unten enge Beine<\/li><li> T-Shirt verwaschenes rot, rosa, keine einheitliche Farbe, gemustert<\/li><li> schwarzer \/ dunkelblauer Rucksack mit gepolsterten Tr\u00e4gern <\/li><\/ul>\n\n\n\n<p>Die Polizei sucht den Anwohner, der den T\u00e4ter noch verfolgt hat sowie Zeugen des Vorfalls, die sachdienliche Hinweise zum T\u00e4ter geben k\u00f6nnen und bittet diese, sich beim Kriminaldauerdienst der Kriminalpolizeidirektion Heidelberg, Tel.: 0621\/174-4444 zu melden. <\/p>\n\n\n\n<h4 class=\"wp-block-heading\">(Mannheim-Neckarstadt-West) &#8211; Brand mit starker Rauchentwicklung im Industriehafen<\/h4>\n\n\n\n<p>Die Wasserschutzpolizei wurde am Dienstag, 02.07.2019, gegen  11.30 Uhr, \u00fcber einen Brand in einer M\u00fcllverbrennungsanlage im  Industriehafen Mannheim in Kenntnis gesetzt. <\/p>\n\n\n\n<p>Dort brannte &#8211; mit \nstarker Rauchentwicklung &#8211; ein ca. 20 Meter hohes Silo, gef\u00fcllt mit ca. \n2500 m\u00b3 Holzhackschnipsel. Dabei brannte das Dach des Silos komplett \ndurch. Nach derzeitigem Stand gehen die Ermittler von einer \nSelbstentz\u00fcndung aus. <\/p>\n\n\n\n<p>Die Berufsfeuerwehr und Freiwillige \nFeuerwehr Mannheim brachten den Brand schnell unter Kontrolle. Zwei \nMitarbeiter der Firma erlitten eine Rauchgasintoxikation und mussten \nambulant behandelt werden. <\/p>\n\n\n\n<p>Die L\u00f6scharbeiten der Feuerwehr nehmen\n vermutlich noch den heutigen Nachmittag in Anspruch. Dabei ist mit \neiner erneut verst\u00e4rkten Rauchentwicklung zu rechnen wenn der untere \nTeil des Silos ge\u00f6ffnet wird. <\/p>\n\n\n\n<p>Die Schadensh\u00f6he kann bislang noch nicht beziffert werden. Die Ermittlungen der Wasserschutzpolizei dauern an. <\/p>\n\n\n\n<h4 class=\"wp-block-heading\">(Mannheim-Feudenheim) &#8211; Rabiater Motorradfahrer tritt beim \u00dcberholen gegen Smart, Zeugen gesucht!<\/h4>\n\n\n\n<p>Am Dienstag gegen 18.45 Uhr befuhr eine 51-j\u00e4hrige Fahrerin eines  Smarts die Siebenb\u00fcrger Stra\u00dfe von Wallstadt kommend in Richtung  Feudenheim. <\/p>\n\n\n\n<p>Auf der Gerade in H\u00f6he von Feudenheim, noch vor der \nAmpelkreuzung Ilvesheimer Stra\u00dfe\/ Feudenheimer Stra\u00dfe fuhr ein bislang \nunbekannter Fahrer eines Motorrades der 51-J\u00e4hrigen so dicht auf, dass \ndiese das Abblendlicht des Motorrades nicht mehr im R\u00fcckspiegel sehen \nkonnte. Die 51-J\u00e4hrige gab ihm daraufhin Zeichen, dass er Abstand halten\n sollte. Der unbekannte Motorradfahrer lie\u00df sich minimal zur\u00fcckfallen \nund zeigte der Smartfahrerin den Mittelfinger. Danach \u00fcberholte er den \nSmart und trat w\u00e4hrend des \u00dcberholvorgangs gegen den linken Au\u00dfenspiegel\n des Smarts. Dieser wurde besch\u00e4digt, es entstand ein Sachschaden von \n600,- Euro. <\/p>\n\n\n\n<p>Als der Motorradfahrer an der Ampelkreuzung \nIlvesheimer\/ Feudenheimer Stra\u00dfe aufgrund Rotlichts halten musste, ging \nder Beifahrer der Smartfahrerin zum Motorrad und forderte den \nMotorradfahrer auf rechts ran zu fahren. <\/p>\n\n\n\n<p>Dieser fuhr trotz andauernder Rotlichtphase in die Kreuzung ein und fl\u00fcchtete. <\/p>\n\n\n\n<p>Die Ermittlungen \u00fcbernahm der Polizeiposten Feudenheim. Zeugen der Vorf\u00e4lle werden gebeten, sich unter 0621 799840 zu melden. <\/p>\n\n\n\n<h4 class=\"wp-block-heading\">(Heidelberg) &#8211; Radfahrer missachtet Rotlicht<\/h4>\n\n\n\n<p>Die rote Ampel im Kreuzungsbereich Berliner Stra\u00dfe\/Im Neuenheimer Feld  missachtete am Dienstag gegen 13 Uhr ein 24-j\u00e4hriger Mountainbike-Fahrer  und kollidierte mit einem ordnungsgem\u00e4\u00df fahrenden BMW. Der Radfahrer  landete im Gr\u00fcnstreifen, krachte allerdings noch gegen einen stehenden  Wagen und zog sich Verletzungen zu. Zur Untersuchung wurde der  Heidelberger, der zum Gl\u00fcck einen Helm trug, in ein nahegelegenes  Krankenhaus eingeliefert. Die Polizei beziffert den Unfallschaden auf  \u00fcber 3.000 Euro. <\/p>\n\n\n\n<h4 class=\"wp-block-heading\">(Heidelberg) &#8211; Versucher Einbruch in der Bergstra\u00dfe<\/h4>\n\n\n\n<p>Bislang nicht ermittelte T\u00e4ter versuchten am Dienstagmorgen in eine  Villa in der Bergstra\u00dfe einzubrechen. Die Aufhebelversuche schlugen  allerdings fehl, so dass die T\u00e4ter von ihrem Vorhaben ablie\u00dfen und  fl\u00fcchteten. Eine Bekannte der gesch\u00e4digten Hausbesitzer bemerkte kurz  vor 8 Uhr die Besch\u00e4digungen an der Hauseingangst\u00fcre und alarmierte die  Polizei. Zeugen und\/oder Anwohner, die gegen 7 Uhr verd\u00e4chtige  Beobachtungen gemacht haben, werden gebeten, sich beim Polizeirevier  Heidelberg-Nord, Tel.: 06221\/4569-0, oder bei der  Kriminalpolizeidirektion Heidelberg, Tel.: 0621\/174-4444, zu melden. <\/p>\n\n\n\n<h4 class=\"wp-block-heading\">(Br\u00fchl \/ Rhein-Neckar-Kreis) &#8211; Gegen Rad gefahren und abgehauen, Unfallbeteiligter und Zeugen gesucht!<\/h4>\n\n\n\n<p>Am Dienstag gegen 15 Uhr befuhr ein 22-j\u00e4hriger Radfahrer den Eisenbahnweg in Richtung Br\u00fchl. <\/p>\n\n\n\n<p>Nach\n derzeitigem Ermittlungsstand hatte der Radfahrer den Einm\u00fcndungsbereich\n Eisenbahnweg\/ Sandst\u00fcckerweg nahezu passiert, als ihm ein bislang \nunbekannter Fahrzeugf\u00fchrer eines grauen Mercedes, der den Sandst\u00fcckerweg\n in Richtung Br\u00fchl befuhr, gegen das Hinterrad fuhr. <\/p>\n\n\n\n<p>Das \nHinterrad des Fahrrades wurde komplett verbogen, der Radfahrer kam durch\n die Kollision ins Straucheln, konnte sich jedoch ohne zu St\u00fcrzen \nabfangen. <\/p>\n\n\n\n<p>Der unbekannte Mercedeslenker entfernte sich unerlaubt von der Unfall\u00f6rtlichkeit. <\/p>\n\n\n\n<p>Es\n soll sich bei dem fl\u00fcchtigen Fahrzeug um einen \u00e4lteren \nhellgraumetallicfarbenen Mercedes mit Stufenheck und Heidelberger \nKennzeichen gehandelt haben. <\/p>\n\n\n\n<p>Der Polizeiposten Br\u00fchl sucht nun  nach dem fl\u00fcchtigen Unfallbeteiligten und nach Zeugen des Unfalls. Diese  m\u00f6gen sich unter der Telefonnummer 06202 71282 melden. <\/p>\n\n\n\n<h4 class=\"wp-block-heading\">(Altlu\u00dfheim \/ Rhein-Neckar-Kreis) &#8211; \u00dcber 8.000 Euro Schaden bei Unfall in der Hauptstra\u00dfe<\/h4>\n\n\n\n<p>Ein Citroen-Fahrer aus Wagh\u00e4usel fuhr am Dienstagabend kurz nach 20 Uhr  vom rechten Fahrbahnrand der Hauptstra\u00dfe in den flie\u00dfenden Verkehr ein,  kam &#8211; allerdings durch die tiefstehende Sonne geblendet &#8211; von seiner  Spur ab und krachte mit einem entgegenkommenden VW Passat zusammen. Der  48-j\u00e4hrige Fahrer bremste zwar noch ab und versuchte auszuweichen,  konnte aber eine Kollision nicht mehr verhindern. Der VW touchierte eine  Warnbake und einen Baum. Den nicht mehr fahrbereiten VW Passat  transportierte ein Abschleppunternehmen ab. Der Gesamtschaden  betr\u00e4gt  \u00fcber 8.000 Euro. <\/p>\n\n\n\n<h4 class=\"wp-block-heading\">(Hockenheim \/ Rhein-Neckar-Kreis) &#8211; Schwerer Unfall beim Motorradtraining auf dem Hockenheimring<\/h4>\n\n\n\n<p>Am Dienstagvormittag ereignete sich beim Motorradtraining auf dem  Hockenheimring ein Unfall, bei dem ein 38-j\u00e4hriger Motorradfahrer  lebensgef\u00e4hrlich verletzt wurde. Der Mann befuhr gegen 10.30 Uhr mit  seinem Kraftrad die Rennstrecke des Hockenheimrings zu Trainingszwecken.  Eingangs der Einfahrt ins Motodrom verlor er aus bislang unklarer  Ursache bei hoher Geschwindigkeit die Kontrolle \u00fcber das Motorrad,  st\u00fcrzte und rutschte in die als Streckenbegrenzung am Ende der  Auslaufzone aufgeschichteten Reifenstapel. Dabei zog er sich schwere  Verletzungen zu. Er wurde zur Behandlung mit einem Rettungshubschrauber  in ein Krankenhaus geflogen, wo er noch am selben Tag notoperiert werden  musste. Nach erster Diagnose der behandelnden \u00c4rzte ist Lebensgefahr  nicht auszuschlie\u00dfen. <\/p>\n\n\n\n<p>Zur Kl\u00e4rung des Unfallablaufs wurde das \nRennmotorrad sichergestellt und wird anschlie\u00dfend durch \nUnfallsachverst\u00e4ndige begutachtet. Der Sachschaden wird auf rund 5.000 \nEuro gesch\u00e4tzt. <\/p>\n\n\n\n<p>Die Ermittlungen der Verkehrspolizei Mannheim zur Unfallursache dauern an. <\/p>\n\n\n\n<h4 class=\"wp-block-heading\">(Hockenheim-Talhaus \/ Rhein-Neckar-Kreis) &#8211; Motorradfahrer st\u00fcrzt und verletzt sich schwer<\/h4>\n\n\n\n<p>Bei einem Verkehrsunfall am fr\u00fchen Dienstagnachmittag erlitt ein  20-j\u00e4hriger Motorradfahrer schwere, jedoch nicht lebensgef\u00e4hrliche,  Verletzungen. <\/p>\n\n\n\n<p>Der Mann war kurz vor 14 Uhr auf der B 39 in \nRichtung Hockenheim unterwegs. In einer Kurve der Ausfahrt an der \nNordanbindung Hockenheim verlor er vermutlich aufgrund nicht angepasster\n Geschwindigkeit die Kontrolle \u00fcber sein Motorrad, st\u00fcrzte und rutschte \n\u00fcber die Gegenfahrbahn unter den Leitplanken hindurch und blieb \nschlie\u00dflich in der B\u00f6schung liegen. Dabei zog er sich schwere \nVerletzungen zu. Nach Rettung durch Ersthelfer und medizinischer \nErstversorgung durch einen Notarzt an der Unfallstelle wurde er zur \nweiteren Behandlung in ein Krankenhaus eingeliefert, wo er station\u00e4r \naufgenommen wurde. <\/p>\n\n\n\n<p>Das Motorrad des jungen Mannes war nicht mehr  fahrbereit und wurde abgeschleppt. Der Sachschaden wird auf rund 5.000  Euro gesch\u00e4tzt. <\/p>\n\n\n\n<h4 class=\"wp-block-heading\">(Walldorf \/ Rhein-Neckar-Kreis) &#8211; Radfahrer \u00fcbersehen&#8230;<\/h4>\n\n\n\n<p>Gl\u00fcck im Ungl\u00fcck hatte am Dienstagabend kurz nach 19 Uhr ein  Rennradfahrer bei einem Unfall in der Schwetzinger Stra\u00dfe. Ein  52-j\u00e4hriger Skoda-Fahrer, der in Richtung Stadtmitte unterwegs war und  auf H\u00f6he des &#8222;Aqua Walldorf&#8220; nach links in die Parkpl\u00e4tze einfuhr, hatte  den ordnungsgem\u00e4\u00df entgegenkommenden Rennradfahrer \u00fcbersehen, so dass es  zur Kollision kam. <\/p>\n\n\n\n<p>Der 56-J\u00e4hrige st\u00fcrzte zu Boden, zog sich \naber gl\u00fccklicherweise keine schwereren Verletzungen zu. Er hatte einen \nHelm getragen. Vorsorglich wurde er nach der Erstversorgung an der \nUnfallstelle in ein Krankenhaus eingeliefert. Eine station\u00e4re Aufnahme \nwar aber nicht erforderlich. <\/p>\n\n\n\n<p>An Skoda und Rennrad entstand Sachschaden von \u00fcber 1.000 Euro. Der Autofahrer sieht einer Anzeige entgegen. <\/p>\n\n\n\n<h4 class=\"wp-block-heading\">(Wiesloch \/ Rhein-Neckar-Kreis) &#8211; Nackt am Penis herumgespielt, Zeugen gesucht!<\/h4>\n\n\n\n<div class=\"wp-block-image\"><figure class=\"aligncenter\"><img decoding=\"async\" src=\"https:\/\/speyer24news.com\/wp-content\/uploads\/2019\/06\/Zeugen-gesucht-Neutral-3.jpg\" alt=\"\" class=\"wp-image-15310\"\/><\/figure><\/div>\n\n\n\n<p>Am Montag zwischen 11 Uhr und 12 Uhr befanden sich mehrere Kinder einer sechsten Klasse im Freibad in Wiesloch. <\/p>\n\n\n\n<p>Nach\n bisherigem Ermittlungsstand sah ein bislang unbekannter T\u00e4ter zu der \nGruppe von M\u00e4dchen her\u00fcber und spielte sich an seinem Penis herum. Der \nT\u00e4ter soll zum Tatzeitpunkt nackt gewesen sein, lediglich ein Handtuch \nsoll auf seinem Bauch gelegen haben. <\/p>\n\n\n\n<p>Der Mann wurde wie folgt beschrieben: <\/p>\n\n\n\n<ul><li>ca.  40 Jahre alt<\/li><li>ca. 175 cm<\/li><li>gr\u00e4uliches kurzes Haar<\/li><li>normale Statur<\/li><li>westeurop\u00e4isches Aussehen<\/li><li>angeblich hatte er eine graue Dreiviertelhose, eventuell mit Cargotaschen und ein T-Shirt bei sich<\/li><\/ul>\n\n\n\n<p>Die  Kriminalpolizeidirektion Heidelberg \u00fcbernahm die Sachbearbeitung und  sucht nun nach Zeugen des Vorfalls und nach Personen, die Hinweise auf  den T\u00e4ter geben k\u00f6nnen. Diese werden gebeten sich beim der  Kriminalpolizei unter 0621 174 4444 zu melden. <\/p>\n\n\n\n<h4 class=\"wp-block-heading\">(St.Leon-Rot \/ Rhein-Neckar-Kreis) &#8211; Verursacher entfernt sich \/ Hinweise an die Polizei<\/h4>\n\n\n\n<p>Ein bislang nicht ermittelter Autofahrer kollidierte am sp\u00e4ten  Dienstagabend gegen 22.30 Uhr mit einem in der Opelstra\u00dfe in H\u00f6he des  Anwesens Nr. 25 abgestellten Anh\u00e4nger. <\/p>\n\n\n\n<p>Trotz des Schadens  k\u00fcmmerte sich der Verursacher nicht und entfernte sich unerlaubt. Ein  Zeuge nahm zur genannten Zeit einen Knall wahr und konnte bei einer  Nachschau einen dunklen Pkw erkennen. Die Polizei stellte zudem  dunkelbaue Lacksplitter sicher. In welcher H\u00f6he letztlich Sachschaden  entstand, ist bislang noch nicht bekannt. Hinweise zum Verursacher nimmt  das Polizeirevier Wiesloch, Tel.: 06222\/57090, entgegen.<\/p>\n\n\n\n<h4 class=\"wp-block-heading\">(Malsch \/ Rhein-Neckar-Kreis) &#8211; Motorradfahrer bei Unfall mit Lkw schwer  verletzt \/ B 3 in Richtung Heidelberg derzeit voll gesperrt<\/h4>\n\n\n\n<h4 class=\"wp-block-heading\" style=\"text-align:center\">Pressemitteilung Nr. 1<\/h4>\n\n\n\n<p>Schwere Verletzungen zog sich ein Motorradfahrer bei einem Unfall am  Dienstag gegen 14.10 Uhr auf der B 3 zwischen der Abfahrt Rot\/Malsch  (&#8222;Uhlandsh\u00f6he&#8220;) und der Abfahrt Malschenberg zu. Nach den bisherigen  Erkenntnissen fuhr der Motorradfahrer in Richtung Heidelberg und prallte  gegen einen entgegenkommenden Lkw, der nach links in ein Firmengel\u00e4nde  einbog. Der Motorradfahrer kam zu Sturz, er wurde nach der medizinischen  Erstversorgung an der Unfallstelle mit einem Rettungswagen in eine  Klinik nach Heidelberg eingeliefert. Die B 3 war zun\u00e4chst voll gesperrt,  gegen 14.45 Uhr konnte der Verkehr in Richtung Karlsruhe wieder frei  gegeben werden.  Es wurde eine Umleitung eingerichtet, die  Unfallaufnahme durch die Verkehrspolizei dauert derzeit noch an. <\/p>\n\n\n\n<h4 class=\"wp-block-heading\">(Malsch \/ Rhein-Neckar-Kreis) &#8211; Motorradfahrer bei Unfall mit Lkw schwer  verletzt \/ B 3 in Richtung Heidelberg derzeit voll gesperrt<\/h4>\n\n\n\n<h4 class=\"wp-block-heading\" style=\"text-align:center\">Pressemitteilung Nr. 2<\/h4>\n\n\n\n<p>Nach der Unfallaufnahme auf B 3 zwischen der Abfahrt Rot\/Malsch  (&#8222;Uhlandsh\u00f6he&#8220;) und der Abfahrt Malschenberg und der erforderlichen  Stra\u00dfenreinigung ist die Bundesstra\u00dfe seit 19.30 Uhr in beide Richtungen  wieder befahrbar. Der 55-j\u00e4hrige Motorradfahrer erlitt schwere, aber  keine lebensgef\u00e4hrlichen, Verletzungen.<\/p>\n\n\n\n<h4 class=\"wp-block-heading\">(Bammental \/ Rhein-Neckar-Kreis) &#8211; Vorfahrt missachtet \/ fast 10.000 Euro Schaden<\/h4>\n\n\n\n<p>Eine aus Neckarsteinach stammende Nissan-Fahrerin missachtete am  Dienstagnachmittag kurz vor 14.30 Uhr an der Einm\u00fcndung  Schwimmbadweg\/Reilsheimer Stra\u00dfe die Vorfahrt einer ordnungsgem\u00e4\u00df  fahrenden Seat Leon-Fahrerin. Bei dem Zusammensto\u00df entstand Sachschaden  von fast 10.000 Euro. Beide Frauen hatten Gl\u00fcck und \u00fcberstanden den  Crash ohne Verletzungen. <\/p>\n\n\n\n<h4 class=\"wp-block-heading\">(Sinsheim \/ Rhein-Neckar-Kreis) &#8211; 16-j\u00e4hriger Honda-Fahrer st\u00fcrzt und verletzt sich<\/h4>\n\n\n\n<p>Am Dienstagabend kurz nach 19 Uhr war ein 16-j\u00e4hriger Zweiradfahrer auf  der K 4283 von Adersbach kommend in Richtung Bad Rappenau unterwegs,  als er in einer Linkskurve zu weit nach rechts von der Fahrbahn abkam  und in den Gr\u00fcnstreifen geriet. Bei seinem Versuch, wieder auf die  Fahrbahn zu gelangen, kam er jedoch zu Fall und zog sich diverse  Verletzungen zu. <\/p>\n\n\n\n<h4 class=\"wp-block-heading\">(Sinsheim-D\u00fchren \/ Rhein-Neckar-Kreis) &#8211; Zeugen nach versuchtem Pkw-Diebstahl gesucht!<\/h4>\n\n\n\n<figure class=\"wp-block-image\"><img decoding=\"async\" src=\"https:\/\/speyer24news.com\/wp-content\/uploads\/2019\/06\/Zeugen-gesucht-Neutral-3.jpg\" alt=\"\" class=\"wp-image-15310\"\/><\/figure>\n\n\n\n<p>Am fr\u00fchen Mittwochmorgen versuchten bislang unbekannte T\u00e4ter das Auto  eines 34-J\u00e4hrigen zu entwenden &#8211; der konnte das aber in letzter Sekunde  verhindern. Die Kriminalpolizei Heidelberg hat die Ermittlungen  aufgenommen und sucht nach Zeugen. <\/p>\n\n\n\n<p>Um 4 Uhr morgens wurde der \nBesitzer eines BMWs mit Keyless-Go-System auf verd\u00e4chtige Ger\u00e4usche in \nder Einfahrt aufmerksam. Als er gleich darauf seinen Balkon betrat, um \nNachschau zu halten, rollte sein Auto gerade von der Wolfsbergstra\u00dfe in \nRichtung Heinrich-Theobald-Stra\u00dfe. Kurzentschlossen nahm er die \nVerfolgung mit seinem Zweitwagen auf und fand kurz darauf sein geparktes\n Auto mit anderen Kennzeichen versehen nur wenige 100 Meter entfernt. \nDie unbekannten Auto-&#8222;Hacker&#8220; waren schon gefl\u00fcchtet. Bei der sofort \neingeleiteten Fahndung durch die alarmierten Beamten kam auch ein \nPolizeihubschrauber zum Einsatz. Allerdings konnten die T\u00e4ter bislang \nnicht ausfindig gemacht werden. Das unbesch\u00e4digte Auto wurde \nsichergestellt. <\/p>\n\n\n\n<p>Dem 34-J\u00e4hrigen war bei seiner ersten Beobachtung  ein Mann aufgefallen, der folgenderma\u00dfen beschrieben werden kann: <\/p>\n\n\n\n<ul><li>1,80 m  gro\u00df<\/li><li>osteurop\u00e4isches Erscheinungsbild<\/li><li>schlank<\/li><li>wenig Haare bzw. Haarkranz<\/li><li>dunkel bekleidet, Jacke mit Kapuze<\/li><li>trug eine Tasche \u00e4hnlich einer Laptoptasche <\/li><\/ul>\n\n\n\n<p>Zeugen, die die Tat beobachtet haben, oder \nHinweise zum Gesuchten geben k\u00f6nnen, werden gebeten, sich unter 0621 \n174-4444 an die Kriminalpolizei zu wenden. <\/p>\n\n\n\n<p>Im Sinsheimer Krankenhaus wurde der junge Mann  station\u00e4r aufgenommen. Die Honda, Sachschaden entstand in H\u00f6he von 1.000  Euro, wurde in Eigenregie von Familienangeh\u00f6rigen abtransportiert. <\/p>\n\n\n\n<h4 class=\"wp-block-heading\">(Eberbach \/ Rhein-Neckar-Kreis) &#8211; Senior schl\u00e4gt auf anderen Senior ein, Zeugen gesucht!<\/h4>\n\n\n\n<p>Am Dienstag gegen 11.30 Uhr lief ein 71-j\u00e4hriger Mann die Untere  Talstra\u00dfe entlang. In H\u00f6he der Hausnummer 15 ging er an einem  Kleintransporter vorbei und traf pl\u00f6tzlich auf einen 70-j\u00e4hrigen Mann.  Der 70-J\u00e4hrige soll nach derzeitigem Kenntnisstand unvermittelt einen  Schlag gegen den 71-J\u00e4hrigen ausgef\u00fchrt haben, bei dem er diesen leicht  verletzte. <\/p>\n\n\n\n<p>Der 71-J\u00e4hrige fl\u00fcchtete daraufhin in ein \nnahegelegenes Wohnhaus und schloss die Haust\u00fcr, der Angreifer, der \naugenscheinlich unter dem Einfluss von alkoholischen Getr\u00e4nken stand, \nverlie\u00df die Tat\u00f6rtlichkeit. <\/p>\n\n\n\n<p>Beide Beteiligten kennen sich, es bestehen offenbar jahrelang andauernde Differenzen. <\/p>\n\n\n\n<p>Die  Ermittlungen \u00fcbernahm das Polizeirevier Eberbach. Zeugen des Vorfalls  werden gebeten, sich unter 06271 92100 zu melden und ihre Wahrnehmungen  mitzuteilen. <\/p>\n\n\n\n<h4 class=\"wp-block-heading\">(Sch\u00f6nau \/ Rhein-Neckar-Kreis) &#8211; Zeugen gesucht !<\/h4>\n\n\n\n<p>Zeugen sucht die Polizei f\u00fcr einen Unfall, der sich am Dienstag gegen  7.45 Uhr in der Weinheimer Stra\u00dfe auf H\u00f6he des  Sportplatzes\/Tennisplatzes ereignet und sich der Verursacher unerlaubt  entfernt hat. <\/p>\n\n\n\n<p>Ein Mercedes-Fahrer befuhr die Weinheimer Stra\u00dfe \naus Richtung Altneudorf kommend, als der Fahrer eines dunkelblauen \nKombis aus einer Parkbucht auf der gegen\u00fcberliegenden Stra\u00dfenseite \nherausgefahren war. Um eine Kollision zu vermeiden, wich der \nMercedes-Fahrer aus, touchierte jedoch die Leitplanke. <\/p>\n\n\n\n<p>An seinem \nAuto entstand Schaden von mehreren tausend Euro. Der Fahrer des \ndunkelblauen Wagens k\u00fcmmerte sich nicht um die Angelegenheit und fuhr \nweiter. M\u00f6glicherweise handelte es sich um einen VW. <\/p>\n\n\n\n<p>Zeugen, die \nevtl. auf den Vorfall aufmerksam wurden und Hinweise geben k\u00f6nnen, \nwerden gebeten, sich beim Polizeirevier Neckargem\u00fcnd, Tel.: \n06223\/9254-0, zu melden. <\/p>\n\n\n\n<h4 class=\"wp-block-heading\">(Eppelheim \/ Rhein-Neckar-Kreis) &#8211; Eishalle und Gastst\u00e4tte von Unbekannten heimgesucht<\/h4>\n\n\n\n<p>Die Eppelheimer Eishalle in der Rudolf-Diesel-Stra\u00dfe wie auch die  dortige Gastst\u00e4tte suchten in der Zeit zwischen dem vergangenen  Donnerstag (27.06.) und Dienstagmittag bislang unbekannte T\u00e4ter heim.  Mit einer Eisenstange des Bauger\u00fcsts schlugen die Unbekannten die  Scheibe der Haupteingangst\u00fcre ein und hebelten im Innern die T\u00fcre zum  B\u00fcro wie auch die T\u00fcre zur dortigen Gastst\u00e4tte auf. <\/p>\n\n\n\n<p>S\u00e4mtliche \nBeh\u00e4ltnisse wurden nach Brauchbarem durchsucht und ersten Angaben \nzufolge \u00fcber 100 Euro Bargeld und ein Kindle-Tablet gestohlen. Die H\u00f6he \ndes Gesamtschadens ist derzeit noch nicht bekannt. Am Dienstagnachmittag\n bemerkten Verantwortliche den Einbruch und verst\u00e4ndigten die Polizei. <\/p>\n\n\n\n<p>Zeugen,  die zur fraglichen Zeit verd\u00e4chtige Beobachtungen gemacht haben, werden  gebeten, Kontakt mit dem Polizeirevier Heidelberg-S\u00fcd, Tel.:  06221\/3418-0, aufzunehmen.<\/p>\n\n\n\n<h4 class=\"wp-block-heading\">(Heddesheim \/ Rhein-Neckar-Kreis) &#8211; Verkehrsunfall mit zwei schwer verletzten Personen; Rettungshubschrauber im Einsatz<\/h4>\n\n\n\n<p>Am Dienstagnachmittag gegen 17.25 Uhr war ein 68-j\u00e4hriger VW-Fahrer auf  dem Grenzweg unterwegs und wollte an der Einm\u00fcndung zur Leutershausener  Stra\u00dfe (K 4135) nach links in Richtung Heddesheim abbiegen. Hierbei  \u00fcbersah er einen mit zwei Personen besetzten Roller, der die  Leutershausener Stra\u00dfe in Richtung Leutershausen befuhr. Der 46-j\u00e4hrige  Fahrer des Rollers und sein 45-j\u00e4hriger Mitfahrer kamen bei der  folgenden Kollision zu Fall und wurden schwer verletzt. <\/p>\n\n\n\n<p>Zur  medizinischen  Erstversorgung wurde ein Notarzt mittels  Rettungshubschrauber zum Einsatzort geflogen. Die beiden Verletzen  wurden anschlie\u00dfend mit Rettungsw\u00e4gen in umliegende Krankenh\u00e4user  gebracht. Der Sachschaden bel\u00e4uft sich ersten Sch\u00e4tzungen zufolge auf  ca. 9.000 Euro. F\u00fcr die Dauer der Unfallaufnahme war die K 4135 bis  19.45 Uhr voll gesperrt.<\/p>\n\n\n\n<h4 class=\"wp-block-heading\">(Heddesheim \/ Rhein-Neckar-Kreis) &#8211; Mann entbl\u00f6\u00dft sich vor Kindern<\/h4>\n\n\n\n<p>Am Dienstagabend entbl\u00f6\u00dfte sich ein Mann vor zwei M\u00e4dchen in der  Oberdorfstra\u00dfe. Die Kriminalpolizei Mannheim hat die Ermittlungen  aufgenommen. <\/p>\n\n\n\n<p>Die beiden M\u00e4dchen im Alter von 11 und 12 Jahren \nwaren gerade mit ihren Fahrr\u00e4dern auf dem Weg nach Hause, als sie dem \nbislang noch Unbekannten auf der Stra\u00dfe begegneten. Dabei holte der Mann\n sein Glied aus der Hose und zeigte es den Kindern. Als die M\u00e4dchen an \ndem Mann vorbeifuhren, packte er seinen Penis wieder ein und lief \nweiter. Die Kinder berichteten ihren Eltern vom Vorfall, die noch am \nAbend Anzeige bei der Polizei erstatteten. Trotz Fahndung konnte der \nMann nicht mehr festgestellt werden. <\/p>\n\n\n\n<p>Ein Zeuge soll diesen am  heutigen Morgen vor einem Supermarkt im Ort gesehen haben und machte ein  Foto. Ob es sich bei dem Mann um den T\u00e4ter vom Vortag handelt, pr\u00fcfen  derzeit die Beamten des Kriminaldezernats. Die Ermittlungen werden  intensiv in Zusammenarbeit mit den Polizeidienststellen in Ladenburg und  Heddesheim fortgesetzt. <\/p>\n\n\n\n<h4 class=\"wp-block-heading\">(Ladenburg \/ Rhein-Neckar-Kreis) &#8211; Radfahrer kollidiert mit Radfahrerin und fl\u00fcchtet dann vom Unfallort, Zeugen gesucht!<\/h4>\n\n\n\n<p>Beim Zusammensto\u00df zweier Radfahrer in Ladenburg wurde am Montagabend eine 59-j\u00e4hrige Frau schwer verletzt. <\/p>\n\n\n\n<p>Zur\n Kollision der beiden Radler kam es gegen 20:00 Uhr an der Kreuzung \nZehntstra\u00dfe\/Alemannenstra\u00dfe, da der bislang unbekannte Radfahrer die \nVorfahrt der von rechts kommenden Gesch\u00e4digten missachtete. Nach dem \nZusammenprall st\u00fcrzte die Frau auf die Fahrbahn und brach sich das linke\n Bein. Im Anschluss fl\u00fcchtete der Unfallverursacher, ohne sich um die \nschwerverletzte Frau gek\u00fcmmert zu haben. <\/p>\n\n\n\n<p>Beschreibung des Fl\u00fcchtigen: <\/p>\n\n\n\n<ul><li>zwischen 20 und 25 Jahre alt<\/li><li>von schlanker Statur<\/li><li>sonnengebr\u00e4unt<\/li><li>dunkles Haar <\/li><\/ul>\n\n\n\n<p>Das wegen Unfallflucht ermittelnde  Polizeirevier in Ladenburg bittet daher eventuelle Zeugen des Geschehens  um telefonische Meldung unter 06203\/9305-0.<\/p>\n\n\n\n<h4 class=\"wp-block-heading\">(Weinheim \/ Rhein-Neckar-Kreis) &#8211; Audi A 3 besch\u00e4digt und gefl\u00fcchtet<\/h4>\n\n\n\n<p>Einen in der Viernheimer Stra\u00dfe in H\u00f6he des Anwesens Nr. 27  abgestellten Audi A 3 besch\u00e4digte am Dienstagmorgen ein bislang  unbekannter Autofahrer vermutlich beim Ausparken, richtete Schaden von  2.000 Euro an und entfernte sich danach unerlaubt. <\/p>\n\n\n\n<p>Die Gesch\u00e4digte parkte ihren Wagen zwischen 7 und 10 Uhr. <\/p>\n\n\n\n<p>Die  Beamten des Polizeireviers Weinheim ermitteln wegen Unfallflucht und  nehmen unter Tel.: 06201\/10030 sachdienliche Hinweise entgegen. <\/p>\n","protected":false},"excerpt":{"rendered":"<div class=\"mh-excerpt\"><p>Polizeimeldungen vom Mittwoch (03.07.2019) (Speyer) &#8211; K\u00f6rperliche Auseinandersetzung in Gastst\u00e4tte Zwischen einem 47J\u00e4hrigen und einem 51J\u00e4hrigen kam es am Dienstagnachmittag in einer Gastst\u00e4tte in der Schlesingerstra\u00dfe zu einem Streitgespr\u00e4ch, in dessen Verlauf der 51J\u00e4hrige den <a class=\"mh-excerpt-more\" href=\"https:\/\/speyer24news.com\/?p=15686\" title=\"Polizei:\">[&#8230;]<\/a><\/p>\n<\/div>","protected":false},"author":3,"featured_media":0,"comment_status":"open","ping_status":"open","sticky":false,"template":"","format":"standard","meta":{"_monsterinsights_skip_tracking":false,"_monsterinsights_sitenote_active":false,"_monsterinsights_sitenote_note":"","_monsterinsights_sitenote_category":0,"footnotes":""},"categories":[12],"tags":[61,63,105,53,102,213,55,103,106,427,62,104,979,1565],"aioseo_notices":[],"amp_enabled":true,"_links":{"self":[{"href":"https:\/\/speyer24news.com\/index.php?rest_route=\/wp\/v2\/posts\/15686"}],"collection":[{"href":"https:\/\/speyer24news.com\/index.php?rest_route=\/wp\/v2\/posts"}],"about":[{"href":"https:\/\/speyer24news.com\/index.php?rest_route=\/wp\/v2\/types\/post"}],"author":[{"embeddable":true,"href":"https:\/\/speyer24news.com\/index.php?rest_route=\/wp\/v2\/users\/3"}],"replies":[{"embeddable":true,"href":"https:\/\/speyer24news.com\/index.php?rest_route=%2Fwp%2Fv2%2Fcomments&post=15686"}],"version-history":[{"count":1,"href":"https:\/\/speyer24news.com\/index.php?rest_route=\/wp\/v2\/posts\/15686\/revisions"}],"predecessor-version":[{"id":15690,"href":"https:\/\/speyer24news.com\/index.php?rest_route=\/wp\/v2\/posts\/15686\/revisions\/15690"}],"wp:attachment":[{"href":"https:\/\/speyer24news.com\/index.php?rest_route=%2Fwp%2Fv2%2Fmedia&parent=15686"}],"wp:term":[{"taxonomy":"category","embeddable":true,"href":"https:\/\/speyer24news.com\/index.php?rest_route=%2Fwp%2Fv2%2Fcategories&post=15686"},{"taxonomy":"post_tag","embeddable":true,"href":"https:\/\/speyer24news.com\/index.php?rest_route=%2Fwp%2Fv2%2Ftags&post=15686"}],"curies":[{"name":"wp","href":"https:\/\/api.w.org\/{rel}","templated":true}]}}