{"id":15720,"date":"2019-07-04T14:01:01","date_gmt":"2019-07-04T13:01:01","guid":{"rendered":"https:\/\/speyer24news.com\/?p=15720"},"modified":"2019-07-04T14:01:02","modified_gmt":"2019-07-04T13:01:02","slug":"neustadt-an-der-weinstrasse-2","status":"publish","type":"post","link":"https:\/\/speyer24news.com\/?p=15720","title":{"rendered":"Neustadt an der Weinstra\u00dfe:"},"content":{"rendered":"<style type=\"text\/css\">\r\n\t.ads_top_disp{}\r\n\t.ads_top_corner_disp{ float:left; margin:0px 10px 10px 0px; }\r\n\t.ads_first_p_disp{}\r\n\t.ads_bottom_disp{}\r\n\t<\/style>\n<h2 class=\"wp-block-heading\">Die ersten \u201eJunior Memory Guides\u201c sind ausgebildet und machen Geschichte\u2026 interessant<\/h2>\n\n\n\n<div class=\"wp-block-image\"><figure class=\"aligncenter\"><img decoding=\"async\" loading=\"lazy\" width=\"800\" height=\"599\" src=\"https:\/\/speyer24news.com\/wp-content\/uploads\/2019\/07\/Junior-Memory-Guide-Gruppenbild-Erster-Kurs-.jpg\" alt=\"\" class=\"wp-image-15723\" srcset=\"https:\/\/speyer24news.com\/wp-content\/uploads\/2019\/07\/Junior-Memory-Guide-Gruppenbild-Erster-Kurs-.jpg 800w, https:\/\/speyer24news.com\/wp-content\/uploads\/2019\/07\/Junior-Memory-Guide-Gruppenbild-Erster-Kurs--300x225.jpg 300w, https:\/\/speyer24news.com\/wp-content\/uploads\/2019\/07\/Junior-Memory-Guide-Gruppenbild-Erster-Kurs--768x575.jpg 768w, https:\/\/speyer24news.com\/wp-content\/uploads\/2019\/07\/Junior-Memory-Guide-Gruppenbild-Erster-Kurs--678x509.jpg 678w, https:\/\/speyer24news.com\/wp-content\/uploads\/2019\/07\/Junior-Memory-Guide-Gruppenbild-Erster-Kurs--326x245.jpg 326w, https:\/\/speyer24news.com\/wp-content\/uploads\/2019\/07\/Junior-Memory-Guide-Gruppenbild-Erster-Kurs--80x60.jpg 80w\" sizes=\"(max-width: 800px) 100vw, 800px\" \/><figcaption>Der erste &#8222;Junior Memory Guides&#8220; Kurs mit Ausbildern<\/figcaption><\/figure><\/div>\n\n\n\n<p>Das neue Projekt von \u201eJugend St\u00e4rken im Quartier\u201c und der Gedenkst\u00e4tte f\u00fcr NS-Opfer in Neustadt tr\u00e4gt erste Fr\u00fcchte. Im Rahmen der Projektwoche des K\u00e4the Kollwitz Gymnasiums (24. bis 26. Juni 2019) wurden die ersten zehn Junior Memory Guides ausgebildet.<\/p>\n\n\n\n<p>Eberhard Dittus von der Gedenkst\u00e4tte f\u00fcr NS-Opfer und Petra Schanze vom st\u00e4dtischen Jugendprojekt \u201eJugend st\u00e4rken im Quartier\u201c bereiteten in drei Modulen \u00e0 vier Stunden die jungen Leute auf eine ganz besondere Art von Demokratie-F\u00fchrung durch Neustadt vor.<\/p>\n\n\n\n<div class=\"wp-block-image\"><figure class=\"aligncenter\"><img decoding=\"async\" loading=\"lazy\" width=\"500\" height=\"678\" src=\"https:\/\/speyer24news.com\/wp-content\/uploads\/2019\/07\/Junior-Memory-Guide-Gruppendynamik.jpg\" alt=\"\" class=\"wp-image-15724\" srcset=\"https:\/\/speyer24news.com\/wp-content\/uploads\/2019\/07\/Junior-Memory-Guide-Gruppendynamik.jpg 500w, https:\/\/speyer24news.com\/wp-content\/uploads\/2019\/07\/Junior-Memory-Guide-Gruppendynamik-221x300.jpg 221w\" sizes=\"(max-width: 500px) 100vw, 500px\" \/><figcaption>Gruppendynamik\u00fcbung<\/figcaption><\/figure><\/div>\n\n\n\n<p>Die Jugendlichen zwischen 16 und 17 Jahren f\u00fchren k\u00fcnftig andere Jugendliche zu insgesamt neun Stationen zum Thema \u201eDemokratie und Diktatur\u201c. Schwerpunkte sind dabei Geschichten \u00fcber den Zusammenhang der Stadt mit dem Hambacher Fest sowie zu der \u00fcber 700-j\u00e4hrige Geschichte der j\u00fcdischen Bev\u00f6lkerung. Ein ausgewogener Methodenmix und die eigene Sprache der Jugendlichen lassen die Geschichte und das Thema Politik einmal ganz anders interessant werden.<\/p>\n\n\n\n<div class=\"wp-block-image\"><figure class=\"aligncenter\"><img decoding=\"async\" loading=\"lazy\" width=\"800\" height=\"567\" src=\"https:\/\/speyer24news.com\/wp-content\/uploads\/2019\/07\/Junior-Memory-Guide-Methode-Yes-No-Walk-.jpg\" alt=\"\" class=\"wp-image-15725\" srcset=\"https:\/\/speyer24news.com\/wp-content\/uploads\/2019\/07\/Junior-Memory-Guide-Methode-Yes-No-Walk-.jpg 800w, https:\/\/speyer24news.com\/wp-content\/uploads\/2019\/07\/Junior-Memory-Guide-Methode-Yes-No-Walk--300x213.jpg 300w, https:\/\/speyer24news.com\/wp-content\/uploads\/2019\/07\/Junior-Memory-Guide-Methode-Yes-No-Walk--768x544.jpg 768w\" sizes=\"(max-width: 800px) 100vw, 800px\" \/><figcaption>Methode &#8222;Yes No Walk&#8220; <\/figcaption><\/figure><\/div>\n\n\n\n<p>Nach Abschluss der Ausbildung erhielten die politisch interessierten Teilnehmenden ein Zertifikat als \u201eJunior Memory Guide\u201c, das sich ideal als Zeugnisbeilage bei k\u00fcnftigen Bewerbungen hinzuf\u00fcgen l\u00e4sst. Es belegt die erworbenen Kenntnisse \u00fcber Diktatur- und Demokratiestationen in der Stadt aber auch die F\u00e4higkeit, eine Gruppe zu f\u00fchren. Besondere Betonung f\u00fcr das ehrenamtliche Engagement liegt dabei auf den sozialen Kompetenzen und dem aktiven Eintreten f\u00fcr Demokratie.<\/p>\n\n\n\n<div class=\"wp-block-image\"><figure class=\"aligncenter\"><img decoding=\"async\" loading=\"lazy\" width=\"800\" height=\"588\" src=\"https:\/\/speyer24news.com\/wp-content\/uploads\/2019\/07\/Junior-Memory-Guide-Pr\u00fcfung-Rundgang-Kopie.jpg\" alt=\"\" class=\"wp-image-15726\" srcset=\"https:\/\/speyer24news.com\/wp-content\/uploads\/2019\/07\/Junior-Memory-Guide-Pr\u00fcfung-Rundgang-Kopie.jpg 800w, https:\/\/speyer24news.com\/wp-content\/uploads\/2019\/07\/Junior-Memory-Guide-Pr\u00fcfung-Rundgang-Kopie-300x221.jpg 300w, https:\/\/speyer24news.com\/wp-content\/uploads\/2019\/07\/Junior-Memory-Guide-Pr\u00fcfung-Rundgang-Kopie-768x564.jpg 768w, https:\/\/speyer24news.com\/wp-content\/uploads\/2019\/07\/Junior-Memory-Guide-Pr\u00fcfung-Rundgang-Kopie-80x60.jpg 80w\" sizes=\"(max-width: 800px) 100vw, 800px\" \/><figcaption>Rundgang im Rahmen der praktischen Pr\u00fcfung<\/figcaption><\/figure><\/div>\n\n\n\n<p>Anfragen, sowohl f\u00fcr die Ausbildung (Projekte) von neuen Junior Memory Guides, als auch f\u00fcr einen gef\u00fchrten Demokratie-Rundgang (Sch\u00fcleraustausch) liegen bereits vor.<\/p>\n\n\n\n<p>Wer Interesse an einer Junior Memory Guides Ausbildung hat oder sich zu einem Rundgang anmelden m\u00f6chte, kann sich wenden an: <a href=\"petra.schanze@neustadt.eu\">petra.schanze@neustadt.eu<\/a> (06321\/855-699), <a href=\"info@gedenkstaette-neustadt.de\">info@gedenkstaette-neustadt.de<\/a> (0172\/7474419) oder an das Bildungsb\u00fcro der Stadt Neustadt.<\/p>\n\n\n\n<p><em>Neustadt an der Weinstra\u00dfe<br>04.07.2019<\/em><\/p>\n\n\n\n<h2 class=\"wp-block-heading\">Neue Sonderausstellung im Stadtmuseum Villa B\u00f6hm: Theater und Kino in Neustadt anno dazumal<\/h2>\n\n\n\n<div class=\"wp-block-image\"><figure class=\"aligncenter\"><img decoding=\"async\" loading=\"lazy\" width=\"800\" height=\"600\" src=\"https:\/\/speyer24news.com\/wp-content\/uploads\/2019\/07\/Laterna-Magica-Stadtmuseum-Neustadt-R.-Sch\u00e4dler.jpg\" alt=\"\" class=\"wp-image-15721\" srcset=\"https:\/\/speyer24news.com\/wp-content\/uploads\/2019\/07\/Laterna-Magica-Stadtmuseum-Neustadt-R.-Sch\u00e4dler.jpg 800w, https:\/\/speyer24news.com\/wp-content\/uploads\/2019\/07\/Laterna-Magica-Stadtmuseum-Neustadt-R.-Sch\u00e4dler-300x225.jpg 300w, https:\/\/speyer24news.com\/wp-content\/uploads\/2019\/07\/Laterna-Magica-Stadtmuseum-Neustadt-R.-Sch\u00e4dler-768x576.jpg 768w, https:\/\/speyer24news.com\/wp-content\/uploads\/2019\/07\/Laterna-Magica-Stadtmuseum-Neustadt-R.-Sch\u00e4dler-678x509.jpg 678w, https:\/\/speyer24news.com\/wp-content\/uploads\/2019\/07\/Laterna-Magica-Stadtmuseum-Neustadt-R.-Sch\u00e4dler-326x245.jpg 326w, https:\/\/speyer24news.com\/wp-content\/uploads\/2019\/07\/Laterna-Magica-Stadtmuseum-Neustadt-R.-Sch\u00e4dler-80x60.jpg 80w\" sizes=\"(max-width: 800px) 100vw, 800px\" \/><figcaption>Laterna Magica &#8211; Die interessanten Exponate lassen das Neustadter Film- und Theatergeschehen aus vergangenen Tagen wieder lebendig werden. (Stadtmuseum Neustadt, R. Sch\u00e4dler)<\/figcaption><\/figure><\/div>\n\n\n\n<p>In der <strong>Sonderausstellung \u201eErinnerungen an das Kino- und Theaterleben in Neustadt\u201c<\/strong>, die am <strong>Freitag, 5. Juli 2019 um 18 Uhr<\/strong> im Neustadter Stadtmuseum Villa B\u00f6hm er\u00f6ffnet wird, werden historische Aufnahmen, Werbeanzeigen und Zeitungsartikel erg\u00e4nzt durch Zeitdokumente aus dem Stadtarchiv pr\u00e4sentiert. Nostalgische Plakate sowie alte Theater- und Filmprogramme lassen das Neustadter Film- und Theatergeschehen aus vergangenen Tagen wieder lebendig werden.<\/p>\n\n\n\n<p>Die Laterna Magica zeugt von den fr\u00fchen Anf\u00e4ngen, als die Bilder laufen lernten. Mit dem Ger\u00e4t hat man bereits regelrechte \u201eShows\u201c veranstaltet, von Musik untermalt und von einem Kommentator begleitet. Die ersten Vorf\u00fchrungen mit dem Kinematographen, die ihre kurzen, flimmernden Stummfilme untermalt von Klaviermusik dem staunenden Publikum vorf\u00fchrten, erfolgten in Form von Wanderkinos, sp\u00e4ter dann als ortsfeste Einrichtungen. <\/p>\n\n\n\n<p>Die Ausstellung f\u00fchrt die Entwicklung von den ersten Kinematographen-Theatern in Neustadt bis hin zu den so manch einem noch aus der Erinnerung bekannten Lichtspielh\u00e4usern wie dem Metropol-Theater (auf Grund seiner geringen Gr\u00f6\u00dfe auch \u201eFlohkino\u201c genannt), dem Palast-Theater und den Saalbau-Lichtspielen vor Augen. Einzig das 1956 er\u00f6ffnete Roxy-Kino in der Konrad-Adenauer-Stra\u00dfe existiert bis heute. Dort fand 1966 sogar eine Welturauff\u00fchrung statt: Die Premiere des Kost\u00fcmfilms \u201eLiselotte\u201c (Liselotte von der Pfalz). <\/p>\n\n\n\n<p>Sehr facettenreich sind die f\u00fcr die Ausstellung zusammengestellten Exponate zu den ehemals in Neustadt vorhandenen Lichtspielh\u00e4usern und zum Saalbautheater. Die Ausstellungsst\u00fccke, aus Museumsbesitz sowie Leihgaben, stammen aus dem 19. und 20. Jahrhundert.<\/p>\n\n\n\n<div class=\"wp-block-image\"><figure class=\"aligncenter\"><img decoding=\"async\" loading=\"lazy\" width=\"800\" height=\"600\" src=\"https:\/\/speyer24news.com\/wp-content\/uploads\/2019\/07\/Ausstellung-Kino-und-Theater-Stadtmuseum-Neustadt-R.-Sch\u00e4dler.jpg\" alt=\"\" class=\"wp-image-15722\" srcset=\"https:\/\/speyer24news.com\/wp-content\/uploads\/2019\/07\/Ausstellung-Kino-und-Theater-Stadtmuseum-Neustadt-R.-Sch\u00e4dler.jpg 800w, https:\/\/speyer24news.com\/wp-content\/uploads\/2019\/07\/Ausstellung-Kino-und-Theater-Stadtmuseum-Neustadt-R.-Sch\u00e4dler-300x225.jpg 300w, https:\/\/speyer24news.com\/wp-content\/uploads\/2019\/07\/Ausstellung-Kino-und-Theater-Stadtmuseum-Neustadt-R.-Sch\u00e4dler-768x576.jpg 768w, https:\/\/speyer24news.com\/wp-content\/uploads\/2019\/07\/Ausstellung-Kino-und-Theater-Stadtmuseum-Neustadt-R.-Sch\u00e4dler-678x509.jpg 678w, https:\/\/speyer24news.com\/wp-content\/uploads\/2019\/07\/Ausstellung-Kino-und-Theater-Stadtmuseum-Neustadt-R.-Sch\u00e4dler-326x245.jpg 326w, https:\/\/speyer24news.com\/wp-content\/uploads\/2019\/07\/Ausstellung-Kino-und-Theater-Stadtmuseum-Neustadt-R.-Sch\u00e4dler-80x60.jpg 80w\" sizes=\"(max-width: 800px) 100vw, 800px\" \/><figcaption>Ausstellung Kino und Theater &#8211; Die interessanten Exponate lassen das Neustadter Film- und Theatergeschehen aus vergangenen Tagen wieder lebendig werden. (Stadtmuseum Neustadt, R. Sch\u00e4dler)<\/figcaption><\/figure><\/div>\n\n\n\n<p>Ausstattungsgegenst\u00e4nde der alten Neustadter Kinos wie Lampen, Kinositze etc. werden ebenso gezeigt wie Film- und Kinozubeh\u00f6r. Das gr\u00f6\u00dfte und schwerste Exponat der Sonderausstellung ist eine Filmvorf\u00fchrmaschine \u2013 der Kinoprojektor \u201eBauer B8B\u201c. Der nostalgische Kino-Dia-Projektor von den Saalbau-Lichtspielen dokumentiert zusammen mit den zugeh\u00f6rigen Werbedias Kinowerbung in den 1950er Jahren.<\/p>\n\n\n\n<p>1948 fanden hier die Filmfesttage statt \u2013 Neustadt stand f\u00fcr eine Woche im Mittelpunkt des Filmgeschehens. Zum glamour\u00f6sen Filmball im eigens daf\u00fcr renovierten Saalbau kamen ber\u00fchmte deutsche und franz\u00f6sische Filmstars, darunter Marika R\u00f6kk, Gisela Uhlen und Jean Marais. Ein Auszug aus der damaligen Wochenschau wird neben Star-Fotos, Zeitungsartikeln und Originalplakaten in der Sonderausstellung pr\u00e4sentiert. <\/p>\n\n\n\n<p>Die <strong><em>Ausstellung l\u00e4uft bis zum 5. Januar 2020<\/em><\/strong> und kann zu den \u00d6ffnungszeiten des Stadtmuseums besichtigt werden.<\/p>\n\n\n\n<p>Die Adresse lautet: Stadtmuseum Villa B\u00f6hm, Maximilianstra\u00dfe 25 \/ Villenstra\u00dfe 16 b, 67433 Neustadt an der Weinstra\u00dfe. Die \u00d6ffnungszeiten sind: Mittwoch und Freitag 16 bis 18 Uhr, Samstag und Sonntag 11 bis 13 Uhr und 15 bis 18 Uhr.<\/p>\n\n\n\n<p><em>Text: Neustadt an der Weinstra\u00dfe Foto: Rolf Sch\u00e4dler<br>04.07.2019<\/em><\/p>\n","protected":false},"excerpt":{"rendered":"<div class=\"mh-excerpt\"><p>Die ersten \u201eJunior Memory Guides\u201c sind ausgebildet und machen Geschichte\u2026 interessant Das neue Projekt von \u201eJugend St\u00e4rken im Quartier\u201c und der Gedenkst\u00e4tte f\u00fcr NS-Opfer in Neustadt tr\u00e4gt erste Fr\u00fcchte. Im Rahmen der Projektwoche des K\u00e4the <a class=\"mh-excerpt-more\" href=\"https:\/\/speyer24news.com\/?p=15720\" title=\"Neustadt an der Weinstra\u00dfe:\">[&#8230;]<\/a><\/p>\n<\/div>","protected":false},"author":3,"featured_media":14397,"comment_status":"open","ping_status":"open","sticky":false,"template":"","format":"standard","meta":{"_monsterinsights_skip_tracking":false,"_monsterinsights_sitenote_active":false,"_monsterinsights_sitenote_note":"","_monsterinsights_sitenote_category":0,"footnotes":""},"categories":[145],"tags":[1956,1957,1961,59,146,1958,1955,1959,1960],"aioseo_notices":[],"amp_enabled":true,"_links":{"self":[{"href":"https:\/\/speyer24news.com\/index.php?rest_route=\/wp\/v2\/posts\/15720"}],"collection":[{"href":"https:\/\/speyer24news.com\/index.php?rest_route=\/wp\/v2\/posts"}],"about":[{"href":"https:\/\/speyer24news.com\/index.php?rest_route=\/wp\/v2\/types\/post"}],"author":[{"embeddable":true,"href":"https:\/\/speyer24news.com\/index.php?rest_route=\/wp\/v2\/users\/3"}],"replies":[{"embeddable":true,"href":"https:\/\/speyer24news.com\/index.php?rest_route=%2Fwp%2Fv2%2Fcomments&post=15720"}],"version-history":[{"count":1,"href":"https:\/\/speyer24news.com\/index.php?rest_route=\/wp\/v2\/posts\/15720\/revisions"}],"predecessor-version":[{"id":15727,"href":"https:\/\/speyer24news.com\/index.php?rest_route=\/wp\/v2\/posts\/15720\/revisions\/15727"}],"wp:featuredmedia":[{"embeddable":true,"href":"https:\/\/speyer24news.com\/index.php?rest_route=\/wp\/v2\/media\/14397"}],"wp:attachment":[{"href":"https:\/\/speyer24news.com\/index.php?rest_route=%2Fwp%2Fv2%2Fmedia&parent=15720"}],"wp:term":[{"taxonomy":"category","embeddable":true,"href":"https:\/\/speyer24news.com\/index.php?rest_route=%2Fwp%2Fv2%2Fcategories&post=15720"},{"taxonomy":"post_tag","embeddable":true,"href":"https:\/\/speyer24news.com\/index.php?rest_route=%2Fwp%2Fv2%2Ftags&post=15720"}],"curies":[{"name":"wp","href":"https:\/\/api.w.org\/{rel}","templated":true}]}}