{"id":15769,"date":"2019-07-05T12:37:28","date_gmt":"2019-07-05T11:37:28","guid":{"rendered":"https:\/\/speyer24news.com\/?p=15769"},"modified":"2019-07-05T12:37:29","modified_gmt":"2019-07-05T11:37:29","slug":"schwetzingen-8","status":"publish","type":"post","link":"https:\/\/speyer24news.com\/?p=15769","title":{"rendered":"Schwetzingen:"},"content":{"rendered":"<style type=\"text\/css\">\r\n\t.ads_top_disp{}\r\n\t.ads_top_corner_disp{ float:left; margin:0px 10px 10px 0px; }\r\n\t.ads_first_p_disp{}\r\n\t.ads_bottom_disp{}\r\n\t<\/style>\n<p><\/p>\n\n\n\n<h2 class=\"wp-block-heading\">Infoblattform H\u00fcrdenlos: Inklusives Schwetzingen sucht ehrenamtliche Helfer<\/h2>\n\n\n\n<div class=\"wp-block-image\"><figure class=\"aligncenter\"><img decoding=\"async\" loading=\"lazy\" width=\"800\" height=\"122\" src=\"https:\/\/speyer24news.com\/wp-content\/uploads\/2019\/07\/Schwetzingen-H\u00fcrdenlos.png\" alt=\"\" class=\"wp-image-15775\" srcset=\"https:\/\/speyer24news.com\/wp-content\/uploads\/2019\/07\/Schwetzingen-H\u00fcrdenlos.png 800w, https:\/\/speyer24news.com\/wp-content\/uploads\/2019\/07\/Schwetzingen-H\u00fcrdenlos-300x46.png 300w, https:\/\/speyer24news.com\/wp-content\/uploads\/2019\/07\/Schwetzingen-H\u00fcrdenlos-768x117.png 768w\" sizes=\"(max-width: 800px) 100vw, 800px\" \/><\/figure><\/div>\n\n\n\n<p>Der Stadtf\u00fchrer \u201e<strong>H\u00fcrdenlos<\/strong>\u201c (<a href=\"https:\/\/schwetzingen.huerdenlos.de\">https:\/\/schwetzingen.huerdenlos.de<\/a>), die Infoblattform f\u00fcr einen barrierefreien Zugang zu verschiedenen Geb\u00e4uden in Schwetzingen, soll aktualisiert werden. Daf\u00fcr sucht der \u201eRunde Tisch Inklusives Schwetzingen\u201c \u00fcber die Freiwilligenagentur \u201eSei dabei\u201c Ehrenamtliche, die mithelfen und die bisher gemeldeten Objekte auf ihre Zug\u00e4nglichkeit und Aktualit\u00e4t \u00fcberpr\u00fcfen.<\/p>\n\n\n\n<p>Der \u201e<strong>Runde Tisch Inklusives Schwetzingen<\/strong>\u201c m\u00f6chte daher alle Interessierten zu einer Informationsveranstaltung am <strong>Donnerstag, 11.Juli 2019 um 17 Uhr<\/strong> im Generationenb\u00fcro, Schlossplatz 4 einladen.<\/p>\n\n\n\n<div class=\"wp-block-image\"><figure class=\"aligncenter\"><img decoding=\"async\" loading=\"lazy\" width=\"800\" height=\"566\" src=\"https:\/\/speyer24news.com\/wp-content\/uploads\/2019\/07\/BRis_logo_rgb.jpg\" alt=\"\" class=\"wp-image-15776\" srcset=\"https:\/\/speyer24news.com\/wp-content\/uploads\/2019\/07\/BRis_logo_rgb.jpg 800w, https:\/\/speyer24news.com\/wp-content\/uploads\/2019\/07\/BRis_logo_rgb-300x212.jpg 300w, https:\/\/speyer24news.com\/wp-content\/uploads\/2019\/07\/BRis_logo_rgb-768x543.jpg 768w\" sizes=\"(max-width: 800px) 100vw, 800px\" \/><\/figure><\/div>\n\n\n\n<p>Interessant ist dieses Projekt f\u00fcr jeden, der sich z.B. sozial engagieren m\u00f6chte oder Menschen mit Handicap.<\/p>\n\n\n\n<p>Kontakt: Generationenb\u00fcro, Telefon 06202\/87493, <a href=\"rundertisch-inklusives@schwetzingen.de\">rundertisch-inklusives@schwetzingen.de<\/a><\/p>\n\n\n\n<p><em>Stadtverwaltung Schwetzingen<br>05.07.2019<\/em><\/p>\n\n\n\n<h2 class=\"wp-block-heading\">Aus dem Gemeinderat am 3. Juli 2019<\/h2>\n\n\n\n<h3 class=\"wp-block-heading\">Verabschiedung der ausscheidenden und Verpflichtung der neuen Stadtr\u00e4te\/ K\u00fcnftig vier ehrenamtliche Stellvertreter f\u00fcr den Oberb\u00fcrgermeister<\/h3>\n\n\n\n<h4 class=\"wp-block-heading\">Besetzung der Aussch\u00fcsse und sonstiger Gremien beschlossen<\/h4>\n\n\n\n<div class=\"wp-block-image\"><figure class=\"aligncenter\"><img decoding=\"async\" loading=\"lazy\" width=\"800\" height=\"268\" src=\"https:\/\/speyer24news.com\/wp-content\/uploads\/2019\/07\/SSZ_L_Gemeinderat.jpg\" alt=\"\" class=\"wp-image-15773\" srcset=\"https:\/\/speyer24news.com\/wp-content\/uploads\/2019\/07\/SSZ_L_Gemeinderat.jpg 800w, https:\/\/speyer24news.com\/wp-content\/uploads\/2019\/07\/SSZ_L_Gemeinderat-300x101.jpg 300w, https:\/\/speyer24news.com\/wp-content\/uploads\/2019\/07\/SSZ_L_Gemeinderat-768x257.jpg 768w\" sizes=\"(max-width: 800px) 100vw, 800px\" \/><figcaption> Das  sind die neuen Stadtr\u00e4tinnen und Stadtr\u00e4te: (Vorne  von links): Susanne Bertrand-Baumann, Sarina Kolb, Ulrike Utz, Elke  Ackermann-Knieriem, Oberb\u00fcrgermeister Dr. Ren\u00e9 P\u00f6ltl, Jacqueline  Koch-Mattern, Kathrin Vobis-Mink und Prof. Josef Walch. (Hinten von  links): Karl Rupp, Michael Franz, B\u00fcrgermeister Matthias  Steffan, Carsten Petzold, Ulrich Renkert, Harald Fischer, Dr. Christian  Lorentz, Dr. Horst Herrmann, Rita Erny, Peter Lemke, Elfriede  Fackel-Kretz-Keller, Simon Abraham, Marco Montalbano, Dr. Susanne  Hirschbiel, Hans-Peter M\u00fcller, Robin Pitsch, Sabine Rebmann,  Sabine Walter, Haydar Sahin. <\/figcaption><\/figure><\/div>\n\n\n\n<p>Am Mittwochabend (03.07.2019) kam der Gemeinderat zu seiner konstituierenden Sitzung zusammen. Vor dem eigentlichen Sitzungsbeginn stand zun\u00e4chst die Verabschiedung der ausscheidenden Mitglieder an. K\u00fcnftig nicht mehr dabei sind: Monika Meier-Kuhn, Martina Blattner, B\u00e4rbel Schifferdecker, Silke Scheiber, Weihua Wang, Oliver V\u00f6lker, Dr. J\u00fcrgen Sommer und Dr. J\u00fcrgen Grimm. Oberb\u00fcrgermeister Dr. P\u00f6ltl dankte den scheidenden R\u00e4ten f\u00fcr den hohen zeitlichen und pers\u00f6nlichen Einsatz w\u00e4hrend der Amtszeit. Er verlieh den Stadtr\u00e4ten Dr. J\u00fcrgen Grimm, Oliver V\u00f6lker, Dr. J\u00fcrgen Sommer und Monika Meier-Kuhn f\u00fcr jeweils \u00fcber zehn Jahre Zugeh\u00f6rigkeit zum Gremium die Verdienstmedaille der Stadt.<\/p>\n\n\n\n<div class=\"wp-block-image\"><figure class=\"aligncenter\"><img decoding=\"async\" loading=\"lazy\" width=\"800\" height=\"534\" src=\"https:\/\/speyer24news.com\/wp-content\/uploads\/2019\/07\/SSZ_L_Verabschiedung.jpg\" alt=\"\" class=\"wp-image-15774\" srcset=\"https:\/\/speyer24news.com\/wp-content\/uploads\/2019\/07\/SSZ_L_Verabschiedung.jpg 800w, https:\/\/speyer24news.com\/wp-content\/uploads\/2019\/07\/SSZ_L_Verabschiedung-300x200.jpg 300w, https:\/\/speyer24news.com\/wp-content\/uploads\/2019\/07\/SSZ_L_Verabschiedung-768x513.jpg 768w\" sizes=\"(max-width: 800px) 100vw, 800px\" \/><figcaption>   Oberb\u00fcrgermeister Dr. Ren\u00e9 P\u00f6ltl verabschiedete  die scheidenden Ratsmitglieder von links: Weihua Wang (v. l.), OB  P\u00f6ltl, Martina Blattner, Oliver V\u00f6lker, Dr. J\u00fcrgen Sommer, Monika  Maier-Kuhn, Dr. J\u00fcrgen Grimm, Silke Scheiber und B\u00e4rbel Schifferdecker. Schwetzingen Verabschiedung Gemeinderat, Bild Lenhardt<\/figcaption><\/figure><\/div>\n\n\n\n<p>Mit der Verpflichtung der neuen Stadtr\u00e4tinnen und Stadtr\u00e4te begann dann die konstituierende Sitzung. F\u00fcr B\u00fcndnis 90\/ Die Gr\u00fcnen sitzen k\u00fcnftig als neue Mitglieder Jacqueline Koch-Mattern, Kathrin Vobis-Mink, Dr. Susanne Hirschbiel, Sabine Walter und Professor Josef Walch am Ratstisch, f\u00fcr die FDP Harald Fischer und f\u00fcr die ABS Haydar Sahin. Mit der neuen Zusammensetzung des Gremiums steigt das Durchschnittsalter von 49 auf 54 Jahre. J\u00fcngste Stadtr\u00e4tin ist jetzt Sarina Kolb von der CDU, \u201aAlterspr\u00e4sident\u2018 ist Prof. Josef Walch von B\u00fcndnis 90\/ Die Gr\u00fcnen. Der Frauenanteil steigerte sich auf rund 42 Prozent. Im landesweiten Vergleich (hier wurden bei der Kommunalwahl 2019 nur 26,8 % Frauen gew\u00e4hlt) ein sehr guter Wert.<\/p>\n\n\n\n<p>Bei der Besetzung der Aussch\u00fcsse und sonstiger Gremien stimmte der Rat einstimmig f\u00fcr den zuvor vorbereiteten gemeinsamen Besetzungsvorschlag der Fraktionen. <\/p>\n\n\n\n<p>Weniger Einigkeit zeigte das Gremium bei der Frage nach der k\u00fcnftigen Anzahl der zu bestimmenden ehrenamtlichen Stellvertreter des Oberb\u00fcrgermeisters. Diese vertreten den Oberb\u00fcrgermeister, wenn dieser und auch der Erste B\u00fcrgermeister verhindert sind. Der Vorsitzende erl\u00e4uterte die Wichtigkeit dieser Position und wies darauf hin, dass pro Monat eine Vielzahl unterschiedlichster Termine anst\u00fcnden. Er schlug daher vor, k\u00fcnftig vier statt zwei ehrenamtliche Stellvertreter zu benennen. Dies wurde mehrheitlich (20 Ja, 6 Nein Stimmen) angenommen.<\/p>\n\n\n\n<p>Als ehrenamtliche Stellvertreter gew\u00e4hlt wurden bei einer Enthaltung Elfriede Fackel-Kretz-Keller, Sabine Walter, Rita Erny und Hans-Peter M\u00fcller.<\/p>\n\n\n\n<h4 class=\"wp-block-heading\">Die komplette Sitzung sowie die Vorlagen und Beschl\u00fcsse sind auch im Internet unter <a href=\"http:\/\/ratsinfo.schwetzingen.de\">http:\/\/ratsinfo.schwetzingen.de<\/a> nachzulesen.<\/h4>\n\n\n\n<h4 class=\"wp-block-heading\">Lesen Sie hier auch das Protokoll zur Gemeinderatssitzung als PDF:<\/h4>\n\n\n\n<div class=\"wp-block-file\"><a href=\"https:\/\/speyer24news.com\/wp-content\/uploads\/2019\/07\/Gemeinderat-konstituierende-Sitzung-3.7.2019-OB-3.7.19.pdf\">Gemeinderat-konstituierende-Sitzung-3.7.2019-OB-3.7.19<\/a><a href=\"https:\/\/speyer24news.com\/wp-content\/uploads\/2019\/07\/Gemeinderat-konstituierende-Sitzung-3.7.2019-OB-3.7.19.pdf\" class=\"wp-block-file__button\" download>Herunterladen<\/a><\/div>\n\n\n\n<p><em>Stadtverwaltung Schwetzingen<br>05.07.2019<\/em><\/p>\n\n\n\n<h2 class=\"wp-block-heading\">Ferienprogramm 2019 \u2013 bis 14. Juli l\u00e4uft die Anmeldefrist!<\/h2>\n\n\n\n<h3 class=\"wp-block-heading\">Jetzt Angebote ausw\u00e4hlen und in den Sommerferien Spa\u00df haben<\/h3>\n\n\n\n<div class=\"wp-block-image\"><figure class=\"aligncenter\"><img decoding=\"async\" loading=\"lazy\" width=\"500\" height=\"667\" src=\"https:\/\/speyer24news.com\/wp-content\/uploads\/2019\/07\/schwetzi-1.jpg\" alt=\"\" class=\"wp-image-15771\" srcset=\"https:\/\/speyer24news.com\/wp-content\/uploads\/2019\/07\/schwetzi-1.jpg 500w, https:\/\/speyer24news.com\/wp-content\/uploads\/2019\/07\/schwetzi-1-225x300.jpg 225w\" sizes=\"(max-width: 500px) 100vw, 500px\" \/><\/figure><\/div>\n\n\n\n<p>Die Sommerferien kommen langsam n\u00e4her und ihr habt noch nichts vor? Dann schaut schnell in das Programmheft vom Schwetzinger Ferienprogramm und sucht euch eure Lieblingsveranstaltungen raus. Noch eine gute Woche lang \u2013 bis zum 14. Juli &#8211; k\u00f6nnt ihr euch f\u00fcr die verschiedensten Programmpunkte anmelden.<\/p>\n\n\n\n<p>Warum nicht mal mit riesigen Funballs Spa\u00df haben, einen Imker besuchen oder eine Kutschfahrt mitmachen? Aber auch das Naturkundemuseum in Karlsruhe, das Technoseum in Mannheim oder der Freizeitpark Lochm\u00fchle stehen auf dem Programm. Ihr k\u00f6nnt mit Meikel und Margot wieder malen und t\u00f6pfern, sogar eine Meisterklasse f\u00fcr Klavier besuchen, komponieren lernen oder an einem Rap-Workshop teilnehmen. Kennt Ihr schon das chinesische Papierschneiden oder die Blaue Schatzh\u00f6hle im Museum Blau? Insgesamt werden 59 Veranstaltungen angeboten. F\u00fcr jeden ist etwas dabei. Einige Angebote laufen sogar \u00fcber mehrere Tage, damit der Spa\u00df nicht so schnell vorbei ist. <\/p>\n\n\n\n<p>Das Schwetzinger Ferienprogramm steht online unter www.unser-ferienprogramm.de\/schwetzingen. Wie im letzten Jahr kann jedes Kind an bis zu zehn Veranstaltungen teilnehmen. Ausdr\u00fccklich zur Teilnahme eingeladen sind auch Kinder mit Behinderung. Nach Anmeldeschluss werden die vorhandenen Pl\u00e4tze den Anmeldungen zugelost. So werden alle W\u00fcnsche so gut und gerecht wie m\u00f6glich ber\u00fccksichtigt.<\/p>\n\n\n\n<p><strong><em>Anmeldeschluss ist Sonntag, der 14. Juli 2019<\/em><\/strong>. Ab Mittwoch,  dem 17. Juli k\u00f6nnen die Kinder im Internet sehen, welche Veranstaltungen sie erhalten haben.<\/p>\n\n\n\n<p>Die Ferienp\u00e4sse werden ab Donnerstag, 18. Juli, gegen Bezahlung der Teilnahmegeb\u00fchr an einer Ausgabestelle in der Eingangshalle des Rathauses oder an der Rathauspforte ausgegeben (Mo.-Mi. 8-12 und 14-16 Uhr, Do. 8-12 und 14-18 Uhr und Fr. 8-12 Uhr). Bitte auf die Hinweisschilder achten. F\u00fcr die Kostenbefreiung bringen Sie bitte Ihren g\u00fcltigen Schwetzinger Familienpass mit. Nicht g\u00fcltig ist der Landesfamilienpass.  Es ist nur Barzahlung m\u00f6glich.  <\/p>\n\n\n\n<p>Weitere Fragen beantwortet gern Manfred Dams vom Amt f\u00fcr Familien, Senioren &amp; Kultur, Sport unter 87-134  (Mo.-Do. 13-17 und Fr. 8-12 Uhr) oder unter <a href=\"manfred.dams@schwetzingen.de\">manfred.dams@schwetzingen.de<\/a>.<\/p>\n\n\n\n<p><em>Stadtverwaltung Schwetzingen<br>05.07.2019<\/em><\/p>\n\n\n\n<h2 class=\"wp-block-heading\">Anleinpflicht f\u00fcr Hunde im Wald- und Stadtgebiet Schwetzingen<\/h2>\n\n\n\n<h3 class=\"wp-block-heading\">Hunde m\u00fcssen auch im Staatswald Schwetzinger Hardt an die Leine \/ Im Landschaftsschutzgebiet d\u00fcrfen Hunde frei laufen \/ Wo gelten welche Regelungen?<\/h3>\n\n\n\n<div class=\"wp-block-image\"><figure class=\"aligncenter\"><img decoding=\"async\" loading=\"lazy\" width=\"800\" height=\"531\" src=\"https:\/\/speyer24news.com\/wp-content\/uploads\/2019\/07\/Leinenzwang.jpg\" alt=\"\" class=\"wp-image-15770\" srcset=\"https:\/\/speyer24news.com\/wp-content\/uploads\/2019\/07\/Leinenzwang.jpg 800w, https:\/\/speyer24news.com\/wp-content\/uploads\/2019\/07\/Leinenzwang-300x199.jpg 300w, https:\/\/speyer24news.com\/wp-content\/uploads\/2019\/07\/Leinenzwang-768x510.jpg 768w\" sizes=\"(max-width: 800px) 100vw, 800px\" \/><\/figure><\/div>\n\n\n\n<p>Da es immer wieder zu Beschwerden wegen freilaufender Hunde im Stadtgebiet und im Wald an der Sternallee kommt, informiert die Stadtverwaltung \u00fcber die g\u00fcltige Regelung:<\/p>\n\n\n\n<p>Im Stadtgebiet Schwetzingen m\u00fcssen Hundehalter\/innen auf \u00f6ffentlichen Stra\u00dfen und Gehwegen Hunde an der Leine f\u00fchren. Dies regelt Artikel 13 der Polizeiverordnung der Stadt Schwetzingen. Diese generelle Anleinpflicht gilt auch im Staatswald Schwetzinger Hardt zwischen der B 291 im Westen und der Sternallee im Osten beziehungsweise der B 291 im Norden und dem Trimm-Dich-Pfad im S\u00fcden. Dieser Bereich ist mit entsprechenden Hinweisschildern (siehe Foto) gekennzeichnet. Da es hier in der j\u00fcngsten Vergangenheit zu Beschwerden \u00fcber freilaufende Hunde gab, wird die Stadt in n\u00e4chster Zeit verst\u00e4rkt kontrollieren. Im Falle einer Zuwiderhandlung muss der Hundehalter mit einer Ordnungswidrigkeitsanzeige und einem Bu\u00dfgeld in H\u00f6he von 35 Euro rechnen.<\/p>\n\n\n\n<p>Im Waldschutzgebiet und Erholungswald \u201eSchwetzinger Hardt\u201c gilt nur w\u00e4hrend der Brut-und Setzzeit von V\u00f6geln und Wildtieren zwischen dem 1. Februar und dem 31. August generelle Anleinpflicht f\u00fcr Hunde.<\/p>\n\n\n\n<p>Im Naturschutzgebiet Hirschacker und Dossenwald besteht ganzj\u00e4hrig eine generelle Anleinpflicht f\u00fcr Hunde. Im Landschaftsschutzgebiet Hirschacker und Dossenwald besteht dagegen kein Leinenzwang, jedoch sollte der Hund immer im Einwirkungsbereich des Hundehalters\/der Hundehalterin stehen.<\/p>\n\n\n\n<p>Die Stadt bittet alle Hundehalter\/innen, insbesondere auf stark frequentierten Wald- und Feldwegen, um gegenseitige R\u00fccksichtnahme. Viele Spazierg\u00e4nger, Jogger und Radfahrer haben Angst vor freilaufenden Hunden. Generell d\u00fcrfen Hunde ohne die Begleitung einer Person, die durch Zuruf auf das Tier einwirken kann, nicht ohne angeleint zu sein herumlaufen.<\/p>\n\n\n\n<p><em>Stadtverwaltung Schwetzingen<br>05.07.2019<\/em><\/p>\n\n\n\n<h2 class=\"wp-block-heading\">Jugendtreff Hirschacker am 14. Juli ge\u00f6ffnet<\/h2>\n\n\n\n<p>Im Rahmen des Sommerfestes der evangelischen Kirchengemeinde hat auch der Jugendtreff Hirschacker am Sonntag, 14. Juli, von 14 bis 17 Uhr ge\u00f6ffnet. An diesem Nachmittag k\u00f6nnen alle Angebote des Jugendtreffs wie z.B. Billardspielen, Tischkicker, Tischtennis und schnelle FIFA-Matches genutzt werden. Das Team des Jugendtreffs Hirschacker freut sich auf viele Besucher!<\/p>\n\n\n\n<p><em>Stadtverwaltung Schwetzingen<br>05.07.2019<\/em><\/p>\n\n\n\n<h2 class=\"wp-block-heading\">Infoveranstaltung zur Sanierung Karlsruher Stra\u00dfe am 16. Juli<\/h2>\n\n\n\n<h3 class=\"wp-block-heading\">Stadt und Ingenieurb\u00fcros informieren ab 19 Uhr im Palais Hirsch \u00fcber die Bauma\u00dfnahme<\/h3>\n\n\n\n<p>Auf Hochdruck laufen derzeit die Planungen zur Sanierung der Karlsruher Stra\u00dfe. Voraussichtlich im ersten Quartal 2020 beginnen die Bauarbeiten, die in mehreren Abschnitten stattfinden werden. Zwischen der Schlossstra\u00dfe und der Kreuzung Karlsruher Stra\u00dfe\/ Z\u00e4hringer Stra\u00dfe wird die Stra\u00dfe komplett neu gestaltet. Das betrifft die Stra\u00dfenraumgestaltung, also die Anordnung der Fahrspur, der Gehwege und der Radwege sowie die Bepflanzung mit B\u00e4umen und Gr\u00fcnstreifen sowie den Stra\u00dfenbelag. Dazu hatte es bereits im Jahr 2017 eine B\u00fcrgerbeteiligung unter Moderation des Verkehrsplaners Christoph Hupfer gegeben. Auch notwendige Arbeiten an der Infrastruktur der Stra\u00dfe werden w\u00e4hrend der Bauzeit stattfinden.<\/p>\n\n\n\n<p>Um die Anwohner\/innen, die Gewerbetreibenden und alle interessierten Schwetzinger \u00fcber die rund anderthalb Jahre dauernde Bauma\u00dfnahme zu informieren, l\u00e4dt die Stadt Schwetzingen zu einer Infoveranstaltung am Dienstag, 16. Juli, ins Palais Hirsch ein.<\/p>\n\n\n\n<p>B\u00fcrgermeister Matthias Steffan, Joachim Aurisch und Anne Wicke vom st\u00e4dtischen Bauamt, Michael Grumann von BIT Ingenieure sowie Nicola Krebbel von Eiling Ingenieure informieren und stehen f\u00fcr Fragen bereit. Dabei geht es um den Ablauf der geplanten Bauabschnitte, \u00fcber notwendige Umleitungen und Sperrungen w\u00e4hrend der Bauphase, \u00fcber die Erreichbarkeit der Tiefgarage und der Gewerbebetriebe sowie der einzelnen Grundst\u00fccke. <\/p>\n\n\n\n<h4 class=\"wp-block-heading\">\u2192 Infoveranstaltung zur Sanierung Karlsruher Stra\u00dfe am Dienstag, 16. Juli, 19 Uhr, Palais Hirsch, Schlossplatz<\/h4>\n\n\n\n<p><em>Stadtverwaltung Schwetzingen<br>05.07.2019<\/em><\/p>\n\n\n\n<h2 class=\"wp-block-heading\">Teilsperrung Friedrich-Ebert-Stra\u00dfe bis voraussichtlich 12. Juli<\/h2>\n\n\n\n<div class=\"wp-block-image\"><figure class=\"aligncenter\"><img decoding=\"async\" src=\"https:\/\/speyer24news.com\/wp-content\/uploads\/2019\/06\/Vollsperrung-1.jpg\" alt=\"\" class=\"wp-image-15163\"\/><\/figure><\/div>\n\n\n\n<p>Loch in der Stra\u00dfe vor Hausnummer 53  f\u00fchrt zu Fahrbahnsperrung und Umleitung der Busse 710, 711 und 716 \/ Bauarbeiten beginnen am 3. Juli<\/p>\n\n\n\n<p>Seit dem 28. Juni ist die Friedrich-Ebert-Stra\u00dfe in H\u00f6he der Hausnummer 53 komplett f\u00fcr den Verkehr gesperrt. Grund ist ein gr\u00f6\u00dferes Loch im Fahrbahnbelag. Da die Gefahr der Untersp\u00fclung besteht, hat die Stadt die Fahrbahn in diesem Bereich aus Sicherheitsgr\u00fcnden gesperrt.<\/p>\n\n\n\n<p>Am Mittwoch, 3. Juli, begann die Firma Diringer und Scheidel im Auftrag der Stadt mit den Arbeiten. Erst dann k\u00f6nnen das genaue Ausma\u00df des Schadens und die damit verbundene Dauer der Bauarbeiten beurteilt werden. <strong>Voraussichtlich bleibt die Sperrung bis zum 12. Juli bestehen<\/strong>.  Die Umleitung erfolgt von S\u00fcden kommend \u00fcber die Grenzh\u00f6fer Stra\u00dfe , Mannheimer Stra\u00dfe, Rondell, Friedrichsfelder Stra\u00dfe. Anwohner k\u00f6nnen von beiden Seiten jeweils bis zur Baustelle anfahren.<\/p>\n\n\n\n<p>Haltestelle Friedrich-Ebert-Stra\u00dfe stadtausw\u00e4rts entf\u00e4llt<\/p>\n\n\n\n<p>Durch die Sperrung entf\u00e4llt bis zum Betriebsende am 12. Juli auch die Haltestelle in der Friedrich-Ebert-Stra\u00dfe vor \u201eNah und Gut\u201c stadtausw\u00e4rts. Die Ersatzhaltestelle ist in der Mannheimer Landstra\u00dfe in H\u00f6he der AVIA Tankstelle. Betroffen sind die Stadtbuslinien 710, 711 und 716. Informationen zum Busverkehr erteilt der BRN (Mail: <a href=\"brn@dbregiobus-bw.de\">brn@dbregiobus-bw.de<\/a>, Tel.: 06281 511-52 oder im Internet unter <a href=\"http:\/\/www.vrn.de\">www.vrn.de<\/a>).<\/p>\n\n\n\n<p><em>Stadtverwaltung Schwetzingen<br>05.07.2019<\/em><\/p>\n","protected":false},"excerpt":{"rendered":"<div class=\"mh-excerpt\"><p>Infoblattform H\u00fcrdenlos: Inklusives Schwetzingen sucht ehrenamtliche Helfer Der Stadtf\u00fchrer \u201eH\u00fcrdenlos\u201c (https:\/\/schwetzingen.huerdenlos.de), die Infoblattform f\u00fcr einen barrierefreien Zugang zu verschiedenen Geb\u00e4uden in Schwetzingen, soll aktualisiert werden. Daf\u00fcr sucht der \u201eRunde Tisch Inklusives Schwetzingen\u201c \u00fcber die Freiwilligenagentur <a class=\"mh-excerpt-more\" href=\"https:\/\/speyer24news.com\/?p=15769\" title=\"Schwetzingen:\">[&#8230;]<\/a><\/p>\n<\/div>","protected":false},"author":3,"featured_media":0,"comment_status":"open","ping_status":"open","sticky":false,"template":"","format":"standard","meta":{"_monsterinsights_skip_tracking":false,"_monsterinsights_sitenote_active":false,"_monsterinsights_sitenote_note":"","_monsterinsights_sitenote_category":0,"footnotes":""},"categories":[477],"tags":[1987,843,263,483,1986,1824,154],"aioseo_notices":[],"amp_enabled":true,"_links":{"self":[{"href":"https:\/\/speyer24news.com\/index.php?rest_route=\/wp\/v2\/posts\/15769"}],"collection":[{"href":"https:\/\/speyer24news.com\/index.php?rest_route=\/wp\/v2\/posts"}],"about":[{"href":"https:\/\/speyer24news.com\/index.php?rest_route=\/wp\/v2\/types\/post"}],"author":[{"embeddable":true,"href":"https:\/\/speyer24news.com\/index.php?rest_route=\/wp\/v2\/users\/3"}],"replies":[{"embeddable":true,"href":"https:\/\/speyer24news.com\/index.php?rest_route=%2Fwp%2Fv2%2Fcomments&post=15769"}],"version-history":[{"count":1,"href":"https:\/\/speyer24news.com\/index.php?rest_route=\/wp\/v2\/posts\/15769\/revisions"}],"predecessor-version":[{"id":15777,"href":"https:\/\/speyer24news.com\/index.php?rest_route=\/wp\/v2\/posts\/15769\/revisions\/15777"}],"wp:attachment":[{"href":"https:\/\/speyer24news.com\/index.php?rest_route=%2Fwp%2Fv2%2Fmedia&parent=15769"}],"wp:term":[{"taxonomy":"category","embeddable":true,"href":"https:\/\/speyer24news.com\/index.php?rest_route=%2Fwp%2Fv2%2Fcategories&post=15769"},{"taxonomy":"post_tag","embeddable":true,"href":"https:\/\/speyer24news.com\/index.php?rest_route=%2Fwp%2Fv2%2Ftags&post=15769"}],"curies":[{"name":"wp","href":"https:\/\/api.w.org\/{rel}","templated":true}]}}