{"id":15812,"date":"2019-07-06T09:30:52","date_gmt":"2019-07-06T08:30:52","guid":{"rendered":"https:\/\/speyer24news.com\/?p=15812"},"modified":"2019-07-06T09:39:06","modified_gmt":"2019-07-06T08:39:06","slug":"altlussheim","status":"publish","type":"post","link":"https:\/\/speyer24news.com\/?p=15812","title":{"rendered":"Altlu\u00dfheim:"},"content":{"rendered":"<style type=\"text\/css\">\r\n\t.ads_top_disp{}\r\n\t.ads_top_corner_disp{ float:left; margin:0px 10px 10px 0px; }\r\n\t.ads_first_p_disp{}\r\n\t.ads_bottom_disp{}\r\n\t<\/style>\n<h2 class=\"wp-block-heading\">Stra\u00dfenfest am Samstag, 6. Juli<\/h2>\n\n\n\n<div class=\"wp-block-image\"><figure class=\"aligncenter\"><img decoding=\"async\" loading=\"lazy\" width=\"800\" height=\"566\" src=\"https:\/\/speyer24news.com\/wp-content\/uploads\/2019\/07\/Altlu\u00dfheim-Stra\u00dfenfest.png\" alt=\"\" class=\"wp-image-15816\" srcset=\"https:\/\/speyer24news.com\/wp-content\/uploads\/2019\/07\/Altlu\u00dfheim-Stra\u00dfenfest.png 800w, https:\/\/speyer24news.com\/wp-content\/uploads\/2019\/07\/Altlu\u00dfheim-Stra\u00dfenfest-300x212.png 300w, https:\/\/speyer24news.com\/wp-content\/uploads\/2019\/07\/Altlu\u00dfheim-Stra\u00dfenfest-768x543.png 768w\" sizes=\"(max-width: 800px) 100vw, 800px\" \/><\/figure><\/div>\n\n\n\n<p>Liebe Mitb\u00fcrgerinnen und Mitb\u00fcrger,<br>liebe G\u00e4ste,<\/p>\n\n\n\n<p>die \u00f6rtlichen Vereine und die Gemeindeverwaltung organisieren am 6. Juli 2019 f\u00fcr alle B\u00fcrgerinnen und B\u00fcrger sowie zahlreiche G\u00e4ste ein Treffen unter freiem Himmel. Zum 39. Mal lockt das Stra\u00dfenfest somit wieder zahlreiche G\u00e4ste aus nah und fern. Seien Sie herzlichst willkommen in unserer sch\u00f6nen Gemeinde!<\/p>\n\n\n\n<p>Dank der Bereitschaft der Anwohner verwandelt sich die Schulstra\u00dfe wieder zum zentralen Treffpunkt f\u00fcr Alt und Jung. Das bunte B\u00fchnenprogramm am Rathausplatz bietet Unterhaltung f\u00fcr alle, f\u00fcr die Kinder wie f\u00fcr die Erwachsenen.<\/p>\n\n\n\n<p>Ich w\u00fcnsche unserer langj\u00e4hrigen Traditionsveranstaltung den verdienten Zuspruch bei hoffentlich guten Wetterbedingungen. Schlie\u00dflich ist geselliges Beisammensein die perfekte Gelegenheit, Freundschaften wieder aufzufrischen, neue zu schlie\u00dfen oder einfach Leute zu treffen, die einem l\u00e4ngere Zeit nicht mehr \u201e\u00fcber den Weg gelaufen sind\u201c.<\/p>\n\n\n\n<div class=\"wp-block-image\"><figure class=\"aligncenter\"><img decoding=\"async\" loading=\"lazy\" width=\"800\" height=\"564\" src=\"https:\/\/speyer24news.com\/wp-content\/uploads\/2019\/07\/Altlu\u00dfheim-Stra\u00dfenfest2.png\" alt=\"\" class=\"wp-image-15817\" srcset=\"https:\/\/speyer24news.com\/wp-content\/uploads\/2019\/07\/Altlu\u00dfheim-Stra\u00dfenfest2.png 800w, https:\/\/speyer24news.com\/wp-content\/uploads\/2019\/07\/Altlu\u00dfheim-Stra\u00dfenfest2-300x212.png 300w, https:\/\/speyer24news.com\/wp-content\/uploads\/2019\/07\/Altlu\u00dfheim-Stra\u00dfenfest2-768x541.png 768w\" sizes=\"(max-width: 800px) 100vw, 800px\" \/><\/figure><\/div>\n\n\n\n<p>Mein herzliches Willkommen gilt allen G\u00e4sten aus der n\u00e4heren und weiteren Umgebung.<\/p>\n\n\n\n<p>Den mitwirkenden Vereinen, Gruppen und all den flei\u00dfigen Helferinnen und Helfern, die sich auch in diesem Jahr ehrenamtlich engagieren und mithelfen, das Stra\u00dfenfest zu gestalten sage ich bereits heute ein herzliches Dankesch\u00f6n. Dies gilt ganz besonders den Anwohnern, die den Vereinen wieder ihre H\u00f6fe und Einfahrten \u00fcberlassen. Sie alle tragen mit ihrem Einsatz dazu bei, dass das gr\u00f6\u00dfte Fest unserer Gemeinde erhalten bleibt.<\/p>\n\n\n\n<p>Ich w\u00fcnsche allen Beteiligten beim 39. Stra\u00dfenfest viel Erfolg, unseren G\u00e4sten und Besuchern sch\u00f6ne Stunden in Altlu\u00dfheim mit viel Spa\u00df, Freude und Geselligkeit.<\/p>\n\n\n\n<h4 class=\"wp-block-heading\">Lesen sie hier den Flyer als PDF:<\/h4>\n\n\n\n<div class=\"wp-block-file\"><a href=\"https:\/\/speyer24news.com\/wp-content\/uploads\/2019\/07\/Altlu\u00dfheim-Stra\u00dfenfest-Flyer.pdf\">Altlu\u00dfheim-Stra\u00dfenfest-Flyer<\/a><a href=\"https:\/\/speyer24news.com\/wp-content\/uploads\/2019\/07\/Altlu\u00dfheim-Stra\u00dfenfest-Flyer.pdf\" class=\"wp-block-file__button\" download>Herunterladen<\/a><\/div>\n\n\n\n<p>Ihr<\/p>\n\n\n\n<p><em>Uwe Grempels<br>B\u00fcrgermeister<br>06.07.2019<\/em><\/p>\n","protected":false},"excerpt":{"rendered":"<div class=\"mh-excerpt\"><p>Stra\u00dfenfest am Samstag, 6. Juli Liebe Mitb\u00fcrgerinnen und Mitb\u00fcrger,liebe G\u00e4ste, die \u00f6rtlichen Vereine und die Gemeindeverwaltung organisieren am 6. Juli 2019 f\u00fcr alle B\u00fcrgerinnen und B\u00fcrger sowie zahlreiche G\u00e4ste ein Treffen unter freiem Himmel. Zum <a class=\"mh-excerpt-more\" href=\"https:\/\/speyer24news.com\/?p=15812\" title=\"Altlu\u00dfheim:\">[&#8230;]<\/a><\/p>\n<\/div>","protected":false},"author":3,"featured_media":15814,"comment_status":"open","ping_status":"open","sticky":false,"template":"","format":"standard","meta":{"_monsterinsights_skip_tracking":false,"_monsterinsights_sitenote_active":false,"_monsterinsights_sitenote_note":"","_monsterinsights_sitenote_category":0,"footnotes":""},"categories":[10,13],"tags":[2009,2006,2008],"aioseo_notices":[],"amp_enabled":true,"_links":{"self":[{"href":"https:\/\/speyer24news.com\/index.php?rest_route=\/wp\/v2\/posts\/15812"}],"collection":[{"href":"https:\/\/speyer24news.com\/index.php?rest_route=\/wp\/v2\/posts"}],"about":[{"href":"https:\/\/speyer24news.com\/index.php?rest_route=\/wp\/v2\/types\/post"}],"author":[{"embeddable":true,"href":"https:\/\/speyer24news.com\/index.php?rest_route=\/wp\/v2\/users\/3"}],"replies":[{"embeddable":true,"href":"https:\/\/speyer24news.com\/index.php?rest_route=%2Fwp%2Fv2%2Fcomments&post=15812"}],"version-history":[{"count":2,"href":"https:\/\/speyer24news.com\/index.php?rest_route=\/wp\/v2\/posts\/15812\/revisions"}],"predecessor-version":[{"id":15819,"href":"https:\/\/speyer24news.com\/index.php?rest_route=\/wp\/v2\/posts\/15812\/revisions\/15819"}],"wp:featuredmedia":[{"embeddable":true,"href":"https:\/\/speyer24news.com\/index.php?rest_route=\/wp\/v2\/media\/15814"}],"wp:attachment":[{"href":"https:\/\/speyer24news.com\/index.php?rest_route=%2Fwp%2Fv2%2Fmedia&parent=15812"}],"wp:term":[{"taxonomy":"category","embeddable":true,"href":"https:\/\/speyer24news.com\/index.php?rest_route=%2Fwp%2Fv2%2Fcategories&post=15812"},{"taxonomy":"post_tag","embeddable":true,"href":"https:\/\/speyer24news.com\/index.php?rest_route=%2Fwp%2Fv2%2Ftags&post=15812"}],"curies":[{"name":"wp","href":"https:\/\/api.w.org\/{rel}","templated":true}]}}