{"id":15916,"date":"2019-07-10T07:46:14","date_gmt":"2019-07-10T06:46:14","guid":{"rendered":"https:\/\/speyer24news.com\/?p=15916"},"modified":"2019-07-10T07:46:16","modified_gmt":"2019-07-10T06:46:16","slug":"schwetzingen-9","status":"publish","type":"post","link":"https:\/\/speyer24news.com\/?p=15916","title":{"rendered":"Schwetzingen:"},"content":{"rendered":"<style type=\"text\/css\">\r\n\t.ads_top_disp{}\r\n\t.ads_top_corner_disp{ float:left; margin:0px 10px 10px 0px; }\r\n\t.ads_first_p_disp{}\r\n\t.ads_bottom_disp{}\r\n\t<\/style>\n<h2 class=\"wp-block-heading\">Klimafreundlicher Solarstrom vom eigenen Dach<\/h2>\n\n\n\n<h3 class=\"wp-block-heading\">Stadt Schwetzingen und Klima- und Energie-Beratungsagentur KliBa bieten noch bis 31. August kostenfreie Vor-Ort-Beratungen an<\/h3>\n\n\n\n<div class=\"wp-block-image\"><figure class=\"aligncenter\"><img decoding=\"async\" loading=\"lazy\" width=\"500\" height=\"674\" src=\"https:\/\/speyer24news.com\/wp-content\/uploads\/2019\/07\/Solaraktion_A1_Schwetzingen_final.jpg\" alt=\"\" class=\"wp-image-15977\" srcset=\"https:\/\/speyer24news.com\/wp-content\/uploads\/2019\/07\/Solaraktion_A1_Schwetzingen_final.jpg 500w, https:\/\/speyer24news.com\/wp-content\/uploads\/2019\/07\/Solaraktion_A1_Schwetzingen_final-223x300.jpg 223w\" sizes=\"(max-width: 500px) 100vw, 500px\" \/><\/figure><\/div>\n\n\n\n<p>Der Schutz unseres Klimas und die Energiewende sind heute wichtiger denn je. Beides ist ohne den Ausbau erneuerbarer Energien nicht zu erreichen. Mit einer Photovoltaik-Anlage auf dem Dach k\u00f6nnen Privatpersonen und Unternehmen Ihren eigenen Strom produzieren \u2013 klimafreundlich und emissionsfrei.<\/p>\n\n\n\n<p>Um den Ausbau der Solarenergie in der Region voranzutreiben startete die Stadt Schwetzingen im Fr\u00fchjahr eine Informationskampagne zum Thema Photovoltaik. Gemeinsam mit der unabh\u00e4ngigen Klima- und Energie-Beratungsagentur KliBA bietet sie individuelle Beratungen an: Ist mein Dach f\u00fcr eine Photovoltaik-Anlage geeignet? Welche Anlagengr\u00f6\u00dfe ist sinnvoll? Wie wirkt sich der Einsatz eines Batteriespeichers auf den Eigenverbrauch aus? Welche Kosten kommen bei der Anschaffung auf mich zu? Diese und weitere Fragen lassen sich bei einem Gespr\u00e4ch in der Stabsstelle Klimaschutz oder direkt bei einer Vor-Ort-Begehung kl\u00e4ren.<\/p>\n\n\n\n<p>\u201eDie ersten Beratungen bei interessierten B\u00fcrgern zu Hause haben bereits stattgefunden und kamen sehr gut an\u201c, erkl\u00e4rt der st\u00e4dtische Klimaschutzbeauftragte Patrick Cisowski. \u201eNeben Privatpersonen m\u00f6chten wir nat\u00fcrlich auch Unternehmen ansprechen, die oft \u00fcber gr\u00f6\u00dfere Dachfl\u00e4chen verf\u00fcgen.\u201c <strong><em>Bis zum 31. August<\/em><\/strong> k\u00f6nnen sich alle Interessierten noch f\u00fcr eine kostenfreie Beratung anmelden. Entweder per Email an <a href=\"klimaschutz@schwetzingen.de\">klimaschutz@schwetzingen.de<\/a> oder direkt bei der KliBa unter 06221 &#8211; 998750. Weitere Ausk\u00fcnfte auch auf www.photovoltaik-bw.de\/rhein-neckar.<\/p>\n\n\n\n<p><em>Stadtverwaltung Schwetzingen<br>10.07.2019<\/em><\/p>\n\n\n\n<h2 class=\"wp-block-heading\">Infoveranstaltung zur Sanierung Karlsruher Stra\u00dfe am 16. Juli<\/h2>\n\n\n\n<h3 class=\"wp-block-heading\">Stadt und Ingenieurb\u00fcros informieren ab 19 Uhr im Palais Hirsch \u00fcber die Bauma\u00dfnahme<\/h3>\n\n\n\n<p>Auf Hochdruck laufen derzeit die Planungen zur Sanierung der Karlsruher Stra\u00dfe. Voraussichtlich im ersten Quartal 2020 beginnen die Bauarbeiten, die in mehreren Abschnitten stattfinden werden. Zwischen der Schlossstra\u00dfe und der Kreuzung Karlsruher Stra\u00dfe\/ Z\u00e4hringer Stra\u00dfe wird die Stra\u00dfe komplett neu gestaltet. Das betrifft die Stra\u00dfenraumgestaltung, also die Anordnung der Fahrspur, der Gehwege und der Radwege sowie die Bepflanzung mit B\u00e4umen und Gr\u00fcnstreifen sowie den Stra\u00dfenbelag. Dazu hatte es bereits im Jahr 2017 eine B\u00fcrgerbeteiligung unter Moderation des Verkehrsplaners Christoph Hupfer gegeben. Auch notwendige Arbeiten an der Infrastruktur der Stra\u00dfe werden w\u00e4hrend der Bauzeit stattfinden.<\/p>\n\n\n\n<p>Um die Anwohner\/innen, die Gewerbetreibenden und alle interessierten Schwetzinger \u00fcber die rund anderthalb Jahre dauernde Bauma\u00dfnahme zu informieren, l\u00e4dt die Stadt Schwetzingen zu einer Infoveranstaltung am Dienstag, 16. Juli, ins Palais Hirsch ein.<\/p>\n\n\n\n<p>B\u00fcrgermeister Matthias Steffan, Joachim Aurisch und Anne Wicke vom st\u00e4dtischen Bauamt, Michael Grumann von BIT Ingenieure sowie Nicola Krebbel von Eiling Ingenieure informieren und stehen f\u00fcr Fragen bereit. Dabei geht es um den Ablauf der geplanten Bauabschnitte, \u00fcber notwendige Umleitungen und Sperrungen w\u00e4hrend der Bauphase, \u00fcber die Erreichbarkeit der Tiefgarage und der Gewerbebetriebe sowie der einzelnen Grundst\u00fccke. <\/p>\n\n\n\n<h4 class=\"wp-block-heading\">\u2192 Infoveranstaltung zur Sanierung Karlsruher Stra\u00dfe am Dienstag, 16. Juli, 19 Uhr, Palais Hirsch, Schlossplatz<\/h4>\n\n\n\n<p><em>Stadtverwaltung Schwetzingen<br>09.07.2019<\/em><\/p>\n\n\n\n<h2 class=\"wp-block-heading\">B\u00fcrgersprechstunde von Oberb\u00fcrgermeister Dr. Ren\u00e9 P\u00f6ltl im Juli und September 2019<\/h2>\n\n\n\n<div class=\"wp-block-image\"><figure class=\"aligncenter\"><img decoding=\"async\" src=\"https:\/\/speyer24news.com\/wp-content\/uploads\/2019\/07\/OB-Poeltl-Schwetzingen.jpg\" alt=\"\" class=\"wp-image-15917\"\/><\/figure><\/div>\n\n\n\n<p>Am <strong>Montag, 22. Juli 2019,<\/strong> wird Oberb\u00fcrgermeister Dr. Ren\u00e9 P\u00f6ltl seine letzte B\u00fcrgersprechstunde vor der Sommerpause durchf\u00fchren. Sie findet in der Zeit ab 17.00 Uhr im Rathaus statt. F\u00fcr diesen Termin sind noch Anmeldungen m\u00f6glich.<\/p>\n\n\n\n<p>Die n\u00e4chste B\u00fcrgersprechstunde wird am <strong>Montag, 23. September 2019<\/strong>, ab 17.00 Uhr, stattfinden, f\u00fcr die ebenfalls bereits Anmeldungen m\u00f6glich sind.<\/p>\n\n\n\n<p>Interessierte B\u00fcrger\/innen k\u00f6nnen sich an Frau Sarah Erles, Tel. 87-201, zwecks Terminvereinbarung wenden.<\/p>\n\n\n\n<p><em>Stadtverwaltung Schwetzingen<br>09.07.2019<\/em><\/p>\n","protected":false},"excerpt":{"rendered":"<div class=\"mh-excerpt\"><p>Klimafreundlicher Solarstrom vom eigenen Dach Stadt Schwetzingen und Klima- und Energie-Beratungsagentur KliBa bieten noch bis 31. August kostenfreie Vor-Ort-Beratungen an Der Schutz unseres Klimas und die Energiewende sind heute wichtiger denn je. Beides ist ohne <a class=\"mh-excerpt-more\" href=\"https:\/\/speyer24news.com\/?p=15916\" title=\"Schwetzingen:\">[&#8230;]<\/a><\/p>\n<\/div>","protected":false},"author":3,"featured_media":0,"comment_status":"open","ping_status":"open","sticky":false,"template":"","format":"standard","meta":{"_monsterinsights_skip_tracking":false,"_monsterinsights_sitenote_active":false,"_monsterinsights_sitenote_note":"","_monsterinsights_sitenote_category":0,"footnotes":""},"categories":[477],"tags":[478,1449,2074,183,2073,154,1653],"aioseo_notices":[],"amp_enabled":true,"_links":{"self":[{"href":"https:\/\/speyer24news.com\/index.php?rest_route=\/wp\/v2\/posts\/15916"}],"collection":[{"href":"https:\/\/speyer24news.com\/index.php?rest_route=\/wp\/v2\/posts"}],"about":[{"href":"https:\/\/speyer24news.com\/index.php?rest_route=\/wp\/v2\/types\/post"}],"author":[{"embeddable":true,"href":"https:\/\/speyer24news.com\/index.php?rest_route=\/wp\/v2\/users\/3"}],"replies":[{"embeddable":true,"href":"https:\/\/speyer24news.com\/index.php?rest_route=%2Fwp%2Fv2%2Fcomments&post=15916"}],"version-history":[{"count":2,"href":"https:\/\/speyer24news.com\/index.php?rest_route=\/wp\/v2\/posts\/15916\/revisions"}],"predecessor-version":[{"id":15978,"href":"https:\/\/speyer24news.com\/index.php?rest_route=\/wp\/v2\/posts\/15916\/revisions\/15978"}],"wp:attachment":[{"href":"https:\/\/speyer24news.com\/index.php?rest_route=%2Fwp%2Fv2%2Fmedia&parent=15916"}],"wp:term":[{"taxonomy":"category","embeddable":true,"href":"https:\/\/speyer24news.com\/index.php?rest_route=%2Fwp%2Fv2%2Fcategories&post=15916"},{"taxonomy":"post_tag","embeddable":true,"href":"https:\/\/speyer24news.com\/index.php?rest_route=%2Fwp%2Fv2%2Ftags&post=15916"}],"curies":[{"name":"wp","href":"https:\/\/api.w.org\/{rel}","templated":true}]}}