{"id":15928,"date":"2019-07-09T09:09:34","date_gmt":"2019-07-09T08:09:34","guid":{"rendered":"https:\/\/speyer24news.com\/?p=15928"},"modified":"2019-07-09T09:09:35","modified_gmt":"2019-07-09T08:09:35","slug":"veranstaltungen-5","status":"publish","type":"post","link":"https:\/\/speyer24news.com\/?p=15928","title":{"rendered":"Veranstaltungen:"},"content":{"rendered":"<style type=\"text\/css\">\r\n\t.ads_top_disp{}\r\n\t.ads_top_corner_disp{ float:left; margin:0px 10px 10px 0px; }\r\n\t.ads_first_p_disp{}\r\n\t.ads_bottom_disp{}\r\n\t<\/style>\n<p><em>Foto: astrosystem\/Fotolia <\/em><\/p>\n\n\n\n<h2 class=\"wp-block-heading\">Sarah Connor geht 2019 mit neuem Album auf gro\u00dfe Arena-Tournee<\/h2>\n\n\n\n<h3 class=\"wp-block-heading\">Konzerttermin in Mannheim: 05.11.2019, SAP Arena<\/h3>\n\n\n\n<p><strong>16.11.2018, 09 Uhr: Vorverkaufsstart an allen bekannten Vorverkaufsstellen<\/strong><\/p>\n\n\n\n<div class=\"wp-block-image\"><figure class=\"aligncenter\"><img decoding=\"async\" loading=\"lazy\" width=\"800\" height=\"645\" src=\"https:\/\/speyer24news.com\/wp-content\/uploads\/2019\/07\/Sarah-Conner-@-Universal-Music-GmbH.png\" alt=\"\" class=\"wp-image-15929\" srcset=\"https:\/\/speyer24news.com\/wp-content\/uploads\/2019\/07\/Sarah-Conner-@-Universal-Music-GmbH.png 800w, https:\/\/speyer24news.com\/wp-content\/uploads\/2019\/07\/Sarah-Conner-@-Universal-Music-GmbH-300x242.png 300w, https:\/\/speyer24news.com\/wp-content\/uploads\/2019\/07\/Sarah-Conner-@-Universal-Music-GmbH-768x619.png 768w\" sizes=\"(max-width: 800px) 100vw, 800px\" \/><\/figure><\/div>\n\n\n\n<p><strong>Mannheim \/ SAP-Arena &#8211; <\/strong>Sie wird es noch einmal tun. Sarah Connor ver\u00f6ffentlicht ein weiteres deutsches Album und geht im Herbst 2019 wieder auf gro\u00dfe Arena-Tour in Deutschland, \u00d6sterreich und der Schweiz.<\/p>\n\n\n\n<p>Vier Jahre lang war Sarah Connor mit ihrer Band auf Tournee, um die Songs ihres ersten deutschsprachigen Albums \u201eMuttersprache\u201c live zu spielen. Diese Konzerte, vor insgesamt \u00fcber 600.000 Zuschauern bei zwei Arena- und drei Sommer-Open-Air-Tourneen, sind bei der K\u00fcnstlerin als \u201esehr emotional, elektrisierend und ber\u00fchrend\u201c in Erinnerung geblieben. Sie best\u00e4tigten zudem ein untrennbares Band zwischen der erfolgreichsten Pop-S\u00e4ngerin Deutschlands und ihrem Publikum. <\/p>\n\n\n\n<p>Nach \u00fcber 1,2 Millionen verkauften Exemplaren ihres Albums \u201eMuttersprache\u201c k\u00fcndigt Sarah Connor jetzt endlich ein neues Album an: \u201eNoch hat das Kind keinen Namen, aber der wird schon noch zu mir kommen\u201c, verr\u00e4t Sarah Connor. \u201eSeit ziemlich genau einem Jahr arbeite ich wieder viel im Studio und schreibe neue Songs. Auf Deutsch. Und die wollen bald hinaus in die Welt und mit mir auf Reisen gehen\u201c, so die S\u00e4ngerin.<\/p>\n\n\n\n<p>Ihre n\u00e4chste Tournee mit den neuen deutschen Songs wird Sarah Connor wieder durch die gr\u00f6\u00dften Arenen des Landes f\u00fchren. Ein Ereignis, auf das sich Sarah schon jetzt freut und das ihren Adrenalinspiegel steigen l\u00e4sst: \u201eUnmittelbar vor Konzertbeginn, bekomme ich nur schwer Luft und denke, ich muss sterben vor Lampenfieber. Doch wenn der Vorhang f\u00e4llt, die Musik einsetzt, ich die H\u00e4nde und Gesichter sehe und die Rufe der Fans h\u00f6re, dann wei\u00df ich: Das wird ein geiler Abend.\u201c<\/p>\n\n\n\n<p>Tickets f\u00fcr die 14 Konzerte der \u201eSarah Connor \u2013 Tour 2019\u201c gibt es ab 16.11.18 bei allen bekannten Vorverkaufsstellen.<\/p>\n\n\n\n<div class=\"wp-block-image\"><figure class=\"aligncenter\"><img decoding=\"async\" loading=\"lazy\" width=\"330\" height=\"132\" src=\"https:\/\/speyer24news.com\/wp-content\/uploads\/2019\/07\/Semmel-Concerts.png\" alt=\"\" class=\"wp-image-15925\" srcset=\"https:\/\/speyer24news.com\/wp-content\/uploads\/2019\/07\/Semmel-Concerts.png 330w, https:\/\/speyer24news.com\/wp-content\/uploads\/2019\/07\/Semmel-Concerts-300x120.png 300w\" sizes=\"(max-width: 330px) 100vw, 330px\" \/><\/figure><\/div>\n\n\n\n<p><em>Text: Semmel Concerts Entertainment GmbH Foto: Universal Music GmbH<br>09.07.2019<\/em><\/p>\n","protected":false},"excerpt":{"rendered":"<div class=\"mh-excerpt\"><p>Foto: astrosystem\/Fotolia Sarah Connor geht 2019 mit neuem Album auf gro\u00dfe Arena-Tournee Konzerttermin in Mannheim: 05.11.2019, SAP Arena 16.11.2018, 09 Uhr: Vorverkaufsstart an allen bekannten Vorverkaufsstellen Mannheim \/ SAP-Arena &#8211; Sie wird es noch einmal <a class=\"mh-excerpt-more\" href=\"https:\/\/speyer24news.com\/?p=15928\" title=\"Veranstaltungen:\">[&#8230;]<\/a><\/p>\n<\/div>","protected":false},"author":3,"featured_media":0,"comment_status":"open","ping_status":"open","sticky":false,"template":"","format":"standard","meta":{"_monsterinsights_skip_tracking":false,"_monsterinsights_sitenote_active":false,"_monsterinsights_sitenote_note":"","_monsterinsights_sitenote_category":0,"footnotes":""},"categories":[13],"tags":[56,1333,1943,2080,1945],"aioseo_notices":[],"amp_enabled":true,"_links":{"self":[{"href":"https:\/\/speyer24news.com\/index.php?rest_route=\/wp\/v2\/posts\/15928"}],"collection":[{"href":"https:\/\/speyer24news.com\/index.php?rest_route=\/wp\/v2\/posts"}],"about":[{"href":"https:\/\/speyer24news.com\/index.php?rest_route=\/wp\/v2\/types\/post"}],"author":[{"embeddable":true,"href":"https:\/\/speyer24news.com\/index.php?rest_route=\/wp\/v2\/users\/3"}],"replies":[{"embeddable":true,"href":"https:\/\/speyer24news.com\/index.php?rest_route=%2Fwp%2Fv2%2Fcomments&post=15928"}],"version-history":[{"count":1,"href":"https:\/\/speyer24news.com\/index.php?rest_route=\/wp\/v2\/posts\/15928\/revisions"}],"predecessor-version":[{"id":15930,"href":"https:\/\/speyer24news.com\/index.php?rest_route=\/wp\/v2\/posts\/15928\/revisions\/15930"}],"wp:attachment":[{"href":"https:\/\/speyer24news.com\/index.php?rest_route=%2Fwp%2Fv2%2Fmedia&parent=15928"}],"wp:term":[{"taxonomy":"category","embeddable":true,"href":"https:\/\/speyer24news.com\/index.php?rest_route=%2Fwp%2Fv2%2Fcategories&post=15928"},{"taxonomy":"post_tag","embeddable":true,"href":"https:\/\/speyer24news.com\/index.php?rest_route=%2Fwp%2Fv2%2Ftags&post=15928"}],"curies":[{"name":"wp","href":"https:\/\/api.w.org\/{rel}","templated":true}]}}