{"id":15934,"date":"2019-07-09T09:39:26","date_gmt":"2019-07-09T08:39:26","guid":{"rendered":"https:\/\/speyer24news.com\/?p=15934"},"modified":"2019-07-09T09:40:24","modified_gmt":"2019-07-09T08:40:24","slug":"veranstaltungen-7","status":"publish","type":"post","link":"https:\/\/speyer24news.com\/?p=15934","title":{"rendered":"Veranstaltungen:"},"content":{"rendered":"<style type=\"text\/css\">\r\n\t.ads_top_disp{}\r\n\t.ads_top_corner_disp{ float:left; margin:0px 10px 10px 0px; }\r\n\t.ads_first_p_disp{}\r\n\t.ads_bottom_disp{}\r\n\t<\/style>\n<p><em>Foto: astrosystem\/Fotolia <\/em><\/p>\n\n\n\n<h1 class=\"wp-block-heading\">Die Sch\u00f6ne und das Biest<\/h1>\n\n\n\n<h2 class=\"wp-block-heading\">Eines der romantischsten Musicals unserer Zeit<\/h2>\n\n\n\n<h3 class=\"wp-block-heading\">von Martin Doepke &#8211; in deutscher Sprache<\/h3>\n\n\n\n<h4 class=\"wp-block-heading\">am 16.01.2020, Donnerstag, 20:00 Uhr im Rosengarten Mannheim<\/h4>\n\n\n\n<div class=\"wp-block-image\"><figure class=\"aligncenter\"><img decoding=\"async\" loading=\"lazy\" width=\"500\" height=\"751\" src=\"https:\/\/speyer24news.com\/wp-content\/uploads\/2019\/07\/01_Die-Schoene-und-das-Biest_Plakatmotiv_Foto_Jef-Kratochvil.jpg\" alt=\"\" class=\"wp-image-15935\" srcset=\"https:\/\/speyer24news.com\/wp-content\/uploads\/2019\/07\/01_Die-Schoene-und-das-Biest_Plakatmotiv_Foto_Jef-Kratochvil.jpg 500w, https:\/\/speyer24news.com\/wp-content\/uploads\/2019\/07\/01_Die-Schoene-und-das-Biest_Plakatmotiv_Foto_Jef-Kratochvil-200x300.jpg 200w\" sizes=\"(max-width: 500px) 100vw, 500px\" \/><\/figure><\/div>\n\n\n\n<p><strong>Mannheim \/ Rosengarten &#8211; <\/strong>Die  Sch\u00f6ne und das Biest &#8211; Als sich am 3. September 1994 im K\u00f6lner  Sartory-Saal der Vorhang hebt f\u00fcr die erste B\u00fchneninszenierung der  ber\u00fchmten franz\u00f6sischen Novelle \u201eLa Belle et la B\u00eate\u201c erlebt ein  staunendes deutschsprachiges Publikum die Welturauff\u00fchrung eines der  romantischsten Musicals aller Zeiten.<\/p>\n\n\n\n<p>Seit damals fiebern Millionen mit der mutigen, jungen Bella mit, lachen  \u00fcber die Einf\u00e4ltigkeit einer b\u00e4uerlichen Dorfgemeinschaft und f\u00fcrchten  und bemitleiden gleicherma\u00dfen das schreckliche Biest, das erst durch die  Liebe der beherzten Maid zu einem sch\u00f6nen Prinzen wird. Mit der hoch  gelobten Musik des Komponisten Martin Doepke erweist sich die  deutschsprachige B\u00fchnenversion der ber\u00fchrenden Liebesgeschichte als  Riesenerfolg, der europ\u00e4ische M\u00e4rchentradition mit Sachkenntnis  aufgreift und die bewegende Botschaft der Erz\u00e4hlung behutsam auf die  Musicalb\u00fchne transportiert.<\/p>\n\n\n\n<p>P\u00fcnktlich zu Weihnachten 2019 kehrt die  emotionale Geschichte in seiner gefeierten Original-Version mit  Live-Band und in neuer Besetzung zu einer ausgedehnten Tournee durch 30  St\u00e4dte auf die Theaterb\u00fchnen Deutschlands, \u00d6sterreichs und der Schweiz  zur\u00fcck.<\/p>\n\n\n\n<div class=\"wp-block-image\"><figure class=\"aligncenter\"><img decoding=\"async\" loading=\"lazy\" width=\"800\" height=\"532\" src=\"https:\/\/speyer24news.com\/wp-content\/uploads\/2019\/07\/06_Die-Schoene-und-das-Biest_Foto_Jef-Kratochvil.jpg\" alt=\"\" class=\"wp-image-15936\" srcset=\"https:\/\/speyer24news.com\/wp-content\/uploads\/2019\/07\/06_Die-Schoene-und-das-Biest_Foto_Jef-Kratochvil.jpg 800w, https:\/\/speyer24news.com\/wp-content\/uploads\/2019\/07\/06_Die-Schoene-und-das-Biest_Foto_Jef-Kratochvil-300x200.jpg 300w, https:\/\/speyer24news.com\/wp-content\/uploads\/2019\/07\/06_Die-Schoene-und-das-Biest_Foto_Jef-Kratochvil-768x511.jpg 768w\" sizes=\"(max-width: 800px) 100vw, 800px\" \/><\/figure><\/div>\n\n\n\n<p>Erst 1997 drei Jahre nach dem deutschen Original hat die  Disney-Interpretation dieser Geschichte um die eine Liebe, die Berge  versetzen und alles B\u00f6se und H\u00e4ssliche besiegen kann, ihre  Deutschlandpremiere und danach noch viele weitere Kino- und  Theaterversionen. \u201eThe Beauty and the Beast\u201c &#8211; die letzte Verfilmung im  Fr\u00fchjahr 2017 stieg weltweit auf Platz 1 der Kinocharts ein und wurde  mit \u00fcber 1,3 Milliarden eingespielten US-Dollar direkt der  erfolgreichste Film des Jahres.<\/p>\n\n\n\n<p>\u201eDie Sch\u00f6ne und das Biest\u201c \u2013 ist eine \nzeitlos sch\u00f6ne Fabel \u00fcber die Kraft der Liebe. Es ist die Geschichte der\n sch\u00f6nen Bella, die sich aus Zuneigung zu ihrem Vater in ein \nverwunschenes Schloss begibt. Dieses geh\u00f6rt dem schrecklichen Biest, \neinem Prinzen, der wegen seiner Selbstsucht verzaubert wurde und nur \ndurch wahre Liebe von seinem Schicksal erl\u00f6st werden kann. W\u00e4hrend sich \nBella trotz ihrer Angst zun\u00e4chst mit den ebenso verwunschenen \nSchlossbewohnern anfreundet und dem Biest langsam n\u00e4herkommt, erliegt \nauch der Zuschauer nach und nach seinem wilden Charme. Denn hinter dem \ngrausigen \u00c4u\u00dferen verbirgt sich ein wahrlich gutes Herz. Das erkennt \nauch Bella in einem spannenden Finale, in dem sie dem Biest schlie\u00dflich \nihre Liebe gesteht und es so von seinem Fluch befreit.<\/p>\n\n\n\n<p>\u201eDie Sch\u00f6ne und das Biest \u2013 Das Musical\u201c\n ist eine Mischung aus Romantik und Dramatik, aus einer d\u00fcsteren \nAtmosph\u00e4re und der absoluten Lebensfreude. Die Zuschauer d\u00fcrfen sich auf\n einen Mix aus gef\u00fchlvollen Balladen und rockigen Songs in deutscher \nSprache sowie auf einzigartige B\u00fchnenbilder und eine spektakul\u00e4re \nLichtshow freuen.<\/p>\n\n\n\n<p><em>Musik von Martin Doepke<br>Gesangstexte von Elke Schlimbach &amp; Grant Stevens<br>Dialoge von Christian Bienek<br>Idee und Konzept von Hans Holzbecher &amp; Andrea Friedrichs<\/em><\/p>\n\n\n\n<p>Eintrittskarten bekommen sie <a href=\"https:\/\/www.eventim.de\/event\/die-schoene-und-das-biest-eines-der-romantischsten-musicals-unserer-zeit-congress-center-rosengarten-mannheim-11315748\/?affiliate=SEM&amp;referer_info=semmel_de\">hier<\/a><\/p>\n\n\n\n<div class=\"wp-block-image\"><figure class=\"aligncenter\"><img decoding=\"async\" loading=\"lazy\" width=\"330\" height=\"132\" src=\"https:\/\/speyer24news.com\/wp-content\/uploads\/2019\/07\/Semmel-Concerts.png\" alt=\"\" class=\"wp-image-15925\" srcset=\"https:\/\/speyer24news.com\/wp-content\/uploads\/2019\/07\/Semmel-Concerts.png 330w, https:\/\/speyer24news.com\/wp-content\/uploads\/2019\/07\/Semmel-Concerts-300x120.png 300w\" sizes=\"(max-width: 330px) 100vw, 330px\" \/><\/figure><\/div>\n\n\n\n<p><em>Text: Semmel Concerts Entertainment GmbH Foto: Jef Kratochvil<br>09.07.2019<\/em><\/p>\n","protected":false},"excerpt":{"rendered":"<div class=\"mh-excerpt\"><p>Foto: astrosystem\/Fotolia Die Sch\u00f6ne und das Biest Eines der romantischsten Musicals unserer Zeit von Martin Doepke &#8211; in deutscher Sprache am 16.01.2020, Donnerstag, 20:00 Uhr im Rosengarten Mannheim Mannheim \/ Rosengarten &#8211; Die Sch\u00f6ne und <a class=\"mh-excerpt-more\" href=\"https:\/\/speyer24news.com\/?p=15934\" title=\"Veranstaltungen:\">[&#8230;]<\/a><\/p>\n<\/div>","protected":false},"author":3,"featured_media":0,"comment_status":"open","ping_status":"open","sticky":false,"template":"","format":"standard","meta":{"_monsterinsights_skip_tracking":false,"_monsterinsights_sitenote_active":false,"_monsterinsights_sitenote_note":"","_monsterinsights_sitenote_category":0,"footnotes":""},"categories":[13],"tags":[2083,56,2084,2085,1945],"aioseo_notices":[],"amp_enabled":true,"_links":{"self":[{"href":"https:\/\/speyer24news.com\/index.php?rest_route=\/wp\/v2\/posts\/15934"}],"collection":[{"href":"https:\/\/speyer24news.com\/index.php?rest_route=\/wp\/v2\/posts"}],"about":[{"href":"https:\/\/speyer24news.com\/index.php?rest_route=\/wp\/v2\/types\/post"}],"author":[{"embeddable":true,"href":"https:\/\/speyer24news.com\/index.php?rest_route=\/wp\/v2\/users\/3"}],"replies":[{"embeddable":true,"href":"https:\/\/speyer24news.com\/index.php?rest_route=%2Fwp%2Fv2%2Fcomments&post=15934"}],"version-history":[{"count":2,"href":"https:\/\/speyer24news.com\/index.php?rest_route=\/wp\/v2\/posts\/15934\/revisions"}],"predecessor-version":[{"id":15938,"href":"https:\/\/speyer24news.com\/index.php?rest_route=\/wp\/v2\/posts\/15934\/revisions\/15938"}],"wp:attachment":[{"href":"https:\/\/speyer24news.com\/index.php?rest_route=%2Fwp%2Fv2%2Fmedia&parent=15934"}],"wp:term":[{"taxonomy":"category","embeddable":true,"href":"https:\/\/speyer24news.com\/index.php?rest_route=%2Fwp%2Fv2%2Fcategories&post=15934"},{"taxonomy":"post_tag","embeddable":true,"href":"https:\/\/speyer24news.com\/index.php?rest_route=%2Fwp%2Fv2%2Ftags&post=15934"}],"curies":[{"name":"wp","href":"https:\/\/api.w.org\/{rel}","templated":true}]}}