{"id":15948,"date":"2019-07-09T11:39:09","date_gmt":"2019-07-09T10:39:09","guid":{"rendered":"https:\/\/speyer24news.com\/?p=15948"},"modified":"2019-07-09T11:51:50","modified_gmt":"2019-07-09T10:51:50","slug":"polizei-10","status":"publish","type":"post","link":"https:\/\/speyer24news.com\/?p=15948","title":{"rendered":"Polizei:"},"content":{"rendered":"<style type=\"text\/css\">\r\n\t.ads_top_disp{}\r\n\t.ads_top_corner_disp{ float:left; margin:0px 10px 10px 0px; }\r\n\t.ads_first_p_disp{}\r\n\t.ads_bottom_disp{}\r\n\t<\/style>\n<h2 class=\"wp-block-heading\">Polizeimeldungen vom Dienstag (09.07.2019)<\/h2>\n\n\n\n<div class=\"wp-block-image\"><figure class=\"aligncenter\"><img decoding=\"async\" src=\"https:\/\/speyer24news.com\/wp-content\/uploads\/2019\/06\/Aktuelles-Polizeilogo-3.jpg\" alt=\"\" class=\"wp-image-15371\"\/><\/figure><\/div>\n\n\n\n<h4 class=\"wp-block-heading\">(Speyer) &#8211; Trunkenheitsfahrt mit Pkw<\/h4>\n\n\n\n<p>Am  09.07.2019 gegen 01:43 Uhr wurde ein 33j\u00e4hriger Pkw-Fahrer in der  M\u00fchlturmstra\u00dfe einer Verkehrskontrolle unterzogen. Bei dem  Fahrzeugf\u00fchrer konnten w\u00e4hrend der Kontrolle Atemalkoholgeruch  wahrgenommen werden. Ein freiwillig durchgef\u00fchrter Atemalkoholtest ergab  einen Wert von 1,08 Promille. Das Fahrzeug wurde deshalb vor Ort  verschlossen abgestellt. Ein auf der Dienststelle durchgef\u00fchrter  Evidential-Test best\u00e4tigte das Ergebnis des Atemalkoholtests. Gegen den  Fahrer wurde deshalb ein Ordnungswidrigkeitenverfahren nach \u00a7 24 a StVG  eingeleitet. Sein Fahrzeugschl\u00fcssel und der F\u00fchrerschein wurden  pr\u00e4ventiv sichergestellt. <\/p>\n\n\n\n<h4 class=\"wp-block-heading\">(Speyer) &#8211; Mit Krankenfahrstuhl auf der B39 unterwegs<\/h4>\n\n\n\n<p>Ein\n Verkehrsteilnehmers informierte die Polizei am Montag gegen 13:45 Uhr \n\u00fcber eine mit einem Krankenfahrstuhl auf der B39 in Richtung \nSalierbr\u00fccke fahrende Frau. Diese konnte dann durch eine Streife wie \nbeschrieben auf der B39 fahrend festgestellt werden. Die 68j\u00e4hrige Frau \naus Dudenhofen bedauerte gegen\u00fcber der Polizei ihr Verhalten und gab an,\n sich verfahren zu haben. Sie wurde durch die Streife begleitet und \nsicher von der B39 verbracht. <\/p>\n\n\n\n<h4 class=\"wp-block-heading\">(Speyer) &#8211; Versto\u00df gg. Bet\u00e4ubungsmittel- und Waffengesetz<\/h4>\n\n\n\n<p>Eine  49J\u00e4hriger aus Speyer geriet am Montagmorgen mit seinem 16j\u00e4hriger Sohn an gemeinsamen  Wohnanschrift in Streit, weil er in dessen Bauchtasche ein Messer und  Bargeld auffand. Da der Streit zu eskalieren drohte, verst\u00e4ndigte er die  Polizei. Bei deren Eintreffen hatte der 16J\u00e4hrige die Wohnung bereits  verlassen. Er konnte im Rahmen der Nahbereichsfahndung in der Burgstra\u00dfe  angetroffen und einer Personenkontrolle unterzogen werden.  Bei seiner  Durchsuchung konnte neben dem in der Umh\u00e4ngetasche befindlichen  Einhandmesser vier T\u00fctchen mit Cannabis, eine Feinwaage und ein geringer  Bargeldbetrag aufgefunden werden. Diese Gegenst\u00e4nde sowie das  Mobiltelefon des Beschuldigten wurden sichergestellt. Der Jugendliche  wurde bei der Polizei Speyer erkennungsdienstlich behandelt. Eine  anschlie\u00dfende Durchsuchung seines Zimmers nach weiterem Bet\u00e4ubungsmittel  mit Einwilligung seines Vaters verlief ohne Erfolg. Den Jugendlichen  erwartet nun ein Strafverfahren wegen des Versto\u00dfes gegen das  Bet\u00e4ubungsmittel- und das Waffengesetzt. <\/p>\n\n\n\n<h4 class=\"wp-block-heading\">(Speyer) &#8211; Einbruch\/Metalldiebstahl Firma Isover<\/h4>\n\n\n\n<p>Unbekannte\n T\u00e4ter entwenden im Zeitraum 01.07.2019 &#8211; 04.07.2019 aus einer \nLagerhalle auf dem Betriebsgel\u00e4nde der Firma Isover in der \nIndustriestra\u00dfe eine Palette Stahlgitter, drei leere Gitterboxen, drei \nBartelsk\u00fcbel und drei Gitterboxen gef\u00fcllt mit sogenanntem \n&#8222;Schr\u00f6der-Schrott&#8220; zu je einer Tonne. Hierzu wurde ein B\u00fcgelschloss am \nHaupttor und ein weiteres B\u00fcgelschloss im Inneren der Halle \naufgebrochen. Nach Art und Umfang des Diebesgutes ist davon auszugehen, \ndass die T\u00e4ter zum Verladen einen Gabelstapler und zum Abtransport einen\n Lkw benutzt haben. Der Gesamtschaden liegt nach Auskunft der Firma \nIsover in mittlerem 4stelligem Bereich.  Derzeit gibt es keine \nT\u00e4terhinweise. Zeugenhinweise nimmt die Polizei unter Tel.-Nr. \n06232-1370 oder per Mail an <a href=\"mailto:pispeyer@polizei.rlp.de\">pispeyer@polizei.rlp.de<\/a> entgegen. <\/p>\n\n\n\n<h4 class=\"wp-block-heading\">(Neuhofen) &#8211; Radfahrer schl\u00e4gt aus Reflex Au\u00dfenspiegel kaputt<\/h4>\n\n\n\n<p>Am Montagnachmittag gegen 14:40 Uhr ereignete sich ein ungew\u00f6hnlicher  Unfall in der Rehbachstra\u00dfe. Ein 56-j\u00e4hriger Radfahrer fuhr in Richtung  Woogstra\u00dfe und passierte dabei zwei am Fahrbahnrand geparkte Fahrzeuge.  An dieser Stelle ist er von einem Pkw \u00fcberholt worden. Dadurch sei der  Radfahrer erschrocken und habe aus Reflex mit der linken Hand nach links  geschlagen. Dabei traf er offenbar den rechten Au\u00dfenspiegel des Pkw,  welcher dadurch zu Bruch ging. Der Radfahrer selbst erlitt eine leichte  R\u00f6tung am Unterarm. Die Polizei gew\u00e4hrleistete vor Ort den  Personalienaustausch der beiden Unfallparteien. <\/p>\n\n\n\n<h4 class=\"wp-block-heading\">(Gommersheim) &#8211; Versuchter Einbruch in Kindergarten<\/h4>\n\n\n\n<p>In der Zeit von vergangenen Donnerstag bis Montag (04.07. &#8211; 08.07.2019)  haben Unbekannte versucht, in die protestantische Kindertagesst\u00e4tte  &#8222;Sternschnuppe&#8220; einzubrechen. Mit einem unbekannten Hebelwerkzeug wurde  an einer Au\u00dfent\u00fcr angesetzt, wobei diese allerdings nicht ge\u00f6ffnet  werden konnte. Hinweise zu den T\u00e4tern nimmt die Polizei in Edenkoben  unter Tel 06323 9550 entgegen. <\/p>\n\n\n\n<h4 class=\"wp-block-heading\">(Germersheim) &#8211; Verkehrsunfall mit Personenschaden<\/h4>\n\n\n\n<p>Sch\u00fcrfwunden und Prellungen sind das Ergebnis eines Verkehrsunfalles  zwischen einer Radfahrerin und einem Pkw. Demnach habe die Radfahrerin  am Montag, den 08.07.2019, gegen 17:10 Uhr  die K\u00f6nigstra\u00dfe in  Germersheim befahren, als eine Pkw-Fahrerin, welche am Stra\u00dfenrand  parkte, unvermittelt die Fahrzeugt\u00fcr \u00f6ffnete und es zum Zusammensto\u00df  kam. Nachdem sich beide Verkehrsteilnehmerinnen verst\u00e4ndigt hatten  verabschiedeten sie sich, ohne die Polizei zu verst\u00e4ndigen oder ihre  vollst\u00e4ndigen Personalien ausgetauscht zu haben. Die Polizei bittet  deshalb um Meldung der Pkw-Fahrerin. <\/p>\n\n\n\n<ul><li>Es soll sich um ein schwarzes  VW-Beetle Cabrio gehandelt haben. <\/li><li>Die Fahrerin w\u00e4re etwa zwischen 45 und 50 Jahren alt und hatte schwarze Haare. <\/li><\/ul>\n\n\n\n<p>Sollte sich jemand wieder erkennen bittet die Polizei Germersheim um Meldung unter der 07274\/958-0  oder <a href=\"mailto:pigermersheim.presse@polizei.rlp.de\">pigermersheim.presse@polizei.rlp.de<\/a> entgegen. <\/p>\n\n\n\n<h4 class=\"wp-block-heading\">(Jockgrim) &#8211; 23-J\u00e4hriger bei Alleinunfall schwer verletzt<\/h4>\n\n\n\n<p>Am  Montag, dem 08.07.2019, um 17.20 Uhr, befuhr ein 23-j\u00e4hriger  Autofahrer die linke Fahrspur der B 9 in Fahrtrichtung Germersheim. Etwa  300 Meter nach der Anschlussstelle Jockgrim kam er nach links von der  Fahrbahn ab und streifte leicht die Mittelschutzplanke. Er f\u00fchrte eine  Gegenlenkung durch und fuhr \u00fcber den rechten Fahrstreifen und die  Bankette in den bewachsenen Stra\u00dfengraben, wo das Auto zum Stillstand  kam. Der 23-J\u00e4hrige wurde durch den Aufprall schwer verletzt und in ein  Krankenhaus eingeliefert. An seinem Fahrzeug entstand wirtschaftlicher  Totalschaden in H\u00f6he von etwa 7000 Euro. <\/p>\n\n\n\n<h4 class=\"wp-block-heading\">(Kandel) &#8211; Sachbesch\u00e4digung durch Feuer<\/h4>\n\n\n\n<p>Unbekannte setzten am Dienstag, dem 09.07.2019, um 01.30 Uhr, am  Dierbachweg hinter dem Hotel Riesen eine Sitzbank in Brand. Die  Feuerwehr Kandel war mit vier Fahrzeugen und 21 Mann vor Ort und konnten  den Brand schnell l\u00f6schen. Etwa ein Drittel der Bank war noch \u00fcbrig,  der Rest war verbannt, oder geschmolzen. T\u00e4terhinweise liegen nicht vor.  <\/p>\n\n\n\n<h4 class=\"wp-block-heading\">(W\u00f6rth am Rhein) &#8211; Frau bei Verkehrsunfall eingeklemmt und schwer verletzt<\/h4>\n\n\n\n<p>Am Montag, dem 08.07.2019, um 08.20 Uhr, befuhr eine 49-j\u00e4hrige  Autofahrerin von der B 9 &#8211; Anschlussstelle Jockgrim kommend die  Kreisstra\u00dfe 25 in Fahrtrichtung Jockgrim, um nach links in Richtung  W\u00f6rth in die Landstra\u00dfe 540 abzubiegen. Hierbei missachtete sie aus  bislang ungekl\u00e4rter Ursache die Vorfahrt eines 58-j\u00e4hrigen Mannes, der  mit seinem Kleintransporter aus Richtung W\u00f6rth gefahren kam. Im  Einm\u00fcndungsbereich kam es zum Zusammensto\u00df der beiden Fahrzeuge, bei dem  die Autofahrerin in ihrem Fahrzeug eingeklemmt wurde und von der  Feuerwehr Jockgrim aus ihrer misslichen Lage gerettet werden musste. Sie  wurde mit schweren Verletzungen in ein Krankenhaus eingeliefert. An  beiden Fahrzeugen war wirtschaftlicher Totalschaden entstanden, der auf  etwa 26000 Euro gesch\u00e4tzt wird. Die Unfallstelle wurde durch die  Stra\u00dfenmeisterei Kandel abgesichert. <\/p>\n\n\n\n<h4 class=\"wp-block-heading\">(Neuburg am Rhein) &#8211; Versuchter Automatenaufbruch am Epple-See<\/h4>\n\n\n\n<p>Unbekannte versuchten in der Nacht von Sonntag, dem 07.07.2019, auf  Montag, den 08.07.2019, den Parkscheinautomaten am Epple-See  aufzuhebeln. Der Automat wurde dadurch stark besch\u00e4digt, an den  M\u00fcnzgeldbeh\u00e4lter gelangten der, oder die T\u00e4ter nicht. <\/p>\n\n\n\n<h4 class=\"wp-block-heading\">(Godramstein) &#8211; Tageswohnungseinbruch<\/h4>\n\n\n\n<p>Bisher\n unbekannte T\u00e4ter brachen bereits am Samstag, den 06.07.2019 in der Zeit\n von 10.00-11.00 Uhr in ein Einfamilienhaus in der \nHermann-J\u00fcrgens-Stra\u00dfe in Godramstein ein. Vermutlich bemerkte der \nT\u00e4ter, dass sich in einer weiteren Wohnung im Haus noch Personen \naufhielten und verlie\u00dfen das Haus durch die Hauseingangst\u00fcr. Entwendet \nwurde zielgerichtet nur der Schmuck. <\/p>\n\n\n\n<p>Nachbarn hatten kurz davor \nBesuch einer Person, die anbot Messer und Scheren schleifen zu wollen. \nOb ein Zusammenhang besteht, kann jedoch nicht mit Sicherheit gesagt \nwerden. Die genannte Person k\u00f6nnte jedoch auch ein wichtiger Zeuge sein.\n <\/p>\n\n\n\n<p>Zeugen werden gebeten sich mit der Kriminalinspektion Landau unter Telefon: 06341-287-0 in Verbindung zu setzen. <\/p>\n\n\n\n<h4 class=\"wp-block-heading\">(Landau \/ B 10) &#8211; \u00dcberwachung Nachtfahrverbot<\/h4>\n\n\n\n<p>Am fr\u00fchen Dienstagmorgen zwischen 02.40 Uhr und 4 Uhr wurden drei Sattelz\u00fcge  kontrolliert, die die B10 befuhren. Zwei Fahrer konnten keine  Ausnahmegenehmigung vorzeigen, weshalb sie wenden mussten. Zudem m\u00fcssen  sie ein Bu\u00dfgeld von 75 Euro bezahlen. <\/p>\n\n\n\n<h4 class=\"wp-block-heading\">(Edenkoben) &#8211; Ruhest\u00f6rung durch Liebespaar<\/h4>\n\n\n\n<p>Lauter als erlaubt, verhielt sich am Montagabend kurz nach 22 Uhr ein  Liebespaar bei offenem Fenster in Edenkoben, weshalb eine 51-j\u00e4hrige  Nachbarin die Polizei verst\u00e4ndigte und sich \u00fcber die L\u00e4rmbel\u00e4stigung  beschwerte. Die Streife suchte das Paar auf und stellte die Nachtruhe  her. Das Ordnungsamt der VG Edenkoben wurde in Kenntnis gesetzt. <\/p>\n\n\n\n<h4 class=\"wp-block-heading\">(Lambrecht &amp; Neustadt) &#8211; Bekifften Kumpel bekifft bei der Polizei abgeholt<\/h4>\n\n\n\n<p>Dass die Polizeibeamtinnen und -beamten der PI Neustadt geschult im  Erkennen von drogenbeeinflussten Fahrzeugf\u00fchrern sind h\u00e4tte ein  15-j\u00e4hriger Rollerfahrer wissen m\u00fcssen, als er am 08.07.19 gegen 17:30  Uhr seinen 23-j\u00e4hrigen Kumpel bei der Polizeiinspektion abholen wollte.  Denn dieser war eine dreiviertel Stunde zuvor, unter THC-Einfluss  stehend und ohne Fahrerlaubnis, als Rollerfahrer in Lambrecht  aufgefallen und zur Entnahme einer Blutprobe zur Wache mitgenommen  worden. Als der 15-j\u00e4hrige mit seinem Gef\u00e4hrt bei der PI Neustadt  vorfuhr, ergab sich auch bei ihm der Verdacht, dass er unter  Marihuanaeinfluss  steht, zumal er gelegentlichen Konsum dieses  Rauschmittels einr\u00e4umte. So wurde auch bei ihm eine Blutprobe entnommen.  Die Eltern des 15-J\u00e4hrigen k\u00fcmmerten sich letzten Endes um beide und um  deren Kleinkraftr\u00e4der. <\/p>\n\n\n\n<h4 class=\"wp-block-heading\">(Neustadt) &#8211; Gemeinsame Kontrollen von Polizei und Zoll<\/h4>\n\n\n\n<div class=\"wp-block-image\"><figure class=\"aligncenter\"><img decoding=\"async\" loading=\"lazy\" width=\"800\" height=\"567\" src=\"https:\/\/speyer24news.com\/wp-content\/uploads\/2019\/07\/29.06.19-Sinsheim-Drogenkontrolle-1.jpg\" alt=\"\" class=\"wp-image-15953\" srcset=\"https:\/\/speyer24news.com\/wp-content\/uploads\/2019\/07\/29.06.19-Sinsheim-Drogenkontrolle-1.jpg 800w, https:\/\/speyer24news.com\/wp-content\/uploads\/2019\/07\/29.06.19-Sinsheim-Drogenkontrolle-1-300x213.jpg 300w, https:\/\/speyer24news.com\/wp-content\/uploads\/2019\/07\/29.06.19-Sinsheim-Drogenkontrolle-1-768x544.jpg 768w\" sizes=\"(max-width: 800px) 100vw, 800px\" \/><figcaption>Drogensp\u00fcrhund &#8222;Ike&#8220; bei der Arbeit, hier: Einsatz in Sinsheim<\/figcaption><\/figure><\/div>\n\n\n\n<p>Am Montag, den 08.07.2019, zwischen 17 Uhr und 23 Uhr, wurde eine  gemeinsame Kontrolle der Autobahnpolizei Ruchheim und Mitarbeitern des  Hauptzollamts Karlsruhe auf der BAB61 zwischen Worms und Speyer  durchgef\u00fchrt. Von der guten Zusammenarbeit konnten alle Beteiligte nur  profitieren. Es wurden insgesamt 57 Personen und 21 Fahrzeuge  kontrolliert. Die Bilanz ergab neben einigen Ordnungswidrigkeiten unter  anderem einen Versto\u00df gegen das Pflichtversicherungsgesetz, eine  Trunkenheitsfahrt, zwei Anzeigen wegen nicht gezahlter  Kraftfahrzeugsteuer, sowie vier Anzeigen wegen Versto\u00df gegen das  Bet\u00e4ubungsmittelgesetz. Hierbei kam Rauschgiftsp\u00fcrhund &#8222;Ike&#8220; voll auf  seine Kosten. Insgesamt wurden knapp 40g Marihuana und 1g Haschisch  sichergestellt. Aufgrund dessen wurden Sicherheitsleistungen in H\u00f6he von  2850EUR erhoben. <\/p>\n\n\n\n<h4 class=\"wp-block-heading\">(Neustadt) &#8211; Vermutlich mit Motorrad in Weinberg gekracht und gefl\u00fcchtet<\/h4>\n\n\n\n<div class=\"wp-block-image\"><figure class=\"aligncenter\"><img decoding=\"async\" loading=\"lazy\" width=\"500\" height=\"709\" src=\"https:\/\/speyer24news.com\/wp-content\/uploads\/2019\/07\/07.07.19-NW-Wingert.jpg\" alt=\"\" class=\"wp-image-15949\" srcset=\"https:\/\/speyer24news.com\/wp-content\/uploads\/2019\/07\/07.07.19-NW-Wingert.jpg 500w, https:\/\/speyer24news.com\/wp-content\/uploads\/2019\/07\/07.07.19-NW-Wingert-212x300.jpg 212w\" sizes=\"(max-width: 500px) 100vw, 500px\" \/><figcaption>Pressemeldung der PI Neustadt<\/figcaption><\/figure><\/div>\n\n\n\n<p>Zu einem nicht n\u00e4her bekannten Zeitpunkt am vergangenen Wochenende kam  ein Fahrzeugf\u00fchrer, von Hambach nach Diedesfeld fahrend, in einer  leichten Rechtskurve nach links von der Fahrbahn der L512 ab und  besch\u00e4digte einen Weinberg. Die Spurenlage deutet darauf hin, dass es  sich bei dem Verursacher um einen Zweiradfahrer gehandelt haben d\u00fcrfte,  der offensichtlich viel zu schnell unterwegs war. Der Schaden am  Weinberg bewegt sich im niedrigen dreistelligen Bereich. Derzeit gibt es  keine Hinweise auf den Verursacher. Es ist jedoch davon auszugehen,  dass das Fahrzeug geborgen werden musste. Vielleicht gibt es Zeugen, die  zwar nicht den Unfall, jedoch die Bergeaktion beobachtet haben.  Hinweise erbittet die Polizeiinspektion Neustadt unter 06321 854-0. <\/p>\n\n\n\n<h4 class=\"wp-block-heading\">(He\u00dfheim) &#8211; Sachbesch\u00e4digung an Pkw<\/h4>\n\n\n\n<p>Am 08.07.2019, gegen 23.00 Uhr, meldet die Gesch\u00e4digte, dass ihr Pkw  Mercedes-Benz C200, welcher in der Adolph-Kolping-Stra\u00dfe, H\u00f6he  Hausnummer 15, abgestellt ist, durch einen bislang unbekannten T\u00e4ter  besch\u00e4digt wurde. Vor Ort kann durch die eingesetzten Beamten  festgestellt werden, dass die Vorderreifen plattgestochen wurden. Der  Schaden wird auf etwa 200 Euro gesch\u00e4tzt. <\/p>\n\n\n\n<p>Wer sachdienliche  Hinweise zu dem genannten Fall geben kann, wird gebeten sich mit der  Polizeiinspektion Frankenthal unter der Rufnummer 06233\/313-0 oder der  Polizeiwache Maxdorf unter der Rufnummer 06237\/934-1100 in Verbindung zu  setzen. Hinweise k\u00f6nnen auch per E-Mail unter <a href=\"mailto:pifrankenthal@polizei.rlp.de\">pifrankenthal@polizei.rlp.de<\/a> an die Polizei \u00fcbermittelt werden. <\/p>\n\n\n\n<h4 class=\"wp-block-heading\">(Frankenthal) &#8211; Verkehrsunfall mit leichtverletztem Motorradfahrer<\/h4>\n\n\n\n<p>Am 08.07.2019, gegen 15.00 Uhr, bef\u00e4hrt ein 48-j\u00e4hriger Mann aus  Beindersheim mit seinem Pkw Audi A6 die Beindersheimer Stra\u00dfe in  Richtung Beindersheim. Auf H\u00f6he der Hausnummer 57 will er nach links auf  ein Grundst\u00fcck abbiegen. Zu diesem Zweck h\u00e4lt er an und setzt den  Blinker. Da er noch Gegenverkehr durchlassen muss, muss er warten. Ein  dahinter befindlicher 60-j\u00e4hrigen Mann aus Beindersheim will ihn mit  seinem Motorrad noch \u00fcberholen, in diesem Moment biegt der Pkw-Fahrer  jedoch ab und es kommt zum Zusammensto\u00df. Hierbei wird der Motorradfahrer  leicht verletzt und durch den eingesetzten Rettungsdienst zur Kontrolle  in ein Krankenhaus verbracht. Beide Fahrzeuge sind nicht mehr  fahrbereit und m\u00fcssen abgeschleppt werden. Der Sachschaden wird auf etwa  16.500 Euro gesch\u00e4tzt. <\/p>\n\n\n\n<p>Wer sachdienliche Hinweise zu dem  genannten Fall geben kann, wird gebeten sich mit der Polizeiinspektion  Frankenthal unter der Rufnummer 06233\/313-0 oder der Polizeiwache  Maxdorf unter der Rufnummer 06237\/934-1100 in Verbindung zu setzen.  Hinweise k\u00f6nnen auch per E-Mail unter <a href=\"mailto:pifrankenthal@polizei.rlp.de\">pifrankenthal@polizei.rlp.de<\/a> an die Polizei \u00fcbermittelt werden. <\/p>\n\n\n\n<h4 class=\"wp-block-heading\">(Ludwigshafen) &#8211; Unfall mit Kraftradfahrer \/ Zeugen gesucht<\/h4>\n\n\n\n<p>Am 08.07.2019, gegen 17:50, fuhr eine 50-J\u00e4hrige mit ihrem Auto auf der  A 650 in Richtung Mannheim auf dem mittleren Fahrstreifen. Unmittelbar  vor der Pylonbr\u00fccke fuhr sie auf die Sperrfl\u00e4che zwischen der Aufteilung  B 37 \/ B 44 und hielt dort an. Zwei hinter ihr fahrende unbekannte  Autofahrer reduzierten deshalb ihre Geschwindigkeit. Ein 33-J\u00e4hriger,  der als dritter hinter der 50-J\u00e4hrigen mit seinem Kleinkraftrad fuhr,  bremste ebenfalls stark ab, geriet ins Schleudern, st\u00fcrzte und rutschte  gegen das Auto eines 20-J\u00e4hrigen. Der 33-J\u00e4hrige wurde verletzt und kam  ins Krankenhaus Das Kleinkraftrad war nicht mehr fahrbereit. Das Auto  des 33-J\u00e4hrigen wurde leicht besch\u00e4digt. Der Gesamtschaden bel\u00e4uft sich  auf etwa 4.000 Euro. Die Polizei sucht nun Zeugen, insbesondere die  Autofahrer, die hinter der 50-J\u00e4hrigen fuhren. Sie werden gebeten, sich  bei der Polizeiinspektion Ludwigshafen 1 unter der Telefonnummer 0621  963-2122 oder per e-Mail <a href=\"mailto:piludwigshafen1@polizei.rlp.de\">piludwigshafen1@polizei.rlp.de<\/a> zu melden. <\/p>\n\n\n\n<h4 class=\"wp-block-heading\">(Ludwigshafen) &#8211; Unfall mit Kraftradfahrer<\/h4>\n\n\n\n<p>Am 08.07.2019, gegen 16:15 Uhr, fuhr ein 22-J\u00e4hriger mit seinem  Kraftrad auf der Oppauer Stra\u00dfe in Richtung Br\u00fcsseler Ring. Zur gleichen  Zeit fuhr ein 21-J\u00e4hriger mit seinem Auto auf dem Kanaldamm. An der  Kreuzung zur Oppauer Stra\u00dfe wollte der 21-J\u00e4hrige nach links abbiegen  und stie\u00df dabei mit dem 22-J\u00e4hrigen zusammen. Der 22-J\u00e4hrige wurde \u00fcber  den Lenker seines Kraftrades auf die Windschutzscheibe des Autos des  21-J\u00e4hrigen geschleudert und fiel dann auf den Asphalt. Er verletzte  sich und kam ins Krankenhaus. Der Gesamtschaden bel\u00e4uft sich auf etwa  20.000 Euro. <\/p>\n\n\n\n<h4 class=\"wp-block-heading\">(Ludwigshafen) &#8211; Einbruch in Wohnung<\/h4>\n\n\n\n<p>Am 08.07.2019, zwischen 08:30 Uhr und 16:10 Uhr, brachen unbekannte  T\u00e4ter in eine Wohnung in der Benzstra\u00dfe ein. Sie stahlen mehrere tausend  Euro Bargeld sowie einen Laptop. Sachdienliche Hinweise nimmt die  Kriminalpolizei Ludwigshafen unter der Telefonnummer 0621\/963-2773 oder  per Email <a href=\"mailto:kiludwigshafen@polizei.rlp.de\">kiludwigshafen@polizei.rlp.de<\/a> entgegen. <\/p>\n\n\n\n<h4 class=\"wp-block-heading\">(Ludwigshafen) &#8211; Unfall auf der K 6<\/h4>\n\n\n\n<p>Am 08.07.2019, gegen 15:30 Uhr, fuhren ein 59-J\u00e4hriger und ein  82-J\u00e4hriger hintereinander auf der K 6 (Maudacher Stra\u00dfe) in Richtung K  13. Als der 59-J\u00e4hrige an einer roten Ampel anhielt, fuhr der hinter ihm  fahrende 82-J\u00e4hrige auf sein Auto auf. Beide Autofahrer kamen ins  Krankenhaus. <\/p>\n\n\n\n<h4 class=\"wp-block-heading\">(Ludwigshafen) &#8211; Einbruch in Kindertagesst\u00e4tte<\/h4>\n\n\n\n<p>In der Zeit zwischen dem 04.07.2019, gegen 11:00 Uhr und dem  08.07.2019, gegen 09:20 Uhr, brachen unbekannte T\u00e4ter in eine  Kindertagesst\u00e4tte im Wei\u00dfdornhag ein. Ob und was gestohlen wurde, steht  derzeit noch nicht fest. Sachdienliche Hinweise nimmt die  Kriminalpolizei Ludwigshafen unter der Telefonnummer 0621\/963-2773 oder  per Email <a href=\"mailto:kiludwigshafen@polizei.rlp.de\">kiludwigshafen@polizei.rlp.de<\/a> entgegen. <\/p>\n\n\n\n<h4 class=\"wp-block-heading\">(Ludwigshafen) &#8211; M\u00fcnzautomaten von Staubsaugerautomaten aufgebrochen<\/h4>\n\n\n\n<p>In der Zeit zwischen dem 05.07.2019, gegen 17:00 Uhr und dem  08.07.2019, gegen 08:10 Uhr, hebelten unbekannte T\u00e4ter zwei  M\u00fcnzautomaten an den Selbstbedienung Staubsaugerautomaten im  Hedwig-Laudien-Ring auf. Wieviel Geld gestohlen worden ist, ist nicht  bekannt. Sachdienliche Hinweise bitte an die Polizeiwache Oggersheim  unter Tel. 0621 963 &#8211; 2403 oder per Mail <a href=\"mailto:pwoggersheim@polizei.rlp.de\">pwoggersheim@polizei.rlp.de<\/a>. <\/p>\n\n\n\n<h4 class=\"wp-block-heading\">(Ludwigshafen) &#8211; Versuchter Einbruch in IGS Edigheim<\/h4>\n\n\n\n<p>In der Zeit zwischen dem 07.07.2019, gegen 13:30 Uhr und dem  08.07.2019, gegen 07:00 Uhr, versuchten unbekannte T\u00e4ter in mehrere  R\u00e4ume der IGS Edigheim in der M\u00fchlaustra\u00dfe einzubrechen. Es gelang ihnen  jedoch nicht, die jeweiligen T\u00fcren zu \u00f6ffnen. Sachdienliche Hinweise  bitte an die Polizeiinspektion Ludwigshafen 2  unter der Telefonnummer  0621 963-2222 oder per E-Mail <a href=\"mailto:piludwigshafen2@polizei.rlp.de\">piludwigshafen2@polizei.rlp.de<\/a>. <\/p>\n\n\n\n<h4 class=\"wp-block-heading\">(Ludwigshafen) &#8211; Rollator angefahren<\/h4>\n\n\n\n<p>Am 07.07.2019, gegen 12:20 Uhr, parkte ein unbekannter Autofahrer  auf  dem B\u00fcrgersteig in der Kreuzstra\u00dfe. Als der Fahrer zur\u00fcck setzte, um  auszuparken, fuhr er an den hinteren Reifen des Rollators eines  77-J\u00e4hrigen, der gerade dabei war, die Stra\u00dfe zu \u00fcberqueren. Der  Unbekannte hielt daraufhin an und erkundigte sich nach dem Wohlergehen  des 77-J\u00e4hrigen. Da er keinen Stift und Zettel dabei hatte, verschwand  er kurzzeitig und kehrte mit einem beschriebenen Zettel zur\u00fcck, den er  dem 77-J\u00e4hrigen in letzter Sekunde in die Hand dr\u00fcckte, bevor dieser in  den schon eingetroffenen Bus einstieg. Als der 77-J\u00e4hrige im Bus auf den  Zettel schaute, stellte er fest, dass die Angaben auf dem Zettel nicht  vollst\u00e4ndig waren. Nun sucht die Polizei Zeugen sowie den unbekannten Autofahrer.<\/p>\n\n\n\n<p>Der Mann war:<\/p>\n\n\n\n<ul><li>etwa 30-35 Jahre alt und <\/li><li>circa 1,70 m gro\u00df<\/li><li>Er hatte blonde kurze Haare und <\/li><li>eine sportliche kr\u00e4ftige Statur<\/li><li>Bekleidet war er mit einer kurzen hellen Hose sowie einem hellen Achselshirt. <\/li><li>Das Auto war klein und beige. <\/li><\/ul>\n\n\n\n<p>Sachdienliche Hinweise bitte an die  Polizeiinspektion Ludwigshafen 2  unter der Telefonnummer 0621 963-2222  oder per E-Mail <a href=\"mailto:piludwigshafen2@polizei.rlp.de\">piludwigshafen2@polizei.rlp.de<\/a>. <\/p>\n\n\n\n<h4 class=\"wp-block-heading\">(Mannheim-Neckarstadt) &#8211; Nach M\u00fcllschachtbrand, Kriminalpolizei nimmt Ermittlungsarbeit auf<\/h4>\n\n\n\n<p>Nach dem Brand eines Entsorgungsschachts in einem der Hochh\u00e4user der  Neckaruferbebauung-Nord haben die Brandermittler des Polizeipr\u00e4sidiums  Mannheim ihre Arbeit aufgenommen. <\/p>\n\n\n\n<p>Derzeit befinden sich neben \nBeamten des Kriminalkommissariats Mannheim auch Brandermittler des \nDezernats Kriminaltechnik der Kriminalpolizeidirektion Heidelberg sowie \nein Brandexpertenteam des Landeskriminalamts in Stuttgart vor Ort und \nverschaffen sich einen ersten \u00dcberblick. <\/p>\n\n\n\n<p>Dar\u00fcber hinaus steht die\n Polizei mit mehreren Ansprechpartnern an dem in der Carl-Benz-Schule \neingerichteten Info-Punkt den Fragen Interessierter und Betroffener Rede\n und Antwort. Der Info-Punkt wird in Kooperation mit der Feuerwehr und \nder Stadt Mannheim betrieben. <\/p>\n\n\n\n<p>Die polizeilichen Ma\u00dfnahmen zur \nSicherung des Eigentums der Bewohner des Hochhauses dauern ebenfalls an \nund werden bis deren R\u00fcckkehr in die Wohnr\u00e4ume fortgesetzt. <\/p>\n\n\n\n<h4 class=\"wp-block-heading\">(Mannheim-Herzogenried) &#8211; 19-j\u00e4hriger Fahrradfahrer bei Verkehrsunfall schwer verletzt<\/h4>\n\n\n\n<p>Bei einem Verkehrsunfall am Montagmittag im Stadtteil Herzogenried  wurde ein 19-j\u00e4hriger Fahrradfahrer schwer verletzt. Der Mann war kurz  vor 13 Uhr mit seinem Fahrrad auf dem Radweg der Herzogenriedstra\u00dfe, von  der Waldhofstra\u00dfe kommend, in Richtung der Stra\u00dfe &#8222;Zum Herrenried&#8220;  unterwegs. In H\u00f6he der Hermmann-Hesse-Stra\u00dfe fuhr er auf die Fahrbahn,  um sie in Richtung Hermann-Hesse-Stra\u00dfe zu \u00fcberqueren. Dabei wurde er  vom Opel einer 62-j\u00e4hrigen Frau erfasst, die in gleicher Richtung fuhr.  Der Radfahrer wurde anschlie\u00dfend auf die Fahrbahn geschleudert und zog  sich schwere Verletzungen zu. Er wurde zur Behandlung in ein Krankenhaus  eingeliefert, wo er station\u00e4r aufgenommen wurde. Es entstand  Sachschaden von rund 2.000 Euro. <\/p>\n\n\n\n<h4 class=\"wp-block-heading\">(Heidelberg) &#8211; Unfall zwischen zwei Radfahrern 58-J\u00e4hriger leicht verletzt<\/h4>\n\n\n\n<p>Bei einem Unfall am Montag kurz nach 14 Uhr an der Einm\u00fcndung  Henkel-Teroson-Stra\u00dfe\/Diebsweg wurde ein 57-j\u00e4hriger Radfahrer leicht  verletzt. Beim \u00dcberholen des 57-J\u00e4hrigen hielt ein 35-j\u00e4hriger Radfahrer  einen zu geringen Seitenabstand und streifte den 57-J\u00e4hrigen wodurch  dieser zu Boden st\u00fcrzte. An dem Fahrrad entstand geringer Sachschaden. <\/p>\n\n\n\n<h4 class=\"wp-block-heading\">(Heidelberg-Weststadt) &#8211; Fahrradfahrerin bei Verkehrsunfall verletzt<\/h4>\n\n\n\n<p>Am Montagmittag kam es in der Heidelberger Weststadt zu einem  Verkehrsunfall, bei dem eine 49-j\u00e4hrige Fahrradfahrerin verletzt wurde.  Ein 72-j\u00e4hriger Mann war kurz vor 13 Uhr mit seinem VW-Touran auf der  Hildastra\u00dfe in Richtung Ringstra\u00dfe unterwegs. An der Einm\u00fcndung zur  Ringstra\u00dfe \u00fcbersah er offenbar eine 49-j\u00e4hrige Frau, die mit ihrem  Fahrrad auf dem Radweg in Richtung Montpellierbr\u00fccke fuhr. Bei dem  Zusammenprall st\u00fcrzte die Frau auf die Motorhaube des VW und schlie\u00dflich  auf die Fahrbahn. Sie erlitt dabei leichte Verletzungen und wurde  vorsorglich zur eingehenden Untersuchung in ein Krankenhaus  eingeliefert. Nach ambulanter Behandlung konnte sie das Krankenhaus  bereits wieder verlassen. <\/p>\n\n\n\n<h4 class=\"wp-block-heading\">(Heidelberg-Emmertsgrund) &#8211; Unbekannte werfen Flasche nach Polizisten \/ Zeugen gesucht<\/h4>\n\n\n\n<p>Am Montagnachmittag warfen Unbekannte eine gef\u00fcllte Wasserflasche nach  Polizeibeamten. Die Beamten waren gegen 16.30 Uhr nach einem  vorangegangenen Diebstahl aus Auto im Bereich Boxberg im Stadtteil  Emmertsgrund zur Fahndung eingesetzt. Auf dem Fu\u00dfweg zwischen den  Wohnanwesen Emmertsgrundpassage 27 und 29 Spuckger\u00e4usche und nicht  identifizierbare Laute oder Rufe wahrnehmen. Kurz darauf flog aus einem  der oberen Stockwerke eine gef\u00fcllte Wasserflasche in Richtung der  Beamten, verfehlte diese nur knapp und schlug schlie\u00dflich in einem  Geb\u00fcsch ein. Bei einem sofortigen Blick nach oben konnten die Beamten  jedoch keine Personen erblicken. <\/p>\n\n\n\n<p>Die Ermittlungen hinsichtlich Verdachts des t\u00e4tlichen Angriffs auf Polizeibeamten sowie versuchter K\u00f6rperverletzung dauern an. <\/p>\n\n\n\n<p>Zeugen,\n die den Vorfall beobachtet haben und sachdienliche Hinweise geben \nk\u00f6nnen, werden gebeten, sich beim Polizeirevier Heidelberg-S\u00fcd, Tel.: \n06221\/3418-0 zu melden. <\/p>\n\n\n\n<h4 class=\"wp-block-heading\">(Leimen \/ Rhein-Neckar-Kreis) &#8211; 83-j\u00e4hriger Radfahrer bei Zusammensto\u00df mit Auto schwer verletzt<\/h4>\n\n\n\n<p>Beim Zusammensto\u00df mit einem Auto wurde am fr\u00fchen Montagnachmittag in  Leimen ein 83-j\u00e4hriger Fahrradfahrer schwer verletzt. Der Senior war  gegen 14.30 Uhr mit seinem Fahrrad in der Kurf\u00fcrstenallee in Richtung  Karlsruher Stra\u00dfe unterwegs. An der Kreuzung zur Karolinger Allee  missachtete er die Vorfahrt einer 38-j\u00e4hrigen Frau, die mit ihrem  Mitsubishi die Karolinger Allee in Richtung Wittelbacher Allee befuhr,  und stie\u00df mit ihr zusammen. Der 83-J\u00e4hrige st\u00fcrzte und zog sich  Verletzungen zu, die die station\u00e4re Aufnahme in einem Krankenhaus  erforderlich machten. Lebensgefahr konnte von den behandelnden \u00c4rzten  ausgeschlossen werden. <\/p>\n\n\n\n<h4 class=\"wp-block-heading\">(Leimen-St.Ilgen \/ Rhein-Neckar-Kreis) &#8211; 57-j\u00e4hriger Autofahrer verstirbt nach Unfall im Februar 2019 im Krankenhaus<\/h4>\n\n\n\n<p>Am Samstag, 23.02.2019, um 15.15 Uhr, war es auf der B 3 zu einem  Frontalzusammensto\u00df gekommen. Eine 37-j\u00e4hrige Mercedes-Fahrerin war bei  der Fahrt auf der B 3 in Richtung Wiesloch nach links in den  Gegenverkehr geraten und mit einem entgegen kommenden 57-j\u00e4hriger Fahrer  eines Opels zusammengesto\u00dfen. <\/p>\n\n\n\n<p>Der 57-j\u00e4hrige Fahrer verstarb am Samstag, 06.07.2019 im Krankenhaus infolge seiner schweren Unfallverletzungen. <\/p>\n\n\n\n<h4 class=\"wp-block-heading\">(Walldorf \/ A 6 \/ Rhein-Neckar-Kreis) &#8211; R\u00fccksichtsloser Autofahrer auf der A 6 \/ Polizei sucht Zeugen und weitere Gesch\u00e4digte<\/h4>\n\n\n\n<p>Ein r\u00fccksichtsloser Autofahrer war am fr\u00fchen Dienstagmorgen auf der A 6  zwischen Heilbronn und Mannheim unterwegs. Ein 56-j\u00e4hriger Mann fuhr  kurz nach 2 Uhr mit seinem Merceds auf der linken Fahrspur der A 6 von  Heilbronn in Richtung Mannheim, als von hinten, ebenfalls auf der linken  Fahrspur, ein dunkler VW Golf mit hoher Geschwindigkeit herangefahren  kam. Kurz bevor dieser den Mercedes erreicht hatte, wechselte er auf die  mittlere Spur und \u00fcberholte den 56-J\u00e4hrigen rechts. Nach dem  \u00dcberholvorgang wechselte er so knapp vor dem Mercedes wieder nach links,  dass dessen 56-j\u00e4hriger Fahrer eine Gefahrenbremsung einleiten musste,  um einen Zusammensto\u00df zu vermeiden. Der Golf fuhr anschlie\u00dfend mit  rasanter Geschwindigkeit davon. Der Gesch\u00e4digte und auch ein Zeuge, der  den Vorfall beobachtet hatte, und offenbar ebenfalls gef\u00e4hrdet worden  war, hielten auf der Tank- und Rastanlage Hockenheimring-Ost an und  verst\u00e4ndigten die Polizei. Das Kennzeichen des Golf konnten sich die  Gesch\u00e4digten notieren. <\/p>\n\n\n\n<p>Eine Fahndung nach dem r\u00fccksichtslosen Golf-Fahrer verlief jedoch ohne Ergebnis. <\/p>\n\n\n\n<p>Gegen den noch unbekannten Fahrer des Golf wird nun wegen N\u00f6tigung und Stra\u00dfenverkehrsgef\u00e4hrdung ermittelt. <\/p>\n\n\n\n<p>Die  Polizei sucht weitere Gesch\u00e4digte, die durch das Fahrverhalten des  Golf-Fahrers gef\u00e4hrdet worden waren und Zeugen, die sachdienliche  Hinweise zum Fahrer des Golf geben k\u00f6nnen, werden gebeten, sich beim  Verkehrskommissariat Walldorf, Tel.: 06227\/35824-0 zu melden. <\/p>\n\n\n\n<h4 class=\"wp-block-heading\">(Wiesloch \/ Rhein-Neckar-Kreis) &#8211; Betrunken Verkehrszeichen \u00fcberfahren und anschlie\u00dfend von der Unfallstelle gefl\u00fcchtet<\/h4>\n\n\n\n<p>Betrunken war am Montagabend gegen 22.15 Uhr ein 57-j\u00e4hriger Autofahrer  eines Suzuki in der Schillerstra\u00dfe in Richtung Baiertaler Stra\u00dfe  unterwegs. Dies hatte zur Folge, dass er in einer Rechtskurve nach links  von der Stra\u00dfe abkam und ein Verkehrszeichen \u00fcberfuhr. Anschlie\u00dfend  schoben der Fahrer und mehrere Helfer  das Auto zu einer nahegelegenen  Tankstelle. Nachdem ein Zeuge die Polizei verst\u00e4ndigt hatte, wurde der  Fahrer auf dem Tankstellengel\u00e4nde angetroffen. Ein Atemalkoholtest ergab  einen Wert von \u00fcber 1,8 Promille. Auf dem Revier entnahm ein Arzt eine  Blutprobe, seinen F\u00fchrerschein gab der Fahrer freiwillig heraus. Bei dem  Unfall entstand ein Gesamtsachschaden von ca. 5.000 Euro. <\/p>\n\n\n\n<h4 class=\"wp-block-heading\">(Dossenheim \/ Rhein-Neckar-Kreis) &#8211; Baumaschinen von Lagerplatz einer Baufirma gestohlen \/ Polizei sucht Zeugen<\/h4>\n\n\n\n<p>\u00dcber das vergangene Wochenende, im Zeitraum von Samstag, 14 Uhr und  Montagmorgen, verschafften sich bislang unbekannte T\u00e4ter Zutritt auf den  Lagerplatz einer Baufirma In der Stra\u00dfe Im Dosenwald. Zun\u00e4chst wurde  das Schloss des Tores des umz\u00e4unten Gel\u00e4ndes aufgebrochen. Auf dem  Gel\u00e4nde wurden insgesamt vier gro\u00dfe Schiffscontainer gewaltsam ge\u00f6ffnet  und daraus mehrere Baumaschinen im Wert von weit \u00fcber 10.000 Euro  entwendet. Aufgrund der Gr\u00f6\u00dfe und des Gewichts der Maschinen d\u00fcrfte es  sich um mehrere T\u00e4ter gehandelt haben. Zum Abtransport des Diebesguts  muss ein gr\u00f6\u00dferes Fahrzeug bzw. ein Anh\u00e4nger verwendet worden sein.   Zeugen, die im fraglichen Zeitraum verd\u00e4chtige Beobachtungen gemacht  haben, werden gebeten sich unter Telefon 06221\/45690 beim Polizeirevier  Heidelberg-Nord zu melden. <\/p>\n","protected":false},"excerpt":{"rendered":"<div class=\"mh-excerpt\"><p>Polizeimeldungen vom Dienstag (09.07.2019) (Speyer) &#8211; Trunkenheitsfahrt mit Pkw Am 09.07.2019 gegen 01:43 Uhr wurde ein 33j\u00e4hriger Pkw-Fahrer in der M\u00fchlturmstra\u00dfe einer Verkehrskontrolle unterzogen. Bei dem Fahrzeugf\u00fchrer konnten w\u00e4hrend der Kontrolle Atemalkoholgeruch wahrgenommen werden. Ein <a class=\"mh-excerpt-more\" href=\"https:\/\/speyer24news.com\/?p=15948\" title=\"Polizei:\">[&#8230;]<\/a><\/p>\n<\/div>","protected":false},"author":3,"featured_media":0,"comment_status":"open","ping_status":"open","sticky":false,"template":"","format":"standard","meta":{"_monsterinsights_skip_tracking":false,"_monsterinsights_sitenote_active":false,"_monsterinsights_sitenote_note":"","_monsterinsights_sitenote_category":0,"footnotes":""},"categories":[12],"tags":[61,63,105,53,102,213,55,103,106,427,62,104,979,1565],"aioseo_notices":[],"amp_enabled":true,"_links":{"self":[{"href":"https:\/\/speyer24news.com\/index.php?rest_route=\/wp\/v2\/posts\/15948"}],"collection":[{"href":"https:\/\/speyer24news.com\/index.php?rest_route=\/wp\/v2\/posts"}],"about":[{"href":"https:\/\/speyer24news.com\/index.php?rest_route=\/wp\/v2\/types\/post"}],"author":[{"embeddable":true,"href":"https:\/\/speyer24news.com\/index.php?rest_route=\/wp\/v2\/users\/3"}],"replies":[{"embeddable":true,"href":"https:\/\/speyer24news.com\/index.php?rest_route=%2Fwp%2Fv2%2Fcomments&post=15948"}],"version-history":[{"count":3,"href":"https:\/\/speyer24news.com\/index.php?rest_route=\/wp\/v2\/posts\/15948\/revisions"}],"predecessor-version":[{"id":15954,"href":"https:\/\/speyer24news.com\/index.php?rest_route=\/wp\/v2\/posts\/15948\/revisions\/15954"}],"wp:attachment":[{"href":"https:\/\/speyer24news.com\/index.php?rest_route=%2Fwp%2Fv2%2Fmedia&parent=15948"}],"wp:term":[{"taxonomy":"category","embeddable":true,"href":"https:\/\/speyer24news.com\/index.php?rest_route=%2Fwp%2Fv2%2Fcategories&post=15948"},{"taxonomy":"post_tag","embeddable":true,"href":"https:\/\/speyer24news.com\/index.php?rest_route=%2Fwp%2Fv2%2Ftags&post=15948"}],"curies":[{"name":"wp","href":"https:\/\/api.w.org\/{rel}","templated":true}]}}