{"id":15964,"date":"2019-07-10T07:30:56","date_gmt":"2019-07-10T06:30:56","guid":{"rendered":"https:\/\/speyer24news.com\/?p=15964"},"modified":"2019-07-10T07:30:56","modified_gmt":"2019-07-10T06:30:56","slug":"ludwigshafen-am-rhein","status":"publish","type":"post","link":"https:\/\/speyer24news.com\/?p=15964","title":{"rendered":"Ludwigshafen am Rhein:"},"content":{"rendered":"<style type=\"text\/css\">\r\n\t.ads_top_disp{}\r\n\t.ads_top_corner_disp{ float:left; margin:0px 10px 10px 0px; }\r\n\t.ads_first_p_disp{}\r\n\t.ads_bottom_disp{}\r\n\t<\/style>\n<h2 class=\"wp-block-heading\">Vorsicht vor Ambrosia<\/h2>\n\n\n\n<div class=\"wp-block-image\"><figure class=\"aligncenter\"><img decoding=\"async\" loading=\"lazy\" width=\"500\" height=\"751\" src=\"https:\/\/speyer24news.com\/wp-content\/uploads\/2019\/07\/csm_ambrosia_2_dbce2ebc4a.jpg\" alt=\"\" class=\"wp-image-15974\" srcset=\"https:\/\/speyer24news.com\/wp-content\/uploads\/2019\/07\/csm_ambrosia_2_dbce2ebc4a.jpg 500w, https:\/\/speyer24news.com\/wp-content\/uploads\/2019\/07\/csm_ambrosia_2_dbce2ebc4a-200x300.jpg 200w\" sizes=\"(max-width: 500px) 100vw, 500px\" \/><\/figure><\/div>\n\n\n\n<p>In den letzten Jahren hat sich die Beifu\u00df-Ambrosie (Ambrosia artemisiifolia) stark ausgebreitet. Dies ist problematisch, da die Pollen der Ambrosia als starker Allergieausl\u00f6ser bekannt sind und zu schwerem Heuschnupfen oder sogar Asthma f\u00fchren k\u00f6nnen. Die Pflanze w\u00e4chst vor allem auf Brachfl\u00e4chen und an Stra\u00dfenr\u00e4ndern, daneben aber auch vereinzelt in G\u00e4rten. <\/p>\n\n\n\n<div class=\"wp-block-image\"><figure class=\"aligncenter\"><img decoding=\"async\" loading=\"lazy\" width=\"500\" height=\"753\" src=\"https:\/\/speyer24news.com\/wp-content\/uploads\/2019\/07\/ambrosia_1.jpg\" alt=\"\" class=\"wp-image-15975\" srcset=\"https:\/\/speyer24news.com\/wp-content\/uploads\/2019\/07\/ambrosia_1.jpg 500w, https:\/\/speyer24news.com\/wp-content\/uploads\/2019\/07\/ambrosia_1-199x300.jpg 199w\" sizes=\"(max-width: 500px) 100vw, 500px\" \/><\/figure><\/div>\n\n\n\n<p>Falls Ambrosia-Pflanzen im Garten gefunden werden, empfiehlt der Bereich Umwelt der Stadtverwaltung Ludwigshafen am Rhein, diese zu entfernen. Dazu d\u00fcrfen die Pflanzen nicht mit blo\u00dfen H\u00e4nden angefasst werden. Es sollten Handschuhe getragen werden, um eventuelle Kontaktallergien zu vermeiden. Beim Umgang mit bereits bl\u00fchenden Pflanzen empfiehlt sich zudem, eine Atemschutzmaske zu tragen. Die Pflanzen sollten auf keinen Fall auf dem Kompost entsorgt oder zu den Gr\u00fcnabf\u00e4llen gegeben werden, da sich sonst der Samen ausbreiten kann. Stattdessen empfiehlt sich, die Ambrosia-Pflanzen in eine dichte Plastikt\u00fcte zu stecken und im Restm\u00fcll zu entsorgen.<\/p>\n\n\n\n<p>Fragen beantwortet Dr. Norbert Giermann, Stadtverwaltung Ludwigshafen am Rhein, Bereich Umwelt, Telefonnummer: 0621 504-2329.<\/p>\n\n\n\n<p><em>Stadt Ludwigshafen am Rhein<br>10.07.2019<\/em><\/p>\n\n\n\n<h2 class=\"wp-block-heading\">N\u00e4h- und Stricktreff f\u00fcr Erwachsene im Ideenw3rk<\/h2>\n\n\n\n<p>Der N\u00e4h- und Stricktreff des Ideenw3rks der Stadtbibliothek ist ein zwangloser Treff f\u00fcr Leute, die gerne gemeinsam kreativ sein m\u00f6chten. Es wird geh\u00e4kelt, gestrickt, geschneidert und geplaudert. Alle sind willkommen, egal ob Anf\u00e4ngerinnen und Anf\u00e4nger, Wiedereinsteigende oder erfahrene N\u00e4herinnen und N\u00e4her. Zur Verf\u00fcgung stehen die bibliothekseigenen N\u00e4hmaschinen. Das n\u00e4chste Treffen ist am <strong>Dienstag, 16. Juli 2019<\/strong>, von 16 bis 19 Uhr. Weitere Informationen gibt es unter der Telefonnummer 0621 504-2608.<\/p>\n\n\n\n<p><em>Stadt Ludwigshafen am Rhein<br>10.07.2019<\/em><\/p>\n\n\n\n<h2 class=\"wp-block-heading\">Handk\u00e4sfest im Caf\u00e9 Alternativ<\/h2>\n\n\n\n<p>Vor der Sommerpause verabschiedet sich das Team des Caf\u00e9s Alternativ in der Rohrlachstra\u00dfe 76 immer mit einem &#8222;Handk\u00e4sfest&#8220; von seinen G\u00e4sten. Am <strong>Donnerstag, 11. Juli 2019<\/strong>, ab 15 Uhr ist es wieder soweit. J\u00fcrgen Daniel sorgt f\u00fcr Musik. Der Eintritt betr\u00e4gt drei Euro. Eine Anmeldung ist bis 4. Juli 2019 erforderlich (Telefonnummer 0621 5292254). <\/p>\n\n\n\n<p>Die Sommerpause des Seniorenzentrums beginnt dann am Dienstag, 16. Juli 2019. Ab Dienstag, 13. August 2019, ist das Caf\u00e9 Alternativ wieder ge\u00f6ffnet.<\/p>\n\n\n\n<p><em>Stadt Ludwigshafen am Rhein<br>10.07.2019<\/em><\/p>\n\n\n\n<h2 class=\"wp-block-heading\">Ludwigshafen radelt erstmalig f\u00fcr ein gutes Klima<\/h2>\n\n\n\n<h3 class=\"wp-block-heading\">Klima-B\u00fcndnis-Kampagne STADTRADELN startet im September<\/h3>\n\n\n\n<div class=\"wp-block-image\"><figure class=\"aligncenter\"><img decoding=\"async\" src=\"https:\/\/speyer24news.com\/wp-content\/uploads\/2019\/07\/Stadtradeln-Logo.png\" alt=\"\" class=\"wp-image-15973\"\/><\/figure><\/div>\n\n\n\n<p>Die Stadt Ludwigshafen beteiligt sich im September 2019 erstmalig an der Aktion Stadtradeln. Die Kampagne wird vom Klima-B\u00fcndnis, dem gr\u00f6\u00dften kommunalen Netzwerk zum Schutz des Weltklimas, koordiniert. Ludwigshafen ist hier seit 1995 Mitglied.<\/p>\n\n\n\n<p>Ziel der Kampagne ist es, einen Beitrag zum Klimaschutz zu leisten, ein Zeichen f\u00fcr vermehrte Radnutzung in Ludwigshafen zu setzten \u2013 und letztlich Spa\u00df beim Fahrradfahren zu haben. Ludwigshafen ist vom 9. bis zum 29. September mit von der Partie. In diesem Zeitraum k\u00f6nnen Mitglieder des Stadtrates sowie alle B\u00fcrgerinnen und B\u00fcrger und alle Personen, die in Ludwigshafen arbeiten, einem Verein angeh\u00f6ren oder eine (Hoch-)Schule besuchen bei der Kampagne Stadtradeln des Klima-B\u00fcndnis mitmachen und m\u00f6glichst viele Radkilometer sammeln. Anmelden k\u00f6nnen sich Interessierte schon jetzt unter <a href=\"http:\/\/www.Stadtradeln.de\/ludwigshafen\">www.Stadtradeln.de\/ludwigshafen<\/a>.  <br><\/p>\n\n\n\n<p>&#8222;Beim Stadtradeln geht es um Spa\u00df am und beim Fahrradfahren <strong>sowie <\/strong>darum, m\u00f6glichst viele Menschen f\u00fcr das Umsteigen auf das Fahrrad im Alltag zu gewinnen und dadurch einen Beitrag zum Klimaschutz zu leisten&#8220;, wirbt Oberb\u00fcrgermeisterin Jutta Steinruck f\u00fcr die Aktion und l\u00e4dt alle ein mitzumachen.<\/p>\n\n\n\n<p>&#8222;Etwa ein F\u00fcnftel der klimasch\u00e4dlichen Kohlendioxid-Emissionen in Deutschland entstehen im Verkehr, sogar ein Viertel der CO2-Emissionen des gesamten Verkehrs verursacht der Innerortsverkehr. Wenn circa 30 Prozent der Kurzstrecken bis sechs Kilometer in den Innenst\u00e4dten mit dem Fahrrad statt mit dem Auto gefahren werden, lie\u00dfen sich etwa 7,5 Millionen Tonnen CO2 vermeiden&#8220;, erl\u00e4utert Bau- und Umweltdezernent Klaus Dillinger.<\/p>\n\n\n\n<p>Stadtradeln ist als Wettbewerb konzipiert, sodass mit Spa\u00df und Begeisterung das Thema Fahrrad vorangebracht wird. Gesucht werden die fahrradaktivsten Kommunen sowie die flei\u00dfigsten Teams und Radelnden in Ludwigshafen selbst. Innerhalb von drei Wochen sammeln sie m\u00f6glichst viele Fahrradkilometer \u2013 beruflich und privat. Dabei z\u00e4hlen auch die au\u00dferhalb der Stadt geradelten Kilometer. Diese werden \u00fcber den sogenannten Online-Radelkalender f\u00fcr Ludwigshafen eingetragen. Auch eine App steht zur Verf\u00fcgung.<\/p>\n\n\n\n<p>Jeder kann ein Stadtradeln-Team gr\u00fcnden beziehungsweise einem beitreten, um beim Wettbewerb teilzunehmen. Die Ergebnisse der Kommunen und Teams werden auf der Stadtradeln-Internetseite ver\u00f6ffentlicht, sodass sowohl bundesweite Vergleiche zwischen den Kommunen als auch Teamvergleiche innerhalb von Ludwigshafen m\u00f6glich sind und f\u00fcr zus\u00e4tzliche Motivation sorgen. Leistungen der einzelnen Teilnehmenden, mit Ausnahme der Stadtradeln-Stars, werden nicht \u00f6ffentlich dargestellt. Letztere sucht Ludwigshafen als besonders beispielhafte Vorbilder. Die sogenannten Stadtradeln-Stars werden in 21 Stadtradeln-Tagen kein Auto von innen sehen und auf das Fahrrad umsteigen. \u00dcber ihre Erfahrungen berichten sie in ihrem Stadtradeln-Blog.<br> Steinruck und Dillinger hoffen auf eine rege Teilnahme beim Stadtradeln, um dadurch aktiv ein Zeichen f\u00fcr mehr Klimaschutz und mehr Radverkehrsf\u00f6rderung zu setzen.<\/p>\n\n\n\n<p><strong>Mehr Informationen unter<\/strong><br> <a href=\"http:\/\/Stadtradeln.de\">Stadtradeln.de<\/a><br> <a href=\"http:\/\/facebook.com\/Stadtradeln\">facebook.com\/Stadtradeln<\/a><br> <a href=\"http:\/\/twitter.com\/Stadtradeln\">twitter.com\/Stadtradeln<\/a><\/p>\n\n\n\n<h4 class=\"wp-block-heading\">DAS STADTRADELN<\/h4>\n\n\n\n<p>Der internationale Wettbewerb Stadtradeln des Klima-B\u00fcndnis l\u00e4dt alle Mitglieder der Kommunalparlamente ein, als Vorbild f\u00fcr den Klimaschutz in die Pedale zu treten und sich f\u00fcr eine verst\u00e4rkte Radverkehrsf\u00f6rderung einzusetzen. Im Team mit B\u00fcrger<em>innen sollen sie m\u00f6glichst viele Fahrradkilometer f\u00fcr ihre Kommune sammeln. Die Kampagne will B\u00fcrger<\/em>innen f\u00fcr das Radfahren im Alltag sensibilisieren sowie die Themen Fahrradnutzung und Radverkehrsplanung st\u00e4rker in die kommunalen Parlamente einbringen. Seit 2017 k\u00f6nnen auch St\u00e4dte, Gemeinden und Landkreise au\u00dferhalb Deutschlands die Kampagne an 21 zusammenh\u00e4ngenden Tagen zwischen Mai und September durchf\u00fchren. Es gibt Auszeichnungen und hochwertige Preise zu gewinnen \u2013 vor allem aber eine lebenswerte Umwelt mit weniger Verkehrsbelastungen, weniger Abgasen und weniger L\u00e4rm. Stadtradeln.de <\/p>\n\n\n\n<h4 class=\"wp-block-heading\">Das Klima-B\u00fcndnis<\/h4>\n\n\n\n<p>Seit mehr als 25 Jahren setzen sich die Mitgliedskommunen des Klima-B\u00fcndnis mit ihren indigenen Partnern der Regenw\u00e4lder f\u00fcr das Weltklima ein. Mit \u00fcber 1.700 Mitgliedern aus 26 europ\u00e4ischen L\u00e4ndern ist das Klima-B\u00fcndnis das weltweit gr\u00f6\u00dfte St\u00e4dtenetzwerk, das sich dem Klimaschutz widmet, und das einzige, das konkrete Ziele setzt: Jede Klima-B\u00fcndnis-Kommune hat sich verpflichtet, ihre Treibhausgasemissionen alle f\u00fcnf Jahre um zehn Prozent zu reduzieren. Da sich unser Lebensstil direkt auf besonders bedrohte V\u00f6lker und Orte dieser Erde auswirkt, verbindet das Klima-B\u00fcndnis lokales Handeln mit globaler Verantwortung. <a href=\"http:\/\/www.klimabuendnis.org\">klimabuendnis.org<\/a><\/p>\n\n\n\n<p><em>Stadt Ludwigshafen am Rhein<br>10.07.2019<\/em><\/p>\n\n\n\n<h2 class=\"wp-block-heading\">Lars Heene neuer Leiter des Stadtjugendamtes<\/h2>\n\n\n\n<p>Der 49-j\u00e4hrige geb\u00fcrtige Ludwigshafener Lars Heene ist seit 1. Juli 2019 neuer Leiter des Stadtjugendamtes. Er folgt auf J\u00fcrgen May nach, der Ende Juni in Ruhestand gegangen ist.<\/p>\n\n\n\n<p>Lars Heene ist Diplom-Verwaltungswirt und seit dem Ende seiner Ausbildung im Jahr 1995 beruflich im Jugendamt verwurzelt. Stationen waren unter anderem die Abteilung Kindesunterhalt und die Wirtschaftliche Jugendhilfe. Seit Dezember 2004 war Lars Heene Leiter der Abteilung Verwaltung im Jugendamt, seit Anfang 2013 au\u00dferdem stellvertretender Bereichsleiter. Heene ist au\u00dferdem auch \u00fcberregional gut vernetzt: Er vertritt das Stadtjugendamt in verschiedenen Arbeitsgruppen auf Landesebene und ist Mitglied der Arbeitsgemeinschaft \u00d6ffentlichkeitsarbeit in der Bundesarbeitsgemeinschaft der Landesjugend\u00e4mter.<\/p>\n\n\n\n<p>&#8222;Lars Heene hat die Arbeit im Jugendamt von der Pike auf gelernt. Er ist ein ausgewiesener Fachmann und steht einerseits f\u00fcr Kontinuit\u00e4t in der Arbeit unseres Stadtjugendamtes. Gleichzeitig wird er gemeinsam mit den Kolleginnen und Kollegen die fachlichen Angebote des Stadtjugendamtes im Interesse der Familien in Ludwigshafen zukunftsgerichtet weiterentwickeln&#8220;, so B\u00fcrgermeisterin Prof. Dr. Reifenberg.<\/p>\n\n\n\n<h4 class=\"wp-block-heading\">Zum Hintergrund:<\/h4>\n\n\n\n<p>Das Jugendamt ist ein Bereich im Dezernat f\u00fcr Kultur, Schulen, Jugend und Familien von B\u00fcrgermeisterin Prof. Dr. Cornelia Reifenberg. Hier arbeiten rund 140 Mitarbeiterinnen und Mitarbeiter. Es umfasst neben den Abteilungen Steuerung und Verwaltung die Abteilung Kindesunterhalt, den Regionalen Familiendienst und die Abteilung Fachdienste. Das Jugendamt ist Ansprechpartner von Familien bei Fragen rund um Hilfen zur Erziehung und Hilfen in Krisensituationen, es gew\u00e4hrt finanzielle Unterst\u00fctzung (beispielsweise Elterngeld, BAf\u00f6G oder Unterhaltsvorschuss) und hilft bei allen Themen rund um Vaterschaftsfeststellung, Unterhaltsanspr\u00fcche oder Vormundschaften. Mitarbeiterinnen und Mitarbeiter beraten au\u00dferdem in F\u00e4llen von Trennung und Scheidung und wirken bei Verfahren vor dem Familiengericht mit. In Fachdiensten wie &#8222;Guter Start ins Kinderleben&#8220; oder der Schulsozialarbeit steht die gute Entwicklung von Kindern und Jugendlichen besonders im Mittelpunkt. Ma\u00dfgeblich beteiligt ist das Stadtjugendamt au\u00dferdem an der fachlichen Entwicklung und der Arbeit im Haus des Jugendrechts, in dem das Sachgebiet Jugendhilfe im Strafverfahren verortet ist. Dar\u00fcber hinaus geh\u00f6rt auch die Jugendhilfeplanung, also die (Weiter-)Entwicklung von Angeboten der Stadt f\u00fcr Kinder, Jugendliche und Familien zu den Aufgaben des Stadtjugendamtes.<\/p>\n\n\n\n<p>Eng verkn\u00fcpft ist die Arbeit mit dem Jugendhilfeausschuss. Er nimmt die Aufgaben des Jugendamtes nach den Bestimmungen des Achten Buches des Sozialgesetzbuches \u2013 Kinder- und Jugendhilfe \u2013 gemeinsam mit der Verwaltung des Jugendamtes wahr. Die Aufgaben des Stadtjugendamtes und des Jugendhilfeausschusses sind in der Satzung des Stadtjugendamtes geregelt.<\/p>\n\n\n\n<p><em>Stadt Ludwigshafen am Rhein<br>10.07.2019<\/em><\/p>\n\n\n\n<h2 class=\"wp-block-heading\">Zwei Jahrzehnte Stadt als B\u00fchne <\/h2>\n\n\n\n<h3 class=\"wp-block-heading\">Jubil\u00e4um beim Internationalen Stra\u00dfentheaterfestival in Ludwigshafen<\/h3>\n\n\n\n<div class=\"wp-block-image\"><figure class=\"alignleft is-resized\"><img decoding=\"async\" loading=\"lazy\" src=\"https:\/\/speyer24news.com\/wp-content\/uploads\/2019\/07\/LU-Stra\u00dfenfest.png\" alt=\"\" class=\"wp-image-15972\" width=\"245\" height=\"499\" srcset=\"https:\/\/speyer24news.com\/wp-content\/uploads\/2019\/07\/LU-Stra\u00dfenfest.png 500w, https:\/\/speyer24news.com\/wp-content\/uploads\/2019\/07\/LU-Stra\u00dfenfest-147x300.png 147w\" sizes=\"(max-width: 245px) 100vw, 245px\" \/><\/figure><\/div>\n\n\n\n<p>L\u00e4ngst ist der einstige Insidertipp f\u00fcr ein \u00fcberschaubares Publikum zum begehrten Event von bundesweiter Bedeutung erbl\u00fcht und zieht <strong>zwischen 25. und 28. Juli 2019<\/strong> \u00fcber drei ganze Tage und einen Er\u00f6ffnungsabend hinweg Menschen aller Altersklassen aus Nah und Fern in seinen Bann. \u00dcber zwei Jahrzehnte hinweg hat sich das in diesen Dimensionen in der hiesigen Metropolregion einzigartige Festivalformat unter freiem Himmel bestens bew\u00e4hrt. Es ist der \u00f6ffentliche Raum der Ludwigshafener Innenstadt, also deren Stra\u00dfen und Pl\u00e4tze, die beim Internationalen Stra\u00dfentheaterfestival zum Schauplatz f\u00fcr faszinierende Theaterwelten internationaler Pr\u00e4gung werden. <\/p>\n\n\n\n<p>In einem Pressegespr\u00e4ch am Donnerstag, 4. Juli 2019, stellten B\u00fcrgermeisterin Prof. Dr. Cornelia Reifenberg und Thomas Traue, Vorsitzender des Vorstands der Sparkasse Vorderpfalz, gemeinsam mit dem Leiter des Bereichs Kultur, Dietrich Skibelski, und dem Leiter des Kulturb\u00fcros, Fabian Burstein, das Programm des 20. Internationalen Stra\u00dfentheaterfestivals vor. <\/p>\n\n\n\n<h4 class=\"wp-block-heading\">Die Sparkasse Vorderpfalz ist von Anfang an Hauptsponsor des Festivals.<\/h4>\n\n\n\n<p>&#8222;In seiner zwei Jahrzehnte w\u00e4hrenden Erfolgsgeschichte ist es diesem Festival gelungen, Ma\u00dfst\u00e4be in k\u00fcnstlerischer Qualit\u00e4t, Vielfalt und Publikumszuspruch zu setzen. Wir k\u00f6nnen heute sagen, dass das Internationale Stra\u00dfentheaterfestival eine in Deutschland einzigartige Leistungsschau der besten Stra\u00dfentheater-Kompagnien ist, die sowohl als lebendiges Publikumsfestival als auch als zentrale Netzwerkveranstaltung f\u00fcr die Szene funktioniert&#8220;, erkl\u00e4rte B\u00fcrgermeisterin Prof. Dr. Cornelia Reifenberg. &#8222;Insbesondere auch in Kreisen der K\u00fcnstlerszene des Stra\u00dfentheaters genie\u00dft das Festival einen hohen Stellenwert. Denn es ist die besondere Begeisterungsf\u00e4higkeit und Herzlichkeit des hiesigen Publikums, die die Teilnahme an gerade diesem Festival sehr begehrenswert machen.&#8220; Reifenberg dankte besonders der Sparkasse Vorderpfalz, die von Anfang an das Internationale Stra\u00dfentheaterfestival als Sponsor unterst\u00fctzt.<\/p>\n\n\n\n<p>Thomas Traue, Vorstandsvorsitzender der Sparkasse Vorderpfalz betonte: &#8222;Die Sparkasse Vorderpfalz ist nicht nur ein Partner f\u00fcr alle Fragen rund ums Geld, sondern auch ein F\u00f6rderer der Region. Der F\u00f6rderauftrag ist Teil unserer DNA. Daran halten wir als \u00f6ffentlich rechtliche Sparkasse weiterhin fest. Hierbei unterst\u00fctzen wir gro\u00dfe Projekte genauso engagiert wie die vielen kleinen Initiativen in Ludwigshafen, Speyer und dem Rhein-Pfalz-Kreis. Deshalb freut es mich, dass wir als verl\u00e4sslicher und langj\u00e4hriger Sponsor das Stra\u00dfentheaterfestival erneut f\u00f6rdern und begleiten werden. Ich bin mir sicher: Das werden wieder spannende, kreative und abwechslungsreiche Stra\u00dfentheaterfestival-Tage, die das kulturelle und gesellschaftliche Leben in Ludwigshafen bereichern werden&#8220;.<\/p>\n\n\n\n<p>Novum im Jubil\u00e4umsjahr, attraktiv f\u00fcr die K\u00fcnstlerinnen und K\u00fcnstler, gleicherma\u00dfen aber auch eine weitere Plattform f\u00fcr die Partizipation des Publikums, ist die Auslobung gleich zweier Preise. Der Stra\u00dfen-Ludwig, eine vom Ludwigshafener K\u00fcnstler Immanuel Eisenstein gestaltete Skulptur, wird in den Kategorien Publikums- und Juryliebling vergeben. Die Preisverleihung findet am 28. Juli, 19 Uhr, auf dem Ludwigsplatz statt. <\/p>\n\n\n\n<h4 class=\"wp-block-heading\">19 Ensembles auf sieben Aktionsarealen<\/h4>\n\n\n\n<p>Das gesamte Festivalgeschehen findet thematisch \u00fcbersichtlich strukturiert in insgesamt sieben Aktionsarealen statt. 19 Ensembles aus aller Welt garantieren facettenreiche Vielfalt.<\/p>\n\n\n\n<p>F\u00fcr &#8222;Gro\u00dfes Theater&#8220; und gro\u00dfen Zirkus ist der Rathausplatz szenischer Rahmen. So etwa f\u00fcr die Produktion Balkan Balkan aus Frankreich, die eine explosive Show mit herzerw\u00e4rmender Balkan-Musik verkn\u00fcpft, oder das Chaos Vari\u00e9te aus Deutschland mit seiner Show, bei der nicht nur aufgrund der drei Protagonisten die Zahl drei in Sachen Jonglage, Pantomime und Artistik immer wieder eine ganz besondere Rolle spielt.  <\/p>\n\n\n\n<p>Zur &#8222;Verr\u00fcckten Fahrbahn&#8220; f\u00fcr allerlei kuriose Fahrzeuge wird die Fu\u00dfg\u00e4ngerzone der Bismarckstra\u00dfe zwischen Rathaus und Bahnhofstra\u00dfe. Besonders abenteuerlich dabei die Eskapaden des interaktiven Oldtimers Ami6, Marke Eigenbau aus den Niederlanden. Der umgebaute Citroen entwickelt ein agiles Eigenleben und sucht immer wieder die Interaktion mit dem Publikum.<\/p>\n\n\n\n<p>Eine Spielst\u00e4tte f\u00fcr ber\u00fchrende t\u00e4nzerische Begegnungen im ganz besonderen Ambiente zwischen den m\u00e4chtigen Baumriesen des Ludwigsplatzes ist der &#8222;Tanzboden&#8220;. Dort zeigt etwa das St\u00fcck Espera, deutsch zu \u00fcbersetzen mit warten, hoffen und erwarten, eine k\u00fcnstlerische Begegnung von Akrobatik und traditionellen Ritualen. Die spanische Compania de Circo Eia l\u00e4dt dazu ein, individuelle \u00c4ngste, Hoffnungen und Erwartungen in vertraulicher Umgebung zu teilen \u2013 eine k\u00fcnstlerische Zeremonie, bei der niemand alleine gelassen wird.  <\/p>\n\n\n\n<p>Ein Aufeinandertreffen von Kunst und Zirkus-Kultur ist die &#8222;Cirque Nouveau Manege&#8220; auf dem Karl-Kornmann-Platz vor dem Kulturzentrum dasHaus, das zugleich auch das Festivalzentrum beheimatet. Auf diesem Areal m\u00f6chten etwa die drei Herren der belgischen Formation The Primitives eine Nachricht \u00fcberbringen, die jedoch ungl\u00fccklicherweise vollkommen in Vergessenheit geraten ist. K\u00f6stlich ist dabei der immer wieder anders improvisierte Weg der Herrschaften zu ihrem vermeintlich verloren gegangenen Ziel. <\/p>\n\n\n\n<p>Eingebettet zwischen Staatsphilharmonie und Hack-Museumsgarten findet auf dem Hans-Kl\u00fcber-Platz die &#8222;Musikarena&#8220; Heimat f\u00fcr kultig-komische musikalische Darbietungen. &#8222;Albers Ahoi!&#8220; lautet dort das Motto eines Programms, bei dem f\u00fcnf junge Matrosen ihr Publikum mit Pauken und Trompeten auf eine musikalische Reise zum Mitsingen, Schunkeln \u2013 und Staunen entf\u00fchren. <\/p>\n\n\n\n<p>Mit Chor, Tanz und Performance bietet der &#8222;Heimathafen&#8220; auf dem Theaterplatz vor dem Pfalzbau eine eindrucksvolle Kulisse f\u00fcr k\u00fcnstlerische Ann\u00e4herungen an das Kultursommer-Thema Heimat. Die &#8222;MGV Walhalla zum Seidlwirt&#8220; vereint die gesanglichen Talente von Hochschulabsolventen aus der T\u00fcrkei, \u00d6sterreich, Israel, Polen und der Schweiz zur gemeinsamen Vorstellung internationaler Volkslieder. <\/p>\n\n\n\n<p>Spektakul\u00e4re Stra\u00dfentheater-Inszenierungen, ebenso in luftiger H\u00f6he wie am Boden bietet der Platz der Deutschen Einheit vor der Rhein-Galerie mit der Aktionsfl\u00e4che &#8222;Spektakulum&#8220;. Besonders markant dort ist die Produktion Block der britischen Ensembles Motionhouse, bei der die Darsteller in die beeindruckende Interaktion mit m\u00e4chtigen Bl\u00f6cken treten. Das St\u00fcck handelt vom Leben in der Stadt, seinen Widerspr\u00fcchen und Herausforderungen, perfekt passend in den Kontext der Gro\u00dfstadt Ludwigshafen. <\/p>\n\n\n\n<p>Der Er\u00f6ffnungsabend am Donnerstag, 25. Juli startet, um 19 Uhr auf dem Rathausplatz mit Einblicken in das Programm gleich dreier Compagnien. <\/p>\n\n\n\n<p>Auch der Eintritt zum 20. Internationalen Stra\u00dfentheaterfestival in Ludwigshafen ist frei. Mit dem Erwerb des offiziellen Festivalbuttons vor Ort zum Mindestpreis von drei Euro k\u00f6nnen die Festivalbesucher*innen aber ihren v\u00f6llig flexiblen Beitrag zur Unterst\u00fctzung der k\u00fcnstlerischen Qualit\u00e4t und Vielfalt dieses Festivals leisten. Das Programmheft liegt unter anderem bei den B\u00fcrgerservicestellen aus und steht im Internet unter <a href=\"http:\/\/www.ludwigshafen.de\">www.ludwigshafen.de<\/a> zum Download bereit.<\/p>\n\n\n\n<p><em>Text: Stadt Ludwigshafen am Rhein Foto:  Dan Tucker \u2013 Motionhouse UK <br>09.07.2019<\/em><\/p>\n\n\n\n<h2 class=\"wp-block-heading\">Ortsvorsteherinb\u00fcro geschlossen<\/h2>\n\n\n\n<p>Das Ortsvorsteherinb\u00fcro Maudach, Von-Sturmfeder-Stra\u00dfe 3, ist <strong>von Montag, 8. Juli 2019, bis einschlie\u00dflich Montag, 15. Juli 2019<\/strong>, geschlossen. <\/p>\n\n\n\n<p><em>Stadt Ludwigshafen am Rhein<br>09.07.2019<\/em><\/p>\n\n\n\n<h2 class=\"wp-block-heading\">Gutachterausschuss legt Grundst\u00fccksmarktbericht 2019 f\u00fcr die Stadt Ludwigshafen am Rhein vor<\/h2>\n\n\n\n<p>Die Gesch\u00e4ftsstelle des Gutachterausschusses f\u00fcr Grundst\u00fcckswerte f\u00fcr den Bereich der Stadt Ludwigshafen am Rhein hat den Grundst\u00fccksmarktbericht neu aufgelegt. Der Berichtszeitraum erstreckt sich vom 1. Januar bis zum 31. Dezember 2018. Der Bericht enth\u00e4lt Informationen \u00fcber Preisentwicklungen im Stadtgebiet sowie aktuelle Marktdaten, die f\u00fcr Wertermittlungen erforderlich sind. Der Gutachterausschuss sorgt mit dieser Ver\u00f6ffentlichung f\u00fcr Transparenz auf dem Grundst\u00fccksmarkt und bietet sowohl Bewertungssachverst\u00e4ndigen und Immobilienfachleuten als auch K\u00e4ufern, Verk\u00e4ufern, Planern, Politikern, Bauherrn und Investoren wesentliche Hinweise und Entscheidungshilfen.<\/p>\n\n\n\n<p>Gegen eine Geb\u00fchr von 50 Euro ist der Grundst\u00fccksmarktbericht 2019 in der Gesch\u00e4ftsstelle des Gutachterausschusses beim Bereich Stadtvermessung und Stadterneuerung im B\u00fcrogeb\u00e4ude Walzm\u00fchle, Rheinuferstra\u00dfe 9, 3. Obergeschoss, Zimmer 317, Telefon 0621 504-3173 oder -3069 in Druckausfertigung erh\u00e4ltlich. Der B\u00fcrotrakt ist \u00fcber das Parkdeck P1 des Parkhauses Walzm\u00fchl-Center erreichbar.<\/p>\n\n\n\n<p>Der Bericht kann auch per E-Mail \u00fcber <a href=\"Gutachterausschuss@Ludwigshafen.de\">Gutachterausschuss@Ludwigshafen.de<\/a>, per Fax \u00fcber 0621 504-3795 oder schriftlich \u00fcber Stadtverwaltung Ludwigshafen, Bereich Stadtvermessung und Stadterneuerung, Rathausplatz 20, 67059 Ludwigshafen angefordert werden. Die digitale Version kostet 40 Euro.<\/p>\n\n\n\n<p><em>Stadt Ludwigshafen am Rhein<br>09.07.2019<\/em><\/p>\n\n\n\n<h2 class=\"wp-block-heading\">Verkehr in der Kirchenstra\u00dfe eingeschr\u00e4nkt<\/h2>\n\n\n\n<div class=\"wp-block-image\"><figure class=\"aligncenter\"><img decoding=\"async\" src=\"https:\/\/speyer24news.com\/wp-content\/uploads\/2019\/07\/Vollsperrung.jpg\" alt=\"\" class=\"wp-image-15971\"\/><\/figure><\/div>\n\n\n\n<p>Wegen einer dringend erforderlichen Sanierung des Hauptkanals mit einem Innendurchmesser von 25 Zentimetern in H\u00f6he der Kreuzung Kirchen-\/Wilhelmstra\u00dfe ist die Kirchenstra\u00dfe im Bereich der Baustelle <strong>von Montag, 8. Juli, bis Freitag, 19. Juli 2019<\/strong>, f\u00fcr den Durchgangsverkehr <strong>voll gesperrt<\/strong>. Die Einbahnstra\u00dfenregelung in der Wilhelmstra\u00dfe wird aufgehoben.  W\u00e4hrend der Bauzeit wird der Verkehr im Bereich der Baustelle umgeleitet. <\/p>\n\n\n\n<p>Sollte es w\u00e4hrend der Bauzeit Anlass zu Beanstandungen geben, steht bei der Stadtverwaltung, Bereich Stadtentw\u00e4sserung und Stra\u00dfenunterhalt, Bernd Hoffmann, Telefon 504-6827, als Ansprechpartner zur Verf\u00fcgung.<\/p>\n\n\n\n<p><em>Stadt Ludwigshafen am Rhein<br>09.07.2019<\/em><\/p>\n\n\n\n<h2 class=\"wp-block-heading\">VHS: Ge\u00e4nderte Gesch\u00e4fts- und Schlie\u00dfzeiten in den Sommerferien<\/h2>\n\n\n\n<p>Kasse, Anmeldung und Sprachberatung der Volkshochschule (VHS) Ludwigshafen schlie\u00dfen in den Sommerferien ab sofort donnerstags bereits um 16 Uhr. Von <strong>Montag, 22. Juli 2019, bis Samstag, 3. August 2019<\/strong>, ist die VHS insgesamt <strong>geschlossen<\/strong>. Anmeldungen sind in dieser Zeit nur online unter <a href=\"http:\/\/www.vhs-lu.de\">www.vhs-lu.de<\/a> m\u00f6glich.<\/p>\n\n\n\n<p><em>Stadt Ludwigshafen am Rhein<br>09.07.2019<\/em><\/p>\n\n\n\n<h2 class=\"wp-block-heading\">Caf\u00e9 Klick<\/h2>\n\n\n\n<h3 class=\"wp-block-heading\">WhatsApp-\u00dcbungsnachmittag im Caf\u00e9 Klick<\/h3>\n\n\n\n<p>Hans-G\u00fcnter John und Kristina Mund bieten am <strong>Montag, 15. Juli 2019<\/strong>, von 14 bis 17 Uhr einen WhatsApp-\u00dcbungsnachmittag an. Sie zeigen die verschiedenen Funktionen von WhatsApp, danach \u00fcben die Teilnehmenden selbst den Umgang damit. Dazu sollte jeder und jede Teilnehmende das eigene Smartphone mitbringen. Der Kurs kostet sieben Euro. Eine Anmeldung ist erforderlich beim B\u00fcrodienst von LU kompakt, Benckiserstra\u00dfe 66, Telefon 0621 96364251 (montags bis donnerstags von 10 bis 12 und 14 bis 16 Uhr).<\/p>\n\n\n\n<p><em>Stadt Ludwigshafen am Rhein<br>09.07.2019<\/em><\/p>\n\n\n\n<h3 class=\"wp-block-heading\">Kurs &#8222;Datensicherung und Datensicherheit&#8220; im Caf\u00e9 Klick<\/h3>\n\n\n\n<p>Das Caf\u00e9 Klick bietet am <strong>Mittwoch, 10. Juli 2019<\/strong>, von 14 bis 17 Uhr einen Kurs zum Thema Datensicherung und Datensicherheit an. Kursleiter J\u00fcrgen Soltau erl\u00e4utert, wie man seine Daten ideal sichert (beispielsweise auf externen Festplatten) und geht auf die Bedeutung von Virenschutzprogrammen ein. Die Teilnahme kostet sieben Euro pro Person. Grundkenntnisse in Sachen Computer sind Voraussetzung f\u00fcr die Teilnahme. Eine Anmeldung ist erforderlich beim B\u00fcrodienst von LU kompakt, Benckiserstra\u00dfe 66, Telefon 0621 96364251 (montags bis donnerstags von 10 bis 12 Uhr und von 14 bis 16 Uhr).<\/p>\n\n\n\n<p><em>Stadt Ludwigshafen am Rhein<br>09.07.2019<\/em><\/p>\n\n\n\n<h2 class=\"wp-block-heading\">Wo ist es laut?<\/h2>\n\n\n\n<h3 class=\"wp-block-heading\">Stadt nimmt Anregungen zum L\u00e4rmaktionsplan entgegen<\/h3>\n\n\n\n<p>Die Stadt Ludwigshafen aktualisiert derzeit den L\u00e4rmaktionsplan. Hierf\u00fcr k\u00f6nnen B\u00fcrgerinnen und B\u00fcrger <em><strong>bis 31. August <\/strong><\/em>dieses Jahres per E-Mail oder ausgef\u00fclltem Coupon, der in der neuen LU abgedruckt ist, st\u00f6rende L\u00e4rmquellen, die vom Verkehr ausgehen, nennen und Schutzma\u00dfnahmen vorschlagen. Der aus dem Schienenverkehr resultierende Bahnl\u00e4rm wird vom Eisenbahnbundesamt direkt erfasst. <\/p>\n\n\n\n<p>&#8222;Die Anregungen werden auf Realisier- und Finanzierbarkeit gepr\u00fcft, dokumentiert und dann zusammen mit den noch nicht umgesetzten Ma\u00dfnahmen aus den vergangenen L\u00e4rmaktionspl\u00e4nen zur Diskussion gestellt. Ma\u00dfnahmen wie das Einf\u00fchren eines Tempolimits oder das Errichten von L\u00e4rmschutzw\u00e4nden verbessern ebenso wie viele kleinere Ma\u00dfnahmen die Lebensqualit\u00e4t der Bewohnerinnen und Bewohner erheblich&#8220;, erl\u00e4uterte Bau- und Umweltdezernent Klaus Dillinger in einem Pressegespr\u00e4ch am Montag, 1. Juli 2019.<\/p>\n\n\n\n<h4 class=\"wp-block-heading\">Was konnte bislang umgesetzt werden?<\/h4>\n\n\n\n<p>Mit der Elektrifizierung der Bahnlinie durch die BASF wurde der Nahverkehr in Ludwigshafen verbessert. Neue Radwege wurden geschaffen, andere saniert, wie in der Erzbergerstra\u00dfe, der Industriestra\u00dfe und der Verbindung zwischen Rheing\u00f6nheim und Mundenheim. Damit werden Anreize geschaffen, ohne Auto, sicher von A nach B zu gelangen. Auch zahlreiche Fahrbahnen wurden saniert. Besonders hervorzuheben ist die  Lagerhausstra\u00dfe, die mit einem sogenannten l\u00e4rmoptimierten Asphalt versehen wurde. Dieser soll nun auch bei der geplanten Sanierung der Sternstra\u00dfe eingesetzt werden. Dort ist die maximal zul\u00e4ssige Geschwindigkeit von 22 Uhr bis 6 Uhr auf 30 Stundenkilometer herabgesenkt worden. Motoren-, Reifen- und Windger\u00e4usche konnten damit reduziert werden. Durch &#8222;gr\u00fcne Wellen&#8220;, wie beispielsweise auf der Rheinallee, werden Anfahrvorg\u00e4nge minimiert und dadurch wird eine L\u00e4rmentlastung erreicht. Die &#8222;gr\u00fcnen Wellen&#8220; sind auf eine bestimmte Verkehrsmenge ausgelegt, weshalb man vielleicht trotzdem manchmal an einer roten Ampel warten muss. Auch hier wird sich einiges ver\u00e4ndern: Die Stadt Ludwigshafen wird \u00fcber eine intelligente bedarfsorientierte Verkehrssteuerung gezielt &#8222;gr\u00fcne Wellen&#8220; f\u00f6rdern. Durch den fl\u00fcssigeren Verkehr wird es weniger Halte an den Ampeln und dadurch weniger Luftschadstoffe und weniger L\u00e4rm geben. <\/p>\n\n\n\n<h4 class=\"wp-block-heading\">Wie geht es weiter?<\/h4>\n\n\n\n<p>Die Stadt hat auf Basis seiner erfassten Verkehrszahlen ein Hamburger Ingenieurb\u00fcro beauftragt, eine Schallberechnung vorzunehmen. Dies erm\u00f6glicht ein digitales Stadtmodell, in dem alle Geb\u00e4ude mit der entsprechenden H\u00f6he, alle Gr\u00fcnfl\u00e4chen und unbebauten Fl\u00e4chen hinterlegt sind. Hiermit bekommt die Stadt einen \u00dcberblick \u00fcber die L\u00e4rmsituation in Ludwigshafen, der mit den Anregungen aus der Bev\u00f6lkerung erg\u00e4nzt wird. L\u00e4rmmessungen w\u00fcrden keine repr\u00e4sentativen Ergebnisse liefern. Belastbar w\u00e4ren die Messungen erst, wenn \u00fcber ein ganzes Jahr lang t\u00e4glich 24 Stunden gemessen werden w\u00fcrde. <\/p>\n\n\n\n<h4 class=\"wp-block-heading\">Was bedeutet L\u00e4rm eigentlich?<\/h4>\n\n\n\n<p>L\u00e4rm ist keine definierte messbare Gr\u00f6\u00dfe, weil jeder Mensch anders auf Ger\u00e4usche reagiert. Eine messbare Gr\u00f6\u00dfe ist der Schalldruck. Dieser wird als Schalldruckpegel in Dezibel (dB) angegeben. Eine Verdoppelung der Zahl der Schallquellen zum Beispiel der Kraftfahrzeuge entspricht einer Zunahme des Schalldruckpegels um 3 dB. Eine Verdoppelung der Verkehrsmenge f\u00fchrt noch nicht dazu, dass das Ger\u00e4usch auch als &#8222;doppelt so laut&#8220; empfunden wird. Das menschliche Geh\u00f6r empfindet erst bei einer Zunahme des Schalldruckpegels um 10 dB Verdopplung der Lautst\u00e4rke. Gesundheitsgef\u00e4hrdungen sind bei Dauerbelastungen ab einem 24-Stunden-Wert von 65 dB und ab einem Nachtmittelwert von 55 dB nicht auszuschlie\u00dfen. Bei Neubauten m\u00fcssen deshalb diese Grenzwerte eingehalten werden. Die zu erwartenden Schalldruckpegel werden bereits im Bauprozess durch Simulation der Schallausbreitung im Baugebiet ermittelt. Anhand der Ergebnisse lassen sich Baumaterialien gezielt ausw\u00e4hlen.<\/p>\n\n\n\n<p>Mehr unter <a href=\"http:\/\/www.ludwigshafen.de\/nachhaltig\/umwelt\/luft-und-laerm\/umgebungslaermrichtlinie\/\">www.ludwigshafen.de\/nachhaltig\/umwelt\/luft-und-laerm\/umgebungslaermrichtlinie\/<\/a><\/p>\n\n\n\n<p>Der L\u00e4rmaktionsplan und die L\u00e4rmkarten der Bahn k\u00f6nnen unter <a href=\"http:\/\/www.laermkartierung1.eisenbahn-bundesamt.de\/mb3\/app.php\/application\/eba\">www.laermkartierung1.eisenbahn-bundesamt.de\/mb3\/app.php\/application\/eba<\/a> abgerufen werden.<\/p>\n\n\n\n<p>Die E-Mail-Adresse, unter der Anregungen abgegeben werden k\u00f6nnen, lautet: <a href=\"laermaktionsplanung@ludwigshafen.de\">laermaktionsplanung@ludwigshafen.de<\/a>. <\/p>\n\n\n\n<p><em>Stadt Ludwigshafen am Rhein<br>09.07.2019<\/em><\/p>\n\n\n\n<h2 class=\"wp-block-heading\">Beate Steeg weiterhin Verbandsvorsteherin der Zweckverb\u00e4nde Kinderzentrum und Mosaikschule Ludwigshafen am Rhein<\/h2>\n\n\n\n<p>Beate Steeg, Dezernentin f\u00fcr Soziales und Integration der Stadt Ludwigshafen, ist erneut zur Verbandsvorsteherin des Zweckverbands Kinderzentrum Ludwigshafen am Rhein bei der j\u00fcngsten Sitzung der Mitglieder des Zweckverbandes gew\u00e4hlt worden. Den Zweckverband gibt es seit 40 Jahren. Das Kinderzentrum Ludwigshafen nahm damals seinen Betrieb auf mit einem F\u00f6rderkindergarten und einer Schule f\u00fcr beeintr\u00e4chtigte Kinder. Vor der Er\u00f6ffnung der F\u00f6rderschule und des Kindergartens hatten 1976 die St\u00e4dte Ludwigshafen, Frankenthal, Speyer und der Rhein-Pfalz-Kreis (damals Landkreis Ludwigshafen) unter der Beteiligung der Kinderhilfe in Rheinhessen und Vorderpfalz e.V. den Zweckverband Zentrum f\u00fcr k\u00f6rperbehinderte Kinder und Jugendliche gegr\u00fcndet, um die Entstehung der Einrichtungen m\u00f6glich zu machen. Heute hei\u00dft der Verband Zweckverband Kinderzentrum Ludwigshafen am Rhein. Zum Stellvertreter von Beate Steeg ist der Beigeordnete der Stadt Frankenthal, Bernd Leidig, gew\u00e4hlt worden.<\/p>\n\n\n\n<p>Weiterhin wurde Beate Steeg als Vorsteherin des Zweckverbands Schule mit dem F\u00f6rderschwerpunkt motorische Entwicklung Ludwigshafen \u2013 Mosaikschule best\u00e4tigt. Ihr Stellvertreter in diesem Zweckverband ist der Beigeordnete des Rhein-Pfalz-Kreises Manfred Gr\u00e4f.<\/p>\n\n\n\n<p><em>Stadt Ludwigshafen am Rhein<br>09.07.2019<\/em><\/p>\n\n\n\n<h2 class=\"wp-block-heading\">Oberb\u00fcrgermeisterin empf\u00e4ngt neue Auszubildende<\/h2>\n\n\n\n<p>Oberb\u00fcrgermeisterin Jutta Steinruck hat am Freitag, 27. Juni 2019, die neuen Auszubildenden der Stadtverwaltung beim traditionellen Auszubildenden-Empfang im Rathaus begr\u00fc\u00dft. Insgesamt beginnen in diesem Jahr 49 junge Frauen und M\u00e4nner ihre berufliche Laufbahn bei der Stadtverwaltung. &#8222;Ich freue mich, in diesem Jahr 49 neue Nachwuchskr\u00e4fte herzlich begr\u00fc\u00dfen zu k\u00f6nnen. Der Start ins Berufsleben ist ein bedeutender Schritt und Sie alle gehen diesen Weg gemeinsam mit der Stadt Ludwigshafen. Sie sind unsere Zukunft und es ist mir wichtig, Ihnen eine qualifizierte Ausbildung zu bieten. Als b\u00fcrgerfreundliche Stadtverwaltung sind wir nur erfolgreich, wenn wir motivierte und gut ausgebildete Mitarbeiter<em>innen haben. Wir alle arbeiten gemeinsam f\u00fcr die B\u00fcrger<\/em>innen dieser Stadt und begleiten sie in vielen Lebenslagen. Die Ausbildung im \u00d6ffentlichen Dienst ist abwechslungsreich und spannend, aber auch ein Privileg und die pers\u00f6nliche Chance, sich immer weiter zu entwickeln&#8220;, sagte Oberb\u00fcrgermeisterin Jutta Steinruck beim Empfang.<\/p>\n\n\n\n<p>Auch die st\u00e4dtischen Ausbilder*innen waren zur Veranstaltung eingeladen, um von Anfang an die neuen Nachwuchskr\u00e4fte kennenzulernen und mit ihnen ins Gespr\u00e4ch zu kommen. <\/p>\n\n\n\n<p>Dar\u00fcber hinaus zeichnete die Oberb\u00fcrgermeisterin junge Mitarbeiter*innen aus, die k\u00fcrzlich ihre Ausbildung bei der Stadtverwaltung erfolgreich beendet haben.<\/p>\n\n\n\n<h4 class=\"wp-block-heading\">Hintergrund:<\/h4>\n\n\n\n<p>Seit Jahren haben j\u00e4hrlich zwischen 30 und 60 Nachwuchskr\u00e4fte bei der Stadt ihre Ausbildung begonnen. Im Vorjahr (2018) waren es 61 junge Frauen und M\u00e4nner. 2019 gab es insgesamt 620 Bewerber*innen, von denen 7,9 Prozent erfolgreich waren und einen Ausbildungsplatz erhalten haben. Von den neuen Nachwuchskr\u00e4ften sind in diesem Jahr 28 weiblich und 21 m\u00e4nnlich.<\/p>\n\n\n\n<p><strong>Einstellungen zum 1. Juli:<\/strong><\/p>\n\n\n\n<ul><li>10 Beamtenanw\u00e4rterinnen im dritten Einstiegsamt sowie 4 Beamtenanw\u00e4rterinnen im zweiten Einstiegsamt.<\/li><\/ul>\n\n\n\n<p><strong>Einstellungen von August bis Oktober:<\/strong><\/p>\n\n\n\n<ul><li>9 Bachelor-Studierende in den Richtungen Bachelor of Engineering in Bauingenieurwesen (1), Bachelor of Arts in Betriebswirtschaftslehre (2) und Bachelor of Arts in Soziale Arbeit (6),<\/li><li>2 Fachangestellte f\u00fcr Medien- und Informationsdienste,<\/li><li>2 Fachinformatiker,<\/li><li>3 Fachkr\u00e4fte f\u00fcr Abwassertechnik,<\/li><li>1 Fachangestellten f\u00fcr B\u00e4derbetriebe,<\/li><li>4 G\u00e4rtner,<\/li><li>1 Kraftfahrzeugmechatroniker,<\/li><li>1 Stra\u00dfenbauer,<\/li><li>1 Bestattungsfachkraft,<\/li><li>1 Geomatiker,<\/li><li>1 Fachkraft f\u00fcr Veranstaltungstechnik,<\/li><li>9 Verwaltungsfachangestellte.<\/li><\/ul>\n\n\n\n<p><strong>Bewerbungen f\u00fcr das Ausbildungsjahr 2020<\/strong> sind noch <strong><em>bis 30. September 2019<\/em><\/strong> m\u00f6glich. Informationen dazu k\u00f6nnen auf der <a href=\"http:\/\/www.ludwigshafen.de\">www.ludwigshafen.de<\/a> abgerufen werden.<\/p>\n\n\n\n<p><em>Stadt Ludwigshafen am Rhein<br>09.07.2019<\/em><\/p>\n\n\n\n<h2 class=\"wp-block-heading\">#HolDieOberb\u00fcrgermeisterin: Projekt &#8222;Naturerfahrungsraum Trassenwald&#8220; gewinnt im Juni<\/h2>\n\n\n\n<div class=\"wp-block-image\"><figure class=\"aligncenter\"><img decoding=\"async\" loading=\"lazy\" width=\"400\" height=\"400\" src=\"https:\/\/speyer24news.com\/wp-content\/uploads\/2019\/07\/Jutta-Steinruck-@-twitter.jpg\" alt=\"\" class=\"wp-image-15969\" srcset=\"https:\/\/speyer24news.com\/wp-content\/uploads\/2019\/07\/Jutta-Steinruck-@-twitter.jpg 400w, https:\/\/speyer24news.com\/wp-content\/uploads\/2019\/07\/Jutta-Steinruck-@-twitter-150x150.jpg 150w, https:\/\/speyer24news.com\/wp-content\/uploads\/2019\/07\/Jutta-Steinruck-@-twitter-300x300.jpg 300w\" sizes=\"(max-width: 400px) 100vw, 400px\" \/><\/figure><\/div>\n\n\n\n<p>Das Projekt &#8222;Naturerfahrungsraum Trassenwald&#8220; hat sich im Juni bei der Aktion #HolDieOberb\u00fcrgermeisterin gegen die Konkurrenz durchgesetzt und sich damit den Monatssieg gesichert. Der Naturerfahrungsraum Trassenwald ist eine gr\u00fcne Oase zwischen Sternstra\u00dfe und Industriestra\u00dfe. Die Initiatoren haben zum Schutz der Gr\u00fcnanlage ein Konzept mit Schwerpunkt Umweltbildung erarbeitet und m\u00f6chten es Oberb\u00fcrgermeisterin Jutta Steinruck gerne pers\u00f6nlich vorstellen. Zu diesem Zweck wird die Oberb\u00fcrgermeisterin das Projekt nach der Sommerpause besuchen.<\/p>\n\n\n\n<p>Nachdem der Gewinner im Juni nun feststeht, hei\u00dft es f\u00fcr alle anderen Projekte weiterhin Unterst\u00fctzerinnen und Unterst\u00fctzer zu sammeln. Denn die bereits erhaltenen Stimmen z\u00e4hlen weiter. Alle eingereichten Projekte haben sechs Monate lang die Chance zu gewinnen. Stichtag f\u00fcr die Gewinnerin oder den Gewinner des Monats Juli 2019 ist dieses Mal am Mittwoch, 31. Juli 2019,  um 10 Uhr. In den sozialen Netzwerken gilt es f\u00fcr die Initiatoren das eigene Projekt zu teilen und unter dem Hashtag #HolDieOberb\u00fcrgermeisterin auffindbar zu machen. <\/p>\n\n\n\n<p>Nat\u00fcrlich freut sich Oberb\u00fcrgermeisterin Jutta Steinruck auch \u00fcber viele neue Projekte aus und f\u00fcr Ludwigshafen. Alle Informationen zum Einstellen von Projekten, zur Abstimmung und zum Ablauf gibt es auf <a href=\"http:\/\/www.holdieob-ludwigshafen.de\">www.holdieob-ludwigshafen.de<\/a>.<\/p>\n\n\n\n<h4 class=\"wp-block-heading\">Die Idee dahinter<\/h4>\n\n\n\n<p>HolDenOberb\u00fcrgermeister wurde erdacht und initiiert von Nicole Huber und Christian Behrendt. W\u00e4hrend seines Engagements an der Berlin-School of Creative Leadership, wo er ein Stipendium f\u00fcr deren renommiertes Executive MBA-Programm gewann, erforschte er im Rahmen seiner Research-These, wie soziale Medien und digitale Plattformen helfen k\u00f6nnen, den Bereich Governance und City Marketing neu zu erfinden. Sein Engagement wurde durch ein Stipendium der Stadt Heidelberg erm\u00f6glicht.<\/p>\n\n\n\n<p>Die Stadt Heidelberg f\u00fchrte #HolDenOberb\u00fcrgermeister im Januar 2015 ein. Seither wurden \u00fcber 30 Gewinner-Projekte von Oberb\u00fcrgermeister Prof. W\u00fcrzner besucht. Rund 7.500 Stimmen wurden abgegeben. In Ludwigshafen l\u00e4uft #HolDieOberb\u00fcrgermeisterin seit Oktober 2018.<\/p>\n\n\n\n<p><em>Stadt Ludwigshafen am Rhein<br>09.07.2019<\/em><\/p>\n\n\n\n<h2 class=\"wp-block-heading\">B\u00e4ume bitte w\u00e4ssern<\/h2>\n\n\n\n<p>Nicht nur Menschen auch B\u00e4ume leiden unter der Hitze. Der Wirtschaftsbetrieb Ludwigshafen (WBL) bittet Anwohnerinnen und Anwohner den Stra\u00dfenbaum vorm Haus in den Morgenstunden mit mehrere Kannen Wasser zu gie\u00dfen. <\/p>\n\n\n\n<p><em>Stadt Ludwigshafen am Rhein<br>09.07.2019<\/em><\/p>\n\n\n\n<h2 class=\"wp-block-heading\">Dreckspatzen geht\u2019s an den Kragen<\/h2>\n\n\n\n<p>Wer M\u00fcll einfach illegal entsorgt, riskiert, erwischt und zur Verantwortung gezogen zu werden. So konnten nach einer Meldung beim M\u00e4ngelmelder die Verursacher einer wilden M\u00fcllablagerung in der Innenstadt ermittelt werden. Sie hinterlie\u00dfen im M\u00fcllberg Spuren, die R\u00fcckschl\u00fcsse auf die Verursacher zulie\u00dfen. Die Untere Abfallbeh\u00f6rde konnte daraufhin ein Verfahren gegen drei Personen einleiten.<\/p>\n\n\n\n<p>&#8222;Ich m\u00f6chte mich bei den vielen B\u00fcrgerinnen und B\u00fcrgern bedanken, die unseren M\u00e4ngelmelder nutzen und sich f\u00fcr ein sauberes Ludwigshafen engagieren. Wir werden als Verwaltung in unseren Bem\u00fchungen, die Verursacherinnen und Verursacher von illegalen M\u00fcllablagerungen zu ermitteln, nicht nachlassen&#8220;, betont Oberb\u00fcrgermeisterin Jutta Steinruck. <\/p>\n\n\n\n<p><em>Stadt Ludwigshafen am Rhein<br>09.07.2019<\/em><\/p>\n\n\n\n<h2 class=\"wp-block-heading\">Biotonne wird im Sommer w\u00f6chentlich geleert<\/h2>\n\n\n\n<h3 class=\"wp-block-heading\">W\u00e4hrend der Sommermonate k\u00f6nnen die Biotonnen bis Freitag, 30. August 2019, w\u00f6chentlich zur Leerung rausgestellt werden. Die Leerung der Restabfallgef\u00e4\u00dfe bleibt von dieser Regelung unber\u00fchrt.<\/h3>\n\n\n\n<div class=\"wp-block-image\"><figure class=\"aligncenter\"><img decoding=\"async\" loading=\"lazy\" width=\"667\" height=\"1000\" src=\"https:\/\/speyer24news.com\/wp-content\/uploads\/2019\/07\/Biotonne.jpg\" alt=\"\" class=\"wp-image-15966\" srcset=\"https:\/\/speyer24news.com\/wp-content\/uploads\/2019\/07\/Biotonne.jpg 667w, https:\/\/speyer24news.com\/wp-content\/uploads\/2019\/07\/Biotonne-200x300.jpg 200w\" sizes=\"(max-width: 667px) 100vw, 667px\" \/><\/figure><\/div>\n\n\n\n<p>Um einer vorzeitigen G\u00e4rung des Inhalts entgegenzuwirken, sollte die Biotonne mit stets geschlossenem Deckel m\u00f6glichst schattig stehen. Der Wirtschaftsbetrieb Ludwigshafen (WBL) empfiehlt, die Biotonne zu jeder Jahreszeit m\u00f6glichst trocken zu halten und feuchte K\u00fcchenabf\u00e4lle sowie Essensreste dick in Zeitungspapier einzuwickeln. Als Bodenbelag und Zwischenlagen leisten Zeitungspapier und Gartenkalk ebenfalls einen guten Dienst. Zum Aufsaugen von Fl\u00fcssigkeiten k\u00f6nnen auch Streu, S\u00e4gemehl und Holzsp\u00e4ne von unbehandeltem Holz, zerrissene Eierkartons und Papiertaschent\u00fccher verwendet werden. Grasschnitt sollte m\u00f6glichst vor dem Einf\u00fcllen angetrocknet werden. Bioabf\u00e4lle geh\u00f6ren auf gar keinen Fall in Plastikt\u00fcten. Plastikt\u00fcten d\u00fcrfen auch nicht als Einlage f\u00fcr das K\u00fcchenvorsammelgef\u00e4\u00df und die Biotonne verwendet werden. <\/p>\n\n\n\n<p>Nach der Leerung kann die Biotonnen ab und zu mit Essigwasser ausgesp\u00fclt werden Bevor sie neu gef\u00fcllt wird, muss sie trocken sein. Der Deckelrand kann zus\u00e4tzlich mit Essig abgerieben werden. Zur Vorbeugung von Ger\u00fcchen oder bei bestehendem Madenbefall helfen einige L\u00f6ffel Natron, gel\u00f6schter Kalk oder Biotonnenpulver. Gegen Geb\u00fchr reinigt auch der Wirtschaftsbetrieb die Beh\u00e4lter. Treten trotz aller Sorgfalt Fliegenmaden auf, sorgen spezielles Biotonnenpulver,<br>\nGesteinsmehl oder gel\u00f6schter Kalk aus dem Baumarkt oder Gartencenter f\u00fcr schnelle Abhilfe.                <\/p>\n\n\n\n<p>Die Termine der Biotonnenabholung stehen im Abfallkalender der Stadt Ludwigshafen. Mehr Informationen zur richtigen Handhabung der Biotonne und Kompostierung sowie Tipps gegen Geruchsentwicklung und Insektenbefall gibt es im Abfall- und Wertstoffinfo der Stadt Ludwigshafen im Internet und bei der Abfallberatung der Stadt Ludwigshafen, Telefon 0621 504-3455. <\/p>\n\n\n\n<p><em>Stadt Ludwigshafen am Rhein<br>09.07.2019<\/em><\/p>\n\n\n\n<h2 class=\"wp-block-heading\">Sommerferienprogramm in der Stadtbibliothek<\/h2>\n\n\n\n<p>In den Sommerferien bietet die Stadtbibliothek, Bismarckstra\u00dfe 44-48, von Dienstag, 2. Juli 2019, bis Samstag, 10. August 2019, f\u00fcr Kinder bis zw\u00f6lf Jahre ein vielseitiges Ferienprogramm an. Dabei stehen w\u00f6chentlich wechselnde Bastelaktionen in der Kinderbibliothek und im Fre1raum, der Jugendbibliothek, an mit Fimo, Tonkarton, bunten Perlen und anderen Materialien. Die Bastelaktionen in der Kinderbibliothek sind dienstags bis freitags von 13 bis 18 Uhr und samstags von 10 bis 14 Uhr. Pro Bastelaktion zahlen Kinder einen Euro. Die Bastelaktionen im Fre1raum sind dienstags bis freitags von 14.30 bis 17.30 Uhr und samstags von 10.30 bis 14.30 Uhr und kosten ebenfalls pro Aktion einen Euro.<\/p>\n\n\n\n<p>Im Ideenw3rk lernen Kinder im Alter von acht bis zw\u00f6lf Jahren am Freitag, 19. Juli 2019, von 15 bis 16 Uhr am Computer Memes (Grafiken mit Bildunterschrift) und Gifs (bewegte Bilder) zu erstellen.<\/p>\n\n\n\n<p>Im Foyer des B\u00fcrgermeister-Reichert-Hauses finden die meisten Aktionen statt. Hier k\u00f6nnen Kinder im Alter von drei bis sechs Jahren am Dienstag, 2. Juli 2019, von 10 bis 11 Uhr auf B\u00e4renjagd gehen. Ein Nintendotanzspiel steht am Dienstag, 9. Juli 2019, von 14 bis 18 Uhr auf dem Programm und ist f\u00fcr Kinder ab acht Jahre geeignet. Das Erz\u00e4hltheater &#8222;Nur wir alle&#8220; steht am Donnerstag, 11. Juli 2019, von 10 bis 13 Uhr f\u00fcr Kinder ab sechs Jahre auf dem Programm. Auf eine &#8222;Google-Expedition&#8220; zu Robin Hood und seinen Abenteuern k\u00f6nnen sich Kinder ab acht Jahre am Dienstag, 8. Juli 2019, von 10 bis 11.30 Uhr und am Donnerstag, 1. August 2019, von 10 bis <br>\n11.30 Uhr begeben. F\u00fcr Kinder ab sieben Jahre ist die Spielkette &#8222;Tim und das Geheimnis von Knolle Murphy&#8220; am Donnerstag, 18. Juli 2019, von 10 bis 11.30 Uhr geeignet. Dabei erleben die Kinder die komische Geschichte um eine strenge Bibliothekarin. Das Bilderbuchkino &#8222;Das kleine Gespenst \u2013 Tohuwabohu auf Burg Eulenstein&#8220; steht am Dienstag, 23. Juli 2019, von 10 bis 11 Uhr f\u00fcr Kinder ab sechs Jahre auf dem Programm. Nach dem Vorlesen basteln die Kinder Gespenstisches. Eine &#8222;Raupenparty&#8220; steigt am Samstag, 27. Juli 2019, von 11 bis 14 Uhr f\u00fcr Kinder zwischen zwei und sechs Jahren. Die Geschichte um die kleine Raupe Nimmersatt feiert n\u00e4mlich ihren 50. Geburtstag. Das textlose Bilderbuch des niederl\u00e4ndischen Illustrators Th\u00e9 Tjong-Khing ist voller Anregungen zum Hinschauen und dient als Grundlage f\u00fcr eine vergn\u00fcgliche Erz\u00e4hl- und Fabulierwerkstatt am Dienstag, 30. Juli 2019, von 10 bis 12 Uhr. Sie ist geeignet f\u00fcr Kinder ab acht Jahre. Eine Geschichtenstunde mit der Geschichte &#8222;Die Steinsuppe&#8220; gibt es f\u00fcr Kinder ab f\u00fcnf Jahre am Dienstag, 6. August 2019, von 10 bis 11 Uhr. <\/p>\n\n\n\n<p>Weitere Informationen zu allen Angeboten gibt es in der Stadtbibliothek unter der Nummer 0621 504-2596 und unter der E-Mail-Adresse <a href=\"kinderbibliothek@ludwigshafen.de\">kinderbibliothek@ludwigshafen.de<\/a>. Unter der genannten Nummer und E-Mail-Adresse kann man sich auch anmelden.<\/p>\n\n\n\n<p><em>Stadt Ludwigshafen am Rhein<br>09.07.2019<\/em><\/p>\n\n\n\n<h2 class=\"wp-block-heading\">Besser bechern \u2013 Kaffeeanbieter der Vorderpfalz starten mit Pfandbechern <\/h2>\n\n\n\n<h3 class=\"wp-block-heading\">Umweltministerin Ulrike H\u00f6fken gibt Startschuss f\u00fcr interkommunales Pilotprojekt<\/h3>\n\n\n\n<div class=\"wp-block-image\"><figure class=\"aligncenter\"><img decoding=\"async\" loading=\"lazy\" width=\"800\" height=\"600\" src=\"https:\/\/speyer24news.com\/wp-content\/uploads\/2019\/07\/DSC03419.jpg\" alt=\"\" class=\"wp-image-15965\" srcset=\"https:\/\/speyer24news.com\/wp-content\/uploads\/2019\/07\/DSC03419.jpg 800w, https:\/\/speyer24news.com\/wp-content\/uploads\/2019\/07\/DSC03419-300x225.jpg 300w, https:\/\/speyer24news.com\/wp-content\/uploads\/2019\/07\/DSC03419-768x576.jpg 768w, https:\/\/speyer24news.com\/wp-content\/uploads\/2019\/07\/DSC03419-678x509.jpg 678w, https:\/\/speyer24news.com\/wp-content\/uploads\/2019\/07\/DSC03419-326x245.jpg 326w, https:\/\/speyer24news.com\/wp-content\/uploads\/2019\/07\/DSC03419-80x60.jpg 80w\" sizes=\"(max-width: 800px) 100vw, 800px\" \/><\/figure><\/div>\n\n\n\n<p>&#8222;Die M\u00fcllberge, die durch Einwegbecher f\u00fcr Kaffee oder Tee j\u00e4hrlich entstehen, sind unvorstellbar: 320.000 Becher werden allein in Deutschland pro Stunde weggeworfen. Das wollen wir \u00e4ndern und haben dazu im Mai die Initiative BecherBonus gestartet&#8220;, sagte die rheinland-pf\u00e4lzische Umweltministerin Ulrike H\u00f6fken am Dienstag, 25. Juni, in Ludwigshafen. Im Restaurant LuTime wurde nun der Startschuss gegeben f\u00fcr die Mehrwegbecherkampagne &#8222;Besser bechern \u2013 Die Vorderpfalz auf dem Weg zu mehr Mehrweg&#8220;, einem interkommunalen Pilotprojekt der St\u00e4dte Ludwigshafen, Frankenthal, Neustadt an der Weinstra\u00dfe und dem Rhein-Pfalz-Kreis. <\/p>\n\n\n\n<p>Diese Kommunen und der Kreis hatten unter Beteiligung des Umweltministeriums Rheinland-Pfalz einen Runden Tisch mit Kaffeeanbietern aus der Region ins Leben gerufen, um gemeinsam \u00fcber den Einsatz von Mehrwegbechern zu diskutieren. Das Ziel: Kommunen wollten nicht einfach ein bestimmtes Pfandsystem vorgeben, sondern die Unternehmen mit ins Boot holen. Das wichtigste Ergebnis der Runde: eine gemeinsame Mehrwegbecher-Kampagne, an der sich m\u00f6glichst viele Kaffeeanbieter beteiligen k\u00f6nnen. Nun starten die Ersten mit der Einf\u00fchrung von Mehrwegpfandsystemen durch.<\/p>\n\n\n\n<p>&#8222;Mit ihrer Kooperation sind die Kommunen absoluter Vorreiter in Rheinland-Pfalz. Ich freue mich sehr, dass die drei St\u00e4dte Ludwigshafen, Frankenthal und Neustadt hier zusammen mit <br>\ndem Rhein-Pfalz-Kreis als Pilot f\u00fcr das Land vorangegangen sind&#8220;, sagte Ministerin H\u00f6fken. &#8222;Sie haben gezeigt, wie man gemeinsam mit den Unternehmen \u00fcber kommunale Gemarkungsgrenzen hinweg eine L\u00f6sung finden kann. Ich hoffe auf viele Nachahmer!&#8220;  <\/p>\n\n\n\n<p>Die anwesenden Vertreterinnen und Vertreter der Kommunen und des Kreises waren sich einig, dass ihre St\u00e4dte \u00fcber die Pendlerstr\u00f6me so eng verbunden sind, dass nur eine gemeinsame Vorgehensweise zielf\u00fchrend ist. &#8222;Wenn man sich morgens in Schifferstadt auf dem Weg zum Bahnhof einen Kaffee in einem Pfandbecher holt und dann beispielsweise nach Ludwigshafen f\u00e4hrt, muss man den Becher dort auch wieder abgeben k\u00f6nnen, sonst hat so ein System f\u00fcr den Kunden keinen Wert,&#8220; meinte Clemens K\u00f6rner, Landrat des Rhein-Pfalz-Kreises.<\/p>\n\n\n\n<p>Ein Mehrwegbecher-Pfandsystem f\u00fcr Coffee-to-go einf\u00fchren werden nun zum einen gro\u00dfe B\u00e4ckereiketten wie Theurer, Otto Schall und G\u00f6rtz und zum anderen aber auch kleinere B\u00e4ckereien wie Brendel, Lanzet, Stadtb\u00e4ckerei Lepold und De`B\u00e4cker Becker. Auch das LuTime ist nat\u00fcrlich dabei. Dar\u00fcber hinaus haben sich auch die beiden Shell-Tankstellen in Neustadt der Kampagne angeschlossen. Das Angebot wird erg\u00e4nzt durch das der Hochschule in Ludwigshafen, die bereits seit April in ihren Cafeterien und Mensen das Pfandsystem Recup anbietet. Nun k\u00f6nnen die Studierenden ihre Becher auch au\u00dferhalb der Hochschule abgeben. <\/p>\n\n\n\n<p>Alle beteiligten Unternehmen haben entweder schon ein Mehrwegbecherpfandsystem oder sind gerade dabei, es einzuf\u00fchren. Ziel des Runden Tisches war es, mit den beiden <br>\nMehrwegbechersystemen zu arbeiten, die bereits in der Region zum Einsatz kommen. Die meisten der Kaffeeanbieter haben sich f\u00fcr das System der Firma Recup entschieden, ein klassisches Pfandsystem, welches nahezu bundesweit vertreten ist. <\/p>\n\n\n\n<p>Waltraud Blarr, Umwelt- und Schuldezernentin der Stadt Neustadt an der Weinstra\u00dfe, freut sich \u00fcber das Ergebnis: &#8222;Bei uns in Neustadt gab es zum einen bereits einige Pioniere, die den Recup-Becher eingef\u00fchrt haben. Auch in Landau und damit in unserer direkten Nachbarschaft kommt der Recup-Becher zum Einsatz.&#8220; Damit sei sichergestellt, dass dieses Projekt keine weitere Insell\u00f6sung schafft, sondern im Gegenteil zur Vernetzung beitr\u00e4gt. <\/p>\n\n\n\n<p>Einige wenige Kaffeeanbieter beteiligen sich an der Mannheimer Kampagne &#8222;Bleib Deinem Becher treu&#8220;. Da dieses System mit Pfandmarken arbeitet und keinen Pfandausgleich bietet, entstehen f\u00fcr die Unternehmen hier keine monatlichen Kosten. Es stellt vor allem eine Alternative f\u00fcr kleinere Filialen dar, die nur wenige Becher pro Tag ausgeben. &#8222;Wir haben nat\u00fcrlich auch B\u00e4cker vor Ort, die auch Filialen in unserer Schwesterstadt Mannheim haben und dort bereits am Mannheimer System beteiligt sind. Von der Logistik her ist es verst\u00e4ndlich, dass sie nur ein System fahren m\u00f6chten&#8220;, meinte Klaus Dillinger, Bau-und Umweltdezernent der Stadt Ludwigshafen. Beide Systeme lie\u00dfen sich gut miteinander verbinden. F\u00fcr die pendelnde Kundschaft habe dies den Vorteil, dass dann beide Becher in der Metropolregion gekauft und auch wieder bei den am jeweiligen System teilnehmenden Betrieben abgegeben werden k\u00f6nne.<\/p>\n\n\n\n<p>Bernd Kn\u00f6ppel, B\u00fcrgermeister der Stadt Frankenthal, erkl\u00e4rte, dass das Team aus Klimaschutzmanagement und Abfallberatung der vier Kommunen die Unternehmen auch weiterhin mit Aktionen, Pressearbeit und weiteren Angeboten unterst\u00fctzen w\u00fcrden, um mehr Mehrweg in der Vorderpfalz zu implementieren. &#8222;Das System lebt vom Mitmachen&#8220;, betonte er. &#8222;Wir m\u00fcssen nun am Ball bleiben und die B\u00fcrgerinnen und B\u00fcrger f\u00fcr das Thema sensibilisieren und motivieren mitzumachen.&#8220;<\/p>\n\n\n\n<p>Die Anwesenden konnten sich vom Kaffee im Mehrwegbecher direkt \u00fcberzeugen, als dieser von der Ministerin und Tanja Krebs ausgeschenkt wurde. Letztere ist Inhaberin des LuTime, das bereits seit der Er\u00f6ffnung im Januar seinen Kunden Kaffee aus Mehrwegbechern anbietet. <\/p>\n\n\n\n<p><em>Text: Stadt Ludwigshafen am Rhein Foto: Speyer 24\/7 News, dak<br>09.07.2019<\/em><\/p>\n\n\n\n<h2 class=\"wp-block-heading\">Wilhelm-Hack-Museum<\/h2>\n\n\n\n<div class=\"wp-block-image\"><figure class=\"aligncenter\"><img decoding=\"async\" loading=\"lazy\" width=\"800\" height=\"205\" src=\"https:\/\/speyer24news.com\/wp-content\/uploads\/2019\/07\/Wilhelm-Hack-Museum-LU.png\" alt=\"\" class=\"wp-image-15968\" srcset=\"https:\/\/speyer24news.com\/wp-content\/uploads\/2019\/07\/Wilhelm-Hack-Museum-LU.png 800w, https:\/\/speyer24news.com\/wp-content\/uploads\/2019\/07\/Wilhelm-Hack-Museum-LU-300x77.png 300w, https:\/\/speyer24news.com\/wp-content\/uploads\/2019\/07\/Wilhelm-Hack-Museum-LU-768x197.png 768w\" sizes=\"(max-width: 800px) 100vw, 800px\" \/><\/figure><\/div>\n\n\n\n<h2 class=\"wp-block-heading\">hack-museumsgARTen: Blue Yellows \u2013 Konzert in der gr\u00fcnen Oase<\/h2>\n\n\n\n<p>Zu einem Konzert in der gr\u00fcnen Oase des hack-museumsgARTens auf dem Hans-Kl\u00fcber-Platz am <strong>Samstag, 13. Juli 2019<\/strong>, ab 14.30 Uhr mit den &#8222;Blue Yellows&#8220; l\u00e4dt das Caritas F\u00f6rderzentrum St. Johannes und St. Michael ein. Die Veranstaltung ist kostenfrei.<\/p>\n\n\n\n<p><em>Stadt Ludwigshafen am Rhein<br>10.07.2019<\/em><\/p>\n\n\n\n<h2 class=\"wp-block-heading\">Ludwigshafen summt und brummt: Klangworkshop zum Mitmachen \u2013 Vom Dr\u00f6hnen, Brummen und Summen<\/h2>\n\n\n\n<p>Unter der Leitung von Michael Vorfeld (Musiker, Klang- und Medienk\u00fcnstler) treffen sich Interessierte am Samstag, 13. Juli 2019, von 14 bis 17 Uhr und am Sonntag, 14. Juli 2019, von 14 bis 19 Uhr zu einem Klangworkshop &#8222;Vom Dr\u00f6hnen, Brummen und Summen&#8220; in der Rudolf-Schaprf-Galerie, Hemshofstra\u00dfe 54. Drone ist das englische Wort f\u00fcr die Drohne (m\u00e4nnliche Honigbiene) und bezeichnet zudem das Brummen und Summen von Insekten. Drone steht aber auch f\u00fcr Drone-Music, eine Musikrichtung, die der Minimal Music zuzuordnen ist und sich durch einen permanenten Klangfluss mit geringf\u00fcgigen tonalen Ver\u00e4nderungen auszeichnet. In einem Workshop, bei dem keine Vorkenntnisse erforderlich sind, werden resonierende Materialien mittels kleiner selbst pr\u00e4parierter Elektro-Propeller in Schwingungen versetzt. In einer abschlie\u00dfenden Auff\u00fchrung aller Workshop-Teilnehmenden pr\u00e4sentiert sich ein vielschichtiges, mikrotonales Klanggebilde, ein Brummen und Summen der besonderen Art.<\/p>\n\n\n\n<p>Die Teilnahme ist kostenfrei. Anmeldung sind m\u00f6glich unter E-Mail <a href=\"hackmuseum@ludwigshafen.de\">hackmuseum@ludwigshafen.de<\/a> . Treffpunkt ist die Rudolf-Scharpf-Galerie, Hemshofstra\u00dfe 54. Die \u00f6ffentliche Auff\u00fchrung findet am Sonntag, 14. Juli, um 19 Uhr in der Dreifaltigkeitskirche (gegen\u00fcber der Rudolf-Scharpf-Galerie) statt.<\/p>\n\n\n\n<p><em>Stadt Ludwigshafen am Rhein<br>10.07.2019<\/em><\/p>\n\n\n\n<h2 class=\"wp-block-heading\">Ludwigshafen summt und brummt: Honigschlecken<\/h2>\n\n\n\n<h3 class=\"wp-block-heading\">Finissage mit vielf\u00e4ltigem Programm <\/h3>\n\n\n\n<h4 class=\"wp-block-heading\">Sonntag, 14. Juli 2019, 14 bis 19 Uhr<\/h4>\n\n\n\n<p>Das Wilhelm Hack Museum l\u00e4dt am Sonntag, 14. Juli 2019, ab 14 Uhr zur Finissage seines Projektes <em>Ludwigshafen summt und brummt <\/em>zum &#8222;Honigschlecken&#8220; in die Rudolf-Scharpf-Galerie, Hemshofstra\u00dfe 54 ein. Weit \u00fcber 1.000 Bienenzeichnungen wurden im Rahmen des k\u00fcnstlerischen Beteiligungsprojektes SUMMARIUM in den vergangenen Wochen von Menschen aus Ludwigshafen und der Region bis hin zu internationalen Einsendungen aus Norwegen und Russland eingereicht und von der K\u00fcnstlerin Constanze Eckert in Form eines gro\u00dfen Schwarms in der Galerie und in der neuen Bienenwohnung in einem der ehemaligen Kassenh\u00e4uschen im Friedrich-Ebert-Park aufgeh\u00e4ngt. Nun ist die K\u00fcnstlerin am 14. Juli nochmals vor Ort und l\u00e4dt ein, den vielf\u00e4ltigen Schwarm und die Bienensammlung anzusehen und\/oder Zeichnungen wieder abzuholen. Alle nicht abgeholten Zeichnungen verbleiben in einem Sammlungsarchiv.<\/p>\n\n\n\n<p>Dar\u00fcber hinaus findet im SUMMARIUM, sozusagen als Ernte der Ausstellung nach all dem Summen und Brummen und dem Ausschw\u00e4rmen in den Ebertpark von 15 bis 18 Uhr zum Abschluss der Ausstellung eine Honigverkostung von regionalen Imkerinnen und Imkern statt. Dort wird anschaulich demonstriert, wie aus den Honigwaben der Honig gewonnen wird. <\/p>\n\n\n\n<p>Besucherinnen und Besucher haben au\u00dferdem die M\u00f6glichkeit, bis 18 Uhr die gesamte Ausstellung ein letztes Mal zu besuchen. Die Aussaat des K\u00fcnstlers Tue Greenfort hat sich im Ausstellungszeitraum beispielsweise zu einer hoch gewachsenen Monokultur entwickelt und auch der Film von Toni Serra zu der wertsch\u00e4tzenden Haltung nordafrikanischer Imker gegen\u00fcber ihren Bienen ist noch den ganzen Nachmittag zu sehen. Gleich um 14 Uhr findet eine letzte F\u00fchrung mit Ursula Dann durch die Ausstellung statt.<\/p>\n\n\n\n<p>Als weiteres Highlight liest um 17 Uhr die bekannte Autorin und Dokumentarfilmerin Ulla Lachauer im Garten der Rudolf-Scharpf-Galerie aus ihrem ber\u00fchrenden Buch <em>Von Bienen und Menschen. Eine Reise durch Europa<\/em>. Im Anschluss gib es Gelegenheit sich mit ihr an der Bienenbar \u00fcber das besondere Verh\u00e4ltnis von Menschen und Bienen auszutauschen und dar\u00fcber zu diskutieren, was uns dieses Verh\u00e4ltnis \u00fcber den Zustand der Welt sagen kann.<\/p>\n\n\n\n<p>Zum Abschluss des Projektes startet um 19 Uhr in der Dreifaltigkeitskirche (direkt gegen\u00fcber der Galerie) die Soundperformance <em>Vom Dr\u00f6hnen, Brummen und Summen<\/em>, die der Musiker und Klang- und Medienk\u00fcnstler Michael Vorfeld aus Berlin in einem Workshop vor Ort mit mehreren Ludwigshafenerinnen und Ludwigshafenern erarbeitet hat.<\/p>\n\n\n\n<p>Was von der Ausstellung auch noch \u00fcber einen l\u00e4ngeren Zeitraum bleiben wird, sind die durch das Museum initiierten Bl\u00fchstreifen, Insektenhotels und der Bienenpfad mit Informationstafel im \u00f6ffentlichen Raum. <\/p>\n\n\n\n<p><em>Stadt Ludwigshafen am Rhein<br>10.07.2019<\/em><\/p>\n\n\n\n<h3 class=\"wp-block-heading\">Freie Pl\u00e4tze im Sommerferienkurs Fantastische Pflanzenwelten im Wilhelm-Hack-Museum<\/h3>\n\n\n\n<p>Noch freie Pl\u00e4tze gibt es im Sommerferienkurs Fantastische Pflanzenwelten im Wilhelm-Hack-Museum f\u00fcr Kinder im Alter zwischen sechs und zw\u00f6lf Jahren: Von Montag, 22. Juli bis Freitag, 26. Juli treffen sie sich im Museum jeweils von 9 bis 16 Uhr. Unter der Leitung von Anja Guntrum taucht die Gruppe gemeinsam in die wundersamen Welten der Ausstellung Gew\u00e4chse der Seele ein. Die Kinder entdecken Pflanzen, die mal wie ein Tier aussehen oder doch nicht? \u00dcppig bl\u00fchende Blumen ziehen magisch an und man meint, ihren Duft beinahe riechen zu k\u00f6nnen. Beim Betrachten der Kunstwerke entspinnen sich viele geheimnisvolle Geschichten und lassen auch bei den Teilnehmenden die Ideen sprie\u00dfen. Im Atelier entstehen unter anderem Linol- und Siebdrucke sowie Blumenfrisbees. Der Kurs endet mit einer eigenen Ausstellung im Museumsatelier. Die Kosten betragen 150 Euro inklusive Verpflegung und Getr\u00e4nken sowie Material. Eine Anmeldung ist erforderlich und wird unter E-Mail <a href=\"hackmuseum@ludwigshafen.de\">hackmuseum@ludwigshafen.de<\/a> oder \u00fcber Telefon 0621 504-3045\/-3411 entgegengenommen.<\/p>\n\n\n\n<p><em>Stadt Ludwigshafen am Rhein<br>09.07.2019<\/em><\/p>\n\n\n\n<h2 class=\"wp-block-heading\">Kommunaler Vollzugsdienst (KVD)<\/h2>\n\n\n\n<div class=\"wp-block-image\"><figure class=\"aligncenter\"><img decoding=\"async\" loading=\"lazy\" width=\"700\" height=\"394\" src=\"https:\/\/speyer24news.com\/wp-content\/uploads\/2019\/07\/KVD-LU-Berliner-Platz.jpg\" alt=\"\" class=\"wp-image-15967\" srcset=\"https:\/\/speyer24news.com\/wp-content\/uploads\/2019\/07\/KVD-LU-Berliner-Platz.jpg 700w, https:\/\/speyer24news.com\/wp-content\/uploads\/2019\/07\/KVD-LU-Berliner-Platz-300x169.jpg 300w, https:\/\/speyer24news.com\/wp-content\/uploads\/2019\/07\/KVD-LU-Berliner-Platz-678x381.jpg 678w\" sizes=\"(max-width: 700px) 100vw, 700px\" \/><\/figure><\/div>\n\n\n\n<h3 class=\"wp-block-heading\">L\u00e4rmbeschwerde endet f\u00fcr alkoholisierten Gastwirt in Handschellen<\/h3>\n\n\n\n<p>Nach einem versuchten Angriff auf eine ihrer Kolleginnen hat der Kommunale Vollzugsdienst (KVD) Sonntagnacht einen alkoholisierten Gastwirt \u00fcberw\u00e4ltigt und ihm Handschellen angelegt. Der 51-J\u00e4hrige hatte zuvor die KVD-Einsatzkr\u00e4fte beschimpft, die wegen der L\u00e4rmbeschwerde eines Anwohners gegen 23 Uhr die Gastst\u00e4tte in der Rohrlachstra\u00dfe aufsuchten, um f\u00fcr Nachtruhe zu sorgen. Da er als Verantwortlicher f\u00fcr die Gastst\u00e4tte beim Eintreffen des KVD zun\u00e4chst nicht zugegen war und das Lokal mit G\u00e4sten unbeaufsichtigt zur\u00fcckgelassen hatte sowie nach seinem sp\u00e4teren Eintreffen angetrunken, uneinsichtig und aggressiv war, forderte die KVD-Streife ihn auf, die Gastst\u00e4tte zu schlie\u00dfen. Daraufhin schrie er die Vollzugsbeamten an und n\u00e4herte sich drohend mit erhobenem Arm einer KVD-Beamtin. Um den drohenden Angriff zu verhindern, brachten ihn mehrere Einsatzkr\u00e4fte zu Boden und fesselten ihn. Die hinzugerufene Polizei stellte bei dem 51-J\u00e4hrigen einen Atemalkoholwert von 1,34 Promille fest.<\/p>\n\n\n\n<p><em>Stadt Ludwigshafen am Rhein<br>09.07.2019<\/em><\/p>\n\n\n\n<h3 class=\"wp-block-heading\">KVD verhindert illegale M\u00fcllablagerung \u2013 OB Steinruck: &#8222;Kontrollen wirken&#8220;<\/h3>\n\n\n\n<p>Der Kommunale Vollzugsdienst (KVD) hat am fr\u00fchen Sonntagmorgen, 23. Juni 2019, einen 41-J\u00e4hrigen bei der illegalen Abfallentsorgung auf frischer Tat ertappt. Gegen 1.35 Uhr fiel der Mann in der Hartmannstra\u00dfe der KVD-Streife auf, als er Bauabf\u00e4lle von einem Pritschenwagen lud und an einem Glascontainer abstellte. Von den Einsatzkr\u00e4ften zur Rede gestellt, verwies der Mann darauf, dass dort ohnehin schon anderer Abfall gestanden habe. Auf die Frage, wohin er den auf seinem Fahrzeug verbliebenen Bauschutt bringen wollte, erhielten sie keine Antwort. Der 41-J\u00e4hrige, dessen Ehefrau mittlerweile hinzugekommen war, wurde \u00fcber sein ordnungswidriges Verhalten aufgekl\u00e4rt und auf die Entsorgungsm\u00f6glichkeit bei den Wertstoffh\u00f6fen hingewiesen. Die KVD-Kr\u00e4fte forderten ihn auf, den Abfall, zu welchem unter anderem auch Laminatdielen z\u00e4hlten, wieder einzusammeln. Dieser Aufforderung kam er nach.<\/p>\n\n\n\n<p>&#8222;Der aktuelle Fall zeigt, dass die Kontrollen der Verwaltung wirken, um illegale M\u00fcllablagerungen zu unterbinden und die Sauberkeit in Ludwigshafen zu verbessern&#8220;, sagte Oberb\u00fcrgermeisterin Jutta Steinruck anl\u00e4sslich des KVD-Ermittlungserfolgs. &#8222;Gleichzeitig weise ich darauf hin, dass gem\u00e4\u00df der Abfallwirtschaftssatzung illegale M\u00fcllablagerungen mit Geldbu\u00dfen bis zu 5.000 Euro geahndet werden k\u00f6nnen.&#8220;<\/p>\n\n\n\n<p><em>Stadt Ludwigshafen am Rhein<br>09.07.2019<\/em><\/p>\n\n\n\n<h3 class=\"wp-block-heading\">P\u00f6belnden Mann in Klinik gebracht<\/h3>\n\n\n\n<p>Der Kommunale Vollzugsdienst (KVD) hat am Montagnachmittag, 24. Juni 2019, einen p\u00f6belnden Mann in ein Bad D\u00fcrkheimer Krankenhaus gebracht. Nachdem der 28-J\u00e4hrige in N\u00e4he der Altfriedhofstra\u00dfe Sch\u00fcler angep\u00f6belt hatte, zog die Polizei gegen 13 Uhr den KVD hinzu. Der Mann gab an, Psychopharmaka, Alkohol und Methadon zu sich genommen zu haben. Die Einsatzkr\u00e4fte brachten ihn in die Klinik Sonnenwende in Bad D\u00fcrkheim, wo er station\u00e4r aufgenommen wurde, da gem\u00e4\u00df des Landesgesetzes f\u00fcr psychisch kranke Personen (PsychKG) eine Eigengef\u00e4hrdung bestand.<\/p>\n\n\n\n<p><em>Stadt Ludwigshafen am Rhein<br>09.07.2019<\/em><\/p>\n","protected":false},"excerpt":{"rendered":"<div class=\"mh-excerpt\"><p>Vorsicht vor Ambrosia In den letzten Jahren hat sich die Beifu\u00df-Ambrosie (Ambrosia artemisiifolia) stark ausgebreitet. Dies ist problematisch, da die Pollen der Ambrosia als starker Allergieausl\u00f6ser bekannt sind und zu schwerem Heuschnupfen oder sogar Asthma <a class=\"mh-excerpt-more\" href=\"https:\/\/speyer24news.com\/?p=15964\" title=\"Ludwigshafen am Rhein:\">[&#8230;]<\/a><\/p>\n<\/div>","protected":false},"author":3,"featured_media":15970,"comment_status":"open","ping_status":"open","sticky":false,"template":"","format":"standard","meta":{"_monsterinsights_skip_tracking":false,"_monsterinsights_sitenote_active":false,"_monsterinsights_sitenote_note":"","_monsterinsights_sitenote_category":0,"footnotes":""},"categories":[2098],"tags":[2099,2104,2109,2117,2112,2111,2108,2103,2114,2100,1222,2119,2113,153,1029,2101,2115,2116,498,2106,1221,2105,2107,2102,2110,2118],"aioseo_notices":[],"amp_enabled":true,"_links":{"self":[{"href":"https:\/\/speyer24news.com\/index.php?rest_route=\/wp\/v2\/posts\/15964"}],"collection":[{"href":"https:\/\/speyer24news.com\/index.php?rest_route=\/wp\/v2\/posts"}],"about":[{"href":"https:\/\/speyer24news.com\/index.php?rest_route=\/wp\/v2\/types\/post"}],"author":[{"embeddable":true,"href":"https:\/\/speyer24news.com\/index.php?rest_route=\/wp\/v2\/users\/3"}],"replies":[{"embeddable":true,"href":"https:\/\/speyer24news.com\/index.php?rest_route=%2Fwp%2Fv2%2Fcomments&post=15964"}],"version-history":[{"count":1,"href":"https:\/\/speyer24news.com\/index.php?rest_route=\/wp\/v2\/posts\/15964\/revisions"}],"predecessor-version":[{"id":15976,"href":"https:\/\/speyer24news.com\/index.php?rest_route=\/wp\/v2\/posts\/15964\/revisions\/15976"}],"wp:featuredmedia":[{"embeddable":true,"href":"https:\/\/speyer24news.com\/index.php?rest_route=\/wp\/v2\/media\/15970"}],"wp:attachment":[{"href":"https:\/\/speyer24news.com\/index.php?rest_route=%2Fwp%2Fv2%2Fmedia&parent=15964"}],"wp:term":[{"taxonomy":"category","embeddable":true,"href":"https:\/\/speyer24news.com\/index.php?rest_route=%2Fwp%2Fv2%2Fcategories&post=15964"},{"taxonomy":"post_tag","embeddable":true,"href":"https:\/\/speyer24news.com\/index.php?rest_route=%2Fwp%2Fv2%2Ftags&post=15964"}],"curies":[{"name":"wp","href":"https:\/\/api.w.org\/{rel}","templated":true}]}}