{"id":15995,"date":"2019-07-10T10:09:49","date_gmt":"2019-07-10T09:09:49","guid":{"rendered":"https:\/\/speyer24news.com\/?p=15995"},"modified":"2019-07-10T10:09:51","modified_gmt":"2019-07-10T09:09:51","slug":"landau-4","status":"publish","type":"post","link":"https:\/\/speyer24news.com\/?p=15995","title":{"rendered":"Landau:"},"content":{"rendered":"<style type=\"text\/css\">\r\n\t.ads_top_disp{}\r\n\t.ads_top_corner_disp{ float:left; margin:0px 10px 10px 0px; }\r\n\t.ads_first_p_disp{}\r\n\t.ads_bottom_disp{}\r\n\t<\/style>\n<h2 class=\"wp-block-heading\">Begleitung zur erfolgreichen Berufsfindung: Land verl\u00e4ngert Projekt \u201eJugendscout\u201c auch in Landau \u2013 Alexander Hoff weiter Ansprechpartner f\u00fcr arbeitssuchende Jugendliche<\/h2>\n\n\n\n<div class=\"wp-block-image\"><figure class=\"aligncenter\"><img decoding=\"async\" loading=\"lazy\" width=\"800\" height=\"533\" src=\"https:\/\/speyer24news.com\/wp-content\/uploads\/2019\/07\/Info-351-Jugendscout.jpg\" alt=\"\" class=\"wp-image-15998\" srcset=\"https:\/\/speyer24news.com\/wp-content\/uploads\/2019\/07\/Info-351-Jugendscout.jpg 800w, https:\/\/speyer24news.com\/wp-content\/uploads\/2019\/07\/Info-351-Jugendscout-300x200.jpg 300w, https:\/\/speyer24news.com\/wp-content\/uploads\/2019\/07\/Info-351-Jugendscout-768x512.jpg 768w\" sizes=\"(max-width: 800px) 100vw, 800px\" \/><figcaption> Der Jugendscout der Stadt Landau, Alexander Hoff, ber\u00e4t Jugendliche, die  auf der Suche nach einer Ausbildungsstelle oder einem Job sind.<\/figcaption><\/figure><\/div>\n\n\n\n<p>Er ist der Mann, der hilft, wenn es mit der Suche nach der passenden Ausbildungsstelle oder dem perfekten Job nicht gleich wie am Schn\u00fcrchen klappt: Jugendscout Alexander Hoff. Der Diplomp\u00e4dagoge steht den Landauer Jugendlichen zwischen 15 und 25 Jahren seit mehr als zwei Jahren zur Seite und gibt unter anderem Hilfestellung bei der Erstellung von Bewerbungsunterlagen, bereitet auf Bewerbungsgespr\u00e4che vor und begleitet bei Beh\u00f6rdeng\u00e4ngen. Das rheinland-pf\u00e4lzische Sozialministerium hat das seit 2007 bestehende Projekt jetzt um ein weiteres Jahr verl\u00e4ngert. Finanziert wird der Jugendscout zu 30 Prozent von der Stadt, zu 50 Prozent durch den Europ\u00e4ischen Sozialfond und zu 20 Prozent durch das Sozialministerium.<\/p>\n\n\n\n<p>\u201eDer Jugendscout stellt f\u00fcr junge Menschen eine wichtige Unterst\u00fctzung dar\u201c, wei\u00df Oberb\u00fcrgermeister und Jugenddezernent Thomas Hirsch. Aus diesem Grund \u00fcbernehme die Stadt Landau trotz enorm hoher Ausgaben im Jugend- und Sozialbereich gerne die anteilige Finanzierung der Stelle \u2013 und danke der EU und dem Land f\u00fcr die Unterst\u00fctzung. Als Jugendscout erleichtere Alexander Hoff Jugendlichen den \u00dcbergang von Schule zu Beruf und helfe ihnen, ihren Platz im Berufsleben zu finden, so Hirsch weiter. \u201eDie schwierige Phase zwischen Schule und Beruf stellt viele Jugendliche vor gro\u00dfe Herausforderungen, die durch die typischen Probleme beim Erwachsenwerden noch verst\u00e4rkt werden. Hier hilft der st\u00e4dtische Jugendscout individuell, niedrigschwellig und unkompliziert.\u201c<\/p>\n\n\n\n<p>Der Schwerpunkt der Arbeit des Jugendscouts liegt in der beruflichen und sozialen Integration von Jugendlichen, die aus unterschiedlichen Gr\u00fcnden Schwierigkeiten bei der Suche nach Ausbildung oder Beruf haben. Jeder Jugendlichen bzw. jedem Jugendlichen wird eine individuelle Unterst\u00fctzung angeboten, die nicht ausschlie\u00dflich auf die Eingliederung in den Berufs- oder Arbeitsmarkt beschr\u00e4nkt bleibt, sondern sich aller Lebenslangen annimmt. Das k\u00f6nnen Probleme mit Alkohol, Drogen oder Schulden, bei der Wohnungssuche, bei Konflikten im Elternhaus oder bei psychischen und sozialen Schwierigkeiten sein, wie Alexander Hoff betont. Als Jugendscout ist er Berater, Begleiter und Unterst\u00fctzer f\u00fcr seine Sch\u00fctzlinge. \u00dcbergeordnetes Ziel sei die Festigung und Stabilisierung der Jugendlichen, damit diese selbstst\u00e4ndig ihr Leben gestalten k\u00f6nnten, so der Diplomp\u00e4dagoge. <\/p>\n\n\n\n<p>Das B\u00fcro von Alexander Hoff befindet sich in der Roten Kaserne, Waffenstra\u00dfe 5, im Erdgeschoss, Zimmer 1. Er ist telefonisch unter 0 63 41\/13 51 90 oder per E-Mail an <a href=\"alexander.hoff@landau.de\">alexander.hoff@landau.de<\/a> zu erreichen.<\/p>\n\n\n\n<p><em>Stadt Landau in der Pfalz<br>10.07.2019<\/em><\/p>\n\n\n\n<h2 class=\"wp-block-heading\">Die Weichen sind gestellt: Die Stadt Landau auf dem Weg der Klimaanpassung<\/h2>\n\n\n\n<div class=\"wp-block-image\"><figure class=\"aligncenter\"><img decoding=\"async\" loading=\"lazy\" width=\"800\" height=\"533\" src=\"https:\/\/speyer24news.com\/wp-content\/uploads\/2019\/07\/Info-350-Klimaanpassung.jpg\" alt=\"\" class=\"wp-image-15997\" srcset=\"https:\/\/speyer24news.com\/wp-content\/uploads\/2019\/07\/Info-350-Klimaanpassung.jpg 800w, https:\/\/speyer24news.com\/wp-content\/uploads\/2019\/07\/Info-350-Klimaanpassung-300x200.jpg 300w, https:\/\/speyer24news.com\/wp-content\/uploads\/2019\/07\/Info-350-Klimaanpassung-768x512.jpg 768w\" sizes=\"(max-width: 800px) 100vw, 800px\" \/><figcaption>v.l.:  Beim Pressegespr\u00e4ch \u201eim Gr\u00fcnen\u201c zum Thema Klimaanpassung: Bernhard Eck,  Vorstandsvorsitzender des Entsorgungs- und Wirtschaftsbetriebs,  Beigeordneter Rudi Klemm, OB Thomas Hirsch, B\u00fcrgermeister Dr. Maximilian  Ingenthron und Umweltamtsleiter  Markus Abel<\/figcaption><\/figure><\/div>\n\n\n\n<p>Gro\u00dfe Trockenheit im Sommer, unterbrochen durch immer h\u00e4ufigere Starkregenereignisse: Der Klimawandel ist ein Fakt und stellt auch die Stadt Landau vor neue Herausforderungen. Die s\u00fcdpf\u00e4lzische Metropole hat sich im Jahr 2017 auf den Weg gemacht, um zukunftsweisende Konzepte und Strategien f\u00fcr einen besseren Umgang mit den unvermeidbaren Folgen des Klimawandels zu erarbeiten. Gemeinsam mit Fachleuten des Umwelt- und Bauamts sowie des st\u00e4dtischen Entsorgungs- und Wirtschaftsbetriebs (EWL) haben Oberb\u00fcrgermeister Thomas Hirsch, B\u00fcrgermeister Dr. Maximilian Ingenthron und Beigeordneter Rudi Klemm bei einem Pressegespr\u00e4ch \u201eim Gr\u00fcnen\u201c jetzt eine Zwischenbilanz auf Landaus Weg zu mehr Klimaschutz und Klimaanpassung gezogen. <\/p>\n\n\n\n<p>\u201eWie andere St\u00e4dte weltweit steht auch Landau vor der Aufgabe, Ma\u00dfnahmen f\u00fcr den Schutz des globalen Klimas zu ergreifen \u2013 und die Weichen in unserer Stadt sind gestellt\u201c, fasst OB Hirsch zusammen und verweist auf das Ende 2018 verabschiedete <strong>Klimaschutzkonzept<\/strong>, die nach der Sommerpause zu besetzende Stelle einer Klimaschutzmanagerin bzw. eines Klimaschutzmanagers und das ebenfalls in der 2. Jahresh\u00e4lfte zu verabschiedende <strong>Klimaanpassungskonzept<\/strong>. Wer Klimaschutz ernst meine, werde sich umstellen und an der einen oder anderen Stelle verzichten m\u00fcssen, gibt Landaus Stadtchef zu bedenken \u2013 das gelte in der gro\u00dfen Politik, in der Politik vor Ort und f\u00fcr uns alle in unserem pers\u00f6nlichen Umfeld. Aber: \u201eKlimaschutz und Klimaanpassung bieten auch Chancen f\u00fcr eine zukunftsgewandte Neuausrichtung unserer Stadtentwicklung, die die Lebensqualit\u00e4t Landaus auch f\u00fcr kommende Generationen sichern kann.\u201c <\/p>\n\n\n\n<p>Die Stadtspitze, die Fachleute aus der Verwaltung wie auch die externen Expertinnen und Experten, mit denen die Stadt Landau bei den Themen Klimaschutz und Klimaanpassung zusammenarbeiten, sind sich einig: Landau f\u00e4ngt keineswegs \u201ebei null an\u201c; vielmehr liefern die fachlichen Konzepte, die die Stadtverwaltung erstellt hat bzw. noch erstellt, insbesondere f\u00fcr das k\u00fcnftige Stadtklima konkrete Ma\u00dfnahmenvorschl\u00e4ge. Viele der bislang gewonnenen Erkenntnisse wurden in die t\u00e4gliche Arbeit der Verwaltung aufgenommen und werden bei der Umsetzung einzelner Ma\u00dfnahmen bereits ber\u00fccksichtigt. \u201eDie Stadt Landau setzt schon heute auf einen guten Mix aus Nachverdichtungen, Umnutzungen, Arrondierungen und Neuausweisungen bei der Schaffung von neuem Wohnraum sowie auf \u00f6kologisch m\u00f6glichst wertvolle Gewerbegebiete\u201c, greift Stadtchef Hirsch wichtige Beispiele heraus. <\/p>\n\n\n\n<p>Beim Pressegespr\u00e4ch im Au\u00dfenbereich des Irish Pubs im Schillerpark wurde besonders deutlich, dass mehr Klimaschutz und Klimaanpassung nur durch gemeinsame Anstrengungen gelingen k\u00f6nnen \u2013 und dass es sich damit um eine klassische Querschnittsaufgabe innerhalb der Verwaltung handelt. \u201eUnser <strong>Mobilit\u00e4tskonzept<\/strong>, das federf\u00fchrend von der Abteilung Mobilit\u00e4t und Verkehrsinfrastruktur des Stadtbauamts erstellt wurde, liefert beispielsweise die Vorlage f\u00fcr ein umfangreiches Ma\u00dfnahmenpaket f\u00fcr eine klimaangepasste Mobilit\u00e4t\u201c, betont B\u00fcrgermeister und Bau- und Verkehrsdezernent Dr. Ingenthron. \u201eDas Mobilit\u00e4tskonzept ist die Basis f\u00fcr alles k\u00fcnftige Handeln. Es versteht sich dabei von selbst, dass in ein modernes Verkehrskonzept neben Themen wie Verkehrssicherheit, Parkm\u00f6glichkeiten und L\u00e4rmreduzierung auch die Komplexe Umwelt- und Klimaschutz sowie Nachhaltigkeit mit einflie\u00dfen m\u00fcssen. Mit den Vorrangnetzen haben wir den Rahmen gesetzt, der vor allem die Bedeutung des Radverkehrs und des \u00d6PNV st\u00e4rkt\u201c, so Dr. Ingenthron. Er erinnert daran, dass mit der Ausweisung von Fahrradstra\u00dfen, Radwegen und Radfahrstreifen, Rotmarkierungen und der Schaffung zahlreicher weiterer Fahrradb\u00fcgel bereits erste Ma\u00dfnahmen aus dem Mobilit\u00e4tskonzept umgesetzt worden seien und informiert, dass der Start des Leihfahrradsystems VRNnextbike f\u00fcr den Sp\u00e4therbst geplant sei.<\/p>\n\n\n\n<p>Noch ganz am Anfang steht dagegen das <strong>Hochwasser- und Starkregenvorsorgekonzept<\/strong>, das federf\u00fchrend beim EWL angesiedelt ist. \u201eDieses wichtige Konzept soll helfen, die Auswirkungen von Extremregenf\u00e4llen an Immobilien, Infrastruktur sowie Hab und Gut von B\u00fcrgerinnen und B\u00fcrgern zu minimieren\u201c, erl\u00e4utert EWL-Chef Bernhard Eck. Das Anfang des Jahres begonnene Konzept soll u.a. besonders gef\u00e4hrdete Bereiche im Stadtgebiet identifizieren und Ideen und Planungen f\u00fcr die Freihaltung von Tal- und \u00dcberflutungsr\u00e4umen, die Renaturierung von Flie\u00dfgew\u00e4ssern, die multifunktionale Gestaltung von Park- und Gr\u00fcnanlagen sowie die Reduktion des Oberfl\u00e4chenabflusses z.B. durch Entsiegelung und Dachbegr\u00fcnung liefern. <\/p>\n\n\n\n<p>Bei der Abteilung Stadtplanung des Stadtbauamts angesiedelt ist der <strong>Landschaftsplan<\/strong>, der u.a. eine Biotopverbundplanung f\u00fcr das Stadtgebiet beinhaltet, Vorschl\u00e4ge f\u00fcr Gr\u00fcnvernetzungen und Gr\u00fcnz\u00e4suren macht und \u00f6kologische Kompensationsr\u00e4ume f\u00fcr Ausgleichsma\u00dfnahmen identifiziert. Zudem laufen bei der Abteilung die F\u00e4den f\u00fcr den gesamtst\u00e4dtischen <strong>Fl\u00e4chennutzungsplan <\/strong>(FNP) zusammen, dem \u201eMasterplan der Stadtentwicklung\u201c mit Blick auf das Jahr 2030. \u201eAlle von den einzelnen Fach\u00e4mtern und von externen Fachleuten erstellten Konzepte werden in der 2. Jahresh\u00e4lfte in den FNP als abgestimmtes planerisches Gesamtwerk einflie\u00dfen\u201c, erkl\u00e4rt Abteilungsleiter Roland Schneider.  <\/p>\n\n\n\n<p>Auch im <strong>Klimaschutzkonzept<\/strong>, das unter Federf\u00fchrung des Umweltamts in den Jahren 2017 und 2018 erstellt wurde, finden sich zahlreiche Handlungsempfehlungen in den Bereichen Klimaschutz, regionale Wertsch\u00f6pfung, Innovation und Ressourcensicherheit. \u201eZur Umsetzung und zur Begleitung der Empfehlungen schaffen wir jetzt die Stelle einer Klimaschutzmanagerin bzw. eines Klimaschutzmanagers\u201c, teilt Umweltdezernent Klemm mit, der deutlich macht: \u201eOberstes Ziel der Klimaschutzbem\u00fchungen der Stadt Landau in den kommenden Jahren muss sein, durch die Umsetzung klimawirksamer Ma\u00dfnahmen das im Konzept verankerte <strong>Klimaschutzziel <\/strong>zu erreichen.\u201c Dieses sieht vor, bis zum Jahr 2030 die energiebedingten Treibhausgasemissionen pro Kopf auf 4,5 Tonnen pro Einwohner und Jahr zu senken \u2013 im Vergleich zum Basisjahr 1990 mit 10 Tonnen pro Einwohner und Jahr pro Jahr. Auch in diesem Bereich tut die Stadtverwaltung bereits viel, etwa durch die Vorreiterrolle, die das st\u00e4dtische Geb\u00e4udemanagement bei der energetischen Ert\u00fcchtigung stadteigener Geb\u00e4ude einnimmt. Gleiches gilt f\u00fcr den EWL, der vielf\u00e4ltige Anstrengungen zum Klimaschutz unternimmt, so aktuell durch ein umfangreiches Ma\u00dfnahmenpaket f\u00fcr eine energieautarke Kl\u00e4ranlage, zur Abfallvermeidung sowie einer effizienten und umfassenden Wertstoffwirtschaft.<\/p>\n\n\n\n<p>Im Unterschied zum Klimaschutzkonzept geht das <strong>Klimaanpassungskonzept <\/strong>noch einen Schritt weiter und versucht, die Stadt auf die zunehmenden Auswirkungen des Klimawandels vorzubereiten. Die Stadtklimaanalyse, die dem Klimaanpassungskonzept zugrunde liegt, zeigt unter anderem sogenannte urbane W\u00e4rmeinseln auf, also Bereiche, in denen sich im Sommer tags\u00fcber die Hitze staut. In Landau ist das unter anderem im Stadtkern, vor allem auf dem Rathausplatz, sowie im \u00f6stlichen Stadtgebiet der Fall. Um sogenannten Hitzestress f\u00fcr die Menschen zu vermeiden, sind \u201egr\u00fcne Oasen\u201c in der Stadt von gro\u00dfer Bedeutung. \u201eDas Klimaanpassungskonzept sieht u.a. eine hohe Priorit\u00e4t f\u00fcr Dach- und Fassadenbegr\u00fcnungen, Baumpflanzungen und schattige Gr\u00fcnfl\u00e4chen vor. Zudem gilt es, eine \u00abgr\u00fcne\u00bb Vernetzung durch Parks und anderes Stadtgr\u00fcn sowie den Erhalt und Ausbau der Kaltluftentstehungsgebiete und relevanter Frischluftschneisen f\u00fcr eine gute Durchl\u00fcftung im Stadtgebiet sicherzustellen\u201c, so Umweltamtsleiter Markus Abel.<\/p>\n\n\n\n<p><em>Stadt Landau in der Pfalz<br>10.07.2019<\/em><\/p>\n\n\n\n<h2 class=\"wp-block-heading\">Bundesweites Standort-Ranking: Stadt Landau mit starkem Ergebnis und \u201ehohen Chancen\u201c beim Prognos-Zukunftsatlas 2019 \u2013 Gute Noten besonders im Bereich \u201eDynamik\u201c<\/h2>\n\n\n\n<div class=\"wp-block-image\"><figure class=\"aligncenter\"><img decoding=\"async\" loading=\"lazy\" width=\"800\" height=\"533\" src=\"https:\/\/speyer24news.com\/wp-content\/uploads\/2019\/07\/Info-347-Prognos-Zukunftsatlas.doc.jpg\" alt=\"\" class=\"wp-image-15996\" srcset=\"https:\/\/speyer24news.com\/wp-content\/uploads\/2019\/07\/Info-347-Prognos-Zukunftsatlas.doc.jpg 800w, https:\/\/speyer24news.com\/wp-content\/uploads\/2019\/07\/Info-347-Prognos-Zukunftsatlas.doc-300x200.jpg 300w, https:\/\/speyer24news.com\/wp-content\/uploads\/2019\/07\/Info-347-Prognos-Zukunftsatlas.doc-768x512.jpg 768w\" sizes=\"(max-width: 800px) 100vw, 800px\" \/><figcaption> Der Prognos-Zukunftsatlas erscheint alle drei Jahre und wird vom Handelsblatt ver\u00f6ffentlicht.<\/figcaption><\/figure><\/div>\n\n\n\n<p>Wie gut sind Deutschlands St\u00e4dte und Landkreise f\u00fcr die Zukunft aufgestellt? Diese Frage beantwortet alle drei Jahre das Wirtschaftsforschungsunternehmen Prognos \u2013 und stellt der Stadt Landau in der Pfalz im aktuellen Prognos-Zukunftsatlas 2019 ein gutes Zeugnis aus. Die s\u00fcdpf\u00e4lzische Metropole belegt in dem Ranking Gesamtrang 74 von insgesamt 401 deutschen St\u00e4dten und Landkreisen und kann besonders im Bereich \u201eDynamik\u201c punkten. 2016 stand Landau noch auf Platz 133 des deutschlandweiten Rankings. <\/p>\n\n\n\n<p>Dementsprechend zufrieden zeigt sich Oberb\u00fcrgermeister Thomas Hirsch mit dem guten Abschneiden und den damit verbundenen positiven Aussichten f\u00fcr die Stadt Landau und deren Bewohnerinnen und Bewohner. \u201eLandau ist ein dynamischer Wirtschaftsstandort und zugleich eine \u00e4u\u00dferst attraktive Stadt, in der die Menschen gut und gerne leben \u2013 beides ist uns hier vor Ort bewusst und wird uns auch regelm\u00e4\u00dfig durch Studien wie die jetzt vorliegende best\u00e4tigt\u201c, freut sich Hirsch. Der Stadtchef betont den Zusammenhang zwischen der guten wirtschaftlichen und der allgemeinen Stadtentwicklung Landaus. \u201eWir konnten im ersten Halbjahr 2019 unsere Schulden nochmals um mehr als 11 Millionen Euro senken \u2013 vor allem dank hervorragender Gewerbesteuereinnahmen. Dies gibt uns die M\u00f6glichkeit, weiter in unsere soziale Infrastruktur, eine nachhaltige Stadtentwicklung, ein gutes (Sozial-)Klima sowie eine hohe Lebensqualit\u00e4t f\u00fcr die Landauerinnen und Landauer zu investieren.\u201c <\/p>\n\n\n\n<p>Wichtiger, gar unverzichtbarer Standortfaktor der Stadt Landau sei aber auch ihre Universit\u00e4t, erinnert der Stadtchef mit Blick auf die guten Ergebnisse der Stadt Landau beim Prognos-Zukunftsatlas \u2013 und erneuert seine Forderung nach einer f\u00fcr alle Seiten vertr\u00e4glichen L\u00f6sung in der aktuellen Strukturdebatte. Landau d\u00fcrfe bei der geplanten Ver\u00e4nderung der Universit\u00e4tslandschaft in Rheinland-Pfalz nicht \u201ehinten runter fallen\u201c, sonst drohe nicht nur die Stadt, sondern die gesamte Region (wirtschaftlichen) Schaden zu nehmen, so Landaus OB. <\/p>\n\n\n\n<p>Der Prognos-Zukunftsatlas analysiert f\u00fcr jede Stadt und jeden Landkreis 29 Einzelindikatoren, die wiederum in die vier Themenfelder \u201eDemografie\u201c, \u201eWohlstand und soziale Lage\u201c, \u201eArbeitsmarkt\u201c und \u201eWettbewerb und Innovation\u201c unterteilt sind. Im Bereich \u201eDemografie\u201c, zu dem etwa die Bev\u00f6lkerungsentwicklung und der Anteil junger Erwachsener geh\u00f6ren, belegt die Stadt Landau Rang 9 aller deutschen St\u00e4dte und Landkreise. Aus den Einzelindikatoren werden die Teilindexe \u201eSt\u00e4rke\u201c (= Ist-Zustand) und \u201eDynamik\u201c (= Entwicklung) errechnet. Hier belegt die Stadt Landau beim Teilindex \u201eSt\u00e4rke\u201c Rang 94, beim Teilindex \u201eDynamik\u201c Rang 48, was zusammen Rang 74 im bundesweiten Vergleich bedeutet. <\/p>\n\n\n\n<p>Die st\u00e4dtische Wirtschaftsf\u00f6rderung wird die Landauer Ergebnisse des Prognos-Zukunftsatlas in den kommenden Tagen detailliert auswerten, damit diese in die erfolgreiche Standortpolitik der Stadt Landau einflie\u00dfen k\u00f6nnen. <\/p>\n\n\n\n<p><em>Stadt Landau in der Pfalz<br>10.07.2019<\/em><\/p>\n","protected":false},"excerpt":{"rendered":"<div class=\"mh-excerpt\"><p>Begleitung zur erfolgreichen Berufsfindung: Land verl\u00e4ngert Projekt \u201eJugendscout\u201c auch in Landau \u2013 Alexander Hoff weiter Ansprechpartner f\u00fcr arbeitssuchende Jugendliche Er ist der Mann, der hilft, wenn es mit der Suche nach der passenden Ausbildungsstelle oder <a class=\"mh-excerpt-more\" href=\"https:\/\/speyer24news.com\/?p=15995\" title=\"Landau:\">[&#8230;]<\/a><\/p>\n<\/div>","protected":false},"author":3,"featured_media":15178,"comment_status":"open","ping_status":"open","sticky":false,"template":"","format":"standard","meta":{"_monsterinsights_skip_tracking":false,"_monsterinsights_sitenote_active":false,"_monsterinsights_sitenote_note":"","_monsterinsights_sitenote_category":0,"footnotes":""},"categories":[675],"tags":[2136,2133,2128,2129,2131,686,2137,2130,1241,58,2135,2132,2142,2140,2139,2138,2134,2141],"aioseo_notices":[],"amp_enabled":true,"_links":{"self":[{"href":"https:\/\/speyer24news.com\/index.php?rest_route=\/wp\/v2\/posts\/15995"}],"collection":[{"href":"https:\/\/speyer24news.com\/index.php?rest_route=\/wp\/v2\/posts"}],"about":[{"href":"https:\/\/speyer24news.com\/index.php?rest_route=\/wp\/v2\/types\/post"}],"author":[{"embeddable":true,"href":"https:\/\/speyer24news.com\/index.php?rest_route=\/wp\/v2\/users\/3"}],"replies":[{"embeddable":true,"href":"https:\/\/speyer24news.com\/index.php?rest_route=%2Fwp%2Fv2%2Fcomments&post=15995"}],"version-history":[{"count":1,"href":"https:\/\/speyer24news.com\/index.php?rest_route=\/wp\/v2\/posts\/15995\/revisions"}],"predecessor-version":[{"id":15999,"href":"https:\/\/speyer24news.com\/index.php?rest_route=\/wp\/v2\/posts\/15995\/revisions\/15999"}],"wp:featuredmedia":[{"embeddable":true,"href":"https:\/\/speyer24news.com\/index.php?rest_route=\/wp\/v2\/media\/15178"}],"wp:attachment":[{"href":"https:\/\/speyer24news.com\/index.php?rest_route=%2Fwp%2Fv2%2Fmedia&parent=15995"}],"wp:term":[{"taxonomy":"category","embeddable":true,"href":"https:\/\/speyer24news.com\/index.php?rest_route=%2Fwp%2Fv2%2Fcategories&post=15995"},{"taxonomy":"post_tag","embeddable":true,"href":"https:\/\/speyer24news.com\/index.php?rest_route=%2Fwp%2Fv2%2Ftags&post=15995"}],"curies":[{"name":"wp","href":"https:\/\/api.w.org\/{rel}","templated":true}]}}