{"id":16234,"date":"2019-07-13T16:21:47","date_gmt":"2019-07-13T15:21:47","guid":{"rendered":"https:\/\/speyer24news.com\/?p=16234"},"modified":"2019-07-13T16:21:48","modified_gmt":"2019-07-13T15:21:48","slug":"geschwindigkeitskontrollen-blitzer","status":"publish","type":"post","link":"https:\/\/speyer24news.com\/?p=16234","title":{"rendered":"Geschwindigkeitskontrollen \/ Blitzer:"},"content":{"rendered":"<style type=\"text\/css\">\r\n\t.ads_top_disp{}\r\n\t.ads_top_corner_disp{ float:left; margin:0px 10px 10px 0px; }\r\n\t.ads_first_p_disp{}\r\n\t.ads_bottom_disp{}\r\n\t<\/style>\n<h2 class=\"wp-block-heading\">Radarkontrollen f\u00fcr die Woche vom 15. Juli bis 21. Juli 2019<\/h2>\n\n\n\n<div class=\"wp-block-image\"><figure class=\"aligncenter\"><img decoding=\"async\" src=\"https:\/\/speyer24news.com\/wp-content\/uploads\/2019\/06\/Radarkontrolle_1-1.jpg\" alt=\"\" class=\"wp-image-14550\"\/><\/figure><\/div>\n\n\n\n<p><strong>(Ludwigshafen) &#8211; <\/strong>Die Stadt Ludwigshafen nimmt in folgenden Stadtteilen Radarkontrollen vor.<\/p>\n\n\n\n<ul><li> Montag, 15. Juli: Nord, Friesenheim und S\u00fcd<\/li><li> Dienstag, 16. Juli: Maudach, Mitte und Mundenheim<\/li><li> Mittwoch, 17. Juli: West, Gartenstadt und Rheing\u00f6nheim<\/li><li> Donnerstag, 18. Juli: Ruchheim, Oggersheim und Nord<\/li><li> Freitag, 19. Juli: Oppau, S\u00fcd und Edigheim<\/li><li> Samstag, 20. Juli: Friesenheim und Oggersheim<\/li><\/ul>\n\n\n\n<p>Kurzfristige \u00c4nderungen beh\u00e4lt sich der Bereich Stra\u00dfenverkehr vor. Kontrollen k\u00f6nnen auch kurzfristig an anderen Stellen stattfinden.<\/p>\n\n\n\n<p><em>Stadt Ludwigshafen am Rhein<br>13.07.2019<\/em><\/p>\n\n\n\n<h2 class=\"wp-block-heading\">Geschwindigkeitskontrollen f\u00fcr die Woche vom 15. bis 19. Juli<\/h2>\n\n\n\n<div class=\"wp-block-image\"><figure class=\"aligncenter\"><img decoding=\"async\" src=\"https:\/\/speyer24news.com\/wp-content\/uploads\/2019\/06\/Kontrolle-BaW\u00fc-1.jpg\" alt=\"\" class=\"wp-image-14551\"\/><\/figure><\/div>\n\n\n\n<p><strong>(Mannheim) &#8211; <\/strong>Die Stadt Mannheim f\u00fchrt vom 15. bis 19. Juli in folgenden Stra\u00dfen Radarkontrollen durch:<\/p>\n\n\n\n<p> Angelstra\u00dfe<br> B\u00fcrgermeister-Fuchs-Stra\u00dfe<br> Dammstra\u00dfe<br> Ernst-Barlach-Allee<br> Feldbergstra\u00dfe<br> Grete-Fleischmann-Stra\u00dfe<br> Gustav-Seitz-Stra\u00dfe<br> Hans-Thoma-Stra\u00dfe<br> Harrlachweg<br> Herzogenriedstra\u00dfe<br> Karlsternstra\u00dfe<br> Kirchwaldstra\u00dfe<br> Langstra\u00dfe (verkehrsberuhigter Bereich)<br> Lutherstra\u00dfe (verkehrsberuhigter Bereich)<br> Mallaustra\u00dfe<br> Mittelstra\u00dfe<br> M\u00f6nchw\u00f6rthstra\u00dfe<br> Rheingoldstra\u00dfe<br> Schindkautweg<br> Wingertstra\u00dfe<\/p>\n\n\n\n<p>Kurzfristige \u00c4nderungen oder zus\u00e4tzliche Messstellen sind aus aktuellem Anlass m\u00f6glich.<\/p>\n\n\n\n<p><em>Stadt Mannheim<br>13.07.2019<\/em><\/p>\n","protected":false},"excerpt":{"rendered":"<div class=\"mh-excerpt\"><p>Radarkontrollen f\u00fcr die Woche vom 15. Juli bis 21. Juli 2019 (Ludwigshafen) &#8211; Die Stadt Ludwigshafen nimmt in folgenden Stadtteilen Radarkontrollen vor. Montag, 15. Juli: Nord, Friesenheim und S\u00fcd Dienstag, 16. Juli: Maudach, Mitte und <a class=\"mh-excerpt-more\" href=\"https:\/\/speyer24news.com\/?p=16234\" title=\"Geschwindigkeitskontrollen \/ Blitzer:\">[&#8230;]<\/a><\/p>\n<\/div>","protected":false},"author":3,"featured_media":0,"comment_status":"open","ping_status":"open","sticky":false,"template":"","format":"standard","meta":{"_monsterinsights_skip_tracking":false,"_monsterinsights_sitenote_active":false,"_monsterinsights_sitenote_note":"","_monsterinsights_sitenote_category":0,"footnotes":""},"categories":[64],"tags":[18,19,947,779,227,17,949,1310,948],"aioseo_notices":[],"amp_enabled":true,"_links":{"self":[{"href":"https:\/\/speyer24news.com\/index.php?rest_route=\/wp\/v2\/posts\/16234"}],"collection":[{"href":"https:\/\/speyer24news.com\/index.php?rest_route=\/wp\/v2\/posts"}],"about":[{"href":"https:\/\/speyer24news.com\/index.php?rest_route=\/wp\/v2\/types\/post"}],"author":[{"embeddable":true,"href":"https:\/\/speyer24news.com\/index.php?rest_route=\/wp\/v2\/users\/3"}],"replies":[{"embeddable":true,"href":"https:\/\/speyer24news.com\/index.php?rest_route=%2Fwp%2Fv2%2Fcomments&post=16234"}],"version-history":[{"count":1,"href":"https:\/\/speyer24news.com\/index.php?rest_route=\/wp\/v2\/posts\/16234\/revisions"}],"predecessor-version":[{"id":16235,"href":"https:\/\/speyer24news.com\/index.php?rest_route=\/wp\/v2\/posts\/16234\/revisions\/16235"}],"wp:attachment":[{"href":"https:\/\/speyer24news.com\/index.php?rest_route=%2Fwp%2Fv2%2Fmedia&parent=16234"}],"wp:term":[{"taxonomy":"category","embeddable":true,"href":"https:\/\/speyer24news.com\/index.php?rest_route=%2Fwp%2Fv2%2Fcategories&post=16234"},{"taxonomy":"post_tag","embeddable":true,"href":"https:\/\/speyer24news.com\/index.php?rest_route=%2Fwp%2Fv2%2Ftags&post=16234"}],"curies":[{"name":"wp","href":"https:\/\/api.w.org\/{rel}","templated":true}]}}