{"id":16238,"date":"2019-07-13T20:01:17","date_gmt":"2019-07-13T19:01:17","guid":{"rendered":"https:\/\/speyer24news.com\/?p=16238"},"modified":"2019-07-13T20:01:19","modified_gmt":"2019-07-13T19:01:19","slug":"anne-susan-sperling-ist-die-neue-brezelkoenigin-in-speyer","status":"publish","type":"post","link":"https:\/\/speyer24news.com\/?p=16238","title":{"rendered":"Anne Susan Sperling ist die neue Brezelk\u00f6nigin in Speyer"},"content":{"rendered":"<style type=\"text\/css\">\r\n\t.ads_top_disp{}\r\n\t.ads_top_corner_disp{ float:left; margin:0px 10px 10px 0px; }\r\n\t.ads_first_p_disp{}\r\n\t.ads_bottom_disp{}\r\n\t<\/style>\n<div class=\"wp-block-image\"><figure class=\"aligncenter\"><img decoding=\"async\" loading=\"lazy\" width=\"500\" height=\"667\" src=\"https:\/\/speyer24news.com\/wp-content\/uploads\/2019\/07\/IMG_20190711_223434.jpg\" alt=\"\" class=\"wp-image-16208\" srcset=\"https:\/\/speyer24news.com\/wp-content\/uploads\/2019\/07\/IMG_20190711_223434.jpg 500w, https:\/\/speyer24news.com\/wp-content\/uploads\/2019\/07\/IMG_20190711_223434-225x300.jpg 225w\" sizes=\"(max-width: 500px) 100vw, 500px\" \/><figcaption>Unsere neue Brezelk\u00f6nigin Anne Susan Sperling<\/figcaption><\/figure><\/div>\n\n\n\n<p><strong>Speyer \/ Brezelfest &#8211; <\/strong>Anne Susan Sperling (22) setzte sich gegen ihre 4 Mitbewerberinnen durch. In einer Stichwahl zwischen Natascha Dorn (29) und ihr stand um 20 Uhr fest das sie Laura I. im Amt als Brezelfestk\u00f6nigin abl\u00f6\u00dft.<\/p>\n\n\n\n<div class=\"wp-block-image\"><figure class=\"aligncenter\"><img decoding=\"async\" loading=\"lazy\" width=\"800\" height=\"600\" src=\"https:\/\/speyer24news.com\/wp-content\/uploads\/2019\/07\/IMG_20190711_223524.jpg\" alt=\"\" class=\"wp-image-16209\" srcset=\"https:\/\/speyer24news.com\/wp-content\/uploads\/2019\/07\/IMG_20190711_223524.jpg 800w, https:\/\/speyer24news.com\/wp-content\/uploads\/2019\/07\/IMG_20190711_223524-300x225.jpg 300w, https:\/\/speyer24news.com\/wp-content\/uploads\/2019\/07\/IMG_20190711_223524-768x576.jpg 768w, https:\/\/speyer24news.com\/wp-content\/uploads\/2019\/07\/IMG_20190711_223524-678x509.jpg 678w, https:\/\/speyer24news.com\/wp-content\/uploads\/2019\/07\/IMG_20190711_223524-326x245.jpg 326w, https:\/\/speyer24news.com\/wp-content\/uploads\/2019\/07\/IMG_20190711_223524-80x60.jpg 80w\" sizes=\"(max-width: 800px) 100vw, 800px\" \/><\/figure><\/div>\n\n\n\n<p>Beide Frauen hatte eine gro\u00dfe Fangemeinde im Festzelt wo mittels drei Richtmikrofonen der Applaus gemessen wurde. Am Ende langte es f\u00fcr Anne Susan Sperling  welche dann auch gleich die Nacht der Tracht er\u00f6ffnete. Ebenfalls wird sie morgen als Brezelk\u00f6nigin im Festwagen mitfahren.<\/p>\n\n\n\n<div class=\"wp-block-image\"><figure class=\"aligncenter\"><img decoding=\"async\" loading=\"lazy\" width=\"800\" height=\"600\" src=\"https:\/\/speyer24news.com\/wp-content\/uploads\/2019\/07\/DSC03842.jpg\" alt=\"\" class=\"wp-image-16222\" srcset=\"https:\/\/speyer24news.com\/wp-content\/uploads\/2019\/07\/DSC03842.jpg 800w, https:\/\/speyer24news.com\/wp-content\/uploads\/2019\/07\/DSC03842-300x225.jpg 300w, https:\/\/speyer24news.com\/wp-content\/uploads\/2019\/07\/DSC03842-768x576.jpg 768w, https:\/\/speyer24news.com\/wp-content\/uploads\/2019\/07\/DSC03842-678x509.jpg 678w, https:\/\/speyer24news.com\/wp-content\/uploads\/2019\/07\/DSC03842-326x245.jpg 326w, https:\/\/speyer24news.com\/wp-content\/uploads\/2019\/07\/DSC03842-80x60.jpg 80w\" sizes=\"(max-width: 800px) 100vw, 800px\" \/><figcaption>Natascha Dorn ist die stellvertrettende Brezelk\u00f6nigin<\/figcaption><\/figure><\/div>\n\n\n\n<p>Natascha Dorn wird ihre Vertreterin werden. Wir w\u00fcnschen beiden Frauen eine angenehme Zeit und versuchen morgen ein kurzes Interview zu bekommen.<\/p>\n\n\n\n<p><em>Speyer 24\/7 News<br>13.07.2019<\/em><\/p>\n","protected":false},"excerpt":{"rendered":"<div class=\"mh-excerpt\"><p>Speyer \/ Brezelfest &#8211; Anne Susan Sperling (22) setzte sich gegen ihre 4 Mitbewerberinnen durch. In einer Stichwahl zwischen Natascha Dorn (29) und ihr stand um 20 Uhr fest das sie Laura I. im Amt <a class=\"mh-excerpt-more\" href=\"https:\/\/speyer24news.com\/?p=16238\" title=\"Anne Susan Sperling ist die neue Brezelk\u00f6nigin in Speyer\">[&#8230;]<\/a><\/p>\n<\/div>","protected":false},"author":3,"featured_media":16070,"comment_status":"open","ping_status":"open","sticky":false,"template":"","format":"standard","meta":{"_monsterinsights_skip_tracking":false,"_monsterinsights_sitenote_active":false,"_monsterinsights_sitenote_note":"","_monsterinsights_sitenote_category":0,"footnotes":""},"categories":[9],"tags":[2177,1067,1849,1069,1078,2178],"aioseo_notices":[],"amp_enabled":true,"_links":{"self":[{"href":"https:\/\/speyer24news.com\/index.php?rest_route=\/wp\/v2\/posts\/16238"}],"collection":[{"href":"https:\/\/speyer24news.com\/index.php?rest_route=\/wp\/v2\/posts"}],"about":[{"href":"https:\/\/speyer24news.com\/index.php?rest_route=\/wp\/v2\/types\/post"}],"author":[{"embeddable":true,"href":"https:\/\/speyer24news.com\/index.php?rest_route=\/wp\/v2\/users\/3"}],"replies":[{"embeddable":true,"href":"https:\/\/speyer24news.com\/index.php?rest_route=%2Fwp%2Fv2%2Fcomments&post=16238"}],"version-history":[{"count":1,"href":"https:\/\/speyer24news.com\/index.php?rest_route=\/wp\/v2\/posts\/16238\/revisions"}],"predecessor-version":[{"id":16239,"href":"https:\/\/speyer24news.com\/index.php?rest_route=\/wp\/v2\/posts\/16238\/revisions\/16239"}],"wp:featuredmedia":[{"embeddable":true,"href":"https:\/\/speyer24news.com\/index.php?rest_route=\/wp\/v2\/media\/16070"}],"wp:attachment":[{"href":"https:\/\/speyer24news.com\/index.php?rest_route=%2Fwp%2Fv2%2Fmedia&parent=16238"}],"wp:term":[{"taxonomy":"category","embeddable":true,"href":"https:\/\/speyer24news.com\/index.php?rest_route=%2Fwp%2Fv2%2Fcategories&post=16238"},{"taxonomy":"post_tag","embeddable":true,"href":"https:\/\/speyer24news.com\/index.php?rest_route=%2Fwp%2Fv2%2Ftags&post=16238"}],"curies":[{"name":"wp","href":"https:\/\/api.w.org\/{rel}","templated":true}]}}