{"id":16271,"date":"2019-07-16T07:44:45","date_gmt":"2019-07-16T06:44:45","guid":{"rendered":"https:\/\/speyer24news.com\/?p=16271"},"modified":"2019-07-16T07:44:46","modified_gmt":"2019-07-16T06:44:46","slug":"polizei-15","status":"publish","type":"post","link":"https:\/\/speyer24news.com\/?p=16271","title":{"rendered":"Polizei:"},"content":{"rendered":"<style type=\"text\/css\">\r\n\t.ads_top_disp{}\r\n\t.ads_top_corner_disp{ float:left; margin:0px 10px 10px 0px; }\r\n\t.ads_first_p_disp{}\r\n\t.ads_bottom_disp{}\r\n\t<\/style>\n<h2 class=\"wp-block-heading\">Polizeimeldungen vom Montag (15.07.2019)<\/h2>\n\n\n\n<div class=\"wp-block-image\"><figure class=\"aligncenter\"><img decoding=\"async\" src=\"https:\/\/speyer24news.com\/wp-content\/uploads\/2019\/07\/Aktuelles-Polizeilogo.jpg\" alt=\"\" class=\"wp-image-16232\"\/><\/figure><\/div>\n\n\n\n<h4 class=\"wp-block-heading\">(Speyer) &#8211; Brand eines leerstehendem Geb\u00e4udes<\/h4>\n\n\n\n<div class=\"wp-block-image\"><figure class=\"aligncenter\"><img decoding=\"async\" loading=\"lazy\" width=\"800\" height=\"533\" src=\"https:\/\/speyer24news.com\/wp-content\/uploads\/2019\/07\/MG_0965-1.jpg\" alt=\"\" class=\"wp-image-16274\" srcset=\"https:\/\/speyer24news.com\/wp-content\/uploads\/2019\/07\/MG_0965-1.jpg 800w, https:\/\/speyer24news.com\/wp-content\/uploads\/2019\/07\/MG_0965-1-300x200.jpg 300w, https:\/\/speyer24news.com\/wp-content\/uploads\/2019\/07\/MG_0965-1-768x512.jpg 768w\" sizes=\"(max-width: 800px) 100vw, 800px\" \/><\/figure><\/div>\n\n\n\n<p>Aus bislang ungekl\u00e4rter Ursache kam es Sonntagnacht zu einem Brand im  ehemaligen Geb\u00e4ude der Wasserschutzpolizei. Das seit langer Zeit  ungenutzte und verlassene Geb\u00e4ude in der Hafenstra\u00dfe in Speyer wurde  durch das Feuer besch\u00e4digt. Die Schadensh\u00f6he ist noch nicht bekannt. Die  Kriminalpolizei wurde mit der Durchf\u00fchrung der Ermittlungen betraut.(<strong>A.d.R.: Lesen sie auch den Bericht der Feuerwehr Speyer unter:  <\/strong><a rel=\"noreferrer noopener\" href=\"https:\/\/l.facebook.com\/l.php?u=https%3A%2F%2Fspeyer24news.com%2F%3Fp%3D16266%26fbclid%3DIwAR3PKOcoYOR7MLW8MfIgML1Y-AUSssRTEWhb7BHMgjtI9zWClRiauinEcFE&amp;h=AT0ZigOFE3u6NZbYvCMBAr9XNu3QbxzvSdbdPCNbN3hlHy1Zn974tATxzI8FmSHV3oeUlFFvhLjbJfIqB93rL40ES1liZ2jsnAXilYo7M2W7juT9krNJS_xpyIx-JBFztqxjiEnNuhty6GTvB5dNZ67a-WN5r4RXVAlcrHdGQ0YK-6Y1lMPbdZYCtgcRysmvCbsPmoIc0-PovyumaazKJ35j9HUYVXLE5AwgOa5nFwBZAC2VtAzuDnDzIrHResveGk35d3yRGA4_VH4gzx9RUSjSqWU5XTA6ErKJb5nZz9foEAF7o-PjHvlLswxPXS31_DQ1DiD8nlawqVs6nBkHneC5_F5p4NT44jgdT1CsI9BzW8ClwI7CFHfMgbOnek--4A-xNqURll9qBrQpQBVP_z33tVKFU8x5DuiT3WCsP7N4cKxEYVbaZQYm6b8UfAhya2lY1aTmM2ouOOyrOuM16fXtnnENWlKZdw_vhYGIX7Wyf5Eo_rSe_HBoYBqR5_KEwCrYSfdAXxm97oNUZ7Mbvxkp_BvQX-xCY-JQYBxoD26BNWY0wVw4Dn2leswh5Tk7a7aAh7sgjLj_QiZ35qrUeOYCgg2R3iZiyhiaKu6oQPFMJ0-WbN7W5TXGuTxQMkV0MtiYE-dKj0RA0lEPneKsltSE9DsD2joqpkUJ1puNXv2wMeEUxOE62H3Y38gtfSVKjV6qN3SKRK6O0z2RsdP8-Sduy6YGO13ThKglVAAuMR8lUFI4TzchGkXvEQkEkDIhGO8iMQ\" target=\"_blank\"><strong>https:\/\/speyer24news.com\/?p=16266<\/strong><\/a>)<\/p>\n\n\n\n<h4 class=\"wp-block-heading\">(Speyer) &#8211; Mehrere polizeiliche Eins\u00e4tze im Zusammenhang mit dem Brezelfest<\/h4>\n\n\n\n<div class=\"wp-block-image\"><figure class=\"aligncenter\"><img decoding=\"async\" loading=\"lazy\" width=\"800\" height=\"600\" src=\"https:\/\/speyer24news.com\/wp-content\/uploads\/2019\/07\/IMG_20190715_142439.jpg\" alt=\"\" class=\"wp-image-16272\" srcset=\"https:\/\/speyer24news.com\/wp-content\/uploads\/2019\/07\/IMG_20190715_142439.jpg 800w, https:\/\/speyer24news.com\/wp-content\/uploads\/2019\/07\/IMG_20190715_142439-300x225.jpg 300w, https:\/\/speyer24news.com\/wp-content\/uploads\/2019\/07\/IMG_20190715_142439-768x576.jpg 768w, https:\/\/speyer24news.com\/wp-content\/uploads\/2019\/07\/IMG_20190715_142439-678x509.jpg 678w, https:\/\/speyer24news.com\/wp-content\/uploads\/2019\/07\/IMG_20190715_142439-326x245.jpg 326w, https:\/\/speyer24news.com\/wp-content\/uploads\/2019\/07\/IMG_20190715_142439-80x60.jpg 80w\" sizes=\"(max-width: 800px) 100vw, 800px\" \/><\/figure><\/div>\n\n\n\n<p>Auch am Wochenende ergaben sich mehrere polizeiliche Eins\u00e4tze im Zusammenhang mit dem diesj\u00e4hrigen Brezelfest: <\/p>\n\n\n\n<p>Unbekannte\n T\u00e4ter entwendeten im Zeitraum 13.07, 21:00 &#8211; 14.07, 00:45 Uhr ein   \nRennrad der Marke Wheeler (Wert ca. 200 EUR), welches der 22J\u00e4hriger \nEigent\u00fcmer aus Speyer nahe dem Messplatz verschlossen abgestellt hatte. <\/p>\n\n\n\n<p>Einer\n 18j\u00e4hrigen aus R\u00f6merberg wurde am 13.07 im Zeitraum 22:00 &#8211; 23:59 Uhr \nw\u00e4hrend ihres Brezelfestbesuches durch Unbekannte eine Tasche aus dem \nvon ihr getragenen Rucksack gestohlen. In der Tasche befand sich ein \nsilbernes IPhone 6, ihr Schl\u00fcsselbund, eine Geldkarte und mehrere \nAusweisdokumente. <\/p>\n\n\n\n<p>Ein 20J\u00e4hriger aus Speyer wurde auf dem Heimweg  vom Brezelfest am 15.07 gegen 00:40 Uhr Opfer einer K\u00f6rperverletzung,  als er in der Herdstra\u00dfe von einem ihm unbekannten T\u00e4ter ein Faustschlag  auf die Lippe erhielt und von diesem noch beleidigt wurde. <\/p>\n\n\n\n<p>Den T\u00e4ter beschrieb der Gesch\u00e4digte als <\/p>\n\n\n\n<ul><li>ca. 25 Jahre alt<\/li><li>165-170cm gro\u00df<\/li><li>ganz kurze Haare<\/li><li>blaues T-Shirt mit Zackenmuster<\/li><\/ul>\n\n\n\n<p>Zeugenhinweise nimmt die  Polizei in diesem Zusammenhang unter Tel.-Nr. 06232-1370 oder per Mail  an <a href=\"mailto:pispeyer@polizei.rlp.de\">pispeyer@polizei.rlp.de<\/a> entgegen. <\/p>\n\n\n\n<p>Zu\n einer Sachbesch\u00e4digung an einem am Haupteingang der Polizei Speyer \nangebrachten Briefkasten durch einen 27J\u00e4hrigen aus Speyer kam es am \n15.07 gegen 02:00 Uhr. Der junge, alkoholisierte Mann war der Polizei \nbereits zuvor in der Maximilianstra\u00dfe aufgefallen, als er mit \nerheblicher Wucht mehrfach gegen einen dort liegenden M\u00fcllsack trat. \nAufgrund seines aggressiven und respektlosen  Verhaltens auch w\u00e4hrend \nder polizeilichen Kontrolle wurde ihm letztlich ein Platzverweis \nerteilt. Dies veranlasste den Beschuldigten, die Wache der Polizei wenig\n sp\u00e4ter aufzusuchen, um dort sein Unverst\u00e4ndnis \u00fcber diese polizeiliche \nMa\u00dfnahme mitzuteilen. Beim Verlassen der Dienststelle konnte der junge \nMann dann dabei beobachtet werden, wie er mit der Faust gegen den \nPolizeibriefkasten schlug, so dass dieser besch\u00e4digt wurde. <\/p>\n\n\n\n<p>Zu \neiner Strafanzeige wegen des Versto\u00dfes gegen das Waffen- und \nBet\u00e4ubungsmittelgesetz gegen einen 56J\u00e4hrigen aus Speyer kam es am 14.07\n gegen 22:05 Uhr. Der Mann wurde zu diesem Zeitpunkt durch die Polizei \nin der Karl-Leiling-Allee kontrolliert, nachdem zuvor deutlicher \nCannabisgeruch aus seiner Richtung wahrnehmbar war. Bei der Durchsuchung\n des Beschuldigten, konnte dann ein Einhandmesser als auch eine geringe \nMenge Kokain bei diesem aufgefunden werden. Angaben zur Sache wollte der\n Beschuldigte nicht machen. Er wurde erkennungsdienstlich behandelt. Das\n Einhandmesser und das Kokain wurden durch die Polizei sichergestellt. <\/p>\n\n\n\n<h4 class=\"wp-block-heading\">(Speyer) &#8211; Verkehrsunfall mit gest\u00fcrztem Rollerfahrer<\/h4>\n\n\n\n<p>Eine  65j\u00e4hrige aus Speyer befuhr am Sonntag gegen 14:32 Uhr mit ihrem Fiat  die Wormser Landstra\u00dfe in Richtung Innenstadt. Da zu diesem Zeitpunkt  aufgrund des Brezelfestumzuges die Durchfahrt in Richtung Bahnhofstra\u00dfe  an der Kreuzung Wormser Landstra\u00dfe \/ Friedrich-Ebert-Stra\u00dfe gesperrt  war, versuchte sie mit ihrem Fahrzeug auf der Wormser Landstra\u00dfe zu  wenden. Hierbei \u00fcbersah sie einen 22j\u00e4hrigen hinter ihr befindlichen  Vespa-Fahrer. Es kam zum Zusammensto\u00df der Fahrzeuge (Gesamtschaden ca.  1200EUR), bei welchem der Kleinkraftradfahrer st\u00fcrzte und sich leicht  verletzte. Er wurde zur medizinischen Betreuung in ein \u00f6rtliches  Krankenhaus verbracht. <\/p>\n\n\n\n<h4 class=\"wp-block-heading\">(Weingarten) &#8211; PKW-Br\u00e4nde<\/h4>\n\n\n\n<p>In\n der Nacht von Sonntag auf Montag gegen 03.00 Uhr kam es in der Stra\u00dfe \nIm Wirthsgarten in Weingarten zu einem PKW Brand.  Der gesch\u00e4tzte \nSachschaden am PKW bel\u00e4uft sich auf 50.000.- Euro. <\/p>\n\n\n\n<p>Bereits in der\n Nacht von Donnerstag auf Freitag wurde ein weiteres Fahrzeug am \nSchlossberg in Brand gesetzt. Hier liegt der Schaden bei 35.000 Euro. <\/p>\n\n\n\n<p>Nach\n bisherigen Ermittlungen der Kriminalpolizei d\u00fcrften die T\u00e4ter aus \nbisher unbekannten Gr\u00fcnden den PKW in Brand gesetzt haben. Aus diesem \nGrund sucht die Polizei nach Zeugen, die am Abend oder in der Nacht im \nBereich der Tatorte verd\u00e4chtigen Wahrnehmungen gemacht haben. <\/p>\n\n\n\n<p>Zeugen sollen sich bitte mit der Kriminalpolizei Landau unter der Nummer 06341-287-0 in Verbindung setzen. <\/p>\n\n\n\n<h4 class=\"wp-block-heading\">(Germersheim) &#8211; Steine auf Fahrbahn geworfen<\/h4>\n\n\n\n<p>Am Sonntagabend gegen 18:25 Uhr befuhr ein 28-j\u00e4hriger Mann mit seinem  PKW die Rheinbr\u00fcckenstra\u00dfe in Richtung Industriegebiet. Pl\u00f6tzlich  bemerkte er, dass mehrere Steine auf der Stra\u00dfe lagen. Er musste deshalb  stark abbremsen und auf die Gegenfahrbahn ausweichen. Im R\u00fcckspiegel  nahm der Autofahrer zwei Personen wahr, welche auf der Br\u00fccke standen.  Die Polizei sucht nun Zeugen, die zu den Personen Angaben machen k\u00f6nnen.  <\/p>\n\n\n\n<p>Hinweise nimmt die Polizei Germersheim unter 07274\/958-0 oder <a href=\"mailto:pigermersheim.presse@polizei.rlp.de\">pigermersheim.presse@polizei.rlp.de<\/a> entgegen. <\/p>\n\n\n\n<h4 class=\"wp-block-heading\">(Jockgrim) &#8211; Autofahrer bei Alleinunfall leicht verletzt<\/h4>\n\n\n\n<p>Ein 58-j\u00e4hriger Autofahrer befuhr am Sonntag, dem 14.07.2019, um 08.35  Uhr, die B9 von Germersheim kommend in Fahrtrichtung Karlsruhe, als  pl\u00f6tzlich Starkregen einsetzte. Zwischen den Abfahrten Kieswerk  Rheinzabern und der Anschlussstelle Jockgrim sammelten sich daher  erhebliche Mengen an Wasser auf der Fahrbahn, wodurch der Autofahrer die  Kontrolle \u00fcber sein Fahrzeug verlor, zun\u00e4chst mit der rechten  Schutzplanke kollidierte und anschlie\u00dfend nach rechts von der Fahrbahn  abkam. Hierbei \u00fcberschlug sich das Fahrzeug in einem angrenzenden Feld.  Der Autofahrer wurde leicht verletzt und zwecks medizinischer Abkl\u00e4rung  in ein Krankenhaus verbracht. Das total besch\u00e4digte Auto musste  abgeschleppt werden. Die Schadensh\u00f6he wird auf etwa 15000 Euro  gesch\u00e4tzt. <\/p>\n\n\n\n<h4 class=\"wp-block-heading\">(W\u00f6rth am Rhein) &#8211; Reifenpanne wird betrunkenem Autofahrer zum Verh\u00e4ngnis<\/h4>\n\n\n\n<p>Eine Verkehrsteilnehmerin teilte der Polizeiinspektion W\u00f6rth am Montag,  dem 15.07.2019, um 01.40 Uhr, mit, dass auf dem Zubringer zur A 65 in  Fahrtrichtung Karlsruhe bei der Anschlussstelle W\u00f6rth-Dorschberg ein  Auto mit eingeschalteter Warnblinkanlage steht. Das Fahrzeug konnte mit  seinem 30-j\u00e4hrigen Fahrzeug an besagter \u00d6rtlichkeit angetroffen werden.  Seinen Angaben zufolge hatte er eine Reifenpanne und an der \u00d6rtlichkeit  den besch\u00e4digten Reifen gewechselt. Bei der folgenden Kontrolle konnte  bei dem Mann Atemalkoholgeruch festgestellt werden, ein Test ergab einen  Wert von 1,8 Promille, weshalb ihm eine Blutprobe entnommen wurde. Das  Auto wurde zur Beseitigung der Gefahrenstelle abgeschleppt und  sichergestellt. <\/p>\n\n\n\n<h4 class=\"wp-block-heading\">(W\u00f6rth am Rhein) &#8211; Wohnanh\u00e4nger von Firmengel\u00e4nde entwendet<\/h4>\n\n\n\n<p>Im Zeitraum vom Freitag, dem 12.07.2019, bis Sonntag, dem 14.07.2019,  um 18.00 Uhr, wurde der Wohnanh\u00e4nger der Marke LMC Caravan, vom Hof  einer Autolackiererei in W\u00f6rth- Maximiliansau, Obere Weide, entwendet.  Das verschlossene Zugangstor zum Firmengel\u00e4nde wurde aufgebrochen. An  dem Wohnanh\u00e4nger war das amtliche Kennzeichen GER-JC 444 angebracht, der  Wert des Wohnanh\u00e4ngers wird auf etwa 25.000 Euro gesch\u00e4tzt. Hinweise  auf den, oder die unbekannten T\u00e4ter liegen der Polizei derzeit nicht  vor. <\/p>\n\n\n\n<h4 class=\"wp-block-heading\">(Insheim \/ A 65) &#8211; Verkehrsunfall wegen Aquaplaning<\/h4>\n\n\n\n<p>Ein Audi-Fahrer aus Worms war am Sonntag gegen 9 Uhr auf der A65 bei  Insheim (Fahrtrichtung Karlsruhe) infolge Wassergl\u00e4tte von der Fahrbahn  abgekommen und mit einem Verkehrszeichen sowie einem Leitpfosten  zusammengekracht. An seinem Fahrzeug entstand wirtschaftlicher  Totalschaden und musste abgeschleppt werden. Grundsatz bei Aquaplaning:  &#8222;Wer rast, der schwimmt!&#8220; Deshalb bei N\u00e4sse &#8222;Fu\u00df vom Gas&#8220;. <\/p>\n\n\n\n<h4 class=\"wp-block-heading\">(Landau) &#8211; Verkehrszeichen auf die Fahrbahn gelegt; Polizeibeamte\/-in beleidigt<\/h4>\n\n\n\n<p>Eine dreik\u00f6pfige Gruppe Jugendlicher wurden am fr\u00fchen Montagmorgen in  der Xylanderstra\u00dfe in Landau beobachtet, als sie ein Verkehrszeichen auf  die Fahrbahn legten und diese dadurch teilweise blockierten. Sie  rannten dann in Richtung Innenstadt. Aufgrund der Beschreibung konnte  die Gruppe angetroffen werden. Einer der Jugendlichen reagierte sofort  aufbrausend Sie mussten mit auf die Dienststelle genommen werden. Hier  wurde der 16-j\u00e4hrige Wortf\u00fchrer der Gruppe dann nach erfolgtem  Atemalkohltest von 1,6 Promille von seiner Mutter abgeholt. Er  beschimpfte dabei die eingesetzte Beamtin und den Beamten. Alle drei  werden sich einem Ermittlungsverfahren wegen des Gef\u00e4hrlichen Eingriffs  in den Stra\u00dfenverkehr und der aufbrausende 16-j\u00e4hrige dar\u00fcber hinaus  noch wegen Beleidigung verantworten m\u00fcssen. <\/p>\n\n\n\n<h4 class=\"wp-block-heading\">(Landau) &#8211; Betrunken Verkehrsunfallflucht begangen<\/h4>\n\n\n\n<p>In der Hainbachstra\u00dfe in Landau wurde der Polizei Landau am fr\u00fchen  Morgen des 14.7.19 ein geparkter Pkw mit frischen Unfallsch\u00e4den und  einer schlafenden Frau auf dem Fahrersitz gemeldet. Eine Kontrolle  ergab, dass mit dem Pkw zuvor im Parkhaus in der Waffenstra\u00dfe Sch\u00e4den  verursacht wurden. Auf Vorhalt gab die alkoholisierte 30-j\u00e4hrige  Pkw-Insassin, dass eine Freundin von ihr den Pkw gesteuert habe. Weitere  Ermittlungen f\u00fchrten zur ebenfalls stark alkoholisierten vermeintlichen  22-j\u00e4hrigen Fahrerin. Da die Fahrereigenschaft vor Ort nicht gekl\u00e4rt  werden konnte, wurde bei beiden Frauen eine Blutentnahme angeordnet. Der  Pkw wurde sichergestellt, ein Ermittlungsverfahren wurde eingeleitet. <\/p>\n\n\n\n<h4 class=\"wp-block-heading\">(Landau-Nu\u00dfdorf) &#8211; Einbruchsversuche<\/h4>\n\n\n\n<p>Bisher\n unbekannte T\u00e4ter versuchten in der Zeit von Samstag, den 13.07.2019 von\n 18.00 Uhr bis Sonntag, den 14.07.2019 15.00 Uhr in zwei \nDoppelhaush\u00e4lften in der Herrengasse in Nu\u00dfdorf einzubrechen. <\/p>\n\n\n\n<p>Die\n Bewohner stellten nach dieser Zeit Einbruchsspuren an der Eingangst\u00fcr \nfest, die vorher dort noch nicht vorhanden waren. Den T\u00e4tern ist es \njedoch nicht gelungen ins Haus zu gelangen. <\/p>\n\n\n\n<p>Zeugen werden gebeten sich mit der Kriminalinspektion Landau unter Telefon: 06341-287-0 in Verbindung zu setzen. <\/p>\n\n\n\n<h4 class=\"wp-block-heading\">(Edenkoben) &#8211; Aufmerksamer Pf\u00f6rtner<\/h4>\n\n\n\n<p>Ein aufmerksamer Pf\u00f6rtner einer Firma in Edenkoben meldete der Polizei  einen alkoholisierten Kraftfahrer, der vor dem Werkstor mit seinem  Sattelzug parken w\u00fcrde. Die Streife fuhr vor Ort und konnte den  47-j\u00e4hrigen Fahrer aus Wei\u00dfrussland antreffen. Ein Alkotest ergab 0,7  Promille, weshalb sein Fahrzeugschl\u00fcssel und die Frachtpapiere bis zur  N\u00fcchternheit sichergestellt wurden. <\/p>\n\n\n\n<h4 class=\"wp-block-heading\">(St. Martin) &#8211; Ein Tritt ans Tanzbein<\/h4>\n\n\n\n<p>Wie eine betrunkene Mannheimerin reagiert, wenn sie eifers\u00fcchtig ist,  konnten Besucher beim gestrigen &#8222;Pergolafest&#8220; erleben. Die 35-j\u00e4hrige  Frau hatte gegen 20 Uhr erheblich dem Alkohol gefr\u00f6nt. Als dann ihr  gleichaltriger und ebenfalls alkoholisierter Mann mit einer anderen Frau  tanzte, flippte sie wahrscheinlich wegen Eifersucht v\u00f6llig aus.  Vermutlich um einen weiteren Tanz zu verhindern, trat sie ihrem Liebsten  derart gegen sein rechtes Bein, dass er eine 3 Meter tiefe B\u00f6schung  hinabst\u00fcrzte. Leicht verletzt wurde er in ein Krankenhaus eingeliefert.  Ein Alkotest bei ihm ergab 2,5 Promille. Da auch die Frau mit knapp 2,3  Promille erheblich alkoholisiert war, wurde auch sie einem Krankenhaus  zugef\u00fchrt. Sie erhielt zudem eine Verf\u00fcgung, wonach sie in den n\u00e4chsten  Tagen keine Verbindung bzw. Kontakt mit ihrem Lebenspartner aufnehmen  darf. Die polizeilichen Ermittlungen laufen. <\/p>\n\n\n\n<h4 class=\"wp-block-heading\">(Neustadt) &#8211; Unfall zwischen Radfahrer und Motorradfahrer \/ Radfahrer leicht verletzt<\/h4>\n\n\n\n<p>Sonntagabend kam es an der Kreuzung Alsterweilerer Weg \/ Andergasse in  Hambach zu einem Unfall, bei dem ein 39-j\u00e4hriger Radfahrer leicht  verletzt wurde. Der Radfahrer, der den Alsterweilerer Weg befuhr,  mi\u00dfachtete die Vorfahrt des von rechts kommenden 53-j\u00e4hrigen  Motorradfahrers. Bei dem Zusammensto\u00df trug der Radler Sch\u00fcrfwunden an  Knie und Fingern davon, die von Rettungskr\u00e4ften behandelt wurden. Der  Motorradfahrer blieb unverletzt. Am Rennrad entstand ein Schaden von ca.  1200 Euro, das Motorrad trug keinen Schaden davon. <\/p>\n\n\n\n<h4 class=\"wp-block-heading\">(Neustadt) &#8211; Wegen Gurt kontrolliert \/ Marihuana gefunden<\/h4>\n\n\n\n<p>Ein 18-j\u00e4hriger Autofahrer aus Mannheim wurde am Sonntagmittag in der  Talstra\u00dfe einer Verkehrskontrolle unterzogen, da er keinen  Sicherheitsgurt angelegt hatte. W\u00e4hrend der Kontrolle konnte  Marihuana-Geruch im Fahrzeug festgestellt werden. Zudem zeigte der  Fahrer drogenspezifische Auff\u00e4lligkeiten. Ein Drogenvortest verlief  positiv auf THC, zudem wurde bei dem 18-J\u00e4hrigen 0,6gr Marihuana  aufgefunden. Die Weiterfahrt wurde unterbunden und eine Blutprobe wurde  entnommen. <\/p>\n\n\n\n<h4 class=\"wp-block-heading\">(Wachenheim) &#8211; Brand eines Weinbergraupenfahrzeuges<\/h4>\n\n\n\n<div class=\"wp-block-image\"><figure class=\"aligncenter\"><img decoding=\"async\" loading=\"lazy\" width=\"500\" height=\"667\" src=\"https:\/\/speyer24news.com\/wp-content\/uploads\/2019\/07\/15.07.19-Wachenheim-Weinbergenter-am-Brennen.jpg\" alt=\"\" class=\"wp-image-16273\" srcset=\"https:\/\/speyer24news.com\/wp-content\/uploads\/2019\/07\/15.07.19-Wachenheim-Weinbergenter-am-Brennen.jpg 500w, https:\/\/speyer24news.com\/wp-content\/uploads\/2019\/07\/15.07.19-Wachenheim-Weinbergenter-am-Brennen-225x300.jpg 225w\" sizes=\"(max-width: 500px) 100vw, 500px\" \/><\/figure><\/div>\n\n\n\n<p>Am 15.07.19, gegen 10:55 Uhr, wurde im Bereich der Wachtenburg von  Zeugen eine starke Rauchentwicklung festgestellt. Durch eine  Funkstreifenbesatzung konnten im Bereich eines Wingerts, ca. 100 m  hinter der Wachtenburg Personen angetroffen werden. Diese gaben an, dass  ein Raupenfahrzeug, welches im Wingert eingesetzt war, vermutlich  aufgrund eines technischen Defektes in Brand geraten sei. Ein  30-j\u00e4hriger Mann, der mit dem Raupenfahrzeug gearbeitet hatte erlitt  leichte Brandverletzungen, die im Krankenhaus versorgt wurden. Durch den  Brand wurden auch zwei Wingerts-Zeilen und der Teile des Hangs  besch\u00e4digt. Die entstandene Schadensh\u00f6he konnte noch nicht beziffert  werden. Die Freiwillige Feuerwehr Wachenheim war mit drei Fahrzeugen und  10 Mann im Einsatz. <\/p>\n\n\n\n<h4 class=\"wp-block-heading\">(Wachenheim) &#8211; Stadtmauer bespr\u00fcht &#8211; 500,- Euro f\u00fcr Hinweis ausgelobt.<\/h4>\n\n\n\n<div class=\"wp-block-image\"><figure class=\"aligncenter\"><img decoding=\"async\" loading=\"lazy\" width=\"800\" height=\"600\" src=\"https:\/\/speyer24news.com\/wp-content\/uploads\/2019\/07\/13.07.19-Wachenheim-bespr\u00fchte-Stadtmauer.jpg\" alt=\"\" class=\"wp-image-16275\" srcset=\"https:\/\/speyer24news.com\/wp-content\/uploads\/2019\/07\/13.07.19-Wachenheim-bespr\u00fchte-Stadtmauer.jpg 800w, https:\/\/speyer24news.com\/wp-content\/uploads\/2019\/07\/13.07.19-Wachenheim-bespr\u00fchte-Stadtmauer-300x225.jpg 300w, https:\/\/speyer24news.com\/wp-content\/uploads\/2019\/07\/13.07.19-Wachenheim-bespr\u00fchte-Stadtmauer-768x576.jpg 768w, https:\/\/speyer24news.com\/wp-content\/uploads\/2019\/07\/13.07.19-Wachenheim-bespr\u00fchte-Stadtmauer-678x509.jpg 678w, https:\/\/speyer24news.com\/wp-content\/uploads\/2019\/07\/13.07.19-Wachenheim-bespr\u00fchte-Stadtmauer-326x245.jpg 326w, https:\/\/speyer24news.com\/wp-content\/uploads\/2019\/07\/13.07.19-Wachenheim-bespr\u00fchte-Stadtmauer-80x60.jpg 80w\" sizes=\"(max-width: 800px) 100vw, 800px\" \/><figcaption>Besch\u00e4digte Stadtmauer<\/figcaption><\/figure><\/div>\n\n\n\n<p>Bisher unbekannte T\u00e4ter haben in der Nacht zum 13.07.19 an die  Wachenheimer Stadtmauer, im Bereich zwischen Weinstra\u00dfe und Diebsturm  ein &#8222;rotes Pentagramm&#8220; aufgespr\u00fcht. Der dadurch entstandene Schaden  steht noch nicht fest. <\/p>\n\n\n\n<p>Die Stadt Wachenheim hat f\u00fcr Hinweise, die zur Ermittlung der T\u00e4ter f\u00fchren einen Betrag von 500,- Euro ausgelobt. <\/p>\n\n\n\n<p>Hinweise bitte an die Polizeiinspektion Bad D\u00fcrkheim, Tel. 06322\/963-0, oder <a href=\"mailto:pibadduerkheim@polizei.rlp.de\">pibadduerkheim@polizei.rlp.de<\/a> <\/p>\n\n\n\n<h4 class=\"wp-block-heading\">(Bad D\u00fcrkheim) &#8211; Pkw-Fahrer stand deutlich unter Alkoholeinfluss<\/h4>\n\n\n\n<p>Am 15.07.19, gegen 00:35 Uhr, wurde in der Kaiserslauterer Stra\u00dfe ein  Pkw &#8211; Fahrer kontrolliert. Beim \u00d6ffnen der Fahrzeugt\u00fcr wurde deutlicher  Alkoholgeruch aus dem Fahrzeuginnern wahrgenommen. Der 33-j\u00e4hrige Fahrer  f\u00fchrte freiwillig einen Atemalkoholtest durch. Dieser ergab einen Wert  von ca. 1,5 Promille. Dem 33-J\u00e4hrigen wurde eine Blutprobe entnommen.  Sein F\u00fchrerschein wurde einbehalten. <\/p>\n\n\n\n<h4 class=\"wp-block-heading\">(Bad D\u00fcrkheim) &#8211; Mofafahrer missachtet &#8222;Anhaltezeichen der Polizei&#8220;, Fahren unter Drogeneinfluss u.a.<\/h4>\n\n\n\n<p>Am 13.07.19, gegen 00:30 Uhr,konnte ein Mofafahrer angehalten werden,  der zuvor im Bereich der Bruchstra\u00dfe kontrolliert werden sollte. Dieser  Kontrolle hatte er sich durch Flucht entzogen. Im Rahmen der  Fahndungsma\u00dfnahmen konnte er im Bereich der Mannheimer Stra\u00dfe,  Einm\u00fcndung Kanalstra\u00dfe gesichtet werden. Er reagierte abermals nicht auf  die Anhaltezeichen und fuhr in Richtung der Auffahrt zur B 271 davon.  Der Funkstreifenbesatzung gelang es den Mofafahrer in H\u00f6he der Auffahrt  zur B 271 zu \u00fcberholen und ihn anzuhalten. Hierbei st\u00fcrzte der  Mofafahrer zu Boden und verletzte sich leicht. Bei der \u00dcberpr\u00fcfung der  Person wurde festgestellt, dass der 17-J\u00e4hrige unter Drogeneinfluss  stand. Weiterhin stellte sich heraus, dass das Mofa schneller als 25  km\/h fahren kann, was zur Folge hat, dass hierf\u00fcr ein F\u00fchrerschein  ben\u00f6tigt wird. Der 17-J\u00e4hrige ist aber nicht im Besitz einer  Fahrerlaubnis. Nachdem ihm auf der Dienststelle eine Blutprobe entnommen  worden war, wurde er entlassen. Ihn erwartet nun eine Anzeige wegen  Fahren ohne Fahrerlaubnis, Versto\u00df gegen das Bet\u00e4ubungsmittelgesetz und  Fahren unter Drogenfluss. <\/p>\n\n\n\n<h4 class=\"wp-block-heading\">(Bobenheim am Berg) &#8211; Hochsitze besch\u00e4digt- Auslobung von 300,- Euro<\/h4>\n\n\n\n<p>Bereits am 29.06.19 wurde bei der Polizei Anzeige wegen  Sachbesch\u00e4digung erstattet, da unbekannte T\u00e4ter im Wald oberhalb von  Bobenheim am Berg mehrere Hochsitze, die von J\u00e4gern benutzt werden,  besch\u00e4digt hatten. Der dadurch entstandene Schaden steht noch nicht  fest. Durch den Verwalter der Hochsitze wurden nun f\u00fcr Hinweise die zur  Ermittlungen der T\u00e4ter f\u00fchren ein Betrag von 300,- Euro ausgelobt. <\/p>\n\n\n\n<p>Hinweise bitte an die Polizeiinspektion Bad D\u00fcrkheim, Tel. 06322\/963-0, oder <a href=\"mailto:pibadduerkheim@polizei.rlp.de\">pibadduerkheim@polizei.rlp.de<\/a> <\/p>\n\n\n\n<h4 class=\"wp-block-heading\">(Maxdorf) &#8211; Sachbesch\u00e4digung an Bl\u00fcmenk\u00fcbeln<\/h4>\n\n\n\n<p>Am 14.07.2019, gegen 23.40 Uhr, wird durch einen Zeugen mitgeteilt,  dass augenscheinlich Jugendliche in der H\u00fcttenm\u00fcllerstra\u00dfe Blumenk\u00fcbel  von Fensterb\u00e4nken rei\u00dfen w\u00fcrden. Vor Ort konnten durch die eingesetzten  Beamten zerbrochene Blumenk\u00fcbel festgestellt werden. Personen konnten  keine mehr angetroffen werden. Der Schaden wird auf etwa 100 Euro  gesch\u00e4tzt. <\/p>\n\n\n\n<p>Wer sachdienliche Hinweise zu dem genannten Fall geben  kann, wird gebeten sich mit der Polizeiinspektion Frankenthal unter der  Rufnummer 06233\/313-0 oder der Polizeiwache Maxdorf unter der Rufnummer  06237\/934-1100 in Verbindung zu setzen. Hinweise k\u00f6nnen auch per E-Mail  unter <a href=\"mailto:pifrankenthal@polizei.rlp.de\">pifrankenthal@polizei.rlp.de<\/a> an die Polizei \u00fcbermittelt werden. <\/p>\n\n\n\n<h4 class=\"wp-block-heading\">(Frankenthal) &#8211; M\u00fclltonne angez\u00fcndet<\/h4>\n\n\n\n<p>Am 15.07.2019, gegen 03.15 Uhr, wird durch einen Zeugen eine brennende  M\u00fclltonne in der Eisenbahnstra\u00dfe, kurz vor der Unterf\u00fchrung zur  He\u00dfheimer Stra\u00dfe gemeldet. Durch die eingesetzte Feuerwehr kann diese  gel\u00f6scht werden. Es wird davon ausgegangen, dass die M\u00fclltonne durch  einen bislang unbekannten T\u00e4ter in Brand gesetzt wurde. Der Schaden wird  auf etwa 200 Euro gesch\u00e4tzt. <\/p>\n\n\n\n<p>Wer sachdienliche Hinweise zu dem  genannten Fall geben kann, wird gebeten sich mit der Polizeiinspektion  Frankenthal unter der Rufnummer 06233\/313-0 oder der Polizeiwache  Maxdorf unter der Rufnummer 06237\/934-1100 in Verbindung zu setzen.  Hinweise k\u00f6nnen auch per E-Mail unter <a href=\"mailto:pifrankenthal@polizei.rlp.de\">pifrankenthal@polizei.rlp.de<\/a> an die Polizei \u00fcbermittelt werden. <\/p>\n\n\n\n<h4 class=\"wp-block-heading\">(Frankenthal) &#8211; Verkehrsunfallflucht<\/h4>\n\n\n\n<p>Der Gesch\u00e4digte stellt seinen Pkw Dacia Sandero am 14.07.2019, zwischen  09.00 Uhr bis 11.50 Uhr, im Europaring, H\u00f6he Hausnummer 12, ab. Als er  wieder zu seinem Fahrzeug kommt, muss er feststellen, dass dieses durch  einen bislang unbekannten Fahrzeugf\u00fchrer an der hinteren linken  Sto\u00dfstange besch\u00e4digt wurde. Der Schaden wird auf etwa 600 Euro  gesch\u00e4tzt. <\/p>\n\n\n\n<p>Wer sachdienliche Hinweise zu dem genannten Fall geben  kann, wird gebeten sich mit der Polizeiinspektion Frankenthal unter der  Rufnummer 06233\/313-0 oder der Polizeiwache Maxdorf unter der Rufnummer  06237\/934-1100 in Verbindung zu setzen. Hinweise k\u00f6nnen auch per E-Mail  unter <a href=\"mailto:pifrankenthal@polizei.rlp.de\">pifrankenthal@polizei.rlp.de<\/a> an die Polizei \u00fcbermittelt werden. <\/p>\n\n\n\n<h4 class=\"wp-block-heading\">(Ludwigshafen) &#8211; Unfall mit G\u00fcterzug<\/h4>\n\n\n\n<p>Eine 28-j\u00e4hrige PKW-Fahrerin missachtete am Sonntag (15.07.2019) am  Bahn\u00fcbergang einen G\u00fcterzug wurde von diesem erfasst. Die junge Frau war  gegen 8.49 Uhr mit ihrem PKW auf dem Ke\u00dflerweg unterwegs und wollte den  dortigen Bahn\u00fcbergang \u00fcberqueren. Hierbei missachtete sie die optischen  und akustischen Warnsignale eines herannahenden G\u00fcterzugs. Der G\u00fcterzug  kollidierte mit dem Fahrzeug. Durch Verkehrsunfall wurde niemand  verletzt. Der Sachschaden wird auf 16 000 Euro beziffert. <\/p>\n\n\n\n<h4 class=\"wp-block-heading\">(Ludwigshafen) &#8211; Versuchter Einbruch in Gastst\u00e4tte<\/h4>\n\n\n\n<p>Vermutlich abgeschreckt durch den ausgel\u00f6sten Alarm misslang am Montag  (15.07.2019) ein Einbruch in eine Gastst\u00e4tte. Der Alarm wurde gegen 0.15  Uhr in einer Gastst\u00e4tte in der Kettlerstra\u00dfe ausgel\u00f6st. Die Polizei  stellte nur noch Einbruchspuren an der Eingangst\u00fcr der Gastst\u00e4tte fest.  Sachdienliche Hinweise nimmt die Kriminalpolizei Ludwigshafen unter der  Telefonnummer 0621\/963-2773 oder per Email <a href=\"mailto:kiludwigshafen@polizei.rlp.de\">kiludwigshafen@polizei.rlp.de<\/a> entgegen. <\/p>\n\n\n\n<h4 class=\"wp-block-heading\">(Ludwigshafen) &#8211; Versuchte Einbr\u00fcche<\/h4>\n\n\n\n<p>Unbekannten versuchten am Samstag (14.07.2019), gegen 3.48 Uhr, in eine  Wohnung eines Mehrfamilienhaues in der K\u00f6nigsbacher Stra\u00dfe  einzubrechen. Eine Bewohnerin wurde durch laute Ger\u00e4usche an der T\u00fcr  geweckt und verst\u00e4ndigte sicherheitshalber die Polizei. Diese stellte  Einbruchsspuren an der Wohnungst\u00fcr fest. Der\/die T\u00e4ter gelangte\/n nicht  in die Wohnung. Es entstand lediglich Sachschaden. <\/p>\n\n\n\n<p>Am \nSamstagabend (14.07.2019) versuchten Unbekannte ebenfalls in eine \nWohnung eines Mehrfamilienhauses in der Maudacher Stra\u00dfe einzubrechen. \nAuch dieses Vorhaben misslang. <\/p>\n\n\n\n<p>Sachdienliche Hinweise nimmt die Kriminalpolizei Ludwigshafen unter der Telefonnummer 0621\/963-2773 oder per Email <a href=\"mailto:kiludwigshafen@polizei.rlp.de\">kiludwigshafen@polizei.rlp.de<\/a> entgegen. <\/p>\n\n\n\n<h4 class=\"wp-block-heading\">(Ludwigshafen) &#8211; Randalierer festgenommen<\/h4>\n\n\n\n<p>3500 Euro Sachschaden verursachte am Samstag (14.07.2019) ein  22-J\u00e4hriger, nachdem er zuvor vier Fahrzeuge mit einem  Teleskopschlagstock besch\u00e4digt hatte. Gegen 1.30 Uhr bemerkte ein  aufmerksamer Zeuge, wie ein Mann mit einem Schlagstock mehrere geparkte  Fahrzeuge beim Vorbeigehen besch\u00e4digte. Die betroffenen Autos waren in  der Bahnhofstra\u00dfe geparkt. Der Zeuge verst\u00e4ndigte sofort die Polizei,  die den 22-J\u00e4hrigen festnahm. Der junge Mann stand unter  Alkoholeinfluss. Ein durchgef\u00fchrter Atemalkoholtest ergab eine  Promillewert von 1,4. <\/p>\n\n\n\n<h4 class=\"wp-block-heading\">(Mannheim) &#8211; Mercedes angefahren und gefl\u00fcchtet \/ Hinweise an die Polizei<\/h4>\n\n\n\n<p>Einen in der Tattersallstra\u00dfe abgestellten wei\u00dfen Mercedes besch\u00e4digte  am Sonntagvormittag ein bislang nicht ermittelter Autofahrer vermutlich  beim Ausparken, richtete Schaden von rund 3.0000 Euro an und fl\u00fcchtete  danach unerlaubt. Der Gesch\u00e4digte parkte in der Zeit zwischen 10 und  11.50 Uhr. <\/p>\n\n\n\n<p>Nach bisherigen Recherchen k\u00f6nnte als verursachendes  Fahrzeug ein blauer oder lila Opel Vectra, der mit einer Frau mit  langen, schwarzen Haaren besetzt war, gefahren worden sein. Sie trug  vermutlich eine Brille. Zeugen, die Hinweise zum Vorfall bzw. zur\/zum  Fl\u00fcchtigen geben k\u00f6nnen, werden gebeten, sich mit dem Polizeirevier  Mannheim-Oststadt, Tel.: 0621\/174-3310, in Verbindung zu setzen. <\/p>\n\n\n\n<h4 class=\"wp-block-heading\">(Mannheim) &#8211; &#8222;Poser-Gehabe schnell und konsequent eind\u00e4mmen&#8220; \/ Zweifel  an der Fahreignung eines 24-j\u00e4hriger BMW-Fahrers der F\u00fchrerscheinstelle gemeldet &#8211; AMG-Fahrer nach Beschleunigungsrennen gestoppt<\/h4>\n\n\n\n<p>Am Freitagabend gegen 20 Uhr fiel ein 24-j\u00e4hriger BMW-Fahrer aus  Ludwigshafen im Luisenring und im weiteren Verlauf auf der  Kurt-Schuhmacher-Br\u00fccke einer Streife der Verkehrspolizei auf, wie er in  typischer Poser-Manier den Motor aufheulen lie\u00df und mehrfach stark  beschleunigte. Dadurch brach das Heck des BMW immer wieder kurzzeitig  aus. Der Fahrer konnte in Ludwigshafen gestoppt werden. Dabei wurden  auch technische \u00c4nderungen entdeckt, die die Betriebserlaubnis zum  Erl\u00f6schen brachten. Da ernsthafte Zweifel an der Fahreignung  des  24-J\u00e4hrigen bestehen, wurde &#8211; wie vor einiger Zeit angek\u00fcndigt &#8211; die  F\u00fchrerscheinstelle von der Polizei informiert. Der Fahrer wurde dar\u00fcber  informiert und aufgefordert, sein Fahrverhalten umgehend einzustellen.  Ebenso, dass die Polizei bei der Verkehrs\u00fcberwachung auf sein Fahrzeug  achten werde. <\/p>\n\n\n\n<p>&#8222;Wir wollen dieses gef\u00e4hrliche Poser-Gehabe \nm\u00f6glichst schnell und konsequent eind\u00e4mmen&#8220;, so Polizeidirektor Dieter \nSch\u00e4fer, Leiter der Verkehrspolizei Mannheim. <\/p>\n\n\n\n<p>Wegen des  Verdachts, ein verbotenes Autorennen durchgef\u00fchrt zu haben, ermittelt  die Polizei gegen den 21-j\u00e4hrigen Fahrer eines AMG-Mercedes aus  Mannheim. Dieser war am Sonntag gegen 23.35 Uhr im Kaiserring einer  Streife des Polizeireviers Mannheim-Oststadt aufgefallen. Der Fahrer  beschleunigte bei der weiteren Fahrt \u00fcber den Friedrichsring,  Goethestra\u00dfe, Renzstra\u00dfe bis zur Friedrich-Ebert-Br\u00fccke seinen Boliden,  wechselte r\u00fccksichtslos die Fahrstreifen und beschleunigte auf die  h\u00f6chst m\u00f6gliche Geschwindigkeit. Zeugen und Gesch\u00e4digte, die durch die  Fahrweise des 21-J\u00e4hrigen gef\u00e4hrdet wurden, werden in diesem Fall  gebeten, sich unter Telefon 0621\/174-3310 beim Revier Oststadt zu  melden. <\/p>\n\n\n\n<h4 class=\"wp-block-heading\">(Mannheim-Innenstadt) &#8211; Nach Ladendiebstahl Polizeibeamte angegriffen<\/h4>\n\n\n\n<p>Ein 24-J\u00e4hriger versuchte am Samstag gleich zweimal einen Sechserpack  Bier zu stehlen &#8211; beim zweiten Mal wurde die Polizei alarmiert. <\/p>\n\n\n\n<p>Der  junge Mann nahm um kurz vor 17 Uhr einen Sechserpack aus dem Regal  eines Supermarkts in N 1 und ging ohne zu zahlen durch die Kasse. Ein  Mitarbeiter bemerkte den Vorfall und nahm ihm das Bier wieder ab. Davon  unbeeindruckt drehte der 24-J\u00e4hrige um, ging erneut in den Laden und  nahm sich ein anderes Sechserpack. Diesmal rannte der Dieb allerdings  durch die Kasse in Richtung Paradeplatz. Ein Zeuge wurde auf den  Diebstahl aufmerksam und sprach den Fl\u00fcchtigen an, der r\u00fcckte das Bier  nicht raus. Als die alarmierten Beamten den Mann festnahmen, wehrte sich  dieser, griff diese an und spuckte einem Uniformierten ins Gesicht. Da  sich der stark alkoholisierte T\u00e4ter auch in der Dienststelle nicht  beruhigte, musste er den Abend in der Ausn\u00fcchterungszelle verbringen.  Hierbei verletzte er einen weiteren Beamten leicht. Der 24-J\u00e4hrige muss  sich nun wegen Ladendiebstahls, Widerstand gegen Vollstreckungsbeamte  und t\u00e4tlichem Angriff strafrechtlich verantworten. <\/p>\n\n\n\n<h4 class=\"wp-block-heading\">(Mannheim-Schwetzinger Stadt) &#8211; Verpuffung bei Arbeiten an einer Gasleitung, vier verletzte Personen<\/h4>\n\n\n\n<p>Am Montag kurz nach 09 Uhr wurden Feuerwehr und Polizei zu einer  Wohnung in der Seckenheimer Stra\u00dfe gerufen, da es dort wohl zu einer  Explosion gekommen sei. <\/p>\n\n\n\n<p>Nach derzeitigem Ermittlungsstand f\u00fchrten\n zwei Handwerker Arbeiten an einer Gasleitung in einer Wohnung im 2. \nObergeschoss eines Mehrfamilienhauses durch. <\/p>\n\n\n\n<p>Beim Durchtrennen \neiner Gasleitung kam es zu einer Verpuffung und anschlie\u00dfendem Brand. \nHierbei wurden sowohl die 24- und 38- Jahre alten Handwerker verletzt, \nals auch zwei 16- und 20 Jahre alte Bewohnerinnen. <\/p>\n\n\n\n<p>Die Vier zogen\n sich Verbrennungen am K\u00f6rper zu und wurden zudem wegen des Verdachts \nder Inhalation von Gas in nahegelegene Krankenh\u00e4user verbracht. <\/p>\n\n\n\n<p>Die Feuerwehr konnte den Brand l\u00f6schen, die Wohnung ist derzeit unbewohnbar. Es entstand ein Schaden von knapp 10.000 Euro. <\/p>\n\n\n\n<p>Die weiteren Ermittlungen \u00fcbernahm der Polizeiposten Mannheim-Schwetzinger Stadt. <\/p>\n\n\n\n<h4 class=\"wp-block-heading\">(Mannheim-Neckarau) &#8211; Bierkrug in Stra\u00dfenbahnscheibe geworfen, zwei Tatverd\u00e4chtige festgenommen, Zeugen gesucht.<\/h4>\n\n\n\n<p>Am Samstag kurz vor 22.30 Uhr soll ein 24-j\u00e4hriger Mann in der  Neckarauer Stra\u00dfe, Haltestelle Bahnhof Neckarau ein Bierkrug in eine  Seitenscheibe der Stra\u00dfenbahnlinie 1 geworfen haben. <\/p>\n\n\n\n<p>Dadurch wurde in der Bahn eine 29-j\u00e4hrige Frau leicht verletzt, sie zog sich Schnittwunden  am Hals zu. <\/p>\n\n\n\n<p>Zwei\n Funkwagenbesatzungen des Polizeireviers Mannheim-Neckarau konnten eine \nPersonengruppe am nahegelegenen DB-Bahnhof Neckarau feststellen und \nkontrollieren. <\/p>\n\n\n\n<p>Ein 26-j\u00e4hriger Tatverd\u00e4chtiger verhielt sich \ngegen\u00fcber den Beamten aggressiv, weshalb er zu Boden gebracht werden \nmusste und mit Handschlie\u00dfen gefesselt wurde. Ein weiterer 24-j\u00e4hriger \nMann, der nach derzeitigem Ermittlungsstand den Bierkrug durch die \nScheibe der Stra\u00dfenbahn geworfen hatte, fl\u00fcchtete \u00fcber die Bahngleise \nund wurde ebenfalls unter Anwendung von Gewalt vorl\u00e4ufig festgenommen. \nBei seiner Festnahme p\u00f6belte er lautstark herum, was durch Au\u00dfenstehende\n wahrgenommen wurde. <\/p>\n\n\n\n<p>Die Tatverd\u00e4chtigen wurden zum Polizeirevier\n Neckarau verbracht und nach Abschluss aller polizeilichen Ma\u00dfnahmen \nwieder auf freien Fu\u00df gesetzt. <\/p>\n\n\n\n<p>Die Ermittler des Polizeireviers  Mannheim-Neckarau suchen nun nach Zeugen der Vorf\u00e4lle und bitten diese,  sich unter der Telefonnummer 0621 833970 zu melden. <\/p>\n\n\n\n<h4 class=\"wp-block-heading\">(Mannheim-K\u00e4fertal) &#8211; Verkehrsunfall mit verletztem Motorradfahrer<\/h4>\n\n\n\n<p>Ein verletzter Motorradfahrer und erheblicher Sachschaden sind das  Ergebnis eines Verkehrsunfall am Montagmorgen im Stadtteil K\u00e4fertal. Ein  66-j\u00e4hriger Mann war kurz vor 6 Uhr mit seinem Ford Transit auf der  Mannheimer Stra\u00dfe in Richtung Boveriestra\u00dfe unterwegs. An der Einm\u00fcndung  zu Neustadter Stra\u00dfe\/Boveriestra\u00dfe missachtete der die Vorfahrt eins  50-j\u00e4hrigen Motorradfahrers, der auf der Neustadter Stra\u00dfe in Richtung  Oskar-von-Miller-Stra\u00dfe unterwegs war, und stie\u00df mit ihm zusammen. Der  50-J\u00e4hrige st\u00fcrzte auf die Fahrbahn und zog sich dabei Verletzungen zu.  Mit Verdacht auf Knochenbr\u00fcche wurde er nach not\u00e4rztlicher  Erstversorgung in ein Krankenhaus eingeliefert. Zur Unfallzeit war die  dortige Ampel noch nicht in Betrieb. <\/p>\n\n\n\n<p>Beide Fahrzeuge mussten  abgeschleppt werden. Der Sachschaden wird auf rund 7.000 Euro gesch\u00e4tzt.  Im Anschluss an die Unfallaufnahmen musste die Fahrbahn wegen  ausgelaufener Betriebsstoffe durch eine Fachfirma gereinigt werden. Die  Fahrbahn wurde gegen 7.50 Uhr wieder freigegeben. Es ergaben sich keine  nennenswerten Verkehrsbeeintr\u00e4chtigungen. <\/p>\n\n\n\n<h4 class=\"wp-block-heading\">(Heidelberg) &#8211; Stromk\u00e4sten in der Kleingartenanlage besch\u00e4digt \/ Zeugen gesucht<\/h4>\n\n\n\n<p>Zwei Stromk\u00e4sten in der Kleingartenanlage der &#8222;Gartenfreunde Wieblingen  e.V.&#8220; im Mittelgewannweg besch\u00e4digten in der Zeit zwischen Samstag- und  Sonntagnachmittag bislang unbekannte T\u00e4ter, so dass Sachschaden von  rund 6.000 Euro entstand. Am Sonntag kurz vor 17 Uhr wurden die  Besch\u00e4digungen bemerkt und Anzeige beim Polizeirevier Heidelberg-S\u00fcd  erstattet. Zeugen, die evtl. verd\u00e4chtige Beobachtungen gemacht haben und  Hinweise auf die T\u00e4ter geben k\u00f6nnen, werden gebeten, sich unter Tel.:  06221\/3418-0 zu melden. <\/p>\n\n\n\n<h4 class=\"wp-block-heading\">(Heidelberg) &#8211; Kioskeinbruch auf der Alla-Hopp-Anlage in Kirchheim \/ Zeugen gesucht<\/h4>\n\n\n\n<p>In der Zeit zwischen Freitagabend, 18 Uhr und Samstag, 15 Uhr brachen  bislang unbekannte T\u00e4ter in das Kiosk auf der Alla-Hopp-Anlage im  Harbigweg ein. \u00dcber ein Fenster stiegen die Unbekannten ein und  entwendeten diverse S\u00fc\u00dfigkeiten sowie Getr\u00e4nke. Ob weitere Utensilien  aus dem Kiosk gestohlen wurden, ist bislang noch nicht bekannt und  Gegenstand der weiteren Ermittlungen. Die Beamten des Polizeireviers  Heidelberg-S\u00fcd verzeichneten erst k\u00fcrzlich einen Einbruch in diesen  Kiosk. Zeugen, die verd\u00e4chtige Beobachtungen gemacht haben und Hinweise  geben k\u00f6nnen, werden gebeten, sich unter Tel.: 06221\/3418-0, zu melden. <\/p>\n\n\n\n<h4 class=\"wp-block-heading\">(Heidelberg) &#8211; Stagepiano aus Hausflur gestohlen \/ Polizei ermittelt und sucht dringend Zeugen<\/h4>\n\n\n\n<p>Aus dem Eingangsbereich eines Mehrfamilienhauses am Hans-Thoma-Platz  stahlen am Freitagmorgen bislang unbekannte T\u00e4ter ein Stagepiano samt  Rolltasche im Wert von fast 3.000 Euro. <\/p>\n\n\n\n<p>Der Gesch\u00e4digte kehrte \nnach einem Konzert in der Nacht zum Freitag nach Hause zur\u00fcck und \ndeponierte sein Equipment im Hausflur. Nach Angaben zweier Bewohner \nm\u00fcsste die Tatzeit zwischen 8 und 13 Uhr liegen. <\/p>\n\n\n\n<p>Der Gesch\u00e4digte \nmeldete den Diebstahl beim Polizeirevier Heidelberg-Nord. Es handelt \nsich um ein Stagepiano der Marke &#8222;Roland&#8220;, Typ RD-2000 sowie um die \ndazugeh\u00f6rende Rolltasche der Marke &#8222;Soundwear, Typ 29142. <\/p>\n\n\n\n<p>Zeugen,  die evtl. das Heraustragen aus dem Anwesen beobachtet haben oder  Hinweise zum Verbleib geben k\u00f6nnen, werden gebeten, sich mit den Beamten  unter Tel.: 06221\/4569-0 in Verbindung zu setzen. <\/p>\n\n\n\n<h4 class=\"wp-block-heading\">(Heidelberg-Neuenheimer Feld) &#8211; Mehrere Einbr\u00fcche in der Tiergartenstra\u00dfe \/ Zeugen gesucht<\/h4>\n\n\n\n<p>In der Nacht von Samstag auf Sonntag brachen unbekannte T\u00e4ter in zwei  Gastst\u00e4tten und das Tiergartenschwimmbad im Neuenheimer Feld ein. Die  Einbrecher \u00fcberwanden zun\u00e4chst den Zaun des Schwimmbades und gelangten  so auf das Freibadgel\u00e4nde. Anschlie\u00dfend begaben sich zum Restaurant am  Eingang des Bades und schlugen eine Fensterscheibe ein, durch die sie  schlie\u00dflich in die Gastr\u00e4ume einstiegen. Im Inneren \u00f6ffneten sie alle  Schr\u00e4nke und Schubladen und durchw\u00fchlten sie. Hierbei fielen ihnen zwei  Tablet-PCs in die H\u00e4nde, die sie mitgehen lie\u00dfen. <\/p>\n\n\n\n<p>Im gleichen \nZeitraum wurde auch in die B\u00fcror\u00e4ume des Tiergartenschwimmbads \neingebrochen. Auch hier schlugen die Einbrecher eine Scheibe ein und \ngelangten so in die R\u00e4umlichkeiten. Im Inneren durchw\u00fchlten sie \nebenfalls alle Schr\u00e4nke und Schubladen. Ob etwas entwendet wurde, ist \nderzeit noch nicht bekannt. <\/p>\n\n\n\n<p>Au\u00dferdem wurde in eine weitere \nGastst\u00e4tte in der Tiergartenstra\u00dfe eingebrochen. Hier verwendeten die \nT\u00e4ter eine Rohzange zum Einschlagen einer Scheibe, um anschlie\u00dfend in \nden Schankraum einzusteigen. Hier entwendeten sich eine Wechselkasse mit\n einem noch unbekannten Bargeldbetrag. <\/p>\n\n\n\n<p>Ob ein Zusammenhang zwischen den drei Einbr\u00fcchen besteht, ist Gegenstand der weiteren Ermittlungen. <\/p>\n\n\n\n<p>Zeugen,  die verd\u00e4chtige Wahrnehmungen gemacht haben, werden gebeten, sich beim  Polizeirevier Heidelberg-Nord, Tel.: 06221\/4569-0 zu melden. <\/p>\n\n\n\n<h4 class=\"wp-block-heading\">(Br\u00fchl \/ Rhein-Neckar-Kreis) &#8211; Junggesellenabschied endet blutig<\/h4>\n\n\n\n<p>Ein Junggesellenabschied am fr\u00fchen Sonntagmorgen in Br\u00fchl endete  blutig. Eine Gruppe von sechs M\u00e4nnern feierte am Samstagabend auf dem  Rohhofer Stra\u00dfenfest einen Junggesellenabschied. Auf dem R\u00fcckweg nach  Br\u00fchl begegneten sie in H\u00f6he der Nibelungenstra\u00dfe mehreren M\u00e4nnern, die  sich sofort provozierend und beleidigend verhielten. Im Verlauf eines  darauf folgenden Wortgefechts und Gerangels zog ein 21-j\u00e4hriger Mann aus  der Gruppe der Angreifer ein Messer und stach einem 30-J\u00e4hrigen damit  unvermittelt in die H\u00fcfte. Der 30-J\u00e4hrige ging verletzt zu Boden. Die  T\u00e4ter fl\u00fcchteten zun\u00e4chst in Richtung Rohrhof, wurden dabei jedoch von  Zeugen und weiteren Gesch\u00e4digten verfolgt. Wenig sp\u00e4ter kehrten die  Angreifer jedoch zur\u00fcck und gingen nochmals auf die M\u00e4nner des  Junggesellenabschieds los. Dabei kugelte sich der Br\u00e4utigam die Schulter  aus, weitere Gesch\u00e4digte erlitten durch Schl\u00e4ge und Tritte leichte  Verletzungen. Die T\u00e4ter fl\u00fcchteten anschlie\u00dfend in Richtung  Steffi-Graf-Park. <\/p>\n\n\n\n<p>Im Rahmen einer sofortigen Fahndung im \nNahbereich konnten wenig sp\u00e4ter zwei der T\u00e4ter im Alter von jeweils 24 \nJahren festgenommen werden. Dabei konnte auch der dritte im Bunde, der \nden Messerstich ausgef\u00fchrt hatte, ermittelt werden. <\/p>\n\n\n\n<p>Die beiden \nVerletzten wurden im Krankenhaus behandelt. Hierbei wurde festgestellt, \ndass der 30-J\u00e4hrige eine tiefe Schnittverletzung im Bereich des \nBeckenknochens erlitten hatte, die jedoch nicht lebensgef\u00e4hrlich war. <\/p>\n\n\n\n<p>Gegen die drei Angreifer wird nun wegen gef\u00e4hrlicher K\u00f6rperverletzung und Beleidigung ermittelt. <\/p>\n\n\n\n<h4 class=\"wp-block-heading\">(Meckesheim \/ Rhein-Neckar-Kreis) &#8211; Nach Zusammensto\u00df mit Pkw, drei Radfahrer leicht verletzt<\/h4>\n\n\n\n<p>Beim Zusammensto\u00df mit einem abbiegenden Fahrzeug wurden am fr\u00fchen  Samstagmorgen in Meckesheim drei Fahrradfahrer leicht verletzt. <\/p>\n\n\n\n<p>Gegen\n 07:50 Uhr befuhr eine 54-j\u00e4hrige Frau mit ihrem VW Golf die \nFriedrichstra\u00dfe in Richtung Bahnhofstra\u00dfe, um an der Kreuzung zur \nProf.-Kehrer-Stra\u00dfe nach links abzubiegen. Dabei \u00fcbersah sie eine \nentgegenkommende Gruppe von f\u00fcnf Radfahrern, m\u00f6glicherweise sch\u00e4tzte sie\n auch deren Geschwindigkeit falsch ein. W\u00e4hrend es dem ersten und dem \nletzten Radler noch gelang, dem Auto auszuweichen, stie\u00dfen die drei in \nder Mitte Fahrenden mit dem Pkw zusammen. Ein 36-j\u00e4hriger Rennradfahrer \nstreifte die Front des VW und st\u00fcrzte dann auf die Fahrbahn ein \n37-J\u00e4hriger und 57-J\u00e4hriger wurden hingegen auf die Motorhaube \naufgeladen und kamen daraufhin zu Fall. <\/p>\n\n\n\n<p>Die drei leichtverletzten\n M\u00e4nner kamen zur weiteren Abkl\u00e4rung in Krankenh\u00e4user in Heidelberg und \nSinsheim. Der Sachschaden wurde auf rund 9.000 Euro gesch\u00e4tzt. <\/p>\n\n\n\n<p>Gegen die Unfallverursacherin wird wegen fahrl\u00e4ssiger K\u00f6rperverletzung ermittelt. <\/p>\n\n\n\n<h4 class=\"wp-block-heading\">(Sinsheim \/ A 6 \/ Rhein-Neckar-Kreis) &#8211; R\u00fccksichtsloser Autofahrer bedr\u00e4ngt andere Verkehrsteilnehmer \/ Polizei sucht Zeugen<\/h4>\n\n\n\n<p>Ein bislang unbekannter Mercedes-Fahrer n\u00f6tigte und bedr\u00e4ngte am  Sonntagabend auf der A 6 bei Sinsheim durch seine r\u00fccksichtslose  Fahrweise andere Verkerhsteilnehmer. Der Mann war gegen 17.30 Uhr mit  seiner Mercedes-S-Klasse auf der A 6 von Heilbronn in Richtung Mannheim  unterwegs. Zwischen der Anschlussstelle Sinsheim-Steinsfurt und dem  Autobahndreieck Hockenheim zwang er eine 48-j\u00e4hrige Frau aus der Schweiz  durch mehrmalige \u00dcberhol- und Bremsman\u00f6ver jeweils, ihr Fahrzeug bis  zum Stillstand abzubremsen. Mehrfach war der gesamte nachfolgende  Verkehr zum Anhalten gezwungen. Im weiteren Verlauf wurde das Auto der  Schweizerin vom Beifahrer im Mercedes mit Gegenst\u00e4nden beworfen. Dabei  wurde der Mercedes der Frau besch\u00e4digt.  Uwischen dem Autobahnkreuz  Walldorf und dem Autobahndreieck Hockenheim wurde die 48-J\u00e4hrige  nochmals so stark bedr\u00e4ngt, dass sie auf den Seitenstreifen fuhr und  zun\u00e4chst anhielt. Auch der Unbekannte stoppte seinen Mercedes auf dem  Seitenstreifen und dessen Beifahrer stieg aus. Als dieser auf den  Mercedes der Gesch\u00e4digten zulief, fuhr diese wieder los und verlor den  Mercedes schlie\u00dflich aus den Augen. <\/p>\n\n\n\n<p>Bei dem Fahrzeug des \nr\u00fccksichtslosen Autofahrers soll es sich um einen Mercedes S350D mit \nM\u00fcnchner Kennzeichen gehandelt haben. Beschreibungen von Fahrer und \nBeifahrer konnten bislang nicht erlangt werden. <\/p>\n\n\n\n<p>Die Polizei sucht\n weitere Gesch\u00e4digte, die durch den Unbekannten gen\u00f6tigt wurden sowie \nZeugen, die den Vorfall beobachtet haben und sachdienliche Hinweise zu \nFahrer und Beifahrer geben k\u00f6nnen. Diese werden gebeten, sich beim \nVerkehrskommissariat Walldorf, Tel.: 06227\/35826-0 zu melden. <\/p>\n\n\n\n<h4 class=\"wp-block-heading\">(Sinsheim \/ Rhein-Neckar-Kreis) &#8211; Unfall in der Neulandstra\u00dfe \/ Verursacher unter Drogeneinwirkung<\/h4>\n\n\n\n<p>In der Neulandstra\u00dfe kam es am Sonntagnachmittag kurz nach 15 Uhr zu  einem Verkehrsunfall, der Sachschaden von 7.000 Euro forderte.  Verursacht hatte den Crash ein 26-j\u00e4hriger Jaguar-Fahrer, der in einen  Parkplatz einfahren wollte, kurz zuvor aber aus bislang nicht gekl\u00e4rter  Ursache auf die Linksabbiegerspur wechselte und mit dem Skoda einer  39-J\u00e4hrigen kollidierte. <\/p>\n\n\n\n<p>Bei der Unfallaufnahme hatten die  Beamten den Verdacht der Drogenbeeinflussung und f\u00fchrten eine  \u00dcberpr\u00fcfung &#8211; schlie\u00dflich mit positivem Ergebnis &#8211; durch. Auf der  Dienststelle des Polizeireviers Sinsheim waren eine Blutentnahme sowie  eine Anzeige f\u00e4llig. Den nicht mehr fahrbereiten Jaguar transportierte  ein Abschleppunternehmen von der Unfallstelle ab. <\/p>\n\n\n\n<h4 class=\"wp-block-heading\">(Eppelheim \/ Rhein-Neckar-Kreis) &#8211; Betrunkener Fahrradfahrer wird rabiat<\/h4>\n\n\n\n<p>Ein 38-j\u00e4hriger betrunkener Fahrradfahrer wurde am Sonntagabend in  Eppelheim rabiat gegen\u00fcber Polizeibeamten. Der Mann fiel einer  Polizeistreife gegen 18.30 Uhr auf, da er beim Fahrradfahren eine  ge\u00f6ffnete Bierflasche in der Hand hielt und in Schlangenlinien die  Scheffelstra\u00dfe in Richtung Hauptstra\u00dfe entlang fuhr. Er wurde mehrfach  \u00fcber Au\u00dfenlautsprecher sowie Blaulicht und Martinshorn aufgefordert,  anzuhalten. Dies ignorierte der Mann jedoch. Erst in der Wieblinger  Stra\u00dfe hielt der Radler an und stieg ab. Dabei verhielt er sich bereits  verbal aggressiv und vollkommen uneinsichtig gegen\u00fcber den Polizisten.  Schon hier beleidigte und bedrohte er die Beamten. Diesen fiel jedoch  sofort der Alkoholgeruch im Atem des Mannes auf. Ein Alkoholtest ergab  einen Wert von \u00fcber 1,6 Promille. Als er \u00fcber die weiteren Ma\u00dfnahmen  aufgekl\u00e4rt worden war, nahm er die zuvor abgestellte Bierflasche wieder  zur Hand und deutete an, diese gegen die Beamten einzusetzen bzw. zu  werfen. Durch Einsatz von Pfefferspray konnte der Uneinsichtige mithilfe  hinzugerufener Unterst\u00fctzungskr\u00e4fte schlie\u00dflich \u00fcberw\u00e4ltigt und zum  Polizeirevier Heidelberg-S\u00fcd gebracht werden. Der Vorfall wurde von den  Beamten mittels Bodycam aufgezeichnet. In der Dienststelle wurde dem  Mann eine Blutprobe entnommen. Nach Abschluss der polizeilichen  Ma\u00dfnahmen wurde der 38-J\u00e4hrige wieder auf freien Fu\u00df entlassen. Gegen  ihn wird nun wegen Trunkenheit im Stra\u00dfenverkehr, Bedrohung und  versuchten t\u00e4tlichen Angriffs gegen Polizeibeamte sowie Beleidigung  ermittelt. <\/p>\n","protected":false},"excerpt":{"rendered":"<div class=\"mh-excerpt\"><p>Polizeimeldungen vom Montag (15.07.2019) (Speyer) &#8211; Brand eines leerstehendem Geb\u00e4udes Aus bislang ungekl\u00e4rter Ursache kam es Sonntagnacht zu einem Brand im ehemaligen Geb\u00e4ude der Wasserschutzpolizei. Das seit langer Zeit ungenutzte und verlassene Geb\u00e4ude in der <a class=\"mh-excerpt-more\" href=\"https:\/\/speyer24news.com\/?p=16271\" title=\"Polizei:\">[&#8230;]<\/a><\/p>\n<\/div>","protected":false},"author":3,"featured_media":0,"comment_status":"open","ping_status":"open","sticky":false,"template":"","format":"standard","meta":{"_monsterinsights_skip_tracking":false,"_monsterinsights_sitenote_active":false,"_monsterinsights_sitenote_note":"","_monsterinsights_sitenote_category":0,"footnotes":""},"categories":[12],"tags":[61,63,105,53,102,213,55,103,106,427,62,104,979,1565],"aioseo_notices":[],"amp_enabled":true,"_links":{"self":[{"href":"https:\/\/speyer24news.com\/index.php?rest_route=\/wp\/v2\/posts\/16271"}],"collection":[{"href":"https:\/\/speyer24news.com\/index.php?rest_route=\/wp\/v2\/posts"}],"about":[{"href":"https:\/\/speyer24news.com\/index.php?rest_route=\/wp\/v2\/types\/post"}],"author":[{"embeddable":true,"href":"https:\/\/speyer24news.com\/index.php?rest_route=\/wp\/v2\/users\/3"}],"replies":[{"embeddable":true,"href":"https:\/\/speyer24news.com\/index.php?rest_route=%2Fwp%2Fv2%2Fcomments&post=16271"}],"version-history":[{"count":1,"href":"https:\/\/speyer24news.com\/index.php?rest_route=\/wp\/v2\/posts\/16271\/revisions"}],"predecessor-version":[{"id":16276,"href":"https:\/\/speyer24news.com\/index.php?rest_route=\/wp\/v2\/posts\/16271\/revisions\/16276"}],"wp:attachment":[{"href":"https:\/\/speyer24news.com\/index.php?rest_route=%2Fwp%2Fv2%2Fmedia&parent=16271"}],"wp:term":[{"taxonomy":"category","embeddable":true,"href":"https:\/\/speyer24news.com\/index.php?rest_route=%2Fwp%2Fv2%2Fcategories&post=16271"},{"taxonomy":"post_tag","embeddable":true,"href":"https:\/\/speyer24news.com\/index.php?rest_route=%2Fwp%2Fv2%2Ftags&post=16271"}],"curies":[{"name":"wp","href":"https:\/\/api.w.org\/{rel}","templated":true}]}}